{"id":552894,"date":"2025-02-05T15:57:52","date_gmt":"2025-02-05T14:57:52","guid":{"rendered":"https:\/\/dicodusport.fr\/blog\/?p=552894&#038;preview=true&#038;preview_id=552894"},"modified":"2025-02-05T17:27:31","modified_gmt":"2025-02-05T16:27:31","slug":"etoile-de-besseges-2025-paul-magnier-remporte-la-1ere-etape","status":"publish","type":"post","link":"https:\/\/dicodusport.fr\/blog\/etoile-de-besseges-2025-paul-magnier-remporte-la-1ere-etape\/","title":{"rendered":"\u00c9toile de Bess\u00e8ges 2025 : Paul Magnier remporte la 1\u00e8re \u00e9tape"},"content":{"rendered":"<h4 style=\"text-align: justify;\"><em>\u00c9TOILE DE BESS\u00c8GES 2025 &#8211; Le final en bosse \u00e9tait taill\u00e9 pour lui. \u00c0 Bellegarde, Paul Magnier s\u2019est montr\u00e9 le plus fort et s\u2019adjuge la premi\u00e8re \u00e9tape de l\u2019\u00c9toile de Bess\u00e8ges. Son premier succ\u00e8s de la saison.<\/em><\/h4>\n<h2 style=\"font-weight: 400; text-align: justify;\"><strong>Une \u00e9chapp\u00e9e matinale contr\u00f4l\u00e9e par le peloton<\/strong><\/h2>\n<p style=\"font-weight: 400; text-align: justify;\">\u00c0 peine le d\u00e9part de cette 55<sup>e<\/sup> \u00e9dition de l\u2019<strong>\u00c9toile de Bess\u00e8ges <\/strong>donn\u00e9, ils \u00e9taient quatre hommes \u00e0 prendre la poudre d\u2019escampette et creuser rapidement un \u00e9cart sur le peloton. L\u2019\u00e9chapp\u00e9e du jour, compos\u00e9e des deux Belges <strong>Victor Vercouillie<\/strong> (Team Flanders-Baloise) et <strong>Axandre Van Petegem<\/strong> (Wagner Bazin WB), et des deux Fran\u00e7ais <strong>C\u00e9lestin Guillon<\/strong> (Van Rysel \u2013 Roubaix) et <strong>Axel Mariault<\/strong> (CIC U Nantes), comptait d\u00e9j\u00e0 plus de six minutes d\u2019avance apr\u00e8s les trente premiers kilom\u00e8tres. Le moment choisi par les formations <strong>Soudal Quick-Step<\/strong> et <strong>Lotto<\/strong> pour se porter \u00e0 l\u2019avant du peloton et contr\u00f4ler un \u00e9cart qui ne faisait qu\u2019accro\u00eetre. Avec le soutien de quelques autres \u00e9quipes lorgnant la victoire d\u2019\u00e9tape, le peloton s\u2019\u00e9tirait et l\u2019\u00e9cart retombait sous les quatre minutes.<\/p>\n<ul style=\"text-align: justify;\">\n<li><strong>\u00c0 ce sujet &#8211;\u00a0<a href=\"https:\/\/dicodusport.fr\/blog\/etoile-de-besseges-2025-parcours-detaille-et-profil-des-etapes\/\">\u00c9toile de Bess\u00e8ges\u00a02025 : Parcours en d\u00e9tail et profil des \u00e9tapes<\/a><\/strong><\/li>\n<\/ul>\n<p style=\"font-weight: 400; text-align: justify;\">Mais la tension ne redescendait gu\u00e8re. Le fort vent du nord balayant les paysages d\u00e9couverts de la Camargue \u00e9tait propice \u00e0 des coups de bordure et aucune formation ne voulait se faire pi\u00e9ger. Les leaders et leurs \u00e9quipiers se disputaient les premi\u00e8res places du peloton, faisant in\u00e9vitablement chuter l\u2019\u00e9cart que poss\u00e9daient les quatre fuyards du jour, \u00e9mouss\u00e9s par leur lutte face aux conditions venteuses.<\/p>\n<h2 style=\"font-weight: 400; text-align: justify;\"><strong>Le vent s\u2019invite \u00e0 la f\u00eate, la course s\u2019anime<\/strong><\/h2>\n<p style=\"font-weight: 400; text-align: justify;\">Et ce qui devait arriver arriva. \u00c0 35 km de l\u2019arriv\u00e9e, un vent trois-quarts dos morcelait le peloton. L\u2019\u00e9quipe <strong>INEOS &#8211; Grenadiers<\/strong> initiait un coup de bordure et pi\u00e9geait une partie des coureurs, mettant \u00e9galement fin \u00e0 l\u2019aventure des quatre hommes de t\u00eate. Divis\u00e9 en trois, le peloton se reformait apr\u00e8s quelques kilom\u00e8tres de lutte, d\u00e8s lors qu\u2019un vent de face venait calmer les vell\u00e9it\u00e9s en t\u00eate de course.<\/p>\n<ul style=\"text-align: justify;\">\n<li><strong>\u00c0 ce sujet &#8211;\u00a0<a href=\"https:\/\/dicodusport.fr\/blog\/etoile-de-besseges-2025-classement-1ere-etape\/\">\u00c9toile de Bess\u00e8ges 2025 \u2013 Classement 1\u00e8re \u00e9tape<\/a><\/strong><\/li>\n<\/ul>\n<p style=\"font-weight: 400; text-align: justify;\">Trois coureurs profitaient de cette relative accalmie pour lancer une nouvelle \u00e9chapp\u00e9e \u00e0 l\u2019amorce des 25 derniers kilom\u00e8tres. Compos\u00e9 de <strong>Lennert Belmans<\/strong> (Alpecin &#8211; Deceuninck), <strong>Baptiste Planckaert<\/strong> (Van Rysel \u2013 Roubaix) et <strong>Ma\u00ebl Gu\u00e9gan<\/strong> (CIC U Nantes), le trio de t\u00eate creusait rapidement un \u00e9cart d\u2019une quarantaine de secondes, mais ne parvenait \u00e0 conserver cet avantage tr\u00e8s longtemps. Avec le vent dans le r\u00f4le du juge arbitre, le mano a mano tournait \u00e0 l\u2019avantage d\u2019un peloton qui se reformait \u00e0 l\u2019entame des quinze derniers kilom\u00e8tres, filant \u00e0 vive allure en direction de Bellegarde.<\/p>\n<h2 style=\"font-weight: 400; text-align: justify;\"><strong>Paul Magnier triomphe en costaud<\/strong><\/h2>\n<p style=\"font-weight: 400; text-align: justify;\">Malgr\u00e9 le vent et les bordures, un peloton group\u00e9 entrait dans Bellegarde et se pr\u00e9parait \u00e0 escamoter l\u2019ultime difficult\u00e9 de la journ\u00e9e. Une c\u00f4te de 600 m \u00e0 9 % de moyenne, au sommet de laquelle tr\u00f4ne l\u2019arche de l\u2019arriv\u00e9e. Favori pour le gain de l\u2019\u00e9tape, <strong>Arnaud De Lie <\/strong>attaquait la c\u00f4te dans les premi\u00e8res positions, id\u00e9alement lanc\u00e9 par un co\u00e9quipier. Trop juste, le sprinteur belge ne pouvait r\u00e9sister \u00e0 l\u2019attaque de <strong>Jordi Meeus<\/strong>, suivi comme son ombre par <strong>Paul Magnier<\/strong>. Le coureur fran\u00e7ais de la <strong>Soudal Quick-Step<\/strong> pla\u00e7ait son attaque dans l\u2019ultime virage et remportait, au sprint, la 1\u00e8re \u00e9tape de l\u2019<strong>\u00c9toile de Bess\u00e8ges<\/strong>. Son 1er succ\u00e8s de la saison d\u00e8s sa course de rentr\u00e9e, comme l\u2019an pass\u00e9.<\/p>\n<blockquote class=\"twitter-tweet\">\n<p dir=\"ltr\" lang=\"fr\">Paul Magnier remporte la premi\u00e8re \u00e9tape de l&rsquo;\u00c9toile de Bess\u00e8ges !<\/p>\n<p>Le jeune Fran\u00e7ais est le plus fort dans la mont\u00e9e finale et s&rsquo;impose devant Jordi Meeus et Marijn van den Berg. <a href=\"https:\/\/twitter.com\/hashtag\/lequipeVELO?src=hash&amp;ref_src=twsrc%5Etfw\">#lequipeVELO<\/a> <a href=\"https:\/\/t.co\/3fLDVH63Rn\">pic.twitter.com\/3fLDVH63Rn<\/a><\/p>\n<p>\u2014 la chaine L&rsquo;\u00c9quipe (@lachainelequipe) <a href=\"https:\/\/twitter.com\/lachainelequipe\/status\/1887152706000748905?ref_src=twsrc%5Etfw\">February 5, 2025<\/a><\/p><\/blockquote>\n<p style=\"text-align: justify;\"><script async src=\"https:\/\/platform.twitter.com\/widgets.js\" charset=\"utf-8\"><\/script><\/p>\n<ul>\n<li style=\"text-align: justify;\"><strong>\u00c0 ce sujet &#8211; <a href=\"https:\/\/dicodusport.fr\/blog\/etoile-de-besseges-2025-classement-general\/\">\u00c9toile de Bess\u00e8ges 2025 \u2013 Classement g\u00e9n\u00e9ral<\/a><\/strong><\/li>\n<\/ul>\n","protected":false},"excerpt":{"rendered":"<p>\u00c9TOILE DE BESS\u00c8GES 2025 &#8211; Le final en bosse \u00e9tait taill\u00e9 pour lui. \u00c0 Bellegarde, Paul Magnier s\u2019est montr\u00e9 le plus fort et s\u2019adjuge la premi\u00e8re \u00e9tape de l\u2019\u00c9toile de Bess\u00e8ges. Son premier succ\u00e8s de la saison.<\/p>\n","protected":false},"author":107,"featured_media":552976,"comment_status":"open","ping_status":"closed","sticky":false,"template":"","format":"standard","meta":{"_acf_changed":false,"_daextam_enable_autolinks":"1","footnotes":""},"categories":[46994],"tags":[16878,3645,24],"class_list":["post-552894","post","type-post","status-publish","format-standard","has-post-thumbnail","hentry","category-cyclisme-sur-route","tag-breve","tag-etoile-de-besseges","tag-sport"],"acf":[],"yoast_head":"<!-- This site is optimized with the Yoast SEO Premium plugin v26.7 (Yoast SEO v26.7) - https:\/\/yoast.com\/wordpress\/plugins\/seo\/ -->\n<title>\u00c9toile de Bess\u00e8ges 2025 : Paul Magnier remporte la 1\u00e8re \u00e9tape<\/title>\n<meta name=\"description\" content=\"\u00c9TOILE DE BESS\u00c8GES 2025 - Le final en bosse \u00e9tait taill\u00e9 pour lui. \u00c0 Bellegarde, Paul Magnier s\u2019est montr\u00e9 le plus fort et s\u2019adjuge la premi\u00e8re \u00e9tape.\" \/>\n<meta name=\"robots\" content=\"index, follow, max-snippet:-1, max-image-preview:large, max-video-preview:-1\" \/>\n<link rel=\"canonical\" href=\"https:\/\/dicodusport.fr\/blog\/etoile-de-besseges-2025-paul-magnier-remporte-la-1ere-etape\/\" \/>\n<meta property=\"og:locale\" content=\"fr_FR\" \/>\n<meta property=\"og:type\" content=\"article\" \/>\n<meta property=\"og:title\" content=\"\u00c9toile de Bess\u00e8ges 2025 : Paul Magnier remporte la 1\u00e8re \u00e9tape\" \/>\n<meta property=\"og:description\" content=\"\u00c9TOILE DE BESS\u00c8GES 2025 - Le final en bosse \u00e9tait taill\u00e9 pour lui. \u00c0 Bellegarde, Paul Magnier s\u2019est montr\u00e9 le plus fort et s\u2019adjuge la premi\u00e8re \u00e9tape.\" \/>\n<meta property=\"og:url\" content=\"https:\/\/dicodusport.fr\/blog\/etoile-de-besseges-2025-paul-magnier-remporte-la-1ere-etape\/\" \/>\n<meta property=\"og:site_name\" content=\"Dicodusport\" \/>\n<meta property=\"article:publisher\" content=\"https:\/\/www.facebook.com\/dicodusport\" \/>\n<meta property=\"article:published_time\" content=\"2025-02-05T14:57:52+00:00\" \/>\n<meta property=\"article:modified_time\" content=\"2025-02-05T16:27:31+00:00\" \/>\n<meta property=\"og:image\" content=\"https:\/\/dicodusport.fr\/blog\/wp-content\/uploads\/2025\/02\/Etoile-de-Besseges-2025-Paul-Magnier-remporte-la-1ere-etape-1.png\" \/>\n\t<meta property=\"og:image:width\" content=\"1200\" \/>\n\t<meta property=\"og:image:height\" content=\"674\" \/>\n\t<meta property=\"og:image:type\" content=\"image\/png\" \/>\n<meta name=\"author\" content=\"Th\u00e9o Gripon Auer\" \/>\n<meta name=\"twitter:card\" content=\"summary_large_image\" \/>\n<meta name=\"twitter:title\" content=\"\u00c9toile de Bess\u00e8ges 2025 : Paul Magnier remporte la 1\u00e8re \u00e9tape\" \/>\n<meta name=\"twitter:creator\" content=\"@dicodusport\" \/>\n<meta name=\"twitter:site\" content=\"@dicodusport\" \/>\n<script type=\"application\/ld+json\" class=\"yoast-schema-graph\">{\"@context\":\"https:\/\/schema.org\",\"@graph\":[{\"@type\":\"NewsArticle\",\"@id\":\"https:\/\/dicodusport.fr\/blog\/etoile-de-besseges-2025-paul-magnier-remporte-la-1ere-etape\/#article\",\"isPartOf\":{\"@id\":\"https:\/\/dicodusport.fr\/blog\/etoile-de-besseges-2025-paul-magnier-remporte-la-1ere-etape\/\"},\"author\":{\"name\":\"Th\u00e9o Gripon Auer\",\"@id\":\"https:\/\/dicodusport.fr\/blog\/#\/schema\/person\/c0d35c220c4e79773da9e19a595ab67c\"},\"headline\":\"\u00c9toile de Bess\u00e8ges 2025 : Paul Magnier remporte la 1\u00e8re \u00e9tape\",\"datePublished\":\"2025-02-05T14:57:52+00:00\",\"dateModified\":\"2025-02-05T16:27:31+00:00\",\"mainEntityOfPage\":{\"@id\":\"https:\/\/dicodusport.fr\/blog\/etoile-de-besseges-2025-paul-magnier-remporte-la-1ere-etape\/\"},\"wordCount\":687,\"commentCount\":0,\"publisher\":{\"@id\":\"https:\/\/dicodusport.fr\/blog\/#organization\"},\"image\":{\"@id\":\"https:\/\/dicodusport.fr\/blog\/etoile-de-besseges-2025-paul-magnier-remporte-la-1ere-etape\/#primaryimage\"},\"thumbnailUrl\":\"https:\/\/dicodusport.fr\/blog\/wp-content\/uploads\/2025\/02\/Etoile-de-Besseges-2025-Paul-Magnier-remporte-la-1ere-etape-1.png\",\"keywords\":[\"br\u00e8ve\",\"Etoile de Bess\u00e8ges\",\"sport\"],\"articleSection\":[\"Cyclisme sur route\"],\"inLanguage\":\"fr-FR\",\"potentialAction\":[{\"@type\":\"CommentAction\",\"name\":\"Comment\",\"target\":[\"https:\/\/dicodusport.fr\/blog\/etoile-de-besseges-2025-paul-magnier-remporte-la-1ere-etape\/#respond\"]}],\"copyrightYear\":\"2025\",\"copyrightHolder\":{\"@id\":\"https:\/\/dicodusport.fr\/blog\/#organization\"}},{\"@type\":\"WebPage\",\"@id\":\"https:\/\/dicodusport.fr\/blog\/etoile-de-besseges-2025-paul-magnier-remporte-la-1ere-etape\/\",\"url\":\"https:\/\/dicodusport.fr\/blog\/etoile-de-besseges-2025-paul-magnier-remporte-la-1ere-etape\/\",\"name\":\"\u00c9toile de Bess\u00e8ges 2025 : Paul Magnier remporte la 1\u00e8re \u00e9tape\",\"isPartOf\":{\"@id\":\"https:\/\/dicodusport.fr\/blog\/#website\"},\"primaryImageOfPage\":{\"@id\":\"https:\/\/dicodusport.fr\/blog\/etoile-de-besseges-2025-paul-magnier-remporte-la-1ere-etape\/#primaryimage\"},\"image\":{\"@id\":\"https:\/\/dicodusport.fr\/blog\/etoile-de-besseges-2025-paul-magnier-remporte-la-1ere-etape\/#primaryimage\"},\"thumbnailUrl\":\"https:\/\/dicodusport.fr\/blog\/wp-content\/uploads\/2025\/02\/Etoile-de-Besseges-2025-Paul-Magnier-remporte-la-1ere-etape-1.png\",\"datePublished\":\"2025-02-05T14:57:52+00:00\",\"dateModified\":\"2025-02-05T16:27:31+00:00\",\"description\":\"\u00c9TOILE DE BESS\u00c8GES 2025 - Le final en bosse \u00e9tait taill\u00e9 pour lui. \u00c0 Bellegarde, Paul Magnier s\u2019est montr\u00e9 le plus fort et s\u2019adjuge la premi\u00e8re \u00e9tape.\",\"breadcrumb\":{\"@id\":\"https:\/\/dicodusport.fr\/blog\/etoile-de-besseges-2025-paul-magnier-remporte-la-1ere-etape\/#breadcrumb\"},\"inLanguage\":\"fr-FR\",\"potentialAction\":[{\"@type\":\"ReadAction\",\"target\":[\"https:\/\/dicodusport.fr\/blog\/etoile-de-besseges-2025-paul-magnier-remporte-la-1ere-etape\/\"]}]},{\"@type\":\"ImageObject\",\"inLanguage\":\"fr-FR\",\"@id\":\"https:\/\/dicodusport.fr\/blog\/etoile-de-besseges-2025-paul-magnier-remporte-la-1ere-etape\/#primaryimage\",\"url\":\"https:\/\/dicodusport.fr\/blog\/wp-content\/uploads\/2025\/02\/Etoile-de-Besseges-2025-Paul-Magnier-remporte-la-1ere-etape-1.png\",\"contentUrl\":\"https:\/\/dicodusport.fr\/blog\/wp-content\/uploads\/2025\/02\/Etoile-de-Besseges-2025-Paul-Magnier-remporte-la-1ere-etape-1.png\",\"width\":1200,\"height\":674,\"caption\":\"\u00c9toile de Bess\u00e8ges 2025 - Paul Magnier remporte la 1\u00e8re \u00e9tape - Photo Soudal Quick-Step\"},{\"@type\":\"BreadcrumbList\",\"@id\":\"https:\/\/dicodusport.fr\/blog\/etoile-de-besseges-2025-paul-magnier-remporte-la-1ere-etape\/#breadcrumb\",\"itemListElement\":[{\"@type\":\"ListItem\",\"position\":1,\"name\":\"Accueil\",\"item\":\"https:\/\/dicodusport.fr\/blog\/\"},{\"@type\":\"ListItem\",\"position\":2,\"name\":\"\u00c9toile de Bess\u00e8ges 2025 : Paul Magnier remporte la 1\u00e8re \u00e9tape\"}]},{\"@type\":\"WebSite\",\"@id\":\"https:\/\/dicodusport.fr\/blog\/#website\",\"url\":\"https:\/\/dicodusport.fr\/blog\/\",\"name\":\"Dicodusport\",\"description\":\"L&#039;encyclop\u00e9die de l&#039;actualit\u00e9 sportive\",\"publisher\":{\"@id\":\"https:\/\/dicodusport.fr\/blog\/#organization\"},\"potentialAction\":[{\"@type\":\"SearchAction\",\"target\":{\"@type\":\"EntryPoint\",\"urlTemplate\":\"https:\/\/dicodusport.fr\/blog\/?s={search_term_string}\"},\"query-input\":{\"@type\":\"PropertyValueSpecification\",\"valueRequired\":true,\"valueName\":\"search_term_string\"}}],\"inLanguage\":\"fr-FR\"},{\"@type\":\"NewsMediaOrganization\",\"@id\":\"https:\/\/dicodusport.fr\/blog\/#organization\",\"name\":\"Dicodusport\",\"url\":\"https:\/\/dicodusport.fr\/blog\/\",\"logo\":{\"@type\":\"ImageObject\",\"inLanguage\":\"fr-FR\",\"@id\":\"https:\/\/dicodusport.fr\/blog\/#\/schema\/logo\/image\/\",\"url\":\"https:\/\/dicodusport.fr\/blog\/wp-content\/uploads\/2020\/06\/cropped-LOGO-DICODUSPORT-2020-SANS-FOND-SANS-TEXTE.png\",\"contentUrl\":\"https:\/\/dicodusport.fr\/blog\/wp-content\/uploads\/2020\/06\/cropped-LOGO-DICODUSPORT-2020-SANS-FOND-SANS-TEXTE.png\",\"width\":512,\"height\":512,\"caption\":\"Dicodusport\"},\"image\":{\"@id\":\"https:\/\/dicodusport.fr\/blog\/#\/schema\/logo\/image\/\"},\"sameAs\":[\"https:\/\/www.facebook.com\/dicodusport\",\"https:\/\/x.com\/dicodusport\",\"https:\/\/www.instagram.com\/dicodusport\/\",\"https:\/\/www.youtube.com\/channel\/UC7V2KZ5sd3htJivAbA4ZG3w\"],\"description\":\"Dicodusport est l'encyclop\u00e9die de l'actualit\u00e9 sportive.\",\"email\":\"bonjour@dicodusport.fr\",\"legalName\":\"DICODUSPORT\",\"foundingDate\":\"2018-01-14\",\"vatID\":\"FR71834470973\",\"taxID\":\"83447097300043\",\"numberOfEmployees\":{\"@type\":\"QuantitativeValue\",\"minValue\":\"1\",\"maxValue\":\"10\"}},{\"@type\":\"Person\",\"@id\":\"https:\/\/dicodusport.fr\/blog\/#\/schema\/person\/c0d35c220c4e79773da9e19a595ab67c\",\"name\":\"Th\u00e9o Gripon Auer\",\"image\":{\"@type\":\"ImageObject\",\"inLanguage\":\"fr-FR\",\"@id\":\"https:\/\/dicodusport.fr\/blog\/#\/schema\/person\/image\/\",\"url\":\"https:\/\/dicodusport.fr\/blog\/wp-content\/uploads\/2025\/02\/Maillot-Dicodusport-Theo-150x150.png\",\"contentUrl\":\"https:\/\/dicodusport.fr\/blog\/wp-content\/uploads\/2025\/02\/Maillot-Dicodusport-Theo-150x150.png\",\"caption\":\"Th\u00e9o Gripon Auer\"},\"description\":\"Partag\u00e9 entre la passion du sport et celle de l\u2019\u00e9criture, je f\u00e9d\u00e8re les deux au service de Dicodusport. Un poil frustr\u00e9 de ne pas avoir r\u00e9ussi \u00e0 devenir sportif pro, alors que je ne me suis jamais fait les crois\u00e9s, je partage tout de m\u00eame un point commun avec Tadej Pogacar, Cristiano Ronaldo et John McEnroe : celui de n\u2019avoir jamais \u00e9t\u00e9 champion olympique.\",\"url\":\"https:\/\/dicodusport.fr\/blog\/author\/theo-gripon-auer\/\"}]}<\/script>\n<!-- \/ Yoast SEO Premium plugin. -->","yoast_head_json":{"title":"\u00c9toile de Bess\u00e8ges 2025 : Paul Magnier remporte la 1\u00e8re \u00e9tape","description":"\u00c9TOILE DE BESS\u00c8GES 2025 - Le final en bosse \u00e9tait taill\u00e9 pour lui. \u00c0 Bellegarde, Paul Magnier s\u2019est montr\u00e9 le plus fort et s\u2019adjuge la premi\u00e8re \u00e9tape.","robots":{"index":"index","follow":"follow","max-snippet":"max-snippet:-1","max-image-preview":"max-image-preview:large","max-video-preview":"max-video-preview:-1"},"canonical":"https:\/\/dicodusport.fr\/blog\/etoile-de-besseges-2025-paul-magnier-remporte-la-1ere-etape\/","og_locale":"fr_FR","og_type":"article","og_title":"\u00c9toile de Bess\u00e8ges 2025 : Paul Magnier remporte la 1\u00e8re \u00e9tape","og_description":"\u00c9TOILE DE BESS\u00c8GES 2025 - Le final en bosse \u00e9tait taill\u00e9 pour lui. \u00c0 Bellegarde, Paul Magnier s\u2019est montr\u00e9 le plus fort et s\u2019adjuge la premi\u00e8re \u00e9tape.","og_url":"https:\/\/dicodusport.fr\/blog\/etoile-de-besseges-2025-paul-magnier-remporte-la-1ere-etape\/","og_site_name":"Dicodusport","article_publisher":"https:\/\/www.facebook.com\/dicodusport","article_published_time":"2025-02-05T14:57:52+00:00","article_modified_time":"2025-02-05T16:27:31+00:00","og_image":[{"width":1200,"height":674,"url":"https:\/\/dicodusport.fr\/blog\/wp-content\/uploads\/2025\/02\/Etoile-de-Besseges-2025-Paul-Magnier-remporte-la-1ere-etape-1.png","type":"image\/png"}],"author":"Th\u00e9o Gripon Auer","twitter_card":"summary_large_image","twitter_title":"\u00c9toile de Bess\u00e8ges 2025 : Paul Magnier remporte la 1\u00e8re \u00e9tape","twitter_creator":"@dicodusport","twitter_site":"@dicodusport","schema":{"@context":"https:\/\/schema.org","@graph":[{"@type":"NewsArticle","@id":"https:\/\/dicodusport.fr\/blog\/etoile-de-besseges-2025-paul-magnier-remporte-la-1ere-etape\/#article","isPartOf":{"@id":"https:\/\/dicodusport.fr\/blog\/etoile-de-besseges-2025-paul-magnier-remporte-la-1ere-etape\/"},"author":{"name":"Th\u00e9o Gripon Auer","@id":"https:\/\/dicodusport.fr\/blog\/#\/schema\/person\/c0d35c220c4e79773da9e19a595ab67c"},"headline":"\u00c9toile de Bess\u00e8ges 2025 : Paul Magnier remporte la 1\u00e8re \u00e9tape","datePublished":"2025-02-05T14:57:52+00:00","dateModified":"2025-02-05T16:27:31+00:00","mainEntityOfPage":{"@id":"https:\/\/dicodusport.fr\/blog\/etoile-de-besseges-2025-paul-magnier-remporte-la-1ere-etape\/"},"wordCount":687,"commentCount":0,"publisher":{"@id":"https:\/\/dicodusport.fr\/blog\/#organization"},"image":{"@id":"https:\/\/dicodusport.fr\/blog\/etoile-de-besseges-2025-paul-magnier-remporte-la-1ere-etape\/#primaryimage"},"thumbnailUrl":"https:\/\/dicodusport.fr\/blog\/wp-content\/uploads\/2025\/02\/Etoile-de-Besseges-2025-Paul-Magnier-remporte-la-1ere-etape-1.png","keywords":["br\u00e8ve","Etoile de Bess\u00e8ges","sport"],"articleSection":["Cyclisme sur route"],"inLanguage":"fr-FR","potentialAction":[{"@type":"CommentAction","name":"Comment","target":["https:\/\/dicodusport.fr\/blog\/etoile-de-besseges-2025-paul-magnier-remporte-la-1ere-etape\/#respond"]}],"copyrightYear":"2025","copyrightHolder":{"@id":"https:\/\/dicodusport.fr\/blog\/#organization"}},{"@type":"WebPage","@id":"https:\/\/dicodusport.fr\/blog\/etoile-de-besseges-2025-paul-magnier-remporte-la-1ere-etape\/","url":"https:\/\/dicodusport.fr\/blog\/etoile-de-besseges-2025-paul-magnier-remporte-la-1ere-etape\/","name":"\u00c9toile de Bess\u00e8ges 2025 : Paul Magnier remporte la 1\u00e8re \u00e9tape","isPartOf":{"@id":"https:\/\/dicodusport.fr\/blog\/#website"},"primaryImageOfPage":{"@id":"https:\/\/dicodusport.fr\/blog\/etoile-de-besseges-2025-paul-magnier-remporte-la-1ere-etape\/#primaryimage"},"image":{"@id":"https:\/\/dicodusport.fr\/blog\/etoile-de-besseges-2025-paul-magnier-remporte-la-1ere-etape\/#primaryimage"},"thumbnailUrl":"https:\/\/dicodusport.fr\/blog\/wp-content\/uploads\/2025\/02\/Etoile-de-Besseges-2025-Paul-Magnier-remporte-la-1ere-etape-1.png","datePublished":"2025-02-05T14:57:52+00:00","dateModified":"2025-02-05T16:27:31+00:00","description":"\u00c9TOILE DE BESS\u00c8GES 2025 - Le final en bosse \u00e9tait taill\u00e9 pour lui. \u00c0 Bellegarde, Paul Magnier s\u2019est montr\u00e9 le plus fort et s\u2019adjuge la premi\u00e8re \u00e9tape.","breadcrumb":{"@id":"https:\/\/dicodusport.fr\/blog\/etoile-de-besseges-2025-paul-magnier-remporte-la-1ere-etape\/#breadcrumb"},"inLanguage":"fr-FR","potentialAction":[{"@type":"ReadAction","target":["https:\/\/dicodusport.fr\/blog\/etoile-de-besseges-2025-paul-magnier-remporte-la-1ere-etape\/"]}]},{"@type":"ImageObject","inLanguage":"fr-FR","@id":"https:\/\/dicodusport.fr\/blog\/etoile-de-besseges-2025-paul-magnier-remporte-la-1ere-etape\/#primaryimage","url":"https:\/\/dicodusport.fr\/blog\/wp-content\/uploads\/2025\/02\/Etoile-de-Besseges-2025-Paul-Magnier-remporte-la-1ere-etape-1.png","contentUrl":"https:\/\/dicodusport.fr\/blog\/wp-content\/uploads\/2025\/02\/Etoile-de-Besseges-2025-Paul-Magnier-remporte-la-1ere-etape-1.png","width":1200,"height":674,"caption":"\u00c9toile de Bess\u00e8ges 2025 - Paul Magnier remporte la 1\u00e8re \u00e9tape - Photo Soudal Quick-Step"},{"@type":"BreadcrumbList","@id":"https:\/\/dicodusport.fr\/blog\/etoile-de-besseges-2025-paul-magnier-remporte-la-1ere-etape\/#breadcrumb","itemListElement":[{"@type":"ListItem","position":1,"name":"Accueil","item":"https:\/\/dicodusport.fr\/blog\/"},{"@type":"ListItem","position":2,"name":"\u00c9toile de Bess\u00e8ges 2025 : Paul Magnier remporte la 1\u00e8re \u00e9tape"}]},{"@type":"WebSite","@id":"https:\/\/dicodusport.fr\/blog\/#website","url":"https:\/\/dicodusport.fr\/blog\/","name":"Dicodusport","description":"L&#039;encyclop\u00e9die de l&#039;actualit\u00e9 sportive","publisher":{"@id":"https:\/\/dicodusport.fr\/blog\/#organization"},"potentialAction":[{"@type":"SearchAction","target":{"@type":"EntryPoint","urlTemplate":"https:\/\/dicodusport.fr\/blog\/?s={search_term_string}"},"query-input":{"@type":"PropertyValueSpecification","valueRequired":true,"valueName":"search_term_string"}}],"inLanguage":"fr-FR"},{"@type":"NewsMediaOrganization","@id":"https:\/\/dicodusport.fr\/blog\/#organization","name":"Dicodusport","url":"https:\/\/dicodusport.fr\/blog\/","logo":{"@type":"ImageObject","inLanguage":"fr-FR","@id":"https:\/\/dicodusport.fr\/blog\/#\/schema\/logo\/image\/","url":"https:\/\/dicodusport.fr\/blog\/wp-content\/uploads\/2020\/06\/cropped-LOGO-DICODUSPORT-2020-SANS-FOND-SANS-TEXTE.png","contentUrl":"https:\/\/dicodusport.fr\/blog\/wp-content\/uploads\/2020\/06\/cropped-LOGO-DICODUSPORT-2020-SANS-FOND-SANS-TEXTE.png","width":512,"height":512,"caption":"Dicodusport"},"image":{"@id":"https:\/\/dicodusport.fr\/blog\/#\/schema\/logo\/image\/"},"sameAs":["https:\/\/www.facebook.com\/dicodusport","https:\/\/x.com\/dicodusport","https:\/\/www.instagram.com\/dicodusport\/","https:\/\/www.youtube.com\/channel\/UC7V2KZ5sd3htJivAbA4ZG3w"],"description":"Dicodusport est l'encyclop\u00e9die de l'actualit\u00e9 sportive.","email":"bonjour@dicodusport.fr","legalName":"DICODUSPORT","foundingDate":"2018-01-14","vatID":"FR71834470973","taxID":"83447097300043","numberOfEmployees":{"@type":"QuantitativeValue","minValue":"1","maxValue":"10"}},{"@type":"Person","@id":"https:\/\/dicodusport.fr\/blog\/#\/schema\/person\/c0d35c220c4e79773da9e19a595ab67c","name":"Th\u00e9o Gripon Auer","image":{"@type":"ImageObject","inLanguage":"fr-FR","@id":"https:\/\/dicodusport.fr\/blog\/#\/schema\/person\/image\/","url":"https:\/\/dicodusport.fr\/blog\/wp-content\/uploads\/2025\/02\/Maillot-Dicodusport-Theo-150x150.png","contentUrl":"https:\/\/dicodusport.fr\/blog\/wp-content\/uploads\/2025\/02\/Maillot-Dicodusport-Theo-150x150.png","caption":"Th\u00e9o Gripon Auer"},"description":"Partag\u00e9 entre la passion du sport et celle de l\u2019\u00e9criture, je f\u00e9d\u00e8re les deux au service de Dicodusport. Un poil frustr\u00e9 de ne pas avoir r\u00e9ussi \u00e0 devenir sportif pro, alors que je ne me suis jamais fait les crois\u00e9s, je partage tout de m\u00eame un point commun avec Tadej Pogacar, Cristiano Ronaldo et John McEnroe : celui de n\u2019avoir jamais \u00e9t\u00e9 champion olympique.","url":"https:\/\/dicodusport.fr\/blog\/author\/theo-gripon-auer\/"}]}},"_links":{"self":[{"href":"https:\/\/dicodusport.fr\/blog\/wp-json\/wp\/v2\/posts\/552894","targetHints":{"allow":["GET"]}}],"collection":[{"href":"https:\/\/dicodusport.fr\/blog\/wp-json\/wp\/v2\/posts"}],"about":[{"href":"https:\/\/dicodusport.fr\/blog\/wp-json\/wp\/v2\/types\/post"}],"author":[{"embeddable":true,"href":"https:\/\/dicodusport.fr\/blog\/wp-json\/wp\/v2\/users\/107"}],"replies":[{"embeddable":true,"href":"https:\/\/dicodusport.fr\/blog\/wp-json\/wp\/v2\/comments?post=552894"}],"version-history":[{"count":5,"href":"https:\/\/dicodusport.fr\/blog\/wp-json\/wp\/v2\/posts\/552894\/revisions"}],"predecessor-version":[{"id":552948,"href":"https:\/\/dicodusport.fr\/blog\/wp-json\/wp\/v2\/posts\/552894\/revisions\/552948"}],"wp:featuredmedia":[{"embeddable":true,"href":"https:\/\/dicodusport.fr\/blog\/wp-json\/wp\/v2\/media\/552976"}],"wp:attachment":[{"href":"https:\/\/dicodusport.fr\/blog\/wp-json\/wp\/v2\/media?parent=552894"}],"wp:term":[{"taxonomy":"category","embeddable":true,"href":"https:\/\/dicodusport.fr\/blog\/wp-json\/wp\/v2\/categories?post=552894"},{"taxonomy":"post_tag","embeddable":true,"href":"https:\/\/dicodusport.fr\/blog\/wp-json\/wp\/v2\/tags?post=552894"}],"curies":[{"name":"wp","href":"https:\/\/api.w.org\/{rel}","templated":true}]}}