{"id":552909,"date":"2025-02-05T15:16:14","date_gmt":"2025-02-05T14:16:14","guid":{"rendered":"https:\/\/dicodusport.fr\/blog\/?p=552909&#038;preview=true&#038;preview_id=552909"},"modified":"2025-07-09T18:35:46","modified_gmt":"2025-07-09T16:35:46","slug":"ibu-cup-ridnaun-les-bleues-de-retour-aux-avant-postes-sur-le-sprint-italien","status":"publish","type":"post","link":"https:\/\/dicodusport.fr\/blog\/ibu-cup-ridnaun-les-bleues-de-retour-aux-avant-postes-sur-le-sprint-italien\/","title":{"rendered":"IBU Cup Ridnaun : Les Bleues de retour aux avant-postes sur le sprint italien"},"content":{"rendered":"<h4 style=\"text-align: justify;\"><em>IBU CUP 2024\/2025 &#8211; Apr\u00e8s des Championnats d&rsquo;Europe d\u00e9cevants, les Bleues ont remis la machine en route sur le sprint italien de Ridnaun. Voldiya Galmace Paulin a d\u00e9croch\u00e9 sa premi\u00e8re victoire en IBU Cup devant sa compatriote Paula Botet. Les 6 Fran\u00e7aises engag\u00e9es terminent dans le top 10.<\/em><\/h4>\n<ul style=\"text-align: justify;\">\n<li><strong>\u00c0 ce sujet &#8211;\u00a0<a href=\"https:\/\/dicodusport.fr\/blog\/actualites\/biathlon\/\">Toute l&rsquo;actualit\u00e9 du biathlon<\/a><\/strong><\/li>\n<\/ul>\n<p style=\"text-align: justify;\">On avait quitt\u00e9 les Bleues peu satisfaites de leur prestation lors des Championnats d\u2019Europe. Mais si quelques al\u00e9as \u00e9taient venus ternir le bilan de l\u2019\u00e9quipe de France, les Tricolores ont rapidement remis les pendules \u00e0 l\u2019heure pour le retour sur le \u00ab\u00a0circuit principal\u00a0\u00bb d\u2019IBU Cup. On est pass\u00e9 pas loin d\u2019un quintupl\u00e9, seule la Norv\u00e9gienne <strong>Johansen<\/strong> s\u2019intercalant en troisi\u00e8me position pour \u00e9viter une v\u00e9ritable d\u00e9monstration des Bleues.<\/p>\n<blockquote class=\"twitter-tweet\">\n<p dir=\"ltr\" lang=\"fr\">\ud83c\uddeb\ud83c\uddf76 fran\u00e7aises au d\u00e9part en IBU Cup, sur le sprint, 6 fran\u00e7aises dans le Top9 !<br \/>\n1\u00e8re victoire pour Voldiya Galmace Paulin !<\/p>\n<p>P.Botet marque des points pour la 6\u00e8me place sur les mondiaux :<\/p>\n<p>1. V.Galmace Paulin (10\/10)<br \/>\n2. P.Botet (9\/10)<br \/>\n4. A.Mengin (9\/10)<br \/>\n5. S.Chauveau (7\/10) <a href=\"https:\/\/t.co\/87AWIr6AvZ\">pic.twitter.com\/87AWIr6AvZ<\/a><\/p>\n<p>\u2014 Lebiathlonfr (@Lebiathlonfr) <a href=\"https:\/\/twitter.com\/Lebiathlonfr\/status\/1887147042088104109?ref_src=twsrc%5Etfw\">February 5, 2025<\/a><\/p><\/blockquote>\n<p><script async src=\"https:\/\/platform.twitter.com\/widgets.js\" charset=\"utf-8\"><\/script><\/p>\n<p style=\"text-align: justify;\">Les fl\u00e8ches fran\u00e7aises se nomment aujourd\u2019hui <strong>Sophie Chauveau<\/strong>, <strong>Paula Botet<\/strong> et <strong>Voldiya Galmace Paulin<\/strong>. Mais si 3 erreurs ont co\u00fbt\u00e9 la victoire \u00e0 la premi\u00e8re d\u2019entre elles, c\u2019est le sans-faute qui permet \u00e0 la derni\u00e8re de d\u00e9crocher sa premi\u00e8re victoire en carri\u00e8re dans l\u2019antichambre de la Coupe du monde. Trois semaines apr\u00e8s<a href=\"https:\/\/dicodusport.fr\/blog\/ibu-cup-brezno-osrblie-encore-un-podium-pour-voldiya-galmace-paulin-deuxieme-du-sprint\/\"> sa 2<sup>\u00e8me<\/sup> place d\u00e9croch\u00e9e sur le sprint de Brezno-Osrblie<\/a>, Galmace Paulin confirme qu\u2019il faudra (aussi) compter sur elle pour concurrencer les filles de l\u2019\u00e9quipe A. Avec un 9\/10, <strong>Paula Botet<\/strong> prend la seconde place. Toutes plac\u00e9es dans le top 10, les Bleues r\u00e9alisent un magnifique tir group\u00e9. Pas de quoi aider le staff tricolore \u00e0 s\u00e9lectionner la derni\u00e8re biathl\u00e8te qui participera aux Mondiaux.<\/p>\n<ul style=\"list-style-type: disc;\">\n<li style=\"text-align: justify;\"><strong>\u00c0 lire \u00e9galement &#8211; <a href=\"https:\/\/dicodusport.fr\/blog\/biathlon-comment-expliquer-lechec-de-lequipe-de-france-aux-championnats-deurope\/\">Comment expliquer l&rsquo;\u00e9chec de l&rsquo;\u00e9quipe de France aux Championnats d&rsquo;Europe de biathlon<\/a><\/strong><\/li>\n<\/ul>\n<h2 style=\"text-align: justify;\">Le classement des Fran\u00e7aises<\/h2>\n<p style=\"text-align: justify;\">1 \u2013 Voldiya Galmace Paulin 0-0<\/p>\n<p style=\"text-align: justify;\">2 \u2013 Paula Botet 1-0 (+16.3)<\/p>\n<p style=\"text-align: justify;\">4 \u2013 Amandine Mengin 0-1 (+58.3)<\/p>\n<p style=\"text-align: justify;\">5 \u2013 Sophie Chauveau 2-1 (+59.7)<\/p>\n<p style=\"text-align: justify;\">6 \u2013 Gilonne Guigonnat 1-0 (+1:03.1)<\/p>\n<p style=\"text-align: justify;\">9 \u2013 Camille Bened 1-1 (+1:13.7)<\/p>\n","protected":false},"excerpt":{"rendered":"<p>IBU CUP 2024\/2025 &#8211; Apr\u00e8s des Championnats d&rsquo;Europe d\u00e9cevants, les Bleues ont remis la machine en route. Voldiya Galmace Paulin a d\u00e9croch\u00e9 sa premi\u00e8re victoire en IBU Cup devant sa compatriote Paula Botet. Les 6 Fran\u00e7aises engag\u00e9es terminent dans le top 10.<\/p>\n","protected":false},"author":18,"featured_media":552979,"comment_status":"open","ping_status":"closed","sticky":false,"template":"","format":"standard","meta":{"_acf_changed":false,"_daextam_enable_autolinks":"1","footnotes":""},"categories":[2426],"tags":[32415,2427,16878,36948,6937,43245],"class_list":["post-552909","post","type-post","status-publish","format-standard","has-post-thumbnail","hentry","category-biathlon","tag-actu","tag-biathlon","tag-breve","tag-ridnaun-val-ridanna","tag-sprint-femmes","tag-voldiya-galmace-paulin"],"acf":[],"yoast_head":"<!-- This site is optimized with the Yoast SEO Premium plugin v26.7 (Yoast SEO v26.7) - https:\/\/yoast.com\/wordpress\/plugins\/seo\/ -->\n<title>IBU Cup Ridnaun : Les Bleues de retour aux avant-postes sur le sprint italien<\/title>\n<meta name=\"description\" content=\"IBU CUP 2024\/2025 - Apr\u00e8s des Championnats d&#039;Europe d\u00e9cevants, les Bleues ont remis la machine en route sur le sprint italien de Ridnaun.\" \/>\n<meta name=\"robots\" content=\"index, follow, max-snippet:-1, max-image-preview:large, max-video-preview:-1\" \/>\n<link rel=\"canonical\" href=\"https:\/\/dicodusport.fr\/blog\/ibu-cup-ridnaun-les-bleues-de-retour-aux-avant-postes-sur-le-sprint-italien\/\" \/>\n<meta property=\"og:locale\" content=\"fr_FR\" \/>\n<meta property=\"og:type\" content=\"article\" \/>\n<meta property=\"og:title\" content=\"IBU Cup Ridnaun : Les Bleues de retour aux avant-postes sur le sprint italien\" \/>\n<meta property=\"og:description\" content=\"IBU CUP 2024\/2025 - Apr\u00e8s des Championnats d&#039;Europe d\u00e9cevants, les Bleues ont remis la machine en route sur le sprint italien de Ridnaun.\" \/>\n<meta property=\"og:url\" content=\"https:\/\/dicodusport.fr\/blog\/ibu-cup-ridnaun-les-bleues-de-retour-aux-avant-postes-sur-le-sprint-italien\/\" \/>\n<meta property=\"og:site_name\" content=\"Dicodusport\" \/>\n<meta property=\"article:publisher\" content=\"https:\/\/www.facebook.com\/dicodusport\" \/>\n<meta property=\"article:author\" content=\"https:\/\/www.facebook.com\/soocube\" \/>\n<meta property=\"article:published_time\" content=\"2025-02-05T14:16:14+00:00\" \/>\n<meta property=\"article:modified_time\" content=\"2025-07-09T16:35:46+00:00\" \/>\n<meta property=\"og:image\" content=\"https:\/\/dicodusport.fr\/blog\/wp-content\/uploads\/2025\/02\/IBU-Cup-Ridnaun-Les-Bleues-de-retour-aux-avant-postes-sur-le-sprint-italien.png\" \/>\n\t<meta property=\"og:image:width\" content=\"1200\" \/>\n\t<meta property=\"og:image:height\" content=\"674\" \/>\n\t<meta property=\"og:image:type\" content=\"image\/png\" \/>\n<meta name=\"author\" content=\"Sophie Clapier\" \/>\n<meta name=\"twitter:card\" content=\"summary_large_image\" \/>\n<meta name=\"twitter:title\" content=\"IBU Cup Ridnaun : Les Bleues de retour aux avant-postes sur le sprint italien\" \/>\n<meta name=\"twitter:creator\" content=\"@https:\/\/twitter.com\/soocube\" \/>\n<meta name=\"twitter:site\" content=\"@dicodusport\" \/>\n<script type=\"application\/ld+json\" class=\"yoast-schema-graph\">{\"@context\":\"https:\/\/schema.org\",\"@graph\":[{\"@type\":\"NewsArticle\",\"@id\":\"https:\/\/dicodusport.fr\/blog\/ibu-cup-ridnaun-les-bleues-de-retour-aux-avant-postes-sur-le-sprint-italien\/#article\",\"isPartOf\":{\"@id\":\"https:\/\/dicodusport.fr\/blog\/ibu-cup-ridnaun-les-bleues-de-retour-aux-avant-postes-sur-le-sprint-italien\/\"},\"author\":{\"name\":\"Sophie Clapier\",\"@id\":\"https:\/\/dicodusport.fr\/blog\/#\/schema\/person\/416c975648aca9da8839bdfe333a21c9\"},\"headline\":\"IBU Cup Ridnaun : Les Bleues de retour aux avant-postes sur le sprint italien\",\"datePublished\":\"2025-02-05T14:16:14+00:00\",\"dateModified\":\"2025-07-09T16:35:46+00:00\",\"mainEntityOfPage\":{\"@id\":\"https:\/\/dicodusport.fr\/blog\/ibu-cup-ridnaun-les-bleues-de-retour-aux-avant-postes-sur-le-sprint-italien\/\"},\"wordCount\":374,\"commentCount\":0,\"publisher\":{\"@id\":\"https:\/\/dicodusport.fr\/blog\/#organization\"},\"image\":{\"@id\":\"https:\/\/dicodusport.fr\/blog\/ibu-cup-ridnaun-les-bleues-de-retour-aux-avant-postes-sur-le-sprint-italien\/#primaryimage\"},\"thumbnailUrl\":\"https:\/\/dicodusport.fr\/blog\/wp-content\/uploads\/2025\/02\/IBU-Cup-Ridnaun-Les-Bleues-de-retour-aux-avant-postes-sur-le-sprint-italien.png\",\"keywords\":[\"actu\",\"Biathlon\",\"br\u00e8ve\",\"Ridnaun-Val Ridanna\",\"Sprint femmes\",\"Voldiya Galmace Paulin\"],\"articleSection\":[\"Biathlon\"],\"inLanguage\":\"fr-FR\",\"potentialAction\":[{\"@type\":\"CommentAction\",\"name\":\"Comment\",\"target\":[\"https:\/\/dicodusport.fr\/blog\/ibu-cup-ridnaun-les-bleues-de-retour-aux-avant-postes-sur-le-sprint-italien\/#respond\"]}],\"copyrightYear\":\"2025\",\"copyrightHolder\":{\"@id\":\"https:\/\/dicodusport.fr\/blog\/#organization\"}},{\"@type\":\"WebPage\",\"@id\":\"https:\/\/dicodusport.fr\/blog\/ibu-cup-ridnaun-les-bleues-de-retour-aux-avant-postes-sur-le-sprint-italien\/\",\"url\":\"https:\/\/dicodusport.fr\/blog\/ibu-cup-ridnaun-les-bleues-de-retour-aux-avant-postes-sur-le-sprint-italien\/\",\"name\":\"IBU Cup Ridnaun : Les Bleues de retour aux avant-postes sur le sprint italien\",\"isPartOf\":{\"@id\":\"https:\/\/dicodusport.fr\/blog\/#website\"},\"primaryImageOfPage\":{\"@id\":\"https:\/\/dicodusport.fr\/blog\/ibu-cup-ridnaun-les-bleues-de-retour-aux-avant-postes-sur-le-sprint-italien\/#primaryimage\"},\"image\":{\"@id\":\"https:\/\/dicodusport.fr\/blog\/ibu-cup-ridnaun-les-bleues-de-retour-aux-avant-postes-sur-le-sprint-italien\/#primaryimage\"},\"thumbnailUrl\":\"https:\/\/dicodusport.fr\/blog\/wp-content\/uploads\/2025\/02\/IBU-Cup-Ridnaun-Les-Bleues-de-retour-aux-avant-postes-sur-le-sprint-italien.png\",\"datePublished\":\"2025-02-05T14:16:14+00:00\",\"dateModified\":\"2025-07-09T16:35:46+00:00\",\"description\":\"IBU CUP 2024\/2025 - Apr\u00e8s des Championnats d'Europe d\u00e9cevants, les Bleues ont remis la machine en route sur le sprint italien de Ridnaun.\",\"breadcrumb\":{\"@id\":\"https:\/\/dicodusport.fr\/blog\/ibu-cup-ridnaun-les-bleues-de-retour-aux-avant-postes-sur-le-sprint-italien\/#breadcrumb\"},\"inLanguage\":\"fr-FR\",\"potentialAction\":[{\"@type\":\"ReadAction\",\"target\":[\"https:\/\/dicodusport.fr\/blog\/ibu-cup-ridnaun-les-bleues-de-retour-aux-avant-postes-sur-le-sprint-italien\/\"]}]},{\"@type\":\"ImageObject\",\"inLanguage\":\"fr-FR\",\"@id\":\"https:\/\/dicodusport.fr\/blog\/ibu-cup-ridnaun-les-bleues-de-retour-aux-avant-postes-sur-le-sprint-italien\/#primaryimage\",\"url\":\"https:\/\/dicodusport.fr\/blog\/wp-content\/uploads\/2025\/02\/IBU-Cup-Ridnaun-Les-Bleues-de-retour-aux-avant-postes-sur-le-sprint-italien.png\",\"contentUrl\":\"https:\/\/dicodusport.fr\/blog\/wp-content\/uploads\/2025\/02\/IBU-Cup-Ridnaun-Les-Bleues-de-retour-aux-avant-postes-sur-le-sprint-italien.png\",\"width\":1200,\"height\":674,\"caption\":\"IBU Cup Ridnaun Les Bleues de retour aux avant-postes sur le sprint italien\"},{\"@type\":\"BreadcrumbList\",\"@id\":\"https:\/\/dicodusport.fr\/blog\/ibu-cup-ridnaun-les-bleues-de-retour-aux-avant-postes-sur-le-sprint-italien\/#breadcrumb\",\"itemListElement\":[{\"@type\":\"ListItem\",\"position\":1,\"name\":\"Accueil\",\"item\":\"https:\/\/dicodusport.fr\/blog\/\"},{\"@type\":\"ListItem\",\"position\":2,\"name\":\"IBU Cup Ridnaun : Les Bleues de retour aux avant-postes sur le sprint italien\"}]},{\"@type\":\"WebSite\",\"@id\":\"https:\/\/dicodusport.fr\/blog\/#website\",\"url\":\"https:\/\/dicodusport.fr\/blog\/\",\"name\":\"Dicodusport\",\"description\":\"L&#039;encyclop\u00e9die de l&#039;actualit\u00e9 sportive\",\"publisher\":{\"@id\":\"https:\/\/dicodusport.fr\/blog\/#organization\"},\"potentialAction\":[{\"@type\":\"SearchAction\",\"target\":{\"@type\":\"EntryPoint\",\"urlTemplate\":\"https:\/\/dicodusport.fr\/blog\/?s={search_term_string}\"},\"query-input\":{\"@type\":\"PropertyValueSpecification\",\"valueRequired\":true,\"valueName\":\"search_term_string\"}}],\"inLanguage\":\"fr-FR\"},{\"@type\":\"NewsMediaOrganization\",\"@id\":\"https:\/\/dicodusport.fr\/blog\/#organization\",\"name\":\"Dicodusport\",\"url\":\"https:\/\/dicodusport.fr\/blog\/\",\"logo\":{\"@type\":\"ImageObject\",\"inLanguage\":\"fr-FR\",\"@id\":\"https:\/\/dicodusport.fr\/blog\/#\/schema\/logo\/image\/\",\"url\":\"https:\/\/dicodusport.fr\/blog\/wp-content\/uploads\/2020\/06\/cropped-LOGO-DICODUSPORT-2020-SANS-FOND-SANS-TEXTE.png\",\"contentUrl\":\"https:\/\/dicodusport.fr\/blog\/wp-content\/uploads\/2020\/06\/cropped-LOGO-DICODUSPORT-2020-SANS-FOND-SANS-TEXTE.png\",\"width\":512,\"height\":512,\"caption\":\"Dicodusport\"},\"image\":{\"@id\":\"https:\/\/dicodusport.fr\/blog\/#\/schema\/logo\/image\/\"},\"sameAs\":[\"https:\/\/www.facebook.com\/dicodusport\",\"https:\/\/x.com\/dicodusport\",\"https:\/\/www.instagram.com\/dicodusport\/\",\"https:\/\/www.youtube.com\/channel\/UC7V2KZ5sd3htJivAbA4ZG3w\"],\"description\":\"Dicodusport est l'encyclop\u00e9die de l'actualit\u00e9 sportive.\",\"email\":\"bonjour@dicodusport.fr\",\"legalName\":\"DICODUSPORT\",\"foundingDate\":\"2018-01-14\",\"vatID\":\"FR71834470973\",\"taxID\":\"83447097300043\",\"numberOfEmployees\":{\"@type\":\"QuantitativeValue\",\"minValue\":\"1\",\"maxValue\":\"10\"}},{\"@type\":\"Person\",\"@id\":\"https:\/\/dicodusport.fr\/blog\/#\/schema\/person\/416c975648aca9da8839bdfe333a21c9\",\"name\":\"Sophie Clapier\",\"image\":{\"@type\":\"ImageObject\",\"inLanguage\":\"fr-FR\",\"@id\":\"https:\/\/dicodusport.fr\/blog\/#\/schema\/person\/image\/\",\"url\":\"https:\/\/dicodusport.fr\/blog\/wp-content\/uploads\/2021\/05\/Sophie-Clapier-150x150.jpg\",\"contentUrl\":\"https:\/\/dicodusport.fr\/blog\/wp-content\/uploads\/2021\/05\/Sophie-Clapier-150x150.jpg\",\"caption\":\"Sophie Clapier\"},\"description\":\"Journaliste\/r\u00e9dactrice depuis janvier 2016 - Passionn\u00e9e de sport depuis toujours, j\u2019en ai pratiqu\u00e9 quelques-uns. Judo, football, handball ou encore tennis, je n\u2019ai jamais pu me mettre d\u2019accord sur un en particulier. Mais \u00e7a, c\u2019\u00e9tait avant de d\u00e9couvrir le basket, devenu mon sport de pr\u00e9dilection. Les actions NBA, le All-Star Week-end, la fureur des Game 7 pendant les playoffs ou mieux, lors des Finals, this is why we play. Team Spurs T.P, je m\u2019accroche encore \u00e0 Gregg Popovich (don\u2019t leave !). Team chef Curry, je souhaite qu\u2019il finisse aux Warriors (staaaay !). Non, il n\u2019y a pas qu\u2019eux, des petits nouveaux -et des petites nouvelles \u00e9videmment- arrivent chaque jour dans toutes les disciplines et cr\u00e9ent de nouveaux exploits. Alors pour les grands \u00e9v\u00e9nements et comp\u00e9titions internationales, vive les pulsations 240\/minutes et le d\u00e9fibrillateur pas loin, et allez les Bleu(e)s ! C\u2019est s\u00fbr, j\u2019aurai plus vu ma vie sur un terrain de sport, mais \u00e0 d\u00e9faut d\u2019en faire en haut niveau, je le partage avec vous.\",\"sameAs\":[\"https:\/\/www.facebook.com\/soocube\",\"https:\/\/x.com\/https:\/\/twitter.com\/soocube\",\"admin\"],\"url\":\"https:\/\/dicodusport.fr\/blog\/author\/sophie\/\"}]}<\/script>\n<!-- \/ Yoast SEO Premium plugin. -->","yoast_head_json":{"title":"IBU Cup Ridnaun : Les Bleues de retour aux avant-postes sur le sprint italien","description":"IBU CUP 2024\/2025 - Apr\u00e8s des Championnats d'Europe d\u00e9cevants, les Bleues ont remis la machine en route sur le sprint italien de Ridnaun.","robots":{"index":"index","follow":"follow","max-snippet":"max-snippet:-1","max-image-preview":"max-image-preview:large","max-video-preview":"max-video-preview:-1"},"canonical":"https:\/\/dicodusport.fr\/blog\/ibu-cup-ridnaun-les-bleues-de-retour-aux-avant-postes-sur-le-sprint-italien\/","og_locale":"fr_FR","og_type":"article","og_title":"IBU Cup Ridnaun : Les Bleues de retour aux avant-postes sur le sprint italien","og_description":"IBU CUP 2024\/2025 - Apr\u00e8s des Championnats d'Europe d\u00e9cevants, les Bleues ont remis la machine en route sur le sprint italien de Ridnaun.","og_url":"https:\/\/dicodusport.fr\/blog\/ibu-cup-ridnaun-les-bleues-de-retour-aux-avant-postes-sur-le-sprint-italien\/","og_site_name":"Dicodusport","article_publisher":"https:\/\/www.facebook.com\/dicodusport","article_author":"https:\/\/www.facebook.com\/soocube","article_published_time":"2025-02-05T14:16:14+00:00","article_modified_time":"2025-07-09T16:35:46+00:00","og_image":[{"width":1200,"height":674,"url":"https:\/\/dicodusport.fr\/blog\/wp-content\/uploads\/2025\/02\/IBU-Cup-Ridnaun-Les-Bleues-de-retour-aux-avant-postes-sur-le-sprint-italien.png","type":"image\/png"}],"author":"Sophie Clapier","twitter_card":"summary_large_image","twitter_title":"IBU Cup Ridnaun : Les Bleues de retour aux avant-postes sur le sprint italien","twitter_creator":"@https:\/\/twitter.com\/soocube","twitter_site":"@dicodusport","schema":{"@context":"https:\/\/schema.org","@graph":[{"@type":"NewsArticle","@id":"https:\/\/dicodusport.fr\/blog\/ibu-cup-ridnaun-les-bleues-de-retour-aux-avant-postes-sur-le-sprint-italien\/#article","isPartOf":{"@id":"https:\/\/dicodusport.fr\/blog\/ibu-cup-ridnaun-les-bleues-de-retour-aux-avant-postes-sur-le-sprint-italien\/"},"author":{"name":"Sophie Clapier","@id":"https:\/\/dicodusport.fr\/blog\/#\/schema\/person\/416c975648aca9da8839bdfe333a21c9"},"headline":"IBU Cup Ridnaun : Les Bleues de retour aux avant-postes sur le sprint italien","datePublished":"2025-02-05T14:16:14+00:00","dateModified":"2025-07-09T16:35:46+00:00","mainEntityOfPage":{"@id":"https:\/\/dicodusport.fr\/blog\/ibu-cup-ridnaun-les-bleues-de-retour-aux-avant-postes-sur-le-sprint-italien\/"},"wordCount":374,"commentCount":0,"publisher":{"@id":"https:\/\/dicodusport.fr\/blog\/#organization"},"image":{"@id":"https:\/\/dicodusport.fr\/blog\/ibu-cup-ridnaun-les-bleues-de-retour-aux-avant-postes-sur-le-sprint-italien\/#primaryimage"},"thumbnailUrl":"https:\/\/dicodusport.fr\/blog\/wp-content\/uploads\/2025\/02\/IBU-Cup-Ridnaun-Les-Bleues-de-retour-aux-avant-postes-sur-le-sprint-italien.png","keywords":["actu","Biathlon","br\u00e8ve","Ridnaun-Val Ridanna","Sprint femmes","Voldiya Galmace Paulin"],"articleSection":["Biathlon"],"inLanguage":"fr-FR","potentialAction":[{"@type":"CommentAction","name":"Comment","target":["https:\/\/dicodusport.fr\/blog\/ibu-cup-ridnaun-les-bleues-de-retour-aux-avant-postes-sur-le-sprint-italien\/#respond"]}],"copyrightYear":"2025","copyrightHolder":{"@id":"https:\/\/dicodusport.fr\/blog\/#organization"}},{"@type":"WebPage","@id":"https:\/\/dicodusport.fr\/blog\/ibu-cup-ridnaun-les-bleues-de-retour-aux-avant-postes-sur-le-sprint-italien\/","url":"https:\/\/dicodusport.fr\/blog\/ibu-cup-ridnaun-les-bleues-de-retour-aux-avant-postes-sur-le-sprint-italien\/","name":"IBU Cup Ridnaun : Les Bleues de retour aux avant-postes sur le sprint italien","isPartOf":{"@id":"https:\/\/dicodusport.fr\/blog\/#website"},"primaryImageOfPage":{"@id":"https:\/\/dicodusport.fr\/blog\/ibu-cup-ridnaun-les-bleues-de-retour-aux-avant-postes-sur-le-sprint-italien\/#primaryimage"},"image":{"@id":"https:\/\/dicodusport.fr\/blog\/ibu-cup-ridnaun-les-bleues-de-retour-aux-avant-postes-sur-le-sprint-italien\/#primaryimage"},"thumbnailUrl":"https:\/\/dicodusport.fr\/blog\/wp-content\/uploads\/2025\/02\/IBU-Cup-Ridnaun-Les-Bleues-de-retour-aux-avant-postes-sur-le-sprint-italien.png","datePublished":"2025-02-05T14:16:14+00:00","dateModified":"2025-07-09T16:35:46+00:00","description":"IBU CUP 2024\/2025 - Apr\u00e8s des Championnats d'Europe d\u00e9cevants, les Bleues ont remis la machine en route sur le sprint italien de Ridnaun.","breadcrumb":{"@id":"https:\/\/dicodusport.fr\/blog\/ibu-cup-ridnaun-les-bleues-de-retour-aux-avant-postes-sur-le-sprint-italien\/#breadcrumb"},"inLanguage":"fr-FR","potentialAction":[{"@type":"ReadAction","target":["https:\/\/dicodusport.fr\/blog\/ibu-cup-ridnaun-les-bleues-de-retour-aux-avant-postes-sur-le-sprint-italien\/"]}]},{"@type":"ImageObject","inLanguage":"fr-FR","@id":"https:\/\/dicodusport.fr\/blog\/ibu-cup-ridnaun-les-bleues-de-retour-aux-avant-postes-sur-le-sprint-italien\/#primaryimage","url":"https:\/\/dicodusport.fr\/blog\/wp-content\/uploads\/2025\/02\/IBU-Cup-Ridnaun-Les-Bleues-de-retour-aux-avant-postes-sur-le-sprint-italien.png","contentUrl":"https:\/\/dicodusport.fr\/blog\/wp-content\/uploads\/2025\/02\/IBU-Cup-Ridnaun-Les-Bleues-de-retour-aux-avant-postes-sur-le-sprint-italien.png","width":1200,"height":674,"caption":"IBU Cup Ridnaun Les Bleues de retour aux avant-postes sur le sprint italien"},{"@type":"BreadcrumbList","@id":"https:\/\/dicodusport.fr\/blog\/ibu-cup-ridnaun-les-bleues-de-retour-aux-avant-postes-sur-le-sprint-italien\/#breadcrumb","itemListElement":[{"@type":"ListItem","position":1,"name":"Accueil","item":"https:\/\/dicodusport.fr\/blog\/"},{"@type":"ListItem","position":2,"name":"IBU Cup Ridnaun : Les Bleues de retour aux avant-postes sur le sprint italien"}]},{"@type":"WebSite","@id":"https:\/\/dicodusport.fr\/blog\/#website","url":"https:\/\/dicodusport.fr\/blog\/","name":"Dicodusport","description":"L&#039;encyclop\u00e9die de l&#039;actualit\u00e9 sportive","publisher":{"@id":"https:\/\/dicodusport.fr\/blog\/#organization"},"potentialAction":[{"@type":"SearchAction","target":{"@type":"EntryPoint","urlTemplate":"https:\/\/dicodusport.fr\/blog\/?s={search_term_string}"},"query-input":{"@type":"PropertyValueSpecification","valueRequired":true,"valueName":"search_term_string"}}],"inLanguage":"fr-FR"},{"@type":"NewsMediaOrganization","@id":"https:\/\/dicodusport.fr\/blog\/#organization","name":"Dicodusport","url":"https:\/\/dicodusport.fr\/blog\/","logo":{"@type":"ImageObject","inLanguage":"fr-FR","@id":"https:\/\/dicodusport.fr\/blog\/#\/schema\/logo\/image\/","url":"https:\/\/dicodusport.fr\/blog\/wp-content\/uploads\/2020\/06\/cropped-LOGO-DICODUSPORT-2020-SANS-FOND-SANS-TEXTE.png","contentUrl":"https:\/\/dicodusport.fr\/blog\/wp-content\/uploads\/2020\/06\/cropped-LOGO-DICODUSPORT-2020-SANS-FOND-SANS-TEXTE.png","width":512,"height":512,"caption":"Dicodusport"},"image":{"@id":"https:\/\/dicodusport.fr\/blog\/#\/schema\/logo\/image\/"},"sameAs":["https:\/\/www.facebook.com\/dicodusport","https:\/\/x.com\/dicodusport","https:\/\/www.instagram.com\/dicodusport\/","https:\/\/www.youtube.com\/channel\/UC7V2KZ5sd3htJivAbA4ZG3w"],"description":"Dicodusport est l'encyclop\u00e9die de l'actualit\u00e9 sportive.","email":"bonjour@dicodusport.fr","legalName":"DICODUSPORT","foundingDate":"2018-01-14","vatID":"FR71834470973","taxID":"83447097300043","numberOfEmployees":{"@type":"QuantitativeValue","minValue":"1","maxValue":"10"}},{"@type":"Person","@id":"https:\/\/dicodusport.fr\/blog\/#\/schema\/person\/416c975648aca9da8839bdfe333a21c9","name":"Sophie Clapier","image":{"@type":"ImageObject","inLanguage":"fr-FR","@id":"https:\/\/dicodusport.fr\/blog\/#\/schema\/person\/image\/","url":"https:\/\/dicodusport.fr\/blog\/wp-content\/uploads\/2021\/05\/Sophie-Clapier-150x150.jpg","contentUrl":"https:\/\/dicodusport.fr\/blog\/wp-content\/uploads\/2021\/05\/Sophie-Clapier-150x150.jpg","caption":"Sophie Clapier"},"description":"Journaliste\/r\u00e9dactrice depuis janvier 2016 - Passionn\u00e9e de sport depuis toujours, j\u2019en ai pratiqu\u00e9 quelques-uns. Judo, football, handball ou encore tennis, je n\u2019ai jamais pu me mettre d\u2019accord sur un en particulier. Mais \u00e7a, c\u2019\u00e9tait avant de d\u00e9couvrir le basket, devenu mon sport de pr\u00e9dilection. Les actions NBA, le All-Star Week-end, la fureur des Game 7 pendant les playoffs ou mieux, lors des Finals, this is why we play. Team Spurs T.P, je m\u2019accroche encore \u00e0 Gregg Popovich (don\u2019t leave !). Team chef Curry, je souhaite qu\u2019il finisse aux Warriors (staaaay !). Non, il n\u2019y a pas qu\u2019eux, des petits nouveaux -et des petites nouvelles \u00e9videmment- arrivent chaque jour dans toutes les disciplines et cr\u00e9ent de nouveaux exploits. Alors pour les grands \u00e9v\u00e9nements et comp\u00e9titions internationales, vive les pulsations 240\/minutes et le d\u00e9fibrillateur pas loin, et allez les Bleu(e)s ! C\u2019est s\u00fbr, j\u2019aurai plus vu ma vie sur un terrain de sport, mais \u00e0 d\u00e9faut d\u2019en faire en haut niveau, je le partage avec vous.","sameAs":["https:\/\/www.facebook.com\/soocube","https:\/\/x.com\/https:\/\/twitter.com\/soocube","admin"],"url":"https:\/\/dicodusport.fr\/blog\/author\/sophie\/"}]}},"_links":{"self":[{"href":"https:\/\/dicodusport.fr\/blog\/wp-json\/wp\/v2\/posts\/552909","targetHints":{"allow":["GET"]}}],"collection":[{"href":"https:\/\/dicodusport.fr\/blog\/wp-json\/wp\/v2\/posts"}],"about":[{"href":"https:\/\/dicodusport.fr\/blog\/wp-json\/wp\/v2\/types\/post"}],"author":[{"embeddable":true,"href":"https:\/\/dicodusport.fr\/blog\/wp-json\/wp\/v2\/users\/18"}],"replies":[{"embeddable":true,"href":"https:\/\/dicodusport.fr\/blog\/wp-json\/wp\/v2\/comments?post=552909"}],"version-history":[{"count":6,"href":"https:\/\/dicodusport.fr\/blog\/wp-json\/wp\/v2\/posts\/552909\/revisions"}],"predecessor-version":[{"id":552980,"href":"https:\/\/dicodusport.fr\/blog\/wp-json\/wp\/v2\/posts\/552909\/revisions\/552980"}],"wp:featuredmedia":[{"embeddable":true,"href":"https:\/\/dicodusport.fr\/blog\/wp-json\/wp\/v2\/media\/552979"}],"wp:attachment":[{"href":"https:\/\/dicodusport.fr\/blog\/wp-json\/wp\/v2\/media?parent=552909"}],"wp:term":[{"taxonomy":"category","embeddable":true,"href":"https:\/\/dicodusport.fr\/blog\/wp-json\/wp\/v2\/categories?post=552909"},{"taxonomy":"post_tag","embeddable":true,"href":"https:\/\/dicodusport.fr\/blog\/wp-json\/wp\/v2\/tags?post=552909"}],"curies":[{"name":"wp","href":"https:\/\/api.w.org\/{rel}","templated":true}]}}