{"id":552953,"date":"2025-02-05T17:04:51","date_gmt":"2025-02-05T16:04:51","guid":{"rendered":"https:\/\/dicodusport.fr\/blog\/?p=552953&#038;preview=true&#038;preview_id=552953"},"modified":"2025-07-09T18:35:45","modified_gmt":"2025-07-09T16:35:45","slug":"biathlon-fin-de-carriere-pour-caroline-colombo","status":"publish","type":"post","link":"https:\/\/dicodusport.fr\/blog\/biathlon-fin-de-carriere-pour-caroline-colombo\/","title":{"rendered":"Biathlon : Fin de carri\u00e8re pour Caroline Colombo"},"content":{"rendered":"<h4 style=\"text-align: justify;\"><em>BIATHLON &#8211; Caroline Colombo a annonc\u00e9 qu&rsquo;elle mettait un terme \u00e0 sa carri\u00e8re, \u00e0 l&rsquo;\u00e2ge de 28 ans. C&rsquo;est la deuxi\u00e8me biathl\u00e8te fran\u00e7aise \u00e0 arr\u00eater cette saison apr\u00e8s Chlo\u00e9 Chevalier.<\/em><\/h4>\n<p style=\"text-align: justify;\"><strong>Caroline Colombo<\/strong> met un terme \u00e0 sa carri\u00e8re de biathl\u00e8te. C&rsquo;est la sportive de 28 ans qui l&rsquo;a annonc\u00e9 sur ses r\u00e9seaux sociaux ce mercredi apr\u00e8s-midi. <em>\u00ab\u00a0Je ressens une immense fiert\u00e9 d&rsquo;avoir parcouru tout ce chemin, avec 10 ann\u00e9es en \u00e9quipe de France, malgr\u00e9 un parcours caboss\u00e9\u00a0\u00bb<\/em>, a-t-elle d\u00e9clar\u00e9, non sans \u00e9motion, lors de cette annonce. Mais depuis un an, elle doit faire face \u00e0 une neuropathie, qui l&rsquo;a \u00e9loign\u00e9e des pistes avant m\u00eame la saison 2023-2024.<\/p>\n<p style=\"text-align: justify;\">Malheureusement, elle n&rsquo;aura pas pu revenir \u00e0 son niveau. Alors qu&rsquo;elle sortait de la meilleure saison de sa carri\u00e8re en 2022-2023, avec une 20e place au classement g\u00e9n\u00e9ral de la Coupe du monde et une 5e place lors de la mass start \u00e0 Ostersund en 2023. Elle a remport\u00e9 <a href=\"https:\/\/dicodusport.fr\/blog\/biathlon-nove-mesto-2023-les-bleus-empochent-le-relais-mixte\/\">une victoire avec le relais mixte<\/a> et <a href=\"https:\/\/dicodusport.fr\/blog\/relais-femmes-ostersund-2023-deuxieme-place-et-petit-globe-de-cristal-pour-la-france\/\">une deuxi\u00e8me place avec le relais f\u00e9minin<\/a> en Coupe du monde. Apr\u00e8s <strong>Chlo\u00e9 Chevalier<\/strong>, qui a annonc\u00e9 sa retraite en cours de saison, c&rsquo;est une autre biathl\u00e8te fran\u00e7aise qui se retire.<\/p>\n<blockquote class=\"instagram-media\" style=\"background: #FFF; border: 0; border-radius: 3px; box-shadow: 0 0 1px 0 rgba(0,0,0,0.5),0 1px 10px 0 rgba(0,0,0,0.15); margin: 1px; max-width: 540px; min-width: 326px; padding: 0; width: calc(100% - 2px);\" data-instgrm-captioned=\"\" data-instgrm-permalink=\"https:\/\/www.instagram.com\/reel\/DFshuogMrfS\/?utm_source=ig_embed&amp;utm_campaign=loading\" data-instgrm-version=\"14\">\n<div style=\"padding: 16px;\">\n<div style=\"display: flex; flex-direction: row; align-items: center;\">\n<div style=\"background-color: #f4f4f4; border-radius: 50%; flex-grow: 0; height: 40px; margin-right: 14px; width: 40px;\"><\/div>\n<div style=\"display: flex; flex-direction: column; flex-grow: 1; justify-content: center;\">\n<div style=\"background-color: #f4f4f4; border-radius: 4px; flex-grow: 0; height: 14px; margin-bottom: 6px; width: 100px;\"><\/div>\n<div style=\"background-color: #f4f4f4; border-radius: 4px; flex-grow: 0; height: 14px; width: 60px;\"><\/div>\n<\/div>\n<\/div>\n<div style=\"padding: 19% 0;\"><\/div>\n<div style=\"display: block; height: 50px; margin: 0 auto 12px; width: 50px;\"><\/div>\n<div style=\"padding-top: 8px;\">\n<div style=\"color: #3897f0; font-family: Arial,sans-serif; font-size: 14px; font-style: normal; font-weight: 550; line-height: 18px;\">Voir cette publication sur Instagram<\/div>\n<\/div>\n<div style=\"padding: 12.5% 0;\"><\/div>\n<div style=\"display: flex; flex-direction: row; margin-bottom: 14px; align-items: center;\">\n<div>\n<div style=\"background-color: #f4f4f4; border-radius: 50%; height: 12.5px; width: 12.5px; transform: translateX(0px) translateY(7px);\"><\/div>\n<div style=\"background-color: #f4f4f4; height: 12.5px; transform: rotate(-45deg) translateX(3px) translateY(1px); width: 12.5px; flex-grow: 0; margin-right: 14px; margin-left: 2px;\"><\/div>\n<div style=\"background-color: #f4f4f4; border-radius: 50%; height: 12.5px; width: 12.5px; transform: translateX(9px) translateY(-18px);\"><\/div>\n<\/div>\n<div style=\"margin-left: 8px;\">\n<div style=\"background-color: #f4f4f4; border-radius: 50%; flex-grow: 0; height: 20px; width: 20px;\"><\/div>\n<div style=\"width: 0; height: 0; border-top: 2px solid transparent; border-left: 6px solid #f4f4f4; border-bottom: 2px solid transparent; transform: translateX(16px) translateY(-4px) rotate(30deg);\"><\/div>\n<\/div>\n<div style=\"margin-left: auto;\">\n<div style=\"width: 0px; border-top: 8px solid #F4F4F4; border-right: 8px solid transparent; transform: translateY(16px);\"><\/div>\n<div style=\"background-color: #f4f4f4; flex-grow: 0; height: 12px; width: 16px; transform: translateY(-4px);\"><\/div>\n<div style=\"width: 0; height: 0; border-top: 8px solid #F4F4F4; border-left: 8px solid transparent; transform: translateY(-4px) translateX(8px);\"><\/div>\n<\/div>\n<\/div>\n<div style=\"display: flex; flex-direction: column; flex-grow: 1; justify-content: center; margin-bottom: 24px;\">\n<div style=\"background-color: #f4f4f4; border-radius: 4px; flex-grow: 0; height: 14px; margin-bottom: 6px; width: 224px;\"><\/div>\n<div style=\"background-color: #f4f4f4; border-radius: 4px; flex-grow: 0; height: 14px; width: 144px;\"><\/div>\n<\/div>\n<p style=\"color: #c9c8cd; font-family: Arial,sans-serif; font-size: 14px; line-height: 17px; margin-bottom: 0; margin-top: 8px; overflow: hidden; padding: 8px 0 7px; text-align: center; text-overflow: ellipsis; white-space: nowrap;\"><a style=\"color: #c9c8cd; font-family: Arial,sans-serif; font-size: 14px; font-style: normal; font-weight: normal; line-height: 17px; text-decoration: none;\" href=\"https:\/\/www.instagram.com\/reel\/DFshuogMrfS\/?utm_source=ig_embed&amp;utm_campaign=loading\" target=\"_blank\" rel=\"noopener\">Une publication partag\u00e9e par \ud835\udc36\ud835\udc4e\ud835\udc5f\ud835\udc5c\ud835\udc59\ud835\udc56\ud835\udc5b\ud835\udc52 \ud835\udc36\ud835\udc42\ud835\udc3f\ud835\udc42\ud835\udc40\ud835\udc35\ud835\udc42 \ud83d\udd4a\ufe0f (@caro.clmb)<\/a><\/p>\n<\/div>\n<\/blockquote>\n<p><script async src=\"\/\/www.instagram.com\/embed.js\"><\/script><\/p>\n<h2>\u00c0 ce sujet<\/h2>\n<div class=\"vlp-link-container vlp-layout-article\"><a href=\"https:\/\/dicodusport.fr\/blog\/biathlon-chloe-chevalier-met-un-terme-a-sa-carriere\/\" class=\"vlp-link\" title=\"Biathlon : Chlo\u00e9 Chevalier met un terme \u00e0 sa carri\u00e8re\"><\/a><div class=\"vlp-layout-zone-side\"><div class=\"vlp-block-4 vlp-link-image\"><img loading=\"lazy\" decoding=\"async\" style=\"max-width: 792px;\" width=\"792\" height=\"445\" src=\"https:\/\/dicodusport.fr\/blog\/wp-content\/uploads\/2025\/01\/Biathlon-Chloe-Chevalier-met-un-terme-a-sa-carriere.png\" class=\"attachment-800x445 size-800x445\" alt=\"Biathlon - Chlo\u00e9 Chevalier met un terme \u00e0 sa carri\u00e8re\" srcset=\"https:\/\/dicodusport.fr\/blog\/wp-content\/uploads\/2025\/01\/Biathlon-Chloe-Chevalier-met-un-terme-a-sa-carriere.png 1200w, https:\/\/dicodusport.fr\/blog\/wp-content\/uploads\/2025\/01\/Biathlon-Chloe-Chevalier-met-un-terme-a-sa-carriere-300x169.png 300w, https:\/\/dicodusport.fr\/blog\/wp-content\/uploads\/2025\/01\/Biathlon-Chloe-Chevalier-met-un-terme-a-sa-carriere-1024x575.png 1024w, https:\/\/dicodusport.fr\/blog\/wp-content\/uploads\/2025\/01\/Biathlon-Chloe-Chevalier-met-un-terme-a-sa-carriere-768x431.png 768w\" sizes=\"auto, (max-width: 792px) 100vw, 792px\" \/><\/div><\/div><div class=\"vlp-layout-zone-main\"><div class=\"vlp-block-0 vlp-link-title\">Biathlon : Chlo\u00e9 Chevalier met un terme \u00e0 sa carri\u00e8re<\/div><div class=\"vlp-block-1 vlp-link-summary\">BIATHLON - La Fran\u00e7aise, Chlo\u00e9 Chevalier (29 ans), met un terme \u00e0 sa carri\u00e8re de biathl\u00e8te. Une d\u00e9cision imm\u00e9diate et soudaine.<\/div><div class=\"vlp-block-2 vlp-link-button\">Lire l'article<\/div><div class=\"vlp-block-3 vlp-link-url\">dicodusport.fr<\/div><\/div><\/div>\n","protected":false},"excerpt":{"rendered":"<p>BIATHLON &#8211; Caroline Colombo a annonc\u00e9 qu&rsquo;elle mettait un terme \u00e0 sa carri\u00e8re, \u00e0 l&rsquo;\u00e2ge de 28 ans. C&rsquo;est la deuxi\u00e8me biathl\u00e8te fran\u00e7aise \u00e0 arr\u00eater cette saison apr\u00e8s Chlo\u00e9 Chevalier.<\/p>\n","protected":false},"author":83,"featured_media":552957,"comment_status":"open","ping_status":"closed","sticky":false,"template":"","format":"standard","meta":{"_acf_changed":false,"_daextam_enable_autolinks":"1","footnotes":""},"categories":[2426],"tags":[32415,2427,29733,16878,9369,3043],"class_list":["post-552953","post","type-post","status-publish","format-standard","has-post-thumbnail","hentry","category-biathlon","tag-actu","tag-biathlon","tag-biathlon-francais","tag-breve","tag-caroline-colombo","tag-retraite"],"acf":[],"yoast_head":"<!-- This site is optimized with the Yoast SEO Premium plugin v26.7 (Yoast SEO v26.7) - https:\/\/yoast.com\/wordpress\/plugins\/seo\/ -->\n<title>Biathlon : Fin de carri\u00e8re pour Caroline Colombo<\/title>\n<meta name=\"description\" content=\"BIATHLON - Caroline Colombo a annonc\u00e9 qu&#039;elle mettait un terme \u00e0 sa carri\u00e8re, \u00e0 l&#039;\u00e2ge de 28 ans. C&#039;est la deuxi\u00e8me biathl\u00e8te fran\u00e7aise \u00e0 arr\u00eater cette saison apr\u00e8s Chlo\u00e9 Chevalier.\" \/>\n<meta name=\"robots\" content=\"index, follow, max-snippet:-1, max-image-preview:large, max-video-preview:-1\" \/>\n<link rel=\"canonical\" href=\"https:\/\/dicodusport.fr\/blog\/biathlon-fin-de-carriere-pour-caroline-colombo\/\" \/>\n<meta property=\"og:locale\" content=\"fr_FR\" \/>\n<meta property=\"og:type\" content=\"article\" \/>\n<meta property=\"og:title\" content=\"Biathlon : Fin de carri\u00e8re pour Caroline Colombo\" \/>\n<meta property=\"og:description\" content=\"BIATHLON - Caroline Colombo a annonc\u00e9 qu&#039;elle mettait un terme \u00e0 sa carri\u00e8re, \u00e0 l&#039;\u00e2ge de 28 ans. C&#039;est la deuxi\u00e8me biathl\u00e8te fran\u00e7aise \u00e0 arr\u00eater cette saison apr\u00e8s Chlo\u00e9 Chevalier.\" \/>\n<meta property=\"og:url\" content=\"https:\/\/dicodusport.fr\/blog\/biathlon-fin-de-carriere-pour-caroline-colombo\/\" \/>\n<meta property=\"og:site_name\" content=\"Dicodusport\" \/>\n<meta property=\"article:publisher\" content=\"https:\/\/www.facebook.com\/dicodusport\" \/>\n<meta property=\"article:published_time\" content=\"2025-02-05T16:04:51+00:00\" \/>\n<meta property=\"article:modified_time\" content=\"2025-07-09T16:35:45+00:00\" \/>\n<meta property=\"og:image\" content=\"https:\/\/dicodusport.fr\/blog\/wp-content\/uploads\/2025\/02\/Biathlon-Fin-de-carriere-pour-Caroline-Colombo.png\" \/>\n\t<meta property=\"og:image:width\" content=\"1200\" \/>\n\t<meta property=\"og:image:height\" content=\"674\" \/>\n\t<meta property=\"og:image:type\" content=\"image\/png\" \/>\n<meta name=\"author\" content=\"Etienne Goursaud\" \/>\n<meta name=\"twitter:card\" content=\"summary_large_image\" \/>\n<meta name=\"twitter:title\" content=\"Biathlon : Fin de carri\u00e8re pour Caroline Colombo\" \/>\n<meta name=\"twitter:creator\" content=\"@dicodusport\" \/>\n<meta name=\"twitter:site\" content=\"@dicodusport\" \/>\n<script type=\"application\/ld+json\" class=\"yoast-schema-graph\">{\"@context\":\"https:\/\/schema.org\",\"@graph\":[{\"@type\":\"NewsArticle\",\"@id\":\"https:\/\/dicodusport.fr\/blog\/biathlon-fin-de-carriere-pour-caroline-colombo\/#article\",\"isPartOf\":{\"@id\":\"https:\/\/dicodusport.fr\/blog\/biathlon-fin-de-carriere-pour-caroline-colombo\/\"},\"author\":{\"name\":\"Etienne Goursaud\",\"@id\":\"https:\/\/dicodusport.fr\/blog\/#\/schema\/person\/d603dd7da31fb2b46c82b9835a77ec13\"},\"headline\":\"Biathlon : Fin de carri\u00e8re pour Caroline Colombo\",\"datePublished\":\"2025-02-05T16:04:51+00:00\",\"dateModified\":\"2025-07-09T16:35:45+00:00\",\"mainEntityOfPage\":{\"@id\":\"https:\/\/dicodusport.fr\/blog\/biathlon-fin-de-carriere-pour-caroline-colombo\/\"},\"wordCount\":311,\"commentCount\":0,\"publisher\":{\"@id\":\"https:\/\/dicodusport.fr\/blog\/#organization\"},\"image\":{\"@id\":\"https:\/\/dicodusport.fr\/blog\/biathlon-fin-de-carriere-pour-caroline-colombo\/#primaryimage\"},\"thumbnailUrl\":\"https:\/\/dicodusport.fr\/blog\/wp-content\/uploads\/2025\/02\/Biathlon-Fin-de-carriere-pour-Caroline-Colombo.png\",\"keywords\":[\"actu\",\"Biathlon\",\"biathlon fran\u00e7ais\",\"br\u00e8ve\",\"Caroline Colombo\",\"retraite\"],\"articleSection\":[\"Biathlon\"],\"inLanguage\":\"fr-FR\",\"potentialAction\":[{\"@type\":\"CommentAction\",\"name\":\"Comment\",\"target\":[\"https:\/\/dicodusport.fr\/blog\/biathlon-fin-de-carriere-pour-caroline-colombo\/#respond\"]}],\"copyrightYear\":\"2025\",\"copyrightHolder\":{\"@id\":\"https:\/\/dicodusport.fr\/blog\/#organization\"}},{\"@type\":\"WebPage\",\"@id\":\"https:\/\/dicodusport.fr\/blog\/biathlon-fin-de-carriere-pour-caroline-colombo\/\",\"url\":\"https:\/\/dicodusport.fr\/blog\/biathlon-fin-de-carriere-pour-caroline-colombo\/\",\"name\":\"Biathlon : Fin de carri\u00e8re pour Caroline Colombo\",\"isPartOf\":{\"@id\":\"https:\/\/dicodusport.fr\/blog\/#website\"},\"primaryImageOfPage\":{\"@id\":\"https:\/\/dicodusport.fr\/blog\/biathlon-fin-de-carriere-pour-caroline-colombo\/#primaryimage\"},\"image\":{\"@id\":\"https:\/\/dicodusport.fr\/blog\/biathlon-fin-de-carriere-pour-caroline-colombo\/#primaryimage\"},\"thumbnailUrl\":\"https:\/\/dicodusport.fr\/blog\/wp-content\/uploads\/2025\/02\/Biathlon-Fin-de-carriere-pour-Caroline-Colombo.png\",\"datePublished\":\"2025-02-05T16:04:51+00:00\",\"dateModified\":\"2025-07-09T16:35:45+00:00\",\"description\":\"BIATHLON - Caroline Colombo a annonc\u00e9 qu'elle mettait un terme \u00e0 sa carri\u00e8re, \u00e0 l'\u00e2ge de 28 ans. C'est la deuxi\u00e8me biathl\u00e8te fran\u00e7aise \u00e0 arr\u00eater cette saison apr\u00e8s Chlo\u00e9 Chevalier.\",\"breadcrumb\":{\"@id\":\"https:\/\/dicodusport.fr\/blog\/biathlon-fin-de-carriere-pour-caroline-colombo\/#breadcrumb\"},\"inLanguage\":\"fr-FR\",\"potentialAction\":[{\"@type\":\"ReadAction\",\"target\":[\"https:\/\/dicodusport.fr\/blog\/biathlon-fin-de-carriere-pour-caroline-colombo\/\"]}]},{\"@type\":\"ImageObject\",\"inLanguage\":\"fr-FR\",\"@id\":\"https:\/\/dicodusport.fr\/blog\/biathlon-fin-de-carriere-pour-caroline-colombo\/#primaryimage\",\"url\":\"https:\/\/dicodusport.fr\/blog\/wp-content\/uploads\/2025\/02\/Biathlon-Fin-de-carriere-pour-Caroline-Colombo.png\",\"contentUrl\":\"https:\/\/dicodusport.fr\/blog\/wp-content\/uploads\/2025\/02\/Biathlon-Fin-de-carriere-pour-Caroline-Colombo.png\",\"width\":1200,\"height\":674,\"caption\":\"Biathlon : Fin de carri\u00e8re pour Caroline Colombo\"},{\"@type\":\"BreadcrumbList\",\"@id\":\"https:\/\/dicodusport.fr\/blog\/biathlon-fin-de-carriere-pour-caroline-colombo\/#breadcrumb\",\"itemListElement\":[{\"@type\":\"ListItem\",\"position\":1,\"name\":\"Accueil\",\"item\":\"https:\/\/dicodusport.fr\/blog\/\"},{\"@type\":\"ListItem\",\"position\":2,\"name\":\"Biathlon : Fin de carri\u00e8re pour Caroline Colombo\"}]},{\"@type\":\"WebSite\",\"@id\":\"https:\/\/dicodusport.fr\/blog\/#website\",\"url\":\"https:\/\/dicodusport.fr\/blog\/\",\"name\":\"Dicodusport\",\"description\":\"L&#039;encyclop\u00e9die de l&#039;actualit\u00e9 sportive\",\"publisher\":{\"@id\":\"https:\/\/dicodusport.fr\/blog\/#organization\"},\"potentialAction\":[{\"@type\":\"SearchAction\",\"target\":{\"@type\":\"EntryPoint\",\"urlTemplate\":\"https:\/\/dicodusport.fr\/blog\/?s={search_term_string}\"},\"query-input\":{\"@type\":\"PropertyValueSpecification\",\"valueRequired\":true,\"valueName\":\"search_term_string\"}}],\"inLanguage\":\"fr-FR\"},{\"@type\":\"NewsMediaOrganization\",\"@id\":\"https:\/\/dicodusport.fr\/blog\/#organization\",\"name\":\"Dicodusport\",\"url\":\"https:\/\/dicodusport.fr\/blog\/\",\"logo\":{\"@type\":\"ImageObject\",\"inLanguage\":\"fr-FR\",\"@id\":\"https:\/\/dicodusport.fr\/blog\/#\/schema\/logo\/image\/\",\"url\":\"https:\/\/dicodusport.fr\/blog\/wp-content\/uploads\/2020\/06\/cropped-LOGO-DICODUSPORT-2020-SANS-FOND-SANS-TEXTE.png\",\"contentUrl\":\"https:\/\/dicodusport.fr\/blog\/wp-content\/uploads\/2020\/06\/cropped-LOGO-DICODUSPORT-2020-SANS-FOND-SANS-TEXTE.png\",\"width\":512,\"height\":512,\"caption\":\"Dicodusport\"},\"image\":{\"@id\":\"https:\/\/dicodusport.fr\/blog\/#\/schema\/logo\/image\/\"},\"sameAs\":[\"https:\/\/www.facebook.com\/dicodusport\",\"https:\/\/x.com\/dicodusport\",\"https:\/\/www.instagram.com\/dicodusport\/\",\"https:\/\/www.youtube.com\/channel\/UC7V2KZ5sd3htJivAbA4ZG3w\"],\"description\":\"Dicodusport est l'encyclop\u00e9die de l'actualit\u00e9 sportive.\",\"email\":\"bonjour@dicodusport.fr\",\"legalName\":\"DICODUSPORT\",\"foundingDate\":\"2018-01-14\",\"vatID\":\"FR71834470973\",\"taxID\":\"83447097300043\",\"numberOfEmployees\":{\"@type\":\"QuantitativeValue\",\"minValue\":\"1\",\"maxValue\":\"10\"}},{\"@type\":\"Person\",\"@id\":\"https:\/\/dicodusport.fr\/blog\/#\/schema\/person\/d603dd7da31fb2b46c82b9835a77ec13\",\"name\":\"Etienne Goursaud\",\"image\":{\"@type\":\"ImageObject\",\"inLanguage\":\"fr-FR\",\"@id\":\"https:\/\/dicodusport.fr\/blog\/#\/schema\/person\/image\/\",\"url\":\"https:\/\/dicodusport.fr\/blog\/wp-content\/uploads\/2023\/12\/410122264_10231602061736049_5565839791558026645_n-150x150.jpg\",\"contentUrl\":\"https:\/\/dicodusport.fr\/blog\/wp-content\/uploads\/2023\/12\/410122264_10231602061736049_5565839791558026645_n-150x150.jpg\",\"caption\":\"Etienne Goursaud\"},\"description\":\"Journaliste et amoureux de sport. Ancien footballeur reconverti athl\u00e8te quand ses muscles le laissent tranquille. \u00c9lev\u00e9 \u00e0 la sauce des exploits de Thomas Voeckler en 2004, du dernier essai de l\u00e9gende de Eunice Barber \u00e0 la longueur lors des championnats du monde d'athl\u00e9tisme de 2003 mais aussi Zidane, Omeyer et Titou Lamaison.\",\"url\":\"https:\/\/dicodusport.fr\/blog\/author\/etienne-goursaud\/\"}]}<\/script>\n<!-- \/ Yoast SEO Premium plugin. -->","yoast_head_json":{"title":"Biathlon : Fin de carri\u00e8re pour Caroline Colombo","description":"BIATHLON - Caroline Colombo a annonc\u00e9 qu'elle mettait un terme \u00e0 sa carri\u00e8re, \u00e0 l'\u00e2ge de 28 ans. C'est la deuxi\u00e8me biathl\u00e8te fran\u00e7aise \u00e0 arr\u00eater cette saison apr\u00e8s Chlo\u00e9 Chevalier.","robots":{"index":"index","follow":"follow","max-snippet":"max-snippet:-1","max-image-preview":"max-image-preview:large","max-video-preview":"max-video-preview:-1"},"canonical":"https:\/\/dicodusport.fr\/blog\/biathlon-fin-de-carriere-pour-caroline-colombo\/","og_locale":"fr_FR","og_type":"article","og_title":"Biathlon : Fin de carri\u00e8re pour Caroline Colombo","og_description":"BIATHLON - Caroline Colombo a annonc\u00e9 qu'elle mettait un terme \u00e0 sa carri\u00e8re, \u00e0 l'\u00e2ge de 28 ans. C'est la deuxi\u00e8me biathl\u00e8te fran\u00e7aise \u00e0 arr\u00eater cette saison apr\u00e8s Chlo\u00e9 Chevalier.","og_url":"https:\/\/dicodusport.fr\/blog\/biathlon-fin-de-carriere-pour-caroline-colombo\/","og_site_name":"Dicodusport","article_publisher":"https:\/\/www.facebook.com\/dicodusport","article_published_time":"2025-02-05T16:04:51+00:00","article_modified_time":"2025-07-09T16:35:45+00:00","og_image":[{"width":1200,"height":674,"url":"https:\/\/dicodusport.fr\/blog\/wp-content\/uploads\/2025\/02\/Biathlon-Fin-de-carriere-pour-Caroline-Colombo.png","type":"image\/png"}],"author":"Etienne Goursaud","twitter_card":"summary_large_image","twitter_title":"Biathlon : Fin de carri\u00e8re pour Caroline Colombo","twitter_creator":"@dicodusport","twitter_site":"@dicodusport","schema":{"@context":"https:\/\/schema.org","@graph":[{"@type":"NewsArticle","@id":"https:\/\/dicodusport.fr\/blog\/biathlon-fin-de-carriere-pour-caroline-colombo\/#article","isPartOf":{"@id":"https:\/\/dicodusport.fr\/blog\/biathlon-fin-de-carriere-pour-caroline-colombo\/"},"author":{"name":"Etienne Goursaud","@id":"https:\/\/dicodusport.fr\/blog\/#\/schema\/person\/d603dd7da31fb2b46c82b9835a77ec13"},"headline":"Biathlon : Fin de carri\u00e8re pour Caroline Colombo","datePublished":"2025-02-05T16:04:51+00:00","dateModified":"2025-07-09T16:35:45+00:00","mainEntityOfPage":{"@id":"https:\/\/dicodusport.fr\/blog\/biathlon-fin-de-carriere-pour-caroline-colombo\/"},"wordCount":311,"commentCount":0,"publisher":{"@id":"https:\/\/dicodusport.fr\/blog\/#organization"},"image":{"@id":"https:\/\/dicodusport.fr\/blog\/biathlon-fin-de-carriere-pour-caroline-colombo\/#primaryimage"},"thumbnailUrl":"https:\/\/dicodusport.fr\/blog\/wp-content\/uploads\/2025\/02\/Biathlon-Fin-de-carriere-pour-Caroline-Colombo.png","keywords":["actu","Biathlon","biathlon fran\u00e7ais","br\u00e8ve","Caroline Colombo","retraite"],"articleSection":["Biathlon"],"inLanguage":"fr-FR","potentialAction":[{"@type":"CommentAction","name":"Comment","target":["https:\/\/dicodusport.fr\/blog\/biathlon-fin-de-carriere-pour-caroline-colombo\/#respond"]}],"copyrightYear":"2025","copyrightHolder":{"@id":"https:\/\/dicodusport.fr\/blog\/#organization"}},{"@type":"WebPage","@id":"https:\/\/dicodusport.fr\/blog\/biathlon-fin-de-carriere-pour-caroline-colombo\/","url":"https:\/\/dicodusport.fr\/blog\/biathlon-fin-de-carriere-pour-caroline-colombo\/","name":"Biathlon : Fin de carri\u00e8re pour Caroline Colombo","isPartOf":{"@id":"https:\/\/dicodusport.fr\/blog\/#website"},"primaryImageOfPage":{"@id":"https:\/\/dicodusport.fr\/blog\/biathlon-fin-de-carriere-pour-caroline-colombo\/#primaryimage"},"image":{"@id":"https:\/\/dicodusport.fr\/blog\/biathlon-fin-de-carriere-pour-caroline-colombo\/#primaryimage"},"thumbnailUrl":"https:\/\/dicodusport.fr\/blog\/wp-content\/uploads\/2025\/02\/Biathlon-Fin-de-carriere-pour-Caroline-Colombo.png","datePublished":"2025-02-05T16:04:51+00:00","dateModified":"2025-07-09T16:35:45+00:00","description":"BIATHLON - Caroline Colombo a annonc\u00e9 qu'elle mettait un terme \u00e0 sa carri\u00e8re, \u00e0 l'\u00e2ge de 28 ans. C'est la deuxi\u00e8me biathl\u00e8te fran\u00e7aise \u00e0 arr\u00eater cette saison apr\u00e8s Chlo\u00e9 Chevalier.","breadcrumb":{"@id":"https:\/\/dicodusport.fr\/blog\/biathlon-fin-de-carriere-pour-caroline-colombo\/#breadcrumb"},"inLanguage":"fr-FR","potentialAction":[{"@type":"ReadAction","target":["https:\/\/dicodusport.fr\/blog\/biathlon-fin-de-carriere-pour-caroline-colombo\/"]}]},{"@type":"ImageObject","inLanguage":"fr-FR","@id":"https:\/\/dicodusport.fr\/blog\/biathlon-fin-de-carriere-pour-caroline-colombo\/#primaryimage","url":"https:\/\/dicodusport.fr\/blog\/wp-content\/uploads\/2025\/02\/Biathlon-Fin-de-carriere-pour-Caroline-Colombo.png","contentUrl":"https:\/\/dicodusport.fr\/blog\/wp-content\/uploads\/2025\/02\/Biathlon-Fin-de-carriere-pour-Caroline-Colombo.png","width":1200,"height":674,"caption":"Biathlon : Fin de carri\u00e8re pour Caroline Colombo"},{"@type":"BreadcrumbList","@id":"https:\/\/dicodusport.fr\/blog\/biathlon-fin-de-carriere-pour-caroline-colombo\/#breadcrumb","itemListElement":[{"@type":"ListItem","position":1,"name":"Accueil","item":"https:\/\/dicodusport.fr\/blog\/"},{"@type":"ListItem","position":2,"name":"Biathlon : Fin de carri\u00e8re pour Caroline Colombo"}]},{"@type":"WebSite","@id":"https:\/\/dicodusport.fr\/blog\/#website","url":"https:\/\/dicodusport.fr\/blog\/","name":"Dicodusport","description":"L&#039;encyclop\u00e9die de l&#039;actualit\u00e9 sportive","publisher":{"@id":"https:\/\/dicodusport.fr\/blog\/#organization"},"potentialAction":[{"@type":"SearchAction","target":{"@type":"EntryPoint","urlTemplate":"https:\/\/dicodusport.fr\/blog\/?s={search_term_string}"},"query-input":{"@type":"PropertyValueSpecification","valueRequired":true,"valueName":"search_term_string"}}],"inLanguage":"fr-FR"},{"@type":"NewsMediaOrganization","@id":"https:\/\/dicodusport.fr\/blog\/#organization","name":"Dicodusport","url":"https:\/\/dicodusport.fr\/blog\/","logo":{"@type":"ImageObject","inLanguage":"fr-FR","@id":"https:\/\/dicodusport.fr\/blog\/#\/schema\/logo\/image\/","url":"https:\/\/dicodusport.fr\/blog\/wp-content\/uploads\/2020\/06\/cropped-LOGO-DICODUSPORT-2020-SANS-FOND-SANS-TEXTE.png","contentUrl":"https:\/\/dicodusport.fr\/blog\/wp-content\/uploads\/2020\/06\/cropped-LOGO-DICODUSPORT-2020-SANS-FOND-SANS-TEXTE.png","width":512,"height":512,"caption":"Dicodusport"},"image":{"@id":"https:\/\/dicodusport.fr\/blog\/#\/schema\/logo\/image\/"},"sameAs":["https:\/\/www.facebook.com\/dicodusport","https:\/\/x.com\/dicodusport","https:\/\/www.instagram.com\/dicodusport\/","https:\/\/www.youtube.com\/channel\/UC7V2KZ5sd3htJivAbA4ZG3w"],"description":"Dicodusport est l'encyclop\u00e9die de l'actualit\u00e9 sportive.","email":"bonjour@dicodusport.fr","legalName":"DICODUSPORT","foundingDate":"2018-01-14","vatID":"FR71834470973","taxID":"83447097300043","numberOfEmployees":{"@type":"QuantitativeValue","minValue":"1","maxValue":"10"}},{"@type":"Person","@id":"https:\/\/dicodusport.fr\/blog\/#\/schema\/person\/d603dd7da31fb2b46c82b9835a77ec13","name":"Etienne Goursaud","image":{"@type":"ImageObject","inLanguage":"fr-FR","@id":"https:\/\/dicodusport.fr\/blog\/#\/schema\/person\/image\/","url":"https:\/\/dicodusport.fr\/blog\/wp-content\/uploads\/2023\/12\/410122264_10231602061736049_5565839791558026645_n-150x150.jpg","contentUrl":"https:\/\/dicodusport.fr\/blog\/wp-content\/uploads\/2023\/12\/410122264_10231602061736049_5565839791558026645_n-150x150.jpg","caption":"Etienne Goursaud"},"description":"Journaliste et amoureux de sport. Ancien footballeur reconverti athl\u00e8te quand ses muscles le laissent tranquille. \u00c9lev\u00e9 \u00e0 la sauce des exploits de Thomas Voeckler en 2004, du dernier essai de l\u00e9gende de Eunice Barber \u00e0 la longueur lors des championnats du monde d'athl\u00e9tisme de 2003 mais aussi Zidane, Omeyer et Titou Lamaison.","url":"https:\/\/dicodusport.fr\/blog\/author\/etienne-goursaud\/"}]}},"_links":{"self":[{"href":"https:\/\/dicodusport.fr\/blog\/wp-json\/wp\/v2\/posts\/552953","targetHints":{"allow":["GET"]}}],"collection":[{"href":"https:\/\/dicodusport.fr\/blog\/wp-json\/wp\/v2\/posts"}],"about":[{"href":"https:\/\/dicodusport.fr\/blog\/wp-json\/wp\/v2\/types\/post"}],"author":[{"embeddable":true,"href":"https:\/\/dicodusport.fr\/blog\/wp-json\/wp\/v2\/users\/83"}],"replies":[{"embeddable":true,"href":"https:\/\/dicodusport.fr\/blog\/wp-json\/wp\/v2\/comments?post=552953"}],"version-history":[{"count":4,"href":"https:\/\/dicodusport.fr\/blog\/wp-json\/wp\/v2\/posts\/552953\/revisions"}],"predecessor-version":[{"id":554512,"href":"https:\/\/dicodusport.fr\/blog\/wp-json\/wp\/v2\/posts\/552953\/revisions\/554512"}],"wp:featuredmedia":[{"embeddable":true,"href":"https:\/\/dicodusport.fr\/blog\/wp-json\/wp\/v2\/media\/552957"}],"wp:attachment":[{"href":"https:\/\/dicodusport.fr\/blog\/wp-json\/wp\/v2\/media?parent=552953"}],"wp:term":[{"taxonomy":"category","embeddable":true,"href":"https:\/\/dicodusport.fr\/blog\/wp-json\/wp\/v2\/categories?post=552953"},{"taxonomy":"post_tag","embeddable":true,"href":"https:\/\/dicodusport.fr\/blog\/wp-json\/wp\/v2\/tags?post=552953"}],"curies":[{"name":"wp","href":"https:\/\/api.w.org\/{rel}","templated":true}]}}