{"id":553005,"date":"2025-02-05T19:23:53","date_gmt":"2025-02-05T18:23:53","guid":{"rendered":"https:\/\/dicodusport.fr\/blog\/?p=553005&#038;preview=true&#038;preview_id=553005"},"modified":"2025-02-05T19:30:14","modified_gmt":"2025-02-05T18:30:14","slug":"xv-de-france-romain-ntamack-connait-sa-suspension","status":"publish","type":"post","link":"https:\/\/dicodusport.fr\/blog\/xv-de-france-romain-ntamack-connait-sa-suspension\/","title":{"rendered":"XV de France : Romain Ntamack conna\u00eet sa suspension"},"content":{"rendered":"<h4 style=\"text-align: justify;\"><em>XV DE FRANCE &#8211; Apr\u00e8s son carton rouge contre le Pays de Galles, Romain Ntamack a \u00e9t\u00e9 suspendu trois semaines, un total pouvant encore d\u00e9cro\u00eetre, et ne jouera donc pas contre l&rsquo;Angleterre.<\/em><\/h4>\n<ul style=\"text-align: justify;\">\n<li style=\"text-align: justify;\"><strong>\u00c0 ce sujet\u00a0&#8211; <a href=\"https:\/\/dicodusport.fr\/blog\/classement-tournoi-des-6-nations-2025-hommes\/\">Classement Tournoi des 6 Nations 2025 hommes<\/a><\/strong><\/li>\n<\/ul>\n<p style=\"text-align: justify;\">C&rsquo;\u00e9tait le gros point noir de <a href=\"https:\/\/dicodusport.fr\/blog\/6-nations-2025-j1-le-xv-de-france-ecrase-le-pays-de-galles\/\">la flamboyante victoire du XV de France contre le Pays de Galles vendredi dernier<\/a>. <strong>Romain Ntamack<\/strong>, coupable d&rsquo;un plaquage dangereux et inutile en fin de match, avait \u00e9cop\u00e9 d&rsquo;un carton rouge. D\u00e8s lors, on se demandait si le demi d&rsquo;ouverture des Bleus raterait tout ou partie du Tournoi des 6 Nations.<\/p>\n<ul style=\"text-align: justify;\">\n<li style=\"text-align: justify;\"><strong>\u00c0 ce sujet &#8211; <a href=\"https:\/\/dicodusport.fr\/blog\/calendrier-programme-et-resultats-tournoi-des-6-nations-2025-hommes\/\">Calendrier, programme et r\u00e9sultats Tournoi des 6 Nations 2025 hommes<\/a><\/strong><\/li>\n<\/ul>\n<h2 style=\"text-align: justify;\">Romain Ntamack possiblement de retour contre l&rsquo;Italie<\/h2>\n<p style=\"text-align: justify;\">L&rsquo;audience du Toulousain a eu lieu aujourd&rsquo;hui, et le d\u00e9nouement est favorable. S&rsquo;il a d&rsquo;abord \u00e9cop\u00e9 d&rsquo;une suspension de six semaines, les circonstances att\u00e9nuantes (reconnaissance des faits, expression de remords, bonne conduite pendant l\u2019audience, casier disciplinaire vierge) font que la sanction a \u00e9t\u00e9 r\u00e9duite de moiti\u00e9, donc trois semaines.<\/p>\n<p style=\"text-align: justify;\">Mieux, si <strong>Romain Ntamack<\/strong> compl\u00e8te le s\u2019il compl\u00e8te le <em>Coaching Intervention Programme<\/em> (\u00e9cole du plaquage de World Rugby), il retranchera une semaine \u00e0 sa suspension. S&rsquo;il est d\u00e9sormais certain &#8211; une issue diff\u00e9rente aurait \u00e9t\u00e9 surprenante &#8211; qu&rsquo;il ne pourra jouer le Crunch samedi, r\u00e9ussir ce CIP lui permettra de postuler pour affronter l&rsquo;Italie le 23 f\u00e9vrier prochain. Moindre mal au vu du geste. La composition du XV de France sera d\u00e9voil\u00e9e demain, <strong>Matthieu Jalibert<\/strong> \u00e9tant pressenti pour occuper le poste d&rsquo;ouvreur samedi.<\/p>\n<blockquote class=\"twitter-tweet\">\n<p dir=\"ltr\" lang=\"fr\">L\u2019explication en visuel de la sanction !<\/p>\n<p>(\ud83d\udcf8:Six Nations) <a href=\"https:\/\/t.co\/TYzsG9a4HA\">pic.twitter.com\/TYzsG9a4HA<\/a><\/p>\n<p>\u2014 Gauthier Baudin (@GauthierBaudin) <a href=\"https:\/\/twitter.com\/GauthierBaudin\/status\/1887202555018776897?ref_src=twsrc%5Etfw\">February 5, 2025<\/a><\/p><\/blockquote>\n<p><script async src=\"https:\/\/platform.twitter.com\/widgets.js\" charset=\"utf-8\"><\/script><\/p>\n<h2 style=\"text-align: justify;\">\u00c0 ce sujet<\/h2>\n<div class=\"vlp-link-container vlp-layout-article\"><a href=\"https:\/\/dicodusport.fr\/blog\/xv-de-france-dupont-alldritt-ntamack-les-notes-des-bleus-face-au-pays-de-galles\/\" class=\"vlp-link\" title=\"XV de France : Dupont, Alldritt, Ntamack, les notes des Bleus face au Pays de Galles\"><\/a><div class=\"vlp-layout-zone-side\"><div class=\"vlp-block-4 vlp-link-image\"><img loading=\"lazy\" decoding=\"async\" style=\"max-width: 792px;\" width=\"792\" height=\"445\" src=\"https:\/\/dicodusport.fr\/blog\/wp-content\/uploads\/2025\/01\/XV-de-France-Dupont-Alldritt-Ntamack-les-notes-des-Bleus-face-au-Pays-de-Galles.png\" class=\"attachment-800x445 size-800x445\" alt=\"XV de France Dupont, Alldritt, Ntamack, les notes des Bleus face au Pays de Galles\" srcset=\"https:\/\/dicodusport.fr\/blog\/wp-content\/uploads\/2025\/01\/XV-de-France-Dupont-Alldritt-Ntamack-les-notes-des-Bleus-face-au-Pays-de-Galles.png 1200w, https:\/\/dicodusport.fr\/blog\/wp-content\/uploads\/2025\/01\/XV-de-France-Dupont-Alldritt-Ntamack-les-notes-des-Bleus-face-au-Pays-de-Galles-300x169.png 300w, https:\/\/dicodusport.fr\/blog\/wp-content\/uploads\/2025\/01\/XV-de-France-Dupont-Alldritt-Ntamack-les-notes-des-Bleus-face-au-Pays-de-Galles-1024x575.png 1024w, https:\/\/dicodusport.fr\/blog\/wp-content\/uploads\/2025\/01\/XV-de-France-Dupont-Alldritt-Ntamack-les-notes-des-Bleus-face-au-Pays-de-Galles-768x431.png 768w\" sizes=\"auto, (max-width: 792px) 100vw, 792px\" \/><\/div><\/div><div class=\"vlp-layout-zone-main\"><div class=\"vlp-block-0 vlp-link-title\">XV de France : Dupont, Alldritt, Ntamack, les notes des Bleus face au Pays de Galles<\/div><div class=\"vlp-block-1 vlp-link-summary\">Dupont, Alldritt, Ntamack, les notes des Bleus face au Pays de Galles<\/div><div class=\"vlp-block-2 vlp-link-button\">Lire l'article<\/div><div class=\"vlp-block-3 vlp-link-url\">dicodusport.fr<\/div><\/div><\/div>\n","protected":false},"excerpt":{"rendered":"<p>XV DE FRANCE &#8211; Apr\u00e8s son carton rouge contre le Pays de Galles, Romain Ntamack a \u00e9t\u00e9 suspendu trois semaines, un total pouvant encore d\u00e9cro\u00eetre, et ne jouera donc pas contre l&rsquo;Angleterre.<\/p>\n","protected":false},"author":59,"featured_media":553007,"comment_status":"open","ping_status":"closed","sticky":false,"template":"","format":"standard","meta":{"_acf_changed":false,"_daextam_enable_autolinks":"1","footnotes":""},"categories":[9129,47048,19951],"tags":[32415,16878,5193,1638],"class_list":["post-553005","post","type-post","status-publish","format-standard","has-post-thumbnail","hentry","category-rugby-a-xv","category-tournoi-des-6-nations","category-xv-de-france","tag-actu","tag-breve","tag-romain-ntamack","tag-xv-de-france"],"acf":[],"yoast_head":"<!-- This site is optimized with the Yoast SEO Premium plugin v26.7 (Yoast SEO v26.7) - https:\/\/yoast.com\/wordpress\/plugins\/seo\/ -->\n<title>XV de France : Romain Ntamack conna\u00eet sa suspension<\/title>\n<meta name=\"description\" content=\"XV DE FRANCE - Apr\u00e8s son carton rouge contre le Pays de Galles, Romain Ntamack a \u00e9t\u00e9 suspendu trois semaines et ne jouera donc pas contre l&#039;Angleterre.\" \/>\n<meta name=\"robots\" content=\"index, follow, max-snippet:-1, max-image-preview:large, max-video-preview:-1\" \/>\n<link rel=\"canonical\" href=\"https:\/\/dicodusport.fr\/blog\/xv-de-france-romain-ntamack-connait-sa-suspension\/\" \/>\n<meta property=\"og:locale\" content=\"fr_FR\" \/>\n<meta property=\"og:type\" content=\"article\" \/>\n<meta property=\"og:title\" content=\"XV de France : Romain Ntamack conna\u00eet sa suspension\" \/>\n<meta property=\"og:description\" content=\"XV DE FRANCE - Apr\u00e8s son carton rouge contre le Pays de Galles, Romain Ntamack a \u00e9t\u00e9 suspendu trois semaines et ne jouera donc pas contre l&#039;Angleterre.\" \/>\n<meta property=\"og:url\" content=\"https:\/\/dicodusport.fr\/blog\/xv-de-france-romain-ntamack-connait-sa-suspension\/\" \/>\n<meta property=\"og:site_name\" content=\"Dicodusport\" \/>\n<meta property=\"article:publisher\" content=\"https:\/\/www.facebook.com\/dicodusport\" \/>\n<meta property=\"article:author\" content=\"https:\/\/www.facebook.com\/sebastien.gente\/\" \/>\n<meta property=\"article:published_time\" content=\"2025-02-05T18:23:53+00:00\" \/>\n<meta property=\"article:modified_time\" content=\"2025-02-05T18:30:14+00:00\" \/>\n<meta property=\"og:image\" content=\"https:\/\/dicodusport.fr\/blog\/wp-content\/uploads\/2025\/02\/XV-de-France-Romain-Ntamack-connait-sa-suspension.png\" \/>\n\t<meta property=\"og:image:width\" content=\"1200\" \/>\n\t<meta property=\"og:image:height\" content=\"674\" \/>\n\t<meta property=\"og:image:type\" content=\"image\/png\" \/>\n<meta name=\"author\" content=\"S\u00e9bastien Gente\" \/>\n<meta name=\"twitter:card\" content=\"summary_large_image\" \/>\n<meta name=\"twitter:title\" content=\"XV de France : Romain Ntamack conna\u00eet sa suspension\" \/>\n<meta name=\"twitter:creator\" content=\"@https:\/\/twitter.com\/globulo24\" \/>\n<meta name=\"twitter:site\" content=\"@dicodusport\" \/>\n<script type=\"application\/ld+json\" class=\"yoast-schema-graph\">{\"@context\":\"https:\/\/schema.org\",\"@graph\":[{\"@type\":\"NewsArticle\",\"@id\":\"https:\/\/dicodusport.fr\/blog\/xv-de-france-romain-ntamack-connait-sa-suspension\/#article\",\"isPartOf\":{\"@id\":\"https:\/\/dicodusport.fr\/blog\/xv-de-france-romain-ntamack-connait-sa-suspension\/\"},\"author\":{\"name\":\"S\u00e9bastien Gente\",\"@id\":\"https:\/\/dicodusport.fr\/blog\/#\/schema\/person\/627966a6cde45dbd8c5e36ac85d783da\"},\"headline\":\"XV de France : Romain Ntamack conna\u00eet sa suspension\",\"datePublished\":\"2025-02-05T18:23:53+00:00\",\"dateModified\":\"2025-02-05T18:30:14+00:00\",\"mainEntityOfPage\":{\"@id\":\"https:\/\/dicodusport.fr\/blog\/xv-de-france-romain-ntamack-connait-sa-suspension\/\"},\"wordCount\":381,\"commentCount\":0,\"publisher\":{\"@id\":\"https:\/\/dicodusport.fr\/blog\/#organization\"},\"image\":{\"@id\":\"https:\/\/dicodusport.fr\/blog\/xv-de-france-romain-ntamack-connait-sa-suspension\/#primaryimage\"},\"thumbnailUrl\":\"https:\/\/dicodusport.fr\/blog\/wp-content\/uploads\/2025\/02\/XV-de-France-Romain-Ntamack-connait-sa-suspension.png\",\"keywords\":[\"actu\",\"br\u00e8ve\",\"Romain Ntamack\",\"XV de France\"],\"articleSection\":[\"Rugby \u00e0 XV\",\"Tournoi des 6 Nations\",\"XV de France\"],\"inLanguage\":\"fr-FR\",\"potentialAction\":[{\"@type\":\"CommentAction\",\"name\":\"Comment\",\"target\":[\"https:\/\/dicodusport.fr\/blog\/xv-de-france-romain-ntamack-connait-sa-suspension\/#respond\"]}],\"copyrightYear\":\"2025\",\"copyrightHolder\":{\"@id\":\"https:\/\/dicodusport.fr\/blog\/#organization\"}},{\"@type\":\"WebPage\",\"@id\":\"https:\/\/dicodusport.fr\/blog\/xv-de-france-romain-ntamack-connait-sa-suspension\/\",\"url\":\"https:\/\/dicodusport.fr\/blog\/xv-de-france-romain-ntamack-connait-sa-suspension\/\",\"name\":\"XV de France : Romain Ntamack conna\u00eet sa suspension\",\"isPartOf\":{\"@id\":\"https:\/\/dicodusport.fr\/blog\/#website\"},\"primaryImageOfPage\":{\"@id\":\"https:\/\/dicodusport.fr\/blog\/xv-de-france-romain-ntamack-connait-sa-suspension\/#primaryimage\"},\"image\":{\"@id\":\"https:\/\/dicodusport.fr\/blog\/xv-de-france-romain-ntamack-connait-sa-suspension\/#primaryimage\"},\"thumbnailUrl\":\"https:\/\/dicodusport.fr\/blog\/wp-content\/uploads\/2025\/02\/XV-de-France-Romain-Ntamack-connait-sa-suspension.png\",\"datePublished\":\"2025-02-05T18:23:53+00:00\",\"dateModified\":\"2025-02-05T18:30:14+00:00\",\"description\":\"XV DE FRANCE - Apr\u00e8s son carton rouge contre le Pays de Galles, Romain Ntamack a \u00e9t\u00e9 suspendu trois semaines et ne jouera donc pas contre l'Angleterre.\",\"breadcrumb\":{\"@id\":\"https:\/\/dicodusport.fr\/blog\/xv-de-france-romain-ntamack-connait-sa-suspension\/#breadcrumb\"},\"inLanguage\":\"fr-FR\",\"potentialAction\":[{\"@type\":\"ReadAction\",\"target\":[\"https:\/\/dicodusport.fr\/blog\/xv-de-france-romain-ntamack-connait-sa-suspension\/\"]}]},{\"@type\":\"ImageObject\",\"inLanguage\":\"fr-FR\",\"@id\":\"https:\/\/dicodusport.fr\/blog\/xv-de-france-romain-ntamack-connait-sa-suspension\/#primaryimage\",\"url\":\"https:\/\/dicodusport.fr\/blog\/wp-content\/uploads\/2025\/02\/XV-de-France-Romain-Ntamack-connait-sa-suspension.png\",\"contentUrl\":\"https:\/\/dicodusport.fr\/blog\/wp-content\/uploads\/2025\/02\/XV-de-France-Romain-Ntamack-connait-sa-suspension.png\",\"width\":1200,\"height\":674,\"caption\":\"XV de France Romain Ntamack conna\u00eet sa suspension\"},{\"@type\":\"BreadcrumbList\",\"@id\":\"https:\/\/dicodusport.fr\/blog\/xv-de-france-romain-ntamack-connait-sa-suspension\/#breadcrumb\",\"itemListElement\":[{\"@type\":\"ListItem\",\"position\":1,\"name\":\"Accueil\",\"item\":\"https:\/\/dicodusport.fr\/blog\/\"},{\"@type\":\"ListItem\",\"position\":2,\"name\":\"XV de France : Romain Ntamack conna\u00eet sa suspension\"}]},{\"@type\":\"WebSite\",\"@id\":\"https:\/\/dicodusport.fr\/blog\/#website\",\"url\":\"https:\/\/dicodusport.fr\/blog\/\",\"name\":\"Dicodusport\",\"description\":\"L&#039;encyclop\u00e9die de l&#039;actualit\u00e9 sportive\",\"publisher\":{\"@id\":\"https:\/\/dicodusport.fr\/blog\/#organization\"},\"potentialAction\":[{\"@type\":\"SearchAction\",\"target\":{\"@type\":\"EntryPoint\",\"urlTemplate\":\"https:\/\/dicodusport.fr\/blog\/?s={search_term_string}\"},\"query-input\":{\"@type\":\"PropertyValueSpecification\",\"valueRequired\":true,\"valueName\":\"search_term_string\"}}],\"inLanguage\":\"fr-FR\"},{\"@type\":\"NewsMediaOrganization\",\"@id\":\"https:\/\/dicodusport.fr\/blog\/#organization\",\"name\":\"Dicodusport\",\"url\":\"https:\/\/dicodusport.fr\/blog\/\",\"logo\":{\"@type\":\"ImageObject\",\"inLanguage\":\"fr-FR\",\"@id\":\"https:\/\/dicodusport.fr\/blog\/#\/schema\/logo\/image\/\",\"url\":\"https:\/\/dicodusport.fr\/blog\/wp-content\/uploads\/2020\/06\/cropped-LOGO-DICODUSPORT-2020-SANS-FOND-SANS-TEXTE.png\",\"contentUrl\":\"https:\/\/dicodusport.fr\/blog\/wp-content\/uploads\/2020\/06\/cropped-LOGO-DICODUSPORT-2020-SANS-FOND-SANS-TEXTE.png\",\"width\":512,\"height\":512,\"caption\":\"Dicodusport\"},\"image\":{\"@id\":\"https:\/\/dicodusport.fr\/blog\/#\/schema\/logo\/image\/\"},\"sameAs\":[\"https:\/\/www.facebook.com\/dicodusport\",\"https:\/\/x.com\/dicodusport\",\"https:\/\/www.instagram.com\/dicodusport\/\",\"https:\/\/www.youtube.com\/channel\/UC7V2KZ5sd3htJivAbA4ZG3w\"],\"description\":\"Dicodusport est l'encyclop\u00e9die de l'actualit\u00e9 sportive.\",\"email\":\"bonjour@dicodusport.fr\",\"legalName\":\"DICODUSPORT\",\"foundingDate\":\"2018-01-14\",\"vatID\":\"FR71834470973\",\"taxID\":\"83447097300043\",\"numberOfEmployees\":{\"@type\":\"QuantitativeValue\",\"minValue\":\"1\",\"maxValue\":\"10\"}},{\"@type\":\"Person\",\"@id\":\"https:\/\/dicodusport.fr\/blog\/#\/schema\/person\/627966a6cde45dbd8c5e36ac85d783da\",\"name\":\"S\u00e9bastien Gente\",\"image\":{\"@type\":\"ImageObject\",\"inLanguage\":\"fr-FR\",\"@id\":\"https:\/\/dicodusport.fr\/blog\/#\/schema\/person\/image\/\",\"url\":\"https:\/\/dicodusport.fr\/blog\/wp-content\/uploads\/2021\/09\/1510990_10205810251400683_4124423575079401707_n-150x150.jpg\",\"contentUrl\":\"https:\/\/dicodusport.fr\/blog\/wp-content\/uploads\/2021\/09\/1510990_10205810251400683_4124423575079401707_n-150x150.jpg\",\"caption\":\"S\u00e9bastien Gente\"},\"description\":\"John Stockton, Gianni Bugno, Zinedine Zidane, Steffi Graf, Frode Andresen, St\u00e9phane Stoecklin, Davis Kamoga, Primoz Peterka, Werner Schlager et Aur\u00e9lien Rougerie. Point commun entre ces sportifs? Ils m'ont fait r\u00eaver et ont berc\u00e9 mon adolescence. Je suis un fondu de sports et j'essaie de retranscrire ma passion \u00e0 travers mes articles. Originaire du P\u00e9rigord, ma passion pour les Girondins, les Jaunards et les Jazzmen transpire dans mes \u00e9crits. \u00c0 Dicodusport depuis 2021, je d\u00e9niche les sports m\u00e9connus dans lesquels la France brille, et il y en a !\",\"sameAs\":[\"https:\/\/www.facebook.com\/sebastien.gente\/\",\"https:\/\/www.instagram.com\/sebgente\/\",\"https:\/\/www.linkedin.com\/in\/sbastien-gente-a29583169\/\",\"https:\/\/x.com\/https:\/\/twitter.com\/globulo24\",\"SebastienGente\"],\"worksFor\":\"S\u00e9bastien GENTE\",\"url\":\"https:\/\/dicodusport.fr\/blog\/author\/sebastiengente\/\"}]}<\/script>\n<!-- \/ Yoast SEO Premium plugin. -->","yoast_head_json":{"title":"XV de France : Romain Ntamack conna\u00eet sa suspension","description":"XV DE FRANCE - Apr\u00e8s son carton rouge contre le Pays de Galles, Romain Ntamack a \u00e9t\u00e9 suspendu trois semaines et ne jouera donc pas contre l'Angleterre.","robots":{"index":"index","follow":"follow","max-snippet":"max-snippet:-1","max-image-preview":"max-image-preview:large","max-video-preview":"max-video-preview:-1"},"canonical":"https:\/\/dicodusport.fr\/blog\/xv-de-france-romain-ntamack-connait-sa-suspension\/","og_locale":"fr_FR","og_type":"article","og_title":"XV de France : Romain Ntamack conna\u00eet sa suspension","og_description":"XV DE FRANCE - Apr\u00e8s son carton rouge contre le Pays de Galles, Romain Ntamack a \u00e9t\u00e9 suspendu trois semaines et ne jouera donc pas contre l'Angleterre.","og_url":"https:\/\/dicodusport.fr\/blog\/xv-de-france-romain-ntamack-connait-sa-suspension\/","og_site_name":"Dicodusport","article_publisher":"https:\/\/www.facebook.com\/dicodusport","article_author":"https:\/\/www.facebook.com\/sebastien.gente\/","article_published_time":"2025-02-05T18:23:53+00:00","article_modified_time":"2025-02-05T18:30:14+00:00","og_image":[{"width":1200,"height":674,"url":"https:\/\/dicodusport.fr\/blog\/wp-content\/uploads\/2025\/02\/XV-de-France-Romain-Ntamack-connait-sa-suspension.png","type":"image\/png"}],"author":"S\u00e9bastien Gente","twitter_card":"summary_large_image","twitter_title":"XV de France : Romain Ntamack conna\u00eet sa suspension","twitter_creator":"@https:\/\/twitter.com\/globulo24","twitter_site":"@dicodusport","schema":{"@context":"https:\/\/schema.org","@graph":[{"@type":"NewsArticle","@id":"https:\/\/dicodusport.fr\/blog\/xv-de-france-romain-ntamack-connait-sa-suspension\/#article","isPartOf":{"@id":"https:\/\/dicodusport.fr\/blog\/xv-de-france-romain-ntamack-connait-sa-suspension\/"},"author":{"name":"S\u00e9bastien Gente","@id":"https:\/\/dicodusport.fr\/blog\/#\/schema\/person\/627966a6cde45dbd8c5e36ac85d783da"},"headline":"XV de France : Romain Ntamack conna\u00eet sa suspension","datePublished":"2025-02-05T18:23:53+00:00","dateModified":"2025-02-05T18:30:14+00:00","mainEntityOfPage":{"@id":"https:\/\/dicodusport.fr\/blog\/xv-de-france-romain-ntamack-connait-sa-suspension\/"},"wordCount":381,"commentCount":0,"publisher":{"@id":"https:\/\/dicodusport.fr\/blog\/#organization"},"image":{"@id":"https:\/\/dicodusport.fr\/blog\/xv-de-france-romain-ntamack-connait-sa-suspension\/#primaryimage"},"thumbnailUrl":"https:\/\/dicodusport.fr\/blog\/wp-content\/uploads\/2025\/02\/XV-de-France-Romain-Ntamack-connait-sa-suspension.png","keywords":["actu","br\u00e8ve","Romain Ntamack","XV de France"],"articleSection":["Rugby \u00e0 XV","Tournoi des 6 Nations","XV de France"],"inLanguage":"fr-FR","potentialAction":[{"@type":"CommentAction","name":"Comment","target":["https:\/\/dicodusport.fr\/blog\/xv-de-france-romain-ntamack-connait-sa-suspension\/#respond"]}],"copyrightYear":"2025","copyrightHolder":{"@id":"https:\/\/dicodusport.fr\/blog\/#organization"}},{"@type":"WebPage","@id":"https:\/\/dicodusport.fr\/blog\/xv-de-france-romain-ntamack-connait-sa-suspension\/","url":"https:\/\/dicodusport.fr\/blog\/xv-de-france-romain-ntamack-connait-sa-suspension\/","name":"XV de France : Romain Ntamack conna\u00eet sa suspension","isPartOf":{"@id":"https:\/\/dicodusport.fr\/blog\/#website"},"primaryImageOfPage":{"@id":"https:\/\/dicodusport.fr\/blog\/xv-de-france-romain-ntamack-connait-sa-suspension\/#primaryimage"},"image":{"@id":"https:\/\/dicodusport.fr\/blog\/xv-de-france-romain-ntamack-connait-sa-suspension\/#primaryimage"},"thumbnailUrl":"https:\/\/dicodusport.fr\/blog\/wp-content\/uploads\/2025\/02\/XV-de-France-Romain-Ntamack-connait-sa-suspension.png","datePublished":"2025-02-05T18:23:53+00:00","dateModified":"2025-02-05T18:30:14+00:00","description":"XV DE FRANCE - Apr\u00e8s son carton rouge contre le Pays de Galles, Romain Ntamack a \u00e9t\u00e9 suspendu trois semaines et ne jouera donc pas contre l'Angleterre.","breadcrumb":{"@id":"https:\/\/dicodusport.fr\/blog\/xv-de-france-romain-ntamack-connait-sa-suspension\/#breadcrumb"},"inLanguage":"fr-FR","potentialAction":[{"@type":"ReadAction","target":["https:\/\/dicodusport.fr\/blog\/xv-de-france-romain-ntamack-connait-sa-suspension\/"]}]},{"@type":"ImageObject","inLanguage":"fr-FR","@id":"https:\/\/dicodusport.fr\/blog\/xv-de-france-romain-ntamack-connait-sa-suspension\/#primaryimage","url":"https:\/\/dicodusport.fr\/blog\/wp-content\/uploads\/2025\/02\/XV-de-France-Romain-Ntamack-connait-sa-suspension.png","contentUrl":"https:\/\/dicodusport.fr\/blog\/wp-content\/uploads\/2025\/02\/XV-de-France-Romain-Ntamack-connait-sa-suspension.png","width":1200,"height":674,"caption":"XV de France Romain Ntamack conna\u00eet sa suspension"},{"@type":"BreadcrumbList","@id":"https:\/\/dicodusport.fr\/blog\/xv-de-france-romain-ntamack-connait-sa-suspension\/#breadcrumb","itemListElement":[{"@type":"ListItem","position":1,"name":"Accueil","item":"https:\/\/dicodusport.fr\/blog\/"},{"@type":"ListItem","position":2,"name":"XV de France : Romain Ntamack conna\u00eet sa suspension"}]},{"@type":"WebSite","@id":"https:\/\/dicodusport.fr\/blog\/#website","url":"https:\/\/dicodusport.fr\/blog\/","name":"Dicodusport","description":"L&#039;encyclop\u00e9die de l&#039;actualit\u00e9 sportive","publisher":{"@id":"https:\/\/dicodusport.fr\/blog\/#organization"},"potentialAction":[{"@type":"SearchAction","target":{"@type":"EntryPoint","urlTemplate":"https:\/\/dicodusport.fr\/blog\/?s={search_term_string}"},"query-input":{"@type":"PropertyValueSpecification","valueRequired":true,"valueName":"search_term_string"}}],"inLanguage":"fr-FR"},{"@type":"NewsMediaOrganization","@id":"https:\/\/dicodusport.fr\/blog\/#organization","name":"Dicodusport","url":"https:\/\/dicodusport.fr\/blog\/","logo":{"@type":"ImageObject","inLanguage":"fr-FR","@id":"https:\/\/dicodusport.fr\/blog\/#\/schema\/logo\/image\/","url":"https:\/\/dicodusport.fr\/blog\/wp-content\/uploads\/2020\/06\/cropped-LOGO-DICODUSPORT-2020-SANS-FOND-SANS-TEXTE.png","contentUrl":"https:\/\/dicodusport.fr\/blog\/wp-content\/uploads\/2020\/06\/cropped-LOGO-DICODUSPORT-2020-SANS-FOND-SANS-TEXTE.png","width":512,"height":512,"caption":"Dicodusport"},"image":{"@id":"https:\/\/dicodusport.fr\/blog\/#\/schema\/logo\/image\/"},"sameAs":["https:\/\/www.facebook.com\/dicodusport","https:\/\/x.com\/dicodusport","https:\/\/www.instagram.com\/dicodusport\/","https:\/\/www.youtube.com\/channel\/UC7V2KZ5sd3htJivAbA4ZG3w"],"description":"Dicodusport est l'encyclop\u00e9die de l'actualit\u00e9 sportive.","email":"bonjour@dicodusport.fr","legalName":"DICODUSPORT","foundingDate":"2018-01-14","vatID":"FR71834470973","taxID":"83447097300043","numberOfEmployees":{"@type":"QuantitativeValue","minValue":"1","maxValue":"10"}},{"@type":"Person","@id":"https:\/\/dicodusport.fr\/blog\/#\/schema\/person\/627966a6cde45dbd8c5e36ac85d783da","name":"S\u00e9bastien Gente","image":{"@type":"ImageObject","inLanguage":"fr-FR","@id":"https:\/\/dicodusport.fr\/blog\/#\/schema\/person\/image\/","url":"https:\/\/dicodusport.fr\/blog\/wp-content\/uploads\/2021\/09\/1510990_10205810251400683_4124423575079401707_n-150x150.jpg","contentUrl":"https:\/\/dicodusport.fr\/blog\/wp-content\/uploads\/2021\/09\/1510990_10205810251400683_4124423575079401707_n-150x150.jpg","caption":"S\u00e9bastien Gente"},"description":"John Stockton, Gianni Bugno, Zinedine Zidane, Steffi Graf, Frode Andresen, St\u00e9phane Stoecklin, Davis Kamoga, Primoz Peterka, Werner Schlager et Aur\u00e9lien Rougerie. Point commun entre ces sportifs? Ils m'ont fait r\u00eaver et ont berc\u00e9 mon adolescence. Je suis un fondu de sports et j'essaie de retranscrire ma passion \u00e0 travers mes articles. Originaire du P\u00e9rigord, ma passion pour les Girondins, les Jaunards et les Jazzmen transpire dans mes \u00e9crits. \u00c0 Dicodusport depuis 2021, je d\u00e9niche les sports m\u00e9connus dans lesquels la France brille, et il y en a !","sameAs":["https:\/\/www.facebook.com\/sebastien.gente\/","https:\/\/www.instagram.com\/sebgente\/","https:\/\/www.linkedin.com\/in\/sbastien-gente-a29583169\/","https:\/\/x.com\/https:\/\/twitter.com\/globulo24","SebastienGente"],"worksFor":"S\u00e9bastien GENTE","url":"https:\/\/dicodusport.fr\/blog\/author\/sebastiengente\/"}]}},"_links":{"self":[{"href":"https:\/\/dicodusport.fr\/blog\/wp-json\/wp\/v2\/posts\/553005","targetHints":{"allow":["GET"]}}],"collection":[{"href":"https:\/\/dicodusport.fr\/blog\/wp-json\/wp\/v2\/posts"}],"about":[{"href":"https:\/\/dicodusport.fr\/blog\/wp-json\/wp\/v2\/types\/post"}],"author":[{"embeddable":true,"href":"https:\/\/dicodusport.fr\/blog\/wp-json\/wp\/v2\/users\/59"}],"replies":[{"embeddable":true,"href":"https:\/\/dicodusport.fr\/blog\/wp-json\/wp\/v2\/comments?post=553005"}],"version-history":[{"count":3,"href":"https:\/\/dicodusport.fr\/blog\/wp-json\/wp\/v2\/posts\/553005\/revisions"}],"predecessor-version":[{"id":553010,"href":"https:\/\/dicodusport.fr\/blog\/wp-json\/wp\/v2\/posts\/553005\/revisions\/553010"}],"wp:featuredmedia":[{"embeddable":true,"href":"https:\/\/dicodusport.fr\/blog\/wp-json\/wp\/v2\/media\/553007"}],"wp:attachment":[{"href":"https:\/\/dicodusport.fr\/blog\/wp-json\/wp\/v2\/media?parent=553005"}],"wp:term":[{"taxonomy":"category","embeddable":true,"href":"https:\/\/dicodusport.fr\/blog\/wp-json\/wp\/v2\/categories?post=553005"},{"taxonomy":"post_tag","embeddable":true,"href":"https:\/\/dicodusport.fr\/blog\/wp-json\/wp\/v2\/tags?post=553005"}],"curies":[{"name":"wp","href":"https:\/\/api.w.org\/{rel}","templated":true}]}}