{"id":553055,"date":"2025-02-06T18:22:00","date_gmt":"2025-02-06T17:22:00","guid":{"rendered":"https:\/\/dicodusport.fr\/blog\/?p=553055&#038;preview=true&#038;preview_id=553055"},"modified":"2025-02-06T18:22:00","modified_gmt":"2025-02-06T17:22:00","slug":"enduropale-du-touquet-2025-sur-quelle-chaine-tv-et-a-quelle-heure","status":"publish","type":"post","link":"https:\/\/dicodusport.fr\/blog\/enduropale-du-touquet-2025-sur-quelle-chaine-tv-et-a-quelle-heure\/","title":{"rendered":"Enduropale du Touquet 2025 : Sur quelle cha\u00eene TV et \u00e0 quelle heure"},"content":{"rendered":"<h4 style=\"text-align: justify;\"><i>ENDURO DU TOUQUET 2025 &#8211; Sur quelle cha\u00eene TV et \u00e0 quelle heure suivre l&rsquo;Enduropale du Touquet, qui se d\u00e9roule ce dimanche 9 f\u00e9vrier 2025 ?<\/i><\/h4>\n<p style=\"text-align: justify;\">La <strong>49\u00e8me \u00e9dition de l&rsquo;Enduro du Touquet<\/strong> se d\u00e9roule ce <strong>dimanche 9 f\u00e9vrier 2025<\/strong>. Le d\u00e9part sera donn\u00e9 \u00e0 14 h sur le front de mer, au Touquet. Le parcours est long de 13 km, avec le premier virage situ\u00e9 \u00e0 <strong>Stella-Plage<\/strong>, pour un <em>holeshot<\/em> qui promet, une fois de plus, des \u00e9tincelles. La course dure trois heures. Le vainqueur sera le pilote ayant compl\u00e9t\u00e9 le plus de tours complets, au dernier passage sur la ligne d&rsquo;arriv\u00e9e.<\/p>\n<p style=\"text-align: justify;\">C\u00f4te forces en pr\u00e9sence, le double tenant du titre, le Britannique <strong>Todd Kellett<\/strong> (Yamaha), sera \u00e0 nouveau le grand favori \u00e0 sa propre succession ce dimanche, au d\u00e9part de l&rsquo;<strong>Enduropale du Touquet<\/strong>. Mais la concurrence est rude sur le papier. Le triple vainqueur <strong>Milko Potisek<\/strong> (Yamaha), titr\u00e9 en 2018, 2020 et 2022, sera \u00e0 suivre, tout comme le Belge <strong>Cyril Genot<\/strong> (Honda). Les fr\u00e8res <strong>Miot<\/strong>, Florian (21 ans) et Math\u00e9o (23 ans), au guidon leur Yamaha et <strong>Lars Van Berkel<\/strong> (Honda), auront aussi leur mot \u00e0 dire.<\/p>\n<div class=\"vlp-link-container vlp-layout-article\"><a href=\"https:\/\/dicodusport.fr\/blog\/enduropale-du-touquet-2025-engages-et-favoris\/\" class=\"vlp-link\" title=\"Enduropale du Touquet 2025 : Engag\u00e9s et Favoris\"><\/a><div class=\"vlp-layout-zone-side\"><div class=\"vlp-block-4 vlp-link-image\"><img loading=\"lazy\" decoding=\"async\" style=\"max-width: 792px;\" width=\"792\" height=\"445\" src=\"https:\/\/dicodusport.fr\/blog\/wp-content\/uploads\/2025\/02\/Enduropale-du-Touquet-2025-Engages-et-Favoris.png\" class=\"attachment-800x445 size-800x445\" alt=\"\" srcset=\"https:\/\/dicodusport.fr\/blog\/wp-content\/uploads\/2025\/02\/Enduropale-du-Touquet-2025-Engages-et-Favoris.png 1200w, https:\/\/dicodusport.fr\/blog\/wp-content\/uploads\/2025\/02\/Enduropale-du-Touquet-2025-Engages-et-Favoris-300x169.png 300w, https:\/\/dicodusport.fr\/blog\/wp-content\/uploads\/2025\/02\/Enduropale-du-Touquet-2025-Engages-et-Favoris-1024x575.png 1024w, https:\/\/dicodusport.fr\/blog\/wp-content\/uploads\/2025\/02\/Enduropale-du-Touquet-2025-Engages-et-Favoris-768x431.png 768w\" sizes=\"auto, (max-width: 792px) 100vw, 792px\" \/><\/div><\/div><div class=\"vlp-layout-zone-main\"><div class=\"vlp-block-0 vlp-link-title\">Enduropale du Touquet 2025 : Engag\u00e9s et Favoris<\/div><div class=\"vlp-block-1 vlp-link-summary\">ENDUROPALE DU TOUQUET 2025 - La 49\u00e8me \u00e9dition de l'Enduro du Touquet se d\u00e9roule ce dimanche 9 f\u00e9vrier. D\u00e9couvrez les engag\u00e9s et les favoris de l'\u00e9preuve.<\/div><div class=\"vlp-block-2 vlp-link-button\">Lire l'article<\/div><div class=\"vlp-block-3 vlp-link-url\">dicodusport.fr<\/div><\/div><\/div>\n<p style=\"text-align: justify;\">\u00c0 noter qu&rsquo;outre l&rsquo;<strong>Enduropale<\/strong> dimanche, plusieurs \u00e9preuves se d\u00e9roulent vendredi et samedi. L&rsquo;<strong>Enduro Vintage<\/strong>, puis les <strong>Enduro Espoirs et Juniors<\/strong>, seront notamment \u00e0 suivre, tout comme le <a href=\"https:\/\/dicodusport.fr\/blog\/quaduro-du-touquet-2025-les-engages\/\"><strong>Quaduro<\/strong><\/a>, samedi apr\u00e8s-midi. Le mythique<strong> Enduro du Touquet<\/strong> sera \u00e0 suivre sur <em>France 3 Hauts-de-France<\/em>, <em>La cha\u00eene L&rsquo;\u00c9quipe<\/em> et <em>Auto-Moto La Cha\u00eene<\/em>.<\/p>\n<h2 style=\"text-align: justify;\">Le programme TV de l&rsquo;Enduropale du Touquet 2025<\/h2>\n<h3 style=\"text-align: justify;\"><strong>Vendredi 7 f\u00e9vrier 2025<\/strong><\/h3>\n<p style=\"text-align: justify;\"><strong>Page Facebook de la R\u00e9gion des Hauts-de-France et WEO<\/strong><\/p>\n<p style=\"text-align: justify;\"><strong>14h30 :<\/strong> Enduro Vintage Bernard Baudoux<\/p>\n<h3 style=\"text-align: justify;\"><strong>Samedi 8 f\u00e9vrier 2025<\/strong><\/h3>\n<p style=\"text-align: justify;\"><strong>Page Facebook Enduropale du Touquet Pas-de-Calais<\/strong><\/p>\n<p style=\"text-align: justify;\"><strong>9h00 :<\/strong> Enduropale Espoirs<br \/>\n<strong>11h00 :<\/strong> Euduropale Juniors<\/p>\n<p style=\"text-align: justify;\"><strong>Page Facebook Enduropale du Touquet Pas-de-Calais et la Page Facebook de la R\u00e9gion Hauts-de-France<\/strong><\/p>\n<p style=\"text-align: justify;\"><strong>14h00 :<\/strong> Quaduro<\/p>\n<p style=\"text-align: justify;\"><strong>La cha\u00eene L&rsquo;\u00c9quipe<\/strong><\/p>\n<p style=\"text-align: justify;\"><strong>16h00 en diff\u00e9r\u00e9 :<\/strong> Quaduro<\/p>\n<h3 class=\"article-s4-rs mb-5 md:mb-3 -md:common-container\" style=\"text-align: justify;\">Dimanche 9 f\u00e9vrier 2025<\/h3>\n<p style=\"text-align: justify;\"><strong>France 3 Hauts-de-France<\/strong><\/p>\n<p style=\"text-align: justify;\"><strong>13h00 : <\/strong>Avant-course<strong><br \/>\n<\/strong><strong>14h00 :<\/strong> D\u00e9part de la course<\/p>\n<p style=\"text-align: justify;\"><strong>La cha\u00eene L&rsquo;\u00c9quipe<\/strong><\/p>\n<p style=\"text-align: justify;\"><strong>13h30 :<\/strong> Avant-course<br \/>\n<strong>14h00 :<\/strong> D\u00e9part de la course<\/p>\n<p style=\"text-align: justify;\"><strong>Auto-Moto La Cha\u00eene<\/strong><\/p>\n<p style=\"text-align: justify;\"><strong>11h30 : <\/strong>Avant-course<strong><br \/>\n<\/strong><strong>14h00 :<\/strong> D\u00e9part de la course<\/p>\n","protected":false},"excerpt":{"rendered":"<p>ENDURO DU TOUQUET 2025 &#8211; Sur quelle cha\u00eene TV et \u00e0 quelle heure suivre l&rsquo;Enduropale du Touquet, qui se d\u00e9roule ce dimanche 9 f\u00e9vrier 2025 ?<\/p>\n","protected":false},"author":4,"featured_media":553259,"comment_status":"open","ping_status":"closed","sticky":false,"template":"","format":"standard","meta":{"_acf_changed":false,"_daextam_enable_autolinks":"1","footnotes":""},"categories":[8671],"tags":[16878],"class_list":["post-553055","post","type-post","status-publish","format-standard","has-post-thumbnail","hentry","category-moto","tag-breve"],"acf":[],"yoast_head":"<!-- This site is optimized with the Yoast SEO Premium plugin v26.7 (Yoast SEO v26.7) - https:\/\/yoast.com\/wordpress\/plugins\/seo\/ -->\n<title>Enduropale du Touquet 2025 : Sur quelle cha\u00eene TV et \u00e0 quelle heure<\/title>\n<meta name=\"description\" content=\"ENDURO DU TOUQUET 2025 - Sur quelle cha\u00eene TV et \u00e0 quelle heure suivre l&#039;Enduropale du Touquet, qui se d\u00e9roule ce dimanche 9 f\u00e9vrier 2025 ?\" \/>\n<meta name=\"robots\" content=\"index, follow, max-snippet:-1, max-image-preview:large, max-video-preview:-1\" \/>\n<link rel=\"canonical\" href=\"https:\/\/dicodusport.fr\/blog\/enduropale-du-touquet-2025-sur-quelle-chaine-tv-et-a-quelle-heure\/\" \/>\n<meta property=\"og:locale\" content=\"fr_FR\" \/>\n<meta property=\"og:type\" content=\"article\" \/>\n<meta property=\"og:title\" content=\"Enduropale du Touquet 2025 : Sur quelle cha\u00eene TV et \u00e0 quelle heure\" \/>\n<meta property=\"og:description\" content=\"ENDURO DU TOUQUET 2025 - Sur quelle cha\u00eene TV et \u00e0 quelle heure suivre l&#039;Enduropale du Touquet, qui se d\u00e9roule ce dimanche 9 f\u00e9vrier 2025 ?\" \/>\n<meta property=\"og:url\" content=\"https:\/\/dicodusport.fr\/blog\/enduropale-du-touquet-2025-sur-quelle-chaine-tv-et-a-quelle-heure\/\" \/>\n<meta property=\"og:site_name\" content=\"Dicodusport\" \/>\n<meta property=\"article:publisher\" content=\"https:\/\/www.facebook.com\/dicodusport\" \/>\n<meta property=\"article:author\" content=\"https:\/\/www.facebook.com\/florent.ostermann\" \/>\n<meta property=\"article:published_time\" content=\"2025-02-06T17:22:00+00:00\" \/>\n<meta property=\"og:image\" content=\"https:\/\/dicodusport.fr\/blog\/wp-content\/uploads\/2025\/02\/Enduropale-du-Touquet-2025-Sur-quelle-chaine-TV-et-a-quelle-heure.png\" \/>\n\t<meta property=\"og:image:width\" content=\"1200\" \/>\n\t<meta property=\"og:image:height\" content=\"674\" \/>\n\t<meta property=\"og:image:type\" content=\"image\/png\" \/>\n<meta name=\"author\" content=\"Flo Ostermann\" \/>\n<meta name=\"twitter:card\" content=\"summary_large_image\" \/>\n<meta name=\"twitter:title\" content=\"Enduropale du Touquet 2025 : Sur quelle cha\u00eene TV et \u00e0 quelle heure\" \/>\n<meta name=\"twitter:creator\" content=\"@https:\/\/twitter.com\/FlOstermann\" \/>\n<meta name=\"twitter:site\" content=\"@dicodusport\" \/>\n<script type=\"application\/ld+json\" class=\"yoast-schema-graph\">{\"@context\":\"https:\/\/schema.org\",\"@graph\":[{\"@type\":\"NewsArticle\",\"@id\":\"https:\/\/dicodusport.fr\/blog\/enduropale-du-touquet-2025-sur-quelle-chaine-tv-et-a-quelle-heure\/#article\",\"isPartOf\":{\"@id\":\"https:\/\/dicodusport.fr\/blog\/enduropale-du-touquet-2025-sur-quelle-chaine-tv-et-a-quelle-heure\/\"},\"author\":{\"name\":\"Flo Ostermann\",\"@id\":\"https:\/\/dicodusport.fr\/blog\/#\/schema\/person\/cb02af4c173ce4a653b55e9baf388d4a\"},\"headline\":\"Enduropale du Touquet 2025 : Sur quelle cha\u00eene TV et \u00e0 quelle heure\",\"datePublished\":\"2025-02-06T17:22:00+00:00\",\"mainEntityOfPage\":{\"@id\":\"https:\/\/dicodusport.fr\/blog\/enduropale-du-touquet-2025-sur-quelle-chaine-tv-et-a-quelle-heure\/\"},\"wordCount\":440,\"commentCount\":0,\"publisher\":{\"@id\":\"https:\/\/dicodusport.fr\/blog\/#organization\"},\"image\":{\"@id\":\"https:\/\/dicodusport.fr\/blog\/enduropale-du-touquet-2025-sur-quelle-chaine-tv-et-a-quelle-heure\/#primaryimage\"},\"thumbnailUrl\":\"https:\/\/dicodusport.fr\/blog\/wp-content\/uploads\/2025\/02\/Enduropale-du-Touquet-2025-Sur-quelle-chaine-TV-et-a-quelle-heure.png\",\"keywords\":[\"br\u00e8ve\"],\"articleSection\":[\"Moto\"],\"inLanguage\":\"fr-FR\",\"potentialAction\":[{\"@type\":\"CommentAction\",\"name\":\"Comment\",\"target\":[\"https:\/\/dicodusport.fr\/blog\/enduropale-du-touquet-2025-sur-quelle-chaine-tv-et-a-quelle-heure\/#respond\"]}],\"copyrightYear\":\"2025\",\"copyrightHolder\":{\"@id\":\"https:\/\/dicodusport.fr\/blog\/#organization\"}},{\"@type\":\"WebPage\",\"@id\":\"https:\/\/dicodusport.fr\/blog\/enduropale-du-touquet-2025-sur-quelle-chaine-tv-et-a-quelle-heure\/\",\"url\":\"https:\/\/dicodusport.fr\/blog\/enduropale-du-touquet-2025-sur-quelle-chaine-tv-et-a-quelle-heure\/\",\"name\":\"Enduropale du Touquet 2025 : Sur quelle cha\u00eene TV et \u00e0 quelle heure\",\"isPartOf\":{\"@id\":\"https:\/\/dicodusport.fr\/blog\/#website\"},\"primaryImageOfPage\":{\"@id\":\"https:\/\/dicodusport.fr\/blog\/enduropale-du-touquet-2025-sur-quelle-chaine-tv-et-a-quelle-heure\/#primaryimage\"},\"image\":{\"@id\":\"https:\/\/dicodusport.fr\/blog\/enduropale-du-touquet-2025-sur-quelle-chaine-tv-et-a-quelle-heure\/#primaryimage\"},\"thumbnailUrl\":\"https:\/\/dicodusport.fr\/blog\/wp-content\/uploads\/2025\/02\/Enduropale-du-Touquet-2025-Sur-quelle-chaine-TV-et-a-quelle-heure.png\",\"datePublished\":\"2025-02-06T17:22:00+00:00\",\"description\":\"ENDURO DU TOUQUET 2025 - Sur quelle cha\u00eene TV et \u00e0 quelle heure suivre l'Enduropale du Touquet, qui se d\u00e9roule ce dimanche 9 f\u00e9vrier 2025 ?\",\"breadcrumb\":{\"@id\":\"https:\/\/dicodusport.fr\/blog\/enduropale-du-touquet-2025-sur-quelle-chaine-tv-et-a-quelle-heure\/#breadcrumb\"},\"inLanguage\":\"fr-FR\",\"potentialAction\":[{\"@type\":\"ReadAction\",\"target\":[\"https:\/\/dicodusport.fr\/blog\/enduropale-du-touquet-2025-sur-quelle-chaine-tv-et-a-quelle-heure\/\"]}]},{\"@type\":\"ImageObject\",\"inLanguage\":\"fr-FR\",\"@id\":\"https:\/\/dicodusport.fr\/blog\/enduropale-du-touquet-2025-sur-quelle-chaine-tv-et-a-quelle-heure\/#primaryimage\",\"url\":\"https:\/\/dicodusport.fr\/blog\/wp-content\/uploads\/2025\/02\/Enduropale-du-Touquet-2025-Sur-quelle-chaine-TV-et-a-quelle-heure.png\",\"contentUrl\":\"https:\/\/dicodusport.fr\/blog\/wp-content\/uploads\/2025\/02\/Enduropale-du-Touquet-2025-Sur-quelle-chaine-TV-et-a-quelle-heure.png\",\"width\":1200,\"height\":674,\"caption\":\"Enduropale du Touquet 2025 Sur quelle cha\u00eene TV et \u00e0 quelle heure\"},{\"@type\":\"BreadcrumbList\",\"@id\":\"https:\/\/dicodusport.fr\/blog\/enduropale-du-touquet-2025-sur-quelle-chaine-tv-et-a-quelle-heure\/#breadcrumb\",\"itemListElement\":[{\"@type\":\"ListItem\",\"position\":1,\"name\":\"Accueil\",\"item\":\"https:\/\/dicodusport.fr\/blog\/\"},{\"@type\":\"ListItem\",\"position\":2,\"name\":\"Enduropale du Touquet 2025 : Sur quelle cha\u00eene TV et \u00e0 quelle heure\"}]},{\"@type\":\"WebSite\",\"@id\":\"https:\/\/dicodusport.fr\/blog\/#website\",\"url\":\"https:\/\/dicodusport.fr\/blog\/\",\"name\":\"Dicodusport\",\"description\":\"L&#039;encyclop\u00e9die de l&#039;actualit\u00e9 sportive\",\"publisher\":{\"@id\":\"https:\/\/dicodusport.fr\/blog\/#organization\"},\"potentialAction\":[{\"@type\":\"SearchAction\",\"target\":{\"@type\":\"EntryPoint\",\"urlTemplate\":\"https:\/\/dicodusport.fr\/blog\/?s={search_term_string}\"},\"query-input\":{\"@type\":\"PropertyValueSpecification\",\"valueRequired\":true,\"valueName\":\"search_term_string\"}}],\"inLanguage\":\"fr-FR\"},{\"@type\":\"NewsMediaOrganization\",\"@id\":\"https:\/\/dicodusport.fr\/blog\/#organization\",\"name\":\"Dicodusport\",\"url\":\"https:\/\/dicodusport.fr\/blog\/\",\"logo\":{\"@type\":\"ImageObject\",\"inLanguage\":\"fr-FR\",\"@id\":\"https:\/\/dicodusport.fr\/blog\/#\/schema\/logo\/image\/\",\"url\":\"https:\/\/dicodusport.fr\/blog\/wp-content\/uploads\/2020\/06\/cropped-LOGO-DICODUSPORT-2020-SANS-FOND-SANS-TEXTE.png\",\"contentUrl\":\"https:\/\/dicodusport.fr\/blog\/wp-content\/uploads\/2020\/06\/cropped-LOGO-DICODUSPORT-2020-SANS-FOND-SANS-TEXTE.png\",\"width\":512,\"height\":512,\"caption\":\"Dicodusport\"},\"image\":{\"@id\":\"https:\/\/dicodusport.fr\/blog\/#\/schema\/logo\/image\/\"},\"sameAs\":[\"https:\/\/www.facebook.com\/dicodusport\",\"https:\/\/x.com\/dicodusport\",\"https:\/\/www.instagram.com\/dicodusport\/\",\"https:\/\/www.youtube.com\/channel\/UC7V2KZ5sd3htJivAbA4ZG3w\"],\"description\":\"Dicodusport est l'encyclop\u00e9die de l'actualit\u00e9 sportive.\",\"email\":\"bonjour@dicodusport.fr\",\"legalName\":\"DICODUSPORT\",\"foundingDate\":\"2018-01-14\",\"vatID\":\"FR71834470973\",\"taxID\":\"83447097300043\",\"numberOfEmployees\":{\"@type\":\"QuantitativeValue\",\"minValue\":\"1\",\"maxValue\":\"10\"}},{\"@type\":\"Person\",\"@id\":\"https:\/\/dicodusport.fr\/blog\/#\/schema\/person\/cb02af4c173ce4a653b55e9baf388d4a\",\"name\":\"Flo Ostermann\",\"image\":{\"@type\":\"ImageObject\",\"inLanguage\":\"fr-FR\",\"@id\":\"https:\/\/dicodusport.fr\/blog\/#\/schema\/person\/image\/\",\"url\":\"https:\/\/dicodusport.fr\/blog\/wp-content\/uploads\/2021\/05\/Flo-Ostermann-150x150.jpg\",\"contentUrl\":\"https:\/\/dicodusport.fr\/blog\/wp-content\/uploads\/2021\/05\/Flo-Ostermann-150x150.jpg\",\"caption\":\"Flo Ostermann\"},\"description\":\"Journaliste\/R\u00e9dacteur depuis septembre 2015 - Mes premiers souvenirs dans le sport ? Les envol\u00e9es du Stade Toulousain et les duels Villeneuve-Schumacher et H\u00e4kkinen-Schumacher \u00e0 la fin des ann\u00e9es 90, la Coupe du monde de football en 1998, l\u2019exploit du XV de France face aux All Blacks en 1999, mais aussi Richard C\u0153ur de Lion qui vole sur les montagnes du Tour de France. Bien parti pour devenir professeur d\u2019EPS, les \u00e9v\u00e9nements de la vie (et la flemme d\u2019animer des s\u00e9ances de 3x500 m\u00e8tres toute ma vie) m\u2019ont conduit \u00e0 revoir mes plans. Me voil\u00e0 depuis fin 2017 sur Dicodusport, m\u00e9dia gr\u00e2ce (et pour) lequel je partage ma passion : le sport dans tous ses \u00e9tats. Le tout accompagn\u00e9 par les fous furieux et folles furieuses cit\u00e9s sur cette page !\",\"sameAs\":[\"https:\/\/www.facebook.com\/florent.ostermann\",\"https:\/\/x.com\/https:\/\/twitter.com\/FlOstermann\",\"admin\"],\"url\":\"https:\/\/dicodusport.fr\/blog\/author\/flo\/\"}]}<\/script>\n<!-- \/ Yoast SEO Premium plugin. -->","yoast_head_json":{"title":"Enduropale du Touquet 2025 : Sur quelle cha\u00eene TV et \u00e0 quelle heure","description":"ENDURO DU TOUQUET 2025 - Sur quelle cha\u00eene TV et \u00e0 quelle heure suivre l'Enduropale du Touquet, qui se d\u00e9roule ce dimanche 9 f\u00e9vrier 2025 ?","robots":{"index":"index","follow":"follow","max-snippet":"max-snippet:-1","max-image-preview":"max-image-preview:large","max-video-preview":"max-video-preview:-1"},"canonical":"https:\/\/dicodusport.fr\/blog\/enduropale-du-touquet-2025-sur-quelle-chaine-tv-et-a-quelle-heure\/","og_locale":"fr_FR","og_type":"article","og_title":"Enduropale du Touquet 2025 : Sur quelle cha\u00eene TV et \u00e0 quelle heure","og_description":"ENDURO DU TOUQUET 2025 - Sur quelle cha\u00eene TV et \u00e0 quelle heure suivre l'Enduropale du Touquet, qui se d\u00e9roule ce dimanche 9 f\u00e9vrier 2025 ?","og_url":"https:\/\/dicodusport.fr\/blog\/enduropale-du-touquet-2025-sur-quelle-chaine-tv-et-a-quelle-heure\/","og_site_name":"Dicodusport","article_publisher":"https:\/\/www.facebook.com\/dicodusport","article_author":"https:\/\/www.facebook.com\/florent.ostermann","article_published_time":"2025-02-06T17:22:00+00:00","og_image":[{"width":1200,"height":674,"url":"https:\/\/dicodusport.fr\/blog\/wp-content\/uploads\/2025\/02\/Enduropale-du-Touquet-2025-Sur-quelle-chaine-TV-et-a-quelle-heure.png","type":"image\/png"}],"author":"Flo Ostermann","twitter_card":"summary_large_image","twitter_title":"Enduropale du Touquet 2025 : Sur quelle cha\u00eene TV et \u00e0 quelle heure","twitter_creator":"@https:\/\/twitter.com\/FlOstermann","twitter_site":"@dicodusport","schema":{"@context":"https:\/\/schema.org","@graph":[{"@type":"NewsArticle","@id":"https:\/\/dicodusport.fr\/blog\/enduropale-du-touquet-2025-sur-quelle-chaine-tv-et-a-quelle-heure\/#article","isPartOf":{"@id":"https:\/\/dicodusport.fr\/blog\/enduropale-du-touquet-2025-sur-quelle-chaine-tv-et-a-quelle-heure\/"},"author":{"name":"Flo Ostermann","@id":"https:\/\/dicodusport.fr\/blog\/#\/schema\/person\/cb02af4c173ce4a653b55e9baf388d4a"},"headline":"Enduropale du Touquet 2025 : Sur quelle cha\u00eene TV et \u00e0 quelle heure","datePublished":"2025-02-06T17:22:00+00:00","mainEntityOfPage":{"@id":"https:\/\/dicodusport.fr\/blog\/enduropale-du-touquet-2025-sur-quelle-chaine-tv-et-a-quelle-heure\/"},"wordCount":440,"commentCount":0,"publisher":{"@id":"https:\/\/dicodusport.fr\/blog\/#organization"},"image":{"@id":"https:\/\/dicodusport.fr\/blog\/enduropale-du-touquet-2025-sur-quelle-chaine-tv-et-a-quelle-heure\/#primaryimage"},"thumbnailUrl":"https:\/\/dicodusport.fr\/blog\/wp-content\/uploads\/2025\/02\/Enduropale-du-Touquet-2025-Sur-quelle-chaine-TV-et-a-quelle-heure.png","keywords":["br\u00e8ve"],"articleSection":["Moto"],"inLanguage":"fr-FR","potentialAction":[{"@type":"CommentAction","name":"Comment","target":["https:\/\/dicodusport.fr\/blog\/enduropale-du-touquet-2025-sur-quelle-chaine-tv-et-a-quelle-heure\/#respond"]}],"copyrightYear":"2025","copyrightHolder":{"@id":"https:\/\/dicodusport.fr\/blog\/#organization"}},{"@type":"WebPage","@id":"https:\/\/dicodusport.fr\/blog\/enduropale-du-touquet-2025-sur-quelle-chaine-tv-et-a-quelle-heure\/","url":"https:\/\/dicodusport.fr\/blog\/enduropale-du-touquet-2025-sur-quelle-chaine-tv-et-a-quelle-heure\/","name":"Enduropale du Touquet 2025 : Sur quelle cha\u00eene TV et \u00e0 quelle heure","isPartOf":{"@id":"https:\/\/dicodusport.fr\/blog\/#website"},"primaryImageOfPage":{"@id":"https:\/\/dicodusport.fr\/blog\/enduropale-du-touquet-2025-sur-quelle-chaine-tv-et-a-quelle-heure\/#primaryimage"},"image":{"@id":"https:\/\/dicodusport.fr\/blog\/enduropale-du-touquet-2025-sur-quelle-chaine-tv-et-a-quelle-heure\/#primaryimage"},"thumbnailUrl":"https:\/\/dicodusport.fr\/blog\/wp-content\/uploads\/2025\/02\/Enduropale-du-Touquet-2025-Sur-quelle-chaine-TV-et-a-quelle-heure.png","datePublished":"2025-02-06T17:22:00+00:00","description":"ENDURO DU TOUQUET 2025 - Sur quelle cha\u00eene TV et \u00e0 quelle heure suivre l'Enduropale du Touquet, qui se d\u00e9roule ce dimanche 9 f\u00e9vrier 2025 ?","breadcrumb":{"@id":"https:\/\/dicodusport.fr\/blog\/enduropale-du-touquet-2025-sur-quelle-chaine-tv-et-a-quelle-heure\/#breadcrumb"},"inLanguage":"fr-FR","potentialAction":[{"@type":"ReadAction","target":["https:\/\/dicodusport.fr\/blog\/enduropale-du-touquet-2025-sur-quelle-chaine-tv-et-a-quelle-heure\/"]}]},{"@type":"ImageObject","inLanguage":"fr-FR","@id":"https:\/\/dicodusport.fr\/blog\/enduropale-du-touquet-2025-sur-quelle-chaine-tv-et-a-quelle-heure\/#primaryimage","url":"https:\/\/dicodusport.fr\/blog\/wp-content\/uploads\/2025\/02\/Enduropale-du-Touquet-2025-Sur-quelle-chaine-TV-et-a-quelle-heure.png","contentUrl":"https:\/\/dicodusport.fr\/blog\/wp-content\/uploads\/2025\/02\/Enduropale-du-Touquet-2025-Sur-quelle-chaine-TV-et-a-quelle-heure.png","width":1200,"height":674,"caption":"Enduropale du Touquet 2025 Sur quelle cha\u00eene TV et \u00e0 quelle heure"},{"@type":"BreadcrumbList","@id":"https:\/\/dicodusport.fr\/blog\/enduropale-du-touquet-2025-sur-quelle-chaine-tv-et-a-quelle-heure\/#breadcrumb","itemListElement":[{"@type":"ListItem","position":1,"name":"Accueil","item":"https:\/\/dicodusport.fr\/blog\/"},{"@type":"ListItem","position":2,"name":"Enduropale du Touquet 2025 : Sur quelle cha\u00eene TV et \u00e0 quelle heure"}]},{"@type":"WebSite","@id":"https:\/\/dicodusport.fr\/blog\/#website","url":"https:\/\/dicodusport.fr\/blog\/","name":"Dicodusport","description":"L&#039;encyclop\u00e9die de l&#039;actualit\u00e9 sportive","publisher":{"@id":"https:\/\/dicodusport.fr\/blog\/#organization"},"potentialAction":[{"@type":"SearchAction","target":{"@type":"EntryPoint","urlTemplate":"https:\/\/dicodusport.fr\/blog\/?s={search_term_string}"},"query-input":{"@type":"PropertyValueSpecification","valueRequired":true,"valueName":"search_term_string"}}],"inLanguage":"fr-FR"},{"@type":"NewsMediaOrganization","@id":"https:\/\/dicodusport.fr\/blog\/#organization","name":"Dicodusport","url":"https:\/\/dicodusport.fr\/blog\/","logo":{"@type":"ImageObject","inLanguage":"fr-FR","@id":"https:\/\/dicodusport.fr\/blog\/#\/schema\/logo\/image\/","url":"https:\/\/dicodusport.fr\/blog\/wp-content\/uploads\/2020\/06\/cropped-LOGO-DICODUSPORT-2020-SANS-FOND-SANS-TEXTE.png","contentUrl":"https:\/\/dicodusport.fr\/blog\/wp-content\/uploads\/2020\/06\/cropped-LOGO-DICODUSPORT-2020-SANS-FOND-SANS-TEXTE.png","width":512,"height":512,"caption":"Dicodusport"},"image":{"@id":"https:\/\/dicodusport.fr\/blog\/#\/schema\/logo\/image\/"},"sameAs":["https:\/\/www.facebook.com\/dicodusport","https:\/\/x.com\/dicodusport","https:\/\/www.instagram.com\/dicodusport\/","https:\/\/www.youtube.com\/channel\/UC7V2KZ5sd3htJivAbA4ZG3w"],"description":"Dicodusport est l'encyclop\u00e9die de l'actualit\u00e9 sportive.","email":"bonjour@dicodusport.fr","legalName":"DICODUSPORT","foundingDate":"2018-01-14","vatID":"FR71834470973","taxID":"83447097300043","numberOfEmployees":{"@type":"QuantitativeValue","minValue":"1","maxValue":"10"}},{"@type":"Person","@id":"https:\/\/dicodusport.fr\/blog\/#\/schema\/person\/cb02af4c173ce4a653b55e9baf388d4a","name":"Flo Ostermann","image":{"@type":"ImageObject","inLanguage":"fr-FR","@id":"https:\/\/dicodusport.fr\/blog\/#\/schema\/person\/image\/","url":"https:\/\/dicodusport.fr\/blog\/wp-content\/uploads\/2021\/05\/Flo-Ostermann-150x150.jpg","contentUrl":"https:\/\/dicodusport.fr\/blog\/wp-content\/uploads\/2021\/05\/Flo-Ostermann-150x150.jpg","caption":"Flo Ostermann"},"description":"Journaliste\/R\u00e9dacteur depuis septembre 2015 - Mes premiers souvenirs dans le sport ? Les envol\u00e9es du Stade Toulousain et les duels Villeneuve-Schumacher et H\u00e4kkinen-Schumacher \u00e0 la fin des ann\u00e9es 90, la Coupe du monde de football en 1998, l\u2019exploit du XV de France face aux All Blacks en 1999, mais aussi Richard C\u0153ur de Lion qui vole sur les montagnes du Tour de France. Bien parti pour devenir professeur d\u2019EPS, les \u00e9v\u00e9nements de la vie (et la flemme d\u2019animer des s\u00e9ances de 3x500 m\u00e8tres toute ma vie) m\u2019ont conduit \u00e0 revoir mes plans. Me voil\u00e0 depuis fin 2017 sur Dicodusport, m\u00e9dia gr\u00e2ce (et pour) lequel je partage ma passion : le sport dans tous ses \u00e9tats. Le tout accompagn\u00e9 par les fous furieux et folles furieuses cit\u00e9s sur cette page !","sameAs":["https:\/\/www.facebook.com\/florent.ostermann","https:\/\/x.com\/https:\/\/twitter.com\/FlOstermann","admin"],"url":"https:\/\/dicodusport.fr\/blog\/author\/flo\/"}]}},"_links":{"self":[{"href":"https:\/\/dicodusport.fr\/blog\/wp-json\/wp\/v2\/posts\/553055","targetHints":{"allow":["GET"]}}],"collection":[{"href":"https:\/\/dicodusport.fr\/blog\/wp-json\/wp\/v2\/posts"}],"about":[{"href":"https:\/\/dicodusport.fr\/blog\/wp-json\/wp\/v2\/types\/post"}],"author":[{"embeddable":true,"href":"https:\/\/dicodusport.fr\/blog\/wp-json\/wp\/v2\/users\/4"}],"replies":[{"embeddable":true,"href":"https:\/\/dicodusport.fr\/blog\/wp-json\/wp\/v2\/comments?post=553055"}],"version-history":[{"count":4,"href":"https:\/\/dicodusport.fr\/blog\/wp-json\/wp\/v2\/posts\/553055\/revisions"}],"predecessor-version":[{"id":553262,"href":"https:\/\/dicodusport.fr\/blog\/wp-json\/wp\/v2\/posts\/553055\/revisions\/553262"}],"wp:featuredmedia":[{"embeddable":true,"href":"https:\/\/dicodusport.fr\/blog\/wp-json\/wp\/v2\/media\/553259"}],"wp:attachment":[{"href":"https:\/\/dicodusport.fr\/blog\/wp-json\/wp\/v2\/media?parent=553055"}],"wp:term":[{"taxonomy":"category","embeddable":true,"href":"https:\/\/dicodusport.fr\/blog\/wp-json\/wp\/v2\/categories?post=553055"},{"taxonomy":"post_tag","embeddable":true,"href":"https:\/\/dicodusport.fr\/blog\/wp-json\/wp\/v2\/tags?post=553055"}],"curies":[{"name":"wp","href":"https:\/\/api.w.org\/{rel}","templated":true}]}}