{"id":553090,"date":"2025-02-06T12:46:15","date_gmt":"2025-02-06T11:46:15","guid":{"rendered":"https:\/\/dicodusport.fr\/blog\/?p=553090&#038;preview=true&#038;preview_id=553090"},"modified":"2025-02-06T14:40:37","modified_gmt":"2025-02-06T13:40:37","slug":"ski-alpin-championnats-du-monde-stephanie-venier-sacree-en-super-g","status":"publish","type":"post","link":"https:\/\/dicodusport.fr\/blog\/ski-alpin-championnats-du-monde-stephanie-venier-sacree-en-super-g\/","title":{"rendered":"Ski alpin Championnats du monde : Stephanie Venier sacr\u00e9e en Super-G"},"content":{"rendered":"<h4 style=\"text-align: justify;\"><em>SKI ALPIN CHAMPIONNATS DU MONDE 2025 &#8211; Sur la piste Ulli Maier, Stephanie Venier a remport\u00e9 le titre de championne du monde de Super-G \u00e0 Saalbach en Autriche. Elle a devanc\u00e9 Federica Brignone. Kajsa Vickhoff Lie et Lauren Macuga ont pris la m\u00e9daille de bronze.\u00a0<\/em><\/h4>\n<ul style=\"text-align: justify;\">\n<li style=\"text-align: justify;\"><strong>\u00c0 ce sujet \u2013\u00a0<a href=\"https:\/\/dicodusport.fr\/blog\/programme-et-resultats-ski-alpin-championnats-du-monde-2025\/\">Programme et r\u00e9sultats Ski alpin Championnats du monde 2025<\/a><\/strong><\/li>\n<\/ul>\n<p style=\"text-align: justify;\">Apr\u00e8s <a href=\"https:\/\/dicodusport.fr\/blog\/ski-alpin-championnats-du-monde-litalie-sacree-sur-le-slalom-parallele-par-equipes\/\">le succ\u00e8s italien lors du parall\u00e8le par \u00e9quipes<\/a>, il y a deux jours, place \u00e0 la premi\u00e8re comp\u00e9tition individuelle de ces championnats du monde \u00e0 <strong>Saalbach<\/strong> avec le Super-G. La piste a propos\u00e9 une longueur de 2,1 km pour un d\u00e9nivel\u00e9 de 584 m\u00e8tres avec de nombreux mouvements de terrain, des replats, deux sauts et m\u00eame une petite remont\u00e9e. Les femmes sont parties avec un d\u00e9part plus raide que le reste de la piste avec des premiers virages sur le trac\u00e9 des hommes pour prendre un maximum de vitesse. Mis \u00e0 part en haut du trac\u00e9, il n&rsquo;y avait pas de virages difficiles avec m\u00eame une banane sur le bas. Pour rappel, c&rsquo;est la <strong>deuxi\u00e8me fois\u00a0<\/strong>que Saalbach accueille des Mondiaux apr\u00e8s <strong>1991<\/strong>.<\/p>\n<ul>\n<li style=\"text-align: justify;\"><strong>\u00c0 ce sujet &#8211; <a href=\"https:\/\/dicodusport.fr\/blog\/mondiaux-ski-alpin-2025-classement-super-g-femmes\/\">Mondiaux Ski alpin 2025 \u2013 Classement Super-G femmes<\/a><\/strong><\/li>\n<\/ul>\n<h2 style=\"text-align: justify;\">Venier dame le pion \u00e0 Brignone<\/h2>\n<p style=\"text-align: justify;\"><strong>Stephanie Venier<\/strong> a r\u00e9pondu pr\u00e9sente devant son public. L&rsquo;Autrichienne a amen\u00e9 un maximum de vitesse sur les portions de glisse et a tenu le choc sur la partie finale plus tournante pour d\u00e9crocher le titre mondial en 1 minute 20 secondes et 47 centi\u00e8mes. <strong>Venier<\/strong> a apport\u00e9 le huiti\u00e8me sacre mondial dans la discipline pour l&rsquo;Autriche apr\u00e8s la d\u00e9funte Ulrike Maier en 1989 et 1991, Alexandra Meissnitzer en 1999, Michaela Dorfmeister en 2003, Elisabeth G\u00f6rgl en 2011, Anna Fenninger en 2015 et Nicole Schmidhofer en 2017.<\/p>\n<blockquote class=\"twitter-tweet\">\n<p dir=\"ltr\" lang=\"fr\">Le titre mondial \u00e0 domicile pour Stephanie Venier ! L&rsquo;Autrichienne remporte le super-G devant Federica Brignone ! \ud83d\udc4f<\/p>\n<p>Suivez les Mondiaux de ski alpin sur Eurosport et Max <a href=\"https:\/\/t.co\/MDDp5LWRTC\">pic.twitter.com\/MDDp5LWRTC<\/a><\/p>\n<p>\u2014 Eurosport France (@Eurosport_FR) <a href=\"https:\/\/twitter.com\/Eurosport_FR\/status\/1887466622064939488?ref_src=twsrc%5Etfw\">February 6, 2025<\/a><\/p><\/blockquote>\n<p><script async src=\"https:\/\/platform.twitter.com\/widgets.js\" charset=\"utf-8\"><\/script><\/p>\n<p style=\"text-align: justify;\"><strong>Federica Brignone<\/strong> a pens\u00e9, un court instant, faire la course parfaite en \u00e9tant tr\u00e8s directe sur les lignes et en \u00e9tant intelligente sur les deux portes tactiques. Mais, l&rsquo;Italienne a \u00e9chou\u00e9 pour 24 centi\u00e8mes. Ensuite, <strong>Kajsa Vickhoff Lie<\/strong> et<strong> Lauren Macuga<\/strong> ont \u00e9t\u00e9 excellentes sur le bas de la piste pour compl\u00e9ter le podium \u00e0 24 centi\u00e8mes. Malheureusement, <strong>Sofia Goggia<\/strong> a regrett\u00e9 sa faute sur le second saut o\u00f9 elle n&rsquo;\u00e9tait pas dans la bonne direction. La tenante du titre a fini au pied du podium \u00e0 30 centi\u00e8mes.<\/p>\n<p style=\"text-align: justify;\">Partie avec le dossard 1, <strong>Laura Gauch\u00e9<\/strong> a manqu\u00e9 de vitesse sur le haut et n&rsquo;a pas pris assez de risque sur le bas pour c\u00e9der finalement 1.22, au douzi\u00e8me rang. Par la suite, <strong>Romane Miradoli<\/strong> a commis une belle faute d&rsquo;int\u00e9rieur sur le premier saut et a fait trop de fautes pour esp\u00e9rer mieux que le 14e rang \u00e0 1.59. Enfin, <strong>Camille Cerutti<\/strong> et <strong>Karen Cl\u00e9ment<\/strong> sont pass\u00e9es \u00e0 c\u00f4t\u00e9 de leur course en terminant \u00e0 2.04 et \u00e0 2.14.<\/p>\n","protected":false},"excerpt":{"rendered":"<p>SKI ALPIN CHAMPIONNATS DU MONDE 2025 &#8211; Sur la piste Ulli Maier, Stephanie Venier a remport\u00e9 le titre de championne du monde de Super-G \u00e0 Saalbach en Autriche.<\/p>\n","protected":false},"author":48,"featured_media":553169,"comment_status":"open","ping_status":"closed","sticky":false,"template":"","format":"standard","meta":{"_acf_changed":false,"_daextam_enable_autolinks":"1","footnotes":""},"categories":[47083],"tags":[16878,14301,374,24],"class_list":["post-553090","post","type-post","status-publish","format-standard","has-post-thumbnail","hentry","category-championnats-du-monde-ski-alpin","tag-breve","tag-championnats-du-monde-de-ski-alpin","tag-italie","tag-sport"],"acf":[],"yoast_head":"<!-- This site is optimized with the Yoast SEO Premium plugin v26.7 (Yoast SEO v26.7) - https:\/\/yoast.com\/wordpress\/plugins\/seo\/ -->\n<title>Ski alpin Championnats du monde : Stephanie Venier sacr\u00e9e en Super-G<\/title>\n<meta name=\"description\" content=\"SKI ALPIN CHAMPIONNATS DU MONDE 2025 - Sur la piste Ulli Maier, Stephanie Venier a remport\u00e9 le titre de championne du monde de Super-G \u00e0 Saalbach en Autriche.\" \/>\n<meta name=\"robots\" content=\"index, follow, max-snippet:-1, max-image-preview:large, max-video-preview:-1\" \/>\n<link rel=\"canonical\" href=\"https:\/\/dicodusport.fr\/blog\/ski-alpin-championnats-du-monde-stephanie-venier-sacree-en-super-g\/\" \/>\n<meta property=\"og:locale\" content=\"fr_FR\" \/>\n<meta property=\"og:type\" content=\"article\" \/>\n<meta property=\"og:title\" content=\"Ski alpin Championnats du monde : Stephanie Venier sacr\u00e9e en Super-G\" \/>\n<meta property=\"og:description\" content=\"SKI ALPIN CHAMPIONNATS DU MONDE 2025 - Sur la piste Ulli Maier, Stephanie Venier a remport\u00e9 le titre de championne du monde de Super-G \u00e0 Saalbach en Autriche.\" \/>\n<meta property=\"og:url\" content=\"https:\/\/dicodusport.fr\/blog\/ski-alpin-championnats-du-monde-stephanie-venier-sacree-en-super-g\/\" \/>\n<meta property=\"og:site_name\" content=\"Dicodusport\" \/>\n<meta property=\"article:publisher\" content=\"https:\/\/www.facebook.com\/dicodusport\" \/>\n<meta property=\"article:author\" content=\"https:\/\/www.facebook.com\/groups\/LesRoisDuPeloton\" \/>\n<meta property=\"article:published_time\" content=\"2025-02-06T11:46:15+00:00\" \/>\n<meta property=\"article:modified_time\" content=\"2025-02-06T13:40:37+00:00\" \/>\n<meta property=\"og:image\" content=\"https:\/\/dicodusport.fr\/blog\/wp-content\/uploads\/2025\/02\/Ski-alpin-Championnats-du-monde-Stephanie-Venier-sacree-en-Super-G-1.png\" \/>\n\t<meta property=\"og:image:width\" content=\"1200\" \/>\n\t<meta property=\"og:image:height\" content=\"674\" \/>\n\t<meta property=\"og:image:type\" content=\"image\/png\" \/>\n<meta name=\"author\" content=\"Emilien Descampiaux\" \/>\n<meta name=\"twitter:card\" content=\"summary_large_image\" \/>\n<meta name=\"twitter:title\" content=\"Ski alpin Championnats du monde : Stephanie Venier sacr\u00e9e en Super-G\" \/>\n<meta name=\"twitter:creator\" content=\"@https:\/\/twitter.com\/LRoisDuPeloton\" \/>\n<meta name=\"twitter:site\" content=\"@dicodusport\" \/>\n<script type=\"application\/ld+json\" class=\"yoast-schema-graph\">{\"@context\":\"https:\/\/schema.org\",\"@graph\":[{\"@type\":\"NewsArticle\",\"@id\":\"https:\/\/dicodusport.fr\/blog\/ski-alpin-championnats-du-monde-stephanie-venier-sacree-en-super-g\/#article\",\"isPartOf\":{\"@id\":\"https:\/\/dicodusport.fr\/blog\/ski-alpin-championnats-du-monde-stephanie-venier-sacree-en-super-g\/\"},\"author\":{\"name\":\"Emilien Descampiaux\",\"@id\":\"https:\/\/dicodusport.fr\/blog\/#\/schema\/person\/6db4bae06b171592211be385b32876a7\"},\"headline\":\"Ski alpin Championnats du monde : Stephanie Venier sacr\u00e9e en Super-G\",\"datePublished\":\"2025-02-06T11:46:15+00:00\",\"dateModified\":\"2025-02-06T13:40:37+00:00\",\"mainEntityOfPage\":{\"@id\":\"https:\/\/dicodusport.fr\/blog\/ski-alpin-championnats-du-monde-stephanie-venier-sacree-en-super-g\/\"},\"wordCount\":506,\"commentCount\":0,\"publisher\":{\"@id\":\"https:\/\/dicodusport.fr\/blog\/#organization\"},\"image\":{\"@id\":\"https:\/\/dicodusport.fr\/blog\/ski-alpin-championnats-du-monde-stephanie-venier-sacree-en-super-g\/#primaryimage\"},\"thumbnailUrl\":\"https:\/\/dicodusport.fr\/blog\/wp-content\/uploads\/2025\/02\/Ski-alpin-Championnats-du-monde-Stephanie-Venier-sacree-en-Super-G-1.png\",\"keywords\":[\"br\u00e8ve\",\"Championnats du monde de ski alpin\",\"Italie\",\"sport\"],\"articleSection\":[\"Championnats du monde de ski alpin\"],\"inLanguage\":\"fr-FR\",\"potentialAction\":[{\"@type\":\"CommentAction\",\"name\":\"Comment\",\"target\":[\"https:\/\/dicodusport.fr\/blog\/ski-alpin-championnats-du-monde-stephanie-venier-sacree-en-super-g\/#respond\"]}],\"copyrightYear\":\"2025\",\"copyrightHolder\":{\"@id\":\"https:\/\/dicodusport.fr\/blog\/#organization\"}},{\"@type\":\"WebPage\",\"@id\":\"https:\/\/dicodusport.fr\/blog\/ski-alpin-championnats-du-monde-stephanie-venier-sacree-en-super-g\/\",\"url\":\"https:\/\/dicodusport.fr\/blog\/ski-alpin-championnats-du-monde-stephanie-venier-sacree-en-super-g\/\",\"name\":\"Ski alpin Championnats du monde : Stephanie Venier sacr\u00e9e en Super-G\",\"isPartOf\":{\"@id\":\"https:\/\/dicodusport.fr\/blog\/#website\"},\"primaryImageOfPage\":{\"@id\":\"https:\/\/dicodusport.fr\/blog\/ski-alpin-championnats-du-monde-stephanie-venier-sacree-en-super-g\/#primaryimage\"},\"image\":{\"@id\":\"https:\/\/dicodusport.fr\/blog\/ski-alpin-championnats-du-monde-stephanie-venier-sacree-en-super-g\/#primaryimage\"},\"thumbnailUrl\":\"https:\/\/dicodusport.fr\/blog\/wp-content\/uploads\/2025\/02\/Ski-alpin-Championnats-du-monde-Stephanie-Venier-sacree-en-Super-G-1.png\",\"datePublished\":\"2025-02-06T11:46:15+00:00\",\"dateModified\":\"2025-02-06T13:40:37+00:00\",\"description\":\"SKI ALPIN CHAMPIONNATS DU MONDE 2025 - Sur la piste Ulli Maier, Stephanie Venier a remport\u00e9 le titre de championne du monde de Super-G \u00e0 Saalbach en Autriche.\",\"breadcrumb\":{\"@id\":\"https:\/\/dicodusport.fr\/blog\/ski-alpin-championnats-du-monde-stephanie-venier-sacree-en-super-g\/#breadcrumb\"},\"inLanguage\":\"fr-FR\",\"potentialAction\":[{\"@type\":\"ReadAction\",\"target\":[\"https:\/\/dicodusport.fr\/blog\/ski-alpin-championnats-du-monde-stephanie-venier-sacree-en-super-g\/\"]}]},{\"@type\":\"ImageObject\",\"inLanguage\":\"fr-FR\",\"@id\":\"https:\/\/dicodusport.fr\/blog\/ski-alpin-championnats-du-monde-stephanie-venier-sacree-en-super-g\/#primaryimage\",\"url\":\"https:\/\/dicodusport.fr\/blog\/wp-content\/uploads\/2025\/02\/Ski-alpin-Championnats-du-monde-Stephanie-Venier-sacree-en-Super-G-1.png\",\"contentUrl\":\"https:\/\/dicodusport.fr\/blog\/wp-content\/uploads\/2025\/02\/Ski-alpin-Championnats-du-monde-Stephanie-Venier-sacree-en-Super-G-1.png\",\"width\":1200,\"height\":674,\"caption\":\"Ski alpin Championnats du monde Stephanie Venier sacr\u00e9e en Super-G (1)\"},{\"@type\":\"BreadcrumbList\",\"@id\":\"https:\/\/dicodusport.fr\/blog\/ski-alpin-championnats-du-monde-stephanie-venier-sacree-en-super-g\/#breadcrumb\",\"itemListElement\":[{\"@type\":\"ListItem\",\"position\":1,\"name\":\"Accueil\",\"item\":\"https:\/\/dicodusport.fr\/blog\/\"},{\"@type\":\"ListItem\",\"position\":2,\"name\":\"Ski alpin Championnats du monde : Stephanie Venier sacr\u00e9e en Super-G\"}]},{\"@type\":\"WebSite\",\"@id\":\"https:\/\/dicodusport.fr\/blog\/#website\",\"url\":\"https:\/\/dicodusport.fr\/blog\/\",\"name\":\"Dicodusport\",\"description\":\"L&#039;encyclop\u00e9die de l&#039;actualit\u00e9 sportive\",\"publisher\":{\"@id\":\"https:\/\/dicodusport.fr\/blog\/#organization\"},\"potentialAction\":[{\"@type\":\"SearchAction\",\"target\":{\"@type\":\"EntryPoint\",\"urlTemplate\":\"https:\/\/dicodusport.fr\/blog\/?s={search_term_string}\"},\"query-input\":{\"@type\":\"PropertyValueSpecification\",\"valueRequired\":true,\"valueName\":\"search_term_string\"}}],\"inLanguage\":\"fr-FR\"},{\"@type\":\"NewsMediaOrganization\",\"@id\":\"https:\/\/dicodusport.fr\/blog\/#organization\",\"name\":\"Dicodusport\",\"url\":\"https:\/\/dicodusport.fr\/blog\/\",\"logo\":{\"@type\":\"ImageObject\",\"inLanguage\":\"fr-FR\",\"@id\":\"https:\/\/dicodusport.fr\/blog\/#\/schema\/logo\/image\/\",\"url\":\"https:\/\/dicodusport.fr\/blog\/wp-content\/uploads\/2020\/06\/cropped-LOGO-DICODUSPORT-2020-SANS-FOND-SANS-TEXTE.png\",\"contentUrl\":\"https:\/\/dicodusport.fr\/blog\/wp-content\/uploads\/2020\/06\/cropped-LOGO-DICODUSPORT-2020-SANS-FOND-SANS-TEXTE.png\",\"width\":512,\"height\":512,\"caption\":\"Dicodusport\"},\"image\":{\"@id\":\"https:\/\/dicodusport.fr\/blog\/#\/schema\/logo\/image\/\"},\"sameAs\":[\"https:\/\/www.facebook.com\/dicodusport\",\"https:\/\/x.com\/dicodusport\",\"https:\/\/www.instagram.com\/dicodusport\/\",\"https:\/\/www.youtube.com\/channel\/UC7V2KZ5sd3htJivAbA4ZG3w\"],\"description\":\"Dicodusport est l'encyclop\u00e9die de l'actualit\u00e9 sportive.\",\"email\":\"bonjour@dicodusport.fr\",\"legalName\":\"DICODUSPORT\",\"foundingDate\":\"2018-01-14\",\"vatID\":\"FR71834470973\",\"taxID\":\"83447097300043\",\"numberOfEmployees\":{\"@type\":\"QuantitativeValue\",\"minValue\":\"1\",\"maxValue\":\"10\"}},{\"@type\":\"Person\",\"@id\":\"https:\/\/dicodusport.fr\/blog\/#\/schema\/person\/6db4bae06b171592211be385b32876a7\",\"name\":\"Emilien Descampiaux\",\"image\":{\"@type\":\"ImageObject\",\"inLanguage\":\"fr-FR\",\"@id\":\"https:\/\/dicodusport.fr\/blog\/#\/schema\/person\/image\/\",\"url\":\"https:\/\/dicodusport.fr\/blog\/wp-content\/uploads\/2021\/05\/Emilien-Descampiaux-150x150.jpg\",\"contentUrl\":\"https:\/\/dicodusport.fr\/blog\/wp-content\/uploads\/2021\/05\/Emilien-Descampiaux-150x150.jpg\",\"caption\":\"Emilien Descampiaux\"},\"description\":\"Journaliste\/r\u00e9dacteur depuis 2014 - Fan de la classe de Frank Vandenbroucke, je vis cyclisme (et de ses paysages) depuis plus de 20 ans. Je suis tr\u00e8s impliqu\u00e9 sur mes diff\u00e9rents r\u00e9seaux sociaux pour partager ma passion sur le monde et l'Histoire de la bicyclette avec ma voix sur les images en noir et blanc du succ\u00e8s de Rik Van Steenbergen lors du Ronde sur le V\u00e9lodrome de Gand.\",\"sameAs\":[\"https:\/\/www.facebook.com\/groups\/LesRoisDuPeloton\",\"https:\/\/x.com\/https:\/\/twitter.com\/LRoisDuPeloton\"],\"url\":\"https:\/\/dicodusport.fr\/blog\/author\/emiliend\/\"}]}<\/script>\n<!-- \/ Yoast SEO Premium plugin. -->","yoast_head_json":{"title":"Ski alpin Championnats du monde : Stephanie Venier sacr\u00e9e en Super-G","description":"SKI ALPIN CHAMPIONNATS DU MONDE 2025 - Sur la piste Ulli Maier, Stephanie Venier a remport\u00e9 le titre de championne du monde de Super-G \u00e0 Saalbach en Autriche.","robots":{"index":"index","follow":"follow","max-snippet":"max-snippet:-1","max-image-preview":"max-image-preview:large","max-video-preview":"max-video-preview:-1"},"canonical":"https:\/\/dicodusport.fr\/blog\/ski-alpin-championnats-du-monde-stephanie-venier-sacree-en-super-g\/","og_locale":"fr_FR","og_type":"article","og_title":"Ski alpin Championnats du monde : Stephanie Venier sacr\u00e9e en Super-G","og_description":"SKI ALPIN CHAMPIONNATS DU MONDE 2025 - Sur la piste Ulli Maier, Stephanie Venier a remport\u00e9 le titre de championne du monde de Super-G \u00e0 Saalbach en Autriche.","og_url":"https:\/\/dicodusport.fr\/blog\/ski-alpin-championnats-du-monde-stephanie-venier-sacree-en-super-g\/","og_site_name":"Dicodusport","article_publisher":"https:\/\/www.facebook.com\/dicodusport","article_author":"https:\/\/www.facebook.com\/groups\/LesRoisDuPeloton","article_published_time":"2025-02-06T11:46:15+00:00","article_modified_time":"2025-02-06T13:40:37+00:00","og_image":[{"width":1200,"height":674,"url":"https:\/\/dicodusport.fr\/blog\/wp-content\/uploads\/2025\/02\/Ski-alpin-Championnats-du-monde-Stephanie-Venier-sacree-en-Super-G-1.png","type":"image\/png"}],"author":"Emilien Descampiaux","twitter_card":"summary_large_image","twitter_title":"Ski alpin Championnats du monde : Stephanie Venier sacr\u00e9e en Super-G","twitter_creator":"@https:\/\/twitter.com\/LRoisDuPeloton","twitter_site":"@dicodusport","schema":{"@context":"https:\/\/schema.org","@graph":[{"@type":"NewsArticle","@id":"https:\/\/dicodusport.fr\/blog\/ski-alpin-championnats-du-monde-stephanie-venier-sacree-en-super-g\/#article","isPartOf":{"@id":"https:\/\/dicodusport.fr\/blog\/ski-alpin-championnats-du-monde-stephanie-venier-sacree-en-super-g\/"},"author":{"name":"Emilien Descampiaux","@id":"https:\/\/dicodusport.fr\/blog\/#\/schema\/person\/6db4bae06b171592211be385b32876a7"},"headline":"Ski alpin Championnats du monde : Stephanie Venier sacr\u00e9e en Super-G","datePublished":"2025-02-06T11:46:15+00:00","dateModified":"2025-02-06T13:40:37+00:00","mainEntityOfPage":{"@id":"https:\/\/dicodusport.fr\/blog\/ski-alpin-championnats-du-monde-stephanie-venier-sacree-en-super-g\/"},"wordCount":506,"commentCount":0,"publisher":{"@id":"https:\/\/dicodusport.fr\/blog\/#organization"},"image":{"@id":"https:\/\/dicodusport.fr\/blog\/ski-alpin-championnats-du-monde-stephanie-venier-sacree-en-super-g\/#primaryimage"},"thumbnailUrl":"https:\/\/dicodusport.fr\/blog\/wp-content\/uploads\/2025\/02\/Ski-alpin-Championnats-du-monde-Stephanie-Venier-sacree-en-Super-G-1.png","keywords":["br\u00e8ve","Championnats du monde de ski alpin","Italie","sport"],"articleSection":["Championnats du monde de ski alpin"],"inLanguage":"fr-FR","potentialAction":[{"@type":"CommentAction","name":"Comment","target":["https:\/\/dicodusport.fr\/blog\/ski-alpin-championnats-du-monde-stephanie-venier-sacree-en-super-g\/#respond"]}],"copyrightYear":"2025","copyrightHolder":{"@id":"https:\/\/dicodusport.fr\/blog\/#organization"}},{"@type":"WebPage","@id":"https:\/\/dicodusport.fr\/blog\/ski-alpin-championnats-du-monde-stephanie-venier-sacree-en-super-g\/","url":"https:\/\/dicodusport.fr\/blog\/ski-alpin-championnats-du-monde-stephanie-venier-sacree-en-super-g\/","name":"Ski alpin Championnats du monde : Stephanie Venier sacr\u00e9e en Super-G","isPartOf":{"@id":"https:\/\/dicodusport.fr\/blog\/#website"},"primaryImageOfPage":{"@id":"https:\/\/dicodusport.fr\/blog\/ski-alpin-championnats-du-monde-stephanie-venier-sacree-en-super-g\/#primaryimage"},"image":{"@id":"https:\/\/dicodusport.fr\/blog\/ski-alpin-championnats-du-monde-stephanie-venier-sacree-en-super-g\/#primaryimage"},"thumbnailUrl":"https:\/\/dicodusport.fr\/blog\/wp-content\/uploads\/2025\/02\/Ski-alpin-Championnats-du-monde-Stephanie-Venier-sacree-en-Super-G-1.png","datePublished":"2025-02-06T11:46:15+00:00","dateModified":"2025-02-06T13:40:37+00:00","description":"SKI ALPIN CHAMPIONNATS DU MONDE 2025 - Sur la piste Ulli Maier, Stephanie Venier a remport\u00e9 le titre de championne du monde de Super-G \u00e0 Saalbach en Autriche.","breadcrumb":{"@id":"https:\/\/dicodusport.fr\/blog\/ski-alpin-championnats-du-monde-stephanie-venier-sacree-en-super-g\/#breadcrumb"},"inLanguage":"fr-FR","potentialAction":[{"@type":"ReadAction","target":["https:\/\/dicodusport.fr\/blog\/ski-alpin-championnats-du-monde-stephanie-venier-sacree-en-super-g\/"]}]},{"@type":"ImageObject","inLanguage":"fr-FR","@id":"https:\/\/dicodusport.fr\/blog\/ski-alpin-championnats-du-monde-stephanie-venier-sacree-en-super-g\/#primaryimage","url":"https:\/\/dicodusport.fr\/blog\/wp-content\/uploads\/2025\/02\/Ski-alpin-Championnats-du-monde-Stephanie-Venier-sacree-en-Super-G-1.png","contentUrl":"https:\/\/dicodusport.fr\/blog\/wp-content\/uploads\/2025\/02\/Ski-alpin-Championnats-du-monde-Stephanie-Venier-sacree-en-Super-G-1.png","width":1200,"height":674,"caption":"Ski alpin Championnats du monde Stephanie Venier sacr\u00e9e en Super-G (1)"},{"@type":"BreadcrumbList","@id":"https:\/\/dicodusport.fr\/blog\/ski-alpin-championnats-du-monde-stephanie-venier-sacree-en-super-g\/#breadcrumb","itemListElement":[{"@type":"ListItem","position":1,"name":"Accueil","item":"https:\/\/dicodusport.fr\/blog\/"},{"@type":"ListItem","position":2,"name":"Ski alpin Championnats du monde : Stephanie Venier sacr\u00e9e en Super-G"}]},{"@type":"WebSite","@id":"https:\/\/dicodusport.fr\/blog\/#website","url":"https:\/\/dicodusport.fr\/blog\/","name":"Dicodusport","description":"L&#039;encyclop\u00e9die de l&#039;actualit\u00e9 sportive","publisher":{"@id":"https:\/\/dicodusport.fr\/blog\/#organization"},"potentialAction":[{"@type":"SearchAction","target":{"@type":"EntryPoint","urlTemplate":"https:\/\/dicodusport.fr\/blog\/?s={search_term_string}"},"query-input":{"@type":"PropertyValueSpecification","valueRequired":true,"valueName":"search_term_string"}}],"inLanguage":"fr-FR"},{"@type":"NewsMediaOrganization","@id":"https:\/\/dicodusport.fr\/blog\/#organization","name":"Dicodusport","url":"https:\/\/dicodusport.fr\/blog\/","logo":{"@type":"ImageObject","inLanguage":"fr-FR","@id":"https:\/\/dicodusport.fr\/blog\/#\/schema\/logo\/image\/","url":"https:\/\/dicodusport.fr\/blog\/wp-content\/uploads\/2020\/06\/cropped-LOGO-DICODUSPORT-2020-SANS-FOND-SANS-TEXTE.png","contentUrl":"https:\/\/dicodusport.fr\/blog\/wp-content\/uploads\/2020\/06\/cropped-LOGO-DICODUSPORT-2020-SANS-FOND-SANS-TEXTE.png","width":512,"height":512,"caption":"Dicodusport"},"image":{"@id":"https:\/\/dicodusport.fr\/blog\/#\/schema\/logo\/image\/"},"sameAs":["https:\/\/www.facebook.com\/dicodusport","https:\/\/x.com\/dicodusport","https:\/\/www.instagram.com\/dicodusport\/","https:\/\/www.youtube.com\/channel\/UC7V2KZ5sd3htJivAbA4ZG3w"],"description":"Dicodusport est l'encyclop\u00e9die de l'actualit\u00e9 sportive.","email":"bonjour@dicodusport.fr","legalName":"DICODUSPORT","foundingDate":"2018-01-14","vatID":"FR71834470973","taxID":"83447097300043","numberOfEmployees":{"@type":"QuantitativeValue","minValue":"1","maxValue":"10"}},{"@type":"Person","@id":"https:\/\/dicodusport.fr\/blog\/#\/schema\/person\/6db4bae06b171592211be385b32876a7","name":"Emilien Descampiaux","image":{"@type":"ImageObject","inLanguage":"fr-FR","@id":"https:\/\/dicodusport.fr\/blog\/#\/schema\/person\/image\/","url":"https:\/\/dicodusport.fr\/blog\/wp-content\/uploads\/2021\/05\/Emilien-Descampiaux-150x150.jpg","contentUrl":"https:\/\/dicodusport.fr\/blog\/wp-content\/uploads\/2021\/05\/Emilien-Descampiaux-150x150.jpg","caption":"Emilien Descampiaux"},"description":"Journaliste\/r\u00e9dacteur depuis 2014 - Fan de la classe de Frank Vandenbroucke, je vis cyclisme (et de ses paysages) depuis plus de 20 ans. Je suis tr\u00e8s impliqu\u00e9 sur mes diff\u00e9rents r\u00e9seaux sociaux pour partager ma passion sur le monde et l'Histoire de la bicyclette avec ma voix sur les images en noir et blanc du succ\u00e8s de Rik Van Steenbergen lors du Ronde sur le V\u00e9lodrome de Gand.","sameAs":["https:\/\/www.facebook.com\/groups\/LesRoisDuPeloton","https:\/\/x.com\/https:\/\/twitter.com\/LRoisDuPeloton"],"url":"https:\/\/dicodusport.fr\/blog\/author\/emiliend\/"}]}},"_links":{"self":[{"href":"https:\/\/dicodusport.fr\/blog\/wp-json\/wp\/v2\/posts\/553090","targetHints":{"allow":["GET"]}}],"collection":[{"href":"https:\/\/dicodusport.fr\/blog\/wp-json\/wp\/v2\/posts"}],"about":[{"href":"https:\/\/dicodusport.fr\/blog\/wp-json\/wp\/v2\/types\/post"}],"author":[{"embeddable":true,"href":"https:\/\/dicodusport.fr\/blog\/wp-json\/wp\/v2\/users\/48"}],"replies":[{"embeddable":true,"href":"https:\/\/dicodusport.fr\/blog\/wp-json\/wp\/v2\/comments?post=553090"}],"version-history":[{"count":5,"href":"https:\/\/dicodusport.fr\/blog\/wp-json\/wp\/v2\/posts\/553090\/revisions"}],"predecessor-version":[{"id":553149,"href":"https:\/\/dicodusport.fr\/blog\/wp-json\/wp\/v2\/posts\/553090\/revisions\/553149"}],"wp:featuredmedia":[{"embeddable":true,"href":"https:\/\/dicodusport.fr\/blog\/wp-json\/wp\/v2\/media\/553169"}],"wp:attachment":[{"href":"https:\/\/dicodusport.fr\/blog\/wp-json\/wp\/v2\/media?parent=553090"}],"wp:term":[{"taxonomy":"category","embeddable":true,"href":"https:\/\/dicodusport.fr\/blog\/wp-json\/wp\/v2\/categories?post=553090"},{"taxonomy":"post_tag","embeddable":true,"href":"https:\/\/dicodusport.fr\/blog\/wp-json\/wp\/v2\/tags?post=553090"}],"curies":[{"name":"wp","href":"https:\/\/api.w.org\/{rel}","templated":true}]}}