{"id":553470,"date":"2025-02-07T14:18:02","date_gmt":"2025-02-07T13:18:02","guid":{"rendered":"https:\/\/dicodusport.fr\/blog\/?p=553470&#038;preview=true&#038;preview_id=553470"},"modified":"2025-07-09T18:35:42","modified_gmt":"2025-07-09T16:35:42","slug":"ibu-cup-ridnaun-voldiya-galmace-paulin-confirme-sur-la-poursuite","status":"publish","type":"post","link":"https:\/\/dicodusport.fr\/blog\/ibu-cup-ridnaun-voldiya-galmace-paulin-confirme-sur-la-poursuite\/","title":{"rendered":"IBU Cup Ridnaun : Voldiya Galmace Paulin confirme sur la poursuite"},"content":{"rendered":"<h4 style=\"text-align: justify;\"><em>IBU CUP 2024\/2025 &#8211; Apr\u00e8s une premi\u00e8re victoire en IBU Cup sur le sprint de Ridnaun, Voldiya Galmace Paulin confirme sur la poursuite. La Fran\u00e7aise am\u00e8ne avec elle sur le podium Marthe Krakstad Johansen et Sophie Chauveau.<\/em><\/h4>\n<ul style=\"text-align: justify;\">\n<li><strong>\u00c0 ce sujet &#8211;\u00a0<a href=\"https:\/\/dicodusport.fr\/blog\/actualites\/biathlon\/\">Toute l&rsquo;actualit\u00e9 du biathlon<\/a><\/strong><\/li>\n<\/ul>\n<p style=\"text-align: justify;\">Si <strong>Voldiya Galmace Paulin<\/strong> n\u2019\u00e9tait pas dans le match pour rejoindre l\u2019\u00e9quipe A aux Championnats du monde, la jeune Fran\u00e7aise peut-elle faire pencher la balance gr\u00e2ce \u00e0 cette \u00e9tape italienne\u00a0? <a href=\"https:\/\/dicodusport.fr\/blog\/ibu-cup-ridnaun-les-bleues-de-retour-aux-avant-postes-sur-le-sprint-italien\/\">Laur\u00e9ate du sprint de Ridnaun<\/a>, impressionnante de ma\u00eetrise derri\u00e8re la carabine, Galmace Paulin a confirm\u00e9 ce vendredi sur la poursuite avec un deuxi\u00e8me succ\u00e8s de rang. Mise sous pression lors du dernier debout par <strong>Marthe Krakstad Johansen<\/strong>, elle n\u2019a pas trembl\u00e9 pour blanchir les cinq cibles quand la Norv\u00e9gienne a d\u00fb parcourir un tour sur l\u2019anneau de p\u00e9nalit\u00e9.<\/p>\n<p style=\"text-align: justify;\">Au contact de sa compatriote \u00e0 la mi-course, <strong>Paula Botet<\/strong> a ensuite craqu\u00e9 sur le pas de tir avec 4 fautes sur les deux derniers exercices. Pourtant en forme sur les skis et favorite pour rejoindre <strong>Lou Jeanmonnot<\/strong> et ses partenaires, ce petit manque de r\u00e9gularit\u00e9 pourrait faire les affaires de <strong>Sophie Chauveau<\/strong>. \u00c9galement en d\u00e9licatesse au tir (17\/20), elle fait n\u00e9anmoins preuve d\u2019une grande solidit\u00e9 sur la piste. Pas loin d\u2019engloutir Johansen dans la derni\u00e8re boucle, elle monte sur la troisi\u00e8me marche du podium. Pour <strong>Gilonne Guigonnat<\/strong>, malade, les Mondiaux s&rsquo;\u00e9loignent. D&rsquo;autant plus qu&rsquo;elle n&rsquo;a pas \u00e9t\u00e9 en mesure de terminer cette poursuite.<\/p>\n<blockquote class=\"twitter-tweet\">\n<p dir=\"ltr\" lang=\"fr\">\ud83c\uddeb\ud83c\uddf7Le doubl\u00e9 pour Voldiya Galmace Paulin qui remporte la poursuite de Ridnaun en <a href=\"https:\/\/twitter.com\/hashtag\/IBUCup?src=hash&amp;ref_src=twsrc%5Etfw\">#IBUCup<\/a>, apr\u00e8s le sprint.<\/p>\n<p>1. V.Galmace Paulin (19\/20)<br \/>\n3. S.Chauveau (17\/20)<br \/>\n4. C.Bened (18\/20)<br \/>\n6. A.Mengin (18\/20)<br \/>\n7. P.Botet (15\/20)<\/p>\n<p>DNF &#8211; G.Guigonnat <a href=\"https:\/\/t.co\/ipD6gcTvCp\">pic.twitter.com\/ipD6gcTvCp<\/a><\/p>\n<p>\u2014 Lebiathlonfr (@Lebiathlonfr) <a href=\"https:\/\/twitter.com\/Lebiathlonfr\/status\/1887854549634781582?ref_src=twsrc%5Etfw\">February 7, 2025<\/a><\/p><\/blockquote>\n<p><script async src=\"https:\/\/platform.twitter.com\/widgets.js\" charset=\"utf-8\"><\/script><\/p>\n<p style=\"text-align: justify;\">\n","protected":false},"excerpt":{"rendered":"<p>IBU CUP 2024\/2025 &#8211; Apr\u00e8s une premi\u00e8re victoire en IBU Cup sur le sprint de Ridnaun, Voldiya Galmace Paulin confirme sur la poursuite. La Fran\u00e7aise am\u00e8ne avec elle sur le podium Marthe Krakstad Johansen et Sophie Chauveau.<\/p>\n","protected":false},"author":18,"featured_media":553582,"comment_status":"open","ping_status":"closed","sticky":false,"template":"","format":"standard","meta":{"_acf_changed":false,"_daextam_enable_autolinks":"1","footnotes":""},"categories":[2426],"tags":[32415,2427,16878,6945,36948,43245],"class_list":["post-553470","post","type-post","status-publish","format-standard","has-post-thumbnail","hentry","category-biathlon","tag-actu","tag-biathlon","tag-breve","tag-poursuite-femmes","tag-ridnaun-val-ridanna","tag-voldiya-galmace-paulin"],"acf":[],"yoast_head":"<!-- This site is optimized with the Yoast SEO Premium plugin v26.7 (Yoast SEO v26.7) - https:\/\/yoast.com\/wordpress\/plugins\/seo\/ -->\n<title>IBU Cup Ridnaun : Voldiya Galmace Paulin confirme sur la poursuite<\/title>\n<meta name=\"description\" content=\"IBU CUP 2024\/2025 - Apr\u00e8s une premi\u00e8re victoire en IBU Cup sur le sprint de Ridnaun, Voldiya Galmace Paulin confirme sur la poursuite.\" \/>\n<meta name=\"robots\" content=\"index, follow, max-snippet:-1, max-image-preview:large, max-video-preview:-1\" \/>\n<link rel=\"canonical\" href=\"https:\/\/dicodusport.fr\/blog\/ibu-cup-ridnaun-voldiya-galmace-paulin-confirme-sur-la-poursuite\/\" \/>\n<meta property=\"og:locale\" content=\"fr_FR\" \/>\n<meta property=\"og:type\" content=\"article\" \/>\n<meta property=\"og:title\" content=\"IBU Cup Ridnaun : Voldiya Galmace Paulin confirme sur la poursuite\" \/>\n<meta property=\"og:description\" content=\"IBU CUP 2024\/2025 - Apr\u00e8s une premi\u00e8re victoire en IBU Cup sur le sprint de Ridnaun, Voldiya Galmace Paulin confirme sur la poursuite.\" \/>\n<meta property=\"og:url\" content=\"https:\/\/dicodusport.fr\/blog\/ibu-cup-ridnaun-voldiya-galmace-paulin-confirme-sur-la-poursuite\/\" \/>\n<meta property=\"og:site_name\" content=\"Dicodusport\" \/>\n<meta property=\"article:publisher\" content=\"https:\/\/www.facebook.com\/dicodusport\" \/>\n<meta property=\"article:author\" content=\"https:\/\/www.facebook.com\/soocube\" \/>\n<meta property=\"article:published_time\" content=\"2025-02-07T13:18:02+00:00\" \/>\n<meta property=\"article:modified_time\" content=\"2025-07-09T16:35:42+00:00\" \/>\n<meta property=\"og:image\" content=\"https:\/\/dicodusport.fr\/blog\/wp-content\/uploads\/2025\/02\/IBU-Cup-Ridnaun-Voldiya-Galmace-Paulin-confirme-sur-la-poursuite.png\" \/>\n\t<meta property=\"og:image:width\" content=\"1200\" \/>\n\t<meta property=\"og:image:height\" content=\"674\" \/>\n\t<meta property=\"og:image:type\" content=\"image\/png\" \/>\n<meta name=\"author\" content=\"Sophie Clapier\" \/>\n<meta name=\"twitter:card\" content=\"summary_large_image\" \/>\n<meta name=\"twitter:title\" content=\"IBU Cup Ridnaun : Voldiya Galmace Paulin confirme sur la poursuite\" \/>\n<meta name=\"twitter:creator\" content=\"@https:\/\/twitter.com\/soocube\" \/>\n<meta name=\"twitter:site\" content=\"@dicodusport\" \/>\n<script type=\"application\/ld+json\" class=\"yoast-schema-graph\">{\"@context\":\"https:\/\/schema.org\",\"@graph\":[{\"@type\":\"NewsArticle\",\"@id\":\"https:\/\/dicodusport.fr\/blog\/ibu-cup-ridnaun-voldiya-galmace-paulin-confirme-sur-la-poursuite\/#article\",\"isPartOf\":{\"@id\":\"https:\/\/dicodusport.fr\/blog\/ibu-cup-ridnaun-voldiya-galmace-paulin-confirme-sur-la-poursuite\/\"},\"author\":{\"name\":\"Sophie Clapier\",\"@id\":\"https:\/\/dicodusport.fr\/blog\/#\/schema\/person\/416c975648aca9da8839bdfe333a21c9\"},\"headline\":\"IBU Cup Ridnaun : Voldiya Galmace Paulin confirme sur la poursuite\",\"datePublished\":\"2025-02-07T13:18:02+00:00\",\"dateModified\":\"2025-07-09T16:35:42+00:00\",\"mainEntityOfPage\":{\"@id\":\"https:\/\/dicodusport.fr\/blog\/ibu-cup-ridnaun-voldiya-galmace-paulin-confirme-sur-la-poursuite\/\"},\"wordCount\":311,\"commentCount\":0,\"publisher\":{\"@id\":\"https:\/\/dicodusport.fr\/blog\/#organization\"},\"image\":{\"@id\":\"https:\/\/dicodusport.fr\/blog\/ibu-cup-ridnaun-voldiya-galmace-paulin-confirme-sur-la-poursuite\/#primaryimage\"},\"thumbnailUrl\":\"https:\/\/dicodusport.fr\/blog\/wp-content\/uploads\/2025\/02\/IBU-Cup-Ridnaun-Voldiya-Galmace-Paulin-confirme-sur-la-poursuite.png\",\"keywords\":[\"actu\",\"Biathlon\",\"br\u00e8ve\",\"Poursuite femmes\",\"Ridnaun-Val Ridanna\",\"Voldiya Galmace Paulin\"],\"articleSection\":[\"Biathlon\"],\"inLanguage\":\"fr-FR\",\"potentialAction\":[{\"@type\":\"CommentAction\",\"name\":\"Comment\",\"target\":[\"https:\/\/dicodusport.fr\/blog\/ibu-cup-ridnaun-voldiya-galmace-paulin-confirme-sur-la-poursuite\/#respond\"]}],\"copyrightYear\":\"2025\",\"copyrightHolder\":{\"@id\":\"https:\/\/dicodusport.fr\/blog\/#organization\"}},{\"@type\":\"WebPage\",\"@id\":\"https:\/\/dicodusport.fr\/blog\/ibu-cup-ridnaun-voldiya-galmace-paulin-confirme-sur-la-poursuite\/\",\"url\":\"https:\/\/dicodusport.fr\/blog\/ibu-cup-ridnaun-voldiya-galmace-paulin-confirme-sur-la-poursuite\/\",\"name\":\"IBU Cup Ridnaun : Voldiya Galmace Paulin confirme sur la poursuite\",\"isPartOf\":{\"@id\":\"https:\/\/dicodusport.fr\/blog\/#website\"},\"primaryImageOfPage\":{\"@id\":\"https:\/\/dicodusport.fr\/blog\/ibu-cup-ridnaun-voldiya-galmace-paulin-confirme-sur-la-poursuite\/#primaryimage\"},\"image\":{\"@id\":\"https:\/\/dicodusport.fr\/blog\/ibu-cup-ridnaun-voldiya-galmace-paulin-confirme-sur-la-poursuite\/#primaryimage\"},\"thumbnailUrl\":\"https:\/\/dicodusport.fr\/blog\/wp-content\/uploads\/2025\/02\/IBU-Cup-Ridnaun-Voldiya-Galmace-Paulin-confirme-sur-la-poursuite.png\",\"datePublished\":\"2025-02-07T13:18:02+00:00\",\"dateModified\":\"2025-07-09T16:35:42+00:00\",\"description\":\"IBU CUP 2024\/2025 - Apr\u00e8s une premi\u00e8re victoire en IBU Cup sur le sprint de Ridnaun, Voldiya Galmace Paulin confirme sur la poursuite.\",\"breadcrumb\":{\"@id\":\"https:\/\/dicodusport.fr\/blog\/ibu-cup-ridnaun-voldiya-galmace-paulin-confirme-sur-la-poursuite\/#breadcrumb\"},\"inLanguage\":\"fr-FR\",\"potentialAction\":[{\"@type\":\"ReadAction\",\"target\":[\"https:\/\/dicodusport.fr\/blog\/ibu-cup-ridnaun-voldiya-galmace-paulin-confirme-sur-la-poursuite\/\"]}]},{\"@type\":\"ImageObject\",\"inLanguage\":\"fr-FR\",\"@id\":\"https:\/\/dicodusport.fr\/blog\/ibu-cup-ridnaun-voldiya-galmace-paulin-confirme-sur-la-poursuite\/#primaryimage\",\"url\":\"https:\/\/dicodusport.fr\/blog\/wp-content\/uploads\/2025\/02\/IBU-Cup-Ridnaun-Voldiya-Galmace-Paulin-confirme-sur-la-poursuite.png\",\"contentUrl\":\"https:\/\/dicodusport.fr\/blog\/wp-content\/uploads\/2025\/02\/IBU-Cup-Ridnaun-Voldiya-Galmace-Paulin-confirme-sur-la-poursuite.png\",\"width\":1200,\"height\":674,\"caption\":\"Biathlon Mondiaux Jeunes\/Juniors 2025 : Classement Relais mixte juniors\"},{\"@type\":\"BreadcrumbList\",\"@id\":\"https:\/\/dicodusport.fr\/blog\/ibu-cup-ridnaun-voldiya-galmace-paulin-confirme-sur-la-poursuite\/#breadcrumb\",\"itemListElement\":[{\"@type\":\"ListItem\",\"position\":1,\"name\":\"Accueil\",\"item\":\"https:\/\/dicodusport.fr\/blog\/\"},{\"@type\":\"ListItem\",\"position\":2,\"name\":\"IBU Cup Ridnaun : Voldiya Galmace Paulin confirme sur la poursuite\"}]},{\"@type\":\"WebSite\",\"@id\":\"https:\/\/dicodusport.fr\/blog\/#website\",\"url\":\"https:\/\/dicodusport.fr\/blog\/\",\"name\":\"Dicodusport\",\"description\":\"L&#039;encyclop\u00e9die de l&#039;actualit\u00e9 sportive\",\"publisher\":{\"@id\":\"https:\/\/dicodusport.fr\/blog\/#organization\"},\"potentialAction\":[{\"@type\":\"SearchAction\",\"target\":{\"@type\":\"EntryPoint\",\"urlTemplate\":\"https:\/\/dicodusport.fr\/blog\/?s={search_term_string}\"},\"query-input\":{\"@type\":\"PropertyValueSpecification\",\"valueRequired\":true,\"valueName\":\"search_term_string\"}}],\"inLanguage\":\"fr-FR\"},{\"@type\":\"NewsMediaOrganization\",\"@id\":\"https:\/\/dicodusport.fr\/blog\/#organization\",\"name\":\"Dicodusport\",\"url\":\"https:\/\/dicodusport.fr\/blog\/\",\"logo\":{\"@type\":\"ImageObject\",\"inLanguage\":\"fr-FR\",\"@id\":\"https:\/\/dicodusport.fr\/blog\/#\/schema\/logo\/image\/\",\"url\":\"https:\/\/dicodusport.fr\/blog\/wp-content\/uploads\/2020\/06\/cropped-LOGO-DICODUSPORT-2020-SANS-FOND-SANS-TEXTE.png\",\"contentUrl\":\"https:\/\/dicodusport.fr\/blog\/wp-content\/uploads\/2020\/06\/cropped-LOGO-DICODUSPORT-2020-SANS-FOND-SANS-TEXTE.png\",\"width\":512,\"height\":512,\"caption\":\"Dicodusport\"},\"image\":{\"@id\":\"https:\/\/dicodusport.fr\/blog\/#\/schema\/logo\/image\/\"},\"sameAs\":[\"https:\/\/www.facebook.com\/dicodusport\",\"https:\/\/x.com\/dicodusport\",\"https:\/\/www.instagram.com\/dicodusport\/\",\"https:\/\/www.youtube.com\/channel\/UC7V2KZ5sd3htJivAbA4ZG3w\"],\"description\":\"Dicodusport est l'encyclop\u00e9die de l'actualit\u00e9 sportive.\",\"email\":\"bonjour@dicodusport.fr\",\"legalName\":\"DICODUSPORT\",\"foundingDate\":\"2018-01-14\",\"vatID\":\"FR71834470973\",\"taxID\":\"83447097300043\",\"numberOfEmployees\":{\"@type\":\"QuantitativeValue\",\"minValue\":\"1\",\"maxValue\":\"10\"}},{\"@type\":\"Person\",\"@id\":\"https:\/\/dicodusport.fr\/blog\/#\/schema\/person\/416c975648aca9da8839bdfe333a21c9\",\"name\":\"Sophie Clapier\",\"image\":{\"@type\":\"ImageObject\",\"inLanguage\":\"fr-FR\",\"@id\":\"https:\/\/dicodusport.fr\/blog\/#\/schema\/person\/image\/\",\"url\":\"https:\/\/dicodusport.fr\/blog\/wp-content\/uploads\/2021\/05\/Sophie-Clapier-150x150.jpg\",\"contentUrl\":\"https:\/\/dicodusport.fr\/blog\/wp-content\/uploads\/2021\/05\/Sophie-Clapier-150x150.jpg\",\"caption\":\"Sophie Clapier\"},\"description\":\"Journaliste\/r\u00e9dactrice depuis janvier 2016 - Passionn\u00e9e de sport depuis toujours, j\u2019en ai pratiqu\u00e9 quelques-uns. Judo, football, handball ou encore tennis, je n\u2019ai jamais pu me mettre d\u2019accord sur un en particulier. Mais \u00e7a, c\u2019\u00e9tait avant de d\u00e9couvrir le basket, devenu mon sport de pr\u00e9dilection. Les actions NBA, le All-Star Week-end, la fureur des Game 7 pendant les playoffs ou mieux, lors des Finals, this is why we play. Team Spurs T.P, je m\u2019accroche encore \u00e0 Gregg Popovich (don\u2019t leave !). Team chef Curry, je souhaite qu\u2019il finisse aux Warriors (staaaay !). Non, il n\u2019y a pas qu\u2019eux, des petits nouveaux -et des petites nouvelles \u00e9videmment- arrivent chaque jour dans toutes les disciplines et cr\u00e9ent de nouveaux exploits. Alors pour les grands \u00e9v\u00e9nements et comp\u00e9titions internationales, vive les pulsations 240\/minutes et le d\u00e9fibrillateur pas loin, et allez les Bleu(e)s ! C\u2019est s\u00fbr, j\u2019aurai plus vu ma vie sur un terrain de sport, mais \u00e0 d\u00e9faut d\u2019en faire en haut niveau, je le partage avec vous.\",\"sameAs\":[\"https:\/\/www.facebook.com\/soocube\",\"https:\/\/x.com\/https:\/\/twitter.com\/soocube\",\"admin\"],\"url\":\"https:\/\/dicodusport.fr\/blog\/author\/sophie\/\"}]}<\/script>\n<!-- \/ Yoast SEO Premium plugin. -->","yoast_head_json":{"title":"IBU Cup Ridnaun : Voldiya Galmace Paulin confirme sur la poursuite","description":"IBU CUP 2024\/2025 - Apr\u00e8s une premi\u00e8re victoire en IBU Cup sur le sprint de Ridnaun, Voldiya Galmace Paulin confirme sur la poursuite.","robots":{"index":"index","follow":"follow","max-snippet":"max-snippet:-1","max-image-preview":"max-image-preview:large","max-video-preview":"max-video-preview:-1"},"canonical":"https:\/\/dicodusport.fr\/blog\/ibu-cup-ridnaun-voldiya-galmace-paulin-confirme-sur-la-poursuite\/","og_locale":"fr_FR","og_type":"article","og_title":"IBU Cup Ridnaun : Voldiya Galmace Paulin confirme sur la poursuite","og_description":"IBU CUP 2024\/2025 - Apr\u00e8s une premi\u00e8re victoire en IBU Cup sur le sprint de Ridnaun, Voldiya Galmace Paulin confirme sur la poursuite.","og_url":"https:\/\/dicodusport.fr\/blog\/ibu-cup-ridnaun-voldiya-galmace-paulin-confirme-sur-la-poursuite\/","og_site_name":"Dicodusport","article_publisher":"https:\/\/www.facebook.com\/dicodusport","article_author":"https:\/\/www.facebook.com\/soocube","article_published_time":"2025-02-07T13:18:02+00:00","article_modified_time":"2025-07-09T16:35:42+00:00","og_image":[{"width":1200,"height":674,"url":"https:\/\/dicodusport.fr\/blog\/wp-content\/uploads\/2025\/02\/IBU-Cup-Ridnaun-Voldiya-Galmace-Paulin-confirme-sur-la-poursuite.png","type":"image\/png"}],"author":"Sophie Clapier","twitter_card":"summary_large_image","twitter_title":"IBU Cup Ridnaun : Voldiya Galmace Paulin confirme sur la poursuite","twitter_creator":"@https:\/\/twitter.com\/soocube","twitter_site":"@dicodusport","schema":{"@context":"https:\/\/schema.org","@graph":[{"@type":"NewsArticle","@id":"https:\/\/dicodusport.fr\/blog\/ibu-cup-ridnaun-voldiya-galmace-paulin-confirme-sur-la-poursuite\/#article","isPartOf":{"@id":"https:\/\/dicodusport.fr\/blog\/ibu-cup-ridnaun-voldiya-galmace-paulin-confirme-sur-la-poursuite\/"},"author":{"name":"Sophie Clapier","@id":"https:\/\/dicodusport.fr\/blog\/#\/schema\/person\/416c975648aca9da8839bdfe333a21c9"},"headline":"IBU Cup Ridnaun : Voldiya Galmace Paulin confirme sur la poursuite","datePublished":"2025-02-07T13:18:02+00:00","dateModified":"2025-07-09T16:35:42+00:00","mainEntityOfPage":{"@id":"https:\/\/dicodusport.fr\/blog\/ibu-cup-ridnaun-voldiya-galmace-paulin-confirme-sur-la-poursuite\/"},"wordCount":311,"commentCount":0,"publisher":{"@id":"https:\/\/dicodusport.fr\/blog\/#organization"},"image":{"@id":"https:\/\/dicodusport.fr\/blog\/ibu-cup-ridnaun-voldiya-galmace-paulin-confirme-sur-la-poursuite\/#primaryimage"},"thumbnailUrl":"https:\/\/dicodusport.fr\/blog\/wp-content\/uploads\/2025\/02\/IBU-Cup-Ridnaun-Voldiya-Galmace-Paulin-confirme-sur-la-poursuite.png","keywords":["actu","Biathlon","br\u00e8ve","Poursuite femmes","Ridnaun-Val Ridanna","Voldiya Galmace Paulin"],"articleSection":["Biathlon"],"inLanguage":"fr-FR","potentialAction":[{"@type":"CommentAction","name":"Comment","target":["https:\/\/dicodusport.fr\/blog\/ibu-cup-ridnaun-voldiya-galmace-paulin-confirme-sur-la-poursuite\/#respond"]}],"copyrightYear":"2025","copyrightHolder":{"@id":"https:\/\/dicodusport.fr\/blog\/#organization"}},{"@type":"WebPage","@id":"https:\/\/dicodusport.fr\/blog\/ibu-cup-ridnaun-voldiya-galmace-paulin-confirme-sur-la-poursuite\/","url":"https:\/\/dicodusport.fr\/blog\/ibu-cup-ridnaun-voldiya-galmace-paulin-confirme-sur-la-poursuite\/","name":"IBU Cup Ridnaun : Voldiya Galmace Paulin confirme sur la poursuite","isPartOf":{"@id":"https:\/\/dicodusport.fr\/blog\/#website"},"primaryImageOfPage":{"@id":"https:\/\/dicodusport.fr\/blog\/ibu-cup-ridnaun-voldiya-galmace-paulin-confirme-sur-la-poursuite\/#primaryimage"},"image":{"@id":"https:\/\/dicodusport.fr\/blog\/ibu-cup-ridnaun-voldiya-galmace-paulin-confirme-sur-la-poursuite\/#primaryimage"},"thumbnailUrl":"https:\/\/dicodusport.fr\/blog\/wp-content\/uploads\/2025\/02\/IBU-Cup-Ridnaun-Voldiya-Galmace-Paulin-confirme-sur-la-poursuite.png","datePublished":"2025-02-07T13:18:02+00:00","dateModified":"2025-07-09T16:35:42+00:00","description":"IBU CUP 2024\/2025 - Apr\u00e8s une premi\u00e8re victoire en IBU Cup sur le sprint de Ridnaun, Voldiya Galmace Paulin confirme sur la poursuite.","breadcrumb":{"@id":"https:\/\/dicodusport.fr\/blog\/ibu-cup-ridnaun-voldiya-galmace-paulin-confirme-sur-la-poursuite\/#breadcrumb"},"inLanguage":"fr-FR","potentialAction":[{"@type":"ReadAction","target":["https:\/\/dicodusport.fr\/blog\/ibu-cup-ridnaun-voldiya-galmace-paulin-confirme-sur-la-poursuite\/"]}]},{"@type":"ImageObject","inLanguage":"fr-FR","@id":"https:\/\/dicodusport.fr\/blog\/ibu-cup-ridnaun-voldiya-galmace-paulin-confirme-sur-la-poursuite\/#primaryimage","url":"https:\/\/dicodusport.fr\/blog\/wp-content\/uploads\/2025\/02\/IBU-Cup-Ridnaun-Voldiya-Galmace-Paulin-confirme-sur-la-poursuite.png","contentUrl":"https:\/\/dicodusport.fr\/blog\/wp-content\/uploads\/2025\/02\/IBU-Cup-Ridnaun-Voldiya-Galmace-Paulin-confirme-sur-la-poursuite.png","width":1200,"height":674,"caption":"Biathlon Mondiaux Jeunes\/Juniors 2025 : Classement Relais mixte juniors"},{"@type":"BreadcrumbList","@id":"https:\/\/dicodusport.fr\/blog\/ibu-cup-ridnaun-voldiya-galmace-paulin-confirme-sur-la-poursuite\/#breadcrumb","itemListElement":[{"@type":"ListItem","position":1,"name":"Accueil","item":"https:\/\/dicodusport.fr\/blog\/"},{"@type":"ListItem","position":2,"name":"IBU Cup Ridnaun : Voldiya Galmace Paulin confirme sur la poursuite"}]},{"@type":"WebSite","@id":"https:\/\/dicodusport.fr\/blog\/#website","url":"https:\/\/dicodusport.fr\/blog\/","name":"Dicodusport","description":"L&#039;encyclop\u00e9die de l&#039;actualit\u00e9 sportive","publisher":{"@id":"https:\/\/dicodusport.fr\/blog\/#organization"},"potentialAction":[{"@type":"SearchAction","target":{"@type":"EntryPoint","urlTemplate":"https:\/\/dicodusport.fr\/blog\/?s={search_term_string}"},"query-input":{"@type":"PropertyValueSpecification","valueRequired":true,"valueName":"search_term_string"}}],"inLanguage":"fr-FR"},{"@type":"NewsMediaOrganization","@id":"https:\/\/dicodusport.fr\/blog\/#organization","name":"Dicodusport","url":"https:\/\/dicodusport.fr\/blog\/","logo":{"@type":"ImageObject","inLanguage":"fr-FR","@id":"https:\/\/dicodusport.fr\/blog\/#\/schema\/logo\/image\/","url":"https:\/\/dicodusport.fr\/blog\/wp-content\/uploads\/2020\/06\/cropped-LOGO-DICODUSPORT-2020-SANS-FOND-SANS-TEXTE.png","contentUrl":"https:\/\/dicodusport.fr\/blog\/wp-content\/uploads\/2020\/06\/cropped-LOGO-DICODUSPORT-2020-SANS-FOND-SANS-TEXTE.png","width":512,"height":512,"caption":"Dicodusport"},"image":{"@id":"https:\/\/dicodusport.fr\/blog\/#\/schema\/logo\/image\/"},"sameAs":["https:\/\/www.facebook.com\/dicodusport","https:\/\/x.com\/dicodusport","https:\/\/www.instagram.com\/dicodusport\/","https:\/\/www.youtube.com\/channel\/UC7V2KZ5sd3htJivAbA4ZG3w"],"description":"Dicodusport est l'encyclop\u00e9die de l'actualit\u00e9 sportive.","email":"bonjour@dicodusport.fr","legalName":"DICODUSPORT","foundingDate":"2018-01-14","vatID":"FR71834470973","taxID":"83447097300043","numberOfEmployees":{"@type":"QuantitativeValue","minValue":"1","maxValue":"10"}},{"@type":"Person","@id":"https:\/\/dicodusport.fr\/blog\/#\/schema\/person\/416c975648aca9da8839bdfe333a21c9","name":"Sophie Clapier","image":{"@type":"ImageObject","inLanguage":"fr-FR","@id":"https:\/\/dicodusport.fr\/blog\/#\/schema\/person\/image\/","url":"https:\/\/dicodusport.fr\/blog\/wp-content\/uploads\/2021\/05\/Sophie-Clapier-150x150.jpg","contentUrl":"https:\/\/dicodusport.fr\/blog\/wp-content\/uploads\/2021\/05\/Sophie-Clapier-150x150.jpg","caption":"Sophie Clapier"},"description":"Journaliste\/r\u00e9dactrice depuis janvier 2016 - Passionn\u00e9e de sport depuis toujours, j\u2019en ai pratiqu\u00e9 quelques-uns. Judo, football, handball ou encore tennis, je n\u2019ai jamais pu me mettre d\u2019accord sur un en particulier. Mais \u00e7a, c\u2019\u00e9tait avant de d\u00e9couvrir le basket, devenu mon sport de pr\u00e9dilection. Les actions NBA, le All-Star Week-end, la fureur des Game 7 pendant les playoffs ou mieux, lors des Finals, this is why we play. Team Spurs T.P, je m\u2019accroche encore \u00e0 Gregg Popovich (don\u2019t leave !). Team chef Curry, je souhaite qu\u2019il finisse aux Warriors (staaaay !). Non, il n\u2019y a pas qu\u2019eux, des petits nouveaux -et des petites nouvelles \u00e9videmment- arrivent chaque jour dans toutes les disciplines et cr\u00e9ent de nouveaux exploits. Alors pour les grands \u00e9v\u00e9nements et comp\u00e9titions internationales, vive les pulsations 240\/minutes et le d\u00e9fibrillateur pas loin, et allez les Bleu(e)s ! C\u2019est s\u00fbr, j\u2019aurai plus vu ma vie sur un terrain de sport, mais \u00e0 d\u00e9faut d\u2019en faire en haut niveau, je le partage avec vous.","sameAs":["https:\/\/www.facebook.com\/soocube","https:\/\/x.com\/https:\/\/twitter.com\/soocube","admin"],"url":"https:\/\/dicodusport.fr\/blog\/author\/sophie\/"}]}},"_links":{"self":[{"href":"https:\/\/dicodusport.fr\/blog\/wp-json\/wp\/v2\/posts\/553470","targetHints":{"allow":["GET"]}}],"collection":[{"href":"https:\/\/dicodusport.fr\/blog\/wp-json\/wp\/v2\/posts"}],"about":[{"href":"https:\/\/dicodusport.fr\/blog\/wp-json\/wp\/v2\/types\/post"}],"author":[{"embeddable":true,"href":"https:\/\/dicodusport.fr\/blog\/wp-json\/wp\/v2\/users\/18"}],"replies":[{"embeddable":true,"href":"https:\/\/dicodusport.fr\/blog\/wp-json\/wp\/v2\/comments?post=553470"}],"version-history":[{"count":5,"href":"https:\/\/dicodusport.fr\/blog\/wp-json\/wp\/v2\/posts\/553470\/revisions"}],"predecessor-version":[{"id":553480,"href":"https:\/\/dicodusport.fr\/blog\/wp-json\/wp\/v2\/posts\/553470\/revisions\/553480"}],"wp:featuredmedia":[{"embeddable":true,"href":"https:\/\/dicodusport.fr\/blog\/wp-json\/wp\/v2\/media\/553582"}],"wp:attachment":[{"href":"https:\/\/dicodusport.fr\/blog\/wp-json\/wp\/v2\/media?parent=553470"}],"wp:term":[{"taxonomy":"category","embeddable":true,"href":"https:\/\/dicodusport.fr\/blog\/wp-json\/wp\/v2\/categories?post=553470"},{"taxonomy":"post_tag","embeddable":true,"href":"https:\/\/dicodusport.fr\/blog\/wp-json\/wp\/v2\/tags?post=553470"}],"curies":[{"name":"wp","href":"https:\/\/api.w.org\/{rel}","templated":true}]}}