{"id":553744,"date":"2025-02-08T13:30:47","date_gmt":"2025-02-08T12:30:47","guid":{"rendered":"https:\/\/dicodusport.fr\/blog\/?p=553744&#038;preview=true&#038;preview_id=553744"},"modified":"2025-02-08T13:58:55","modified_gmt":"2025-02-08T12:58:55","slug":"skicross-val-di-fassa-marielle-berger-sabbatel-retrouve-le-chemin-du-podium","status":"publish","type":"post","link":"https:\/\/dicodusport.fr\/blog\/skicross-val-di-fassa-marielle-berger-sabbatel-retrouve-le-chemin-du-podium\/","title":{"rendered":"Skicross Val di Fassa : Marielle Berger Sabbatel retrouve le chemin du podium"},"content":{"rendered":"<h4 style=\"text-align: justify;\"><em>COUPE DE MONDE DE SKICROSS 2024\/2025 &#8211; Marielle Berger Sabbatel a d\u00e9croch\u00e9 son premier podium de l&rsquo;ann\u00e9e 2025 en accrochant la 2\u00e8me place \u00e0 Val di Fassa. En finale chez les hommes, Youri Duplessis Kergomard a chut\u00e9, et \u00e9choue \u00e0 la 4\u00e8me place.<\/em><\/h4>\n<p style=\"text-align: justify;\">Les weekends s\u2019encha\u00eenent, et les manches de <strong>Coupe du monde de skicross<\/strong> \u00e9galement. Seulement une semaine apr\u00e8s la derni\u00e8re victoire en date d\u00e9croch\u00e9e par <strong>Youri Kergomard Duplessis<\/strong>, les Bleus \u00e9taient du c\u00f4t\u00e9 de <strong>Val di Fassa<\/strong> pour entamer la deuxi\u00e8me moiti\u00e9 de la saison.<\/p>\n<h2 style=\"text-align: justify;\">Marielle Berger Sabbatel rayonne<\/h2>\n<p style=\"text-align: justify;\">En retrait ces derni\u00e8res semaines, <strong>Marielle Berger Sabbatel<\/strong> a retrouv\u00e9 des couleurs. Apr\u00e8s plusieurs \u00e9checs aux portes de la finale, la Fran\u00e7aise a enfin r\u00e9ussi \u00e0 vaincre le signe indien pour assurer sa place dans le Top 4, prenant notamment le dessus en demi-finale sur <strong>India Sherret<\/strong>. En confiance, elle va boucler sur une excellente note sa journ\u00e9e en allant chercher la 2\u00e8me place de la finale, butant uniquement sur une <strong>Marielle Thompson<\/strong> surpuissante dans le final. Cela lui permet d&rsquo;accrocher son premier podium de l&rsquo;ann\u00e9e 2025, et de lancer en fanfare la deuxi\u00e8me moiti\u00e9 de saison. Parmi les autres Tricolores en lice, seule <strong>Anouck Errard<\/strong> est parvenue \u00e0 franchir le premier tour, avant d\u2019aller d\u00e9crocher la 8\u00e8me place en petite finale.<\/p>\n<h2 style=\"text-align: justify;\">Youri Duplessis Kergomard fauch\u00e9 en finale<\/h2>\n<p style=\"text-align: justify;\">3\u00e8me du g\u00e9n\u00e9ral, et de nouveau dans la course au globe gr\u00e2ce \u00e0 son weekend suisse au plus-que-parfait, Kergomard Duplessis \u00e9tait lui attendu au tournant pour confirmer son statut. Solide en 8\u00e8mes de finale dans une s\u00e9rie o\u00f9 <strong>Melvin Tchiknavorian<\/strong> n\u2019a pas pass\u00e9 le cut, le Tricolore a ensuite assur\u00e9 dans un quart de finale extr\u00eamement compliqu\u00e9. Stade de la comp\u00e9tition o\u00f9 le leader du g\u00e9n\u00e9ral, <strong>Simone Deromedis<\/strong>, a pris de fa\u00e7on surprenante la porte. Avec la possibilit\u00e9 de r\u00e9aliser une nouvelle bonne op\u00e9ration, <strong>Youri Kergomard Duplessis<\/strong> va de nouveau faire \u00e9talage de sa vitesse en demi-finales pour arracher la 2e place derri\u00e8re <strong>Alex Fiva,<\/strong> et coiffant au poteau <strong>David Mobaerg<\/strong>. Qualifi\u00e9 pour sa quatri\u00e8me finale de rang, le Fran\u00e7ais retrouvait son autre adversaire au g\u00e9n\u00e9ral, l\u2019Allemand <strong>Florian Wilmsmann<\/strong>.<\/p>\n<ul>\n<li><strong>\u00c0 ce sujet &#8211; <a href=\"https:\/\/dicodusport.fr\/blog\/youri-duplessis-kergomard-skicross-lobjectif-reste-de-remporter-le-classement-general\/\">Youri Duplessis Kergomard (skicross) : \u00ab L\u2019objectif reste de remporter le classement g\u00e9n\u00e9ral \u00bb<\/a><\/strong><\/li>\n<\/ul>\n<p style=\"text-align: justify;\">Auteur d&rsquo;un excellent d\u00e9part, il passe \u00e0 deux doigts de la chute en \u00e9tant pris en sandwich au premier virage. Mais ce petit contretemps est vite rattrap\u00e9 par un deuxi\u00e8me secteur parfaitement g\u00e9r\u00e9. Malheureusement, sa course va se terminer par une violente chute suite \u00e0 un accrochage \u00e0 mi-parcours. Le Fran\u00e7ais se rel\u00e8ve sans bobo apparent, mais termine du coup au pied du podium. Seul en t\u00eate tout au long du run, <strong>Ryan Regez<\/strong> l&#8217;emporte devant <strong>Alex Fiva<\/strong> et Wilmsmann. Malgr\u00e9 la d\u00e9ception, le Fran\u00e7ais voit son retard sur la t\u00eate du g\u00e9n\u00e9ral \u00eatre d\u00e9sormais r\u00e9duit \u00e0 40 petites unit\u00e9s. Prometteur avant d&rsquo;aborder la deuxi\u00e8me manche italienne d\u00e8s demain.<\/p>\n","protected":false},"excerpt":{"rendered":"<p>COUPE DE MONDE DE SKICROSS 2024\/2025 &#8211; Marielle Berger Sabbatel a d\u00e9croch\u00e9 son premier podium de l&rsquo;ann\u00e9e 2025 en accrochant la 2\u00e8me place \u00e0 Val di Fassa. En finale chez les hommes, Youri Duplessis Kergomard a chut\u00e9, et \u00e9choue \u00e0 la 4\u00e8me place.<\/p>\n","protected":false},"author":55,"featured_media":553769,"comment_status":"open","ping_status":"closed","sticky":false,"template":"","format":"standard","meta":{"_acf_changed":false,"_daextam_enable_autolinks":"1","footnotes":""},"categories":[9217],"tags":[32415,16878,29753,13800,2947,28420],"class_list":["post-553744","post","type-post","status-publish","format-standard","has-post-thumbnail","hentry","category-ski","tag-actu","tag-breve","tag-coupe-du-monde-de-skicross","tag-marielle-berger-sabbatel","tag-skicross","tag-youri-duplessis-kergomard"],"acf":[],"yoast_head":"<!-- This site is optimized with the Yoast SEO Premium plugin v26.7 (Yoast SEO v26.7) - https:\/\/yoast.com\/wordpress\/plugins\/seo\/ -->\n<title>Skicross Val di Fassa : Marielle Berger Sabbatel retrouve le chemin du podium<\/title>\n<meta name=\"description\" content=\"COUPE DE MONDE DE SKICROSS 2024\/2025 - Marielle Berger Sabbatel a accroch\u00e9 son premier podium de la saison (2\u00e8me) \u00e0 Val di Fassa.\" \/>\n<meta name=\"robots\" content=\"index, follow, max-snippet:-1, max-image-preview:large, max-video-preview:-1\" \/>\n<link rel=\"canonical\" href=\"https:\/\/dicodusport.fr\/blog\/skicross-val-di-fassa-marielle-berger-sabbatel-retrouve-le-chemin-du-podium\/\" \/>\n<meta property=\"og:locale\" content=\"fr_FR\" \/>\n<meta property=\"og:type\" content=\"article\" \/>\n<meta property=\"og:title\" content=\"Skicross Val di Fassa : Marielle Berger Sabbatel retrouve le chemin du podium\" \/>\n<meta property=\"og:description\" content=\"COUPE DE MONDE DE SKICROSS 2024\/2025 - Marielle Berger Sabbatel a accroch\u00e9 son premier podium de la saison (2\u00e8me) \u00e0 Val di Fassa.\" \/>\n<meta property=\"og:url\" content=\"https:\/\/dicodusport.fr\/blog\/skicross-val-di-fassa-marielle-berger-sabbatel-retrouve-le-chemin-du-podium\/\" \/>\n<meta property=\"og:site_name\" content=\"Dicodusport\" \/>\n<meta property=\"article:publisher\" content=\"https:\/\/www.facebook.com\/dicodusport\" \/>\n<meta property=\"article:published_time\" content=\"2025-02-08T12:30:47+00:00\" \/>\n<meta property=\"article:modified_time\" content=\"2025-02-08T12:58:55+00:00\" \/>\n<meta property=\"og:image\" content=\"https:\/\/dicodusport.fr\/blog\/wp-content\/uploads\/2025\/02\/Skicross-Val-di-Fassa-Marielle-Berger-Sabbatel-retrouve-le-chemin-du-podium.png\" \/>\n\t<meta property=\"og:image:width\" content=\"1200\" \/>\n\t<meta property=\"og:image:height\" content=\"674\" \/>\n\t<meta property=\"og:image:type\" content=\"image\/png\" \/>\n<meta name=\"author\" content=\"Maxime Cazenave\" \/>\n<meta name=\"twitter:card\" content=\"summary_large_image\" \/>\n<meta name=\"twitter:title\" content=\"Skicross Val di Fassa : Marielle Berger Sabbatel retrouve le chemin du podium\" \/>\n<meta name=\"twitter:creator\" content=\"@https:\/\/twitter.com\/Maxime_Caze\" \/>\n<meta name=\"twitter:site\" content=\"@dicodusport\" \/>\n<script type=\"application\/ld+json\" class=\"yoast-schema-graph\">{\"@context\":\"https:\/\/schema.org\",\"@graph\":[{\"@type\":\"NewsArticle\",\"@id\":\"https:\/\/dicodusport.fr\/blog\/skicross-val-di-fassa-marielle-berger-sabbatel-retrouve-le-chemin-du-podium\/#article\",\"isPartOf\":{\"@id\":\"https:\/\/dicodusport.fr\/blog\/skicross-val-di-fassa-marielle-berger-sabbatel-retrouve-le-chemin-du-podium\/\"},\"author\":{\"name\":\"Maxime Cazenave\",\"@id\":\"https:\/\/dicodusport.fr\/blog\/#\/schema\/person\/37def232098a7a5cbab3974a3690abb0\"},\"headline\":\"Skicross Val di Fassa : Marielle Berger Sabbatel retrouve le chemin du podium\",\"datePublished\":\"2025-02-08T12:30:47+00:00\",\"dateModified\":\"2025-02-08T12:58:55+00:00\",\"mainEntityOfPage\":{\"@id\":\"https:\/\/dicodusport.fr\/blog\/skicross-val-di-fassa-marielle-berger-sabbatel-retrouve-le-chemin-du-podium\/\"},\"wordCount\":531,\"commentCount\":0,\"publisher\":{\"@id\":\"https:\/\/dicodusport.fr\/blog\/#organization\"},\"image\":{\"@id\":\"https:\/\/dicodusport.fr\/blog\/skicross-val-di-fassa-marielle-berger-sabbatel-retrouve-le-chemin-du-podium\/#primaryimage\"},\"thumbnailUrl\":\"https:\/\/dicodusport.fr\/blog\/wp-content\/uploads\/2025\/02\/Skicross-Val-di-Fassa-Marielle-Berger-Sabbatel-retrouve-le-chemin-du-podium.png\",\"keywords\":[\"actu\",\"br\u00e8ve\",\"Coupe du monde de skicross\",\"Marielle Berger Sabbatel\",\"skicross\",\"Youri Duplessis-Kergomard\"],\"articleSection\":[\"Ski\"],\"inLanguage\":\"fr-FR\",\"potentialAction\":[{\"@type\":\"CommentAction\",\"name\":\"Comment\",\"target\":[\"https:\/\/dicodusport.fr\/blog\/skicross-val-di-fassa-marielle-berger-sabbatel-retrouve-le-chemin-du-podium\/#respond\"]}],\"copyrightYear\":\"2025\",\"copyrightHolder\":{\"@id\":\"https:\/\/dicodusport.fr\/blog\/#organization\"}},{\"@type\":\"WebPage\",\"@id\":\"https:\/\/dicodusport.fr\/blog\/skicross-val-di-fassa-marielle-berger-sabbatel-retrouve-le-chemin-du-podium\/\",\"url\":\"https:\/\/dicodusport.fr\/blog\/skicross-val-di-fassa-marielle-berger-sabbatel-retrouve-le-chemin-du-podium\/\",\"name\":\"Skicross Val di Fassa : Marielle Berger Sabbatel retrouve le chemin du podium\",\"isPartOf\":{\"@id\":\"https:\/\/dicodusport.fr\/blog\/#website\"},\"primaryImageOfPage\":{\"@id\":\"https:\/\/dicodusport.fr\/blog\/skicross-val-di-fassa-marielle-berger-sabbatel-retrouve-le-chemin-du-podium\/#primaryimage\"},\"image\":{\"@id\":\"https:\/\/dicodusport.fr\/blog\/skicross-val-di-fassa-marielle-berger-sabbatel-retrouve-le-chemin-du-podium\/#primaryimage\"},\"thumbnailUrl\":\"https:\/\/dicodusport.fr\/blog\/wp-content\/uploads\/2025\/02\/Skicross-Val-di-Fassa-Marielle-Berger-Sabbatel-retrouve-le-chemin-du-podium.png\",\"datePublished\":\"2025-02-08T12:30:47+00:00\",\"dateModified\":\"2025-02-08T12:58:55+00:00\",\"description\":\"COUPE DE MONDE DE SKICROSS 2024\/2025 - Marielle Berger Sabbatel a accroch\u00e9 son premier podium de la saison (2\u00e8me) \u00e0 Val di Fassa.\",\"breadcrumb\":{\"@id\":\"https:\/\/dicodusport.fr\/blog\/skicross-val-di-fassa-marielle-berger-sabbatel-retrouve-le-chemin-du-podium\/#breadcrumb\"},\"inLanguage\":\"fr-FR\",\"potentialAction\":[{\"@type\":\"ReadAction\",\"target\":[\"https:\/\/dicodusport.fr\/blog\/skicross-val-di-fassa-marielle-berger-sabbatel-retrouve-le-chemin-du-podium\/\"]}]},{\"@type\":\"ImageObject\",\"inLanguage\":\"fr-FR\",\"@id\":\"https:\/\/dicodusport.fr\/blog\/skicross-val-di-fassa-marielle-berger-sabbatel-retrouve-le-chemin-du-podium\/#primaryimage\",\"url\":\"https:\/\/dicodusport.fr\/blog\/wp-content\/uploads\/2025\/02\/Skicross-Val-di-Fassa-Marielle-Berger-Sabbatel-retrouve-le-chemin-du-podium.png\",\"contentUrl\":\"https:\/\/dicodusport.fr\/blog\/wp-content\/uploads\/2025\/02\/Skicross-Val-di-Fassa-Marielle-Berger-Sabbatel-retrouve-le-chemin-du-podium.png\",\"width\":1200,\"height\":674,\"caption\":\"Skicross Val di Fassa : Marielle Berger Sabbatel retrouve le chemin du podium\"},{\"@type\":\"BreadcrumbList\",\"@id\":\"https:\/\/dicodusport.fr\/blog\/skicross-val-di-fassa-marielle-berger-sabbatel-retrouve-le-chemin-du-podium\/#breadcrumb\",\"itemListElement\":[{\"@type\":\"ListItem\",\"position\":1,\"name\":\"Accueil\",\"item\":\"https:\/\/dicodusport.fr\/blog\/\"},{\"@type\":\"ListItem\",\"position\":2,\"name\":\"Skicross Val di Fassa : Marielle Berger Sabbatel retrouve le chemin du podium\"}]},{\"@type\":\"WebSite\",\"@id\":\"https:\/\/dicodusport.fr\/blog\/#website\",\"url\":\"https:\/\/dicodusport.fr\/blog\/\",\"name\":\"Dicodusport\",\"description\":\"L&#039;encyclop\u00e9die de l&#039;actualit\u00e9 sportive\",\"publisher\":{\"@id\":\"https:\/\/dicodusport.fr\/blog\/#organization\"},\"potentialAction\":[{\"@type\":\"SearchAction\",\"target\":{\"@type\":\"EntryPoint\",\"urlTemplate\":\"https:\/\/dicodusport.fr\/blog\/?s={search_term_string}\"},\"query-input\":{\"@type\":\"PropertyValueSpecification\",\"valueRequired\":true,\"valueName\":\"search_term_string\"}}],\"inLanguage\":\"fr-FR\"},{\"@type\":\"NewsMediaOrganization\",\"@id\":\"https:\/\/dicodusport.fr\/blog\/#organization\",\"name\":\"Dicodusport\",\"url\":\"https:\/\/dicodusport.fr\/blog\/\",\"logo\":{\"@type\":\"ImageObject\",\"inLanguage\":\"fr-FR\",\"@id\":\"https:\/\/dicodusport.fr\/blog\/#\/schema\/logo\/image\/\",\"url\":\"https:\/\/dicodusport.fr\/blog\/wp-content\/uploads\/2020\/06\/cropped-LOGO-DICODUSPORT-2020-SANS-FOND-SANS-TEXTE.png\",\"contentUrl\":\"https:\/\/dicodusport.fr\/blog\/wp-content\/uploads\/2020\/06\/cropped-LOGO-DICODUSPORT-2020-SANS-FOND-SANS-TEXTE.png\",\"width\":512,\"height\":512,\"caption\":\"Dicodusport\"},\"image\":{\"@id\":\"https:\/\/dicodusport.fr\/blog\/#\/schema\/logo\/image\/\"},\"sameAs\":[\"https:\/\/www.facebook.com\/dicodusport\",\"https:\/\/x.com\/dicodusport\",\"https:\/\/www.instagram.com\/dicodusport\/\",\"https:\/\/www.youtube.com\/channel\/UC7V2KZ5sd3htJivAbA4ZG3w\"],\"description\":\"Dicodusport est l'encyclop\u00e9die de l'actualit\u00e9 sportive.\",\"email\":\"bonjour@dicodusport.fr\",\"legalName\":\"DICODUSPORT\",\"foundingDate\":\"2018-01-14\",\"vatID\":\"FR71834470973\",\"taxID\":\"83447097300043\",\"numberOfEmployees\":{\"@type\":\"QuantitativeValue\",\"minValue\":\"1\",\"maxValue\":\"10\"}},{\"@type\":\"Person\",\"@id\":\"https:\/\/dicodusport.fr\/blog\/#\/schema\/person\/37def232098a7a5cbab3974a3690abb0\",\"name\":\"Maxime Cazenave\",\"image\":{\"@type\":\"ImageObject\",\"inLanguage\":\"fr-FR\",\"@id\":\"https:\/\/dicodusport.fr\/blog\/#\/schema\/person\/image\/\",\"url\":\"https:\/\/dicodusport.fr\/blog\/wp-content\/uploads\/2021\/05\/Maxime-Cazenave-150x150.jpg\",\"contentUrl\":\"https:\/\/dicodusport.fr\/blog\/wp-content\/uploads\/2021\/05\/Maxime-Cazenave-150x150.jpg\",\"caption\":\"Maxime Cazenave\"},\"description\":\"Journaliste\/R\u00e9dacteur depuis 2012 - Berc\u00e9 par l\u2019amour des Girondins de Bordeaux, les \u00e9checs de Christophe Moreau sur le Tour de France sous l'\u00e8re Lance Armstrong et le fade-away l\u00e9tal de Dirk Nowitzki, ma passion d\u00e9vorante pour le sport a toujours \u00e9t\u00e9 un pan incontournable de ma vie. Transmettre ma passion \u00e0 l\u2019\u00e9crit a \u00e9t\u00e9 une transition naturelle. Suiveur assidu de basket et de hockey sur glace, je garde toujours un peu de place pour suivre le cyclisme, le football et le maximum de performances fran\u00e7aises.\",\"sameAs\":[\"https:\/\/x.com\/https:\/\/twitter.com\/Maxime_Caze\"],\"url\":\"https:\/\/dicodusport.fr\/blog\/author\/maximec\/\"}]}<\/script>\n<!-- \/ Yoast SEO Premium plugin. -->","yoast_head_json":{"title":"Skicross Val di Fassa : Marielle Berger Sabbatel retrouve le chemin du podium","description":"COUPE DE MONDE DE SKICROSS 2024\/2025 - Marielle Berger Sabbatel a accroch\u00e9 son premier podium de la saison (2\u00e8me) \u00e0 Val di Fassa.","robots":{"index":"index","follow":"follow","max-snippet":"max-snippet:-1","max-image-preview":"max-image-preview:large","max-video-preview":"max-video-preview:-1"},"canonical":"https:\/\/dicodusport.fr\/blog\/skicross-val-di-fassa-marielle-berger-sabbatel-retrouve-le-chemin-du-podium\/","og_locale":"fr_FR","og_type":"article","og_title":"Skicross Val di Fassa : Marielle Berger Sabbatel retrouve le chemin du podium","og_description":"COUPE DE MONDE DE SKICROSS 2024\/2025 - Marielle Berger Sabbatel a accroch\u00e9 son premier podium de la saison (2\u00e8me) \u00e0 Val di Fassa.","og_url":"https:\/\/dicodusport.fr\/blog\/skicross-val-di-fassa-marielle-berger-sabbatel-retrouve-le-chemin-du-podium\/","og_site_name":"Dicodusport","article_publisher":"https:\/\/www.facebook.com\/dicodusport","article_published_time":"2025-02-08T12:30:47+00:00","article_modified_time":"2025-02-08T12:58:55+00:00","og_image":[{"width":1200,"height":674,"url":"https:\/\/dicodusport.fr\/blog\/wp-content\/uploads\/2025\/02\/Skicross-Val-di-Fassa-Marielle-Berger-Sabbatel-retrouve-le-chemin-du-podium.png","type":"image\/png"}],"author":"Maxime Cazenave","twitter_card":"summary_large_image","twitter_title":"Skicross Val di Fassa : Marielle Berger Sabbatel retrouve le chemin du podium","twitter_creator":"@https:\/\/twitter.com\/Maxime_Caze","twitter_site":"@dicodusport","schema":{"@context":"https:\/\/schema.org","@graph":[{"@type":"NewsArticle","@id":"https:\/\/dicodusport.fr\/blog\/skicross-val-di-fassa-marielle-berger-sabbatel-retrouve-le-chemin-du-podium\/#article","isPartOf":{"@id":"https:\/\/dicodusport.fr\/blog\/skicross-val-di-fassa-marielle-berger-sabbatel-retrouve-le-chemin-du-podium\/"},"author":{"name":"Maxime Cazenave","@id":"https:\/\/dicodusport.fr\/blog\/#\/schema\/person\/37def232098a7a5cbab3974a3690abb0"},"headline":"Skicross Val di Fassa : Marielle Berger Sabbatel retrouve le chemin du podium","datePublished":"2025-02-08T12:30:47+00:00","dateModified":"2025-02-08T12:58:55+00:00","mainEntityOfPage":{"@id":"https:\/\/dicodusport.fr\/blog\/skicross-val-di-fassa-marielle-berger-sabbatel-retrouve-le-chemin-du-podium\/"},"wordCount":531,"commentCount":0,"publisher":{"@id":"https:\/\/dicodusport.fr\/blog\/#organization"},"image":{"@id":"https:\/\/dicodusport.fr\/blog\/skicross-val-di-fassa-marielle-berger-sabbatel-retrouve-le-chemin-du-podium\/#primaryimage"},"thumbnailUrl":"https:\/\/dicodusport.fr\/blog\/wp-content\/uploads\/2025\/02\/Skicross-Val-di-Fassa-Marielle-Berger-Sabbatel-retrouve-le-chemin-du-podium.png","keywords":["actu","br\u00e8ve","Coupe du monde de skicross","Marielle Berger Sabbatel","skicross","Youri Duplessis-Kergomard"],"articleSection":["Ski"],"inLanguage":"fr-FR","potentialAction":[{"@type":"CommentAction","name":"Comment","target":["https:\/\/dicodusport.fr\/blog\/skicross-val-di-fassa-marielle-berger-sabbatel-retrouve-le-chemin-du-podium\/#respond"]}],"copyrightYear":"2025","copyrightHolder":{"@id":"https:\/\/dicodusport.fr\/blog\/#organization"}},{"@type":"WebPage","@id":"https:\/\/dicodusport.fr\/blog\/skicross-val-di-fassa-marielle-berger-sabbatel-retrouve-le-chemin-du-podium\/","url":"https:\/\/dicodusport.fr\/blog\/skicross-val-di-fassa-marielle-berger-sabbatel-retrouve-le-chemin-du-podium\/","name":"Skicross Val di Fassa : Marielle Berger Sabbatel retrouve le chemin du podium","isPartOf":{"@id":"https:\/\/dicodusport.fr\/blog\/#website"},"primaryImageOfPage":{"@id":"https:\/\/dicodusport.fr\/blog\/skicross-val-di-fassa-marielle-berger-sabbatel-retrouve-le-chemin-du-podium\/#primaryimage"},"image":{"@id":"https:\/\/dicodusport.fr\/blog\/skicross-val-di-fassa-marielle-berger-sabbatel-retrouve-le-chemin-du-podium\/#primaryimage"},"thumbnailUrl":"https:\/\/dicodusport.fr\/blog\/wp-content\/uploads\/2025\/02\/Skicross-Val-di-Fassa-Marielle-Berger-Sabbatel-retrouve-le-chemin-du-podium.png","datePublished":"2025-02-08T12:30:47+00:00","dateModified":"2025-02-08T12:58:55+00:00","description":"COUPE DE MONDE DE SKICROSS 2024\/2025 - Marielle Berger Sabbatel a accroch\u00e9 son premier podium de la saison (2\u00e8me) \u00e0 Val di Fassa.","breadcrumb":{"@id":"https:\/\/dicodusport.fr\/blog\/skicross-val-di-fassa-marielle-berger-sabbatel-retrouve-le-chemin-du-podium\/#breadcrumb"},"inLanguage":"fr-FR","potentialAction":[{"@type":"ReadAction","target":["https:\/\/dicodusport.fr\/blog\/skicross-val-di-fassa-marielle-berger-sabbatel-retrouve-le-chemin-du-podium\/"]}]},{"@type":"ImageObject","inLanguage":"fr-FR","@id":"https:\/\/dicodusport.fr\/blog\/skicross-val-di-fassa-marielle-berger-sabbatel-retrouve-le-chemin-du-podium\/#primaryimage","url":"https:\/\/dicodusport.fr\/blog\/wp-content\/uploads\/2025\/02\/Skicross-Val-di-Fassa-Marielle-Berger-Sabbatel-retrouve-le-chemin-du-podium.png","contentUrl":"https:\/\/dicodusport.fr\/blog\/wp-content\/uploads\/2025\/02\/Skicross-Val-di-Fassa-Marielle-Berger-Sabbatel-retrouve-le-chemin-du-podium.png","width":1200,"height":674,"caption":"Skicross Val di Fassa : Marielle Berger Sabbatel retrouve le chemin du podium"},{"@type":"BreadcrumbList","@id":"https:\/\/dicodusport.fr\/blog\/skicross-val-di-fassa-marielle-berger-sabbatel-retrouve-le-chemin-du-podium\/#breadcrumb","itemListElement":[{"@type":"ListItem","position":1,"name":"Accueil","item":"https:\/\/dicodusport.fr\/blog\/"},{"@type":"ListItem","position":2,"name":"Skicross Val di Fassa : Marielle Berger Sabbatel retrouve le chemin du podium"}]},{"@type":"WebSite","@id":"https:\/\/dicodusport.fr\/blog\/#website","url":"https:\/\/dicodusport.fr\/blog\/","name":"Dicodusport","description":"L&#039;encyclop\u00e9die de l&#039;actualit\u00e9 sportive","publisher":{"@id":"https:\/\/dicodusport.fr\/blog\/#organization"},"potentialAction":[{"@type":"SearchAction","target":{"@type":"EntryPoint","urlTemplate":"https:\/\/dicodusport.fr\/blog\/?s={search_term_string}"},"query-input":{"@type":"PropertyValueSpecification","valueRequired":true,"valueName":"search_term_string"}}],"inLanguage":"fr-FR"},{"@type":"NewsMediaOrganization","@id":"https:\/\/dicodusport.fr\/blog\/#organization","name":"Dicodusport","url":"https:\/\/dicodusport.fr\/blog\/","logo":{"@type":"ImageObject","inLanguage":"fr-FR","@id":"https:\/\/dicodusport.fr\/blog\/#\/schema\/logo\/image\/","url":"https:\/\/dicodusport.fr\/blog\/wp-content\/uploads\/2020\/06\/cropped-LOGO-DICODUSPORT-2020-SANS-FOND-SANS-TEXTE.png","contentUrl":"https:\/\/dicodusport.fr\/blog\/wp-content\/uploads\/2020\/06\/cropped-LOGO-DICODUSPORT-2020-SANS-FOND-SANS-TEXTE.png","width":512,"height":512,"caption":"Dicodusport"},"image":{"@id":"https:\/\/dicodusport.fr\/blog\/#\/schema\/logo\/image\/"},"sameAs":["https:\/\/www.facebook.com\/dicodusport","https:\/\/x.com\/dicodusport","https:\/\/www.instagram.com\/dicodusport\/","https:\/\/www.youtube.com\/channel\/UC7V2KZ5sd3htJivAbA4ZG3w"],"description":"Dicodusport est l'encyclop\u00e9die de l'actualit\u00e9 sportive.","email":"bonjour@dicodusport.fr","legalName":"DICODUSPORT","foundingDate":"2018-01-14","vatID":"FR71834470973","taxID":"83447097300043","numberOfEmployees":{"@type":"QuantitativeValue","minValue":"1","maxValue":"10"}},{"@type":"Person","@id":"https:\/\/dicodusport.fr\/blog\/#\/schema\/person\/37def232098a7a5cbab3974a3690abb0","name":"Maxime Cazenave","image":{"@type":"ImageObject","inLanguage":"fr-FR","@id":"https:\/\/dicodusport.fr\/blog\/#\/schema\/person\/image\/","url":"https:\/\/dicodusport.fr\/blog\/wp-content\/uploads\/2021\/05\/Maxime-Cazenave-150x150.jpg","contentUrl":"https:\/\/dicodusport.fr\/blog\/wp-content\/uploads\/2021\/05\/Maxime-Cazenave-150x150.jpg","caption":"Maxime Cazenave"},"description":"Journaliste\/R\u00e9dacteur depuis 2012 - Berc\u00e9 par l\u2019amour des Girondins de Bordeaux, les \u00e9checs de Christophe Moreau sur le Tour de France sous l'\u00e8re Lance Armstrong et le fade-away l\u00e9tal de Dirk Nowitzki, ma passion d\u00e9vorante pour le sport a toujours \u00e9t\u00e9 un pan incontournable de ma vie. Transmettre ma passion \u00e0 l\u2019\u00e9crit a \u00e9t\u00e9 une transition naturelle. Suiveur assidu de basket et de hockey sur glace, je garde toujours un peu de place pour suivre le cyclisme, le football et le maximum de performances fran\u00e7aises.","sameAs":["https:\/\/x.com\/https:\/\/twitter.com\/Maxime_Caze"],"url":"https:\/\/dicodusport.fr\/blog\/author\/maximec\/"}]}},"_links":{"self":[{"href":"https:\/\/dicodusport.fr\/blog\/wp-json\/wp\/v2\/posts\/553744","targetHints":{"allow":["GET"]}}],"collection":[{"href":"https:\/\/dicodusport.fr\/blog\/wp-json\/wp\/v2\/posts"}],"about":[{"href":"https:\/\/dicodusport.fr\/blog\/wp-json\/wp\/v2\/types\/post"}],"author":[{"embeddable":true,"href":"https:\/\/dicodusport.fr\/blog\/wp-json\/wp\/v2\/users\/55"}],"replies":[{"embeddable":true,"href":"https:\/\/dicodusport.fr\/blog\/wp-json\/wp\/v2\/comments?post=553744"}],"version-history":[{"count":3,"href":"https:\/\/dicodusport.fr\/blog\/wp-json\/wp\/v2\/posts\/553744\/revisions"}],"predecessor-version":[{"id":553773,"href":"https:\/\/dicodusport.fr\/blog\/wp-json\/wp\/v2\/posts\/553744\/revisions\/553773"}],"wp:featuredmedia":[{"embeddable":true,"href":"https:\/\/dicodusport.fr\/blog\/wp-json\/wp\/v2\/media\/553769"}],"wp:attachment":[{"href":"https:\/\/dicodusport.fr\/blog\/wp-json\/wp\/v2\/media?parent=553744"}],"wp:term":[{"taxonomy":"category","embeddable":true,"href":"https:\/\/dicodusport.fr\/blog\/wp-json\/wp\/v2\/categories?post=553744"},{"taxonomy":"post_tag","embeddable":true,"href":"https:\/\/dicodusport.fr\/blog\/wp-json\/wp\/v2\/tags?post=553744"}],"curies":[{"name":"wp","href":"https:\/\/api.w.org\/{rel}","templated":true}]}}