{"id":553820,"date":"2025-02-08T15:18:32","date_gmt":"2025-02-08T14:18:32","guid":{"rendered":"https:\/\/dicodusport.fr\/blog\/?p=553820&#038;preview=true&#038;preview_id=553820"},"modified":"2025-04-03T14:19:14","modified_gmt":"2025-04-03T12:19:14","slug":"telemark-trillevallen-2025-laly-chaucheprat-double-la-mise-des-podiums-en-pagaille-pour-les-bleus","status":"publish","type":"post","link":"https:\/\/dicodusport.fr\/blog\/telemark-trillevallen-2025-laly-chaucheprat-double-la-mise-des-podiums-en-pagaille-pour-les-bleus\/","title":{"rendered":"T\u00e9l\u00e9mark Trillevallen 2025 : Laly Chaucheprat double la mise, des podiums en pagaille pour les Bleus"},"content":{"rendered":"<h4 style=\"text-align: justify;\"><em>COUPE DU MONDE DE T\u00c9L\u00c9MARK 2024\/2025 &#8211; La deuxi\u00e8me manche de l&rsquo;\u00e9tape de Trillevallen s&rsquo;est apparent\u00e9e \u00e0 un v\u00e9ritable festival pour les Bleus. D\u00e9j\u00e0 vainqueure la veille, Laly Chaucheprat a r\u00e9cidiv\u00e9 ce samedi, tandis qu&rsquo;Argeline Tan-Bouquet, Alexis Page et Charly Petex ont \u00e9galement pris place sur le podium.<\/em><\/h4>\n<p style=\"text-align: justify;\">L&rsquo;air de la Su\u00e8de a fait le plus grand bien au <strong>t\u00e9l\u00e9mark<\/strong> fran\u00e7ais. Au lendemain d&rsquo;une <a href=\"https:\/\/dicodusport.fr\/blog\/telemark-trillevallen-2025-laly-chaucheprat-soffre-le-premier-sprint-les-bleus-cartonnent\/\">premi\u00e8re manche achev\u00e9e avec une victoire et trois podiums au compteur vendredi<\/a>, les Bleus ont r\u00e9alis\u00e9 la performance de faire encore mieux ce samedi !<\/p>\n<ul>\n<li><strong>\u00c0 ce sujet &#8211; <a href=\"https:\/\/dicodusport.fr\/blog\/?s=telemark\">Toute l&rsquo;actualit\u00e9 du t\u00e9l\u00e9mark<\/a><\/strong><\/li>\n<\/ul>\n<h2 style=\"text-align: justify;\">Laly Chaucheprat dans une autre dimension, le collectif tricolore inarr\u00eatable<\/h2>\n<p style=\"text-align: justify;\">Alors qu&rsquo;elle n&rsquo;avait plus gagn\u00e9 en Coupe du monde depuis son premier succ\u00e8s en d\u00e9but d&rsquo;ann\u00e9e 2022, <strong>Laly Chaucheprat<\/strong> a confirm\u00e9 son habilet\u00e9 sur la piste de <strong>Trillevallen<\/strong>. La Tricolore a confirm\u00e9 son succ\u00e8s de la veille en raflant sa deuxi\u00e8me victoire en l&rsquo;espace de 24h. Le tout avec pr\u00e8s de deux secondes sur sa dauphine, et compatriote, <strong>Argeline Tan-Bouquet<\/strong>. Gr\u00e2ce \u00e0 ce weekend couronn\u00e9 de r\u00e9ussite, la skieuse de 26 ans se repositionne en embuscade \u00e0 la 3e place du g\u00e9n\u00e9ral, et pourrait revoir ses ambitions \u00e0 la hausse suite \u00e0 un tel weekend. De son c\u00f4t\u00e9, Tan-Bouquet reste install\u00e9e \u00e0 la deuxi\u00e8me place du classement, derri\u00e8re la Britannique <strong>Jasmin Taylor<\/strong>, qui a compl\u00e9t\u00e9 le podium du jour \u00e0 Trillevallen.<\/p>\n<p style=\"text-align: justify;\">Pour que la f\u00eate soit compl\u00e8te, les hommes ont \u00e9galement r\u00e9pondu pr\u00e9sents. Si la victoire a \u00e9t\u00e9 acquise avec une marge impressionnante par le Norv\u00e9gien<strong> Trym Nygaard Loeken<\/strong>, <strong>Alexis Page<\/strong> et <strong>Charly Petex<\/strong> ont tir\u00e9 leur \u00e9pingle du jeu pour s&#8217;emparer des deux places restantes sur la bo\u00eete. Pour compl\u00e9ter ce tir group\u00e9 en haut de classement, <strong>Camille Bourbon<\/strong> (4\u00e8me), <strong>Augustine Carliez<\/strong> (5\u00e8me) et <strong>Yoann Rostolan<\/strong> ont \u00e9galement pris des places d&rsquo;honneur. Si l&rsquo;on prend en compte les deux Tops 5 du jour (f\u00e9minin et masculin), les Bleus trustent sept des dix places disponibles ! Une h\u00e9g\u00e9monie absolue confirm\u00e9e par les deux victoires de Laly Chaucheprat, et une moisson de podiums infernale (7 sur 12).<\/p>\n<p style=\"text-align: justify;\">Une semaine avant la prochaine manche du c\u00f4t\u00e9 d&rsquo;<strong>Al<\/strong> (Norv\u00e8ge), le t\u00e9l\u00e9mark tricolore est plus en forme que jamais.<\/p>\n<h2 style=\"text-align: justify;\">Les r\u00e9sultats<\/h2>\n<p><strong>Femmes :<\/strong> Laly Chaucheprat 1\u00e8re, Argeline Tan-Bouquet 2\u00e8me, Camille Bourbon 4\u00e8me, Augustine Carliez 5\u00e8me<\/p>\n<p><strong>Hommes :<\/strong> Alexis Page 2\u00e8me, Charly Petex 3\u00e8me, Yoann Rostolan 5\u00e8me, \u00c9lie Nabot 7\u00e8me, Th\u00e9o Sillon DNF<\/p>\n<p>&nbsp;<\/p>\n","protected":false},"excerpt":{"rendered":"<p>COUPE DU MONDE DE T\u00c9L\u00c9MARK 2024\/2025 &#8211; La deuxi\u00e8me manche de l&rsquo;\u00e9tape de Trillevallen a \u00e9t\u00e9 un v\u00e9ritable festival pour les Bleus. D\u00e9j\u00e0 vainqueure la veille, Laly Chaucheprat s&rsquo;est de nouveau impos\u00e9e, tandis qu&rsquo;Argeline Tan-Bouquet, Alexis Page et Charly Petex ont \u00e9galement pris place sur le podium.<\/p>\n","protected":false},"author":55,"featured_media":553833,"comment_status":"open","ping_status":"closed","sticky":false,"template":"","format":"standard","meta":{"_acf_changed":false,"_daextam_enable_autolinks":"1","footnotes":""},"categories":[45756],"tags":[32415,15291,38364,16878,37897,13759,38374],"class_list":["post-553820","post","type-post","status-publish","format-standard","has-post-thumbnail","hentry","category-telemark","tag-actu","tag-alexis-page","tag-argeline-tan-bouquet","tag-breve","tag-charly-petex","tag-coupe-du-monde-de-telemark","tag-laly-chaucheprat"],"acf":[],"yoast_head":"<!-- This site is optimized with the Yoast SEO Premium plugin v26.7 (Yoast SEO v26.7) - https:\/\/yoast.com\/wordpress\/plugins\/seo\/ -->\n<title>T\u00e9l\u00e9mark Trillevallen 2025 : Laly Chaucheprat double la mise, des podiums en pagaille pour les Bleus<\/title>\n<meta name=\"description\" content=\"COUPE DU MONDE DE T\u00c9L\u00c9MARK 2024\/2025 - Laly Chaucheprat s&#039;est de nouveau impos\u00e9e \u00e0 Trillevallen dans une journ\u00e9e \u00e0 4 podiums pour la France !\" \/>\n<meta name=\"robots\" content=\"index, follow, max-snippet:-1, max-image-preview:large, max-video-preview:-1\" \/>\n<link rel=\"canonical\" href=\"https:\/\/dicodusport.fr\/blog\/telemark-trillevallen-2025-laly-chaucheprat-double-la-mise-des-podiums-en-pagaille-pour-les-bleus\/\" \/>\n<meta property=\"og:locale\" content=\"fr_FR\" \/>\n<meta property=\"og:type\" content=\"article\" \/>\n<meta property=\"og:title\" content=\"T\u00e9l\u00e9mark Trillevallen 2025 : Laly Chaucheprat double la mise, des podiums en pagaille pour les Bleus\" \/>\n<meta property=\"og:description\" content=\"COUPE DU MONDE DE T\u00c9L\u00c9MARK 2024\/2025 - Laly Chaucheprat s&#039;est de nouveau impos\u00e9e \u00e0 Trillevallen dans une journ\u00e9e \u00e0 4 podiums pour la France !\" \/>\n<meta property=\"og:url\" content=\"https:\/\/dicodusport.fr\/blog\/telemark-trillevallen-2025-laly-chaucheprat-double-la-mise-des-podiums-en-pagaille-pour-les-bleus\/\" \/>\n<meta property=\"og:site_name\" content=\"Dicodusport\" \/>\n<meta property=\"article:publisher\" content=\"https:\/\/www.facebook.com\/dicodusport\" \/>\n<meta property=\"article:published_time\" content=\"2025-02-08T14:18:32+00:00\" \/>\n<meta property=\"article:modified_time\" content=\"2025-04-03T12:19:14+00:00\" \/>\n<meta property=\"og:image\" content=\"https:\/\/dicodusport.fr\/blog\/wp-content\/uploads\/2025\/02\/Telemark-Trillevallen-2025-Laly-Chaucheprat-double-la-mise-des-podiums-en-pagaille-pour-les-Bleus.png\" \/>\n\t<meta property=\"og:image:width\" content=\"1200\" \/>\n\t<meta property=\"og:image:height\" content=\"674\" \/>\n\t<meta property=\"og:image:type\" content=\"image\/png\" \/>\n<meta name=\"author\" content=\"Maxime Cazenave\" \/>\n<meta name=\"twitter:card\" content=\"summary_large_image\" \/>\n<meta name=\"twitter:title\" content=\"T\u00e9l\u00e9mark Trillevallen 2025 : Laly Chaucheprat double la mise, des podiums en pagaille pour les Bleus\" \/>\n<meta name=\"twitter:creator\" content=\"@https:\/\/twitter.com\/Maxime_Caze\" \/>\n<meta name=\"twitter:site\" content=\"@dicodusport\" \/>\n<script type=\"application\/ld+json\" class=\"yoast-schema-graph\">{\"@context\":\"https:\/\/schema.org\",\"@graph\":[{\"@type\":\"NewsArticle\",\"@id\":\"https:\/\/dicodusport.fr\/blog\/telemark-trillevallen-2025-laly-chaucheprat-double-la-mise-des-podiums-en-pagaille-pour-les-bleus\/#article\",\"isPartOf\":{\"@id\":\"https:\/\/dicodusport.fr\/blog\/telemark-trillevallen-2025-laly-chaucheprat-double-la-mise-des-podiums-en-pagaille-pour-les-bleus\/\"},\"author\":{\"name\":\"Maxime Cazenave\",\"@id\":\"https:\/\/dicodusport.fr\/blog\/#\/schema\/person\/37def232098a7a5cbab3974a3690abb0\"},\"headline\":\"T\u00e9l\u00e9mark Trillevallen 2025 : Laly Chaucheprat double la mise, des podiums en pagaille pour les Bleus\",\"datePublished\":\"2025-02-08T14:18:32+00:00\",\"dateModified\":\"2025-04-03T12:19:14+00:00\",\"mainEntityOfPage\":{\"@id\":\"https:\/\/dicodusport.fr\/blog\/telemark-trillevallen-2025-laly-chaucheprat-double-la-mise-des-podiums-en-pagaille-pour-les-bleus\/\"},\"wordCount\":457,\"commentCount\":0,\"publisher\":{\"@id\":\"https:\/\/dicodusport.fr\/blog\/#organization\"},\"image\":{\"@id\":\"https:\/\/dicodusport.fr\/blog\/telemark-trillevallen-2025-laly-chaucheprat-double-la-mise-des-podiums-en-pagaille-pour-les-bleus\/#primaryimage\"},\"thumbnailUrl\":\"https:\/\/dicodusport.fr\/blog\/wp-content\/uploads\/2025\/02\/Telemark-Trillevallen-2025-Laly-Chaucheprat-double-la-mise-des-podiums-en-pagaille-pour-les-Bleus.png\",\"keywords\":[\"actu\",\"Alexis Page\",\"Argeline Tan-Bouquet\",\"br\u00e8ve\",\"Charly Petex\",\"Coupe du monde de t\u00e9l\u00e9mark\",\"Laly Chaucheprat\"],\"articleSection\":[\"T\u00e9l\u00e9mark\"],\"inLanguage\":\"fr-FR\",\"potentialAction\":[{\"@type\":\"CommentAction\",\"name\":\"Comment\",\"target\":[\"https:\/\/dicodusport.fr\/blog\/telemark-trillevallen-2025-laly-chaucheprat-double-la-mise-des-podiums-en-pagaille-pour-les-bleus\/#respond\"]}],\"copyrightYear\":\"2025\",\"copyrightHolder\":{\"@id\":\"https:\/\/dicodusport.fr\/blog\/#organization\"}},{\"@type\":\"WebPage\",\"@id\":\"https:\/\/dicodusport.fr\/blog\/telemark-trillevallen-2025-laly-chaucheprat-double-la-mise-des-podiums-en-pagaille-pour-les-bleus\/\",\"url\":\"https:\/\/dicodusport.fr\/blog\/telemark-trillevallen-2025-laly-chaucheprat-double-la-mise-des-podiums-en-pagaille-pour-les-bleus\/\",\"name\":\"T\u00e9l\u00e9mark Trillevallen 2025 : Laly Chaucheprat double la mise, des podiums en pagaille pour les Bleus\",\"isPartOf\":{\"@id\":\"https:\/\/dicodusport.fr\/blog\/#website\"},\"primaryImageOfPage\":{\"@id\":\"https:\/\/dicodusport.fr\/blog\/telemark-trillevallen-2025-laly-chaucheprat-double-la-mise-des-podiums-en-pagaille-pour-les-bleus\/#primaryimage\"},\"image\":{\"@id\":\"https:\/\/dicodusport.fr\/blog\/telemark-trillevallen-2025-laly-chaucheprat-double-la-mise-des-podiums-en-pagaille-pour-les-bleus\/#primaryimage\"},\"thumbnailUrl\":\"https:\/\/dicodusport.fr\/blog\/wp-content\/uploads\/2025\/02\/Telemark-Trillevallen-2025-Laly-Chaucheprat-double-la-mise-des-podiums-en-pagaille-pour-les-Bleus.png\",\"datePublished\":\"2025-02-08T14:18:32+00:00\",\"dateModified\":\"2025-04-03T12:19:14+00:00\",\"description\":\"COUPE DU MONDE DE T\u00c9L\u00c9MARK 2024\/2025 - Laly Chaucheprat s'est de nouveau impos\u00e9e \u00e0 Trillevallen dans une journ\u00e9e \u00e0 4 podiums pour la France !\",\"breadcrumb\":{\"@id\":\"https:\/\/dicodusport.fr\/blog\/telemark-trillevallen-2025-laly-chaucheprat-double-la-mise-des-podiums-en-pagaille-pour-les-bleus\/#breadcrumb\"},\"inLanguage\":\"fr-FR\",\"potentialAction\":[{\"@type\":\"ReadAction\",\"target\":[\"https:\/\/dicodusport.fr\/blog\/telemark-trillevallen-2025-laly-chaucheprat-double-la-mise-des-podiums-en-pagaille-pour-les-bleus\/\"]}]},{\"@type\":\"ImageObject\",\"inLanguage\":\"fr-FR\",\"@id\":\"https:\/\/dicodusport.fr\/blog\/telemark-trillevallen-2025-laly-chaucheprat-double-la-mise-des-podiums-en-pagaille-pour-les-bleus\/#primaryimage\",\"url\":\"https:\/\/dicodusport.fr\/blog\/wp-content\/uploads\/2025\/02\/Telemark-Trillevallen-2025-Laly-Chaucheprat-double-la-mise-des-podiums-en-pagaille-pour-les-Bleus.png\",\"contentUrl\":\"https:\/\/dicodusport.fr\/blog\/wp-content\/uploads\/2025\/02\/Telemark-Trillevallen-2025-Laly-Chaucheprat-double-la-mise-des-podiums-en-pagaille-pour-les-Bleus.png\",\"width\":1200,\"height\":674,\"caption\":\"T\u00e9l\u00e9mark Trillevallen 2025 : Laly Chaucheprat double la mise, des podiums en pagaille pour les Bleus\"},{\"@type\":\"BreadcrumbList\",\"@id\":\"https:\/\/dicodusport.fr\/blog\/telemark-trillevallen-2025-laly-chaucheprat-double-la-mise-des-podiums-en-pagaille-pour-les-bleus\/#breadcrumb\",\"itemListElement\":[{\"@type\":\"ListItem\",\"position\":1,\"name\":\"Accueil\",\"item\":\"https:\/\/dicodusport.fr\/blog\/\"},{\"@type\":\"ListItem\",\"position\":2,\"name\":\"T\u00e9l\u00e9mark Trillevallen 2025 : Laly Chaucheprat double la mise, des podiums en pagaille pour les Bleus\"}]},{\"@type\":\"WebSite\",\"@id\":\"https:\/\/dicodusport.fr\/blog\/#website\",\"url\":\"https:\/\/dicodusport.fr\/blog\/\",\"name\":\"Dicodusport\",\"description\":\"L&#039;encyclop\u00e9die de l&#039;actualit\u00e9 sportive\",\"publisher\":{\"@id\":\"https:\/\/dicodusport.fr\/blog\/#organization\"},\"potentialAction\":[{\"@type\":\"SearchAction\",\"target\":{\"@type\":\"EntryPoint\",\"urlTemplate\":\"https:\/\/dicodusport.fr\/blog\/?s={search_term_string}\"},\"query-input\":{\"@type\":\"PropertyValueSpecification\",\"valueRequired\":true,\"valueName\":\"search_term_string\"}}],\"inLanguage\":\"fr-FR\"},{\"@type\":\"NewsMediaOrganization\",\"@id\":\"https:\/\/dicodusport.fr\/blog\/#organization\",\"name\":\"Dicodusport\",\"url\":\"https:\/\/dicodusport.fr\/blog\/\",\"logo\":{\"@type\":\"ImageObject\",\"inLanguage\":\"fr-FR\",\"@id\":\"https:\/\/dicodusport.fr\/blog\/#\/schema\/logo\/image\/\",\"url\":\"https:\/\/dicodusport.fr\/blog\/wp-content\/uploads\/2020\/06\/cropped-LOGO-DICODUSPORT-2020-SANS-FOND-SANS-TEXTE.png\",\"contentUrl\":\"https:\/\/dicodusport.fr\/blog\/wp-content\/uploads\/2020\/06\/cropped-LOGO-DICODUSPORT-2020-SANS-FOND-SANS-TEXTE.png\",\"width\":512,\"height\":512,\"caption\":\"Dicodusport\"},\"image\":{\"@id\":\"https:\/\/dicodusport.fr\/blog\/#\/schema\/logo\/image\/\"},\"sameAs\":[\"https:\/\/www.facebook.com\/dicodusport\",\"https:\/\/x.com\/dicodusport\",\"https:\/\/www.instagram.com\/dicodusport\/\",\"https:\/\/www.youtube.com\/channel\/UC7V2KZ5sd3htJivAbA4ZG3w\"],\"description\":\"Dicodusport est l'encyclop\u00e9die de l'actualit\u00e9 sportive.\",\"email\":\"bonjour@dicodusport.fr\",\"legalName\":\"DICODUSPORT\",\"foundingDate\":\"2018-01-14\",\"vatID\":\"FR71834470973\",\"taxID\":\"83447097300043\",\"numberOfEmployees\":{\"@type\":\"QuantitativeValue\",\"minValue\":\"1\",\"maxValue\":\"10\"}},{\"@type\":\"Person\",\"@id\":\"https:\/\/dicodusport.fr\/blog\/#\/schema\/person\/37def232098a7a5cbab3974a3690abb0\",\"name\":\"Maxime Cazenave\",\"image\":{\"@type\":\"ImageObject\",\"inLanguage\":\"fr-FR\",\"@id\":\"https:\/\/dicodusport.fr\/blog\/#\/schema\/person\/image\/\",\"url\":\"https:\/\/dicodusport.fr\/blog\/wp-content\/uploads\/2021\/05\/Maxime-Cazenave-150x150.jpg\",\"contentUrl\":\"https:\/\/dicodusport.fr\/blog\/wp-content\/uploads\/2021\/05\/Maxime-Cazenave-150x150.jpg\",\"caption\":\"Maxime Cazenave\"},\"description\":\"Journaliste\/R\u00e9dacteur depuis 2012 - Berc\u00e9 par l\u2019amour des Girondins de Bordeaux, les \u00e9checs de Christophe Moreau sur le Tour de France sous l'\u00e8re Lance Armstrong et le fade-away l\u00e9tal de Dirk Nowitzki, ma passion d\u00e9vorante pour le sport a toujours \u00e9t\u00e9 un pan incontournable de ma vie. Transmettre ma passion \u00e0 l\u2019\u00e9crit a \u00e9t\u00e9 une transition naturelle. Suiveur assidu de basket et de hockey sur glace, je garde toujours un peu de place pour suivre le cyclisme, le football et le maximum de performances fran\u00e7aises.\",\"sameAs\":[\"https:\/\/x.com\/https:\/\/twitter.com\/Maxime_Caze\"],\"url\":\"https:\/\/dicodusport.fr\/blog\/author\/maximec\/\"}]}<\/script>\n<!-- \/ Yoast SEO Premium plugin. -->","yoast_head_json":{"title":"T\u00e9l\u00e9mark Trillevallen 2025 : Laly Chaucheprat double la mise, des podiums en pagaille pour les Bleus","description":"COUPE DU MONDE DE T\u00c9L\u00c9MARK 2024\/2025 - Laly Chaucheprat s'est de nouveau impos\u00e9e \u00e0 Trillevallen dans une journ\u00e9e \u00e0 4 podiums pour la France !","robots":{"index":"index","follow":"follow","max-snippet":"max-snippet:-1","max-image-preview":"max-image-preview:large","max-video-preview":"max-video-preview:-1"},"canonical":"https:\/\/dicodusport.fr\/blog\/telemark-trillevallen-2025-laly-chaucheprat-double-la-mise-des-podiums-en-pagaille-pour-les-bleus\/","og_locale":"fr_FR","og_type":"article","og_title":"T\u00e9l\u00e9mark Trillevallen 2025 : Laly Chaucheprat double la mise, des podiums en pagaille pour les Bleus","og_description":"COUPE DU MONDE DE T\u00c9L\u00c9MARK 2024\/2025 - Laly Chaucheprat s'est de nouveau impos\u00e9e \u00e0 Trillevallen dans une journ\u00e9e \u00e0 4 podiums pour la France !","og_url":"https:\/\/dicodusport.fr\/blog\/telemark-trillevallen-2025-laly-chaucheprat-double-la-mise-des-podiums-en-pagaille-pour-les-bleus\/","og_site_name":"Dicodusport","article_publisher":"https:\/\/www.facebook.com\/dicodusport","article_published_time":"2025-02-08T14:18:32+00:00","article_modified_time":"2025-04-03T12:19:14+00:00","og_image":[{"width":1200,"height":674,"url":"https:\/\/dicodusport.fr\/blog\/wp-content\/uploads\/2025\/02\/Telemark-Trillevallen-2025-Laly-Chaucheprat-double-la-mise-des-podiums-en-pagaille-pour-les-Bleus.png","type":"image\/png"}],"author":"Maxime Cazenave","twitter_card":"summary_large_image","twitter_title":"T\u00e9l\u00e9mark Trillevallen 2025 : Laly Chaucheprat double la mise, des podiums en pagaille pour les Bleus","twitter_creator":"@https:\/\/twitter.com\/Maxime_Caze","twitter_site":"@dicodusport","schema":{"@context":"https:\/\/schema.org","@graph":[{"@type":"NewsArticle","@id":"https:\/\/dicodusport.fr\/blog\/telemark-trillevallen-2025-laly-chaucheprat-double-la-mise-des-podiums-en-pagaille-pour-les-bleus\/#article","isPartOf":{"@id":"https:\/\/dicodusport.fr\/blog\/telemark-trillevallen-2025-laly-chaucheprat-double-la-mise-des-podiums-en-pagaille-pour-les-bleus\/"},"author":{"name":"Maxime Cazenave","@id":"https:\/\/dicodusport.fr\/blog\/#\/schema\/person\/37def232098a7a5cbab3974a3690abb0"},"headline":"T\u00e9l\u00e9mark Trillevallen 2025 : Laly Chaucheprat double la mise, des podiums en pagaille pour les Bleus","datePublished":"2025-02-08T14:18:32+00:00","dateModified":"2025-04-03T12:19:14+00:00","mainEntityOfPage":{"@id":"https:\/\/dicodusport.fr\/blog\/telemark-trillevallen-2025-laly-chaucheprat-double-la-mise-des-podiums-en-pagaille-pour-les-bleus\/"},"wordCount":457,"commentCount":0,"publisher":{"@id":"https:\/\/dicodusport.fr\/blog\/#organization"},"image":{"@id":"https:\/\/dicodusport.fr\/blog\/telemark-trillevallen-2025-laly-chaucheprat-double-la-mise-des-podiums-en-pagaille-pour-les-bleus\/#primaryimage"},"thumbnailUrl":"https:\/\/dicodusport.fr\/blog\/wp-content\/uploads\/2025\/02\/Telemark-Trillevallen-2025-Laly-Chaucheprat-double-la-mise-des-podiums-en-pagaille-pour-les-Bleus.png","keywords":["actu","Alexis Page","Argeline Tan-Bouquet","br\u00e8ve","Charly Petex","Coupe du monde de t\u00e9l\u00e9mark","Laly Chaucheprat"],"articleSection":["T\u00e9l\u00e9mark"],"inLanguage":"fr-FR","potentialAction":[{"@type":"CommentAction","name":"Comment","target":["https:\/\/dicodusport.fr\/blog\/telemark-trillevallen-2025-laly-chaucheprat-double-la-mise-des-podiums-en-pagaille-pour-les-bleus\/#respond"]}],"copyrightYear":"2025","copyrightHolder":{"@id":"https:\/\/dicodusport.fr\/blog\/#organization"}},{"@type":"WebPage","@id":"https:\/\/dicodusport.fr\/blog\/telemark-trillevallen-2025-laly-chaucheprat-double-la-mise-des-podiums-en-pagaille-pour-les-bleus\/","url":"https:\/\/dicodusport.fr\/blog\/telemark-trillevallen-2025-laly-chaucheprat-double-la-mise-des-podiums-en-pagaille-pour-les-bleus\/","name":"T\u00e9l\u00e9mark Trillevallen 2025 : Laly Chaucheprat double la mise, des podiums en pagaille pour les Bleus","isPartOf":{"@id":"https:\/\/dicodusport.fr\/blog\/#website"},"primaryImageOfPage":{"@id":"https:\/\/dicodusport.fr\/blog\/telemark-trillevallen-2025-laly-chaucheprat-double-la-mise-des-podiums-en-pagaille-pour-les-bleus\/#primaryimage"},"image":{"@id":"https:\/\/dicodusport.fr\/blog\/telemark-trillevallen-2025-laly-chaucheprat-double-la-mise-des-podiums-en-pagaille-pour-les-bleus\/#primaryimage"},"thumbnailUrl":"https:\/\/dicodusport.fr\/blog\/wp-content\/uploads\/2025\/02\/Telemark-Trillevallen-2025-Laly-Chaucheprat-double-la-mise-des-podiums-en-pagaille-pour-les-Bleus.png","datePublished":"2025-02-08T14:18:32+00:00","dateModified":"2025-04-03T12:19:14+00:00","description":"COUPE DU MONDE DE T\u00c9L\u00c9MARK 2024\/2025 - Laly Chaucheprat s'est de nouveau impos\u00e9e \u00e0 Trillevallen dans une journ\u00e9e \u00e0 4 podiums pour la France !","breadcrumb":{"@id":"https:\/\/dicodusport.fr\/blog\/telemark-trillevallen-2025-laly-chaucheprat-double-la-mise-des-podiums-en-pagaille-pour-les-bleus\/#breadcrumb"},"inLanguage":"fr-FR","potentialAction":[{"@type":"ReadAction","target":["https:\/\/dicodusport.fr\/blog\/telemark-trillevallen-2025-laly-chaucheprat-double-la-mise-des-podiums-en-pagaille-pour-les-bleus\/"]}]},{"@type":"ImageObject","inLanguage":"fr-FR","@id":"https:\/\/dicodusport.fr\/blog\/telemark-trillevallen-2025-laly-chaucheprat-double-la-mise-des-podiums-en-pagaille-pour-les-bleus\/#primaryimage","url":"https:\/\/dicodusport.fr\/blog\/wp-content\/uploads\/2025\/02\/Telemark-Trillevallen-2025-Laly-Chaucheprat-double-la-mise-des-podiums-en-pagaille-pour-les-Bleus.png","contentUrl":"https:\/\/dicodusport.fr\/blog\/wp-content\/uploads\/2025\/02\/Telemark-Trillevallen-2025-Laly-Chaucheprat-double-la-mise-des-podiums-en-pagaille-pour-les-Bleus.png","width":1200,"height":674,"caption":"T\u00e9l\u00e9mark Trillevallen 2025 : Laly Chaucheprat double la mise, des podiums en pagaille pour les Bleus"},{"@type":"BreadcrumbList","@id":"https:\/\/dicodusport.fr\/blog\/telemark-trillevallen-2025-laly-chaucheprat-double-la-mise-des-podiums-en-pagaille-pour-les-bleus\/#breadcrumb","itemListElement":[{"@type":"ListItem","position":1,"name":"Accueil","item":"https:\/\/dicodusport.fr\/blog\/"},{"@type":"ListItem","position":2,"name":"T\u00e9l\u00e9mark Trillevallen 2025 : Laly Chaucheprat double la mise, des podiums en pagaille pour les Bleus"}]},{"@type":"WebSite","@id":"https:\/\/dicodusport.fr\/blog\/#website","url":"https:\/\/dicodusport.fr\/blog\/","name":"Dicodusport","description":"L&#039;encyclop\u00e9die de l&#039;actualit\u00e9 sportive","publisher":{"@id":"https:\/\/dicodusport.fr\/blog\/#organization"},"potentialAction":[{"@type":"SearchAction","target":{"@type":"EntryPoint","urlTemplate":"https:\/\/dicodusport.fr\/blog\/?s={search_term_string}"},"query-input":{"@type":"PropertyValueSpecification","valueRequired":true,"valueName":"search_term_string"}}],"inLanguage":"fr-FR"},{"@type":"NewsMediaOrganization","@id":"https:\/\/dicodusport.fr\/blog\/#organization","name":"Dicodusport","url":"https:\/\/dicodusport.fr\/blog\/","logo":{"@type":"ImageObject","inLanguage":"fr-FR","@id":"https:\/\/dicodusport.fr\/blog\/#\/schema\/logo\/image\/","url":"https:\/\/dicodusport.fr\/blog\/wp-content\/uploads\/2020\/06\/cropped-LOGO-DICODUSPORT-2020-SANS-FOND-SANS-TEXTE.png","contentUrl":"https:\/\/dicodusport.fr\/blog\/wp-content\/uploads\/2020\/06\/cropped-LOGO-DICODUSPORT-2020-SANS-FOND-SANS-TEXTE.png","width":512,"height":512,"caption":"Dicodusport"},"image":{"@id":"https:\/\/dicodusport.fr\/blog\/#\/schema\/logo\/image\/"},"sameAs":["https:\/\/www.facebook.com\/dicodusport","https:\/\/x.com\/dicodusport","https:\/\/www.instagram.com\/dicodusport\/","https:\/\/www.youtube.com\/channel\/UC7V2KZ5sd3htJivAbA4ZG3w"],"description":"Dicodusport est l'encyclop\u00e9die de l'actualit\u00e9 sportive.","email":"bonjour@dicodusport.fr","legalName":"DICODUSPORT","foundingDate":"2018-01-14","vatID":"FR71834470973","taxID":"83447097300043","numberOfEmployees":{"@type":"QuantitativeValue","minValue":"1","maxValue":"10"}},{"@type":"Person","@id":"https:\/\/dicodusport.fr\/blog\/#\/schema\/person\/37def232098a7a5cbab3974a3690abb0","name":"Maxime Cazenave","image":{"@type":"ImageObject","inLanguage":"fr-FR","@id":"https:\/\/dicodusport.fr\/blog\/#\/schema\/person\/image\/","url":"https:\/\/dicodusport.fr\/blog\/wp-content\/uploads\/2021\/05\/Maxime-Cazenave-150x150.jpg","contentUrl":"https:\/\/dicodusport.fr\/blog\/wp-content\/uploads\/2021\/05\/Maxime-Cazenave-150x150.jpg","caption":"Maxime Cazenave"},"description":"Journaliste\/R\u00e9dacteur depuis 2012 - Berc\u00e9 par l\u2019amour des Girondins de Bordeaux, les \u00e9checs de Christophe Moreau sur le Tour de France sous l'\u00e8re Lance Armstrong et le fade-away l\u00e9tal de Dirk Nowitzki, ma passion d\u00e9vorante pour le sport a toujours \u00e9t\u00e9 un pan incontournable de ma vie. Transmettre ma passion \u00e0 l\u2019\u00e9crit a \u00e9t\u00e9 une transition naturelle. Suiveur assidu de basket et de hockey sur glace, je garde toujours un peu de place pour suivre le cyclisme, le football et le maximum de performances fran\u00e7aises.","sameAs":["https:\/\/x.com\/https:\/\/twitter.com\/Maxime_Caze"],"url":"https:\/\/dicodusport.fr\/blog\/author\/maximec\/"}]}},"_links":{"self":[{"href":"https:\/\/dicodusport.fr\/blog\/wp-json\/wp\/v2\/posts\/553820","targetHints":{"allow":["GET"]}}],"collection":[{"href":"https:\/\/dicodusport.fr\/blog\/wp-json\/wp\/v2\/posts"}],"about":[{"href":"https:\/\/dicodusport.fr\/blog\/wp-json\/wp\/v2\/types\/post"}],"author":[{"embeddable":true,"href":"https:\/\/dicodusport.fr\/blog\/wp-json\/wp\/v2\/users\/55"}],"replies":[{"embeddable":true,"href":"https:\/\/dicodusport.fr\/blog\/wp-json\/wp\/v2\/comments?post=553820"}],"version-history":[{"count":3,"href":"https:\/\/dicodusport.fr\/blog\/wp-json\/wp\/v2\/posts\/553820\/revisions"}],"predecessor-version":[{"id":553841,"href":"https:\/\/dicodusport.fr\/blog\/wp-json\/wp\/v2\/posts\/553820\/revisions\/553841"}],"wp:featuredmedia":[{"embeddable":true,"href":"https:\/\/dicodusport.fr\/blog\/wp-json\/wp\/v2\/media\/553833"}],"wp:attachment":[{"href":"https:\/\/dicodusport.fr\/blog\/wp-json\/wp\/v2\/media?parent=553820"}],"wp:term":[{"taxonomy":"category","embeddable":true,"href":"https:\/\/dicodusport.fr\/blog\/wp-json\/wp\/v2\/categories?post=553820"},{"taxonomy":"post_tag","embeddable":true,"href":"https:\/\/dicodusport.fr\/blog\/wp-json\/wp\/v2\/tags?post=553820"}],"curies":[{"name":"wp","href":"https:\/\/api.w.org\/{rel}","templated":true}]}}