{"id":553874,"date":"2025-02-08T17:24:13","date_gmt":"2025-02-08T16:24:13","guid":{"rendered":"https:\/\/dicodusport.fr\/blog\/?p=553874&#038;preview=true&#038;preview_id=553874"},"modified":"2025-02-08T17:58:54","modified_gmt":"2025-02-08T16:58:54","slug":"tour-de-valence-2025-santiago-buitrago-remporte-la-4eme-etape-et-renverse-le-classement-general","status":"publish","type":"post","link":"https:\/\/dicodusport.fr\/blog\/tour-de-valence-2025-santiago-buitrago-remporte-la-4eme-etape-et-renverse-le-classement-general\/","title":{"rendered":"Tour de Valence 2025 : Santiago Buitrago remporte la 4\u00e8me \u00e9tape et renverse le classement g\u00e9n\u00e9ral"},"content":{"rendered":"<h4 style=\"text-align: justify;\"><em>TOUR DE VALENCE 2025 &#8211; Santiago Buitrago (Bahrain-Victorious) remporte la 4\u00e8me \u00e9tape et subtilise la tunique de leader \u00e0 Joao Almeida (UAE Team Emirates-XRG) dans un final anim\u00e9.<\/em><\/h4>\n<ul>\n<li style=\"text-align: justify;\"><strong>\u00c0 ce sujet \u2013\u00a0<a href=\"https:\/\/dicodusport.fr\/blog\/tour-de-valence-2025-classement-general\/\">Tour de Valence 2025 \u2013 Classement g\u00e9n\u00e9ral<\/a><\/strong><\/li>\n<\/ul>\n<p style=\"text-align: justify;\">Une derni\u00e8re bosse si anodine, et pourtant. Apr\u00e8s les efforts de la journ\u00e9e, m\u00eame un petit talus de 500m \u00e0 4%, pente maximum 8%, peut cr\u00e9er des diff\u00e9rences. La preuve avec le Colombien <strong>Santiago Buitrago<\/strong> qui a surpris la machine collective d&rsquo;UAE Team Emirates-XRG en sortant dans les 500 derniers m\u00e8tres. Provoquant une cassure, le puncheur de la Bahrain-Victorious a tenu bon et, avec les bonifications, a r\u00e9ussi \u00e0 d\u00e9poss\u00e9der le Portugais <strong>Joao Almeida<\/strong>, mal plac\u00e9 et incapable de suivre la franche attaque de son rival, de son bien pr\u00e9cieux.<\/p>\n<blockquote class=\"twitter-tweet\">\n<p dir=\"ltr\" lang=\"es\">\ud83d\udd39 \ud835\uddda\ud835\uddd4\ud835\udde1\ud835\uddd4\ud835\uddd7\ud835\udde2\ud835\udde5 de la Etapa 4 | Stage 4 \ud83d\udd1b de la <a href=\"https:\/\/twitter.com\/hashtag\/VCV2025?src=hash&amp;ref_src=twsrc%5Etfw\">#VCV2025<\/a> GP <a href=\"https:\/\/twitter.com\/BancoSabadell?ref_src=twsrc%5Etfw\">@BancoSabadell<\/a> \ud83d\udd39<br \/>\n\ud83d\udccd Oropesa &gt; Portell de Morella \ud83c\udfc1 \u26f0\ufe0f\ud83d\udd25<\/p>\n<p>\ud83d\udeb4\u200d\u2642\ufe0f\ud83c\udfc6 \u00a1 <a href=\"https:\/\/twitter.com\/SantiagoBS26?ref_src=twsrc%5Etfw\">@SantiagoBS26<\/a> (<a href=\"https:\/\/twitter.com\/BHRVictorious?ref_src=twsrc%5Etfw\">@BHRVictorious<\/a> ) se lleva la ETAPA REINA en un ataque final impresionante y se pone l\u00edder \ud83d\udc9b!<\/p>\n<p>Revive el \u00faltimo km con <a href=\"https:\/\/twitter.com\/halconviajes?ref_src=twsrc%5Etfw\">@halconviajes<\/a> <a href=\"https:\/\/t.co\/uZmCXu8CYD\">pic.twitter.com\/uZmCXu8CYD<\/a><\/p>\n<p>\u2014 Volta a la Comunitat Valenciana &#8211; VCV (@VueltaCV) <a href=\"https:\/\/twitter.com\/VueltaCV\/status\/1888261320262262945?ref_src=twsrc%5Etfw\">February 8, 2025<\/a><\/p><\/blockquote>\n<p><script async src=\"https:\/\/platform.twitter.com\/widgets.js\" charset=\"utf-8\"><\/script><\/p>\n<h2 style=\"text-align: justify;\">La bataille du meilleur grimpeur a anim\u00e9 la journ\u00e9e<\/h2>\n<p style=\"text-align: justify;\">Auparavant, trois coureurs ont anim\u00e9 la journ\u00e9e en partant d\u00e8s les premiers hectom\u00e8tres. Tr\u00e8s vite, <strong>Jon Agirre<\/strong> (Euskaltel-Euskadi),<strong> Diego Uriarte<\/strong> (Equipo Kern Pharma) et <strong>Hugo Houle<\/strong> (Israel-Premier Tech) ont compt\u00e9 pr\u00e8s de huit minutes d&rsquo;avance sur un peloton emmen\u00e9 par la formation UAE Team Emirates &#8211; XRG du leader lusitanien <strong>Joao Almeida<\/strong>. Si le Canadien n&rsquo;a pas sembl\u00e9 concern\u00e9 par le classement de la montagne, les deux Espagnols s&rsquo;en sont donn\u00e9s \u00e0 c\u0153ur joie dans les diff\u00e9rentes ascensions au programme pour d\u00e9poss\u00e9der <strong>Santiago Buitrago<\/strong> (Bahrain-Victorious) de sa tunique. A ce petit jeu, <strong>Jon Agirre<\/strong> a finalement eu le dernier mot.<\/p>\n<ul>\n<li style=\"text-align: justify;\"><strong>\u00c0 ce sujet \u2013\u00a0<a href=\"https:\/\/dicodusport.fr\/blog\/tour-de-valence-2025-classement-4eme-etape\/\">Tour de Valence 2025 \u2013 Classement 4\u00e8me \u00e9tape<\/a><\/strong><\/li>\n<\/ul>\n<h2 style=\"text-align: justify;\">Le show Pablo Castrillo<\/h2>\n<p style=\"text-align: justify;\">Ensuite, les tentatives de contre se sont multipli\u00e9es sur la deuxi\u00e8me partie de l&rsquo;\u00e9tape. C&rsquo;est d&rsquo;abord l&rsquo;Am\u00e9ricain <strong>Will Barta<\/strong> (Movistar Team) qui a tent\u00e9 sa chance, puis ce fut au tour de <strong>Lenny Martinez<\/strong> (Bahrain-Victorious) et <strong>Davide Piganzoli<\/strong> (Team Polti VisitMalta). Mais la plus grosse chevauch\u00e9e est \u00e0 mettre \u00e0 l&rsquo;actif de l&rsquo;Espagnol <strong>Pablo Castrillo<\/strong> (Movistar Team). Le double vainqueur d&rsquo;\u00e9tapes sur la Vuelta 2024 est parti \u00e0 60 km de l&rsquo;arriv\u00e9e, reprenant un \u00e0 un les \u00e9chapp\u00e9s matinaux et n&rsquo;a rendu les armes qu&rsquo;\u00e0 9 km du terme. Finalement, un autre Movistar, l&rsquo;Equatorien <strong>Jefferson Alveiro Cepeda<\/strong>, a tent\u00e9 un coup dans la derni\u00e8re bosse du jour, repris par le panache d&rsquo;un <strong>Buitrago<\/strong> exceptionnel sur ce Tour de Valence.<\/p>\n<ul style=\"text-align: justify;\">\n<li style=\"text-align: justify;\"><strong>\u00c0 ce sujet &#8211;\u00a0<a href=\"https:\/\/dicodusport.fr\/blog\/tour-de-valence-2025-engages-favoris-et-chaine-tv\/\">Tour de Valence 2025 : Engag\u00e9s, favoris et Cha\u00eene TV<\/a><\/strong><\/li>\n<\/ul>\n<p>&nbsp;<\/p>\n","protected":false},"excerpt":{"rendered":"<p>Santiago Buitrago remporte la 4\u00e8me \u00e9tape et renverse le classement g\u00e9n\u00e9ral<\/p>\n","protected":false},"author":92,"featured_media":553904,"comment_status":"open","ping_status":"closed","sticky":false,"template":"","format":"standard","meta":{"_acf_changed":false,"_daextam_enable_autolinks":"1","footnotes":""},"categories":[46994],"tags":[32415,16878,574,15930],"class_list":["post-553874","post","type-post","status-publish","format-standard","has-post-thumbnail","hentry","category-cyclisme-sur-route","tag-actu","tag-breve","tag-cyclisme","tag-tour-de-valence"],"acf":[],"yoast_head":"<!-- This site is optimized with the Yoast SEO Premium plugin v26.7 (Yoast SEO v26.7) - https:\/\/yoast.com\/wordpress\/plugins\/seo\/ -->\n<title>Tour de Valence 2025 : Santiago Buitrago remporte la 4\u00e8me \u00e9tape et renverse le classement g\u00e9n\u00e9ral<\/title>\n<meta name=\"description\" content=\"TOUR DE VALENCE 2025 - Santiago Buitrago (Bahrain-Victorious) gagne la 4\u00e8me \u00e9tape et prend le maillot jaune \u00e0 Joao Almeida.\" \/>\n<meta name=\"robots\" content=\"index, follow, max-snippet:-1, max-image-preview:large, max-video-preview:-1\" \/>\n<link rel=\"canonical\" href=\"https:\/\/dicodusport.fr\/blog\/tour-de-valence-2025-santiago-buitrago-remporte-la-4eme-etape-et-renverse-le-classement-general\/\" \/>\n<meta property=\"og:locale\" content=\"fr_FR\" \/>\n<meta property=\"og:type\" content=\"article\" \/>\n<meta property=\"og:title\" content=\"Tour de Valence 2025 : Santiago Buitrago remporte la 4\u00e8me \u00e9tape et renverse le classement g\u00e9n\u00e9ral\" \/>\n<meta property=\"og:description\" content=\"TOUR DE VALENCE 2025 - Santiago Buitrago (Bahrain-Victorious) gagne la 4\u00e8me \u00e9tape et prend le maillot jaune \u00e0 Joao Almeida.\" \/>\n<meta property=\"og:url\" content=\"https:\/\/dicodusport.fr\/blog\/tour-de-valence-2025-santiago-buitrago-remporte-la-4eme-etape-et-renverse-le-classement-general\/\" \/>\n<meta property=\"og:site_name\" content=\"Dicodusport\" \/>\n<meta property=\"article:publisher\" content=\"https:\/\/www.facebook.com\/dicodusport\" \/>\n<meta property=\"article:published_time\" content=\"2025-02-08T16:24:13+00:00\" \/>\n<meta property=\"article:modified_time\" content=\"2025-02-08T16:58:54+00:00\" \/>\n<meta property=\"og:image\" content=\"https:\/\/dicodusport.fr\/blog\/wp-content\/uploads\/2025\/02\/Tour-de-Valence-2025-Santiago-Buitrago-remporte-la-4eme-etape-et-renverse-le-classement-general.png\" \/>\n\t<meta property=\"og:image:width\" content=\"1200\" \/>\n\t<meta property=\"og:image:height\" content=\"674\" \/>\n\t<meta property=\"og:image:type\" content=\"image\/png\" \/>\n<meta name=\"author\" content=\"Olivier Dobiezynski\" \/>\n<meta name=\"twitter:card\" content=\"summary_large_image\" \/>\n<meta name=\"twitter:title\" content=\"Tour de Valence 2025 : Santiago Buitrago remporte la 4\u00e8me \u00e9tape et renverse le classement g\u00e9n\u00e9ral\" \/>\n<meta name=\"twitter:creator\" content=\"@https:\/\/x.com\/Olivier_Matros\" \/>\n<meta name=\"twitter:site\" content=\"@dicodusport\" \/>\n<script type=\"application\/ld+json\" class=\"yoast-schema-graph\">{\"@context\":\"https:\/\/schema.org\",\"@graph\":[{\"@type\":\"NewsArticle\",\"@id\":\"https:\/\/dicodusport.fr\/blog\/tour-de-valence-2025-santiago-buitrago-remporte-la-4eme-etape-et-renverse-le-classement-general\/#article\",\"isPartOf\":{\"@id\":\"https:\/\/dicodusport.fr\/blog\/tour-de-valence-2025-santiago-buitrago-remporte-la-4eme-etape-et-renverse-le-classement-general\/\"},\"author\":{\"name\":\"Olivier Dobiezynski\",\"@id\":\"https:\/\/dicodusport.fr\/blog\/#\/schema\/person\/fe500246414ca17ddf0c0312d7a792cc\"},\"headline\":\"Tour de Valence 2025 : Santiago Buitrago remporte la 4\u00e8me \u00e9tape et renverse le classement g\u00e9n\u00e9ral\",\"datePublished\":\"2025-02-08T16:24:13+00:00\",\"dateModified\":\"2025-02-08T16:58:54+00:00\",\"mainEntityOfPage\":{\"@id\":\"https:\/\/dicodusport.fr\/blog\/tour-de-valence-2025-santiago-buitrago-remporte-la-4eme-etape-et-renverse-le-classement-general\/\"},\"wordCount\":477,\"commentCount\":0,\"publisher\":{\"@id\":\"https:\/\/dicodusport.fr\/blog\/#organization\"},\"image\":{\"@id\":\"https:\/\/dicodusport.fr\/blog\/tour-de-valence-2025-santiago-buitrago-remporte-la-4eme-etape-et-renverse-le-classement-general\/#primaryimage\"},\"thumbnailUrl\":\"https:\/\/dicodusport.fr\/blog\/wp-content\/uploads\/2025\/02\/Tour-de-Valence-2025-Santiago-Buitrago-remporte-la-4eme-etape-et-renverse-le-classement-general.png\",\"keywords\":[\"actu\",\"br\u00e8ve\",\"Cyclisme\",\"Tour de Valence\"],\"articleSection\":[\"Cyclisme sur route\"],\"inLanguage\":\"fr-FR\",\"potentialAction\":[{\"@type\":\"CommentAction\",\"name\":\"Comment\",\"target\":[\"https:\/\/dicodusport.fr\/blog\/tour-de-valence-2025-santiago-buitrago-remporte-la-4eme-etape-et-renverse-le-classement-general\/#respond\"]}],\"copyrightYear\":\"2025\",\"copyrightHolder\":{\"@id\":\"https:\/\/dicodusport.fr\/blog\/#organization\"}},{\"@type\":\"WebPage\",\"@id\":\"https:\/\/dicodusport.fr\/blog\/tour-de-valence-2025-santiago-buitrago-remporte-la-4eme-etape-et-renverse-le-classement-general\/\",\"url\":\"https:\/\/dicodusport.fr\/blog\/tour-de-valence-2025-santiago-buitrago-remporte-la-4eme-etape-et-renverse-le-classement-general\/\",\"name\":\"Tour de Valence 2025 : Santiago Buitrago remporte la 4\u00e8me \u00e9tape et renverse le classement g\u00e9n\u00e9ral\",\"isPartOf\":{\"@id\":\"https:\/\/dicodusport.fr\/blog\/#website\"},\"primaryImageOfPage\":{\"@id\":\"https:\/\/dicodusport.fr\/blog\/tour-de-valence-2025-santiago-buitrago-remporte-la-4eme-etape-et-renverse-le-classement-general\/#primaryimage\"},\"image\":{\"@id\":\"https:\/\/dicodusport.fr\/blog\/tour-de-valence-2025-santiago-buitrago-remporte-la-4eme-etape-et-renverse-le-classement-general\/#primaryimage\"},\"thumbnailUrl\":\"https:\/\/dicodusport.fr\/blog\/wp-content\/uploads\/2025\/02\/Tour-de-Valence-2025-Santiago-Buitrago-remporte-la-4eme-etape-et-renverse-le-classement-general.png\",\"datePublished\":\"2025-02-08T16:24:13+00:00\",\"dateModified\":\"2025-02-08T16:58:54+00:00\",\"description\":\"TOUR DE VALENCE 2025 - Santiago Buitrago (Bahrain-Victorious) gagne la 4\u00e8me \u00e9tape et prend le maillot jaune \u00e0 Joao Almeida.\",\"breadcrumb\":{\"@id\":\"https:\/\/dicodusport.fr\/blog\/tour-de-valence-2025-santiago-buitrago-remporte-la-4eme-etape-et-renverse-le-classement-general\/#breadcrumb\"},\"inLanguage\":\"fr-FR\",\"potentialAction\":[{\"@type\":\"ReadAction\",\"target\":[\"https:\/\/dicodusport.fr\/blog\/tour-de-valence-2025-santiago-buitrago-remporte-la-4eme-etape-et-renverse-le-classement-general\/\"]}]},{\"@type\":\"ImageObject\",\"inLanguage\":\"fr-FR\",\"@id\":\"https:\/\/dicodusport.fr\/blog\/tour-de-valence-2025-santiago-buitrago-remporte-la-4eme-etape-et-renverse-le-classement-general\/#primaryimage\",\"url\":\"https:\/\/dicodusport.fr\/blog\/wp-content\/uploads\/2025\/02\/Tour-de-Valence-2025-Santiago-Buitrago-remporte-la-4eme-etape-et-renverse-le-classement-general.png\",\"contentUrl\":\"https:\/\/dicodusport.fr\/blog\/wp-content\/uploads\/2025\/02\/Tour-de-Valence-2025-Santiago-Buitrago-remporte-la-4eme-etape-et-renverse-le-classement-general.png\",\"width\":1200,\"height\":674,\"caption\":\"Tour de Valence 2025 Santiago Buitrago remporte la 4\u00e8me \u00e9tape et renverse le classement g\u00e9n\u00e9ral\"},{\"@type\":\"BreadcrumbList\",\"@id\":\"https:\/\/dicodusport.fr\/blog\/tour-de-valence-2025-santiago-buitrago-remporte-la-4eme-etape-et-renverse-le-classement-general\/#breadcrumb\",\"itemListElement\":[{\"@type\":\"ListItem\",\"position\":1,\"name\":\"Accueil\",\"item\":\"https:\/\/dicodusport.fr\/blog\/\"},{\"@type\":\"ListItem\",\"position\":2,\"name\":\"Tour de Valence 2025 : Santiago Buitrago remporte la 4\u00e8me \u00e9tape et renverse le classement g\u00e9n\u00e9ral\"}]},{\"@type\":\"WebSite\",\"@id\":\"https:\/\/dicodusport.fr\/blog\/#website\",\"url\":\"https:\/\/dicodusport.fr\/blog\/\",\"name\":\"Dicodusport\",\"description\":\"L&#039;encyclop\u00e9die de l&#039;actualit\u00e9 sportive\",\"publisher\":{\"@id\":\"https:\/\/dicodusport.fr\/blog\/#organization\"},\"potentialAction\":[{\"@type\":\"SearchAction\",\"target\":{\"@type\":\"EntryPoint\",\"urlTemplate\":\"https:\/\/dicodusport.fr\/blog\/?s={search_term_string}\"},\"query-input\":{\"@type\":\"PropertyValueSpecification\",\"valueRequired\":true,\"valueName\":\"search_term_string\"}}],\"inLanguage\":\"fr-FR\"},{\"@type\":\"NewsMediaOrganization\",\"@id\":\"https:\/\/dicodusport.fr\/blog\/#organization\",\"name\":\"Dicodusport\",\"url\":\"https:\/\/dicodusport.fr\/blog\/\",\"logo\":{\"@type\":\"ImageObject\",\"inLanguage\":\"fr-FR\",\"@id\":\"https:\/\/dicodusport.fr\/blog\/#\/schema\/logo\/image\/\",\"url\":\"https:\/\/dicodusport.fr\/blog\/wp-content\/uploads\/2020\/06\/cropped-LOGO-DICODUSPORT-2020-SANS-FOND-SANS-TEXTE.png\",\"contentUrl\":\"https:\/\/dicodusport.fr\/blog\/wp-content\/uploads\/2020\/06\/cropped-LOGO-DICODUSPORT-2020-SANS-FOND-SANS-TEXTE.png\",\"width\":512,\"height\":512,\"caption\":\"Dicodusport\"},\"image\":{\"@id\":\"https:\/\/dicodusport.fr\/blog\/#\/schema\/logo\/image\/\"},\"sameAs\":[\"https:\/\/www.facebook.com\/dicodusport\",\"https:\/\/x.com\/dicodusport\",\"https:\/\/www.instagram.com\/dicodusport\/\",\"https:\/\/www.youtube.com\/channel\/UC7V2KZ5sd3htJivAbA4ZG3w\"],\"description\":\"Dicodusport est l'encyclop\u00e9die de l'actualit\u00e9 sportive.\",\"email\":\"bonjour@dicodusport.fr\",\"legalName\":\"DICODUSPORT\",\"foundingDate\":\"2018-01-14\",\"vatID\":\"FR71834470973\",\"taxID\":\"83447097300043\",\"numberOfEmployees\":{\"@type\":\"QuantitativeValue\",\"minValue\":\"1\",\"maxValue\":\"10\"}},{\"@type\":\"Person\",\"@id\":\"https:\/\/dicodusport.fr\/blog\/#\/schema\/person\/fe500246414ca17ddf0c0312d7a792cc\",\"name\":\"Olivier Dobiezynski\",\"image\":{\"@type\":\"ImageObject\",\"inLanguage\":\"fr-FR\",\"@id\":\"https:\/\/dicodusport.fr\/blog\/#\/schema\/person\/image\/\",\"url\":\"https:\/\/dicodusport.fr\/blog\/wp-content\/uploads\/2024\/09\/5be8fe8d-9962-4f1e-ad06-d6f9dee30e6d-150x150.jpg\",\"contentUrl\":\"https:\/\/dicodusport.fr\/blog\/wp-content\/uploads\/2024\/09\/5be8fe8d-9962-4f1e-ad06-d6f9dee30e6d-150x150.jpg\",\"caption\":\"Olivier Dobiezynski\"},\"description\":\"Depuis le milieu des ann\u00e9es 90, la passion du cyclisme m'anime. Mes h\u00e9ros s'appellent Luc Leblanc, Piotr Ugrumov, Paolo Savoldelli, Peter Sagan et bien \u00e9videmment Romain Bardet. R\u00e9dacteur depuis 2023, je suis ici pour partager cet amour de la Petite Reine. Vous pourrez me lire \u00e9galement sur du trail, du ski de fond et tout autre sujet susceptible d'\u00e9veiller ma curiosit\u00e9 sportive.\",\"sameAs\":[\"https:\/\/x.com\/https:\/\/x.com\/Olivier_Matros\"],\"url\":\"https:\/\/dicodusport.fr\/blog\/author\/olivier-gh\/\"}]}<\/script>\n<!-- \/ Yoast SEO Premium plugin. -->","yoast_head_json":{"title":"Tour de Valence 2025 : Santiago Buitrago remporte la 4\u00e8me \u00e9tape et renverse le classement g\u00e9n\u00e9ral","description":"TOUR DE VALENCE 2025 - Santiago Buitrago (Bahrain-Victorious) gagne la 4\u00e8me \u00e9tape et prend le maillot jaune \u00e0 Joao Almeida.","robots":{"index":"index","follow":"follow","max-snippet":"max-snippet:-1","max-image-preview":"max-image-preview:large","max-video-preview":"max-video-preview:-1"},"canonical":"https:\/\/dicodusport.fr\/blog\/tour-de-valence-2025-santiago-buitrago-remporte-la-4eme-etape-et-renverse-le-classement-general\/","og_locale":"fr_FR","og_type":"article","og_title":"Tour de Valence 2025 : Santiago Buitrago remporte la 4\u00e8me \u00e9tape et renverse le classement g\u00e9n\u00e9ral","og_description":"TOUR DE VALENCE 2025 - Santiago Buitrago (Bahrain-Victorious) gagne la 4\u00e8me \u00e9tape et prend le maillot jaune \u00e0 Joao Almeida.","og_url":"https:\/\/dicodusport.fr\/blog\/tour-de-valence-2025-santiago-buitrago-remporte-la-4eme-etape-et-renverse-le-classement-general\/","og_site_name":"Dicodusport","article_publisher":"https:\/\/www.facebook.com\/dicodusport","article_published_time":"2025-02-08T16:24:13+00:00","article_modified_time":"2025-02-08T16:58:54+00:00","og_image":[{"width":1200,"height":674,"url":"https:\/\/dicodusport.fr\/blog\/wp-content\/uploads\/2025\/02\/Tour-de-Valence-2025-Santiago-Buitrago-remporte-la-4eme-etape-et-renverse-le-classement-general.png","type":"image\/png"}],"author":"Olivier Dobiezynski","twitter_card":"summary_large_image","twitter_title":"Tour de Valence 2025 : Santiago Buitrago remporte la 4\u00e8me \u00e9tape et renverse le classement g\u00e9n\u00e9ral","twitter_creator":"@https:\/\/x.com\/Olivier_Matros","twitter_site":"@dicodusport","schema":{"@context":"https:\/\/schema.org","@graph":[{"@type":"NewsArticle","@id":"https:\/\/dicodusport.fr\/blog\/tour-de-valence-2025-santiago-buitrago-remporte-la-4eme-etape-et-renverse-le-classement-general\/#article","isPartOf":{"@id":"https:\/\/dicodusport.fr\/blog\/tour-de-valence-2025-santiago-buitrago-remporte-la-4eme-etape-et-renverse-le-classement-general\/"},"author":{"name":"Olivier Dobiezynski","@id":"https:\/\/dicodusport.fr\/blog\/#\/schema\/person\/fe500246414ca17ddf0c0312d7a792cc"},"headline":"Tour de Valence 2025 : Santiago Buitrago remporte la 4\u00e8me \u00e9tape et renverse le classement g\u00e9n\u00e9ral","datePublished":"2025-02-08T16:24:13+00:00","dateModified":"2025-02-08T16:58:54+00:00","mainEntityOfPage":{"@id":"https:\/\/dicodusport.fr\/blog\/tour-de-valence-2025-santiago-buitrago-remporte-la-4eme-etape-et-renverse-le-classement-general\/"},"wordCount":477,"commentCount":0,"publisher":{"@id":"https:\/\/dicodusport.fr\/blog\/#organization"},"image":{"@id":"https:\/\/dicodusport.fr\/blog\/tour-de-valence-2025-santiago-buitrago-remporte-la-4eme-etape-et-renverse-le-classement-general\/#primaryimage"},"thumbnailUrl":"https:\/\/dicodusport.fr\/blog\/wp-content\/uploads\/2025\/02\/Tour-de-Valence-2025-Santiago-Buitrago-remporte-la-4eme-etape-et-renverse-le-classement-general.png","keywords":["actu","br\u00e8ve","Cyclisme","Tour de Valence"],"articleSection":["Cyclisme sur route"],"inLanguage":"fr-FR","potentialAction":[{"@type":"CommentAction","name":"Comment","target":["https:\/\/dicodusport.fr\/blog\/tour-de-valence-2025-santiago-buitrago-remporte-la-4eme-etape-et-renverse-le-classement-general\/#respond"]}],"copyrightYear":"2025","copyrightHolder":{"@id":"https:\/\/dicodusport.fr\/blog\/#organization"}},{"@type":"WebPage","@id":"https:\/\/dicodusport.fr\/blog\/tour-de-valence-2025-santiago-buitrago-remporte-la-4eme-etape-et-renverse-le-classement-general\/","url":"https:\/\/dicodusport.fr\/blog\/tour-de-valence-2025-santiago-buitrago-remporte-la-4eme-etape-et-renverse-le-classement-general\/","name":"Tour de Valence 2025 : Santiago Buitrago remporte la 4\u00e8me \u00e9tape et renverse le classement g\u00e9n\u00e9ral","isPartOf":{"@id":"https:\/\/dicodusport.fr\/blog\/#website"},"primaryImageOfPage":{"@id":"https:\/\/dicodusport.fr\/blog\/tour-de-valence-2025-santiago-buitrago-remporte-la-4eme-etape-et-renverse-le-classement-general\/#primaryimage"},"image":{"@id":"https:\/\/dicodusport.fr\/blog\/tour-de-valence-2025-santiago-buitrago-remporte-la-4eme-etape-et-renverse-le-classement-general\/#primaryimage"},"thumbnailUrl":"https:\/\/dicodusport.fr\/blog\/wp-content\/uploads\/2025\/02\/Tour-de-Valence-2025-Santiago-Buitrago-remporte-la-4eme-etape-et-renverse-le-classement-general.png","datePublished":"2025-02-08T16:24:13+00:00","dateModified":"2025-02-08T16:58:54+00:00","description":"TOUR DE VALENCE 2025 - Santiago Buitrago (Bahrain-Victorious) gagne la 4\u00e8me \u00e9tape et prend le maillot jaune \u00e0 Joao Almeida.","breadcrumb":{"@id":"https:\/\/dicodusport.fr\/blog\/tour-de-valence-2025-santiago-buitrago-remporte-la-4eme-etape-et-renverse-le-classement-general\/#breadcrumb"},"inLanguage":"fr-FR","potentialAction":[{"@type":"ReadAction","target":["https:\/\/dicodusport.fr\/blog\/tour-de-valence-2025-santiago-buitrago-remporte-la-4eme-etape-et-renverse-le-classement-general\/"]}]},{"@type":"ImageObject","inLanguage":"fr-FR","@id":"https:\/\/dicodusport.fr\/blog\/tour-de-valence-2025-santiago-buitrago-remporte-la-4eme-etape-et-renverse-le-classement-general\/#primaryimage","url":"https:\/\/dicodusport.fr\/blog\/wp-content\/uploads\/2025\/02\/Tour-de-Valence-2025-Santiago-Buitrago-remporte-la-4eme-etape-et-renverse-le-classement-general.png","contentUrl":"https:\/\/dicodusport.fr\/blog\/wp-content\/uploads\/2025\/02\/Tour-de-Valence-2025-Santiago-Buitrago-remporte-la-4eme-etape-et-renverse-le-classement-general.png","width":1200,"height":674,"caption":"Tour de Valence 2025 Santiago Buitrago remporte la 4\u00e8me \u00e9tape et renverse le classement g\u00e9n\u00e9ral"},{"@type":"BreadcrumbList","@id":"https:\/\/dicodusport.fr\/blog\/tour-de-valence-2025-santiago-buitrago-remporte-la-4eme-etape-et-renverse-le-classement-general\/#breadcrumb","itemListElement":[{"@type":"ListItem","position":1,"name":"Accueil","item":"https:\/\/dicodusport.fr\/blog\/"},{"@type":"ListItem","position":2,"name":"Tour de Valence 2025 : Santiago Buitrago remporte la 4\u00e8me \u00e9tape et renverse le classement g\u00e9n\u00e9ral"}]},{"@type":"WebSite","@id":"https:\/\/dicodusport.fr\/blog\/#website","url":"https:\/\/dicodusport.fr\/blog\/","name":"Dicodusport","description":"L&#039;encyclop\u00e9die de l&#039;actualit\u00e9 sportive","publisher":{"@id":"https:\/\/dicodusport.fr\/blog\/#organization"},"potentialAction":[{"@type":"SearchAction","target":{"@type":"EntryPoint","urlTemplate":"https:\/\/dicodusport.fr\/blog\/?s={search_term_string}"},"query-input":{"@type":"PropertyValueSpecification","valueRequired":true,"valueName":"search_term_string"}}],"inLanguage":"fr-FR"},{"@type":"NewsMediaOrganization","@id":"https:\/\/dicodusport.fr\/blog\/#organization","name":"Dicodusport","url":"https:\/\/dicodusport.fr\/blog\/","logo":{"@type":"ImageObject","inLanguage":"fr-FR","@id":"https:\/\/dicodusport.fr\/blog\/#\/schema\/logo\/image\/","url":"https:\/\/dicodusport.fr\/blog\/wp-content\/uploads\/2020\/06\/cropped-LOGO-DICODUSPORT-2020-SANS-FOND-SANS-TEXTE.png","contentUrl":"https:\/\/dicodusport.fr\/blog\/wp-content\/uploads\/2020\/06\/cropped-LOGO-DICODUSPORT-2020-SANS-FOND-SANS-TEXTE.png","width":512,"height":512,"caption":"Dicodusport"},"image":{"@id":"https:\/\/dicodusport.fr\/blog\/#\/schema\/logo\/image\/"},"sameAs":["https:\/\/www.facebook.com\/dicodusport","https:\/\/x.com\/dicodusport","https:\/\/www.instagram.com\/dicodusport\/","https:\/\/www.youtube.com\/channel\/UC7V2KZ5sd3htJivAbA4ZG3w"],"description":"Dicodusport est l'encyclop\u00e9die de l'actualit\u00e9 sportive.","email":"bonjour@dicodusport.fr","legalName":"DICODUSPORT","foundingDate":"2018-01-14","vatID":"FR71834470973","taxID":"83447097300043","numberOfEmployees":{"@type":"QuantitativeValue","minValue":"1","maxValue":"10"}},{"@type":"Person","@id":"https:\/\/dicodusport.fr\/blog\/#\/schema\/person\/fe500246414ca17ddf0c0312d7a792cc","name":"Olivier Dobiezynski","image":{"@type":"ImageObject","inLanguage":"fr-FR","@id":"https:\/\/dicodusport.fr\/blog\/#\/schema\/person\/image\/","url":"https:\/\/dicodusport.fr\/blog\/wp-content\/uploads\/2024\/09\/5be8fe8d-9962-4f1e-ad06-d6f9dee30e6d-150x150.jpg","contentUrl":"https:\/\/dicodusport.fr\/blog\/wp-content\/uploads\/2024\/09\/5be8fe8d-9962-4f1e-ad06-d6f9dee30e6d-150x150.jpg","caption":"Olivier Dobiezynski"},"description":"Depuis le milieu des ann\u00e9es 90, la passion du cyclisme m'anime. Mes h\u00e9ros s'appellent Luc Leblanc, Piotr Ugrumov, Paolo Savoldelli, Peter Sagan et bien \u00e9videmment Romain Bardet. R\u00e9dacteur depuis 2023, je suis ici pour partager cet amour de la Petite Reine. Vous pourrez me lire \u00e9galement sur du trail, du ski de fond et tout autre sujet susceptible d'\u00e9veiller ma curiosit\u00e9 sportive.","sameAs":["https:\/\/x.com\/https:\/\/x.com\/Olivier_Matros"],"url":"https:\/\/dicodusport.fr\/blog\/author\/olivier-gh\/"}]}},"_links":{"self":[{"href":"https:\/\/dicodusport.fr\/blog\/wp-json\/wp\/v2\/posts\/553874","targetHints":{"allow":["GET"]}}],"collection":[{"href":"https:\/\/dicodusport.fr\/blog\/wp-json\/wp\/v2\/posts"}],"about":[{"href":"https:\/\/dicodusport.fr\/blog\/wp-json\/wp\/v2\/types\/post"}],"author":[{"embeddable":true,"href":"https:\/\/dicodusport.fr\/blog\/wp-json\/wp\/v2\/users\/92"}],"replies":[{"embeddable":true,"href":"https:\/\/dicodusport.fr\/blog\/wp-json\/wp\/v2\/comments?post=553874"}],"version-history":[{"count":5,"href":"https:\/\/dicodusport.fr\/blog\/wp-json\/wp\/v2\/posts\/553874\/revisions"}],"predecessor-version":[{"id":553919,"href":"https:\/\/dicodusport.fr\/blog\/wp-json\/wp\/v2\/posts\/553874\/revisions\/553919"}],"wp:featuredmedia":[{"embeddable":true,"href":"https:\/\/dicodusport.fr\/blog\/wp-json\/wp\/v2\/media\/553904"}],"wp:attachment":[{"href":"https:\/\/dicodusport.fr\/blog\/wp-json\/wp\/v2\/media?parent=553874"}],"wp:term":[{"taxonomy":"category","embeddable":true,"href":"https:\/\/dicodusport.fr\/blog\/wp-json\/wp\/v2\/categories?post=553874"},{"taxonomy":"post_tag","embeddable":true,"href":"https:\/\/dicodusport.fr\/blog\/wp-json\/wp\/v2\/tags?post=553874"}],"curies":[{"name":"wp","href":"https:\/\/api.w.org\/{rel}","templated":true}]}}