{"id":554097,"date":"2025-02-23T17:08:44","date_gmt":"2025-02-23T16:08:44","guid":{"rendered":"https:\/\/dicodusport.fr\/blog\/?p=554097&#038;preview=true&#038;preview_id=554097"},"modified":"2025-02-23T17:39:17","modified_gmt":"2025-02-23T16:39:17","slug":"athletisme-programme-et-resultats-championnats-de-france-elite-en-salle-2025","status":"publish","type":"post","link":"https:\/\/dicodusport.fr\/blog\/athletisme-programme-et-resultats-championnats-de-france-elite-en-salle-2025\/","title":{"rendered":"Athl\u00e9tisme &#8211; Palmar\u00e8s complet et r\u00e9sultats Championnats de France \u00e9lite en salle 2025"},"content":{"rendered":"<h4 style=\"text-align: justify;\"><em>ATHL\u00c9TISME &#8211; Les Championnats de France \u00e9lite en salle ont lieu du samedi 22 au dimanche 23 f\u00e9vrier \u00e0 Miramas. Voici le programme et les r\u00e9sultats.<\/em><\/h4>\n<ul>\n<li style=\"text-align: justify;\"><strong>\u00c0 ce sujet &#8211; <a href=\"https:\/\/dicodusport.fr\/blog\/athletisme-championnats-de-france-en-salle-2025-un-air-de-trials-a-miramas\/\" target=\"_blank\" rel=\"noopener\">Un air de Trials aux Championnats de France<\/a><\/strong><\/li>\n<\/ul>\n<h3 style=\"text-align: justify;\">Retransmission<\/h3>\n<p style=\"text-align: justify;\">La comp\u00e9tition est \u00e0 suivre en int\u00e9gralit\u00e9 sur <a href=\"https:\/\/athletv.fr\/sportitemset\/67506cae771ed336205d4dbe\" target=\"_blank\" rel=\"noopener\"><strong>Athl\u00e9 TV<\/strong><\/a>. La comp\u00e9tition est \u00e9galement retransmise sur le <a href=\"https:\/\/www.lequipe.fr\/tv\/\" target=\"_blank\" rel=\"noopener\"><strong>Live de L&rsquo;\u00c9quipe<\/strong><\/a> \u00e0 partir de 13h30 dimanche ainsi que sur <strong>la cha\u00eene l&rsquo;Equipe<\/strong> samedi \u00e0 partir de 18h30 et en diff\u00e9r\u00e9 dimanche \u00e0 partir de 18h30.<\/p>\n<h2 style=\"text-align: justify;\">Le programme complet<\/h2>\n<p style=\"text-align: justify;\"><div class=\"su-tabs su-tabs-style-default su-tabs-mobile-stack\" data-active=\"2\" data-scroll-offset=\"0\" data-anchor-in-url=\"no\"><div class=\"su-tabs-nav\"><span class=\"\" data-url=\"\" data-target=\"blank\" tabindex=\"0\" role=\"button\">Samedi 22 f\u00e9vrier<\/span><span class=\"\" data-url=\"\" data-target=\"blank\" tabindex=\"0\" role=\"button\">Dimanche 23 f\u00e9vrier<\/span><\/div><div class=\"su-tabs-panes\"><div class=\"su-tabs-pane su-u-clearfix su-u-trim\" data-title=\"Samedi 22 f\u00e9vrier\">\n<p><strong>11h : <\/strong><a href=\"https:\/\/bases.athle.fr\/asp.net\/liste.aspx?frmbase=directs&amp;frmmode=2&amp;frmcompetition=297869&amp;frmepreuve=94b9647f-2ab8-41f1-84a9-dfa84316eb64\">heptathlon &#8211; 60 m<\/a><strong><br \/>\n<\/strong><strong>11h15 : <\/strong><a href=\"https:\/\/bases.athle.fr\/asp.net\/liste.aspx?frmbase=directs&amp;frmmode=2&amp;frmcompetition=297869&amp;frmepreuve=d2cc014f-b0f7-4c14-a1d4-12fb233d82e4\">pentathlon &#8211; 60m haies<\/a><strong><br \/>\n11h45 : <\/strong><a href=\"https:\/\/bases.athle.fr\/asp.net\/liste.aspx?frmbase=directs&amp;frmmode=2&amp;frmcompetition=297869&amp;frmepreuve=8049c5ba-59a8-4b5b-b4bc-80e9ab8ae8b2\">heptathlon &#8211; longueur<\/a><strong><br \/>\n12h15 :<\/strong> <a href=\"https:\/\/bases.athle.fr\/asp.net\/liste.aspx?frmbase=directs&amp;frmmode=2&amp;frmcompetition=297869&amp;frmepreuve=bca45e83-4575-4939-be27-0789b090a5f4\">pentathlon &#8211; hauteur<\/a><strong><br \/>\n13h30 :<\/strong> <a href=\"https:\/\/bases.athle.fr\/asp.net\/liste.aspx?frmbase=directs&amp;frmmode=2&amp;frmcompetition=297869&amp;frmepreuve=4aa3831c-3541-49b2-9149-207bb42fb785\">heptathlon &#8211; poids<\/a><strong><br \/>\n15h45 : finale triple saut F<br \/>\n16h : <\/strong><a href=\"https:\/\/bases.athle.fr\/asp.net\/liste.aspx?frmbase=directs&amp;frmmode=2&amp;frmcompetition=297869&amp;frmepreuve=0c2b934d-6a93-4189-9ec6-33acd85150e7\">pentathlon &#8211; poids<\/a><strong><br \/>\n16h15 : <\/strong><a href=\"https:\/\/bases.athle.fr\/asp.net\/liste.aspx?frmbase=directs&amp;frmmode=2&amp;frmcompetition=297869&amp;frmepreuve=39ba1c41-f189-4aab-bfb3-aa0f07905cb8\">heptathlon &#8211; hauteur<\/a><strong><br \/>\n17h : <\/strong><a href=\"https:\/\/bases.athle.fr\/asp.net\/liste.aspx?frmbase=directs&amp;frmmode=3&amp;frmcompetition=297869&amp;frmepreuve=3ad69893-f42a-4d1f-a3eb-6cd61f0f87ce\">s\u00e9ries 800 m F<\/a><br \/>\n<strong>17h15 : finale lancer du poids F<br \/>\n<\/strong><strong>17h20 :<\/strong> <a href=\"https:\/\/bases.athle.fr\/asp.net\/liste.aspx?frmbase=directs&amp;frmmode=3&amp;frmcompetition=297869&amp;frmepreuve=95676e5f-e0ae-481a-835a-8f28c296acf7\">s\u00e9ries 400 m H<\/a><br \/>\n<strong>17h45 : <\/strong><a href=\"https:\/\/bases.athle.fr\/asp.net\/liste.aspx?frmbase=directs&amp;frmmode=2&amp;frmcompetition=297869&amp;frmepreuve=36eb702f-e905-4392-a892-884c58b88dbe\">pentathlon &#8211; longueur<\/a><br \/>\n<strong>17h50 : finale saut \u00e0 la perche F<\/strong><strong><br \/>\n17h52 : <\/strong><a href=\"https:\/\/bases.athle.fr\/asp.net\/liste.aspx?frmbase=directs&amp;frmmode=3&amp;frmcompetition=297869&amp;frmepreuve=07615eff-28eb-4da7-9fc2-f8da111729cb\">s\u00e9ries 400 m F<\/a><strong><br \/>\n18h24 : <\/strong><a href=\"https:\/\/bases.athle.fr\/asp.net\/liste.aspx?frmbase=directs&amp;frmmode=3&amp;frmcompetition=297869&amp;frmepreuve=b8d16252-0959-4848-b73d-014f78389d44\">s\u00e9ries 800 m H<\/a><strong><br \/>\n18h40 : finale 3000 m F<br \/>\n<\/strong><strong>18h55 : <\/strong><a href=\"https:\/\/bases.athle.fr\/asp.net\/liste.aspx?frmbase=directs&amp;frmmode=3&amp;frmcompetition=297869&amp;frmepreuve=6d54c20b-458f-4265-ad55-463b35d6a5b0\">s\u00e9ries 60 m F<\/a><br \/>\n<strong>19h : <\/strong><strong>finale saut en hauteur F<\/strong><br \/>\n<strong>19h05 : finale saut en longueur H<\/strong><br \/>\n<strong>19h10 : <\/strong><a href=\"https:\/\/bases.athle.fr\/asp.net\/liste.aspx?frmbase=directs&amp;frmmode=3&amp;frmcompetition=297869&amp;frmepreuve=77f6e5b0-b32c-4724-bac4-211d40116384\">s\u00e9ries 60 m H<\/a><strong><br \/>\n<\/strong><strong>19h20 : finale lancer du poids H<br \/>\n19h27 : <\/strong><a href=\"https:\/\/bases.athle.fr\/asp.net\/liste.aspx?frmbase=directs&amp;frmmode=3&amp;frmcompetition=297869&amp;frmepreuve=8e963e8c-8bd0-4a4d-8dcd-ac1bf3fadb7a\">s\u00e9ries 60 m haies F<\/a><strong><br \/>\n19h42 : pentathlon &#8211; <a href=\"https:\/\/bases.athle.fr\/asp.net\/liste.aspx?frmbase=directs&amp;frmmode=2&amp;frmcompetition=297869&amp;frmepreuve=4d422e08-da07-44c8-ad07-6a4c2afb78eb\">800 m<\/a><br \/>\n19h51 : finale 3000 m H<br \/>\n20h15 : finale 60 m F<br \/>\n20h13 : finale 60 m H<br \/>\n<\/strong><strong>20h25 : finale 60 m haies F<\/strong><\/p>\n<ul>\n<li><a title=\"Athl\u00e9tisme Championnats de France en salle : La\u00ebticia Bapt\u00e9, Marie-Julie Bonnin, le r\u00e9sum\u00e9 de la 1\u00e8re journ\u00e9e\" href=\"https:\/\/dicodusport.fr\/blog\/athletisme-championnats-de-france-en-salle-laeticia-bapte-marie-julie-bonnin-le-resume-de-la-1ere-journee\/\" target=\"_blank\" rel=\"noopener\"><strong>Le r\u00e9sum\u00e9 de la journ\u00e9e<\/strong><\/a><\/li>\n<\/ul>\n<\/div>\n<div class=\"su-tabs-pane su-u-clearfix su-u-trim\" data-title=\"Dimanche 23 f\u00e9vrier\">\n<p style=\"text-align: justify;\"><strong>10h : <\/strong><a href=\"https:\/\/bases.athle.fr\/asp.net\/liste.aspx?frmbase=directs&amp;frmmode=3&amp;frmcompetition=297869&amp;frmepreuve=7f1ff2d7-6cb2-43df-8a6b-894d8fd8cbad\">heptathlon &#8211; 60 m haies<\/a><strong><br \/>\n11h : <\/strong><a href=\"https:\/\/bases.athle.fr\/asp.net\/liste.aspx?frmbase=directs&amp;frmmode=2&amp;frmcompetition=297869&amp;frmepreuve=5265b756-5830-492b-928e-2b81c615696e\">heptathlon &#8211; perche<\/a><strong><br \/>\n13h30 : finale saut en longueur F<br \/>\n<\/strong><strong>13h40 : <\/strong><a href=\"https:\/\/bases.athle.fr\/asp.net\/liste.aspx?frmbase=directs&amp;frmmode=3&amp;frmcompetition=297869&amp;frmepreuve=06466681-d2cc-47c0-8e39-603f200a59a1\">s\u00e9ries 200 m H<\/a><strong><br \/>\n14h15 : <\/strong><a href=\"https:\/\/bases.athle.fr\/asp.net\/liste.aspx?frmbase=directs&amp;frmmode=3&amp;frmcompetition=297869&amp;frmepreuve=11189bbe-c414-4145-8b0f-a166a5277f06\">s\u00e9ries 200 m F<\/a><strong><br \/>\n14h20 : finale saut \u00e0 la perche H<br \/>\n14h50 : finale 1500 m F<br \/>\n14h55 : finale saut en hauteur H<br \/>\n15h05 : heptathlon &#8211; <a href=\"https:\/\/bases.athle.fr\/asp.net\/liste.aspx?frmbase=directs&amp;frmmode=2&amp;frmcompetition=297869&amp;frmepreuve=19990573-8c7d-40eb-9536-0b78fca301e9\">1000 m<\/a><br \/>\n15h15 : finale 400 m H<br \/>\n<\/strong><strong>15h25 : finale 800 m F<br \/>\n15h30 : finale triple saut H<br \/>\n15h35 : <\/strong><a href=\"https:\/\/bases.athle.fr\/asp.net\/liste.aspx?frmbase=directs&amp;frmmode=3&amp;frmcompetition=297869&amp;frmepreuve=19952f0b-bc59-4d29-8ee5-a6ff7cda7984\">s\u00e9ries 60 m haies H<\/a><strong><br \/>\n15h55 : finale 1500 m H<br \/>\n16h05 : finale 400 m F<br \/>\n16h15 :<\/strong> <strong>finale 200 m H<br \/>\n<\/strong><strong>16h25 : finale 800 m H<br \/>\n16h35 : finale 200 m F<br \/>\n16h45 : finale 60 m haies H<br \/>\n<\/strong><\/p>\n<ul>\n<li><a href=\"https:\/\/dicodusport.fr\/blog\/athletisme-championnats-de-france-salle-liberman-collet-belocian-le-resume-de-la-2eme-journee\/\" target=\"_blank\" rel=\"noopener\"><strong>Le r\u00e9sum\u00e9 de la journ\u00e9e<\/strong><\/a><\/li>\n<\/ul>\n<p style=\"text-align: justify;\"><\/div><\/div><\/div>\n<p>&nbsp;<\/p>\n<h2>Podiums<\/h2>\n<h3 style=\"text-align: justify;\">Femmes<\/h3>\n<div class=\"su-table su-table-alternate\">\n<table style=\"width: 800px;border-collapse: collapse\">\n<tbody>\n<tr>\n<td style=\"text-align: center;width: 200px;vertical-align: middle\"><strong>\u00c9preuves<\/strong><\/td>\n<td style=\"background-color: #fff242;text-align: center;width: 200px;vertical-align: middle\"><strong>\ud83e\udd47 Or<\/strong><\/td>\n<td style=\"background-color: #a8a8a8;text-align: center;width: 200px;vertical-align: middle\"><strong>\ud83e\udd48 Argent<\/strong><\/td>\n<td style=\"background-color: #c97159;text-align: center;width: 200px;vertical-align: middle\"><strong>\ud83e\udd49 Bronze<\/strong><\/td>\n<\/tr>\n<tr>\n<td style=\"text-align: center;width: 200px;vertical-align: middle\"><strong>60 m<br \/>\n<a href=\"https:\/\/bases.athle.fr\/asp.net\/liste.aspx?frmbase=directs&amp;frmmode=2&amp;frmcompetition=297869&amp;frmepreuve=7204c142-d6d2-435f-8ae3-a0655dcf19cc\" target=\"_blank\" rel=\"noopener\"><span style=\"font-size: 12px\"><em>Classement<\/em><\/span><\/a><\/strong><\/td>\n<td style=\"text-align: center;width: 200px;vertical-align: middle\">\ud83c\uddeb\ud83c\uddf7 <strong>Carolle Zahi<br \/>\n7.23<\/strong><\/td>\n<td style=\"text-align: center;width: 200px;vertical-align: middle\">\ud83c\uddeb\ud83c\uddf7 H\u00e9l\u00e8ne Parisot<br \/>\n7.28<\/td>\n<td style=\"text-align: center;width: 200px;vertical-align: middle\">\ud83c\uddeb\ud83c\uddf7 Vanessa Lokuli<br \/>\n7.33<\/td>\n<\/tr>\n<tr>\n<td style=\"text-align: center;width: 200px;vertical-align: middle\"><strong>200 m<br \/>\n<a href=\"https:\/\/bases.athle.fr\/asp.net\/liste.aspx?frmbase=directs&amp;frmmode=2&amp;frmcompetition=297869&amp;frmepreuve=5e0fd2ef-ce33-4b6b-bbbf-4a3b52cf4d2b\"><span style=\"font-size: 12px\"><em>Classement<\/em><\/span><\/a><br \/>\n<\/strong><\/td>\n<td style=\"text-align: center;width: 200px;vertical-align: middle\">\ud83c\uddeb\ud83c\uddf7 <strong>Iris Caligiuri<br \/>\n23.39 PB MPF MPF ES<\/strong><\/td>\n<td style=\"text-align: center;width: 200px;vertical-align: middle\">\ud83c\uddeb\ud83c\uddf7 Pamera Losange<br \/>\n23.69<\/td>\n<td style=\"text-align: center;width: 200px;vertical-align: middle\">\ud83c\uddeb\ud83c\uddf7 Elise Trynkler<br \/>\n23.82<\/td>\n<\/tr>\n<tr>\n<td style=\"text-align: center;width: 200px;vertical-align: middle\"><strong>400 m<br \/>\n<a href=\"https:\/\/bases.athle.fr\/asp.net\/liste.aspx?frmbase=directs&amp;frmmode=2&amp;frmcompetition=297869&amp;frmepreuve=1df045be-5c8b-44cb-9461-05add47949ef\"><span style=\"font-size: 12px\"><em>Classement<\/em><\/span><\/a><br \/>\n<\/strong><\/td>\n<td style=\"width: 200px;text-align: center;vertical-align: middle\">\ud83c\uddeb\ud83c\uddf7 <strong>Amandine Brossier<br \/>\n52.15<\/strong><\/td>\n<td style=\"width: 200px;text-align: center;vertical-align: middle\">\ud83c\uddeb\ud83c\uddf7 Camille Seri<br \/>\n52.63<\/td>\n<td style=\"width: 200px;text-align: center;vertical-align: middle\">\ud83c\uddeb\ud83c\uddf7 Marjorie Veyssi\u00e8re<br \/>\n53.45<\/td>\n<\/tr>\n<tr>\n<td style=\"text-align: center;width: 200px;vertical-align: middle\"><strong>800 m<br \/>\n<a href=\"https:\/\/bases.athle.fr\/asp.net\/liste.aspx?frmbase=directs&amp;frmmode=2&amp;frmcompetition=297869&amp;frmepreuve=3ff5ec46-6235-4a25-9da9-09ce082bb330\"><span style=\"font-size: 12px\"><em>Classement<\/em><\/span><\/a><br \/>\n<\/strong><\/td>\n<td style=\"text-align: center;width: 200px;vertical-align: middle\">\ud83c\uddeb\ud83c\uddf7 <strong>Clara Liberman<br \/>\n2:04.80<\/strong><\/td>\n<td style=\"text-align: center;width: 200px;vertical-align: middle\">\ud83c\uddeb\ud83c\uddf7 Charlotte Dumas<br \/>\n2:05.14<\/td>\n<td style=\"text-align: center;width: 200px;vertical-align: middle\">\ud83c\uddeb\ud83c\uddf7 L\u00e9na Kandissounon<br \/>\n2:05.47<\/td>\n<\/tr>\n<tr>\n<td style=\"text-align: center;width: 200px;vertical-align: middle\"><strong>1500 m<br \/>\n<a href=\"https:\/\/bases.athle.fr\/asp.net\/liste.aspx?frmbase=directs&amp;frmmode=2&amp;frmcompetition=297869&amp;frmepreuve=37ff6958-5323-411f-ac87-af8780c13d54\"><span style=\"font-size: 12px\"><em>Classement<\/em><\/span><\/a><br \/>\n<\/strong><\/td>\n<td style=\"text-align: center;width: 200px;vertical-align: middle\">\ud83c\uddeb\ud83c\uddf7 <strong>Agathe Guillemot<br \/>\n4:09.43 RCH<\/strong><\/td>\n<td style=\"text-align: center;width: 200px;vertical-align: middle\">\ud83c\uddeb\ud83c\uddf7 B\u00e9r\u00e9nice Cleyet-Merle<br \/>\n4:12.02<\/td>\n<td style=\"text-align: center;width: 200px;vertical-align: middle\">\ud83c\uddeb\ud83c\uddf7 Lise Thimon<br \/>\n4:18.08<\/td>\n<\/tr>\n<tr>\n<td style=\"text-align: center;width: 200px;vertical-align: middle\"><strong>3000 m<br \/>\n<a href=\"https:\/\/bases.athle.fr\/asp.net\/liste.aspx?frmbase=directs&amp;frmmode=2&amp;frmcompetition=297869&amp;frmepreuve=aa463cda-c7f2-438c-90c6-8589fb06c261\"><span style=\"font-size: 12px\"><em>Classement<\/em><\/span><\/a><br \/>\n<\/strong><\/td>\n<td style=\"text-align: center;width: 200px;vertical-align: middle\">\ud83c\uddeb\ud83c\uddf7 <strong>Sarah Madeleine<br \/>\n9:15.79<\/strong><\/td>\n<td style=\"text-align: center;width: 200px;vertical-align: middle\">\ud83c\uddeb\ud83c\uddf7 Philippine De La Bigne<br \/>\n9:18.52<\/td>\n<td style=\"text-align: center;width: 200px;vertical-align: middle\">\ud83c\uddeb\ud83c\uddf7 Flavie Renouard<br \/>\n9:20.11<\/td>\n<\/tr>\n<tr>\n<td style=\"text-align: center;width: 200px;vertical-align: middle\"><strong>60 m haies<br \/>\n<a href=\"https:\/\/bases.athle.fr\/asp.net\/liste.aspx?frmbase=directs&amp;frmmode=2&amp;frmcompetition=297869&amp;frmepreuve=fb29134d-7a14-4798-bae5-0858929c4d44\" target=\"_blank\" rel=\"noopener\"><span style=\"font-size: 12px\"><em>Classement<\/em><\/span><\/a><br \/>\n<\/strong><\/td>\n<td style=\"text-align: center;width: 200px;vertical-align: middle\">\ud83c\uddeb\ud83c\uddf7 <strong>La\u00ebticia Bapt\u00e9<br \/>\n7.78 RCH MPF<\/strong><\/td>\n<td style=\"text-align: center;width: 200px;vertical-align: middle\">\ud83c\uddeb\ud83c\uddf7 Sacha Alessandrini<br \/>\n8.03<\/td>\n<td style=\"text-align: center;width: 200px;vertical-align: middle\">\ud83c\uddeb\ud83c\uddf7 Solenn Compper<br \/>\n8.07 <strong>SB<\/strong><\/td>\n<\/tr>\n<tr>\n<td style=\"text-align: center;width: 200px;vertical-align: middle\"><strong>Saut en hauteur<br \/>\n<a href=\"https:\/\/bases.athle.fr\/asp.net\/liste.aspx?frmbase=directs&amp;frmmode=2&amp;frmcompetition=297869&amp;frmepreuve=c51d4d99-2a2d-42af-8ad6-afba13aecc7e\"><span style=\"font-size: 12px\"><em>Classement<\/em><\/span><\/a><br \/>\n<\/strong><\/td>\n<td style=\"text-align: center;width: 200px;vertical-align: middle\">\ud83c\uddeb\ud83c\uddf7 <strong>Sol\u00e8ne Gicquel<br \/>\n<\/strong><strong>1.87 m<\/strong><\/td>\n<td style=\"text-align: center;width: 200px;vertical-align: middle\">\ud83c\uddeb\ud83c\uddf7 Fatoumata Balley<br \/>\n1.81 m<\/td>\n<td style=\"text-align: center;width: 200px;vertical-align: middle\">\ud83c\uddeb\ud83c\uddf7 Lola Picard<br \/>\n1.81 m <strong>SB<\/strong><\/td>\n<\/tr>\n<tr>\n<td style=\"text-align: center;width: 200px;vertical-align: middle\"><strong>Saut \u00e0 la perche<br \/>\n<a href=\"https:\/\/bases.athle.fr\/asp.net\/liste.aspx?frmbase=directs&amp;frmmode=2&amp;frmcompetition=297869&amp;frmepreuve=65e12379-78e8-4bc0-8421-74a63e687a7f\"><span style=\"font-size: 12px\"><em>Classement<\/em><\/span><\/a><br \/>\n<\/strong><\/td>\n<td style=\"text-align: center;width: 200px;vertical-align: middle\">\ud83c\uddeb\ud83c\uddf7 <strong>Marie-Julie Bonnin<br \/>\n4.67 m RCH<\/strong><\/td>\n<td style=\"text-align: center;width: 200px;vertical-align: middle\">\ud83c\uddeb\ud83c\uddf7 Nayah Cauvin<br \/>\n4.36 m <strong>PB MPF ES<\/strong><\/td>\n<td style=\"text-align: center;width: 200px;vertical-align: middle\">\ud83c\uddeb\ud83c\uddf7 Albane Dordain<br \/>\n4.26 m<\/td>\n<\/tr>\n<tr>\n<td style=\"text-align: center;width: 200px;vertical-align: middle\"><strong>Saut en longueur<br \/>\n<a href=\"https:\/\/bases.athle.fr\/asp.net\/liste.aspx?frmbase=directs&amp;frmmode=2&amp;frmcompetition=297869&amp;frmepreuve=f513bb98-d4eb-435c-a218-737f8eff095c\"><span style=\"font-size: 12px\"><em>Classement<\/em><\/span><\/a><br \/>\n<\/strong><\/td>\n<td style=\"text-align: center;width: 200px;vertical-align: middle\">\ud83c\uddeb\ud83c\uddf7 <strong>Angelica Berriot<br \/>\n6.40 m SB<\/strong><\/td>\n<td style=\"text-align: center;width: 200px;vertical-align: middle\">\ud83c\uddeb\ud83c\uddf7 Camille Le Roux<br \/>\n6.29 m <strong>PB<\/strong><\/td>\n<td style=\"text-align: center;width: 200px;vertical-align: middle\">\ud83c\uddeb\ud83c\uddf7 Vanessa Lokuli<br \/>\n6.17 m<\/td>\n<\/tr>\n<tr>\n<td style=\"text-align: center;width: 200px;vertical-align: middle\"><strong>Triple saut<br \/>\n<a href=\"https:\/\/bases.athle.fr\/asp.net\/liste.aspx?frmbase=directs&amp;frmmode=2&amp;frmcompetition=297869&amp;frmepreuve=ac74dda5-e2c5-47e8-aa16-61105bf77bfc\" target=\"_blank\" rel=\"noopener\"><span style=\"font-size: 12px\"><em>Classement<\/em><\/span><\/a><br \/>\n<\/strong><\/td>\n<td style=\"text-align: center;width: 200px;vertical-align: middle\">\ud83c\uddeb\ud83c\uddf7 <strong>Ilionis Guillaume<br \/>\n13.98 m SB MPF<\/strong><\/td>\n<td style=\"text-align: center;width: 200px;vertical-align: middle\">\ud83c\uddeb\ud83c\uddf7 Cl\u00e9mence Rougier<br \/>\n13.41 m<\/td>\n<td style=\"text-align: center;width: 200px;vertical-align: middle\">\ud83c\uddeb\ud83c\uddf7 Oriane Le Coroller<br \/>\n13.12 m <strong>PB<\/strong><\/td>\n<\/tr>\n<tr>\n<td style=\"text-align: center;width: 200px;vertical-align: middle\"><strong>Lancer de poids<br \/>\n<a href=\"https:\/\/bases.athle.fr\/asp.net\/liste.aspx?frmbase=directs&amp;frmmode=2&amp;frmcompetition=297869&amp;frmepreuve=261271cb-9de0-4878-932d-054290818f26\" target=\"_blank\" rel=\"noopener\"><span style=\"font-size: 12px\"><em>Classement<\/em><\/span><\/a><br \/>\n<\/strong><\/td>\n<td style=\"text-align: center;width: 200px;vertical-align: middle\">\ud83c\uddeb\ud83c\uddf7 <strong>Christine Gavarin<br \/>\n15.93 m SB<\/strong><\/td>\n<td style=\"text-align: center;width: 200px;vertical-align: middle\">\ud83c\uddeb\ud83c\uddf7 Alexandra Aubry<br \/>\n15.86 m <strong>SB<\/strong><\/td>\n<td style=\"text-align: center;width: 200px;vertical-align: middle\">\ud83c\uddeb\ud83c\uddf7 Naomie Wuta<br \/>\n15.26 m<\/td>\n<\/tr>\n<tr>\n<td style=\"text-align: center;width: 200px;vertical-align: middle\"><strong>Pentathlon<br \/>\n<a href=\"https:\/\/bases.athle.fr\/asp.net\/liste.aspx?frmbase=directs&amp;frmmode=2&amp;frmcompetition=297869&amp;frmepreuve=bf3174dc-ab19-4831-852e-055c12d4cac3\" target=\"_blank\" rel=\"noopener\"><span style=\"font-size: 12px\"><em>Classement<\/em><\/span><\/a><br \/>\n<\/strong><\/td>\n<td style=\"text-align: center;width: 200px;vertical-align: middle\">\ud83c\uddeb\ud83c\uddf7 <strong>C\u00e9lia Perron<br \/>\n4471 pts PB MPF<\/strong><\/td>\n<td style=\"text-align: center;width: 200px;vertical-align: middle\">\ud83c\uddeb\ud83c\uddf7 Ma\u00ebva Bastien<br \/>\n4280 pts <strong>PB MPF ES<\/strong><\/td>\n<td style=\"text-align: center;width: 200px;vertical-align: middle\">\ud83c\uddeb\ud83c\uddf7 Ys\u00e9e Le Philippe<br \/>\n4221 pts <strong>PB<\/strong><\/td>\n<\/tr>\n<\/tbody>\n<\/table>\n<\/div>\n<p><span style=\"font-size: 14px;\"><em>PB : Record personnel<br \/>\nRCH : Record des Championnats<br \/>\nSB : Meilleure performance personnelle de la saison<br \/>\nMPF : Meilleure performance fran\u00e7aise de la saison<\/em><\/span><span style=\"font-size: 14px;\"><em><br \/>\nMPF ES : Meilleure performance fran\u00e7aise espoir de la saison<br \/>\n<\/em><\/span><\/p>\n<h3 style=\"text-align: justify;\">Hommes<\/h3>\n<div class=\"su-table su-table-alternate\">\n<table style=\"width: 800px;border-collapse: collapse\">\n<tbody>\n<tr>\n<td style=\"text-align: center;width: 200px;vertical-align: middle\"><strong>\u00c9preuves<\/strong><\/td>\n<td style=\"background-color: #fff242;text-align: center;width: 200px;vertical-align: middle\"><strong>\ud83e\udd47 Or<\/strong><\/td>\n<td style=\"background-color: #a8a8a8;text-align: center;width: 200px;vertical-align: middle\"><strong>\ud83e\udd48 Argent<\/strong><\/td>\n<td style=\"background-color: #c97159;text-align: center;width: 200px;vertical-align: middle\"><strong>\ud83e\udd49 Bronze<\/strong><\/td>\n<\/tr>\n<tr>\n<td style=\"text-align: center;width: 200px;vertical-align: middle\"><strong>60 m<br \/>\n<a href=\"https:\/\/bases.athle.fr\/asp.net\/liste.aspx?frmbase=directs&amp;frmmode=2&amp;frmcompetition=297869&amp;frmepreuve=955df517-44c3-4036-86bf-85eefac27b7c\"><span style=\"font-size: 12px\"><em>Classement<\/em><\/span><\/a><br \/>\n<\/strong><\/td>\n<td style=\"text-align: center;width: 200px;vertical-align: middle\">\ud83c\uddeb\ud83c\uddf7 <strong>Antoine Thoraval<br \/>\n6.62 SB<\/strong><\/td>\n<td style=\"text-align: center;width: 200px;vertical-align: middle\">\ud83c\uddeb\ud83c\uddf7 Allan Lagui<br \/>\n6.63<\/td>\n<td style=\"text-align: center;width: 200px;vertical-align: middle\">\ud83c\uddeb\ud83c\uddf7 Jeff Erius<br \/>\n6.64 <strong>SB MPF ES<\/strong><\/td>\n<\/tr>\n<tr>\n<td style=\"text-align: center;width: 200px;vertical-align: middle\"><strong>200 m<br \/>\n<a href=\"https:\/\/bases.athle.fr\/asp.net\/liste.aspx?frmbase=directs&amp;frmmode=2&amp;frmcompetition=297869&amp;frmepreuve=cbde3c95-070e-4049-919a-6a33d2ac52b9\"><span style=\"font-size: 12px\"><em>Classement<\/em><\/span><\/a><br \/>\n<\/strong><\/td>\n<td style=\"text-align: center;width: 200px;vertical-align: middle\">\ud83c\uddeb\ud83c\uddf7 <strong>Hugo Cerra<br \/>\n21.13<\/strong><\/td>\n<td style=\"text-align: center;width: 200px;vertical-align: middle\">\ud83c\uddeb\ud83c\uddf7 Jehan Anicet<br \/>\n21.19<\/td>\n<td style=\"text-align: center;width: 200px;vertical-align: middle\">\ud83c\uddeb\ud83c\uddf7 Jordan Jalce<br \/>\n21.29<\/td>\n<\/tr>\n<tr>\n<td style=\"text-align: center;width: 200px;vertical-align: middle\"><strong>400 m<br \/>\n<a href=\"https:\/\/bases.athle.fr\/asp.net\/liste.aspx?frmbase=directs&amp;frmmode=2&amp;frmcompetition=297869&amp;frmepreuve=c7ace3e0-5273-4eeb-a103-0b182b03b2cc\"><span style=\"font-size: 12px\"><em>Classement<\/em><\/span><\/a><br \/>\n<\/strong><\/td>\n<td style=\"text-align: center;width: 200px;vertical-align: middle\">\ud83c\uddeb\ud83c\uddf7 <strong>Jimy Soudril<br \/>\n46.03 PB MPF<\/strong><\/td>\n<td style=\"text-align: center;width: 200px;vertical-align: middle\">\ud83c\uddeb\ud83c\uddf7 T\u00e9o Andant<br \/>\n46.36<\/td>\n<td style=\"text-align: center;width: 200px;vertical-align: middle\">\ud83c\uddeb\ud83c\uddf7 Predea Manounou<br \/>\n46.68 <strong>PB<\/strong><\/td>\n<\/tr>\n<tr>\n<td style=\"text-align: center;width: 200px;vertical-align: middle\"><strong>800 m<br \/>\n<a href=\"https:\/\/bases.athle.fr\/asp.net\/liste.aspx?frmbase=directs&amp;frmmode=2&amp;frmcompetition=297869&amp;frmepreuve=db7b07c7-792c-409b-b0c9-b71c969c0e12\"><span style=\"font-size: 12px\"><em>Classement<\/em><\/span><\/a><br \/>\n<\/strong><\/td>\n<td style=\"text-align: center;width: 200px;vertical-align: middle\">\ud83c\uddeb\ud83c\uddf7 <strong>Louey Ouerrat<br \/>\n1:47.39<\/strong><\/td>\n<td style=\"text-align: center;width: 200px;vertical-align: middle\">\ud83c\uddeb\ud83c\uddf7 Yanis Meziane<br \/>\n1:47.66 (.651)<\/td>\n<td style=\"text-align: center;width: 200px;vertical-align: middle\">\ud83c\uddeb\ud83c\uddf7 Corentin Magnou<br \/>\n1:47.66 (.658)<\/td>\n<\/tr>\n<tr>\n<td style=\"text-align: center;width: 200px;vertical-align: middle\"><strong>1500 m<br \/>\n<a href=\"https:\/\/bases.athle.fr\/asp.net\/liste.aspx?frmbase=directs&amp;frmmode=2&amp;frmcompetition=297869&amp;frmepreuve=6a03c6b0-027d-4aaf-b977-f6f9de64bcb8\"><span style=\"font-size: 12px\"><em>Classement<\/em><\/span><\/a><br \/>\n<\/strong><\/td>\n<td style=\"text-align: center;width: 200px;vertical-align: middle\"><strong>\ud83c\uddeb\ud83c\uddf7<\/strong> <strong>Paul Anselmini<br \/>\n3:41.62<\/strong><\/td>\n<td style=\"width: 200px;text-align: center;vertical-align: middle\"><strong>\ud83c\uddeb\ud83c\uddf7<\/strong> Louis Gilavert<br \/>\n3:41.85<\/td>\n<td style=\"width: 200px;text-align: center;vertical-align: middle\"><strong>\ud83c\uddeb\ud83c\uddf7<\/strong> Anicet Kozar<br \/>\n3:42.29<\/td>\n<\/tr>\n<tr>\n<td style=\"text-align: center;width: 200px;vertical-align: middle\"><strong>\u00a03000 m<br \/>\n<a href=\"https:\/\/bases.athle.fr\/asp.net\/liste.aspx?frmbase=directs&amp;frmmode=2&amp;frmcompetition=297869&amp;frmepreuve=722ae076-7a9f-4c5d-92c5-46b9f7612359\" target=\"_blank\" rel=\"noopener\"><span style=\"font-size: 12px\"><em>Classement<\/em><\/span><\/a><br \/>\n<\/strong><\/td>\n<td style=\"text-align: center;width: 200px;vertical-align: middle\"><strong>\ud83c\uddeb\ud83c\uddf7 Azeddine Habz<br \/>\n7:54.88<\/strong><\/td>\n<td style=\"width: 200px;text-align: center;vertical-align: middle\">\ud83c\uddeb\ud83c\uddf7 Romain Mornet<br \/>\n7:55.19<\/td>\n<td style=\"width: 200px;text-align: center;vertical-align: middle\">\ud83c\uddeb\ud83c\uddf7 Bastien Augusto<br \/>\n7:56.43<\/td>\n<\/tr>\n<tr>\n<td style=\"text-align: center;width: 200px;vertical-align: middle\"><strong>60 m haies<br \/>\n<a href=\"https:\/\/bases.athle.fr\/asp.net\/liste.aspx?frmbase=directs&amp;frmmode=2&amp;frmcompetition=297869&amp;frmepreuve=f1412c22-d36b-448c-abfc-e9b26a433f6c\"><span style=\"font-size: 12px\"><em>Classement<\/em><\/span><\/a><br \/>\n<\/strong><\/td>\n<td style=\"text-align: center;width: 200px;vertical-align: middle\">\ud83c\uddeb\ud83c\uddf7 <strong>Wilhem Belocian<br \/>\n7.52<\/strong><\/td>\n<td style=\"text-align: center;width: 200px;vertical-align: middle\">\ud83c\uddeb\ud83c\uddf7 Just Kwaou-Mathey<br \/>\n7.53<\/td>\n<td style=\"text-align: center;width: 200px;vertical-align: middle\">\ud83c\uddeb\ud83c\uddf7 Th\u00e9o Pedre<br \/>\n7.61 <strong>PB MPF ES<\/strong><\/td>\n<\/tr>\n<tr>\n<td style=\"text-align: center;width: 200px;vertical-align: middle\"><strong>Saut en hauteur<br \/>\n<a href=\"https:\/\/bases.athle.fr\/asp.net\/liste.aspx?frmbase=directs&amp;frmmode=2&amp;frmcompetition=297869&amp;frmepreuve=ad2df4dd-c785-44ae-82ee-18e5b727fbda\"><span style=\"font-size: 12px\"><em>Classement<\/em><\/span><\/a><br \/>\n<\/strong><\/td>\n<td style=\"text-align: center;width: 200px;vertical-align: middle\">\ud83c\uddeb\ud83c\uddf7 <strong>Moustafa Diane<br \/>\n2.18 m PB MPF MPF ES<\/strong><\/td>\n<td style=\"text-align: center;width: 200px;vertical-align: middle\">\ud83c\uddeb\ud83c\uddf7 L\u00e9onard Nowoczyn<br \/>\n2.15 m <strong>PB MPF JU<\/strong><\/td>\n<td style=\"text-align: center;width: 200px;vertical-align: middle\">\ud83c\uddeb\ud83c\uddf7 Antoine Antczak<br \/>\n2.15 m <strong>PB<\/strong><\/td>\n<\/tr>\n<tr>\n<td style=\"text-align: center;width: 200px;vertical-align: middle\"><strong>Saut \u00e0 la perche<br \/>\n<a href=\"https:\/\/bases.athle.fr\/asp.net\/liste.aspx?frmbase=directs&amp;frmmode=2&amp;frmcompetition=297869&amp;frmepreuve=c800977c-458b-4e54-b2c0-c03f0d1fcca4\"><span style=\"font-size: 12px\"><em>Classement<\/em><\/span><\/a><br \/>\n<\/strong><\/td>\n<td style=\"text-align: center;width: 200px;vertical-align: middle\">\ud83c\uddeb\ud83c\uddf7 <strong>Thibaut Collet<br \/>\n5.82 m SB MPF<\/strong><\/td>\n<td style=\"text-align: center;width: 200px;vertical-align: middle\">\ud83c\uddeb\ud83c\uddf7 Renaud Lavillenie<br \/>\n5.76 m<\/td>\n<td style=\"text-align: center;width: 200px;vertical-align: middle\">\ud83c\uddeb\ud83c\uddf7 Baptiste Thiery<br \/>\n5.70 m<\/td>\n<\/tr>\n<tr>\n<td style=\"text-align: center;width: 200px;vertical-align: middle\"><strong>Saut en longueur<br \/>\n<a href=\"https:\/\/bases.athle.fr\/asp.net\/liste.aspx?frmbase=directs&amp;frmmode=2&amp;frmcompetition=297869&amp;frmepreuve=71bbf42e-d547-4f15-99b3-a49a795fd21b\"><span style=\"font-size: 12px\"><em>Classement<\/em><\/span><\/a><br \/>\n<\/strong><\/td>\n<td style=\"text-align: center;width: 200px;vertical-align: middle\">\ud83c\uddeb\ud83c\uddf7 <strong>Mathis Vaitulukina<br \/>\n7.78 m PB MPF ES<\/strong><\/td>\n<td style=\"text-align: center;width: 200px;vertical-align: middle\">\ud83c\uddeb\ud83c\uddf7 Bastien Cadeot<br \/>\n7.72 m <strong>SB<\/strong><\/td>\n<td style=\"text-align: center;width: 200px;vertical-align: middle\">\ud83c\uddeb\ud83c\uddf7 Julien Pauthonnier<br \/>\n7.67 m<\/td>\n<\/tr>\n<tr>\n<td style=\"text-align: center;width: 200px;vertical-align: middle\"><strong>Triple saut<br \/>\n<a href=\"https:\/\/bases.athle.fr\/asp.net\/liste.aspx?frmbase=directs&amp;frmmode=2&amp;frmcompetition=297869&amp;frmepreuve=46501611-217d-472b-8570-827b330974a1\"><span style=\"font-size: 12px\"><em>Classement<\/em><\/span><\/a><br \/>\n<\/strong><\/td>\n<td style=\"text-align: center;width: 200px;vertical-align: middle\">\ud83c\uddeb\ud83c\uddf7 <strong>Melvin Raffin<br \/>\n17.05 m SB MPF<\/strong><\/td>\n<td style=\"text-align: center;width: 200px;vertical-align: middle\">\ud83c\uddeb\ud83c\uddf7 Thomas Gogois<br \/>\n16.83 m <strong>SB<\/strong><\/td>\n<td style=\"text-align: center;width: 200px;vertical-align: middle\">\ud83c\uddeb\ud83c\uddf7 Yoann Awhansou<br \/>\n16.29 m <strong>SB<\/strong><\/td>\n<\/tr>\n<tr>\n<td style=\"text-align: center;width: 200px;vertical-align: middle\"><strong>Lancer du poids<br \/>\n<a href=\"https:\/\/bases.athle.fr\/asp.net\/liste.aspx?frmbase=directs&amp;frmmode=2&amp;frmcompetition=297869&amp;frmepreuve=94b3ab63-96f2-4faa-a589-256052723fe4\"><span style=\"font-size: 12px\"><em>Classement<\/em><\/span><\/a><br \/>\n<\/strong><\/td>\n<td style=\"text-align: center;width: 200px;vertical-align: middle\">\ud83c\uddeb\ud83c\uddf7 <strong>Franck Elemba Owaka<br \/>\n19.54 m SB<\/strong><\/td>\n<td style=\"text-align: center;width: 200px;vertical-align: middle\">\ud83c\uddeb\ud83c\uddf7 Stephen Louis Mailagi<br \/>\n19.37 m <strong>SB<\/strong><\/td>\n<td style=\"text-align: center;width: 200px;vertical-align: middle\">\ud83c\uddeb\ud83c\uddf7 Antoine Duponchel<br \/>\n18.28 m <strong>SB<\/strong><\/td>\n<\/tr>\n<tr>\n<td style=\"text-align: center;width: 200px;vertical-align: middle\"><strong>Heptathlon<br \/>\n<a href=\"https:\/\/bases.athle.fr\/asp.net\/liste.aspx?frmbase=directs&amp;frmmode=2&amp;frmcompetition=297869&amp;frmepreuve=dd5677b1-d91b-467c-8c60-537070ffea99\"><span style=\"font-size: 12px\"><em>Classement<\/em><\/span><\/a><br \/>\n<\/strong><\/td>\n<td style=\"text-align: center;width: 200px;vertical-align: middle\">\ud83c\uddeb\ud83c\uddf7 <strong>T\u00e9o Bastien<br \/>\n6026 pts PB<\/strong><\/td>\n<td style=\"text-align: center;width: 200px;vertical-align: middle\">\ud83c\uddeb\ud83c\uddf7 Tristan Marcy<br \/>\n57400 pts<\/td>\n<td style=\"text-align: center;width: 200px;vertical-align: middle\">\ud83c\uddeb\ud83c\uddf7 Tangui Tranchant<br \/>\n5671 pts <strong>PB<\/strong><\/td>\n<\/tr>\n<\/tbody>\n<\/table>\n<\/div>\n<p><span style=\"font-size: 14px;\"><em>PB : Record personnel<br \/>\nSB : Meilleure performance personnelle de la saison<br \/>\nMPF : Meilleure performance fran\u00e7aise de la saison<\/em><\/span><br \/>\n<span style=\"font-size: 14px;\"><em>MPF ES : Meilleure performance fran\u00e7aise espoir de la saison<\/em><\/span><\/p>\n<p>&nbsp;<\/p>\n<p><!--nextpage--><\/p>\n<h3>Femmes<\/h3>\n<div class=\"su-table su-table-alternate\">\n<table>\n<tbody>\n<tr>\n<td><strong>\u00c9preuves<\/strong><\/td>\n<td><strong>\ud83e\udd47 Or<\/strong><\/td>\n<td><strong>\ud83e\udd48 Argent<\/strong><\/td>\n<td><strong>\ud83e\udd49 Bronze<\/strong><\/td>\n<\/tr>\n<tr>\n<td><strong>60 m<\/strong><\/td>\n<td>\ud83c\uddeb\ud83c\uddf7 <strong>Orlann Oli\u00e8re<br \/>\n7.21<\/strong><\/td>\n<td>\ud83c\uddeb\ud83c\uddf7 Mallory Leconte<br \/>\n7.28<\/td>\n<td>\ud83c\uddeb\ud83c\uddf7 Chlo\u00e9 Galet<br \/>\n7.31<\/td>\n<\/tr>\n<tr>\n<td><strong>200 m<\/strong><\/td>\n<td>\ud83c\uddeb\ud83c\uddf7 <strong>Pamera Losange<br \/>\n23.59 PB<\/strong><\/td>\n<td>\ud83c\uddeb\ud83c\uddf7 Maroussia Par\u00e9<br \/>\n23.66 <strong>SB<\/strong><\/td>\n<td>\ud83c\uddeb\ud83c\uddf7 Diana Iscaye<br \/>\n24.00 <strong>SB<\/strong><\/td>\n<\/tr>\n<tr>\n<td><strong>400 m<\/strong><\/td>\n<td><strong>51.69<\/strong><\/td>\n<td>\ud83c\uddeb\ud83c\uddf7 Louise Maraval<br \/>\n52.00 <strong>PB<\/strong><\/td>\n<td>52.18 <strong>PB<\/strong><\/td>\n<\/tr>\n<tr>\n<td><strong>800 m<\/strong><\/td>\n<td>\ud83c\uddeb\ud83c\uddf7 <strong>Ana\u00efs Bourgoin<br \/>\n2:02.05<\/strong><\/td>\n<td>2:02.24 <strong>SB<\/strong><\/td>\n<td>2:03.07 <strong>PB<\/strong><\/td>\n<\/tr>\n<tr>\n<td><strong>1500 m<\/strong><\/td>\n<td><strong><br \/>\n4:16.41<\/strong><\/td>\n<td>\ud83c\uddeb\ud83c\uddf7 Charlotte Mouchet<br \/>\n4:18.60 <strong>PB<\/strong><\/td>\n<td>4:19.31<\/td>\n<\/tr>\n<tr>\n<td><strong>3000 m<\/strong><\/td>\n<td>\ud83c\uddeb\ud83c\uddf7 <strong>Alice Finot<br \/>\n9:06.18 SB<\/strong><\/td>\n<td>\ud83c\uddeb\ud83c\uddf7 Lise Thimon<br \/>\n9:11.10<\/td>\n<td>\ud83c\uddeb\ud83c\uddf7 Amal Bouyij<br \/>\n9:13.48 <strong>PB<\/strong><\/td>\n<\/tr>\n<tr>\n<td><strong>60 m haies<\/strong><\/td>\n<td>\ud83c\uddeb\ud83c\uddf7 <strong>Cyr\u00e9na Samba-Mayela<br \/>\n7.87 SB MPF<\/strong><\/td>\n<td>7.94 <strong>SB<\/strong><\/td>\n<td>8.00 <strong>SB<\/strong><\/td>\n<\/tr>\n<tr>\n<td><strong>Saut en hauteur<\/strong><\/td>\n<td><\/td>\n<td>1.86 m <strong>PB<\/strong><\/td>\n<td>\ud83c\uddeb\ud83c\uddf7 Fatoumata Balley<br \/>\n1.83 m<br \/>\n\ud83c\uddeb\ud83c\uddf7 Laureen Maxwell<br \/>\n1.83 m<strong> SB MPF ES<\/strong><\/td>\n<\/tr>\n<tr>\n<td><strong>Saut \u00e0 la perche<\/strong><\/td>\n<td>\ud83c\uddeb\ud83c\uddf7 <strong>Margot Chevrier<br \/>\n4.66 m SB<\/strong> <strong>RCH MPF<\/strong><\/td>\n<td>\ud83c\uddeb\ud83c\uddf7 Ninon Chapelle<br \/>\n4.50 m<\/td>\n<td>4.40 m <strong>SB<\/strong><\/td>\n<\/tr>\n<tr>\n<td><strong>Saut en longueur<\/strong><\/td>\n<td><strong><br \/>\n6.55 m PB<\/strong><\/td>\n<td>\ud83c\uddeb\ud83c\uddf7 Rougui Sow<br \/>\n6.54 m<\/td>\n<td>\ud83c\uddeb\ud83c\uddf7 Eloyse Lesueur-Aymonin<br \/>\n6.38 m<\/td>\n<\/tr>\n<tr>\n<td><strong>Triple saut<\/strong><\/td>\n<td><strong><br \/>\n14.11 m PB<\/strong><\/td>\n<td>13.62 m <strong>SB<\/strong><\/td>\n<td>\ud83c\uddeb\ud83c\uddf7 Rouguy Diallo<br \/>\n13.57 m<\/td>\n<\/tr>\n<tr>\n<td><strong>Lancer du poids<\/strong><\/td>\n<td>\ud83c\uddeb\ud83c\uddf7 <strong>Amanda Ngandu-Ntumba<br \/>\n16.61 m PB MPF<\/strong><\/td>\n<td>15.99 m <strong>PB<\/strong><\/td>\n<td>15.06 m <strong>SB<\/strong><\/td>\n<\/tr>\n<tr>\n<td><strong>Pentathlon<\/strong><\/td>\n<td>\ud83c\uddeb\ud83c\uddf7 <strong>Odile Ahouanwanou<br \/>\n4449 pts SB MPF<\/strong><\/td>\n<td>4423 pts<\/td>\n<td>\ud83c\uddeb\ud83c\uddf7 Maylis Darriet<br \/>\n4219 pts <strong>PB<\/strong><\/td>\n<\/tr>\n<\/tbody>\n<\/table>\n<\/div>\n<h3>Hommes<\/h3>\n<div class=\"su-table su-table-alternate\">\n<table>\n<tbody>\n<tr>\n<td><strong>\u00c9preuves<\/strong><\/td>\n<td><strong>\ud83e\udd47 Or<\/strong><\/td>\n<td><strong>\ud83e\udd48 Argent<\/strong><\/td>\n<td><strong>\ud83e\udd49 Bronze<\/strong><\/td>\n<\/tr>\n<tr>\n<td><strong>60 m<\/strong><\/td>\n<td><strong><br \/>\n6.58 PB MPF MPF ES<\/strong><\/td>\n<td>6.64<\/td>\n<td>6.65 <strong>PB<\/strong><\/td>\n<\/tr>\n<tr>\n<td><strong>200 m<\/strong><\/td>\n<td>\ud83c\uddeb\ud83c\uddf7 <strong>Hachim Maaroufou<br \/>\n20.97<\/strong><\/td>\n<td>\ud83c\uddeb\ud83c\uddf7 Th\u00e9o Schaub<br \/>\n21.23<\/td>\n<td>\ud83c\uddeb\ud83c\uddf7 Maxime Lancelot<br \/>\n21.57<\/td>\n<\/tr>\n<tr>\n<td><strong>400 m<\/strong><\/td>\n<td>\ud83c\uddeb\ud83c\uddf7 <strong>Thomas Jordier<br \/>\n46.06 PB MPF<\/strong><\/td>\n<td>\ud83c\uddeb\ud83c\uddf7 Yann Spillmann<br \/>\n46.65<\/td>\n<td>\ud83c\uddeb\ud83c\uddf7 Jordan Terrasse<br \/>\n47.74<\/td>\n<\/tr>\n<tr>\n<td><strong>800 m<\/strong><\/td>\n<td>\ud83c\uddeb\ud83c\uddf7 <strong>Benjamin Robert<br \/>\n1:50.87<\/strong><\/td>\n<td>\ud83c\uddeb\ud83c\uddf7 Corentin Le Clezio<br \/>\n1:51.46<\/td>\n<td>1:52.11<\/td>\n<\/tr>\n<tr>\n<td><strong>1500 m<\/strong><\/td>\n<td><strong><br \/>\n3:38.07<\/strong><\/td>\n<td>\ud83c\uddeb\ud83c\uddf7 Ma\u00ebl Gouyette<br \/>\n3:39.77<\/td>\n<td>\ud83c\uddeb\ud83c\uddf7 Benoit Campion<br \/>\n3:40.12<\/td>\n<\/tr>\n<tr>\n<td><strong>\u00a03000 m<\/strong><\/td>\n<td><strong><br \/>\n8:00.29<\/strong><\/td>\n<td>\ud83c\uddeb\ud83c\uddf7 Simon B\u00e9dard<br \/>\n8:00.74<\/td>\n<td>\ud83c\uddeb\ud83c\uddf7 Nicolas-Marie Daru<br \/>\n8:00.86 <strong>PB<\/strong><\/td>\n<\/tr>\n<tr>\n<td><strong>60 m haies<\/strong><\/td>\n<td><strong><br \/>\n7.44 SB<\/strong><\/td>\n<td>7.45<\/td>\n<td>\ud83c\uddeb\ud83c\uddf7 Dimitri Bascou<br \/>\n7.65 <strong>SB<\/strong><\/td>\n<\/tr>\n<tr>\n<td><strong>Saut en hauteur<\/strong><\/td>\n<td>\ud83c\uddeb\ud83c\uddf7 <strong>Taylor Minios<br \/>\n2.18 m SB<\/strong><\/td>\n<td>\ud83c\uddeb\ud83c\uddf7 Paul Metayer<br \/>\n2.15 m<strong> SB MPF ES<\/strong><\/td>\n<td>\ud83c\uddeb\ud83c\uddf7 Nathan Ismar<br \/>\n2.15 m<\/td>\n<\/tr>\n<tr>\n<td><strong>Saut \u00e0 la perche<\/strong><\/td>\n<td><strong><br \/>\n5.76 m<\/strong><\/td>\n<td>\ud83c\uddeb\ud83c\uddf7 Anthony Ammirati<br \/>\n5.70 m <strong>SB MPF ES<\/strong><\/td>\n<td>\ud83c\uddeb\ud83c\uddf7 Alioune S\u00e8ne<br \/>\n5.64 m SB<\/td>\n<\/tr>\n<tr>\n<td><strong>Saut en longueur<\/strong><\/td>\n<td>\ud83c\uddeb\ud83c\uddf7 <strong>Erwan Konat\u00e9<br \/>\n7.97 m<\/strong><\/td>\n<td>\ud83c\uddeb\ud83c\uddf7 Titouan Bizet<br \/>\n7.67 m <strong>PB<\/strong><\/td>\n<td>\ud83c\uddeb\ud83c\uddf7 Tom Campagne<br \/>\n7.60 m<\/td>\n<\/tr>\n<tr>\n<td><strong>Triple saut<\/strong><\/td>\n<td>\ud83c\uddeb\ud83c\uddf7 <strong>Jean-Marc Pontvianne<br \/>\n16.71 m<\/strong><\/td>\n<td>\ud83c\uddeb\ud83c\uddf7 Br\u00e9val Raoult<br \/>\n16.23 m <strong>PB<\/strong><\/td>\n<td>\ud83c\uddeb\ud83c\uddf7 Yoann Awhansou<br \/>\n15.87 m<\/td>\n<\/tr>\n<tr>\n<td><strong>Lancer du poids<\/strong><\/td>\n<td>\ud83c\uddeb\ud83c\uddf7 <strong>Fr\u00e9d\u00e9ric Dag\u00e9e<br \/>\n19.90 m SB MPF<\/strong><\/td>\n<td>19.48 m <strong>SB<\/strong><\/td>\n<td>19.12 m <strong>PB<\/strong><\/td>\n<\/tr>\n<tr>\n<td><strong>Heptathlon<\/strong><\/td>\n<td>\ud83c\uddeb\ud83c\uddf7 <strong>Bastien Auzeil<br \/>\n<\/strong><strong>5663 pts SB<\/strong><\/td>\n<td>\ud83c\uddeb\ud83c\uddf7 Matthieu Gudet<br \/>\n5647 pts <strong>PB<\/strong><\/td>\n<td>\ud83c\uddeb\ud83c\uddf7 Maxime Moitie-Charnois<br \/>\n5566 pts<\/td>\n<\/tr>\n<\/tbody>\n<\/table>\n<\/div>\n<p><em>PB : Record personnel<br \/>\nSB : Meilleure performance personnelle de la saison<br \/>\nMPF : Meilleure performance fran\u00e7aise de la saison<\/em><br \/>\n<em>MPF ES : Meilleure performance fran\u00e7aise espoir de la saison<\/em><\/p>\n","protected":false},"excerpt":{"rendered":"<p>ATHL\u00c9TISME &#8211; Les Championnats de France \u00e9lite en salle ont lieu du samedi 22 au dimanche 23 f\u00e9vrier \u00e0 Miramas. Voici le programme et les r\u00e9sultats.<\/p>\n","protected":false},"author":12,"featured_media":555927,"comment_status":"open","ping_status":"closed","sticky":false,"template":"","format":"standard","meta":{"_acf_changed":false,"_daextam_enable_autolinks":"1","footnotes":""},"categories":[2308],"tags":[143,16878,14512],"class_list":["post-554097","post","type-post","status-publish","format-standard","has-post-thumbnail","hentry","category-athletisme","tag-athletisme","tag-breve","tag-championnats-de-france-dathletisme-en-salle"],"acf":[],"yoast_head":"<!-- This site is optimized with the Yoast SEO Premium plugin v26.7 (Yoast SEO v26.7) - https:\/\/yoast.com\/wordpress\/plugins\/seo\/ -->\n<title>Athl\u00e9tisme - Palmar\u00e8s complet et r\u00e9sultats Championnats de France \u00e9lite en salle 2025<\/title>\n<meta name=\"description\" content=\"ATHL\u00c9TISME - Les Championnats de France \u00e9lite en salle ont lieu du 22 au 23 f\u00e9vrier \u00e0 Miramas. Voici le programme et les r\u00e9sultats.\" \/>\n<meta name=\"robots\" content=\"index, follow, max-snippet:-1, max-image-preview:large, max-video-preview:-1\" \/>\n<link rel=\"canonical\" href=\"https:\/\/dicodusport.fr\/blog\/athletisme-programme-et-resultats-championnats-de-france-elite-en-salle-2025\/\" \/>\n<link rel=\"next\" href=\"https:\/\/dicodusport.fr\/blog\/athletisme-programme-et-resultats-championnats-de-france-elite-en-salle-2025\/2\/\" \/>\n<meta property=\"og:locale\" content=\"fr_FR\" \/>\n<meta property=\"og:type\" content=\"article\" \/>\n<meta property=\"og:title\" content=\"Athl\u00e9tisme - Palmar\u00e8s complet et r\u00e9sultats Championnats de France \u00e9lite en salle 2025\" \/>\n<meta property=\"og:description\" content=\"ATHL\u00c9TISME - Les Championnats de France \u00e9lite en salle ont lieu du 22 au 23 f\u00e9vrier \u00e0 Miramas. Voici le programme et les r\u00e9sultats.\" \/>\n<meta property=\"og:url\" content=\"https:\/\/dicodusport.fr\/blog\/athletisme-programme-et-resultats-championnats-de-france-elite-en-salle-2025\/\" \/>\n<meta property=\"og:site_name\" content=\"Dicodusport\" \/>\n<meta property=\"article:publisher\" content=\"https:\/\/www.facebook.com\/dicodusport\" \/>\n<meta property=\"article:published_time\" content=\"2025-02-23T16:08:44+00:00\" \/>\n<meta property=\"article:modified_time\" content=\"2025-02-23T16:39:17+00:00\" \/>\n<meta property=\"og:image\" content=\"https:\/\/dicodusport.fr\/blog\/wp-content\/uploads\/2025\/02\/Athletisme-Programme-et-resultats-Championnats-de-France-elite-en-salle-2025.png\" \/>\n\t<meta property=\"og:image:width\" content=\"1200\" \/>\n\t<meta property=\"og:image:height\" content=\"674\" \/>\n\t<meta property=\"og:image:type\" content=\"image\/png\" \/>\n<meta name=\"author\" content=\"Arlette Yeye\" \/>\n<meta name=\"twitter:card\" content=\"summary_large_image\" \/>\n<meta name=\"twitter:title\" content=\"Athl\u00e9tisme - Palmar\u00e8s complet et r\u00e9sultats Championnats de France \u00e9lite en salle 2025\" \/>\n<meta name=\"twitter:creator\" content=\"@https:\/\/twitter.com\/Shiclette94\" \/>\n<meta name=\"twitter:site\" content=\"@dicodusport\" \/>\n<script type=\"application\/ld+json\" class=\"yoast-schema-graph\">{\"@context\":\"https:\/\/schema.org\",\"@graph\":[{\"@type\":\"NewsArticle\",\"@id\":\"https:\/\/dicodusport.fr\/blog\/athletisme-programme-et-resultats-championnats-de-france-elite-en-salle-2025\/#article\",\"isPartOf\":{\"@id\":\"https:\/\/dicodusport.fr\/blog\/athletisme-programme-et-resultats-championnats-de-france-elite-en-salle-2025\/\"},\"author\":{\"name\":\"Arlette Yeye\",\"@id\":\"https:\/\/dicodusport.fr\/blog\/#\/schema\/person\/cce96fa88785bd8573e3d43078ac8c79\"},\"headline\":\"Athl\u00e9tisme &#8211; Palmar\u00e8s complet et r\u00e9sultats Championnats de France \u00e9lite en salle 2025\",\"datePublished\":\"2025-02-23T16:08:44+00:00\",\"dateModified\":\"2025-02-23T16:39:17+00:00\",\"mainEntityOfPage\":{\"@id\":\"https:\/\/dicodusport.fr\/blog\/athletisme-programme-et-resultats-championnats-de-france-elite-en-salle-2025\/\"},\"wordCount\":1102,\"commentCount\":0,\"publisher\":{\"@id\":\"https:\/\/dicodusport.fr\/blog\/#organization\"},\"image\":{\"@id\":\"https:\/\/dicodusport.fr\/blog\/athletisme-programme-et-resultats-championnats-de-france-elite-en-salle-2025\/#primaryimage\"},\"thumbnailUrl\":\"https:\/\/dicodusport.fr\/blog\/wp-content\/uploads\/2025\/02\/Athletisme-Programme-et-resultats-Championnats-de-France-elite-en-salle-2025.png\",\"keywords\":[\"Athl\u00e9tisme\",\"br\u00e8ve\",\"Championnats de France d'athl\u00e9tisme en salle\"],\"articleSection\":[\"Athl\u00e9tisme\"],\"inLanguage\":\"fr-FR\",\"potentialAction\":[{\"@type\":\"CommentAction\",\"name\":\"Comment\",\"target\":[\"https:\/\/dicodusport.fr\/blog\/athletisme-programme-et-resultats-championnats-de-france-elite-en-salle-2025\/#respond\"]}],\"copyrightYear\":\"2025\",\"copyrightHolder\":{\"@id\":\"https:\/\/dicodusport.fr\/blog\/#organization\"}},{\"@type\":\"WebPage\",\"@id\":\"https:\/\/dicodusport.fr\/blog\/athletisme-programme-et-resultats-championnats-de-france-elite-en-salle-2025\/\",\"url\":\"https:\/\/dicodusport.fr\/blog\/athletisme-programme-et-resultats-championnats-de-france-elite-en-salle-2025\/\",\"name\":\"Athl\u00e9tisme - Palmar\u00e8s complet et r\u00e9sultats Championnats de France \u00e9lite en salle 2025\",\"isPartOf\":{\"@id\":\"https:\/\/dicodusport.fr\/blog\/#website\"},\"primaryImageOfPage\":{\"@id\":\"https:\/\/dicodusport.fr\/blog\/athletisme-programme-et-resultats-championnats-de-france-elite-en-salle-2025\/#primaryimage\"},\"image\":{\"@id\":\"https:\/\/dicodusport.fr\/blog\/athletisme-programme-et-resultats-championnats-de-france-elite-en-salle-2025\/#primaryimage\"},\"thumbnailUrl\":\"https:\/\/dicodusport.fr\/blog\/wp-content\/uploads\/2025\/02\/Athletisme-Programme-et-resultats-Championnats-de-France-elite-en-salle-2025.png\",\"datePublished\":\"2025-02-23T16:08:44+00:00\",\"dateModified\":\"2025-02-23T16:39:17+00:00\",\"description\":\"ATHL\u00c9TISME - Les Championnats de France \u00e9lite en salle ont lieu du 22 au 23 f\u00e9vrier \u00e0 Miramas. Voici le programme et les r\u00e9sultats.\",\"inLanguage\":\"fr-FR\",\"potentialAction\":[{\"@type\":\"ReadAction\",\"target\":[\"https:\/\/dicodusport.fr\/blog\/athletisme-programme-et-resultats-championnats-de-france-elite-en-salle-2025\/\"]}]},{\"@type\":\"ImageObject\",\"inLanguage\":\"fr-FR\",\"@id\":\"https:\/\/dicodusport.fr\/blog\/athletisme-programme-et-resultats-championnats-de-france-elite-en-salle-2025\/#primaryimage\",\"url\":\"https:\/\/dicodusport.fr\/blog\/wp-content\/uploads\/2025\/02\/Athletisme-Programme-et-resultats-Championnats-de-France-elite-en-salle-2025.png\",\"contentUrl\":\"https:\/\/dicodusport.fr\/blog\/wp-content\/uploads\/2025\/02\/Athletisme-Programme-et-resultats-Championnats-de-France-elite-en-salle-2025.png\",\"width\":1200,\"height\":674,\"caption\":\"Athl\u00e9tisme - Programme et r\u00e9sultats Championnats de France \u00e9lite en salle 2025\"},{\"@type\":\"WebSite\",\"@id\":\"https:\/\/dicodusport.fr\/blog\/#website\",\"url\":\"https:\/\/dicodusport.fr\/blog\/\",\"name\":\"Dicodusport\",\"description\":\"L&#039;encyclop\u00e9die de l&#039;actualit\u00e9 sportive\",\"publisher\":{\"@id\":\"https:\/\/dicodusport.fr\/blog\/#organization\"},\"potentialAction\":[{\"@type\":\"SearchAction\",\"target\":{\"@type\":\"EntryPoint\",\"urlTemplate\":\"https:\/\/dicodusport.fr\/blog\/?s={search_term_string}\"},\"query-input\":{\"@type\":\"PropertyValueSpecification\",\"valueRequired\":true,\"valueName\":\"search_term_string\"}}],\"inLanguage\":\"fr-FR\"},{\"@type\":\"NewsMediaOrganization\",\"@id\":\"https:\/\/dicodusport.fr\/blog\/#organization\",\"name\":\"Dicodusport\",\"url\":\"https:\/\/dicodusport.fr\/blog\/\",\"logo\":{\"@type\":\"ImageObject\",\"inLanguage\":\"fr-FR\",\"@id\":\"https:\/\/dicodusport.fr\/blog\/#\/schema\/logo\/image\/\",\"url\":\"https:\/\/dicodusport.fr\/blog\/wp-content\/uploads\/2020\/06\/cropped-LOGO-DICODUSPORT-2020-SANS-FOND-SANS-TEXTE.png\",\"contentUrl\":\"https:\/\/dicodusport.fr\/blog\/wp-content\/uploads\/2020\/06\/cropped-LOGO-DICODUSPORT-2020-SANS-FOND-SANS-TEXTE.png\",\"width\":512,\"height\":512,\"caption\":\"Dicodusport\"},\"image\":{\"@id\":\"https:\/\/dicodusport.fr\/blog\/#\/schema\/logo\/image\/\"},\"sameAs\":[\"https:\/\/www.facebook.com\/dicodusport\",\"https:\/\/x.com\/dicodusport\",\"https:\/\/www.instagram.com\/dicodusport\/\",\"https:\/\/www.youtube.com\/channel\/UC7V2KZ5sd3htJivAbA4ZG3w\"],\"description\":\"Dicodusport est l'encyclop\u00e9die de l'actualit\u00e9 sportive.\",\"email\":\"bonjour@dicodusport.fr\",\"legalName\":\"DICODUSPORT\",\"foundingDate\":\"2018-01-14\",\"vatID\":\"FR71834470973\",\"taxID\":\"83447097300043\",\"numberOfEmployees\":{\"@type\":\"QuantitativeValue\",\"minValue\":\"1\",\"maxValue\":\"10\"}},{\"@type\":\"Person\",\"@id\":\"https:\/\/dicodusport.fr\/blog\/#\/schema\/person\/cce96fa88785bd8573e3d43078ac8c79\",\"name\":\"Arlette Yeye\",\"image\":{\"@type\":\"ImageObject\",\"inLanguage\":\"fr-FR\",\"@id\":\"https:\/\/dicodusport.fr\/blog\/#\/schema\/person\/image\/\",\"url\":\"https:\/\/secure.gravatar.com\/avatar\/dca4a6239e6d708e46c45d60e160de6c?s=96&d=wp_user_avatar&r=g\",\"contentUrl\":\"https:\/\/secure.gravatar.com\/avatar\/dca4a6239e6d708e46c45d60e160de6c?s=96&d=wp_user_avatar&r=g\",\"caption\":\"Arlette Yeye\"},\"description\":\"Journaliste\/r\u00e9dactrice depuis septembre 2015 - Supportrice de Chelsea, j'ai pour sports de pr\u00e9dilection le handball, l'athl\u00e9tisme et le tennis. Si je tweete plus vite que mon ombre, vous pouvez aussi me retrouver les week-ends sur les playgrounds de Bruxelles pour un petit foot ou basket entre potes. Parcourir la France, l'Europe et plus si affinit\u00e9s pour suivre mes sportifs pr\u00e9f\u00e9r\u00e9s ? Mon kif ! Et c'est avec plaisir que je partage les r\u00e9sultats des sports populaires mais \u00e9galement plus confidentiels pour Dicodusport.\",\"sameAs\":[\"https:\/\/x.com\/https:\/\/twitter.com\/Shiclette94\"],\"url\":\"https:\/\/dicodusport.fr\/blog\/author\/arlette\/\"}]}<\/script>\n<!-- \/ Yoast SEO Premium plugin. -->","yoast_head_json":{"title":"Athl\u00e9tisme - Palmar\u00e8s complet et r\u00e9sultats Championnats de France \u00e9lite en salle 2025","description":"ATHL\u00c9TISME - Les Championnats de France \u00e9lite en salle ont lieu du 22 au 23 f\u00e9vrier \u00e0 Miramas. Voici le programme et les r\u00e9sultats.","robots":{"index":"index","follow":"follow","max-snippet":"max-snippet:-1","max-image-preview":"max-image-preview:large","max-video-preview":"max-video-preview:-1"},"canonical":"https:\/\/dicodusport.fr\/blog\/athletisme-programme-et-resultats-championnats-de-france-elite-en-salle-2025\/","next":"https:\/\/dicodusport.fr\/blog\/athletisme-programme-et-resultats-championnats-de-france-elite-en-salle-2025\/2\/","og_locale":"fr_FR","og_type":"article","og_title":"Athl\u00e9tisme - Palmar\u00e8s complet et r\u00e9sultats Championnats de France \u00e9lite en salle 2025","og_description":"ATHL\u00c9TISME - Les Championnats de France \u00e9lite en salle ont lieu du 22 au 23 f\u00e9vrier \u00e0 Miramas. Voici le programme et les r\u00e9sultats.","og_url":"https:\/\/dicodusport.fr\/blog\/athletisme-programme-et-resultats-championnats-de-france-elite-en-salle-2025\/","og_site_name":"Dicodusport","article_publisher":"https:\/\/www.facebook.com\/dicodusport","article_published_time":"2025-02-23T16:08:44+00:00","article_modified_time":"2025-02-23T16:39:17+00:00","og_image":[{"width":1200,"height":674,"url":"https:\/\/dicodusport.fr\/blog\/wp-content\/uploads\/2025\/02\/Athletisme-Programme-et-resultats-Championnats-de-France-elite-en-salle-2025.png","type":"image\/png"}],"author":"Arlette Yeye","twitter_card":"summary_large_image","twitter_title":"Athl\u00e9tisme - Palmar\u00e8s complet et r\u00e9sultats Championnats de France \u00e9lite en salle 2025","twitter_creator":"@https:\/\/twitter.com\/Shiclette94","twitter_site":"@dicodusport","schema":{"@context":"https:\/\/schema.org","@graph":[{"@type":"NewsArticle","@id":"https:\/\/dicodusport.fr\/blog\/athletisme-programme-et-resultats-championnats-de-france-elite-en-salle-2025\/#article","isPartOf":{"@id":"https:\/\/dicodusport.fr\/blog\/athletisme-programme-et-resultats-championnats-de-france-elite-en-salle-2025\/"},"author":{"name":"Arlette Yeye","@id":"https:\/\/dicodusport.fr\/blog\/#\/schema\/person\/cce96fa88785bd8573e3d43078ac8c79"},"headline":"Athl\u00e9tisme &#8211; Palmar\u00e8s complet et r\u00e9sultats Championnats de France \u00e9lite en salle 2025","datePublished":"2025-02-23T16:08:44+00:00","dateModified":"2025-02-23T16:39:17+00:00","mainEntityOfPage":{"@id":"https:\/\/dicodusport.fr\/blog\/athletisme-programme-et-resultats-championnats-de-france-elite-en-salle-2025\/"},"wordCount":1102,"commentCount":0,"publisher":{"@id":"https:\/\/dicodusport.fr\/blog\/#organization"},"image":{"@id":"https:\/\/dicodusport.fr\/blog\/athletisme-programme-et-resultats-championnats-de-france-elite-en-salle-2025\/#primaryimage"},"thumbnailUrl":"https:\/\/dicodusport.fr\/blog\/wp-content\/uploads\/2025\/02\/Athletisme-Programme-et-resultats-Championnats-de-France-elite-en-salle-2025.png","keywords":["Athl\u00e9tisme","br\u00e8ve","Championnats de France d'athl\u00e9tisme en salle"],"articleSection":["Athl\u00e9tisme"],"inLanguage":"fr-FR","potentialAction":[{"@type":"CommentAction","name":"Comment","target":["https:\/\/dicodusport.fr\/blog\/athletisme-programme-et-resultats-championnats-de-france-elite-en-salle-2025\/#respond"]}],"copyrightYear":"2025","copyrightHolder":{"@id":"https:\/\/dicodusport.fr\/blog\/#organization"}},{"@type":"WebPage","@id":"https:\/\/dicodusport.fr\/blog\/athletisme-programme-et-resultats-championnats-de-france-elite-en-salle-2025\/","url":"https:\/\/dicodusport.fr\/blog\/athletisme-programme-et-resultats-championnats-de-france-elite-en-salle-2025\/","name":"Athl\u00e9tisme - Palmar\u00e8s complet et r\u00e9sultats Championnats de France \u00e9lite en salle 2025","isPartOf":{"@id":"https:\/\/dicodusport.fr\/blog\/#website"},"primaryImageOfPage":{"@id":"https:\/\/dicodusport.fr\/blog\/athletisme-programme-et-resultats-championnats-de-france-elite-en-salle-2025\/#primaryimage"},"image":{"@id":"https:\/\/dicodusport.fr\/blog\/athletisme-programme-et-resultats-championnats-de-france-elite-en-salle-2025\/#primaryimage"},"thumbnailUrl":"https:\/\/dicodusport.fr\/blog\/wp-content\/uploads\/2025\/02\/Athletisme-Programme-et-resultats-Championnats-de-France-elite-en-salle-2025.png","datePublished":"2025-02-23T16:08:44+00:00","dateModified":"2025-02-23T16:39:17+00:00","description":"ATHL\u00c9TISME - Les Championnats de France \u00e9lite en salle ont lieu du 22 au 23 f\u00e9vrier \u00e0 Miramas. Voici le programme et les r\u00e9sultats.","inLanguage":"fr-FR","potentialAction":[{"@type":"ReadAction","target":["https:\/\/dicodusport.fr\/blog\/athletisme-programme-et-resultats-championnats-de-france-elite-en-salle-2025\/"]}]},{"@type":"ImageObject","inLanguage":"fr-FR","@id":"https:\/\/dicodusport.fr\/blog\/athletisme-programme-et-resultats-championnats-de-france-elite-en-salle-2025\/#primaryimage","url":"https:\/\/dicodusport.fr\/blog\/wp-content\/uploads\/2025\/02\/Athletisme-Programme-et-resultats-Championnats-de-France-elite-en-salle-2025.png","contentUrl":"https:\/\/dicodusport.fr\/blog\/wp-content\/uploads\/2025\/02\/Athletisme-Programme-et-resultats-Championnats-de-France-elite-en-salle-2025.png","width":1200,"height":674,"caption":"Athl\u00e9tisme - Programme et r\u00e9sultats Championnats de France \u00e9lite en salle 2025"},{"@type":"WebSite","@id":"https:\/\/dicodusport.fr\/blog\/#website","url":"https:\/\/dicodusport.fr\/blog\/","name":"Dicodusport","description":"L&#039;encyclop\u00e9die de l&#039;actualit\u00e9 sportive","publisher":{"@id":"https:\/\/dicodusport.fr\/blog\/#organization"},"potentialAction":[{"@type":"SearchAction","target":{"@type":"EntryPoint","urlTemplate":"https:\/\/dicodusport.fr\/blog\/?s={search_term_string}"},"query-input":{"@type":"PropertyValueSpecification","valueRequired":true,"valueName":"search_term_string"}}],"inLanguage":"fr-FR"},{"@type":"NewsMediaOrganization","@id":"https:\/\/dicodusport.fr\/blog\/#organization","name":"Dicodusport","url":"https:\/\/dicodusport.fr\/blog\/","logo":{"@type":"ImageObject","inLanguage":"fr-FR","@id":"https:\/\/dicodusport.fr\/blog\/#\/schema\/logo\/image\/","url":"https:\/\/dicodusport.fr\/blog\/wp-content\/uploads\/2020\/06\/cropped-LOGO-DICODUSPORT-2020-SANS-FOND-SANS-TEXTE.png","contentUrl":"https:\/\/dicodusport.fr\/blog\/wp-content\/uploads\/2020\/06\/cropped-LOGO-DICODUSPORT-2020-SANS-FOND-SANS-TEXTE.png","width":512,"height":512,"caption":"Dicodusport"},"image":{"@id":"https:\/\/dicodusport.fr\/blog\/#\/schema\/logo\/image\/"},"sameAs":["https:\/\/www.facebook.com\/dicodusport","https:\/\/x.com\/dicodusport","https:\/\/www.instagram.com\/dicodusport\/","https:\/\/www.youtube.com\/channel\/UC7V2KZ5sd3htJivAbA4ZG3w"],"description":"Dicodusport est l'encyclop\u00e9die de l'actualit\u00e9 sportive.","email":"bonjour@dicodusport.fr","legalName":"DICODUSPORT","foundingDate":"2018-01-14","vatID":"FR71834470973","taxID":"83447097300043","numberOfEmployees":{"@type":"QuantitativeValue","minValue":"1","maxValue":"10"}},{"@type":"Person","@id":"https:\/\/dicodusport.fr\/blog\/#\/schema\/person\/cce96fa88785bd8573e3d43078ac8c79","name":"Arlette Yeye","image":{"@type":"ImageObject","inLanguage":"fr-FR","@id":"https:\/\/dicodusport.fr\/blog\/#\/schema\/person\/image\/","url":"https:\/\/secure.gravatar.com\/avatar\/dca4a6239e6d708e46c45d60e160de6c?s=96&d=wp_user_avatar&r=g","contentUrl":"https:\/\/secure.gravatar.com\/avatar\/dca4a6239e6d708e46c45d60e160de6c?s=96&d=wp_user_avatar&r=g","caption":"Arlette Yeye"},"description":"Journaliste\/r\u00e9dactrice depuis septembre 2015 - Supportrice de Chelsea, j'ai pour sports de pr\u00e9dilection le handball, l'athl\u00e9tisme et le tennis. Si je tweete plus vite que mon ombre, vous pouvez aussi me retrouver les week-ends sur les playgrounds de Bruxelles pour un petit foot ou basket entre potes. Parcourir la France, l'Europe et plus si affinit\u00e9s pour suivre mes sportifs pr\u00e9f\u00e9r\u00e9s ? Mon kif ! Et c'est avec plaisir que je partage les r\u00e9sultats des sports populaires mais \u00e9galement plus confidentiels pour Dicodusport.","sameAs":["https:\/\/x.com\/https:\/\/twitter.com\/Shiclette94"],"url":"https:\/\/dicodusport.fr\/blog\/author\/arlette\/"}]}},"_links":{"self":[{"href":"https:\/\/dicodusport.fr\/blog\/wp-json\/wp\/v2\/posts\/554097","targetHints":{"allow":["GET"]}}],"collection":[{"href":"https:\/\/dicodusport.fr\/blog\/wp-json\/wp\/v2\/posts"}],"about":[{"href":"https:\/\/dicodusport.fr\/blog\/wp-json\/wp\/v2\/types\/post"}],"author":[{"embeddable":true,"href":"https:\/\/dicodusport.fr\/blog\/wp-json\/wp\/v2\/users\/12"}],"replies":[{"embeddable":true,"href":"https:\/\/dicodusport.fr\/blog\/wp-json\/wp\/v2\/comments?post=554097"}],"version-history":[{"count":5,"href":"https:\/\/dicodusport.fr\/blog\/wp-json\/wp\/v2\/posts\/554097\/revisions"}],"predecessor-version":[{"id":558692,"href":"https:\/\/dicodusport.fr\/blog\/wp-json\/wp\/v2\/posts\/554097\/revisions\/558692"}],"wp:featuredmedia":[{"embeddable":true,"href":"https:\/\/dicodusport.fr\/blog\/wp-json\/wp\/v2\/media\/555927"}],"wp:attachment":[{"href":"https:\/\/dicodusport.fr\/blog\/wp-json\/wp\/v2\/media?parent=554097"}],"wp:term":[{"taxonomy":"category","embeddable":true,"href":"https:\/\/dicodusport.fr\/blog\/wp-json\/wp\/v2\/categories?post=554097"},{"taxonomy":"post_tag","embeddable":true,"href":"https:\/\/dicodusport.fr\/blog\/wp-json\/wp\/v2\/tags?post=554097"}],"curies":[{"name":"wp","href":"https:\/\/api.w.org\/{rel}","templated":true}]}}