{"id":55410,"date":"2019-12-21T16:00:54","date_gmt":"2019-12-21T15:00:54","guid":{"rendered":"http:\/\/dicodusport.fr\/blog\/?p=55410&#038;preview=true&#038;preview_id=55410"},"modified":"2019-12-21T16:39:02","modified_gmt":"2019-12-21T15:39:02","slug":"ski-de-fond-planica-premiere-victoire-en-coupe-du-monde-pour-lucas-chanavat","status":"publish","type":"post","link":"https:\/\/dicodusport.fr\/blog\/ski-de-fond-planica-premiere-victoire-en-coupe-du-monde-pour-lucas-chanavat\/","title":{"rendered":"Ski de fond &#8211; Planica : Premi\u00e8re victoire en Coupe du monde pour Lucas Chanavat"},"content":{"rendered":"<p style=\"text-align: justify;\"><em><strong>Ski de fond &#8211; Apr\u00e8s <a href=\"https:\/\/dicodusport.fr\/blog\/biathlon-grand-bornand-quentin-fillon-maillet-deuxieme-poursuite-derriere-johannes-boe\/\" target=\"_blank\" rel=\"noopener\">la belle deuxi\u00e8me place de Quentin Fillon Maillet sur la poursuite au Grand-Bornand<\/a>, Lucas Chanavat a lui triomph\u00e9 sur le sprint de Planica (Slov\u00e9nie).<br \/>\n<\/strong><\/em><\/p>\n<p style=\"text-align: justify;\">Clin d\u2019\u0153il sympa, alors que le biathlon bat son plein au Grand-Bornand, c&rsquo;est un fondeur de cette station qui remporte sa premi\u00e8re victoire en <strong>Coupe du monde<\/strong>, \u00e0 l&rsquo;occasion du sprint de Planica. Apr\u00e8s sa deuxi\u00e8me place \u00e0 Davos la semaine pass\u00e9e, <a href=\"https:\/\/www.fis-ski.com\/DB\/general\/athlete-biography.html?sectorcode=cc&amp;competitorid=168688&amp;type=result\" target=\"_blank\" rel=\"noopener\"><strong>Lucas Chanavat<\/strong><\/a> a v\u00e9cu une journ\u00e9e parfaite en Slov\u00e9nie. Sixi\u00e8me de l&rsquo;\u00e9preuve lors des <strong>Mondiaux \u00e0 Seefeld<\/strong> (Autriche) en d\u00e9but d&rsquo;ann\u00e9e, le Haut-Savoyard, qui a f\u00eat\u00e9 ses 25 ans le 17 d\u00e9cembre dernier, prend par la m\u00eame occasion <a href=\"https:\/\/www.fis-ski.com\/DB\/cross-country\/cup-standings.html?sectorcode=CC&amp;seasoncode=2020&amp;cupcode=WC&amp;disciplinecode=SP&amp;gendercode=M&amp;nationcode=\" target=\"_blank\" rel=\"noopener\">la premi\u00e8re place au g\u00e9n\u00e9ral de la sp\u00e9cialit\u00e9<\/a>.<\/p>\n<p style=\"text-align: justify;\">Premier des qualifications, le Tricolore a remport\u00e9 la finale devant l&rsquo;Italien <strong>Federico Pellegrino<\/strong>\u00a0et le Norv\u00e8gien <strong>Erik Valnes<\/strong>. <strong>Richard Jouve<\/strong> prend lui la cinqui\u00e8me place.<\/p>\n<blockquote class=\"twitter-tweet\" data-lang=\"fr\">\n<p dir=\"ltr\" lang=\"fr\">En janvier 2016, Lucas Chanavat prenait la 2eme place de la qualif avant de se faire sortir en quart. Il avait regard\u00e9 ces copains faire un week-end incroyable, sans lui. Aujourd\u2019hui, il a \u00e9cras\u00e9 la course. Imbattable, en contr\u00f4le. C\u2019est si beau ! <a href=\"https:\/\/t.co\/yJzrgDXMVv\">pic.twitter.com\/yJzrgDXMVv<\/a><\/p>\n<p>\u2014 Louis Schwartz (@schwartz_louis) <a href=\"https:\/\/twitter.com\/schwartz_louis\/status\/1208396746113597446?ref_src=twsrc%5Etfw\">21 d\u00e9cembre 2019<\/a><\/p><\/blockquote>\n<p><script async src=\"https:\/\/platform.twitter.com\/widgets.js\" charset=\"utf-8\"><\/script><\/p>\n<p><strong><em>Dicodusport<br \/>\n<a href=\"https:\/\/www.facebook.com\/dicodusport\/\" target=\"_blank\" rel=\"noopener\"><img loading=\"lazy\" decoding=\"async\" class=\"alignnone wp-image-2909\" src=\"http:\/\/dicodusport.fr\/blog\/wp-content\/uploads\/2017\/07\/logo-facebook-150x150.png\" alt=\"\" width=\"40\" height=\"40\" \/><\/a><a href=\"https:\/\/twitter.com\/dicodusport\" target=\"_blank\" rel=\"noopener\"><img loading=\"lazy\" decoding=\"async\" class=\"alignnone wp-image-2908\" src=\"http:\/\/dicodusport.fr\/blog\/wp-content\/uploads\/2017\/07\/logo-twitter-150x150.png\" alt=\"\" width=\"39\" height=\"39\" \/><\/a><\/em><\/strong><\/p>\n","protected":false},"excerpt":{"rendered":"<p>Apr\u00e8s la belle deuxi\u00e8me place de Quentin Fillon Maillet sur la Poursuite au Grand-Bornand, Lucas Chanavat a lui triomph\u00e9 sur le sprint de Planica en ski de fond.<\/p>\n","protected":false},"author":1,"featured_media":55420,"comment_status":"open","ping_status":"closed","sticky":false,"template":"","format":"standard","meta":{"_acf_changed":false,"_daextam_enable_autolinks":"","footnotes":""},"categories":[9217],"tags":[3779,2819,24,982],"class_list":["post-55410","post","type-post","status-publish","format-standard","has-post-thumbnail","hentry","category-ski","tag-lucas-chanavat","tag-ski-de-fond","tag-sport","tag-sprint"],"acf":[],"yoast_head":"<!-- This site is optimized with the Yoast SEO Premium plugin v26.7 (Yoast SEO v26.7) - https:\/\/yoast.com\/wordpress\/plugins\/seo\/ -->\n<title>Ski de fond - Planica : Premi\u00e8re victoire en Coupe du monde pour Lucas Chanavat<\/title>\n<meta name=\"description\" content=\"Ski de fond - Apr\u00e8s la belle 2\u00e8me place de Quentin Fillon Maillet sur la poursuite au Grand-Bornand, Lucas Chanavat a lui triomph\u00e9 sur le sprint de Planica.\" \/>\n<meta name=\"robots\" content=\"index, follow, max-snippet:-1, max-image-preview:large, max-video-preview:-1\" \/>\n<link rel=\"canonical\" href=\"https:\/\/dicodusport.fr\/blog\/ski-de-fond-planica-premiere-victoire-en-coupe-du-monde-pour-lucas-chanavat\/\" \/>\n<meta property=\"og:locale\" content=\"fr_FR\" \/>\n<meta property=\"og:type\" content=\"article\" \/>\n<meta property=\"og:title\" content=\"Ski de fond : Premi\u00e8re victoire en Coupe du monde pour Lucas Chanavat\" \/>\n<meta property=\"og:description\" content=\"Ski de fond - Apr\u00e8s la belle 2\u00e8me place de Quentin Fillon Maillet sur la poursuite au Grand-Bornand, Lucas Chanavat a lui triomph\u00e9 sur le sprint de Planica.\" \/>\n<meta property=\"og:url\" content=\"https:\/\/dicodusport.fr\/blog\/ski-de-fond-planica-premiere-victoire-en-coupe-du-monde-pour-lucas-chanavat\/\" \/>\n<meta property=\"og:site_name\" content=\"Dicodusport\" \/>\n<meta property=\"article:publisher\" content=\"https:\/\/www.facebook.com\/dicodusport\" \/>\n<meta property=\"article:author\" content=\"https:\/\/www.facebook.com\/dicodusport\" \/>\n<meta property=\"article:published_time\" content=\"2019-12-21T15:00:54+00:00\" \/>\n<meta property=\"article:modified_time\" content=\"2019-12-21T15:39:02+00:00\" \/>\n<meta property=\"og:image\" content=\"https:\/\/dicodusport.fr\/blog\/wp-content\/uploads\/2019\/12\/Ski-de-fond-Planica-Premi\u00e8re-victoire-en-Coupe-du-monde-pour-Lucas-Chanavat.png\" \/>\n\t<meta property=\"og:image:width\" content=\"800\" \/>\n\t<meta property=\"og:image:height\" content=\"445\" \/>\n\t<meta property=\"og:image:type\" content=\"image\/png\" \/>\n<meta name=\"author\" content=\"Nicolas Jacquemard\" \/>\n<meta name=\"twitter:card\" content=\"summary_large_image\" \/>\n<meta name=\"twitter:title\" content=\"Ski de fond : Premi\u00e8re victoire en Coupe du monde pour Lucas Chanavat\" \/>\n<meta name=\"twitter:creator\" content=\"@https:\/\/twitter.com\/Nico_Jacquemard\" \/>\n<meta name=\"twitter:site\" content=\"@dicodusport\" \/>\n<script type=\"application\/ld+json\" class=\"yoast-schema-graph\">{\"@context\":\"https:\/\/schema.org\",\"@graph\":[{\"@type\":\"NewsArticle\",\"@id\":\"https:\/\/dicodusport.fr\/blog\/ski-de-fond-planica-premiere-victoire-en-coupe-du-monde-pour-lucas-chanavat\/#article\",\"isPartOf\":{\"@id\":\"https:\/\/dicodusport.fr\/blog\/ski-de-fond-planica-premiere-victoire-en-coupe-du-monde-pour-lucas-chanavat\/\"},\"author\":{\"name\":\"Nicolas Jacquemard\",\"@id\":\"https:\/\/dicodusport.fr\/blog\/#\/schema\/person\/55dcb50ad410894e431ed812bbb70191\"},\"headline\":\"Ski de fond &#8211; Planica : Premi\u00e8re victoire en Coupe du monde pour Lucas Chanavat\",\"datePublished\":\"2019-12-21T15:00:54+00:00\",\"dateModified\":\"2019-12-21T15:39:02+00:00\",\"mainEntityOfPage\":{\"@id\":\"https:\/\/dicodusport.fr\/blog\/ski-de-fond-planica-premiere-victoire-en-coupe-du-monde-pour-lucas-chanavat\/\"},\"wordCount\":235,\"commentCount\":0,\"publisher\":{\"@id\":\"https:\/\/dicodusport.fr\/blog\/#organization\"},\"image\":{\"@id\":\"https:\/\/dicodusport.fr\/blog\/ski-de-fond-planica-premiere-victoire-en-coupe-du-monde-pour-lucas-chanavat\/#primaryimage\"},\"thumbnailUrl\":\"https:\/\/dicodusport.fr\/blog\/wp-content\/uploads\/2019\/12\/Ski-de-fond-Planica-Premi\u00e8re-victoire-en-Coupe-du-monde-pour-Lucas-Chanavat.png\",\"keywords\":[\"Lucas Chanavat\",\"Ski de fond\",\"sport\",\"sprint\"],\"articleSection\":[\"Ski\"],\"inLanguage\":\"fr-FR\",\"potentialAction\":[{\"@type\":\"CommentAction\",\"name\":\"Comment\",\"target\":[\"https:\/\/dicodusport.fr\/blog\/ski-de-fond-planica-premiere-victoire-en-coupe-du-monde-pour-lucas-chanavat\/#respond\"]}],\"copyrightYear\":\"2019\",\"copyrightHolder\":{\"@id\":\"https:\/\/dicodusport.fr\/blog\/#organization\"}},{\"@type\":\"WebPage\",\"@id\":\"https:\/\/dicodusport.fr\/blog\/ski-de-fond-planica-premiere-victoire-en-coupe-du-monde-pour-lucas-chanavat\/\",\"url\":\"https:\/\/dicodusport.fr\/blog\/ski-de-fond-planica-premiere-victoire-en-coupe-du-monde-pour-lucas-chanavat\/\",\"name\":\"Ski de fond - Planica : Premi\u00e8re victoire en Coupe du monde pour Lucas Chanavat\",\"isPartOf\":{\"@id\":\"https:\/\/dicodusport.fr\/blog\/#website\"},\"primaryImageOfPage\":{\"@id\":\"https:\/\/dicodusport.fr\/blog\/ski-de-fond-planica-premiere-victoire-en-coupe-du-monde-pour-lucas-chanavat\/#primaryimage\"},\"image\":{\"@id\":\"https:\/\/dicodusport.fr\/blog\/ski-de-fond-planica-premiere-victoire-en-coupe-du-monde-pour-lucas-chanavat\/#primaryimage\"},\"thumbnailUrl\":\"https:\/\/dicodusport.fr\/blog\/wp-content\/uploads\/2019\/12\/Ski-de-fond-Planica-Premi\u00e8re-victoire-en-Coupe-du-monde-pour-Lucas-Chanavat.png\",\"datePublished\":\"2019-12-21T15:00:54+00:00\",\"dateModified\":\"2019-12-21T15:39:02+00:00\",\"description\":\"Ski de fond - Apr\u00e8s la belle 2\u00e8me place de Quentin Fillon Maillet sur la poursuite au Grand-Bornand, Lucas Chanavat a lui triomph\u00e9 sur le sprint de Planica.\",\"breadcrumb\":{\"@id\":\"https:\/\/dicodusport.fr\/blog\/ski-de-fond-planica-premiere-victoire-en-coupe-du-monde-pour-lucas-chanavat\/#breadcrumb\"},\"inLanguage\":\"fr-FR\",\"potentialAction\":[{\"@type\":\"ReadAction\",\"target\":[\"https:\/\/dicodusport.fr\/blog\/ski-de-fond-planica-premiere-victoire-en-coupe-du-monde-pour-lucas-chanavat\/\"]}]},{\"@type\":\"ImageObject\",\"inLanguage\":\"fr-FR\",\"@id\":\"https:\/\/dicodusport.fr\/blog\/ski-de-fond-planica-premiere-victoire-en-coupe-du-monde-pour-lucas-chanavat\/#primaryimage\",\"url\":\"https:\/\/dicodusport.fr\/blog\/wp-content\/uploads\/2019\/12\/Ski-de-fond-Planica-Premi\u00e8re-victoire-en-Coupe-du-monde-pour-Lucas-Chanavat.png\",\"contentUrl\":\"https:\/\/dicodusport.fr\/blog\/wp-content\/uploads\/2019\/12\/Ski-de-fond-Planica-Premi\u00e8re-victoire-en-Coupe-du-monde-pour-Lucas-Chanavat.png\",\"width\":800,\"height\":445,\"caption\":\"Ski de fond - Planica - Premi\u00e8re victoire en Coupe du monde pour Lucas Chanavat\"},{\"@type\":\"BreadcrumbList\",\"@id\":\"https:\/\/dicodusport.fr\/blog\/ski-de-fond-planica-premiere-victoire-en-coupe-du-monde-pour-lucas-chanavat\/#breadcrumb\",\"itemListElement\":[{\"@type\":\"ListItem\",\"position\":1,\"name\":\"Accueil\",\"item\":\"https:\/\/dicodusport.fr\/blog\/\"},{\"@type\":\"ListItem\",\"position\":2,\"name\":\"Ski de fond &#8211; Planica : Premi\u00e8re victoire en Coupe du monde pour Lucas Chanavat\"}]},{\"@type\":\"WebSite\",\"@id\":\"https:\/\/dicodusport.fr\/blog\/#website\",\"url\":\"https:\/\/dicodusport.fr\/blog\/\",\"name\":\"Dicodusport\",\"description\":\"L&#039;encyclop\u00e9die de l&#039;actualit\u00e9 sportive\",\"publisher\":{\"@id\":\"https:\/\/dicodusport.fr\/blog\/#organization\"},\"potentialAction\":[{\"@type\":\"SearchAction\",\"target\":{\"@type\":\"EntryPoint\",\"urlTemplate\":\"https:\/\/dicodusport.fr\/blog\/?s={search_term_string}\"},\"query-input\":{\"@type\":\"PropertyValueSpecification\",\"valueRequired\":true,\"valueName\":\"search_term_string\"}}],\"inLanguage\":\"fr-FR\"},{\"@type\":\"NewsMediaOrganization\",\"@id\":\"https:\/\/dicodusport.fr\/blog\/#organization\",\"name\":\"Dicodusport\",\"url\":\"https:\/\/dicodusport.fr\/blog\/\",\"logo\":{\"@type\":\"ImageObject\",\"inLanguage\":\"fr-FR\",\"@id\":\"https:\/\/dicodusport.fr\/blog\/#\/schema\/logo\/image\/\",\"url\":\"https:\/\/dicodusport.fr\/blog\/wp-content\/uploads\/2020\/06\/cropped-LOGO-DICODUSPORT-2020-SANS-FOND-SANS-TEXTE.png\",\"contentUrl\":\"https:\/\/dicodusport.fr\/blog\/wp-content\/uploads\/2020\/06\/cropped-LOGO-DICODUSPORT-2020-SANS-FOND-SANS-TEXTE.png\",\"width\":512,\"height\":512,\"caption\":\"Dicodusport\"},\"image\":{\"@id\":\"https:\/\/dicodusport.fr\/blog\/#\/schema\/logo\/image\/\"},\"sameAs\":[\"https:\/\/www.facebook.com\/dicodusport\",\"https:\/\/x.com\/dicodusport\",\"https:\/\/www.instagram.com\/dicodusport\/\",\"https:\/\/www.youtube.com\/channel\/UC7V2KZ5sd3htJivAbA4ZG3w\"],\"description\":\"Dicodusport est l'encyclop\u00e9die de l'actualit\u00e9 sportive.\",\"email\":\"bonjour@dicodusport.fr\",\"legalName\":\"DICODUSPORT\",\"foundingDate\":\"2018-01-14\",\"vatID\":\"FR71834470973\",\"taxID\":\"83447097300043\",\"numberOfEmployees\":{\"@type\":\"QuantitativeValue\",\"minValue\":\"1\",\"maxValue\":\"10\"}},{\"@type\":\"Person\",\"@id\":\"https:\/\/dicodusport.fr\/blog\/#\/schema\/person\/55dcb50ad410894e431ed812bbb70191\",\"name\":\"Nicolas Jacquemard\",\"image\":{\"@type\":\"ImageObject\",\"inLanguage\":\"fr-FR\",\"@id\":\"https:\/\/dicodusport.fr\/blog\/#\/schema\/person\/image\/\",\"url\":\"https:\/\/dicodusport.fr\/blog\/wp-content\/uploads\/2021\/05\/Nicolas-Jacquemard-150x150.jpeg\",\"contentUrl\":\"https:\/\/dicodusport.fr\/blog\/wp-content\/uploads\/2021\/05\/Nicolas-Jacquemard-150x150.jpeg\",\"caption\":\"Nicolas Jacquemard\"},\"description\":\"Passionn\u00e9 de sport et entrepreneur depuis mes 18 ans, la cr\u00e9ation de Dicodusport m'a sembl\u00e9 \u00e9vidente pour participer \u00e0 la m\u00e9diatisation d'un plus grand nombre de sports. Le chemin est long mais avec une \u00e9quipe des plus motiv\u00e9es et les Jeux Olympiques de Paris 2024 en point de mire, nous y arriverons ! Journaliste dans le monde du sport depuis plus de 5 ans, je traite aussi bien de football, de rugby, de biathlon que de cyclisme.\",\"sameAs\":[\"https:\/\/www.facebook.com\/dicodusport\",\"https:\/\/x.com\/https:\/\/twitter.com\/Nico_Jacquemard\"],\"url\":\"https:\/\/dicodusport.fr\/blog\/author\/dicodusport\/\"}]}<\/script>\n<!-- \/ Yoast SEO Premium plugin. -->","yoast_head_json":{"title":"Ski de fond - Planica : Premi\u00e8re victoire en Coupe du monde pour Lucas Chanavat","description":"Ski de fond - Apr\u00e8s la belle 2\u00e8me place de Quentin Fillon Maillet sur la poursuite au Grand-Bornand, Lucas Chanavat a lui triomph\u00e9 sur le sprint de Planica.","robots":{"index":"index","follow":"follow","max-snippet":"max-snippet:-1","max-image-preview":"max-image-preview:large","max-video-preview":"max-video-preview:-1"},"canonical":"https:\/\/dicodusport.fr\/blog\/ski-de-fond-planica-premiere-victoire-en-coupe-du-monde-pour-lucas-chanavat\/","og_locale":"fr_FR","og_type":"article","og_title":"Ski de fond : Premi\u00e8re victoire en Coupe du monde pour Lucas Chanavat","og_description":"Ski de fond - Apr\u00e8s la belle 2\u00e8me place de Quentin Fillon Maillet sur la poursuite au Grand-Bornand, Lucas Chanavat a lui triomph\u00e9 sur le sprint de Planica.","og_url":"https:\/\/dicodusport.fr\/blog\/ski-de-fond-planica-premiere-victoire-en-coupe-du-monde-pour-lucas-chanavat\/","og_site_name":"Dicodusport","article_publisher":"https:\/\/www.facebook.com\/dicodusport","article_author":"https:\/\/www.facebook.com\/dicodusport","article_published_time":"2019-12-21T15:00:54+00:00","article_modified_time":"2019-12-21T15:39:02+00:00","og_image":[{"width":800,"height":445,"url":"https:\/\/dicodusport.fr\/blog\/wp-content\/uploads\/2019\/12\/Ski-de-fond-Planica-Premi\u00e8re-victoire-en-Coupe-du-monde-pour-Lucas-Chanavat.png","type":"image\/png"}],"author":"Nicolas Jacquemard","twitter_card":"summary_large_image","twitter_title":"Ski de fond : Premi\u00e8re victoire en Coupe du monde pour Lucas Chanavat","twitter_creator":"@https:\/\/twitter.com\/Nico_Jacquemard","twitter_site":"@dicodusport","schema":{"@context":"https:\/\/schema.org","@graph":[{"@type":"NewsArticle","@id":"https:\/\/dicodusport.fr\/blog\/ski-de-fond-planica-premiere-victoire-en-coupe-du-monde-pour-lucas-chanavat\/#article","isPartOf":{"@id":"https:\/\/dicodusport.fr\/blog\/ski-de-fond-planica-premiere-victoire-en-coupe-du-monde-pour-lucas-chanavat\/"},"author":{"name":"Nicolas Jacquemard","@id":"https:\/\/dicodusport.fr\/blog\/#\/schema\/person\/55dcb50ad410894e431ed812bbb70191"},"headline":"Ski de fond &#8211; Planica : Premi\u00e8re victoire en Coupe du monde pour Lucas Chanavat","datePublished":"2019-12-21T15:00:54+00:00","dateModified":"2019-12-21T15:39:02+00:00","mainEntityOfPage":{"@id":"https:\/\/dicodusport.fr\/blog\/ski-de-fond-planica-premiere-victoire-en-coupe-du-monde-pour-lucas-chanavat\/"},"wordCount":235,"commentCount":0,"publisher":{"@id":"https:\/\/dicodusport.fr\/blog\/#organization"},"image":{"@id":"https:\/\/dicodusport.fr\/blog\/ski-de-fond-planica-premiere-victoire-en-coupe-du-monde-pour-lucas-chanavat\/#primaryimage"},"thumbnailUrl":"https:\/\/dicodusport.fr\/blog\/wp-content\/uploads\/2019\/12\/Ski-de-fond-Planica-Premi\u00e8re-victoire-en-Coupe-du-monde-pour-Lucas-Chanavat.png","keywords":["Lucas Chanavat","Ski de fond","sport","sprint"],"articleSection":["Ski"],"inLanguage":"fr-FR","potentialAction":[{"@type":"CommentAction","name":"Comment","target":["https:\/\/dicodusport.fr\/blog\/ski-de-fond-planica-premiere-victoire-en-coupe-du-monde-pour-lucas-chanavat\/#respond"]}],"copyrightYear":"2019","copyrightHolder":{"@id":"https:\/\/dicodusport.fr\/blog\/#organization"}},{"@type":"WebPage","@id":"https:\/\/dicodusport.fr\/blog\/ski-de-fond-planica-premiere-victoire-en-coupe-du-monde-pour-lucas-chanavat\/","url":"https:\/\/dicodusport.fr\/blog\/ski-de-fond-planica-premiere-victoire-en-coupe-du-monde-pour-lucas-chanavat\/","name":"Ski de fond - Planica : Premi\u00e8re victoire en Coupe du monde pour Lucas Chanavat","isPartOf":{"@id":"https:\/\/dicodusport.fr\/blog\/#website"},"primaryImageOfPage":{"@id":"https:\/\/dicodusport.fr\/blog\/ski-de-fond-planica-premiere-victoire-en-coupe-du-monde-pour-lucas-chanavat\/#primaryimage"},"image":{"@id":"https:\/\/dicodusport.fr\/blog\/ski-de-fond-planica-premiere-victoire-en-coupe-du-monde-pour-lucas-chanavat\/#primaryimage"},"thumbnailUrl":"https:\/\/dicodusport.fr\/blog\/wp-content\/uploads\/2019\/12\/Ski-de-fond-Planica-Premi\u00e8re-victoire-en-Coupe-du-monde-pour-Lucas-Chanavat.png","datePublished":"2019-12-21T15:00:54+00:00","dateModified":"2019-12-21T15:39:02+00:00","description":"Ski de fond - Apr\u00e8s la belle 2\u00e8me place de Quentin Fillon Maillet sur la poursuite au Grand-Bornand, Lucas Chanavat a lui triomph\u00e9 sur le sprint de Planica.","breadcrumb":{"@id":"https:\/\/dicodusport.fr\/blog\/ski-de-fond-planica-premiere-victoire-en-coupe-du-monde-pour-lucas-chanavat\/#breadcrumb"},"inLanguage":"fr-FR","potentialAction":[{"@type":"ReadAction","target":["https:\/\/dicodusport.fr\/blog\/ski-de-fond-planica-premiere-victoire-en-coupe-du-monde-pour-lucas-chanavat\/"]}]},{"@type":"ImageObject","inLanguage":"fr-FR","@id":"https:\/\/dicodusport.fr\/blog\/ski-de-fond-planica-premiere-victoire-en-coupe-du-monde-pour-lucas-chanavat\/#primaryimage","url":"https:\/\/dicodusport.fr\/blog\/wp-content\/uploads\/2019\/12\/Ski-de-fond-Planica-Premi\u00e8re-victoire-en-Coupe-du-monde-pour-Lucas-Chanavat.png","contentUrl":"https:\/\/dicodusport.fr\/blog\/wp-content\/uploads\/2019\/12\/Ski-de-fond-Planica-Premi\u00e8re-victoire-en-Coupe-du-monde-pour-Lucas-Chanavat.png","width":800,"height":445,"caption":"Ski de fond - Planica - Premi\u00e8re victoire en Coupe du monde pour Lucas Chanavat"},{"@type":"BreadcrumbList","@id":"https:\/\/dicodusport.fr\/blog\/ski-de-fond-planica-premiere-victoire-en-coupe-du-monde-pour-lucas-chanavat\/#breadcrumb","itemListElement":[{"@type":"ListItem","position":1,"name":"Accueil","item":"https:\/\/dicodusport.fr\/blog\/"},{"@type":"ListItem","position":2,"name":"Ski de fond &#8211; Planica : Premi\u00e8re victoire en Coupe du monde pour Lucas Chanavat"}]},{"@type":"WebSite","@id":"https:\/\/dicodusport.fr\/blog\/#website","url":"https:\/\/dicodusport.fr\/blog\/","name":"Dicodusport","description":"L&#039;encyclop\u00e9die de l&#039;actualit\u00e9 sportive","publisher":{"@id":"https:\/\/dicodusport.fr\/blog\/#organization"},"potentialAction":[{"@type":"SearchAction","target":{"@type":"EntryPoint","urlTemplate":"https:\/\/dicodusport.fr\/blog\/?s={search_term_string}"},"query-input":{"@type":"PropertyValueSpecification","valueRequired":true,"valueName":"search_term_string"}}],"inLanguage":"fr-FR"},{"@type":"NewsMediaOrganization","@id":"https:\/\/dicodusport.fr\/blog\/#organization","name":"Dicodusport","url":"https:\/\/dicodusport.fr\/blog\/","logo":{"@type":"ImageObject","inLanguage":"fr-FR","@id":"https:\/\/dicodusport.fr\/blog\/#\/schema\/logo\/image\/","url":"https:\/\/dicodusport.fr\/blog\/wp-content\/uploads\/2020\/06\/cropped-LOGO-DICODUSPORT-2020-SANS-FOND-SANS-TEXTE.png","contentUrl":"https:\/\/dicodusport.fr\/blog\/wp-content\/uploads\/2020\/06\/cropped-LOGO-DICODUSPORT-2020-SANS-FOND-SANS-TEXTE.png","width":512,"height":512,"caption":"Dicodusport"},"image":{"@id":"https:\/\/dicodusport.fr\/blog\/#\/schema\/logo\/image\/"},"sameAs":["https:\/\/www.facebook.com\/dicodusport","https:\/\/x.com\/dicodusport","https:\/\/www.instagram.com\/dicodusport\/","https:\/\/www.youtube.com\/channel\/UC7V2KZ5sd3htJivAbA4ZG3w"],"description":"Dicodusport est l'encyclop\u00e9die de l'actualit\u00e9 sportive.","email":"bonjour@dicodusport.fr","legalName":"DICODUSPORT","foundingDate":"2018-01-14","vatID":"FR71834470973","taxID":"83447097300043","numberOfEmployees":{"@type":"QuantitativeValue","minValue":"1","maxValue":"10"}},{"@type":"Person","@id":"https:\/\/dicodusport.fr\/blog\/#\/schema\/person\/55dcb50ad410894e431ed812bbb70191","name":"Nicolas Jacquemard","image":{"@type":"ImageObject","inLanguage":"fr-FR","@id":"https:\/\/dicodusport.fr\/blog\/#\/schema\/person\/image\/","url":"https:\/\/dicodusport.fr\/blog\/wp-content\/uploads\/2021\/05\/Nicolas-Jacquemard-150x150.jpeg","contentUrl":"https:\/\/dicodusport.fr\/blog\/wp-content\/uploads\/2021\/05\/Nicolas-Jacquemard-150x150.jpeg","caption":"Nicolas Jacquemard"},"description":"Passionn\u00e9 de sport et entrepreneur depuis mes 18 ans, la cr\u00e9ation de Dicodusport m'a sembl\u00e9 \u00e9vidente pour participer \u00e0 la m\u00e9diatisation d'un plus grand nombre de sports. Le chemin est long mais avec une \u00e9quipe des plus motiv\u00e9es et les Jeux Olympiques de Paris 2024 en point de mire, nous y arriverons ! Journaliste dans le monde du sport depuis plus de 5 ans, je traite aussi bien de football, de rugby, de biathlon que de cyclisme.","sameAs":["https:\/\/www.facebook.com\/dicodusport","https:\/\/x.com\/https:\/\/twitter.com\/Nico_Jacquemard"],"url":"https:\/\/dicodusport.fr\/blog\/author\/dicodusport\/"}]}},"_links":{"self":[{"href":"https:\/\/dicodusport.fr\/blog\/wp-json\/wp\/v2\/posts\/55410","targetHints":{"allow":["GET"]}}],"collection":[{"href":"https:\/\/dicodusport.fr\/blog\/wp-json\/wp\/v2\/posts"}],"about":[{"href":"https:\/\/dicodusport.fr\/blog\/wp-json\/wp\/v2\/types\/post"}],"author":[{"embeddable":true,"href":"https:\/\/dicodusport.fr\/blog\/wp-json\/wp\/v2\/users\/1"}],"replies":[{"embeddable":true,"href":"https:\/\/dicodusport.fr\/blog\/wp-json\/wp\/v2\/comments?post=55410"}],"version-history":[{"count":0,"href":"https:\/\/dicodusport.fr\/blog\/wp-json\/wp\/v2\/posts\/55410\/revisions"}],"wp:featuredmedia":[{"embeddable":true,"href":"https:\/\/dicodusport.fr\/blog\/wp-json\/wp\/v2\/media\/55420"}],"wp:attachment":[{"href":"https:\/\/dicodusport.fr\/blog\/wp-json\/wp\/v2\/media?parent=55410"}],"wp:term":[{"taxonomy":"category","embeddable":true,"href":"https:\/\/dicodusport.fr\/blog\/wp-json\/wp\/v2\/categories?post=55410"},{"taxonomy":"post_tag","embeddable":true,"href":"https:\/\/dicodusport.fr\/blog\/wp-json\/wp\/v2\/tags?post=55410"}],"curies":[{"name":"wp","href":"https:\/\/api.w.org\/{rel}","templated":true}]}}