{"id":554197,"date":"2025-02-09T13:34:58","date_gmt":"2025-02-09T12:34:58","guid":{"rendered":"https:\/\/dicodusport.fr\/blog\/?p=554197&#038;preview=true&#038;preview_id=554197"},"modified":"2025-02-09T13:34:58","modified_gmt":"2025-02-09T12:34:58","slug":"skicross-val-di-fassa-marielle-berger-sabbatel-sempare-de-nouveau-de-la-2eme-place","status":"publish","type":"post","link":"https:\/\/dicodusport.fr\/blog\/skicross-val-di-fassa-marielle-berger-sabbatel-sempare-de-nouveau-de-la-2eme-place\/","title":{"rendered":"Skicross Val di Fassa : Marielle Berger Sabbatel s&#8217;empare de nouveau de la 2\u00e8me place"},"content":{"rendered":"<h4 style=\"text-align: justify;\"><em>COUPE DU MONDE DE SKICROSS 2024\/2025 &#8211; De retour sur le podium la veille, Marielle Berger Sabbatel a encha\u00een\u00e9 \u00e0 Val di Fassa en d\u00e9crochant \u00e0 nouveau la 2\u00e8me place ce dimanche.<\/em><\/h4>\n<ul>\n<li><strong>\u00c0 ce sujet &#8211; <a href=\"https:\/\/dicodusport.fr\/blog\/?s=skicross\">Toute l&rsquo;actualit\u00e9 du skicross<\/a><\/strong><\/li>\n<\/ul>\n<p style=\"text-align: justify;\">On l&rsquo;avait quitt\u00e9e samedi sur la 2\u00e8me marche du podium \u00e0<strong> Val di Fassa<\/strong>. Vingt-quatre heures plus tard,<strong> Marielle Berger Sabbatel<\/strong> a r\u00e9cidiv\u00e9 en terres italiennes. Apr\u00e8s avoir v\u00e9cu une entame d&rsquo;ann\u00e9e 2025 en de\u00e7\u00e0 des attentes, la Tricolore a r\u00e9agi avec la mani\u00e8re en d\u00e9crochant deux 2\u00e8mes places en l&rsquo;espace de deux jours.<\/p>\n<h2 style=\"text-align: justify;\">Berger Sabbatel proche de la victoire, les hommes passent au travers<\/h2>\n<p style=\"text-align: justify;\">Confirmant son habilet\u00e9 sur la piste propos\u00e9e, elle a remport\u00e9 son quart, puis sa demi-finale, pour acc\u00e9der \u00e0 la finale. Dans une s\u00e9rie extr\u00eamement resserr\u00e9e, elle a longtemps bataill\u00e9 pour verrouiller la 2\u00e8me place, avant de passer \u00e0 deux doigts de surprendre sur la ligne <strong>Jole Galli<\/strong>. La surprenante Italienne d\u00e9croche au passage son premier succ\u00e8s en carri\u00e8re, et prive Berger Sabbatel de la victoire. Malgr\u00e9 tout, ce weekend positif va permettre \u00e0 la Fran\u00e7aise de relancer la machine pour finir en trombe cette saison. <strong>Jade Grillet Aubert<\/strong> sera \u00e9galement parvenue \u00e0 se faire sa place dans le dernier carr\u00e9, avant d&rsquo;\u00e9chouer \u00e0 la 7e place finale du classement.<\/p>\n<p style=\"text-align: justify;\">Chez les hommes en revanche, la journ\u00e9e fut plus ombrag\u00e9e. Hors du Top 32 des qualifications, <strong>Youri Duplessis Kergomard<\/strong> n&rsquo;\u00e9tait pas en lice, et a perdu gros en voyant ses rivaux pour le g\u00e9n\u00e9ral,<strong> Florian Wilmsmann<\/strong> (5\u00e8me) et <strong>Simone Deromedis<\/strong> (2\u00e8me) s&rsquo;immiscer dans le Top 5 du jour. Par ailleurs, ses compatriotes n&rsquo;ont pas r\u00e9ussi \u00e0 limiter la casse. Auteur du meilleur r\u00e9sultat aujourd&rsquo;hui, Melvin Tchiknavorian a pris la porte d\u00e8s les quarts de finale, dans un tableau finalement remport\u00e9 par le Canadien <strong>Reece Howden<\/strong>.<\/p>\n<p style=\"text-align: justify;\">Suite \u00e0 un break de quinze jours, la <strong>Coupe du monde<\/strong> reprendra ses droits fin f\u00e9vrier avec l&rsquo;\u00e9tape de <strong>Gudauri<\/strong>. Un rendez-vous qui sera d\u00e9j\u00e0 important puisqu&rsquo;il s&rsquo;agira de l&rsquo;ant\u00e9p\u00e9nulti\u00e8me stop au calendrier.<\/p>\n<div class=\"vlp-link-container vlp-layout-article\"><a href=\"https:\/\/dicodusport.fr\/blog\/skicross-val-di-fassa-marielle-berger-sabbatel-retrouve-le-chemin-du-podium\/\" class=\"vlp-link\" title=\"Skicross Val di Fassa : Marielle Berger Sabbatel retrouve le chemin du podium\"><\/a><div class=\"vlp-layout-zone-side\"><div class=\"vlp-block-4 vlp-link-image\"><img loading=\"lazy\" decoding=\"async\" style=\"max-width: 792px;\" width=\"792\" height=\"445\" src=\"https:\/\/dicodusport.fr\/blog\/wp-content\/uploads\/2025\/02\/Skicross-Val-di-Fassa-Marielle-Berger-Sabbatel-retrouve-le-chemin-du-podium.png\" class=\"attachment-800x445 size-800x445\" alt=\"Skicross Val di Fassa : Marielle Berger Sabbatel retrouve le chemin du podium\" srcset=\"https:\/\/dicodusport.fr\/blog\/wp-content\/uploads\/2025\/02\/Skicross-Val-di-Fassa-Marielle-Berger-Sabbatel-retrouve-le-chemin-du-podium.png 1200w, https:\/\/dicodusport.fr\/blog\/wp-content\/uploads\/2025\/02\/Skicross-Val-di-Fassa-Marielle-Berger-Sabbatel-retrouve-le-chemin-du-podium-300x169.png 300w, https:\/\/dicodusport.fr\/blog\/wp-content\/uploads\/2025\/02\/Skicross-Val-di-Fassa-Marielle-Berger-Sabbatel-retrouve-le-chemin-du-podium-1024x575.png 1024w, https:\/\/dicodusport.fr\/blog\/wp-content\/uploads\/2025\/02\/Skicross-Val-di-Fassa-Marielle-Berger-Sabbatel-retrouve-le-chemin-du-podium-768x431.png 768w\" sizes=\"auto, (max-width: 792px) 100vw, 792px\" \/><\/div><\/div><div class=\"vlp-layout-zone-main\"><div class=\"vlp-block-0 vlp-link-title\">Skicross Val di Fassa : Marielle Berger Sabbatel retrouve le chemin du podium<\/div><div class=\"vlp-block-1 vlp-link-summary\">COUPE DE MONDE DE SKICROSS 2024\/2025 - Marielle Berger Sabbatel a d\u00e9croch\u00e9 son premier podium de l'ann\u00e9e 2025 en accrochant la 2\u00e8me place \u00e0 Val di Fassa. En finale chez les hommes, Youri Duplessis Kergomard a chut\u00e9, et \u00e9choue \u00e0 la 4\u00e8me place.<\/div><div class=\"vlp-block-2 vlp-link-button\">Lire l'article<\/div><div class=\"vlp-block-3 vlp-link-url\">dicodusport.fr<\/div><\/div><\/div>\n","protected":false},"excerpt":{"rendered":"<p>COUPE DE MONDE DE SKICROSS 2024\/2025 &#8211; De retour sur le podium la veille, Marielle Berger Sabbatel a encha\u00een\u00e9 \u00e0 Val di Fassa en d\u00e9crochant \u00e0 nouveau la 2\u00e8me place.<\/p>\n","protected":false},"author":55,"featured_media":554204,"comment_status":"open","ping_status":"closed","sticky":false,"template":"","format":"standard","meta":{"_acf_changed":false,"_daextam_enable_autolinks":"1","footnotes":""},"categories":[9217],"tags":[32415,16878,29753,13800,2947],"class_list":["post-554197","post","type-post","status-publish","format-standard","has-post-thumbnail","hentry","category-ski","tag-actu","tag-breve","tag-coupe-du-monde-de-skicross","tag-marielle-berger-sabbatel","tag-skicross"],"acf":[],"yoast_head":"<!-- This site is optimized with the Yoast SEO Premium plugin v26.7 (Yoast SEO v26.7) - https:\/\/yoast.com\/wordpress\/plugins\/seo\/ -->\n<title>Skicross Val di Fassa : Marielle Berger Sabbatel s&#039;empare de nouveau de la 2\u00e8me place<\/title>\n<meta name=\"description\" content=\"COUPE DE MONDE DE SKICROSS 2024\/2025 - Marielle Berger Sabbatel a d\u00e9croch\u00e9 son deuxi\u00e8me podium en deux jours \u00e0 Val di Fassa.\" \/>\n<meta name=\"robots\" content=\"index, follow, max-snippet:-1, max-image-preview:large, max-video-preview:-1\" \/>\n<link rel=\"canonical\" href=\"https:\/\/dicodusport.fr\/blog\/skicross-val-di-fassa-marielle-berger-sabbatel-sempare-de-nouveau-de-la-2eme-place\/\" \/>\n<meta property=\"og:locale\" content=\"fr_FR\" \/>\n<meta property=\"og:type\" content=\"article\" \/>\n<meta property=\"og:title\" content=\"Skicross Val di Fassa : Marielle Berger Sabbatel s&#039;empare de nouveau de la 2\u00e8me place\" \/>\n<meta property=\"og:description\" content=\"COUPE DE MONDE DE SKICROSS 2024\/2025 - Marielle Berger Sabbatel a d\u00e9croch\u00e9 son deuxi\u00e8me podium en deux jours \u00e0 Val di Fassa.\" \/>\n<meta property=\"og:url\" content=\"https:\/\/dicodusport.fr\/blog\/skicross-val-di-fassa-marielle-berger-sabbatel-sempare-de-nouveau-de-la-2eme-place\/\" \/>\n<meta property=\"og:site_name\" content=\"Dicodusport\" \/>\n<meta property=\"article:publisher\" content=\"https:\/\/www.facebook.com\/dicodusport\" \/>\n<meta property=\"article:published_time\" content=\"2025-02-09T12:34:58+00:00\" \/>\n<meta property=\"og:image\" content=\"https:\/\/dicodusport.fr\/blog\/wp-content\/uploads\/2025\/02\/Skicross-Val-di-Fassa-Marielle-Berger-Sabbatel-sempare-de-nouveau-de-la-2eme-place.png\" \/>\n\t<meta property=\"og:image:width\" content=\"1200\" \/>\n\t<meta property=\"og:image:height\" content=\"674\" \/>\n\t<meta property=\"og:image:type\" content=\"image\/png\" \/>\n<meta name=\"author\" content=\"Maxime Cazenave\" \/>\n<meta name=\"twitter:card\" content=\"summary_large_image\" \/>\n<meta name=\"twitter:title\" content=\"Skicross Val di Fassa : Marielle Berger Sabbatel s&#039;empare de nouveau de la 2\u00e8me place\" \/>\n<meta name=\"twitter:creator\" content=\"@https:\/\/twitter.com\/Maxime_Caze\" \/>\n<meta name=\"twitter:site\" content=\"@dicodusport\" \/>\n<script type=\"application\/ld+json\" class=\"yoast-schema-graph\">{\"@context\":\"https:\/\/schema.org\",\"@graph\":[{\"@type\":\"NewsArticle\",\"@id\":\"https:\/\/dicodusport.fr\/blog\/skicross-val-di-fassa-marielle-berger-sabbatel-sempare-de-nouveau-de-la-2eme-place\/#article\",\"isPartOf\":{\"@id\":\"https:\/\/dicodusport.fr\/blog\/skicross-val-di-fassa-marielle-berger-sabbatel-sempare-de-nouveau-de-la-2eme-place\/\"},\"author\":{\"name\":\"Maxime Cazenave\",\"@id\":\"https:\/\/dicodusport.fr\/blog\/#\/schema\/person\/37def232098a7a5cbab3974a3690abb0\"},\"headline\":\"Skicross Val di Fassa : Marielle Berger Sabbatel s&#8217;empare de nouveau de la 2\u00e8me place\",\"datePublished\":\"2025-02-09T12:34:58+00:00\",\"mainEntityOfPage\":{\"@id\":\"https:\/\/dicodusport.fr\/blog\/skicross-val-di-fassa-marielle-berger-sabbatel-sempare-de-nouveau-de-la-2eme-place\/\"},\"wordCount\":469,\"commentCount\":0,\"publisher\":{\"@id\":\"https:\/\/dicodusport.fr\/blog\/#organization\"},\"image\":{\"@id\":\"https:\/\/dicodusport.fr\/blog\/skicross-val-di-fassa-marielle-berger-sabbatel-sempare-de-nouveau-de-la-2eme-place\/#primaryimage\"},\"thumbnailUrl\":\"https:\/\/dicodusport.fr\/blog\/wp-content\/uploads\/2025\/02\/Skicross-Val-di-Fassa-Marielle-Berger-Sabbatel-sempare-de-nouveau-de-la-2eme-place.png\",\"keywords\":[\"actu\",\"br\u00e8ve\",\"Coupe du monde de skicross\",\"Marielle Berger Sabbatel\",\"skicross\"],\"articleSection\":[\"Ski\"],\"inLanguage\":\"fr-FR\",\"potentialAction\":[{\"@type\":\"CommentAction\",\"name\":\"Comment\",\"target\":[\"https:\/\/dicodusport.fr\/blog\/skicross-val-di-fassa-marielle-berger-sabbatel-sempare-de-nouveau-de-la-2eme-place\/#respond\"]}],\"copyrightYear\":\"2025\",\"copyrightHolder\":{\"@id\":\"https:\/\/dicodusport.fr\/blog\/#organization\"}},{\"@type\":\"WebPage\",\"@id\":\"https:\/\/dicodusport.fr\/blog\/skicross-val-di-fassa-marielle-berger-sabbatel-sempare-de-nouveau-de-la-2eme-place\/\",\"url\":\"https:\/\/dicodusport.fr\/blog\/skicross-val-di-fassa-marielle-berger-sabbatel-sempare-de-nouveau-de-la-2eme-place\/\",\"name\":\"Skicross Val di Fassa : Marielle Berger Sabbatel s'empare de nouveau de la 2\u00e8me place\",\"isPartOf\":{\"@id\":\"https:\/\/dicodusport.fr\/blog\/#website\"},\"primaryImageOfPage\":{\"@id\":\"https:\/\/dicodusport.fr\/blog\/skicross-val-di-fassa-marielle-berger-sabbatel-sempare-de-nouveau-de-la-2eme-place\/#primaryimage\"},\"image\":{\"@id\":\"https:\/\/dicodusport.fr\/blog\/skicross-val-di-fassa-marielle-berger-sabbatel-sempare-de-nouveau-de-la-2eme-place\/#primaryimage\"},\"thumbnailUrl\":\"https:\/\/dicodusport.fr\/blog\/wp-content\/uploads\/2025\/02\/Skicross-Val-di-Fassa-Marielle-Berger-Sabbatel-sempare-de-nouveau-de-la-2eme-place.png\",\"datePublished\":\"2025-02-09T12:34:58+00:00\",\"description\":\"COUPE DE MONDE DE SKICROSS 2024\/2025 - Marielle Berger Sabbatel a d\u00e9croch\u00e9 son deuxi\u00e8me podium en deux jours \u00e0 Val di Fassa.\",\"breadcrumb\":{\"@id\":\"https:\/\/dicodusport.fr\/blog\/skicross-val-di-fassa-marielle-berger-sabbatel-sempare-de-nouveau-de-la-2eme-place\/#breadcrumb\"},\"inLanguage\":\"fr-FR\",\"potentialAction\":[{\"@type\":\"ReadAction\",\"target\":[\"https:\/\/dicodusport.fr\/blog\/skicross-val-di-fassa-marielle-berger-sabbatel-sempare-de-nouveau-de-la-2eme-place\/\"]}]},{\"@type\":\"ImageObject\",\"inLanguage\":\"fr-FR\",\"@id\":\"https:\/\/dicodusport.fr\/blog\/skicross-val-di-fassa-marielle-berger-sabbatel-sempare-de-nouveau-de-la-2eme-place\/#primaryimage\",\"url\":\"https:\/\/dicodusport.fr\/blog\/wp-content\/uploads\/2025\/02\/Skicross-Val-di-Fassa-Marielle-Berger-Sabbatel-sempare-de-nouveau-de-la-2eme-place.png\",\"contentUrl\":\"https:\/\/dicodusport.fr\/blog\/wp-content\/uploads\/2025\/02\/Skicross-Val-di-Fassa-Marielle-Berger-Sabbatel-sempare-de-nouveau-de-la-2eme-place.png\",\"width\":1200,\"height\":674,\"caption\":\"Skicross Val di Fassa : Marielle Berger Sabbatel s'empare de nouveau de la 2\u00e8me place\"},{\"@type\":\"BreadcrumbList\",\"@id\":\"https:\/\/dicodusport.fr\/blog\/skicross-val-di-fassa-marielle-berger-sabbatel-sempare-de-nouveau-de-la-2eme-place\/#breadcrumb\",\"itemListElement\":[{\"@type\":\"ListItem\",\"position\":1,\"name\":\"Accueil\",\"item\":\"https:\/\/dicodusport.fr\/blog\/\"},{\"@type\":\"ListItem\",\"position\":2,\"name\":\"Skicross Val di Fassa : Marielle Berger Sabbatel s&#8217;empare de nouveau de la 2\u00e8me place\"}]},{\"@type\":\"WebSite\",\"@id\":\"https:\/\/dicodusport.fr\/blog\/#website\",\"url\":\"https:\/\/dicodusport.fr\/blog\/\",\"name\":\"Dicodusport\",\"description\":\"L&#039;encyclop\u00e9die de l&#039;actualit\u00e9 sportive\",\"publisher\":{\"@id\":\"https:\/\/dicodusport.fr\/blog\/#organization\"},\"potentialAction\":[{\"@type\":\"SearchAction\",\"target\":{\"@type\":\"EntryPoint\",\"urlTemplate\":\"https:\/\/dicodusport.fr\/blog\/?s={search_term_string}\"},\"query-input\":{\"@type\":\"PropertyValueSpecification\",\"valueRequired\":true,\"valueName\":\"search_term_string\"}}],\"inLanguage\":\"fr-FR\"},{\"@type\":\"NewsMediaOrganization\",\"@id\":\"https:\/\/dicodusport.fr\/blog\/#organization\",\"name\":\"Dicodusport\",\"url\":\"https:\/\/dicodusport.fr\/blog\/\",\"logo\":{\"@type\":\"ImageObject\",\"inLanguage\":\"fr-FR\",\"@id\":\"https:\/\/dicodusport.fr\/blog\/#\/schema\/logo\/image\/\",\"url\":\"https:\/\/dicodusport.fr\/blog\/wp-content\/uploads\/2020\/06\/cropped-LOGO-DICODUSPORT-2020-SANS-FOND-SANS-TEXTE.png\",\"contentUrl\":\"https:\/\/dicodusport.fr\/blog\/wp-content\/uploads\/2020\/06\/cropped-LOGO-DICODUSPORT-2020-SANS-FOND-SANS-TEXTE.png\",\"width\":512,\"height\":512,\"caption\":\"Dicodusport\"},\"image\":{\"@id\":\"https:\/\/dicodusport.fr\/blog\/#\/schema\/logo\/image\/\"},\"sameAs\":[\"https:\/\/www.facebook.com\/dicodusport\",\"https:\/\/x.com\/dicodusport\",\"https:\/\/www.instagram.com\/dicodusport\/\",\"https:\/\/www.youtube.com\/channel\/UC7V2KZ5sd3htJivAbA4ZG3w\"],\"description\":\"Dicodusport est l'encyclop\u00e9die de l'actualit\u00e9 sportive.\",\"email\":\"bonjour@dicodusport.fr\",\"legalName\":\"DICODUSPORT\",\"foundingDate\":\"2018-01-14\",\"vatID\":\"FR71834470973\",\"taxID\":\"83447097300043\",\"numberOfEmployees\":{\"@type\":\"QuantitativeValue\",\"minValue\":\"1\",\"maxValue\":\"10\"}},{\"@type\":\"Person\",\"@id\":\"https:\/\/dicodusport.fr\/blog\/#\/schema\/person\/37def232098a7a5cbab3974a3690abb0\",\"name\":\"Maxime Cazenave\",\"image\":{\"@type\":\"ImageObject\",\"inLanguage\":\"fr-FR\",\"@id\":\"https:\/\/dicodusport.fr\/blog\/#\/schema\/person\/image\/\",\"url\":\"https:\/\/dicodusport.fr\/blog\/wp-content\/uploads\/2021\/05\/Maxime-Cazenave-150x150.jpg\",\"contentUrl\":\"https:\/\/dicodusport.fr\/blog\/wp-content\/uploads\/2021\/05\/Maxime-Cazenave-150x150.jpg\",\"caption\":\"Maxime Cazenave\"},\"description\":\"Journaliste\/R\u00e9dacteur depuis 2012 - Berc\u00e9 par l\u2019amour des Girondins de Bordeaux, les \u00e9checs de Christophe Moreau sur le Tour de France sous l'\u00e8re Lance Armstrong et le fade-away l\u00e9tal de Dirk Nowitzki, ma passion d\u00e9vorante pour le sport a toujours \u00e9t\u00e9 un pan incontournable de ma vie. Transmettre ma passion \u00e0 l\u2019\u00e9crit a \u00e9t\u00e9 une transition naturelle. Suiveur assidu de basket et de hockey sur glace, je garde toujours un peu de place pour suivre le cyclisme, le football et le maximum de performances fran\u00e7aises.\",\"sameAs\":[\"https:\/\/x.com\/https:\/\/twitter.com\/Maxime_Caze\"],\"url\":\"https:\/\/dicodusport.fr\/blog\/author\/maximec\/\"}]}<\/script>\n<!-- \/ Yoast SEO Premium plugin. -->","yoast_head_json":{"title":"Skicross Val di Fassa : Marielle Berger Sabbatel s'empare de nouveau de la 2\u00e8me place","description":"COUPE DE MONDE DE SKICROSS 2024\/2025 - Marielle Berger Sabbatel a d\u00e9croch\u00e9 son deuxi\u00e8me podium en deux jours \u00e0 Val di Fassa.","robots":{"index":"index","follow":"follow","max-snippet":"max-snippet:-1","max-image-preview":"max-image-preview:large","max-video-preview":"max-video-preview:-1"},"canonical":"https:\/\/dicodusport.fr\/blog\/skicross-val-di-fassa-marielle-berger-sabbatel-sempare-de-nouveau-de-la-2eme-place\/","og_locale":"fr_FR","og_type":"article","og_title":"Skicross Val di Fassa : Marielle Berger Sabbatel s'empare de nouveau de la 2\u00e8me place","og_description":"COUPE DE MONDE DE SKICROSS 2024\/2025 - Marielle Berger Sabbatel a d\u00e9croch\u00e9 son deuxi\u00e8me podium en deux jours \u00e0 Val di Fassa.","og_url":"https:\/\/dicodusport.fr\/blog\/skicross-val-di-fassa-marielle-berger-sabbatel-sempare-de-nouveau-de-la-2eme-place\/","og_site_name":"Dicodusport","article_publisher":"https:\/\/www.facebook.com\/dicodusport","article_published_time":"2025-02-09T12:34:58+00:00","og_image":[{"width":1200,"height":674,"url":"https:\/\/dicodusport.fr\/blog\/wp-content\/uploads\/2025\/02\/Skicross-Val-di-Fassa-Marielle-Berger-Sabbatel-sempare-de-nouveau-de-la-2eme-place.png","type":"image\/png"}],"author":"Maxime Cazenave","twitter_card":"summary_large_image","twitter_title":"Skicross Val di Fassa : Marielle Berger Sabbatel s'empare de nouveau de la 2\u00e8me place","twitter_creator":"@https:\/\/twitter.com\/Maxime_Caze","twitter_site":"@dicodusport","schema":{"@context":"https:\/\/schema.org","@graph":[{"@type":"NewsArticle","@id":"https:\/\/dicodusport.fr\/blog\/skicross-val-di-fassa-marielle-berger-sabbatel-sempare-de-nouveau-de-la-2eme-place\/#article","isPartOf":{"@id":"https:\/\/dicodusport.fr\/blog\/skicross-val-di-fassa-marielle-berger-sabbatel-sempare-de-nouveau-de-la-2eme-place\/"},"author":{"name":"Maxime Cazenave","@id":"https:\/\/dicodusport.fr\/blog\/#\/schema\/person\/37def232098a7a5cbab3974a3690abb0"},"headline":"Skicross Val di Fassa : Marielle Berger Sabbatel s&#8217;empare de nouveau de la 2\u00e8me place","datePublished":"2025-02-09T12:34:58+00:00","mainEntityOfPage":{"@id":"https:\/\/dicodusport.fr\/blog\/skicross-val-di-fassa-marielle-berger-sabbatel-sempare-de-nouveau-de-la-2eme-place\/"},"wordCount":469,"commentCount":0,"publisher":{"@id":"https:\/\/dicodusport.fr\/blog\/#organization"},"image":{"@id":"https:\/\/dicodusport.fr\/blog\/skicross-val-di-fassa-marielle-berger-sabbatel-sempare-de-nouveau-de-la-2eme-place\/#primaryimage"},"thumbnailUrl":"https:\/\/dicodusport.fr\/blog\/wp-content\/uploads\/2025\/02\/Skicross-Val-di-Fassa-Marielle-Berger-Sabbatel-sempare-de-nouveau-de-la-2eme-place.png","keywords":["actu","br\u00e8ve","Coupe du monde de skicross","Marielle Berger Sabbatel","skicross"],"articleSection":["Ski"],"inLanguage":"fr-FR","potentialAction":[{"@type":"CommentAction","name":"Comment","target":["https:\/\/dicodusport.fr\/blog\/skicross-val-di-fassa-marielle-berger-sabbatel-sempare-de-nouveau-de-la-2eme-place\/#respond"]}],"copyrightYear":"2025","copyrightHolder":{"@id":"https:\/\/dicodusport.fr\/blog\/#organization"}},{"@type":"WebPage","@id":"https:\/\/dicodusport.fr\/blog\/skicross-val-di-fassa-marielle-berger-sabbatel-sempare-de-nouveau-de-la-2eme-place\/","url":"https:\/\/dicodusport.fr\/blog\/skicross-val-di-fassa-marielle-berger-sabbatel-sempare-de-nouveau-de-la-2eme-place\/","name":"Skicross Val di Fassa : Marielle Berger Sabbatel s'empare de nouveau de la 2\u00e8me place","isPartOf":{"@id":"https:\/\/dicodusport.fr\/blog\/#website"},"primaryImageOfPage":{"@id":"https:\/\/dicodusport.fr\/blog\/skicross-val-di-fassa-marielle-berger-sabbatel-sempare-de-nouveau-de-la-2eme-place\/#primaryimage"},"image":{"@id":"https:\/\/dicodusport.fr\/blog\/skicross-val-di-fassa-marielle-berger-sabbatel-sempare-de-nouveau-de-la-2eme-place\/#primaryimage"},"thumbnailUrl":"https:\/\/dicodusport.fr\/blog\/wp-content\/uploads\/2025\/02\/Skicross-Val-di-Fassa-Marielle-Berger-Sabbatel-sempare-de-nouveau-de-la-2eme-place.png","datePublished":"2025-02-09T12:34:58+00:00","description":"COUPE DE MONDE DE SKICROSS 2024\/2025 - Marielle Berger Sabbatel a d\u00e9croch\u00e9 son deuxi\u00e8me podium en deux jours \u00e0 Val di Fassa.","breadcrumb":{"@id":"https:\/\/dicodusport.fr\/blog\/skicross-val-di-fassa-marielle-berger-sabbatel-sempare-de-nouveau-de-la-2eme-place\/#breadcrumb"},"inLanguage":"fr-FR","potentialAction":[{"@type":"ReadAction","target":["https:\/\/dicodusport.fr\/blog\/skicross-val-di-fassa-marielle-berger-sabbatel-sempare-de-nouveau-de-la-2eme-place\/"]}]},{"@type":"ImageObject","inLanguage":"fr-FR","@id":"https:\/\/dicodusport.fr\/blog\/skicross-val-di-fassa-marielle-berger-sabbatel-sempare-de-nouveau-de-la-2eme-place\/#primaryimage","url":"https:\/\/dicodusport.fr\/blog\/wp-content\/uploads\/2025\/02\/Skicross-Val-di-Fassa-Marielle-Berger-Sabbatel-sempare-de-nouveau-de-la-2eme-place.png","contentUrl":"https:\/\/dicodusport.fr\/blog\/wp-content\/uploads\/2025\/02\/Skicross-Val-di-Fassa-Marielle-Berger-Sabbatel-sempare-de-nouveau-de-la-2eme-place.png","width":1200,"height":674,"caption":"Skicross Val di Fassa : Marielle Berger Sabbatel s'empare de nouveau de la 2\u00e8me place"},{"@type":"BreadcrumbList","@id":"https:\/\/dicodusport.fr\/blog\/skicross-val-di-fassa-marielle-berger-sabbatel-sempare-de-nouveau-de-la-2eme-place\/#breadcrumb","itemListElement":[{"@type":"ListItem","position":1,"name":"Accueil","item":"https:\/\/dicodusport.fr\/blog\/"},{"@type":"ListItem","position":2,"name":"Skicross Val di Fassa : Marielle Berger Sabbatel s&#8217;empare de nouveau de la 2\u00e8me place"}]},{"@type":"WebSite","@id":"https:\/\/dicodusport.fr\/blog\/#website","url":"https:\/\/dicodusport.fr\/blog\/","name":"Dicodusport","description":"L&#039;encyclop\u00e9die de l&#039;actualit\u00e9 sportive","publisher":{"@id":"https:\/\/dicodusport.fr\/blog\/#organization"},"potentialAction":[{"@type":"SearchAction","target":{"@type":"EntryPoint","urlTemplate":"https:\/\/dicodusport.fr\/blog\/?s={search_term_string}"},"query-input":{"@type":"PropertyValueSpecification","valueRequired":true,"valueName":"search_term_string"}}],"inLanguage":"fr-FR"},{"@type":"NewsMediaOrganization","@id":"https:\/\/dicodusport.fr\/blog\/#organization","name":"Dicodusport","url":"https:\/\/dicodusport.fr\/blog\/","logo":{"@type":"ImageObject","inLanguage":"fr-FR","@id":"https:\/\/dicodusport.fr\/blog\/#\/schema\/logo\/image\/","url":"https:\/\/dicodusport.fr\/blog\/wp-content\/uploads\/2020\/06\/cropped-LOGO-DICODUSPORT-2020-SANS-FOND-SANS-TEXTE.png","contentUrl":"https:\/\/dicodusport.fr\/blog\/wp-content\/uploads\/2020\/06\/cropped-LOGO-DICODUSPORT-2020-SANS-FOND-SANS-TEXTE.png","width":512,"height":512,"caption":"Dicodusport"},"image":{"@id":"https:\/\/dicodusport.fr\/blog\/#\/schema\/logo\/image\/"},"sameAs":["https:\/\/www.facebook.com\/dicodusport","https:\/\/x.com\/dicodusport","https:\/\/www.instagram.com\/dicodusport\/","https:\/\/www.youtube.com\/channel\/UC7V2KZ5sd3htJivAbA4ZG3w"],"description":"Dicodusport est l'encyclop\u00e9die de l'actualit\u00e9 sportive.","email":"bonjour@dicodusport.fr","legalName":"DICODUSPORT","foundingDate":"2018-01-14","vatID":"FR71834470973","taxID":"83447097300043","numberOfEmployees":{"@type":"QuantitativeValue","minValue":"1","maxValue":"10"}},{"@type":"Person","@id":"https:\/\/dicodusport.fr\/blog\/#\/schema\/person\/37def232098a7a5cbab3974a3690abb0","name":"Maxime Cazenave","image":{"@type":"ImageObject","inLanguage":"fr-FR","@id":"https:\/\/dicodusport.fr\/blog\/#\/schema\/person\/image\/","url":"https:\/\/dicodusport.fr\/blog\/wp-content\/uploads\/2021\/05\/Maxime-Cazenave-150x150.jpg","contentUrl":"https:\/\/dicodusport.fr\/blog\/wp-content\/uploads\/2021\/05\/Maxime-Cazenave-150x150.jpg","caption":"Maxime Cazenave"},"description":"Journaliste\/R\u00e9dacteur depuis 2012 - Berc\u00e9 par l\u2019amour des Girondins de Bordeaux, les \u00e9checs de Christophe Moreau sur le Tour de France sous l'\u00e8re Lance Armstrong et le fade-away l\u00e9tal de Dirk Nowitzki, ma passion d\u00e9vorante pour le sport a toujours \u00e9t\u00e9 un pan incontournable de ma vie. Transmettre ma passion \u00e0 l\u2019\u00e9crit a \u00e9t\u00e9 une transition naturelle. Suiveur assidu de basket et de hockey sur glace, je garde toujours un peu de place pour suivre le cyclisme, le football et le maximum de performances fran\u00e7aises.","sameAs":["https:\/\/x.com\/https:\/\/twitter.com\/Maxime_Caze"],"url":"https:\/\/dicodusport.fr\/blog\/author\/maximec\/"}]}},"_links":{"self":[{"href":"https:\/\/dicodusport.fr\/blog\/wp-json\/wp\/v2\/posts\/554197","targetHints":{"allow":["GET"]}}],"collection":[{"href":"https:\/\/dicodusport.fr\/blog\/wp-json\/wp\/v2\/posts"}],"about":[{"href":"https:\/\/dicodusport.fr\/blog\/wp-json\/wp\/v2\/types\/post"}],"author":[{"embeddable":true,"href":"https:\/\/dicodusport.fr\/blog\/wp-json\/wp\/v2\/users\/55"}],"replies":[{"embeddable":true,"href":"https:\/\/dicodusport.fr\/blog\/wp-json\/wp\/v2\/comments?post=554197"}],"version-history":[{"count":2,"href":"https:\/\/dicodusport.fr\/blog\/wp-json\/wp\/v2\/posts\/554197\/revisions"}],"predecessor-version":[{"id":554207,"href":"https:\/\/dicodusport.fr\/blog\/wp-json\/wp\/v2\/posts\/554197\/revisions\/554207"}],"wp:featuredmedia":[{"embeddable":true,"href":"https:\/\/dicodusport.fr\/blog\/wp-json\/wp\/v2\/media\/554204"}],"wp:attachment":[{"href":"https:\/\/dicodusport.fr\/blog\/wp-json\/wp\/v2\/media?parent=554197"}],"wp:term":[{"taxonomy":"category","embeddable":true,"href":"https:\/\/dicodusport.fr\/blog\/wp-json\/wp\/v2\/categories?post=554197"},{"taxonomy":"post_tag","embeddable":true,"href":"https:\/\/dicodusport.fr\/blog\/wp-json\/wp\/v2\/tags?post=554197"}],"curies":[{"name":"wp","href":"https:\/\/api.w.org\/{rel}","templated":true}]}}