{"id":554313,"date":"2025-02-09T17:15:15","date_gmt":"2025-02-09T16:15:15","guid":{"rendered":"https:\/\/dicodusport.fr\/blog\/?p=554313&#038;preview=true&#038;preview_id=554313"},"modified":"2025-02-09T18:29:44","modified_gmt":"2025-02-09T17:29:44","slug":"tour-de-valence-2025-la-derniere-etape-pour-jonathan-milan-le-general-pour-santiago-buitrago","status":"publish","type":"post","link":"https:\/\/dicodusport.fr\/blog\/tour-de-valence-2025-la-derniere-etape-pour-jonathan-milan-le-general-pour-santiago-buitrago\/","title":{"rendered":"Tour de Valence 2025 : La derni\u00e8re \u00e9tape pour Jonathan Milan, le g\u00e9n\u00e9ral pour Santiago Buitrago"},"content":{"rendered":"<h4 style=\"text-align: justify;\"><em>TOUR DE VALENCE 2025 &#8211; Parfaitement emmen\u00e9 par sa formation Lidl-Trek, Jonathan Milan a conclu ais\u00e9ment l&rsquo;affaire au sprint et s&rsquo;est adjug\u00e9 la derni\u00e8re \u00e9tape. Santiago Buitrago remporte le classement g\u00e9n\u00e9ral.<\/em><\/h4>\n<p style=\"text-align: justify;\"><strong>Jakob S\u00f6derqvist<\/strong>, <strong>Edward Theuns<\/strong>, <strong>Simone Consonni<\/strong>. La garde rapproch\u00e9e du sprinteur italien <strong>Jonathan Milan<\/strong> a de quoi faire p\u00e2lir bien des \u00e9quipes. Premi\u00e8re d\u00e9monstration aujourd&rsquo;hui sur cette derni\u00e8re \u00e9tape promise aux sprinteurs. A Valence, les Lidl-Trek \u00e9taient encore trois \u00e0 500m de la ligne. <strong>Milan<\/strong> n&rsquo;a eu logiquement qu&rsquo;\u00e0 conclure le travail de ses \u00e9quipiers et s&rsquo;impose avec presque deux v\u00e9los d&rsquo;avance sur <strong>Jake Stewart<\/strong> (Israel Premier Tech) et <strong>Giovanni Lonardi<\/strong> ( Team Polti VisitMalta).<\/p>\n<blockquote class=\"twitter-tweet\">\n<p dir=\"ltr\" lang=\"ca\">\ud83d\udd39 \ud835\uddda\ud835\uddd4\ud835\udde1\ud835\uddd4\ud835\uddd7\ud835\udde2\ud835\udde5 de la Etapa 5 | Stage 5 \ud83d\udd1b de la <a href=\"https:\/\/twitter.com\/hashtag\/VCV2025?src=hash&amp;ref_src=twsrc%5Etfw\">#VCV2025<\/a> GP <a href=\"https:\/\/twitter.com\/BancoSabadell?ref_src=twsrc%5Etfw\">@BancoSabadell<\/a> \ud83d\udd39<br \/>\n\ud83d\udccd Alfafar &gt; Val\u00e8ncia \ud83c\udfc1 \u26f0\ufe0f\ud83d\udd25<\/p>\n<p>\ud83d\udeb4\u200d\u2642\ufe0f\ud83c\udfc6 \u00a1 <a href=\"https:\/\/twitter.com\/MilanJonathan_?ref_src=twsrc%5Etfw\">@MilanJonathan_<\/a> (<a href=\"https:\/\/twitter.com\/LidlTrek?ref_src=twsrc%5Etfw\">@LidlTrek<\/a> ) se lleva la ETAPA FINAL en un sprint precioso!<br \/>\n\ud83d\ude80Il razzo di Tolmezzo!<br \/>\nVive el \u00faltimo km con <a href=\"https:\/\/twitter.com\/halconviajes?ref_src=twsrc%5Etfw\">@halconviajes<\/a><a href=\"https:\/\/twitter.com\/hashtag\/CiclismoMediterr%C3%A1neo?src=hash&amp;ref_src=twsrc%5Etfw\">#CiclismoMediterr\u00e1neo<\/a> <a href=\"https:\/\/t.co\/M06NTGu9ix\">pic.twitter.com\/M06NTGu9ix<\/a><\/p>\n<p>\u2014 Volta a la Comunitat Valenciana &#8211; VCV (@VueltaCV) <a href=\"https:\/\/twitter.com\/VueltaCV\/status\/1888621859547017240?ref_src=twsrc%5Etfw\">February 9, 2025<\/a><\/p><\/blockquote>\n<p style=\"text-align: justify;\"><script async src=\"https:\/\/platform.twitter.com\/widgets.js\" charset=\"utf-8\"><\/script><\/p>\n<ul style=\"text-align: justify;\">\n<li><strong>\u00c0 ce sujet &#8211; <a href=\"https:\/\/dicodusport.fr\/blog\/tour-de-valence-2025-classement-5eme-etape\/\">Tour de Valence 2025 \u2013 Classement 5\u00e8me \u00e9tape<\/a><\/strong><\/li>\n<\/ul>\n<p style=\"text-align: justify;\">Auparavant, six coureurs ont tent\u00e9 une \u00e9chapp\u00e9e en d\u00e9pit d&rsquo;un profil tout plat et favorisant les desseins des \u00e9quipes de sprinteurs. Il y avait l\u00e0 les Espagnols <strong>Jokin Murguialday<\/strong> (Euskaltel &#8211; Euskadi), <strong>Sinuh\u00e9 Fernandez<\/strong> (Burgos Burpellet BH) et <strong>Joan Bou<\/strong> (Caja Rural &#8211; Seguros RGA), le Fran\u00e7ais <strong>Quentin Bezza<\/strong> (Wagner Bazin WB), le Britannique <strong>Nathan Smith<\/strong> (Team Novo Nordisk) et le Mexicain <strong>Edgar David Cadena<\/strong> (Petrolike). Ces hommes ont compt\u00e9 3 minutes d&rsquo;avance sur un peloton emmen\u00e9 par les Lidl-Trek, mais l&rsquo;ogre a mang\u00e9 les petits poucets \u00e0 6 km de l&rsquo;arriv\u00e9e.<\/p>\n<h2 style=\"text-align: justify;\">UAE tente le coup de bordure<\/h2>\n<p style=\"text-align: justify;\">Ensuite, le vent aurait pu jouer un r\u00f4le avec quelques petites cassures dans le peloton. Derri\u00e8re, la formation UAE Team Emirates &#8211; XRG a bien tent\u00e9 de l\u00e2cher <strong>Santiago Buitrago<\/strong> en essayant une bordure, mais celui-ci a su rester vigilant avec la Bahrain-Victorious aux aguets. Le Colombien s&rsquo;adjuge donc une belle course par \u00e9tapes et <strong>Joao Almeida<\/strong> doit se contenter de la deuxi\u00e8me place.<\/p>\n<ul>\n<li style=\"text-align: justify;\"><strong>\u00c0 ce sujet &#8211; <a href=\"https:\/\/dicodusport.fr\/blog\/tour-de-valence-2025-classement-general\/\">Tour de Valence 2025 \u2013 Classement g\u00e9n\u00e9ral<\/a><\/strong><\/li>\n<\/ul>\n","protected":false},"excerpt":{"rendered":"<p>TOUR DE VALENCE 2025 &#8211; Parfaitement emmen\u00e9 par sa formation Lidl-Trek, Jonathan Milan a conclu ais\u00e9ment l&rsquo;affaire au sprint et s&rsquo;est adjug\u00e9 la derni\u00e8re \u00e9tape. Santiago Buitrago remporte le classement g\u00e9n\u00e9ral.<\/p>\n","protected":false},"author":92,"featured_media":554387,"comment_status":"open","ping_status":"closed","sticky":false,"template":"","format":"standard","meta":{"_acf_changed":false,"_daextam_enable_autolinks":"1","footnotes":""},"categories":[46994],"tags":[32415,16878,574,31008,15930],"class_list":["post-554313","post","type-post","status-publish","format-standard","has-post-thumbnail","hentry","category-cyclisme-sur-route","tag-actu","tag-breve","tag-cyclisme","tag-jonathan-milan","tag-tour-de-valence"],"acf":[],"yoast_head":"<!-- This site is optimized with the Yoast SEO Premium plugin v26.7 (Yoast SEO v26.7) - https:\/\/yoast.com\/wordpress\/plugins\/seo\/ -->\n<title>Tour de Valence 2025 : La derni\u00e8re \u00e9tape pour Jonathan Milan, le g\u00e9n\u00e9ral pour Santiago Buitrago<\/title>\n<meta name=\"description\" content=\"TOUR DE VALENCE 2025 - Jonathan Milan s&#039;adjuge la derni\u00e8re \u00e9tape au sprint. Santiago Buitrago remporte le classement g\u00e9n\u00e9ral.\" \/>\n<meta name=\"robots\" content=\"index, follow, max-snippet:-1, max-image-preview:large, max-video-preview:-1\" \/>\n<link rel=\"canonical\" href=\"https:\/\/dicodusport.fr\/blog\/tour-de-valence-2025-la-derniere-etape-pour-jonathan-milan-le-general-pour-santiago-buitrago\/\" \/>\n<meta property=\"og:locale\" content=\"fr_FR\" \/>\n<meta property=\"og:type\" content=\"article\" \/>\n<meta property=\"og:title\" content=\"Tour de Valence 2025 : La derni\u00e8re \u00e9tape pour Jonathan Milan, le g\u00e9n\u00e9ral pour Santiago Buitrago\" \/>\n<meta property=\"og:description\" content=\"TOUR DE VALENCE 2025 - Jonathan Milan s&#039;adjuge la derni\u00e8re \u00e9tape au sprint. Santiago Buitrago remporte le classement g\u00e9n\u00e9ral.\" \/>\n<meta property=\"og:url\" content=\"https:\/\/dicodusport.fr\/blog\/tour-de-valence-2025-la-derniere-etape-pour-jonathan-milan-le-general-pour-santiago-buitrago\/\" \/>\n<meta property=\"og:site_name\" content=\"Dicodusport\" \/>\n<meta property=\"article:publisher\" content=\"https:\/\/www.facebook.com\/dicodusport\" \/>\n<meta property=\"article:published_time\" content=\"2025-02-09T16:15:15+00:00\" \/>\n<meta property=\"article:modified_time\" content=\"2025-02-09T17:29:44+00:00\" \/>\n<meta property=\"og:image\" content=\"https:\/\/dicodusport.fr\/blog\/wp-content\/uploads\/2025\/02\/Tour-de-Valence-2025-La-derniere-etape-pour-Jonathan-Milan-le-general-pour-Santiago-Buitrago-1.png\" \/>\n\t<meta property=\"og:image:width\" content=\"1200\" \/>\n\t<meta property=\"og:image:height\" content=\"674\" \/>\n\t<meta property=\"og:image:type\" content=\"image\/png\" \/>\n<meta name=\"author\" content=\"Olivier Dobiezynski\" \/>\n<meta name=\"twitter:card\" content=\"summary_large_image\" \/>\n<meta name=\"twitter:title\" content=\"Tour de Valence 2025 : La derni\u00e8re \u00e9tape pour Jonathan Milan, le g\u00e9n\u00e9ral pour Santiago Buitrago\" \/>\n<meta name=\"twitter:creator\" content=\"@https:\/\/x.com\/Olivier_Matros\" \/>\n<meta name=\"twitter:site\" content=\"@dicodusport\" \/>\n<script type=\"application\/ld+json\" class=\"yoast-schema-graph\">{\"@context\":\"https:\/\/schema.org\",\"@graph\":[{\"@type\":\"NewsArticle\",\"@id\":\"https:\/\/dicodusport.fr\/blog\/tour-de-valence-2025-la-derniere-etape-pour-jonathan-milan-le-general-pour-santiago-buitrago\/#article\",\"isPartOf\":{\"@id\":\"https:\/\/dicodusport.fr\/blog\/tour-de-valence-2025-la-derniere-etape-pour-jonathan-milan-le-general-pour-santiago-buitrago\/\"},\"author\":{\"name\":\"Olivier Dobiezynski\",\"@id\":\"https:\/\/dicodusport.fr\/blog\/#\/schema\/person\/fe500246414ca17ddf0c0312d7a792cc\"},\"headline\":\"Tour de Valence 2025 : La derni\u00e8re \u00e9tape pour Jonathan Milan, le g\u00e9n\u00e9ral pour Santiago Buitrago\",\"datePublished\":\"2025-02-09T16:15:15+00:00\",\"dateModified\":\"2025-02-09T17:29:44+00:00\",\"mainEntityOfPage\":{\"@id\":\"https:\/\/dicodusport.fr\/blog\/tour-de-valence-2025-la-derniere-etape-pour-jonathan-milan-le-general-pour-santiago-buitrago\/\"},\"wordCount\":379,\"commentCount\":0,\"publisher\":{\"@id\":\"https:\/\/dicodusport.fr\/blog\/#organization\"},\"image\":{\"@id\":\"https:\/\/dicodusport.fr\/blog\/tour-de-valence-2025-la-derniere-etape-pour-jonathan-milan-le-general-pour-santiago-buitrago\/#primaryimage\"},\"thumbnailUrl\":\"https:\/\/dicodusport.fr\/blog\/wp-content\/uploads\/2025\/02\/Tour-de-Valence-2025-La-derniere-etape-pour-Jonathan-Milan-le-general-pour-Santiago-Buitrago-1.png\",\"keywords\":[\"actu\",\"br\u00e8ve\",\"Cyclisme\",\"jonathan milan\",\"Tour de Valence\"],\"articleSection\":[\"Cyclisme sur route\"],\"inLanguage\":\"fr-FR\",\"potentialAction\":[{\"@type\":\"CommentAction\",\"name\":\"Comment\",\"target\":[\"https:\/\/dicodusport.fr\/blog\/tour-de-valence-2025-la-derniere-etape-pour-jonathan-milan-le-general-pour-santiago-buitrago\/#respond\"]}],\"copyrightYear\":\"2025\",\"copyrightHolder\":{\"@id\":\"https:\/\/dicodusport.fr\/blog\/#organization\"}},{\"@type\":\"WebPage\",\"@id\":\"https:\/\/dicodusport.fr\/blog\/tour-de-valence-2025-la-derniere-etape-pour-jonathan-milan-le-general-pour-santiago-buitrago\/\",\"url\":\"https:\/\/dicodusport.fr\/blog\/tour-de-valence-2025-la-derniere-etape-pour-jonathan-milan-le-general-pour-santiago-buitrago\/\",\"name\":\"Tour de Valence 2025 : La derni\u00e8re \u00e9tape pour Jonathan Milan, le g\u00e9n\u00e9ral pour Santiago Buitrago\",\"isPartOf\":{\"@id\":\"https:\/\/dicodusport.fr\/blog\/#website\"},\"primaryImageOfPage\":{\"@id\":\"https:\/\/dicodusport.fr\/blog\/tour-de-valence-2025-la-derniere-etape-pour-jonathan-milan-le-general-pour-santiago-buitrago\/#primaryimage\"},\"image\":{\"@id\":\"https:\/\/dicodusport.fr\/blog\/tour-de-valence-2025-la-derniere-etape-pour-jonathan-milan-le-general-pour-santiago-buitrago\/#primaryimage\"},\"thumbnailUrl\":\"https:\/\/dicodusport.fr\/blog\/wp-content\/uploads\/2025\/02\/Tour-de-Valence-2025-La-derniere-etape-pour-Jonathan-Milan-le-general-pour-Santiago-Buitrago-1.png\",\"datePublished\":\"2025-02-09T16:15:15+00:00\",\"dateModified\":\"2025-02-09T17:29:44+00:00\",\"description\":\"TOUR DE VALENCE 2025 - Jonathan Milan s'adjuge la derni\u00e8re \u00e9tape au sprint. Santiago Buitrago remporte le classement g\u00e9n\u00e9ral.\",\"breadcrumb\":{\"@id\":\"https:\/\/dicodusport.fr\/blog\/tour-de-valence-2025-la-derniere-etape-pour-jonathan-milan-le-general-pour-santiago-buitrago\/#breadcrumb\"},\"inLanguage\":\"fr-FR\",\"potentialAction\":[{\"@type\":\"ReadAction\",\"target\":[\"https:\/\/dicodusport.fr\/blog\/tour-de-valence-2025-la-derniere-etape-pour-jonathan-milan-le-general-pour-santiago-buitrago\/\"]}]},{\"@type\":\"ImageObject\",\"inLanguage\":\"fr-FR\",\"@id\":\"https:\/\/dicodusport.fr\/blog\/tour-de-valence-2025-la-derniere-etape-pour-jonathan-milan-le-general-pour-santiago-buitrago\/#primaryimage\",\"url\":\"https:\/\/dicodusport.fr\/blog\/wp-content\/uploads\/2025\/02\/Tour-de-Valence-2025-La-derniere-etape-pour-Jonathan-Milan-le-general-pour-Santiago-Buitrago-1.png\",\"contentUrl\":\"https:\/\/dicodusport.fr\/blog\/wp-content\/uploads\/2025\/02\/Tour-de-Valence-2025-La-derniere-etape-pour-Jonathan-Milan-le-general-pour-Santiago-Buitrago-1.png\",\"width\":1200,\"height\":674,\"caption\":\"Tour de Valence 2025 La derni\u00e8re \u00e9tape pour Jonathan Milan, le g\u00e9n\u00e9ral pour Santiago Buitrago\"},{\"@type\":\"BreadcrumbList\",\"@id\":\"https:\/\/dicodusport.fr\/blog\/tour-de-valence-2025-la-derniere-etape-pour-jonathan-milan-le-general-pour-santiago-buitrago\/#breadcrumb\",\"itemListElement\":[{\"@type\":\"ListItem\",\"position\":1,\"name\":\"Accueil\",\"item\":\"https:\/\/dicodusport.fr\/blog\/\"},{\"@type\":\"ListItem\",\"position\":2,\"name\":\"Tour de Valence 2025 : La derni\u00e8re \u00e9tape pour Jonathan Milan, le g\u00e9n\u00e9ral pour Santiago Buitrago\"}]},{\"@type\":\"WebSite\",\"@id\":\"https:\/\/dicodusport.fr\/blog\/#website\",\"url\":\"https:\/\/dicodusport.fr\/blog\/\",\"name\":\"Dicodusport\",\"description\":\"L&#039;encyclop\u00e9die de l&#039;actualit\u00e9 sportive\",\"publisher\":{\"@id\":\"https:\/\/dicodusport.fr\/blog\/#organization\"},\"potentialAction\":[{\"@type\":\"SearchAction\",\"target\":{\"@type\":\"EntryPoint\",\"urlTemplate\":\"https:\/\/dicodusport.fr\/blog\/?s={search_term_string}\"},\"query-input\":{\"@type\":\"PropertyValueSpecification\",\"valueRequired\":true,\"valueName\":\"search_term_string\"}}],\"inLanguage\":\"fr-FR\"},{\"@type\":\"NewsMediaOrganization\",\"@id\":\"https:\/\/dicodusport.fr\/blog\/#organization\",\"name\":\"Dicodusport\",\"url\":\"https:\/\/dicodusport.fr\/blog\/\",\"logo\":{\"@type\":\"ImageObject\",\"inLanguage\":\"fr-FR\",\"@id\":\"https:\/\/dicodusport.fr\/blog\/#\/schema\/logo\/image\/\",\"url\":\"https:\/\/dicodusport.fr\/blog\/wp-content\/uploads\/2020\/06\/cropped-LOGO-DICODUSPORT-2020-SANS-FOND-SANS-TEXTE.png\",\"contentUrl\":\"https:\/\/dicodusport.fr\/blog\/wp-content\/uploads\/2020\/06\/cropped-LOGO-DICODUSPORT-2020-SANS-FOND-SANS-TEXTE.png\",\"width\":512,\"height\":512,\"caption\":\"Dicodusport\"},\"image\":{\"@id\":\"https:\/\/dicodusport.fr\/blog\/#\/schema\/logo\/image\/\"},\"sameAs\":[\"https:\/\/www.facebook.com\/dicodusport\",\"https:\/\/x.com\/dicodusport\",\"https:\/\/www.instagram.com\/dicodusport\/\",\"https:\/\/www.youtube.com\/channel\/UC7V2KZ5sd3htJivAbA4ZG3w\"],\"description\":\"Dicodusport est l'encyclop\u00e9die de l'actualit\u00e9 sportive.\",\"email\":\"bonjour@dicodusport.fr\",\"legalName\":\"DICODUSPORT\",\"foundingDate\":\"2018-01-14\",\"vatID\":\"FR71834470973\",\"taxID\":\"83447097300043\",\"numberOfEmployees\":{\"@type\":\"QuantitativeValue\",\"minValue\":\"1\",\"maxValue\":\"10\"}},{\"@type\":\"Person\",\"@id\":\"https:\/\/dicodusport.fr\/blog\/#\/schema\/person\/fe500246414ca17ddf0c0312d7a792cc\",\"name\":\"Olivier Dobiezynski\",\"image\":{\"@type\":\"ImageObject\",\"inLanguage\":\"fr-FR\",\"@id\":\"https:\/\/dicodusport.fr\/blog\/#\/schema\/person\/image\/\",\"url\":\"https:\/\/dicodusport.fr\/blog\/wp-content\/uploads\/2024\/09\/5be8fe8d-9962-4f1e-ad06-d6f9dee30e6d-150x150.jpg\",\"contentUrl\":\"https:\/\/dicodusport.fr\/blog\/wp-content\/uploads\/2024\/09\/5be8fe8d-9962-4f1e-ad06-d6f9dee30e6d-150x150.jpg\",\"caption\":\"Olivier Dobiezynski\"},\"description\":\"Depuis le milieu des ann\u00e9es 90, la passion du cyclisme m'anime. Mes h\u00e9ros s'appellent Luc Leblanc, Piotr Ugrumov, Paolo Savoldelli, Peter Sagan et bien \u00e9videmment Romain Bardet. R\u00e9dacteur depuis 2023, je suis ici pour partager cet amour de la Petite Reine. Vous pourrez me lire \u00e9galement sur du trail, du ski de fond et tout autre sujet susceptible d'\u00e9veiller ma curiosit\u00e9 sportive.\",\"sameAs\":[\"https:\/\/x.com\/https:\/\/x.com\/Olivier_Matros\"],\"url\":\"https:\/\/dicodusport.fr\/blog\/author\/olivier-gh\/\"}]}<\/script>\n<!-- \/ Yoast SEO Premium plugin. -->","yoast_head_json":{"title":"Tour de Valence 2025 : La derni\u00e8re \u00e9tape pour Jonathan Milan, le g\u00e9n\u00e9ral pour Santiago Buitrago","description":"TOUR DE VALENCE 2025 - Jonathan Milan s'adjuge la derni\u00e8re \u00e9tape au sprint. Santiago Buitrago remporte le classement g\u00e9n\u00e9ral.","robots":{"index":"index","follow":"follow","max-snippet":"max-snippet:-1","max-image-preview":"max-image-preview:large","max-video-preview":"max-video-preview:-1"},"canonical":"https:\/\/dicodusport.fr\/blog\/tour-de-valence-2025-la-derniere-etape-pour-jonathan-milan-le-general-pour-santiago-buitrago\/","og_locale":"fr_FR","og_type":"article","og_title":"Tour de Valence 2025 : La derni\u00e8re \u00e9tape pour Jonathan Milan, le g\u00e9n\u00e9ral pour Santiago Buitrago","og_description":"TOUR DE VALENCE 2025 - Jonathan Milan s'adjuge la derni\u00e8re \u00e9tape au sprint. Santiago Buitrago remporte le classement g\u00e9n\u00e9ral.","og_url":"https:\/\/dicodusport.fr\/blog\/tour-de-valence-2025-la-derniere-etape-pour-jonathan-milan-le-general-pour-santiago-buitrago\/","og_site_name":"Dicodusport","article_publisher":"https:\/\/www.facebook.com\/dicodusport","article_published_time":"2025-02-09T16:15:15+00:00","article_modified_time":"2025-02-09T17:29:44+00:00","og_image":[{"width":1200,"height":674,"url":"https:\/\/dicodusport.fr\/blog\/wp-content\/uploads\/2025\/02\/Tour-de-Valence-2025-La-derniere-etape-pour-Jonathan-Milan-le-general-pour-Santiago-Buitrago-1.png","type":"image\/png"}],"author":"Olivier Dobiezynski","twitter_card":"summary_large_image","twitter_title":"Tour de Valence 2025 : La derni\u00e8re \u00e9tape pour Jonathan Milan, le g\u00e9n\u00e9ral pour Santiago Buitrago","twitter_creator":"@https:\/\/x.com\/Olivier_Matros","twitter_site":"@dicodusport","schema":{"@context":"https:\/\/schema.org","@graph":[{"@type":"NewsArticle","@id":"https:\/\/dicodusport.fr\/blog\/tour-de-valence-2025-la-derniere-etape-pour-jonathan-milan-le-general-pour-santiago-buitrago\/#article","isPartOf":{"@id":"https:\/\/dicodusport.fr\/blog\/tour-de-valence-2025-la-derniere-etape-pour-jonathan-milan-le-general-pour-santiago-buitrago\/"},"author":{"name":"Olivier Dobiezynski","@id":"https:\/\/dicodusport.fr\/blog\/#\/schema\/person\/fe500246414ca17ddf0c0312d7a792cc"},"headline":"Tour de Valence 2025 : La derni\u00e8re \u00e9tape pour Jonathan Milan, le g\u00e9n\u00e9ral pour Santiago Buitrago","datePublished":"2025-02-09T16:15:15+00:00","dateModified":"2025-02-09T17:29:44+00:00","mainEntityOfPage":{"@id":"https:\/\/dicodusport.fr\/blog\/tour-de-valence-2025-la-derniere-etape-pour-jonathan-milan-le-general-pour-santiago-buitrago\/"},"wordCount":379,"commentCount":0,"publisher":{"@id":"https:\/\/dicodusport.fr\/blog\/#organization"},"image":{"@id":"https:\/\/dicodusport.fr\/blog\/tour-de-valence-2025-la-derniere-etape-pour-jonathan-milan-le-general-pour-santiago-buitrago\/#primaryimage"},"thumbnailUrl":"https:\/\/dicodusport.fr\/blog\/wp-content\/uploads\/2025\/02\/Tour-de-Valence-2025-La-derniere-etape-pour-Jonathan-Milan-le-general-pour-Santiago-Buitrago-1.png","keywords":["actu","br\u00e8ve","Cyclisme","jonathan milan","Tour de Valence"],"articleSection":["Cyclisme sur route"],"inLanguage":"fr-FR","potentialAction":[{"@type":"CommentAction","name":"Comment","target":["https:\/\/dicodusport.fr\/blog\/tour-de-valence-2025-la-derniere-etape-pour-jonathan-milan-le-general-pour-santiago-buitrago\/#respond"]}],"copyrightYear":"2025","copyrightHolder":{"@id":"https:\/\/dicodusport.fr\/blog\/#organization"}},{"@type":"WebPage","@id":"https:\/\/dicodusport.fr\/blog\/tour-de-valence-2025-la-derniere-etape-pour-jonathan-milan-le-general-pour-santiago-buitrago\/","url":"https:\/\/dicodusport.fr\/blog\/tour-de-valence-2025-la-derniere-etape-pour-jonathan-milan-le-general-pour-santiago-buitrago\/","name":"Tour de Valence 2025 : La derni\u00e8re \u00e9tape pour Jonathan Milan, le g\u00e9n\u00e9ral pour Santiago Buitrago","isPartOf":{"@id":"https:\/\/dicodusport.fr\/blog\/#website"},"primaryImageOfPage":{"@id":"https:\/\/dicodusport.fr\/blog\/tour-de-valence-2025-la-derniere-etape-pour-jonathan-milan-le-general-pour-santiago-buitrago\/#primaryimage"},"image":{"@id":"https:\/\/dicodusport.fr\/blog\/tour-de-valence-2025-la-derniere-etape-pour-jonathan-milan-le-general-pour-santiago-buitrago\/#primaryimage"},"thumbnailUrl":"https:\/\/dicodusport.fr\/blog\/wp-content\/uploads\/2025\/02\/Tour-de-Valence-2025-La-derniere-etape-pour-Jonathan-Milan-le-general-pour-Santiago-Buitrago-1.png","datePublished":"2025-02-09T16:15:15+00:00","dateModified":"2025-02-09T17:29:44+00:00","description":"TOUR DE VALENCE 2025 - Jonathan Milan s'adjuge la derni\u00e8re \u00e9tape au sprint. Santiago Buitrago remporte le classement g\u00e9n\u00e9ral.","breadcrumb":{"@id":"https:\/\/dicodusport.fr\/blog\/tour-de-valence-2025-la-derniere-etape-pour-jonathan-milan-le-general-pour-santiago-buitrago\/#breadcrumb"},"inLanguage":"fr-FR","potentialAction":[{"@type":"ReadAction","target":["https:\/\/dicodusport.fr\/blog\/tour-de-valence-2025-la-derniere-etape-pour-jonathan-milan-le-general-pour-santiago-buitrago\/"]}]},{"@type":"ImageObject","inLanguage":"fr-FR","@id":"https:\/\/dicodusport.fr\/blog\/tour-de-valence-2025-la-derniere-etape-pour-jonathan-milan-le-general-pour-santiago-buitrago\/#primaryimage","url":"https:\/\/dicodusport.fr\/blog\/wp-content\/uploads\/2025\/02\/Tour-de-Valence-2025-La-derniere-etape-pour-Jonathan-Milan-le-general-pour-Santiago-Buitrago-1.png","contentUrl":"https:\/\/dicodusport.fr\/blog\/wp-content\/uploads\/2025\/02\/Tour-de-Valence-2025-La-derniere-etape-pour-Jonathan-Milan-le-general-pour-Santiago-Buitrago-1.png","width":1200,"height":674,"caption":"Tour de Valence 2025 La derni\u00e8re \u00e9tape pour Jonathan Milan, le g\u00e9n\u00e9ral pour Santiago Buitrago"},{"@type":"BreadcrumbList","@id":"https:\/\/dicodusport.fr\/blog\/tour-de-valence-2025-la-derniere-etape-pour-jonathan-milan-le-general-pour-santiago-buitrago\/#breadcrumb","itemListElement":[{"@type":"ListItem","position":1,"name":"Accueil","item":"https:\/\/dicodusport.fr\/blog\/"},{"@type":"ListItem","position":2,"name":"Tour de Valence 2025 : La derni\u00e8re \u00e9tape pour Jonathan Milan, le g\u00e9n\u00e9ral pour Santiago Buitrago"}]},{"@type":"WebSite","@id":"https:\/\/dicodusport.fr\/blog\/#website","url":"https:\/\/dicodusport.fr\/blog\/","name":"Dicodusport","description":"L&#039;encyclop\u00e9die de l&#039;actualit\u00e9 sportive","publisher":{"@id":"https:\/\/dicodusport.fr\/blog\/#organization"},"potentialAction":[{"@type":"SearchAction","target":{"@type":"EntryPoint","urlTemplate":"https:\/\/dicodusport.fr\/blog\/?s={search_term_string}"},"query-input":{"@type":"PropertyValueSpecification","valueRequired":true,"valueName":"search_term_string"}}],"inLanguage":"fr-FR"},{"@type":"NewsMediaOrganization","@id":"https:\/\/dicodusport.fr\/blog\/#organization","name":"Dicodusport","url":"https:\/\/dicodusport.fr\/blog\/","logo":{"@type":"ImageObject","inLanguage":"fr-FR","@id":"https:\/\/dicodusport.fr\/blog\/#\/schema\/logo\/image\/","url":"https:\/\/dicodusport.fr\/blog\/wp-content\/uploads\/2020\/06\/cropped-LOGO-DICODUSPORT-2020-SANS-FOND-SANS-TEXTE.png","contentUrl":"https:\/\/dicodusport.fr\/blog\/wp-content\/uploads\/2020\/06\/cropped-LOGO-DICODUSPORT-2020-SANS-FOND-SANS-TEXTE.png","width":512,"height":512,"caption":"Dicodusport"},"image":{"@id":"https:\/\/dicodusport.fr\/blog\/#\/schema\/logo\/image\/"},"sameAs":["https:\/\/www.facebook.com\/dicodusport","https:\/\/x.com\/dicodusport","https:\/\/www.instagram.com\/dicodusport\/","https:\/\/www.youtube.com\/channel\/UC7V2KZ5sd3htJivAbA4ZG3w"],"description":"Dicodusport est l'encyclop\u00e9die de l'actualit\u00e9 sportive.","email":"bonjour@dicodusport.fr","legalName":"DICODUSPORT","foundingDate":"2018-01-14","vatID":"FR71834470973","taxID":"83447097300043","numberOfEmployees":{"@type":"QuantitativeValue","minValue":"1","maxValue":"10"}},{"@type":"Person","@id":"https:\/\/dicodusport.fr\/blog\/#\/schema\/person\/fe500246414ca17ddf0c0312d7a792cc","name":"Olivier Dobiezynski","image":{"@type":"ImageObject","inLanguage":"fr-FR","@id":"https:\/\/dicodusport.fr\/blog\/#\/schema\/person\/image\/","url":"https:\/\/dicodusport.fr\/blog\/wp-content\/uploads\/2024\/09\/5be8fe8d-9962-4f1e-ad06-d6f9dee30e6d-150x150.jpg","contentUrl":"https:\/\/dicodusport.fr\/blog\/wp-content\/uploads\/2024\/09\/5be8fe8d-9962-4f1e-ad06-d6f9dee30e6d-150x150.jpg","caption":"Olivier Dobiezynski"},"description":"Depuis le milieu des ann\u00e9es 90, la passion du cyclisme m'anime. Mes h\u00e9ros s'appellent Luc Leblanc, Piotr Ugrumov, Paolo Savoldelli, Peter Sagan et bien \u00e9videmment Romain Bardet. R\u00e9dacteur depuis 2023, je suis ici pour partager cet amour de la Petite Reine. Vous pourrez me lire \u00e9galement sur du trail, du ski de fond et tout autre sujet susceptible d'\u00e9veiller ma curiosit\u00e9 sportive.","sameAs":["https:\/\/x.com\/https:\/\/x.com\/Olivier_Matros"],"url":"https:\/\/dicodusport.fr\/blog\/author\/olivier-gh\/"}]}},"_links":{"self":[{"href":"https:\/\/dicodusport.fr\/blog\/wp-json\/wp\/v2\/posts\/554313","targetHints":{"allow":["GET"]}}],"collection":[{"href":"https:\/\/dicodusport.fr\/blog\/wp-json\/wp\/v2\/posts"}],"about":[{"href":"https:\/\/dicodusport.fr\/blog\/wp-json\/wp\/v2\/types\/post"}],"author":[{"embeddable":true,"href":"https:\/\/dicodusport.fr\/blog\/wp-json\/wp\/v2\/users\/92"}],"replies":[{"embeddable":true,"href":"https:\/\/dicodusport.fr\/blog\/wp-json\/wp\/v2\/comments?post=554313"}],"version-history":[{"count":5,"href":"https:\/\/dicodusport.fr\/blog\/wp-json\/wp\/v2\/posts\/554313\/revisions"}],"predecessor-version":[{"id":554336,"href":"https:\/\/dicodusport.fr\/blog\/wp-json\/wp\/v2\/posts\/554313\/revisions\/554336"}],"wp:featuredmedia":[{"embeddable":true,"href":"https:\/\/dicodusport.fr\/blog\/wp-json\/wp\/v2\/media\/554387"}],"wp:attachment":[{"href":"https:\/\/dicodusport.fr\/blog\/wp-json\/wp\/v2\/media?parent=554313"}],"wp:term":[{"taxonomy":"category","embeddable":true,"href":"https:\/\/dicodusport.fr\/blog\/wp-json\/wp\/v2\/categories?post=554313"},{"taxonomy":"post_tag","embeddable":true,"href":"https:\/\/dicodusport.fr\/blog\/wp-json\/wp\/v2\/tags?post=554313"}],"curies":[{"name":"wp","href":"https:\/\/api.w.org\/{rel}","templated":true}]}}