{"id":55471,"date":"2019-12-22T14:54:58","date_gmt":"2019-12-22T13:54:58","guid":{"rendered":"http:\/\/dicodusport.fr\/blog\/?p=55471&#038;preview=true&#038;preview_id=55471"},"modified":"2019-12-24T12:46:45","modified_gmt":"2019-12-24T11:46:45","slug":"biathlon-grand-bornand-tiril-eckhoff-epoustouflante-mass-start","status":"publish","type":"post","link":"https:\/\/dicodusport.fr\/blog\/biathlon-grand-bornand-tiril-eckhoff-epoustouflante-mass-start\/","title":{"rendered":"Grand-Bornand : Tiril Eckhoff de nouveau \u00e9poustouflante sur la mass start"},"content":{"rendered":"<p style=\"text-align: justify;\"><em><strong><a href=\"https:\/\/dicodusport.fr\/blog\/biathlon-coupe-du-monde-le-programme-complet-du-grand-bornand\/\" target=\"_blank\" rel=\"noopener\">Biathlon &#8211; Grand Bornand<\/a> &#8211; Seule au monde, Tiril Eckhoff a remport\u00e9 ce dimanche la mass start dans la station fran\u00e7aise. La Norv\u00e9gienne r\u00e9alise le tripl\u00e9 sprint &#8211; poursuite &#8211; mass start.<br \/>\n<\/strong><\/em><\/p>\n<p style=\"text-align: justify;\">Magnifique <strong>Tiril Eckhoff<\/strong> ! D\u00e9j\u00e0 victorieuse du sprint et de la poursuite, la Norv\u00e9gienne vient de s&rsquo;imposer sur la mass start ce dimanche. Largement au-dessus du lot malgr\u00e9 un 18\/20 dans des conditions compliqu\u00e9es, la Nordique a devanc\u00e9 l&rsquo;Italienne <strong>Dorothea Wierer<\/strong> (18\/20) qui r\u00e9cup\u00e8re le dossard jaune de leader du <a href=\"https:\/\/www.biathlonworld.com\/competitions\/world-cup\/standings\/season\/1920\/level\/1\/score\/ts\/gender\/w\/\" target=\"_blank\" rel=\"noopener\">classement g\u00e9n\u00e9ral<\/a>, ainsi que la Su\u00e9doise <strong>Linn Persson<\/strong>.<\/p>\n<p style=\"text-align: justify;\">Premi\u00e8re Fran\u00e7aise, <strong>Ana\u00efs Bescond<\/strong>, partie avec le dossard 22, termine \u00e0 une 7\u00e8me place inesp\u00e9r\u00e9e, avec un 19\/20 face aux cibles. <strong>Justine Braisaz<\/strong>, elle, a craqu\u00e9 avec 7 fautes et une 20\u00e8me place.<\/p>\n<ul>\n<li style=\"text-align: justify;\"><a href=\"https:\/\/www.biathlonworld.com\/competitions\/world-cup\/events\/bmw-ibu-world-cup-biathlon-annecy-le-grand-bornand-1920\/bt1920swrlcp03\/race\/women-125-km-mass-start\/bt1920swrlcp03swms\/\" target=\"_blank\" rel=\"noopener\"><strong>Le classement complet de la mass start dames<\/strong><\/a><\/li>\n<\/ul>\n<blockquote class=\"twitter-tweet\" data-lang=\"fr\">\n<p dir=\"ltr\" lang=\"fr\">&#x1f1f3;&#x1f1f4;&#x1f44f; Tiril Eckhoff signe un magnifique tripl\u00e9 au Grand Bornand en remportant la mass start ! <a href=\"https:\/\/twitter.com\/hashtag\/lequipeBIATHLON?src=hash&amp;ref_src=twsrc%5Etfw\">#lequipeBIATHLON<\/a> <a href=\"https:\/\/t.co\/L3lINDmR88\">pic.twitter.com\/L3lINDmR88<\/a><\/p>\n<p>\u2014 la chaine L&rsquo;\u00c9quipe (@lachainelequipe) <a href=\"https:\/\/twitter.com\/lachainelequipe\/status\/1208748153643655170?ref_src=twsrc%5Etfw\">22 d\u00e9cembre 2019<\/a><\/p><\/blockquote>\n<p><script async src=\"https:\/\/platform.twitter.com\/widgets.js\" charset=\"utf-8\"><\/script><\/p>\n<p><strong><em>Dicodusport<br \/>\n<a href=\"https:\/\/www.facebook.com\/dicodusport\/\" target=\"_blank\" rel=\"noopener\"><img loading=\"lazy\" decoding=\"async\" class=\"alignnone wp-image-2909\" src=\"http:\/\/dicodusport.fr\/blog\/wp-content\/uploads\/2017\/07\/logo-facebook-150x150.png\" alt=\"\" width=\"40\" height=\"40\" \/><\/a><a href=\"https:\/\/twitter.com\/dicodusport\" target=\"_blank\" rel=\"noopener\"><img loading=\"lazy\" decoding=\"async\" class=\"alignnone wp-image-2908\" src=\"http:\/\/dicodusport.fr\/blog\/wp-content\/uploads\/2017\/07\/logo-twitter-150x150.png\" alt=\"\" width=\"39\" height=\"39\" \/><\/a><\/em><\/strong><\/p>\n","protected":false},"excerpt":{"rendered":"<p>Biathlon &#8211; Grand Bornand &#8211; Seule au monde, Tiril Eckhoff a remport\u00e9 ce dimanche la mass start dans la station fran\u00e7aise. La Norv\u00e9gienne r\u00e9alise le tripl\u00e9.<\/p>\n","protected":false},"author":4,"featured_media":55473,"comment_status":"open","ping_status":"closed","sticky":false,"template":"","format":"standard","meta":{"_acf_changed":false,"_daextam_enable_autolinks":"","footnotes":""},"categories":[2426],"tags":[2427,2866],"class_list":["post-55471","post","type-post","status-publish","format-standard","has-post-thumbnail","hentry","category-biathlon","tag-biathlon","tag-grand-bornand"],"acf":[],"yoast_head":"<!-- This site is optimized with the Yoast SEO Premium plugin v26.7 (Yoast SEO v26.7) - https:\/\/yoast.com\/wordpress\/plugins\/seo\/ -->\n<title>Grand-Bornand : Tiril Eckhoff de nouveau \u00e9poustouflante sur la mass start<\/title>\n<meta name=\"description\" content=\"Biathlon - Grand Bornand - Seule au monde, Tiril Eckhoff a remport\u00e9 ce dimanche la mass start dans la station fran\u00e7aise. La Norv\u00e9gienne r\u00e9alise le tripl\u00e9.\" \/>\n<meta name=\"robots\" content=\"index, follow, max-snippet:-1, max-image-preview:large, max-video-preview:-1\" \/>\n<link rel=\"canonical\" href=\"https:\/\/dicodusport.fr\/blog\/biathlon-grand-bornand-tiril-eckhoff-epoustouflante-mass-start\/\" \/>\n<meta property=\"og:locale\" content=\"fr_FR\" \/>\n<meta property=\"og:type\" content=\"article\" \/>\n<meta property=\"og:title\" content=\"Grand-Bornand : Tiril Eckhoff de nouveau \u00e9poustouflante sur la mass start\" \/>\n<meta property=\"og:description\" content=\"Biathlon - Grand Bornand - Seule au monde, Tiril Eckhoff a remport\u00e9 ce dimanche la mass start dans la station fran\u00e7aise. La Norv\u00e9gienne r\u00e9alise le tripl\u00e9.\" \/>\n<meta property=\"og:url\" content=\"https:\/\/dicodusport.fr\/blog\/biathlon-grand-bornand-tiril-eckhoff-epoustouflante-mass-start\/\" \/>\n<meta property=\"og:site_name\" content=\"Dicodusport\" \/>\n<meta property=\"article:publisher\" content=\"https:\/\/www.facebook.com\/dicodusport\" \/>\n<meta property=\"article:author\" content=\"https:\/\/www.facebook.com\/florent.ostermann\" \/>\n<meta property=\"article:published_time\" content=\"2019-12-22T13:54:58+00:00\" \/>\n<meta property=\"article:modified_time\" content=\"2019-12-24T11:46:45+00:00\" \/>\n<meta property=\"og:image\" content=\"https:\/\/dicodusport.fr\/blog\/wp-content\/uploads\/2019\/12\/Grand-Bornand-Tiril-Eckhoff-de-nouveau-\u00e9poustouflante-sur-la-mass-start.png\" \/>\n\t<meta property=\"og:image:width\" content=\"800\" \/>\n\t<meta property=\"og:image:height\" content=\"445\" \/>\n\t<meta property=\"og:image:type\" content=\"image\/png\" \/>\n<meta name=\"author\" content=\"Flo Ostermann\" \/>\n<meta name=\"twitter:card\" content=\"summary_large_image\" \/>\n<meta name=\"twitter:title\" content=\"Grand-Bornand : Tiril Eckhoff de nouveau \u00e9poustouflante sur la mass start\" \/>\n<meta name=\"twitter:creator\" content=\"@https:\/\/twitter.com\/FlOstermann\" \/>\n<meta name=\"twitter:site\" content=\"@dicodusport\" \/>\n<script type=\"application\/ld+json\" class=\"yoast-schema-graph\">{\"@context\":\"https:\/\/schema.org\",\"@graph\":[{\"@type\":\"NewsArticle\",\"@id\":\"https:\/\/dicodusport.fr\/blog\/biathlon-grand-bornand-tiril-eckhoff-epoustouflante-mass-start\/#article\",\"isPartOf\":{\"@id\":\"https:\/\/dicodusport.fr\/blog\/biathlon-grand-bornand-tiril-eckhoff-epoustouflante-mass-start\/\"},\"author\":{\"name\":\"Flo Ostermann\",\"@id\":\"https:\/\/dicodusport.fr\/blog\/#\/schema\/person\/cb02af4c173ce4a653b55e9baf388d4a\"},\"headline\":\"Grand-Bornand : Tiril Eckhoff de nouveau \u00e9poustouflante sur la mass start\",\"datePublished\":\"2019-12-22T13:54:58+00:00\",\"dateModified\":\"2019-12-24T11:46:45+00:00\",\"mainEntityOfPage\":{\"@id\":\"https:\/\/dicodusport.fr\/blog\/biathlon-grand-bornand-tiril-eckhoff-epoustouflante-mass-start\/\"},\"wordCount\":189,\"commentCount\":0,\"publisher\":{\"@id\":\"https:\/\/dicodusport.fr\/blog\/#organization\"},\"image\":{\"@id\":\"https:\/\/dicodusport.fr\/blog\/biathlon-grand-bornand-tiril-eckhoff-epoustouflante-mass-start\/#primaryimage\"},\"thumbnailUrl\":\"https:\/\/dicodusport.fr\/blog\/wp-content\/uploads\/2019\/12\/Grand-Bornand-Tiril-Eckhoff-de-nouveau-\u00e9poustouflante-sur-la-mass-start.png\",\"keywords\":[\"Biathlon\",\"Grand Bornand\"],\"articleSection\":[\"Biathlon\"],\"inLanguage\":\"fr-FR\",\"potentialAction\":[{\"@type\":\"CommentAction\",\"name\":\"Comment\",\"target\":[\"https:\/\/dicodusport.fr\/blog\/biathlon-grand-bornand-tiril-eckhoff-epoustouflante-mass-start\/#respond\"]}],\"copyrightYear\":\"2019\",\"copyrightHolder\":{\"@id\":\"https:\/\/dicodusport.fr\/blog\/#organization\"}},{\"@type\":\"WebPage\",\"@id\":\"https:\/\/dicodusport.fr\/blog\/biathlon-grand-bornand-tiril-eckhoff-epoustouflante-mass-start\/\",\"url\":\"https:\/\/dicodusport.fr\/blog\/biathlon-grand-bornand-tiril-eckhoff-epoustouflante-mass-start\/\",\"name\":\"Grand-Bornand : Tiril Eckhoff de nouveau \u00e9poustouflante sur la mass start\",\"isPartOf\":{\"@id\":\"https:\/\/dicodusport.fr\/blog\/#website\"},\"primaryImageOfPage\":{\"@id\":\"https:\/\/dicodusport.fr\/blog\/biathlon-grand-bornand-tiril-eckhoff-epoustouflante-mass-start\/#primaryimage\"},\"image\":{\"@id\":\"https:\/\/dicodusport.fr\/blog\/biathlon-grand-bornand-tiril-eckhoff-epoustouflante-mass-start\/#primaryimage\"},\"thumbnailUrl\":\"https:\/\/dicodusport.fr\/blog\/wp-content\/uploads\/2019\/12\/Grand-Bornand-Tiril-Eckhoff-de-nouveau-\u00e9poustouflante-sur-la-mass-start.png\",\"datePublished\":\"2019-12-22T13:54:58+00:00\",\"dateModified\":\"2019-12-24T11:46:45+00:00\",\"description\":\"Biathlon - Grand Bornand - Seule au monde, Tiril Eckhoff a remport\u00e9 ce dimanche la mass start dans la station fran\u00e7aise. La Norv\u00e9gienne r\u00e9alise le tripl\u00e9.\",\"breadcrumb\":{\"@id\":\"https:\/\/dicodusport.fr\/blog\/biathlon-grand-bornand-tiril-eckhoff-epoustouflante-mass-start\/#breadcrumb\"},\"inLanguage\":\"fr-FR\",\"potentialAction\":[{\"@type\":\"ReadAction\",\"target\":[\"https:\/\/dicodusport.fr\/blog\/biathlon-grand-bornand-tiril-eckhoff-epoustouflante-mass-start\/\"]}]},{\"@type\":\"ImageObject\",\"inLanguage\":\"fr-FR\",\"@id\":\"https:\/\/dicodusport.fr\/blog\/biathlon-grand-bornand-tiril-eckhoff-epoustouflante-mass-start\/#primaryimage\",\"url\":\"https:\/\/dicodusport.fr\/blog\/wp-content\/uploads\/2019\/12\/Grand-Bornand-Tiril-Eckhoff-de-nouveau-\u00e9poustouflante-sur-la-mass-start.png\",\"contentUrl\":\"https:\/\/dicodusport.fr\/blog\/wp-content\/uploads\/2019\/12\/Grand-Bornand-Tiril-Eckhoff-de-nouveau-\u00e9poustouflante-sur-la-mass-start.png\",\"width\":800,\"height\":445,\"caption\":\"Grand-Bornand - Tiril Eckhoff de nouveau \u00e9poustouflante sur la mass start\"},{\"@type\":\"BreadcrumbList\",\"@id\":\"https:\/\/dicodusport.fr\/blog\/biathlon-grand-bornand-tiril-eckhoff-epoustouflante-mass-start\/#breadcrumb\",\"itemListElement\":[{\"@type\":\"ListItem\",\"position\":1,\"name\":\"Accueil\",\"item\":\"https:\/\/dicodusport.fr\/blog\/\"},{\"@type\":\"ListItem\",\"position\":2,\"name\":\"Grand-Bornand : Tiril Eckhoff de nouveau \u00e9poustouflante sur la mass start\"}]},{\"@type\":\"WebSite\",\"@id\":\"https:\/\/dicodusport.fr\/blog\/#website\",\"url\":\"https:\/\/dicodusport.fr\/blog\/\",\"name\":\"Dicodusport\",\"description\":\"L&#039;encyclop\u00e9die de l&#039;actualit\u00e9 sportive\",\"publisher\":{\"@id\":\"https:\/\/dicodusport.fr\/blog\/#organization\"},\"potentialAction\":[{\"@type\":\"SearchAction\",\"target\":{\"@type\":\"EntryPoint\",\"urlTemplate\":\"https:\/\/dicodusport.fr\/blog\/?s={search_term_string}\"},\"query-input\":{\"@type\":\"PropertyValueSpecification\",\"valueRequired\":true,\"valueName\":\"search_term_string\"}}],\"inLanguage\":\"fr-FR\"},{\"@type\":\"NewsMediaOrganization\",\"@id\":\"https:\/\/dicodusport.fr\/blog\/#organization\",\"name\":\"Dicodusport\",\"url\":\"https:\/\/dicodusport.fr\/blog\/\",\"logo\":{\"@type\":\"ImageObject\",\"inLanguage\":\"fr-FR\",\"@id\":\"https:\/\/dicodusport.fr\/blog\/#\/schema\/logo\/image\/\",\"url\":\"https:\/\/dicodusport.fr\/blog\/wp-content\/uploads\/2020\/06\/cropped-LOGO-DICODUSPORT-2020-SANS-FOND-SANS-TEXTE.png\",\"contentUrl\":\"https:\/\/dicodusport.fr\/blog\/wp-content\/uploads\/2020\/06\/cropped-LOGO-DICODUSPORT-2020-SANS-FOND-SANS-TEXTE.png\",\"width\":512,\"height\":512,\"caption\":\"Dicodusport\"},\"image\":{\"@id\":\"https:\/\/dicodusport.fr\/blog\/#\/schema\/logo\/image\/\"},\"sameAs\":[\"https:\/\/www.facebook.com\/dicodusport\",\"https:\/\/x.com\/dicodusport\",\"https:\/\/www.instagram.com\/dicodusport\/\",\"https:\/\/www.youtube.com\/channel\/UC7V2KZ5sd3htJivAbA4ZG3w\"],\"description\":\"Dicodusport est l'encyclop\u00e9die de l'actualit\u00e9 sportive.\",\"email\":\"bonjour@dicodusport.fr\",\"legalName\":\"DICODUSPORT\",\"foundingDate\":\"2018-01-14\",\"vatID\":\"FR71834470973\",\"taxID\":\"83447097300043\",\"numberOfEmployees\":{\"@type\":\"QuantitativeValue\",\"minValue\":\"1\",\"maxValue\":\"10\"}},{\"@type\":\"Person\",\"@id\":\"https:\/\/dicodusport.fr\/blog\/#\/schema\/person\/cb02af4c173ce4a653b55e9baf388d4a\",\"name\":\"Flo Ostermann\",\"image\":{\"@type\":\"ImageObject\",\"inLanguage\":\"fr-FR\",\"@id\":\"https:\/\/dicodusport.fr\/blog\/#\/schema\/person\/image\/\",\"url\":\"https:\/\/dicodusport.fr\/blog\/wp-content\/uploads\/2021\/05\/Flo-Ostermann-150x150.jpg\",\"contentUrl\":\"https:\/\/dicodusport.fr\/blog\/wp-content\/uploads\/2021\/05\/Flo-Ostermann-150x150.jpg\",\"caption\":\"Flo Ostermann\"},\"description\":\"Journaliste\/R\u00e9dacteur depuis septembre 2015 - Mes premiers souvenirs dans le sport ? Les envol\u00e9es du Stade Toulousain et les duels Villeneuve-Schumacher et H\u00e4kkinen-Schumacher \u00e0 la fin des ann\u00e9es 90, la Coupe du monde de football en 1998, l\u2019exploit du XV de France face aux All Blacks en 1999, mais aussi Richard C\u0153ur de Lion qui vole sur les montagnes du Tour de France. Bien parti pour devenir professeur d\u2019EPS, les \u00e9v\u00e9nements de la vie (et la flemme d\u2019animer des s\u00e9ances de 3x500 m\u00e8tres toute ma vie) m\u2019ont conduit \u00e0 revoir mes plans. Me voil\u00e0 depuis fin 2017 sur Dicodusport, m\u00e9dia gr\u00e2ce (et pour) lequel je partage ma passion : le sport dans tous ses \u00e9tats. Le tout accompagn\u00e9 par les fous furieux et folles furieuses cit\u00e9s sur cette page !\",\"sameAs\":[\"https:\/\/www.facebook.com\/florent.ostermann\",\"https:\/\/x.com\/https:\/\/twitter.com\/FlOstermann\",\"admin\"],\"url\":\"https:\/\/dicodusport.fr\/blog\/author\/flo\/\"}]}<\/script>\n<!-- \/ Yoast SEO Premium plugin. -->","yoast_head_json":{"title":"Grand-Bornand : Tiril Eckhoff de nouveau \u00e9poustouflante sur la mass start","description":"Biathlon - Grand Bornand - Seule au monde, Tiril Eckhoff a remport\u00e9 ce dimanche la mass start dans la station fran\u00e7aise. La Norv\u00e9gienne r\u00e9alise le tripl\u00e9.","robots":{"index":"index","follow":"follow","max-snippet":"max-snippet:-1","max-image-preview":"max-image-preview:large","max-video-preview":"max-video-preview:-1"},"canonical":"https:\/\/dicodusport.fr\/blog\/biathlon-grand-bornand-tiril-eckhoff-epoustouflante-mass-start\/","og_locale":"fr_FR","og_type":"article","og_title":"Grand-Bornand : Tiril Eckhoff de nouveau \u00e9poustouflante sur la mass start","og_description":"Biathlon - Grand Bornand - Seule au monde, Tiril Eckhoff a remport\u00e9 ce dimanche la mass start dans la station fran\u00e7aise. La Norv\u00e9gienne r\u00e9alise le tripl\u00e9.","og_url":"https:\/\/dicodusport.fr\/blog\/biathlon-grand-bornand-tiril-eckhoff-epoustouflante-mass-start\/","og_site_name":"Dicodusport","article_publisher":"https:\/\/www.facebook.com\/dicodusport","article_author":"https:\/\/www.facebook.com\/florent.ostermann","article_published_time":"2019-12-22T13:54:58+00:00","article_modified_time":"2019-12-24T11:46:45+00:00","og_image":[{"width":800,"height":445,"url":"https:\/\/dicodusport.fr\/blog\/wp-content\/uploads\/2019\/12\/Grand-Bornand-Tiril-Eckhoff-de-nouveau-\u00e9poustouflante-sur-la-mass-start.png","type":"image\/png"}],"author":"Flo Ostermann","twitter_card":"summary_large_image","twitter_title":"Grand-Bornand : Tiril Eckhoff de nouveau \u00e9poustouflante sur la mass start","twitter_creator":"@https:\/\/twitter.com\/FlOstermann","twitter_site":"@dicodusport","schema":{"@context":"https:\/\/schema.org","@graph":[{"@type":"NewsArticle","@id":"https:\/\/dicodusport.fr\/blog\/biathlon-grand-bornand-tiril-eckhoff-epoustouflante-mass-start\/#article","isPartOf":{"@id":"https:\/\/dicodusport.fr\/blog\/biathlon-grand-bornand-tiril-eckhoff-epoustouflante-mass-start\/"},"author":{"name":"Flo Ostermann","@id":"https:\/\/dicodusport.fr\/blog\/#\/schema\/person\/cb02af4c173ce4a653b55e9baf388d4a"},"headline":"Grand-Bornand : Tiril Eckhoff de nouveau \u00e9poustouflante sur la mass start","datePublished":"2019-12-22T13:54:58+00:00","dateModified":"2019-12-24T11:46:45+00:00","mainEntityOfPage":{"@id":"https:\/\/dicodusport.fr\/blog\/biathlon-grand-bornand-tiril-eckhoff-epoustouflante-mass-start\/"},"wordCount":189,"commentCount":0,"publisher":{"@id":"https:\/\/dicodusport.fr\/blog\/#organization"},"image":{"@id":"https:\/\/dicodusport.fr\/blog\/biathlon-grand-bornand-tiril-eckhoff-epoustouflante-mass-start\/#primaryimage"},"thumbnailUrl":"https:\/\/dicodusport.fr\/blog\/wp-content\/uploads\/2019\/12\/Grand-Bornand-Tiril-Eckhoff-de-nouveau-\u00e9poustouflante-sur-la-mass-start.png","keywords":["Biathlon","Grand Bornand"],"articleSection":["Biathlon"],"inLanguage":"fr-FR","potentialAction":[{"@type":"CommentAction","name":"Comment","target":["https:\/\/dicodusport.fr\/blog\/biathlon-grand-bornand-tiril-eckhoff-epoustouflante-mass-start\/#respond"]}],"copyrightYear":"2019","copyrightHolder":{"@id":"https:\/\/dicodusport.fr\/blog\/#organization"}},{"@type":"WebPage","@id":"https:\/\/dicodusport.fr\/blog\/biathlon-grand-bornand-tiril-eckhoff-epoustouflante-mass-start\/","url":"https:\/\/dicodusport.fr\/blog\/biathlon-grand-bornand-tiril-eckhoff-epoustouflante-mass-start\/","name":"Grand-Bornand : Tiril Eckhoff de nouveau \u00e9poustouflante sur la mass start","isPartOf":{"@id":"https:\/\/dicodusport.fr\/blog\/#website"},"primaryImageOfPage":{"@id":"https:\/\/dicodusport.fr\/blog\/biathlon-grand-bornand-tiril-eckhoff-epoustouflante-mass-start\/#primaryimage"},"image":{"@id":"https:\/\/dicodusport.fr\/blog\/biathlon-grand-bornand-tiril-eckhoff-epoustouflante-mass-start\/#primaryimage"},"thumbnailUrl":"https:\/\/dicodusport.fr\/blog\/wp-content\/uploads\/2019\/12\/Grand-Bornand-Tiril-Eckhoff-de-nouveau-\u00e9poustouflante-sur-la-mass-start.png","datePublished":"2019-12-22T13:54:58+00:00","dateModified":"2019-12-24T11:46:45+00:00","description":"Biathlon - Grand Bornand - Seule au monde, Tiril Eckhoff a remport\u00e9 ce dimanche la mass start dans la station fran\u00e7aise. La Norv\u00e9gienne r\u00e9alise le tripl\u00e9.","breadcrumb":{"@id":"https:\/\/dicodusport.fr\/blog\/biathlon-grand-bornand-tiril-eckhoff-epoustouflante-mass-start\/#breadcrumb"},"inLanguage":"fr-FR","potentialAction":[{"@type":"ReadAction","target":["https:\/\/dicodusport.fr\/blog\/biathlon-grand-bornand-tiril-eckhoff-epoustouflante-mass-start\/"]}]},{"@type":"ImageObject","inLanguage":"fr-FR","@id":"https:\/\/dicodusport.fr\/blog\/biathlon-grand-bornand-tiril-eckhoff-epoustouflante-mass-start\/#primaryimage","url":"https:\/\/dicodusport.fr\/blog\/wp-content\/uploads\/2019\/12\/Grand-Bornand-Tiril-Eckhoff-de-nouveau-\u00e9poustouflante-sur-la-mass-start.png","contentUrl":"https:\/\/dicodusport.fr\/blog\/wp-content\/uploads\/2019\/12\/Grand-Bornand-Tiril-Eckhoff-de-nouveau-\u00e9poustouflante-sur-la-mass-start.png","width":800,"height":445,"caption":"Grand-Bornand - Tiril Eckhoff de nouveau \u00e9poustouflante sur la mass start"},{"@type":"BreadcrumbList","@id":"https:\/\/dicodusport.fr\/blog\/biathlon-grand-bornand-tiril-eckhoff-epoustouflante-mass-start\/#breadcrumb","itemListElement":[{"@type":"ListItem","position":1,"name":"Accueil","item":"https:\/\/dicodusport.fr\/blog\/"},{"@type":"ListItem","position":2,"name":"Grand-Bornand : Tiril Eckhoff de nouveau \u00e9poustouflante sur la mass start"}]},{"@type":"WebSite","@id":"https:\/\/dicodusport.fr\/blog\/#website","url":"https:\/\/dicodusport.fr\/blog\/","name":"Dicodusport","description":"L&#039;encyclop\u00e9die de l&#039;actualit\u00e9 sportive","publisher":{"@id":"https:\/\/dicodusport.fr\/blog\/#organization"},"potentialAction":[{"@type":"SearchAction","target":{"@type":"EntryPoint","urlTemplate":"https:\/\/dicodusport.fr\/blog\/?s={search_term_string}"},"query-input":{"@type":"PropertyValueSpecification","valueRequired":true,"valueName":"search_term_string"}}],"inLanguage":"fr-FR"},{"@type":"NewsMediaOrganization","@id":"https:\/\/dicodusport.fr\/blog\/#organization","name":"Dicodusport","url":"https:\/\/dicodusport.fr\/blog\/","logo":{"@type":"ImageObject","inLanguage":"fr-FR","@id":"https:\/\/dicodusport.fr\/blog\/#\/schema\/logo\/image\/","url":"https:\/\/dicodusport.fr\/blog\/wp-content\/uploads\/2020\/06\/cropped-LOGO-DICODUSPORT-2020-SANS-FOND-SANS-TEXTE.png","contentUrl":"https:\/\/dicodusport.fr\/blog\/wp-content\/uploads\/2020\/06\/cropped-LOGO-DICODUSPORT-2020-SANS-FOND-SANS-TEXTE.png","width":512,"height":512,"caption":"Dicodusport"},"image":{"@id":"https:\/\/dicodusport.fr\/blog\/#\/schema\/logo\/image\/"},"sameAs":["https:\/\/www.facebook.com\/dicodusport","https:\/\/x.com\/dicodusport","https:\/\/www.instagram.com\/dicodusport\/","https:\/\/www.youtube.com\/channel\/UC7V2KZ5sd3htJivAbA4ZG3w"],"description":"Dicodusport est l'encyclop\u00e9die de l'actualit\u00e9 sportive.","email":"bonjour@dicodusport.fr","legalName":"DICODUSPORT","foundingDate":"2018-01-14","vatID":"FR71834470973","taxID":"83447097300043","numberOfEmployees":{"@type":"QuantitativeValue","minValue":"1","maxValue":"10"}},{"@type":"Person","@id":"https:\/\/dicodusport.fr\/blog\/#\/schema\/person\/cb02af4c173ce4a653b55e9baf388d4a","name":"Flo Ostermann","image":{"@type":"ImageObject","inLanguage":"fr-FR","@id":"https:\/\/dicodusport.fr\/blog\/#\/schema\/person\/image\/","url":"https:\/\/dicodusport.fr\/blog\/wp-content\/uploads\/2021\/05\/Flo-Ostermann-150x150.jpg","contentUrl":"https:\/\/dicodusport.fr\/blog\/wp-content\/uploads\/2021\/05\/Flo-Ostermann-150x150.jpg","caption":"Flo Ostermann"},"description":"Journaliste\/R\u00e9dacteur depuis septembre 2015 - Mes premiers souvenirs dans le sport ? Les envol\u00e9es du Stade Toulousain et les duels Villeneuve-Schumacher et H\u00e4kkinen-Schumacher \u00e0 la fin des ann\u00e9es 90, la Coupe du monde de football en 1998, l\u2019exploit du XV de France face aux All Blacks en 1999, mais aussi Richard C\u0153ur de Lion qui vole sur les montagnes du Tour de France. Bien parti pour devenir professeur d\u2019EPS, les \u00e9v\u00e9nements de la vie (et la flemme d\u2019animer des s\u00e9ances de 3x500 m\u00e8tres toute ma vie) m\u2019ont conduit \u00e0 revoir mes plans. Me voil\u00e0 depuis fin 2017 sur Dicodusport, m\u00e9dia gr\u00e2ce (et pour) lequel je partage ma passion : le sport dans tous ses \u00e9tats. Le tout accompagn\u00e9 par les fous furieux et folles furieuses cit\u00e9s sur cette page !","sameAs":["https:\/\/www.facebook.com\/florent.ostermann","https:\/\/x.com\/https:\/\/twitter.com\/FlOstermann","admin"],"url":"https:\/\/dicodusport.fr\/blog\/author\/flo\/"}]}},"_links":{"self":[{"href":"https:\/\/dicodusport.fr\/blog\/wp-json\/wp\/v2\/posts\/55471","targetHints":{"allow":["GET"]}}],"collection":[{"href":"https:\/\/dicodusport.fr\/blog\/wp-json\/wp\/v2\/posts"}],"about":[{"href":"https:\/\/dicodusport.fr\/blog\/wp-json\/wp\/v2\/types\/post"}],"author":[{"embeddable":true,"href":"https:\/\/dicodusport.fr\/blog\/wp-json\/wp\/v2\/users\/4"}],"replies":[{"embeddable":true,"href":"https:\/\/dicodusport.fr\/blog\/wp-json\/wp\/v2\/comments?post=55471"}],"version-history":[{"count":0,"href":"https:\/\/dicodusport.fr\/blog\/wp-json\/wp\/v2\/posts\/55471\/revisions"}],"wp:featuredmedia":[{"embeddable":true,"href":"https:\/\/dicodusport.fr\/blog\/wp-json\/wp\/v2\/media\/55473"}],"wp:attachment":[{"href":"https:\/\/dicodusport.fr\/blog\/wp-json\/wp\/v2\/media?parent=55471"}],"wp:term":[{"taxonomy":"category","embeddable":true,"href":"https:\/\/dicodusport.fr\/blog\/wp-json\/wp\/v2\/categories?post=55471"},{"taxonomy":"post_tag","embeddable":true,"href":"https:\/\/dicodusport.fr\/blog\/wp-json\/wp\/v2\/tags?post=55471"}],"curies":[{"name":"wp","href":"https:\/\/api.w.org\/{rel}","templated":true}]}}