{"id":554783,"date":"2025-02-12T14:00:18","date_gmt":"2025-02-12T13:00:18","guid":{"rendered":"https:\/\/dicodusport.fr\/blog\/?p=554783&#038;preview=true&#038;preview_id=554783"},"modified":"2025-02-15T07:55:37","modified_gmt":"2025-02-15T06:55:37","slug":"ligue-2-le-stade-malherbe-de-caen-institution-en-peril","status":"publish","type":"post","link":"https:\/\/dicodusport.fr\/blog\/ligue-2-le-stade-malherbe-de-caen-institution-en-peril\/","title":{"rendered":"Ligue 2\u00a0: Le Stade Malherbe de Caen, institution en p\u00e9ril"},"content":{"rendered":"<h4 style=\"text-align: justify;\"><em>LIGUE 2 \u2013 Bon dernier du championnat et embourb\u00e9 dans une s\u00e9rie de huit d\u00e9faites de rang, le Stade Malherbe de Caen est au bord du pr\u00e9cipice. Malgr\u00e9 un changement d\u2019entra\u00eeneur et un recrutement actif cet hiver, la magie n\u2019op\u00e8re pas. La d\u00e9faite subie face \u00e0 Dunkerque \u00e0 Michel-d&rsquo;Ornano lundi n\u2019a fait que mettre un peu plus en lumi\u00e8re la faillite actuelle totale du club.<\/em><\/h4>\n<p style=\"text-align: justify;\">Ces derni\u00e8res ann\u00e9es, le football fran\u00e7ais compte chaque ann\u00e9e bon nombre de clubs historiques connaissant une descente aux enfers plus ou moins acc\u00e9l\u00e9r\u00e9e. S\u2019il n\u2019est pas question de d\u00e9p\u00f4t de bilan ou de rel\u00e9gation administrative pour le<strong> Stade Malherbe de Caen<\/strong>, cela n\u2019emp\u00eache pas ce dernier de se retrouver aux portes de l\u2019enfer.<\/p>\n<h2 style=\"text-align: justify;\">Le Stade Malherbe de Caen au bord du pr\u00e9cipice<\/h2>\n<p style=\"text-align: justify;\">Cantonn\u00e9 \u00e0 la <strong>Ligue 2<\/strong> depuis l\u2019\u00e9t\u00e9 2019, le club normand avait d\u00e9j\u00e0 connu le spectre de la descente lors de son retour dans l\u2019antichambre, terminant successivement 13\u00e8me et 17\u00e8me, avant de retrouver son standing lors des trois exercices suivants (7\u00e8me, 5\u00e8me, 6\u00e8me). Propri\u00e9t\u00e9 du fonds am\u00e9ricain <strong>Oaktree<\/strong> depuis 2020, le club pensait pouvoir passer dans une autre dimension, lorsqu\u2019en septembre dernier, le fonds <strong>Coalition Capital<\/strong>, propri\u00e9t\u00e9 d\u2019un certain <strong>Kylian Mbapp\u00e9<\/strong>, a pris les r\u00eanes de l&rsquo;institution. \u00c0 l\u2019\u00e9poque, le club vivait d\u00e9j\u00e0 une entame de saison d\u00e9licate, mais semblait avoir la capacit\u00e9 de r\u00e9agir pour se repositionner en premi\u00e8re partie de classement. H\u00e9las, depuis, rien ne s\u2019est arrang\u00e9.<\/p>\n<p style=\"text-align: justify;\">Si le mois de novembre correct avait permis de donner une l\u00e9g\u00e8re bouff\u00e9e d\u2019oxyg\u00e8ne, Caen a ensuite totalement explos\u00e9. Depuis une d\u00e9faite conc\u00e9d\u00e9e \u00e0 Laval le 6 d\u00e9cembre dernier, <strong>Malherbe a conc\u00e9d\u00e9 neuf d\u00e9faites de rang, dont 8 en Ligue 2<\/strong> ! En toute logique, le club est donc<strong> lanterne rouge<\/strong> du championnat avec seulement <strong>15 points en 22 journ\u00e9es<\/strong>. Et surtout d\u00e9j\u00e0 <strong>huit points de retard sur le 16\u00e8me et barragiste<\/strong>.<\/p>\n<p style=\"text-align: justify;\">Au-del\u00e0 de l\u2019aspect comptable, tous les autres voyants sont au rouge. Sur le terrain, l\u2019\u00e9quipe ne r\u00e9pond plus. Lundi, face \u00e0 <strong>Dunkerque<\/strong>, les Normands ont \u00e9t\u00e9 humili\u00e9s \u00e0 domicile, se faisant balader par une \u00e9quipe qui \u00e9volue deux crans au-dessus. Encore une fois, les limites actuelles de ce groupe ont \u00e9t\u00e9 \u00e9videntes. Avant m\u00eame d\u2019\u00eatre r\u00e9duits \u00e0 10 en fin de premi\u00e8re p\u00e9riode, les Caennais se sont fait dominer, affichant des lacunes grossi\u00e8res dans tous les secteurs de jeu. L\u2019animation offensive a \u00e9t\u00e9 inexistante, le milieu de terrain s\u2019est r\u00e9v\u00e9l\u00e9 friable, et la d\u00e9fense toujours aussi poreuse. Le 2-0 final est m\u00eame flatteur, tant la partie a \u00e9t\u00e9 \u00e0 sens unique.<\/p>\n<p><span class=\"xdVkVoGrXWBYLZ6jaacwKEyAfi7MN72qIW11U0FeYmlxC3nKvOsJzugP9FprQGRZbNL2lTTM4iunqkB8g\"><iframe loading=\"lazy\" title=\"R\u00e9sum\u00e9 : Caen voit ROUGE, Dunkerque R\u00caVE de plus en plus grand\" width=\"740\" height=\"416\" src=\"https:\/\/www.youtube.com\/embed\/Tv3ZDPw0PNA?feature=oembed\" frameborder=\"0\" allow=\"accelerometer; autoplay; clipboard-write; encrypted-media; gyroscope; picture-in-picture; web-share\" referrerpolicy=\"strict-origin-when-cross-origin\" allowfullscreen><\/iframe><\/span><\/p>\n<h2 style=\"text-align: justify;\">Un club sous tension, l\u2019\u00e9nigme Bruno Baltazar<\/h2>\n<p style=\"text-align: justify;\">Sur la pelouse, les joueurs ont v\u00e9cu un v\u00e9ritable calvaire, subissant m\u00eame les moqueries de leur propre public, se traduisant par des <em>\u00ab\u00a0ol\u00e9\u00a0\u00bb<\/em> sur les s\u00e9quences de possessions dunkerquoises. Une situation qui a provoqu\u00e9 des tensions sur la pelouse, impliquant notamment le capitaine <strong>Alexandre Mendy<\/strong>, qui est, \u00e0 l\u2019image de tout le club, d\u00e9pass\u00e9 par cette situation. Pourtant, les dirigeants avaient tent\u00e9 de provoquer un \u00e9lectrochoc en renvoyant l&rsquo;entra\u00eeneur et l\u00e9gende locale <strong>Nicolas Seube<\/strong>, entre No\u00ebl et le premier de l\u2019An. Une annonce qui avait surpris. L\u2019ancien d\u00e9fenseur disposait d\u2019une grande cote de sympathie, et n\u2019avait pas \u00e9t\u00e9 aid\u00e9 par les nombreuses blessures de ses joueurs cadres. Mais le nom de son rempla\u00e7ant a encore plus \u00e9tonn\u00e9 : <strong>Bruno Baltazar<\/strong>.<\/p>\n<p style=\"text-align: justify;\">Du haut de ses 47 ans, le Portugais \u00e9cume les bancs du monde depuis une dizaine d\u2019ann\u00e9es avec une particularit\u00e9 intrigante, celle de ne jamais rester plus de quelques mois dans un club. Ainsi, il officiait depuis mai dernier au <strong>Radomiak Radom<\/strong>, une \u00e9quipe moyenne du championnat polonais. Avant cela, il a accumul\u00e9 les passages express au Portugal, \u00e0 Chypre, aux \u00c9tats-Unis, en Bulgarie\u2026 Le scepticisme \u00e9tait de mise, et est en train de se confirmer. Apr\u00e8s <strong>six matchs, le bilan est de six d\u00e9faites<\/strong>, et ce dernier semble d\u00e9j\u00e0 \u00eatre totalement d\u00e9pass\u00e9 par la situation, comme l\u2019a d\u00e9montr\u00e9 son abattement pendant et apr\u00e8s le match. Il n\u2019a pas encore r\u00e9ussi \u00e0 insuffler quoi que ce soit, et semble n\u2019\u00eatre qu\u2019un simple passager suppl\u00e9mentaire dans ce navire voguant \u00e0 vue.<\/p>\n<blockquote class=\"twitter-tweet\">\n<p dir=\"ltr\" lang=\"fr\">\u26bd <a href=\"https:\/\/twitter.com\/hashtag\/ESTACSMC?src=hash&amp;ref_src=twsrc%5Etfw\">#ESTACSMC<\/a><br \/>\n\ud83c\udf99\ufe0f Les mots forts de Bruno Baltazar apr\u00e8s la nouvelle d\u00e9faite du <a href=\"https:\/\/twitter.com\/SMCaen?ref_src=twsrc%5Etfw\">@SMCaen<\/a>&#8230;<a href=\"https:\/\/twitter.com\/hashtag\/interview?src=hash&amp;ref_src=twsrc%5Etfw\">#interview<\/a> <a href=\"https:\/\/twitter.com\/hashtag\/beINLigue2?src=hash&amp;ref_src=twsrc%5Etfw\">#beINLigue2<\/a> <a href=\"https:\/\/t.co\/CyWYDj9LG1\">pic.twitter.com\/CyWYDj9LG1<\/a><\/p>\n<p>\u2014 beIN SPORTS (@beinsports_FR) <a href=\"https:\/\/twitter.com\/beinsports_FR\/status\/1886027679532552249?ref_src=twsrc%5Etfw\">February 2, 2025<\/a><\/p><\/blockquote>\n<p><script async src=\"https:\/\/platform.twitter.com\/widgets.js\" charset=\"utf-8\"><\/script><\/p>\n<h2 style=\"text-align: justify;\">Un recrutement hivernal qui pose question<\/h2>\n<p style=\"text-align: justify;\">Le recrutement hivernal a \u00e9galement de quoi laisser songeur. D\u2019autant plus qu\u2019un changement de directeur sportif s\u2019est produit en plein mercato, <strong>Reda Hammache<\/strong> \u00e9tant d\u00e9bauch\u00e9 du Red Star pour remplacer <strong>G\u00e9rard Pr\u00eacheur<\/strong>. Dans l\u2019urgence, le club a empil\u00e9 les joueurs en attirant cinq joueurs. En d\u00e9fense, <strong>Alex Moucketou-Moussonda<\/strong> a d\u00e9barqu\u00e9 de Chypre, tandis que le lat\u00e9ral gauche <strong>Jules Gaudin<\/strong> est pr\u00eat\u00e9 par le Paris FC. L\u2019int\u00e9gration du droitier Moucketou-Moussonda \u00e0 la charni\u00e8re centrale a ainsi pouss\u00e9<strong> Brahim Traor\u00e9<\/strong> \u00e0 \u00eatre d\u00e9cal\u00e9 sur son pied faible, dans l\u2019axe gauche. Tout sauf un cadeau pour un jeune joueur d\u00e9j\u00e0 en difficult\u00e9 cette saison.<\/p>\n<p style=\"text-align: justify;\">Pour apporter de la force au jeu offensif, plusieurs milieux offensifs et ailiers ont aussi \u00e9t\u00e9 attir\u00e9s, de <strong>Yassine Benrahou <\/strong>\u00e0 <strong>Samuel Grandir<\/strong>, en passant par<strong> Adriel Ba Loua<\/strong>. Trois profils diff\u00e9rents, mais empil\u00e9s dans le m\u00eame secteur de jeu. D\u2019autant plus que l\u2019on parle l\u00e0 de trois gar\u00e7ons, qui malgr\u00e9 un talent certain, ont disput\u00e9 tr\u00e8s peu de matchs ces trois derni\u00e8res saisons. Dans l\u2019optique de la p\u00e9rilleuse op\u00e9ration maintien \u00e0 venir, auront-ils le temps de se mettre en rythme pour avoir un r\u00e9el impact ? Pour le moment, seul Grandsir a pu \u00eatre utilis\u00e9, sans grand succ\u00e8s.<\/p>\n<p style=\"text-align: justify;\">Par ailleurs, dans le sens des d\u00e9parts, le club a \u00e9galement d\u00e9plor\u00e9 la perte du meilleur talent de son centre de formation, <strong>Tidiam Gomis<\/strong>, qui a refus\u00e9 de prolonger, et a \u00e9t\u00e9 brad\u00e9 pour un million d&rsquo;euros \u00e0 Leipzig \u00e0 six mois de la fin de contrat. Un terrible coup dur tant financier que sportif.<\/p>\n<blockquote class=\"twitter-tweet\">\n<p dir=\"ltr\" lang=\"in\">\u2728 Tidiam Gomis \u2728 <a href=\"https:\/\/t.co\/ZFm36fi2uy\">pic.twitter.com\/ZFm36fi2uy<\/a><\/p>\n<p>\u2014 RB Leipzig (@RBLeipzig) <a href=\"https:\/\/twitter.com\/RBLeipzig\/status\/1886438642387730741?ref_src=twsrc%5Etfw\">February 3, 2025<\/a><\/p><\/blockquote>\n<p><script async src=\"https:\/\/platform.twitter.com\/widgets.js\" charset=\"utf-8\"><\/script><\/p>\n<h2 style=\"text-align: justify;\">Les douze travaux de Caen<\/h2>\n<p style=\"text-align: justify;\">Dans ce climat d\u00e9solant, les supporters continuent de r\u00e9pondre pr\u00e9sent. M\u00eame s\u2019ils peuvent se montrer chambreurs. Depuis plusieurs semaines, la gronde monte, et de nombreuses banderoles ont d\u00e9j\u00e0 \u00e9t\u00e9 d\u00e9ploy\u00e9es \u00e0 l\u2019encontre de la direction. Lundi encore, des <em>\u00ab dirigeants d\u00e9mission \u00bb<\/em> appuy\u00e9s sont \u00e9galement descendus des trav\u00e9es de Michel-d&rsquo;Ornano, <strong>\u00c0 seulement 12 journ\u00e9es de la fin de la saison, la situation est critique<\/strong>. Trouver un rem\u00e8de miracle est d\u00e9sormais une n\u00e9cessit\u00e9 pour ne pas sombrer au troisi\u00e8me \u00e9chelon du football national, apr\u00e8s <strong>plus de quarante ans de pr\u00e9sence r\u00e9currente au sein des deux premi\u00e8res divisions du football fran\u00e7ais<\/strong>.<\/p>\n","protected":false},"excerpt":{"rendered":"<p>Le Stade Malherbe de Caen, institution en p\u00e9ril<\/p>\n","protected":false},"author":55,"featured_media":554792,"comment_status":"open","ping_status":"closed","sticky":false,"template":"","format":"standard","meta":{"_acf_changed":false,"_daextam_enable_autolinks":"1","footnotes":""},"categories":[2301],"tags":[32415,16878,1236,75,231],"class_list":["post-554783","post","type-post","status-publish","format-standard","has-post-thumbnail","hentry","category-football","tag-actu","tag-breve","tag-caen","tag-football","tag-ligue-2"],"acf":[],"yoast_head":"<!-- This site is optimized with the Yoast SEO Premium plugin v26.7 (Yoast SEO v26.7) - https:\/\/yoast.com\/wordpress\/plugins\/seo\/ -->\n<title>Ligue 2\u00a0: Le Stade Malherbe de Caen, institution en p\u00e9ril<\/title>\n<meta name=\"description\" content=\"LIGUE 2 \u2013 Bon dernier, et sur une s\u00e9rie catastrophique de 8 d\u00e9faites cons\u00e9cutives en Ligue 3, le Stade Malherbe de Caen est \u00e0 l&#039;agonie.\" \/>\n<meta name=\"robots\" content=\"index, follow, max-snippet:-1, max-image-preview:large, max-video-preview:-1\" \/>\n<link rel=\"canonical\" href=\"https:\/\/dicodusport.fr\/blog\/ligue-2-le-stade-malherbe-de-caen-institution-en-peril\/\" \/>\n<meta property=\"og:locale\" content=\"fr_FR\" \/>\n<meta property=\"og:type\" content=\"article\" \/>\n<meta property=\"og:title\" content=\"Ligue 2\u00a0: Le Stade Malherbe de Caen, institution en p\u00e9ril\" \/>\n<meta property=\"og:description\" content=\"LIGUE 2 \u2013 Bon dernier, et sur une s\u00e9rie catastrophique de 8 d\u00e9faites cons\u00e9cutives en Ligue 3, le Stade Malherbe de Caen est \u00e0 l&#039;agonie.\" \/>\n<meta property=\"og:url\" content=\"https:\/\/dicodusport.fr\/blog\/ligue-2-le-stade-malherbe-de-caen-institution-en-peril\/\" \/>\n<meta property=\"og:site_name\" content=\"Dicodusport\" \/>\n<meta property=\"article:publisher\" content=\"https:\/\/www.facebook.com\/dicodusport\" \/>\n<meta property=\"article:published_time\" content=\"2025-02-12T13:00:18+00:00\" \/>\n<meta property=\"article:modified_time\" content=\"2025-02-15T06:55:37+00:00\" \/>\n<meta property=\"og:image\" content=\"https:\/\/dicodusport.fr\/blog\/wp-content\/uploads\/2025\/02\/Ligue-2-Le-Stade-Malherbe-de-Caen-institution-en-peril.png\" \/>\n\t<meta property=\"og:image:width\" content=\"1200\" \/>\n\t<meta property=\"og:image:height\" content=\"674\" \/>\n\t<meta property=\"og:image:type\" content=\"image\/png\" \/>\n<meta name=\"author\" content=\"Maxime Cazenave\" \/>\n<meta name=\"twitter:card\" content=\"summary_large_image\" \/>\n<meta name=\"twitter:title\" content=\"Ligue 2\u00a0: Le Stade Malherbe de Caen, institution en p\u00e9ril\" \/>\n<meta name=\"twitter:creator\" content=\"@https:\/\/twitter.com\/Maxime_Caze\" \/>\n<meta name=\"twitter:site\" content=\"@dicodusport\" \/>\n<script type=\"application\/ld+json\" class=\"yoast-schema-graph\">{\"@context\":\"https:\/\/schema.org\",\"@graph\":[{\"@type\":\"NewsArticle\",\"@id\":\"https:\/\/dicodusport.fr\/blog\/ligue-2-le-stade-malherbe-de-caen-institution-en-peril\/#article\",\"isPartOf\":{\"@id\":\"https:\/\/dicodusport.fr\/blog\/ligue-2-le-stade-malherbe-de-caen-institution-en-peril\/\"},\"author\":{\"name\":\"Maxime Cazenave\",\"@id\":\"https:\/\/dicodusport.fr\/blog\/#\/schema\/person\/37def232098a7a5cbab3974a3690abb0\"},\"headline\":\"Ligue 2\u00a0: Le Stade Malherbe de Caen, institution en p\u00e9ril\",\"datePublished\":\"2025-02-12T13:00:18+00:00\",\"dateModified\":\"2025-02-15T06:55:37+00:00\",\"mainEntityOfPage\":{\"@id\":\"https:\/\/dicodusport.fr\/blog\/ligue-2-le-stade-malherbe-de-caen-institution-en-peril\/\"},\"wordCount\":1221,\"commentCount\":0,\"publisher\":{\"@id\":\"https:\/\/dicodusport.fr\/blog\/#organization\"},\"image\":{\"@id\":\"https:\/\/dicodusport.fr\/blog\/ligue-2-le-stade-malherbe-de-caen-institution-en-peril\/#primaryimage\"},\"thumbnailUrl\":\"https:\/\/dicodusport.fr\/blog\/wp-content\/uploads\/2025\/02\/Ligue-2-Le-Stade-Malherbe-de-Caen-institution-en-peril.png\",\"keywords\":[\"actu\",\"br\u00e8ve\",\"caen\",\"Football\",\"ligue 2\"],\"articleSection\":[\"Football\"],\"inLanguage\":\"fr-FR\",\"potentialAction\":[{\"@type\":\"CommentAction\",\"name\":\"Comment\",\"target\":[\"https:\/\/dicodusport.fr\/blog\/ligue-2-le-stade-malherbe-de-caen-institution-en-peril\/#respond\"]}],\"copyrightYear\":\"2025\",\"copyrightHolder\":{\"@id\":\"https:\/\/dicodusport.fr\/blog\/#organization\"}},{\"@type\":\"WebPage\",\"@id\":\"https:\/\/dicodusport.fr\/blog\/ligue-2-le-stade-malherbe-de-caen-institution-en-peril\/\",\"url\":\"https:\/\/dicodusport.fr\/blog\/ligue-2-le-stade-malherbe-de-caen-institution-en-peril\/\",\"name\":\"Ligue 2\u00a0: Le Stade Malherbe de Caen, institution en p\u00e9ril\",\"isPartOf\":{\"@id\":\"https:\/\/dicodusport.fr\/blog\/#website\"},\"primaryImageOfPage\":{\"@id\":\"https:\/\/dicodusport.fr\/blog\/ligue-2-le-stade-malherbe-de-caen-institution-en-peril\/#primaryimage\"},\"image\":{\"@id\":\"https:\/\/dicodusport.fr\/blog\/ligue-2-le-stade-malherbe-de-caen-institution-en-peril\/#primaryimage\"},\"thumbnailUrl\":\"https:\/\/dicodusport.fr\/blog\/wp-content\/uploads\/2025\/02\/Ligue-2-Le-Stade-Malherbe-de-Caen-institution-en-peril.png\",\"datePublished\":\"2025-02-12T13:00:18+00:00\",\"dateModified\":\"2025-02-15T06:55:37+00:00\",\"description\":\"LIGUE 2 \u2013 Bon dernier, et sur une s\u00e9rie catastrophique de 8 d\u00e9faites cons\u00e9cutives en Ligue 3, le Stade Malherbe de Caen est \u00e0 l'agonie.\",\"breadcrumb\":{\"@id\":\"https:\/\/dicodusport.fr\/blog\/ligue-2-le-stade-malherbe-de-caen-institution-en-peril\/#breadcrumb\"},\"inLanguage\":\"fr-FR\",\"potentialAction\":[{\"@type\":\"ReadAction\",\"target\":[\"https:\/\/dicodusport.fr\/blog\/ligue-2-le-stade-malherbe-de-caen-institution-en-peril\/\"]}]},{\"@type\":\"ImageObject\",\"inLanguage\":\"fr-FR\",\"@id\":\"https:\/\/dicodusport.fr\/blog\/ligue-2-le-stade-malherbe-de-caen-institution-en-peril\/#primaryimage\",\"url\":\"https:\/\/dicodusport.fr\/blog\/wp-content\/uploads\/2025\/02\/Ligue-2-Le-Stade-Malherbe-de-Caen-institution-en-peril.png\",\"contentUrl\":\"https:\/\/dicodusport.fr\/blog\/wp-content\/uploads\/2025\/02\/Ligue-2-Le-Stade-Malherbe-de-Caen-institution-en-peril.png\",\"width\":1200,\"height\":674,\"caption\":\"Ligue 2\u00a0: Le Stade Malherbe de Caen, institution en p\u00e9ril\"},{\"@type\":\"BreadcrumbList\",\"@id\":\"https:\/\/dicodusport.fr\/blog\/ligue-2-le-stade-malherbe-de-caen-institution-en-peril\/#breadcrumb\",\"itemListElement\":[{\"@type\":\"ListItem\",\"position\":1,\"name\":\"Accueil\",\"item\":\"https:\/\/dicodusport.fr\/blog\/\"},{\"@type\":\"ListItem\",\"position\":2,\"name\":\"Ligue 2\u00a0: Le Stade Malherbe de Caen, institution en p\u00e9ril\"}]},{\"@type\":\"WebSite\",\"@id\":\"https:\/\/dicodusport.fr\/blog\/#website\",\"url\":\"https:\/\/dicodusport.fr\/blog\/\",\"name\":\"Dicodusport\",\"description\":\"L&#039;encyclop\u00e9die de l&#039;actualit\u00e9 sportive\",\"publisher\":{\"@id\":\"https:\/\/dicodusport.fr\/blog\/#organization\"},\"potentialAction\":[{\"@type\":\"SearchAction\",\"target\":{\"@type\":\"EntryPoint\",\"urlTemplate\":\"https:\/\/dicodusport.fr\/blog\/?s={search_term_string}\"},\"query-input\":{\"@type\":\"PropertyValueSpecification\",\"valueRequired\":true,\"valueName\":\"search_term_string\"}}],\"inLanguage\":\"fr-FR\"},{\"@type\":\"NewsMediaOrganization\",\"@id\":\"https:\/\/dicodusport.fr\/blog\/#organization\",\"name\":\"Dicodusport\",\"url\":\"https:\/\/dicodusport.fr\/blog\/\",\"logo\":{\"@type\":\"ImageObject\",\"inLanguage\":\"fr-FR\",\"@id\":\"https:\/\/dicodusport.fr\/blog\/#\/schema\/logo\/image\/\",\"url\":\"https:\/\/dicodusport.fr\/blog\/wp-content\/uploads\/2020\/06\/cropped-LOGO-DICODUSPORT-2020-SANS-FOND-SANS-TEXTE.png\",\"contentUrl\":\"https:\/\/dicodusport.fr\/blog\/wp-content\/uploads\/2020\/06\/cropped-LOGO-DICODUSPORT-2020-SANS-FOND-SANS-TEXTE.png\",\"width\":512,\"height\":512,\"caption\":\"Dicodusport\"},\"image\":{\"@id\":\"https:\/\/dicodusport.fr\/blog\/#\/schema\/logo\/image\/\"},\"sameAs\":[\"https:\/\/www.facebook.com\/dicodusport\",\"https:\/\/x.com\/dicodusport\",\"https:\/\/www.instagram.com\/dicodusport\/\",\"https:\/\/www.youtube.com\/channel\/UC7V2KZ5sd3htJivAbA4ZG3w\"],\"description\":\"Dicodusport est l'encyclop\u00e9die de l'actualit\u00e9 sportive.\",\"email\":\"bonjour@dicodusport.fr\",\"legalName\":\"DICODUSPORT\",\"foundingDate\":\"2018-01-14\",\"vatID\":\"FR71834470973\",\"taxID\":\"83447097300043\",\"numberOfEmployees\":{\"@type\":\"QuantitativeValue\",\"minValue\":\"1\",\"maxValue\":\"10\"}},{\"@type\":\"Person\",\"@id\":\"https:\/\/dicodusport.fr\/blog\/#\/schema\/person\/37def232098a7a5cbab3974a3690abb0\",\"name\":\"Maxime Cazenave\",\"image\":{\"@type\":\"ImageObject\",\"inLanguage\":\"fr-FR\",\"@id\":\"https:\/\/dicodusport.fr\/blog\/#\/schema\/person\/image\/\",\"url\":\"https:\/\/dicodusport.fr\/blog\/wp-content\/uploads\/2021\/05\/Maxime-Cazenave-150x150.jpg\",\"contentUrl\":\"https:\/\/dicodusport.fr\/blog\/wp-content\/uploads\/2021\/05\/Maxime-Cazenave-150x150.jpg\",\"caption\":\"Maxime Cazenave\"},\"description\":\"Journaliste\/R\u00e9dacteur depuis 2012 - Berc\u00e9 par l\u2019amour des Girondins de Bordeaux, les \u00e9checs de Christophe Moreau sur le Tour de France sous l'\u00e8re Lance Armstrong et le fade-away l\u00e9tal de Dirk Nowitzki, ma passion d\u00e9vorante pour le sport a toujours \u00e9t\u00e9 un pan incontournable de ma vie. Transmettre ma passion \u00e0 l\u2019\u00e9crit a \u00e9t\u00e9 une transition naturelle. Suiveur assidu de basket et de hockey sur glace, je garde toujours un peu de place pour suivre le cyclisme, le football et le maximum de performances fran\u00e7aises.\",\"sameAs\":[\"https:\/\/x.com\/https:\/\/twitter.com\/Maxime_Caze\"],\"url\":\"https:\/\/dicodusport.fr\/blog\/author\/maximec\/\"}]}<\/script>\n<!-- \/ Yoast SEO Premium plugin. -->","yoast_head_json":{"title":"Ligue 2\u00a0: Le Stade Malherbe de Caen, institution en p\u00e9ril","description":"LIGUE 2 \u2013 Bon dernier, et sur une s\u00e9rie catastrophique de 8 d\u00e9faites cons\u00e9cutives en Ligue 3, le Stade Malherbe de Caen est \u00e0 l'agonie.","robots":{"index":"index","follow":"follow","max-snippet":"max-snippet:-1","max-image-preview":"max-image-preview:large","max-video-preview":"max-video-preview:-1"},"canonical":"https:\/\/dicodusport.fr\/blog\/ligue-2-le-stade-malherbe-de-caen-institution-en-peril\/","og_locale":"fr_FR","og_type":"article","og_title":"Ligue 2\u00a0: Le Stade Malherbe de Caen, institution en p\u00e9ril","og_description":"LIGUE 2 \u2013 Bon dernier, et sur une s\u00e9rie catastrophique de 8 d\u00e9faites cons\u00e9cutives en Ligue 3, le Stade Malherbe de Caen est \u00e0 l'agonie.","og_url":"https:\/\/dicodusport.fr\/blog\/ligue-2-le-stade-malherbe-de-caen-institution-en-peril\/","og_site_name":"Dicodusport","article_publisher":"https:\/\/www.facebook.com\/dicodusport","article_published_time":"2025-02-12T13:00:18+00:00","article_modified_time":"2025-02-15T06:55:37+00:00","og_image":[{"width":1200,"height":674,"url":"https:\/\/dicodusport.fr\/blog\/wp-content\/uploads\/2025\/02\/Ligue-2-Le-Stade-Malherbe-de-Caen-institution-en-peril.png","type":"image\/png"}],"author":"Maxime Cazenave","twitter_card":"summary_large_image","twitter_title":"Ligue 2\u00a0: Le Stade Malherbe de Caen, institution en p\u00e9ril","twitter_creator":"@https:\/\/twitter.com\/Maxime_Caze","twitter_site":"@dicodusport","schema":{"@context":"https:\/\/schema.org","@graph":[{"@type":"NewsArticle","@id":"https:\/\/dicodusport.fr\/blog\/ligue-2-le-stade-malherbe-de-caen-institution-en-peril\/#article","isPartOf":{"@id":"https:\/\/dicodusport.fr\/blog\/ligue-2-le-stade-malherbe-de-caen-institution-en-peril\/"},"author":{"name":"Maxime Cazenave","@id":"https:\/\/dicodusport.fr\/blog\/#\/schema\/person\/37def232098a7a5cbab3974a3690abb0"},"headline":"Ligue 2\u00a0: Le Stade Malherbe de Caen, institution en p\u00e9ril","datePublished":"2025-02-12T13:00:18+00:00","dateModified":"2025-02-15T06:55:37+00:00","mainEntityOfPage":{"@id":"https:\/\/dicodusport.fr\/blog\/ligue-2-le-stade-malherbe-de-caen-institution-en-peril\/"},"wordCount":1221,"commentCount":0,"publisher":{"@id":"https:\/\/dicodusport.fr\/blog\/#organization"},"image":{"@id":"https:\/\/dicodusport.fr\/blog\/ligue-2-le-stade-malherbe-de-caen-institution-en-peril\/#primaryimage"},"thumbnailUrl":"https:\/\/dicodusport.fr\/blog\/wp-content\/uploads\/2025\/02\/Ligue-2-Le-Stade-Malherbe-de-Caen-institution-en-peril.png","keywords":["actu","br\u00e8ve","caen","Football","ligue 2"],"articleSection":["Football"],"inLanguage":"fr-FR","potentialAction":[{"@type":"CommentAction","name":"Comment","target":["https:\/\/dicodusport.fr\/blog\/ligue-2-le-stade-malherbe-de-caen-institution-en-peril\/#respond"]}],"copyrightYear":"2025","copyrightHolder":{"@id":"https:\/\/dicodusport.fr\/blog\/#organization"}},{"@type":"WebPage","@id":"https:\/\/dicodusport.fr\/blog\/ligue-2-le-stade-malherbe-de-caen-institution-en-peril\/","url":"https:\/\/dicodusport.fr\/blog\/ligue-2-le-stade-malherbe-de-caen-institution-en-peril\/","name":"Ligue 2\u00a0: Le Stade Malherbe de Caen, institution en p\u00e9ril","isPartOf":{"@id":"https:\/\/dicodusport.fr\/blog\/#website"},"primaryImageOfPage":{"@id":"https:\/\/dicodusport.fr\/blog\/ligue-2-le-stade-malherbe-de-caen-institution-en-peril\/#primaryimage"},"image":{"@id":"https:\/\/dicodusport.fr\/blog\/ligue-2-le-stade-malherbe-de-caen-institution-en-peril\/#primaryimage"},"thumbnailUrl":"https:\/\/dicodusport.fr\/blog\/wp-content\/uploads\/2025\/02\/Ligue-2-Le-Stade-Malherbe-de-Caen-institution-en-peril.png","datePublished":"2025-02-12T13:00:18+00:00","dateModified":"2025-02-15T06:55:37+00:00","description":"LIGUE 2 \u2013 Bon dernier, et sur une s\u00e9rie catastrophique de 8 d\u00e9faites cons\u00e9cutives en Ligue 3, le Stade Malherbe de Caen est \u00e0 l'agonie.","breadcrumb":{"@id":"https:\/\/dicodusport.fr\/blog\/ligue-2-le-stade-malherbe-de-caen-institution-en-peril\/#breadcrumb"},"inLanguage":"fr-FR","potentialAction":[{"@type":"ReadAction","target":["https:\/\/dicodusport.fr\/blog\/ligue-2-le-stade-malherbe-de-caen-institution-en-peril\/"]}]},{"@type":"ImageObject","inLanguage":"fr-FR","@id":"https:\/\/dicodusport.fr\/blog\/ligue-2-le-stade-malherbe-de-caen-institution-en-peril\/#primaryimage","url":"https:\/\/dicodusport.fr\/blog\/wp-content\/uploads\/2025\/02\/Ligue-2-Le-Stade-Malherbe-de-Caen-institution-en-peril.png","contentUrl":"https:\/\/dicodusport.fr\/blog\/wp-content\/uploads\/2025\/02\/Ligue-2-Le-Stade-Malherbe-de-Caen-institution-en-peril.png","width":1200,"height":674,"caption":"Ligue 2\u00a0: Le Stade Malherbe de Caen, institution en p\u00e9ril"},{"@type":"BreadcrumbList","@id":"https:\/\/dicodusport.fr\/blog\/ligue-2-le-stade-malherbe-de-caen-institution-en-peril\/#breadcrumb","itemListElement":[{"@type":"ListItem","position":1,"name":"Accueil","item":"https:\/\/dicodusport.fr\/blog\/"},{"@type":"ListItem","position":2,"name":"Ligue 2\u00a0: Le Stade Malherbe de Caen, institution en p\u00e9ril"}]},{"@type":"WebSite","@id":"https:\/\/dicodusport.fr\/blog\/#website","url":"https:\/\/dicodusport.fr\/blog\/","name":"Dicodusport","description":"L&#039;encyclop\u00e9die de l&#039;actualit\u00e9 sportive","publisher":{"@id":"https:\/\/dicodusport.fr\/blog\/#organization"},"potentialAction":[{"@type":"SearchAction","target":{"@type":"EntryPoint","urlTemplate":"https:\/\/dicodusport.fr\/blog\/?s={search_term_string}"},"query-input":{"@type":"PropertyValueSpecification","valueRequired":true,"valueName":"search_term_string"}}],"inLanguage":"fr-FR"},{"@type":"NewsMediaOrganization","@id":"https:\/\/dicodusport.fr\/blog\/#organization","name":"Dicodusport","url":"https:\/\/dicodusport.fr\/blog\/","logo":{"@type":"ImageObject","inLanguage":"fr-FR","@id":"https:\/\/dicodusport.fr\/blog\/#\/schema\/logo\/image\/","url":"https:\/\/dicodusport.fr\/blog\/wp-content\/uploads\/2020\/06\/cropped-LOGO-DICODUSPORT-2020-SANS-FOND-SANS-TEXTE.png","contentUrl":"https:\/\/dicodusport.fr\/blog\/wp-content\/uploads\/2020\/06\/cropped-LOGO-DICODUSPORT-2020-SANS-FOND-SANS-TEXTE.png","width":512,"height":512,"caption":"Dicodusport"},"image":{"@id":"https:\/\/dicodusport.fr\/blog\/#\/schema\/logo\/image\/"},"sameAs":["https:\/\/www.facebook.com\/dicodusport","https:\/\/x.com\/dicodusport","https:\/\/www.instagram.com\/dicodusport\/","https:\/\/www.youtube.com\/channel\/UC7V2KZ5sd3htJivAbA4ZG3w"],"description":"Dicodusport est l'encyclop\u00e9die de l'actualit\u00e9 sportive.","email":"bonjour@dicodusport.fr","legalName":"DICODUSPORT","foundingDate":"2018-01-14","vatID":"FR71834470973","taxID":"83447097300043","numberOfEmployees":{"@type":"QuantitativeValue","minValue":"1","maxValue":"10"}},{"@type":"Person","@id":"https:\/\/dicodusport.fr\/blog\/#\/schema\/person\/37def232098a7a5cbab3974a3690abb0","name":"Maxime Cazenave","image":{"@type":"ImageObject","inLanguage":"fr-FR","@id":"https:\/\/dicodusport.fr\/blog\/#\/schema\/person\/image\/","url":"https:\/\/dicodusport.fr\/blog\/wp-content\/uploads\/2021\/05\/Maxime-Cazenave-150x150.jpg","contentUrl":"https:\/\/dicodusport.fr\/blog\/wp-content\/uploads\/2021\/05\/Maxime-Cazenave-150x150.jpg","caption":"Maxime Cazenave"},"description":"Journaliste\/R\u00e9dacteur depuis 2012 - Berc\u00e9 par l\u2019amour des Girondins de Bordeaux, les \u00e9checs de Christophe Moreau sur le Tour de France sous l'\u00e8re Lance Armstrong et le fade-away l\u00e9tal de Dirk Nowitzki, ma passion d\u00e9vorante pour le sport a toujours \u00e9t\u00e9 un pan incontournable de ma vie. Transmettre ma passion \u00e0 l\u2019\u00e9crit a \u00e9t\u00e9 une transition naturelle. Suiveur assidu de basket et de hockey sur glace, je garde toujours un peu de place pour suivre le cyclisme, le football et le maximum de performances fran\u00e7aises.","sameAs":["https:\/\/x.com\/https:\/\/twitter.com\/Maxime_Caze"],"url":"https:\/\/dicodusport.fr\/blog\/author\/maximec\/"}]}},"_links":{"self":[{"href":"https:\/\/dicodusport.fr\/blog\/wp-json\/wp\/v2\/posts\/554783","targetHints":{"allow":["GET"]}}],"collection":[{"href":"https:\/\/dicodusport.fr\/blog\/wp-json\/wp\/v2\/posts"}],"about":[{"href":"https:\/\/dicodusport.fr\/blog\/wp-json\/wp\/v2\/types\/post"}],"author":[{"embeddable":true,"href":"https:\/\/dicodusport.fr\/blog\/wp-json\/wp\/v2\/users\/55"}],"replies":[{"embeddable":true,"href":"https:\/\/dicodusport.fr\/blog\/wp-json\/wp\/v2\/comments?post=554783"}],"version-history":[{"count":5,"href":"https:\/\/dicodusport.fr\/blog\/wp-json\/wp\/v2\/posts\/554783\/revisions"}],"predecessor-version":[{"id":555735,"href":"https:\/\/dicodusport.fr\/blog\/wp-json\/wp\/v2\/posts\/554783\/revisions\/555735"}],"wp:featuredmedia":[{"embeddable":true,"href":"https:\/\/dicodusport.fr\/blog\/wp-json\/wp\/v2\/media\/554792"}],"wp:attachment":[{"href":"https:\/\/dicodusport.fr\/blog\/wp-json\/wp\/v2\/media?parent=554783"}],"wp:term":[{"taxonomy":"category","embeddable":true,"href":"https:\/\/dicodusport.fr\/blog\/wp-json\/wp\/v2\/categories?post=554783"},{"taxonomy":"post_tag","embeddable":true,"href":"https:\/\/dicodusport.fr\/blog\/wp-json\/wp\/v2\/tags?post=554783"}],"curies":[{"name":"wp","href":"https:\/\/api.w.org\/{rel}","templated":true}]}}