{"id":554826,"date":"2025-02-14T11:00:04","date_gmt":"2025-02-14T10:00:04","guid":{"rendered":"https:\/\/dicodusport.fr\/blog\/?p=554826&#038;preview=true&#038;preview_id=554826"},"modified":"2025-02-14T18:48:20","modified_gmt":"2025-02-14T17:48:20","slug":"perche-en-or-2025-renaud-lavillenie-pour-continuer-dimpressionner","status":"publish","type":"post","link":"https:\/\/dicodusport.fr\/blog\/perche-en-or-2025-renaud-lavillenie-pour-continuer-dimpressionner\/","title":{"rendered":"Perche en Or 2025 : Renaud Lavillenie pour continuer d&rsquo;impressionner"},"content":{"rendered":"<h4 style=\"text-align: justify;\"><em>ATHL\u00c9TISME &#8211; Deux semaines apr\u00e8s sa belle rentr\u00e9e \u00e0 Caen (5.80 m), Renaud Lavillenie peut continuer sur sa lanc\u00e9e au Perche en Or 2025. Pr\u00e9sentation du meeting roubaisien. Avec une Marie-Julie Bonnin qui peut avoir le record de France dans le viseur.<\/em><\/h4>\n<h2 style=\"text-align: justify;\">Renaud Lavillenie pour enquiller au Perche en Or 2025 apr\u00e8s Caen<\/h2>\n<p style=\"text-align: justify;\">On se posait la question de son \u00e9tat de forme avant sa premi\u00e8re de la saison. \u00c0 Caen, au Perch&rsquo;Xtrem, la r\u00e9ponse de <strong>Renaud Lavillenie<\/strong> a \u00e9t\u00e9 impressionnante. Sous la forme d&rsquo;un bond \u00e0 <strong>5.80 m<\/strong>. Sa meilleure performance depuis l&rsquo;\u00e9t\u00e9 2022, il y a plus de deux ans et demi. Une performance qui remet l&rsquo;\u00e9glise au centre du village. \u00c0 deux centim\u00e8tres des minima pour les championnats du monde en ext\u00e9rieur de Tokyo. \u00c0 cinq des minima pour les Mondiaux en salle. Place \u00e0 la confirmation du c\u00f4t\u00e9 du Perche en Or 2025. Le champion olympique 2012 et deuxi\u00e8me des Jeux 2016 peut d\u00e9j\u00e0 s&rsquo;affranchir, \u00e0 Roubaix, de tous les niveaux de performance requis, pour les s\u00e9lections internationales.<\/p>\n<blockquote class=\"twitter-tweet\">\n<p dir=\"ltr\" lang=\"fr\">\ud835\udddc\ud835\udde0\ud835\udde0\ud835\udde2\ud835\udde5\ud835\udde7\ud835\uddd8\ud835\udddf ! \ud83d\ude33<\/p>\n<p>\ud83c\udde8\ud83c\uddf5 Renaud Lavillenie lance parfaitement sa saison 2025 en effa\u00e7ant 5,80 m au Perch&rsquo;Xtrem de Caen ! \ud83d\udef0<\/p>\n<p>\ud83d\udd1d La premi\u00e8re fois que le champion olympique de Londres a franchi cette barre, c&rsquo;\u00e9tait en 2008, soit il y a 16 ans ! \u2728\ufe0f <a href=\"https:\/\/t.co\/R5ReFrPUtA\">pic.twitter.com\/R5ReFrPUtA<\/a><\/p>\n<p>\u2014 FFAthl\u00e9tisme (@FFAthletisme) <a href=\"https:\/\/twitter.com\/FFAthletisme\/status\/1885444569019334810?ref_src=twsrc%5Etfw\">January 31, 2025<\/a><\/p><\/blockquote>\n<p style=\"text-align: justify;\"><script async src=\"https:\/\/platform.twitter.com\/widgets.js\" charset=\"utf-8\"><\/script><\/p>\n<h3 style=\"text-align: justify;\">Chris Nilsen continue son tour de France<\/h3>\n<p style=\"text-align: justify;\">Rouen, Caen, Metz, Li\u00e9vin puis Roubaix,<strong> Chris Nilsen<\/strong> aime la France et continue sa tourn\u00e9e des meetings fran\u00e7ais. Et sera le favori d&rsquo;un beau concours chez les hommes. Apr\u00e8s un meeting de Metz un peu d\u00e9cevant, le perchiste am\u00e9ricain aura des d\u00e9sirs de revanche. Et une obligation de franchir une belle barre s&rsquo;il veut s&rsquo;imposer. S&rsquo;il est au niveau de Caen, o\u00f9 il a franchi <strong>6.01 m<\/strong>, il sera intouchable. Sinon, la porte peut \u00eatre ouverte pour d&rsquo;autres perchistes en plus de <strong>Renaud Lavillenie<\/strong>.<\/p>\n<p style=\"text-align: justify;\">Le Turc<strong> Ersu \u015ea\u015fma<\/strong>\u00a0n&rsquo;a d\u00e9coll\u00e9 qu&rsquo;\u00e0 <strong>5.70 m<\/strong> cette saison, mais poss\u00e8de un tr\u00e8s beau record \u00e0 <strong>5.90 m<\/strong>. Du c\u00f4t\u00e9 des Fran\u00e7ais, on surveillera <strong>Mathieu Collet<\/strong>, qui en est rest\u00e9 \u00e0 <strong>5.50 m<\/strong> \u00e0 Paris, mais aussi les internationaux <strong>Robin Emig<\/strong> et <strong>Anthony Ammirati<\/strong>, qui ont, eux aussi, franchi<strong> 5.50 m<\/strong> lors du meeting parisien. Alors que <strong>Tristan Despr\u00e8s<\/strong> a repouss\u00e9 son record \u00e0 <strong>5.57 m<\/strong> cette saison.<\/p>\n<h2 style=\"text-align: justify;\">Marie-Julie Bonnin en qu\u00eate de sommet<\/h2>\n<p style=\"text-align: justify;\">Chez les femmes, la favorite pourrait bien \u00eatre fran\u00e7aise. <strong>Marie-Julie Bonnin<\/strong> a pris une nouvelle dimension cet hiver. La Fran\u00e7aise a d\u00e9j\u00e0 saut\u00e9 par deux fois \u00e0 <strong>4.65 m<\/strong> ou plus. <strong>4.66 m<\/strong> \u00e0 Bordeaux et <strong>4.65 m<\/strong> du c\u00f4t\u00e9 de Karlsruhe. Une r\u00e9gularit\u00e9 qui peut appeler des barres plus hautes. Pourquoi pas celle du record de France, plac\u00e9e \u00e0 <strong>4.75 m<\/strong> et d\u00e9tenu par <strong>Ninon Chapelle<\/strong>. Une barre qu&rsquo;elle a tent\u00e9e en Allemagne sans succ\u00e8s. Mais afin d&rsquo;y go\u00fbter, de s&rsquo;y confronter pour la dompter, pourquoi pas dans les Hauts-de-France ? Elle ferait d&rsquo;une pierre, deux coups en s&rsquo;acquittant des minima pour Tokyo 2025. Un bonheur ne vient rarement seul.<\/p>\n<div class=\"vlp-link-container vlp-layout-article\"><a href=\"https:\/\/dicodusport.fr\/blog\/perche-elite-devoluy-menno-vloon-et-marie-julie-bonnin-triomphent\/\" class=\"vlp-link\" title=\"Perche Elite D\u00e9voluy : Menno Vloon et Marie-Julie Bonnin triomphent\"><\/a><div class=\"vlp-layout-zone-side\"><div class=\"vlp-block-4 vlp-link-image\"><img loading=\"lazy\" decoding=\"async\" style=\"max-width: 792px;\" width=\"792\" height=\"445\" src=\"https:\/\/dicodusport.fr\/blog\/wp-content\/uploads\/2025\/01\/Perche-Elite-Devoluy-Menno-Vloon-et-Marie-Julie-Bonnin-triomphent.png\" class=\"attachment-800x445 size-800x445\" alt=\"Perche Elite D\u00e9voluy - Menno Vloon et Marie-Julie Bonnin triomphent\" srcset=\"https:\/\/dicodusport.fr\/blog\/wp-content\/uploads\/2025\/01\/Perche-Elite-Devoluy-Menno-Vloon-et-Marie-Julie-Bonnin-triomphent.png 1200w, https:\/\/dicodusport.fr\/blog\/wp-content\/uploads\/2025\/01\/Perche-Elite-Devoluy-Menno-Vloon-et-Marie-Julie-Bonnin-triomphent-300x169.png 300w, https:\/\/dicodusport.fr\/blog\/wp-content\/uploads\/2025\/01\/Perche-Elite-Devoluy-Menno-Vloon-et-Marie-Julie-Bonnin-triomphent-1024x575.png 1024w, https:\/\/dicodusport.fr\/blog\/wp-content\/uploads\/2025\/01\/Perche-Elite-Devoluy-Menno-Vloon-et-Marie-Julie-Bonnin-triomphent-768x431.png 768w\" sizes=\"auto, (max-width: 792px) 100vw, 792px\" \/><\/div><\/div><div class=\"vlp-layout-zone-main\"><div class=\"vlp-block-0 vlp-link-title\">Perche Elite D\u00e9voluy : Menno Vloon et Marie-Julie Bonnin triomphent<\/div><div class=\"vlp-block-1 vlp-link-summary\">PERCHE \u00c9LITE D\u00c9VOLUY - Menno Vloon impressionne en dominant le concours hommes avec 5.82 m. Marie-Julie Bonnin r\u00e9ussit sa rentr\u00e9e avec 4.51 m.<\/div><div class=\"vlp-block-2 vlp-link-button\">Lire l'article<\/div><div class=\"vlp-block-3 vlp-link-url\">dicodusport.fr<\/div><\/div><\/div>\n<p style=\"text-align: justify;\">La Fran\u00e7aise aura deux concurrentes principales, au vu du d\u00e9but de la saison hivernale. En premier lieu la Belge <strong>Elien Vekemans<\/strong>, qui a repouss\u00e9 son record de Belgique \u00e0 <strong>4.56 m<\/strong>, du c\u00f4t\u00e9 du Perche \u00c9lite de Rouen. Et a montr\u00e9 plusieurs fois qu&rsquo;une barre \u00e0 <strong>4.60 m<\/strong> ou plus \u00e9tait largement dans ses cordes. <strong>Elina Lampela<\/strong> les a d\u00e9j\u00e0 franchies dans sa carri\u00e8re, puisque la Finlandaise a un record \u00e0 <strong>4.63 m<\/strong>. Pour l&rsquo;heure, elle en est rest\u00e9e \u00e0 <strong>4.50 m<\/strong> en 2025, mais restera une sacr\u00e9e concurrente. Du c\u00f4t\u00e9 des autres Fran\u00e7aises, <strong>Alix Dehaynain<\/strong> connait un d\u00e9but de saison compliqu\u00e9. Celle qui a particip\u00e9 aux championnats d&rsquo;Europe \u00e0 Rome aura \u00e0 c\u0153ur de briller \u00e0 domicile. Tandis qu&rsquo;<strong>Elise Russis<\/strong>, fra\u00eechement sacr\u00e9e championne de France Espoirs, aimerait aller chercher son record qui est \u00e0 <strong>4.40 m<\/strong>.<\/p>\n<p style=\"text-align: justify;\"><strong>D\u00e9but des concours \u00c9lites ce samedi \u00e0 19 h<\/strong><\/p>\n<p style=\"text-align: justify;\"><a href=\"https:\/\/2track.run\/fr\/events\/perche-en-or-2025\/participants\"><strong>La startlist compl\u00e8te<\/strong><\/a><\/p>\n","protected":false},"excerpt":{"rendered":"<p>Perche en Or 2025 : Renaud Lavillenie pour continuer d&rsquo;impressionner<\/p>\n","protected":false},"author":83,"featured_media":554851,"comment_status":"open","ping_status":"closed","sticky":false,"template":"","format":"standard","meta":{"_acf_changed":false,"_daextam_enable_autolinks":"1","footnotes":""},"categories":[2308],"tags":[32415,143,16878,29554,32833,1036],"class_list":["post-554826","post","type-post","status-publish","format-standard","has-post-thumbnail","hentry","category-athletisme","tag-actu","tag-athletisme","tag-breve","tag-chris-nilsen","tag-marie-julie-bonnin","tag-renaud-lavillenie"],"acf":[],"yoast_head":"<!-- This site is optimized with the Yoast SEO Premium plugin v26.7 (Yoast SEO v26.7) - https:\/\/yoast.com\/wordpress\/plugins\/seo\/ -->\n<title>Perche en Or 2025 : Renaud Lavillenie pour continuer d&#039;impressionner<\/title>\n<meta name=\"description\" content=\"ATHL\u00c9TISME - Deux semaines apr\u00e8s sa belle rentr\u00e9e \u00e0 Caen (5.80 m), Renaud Lavillenie peut continuer sur sa lanc\u00e9e au Perche en Or 2025.\" \/>\n<meta name=\"robots\" content=\"index, follow, max-snippet:-1, max-image-preview:large, max-video-preview:-1\" \/>\n<link rel=\"canonical\" href=\"https:\/\/dicodusport.fr\/blog\/perche-en-or-2025-renaud-lavillenie-pour-continuer-dimpressionner\/\" \/>\n<meta property=\"og:locale\" content=\"fr_FR\" \/>\n<meta property=\"og:type\" content=\"article\" \/>\n<meta property=\"og:title\" content=\"Perche en Or 2025 : Renaud Lavillenie pour continuer d&#039;impressionner\" \/>\n<meta property=\"og:description\" content=\"ATHL\u00c9TISME - Deux semaines apr\u00e8s sa belle rentr\u00e9e \u00e0 Caen (5.80 m), Renaud Lavillenie peut continuer sur sa lanc\u00e9e au Perche en Or 2025.\" \/>\n<meta property=\"og:url\" content=\"https:\/\/dicodusport.fr\/blog\/perche-en-or-2025-renaud-lavillenie-pour-continuer-dimpressionner\/\" \/>\n<meta property=\"og:site_name\" content=\"Dicodusport\" \/>\n<meta property=\"article:publisher\" content=\"https:\/\/www.facebook.com\/dicodusport\" \/>\n<meta property=\"article:published_time\" content=\"2025-02-14T10:00:04+00:00\" \/>\n<meta property=\"article:modified_time\" content=\"2025-02-14T17:48:20+00:00\" \/>\n<meta property=\"og:image\" content=\"https:\/\/dicodusport.fr\/blog\/wp-content\/uploads\/2025\/02\/Perche-en-Or-2025-Renaud-Lavillenie-pour-continuer-dimpressionner.png\" \/>\n\t<meta property=\"og:image:width\" content=\"1200\" \/>\n\t<meta property=\"og:image:height\" content=\"674\" \/>\n\t<meta property=\"og:image:type\" content=\"image\/png\" \/>\n<meta name=\"author\" content=\"Etienne Goursaud\" \/>\n<meta name=\"twitter:card\" content=\"summary_large_image\" \/>\n<meta name=\"twitter:title\" content=\"Perche en Or 2025 : Renaud Lavillenie pour continuer d&#039;impressionner\" \/>\n<meta name=\"twitter:creator\" content=\"@dicodusport\" \/>\n<meta name=\"twitter:site\" content=\"@dicodusport\" \/>\n<script type=\"application\/ld+json\" class=\"yoast-schema-graph\">{\"@context\":\"https:\/\/schema.org\",\"@graph\":[{\"@type\":\"NewsArticle\",\"@id\":\"https:\/\/dicodusport.fr\/blog\/perche-en-or-2025-renaud-lavillenie-pour-continuer-dimpressionner\/#article\",\"isPartOf\":{\"@id\":\"https:\/\/dicodusport.fr\/blog\/perche-en-or-2025-renaud-lavillenie-pour-continuer-dimpressionner\/\"},\"author\":{\"name\":\"Etienne Goursaud\",\"@id\":\"https:\/\/dicodusport.fr\/blog\/#\/schema\/person\/d603dd7da31fb2b46c82b9835a77ec13\"},\"headline\":\"Perche en Or 2025 : Renaud Lavillenie pour continuer d&rsquo;impressionner\",\"datePublished\":\"2025-02-14T10:00:04+00:00\",\"dateModified\":\"2025-02-14T17:48:20+00:00\",\"mainEntityOfPage\":{\"@id\":\"https:\/\/dicodusport.fr\/blog\/perche-en-or-2025-renaud-lavillenie-pour-continuer-dimpressionner\/\"},\"wordCount\":778,\"commentCount\":0,\"publisher\":{\"@id\":\"https:\/\/dicodusport.fr\/blog\/#organization\"},\"image\":{\"@id\":\"https:\/\/dicodusport.fr\/blog\/perche-en-or-2025-renaud-lavillenie-pour-continuer-dimpressionner\/#primaryimage\"},\"thumbnailUrl\":\"https:\/\/dicodusport.fr\/blog\/wp-content\/uploads\/2025\/02\/Perche-en-Or-2025-Renaud-Lavillenie-pour-continuer-dimpressionner.png\",\"keywords\":[\"actu\",\"Athl\u00e9tisme\",\"br\u00e8ve\",\"Chris Nilsen\",\"Marie-Julie Bonnin\",\"renaud lavillenie\"],\"articleSection\":[\"Athl\u00e9tisme\"],\"inLanguage\":\"fr-FR\",\"potentialAction\":[{\"@type\":\"CommentAction\",\"name\":\"Comment\",\"target\":[\"https:\/\/dicodusport.fr\/blog\/perche-en-or-2025-renaud-lavillenie-pour-continuer-dimpressionner\/#respond\"]}],\"copyrightYear\":\"2025\",\"copyrightHolder\":{\"@id\":\"https:\/\/dicodusport.fr\/blog\/#organization\"}},{\"@type\":\"WebPage\",\"@id\":\"https:\/\/dicodusport.fr\/blog\/perche-en-or-2025-renaud-lavillenie-pour-continuer-dimpressionner\/\",\"url\":\"https:\/\/dicodusport.fr\/blog\/perche-en-or-2025-renaud-lavillenie-pour-continuer-dimpressionner\/\",\"name\":\"Perche en Or 2025 : Renaud Lavillenie pour continuer d'impressionner\",\"isPartOf\":{\"@id\":\"https:\/\/dicodusport.fr\/blog\/#website\"},\"primaryImageOfPage\":{\"@id\":\"https:\/\/dicodusport.fr\/blog\/perche-en-or-2025-renaud-lavillenie-pour-continuer-dimpressionner\/#primaryimage\"},\"image\":{\"@id\":\"https:\/\/dicodusport.fr\/blog\/perche-en-or-2025-renaud-lavillenie-pour-continuer-dimpressionner\/#primaryimage\"},\"thumbnailUrl\":\"https:\/\/dicodusport.fr\/blog\/wp-content\/uploads\/2025\/02\/Perche-en-Or-2025-Renaud-Lavillenie-pour-continuer-dimpressionner.png\",\"datePublished\":\"2025-02-14T10:00:04+00:00\",\"dateModified\":\"2025-02-14T17:48:20+00:00\",\"description\":\"ATHL\u00c9TISME - Deux semaines apr\u00e8s sa belle rentr\u00e9e \u00e0 Caen (5.80 m), Renaud Lavillenie peut continuer sur sa lanc\u00e9e au Perche en Or 2025.\",\"breadcrumb\":{\"@id\":\"https:\/\/dicodusport.fr\/blog\/perche-en-or-2025-renaud-lavillenie-pour-continuer-dimpressionner\/#breadcrumb\"},\"inLanguage\":\"fr-FR\",\"potentialAction\":[{\"@type\":\"ReadAction\",\"target\":[\"https:\/\/dicodusport.fr\/blog\/perche-en-or-2025-renaud-lavillenie-pour-continuer-dimpressionner\/\"]}]},{\"@type\":\"ImageObject\",\"inLanguage\":\"fr-FR\",\"@id\":\"https:\/\/dicodusport.fr\/blog\/perche-en-or-2025-renaud-lavillenie-pour-continuer-dimpressionner\/#primaryimage\",\"url\":\"https:\/\/dicodusport.fr\/blog\/wp-content\/uploads\/2025\/02\/Perche-en-Or-2025-Renaud-Lavillenie-pour-continuer-dimpressionner.png\",\"contentUrl\":\"https:\/\/dicodusport.fr\/blog\/wp-content\/uploads\/2025\/02\/Perche-en-Or-2025-Renaud-Lavillenie-pour-continuer-dimpressionner.png\",\"width\":1200,\"height\":674,\"caption\":\"Perche en Or 2025 - Renaud Lavillenie pour continuer d'impressionner\"},{\"@type\":\"BreadcrumbList\",\"@id\":\"https:\/\/dicodusport.fr\/blog\/perche-en-or-2025-renaud-lavillenie-pour-continuer-dimpressionner\/#breadcrumb\",\"itemListElement\":[{\"@type\":\"ListItem\",\"position\":1,\"name\":\"Accueil\",\"item\":\"https:\/\/dicodusport.fr\/blog\/\"},{\"@type\":\"ListItem\",\"position\":2,\"name\":\"Perche en Or 2025 : Renaud Lavillenie pour continuer d&#8217;impressionner\"}]},{\"@type\":\"WebSite\",\"@id\":\"https:\/\/dicodusport.fr\/blog\/#website\",\"url\":\"https:\/\/dicodusport.fr\/blog\/\",\"name\":\"Dicodusport\",\"description\":\"L&#039;encyclop\u00e9die de l&#039;actualit\u00e9 sportive\",\"publisher\":{\"@id\":\"https:\/\/dicodusport.fr\/blog\/#organization\"},\"potentialAction\":[{\"@type\":\"SearchAction\",\"target\":{\"@type\":\"EntryPoint\",\"urlTemplate\":\"https:\/\/dicodusport.fr\/blog\/?s={search_term_string}\"},\"query-input\":{\"@type\":\"PropertyValueSpecification\",\"valueRequired\":true,\"valueName\":\"search_term_string\"}}],\"inLanguage\":\"fr-FR\"},{\"@type\":\"NewsMediaOrganization\",\"@id\":\"https:\/\/dicodusport.fr\/blog\/#organization\",\"name\":\"Dicodusport\",\"url\":\"https:\/\/dicodusport.fr\/blog\/\",\"logo\":{\"@type\":\"ImageObject\",\"inLanguage\":\"fr-FR\",\"@id\":\"https:\/\/dicodusport.fr\/blog\/#\/schema\/logo\/image\/\",\"url\":\"https:\/\/dicodusport.fr\/blog\/wp-content\/uploads\/2020\/06\/cropped-LOGO-DICODUSPORT-2020-SANS-FOND-SANS-TEXTE.png\",\"contentUrl\":\"https:\/\/dicodusport.fr\/blog\/wp-content\/uploads\/2020\/06\/cropped-LOGO-DICODUSPORT-2020-SANS-FOND-SANS-TEXTE.png\",\"width\":512,\"height\":512,\"caption\":\"Dicodusport\"},\"image\":{\"@id\":\"https:\/\/dicodusport.fr\/blog\/#\/schema\/logo\/image\/\"},\"sameAs\":[\"https:\/\/www.facebook.com\/dicodusport\",\"https:\/\/x.com\/dicodusport\",\"https:\/\/www.instagram.com\/dicodusport\/\",\"https:\/\/www.youtube.com\/channel\/UC7V2KZ5sd3htJivAbA4ZG3w\"],\"description\":\"Dicodusport est l'encyclop\u00e9die de l'actualit\u00e9 sportive.\",\"email\":\"bonjour@dicodusport.fr\",\"legalName\":\"DICODUSPORT\",\"foundingDate\":\"2018-01-14\",\"vatID\":\"FR71834470973\",\"taxID\":\"83447097300043\",\"numberOfEmployees\":{\"@type\":\"QuantitativeValue\",\"minValue\":\"1\",\"maxValue\":\"10\"}},{\"@type\":\"Person\",\"@id\":\"https:\/\/dicodusport.fr\/blog\/#\/schema\/person\/d603dd7da31fb2b46c82b9835a77ec13\",\"name\":\"Etienne Goursaud\",\"image\":{\"@type\":\"ImageObject\",\"inLanguage\":\"fr-FR\",\"@id\":\"https:\/\/dicodusport.fr\/blog\/#\/schema\/person\/image\/\",\"url\":\"https:\/\/dicodusport.fr\/blog\/wp-content\/uploads\/2023\/12\/410122264_10231602061736049_5565839791558026645_n-150x150.jpg\",\"contentUrl\":\"https:\/\/dicodusport.fr\/blog\/wp-content\/uploads\/2023\/12\/410122264_10231602061736049_5565839791558026645_n-150x150.jpg\",\"caption\":\"Etienne Goursaud\"},\"description\":\"Journaliste et amoureux de sport. Ancien footballeur reconverti athl\u00e8te quand ses muscles le laissent tranquille. \u00c9lev\u00e9 \u00e0 la sauce des exploits de Thomas Voeckler en 2004, du dernier essai de l\u00e9gende de Eunice Barber \u00e0 la longueur lors des championnats du monde d'athl\u00e9tisme de 2003 mais aussi Zidane, Omeyer et Titou Lamaison.\",\"url\":\"https:\/\/dicodusport.fr\/blog\/author\/etienne-goursaud\/\"}]}<\/script>\n<!-- \/ Yoast SEO Premium plugin. -->","yoast_head_json":{"title":"Perche en Or 2025 : Renaud Lavillenie pour continuer d'impressionner","description":"ATHL\u00c9TISME - Deux semaines apr\u00e8s sa belle rentr\u00e9e \u00e0 Caen (5.80 m), Renaud Lavillenie peut continuer sur sa lanc\u00e9e au Perche en Or 2025.","robots":{"index":"index","follow":"follow","max-snippet":"max-snippet:-1","max-image-preview":"max-image-preview:large","max-video-preview":"max-video-preview:-1"},"canonical":"https:\/\/dicodusport.fr\/blog\/perche-en-or-2025-renaud-lavillenie-pour-continuer-dimpressionner\/","og_locale":"fr_FR","og_type":"article","og_title":"Perche en Or 2025 : Renaud Lavillenie pour continuer d'impressionner","og_description":"ATHL\u00c9TISME - Deux semaines apr\u00e8s sa belle rentr\u00e9e \u00e0 Caen (5.80 m), Renaud Lavillenie peut continuer sur sa lanc\u00e9e au Perche en Or 2025.","og_url":"https:\/\/dicodusport.fr\/blog\/perche-en-or-2025-renaud-lavillenie-pour-continuer-dimpressionner\/","og_site_name":"Dicodusport","article_publisher":"https:\/\/www.facebook.com\/dicodusport","article_published_time":"2025-02-14T10:00:04+00:00","article_modified_time":"2025-02-14T17:48:20+00:00","og_image":[{"width":1200,"height":674,"url":"https:\/\/dicodusport.fr\/blog\/wp-content\/uploads\/2025\/02\/Perche-en-Or-2025-Renaud-Lavillenie-pour-continuer-dimpressionner.png","type":"image\/png"}],"author":"Etienne Goursaud","twitter_card":"summary_large_image","twitter_title":"Perche en Or 2025 : Renaud Lavillenie pour continuer d'impressionner","twitter_creator":"@dicodusport","twitter_site":"@dicodusport","schema":{"@context":"https:\/\/schema.org","@graph":[{"@type":"NewsArticle","@id":"https:\/\/dicodusport.fr\/blog\/perche-en-or-2025-renaud-lavillenie-pour-continuer-dimpressionner\/#article","isPartOf":{"@id":"https:\/\/dicodusport.fr\/blog\/perche-en-or-2025-renaud-lavillenie-pour-continuer-dimpressionner\/"},"author":{"name":"Etienne Goursaud","@id":"https:\/\/dicodusport.fr\/blog\/#\/schema\/person\/d603dd7da31fb2b46c82b9835a77ec13"},"headline":"Perche en Or 2025 : Renaud Lavillenie pour continuer d&rsquo;impressionner","datePublished":"2025-02-14T10:00:04+00:00","dateModified":"2025-02-14T17:48:20+00:00","mainEntityOfPage":{"@id":"https:\/\/dicodusport.fr\/blog\/perche-en-or-2025-renaud-lavillenie-pour-continuer-dimpressionner\/"},"wordCount":778,"commentCount":0,"publisher":{"@id":"https:\/\/dicodusport.fr\/blog\/#organization"},"image":{"@id":"https:\/\/dicodusport.fr\/blog\/perche-en-or-2025-renaud-lavillenie-pour-continuer-dimpressionner\/#primaryimage"},"thumbnailUrl":"https:\/\/dicodusport.fr\/blog\/wp-content\/uploads\/2025\/02\/Perche-en-Or-2025-Renaud-Lavillenie-pour-continuer-dimpressionner.png","keywords":["actu","Athl\u00e9tisme","br\u00e8ve","Chris Nilsen","Marie-Julie Bonnin","renaud lavillenie"],"articleSection":["Athl\u00e9tisme"],"inLanguage":"fr-FR","potentialAction":[{"@type":"CommentAction","name":"Comment","target":["https:\/\/dicodusport.fr\/blog\/perche-en-or-2025-renaud-lavillenie-pour-continuer-dimpressionner\/#respond"]}],"copyrightYear":"2025","copyrightHolder":{"@id":"https:\/\/dicodusport.fr\/blog\/#organization"}},{"@type":"WebPage","@id":"https:\/\/dicodusport.fr\/blog\/perche-en-or-2025-renaud-lavillenie-pour-continuer-dimpressionner\/","url":"https:\/\/dicodusport.fr\/blog\/perche-en-or-2025-renaud-lavillenie-pour-continuer-dimpressionner\/","name":"Perche en Or 2025 : Renaud Lavillenie pour continuer d'impressionner","isPartOf":{"@id":"https:\/\/dicodusport.fr\/blog\/#website"},"primaryImageOfPage":{"@id":"https:\/\/dicodusport.fr\/blog\/perche-en-or-2025-renaud-lavillenie-pour-continuer-dimpressionner\/#primaryimage"},"image":{"@id":"https:\/\/dicodusport.fr\/blog\/perche-en-or-2025-renaud-lavillenie-pour-continuer-dimpressionner\/#primaryimage"},"thumbnailUrl":"https:\/\/dicodusport.fr\/blog\/wp-content\/uploads\/2025\/02\/Perche-en-Or-2025-Renaud-Lavillenie-pour-continuer-dimpressionner.png","datePublished":"2025-02-14T10:00:04+00:00","dateModified":"2025-02-14T17:48:20+00:00","description":"ATHL\u00c9TISME - Deux semaines apr\u00e8s sa belle rentr\u00e9e \u00e0 Caen (5.80 m), Renaud Lavillenie peut continuer sur sa lanc\u00e9e au Perche en Or 2025.","breadcrumb":{"@id":"https:\/\/dicodusport.fr\/blog\/perche-en-or-2025-renaud-lavillenie-pour-continuer-dimpressionner\/#breadcrumb"},"inLanguage":"fr-FR","potentialAction":[{"@type":"ReadAction","target":["https:\/\/dicodusport.fr\/blog\/perche-en-or-2025-renaud-lavillenie-pour-continuer-dimpressionner\/"]}]},{"@type":"ImageObject","inLanguage":"fr-FR","@id":"https:\/\/dicodusport.fr\/blog\/perche-en-or-2025-renaud-lavillenie-pour-continuer-dimpressionner\/#primaryimage","url":"https:\/\/dicodusport.fr\/blog\/wp-content\/uploads\/2025\/02\/Perche-en-Or-2025-Renaud-Lavillenie-pour-continuer-dimpressionner.png","contentUrl":"https:\/\/dicodusport.fr\/blog\/wp-content\/uploads\/2025\/02\/Perche-en-Or-2025-Renaud-Lavillenie-pour-continuer-dimpressionner.png","width":1200,"height":674,"caption":"Perche en Or 2025 - Renaud Lavillenie pour continuer d'impressionner"},{"@type":"BreadcrumbList","@id":"https:\/\/dicodusport.fr\/blog\/perche-en-or-2025-renaud-lavillenie-pour-continuer-dimpressionner\/#breadcrumb","itemListElement":[{"@type":"ListItem","position":1,"name":"Accueil","item":"https:\/\/dicodusport.fr\/blog\/"},{"@type":"ListItem","position":2,"name":"Perche en Or 2025 : Renaud Lavillenie pour continuer d&#8217;impressionner"}]},{"@type":"WebSite","@id":"https:\/\/dicodusport.fr\/blog\/#website","url":"https:\/\/dicodusport.fr\/blog\/","name":"Dicodusport","description":"L&#039;encyclop\u00e9die de l&#039;actualit\u00e9 sportive","publisher":{"@id":"https:\/\/dicodusport.fr\/blog\/#organization"},"potentialAction":[{"@type":"SearchAction","target":{"@type":"EntryPoint","urlTemplate":"https:\/\/dicodusport.fr\/blog\/?s={search_term_string}"},"query-input":{"@type":"PropertyValueSpecification","valueRequired":true,"valueName":"search_term_string"}}],"inLanguage":"fr-FR"},{"@type":"NewsMediaOrganization","@id":"https:\/\/dicodusport.fr\/blog\/#organization","name":"Dicodusport","url":"https:\/\/dicodusport.fr\/blog\/","logo":{"@type":"ImageObject","inLanguage":"fr-FR","@id":"https:\/\/dicodusport.fr\/blog\/#\/schema\/logo\/image\/","url":"https:\/\/dicodusport.fr\/blog\/wp-content\/uploads\/2020\/06\/cropped-LOGO-DICODUSPORT-2020-SANS-FOND-SANS-TEXTE.png","contentUrl":"https:\/\/dicodusport.fr\/blog\/wp-content\/uploads\/2020\/06\/cropped-LOGO-DICODUSPORT-2020-SANS-FOND-SANS-TEXTE.png","width":512,"height":512,"caption":"Dicodusport"},"image":{"@id":"https:\/\/dicodusport.fr\/blog\/#\/schema\/logo\/image\/"},"sameAs":["https:\/\/www.facebook.com\/dicodusport","https:\/\/x.com\/dicodusport","https:\/\/www.instagram.com\/dicodusport\/","https:\/\/www.youtube.com\/channel\/UC7V2KZ5sd3htJivAbA4ZG3w"],"description":"Dicodusport est l'encyclop\u00e9die de l'actualit\u00e9 sportive.","email":"bonjour@dicodusport.fr","legalName":"DICODUSPORT","foundingDate":"2018-01-14","vatID":"FR71834470973","taxID":"83447097300043","numberOfEmployees":{"@type":"QuantitativeValue","minValue":"1","maxValue":"10"}},{"@type":"Person","@id":"https:\/\/dicodusport.fr\/blog\/#\/schema\/person\/d603dd7da31fb2b46c82b9835a77ec13","name":"Etienne Goursaud","image":{"@type":"ImageObject","inLanguage":"fr-FR","@id":"https:\/\/dicodusport.fr\/blog\/#\/schema\/person\/image\/","url":"https:\/\/dicodusport.fr\/blog\/wp-content\/uploads\/2023\/12\/410122264_10231602061736049_5565839791558026645_n-150x150.jpg","contentUrl":"https:\/\/dicodusport.fr\/blog\/wp-content\/uploads\/2023\/12\/410122264_10231602061736049_5565839791558026645_n-150x150.jpg","caption":"Etienne Goursaud"},"description":"Journaliste et amoureux de sport. Ancien footballeur reconverti athl\u00e8te quand ses muscles le laissent tranquille. \u00c9lev\u00e9 \u00e0 la sauce des exploits de Thomas Voeckler en 2004, du dernier essai de l\u00e9gende de Eunice Barber \u00e0 la longueur lors des championnats du monde d'athl\u00e9tisme de 2003 mais aussi Zidane, Omeyer et Titou Lamaison.","url":"https:\/\/dicodusport.fr\/blog\/author\/etienne-goursaud\/"}]}},"_links":{"self":[{"href":"https:\/\/dicodusport.fr\/blog\/wp-json\/wp\/v2\/posts\/554826","targetHints":{"allow":["GET"]}}],"collection":[{"href":"https:\/\/dicodusport.fr\/blog\/wp-json\/wp\/v2\/posts"}],"about":[{"href":"https:\/\/dicodusport.fr\/blog\/wp-json\/wp\/v2\/types\/post"}],"author":[{"embeddable":true,"href":"https:\/\/dicodusport.fr\/blog\/wp-json\/wp\/v2\/users\/83"}],"replies":[{"embeddable":true,"href":"https:\/\/dicodusport.fr\/blog\/wp-json\/wp\/v2\/comments?post=554826"}],"version-history":[{"count":5,"href":"https:\/\/dicodusport.fr\/blog\/wp-json\/wp\/v2\/posts\/554826\/revisions"}],"predecessor-version":[{"id":555651,"href":"https:\/\/dicodusport.fr\/blog\/wp-json\/wp\/v2\/posts\/554826\/revisions\/555651"}],"wp:featuredmedia":[{"embeddable":true,"href":"https:\/\/dicodusport.fr\/blog\/wp-json\/wp\/v2\/media\/554851"}],"wp:attachment":[{"href":"https:\/\/dicodusport.fr\/blog\/wp-json\/wp\/v2\/media?parent=554826"}],"wp:term":[{"taxonomy":"category","embeddable":true,"href":"https:\/\/dicodusport.fr\/blog\/wp-json\/wp\/v2\/categories?post=554826"},{"taxonomy":"post_tag","embeddable":true,"href":"https:\/\/dicodusport.fr\/blog\/wp-json\/wp\/v2\/tags?post=554826"}],"curies":[{"name":"wp","href":"https:\/\/api.w.org\/{rel}","templated":true}]}}