{"id":554935,"date":"2025-02-12T10:42:09","date_gmt":"2025-02-12T09:42:09","guid":{"rendered":"https:\/\/dicodusport.fr\/blog\/?p=554935&#038;preview=true&#038;preview_id=554935"},"modified":"2025-02-12T16:32:58","modified_gmt":"2025-02-12T15:32:58","slug":"tour-doman-2025-valentin-paret-peintre-rafle-la-5eme-etape-le-general-pour-adam-yates","status":"publish","type":"post","link":"https:\/\/dicodusport.fr\/blog\/tour-doman-2025-valentin-paret-peintre-rafle-la-5eme-etape-le-general-pour-adam-yates\/","title":{"rendered":"Tour d&rsquo;Oman 2025 : Valentin Paret-Peintre rafle la 5\u00e8me \u00e9tape, le g\u00e9n\u00e9ral pour Adam Yates"},"content":{"rendered":"<h4 style=\"text-align: justify;\"><em>TOUR D&rsquo;OMAN 2025 &#8211; Valentin Paret-Peintre (Soudal-Quick Step) a remport\u00e9 la 5\u00e8me et derni\u00e8re \u00e9tape du Tour d&rsquo;Oman au sommet du Jabal Al Akhdhar. Auteur d&rsquo;une mont\u00e9e fantastique, le cadet de la fratrie Paret-Peintre s&rsquo;est offert Adam Yates dans un sprint \u00e0 deux pour la victoire. Le Britannique s&#8217;empare lui du g\u00e9n\u00e9ral, David Gaudu ayant l\u00e2ch\u00e9 prise dans le dernier kilom\u00e8tre.\u00a0<\/em><\/h4>\n<p style=\"font-weight: 400; text-align: justify;\">Le <strong>Tour d&rsquo;Oman<\/strong> 2025 prenait fin ce mercredi matin avec la 5\u00e8me et derni\u00e8re \u00e9tape. Afin de sceller en beaut\u00e9 ces cinq jours de comp\u00e9tition, le juge de paix de cette \u00e9dition \u00e9tait pr\u00e9vu dans le final. Suite \u00e0 environ 132km plut\u00f4t plats, le redoutable <strong>Jabal Al Akhdhar<\/strong> et ses pentes d\u00e9mentielles (5,7km \u00e0 plus de 10%) allait permettre aux cadors d&rsquo;en d\u00e9coudre une deuxi\u00e8me et derni\u00e8re fois. En t\u00eate du g\u00e9n\u00e9ral avec seulement six secondes d&rsquo;avance sur<strong> Adam Yates<\/strong>,<strong> David Gaudu<\/strong> allait devoir se montrer solide pour tenter de d\u00e9crocher la victoire finale.<\/p>\n<ul style=\"text-align: justify;\">\n<li style=\"text-align: justify;\"><strong>\u00c0 ce sujet \u2013\u00a0<a href=\"https:\/\/dicodusport.fr\/blog\/tour-doman-2025-classement-5eme-etape\/\">Tour d\u2019Oman 2025 \u2013 Classement 5\u00e8me \u00e9tape<\/a><\/strong><\/li>\n<\/ul>\n<h2>Une \u00e9chapp\u00e9e \u00e0 17 se dessine, le peloton \u00e0 la planche<\/h2>\n<p style=\"text-align: justify;\">Mais avant d&rsquo;en arriver au moment fatidique, il y avait plus de 130 bornes \u00e0 avaler en pr\u00e9ambule. Naturellement, l&rsquo;\u00e9chapp\u00e9e du jour a \u00e9t\u00e9 tr\u00e8s convoit\u00e9e. Le d\u00e9part a donc \u00e9t\u00e9 extr\u00eamement rapide, et a fini par accoucher d&rsquo;une \u00e9chapp\u00e9e massive avec 17 coureurs pr\u00e9sents ! De nombreux sprinteurs ont profit\u00e9 de l&rsquo;opportunit\u00e9 (<strong>Pavel Bittner, Orluis Aular, Amaury Capiot<\/strong>&#8230;). Tout comme les puncheurs, repr\u00e9sent\u00e9s par <strong>Anthony Turgis<\/strong> (TotalEnergies) ou <strong>Pepijn Reinderink<\/strong> (Soudal-Quick Step), mais surtout le polyvalent <strong>Mauri Vansevenant<\/strong> (Soudal-Quick Step). Logiquement, le peloton men\u00e9 par la Groupama-FDJ, l&rsquo;UAE Team Emirates-XRG, mais aussi le JCL Team UKYO de <strong>Nahom Zeray<\/strong>, va s&#8217;employer tout au long de la journ\u00e9e pour maintenir ce groupe sous les deux minutes, afin de limiter l&rsquo;\u00e9cart avec le coureur le mieux class\u00e9 parmi l&rsquo;\u00e9chapp\u00e9e, <strong>Sean Flynn<\/strong> (Team Picnic PostNL) pointant en 36\u00e8me position \u00e0 2m30s.<\/p>\n<p style=\"text-align: justify;\">Les hommes \u00e0 l&rsquo;avant du peloton n&rsquo;auront en tout cas pas le temps de ch\u00f4mer. Avec des grimpeurs de la qualit\u00e9 de <strong>Vansevenant,<\/strong> il \u00e9tait n\u00e9cessaire de r\u00e9duire drastiquement l&rsquo;\u00e9cart pour esp\u00e9rer jouer la victoire d&rsquo;\u00e9tape, mais aussi de possibles bonifications au sommet du Jabal Al Akhdhar. C&rsquo;est donc en file indienne et \u00e0 un rythme soutenu que sont aval\u00e9es les derni\u00e8res bornes menant au pied de la difficult\u00e9 finale.<\/p>\n<blockquote class=\"twitter-tweet\">\n<p dir=\"ltr\" lang=\"en\">\ud83c\uddf4\ud83c\uddf2<a href=\"https:\/\/twitter.com\/hashtag\/TourofOman?src=hash&amp;ref_src=twsrc%5Etfw\">#TourofOman<\/a> 2025 &#8211; stage 5\ufe0f\u20e3<br \/>\n\ud83c\udfc1 84km<br \/>\n1\ufe0f\u20e37\ufe0f\u20e3\ud83d\udeb4\ud83c\udffb\u200d\u2642\ufe0f &lt; 1&rsquo;05\u00a0\u00bb &lt; \ud83d\udeb4\ud83c\udffb\u200d\u2642\ufe0f\ud83d\udeb4\ud83c\udffb\u200d\u2642\ufe0f\ud83d\udeb4\ud83c\udffb\u200d\u2642\ufe0f\ud83d\udeb4\ud83c\udffb\u200d\u2642\ufe0f\ud83d\udeb4\ud83c\udffb\u200d\u2642\ufe0f\ud83d\udeb4\ud83c\udffb\u200d\u2642\ufe0f\ud83d\udeb4\ud83c\udffb\u200d\u2642\ufe0f<\/p>\n<p>The breakaway:<br \/>\n\ud83c\uddee\ud83c\uddf9Luca Giaimi<br \/>\n\ud83c\udde7\ud83c\uddea<a href=\"https:\/\/twitter.com\/MVansevenant99?ref_src=twsrc%5Etfw\">@MVansevenant99<\/a><br \/>\n\ud83c\uddf3\ud83c\uddf1<a href=\"https:\/\/twitter.com\/PReinderink?ref_src=twsrc%5Etfw\">@PReinderink<\/a><br \/>\n\ud83c\udde9\ud83c\uddf0<a href=\"https:\/\/twitter.com\/AnthonCharmig?ref_src=twsrc%5Etfw\">@AnthonCharmig<\/a><br \/>\n\ud83c\udde9\ud83c\uddeaNiklas Behrens<br \/>\n\ud83c\udde7\ud83c\uddea<a href=\"https:\/\/twitter.com\/AmauryCapiot?ref_src=twsrc%5Etfw\">@amaurycapiot<\/a><br \/>\n\ud83c\udde8\ud83c\uddffPavel Bittner<br \/>\n\ud83c\uddec\ud83c\udde7<a href=\"https:\/\/twitter.com\/seanf1ynn?ref_src=twsrc%5Etfw\">@seanf1ynn<\/a><br \/>\n\ud83c\uddfb\ud83c\uddea<a href=\"https:\/\/twitter.com\/aular_orluis?ref_src=twsrc%5Etfw\">@aular_orluis<\/a><br \/>\n\ud83c\udde9\ud83c\uddeaFelix Engelhardt<br \/>\n\ud83c\uddeb\ud83c\uddf7<a href=\"https:\/\/twitter.com\/AnthonyTurgis?ref_src=twsrc%5Etfw\">@AnthonyTurgis<\/a>\u2026 <a href=\"https:\/\/t.co\/uz7ZQlmb7f\">pic.twitter.com\/uz7ZQlmb7f<\/a><\/p>\n<p>\u2014 Tour of Oman (@tourofoman) <a href=\"https:\/\/twitter.com\/tourofoman\/status\/1889580519265796507?ref_src=twsrc%5Etfw\">February 12, 2025<\/a><\/p><\/blockquote>\n<p><script async src=\"https:\/\/platform.twitter.com\/widgets.js\" charset=\"utf-8\"><\/script><\/p>\n<h2>Valentin Paret-Peintre rayonne, David Gaudu l\u00e2che prise<\/h2>\n<p style=\"text-align: justify;\">Sans surprise, <strong>Mauri Vansevenant<\/strong> passe imm\u00e9diatement \u00e0 l&rsquo;action d\u00e8s les premi\u00e8res pentes, ce qui va r\u00e9duire le groupe \u00e0 six unit\u00e9s. Mais le peloton se rapproche, et ce malgr\u00e9 une chute qui va impliquer le 3e du g\u00e9n\u00e9ral, <strong>Damien Howson<\/strong> (Q.36 Pro Cycling Team). Si <strong>Lucas Eriksson<\/strong> (Tudor Pro Cycling), <strong>Vansevenant<\/strong> et <strong>Jose Luis Faular<\/strong> (Burgos Burpellet BH) prolongent l&rsquo;aventure \u00e0 l&rsquo;avant, ce sont bien les favoris qui vont se disputer la victoire en revenant dans les trois derni\u00e8res bornes.<\/p>\n<ul>\n<li style=\"text-align: justify;\"><strong>\u00c0 ce sujet \u2013 <a href=\"https:\/\/dicodusport.fr\/blog\/tour-doman-2025-classement-general\/\">Tour d\u2019Oman 2025 \u2013 Classement g\u00e9n\u00e9ral<\/a><\/strong><\/li>\n<\/ul>\n<p style=\"text-align: justify;\">L&rsquo;UAE Team Emirates-XRG imprime le tempo et r\u00e9duit progressivement un groupe de favoris ne comprenant plus qu&rsquo;une poign\u00e9e de coureurs. Accroch\u00e9 \u00e0 la roue d&rsquo;<strong>Adam Yates<\/strong>, <strong>David Gaudu<\/strong> (Groupama-FDJ) amortit le choc, mais finit par l\u00e2cher prise \u00e0 deux kilom\u00e8tres de l&rsquo;arriv\u00e9e. Yates en profite pour filer, mais il n&rsquo;est pas seul. \u00c0 l&rsquo;ouvrage, <strong>Valentin Paret-Peintre<\/strong> (Soudal-Quick Step) s&rsquo;accroche \u00e0 la roue de son rival avant de placer une attaque qui laisse sur place le grand favori de l&rsquo;\u00e9preuve ! Mais le Britannique ne l\u00e2che rien et recolle. Le duo se reforme, et permet \u00e0 <strong>Gaudu<\/strong> de revenir de l&rsquo;arri\u00e8re. On tient le podium final de ce Tour d&rsquo;Oman, mais dans quel ordre ?<\/p>\n<p style=\"text-align: justify;\">Les deux Fran\u00e7ais laissent <strong>Yates<\/strong> imprimer le tempo dans le final. En montant crescendo, le Britannique l\u00e2che finalement de mani\u00e8re d\u00e9finitive <strong>David Gaudu<\/strong>. Avec le g\u00e9n\u00e9ral dans le viseur, il ne rel\u00e2che pas son effort et va aller jusqu&rsquo;au bout. En jouant le coup parfaitement, sans donner un coup de p\u00e9dale de trop,<strong> Valentin Paret-Peintre<\/strong> a conserv\u00e9 suffisamment d&rsquo;\u00e9nergie pour d\u00e9clencher un sprint qui laissera sur place son rival. R\u00e9cemment arriv\u00e9 \u00e0<strong> Soudal Quick-Step<\/strong>, le grimpeur fran\u00e7ais s&rsquo;offre une premi\u00e8re victoire dans sa nouvelle \u00e9quipe, et s&#8217;empare de la 2e place du g\u00e9n\u00e9ral. Derri\u00e8re <strong>Adam Yates<\/strong>, et devant <strong>David Gaudu<\/strong>.<\/p>\n<blockquote class=\"twitter-tweet\">\n<p dir=\"ltr\" lang=\"fr\">\ud83c\uddeb\ud83c\uddf7 Valentin Paret-Peintre wins the final stage of <a href=\"https:\/\/twitter.com\/hashtag\/TourofOman?src=hash&amp;ref_src=twsrc%5Etfw\">#TourofOman<\/a> with a finish on Green Mountain (6km \u00e0 9.9%. \ud83d\udc51<\/p>\n<p>\ud83e\udd47 Valentin Paret-Peintre<br \/>\n\ud83e\udd48 Adam Yates (+ 2&Prime;)<br \/>\n\ud83e\udd49 David Gaudu (+ 25&Prime;)<\/p>\n<p>\ud83c\uddec\ud83c\udde7 Adam Yates wins GC! <a href=\"https:\/\/t.co\/eQrDhgeCfZ\">pic.twitter.com\/eQrDhgeCfZ<\/a><\/p>\n<p>\u2014 Domestique (@Domestique___) <a href=\"https:\/\/twitter.com\/Domestique___\/status\/1889609413637312575?ref_src=twsrc%5Etfw\">February 12, 2025<\/a><\/p><\/blockquote>\n<p><script async src=\"https:\/\/platform.twitter.com\/widgets.js\" charset=\"utf-8\"><\/script><\/p>\n","protected":false},"excerpt":{"rendered":"<p>TOUR D&rsquo;OMAN 2025 &#8211; Valentin Paret-Peintre (Soudal-Quick Step) a remport\u00e9 la 5\u00e8me et derni\u00e8re \u00e9tape du Tour d&rsquo;Oman au sommet du Jabal Al Akhdhar. Auteur d&rsquo;une mont\u00e9e fantastique, le cadet de la fratrie Paret-Peintre s&rsquo;est offert Adam Yates dans un sprint \u00e0 deux pour la victoire. Le Britannique s&#8217;empare lui du g\u00e9n\u00e9ral, David Gaudu ayant l\u00e2ch\u00e9 prise dans le dernier kilom\u00e8tre.\u00a0<\/p>\n","protected":false},"author":55,"featured_media":555080,"comment_status":"open","ping_status":"closed","sticky":false,"template":"","format":"standard","meta":{"_acf_changed":false,"_daextam_enable_autolinks":"1","footnotes":""},"categories":[46994],"tags":[5545,16878,3113,24,21523],"class_list":["post-554935","post","type-post","status-publish","format-standard","has-post-thumbnail","hentry","category-cyclisme-sur-route","tag-adam-yates","tag-breve","tag-david-gaudu","tag-sport","tag-tour-doman"],"acf":[],"yoast_head":"<!-- This site is optimized with the Yoast SEO Premium plugin v26.7 (Yoast SEO v26.7) - https:\/\/yoast.com\/wordpress\/plugins\/seo\/ -->\n<title>Tour d&#039;Oman 2025 : Valentin Paret-Peintre rafle la 5\u00e8me \u00e9tape, le g\u00e9n\u00e9ral pour Adam Yates<\/title>\n<meta name=\"description\" content=\"TOUR D&#039;OMAN 2025 - Valentin Paret-Peintre a rafl\u00e9 l&#039;\u00e9tape reine au sommet du Jabal Al Akhdhar. Adam Yates remprote lui le g\u00e9n\u00e9ral.\" \/>\n<meta name=\"robots\" content=\"index, follow, max-snippet:-1, max-image-preview:large, max-video-preview:-1\" \/>\n<link rel=\"canonical\" href=\"https:\/\/dicodusport.fr\/blog\/tour-doman-2025-valentin-paret-peintre-rafle-la-5eme-etape-le-general-pour-adam-yates\/\" \/>\n<meta property=\"og:locale\" content=\"fr_FR\" \/>\n<meta property=\"og:type\" content=\"article\" \/>\n<meta property=\"og:title\" content=\"Tour d&#039;Oman 2025 : Valentin Paret-Peintre rafle la 5\u00e8me \u00e9tape, le g\u00e9n\u00e9ral pour Adam Yates\" \/>\n<meta property=\"og:description\" content=\"TOUR D&#039;OMAN 2025 - Valentin Paret-Peintre a rafl\u00e9 l&#039;\u00e9tape reine au sommet du Jabal Al Akhdhar. Adam Yates remprote lui le g\u00e9n\u00e9ral.\" \/>\n<meta property=\"og:url\" content=\"https:\/\/dicodusport.fr\/blog\/tour-doman-2025-valentin-paret-peintre-rafle-la-5eme-etape-le-general-pour-adam-yates\/\" \/>\n<meta property=\"og:site_name\" content=\"Dicodusport\" \/>\n<meta property=\"article:publisher\" content=\"https:\/\/www.facebook.com\/dicodusport\" \/>\n<meta property=\"article:published_time\" content=\"2025-02-12T09:42:09+00:00\" \/>\n<meta property=\"article:modified_time\" content=\"2025-02-12T15:32:58+00:00\" \/>\n<meta property=\"og:image\" content=\"https:\/\/dicodusport.fr\/blog\/wp-content\/uploads\/2025\/02\/Tour-dOman-2025-Valentin-Paret-Peintre-rafle-la-5eme-etape-le-general-pour-Adam-Yates-1.png\" \/>\n\t<meta property=\"og:image:width\" content=\"1200\" \/>\n\t<meta property=\"og:image:height\" content=\"674\" \/>\n\t<meta property=\"og:image:type\" content=\"image\/png\" \/>\n<meta name=\"author\" content=\"Maxime Cazenave\" \/>\n<meta name=\"twitter:card\" content=\"summary_large_image\" \/>\n<meta name=\"twitter:title\" content=\"Tour d&#039;Oman 2025 : Valentin Paret-Peintre rafle la 5\u00e8me \u00e9tape, le g\u00e9n\u00e9ral pour Adam Yates\" \/>\n<meta name=\"twitter:creator\" content=\"@https:\/\/twitter.com\/Maxime_Caze\" \/>\n<meta name=\"twitter:site\" content=\"@dicodusport\" \/>\n<script type=\"application\/ld+json\" class=\"yoast-schema-graph\">{\"@context\":\"https:\/\/schema.org\",\"@graph\":[{\"@type\":\"NewsArticle\",\"@id\":\"https:\/\/dicodusport.fr\/blog\/tour-doman-2025-valentin-paret-peintre-rafle-la-5eme-etape-le-general-pour-adam-yates\/#article\",\"isPartOf\":{\"@id\":\"https:\/\/dicodusport.fr\/blog\/tour-doman-2025-valentin-paret-peintre-rafle-la-5eme-etape-le-general-pour-adam-yates\/\"},\"author\":{\"name\":\"Maxime Cazenave\",\"@id\":\"https:\/\/dicodusport.fr\/blog\/#\/schema\/person\/37def232098a7a5cbab3974a3690abb0\"},\"headline\":\"Tour d&rsquo;Oman 2025 : Valentin Paret-Peintre rafle la 5\u00e8me \u00e9tape, le g\u00e9n\u00e9ral pour Adam Yates\",\"datePublished\":\"2025-02-12T09:42:09+00:00\",\"dateModified\":\"2025-02-12T15:32:58+00:00\",\"mainEntityOfPage\":{\"@id\":\"https:\/\/dicodusport.fr\/blog\/tour-doman-2025-valentin-paret-peintre-rafle-la-5eme-etape-le-general-pour-adam-yates\/\"},\"wordCount\":857,\"commentCount\":0,\"publisher\":{\"@id\":\"https:\/\/dicodusport.fr\/blog\/#organization\"},\"image\":{\"@id\":\"https:\/\/dicodusport.fr\/blog\/tour-doman-2025-valentin-paret-peintre-rafle-la-5eme-etape-le-general-pour-adam-yates\/#primaryimage\"},\"thumbnailUrl\":\"https:\/\/dicodusport.fr\/blog\/wp-content\/uploads\/2025\/02\/Tour-dOman-2025-Valentin-Paret-Peintre-rafle-la-5eme-etape-le-general-pour-Adam-Yates-1.png\",\"keywords\":[\"Adam Yates\",\"br\u00e8ve\",\"David Gaudu\",\"sport\",\"Tour d'Oman\"],\"articleSection\":[\"Cyclisme sur route\"],\"inLanguage\":\"fr-FR\",\"potentialAction\":[{\"@type\":\"CommentAction\",\"name\":\"Comment\",\"target\":[\"https:\/\/dicodusport.fr\/blog\/tour-doman-2025-valentin-paret-peintre-rafle-la-5eme-etape-le-general-pour-adam-yates\/#respond\"]}],\"copyrightYear\":\"2025\",\"copyrightHolder\":{\"@id\":\"https:\/\/dicodusport.fr\/blog\/#organization\"}},{\"@type\":\"WebPage\",\"@id\":\"https:\/\/dicodusport.fr\/blog\/tour-doman-2025-valentin-paret-peintre-rafle-la-5eme-etape-le-general-pour-adam-yates\/\",\"url\":\"https:\/\/dicodusport.fr\/blog\/tour-doman-2025-valentin-paret-peintre-rafle-la-5eme-etape-le-general-pour-adam-yates\/\",\"name\":\"Tour d'Oman 2025 : Valentin Paret-Peintre rafle la 5\u00e8me \u00e9tape, le g\u00e9n\u00e9ral pour Adam Yates\",\"isPartOf\":{\"@id\":\"https:\/\/dicodusport.fr\/blog\/#website\"},\"primaryImageOfPage\":{\"@id\":\"https:\/\/dicodusport.fr\/blog\/tour-doman-2025-valentin-paret-peintre-rafle-la-5eme-etape-le-general-pour-adam-yates\/#primaryimage\"},\"image\":{\"@id\":\"https:\/\/dicodusport.fr\/blog\/tour-doman-2025-valentin-paret-peintre-rafle-la-5eme-etape-le-general-pour-adam-yates\/#primaryimage\"},\"thumbnailUrl\":\"https:\/\/dicodusport.fr\/blog\/wp-content\/uploads\/2025\/02\/Tour-dOman-2025-Valentin-Paret-Peintre-rafle-la-5eme-etape-le-general-pour-Adam-Yates-1.png\",\"datePublished\":\"2025-02-12T09:42:09+00:00\",\"dateModified\":\"2025-02-12T15:32:58+00:00\",\"description\":\"TOUR D'OMAN 2025 - Valentin Paret-Peintre a rafl\u00e9 l'\u00e9tape reine au sommet du Jabal Al Akhdhar. Adam Yates remprote lui le g\u00e9n\u00e9ral.\",\"breadcrumb\":{\"@id\":\"https:\/\/dicodusport.fr\/blog\/tour-doman-2025-valentin-paret-peintre-rafle-la-5eme-etape-le-general-pour-adam-yates\/#breadcrumb\"},\"inLanguage\":\"fr-FR\",\"potentialAction\":[{\"@type\":\"ReadAction\",\"target\":[\"https:\/\/dicodusport.fr\/blog\/tour-doman-2025-valentin-paret-peintre-rafle-la-5eme-etape-le-general-pour-adam-yates\/\"]}]},{\"@type\":\"ImageObject\",\"inLanguage\":\"fr-FR\",\"@id\":\"https:\/\/dicodusport.fr\/blog\/tour-doman-2025-valentin-paret-peintre-rafle-la-5eme-etape-le-general-pour-adam-yates\/#primaryimage\",\"url\":\"https:\/\/dicodusport.fr\/blog\/wp-content\/uploads\/2025\/02\/Tour-dOman-2025-Valentin-Paret-Peintre-rafle-la-5eme-etape-le-general-pour-Adam-Yates-1.png\",\"contentUrl\":\"https:\/\/dicodusport.fr\/blog\/wp-content\/uploads\/2025\/02\/Tour-dOman-2025-Valentin-Paret-Peintre-rafle-la-5eme-etape-le-general-pour-Adam-Yates-1.png\",\"width\":1200,\"height\":674,\"caption\":\"Tour d'Oman 2025 Valentin Paret-Peintre rafle la 5\u00e8me \u00e9tape, le g\u00e9n\u00e9ral pour Adam Yates (1)\"},{\"@type\":\"BreadcrumbList\",\"@id\":\"https:\/\/dicodusport.fr\/blog\/tour-doman-2025-valentin-paret-peintre-rafle-la-5eme-etape-le-general-pour-adam-yates\/#breadcrumb\",\"itemListElement\":[{\"@type\":\"ListItem\",\"position\":1,\"name\":\"Accueil\",\"item\":\"https:\/\/dicodusport.fr\/blog\/\"},{\"@type\":\"ListItem\",\"position\":2,\"name\":\"Tour d&#8217;Oman 2025 : Valentin Paret-Peintre rafle la 5\u00e8me \u00e9tape, le g\u00e9n\u00e9ral pour Adam Yates\"}]},{\"@type\":\"WebSite\",\"@id\":\"https:\/\/dicodusport.fr\/blog\/#website\",\"url\":\"https:\/\/dicodusport.fr\/blog\/\",\"name\":\"Dicodusport\",\"description\":\"L&#039;encyclop\u00e9die de l&#039;actualit\u00e9 sportive\",\"publisher\":{\"@id\":\"https:\/\/dicodusport.fr\/blog\/#organization\"},\"potentialAction\":[{\"@type\":\"SearchAction\",\"target\":{\"@type\":\"EntryPoint\",\"urlTemplate\":\"https:\/\/dicodusport.fr\/blog\/?s={search_term_string}\"},\"query-input\":{\"@type\":\"PropertyValueSpecification\",\"valueRequired\":true,\"valueName\":\"search_term_string\"}}],\"inLanguage\":\"fr-FR\"},{\"@type\":\"NewsMediaOrganization\",\"@id\":\"https:\/\/dicodusport.fr\/blog\/#organization\",\"name\":\"Dicodusport\",\"url\":\"https:\/\/dicodusport.fr\/blog\/\",\"logo\":{\"@type\":\"ImageObject\",\"inLanguage\":\"fr-FR\",\"@id\":\"https:\/\/dicodusport.fr\/blog\/#\/schema\/logo\/image\/\",\"url\":\"https:\/\/dicodusport.fr\/blog\/wp-content\/uploads\/2020\/06\/cropped-LOGO-DICODUSPORT-2020-SANS-FOND-SANS-TEXTE.png\",\"contentUrl\":\"https:\/\/dicodusport.fr\/blog\/wp-content\/uploads\/2020\/06\/cropped-LOGO-DICODUSPORT-2020-SANS-FOND-SANS-TEXTE.png\",\"width\":512,\"height\":512,\"caption\":\"Dicodusport\"},\"image\":{\"@id\":\"https:\/\/dicodusport.fr\/blog\/#\/schema\/logo\/image\/\"},\"sameAs\":[\"https:\/\/www.facebook.com\/dicodusport\",\"https:\/\/x.com\/dicodusport\",\"https:\/\/www.instagram.com\/dicodusport\/\",\"https:\/\/www.youtube.com\/channel\/UC7V2KZ5sd3htJivAbA4ZG3w\"],\"description\":\"Dicodusport est l'encyclop\u00e9die de l'actualit\u00e9 sportive.\",\"email\":\"bonjour@dicodusport.fr\",\"legalName\":\"DICODUSPORT\",\"foundingDate\":\"2018-01-14\",\"vatID\":\"FR71834470973\",\"taxID\":\"83447097300043\",\"numberOfEmployees\":{\"@type\":\"QuantitativeValue\",\"minValue\":\"1\",\"maxValue\":\"10\"}},{\"@type\":\"Person\",\"@id\":\"https:\/\/dicodusport.fr\/blog\/#\/schema\/person\/37def232098a7a5cbab3974a3690abb0\",\"name\":\"Maxime Cazenave\",\"image\":{\"@type\":\"ImageObject\",\"inLanguage\":\"fr-FR\",\"@id\":\"https:\/\/dicodusport.fr\/blog\/#\/schema\/person\/image\/\",\"url\":\"https:\/\/dicodusport.fr\/blog\/wp-content\/uploads\/2021\/05\/Maxime-Cazenave-150x150.jpg\",\"contentUrl\":\"https:\/\/dicodusport.fr\/blog\/wp-content\/uploads\/2021\/05\/Maxime-Cazenave-150x150.jpg\",\"caption\":\"Maxime Cazenave\"},\"description\":\"Journaliste\/R\u00e9dacteur depuis 2012 - Berc\u00e9 par l\u2019amour des Girondins de Bordeaux, les \u00e9checs de Christophe Moreau sur le Tour de France sous l'\u00e8re Lance Armstrong et le fade-away l\u00e9tal de Dirk Nowitzki, ma passion d\u00e9vorante pour le sport a toujours \u00e9t\u00e9 un pan incontournable de ma vie. Transmettre ma passion \u00e0 l\u2019\u00e9crit a \u00e9t\u00e9 une transition naturelle. Suiveur assidu de basket et de hockey sur glace, je garde toujours un peu de place pour suivre le cyclisme, le football et le maximum de performances fran\u00e7aises.\",\"sameAs\":[\"https:\/\/x.com\/https:\/\/twitter.com\/Maxime_Caze\"],\"url\":\"https:\/\/dicodusport.fr\/blog\/author\/maximec\/\"}]}<\/script>\n<!-- \/ Yoast SEO Premium plugin. -->","yoast_head_json":{"title":"Tour d'Oman 2025 : Valentin Paret-Peintre rafle la 5\u00e8me \u00e9tape, le g\u00e9n\u00e9ral pour Adam Yates","description":"TOUR D'OMAN 2025 - Valentin Paret-Peintre a rafl\u00e9 l'\u00e9tape reine au sommet du Jabal Al Akhdhar. Adam Yates remprote lui le g\u00e9n\u00e9ral.","robots":{"index":"index","follow":"follow","max-snippet":"max-snippet:-1","max-image-preview":"max-image-preview:large","max-video-preview":"max-video-preview:-1"},"canonical":"https:\/\/dicodusport.fr\/blog\/tour-doman-2025-valentin-paret-peintre-rafle-la-5eme-etape-le-general-pour-adam-yates\/","og_locale":"fr_FR","og_type":"article","og_title":"Tour d'Oman 2025 : Valentin Paret-Peintre rafle la 5\u00e8me \u00e9tape, le g\u00e9n\u00e9ral pour Adam Yates","og_description":"TOUR D'OMAN 2025 - Valentin Paret-Peintre a rafl\u00e9 l'\u00e9tape reine au sommet du Jabal Al Akhdhar. Adam Yates remprote lui le g\u00e9n\u00e9ral.","og_url":"https:\/\/dicodusport.fr\/blog\/tour-doman-2025-valentin-paret-peintre-rafle-la-5eme-etape-le-general-pour-adam-yates\/","og_site_name":"Dicodusport","article_publisher":"https:\/\/www.facebook.com\/dicodusport","article_published_time":"2025-02-12T09:42:09+00:00","article_modified_time":"2025-02-12T15:32:58+00:00","og_image":[{"width":1200,"height":674,"url":"https:\/\/dicodusport.fr\/blog\/wp-content\/uploads\/2025\/02\/Tour-dOman-2025-Valentin-Paret-Peintre-rafle-la-5eme-etape-le-general-pour-Adam-Yates-1.png","type":"image\/png"}],"author":"Maxime Cazenave","twitter_card":"summary_large_image","twitter_title":"Tour d'Oman 2025 : Valentin Paret-Peintre rafle la 5\u00e8me \u00e9tape, le g\u00e9n\u00e9ral pour Adam Yates","twitter_creator":"@https:\/\/twitter.com\/Maxime_Caze","twitter_site":"@dicodusport","schema":{"@context":"https:\/\/schema.org","@graph":[{"@type":"NewsArticle","@id":"https:\/\/dicodusport.fr\/blog\/tour-doman-2025-valentin-paret-peintre-rafle-la-5eme-etape-le-general-pour-adam-yates\/#article","isPartOf":{"@id":"https:\/\/dicodusport.fr\/blog\/tour-doman-2025-valentin-paret-peintre-rafle-la-5eme-etape-le-general-pour-adam-yates\/"},"author":{"name":"Maxime Cazenave","@id":"https:\/\/dicodusport.fr\/blog\/#\/schema\/person\/37def232098a7a5cbab3974a3690abb0"},"headline":"Tour d&rsquo;Oman 2025 : Valentin Paret-Peintre rafle la 5\u00e8me \u00e9tape, le g\u00e9n\u00e9ral pour Adam Yates","datePublished":"2025-02-12T09:42:09+00:00","dateModified":"2025-02-12T15:32:58+00:00","mainEntityOfPage":{"@id":"https:\/\/dicodusport.fr\/blog\/tour-doman-2025-valentin-paret-peintre-rafle-la-5eme-etape-le-general-pour-adam-yates\/"},"wordCount":857,"commentCount":0,"publisher":{"@id":"https:\/\/dicodusport.fr\/blog\/#organization"},"image":{"@id":"https:\/\/dicodusport.fr\/blog\/tour-doman-2025-valentin-paret-peintre-rafle-la-5eme-etape-le-general-pour-adam-yates\/#primaryimage"},"thumbnailUrl":"https:\/\/dicodusport.fr\/blog\/wp-content\/uploads\/2025\/02\/Tour-dOman-2025-Valentin-Paret-Peintre-rafle-la-5eme-etape-le-general-pour-Adam-Yates-1.png","keywords":["Adam Yates","br\u00e8ve","David Gaudu","sport","Tour d'Oman"],"articleSection":["Cyclisme sur route"],"inLanguage":"fr-FR","potentialAction":[{"@type":"CommentAction","name":"Comment","target":["https:\/\/dicodusport.fr\/blog\/tour-doman-2025-valentin-paret-peintre-rafle-la-5eme-etape-le-general-pour-adam-yates\/#respond"]}],"copyrightYear":"2025","copyrightHolder":{"@id":"https:\/\/dicodusport.fr\/blog\/#organization"}},{"@type":"WebPage","@id":"https:\/\/dicodusport.fr\/blog\/tour-doman-2025-valentin-paret-peintre-rafle-la-5eme-etape-le-general-pour-adam-yates\/","url":"https:\/\/dicodusport.fr\/blog\/tour-doman-2025-valentin-paret-peintre-rafle-la-5eme-etape-le-general-pour-adam-yates\/","name":"Tour d'Oman 2025 : Valentin Paret-Peintre rafle la 5\u00e8me \u00e9tape, le g\u00e9n\u00e9ral pour Adam Yates","isPartOf":{"@id":"https:\/\/dicodusport.fr\/blog\/#website"},"primaryImageOfPage":{"@id":"https:\/\/dicodusport.fr\/blog\/tour-doman-2025-valentin-paret-peintre-rafle-la-5eme-etape-le-general-pour-adam-yates\/#primaryimage"},"image":{"@id":"https:\/\/dicodusport.fr\/blog\/tour-doman-2025-valentin-paret-peintre-rafle-la-5eme-etape-le-general-pour-adam-yates\/#primaryimage"},"thumbnailUrl":"https:\/\/dicodusport.fr\/blog\/wp-content\/uploads\/2025\/02\/Tour-dOman-2025-Valentin-Paret-Peintre-rafle-la-5eme-etape-le-general-pour-Adam-Yates-1.png","datePublished":"2025-02-12T09:42:09+00:00","dateModified":"2025-02-12T15:32:58+00:00","description":"TOUR D'OMAN 2025 - Valentin Paret-Peintre a rafl\u00e9 l'\u00e9tape reine au sommet du Jabal Al Akhdhar. Adam Yates remprote lui le g\u00e9n\u00e9ral.","breadcrumb":{"@id":"https:\/\/dicodusport.fr\/blog\/tour-doman-2025-valentin-paret-peintre-rafle-la-5eme-etape-le-general-pour-adam-yates\/#breadcrumb"},"inLanguage":"fr-FR","potentialAction":[{"@type":"ReadAction","target":["https:\/\/dicodusport.fr\/blog\/tour-doman-2025-valentin-paret-peintre-rafle-la-5eme-etape-le-general-pour-adam-yates\/"]}]},{"@type":"ImageObject","inLanguage":"fr-FR","@id":"https:\/\/dicodusport.fr\/blog\/tour-doman-2025-valentin-paret-peintre-rafle-la-5eme-etape-le-general-pour-adam-yates\/#primaryimage","url":"https:\/\/dicodusport.fr\/blog\/wp-content\/uploads\/2025\/02\/Tour-dOman-2025-Valentin-Paret-Peintre-rafle-la-5eme-etape-le-general-pour-Adam-Yates-1.png","contentUrl":"https:\/\/dicodusport.fr\/blog\/wp-content\/uploads\/2025\/02\/Tour-dOman-2025-Valentin-Paret-Peintre-rafle-la-5eme-etape-le-general-pour-Adam-Yates-1.png","width":1200,"height":674,"caption":"Tour d'Oman 2025 Valentin Paret-Peintre rafle la 5\u00e8me \u00e9tape, le g\u00e9n\u00e9ral pour Adam Yates (1)"},{"@type":"BreadcrumbList","@id":"https:\/\/dicodusport.fr\/blog\/tour-doman-2025-valentin-paret-peintre-rafle-la-5eme-etape-le-general-pour-adam-yates\/#breadcrumb","itemListElement":[{"@type":"ListItem","position":1,"name":"Accueil","item":"https:\/\/dicodusport.fr\/blog\/"},{"@type":"ListItem","position":2,"name":"Tour d&#8217;Oman 2025 : Valentin Paret-Peintre rafle la 5\u00e8me \u00e9tape, le g\u00e9n\u00e9ral pour Adam Yates"}]},{"@type":"WebSite","@id":"https:\/\/dicodusport.fr\/blog\/#website","url":"https:\/\/dicodusport.fr\/blog\/","name":"Dicodusport","description":"L&#039;encyclop\u00e9die de l&#039;actualit\u00e9 sportive","publisher":{"@id":"https:\/\/dicodusport.fr\/blog\/#organization"},"potentialAction":[{"@type":"SearchAction","target":{"@type":"EntryPoint","urlTemplate":"https:\/\/dicodusport.fr\/blog\/?s={search_term_string}"},"query-input":{"@type":"PropertyValueSpecification","valueRequired":true,"valueName":"search_term_string"}}],"inLanguage":"fr-FR"},{"@type":"NewsMediaOrganization","@id":"https:\/\/dicodusport.fr\/blog\/#organization","name":"Dicodusport","url":"https:\/\/dicodusport.fr\/blog\/","logo":{"@type":"ImageObject","inLanguage":"fr-FR","@id":"https:\/\/dicodusport.fr\/blog\/#\/schema\/logo\/image\/","url":"https:\/\/dicodusport.fr\/blog\/wp-content\/uploads\/2020\/06\/cropped-LOGO-DICODUSPORT-2020-SANS-FOND-SANS-TEXTE.png","contentUrl":"https:\/\/dicodusport.fr\/blog\/wp-content\/uploads\/2020\/06\/cropped-LOGO-DICODUSPORT-2020-SANS-FOND-SANS-TEXTE.png","width":512,"height":512,"caption":"Dicodusport"},"image":{"@id":"https:\/\/dicodusport.fr\/blog\/#\/schema\/logo\/image\/"},"sameAs":["https:\/\/www.facebook.com\/dicodusport","https:\/\/x.com\/dicodusport","https:\/\/www.instagram.com\/dicodusport\/","https:\/\/www.youtube.com\/channel\/UC7V2KZ5sd3htJivAbA4ZG3w"],"description":"Dicodusport est l'encyclop\u00e9die de l'actualit\u00e9 sportive.","email":"bonjour@dicodusport.fr","legalName":"DICODUSPORT","foundingDate":"2018-01-14","vatID":"FR71834470973","taxID":"83447097300043","numberOfEmployees":{"@type":"QuantitativeValue","minValue":"1","maxValue":"10"}},{"@type":"Person","@id":"https:\/\/dicodusport.fr\/blog\/#\/schema\/person\/37def232098a7a5cbab3974a3690abb0","name":"Maxime Cazenave","image":{"@type":"ImageObject","inLanguage":"fr-FR","@id":"https:\/\/dicodusport.fr\/blog\/#\/schema\/person\/image\/","url":"https:\/\/dicodusport.fr\/blog\/wp-content\/uploads\/2021\/05\/Maxime-Cazenave-150x150.jpg","contentUrl":"https:\/\/dicodusport.fr\/blog\/wp-content\/uploads\/2021\/05\/Maxime-Cazenave-150x150.jpg","caption":"Maxime Cazenave"},"description":"Journaliste\/R\u00e9dacteur depuis 2012 - Berc\u00e9 par l\u2019amour des Girondins de Bordeaux, les \u00e9checs de Christophe Moreau sur le Tour de France sous l'\u00e8re Lance Armstrong et le fade-away l\u00e9tal de Dirk Nowitzki, ma passion d\u00e9vorante pour le sport a toujours \u00e9t\u00e9 un pan incontournable de ma vie. Transmettre ma passion \u00e0 l\u2019\u00e9crit a \u00e9t\u00e9 une transition naturelle. Suiveur assidu de basket et de hockey sur glace, je garde toujours un peu de place pour suivre le cyclisme, le football et le maximum de performances fran\u00e7aises.","sameAs":["https:\/\/x.com\/https:\/\/twitter.com\/Maxime_Caze"],"url":"https:\/\/dicodusport.fr\/blog\/author\/maximec\/"}]}},"_links":{"self":[{"href":"https:\/\/dicodusport.fr\/blog\/wp-json\/wp\/v2\/posts\/554935","targetHints":{"allow":["GET"]}}],"collection":[{"href":"https:\/\/dicodusport.fr\/blog\/wp-json\/wp\/v2\/posts"}],"about":[{"href":"https:\/\/dicodusport.fr\/blog\/wp-json\/wp\/v2\/types\/post"}],"author":[{"embeddable":true,"href":"https:\/\/dicodusport.fr\/blog\/wp-json\/wp\/v2\/users\/55"}],"replies":[{"embeddable":true,"href":"https:\/\/dicodusport.fr\/blog\/wp-json\/wp\/v2\/comments?post=554935"}],"version-history":[{"count":4,"href":"https:\/\/dicodusport.fr\/blog\/wp-json\/wp\/v2\/posts\/554935\/revisions"}],"predecessor-version":[{"id":554998,"href":"https:\/\/dicodusport.fr\/blog\/wp-json\/wp\/v2\/posts\/554935\/revisions\/554998"}],"wp:featuredmedia":[{"embeddable":true,"href":"https:\/\/dicodusport.fr\/blog\/wp-json\/wp\/v2\/media\/555080"}],"wp:attachment":[{"href":"https:\/\/dicodusport.fr\/blog\/wp-json\/wp\/v2\/media?parent=554935"}],"wp:term":[{"taxonomy":"category","embeddable":true,"href":"https:\/\/dicodusport.fr\/blog\/wp-json\/wp\/v2\/categories?post=554935"},{"taxonomy":"post_tag","embeddable":true,"href":"https:\/\/dicodusport.fr\/blog\/wp-json\/wp\/v2\/tags?post=554935"}],"curies":[{"name":"wp","href":"https:\/\/api.w.org\/{rel}","templated":true}]}}