{"id":554947,"date":"2025-02-13T11:30:03","date_gmt":"2025-02-13T10:30:03","guid":{"rendered":"https:\/\/dicodusport.fr\/blog\/?p=554947&#038;preview=true&#038;preview_id=554947"},"modified":"2025-02-13T11:30:03","modified_gmt":"2025-02-13T10:30:03","slug":"championnats-de-france-jeunes-dathletisme-2025-cinq-athletes-a-suivre-a-lievin","status":"publish","type":"post","link":"https:\/\/dicodusport.fr\/blog\/championnats-de-france-jeunes-dathletisme-2025-cinq-athletes-a-suivre-a-lievin\/","title":{"rendered":"Athl\u00e9tisme Championnats de France jeunes 2025 : 5 athl\u00e8tes \u00e0 suivre \u00e0 Li\u00e9vin"},"content":{"rendered":"<h4 style=\"text-align: justify;\"><em>ATHL\u00c9TISME &#8211; Focus sur cinq athl\u00e8tes qui peuvent briller ce week-end, lors des championnats de France U18 et U20 \u00e0 Li\u00e9vin.<\/em><\/h4>\n<h2 style=\"text-align: justify;\">M\u00e9ta Tumba (U20 &#8211; 400 m)<\/h2>\n<p style=\"text-align: justify;\">C&rsquo;est LA star de ces championnats de France jeunes. La championne du monde U20 du 400 m haies en 2024 (et seule m\u00e9daill\u00e9e fran\u00e7aise lors de ces Mondiux) sera align\u00e9e sur le 400 m. Championne de France juniors indoor sur 800 m en 2024, elle a choisi de revenir sur une distance sur laquelle elle avait \u00e9t\u00e9 sacr\u00e9e en 2023. Elle y sera la grande favorite, et m\u00eame si son d\u00e9but d&rsquo;hiver n&rsquo;est pas aussi impressionnant qu&rsquo;en 2024, elle n&rsquo;est jamais aussi forte que dans des courses \u00e0 enjeu, dans lesquelles elle a toujours am\u00e9lior\u00e9 ses records personnels en grand championnat. Cela laisse de belles perspectives, pour aller chercher son record en salle, qui est de <strong>54.20<\/strong>.<\/p>\n<div class=\"vlp-link-container vlp-layout-article\"><a href=\"https:\/\/dicodusport.fr\/blog\/mondiaux-u20-athletisme-2024-meta-tumba-sacree-championne-du-monde-sur-400-m-haies\/\" class=\"vlp-link\" title=\"Mondiaux U20 athl\u00e9tisme 2024 : Meta Tumba sacr\u00e9e championne du monde sur 400 m haies\"><\/a><div class=\"vlp-layout-zone-side\"><div class=\"vlp-block-4 vlp-link-image\"><img loading=\"lazy\" decoding=\"async\" style=\"max-width: 792px;\" width=\"792\" height=\"445\" src=\"https:\/\/dicodusport.fr\/blog\/wp-content\/uploads\/2024\/09\/Mondiaux-U20-athletisme-2024-Meta-Tumba-sacree-championne-du-monde-sur-400-m-haies-1.png\" class=\"attachment-800x445 size-800x445\" alt=\"\" srcset=\"https:\/\/dicodusport.fr\/blog\/wp-content\/uploads\/2024\/09\/Mondiaux-U20-athletisme-2024-Meta-Tumba-sacree-championne-du-monde-sur-400-m-haies-1.png 1200w, https:\/\/dicodusport.fr\/blog\/wp-content\/uploads\/2024\/09\/Mondiaux-U20-athletisme-2024-Meta-Tumba-sacree-championne-du-monde-sur-400-m-haies-1-300x169.png 300w, https:\/\/dicodusport.fr\/blog\/wp-content\/uploads\/2024\/09\/Mondiaux-U20-athletisme-2024-Meta-Tumba-sacree-championne-du-monde-sur-400-m-haies-1-1024x575.png 1024w, https:\/\/dicodusport.fr\/blog\/wp-content\/uploads\/2024\/09\/Mondiaux-U20-athletisme-2024-Meta-Tumba-sacree-championne-du-monde-sur-400-m-haies-1-768x431.png 768w\" sizes=\"auto, (max-width: 792px) 100vw, 792px\" \/><\/div><\/div><div class=\"vlp-layout-zone-main\"><div class=\"vlp-block-0 vlp-link-title\">Mondiaux U20 athl\u00e9tisme 2024 : Meta Tumba sacr\u00e9e championne du monde sur 400 m haies<\/div><div class=\"vlp-block-1 vlp-link-summary\">Meta Tumba sacr\u00e9e championne du monde sur 400 m haies<\/div><div class=\"vlp-block-2 vlp-link-button\">Lire l'article<\/div><div class=\"vlp-block-3 vlp-link-url\">dicodusport.fr<\/div><\/div><\/div>\n<h2 style=\"text-align: justify;\">Mael-Bephassou Lannurien (U18 &#8211; 60 m haies)<\/h2>\n<p style=\"text-align: justify;\">Comment aura r\u00e9cup\u00e9r\u00e9 le n\u00e9o-recordman de France U18 de l&rsquo;heptathlon ? Apr\u00e8s avoir pulv\u00e9ris\u00e9 de pr\u00e8s de 300 points, l&rsquo;ancienne marque d\u00e9tenue par un certain <strong>Kevin Mayer<\/strong>, <strong>Mael-Bephassou Lannurien<\/strong> est de nouveau engag\u00e9 dans des Championnats de France, sur 60 m haies cette fois. Mais on pourrait comprendre que le jeune \u00ab\u00a0combinard\u00a0\u00bb soit un peu fatigu\u00e9. En plus de l&rsquo;encha\u00eenement en une semaine, c&rsquo;est le trajet qui pourrait bien peser dans ses jambes. De Lyon \u00e0 Li\u00e9vin en moins de sept jours, cela peut laisser quelques traces. En attendant, avec un chrono de <strong>7.68<\/strong> (haies \u00e0 91 cm), il est aussi le favori des France sur la distance. S&rsquo;il a bien r\u00e9cup\u00e9r\u00e9, le chrono pourrait descendre avec l&rsquo;\u00e9mulation. Peut-\u00eatre pas vers les<strong> 7.48<\/strong> du record de France cod\u00e9tenu par <strong>Ladji Doucour\u00e9<\/strong> et <strong>Sasha Zhoya<\/strong>. Mais pourquoi pas sous les <strong>7.60<\/strong>.<\/p>\n<blockquote class=\"twitter-tweet\">\n<p dir=\"ltr\" lang=\"fr\">\ud83d\udea8 \ud835\udde5\ud835\uddd8\ud835\uddd6\ud835\udde2\ud835\udde5\ud835\uddd7 \ud835\uddd7\ud835\uddd8 \ud835\uddd9\ud835\udde5\ud835\uddd4\ud835\udde1\ud835\uddd6\ud835\uddd8 \ud835\udde8\ud835\udfed\ud835\udff4 ! \ud83c\udde8\ud83c\uddf5<\/p>\n<p>\ud83d\udd25 \ud835\udc00\ud835\udc25\ud835\udc1e\ud835\udc2b\ud835\udc2d\ud835\udc1e \ud835\udc29\ud835\udc1e\u0301\ud835\udc29\ud835\udc22\ud835\udc2d\ud835\udc1e : Mael-Bephassou Lannurien \ud83d\udd25<\/p>\n<p>Le Rennais du Haute Bretagne Athl\u00e9tisme est sacr\u00e9 champion de France cadets de l&rsquo;heptathlon avec 5\ufe0f\u20e38\ufe0f\u20e31\ufe0f\u20e38\ufe0f\u20e3 points \u00e0 Lyon et efface des tablettes les 5556 points de Kevin\u2026 <a href=\"https:\/\/t.co\/w1EeP1iO0G\">pic.twitter.com\/w1EeP1iO0G<\/a><\/p>\n<p>\u2014 STADION (@stadion_actu) <a href=\"https:\/\/twitter.com\/stadion_actu\/status\/1888614556030914787?ref_src=twsrc%5Etfw\">February 9, 2025<\/a><\/p><\/blockquote>\n<p style=\"text-align: justify;\"><script async src=\"https:\/\/platform.twitter.com\/widgets.js\" charset=\"utf-8\"><\/script><\/p>\n<h2 style=\"text-align: justify;\">Auxane Kingue (U18 &#8211; 60 m haies)<\/h2>\n<p style=\"text-align: justify;\">Troisi\u00e8me performeuse cadette fran\u00e7aise de tous les temps, avec son chrono de <strong>8.27<\/strong> sur 60 m haies,<strong> Auxane Kingue<\/strong> a encore franchi un cap cet hiver. La m\u00e9daill\u00e9e de bronze des championnats d&rsquo;Europe U18 l&rsquo;\u00e9t\u00e9 dernier sur 100 m haies sera la grande favorite \u00e0 Li\u00e9vin, o\u00f9 elle arrive avec 16 centi\u00e8mes d&rsquo;avance sur sa principale concurrente. Que peut esp\u00e9rer la jeune hurdleuse dans le nord de la France ? D\u00e9j\u00e0 un premier titre national. Aussi surprenant que cela puisse paraitre, elle n&rsquo;a pas \u00e9t\u00e9 championne de France en 2024. Il faut dire aussi que les France jeunes avaient eu lieu le m\u00eame week-end que les championnats d&rsquo;Europe. Et la 2\u00e8me place sur les bilans tous temps cadettes, d\u00e9tenue par une certaine <strong>Ilionis Guillaume,<\/strong> n&rsquo;est qu&rsquo;\u00e0 un centi\u00e8me devant. Alors que le record de France de<strong> Cyr\u00e9na Samba-Mayela<\/strong> est \u00e0 8.10.<\/p>\n<div class=\"vlp-link-container vlp-layout-article\"><a href=\"https:\/\/dicodusport.fr\/blog\/championnats-deurope-dathletisme-cadets-auxane-kingue-en-bronze-shade-laporal-en-argent\/\" class=\"vlp-link\" title=\"Championnats d&#039;Europe d&#039;athl\u00e9tisme cadets : Auxane Kingue en bronze, Shade Laporal en argent\"><\/a><div class=\"vlp-layout-zone-side\"><div class=\"vlp-block-4 vlp-link-image\"><img loading=\"lazy\" decoding=\"async\" style=\"max-width: 792px;\" width=\"792\" height=\"445\" src=\"https:\/\/dicodusport.fr\/blog\/wp-content\/uploads\/2024\/07\/Championnats-dEurope-dathletisme-cadets-2024-Auxane-Kingue-en-bronze-Shade-Laporal-en-argent.png\" class=\"attachment-800x445 size-800x445\" alt=\"\" srcset=\"https:\/\/dicodusport.fr\/blog\/wp-content\/uploads\/2024\/07\/Championnats-dEurope-dathletisme-cadets-2024-Auxane-Kingue-en-bronze-Shade-Laporal-en-argent.png 1200w, https:\/\/dicodusport.fr\/blog\/wp-content\/uploads\/2024\/07\/Championnats-dEurope-dathletisme-cadets-2024-Auxane-Kingue-en-bronze-Shade-Laporal-en-argent-300x169.png 300w, https:\/\/dicodusport.fr\/blog\/wp-content\/uploads\/2024\/07\/Championnats-dEurope-dathletisme-cadets-2024-Auxane-Kingue-en-bronze-Shade-Laporal-en-argent-1024x575.png 1024w, https:\/\/dicodusport.fr\/blog\/wp-content\/uploads\/2024\/07\/Championnats-dEurope-dathletisme-cadets-2024-Auxane-Kingue-en-bronze-Shade-Laporal-en-argent-768x431.png 768w\" sizes=\"auto, (max-width: 792px) 100vw, 792px\" \/><\/div><\/div><div class=\"vlp-layout-zone-main\"><div class=\"vlp-block-0 vlp-link-title\">Championnats d'Europe d'athl\u00e9tisme cadets : Auxane Kingue en bronze, Shade Laporal en argent<\/div><div class=\"vlp-block-1 vlp-link-summary\">EURO ATHL\u00c9TISME U18 - Deux m\u00e9dailles pour conclure avec l'argent et le bronze remport\u00e9 au 100 m f\u00e9minin et au 100 m haies.<\/div><div class=\"vlp-block-2 vlp-link-button\">Lire l'article<\/div><div class=\"vlp-block-3 vlp-link-url\">dicodusport.fr<\/div><\/div><\/div>\n<h2 style=\"text-align: justify;\">Milann Klemenic (U20 &#8211; 400 m)<\/h2>\n<p style=\"text-align: justify;\">Vice-champion d&rsquo;Europe cadets de la distance, <strong>Milann Klem\u00e9nic<\/strong> a impressionn\u00e9 d\u00e8s sa premi\u00e8re saison en juniors. Avec un chrono de <strong>47.20<\/strong>, il a r\u00e9alis\u00e9 la deuxi\u00e8me performance fran\u00e7aise de tous les temps chez les U20, derri\u00e8re les <strong>46.89<\/strong> de<strong> Thomas Jordier.<\/strong> Un chrono qu&rsquo;aura forc\u00e9ment dans le viseur le P\u00e9rigourdin, qui sera grand favori du double tour de piste. Et qui peut aller chercher ce qui serait d\u00e9j\u00e0 son 4e titre de champion de France. En sachant qu&rsquo;il n&rsquo;a pas pu d\u00e9fendre ses chances l&rsquo;\u00e9t\u00e9 dernier, pour les m\u00eames raisons qu&rsquo;<strong>Auxane Kingue<\/strong> (lire plus haut). Une belle occasion d&rsquo;affoler le chrono, de continuer sa belle progression en vue de la saison estivale, o\u00f9 il y aura des championnats d&rsquo;Europe.<\/p>\n<div class=\"vlp-link-container vlp-layout-article\"><a href=\"https:\/\/dicodusport.fr\/blog\/championnats-deurope-u18-dathletisme-2024-milann-klemenic-en-argent-au-400-m\/\" class=\"vlp-link\" title=\"Championnats d&#039;Europe U18 d&#039;athl\u00e9tisme 2024 : Milann Klemenic en argent au 400 m\"><\/a><div class=\"vlp-layout-zone-side\"><div class=\"vlp-block-4 vlp-link-image\"><img loading=\"lazy\" decoding=\"async\" style=\"max-width: 792px;\" width=\"792\" height=\"445\" src=\"https:\/\/dicodusport.fr\/blog\/wp-content\/uploads\/2024\/07\/Championnats-dEurope-U18-dathletisme-2024-Milann-Klemenic-en-argent-au-400-m-1.png\" class=\"attachment-800x445 size-800x445\" alt=\"Athl\u00e9tisme Championnats de France jeunes 2025 : Record de France U20 pour Milann Klemenic sur 400 m\" srcset=\"https:\/\/dicodusport.fr\/blog\/wp-content\/uploads\/2024\/07\/Championnats-dEurope-U18-dathletisme-2024-Milann-Klemenic-en-argent-au-400-m-1.png 1200w, https:\/\/dicodusport.fr\/blog\/wp-content\/uploads\/2024\/07\/Championnats-dEurope-U18-dathletisme-2024-Milann-Klemenic-en-argent-au-400-m-1-300x169.png 300w, https:\/\/dicodusport.fr\/blog\/wp-content\/uploads\/2024\/07\/Championnats-dEurope-U18-dathletisme-2024-Milann-Klemenic-en-argent-au-400-m-1-1024x575.png 1024w, https:\/\/dicodusport.fr\/blog\/wp-content\/uploads\/2024\/07\/Championnats-dEurope-U18-dathletisme-2024-Milann-Klemenic-en-argent-au-400-m-1-768x431.png 768w\" sizes=\"auto, (max-width: 792px) 100vw, 792px\" \/><\/div><\/div><div class=\"vlp-layout-zone-main\"><div class=\"vlp-block-0 vlp-link-title\">Championnats d'Europe U18 d'athl\u00e9tisme 2024 : Milann Klemenic en argent au 400 m<\/div><div class=\"vlp-block-1 vlp-link-summary\">ATHL\u00c9TISME - Milann Klemenic a d\u00e9croch\u00e9 l'argent au 400 m, en pulv\u00e9risant son record personnel, pour le porter \u00e0 46.78.<\/div><div class=\"vlp-block-2 vlp-link-button\">Lire l'article<\/div><div class=\"vlp-block-3 vlp-link-url\">dicodusport.fr<\/div><\/div><\/div>\n<h2 style=\"text-align: justify;\">J\u00e9r\u00e9mie Nzoungou (U20 &#8211; 60 m haies)<\/h2>\n<p style=\"text-align: justify;\">On l&rsquo;a vu sur certaines courses des meetings fran\u00e7ais, comme le 60 m haies U20 du meeting de l&rsquo;Eure. Dixi\u00e8me performeur fran\u00e7ais juniors de tous les temps sur 60 m haies, avec un chrono de 7.69 (haies \u00e0 99 cm) <strong>J\u00e9r\u00e9mie Nzoungou<\/strong> a un beau coup \u00e0 jouer \u00e0 Li\u00e9vin. Grand favori de la course, en poss\u00e9dant pr\u00e8s de deux dixi\u00e8mes d&rsquo;avance sur son dauphin. L&rsquo;occasion, pourquoi pas, pour le Normand, d&rsquo;aller gratter quelques places dans le bilan historique fran\u00e7ais. <strong>7.65<\/strong>, c&rsquo;est le Top 5, <strong>7.61<\/strong> c&rsquo;est le podium d\u00e9tenu par un certain<strong> Pascal Martinot-Lagarde<\/strong>, m\u00e9daill\u00e9 mondial juniors l&rsquo;\u00e9t\u00e9 suivant sa performance. \u00c9videmment, le record de France de<strong> Sasha Zhoya<\/strong> (7.34) qui est aussi un record du monde, est hors de port\u00e9e. Mais cela promet tout de m\u00eame une sacr\u00e9e course.<\/p>\n<blockquote class=\"twitter-tweet\">\n<p dir=\"ltr\" lang=\"fr\">\ud835\udde0\ud835\uddf2\ud835\uddf6\ud835\uddf9\ud835\uddf9\ud835\uddf2\ud835\ude02\ud835\uddff\ud835\uddf2 \ud835\uddfd\ud835\uddf2\ud835\uddff\ud835\uddf3\ud835\uddfc\ud835\uddff\ud835\uddfa\ud835\uddee\ud835\uddfb\ud835\uddf0\ud835\uddf2 \ud835\uddfa\ud835\uddfc\ud835\uddfb\ud835\uddf1\ud835\uddf6\ud835\uddee\ud835\uddf9\ud835\uddf2 ! \ud83d\ude24<\/p>\n<p>CRACK. \ud83c\uddeb\ud83c\uddf7\u2728<\/p>\n<p>J\u00e9r\u00e9mie Nzoungou grappille un centi\u00e8me \u00e0 son record personnel en 7&Prime;69 sur le 60 m haies U20 au Meeting de l&rsquo;Eure \u00e0 Val-de-Reuil \ud83d\ude4c<\/p>\n<p>\ud83d\udcf8 <a href=\"https:\/\/twitter.com\/MaxJS7?ref_src=twsrc%5Etfw\">@MaxJS7<\/a> \/ <a href=\"https:\/\/twitter.com\/stadion_actu?ref_src=twsrc%5Etfw\">@stadion_actu<\/a><br \/>\n\u00a9\ufe0f Tous droits r\u00e9serv\u00e9s <a href=\"https:\/\/t.co\/sXOiUombr6\">pic.twitter.com\/sXOiUombr6<\/a><\/p>\n<p>\u2014 STADION (@stadion_actu) <a href=\"https:\/\/twitter.com\/stadion_actu\/status\/1886092887995097193?ref_src=twsrc%5Etfw\">February 2, 2025<\/a><\/p><\/blockquote>\n<p style=\"text-align: justify;\"><script async src=\"https:\/\/platform.twitter.com\/widgets.js\" charset=\"utf-8\"><\/script><\/p>\n","protected":false},"excerpt":{"rendered":"<p>Cinq athl\u00e8tes \u00e0 suivre ce weekend \u00e0 Li\u00e9vin pour les Championnats de France jeunes 2025 d&rsquo;athl\u00e9tisme<\/p>\n","protected":false},"author":83,"featured_media":555018,"comment_status":"open","ping_status":"closed","sticky":false,"template":"","format":"standard","meta":{"_acf_changed":false,"_daextam_enable_autolinks":"1","footnotes":""},"categories":[2308],"tags":[143,16878,29977,37255],"class_list":["post-554947","post","type-post","status-publish","format-standard","has-post-thumbnail","hentry","category-athletisme","tag-athletisme","tag-breve","tag-meta-tumba","tag-milann-klemenic"],"acf":[],"yoast_head":"<!-- This site is optimized with the Yoast SEO Premium plugin v26.7 (Yoast SEO v26.7) - https:\/\/yoast.com\/wordpress\/plugins\/seo\/ -->\n<title>Athl\u00e9tisme Championnats de France jeunes 2025 : 5 athl\u00e8tes \u00e0 suivre \u00e0 Li\u00e9vin<\/title>\n<meta name=\"description\" content=\"ATHL\u00c9TISME - Focus sur cinq athl\u00e8tes qui peuvent briller ce week-end, lors des championnats de France U18 et U20 \u00e0 Li\u00e9vin.\" \/>\n<meta name=\"robots\" content=\"index, follow, max-snippet:-1, max-image-preview:large, max-video-preview:-1\" \/>\n<link rel=\"canonical\" href=\"https:\/\/dicodusport.fr\/blog\/championnats-de-france-jeunes-dathletisme-2025-cinq-athletes-a-suivre-a-lievin\/\" \/>\n<meta property=\"og:locale\" content=\"fr_FR\" \/>\n<meta property=\"og:type\" content=\"article\" \/>\n<meta property=\"og:title\" content=\"Athl\u00e9tisme Championnats de France jeunes 2025 : 5 athl\u00e8tes \u00e0 suivre \u00e0 Li\u00e9vin\" \/>\n<meta property=\"og:description\" content=\"ATHL\u00c9TISME - Focus sur cinq athl\u00e8tes qui peuvent briller ce week-end, lors des championnats de France U18 et U20 \u00e0 Li\u00e9vin.\" \/>\n<meta property=\"og:url\" content=\"https:\/\/dicodusport.fr\/blog\/championnats-de-france-jeunes-dathletisme-2025-cinq-athletes-a-suivre-a-lievin\/\" \/>\n<meta property=\"og:site_name\" content=\"Dicodusport\" \/>\n<meta property=\"article:publisher\" content=\"https:\/\/www.facebook.com\/dicodusport\" \/>\n<meta property=\"article:published_time\" content=\"2025-02-13T10:30:03+00:00\" \/>\n<meta property=\"og:image\" content=\"https:\/\/dicodusport.fr\/blog\/wp-content\/uploads\/2025\/02\/Championnats-de-France-jeunes-dathletisme-2025-Cinq-athletes-a-suivre-a-Lievin.png\" \/>\n\t<meta property=\"og:image:width\" content=\"1200\" \/>\n\t<meta property=\"og:image:height\" content=\"674\" \/>\n\t<meta property=\"og:image:type\" content=\"image\/png\" \/>\n<meta name=\"author\" content=\"Etienne Goursaud\" \/>\n<meta name=\"twitter:card\" content=\"summary_large_image\" \/>\n<meta name=\"twitter:title\" content=\"Athl\u00e9tisme Championnats de France jeunes 2025 : 5 athl\u00e8tes \u00e0 suivre \u00e0 Li\u00e9vin\" \/>\n<meta name=\"twitter:creator\" content=\"@dicodusport\" \/>\n<meta name=\"twitter:site\" content=\"@dicodusport\" \/>\n<script type=\"application\/ld+json\" class=\"yoast-schema-graph\">{\"@context\":\"https:\/\/schema.org\",\"@graph\":[{\"@type\":\"NewsArticle\",\"@id\":\"https:\/\/dicodusport.fr\/blog\/championnats-de-france-jeunes-dathletisme-2025-cinq-athletes-a-suivre-a-lievin\/#article\",\"isPartOf\":{\"@id\":\"https:\/\/dicodusport.fr\/blog\/championnats-de-france-jeunes-dathletisme-2025-cinq-athletes-a-suivre-a-lievin\/\"},\"author\":{\"name\":\"Etienne Goursaud\",\"@id\":\"https:\/\/dicodusport.fr\/blog\/#\/schema\/person\/d603dd7da31fb2b46c82b9835a77ec13\"},\"headline\":\"Athl\u00e9tisme Championnats de France jeunes 2025 : 5 athl\u00e8tes \u00e0 suivre \u00e0 Li\u00e9vin\",\"datePublished\":\"2025-02-13T10:30:03+00:00\",\"mainEntityOfPage\":{\"@id\":\"https:\/\/dicodusport.fr\/blog\/championnats-de-france-jeunes-dathletisme-2025-cinq-athletes-a-suivre-a-lievin\/\"},\"wordCount\":1112,\"commentCount\":0,\"publisher\":{\"@id\":\"https:\/\/dicodusport.fr\/blog\/#organization\"},\"image\":{\"@id\":\"https:\/\/dicodusport.fr\/blog\/championnats-de-france-jeunes-dathletisme-2025-cinq-athletes-a-suivre-a-lievin\/#primaryimage\"},\"thumbnailUrl\":\"https:\/\/dicodusport.fr\/blog\/wp-content\/uploads\/2025\/02\/Championnats-de-France-jeunes-dathletisme-2025-Cinq-athletes-a-suivre-a-Lievin.png\",\"keywords\":[\"Athl\u00e9tisme\",\"br\u00e8ve\",\"Meta Tumba\",\"Milann Klemenic\"],\"articleSection\":[\"Athl\u00e9tisme\"],\"inLanguage\":\"fr-FR\",\"potentialAction\":[{\"@type\":\"CommentAction\",\"name\":\"Comment\",\"target\":[\"https:\/\/dicodusport.fr\/blog\/championnats-de-france-jeunes-dathletisme-2025-cinq-athletes-a-suivre-a-lievin\/#respond\"]}],\"copyrightYear\":\"2025\",\"copyrightHolder\":{\"@id\":\"https:\/\/dicodusport.fr\/blog\/#organization\"}},{\"@type\":\"WebPage\",\"@id\":\"https:\/\/dicodusport.fr\/blog\/championnats-de-france-jeunes-dathletisme-2025-cinq-athletes-a-suivre-a-lievin\/\",\"url\":\"https:\/\/dicodusport.fr\/blog\/championnats-de-france-jeunes-dathletisme-2025-cinq-athletes-a-suivre-a-lievin\/\",\"name\":\"Athl\u00e9tisme Championnats de France jeunes 2025 : 5 athl\u00e8tes \u00e0 suivre \u00e0 Li\u00e9vin\",\"isPartOf\":{\"@id\":\"https:\/\/dicodusport.fr\/blog\/#website\"},\"primaryImageOfPage\":{\"@id\":\"https:\/\/dicodusport.fr\/blog\/championnats-de-france-jeunes-dathletisme-2025-cinq-athletes-a-suivre-a-lievin\/#primaryimage\"},\"image\":{\"@id\":\"https:\/\/dicodusport.fr\/blog\/championnats-de-france-jeunes-dathletisme-2025-cinq-athletes-a-suivre-a-lievin\/#primaryimage\"},\"thumbnailUrl\":\"https:\/\/dicodusport.fr\/blog\/wp-content\/uploads\/2025\/02\/Championnats-de-France-jeunes-dathletisme-2025-Cinq-athletes-a-suivre-a-Lievin.png\",\"datePublished\":\"2025-02-13T10:30:03+00:00\",\"description\":\"ATHL\u00c9TISME - Focus sur cinq athl\u00e8tes qui peuvent briller ce week-end, lors des championnats de France U18 et U20 \u00e0 Li\u00e9vin.\",\"breadcrumb\":{\"@id\":\"https:\/\/dicodusport.fr\/blog\/championnats-de-france-jeunes-dathletisme-2025-cinq-athletes-a-suivre-a-lievin\/#breadcrumb\"},\"inLanguage\":\"fr-FR\",\"potentialAction\":[{\"@type\":\"ReadAction\",\"target\":[\"https:\/\/dicodusport.fr\/blog\/championnats-de-france-jeunes-dathletisme-2025-cinq-athletes-a-suivre-a-lievin\/\"]}]},{\"@type\":\"ImageObject\",\"inLanguage\":\"fr-FR\",\"@id\":\"https:\/\/dicodusport.fr\/blog\/championnats-de-france-jeunes-dathletisme-2025-cinq-athletes-a-suivre-a-lievin\/#primaryimage\",\"url\":\"https:\/\/dicodusport.fr\/blog\/wp-content\/uploads\/2025\/02\/Championnats-de-France-jeunes-dathletisme-2025-Cinq-athletes-a-suivre-a-Lievin.png\",\"contentUrl\":\"https:\/\/dicodusport.fr\/blog\/wp-content\/uploads\/2025\/02\/Championnats-de-France-jeunes-dathletisme-2025-Cinq-athletes-a-suivre-a-Lievin.png\",\"width\":1200,\"height\":674,\"caption\":\"Championnats de France jeunes d'athl\u00e9tisme 2025 Cinq athl\u00e8tes \u00e0 suivre \u00e0 Li\u00e9vin\"},{\"@type\":\"BreadcrumbList\",\"@id\":\"https:\/\/dicodusport.fr\/blog\/championnats-de-france-jeunes-dathletisme-2025-cinq-athletes-a-suivre-a-lievin\/#breadcrumb\",\"itemListElement\":[{\"@type\":\"ListItem\",\"position\":1,\"name\":\"Accueil\",\"item\":\"https:\/\/dicodusport.fr\/blog\/\"},{\"@type\":\"ListItem\",\"position\":2,\"name\":\"Athl\u00e9tisme Championnats de France jeunes 2025 : 5 athl\u00e8tes \u00e0 suivre \u00e0 Li\u00e9vin\"}]},{\"@type\":\"WebSite\",\"@id\":\"https:\/\/dicodusport.fr\/blog\/#website\",\"url\":\"https:\/\/dicodusport.fr\/blog\/\",\"name\":\"Dicodusport\",\"description\":\"L&#039;encyclop\u00e9die de l&#039;actualit\u00e9 sportive\",\"publisher\":{\"@id\":\"https:\/\/dicodusport.fr\/blog\/#organization\"},\"potentialAction\":[{\"@type\":\"SearchAction\",\"target\":{\"@type\":\"EntryPoint\",\"urlTemplate\":\"https:\/\/dicodusport.fr\/blog\/?s={search_term_string}\"},\"query-input\":{\"@type\":\"PropertyValueSpecification\",\"valueRequired\":true,\"valueName\":\"search_term_string\"}}],\"inLanguage\":\"fr-FR\"},{\"@type\":\"NewsMediaOrganization\",\"@id\":\"https:\/\/dicodusport.fr\/blog\/#organization\",\"name\":\"Dicodusport\",\"url\":\"https:\/\/dicodusport.fr\/blog\/\",\"logo\":{\"@type\":\"ImageObject\",\"inLanguage\":\"fr-FR\",\"@id\":\"https:\/\/dicodusport.fr\/blog\/#\/schema\/logo\/image\/\",\"url\":\"https:\/\/dicodusport.fr\/blog\/wp-content\/uploads\/2020\/06\/cropped-LOGO-DICODUSPORT-2020-SANS-FOND-SANS-TEXTE.png\",\"contentUrl\":\"https:\/\/dicodusport.fr\/blog\/wp-content\/uploads\/2020\/06\/cropped-LOGO-DICODUSPORT-2020-SANS-FOND-SANS-TEXTE.png\",\"width\":512,\"height\":512,\"caption\":\"Dicodusport\"},\"image\":{\"@id\":\"https:\/\/dicodusport.fr\/blog\/#\/schema\/logo\/image\/\"},\"sameAs\":[\"https:\/\/www.facebook.com\/dicodusport\",\"https:\/\/x.com\/dicodusport\",\"https:\/\/www.instagram.com\/dicodusport\/\",\"https:\/\/www.youtube.com\/channel\/UC7V2KZ5sd3htJivAbA4ZG3w\"],\"description\":\"Dicodusport est l'encyclop\u00e9die de l'actualit\u00e9 sportive.\",\"email\":\"bonjour@dicodusport.fr\",\"legalName\":\"DICODUSPORT\",\"foundingDate\":\"2018-01-14\",\"vatID\":\"FR71834470973\",\"taxID\":\"83447097300043\",\"numberOfEmployees\":{\"@type\":\"QuantitativeValue\",\"minValue\":\"1\",\"maxValue\":\"10\"}},{\"@type\":\"Person\",\"@id\":\"https:\/\/dicodusport.fr\/blog\/#\/schema\/person\/d603dd7da31fb2b46c82b9835a77ec13\",\"name\":\"Etienne Goursaud\",\"image\":{\"@type\":\"ImageObject\",\"inLanguage\":\"fr-FR\",\"@id\":\"https:\/\/dicodusport.fr\/blog\/#\/schema\/person\/image\/\",\"url\":\"https:\/\/dicodusport.fr\/blog\/wp-content\/uploads\/2023\/12\/410122264_10231602061736049_5565839791558026645_n-150x150.jpg\",\"contentUrl\":\"https:\/\/dicodusport.fr\/blog\/wp-content\/uploads\/2023\/12\/410122264_10231602061736049_5565839791558026645_n-150x150.jpg\",\"caption\":\"Etienne Goursaud\"},\"description\":\"Journaliste et amoureux de sport. Ancien footballeur reconverti athl\u00e8te quand ses muscles le laissent tranquille. \u00c9lev\u00e9 \u00e0 la sauce des exploits de Thomas Voeckler en 2004, du dernier essai de l\u00e9gende de Eunice Barber \u00e0 la longueur lors des championnats du monde d'athl\u00e9tisme de 2003 mais aussi Zidane, Omeyer et Titou Lamaison.\",\"url\":\"https:\/\/dicodusport.fr\/blog\/author\/etienne-goursaud\/\"}]}<\/script>\n<!-- \/ Yoast SEO Premium plugin. -->","yoast_head_json":{"title":"Athl\u00e9tisme Championnats de France jeunes 2025 : 5 athl\u00e8tes \u00e0 suivre \u00e0 Li\u00e9vin","description":"ATHL\u00c9TISME - Focus sur cinq athl\u00e8tes qui peuvent briller ce week-end, lors des championnats de France U18 et U20 \u00e0 Li\u00e9vin.","robots":{"index":"index","follow":"follow","max-snippet":"max-snippet:-1","max-image-preview":"max-image-preview:large","max-video-preview":"max-video-preview:-1"},"canonical":"https:\/\/dicodusport.fr\/blog\/championnats-de-france-jeunes-dathletisme-2025-cinq-athletes-a-suivre-a-lievin\/","og_locale":"fr_FR","og_type":"article","og_title":"Athl\u00e9tisme Championnats de France jeunes 2025 : 5 athl\u00e8tes \u00e0 suivre \u00e0 Li\u00e9vin","og_description":"ATHL\u00c9TISME - Focus sur cinq athl\u00e8tes qui peuvent briller ce week-end, lors des championnats de France U18 et U20 \u00e0 Li\u00e9vin.","og_url":"https:\/\/dicodusport.fr\/blog\/championnats-de-france-jeunes-dathletisme-2025-cinq-athletes-a-suivre-a-lievin\/","og_site_name":"Dicodusport","article_publisher":"https:\/\/www.facebook.com\/dicodusport","article_published_time":"2025-02-13T10:30:03+00:00","og_image":[{"width":1200,"height":674,"url":"https:\/\/dicodusport.fr\/blog\/wp-content\/uploads\/2025\/02\/Championnats-de-France-jeunes-dathletisme-2025-Cinq-athletes-a-suivre-a-Lievin.png","type":"image\/png"}],"author":"Etienne Goursaud","twitter_card":"summary_large_image","twitter_title":"Athl\u00e9tisme Championnats de France jeunes 2025 : 5 athl\u00e8tes \u00e0 suivre \u00e0 Li\u00e9vin","twitter_creator":"@dicodusport","twitter_site":"@dicodusport","schema":{"@context":"https:\/\/schema.org","@graph":[{"@type":"NewsArticle","@id":"https:\/\/dicodusport.fr\/blog\/championnats-de-france-jeunes-dathletisme-2025-cinq-athletes-a-suivre-a-lievin\/#article","isPartOf":{"@id":"https:\/\/dicodusport.fr\/blog\/championnats-de-france-jeunes-dathletisme-2025-cinq-athletes-a-suivre-a-lievin\/"},"author":{"name":"Etienne Goursaud","@id":"https:\/\/dicodusport.fr\/blog\/#\/schema\/person\/d603dd7da31fb2b46c82b9835a77ec13"},"headline":"Athl\u00e9tisme Championnats de France jeunes 2025 : 5 athl\u00e8tes \u00e0 suivre \u00e0 Li\u00e9vin","datePublished":"2025-02-13T10:30:03+00:00","mainEntityOfPage":{"@id":"https:\/\/dicodusport.fr\/blog\/championnats-de-france-jeunes-dathletisme-2025-cinq-athletes-a-suivre-a-lievin\/"},"wordCount":1112,"commentCount":0,"publisher":{"@id":"https:\/\/dicodusport.fr\/blog\/#organization"},"image":{"@id":"https:\/\/dicodusport.fr\/blog\/championnats-de-france-jeunes-dathletisme-2025-cinq-athletes-a-suivre-a-lievin\/#primaryimage"},"thumbnailUrl":"https:\/\/dicodusport.fr\/blog\/wp-content\/uploads\/2025\/02\/Championnats-de-France-jeunes-dathletisme-2025-Cinq-athletes-a-suivre-a-Lievin.png","keywords":["Athl\u00e9tisme","br\u00e8ve","Meta Tumba","Milann Klemenic"],"articleSection":["Athl\u00e9tisme"],"inLanguage":"fr-FR","potentialAction":[{"@type":"CommentAction","name":"Comment","target":["https:\/\/dicodusport.fr\/blog\/championnats-de-france-jeunes-dathletisme-2025-cinq-athletes-a-suivre-a-lievin\/#respond"]}],"copyrightYear":"2025","copyrightHolder":{"@id":"https:\/\/dicodusport.fr\/blog\/#organization"}},{"@type":"WebPage","@id":"https:\/\/dicodusport.fr\/blog\/championnats-de-france-jeunes-dathletisme-2025-cinq-athletes-a-suivre-a-lievin\/","url":"https:\/\/dicodusport.fr\/blog\/championnats-de-france-jeunes-dathletisme-2025-cinq-athletes-a-suivre-a-lievin\/","name":"Athl\u00e9tisme Championnats de France jeunes 2025 : 5 athl\u00e8tes \u00e0 suivre \u00e0 Li\u00e9vin","isPartOf":{"@id":"https:\/\/dicodusport.fr\/blog\/#website"},"primaryImageOfPage":{"@id":"https:\/\/dicodusport.fr\/blog\/championnats-de-france-jeunes-dathletisme-2025-cinq-athletes-a-suivre-a-lievin\/#primaryimage"},"image":{"@id":"https:\/\/dicodusport.fr\/blog\/championnats-de-france-jeunes-dathletisme-2025-cinq-athletes-a-suivre-a-lievin\/#primaryimage"},"thumbnailUrl":"https:\/\/dicodusport.fr\/blog\/wp-content\/uploads\/2025\/02\/Championnats-de-France-jeunes-dathletisme-2025-Cinq-athletes-a-suivre-a-Lievin.png","datePublished":"2025-02-13T10:30:03+00:00","description":"ATHL\u00c9TISME - Focus sur cinq athl\u00e8tes qui peuvent briller ce week-end, lors des championnats de France U18 et U20 \u00e0 Li\u00e9vin.","breadcrumb":{"@id":"https:\/\/dicodusport.fr\/blog\/championnats-de-france-jeunes-dathletisme-2025-cinq-athletes-a-suivre-a-lievin\/#breadcrumb"},"inLanguage":"fr-FR","potentialAction":[{"@type":"ReadAction","target":["https:\/\/dicodusport.fr\/blog\/championnats-de-france-jeunes-dathletisme-2025-cinq-athletes-a-suivre-a-lievin\/"]}]},{"@type":"ImageObject","inLanguage":"fr-FR","@id":"https:\/\/dicodusport.fr\/blog\/championnats-de-france-jeunes-dathletisme-2025-cinq-athletes-a-suivre-a-lievin\/#primaryimage","url":"https:\/\/dicodusport.fr\/blog\/wp-content\/uploads\/2025\/02\/Championnats-de-France-jeunes-dathletisme-2025-Cinq-athletes-a-suivre-a-Lievin.png","contentUrl":"https:\/\/dicodusport.fr\/blog\/wp-content\/uploads\/2025\/02\/Championnats-de-France-jeunes-dathletisme-2025-Cinq-athletes-a-suivre-a-Lievin.png","width":1200,"height":674,"caption":"Championnats de France jeunes d'athl\u00e9tisme 2025 Cinq athl\u00e8tes \u00e0 suivre \u00e0 Li\u00e9vin"},{"@type":"BreadcrumbList","@id":"https:\/\/dicodusport.fr\/blog\/championnats-de-france-jeunes-dathletisme-2025-cinq-athletes-a-suivre-a-lievin\/#breadcrumb","itemListElement":[{"@type":"ListItem","position":1,"name":"Accueil","item":"https:\/\/dicodusport.fr\/blog\/"},{"@type":"ListItem","position":2,"name":"Athl\u00e9tisme Championnats de France jeunes 2025 : 5 athl\u00e8tes \u00e0 suivre \u00e0 Li\u00e9vin"}]},{"@type":"WebSite","@id":"https:\/\/dicodusport.fr\/blog\/#website","url":"https:\/\/dicodusport.fr\/blog\/","name":"Dicodusport","description":"L&#039;encyclop\u00e9die de l&#039;actualit\u00e9 sportive","publisher":{"@id":"https:\/\/dicodusport.fr\/blog\/#organization"},"potentialAction":[{"@type":"SearchAction","target":{"@type":"EntryPoint","urlTemplate":"https:\/\/dicodusport.fr\/blog\/?s={search_term_string}"},"query-input":{"@type":"PropertyValueSpecification","valueRequired":true,"valueName":"search_term_string"}}],"inLanguage":"fr-FR"},{"@type":"NewsMediaOrganization","@id":"https:\/\/dicodusport.fr\/blog\/#organization","name":"Dicodusport","url":"https:\/\/dicodusport.fr\/blog\/","logo":{"@type":"ImageObject","inLanguage":"fr-FR","@id":"https:\/\/dicodusport.fr\/blog\/#\/schema\/logo\/image\/","url":"https:\/\/dicodusport.fr\/blog\/wp-content\/uploads\/2020\/06\/cropped-LOGO-DICODUSPORT-2020-SANS-FOND-SANS-TEXTE.png","contentUrl":"https:\/\/dicodusport.fr\/blog\/wp-content\/uploads\/2020\/06\/cropped-LOGO-DICODUSPORT-2020-SANS-FOND-SANS-TEXTE.png","width":512,"height":512,"caption":"Dicodusport"},"image":{"@id":"https:\/\/dicodusport.fr\/blog\/#\/schema\/logo\/image\/"},"sameAs":["https:\/\/www.facebook.com\/dicodusport","https:\/\/x.com\/dicodusport","https:\/\/www.instagram.com\/dicodusport\/","https:\/\/www.youtube.com\/channel\/UC7V2KZ5sd3htJivAbA4ZG3w"],"description":"Dicodusport est l'encyclop\u00e9die de l'actualit\u00e9 sportive.","email":"bonjour@dicodusport.fr","legalName":"DICODUSPORT","foundingDate":"2018-01-14","vatID":"FR71834470973","taxID":"83447097300043","numberOfEmployees":{"@type":"QuantitativeValue","minValue":"1","maxValue":"10"}},{"@type":"Person","@id":"https:\/\/dicodusport.fr\/blog\/#\/schema\/person\/d603dd7da31fb2b46c82b9835a77ec13","name":"Etienne Goursaud","image":{"@type":"ImageObject","inLanguage":"fr-FR","@id":"https:\/\/dicodusport.fr\/blog\/#\/schema\/person\/image\/","url":"https:\/\/dicodusport.fr\/blog\/wp-content\/uploads\/2023\/12\/410122264_10231602061736049_5565839791558026645_n-150x150.jpg","contentUrl":"https:\/\/dicodusport.fr\/blog\/wp-content\/uploads\/2023\/12\/410122264_10231602061736049_5565839791558026645_n-150x150.jpg","caption":"Etienne Goursaud"},"description":"Journaliste et amoureux de sport. Ancien footballeur reconverti athl\u00e8te quand ses muscles le laissent tranquille. \u00c9lev\u00e9 \u00e0 la sauce des exploits de Thomas Voeckler en 2004, du dernier essai de l\u00e9gende de Eunice Barber \u00e0 la longueur lors des championnats du monde d'athl\u00e9tisme de 2003 mais aussi Zidane, Omeyer et Titou Lamaison.","url":"https:\/\/dicodusport.fr\/blog\/author\/etienne-goursaud\/"}]}},"_links":{"self":[{"href":"https:\/\/dicodusport.fr\/blog\/wp-json\/wp\/v2\/posts\/554947","targetHints":{"allow":["GET"]}}],"collection":[{"href":"https:\/\/dicodusport.fr\/blog\/wp-json\/wp\/v2\/posts"}],"about":[{"href":"https:\/\/dicodusport.fr\/blog\/wp-json\/wp\/v2\/types\/post"}],"author":[{"embeddable":true,"href":"https:\/\/dicodusport.fr\/blog\/wp-json\/wp\/v2\/users\/83"}],"replies":[{"embeddable":true,"href":"https:\/\/dicodusport.fr\/blog\/wp-json\/wp\/v2\/comments?post=554947"}],"version-history":[{"count":5,"href":"https:\/\/dicodusport.fr\/blog\/wp-json\/wp\/v2\/posts\/554947\/revisions"}],"predecessor-version":[{"id":555221,"href":"https:\/\/dicodusport.fr\/blog\/wp-json\/wp\/v2\/posts\/554947\/revisions\/555221"}],"wp:featuredmedia":[{"embeddable":true,"href":"https:\/\/dicodusport.fr\/blog\/wp-json\/wp\/v2\/media\/555018"}],"wp:attachment":[{"href":"https:\/\/dicodusport.fr\/blog\/wp-json\/wp\/v2\/media?parent=554947"}],"wp:term":[{"taxonomy":"category","embeddable":true,"href":"https:\/\/dicodusport.fr\/blog\/wp-json\/wp\/v2\/categories?post=554947"},{"taxonomy":"post_tag","embeddable":true,"href":"https:\/\/dicodusport.fr\/blog\/wp-json\/wp\/v2\/tags?post=554947"}],"curies":[{"name":"wp","href":"https:\/\/api.w.org\/{rel}","templated":true}]}}