{"id":55496,"date":"2019-12-22T19:00:55","date_gmt":"2019-12-22T18:00:55","guid":{"rendered":"http:\/\/dicodusport.fr\/blog\/?p=55496&#038;preview=true&#038;preview_id=55496"},"modified":"2019-12-22T19:00:55","modified_gmt":"2019-12-22T18:00:55","slug":"champion-francais-2019-bastien-midol-10eme-roi-skicross","status":"publish","type":"post","link":"https:\/\/dicodusport.fr\/blog\/champion-francais-2019-bastien-midol-10eme-roi-skicross\/","title":{"rendered":"Champion fran\u00e7ais 2019 : Bastien Midol (10\u00e8me), roi du skicross"},"content":{"rendered":"<p style=\"text-align: justify;\"><em><strong>Multisports &#8211; Vous avez plac\u00e9 Bastien Midol (Skicross) \u00e0 la 10\u00e8me du classement du Champion des Champions fran\u00e7ais 2019.<br \/>\n<\/strong><\/em><\/p>\n<p style=\"text-align: justify;\">\u00c0 29 ans, <a href=\"http:\/\/www.ffs.fr\/news\/tag\/bastien-midol\" target=\"_blank\" rel=\"noopener\"><strong>Bastien Midol<\/strong><\/a> atteint les sommets. Avec 7 podiums dont deux victoires en <strong>Coupe du monde<\/strong> l&rsquo;hiver dernier, le natif d&rsquo;Annecy a d\u00e9croch\u00e9 le globe en <strong>skicross<\/strong>, pour la premi\u00e8re fois de sa carri\u00e8re. Une domination quasi incontestable, sauf lors des Mondiaux \u00e0 Solitude (USA), o\u00f9 il n&rsquo;a pris que la neuvi\u00e8me place.<\/p>\n<p style=\"text-align: justify;\">Apr\u00e8s trois saisons difficiles (6\u00e8me en 2016, 20\u00e8me en 2017 et 18\u00e8me en 2018), le skieur du Grand-Bornand rejoint au palmar\u00e8s <strong>Jean-Fr\u00e9d\u00e9ric Chapuis<\/strong>, triplement sacr\u00e9 en Coupe du monde (2015, 2016 et 2017).<\/p>\n<div id=\"attachment_55497\" style=\"width: 511px\" class=\"wp-caption aligncenter\"><a href=\"http:\/\/dicodusport.fr\/blog\/wp-content\/uploads\/2019\/12\/Bastien-Midol-est-10\u00e8me-au-classement-du-Champion-des-Champions-fran\u00e7ais-2019.png\"><img loading=\"lazy\" decoding=\"async\" aria-describedby=\"caption-attachment-55497\" class=\" wp-image-55497\" src=\"http:\/\/dicodusport.fr\/blog\/wp-content\/uploads\/2019\/12\/Bastien-Midol-est-10\u00e8me-au-classement-du-Champion-des-Champions-fran\u00e7ais-2019.png\" alt=\"Bastien Midol est 10\u00e8me au classement du Champion des Champions fran\u00e7ais 2019\" width=\"501\" height=\"501\" srcset=\"https:\/\/dicodusport.fr\/blog\/wp-content\/uploads\/2019\/12\/Bastien-Midol-est-10\u00e8me-au-classement-du-Champion-des-Champions-fran\u00e7ais-2019.png 1200w, https:\/\/dicodusport.fr\/blog\/wp-content\/uploads\/2019\/12\/Bastien-Midol-est-10\u00e8me-au-classement-du-Champion-des-Champions-fran\u00e7ais-2019-150x150.png 150w, https:\/\/dicodusport.fr\/blog\/wp-content\/uploads\/2019\/12\/Bastien-Midol-est-10\u00e8me-au-classement-du-Champion-des-Champions-fran\u00e7ais-2019-300x300.png 300w, https:\/\/dicodusport.fr\/blog\/wp-content\/uploads\/2019\/12\/Bastien-Midol-est-10\u00e8me-au-classement-du-Champion-des-Champions-fran\u00e7ais-2019-768x768.png 768w, https:\/\/dicodusport.fr\/blog\/wp-content\/uploads\/2019\/12\/Bastien-Midol-est-10\u00e8me-au-classement-du-Champion-des-Champions-fran\u00e7ais-2019-1024x1024.png 1024w, https:\/\/dicodusport.fr\/blog\/wp-content\/uploads\/2019\/12\/Bastien-Midol-est-10\u00e8me-au-classement-du-Champion-des-Champions-fran\u00e7ais-2019-80x80.png 80w\" sizes=\"auto, (max-width: 501px) 100vw, 501px\" \/><\/a><p id=\"caption-attachment-55497\" class=\"wp-caption-text\">Bastien Midol est 10\u00e8me au classement du Champion des Champions fran\u00e7ais 2019<\/p><\/div>\n<p><strong><em>Dicodusport<br \/>\n<a href=\"https:\/\/www.facebook.com\/dicodusport\/\" target=\"_blank\" rel=\"noopener\"><img loading=\"lazy\" decoding=\"async\" class=\"alignnone wp-image-2909\" src=\"http:\/\/dicodusport.fr\/blog\/wp-content\/uploads\/2017\/07\/logo-facebook-150x150.png\" alt=\"\" width=\"40\" height=\"40\" \/><\/a><a href=\"https:\/\/twitter.com\/dicodusport\" target=\"_blank\" rel=\"noopener\"><img loading=\"lazy\" decoding=\"async\" class=\"alignnone wp-image-2908\" src=\"http:\/\/dicodusport.fr\/blog\/wp-content\/uploads\/2017\/07\/logo-twitter-150x150.png\" alt=\"\" width=\"39\" height=\"39\" \/><\/a><\/em><\/strong><\/p>\n","protected":false},"excerpt":{"rendered":"<p>Multisports &#8211; Vous avez plac\u00e9 Bastien Midol (Skicross) \u00e0 la 10\u00e8me du classement du Champion des Champions fran\u00e7ais 2019.<\/p>\n","protected":false},"author":4,"featured_media":55498,"comment_status":"open","ping_status":"closed","sticky":false,"template":"","format":"standard","meta":{"_acf_changed":false,"_daextam_enable_autolinks":"","footnotes":""},"categories":[2366],"tags":[9411,2947],"class_list":["post-55496","post","type-post","status-publish","format-standard","has-post-thumbnail","hentry","category-multisports","tag-bastien-midol","tag-skicross"],"acf":[],"yoast_head":"<!-- This site is optimized with the Yoast SEO Premium plugin v26.7 (Yoast SEO v26.7) - https:\/\/yoast.com\/wordpress\/plugins\/seo\/ -->\n<title>Champion fran\u00e7ais 2019 : Bastien Midol (10\u00e8me), roi du skicross<\/title>\n<meta name=\"description\" content=\"Multisports - Vous avez plac\u00e9 Bastien Midol (Skicross) \u00e0 la 10\u00e8me du classement du Champion des Champions fran\u00e7ais 2019.\" \/>\n<meta name=\"robots\" content=\"index, follow, max-snippet:-1, max-image-preview:large, max-video-preview:-1\" \/>\n<link rel=\"canonical\" href=\"https:\/\/dicodusport.fr\/blog\/champion-francais-2019-bastien-midol-10eme-roi-skicross\/\" \/>\n<meta property=\"og:locale\" content=\"fr_FR\" \/>\n<meta property=\"og:type\" content=\"article\" \/>\n<meta property=\"og:title\" content=\"Champion fran\u00e7ais 2019 : Bastien Midol (10\u00e8me), roi du skicross\" \/>\n<meta property=\"og:description\" content=\"Multisports - Vous avez plac\u00e9 Bastien Midol (Skicross) \u00e0 la 10\u00e8me du classement du Champion des Champions fran\u00e7ais 2019.\" \/>\n<meta property=\"og:url\" content=\"https:\/\/dicodusport.fr\/blog\/champion-francais-2019-bastien-midol-10eme-roi-skicross\/\" \/>\n<meta property=\"og:site_name\" content=\"Dicodusport\" \/>\n<meta property=\"article:publisher\" content=\"https:\/\/www.facebook.com\/dicodusport\" \/>\n<meta property=\"article:author\" content=\"https:\/\/www.facebook.com\/florent.ostermann\" \/>\n<meta property=\"article:published_time\" content=\"2019-12-22T18:00:55+00:00\" \/>\n<meta property=\"og:image\" content=\"https:\/\/dicodusport.fr\/blog\/wp-content\/uploads\/2019\/12\/Champion-fran\u00e7ais-2019-Bastien-Midol-10\u00e8me-roi-du-skicross.png\" \/>\n\t<meta property=\"og:image:width\" content=\"800\" \/>\n\t<meta property=\"og:image:height\" content=\"445\" \/>\n\t<meta property=\"og:image:type\" content=\"image\/png\" \/>\n<meta name=\"author\" content=\"Flo Ostermann\" \/>\n<meta name=\"twitter:card\" content=\"summary_large_image\" \/>\n<meta name=\"twitter:title\" content=\"Champion fran\u00e7ais 2019 : Bastien Midol (10\u00e8me), roi du skicross\" \/>\n<meta name=\"twitter:creator\" content=\"@https:\/\/twitter.com\/FlOstermann\" \/>\n<meta name=\"twitter:site\" content=\"@dicodusport\" \/>\n<script type=\"application\/ld+json\" class=\"yoast-schema-graph\">{\"@context\":\"https:\/\/schema.org\",\"@graph\":[{\"@type\":\"NewsArticle\",\"@id\":\"https:\/\/dicodusport.fr\/blog\/champion-francais-2019-bastien-midol-10eme-roi-skicross\/#article\",\"isPartOf\":{\"@id\":\"https:\/\/dicodusport.fr\/blog\/champion-francais-2019-bastien-midol-10eme-roi-skicross\/\"},\"author\":{\"name\":\"Flo Ostermann\",\"@id\":\"https:\/\/dicodusport.fr\/blog\/#\/schema\/person\/cb02af4c173ce4a653b55e9baf388d4a\"},\"headline\":\"Champion fran\u00e7ais 2019 : Bastien Midol (10\u00e8me), roi du skicross\",\"datePublished\":\"2019-12-22T18:00:55+00:00\",\"mainEntityOfPage\":{\"@id\":\"https:\/\/dicodusport.fr\/blog\/champion-francais-2019-bastien-midol-10eme-roi-skicross\/\"},\"wordCount\":136,\"commentCount\":0,\"publisher\":{\"@id\":\"https:\/\/dicodusport.fr\/blog\/#organization\"},\"image\":{\"@id\":\"https:\/\/dicodusport.fr\/blog\/champion-francais-2019-bastien-midol-10eme-roi-skicross\/#primaryimage\"},\"thumbnailUrl\":\"https:\/\/dicodusport.fr\/blog\/wp-content\/uploads\/2019\/12\/Champion-fran\u00e7ais-2019-Bastien-Midol-10\u00e8me-roi-du-skicross.png\",\"keywords\":[\"Bastien Midol\",\"skicross\"],\"articleSection\":[\"Multisports\"],\"inLanguage\":\"fr-FR\",\"potentialAction\":[{\"@type\":\"CommentAction\",\"name\":\"Comment\",\"target\":[\"https:\/\/dicodusport.fr\/blog\/champion-francais-2019-bastien-midol-10eme-roi-skicross\/#respond\"]}],\"copyrightYear\":\"2019\",\"copyrightHolder\":{\"@id\":\"https:\/\/dicodusport.fr\/blog\/#organization\"}},{\"@type\":\"WebPage\",\"@id\":\"https:\/\/dicodusport.fr\/blog\/champion-francais-2019-bastien-midol-10eme-roi-skicross\/\",\"url\":\"https:\/\/dicodusport.fr\/blog\/champion-francais-2019-bastien-midol-10eme-roi-skicross\/\",\"name\":\"Champion fran\u00e7ais 2019 : Bastien Midol (10\u00e8me), roi du skicross\",\"isPartOf\":{\"@id\":\"https:\/\/dicodusport.fr\/blog\/#website\"},\"primaryImageOfPage\":{\"@id\":\"https:\/\/dicodusport.fr\/blog\/champion-francais-2019-bastien-midol-10eme-roi-skicross\/#primaryimage\"},\"image\":{\"@id\":\"https:\/\/dicodusport.fr\/blog\/champion-francais-2019-bastien-midol-10eme-roi-skicross\/#primaryimage\"},\"thumbnailUrl\":\"https:\/\/dicodusport.fr\/blog\/wp-content\/uploads\/2019\/12\/Champion-fran\u00e7ais-2019-Bastien-Midol-10\u00e8me-roi-du-skicross.png\",\"datePublished\":\"2019-12-22T18:00:55+00:00\",\"description\":\"Multisports - Vous avez plac\u00e9 Bastien Midol (Skicross) \u00e0 la 10\u00e8me du classement du Champion des Champions fran\u00e7ais 2019.\",\"breadcrumb\":{\"@id\":\"https:\/\/dicodusport.fr\/blog\/champion-francais-2019-bastien-midol-10eme-roi-skicross\/#breadcrumb\"},\"inLanguage\":\"fr-FR\",\"potentialAction\":[{\"@type\":\"ReadAction\",\"target\":[\"https:\/\/dicodusport.fr\/blog\/champion-francais-2019-bastien-midol-10eme-roi-skicross\/\"]}]},{\"@type\":\"ImageObject\",\"inLanguage\":\"fr-FR\",\"@id\":\"https:\/\/dicodusport.fr\/blog\/champion-francais-2019-bastien-midol-10eme-roi-skicross\/#primaryimage\",\"url\":\"https:\/\/dicodusport.fr\/blog\/wp-content\/uploads\/2019\/12\/Champion-fran\u00e7ais-2019-Bastien-Midol-10\u00e8me-roi-du-skicross.png\",\"contentUrl\":\"https:\/\/dicodusport.fr\/blog\/wp-content\/uploads\/2019\/12\/Champion-fran\u00e7ais-2019-Bastien-Midol-10\u00e8me-roi-du-skicross.png\",\"width\":800,\"height\":445,\"caption\":\"Champion fran\u00e7ais 2019 - Bastien Midol (10\u00e8me), roi du skicross\"},{\"@type\":\"BreadcrumbList\",\"@id\":\"https:\/\/dicodusport.fr\/blog\/champion-francais-2019-bastien-midol-10eme-roi-skicross\/#breadcrumb\",\"itemListElement\":[{\"@type\":\"ListItem\",\"position\":1,\"name\":\"Accueil\",\"item\":\"https:\/\/dicodusport.fr\/blog\/\"},{\"@type\":\"ListItem\",\"position\":2,\"name\":\"Champion fran\u00e7ais 2019 : Bastien Midol (10\u00e8me), roi du skicross\"}]},{\"@type\":\"WebSite\",\"@id\":\"https:\/\/dicodusport.fr\/blog\/#website\",\"url\":\"https:\/\/dicodusport.fr\/blog\/\",\"name\":\"Dicodusport\",\"description\":\"L&#039;encyclop\u00e9die de l&#039;actualit\u00e9 sportive\",\"publisher\":{\"@id\":\"https:\/\/dicodusport.fr\/blog\/#organization\"},\"potentialAction\":[{\"@type\":\"SearchAction\",\"target\":{\"@type\":\"EntryPoint\",\"urlTemplate\":\"https:\/\/dicodusport.fr\/blog\/?s={search_term_string}\"},\"query-input\":{\"@type\":\"PropertyValueSpecification\",\"valueRequired\":true,\"valueName\":\"search_term_string\"}}],\"inLanguage\":\"fr-FR\"},{\"@type\":\"NewsMediaOrganization\",\"@id\":\"https:\/\/dicodusport.fr\/blog\/#organization\",\"name\":\"Dicodusport\",\"url\":\"https:\/\/dicodusport.fr\/blog\/\",\"logo\":{\"@type\":\"ImageObject\",\"inLanguage\":\"fr-FR\",\"@id\":\"https:\/\/dicodusport.fr\/blog\/#\/schema\/logo\/image\/\",\"url\":\"https:\/\/dicodusport.fr\/blog\/wp-content\/uploads\/2020\/06\/cropped-LOGO-DICODUSPORT-2020-SANS-FOND-SANS-TEXTE.png\",\"contentUrl\":\"https:\/\/dicodusport.fr\/blog\/wp-content\/uploads\/2020\/06\/cropped-LOGO-DICODUSPORT-2020-SANS-FOND-SANS-TEXTE.png\",\"width\":512,\"height\":512,\"caption\":\"Dicodusport\"},\"image\":{\"@id\":\"https:\/\/dicodusport.fr\/blog\/#\/schema\/logo\/image\/\"},\"sameAs\":[\"https:\/\/www.facebook.com\/dicodusport\",\"https:\/\/x.com\/dicodusport\",\"https:\/\/www.instagram.com\/dicodusport\/\",\"https:\/\/www.youtube.com\/channel\/UC7V2KZ5sd3htJivAbA4ZG3w\"],\"description\":\"Dicodusport est l'encyclop\u00e9die de l'actualit\u00e9 sportive.\",\"email\":\"bonjour@dicodusport.fr\",\"legalName\":\"DICODUSPORT\",\"foundingDate\":\"2018-01-14\",\"vatID\":\"FR71834470973\",\"taxID\":\"83447097300043\",\"numberOfEmployees\":{\"@type\":\"QuantitativeValue\",\"minValue\":\"1\",\"maxValue\":\"10\"}},{\"@type\":\"Person\",\"@id\":\"https:\/\/dicodusport.fr\/blog\/#\/schema\/person\/cb02af4c173ce4a653b55e9baf388d4a\",\"name\":\"Flo Ostermann\",\"image\":{\"@type\":\"ImageObject\",\"inLanguage\":\"fr-FR\",\"@id\":\"https:\/\/dicodusport.fr\/blog\/#\/schema\/person\/image\/\",\"url\":\"https:\/\/dicodusport.fr\/blog\/wp-content\/uploads\/2021\/05\/Flo-Ostermann-150x150.jpg\",\"contentUrl\":\"https:\/\/dicodusport.fr\/blog\/wp-content\/uploads\/2021\/05\/Flo-Ostermann-150x150.jpg\",\"caption\":\"Flo Ostermann\"},\"description\":\"Journaliste\/R\u00e9dacteur depuis septembre 2015 - Mes premiers souvenirs dans le sport ? Les envol\u00e9es du Stade Toulousain et les duels Villeneuve-Schumacher et H\u00e4kkinen-Schumacher \u00e0 la fin des ann\u00e9es 90, la Coupe du monde de football en 1998, l\u2019exploit du XV de France face aux All Blacks en 1999, mais aussi Richard C\u0153ur de Lion qui vole sur les montagnes du Tour de France. Bien parti pour devenir professeur d\u2019EPS, les \u00e9v\u00e9nements de la vie (et la flemme d\u2019animer des s\u00e9ances de 3x500 m\u00e8tres toute ma vie) m\u2019ont conduit \u00e0 revoir mes plans. Me voil\u00e0 depuis fin 2017 sur Dicodusport, m\u00e9dia gr\u00e2ce (et pour) lequel je partage ma passion : le sport dans tous ses \u00e9tats. Le tout accompagn\u00e9 par les fous furieux et folles furieuses cit\u00e9s sur cette page !\",\"sameAs\":[\"https:\/\/www.facebook.com\/florent.ostermann\",\"https:\/\/x.com\/https:\/\/twitter.com\/FlOstermann\",\"admin\"],\"url\":\"https:\/\/dicodusport.fr\/blog\/author\/flo\/\"}]}<\/script>\n<!-- \/ Yoast SEO Premium plugin. -->","yoast_head_json":{"title":"Champion fran\u00e7ais 2019 : Bastien Midol (10\u00e8me), roi du skicross","description":"Multisports - Vous avez plac\u00e9 Bastien Midol (Skicross) \u00e0 la 10\u00e8me du classement du Champion des Champions fran\u00e7ais 2019.","robots":{"index":"index","follow":"follow","max-snippet":"max-snippet:-1","max-image-preview":"max-image-preview:large","max-video-preview":"max-video-preview:-1"},"canonical":"https:\/\/dicodusport.fr\/blog\/champion-francais-2019-bastien-midol-10eme-roi-skicross\/","og_locale":"fr_FR","og_type":"article","og_title":"Champion fran\u00e7ais 2019 : Bastien Midol (10\u00e8me), roi du skicross","og_description":"Multisports - Vous avez plac\u00e9 Bastien Midol (Skicross) \u00e0 la 10\u00e8me du classement du Champion des Champions fran\u00e7ais 2019.","og_url":"https:\/\/dicodusport.fr\/blog\/champion-francais-2019-bastien-midol-10eme-roi-skicross\/","og_site_name":"Dicodusport","article_publisher":"https:\/\/www.facebook.com\/dicodusport","article_author":"https:\/\/www.facebook.com\/florent.ostermann","article_published_time":"2019-12-22T18:00:55+00:00","og_image":[{"width":800,"height":445,"url":"https:\/\/dicodusport.fr\/blog\/wp-content\/uploads\/2019\/12\/Champion-fran\u00e7ais-2019-Bastien-Midol-10\u00e8me-roi-du-skicross.png","type":"image\/png"}],"author":"Flo Ostermann","twitter_card":"summary_large_image","twitter_title":"Champion fran\u00e7ais 2019 : Bastien Midol (10\u00e8me), roi du skicross","twitter_creator":"@https:\/\/twitter.com\/FlOstermann","twitter_site":"@dicodusport","schema":{"@context":"https:\/\/schema.org","@graph":[{"@type":"NewsArticle","@id":"https:\/\/dicodusport.fr\/blog\/champion-francais-2019-bastien-midol-10eme-roi-skicross\/#article","isPartOf":{"@id":"https:\/\/dicodusport.fr\/blog\/champion-francais-2019-bastien-midol-10eme-roi-skicross\/"},"author":{"name":"Flo Ostermann","@id":"https:\/\/dicodusport.fr\/blog\/#\/schema\/person\/cb02af4c173ce4a653b55e9baf388d4a"},"headline":"Champion fran\u00e7ais 2019 : Bastien Midol (10\u00e8me), roi du skicross","datePublished":"2019-12-22T18:00:55+00:00","mainEntityOfPage":{"@id":"https:\/\/dicodusport.fr\/blog\/champion-francais-2019-bastien-midol-10eme-roi-skicross\/"},"wordCount":136,"commentCount":0,"publisher":{"@id":"https:\/\/dicodusport.fr\/blog\/#organization"},"image":{"@id":"https:\/\/dicodusport.fr\/blog\/champion-francais-2019-bastien-midol-10eme-roi-skicross\/#primaryimage"},"thumbnailUrl":"https:\/\/dicodusport.fr\/blog\/wp-content\/uploads\/2019\/12\/Champion-fran\u00e7ais-2019-Bastien-Midol-10\u00e8me-roi-du-skicross.png","keywords":["Bastien Midol","skicross"],"articleSection":["Multisports"],"inLanguage":"fr-FR","potentialAction":[{"@type":"CommentAction","name":"Comment","target":["https:\/\/dicodusport.fr\/blog\/champion-francais-2019-bastien-midol-10eme-roi-skicross\/#respond"]}],"copyrightYear":"2019","copyrightHolder":{"@id":"https:\/\/dicodusport.fr\/blog\/#organization"}},{"@type":"WebPage","@id":"https:\/\/dicodusport.fr\/blog\/champion-francais-2019-bastien-midol-10eme-roi-skicross\/","url":"https:\/\/dicodusport.fr\/blog\/champion-francais-2019-bastien-midol-10eme-roi-skicross\/","name":"Champion fran\u00e7ais 2019 : Bastien Midol (10\u00e8me), roi du skicross","isPartOf":{"@id":"https:\/\/dicodusport.fr\/blog\/#website"},"primaryImageOfPage":{"@id":"https:\/\/dicodusport.fr\/blog\/champion-francais-2019-bastien-midol-10eme-roi-skicross\/#primaryimage"},"image":{"@id":"https:\/\/dicodusport.fr\/blog\/champion-francais-2019-bastien-midol-10eme-roi-skicross\/#primaryimage"},"thumbnailUrl":"https:\/\/dicodusport.fr\/blog\/wp-content\/uploads\/2019\/12\/Champion-fran\u00e7ais-2019-Bastien-Midol-10\u00e8me-roi-du-skicross.png","datePublished":"2019-12-22T18:00:55+00:00","description":"Multisports - Vous avez plac\u00e9 Bastien Midol (Skicross) \u00e0 la 10\u00e8me du classement du Champion des Champions fran\u00e7ais 2019.","breadcrumb":{"@id":"https:\/\/dicodusport.fr\/blog\/champion-francais-2019-bastien-midol-10eme-roi-skicross\/#breadcrumb"},"inLanguage":"fr-FR","potentialAction":[{"@type":"ReadAction","target":["https:\/\/dicodusport.fr\/blog\/champion-francais-2019-bastien-midol-10eme-roi-skicross\/"]}]},{"@type":"ImageObject","inLanguage":"fr-FR","@id":"https:\/\/dicodusport.fr\/blog\/champion-francais-2019-bastien-midol-10eme-roi-skicross\/#primaryimage","url":"https:\/\/dicodusport.fr\/blog\/wp-content\/uploads\/2019\/12\/Champion-fran\u00e7ais-2019-Bastien-Midol-10\u00e8me-roi-du-skicross.png","contentUrl":"https:\/\/dicodusport.fr\/blog\/wp-content\/uploads\/2019\/12\/Champion-fran\u00e7ais-2019-Bastien-Midol-10\u00e8me-roi-du-skicross.png","width":800,"height":445,"caption":"Champion fran\u00e7ais 2019 - Bastien Midol (10\u00e8me), roi du skicross"},{"@type":"BreadcrumbList","@id":"https:\/\/dicodusport.fr\/blog\/champion-francais-2019-bastien-midol-10eme-roi-skicross\/#breadcrumb","itemListElement":[{"@type":"ListItem","position":1,"name":"Accueil","item":"https:\/\/dicodusport.fr\/blog\/"},{"@type":"ListItem","position":2,"name":"Champion fran\u00e7ais 2019 : Bastien Midol (10\u00e8me), roi du skicross"}]},{"@type":"WebSite","@id":"https:\/\/dicodusport.fr\/blog\/#website","url":"https:\/\/dicodusport.fr\/blog\/","name":"Dicodusport","description":"L&#039;encyclop\u00e9die de l&#039;actualit\u00e9 sportive","publisher":{"@id":"https:\/\/dicodusport.fr\/blog\/#organization"},"potentialAction":[{"@type":"SearchAction","target":{"@type":"EntryPoint","urlTemplate":"https:\/\/dicodusport.fr\/blog\/?s={search_term_string}"},"query-input":{"@type":"PropertyValueSpecification","valueRequired":true,"valueName":"search_term_string"}}],"inLanguage":"fr-FR"},{"@type":"NewsMediaOrganization","@id":"https:\/\/dicodusport.fr\/blog\/#organization","name":"Dicodusport","url":"https:\/\/dicodusport.fr\/blog\/","logo":{"@type":"ImageObject","inLanguage":"fr-FR","@id":"https:\/\/dicodusport.fr\/blog\/#\/schema\/logo\/image\/","url":"https:\/\/dicodusport.fr\/blog\/wp-content\/uploads\/2020\/06\/cropped-LOGO-DICODUSPORT-2020-SANS-FOND-SANS-TEXTE.png","contentUrl":"https:\/\/dicodusport.fr\/blog\/wp-content\/uploads\/2020\/06\/cropped-LOGO-DICODUSPORT-2020-SANS-FOND-SANS-TEXTE.png","width":512,"height":512,"caption":"Dicodusport"},"image":{"@id":"https:\/\/dicodusport.fr\/blog\/#\/schema\/logo\/image\/"},"sameAs":["https:\/\/www.facebook.com\/dicodusport","https:\/\/x.com\/dicodusport","https:\/\/www.instagram.com\/dicodusport\/","https:\/\/www.youtube.com\/channel\/UC7V2KZ5sd3htJivAbA4ZG3w"],"description":"Dicodusport est l'encyclop\u00e9die de l'actualit\u00e9 sportive.","email":"bonjour@dicodusport.fr","legalName":"DICODUSPORT","foundingDate":"2018-01-14","vatID":"FR71834470973","taxID":"83447097300043","numberOfEmployees":{"@type":"QuantitativeValue","minValue":"1","maxValue":"10"}},{"@type":"Person","@id":"https:\/\/dicodusport.fr\/blog\/#\/schema\/person\/cb02af4c173ce4a653b55e9baf388d4a","name":"Flo Ostermann","image":{"@type":"ImageObject","inLanguage":"fr-FR","@id":"https:\/\/dicodusport.fr\/blog\/#\/schema\/person\/image\/","url":"https:\/\/dicodusport.fr\/blog\/wp-content\/uploads\/2021\/05\/Flo-Ostermann-150x150.jpg","contentUrl":"https:\/\/dicodusport.fr\/blog\/wp-content\/uploads\/2021\/05\/Flo-Ostermann-150x150.jpg","caption":"Flo Ostermann"},"description":"Journaliste\/R\u00e9dacteur depuis septembre 2015 - Mes premiers souvenirs dans le sport ? Les envol\u00e9es du Stade Toulousain et les duels Villeneuve-Schumacher et H\u00e4kkinen-Schumacher \u00e0 la fin des ann\u00e9es 90, la Coupe du monde de football en 1998, l\u2019exploit du XV de France face aux All Blacks en 1999, mais aussi Richard C\u0153ur de Lion qui vole sur les montagnes du Tour de France. Bien parti pour devenir professeur d\u2019EPS, les \u00e9v\u00e9nements de la vie (et la flemme d\u2019animer des s\u00e9ances de 3x500 m\u00e8tres toute ma vie) m\u2019ont conduit \u00e0 revoir mes plans. Me voil\u00e0 depuis fin 2017 sur Dicodusport, m\u00e9dia gr\u00e2ce (et pour) lequel je partage ma passion : le sport dans tous ses \u00e9tats. Le tout accompagn\u00e9 par les fous furieux et folles furieuses cit\u00e9s sur cette page !","sameAs":["https:\/\/www.facebook.com\/florent.ostermann","https:\/\/x.com\/https:\/\/twitter.com\/FlOstermann","admin"],"url":"https:\/\/dicodusport.fr\/blog\/author\/flo\/"}]}},"_links":{"self":[{"href":"https:\/\/dicodusport.fr\/blog\/wp-json\/wp\/v2\/posts\/55496","targetHints":{"allow":["GET"]}}],"collection":[{"href":"https:\/\/dicodusport.fr\/blog\/wp-json\/wp\/v2\/posts"}],"about":[{"href":"https:\/\/dicodusport.fr\/blog\/wp-json\/wp\/v2\/types\/post"}],"author":[{"embeddable":true,"href":"https:\/\/dicodusport.fr\/blog\/wp-json\/wp\/v2\/users\/4"}],"replies":[{"embeddable":true,"href":"https:\/\/dicodusport.fr\/blog\/wp-json\/wp\/v2\/comments?post=55496"}],"version-history":[{"count":0,"href":"https:\/\/dicodusport.fr\/blog\/wp-json\/wp\/v2\/posts\/55496\/revisions"}],"wp:featuredmedia":[{"embeddable":true,"href":"https:\/\/dicodusport.fr\/blog\/wp-json\/wp\/v2\/media\/55498"}],"wp:attachment":[{"href":"https:\/\/dicodusport.fr\/blog\/wp-json\/wp\/v2\/media?parent=55496"}],"wp:term":[{"taxonomy":"category","embeddable":true,"href":"https:\/\/dicodusport.fr\/blog\/wp-json\/wp\/v2\/categories?post=55496"},{"taxonomy":"post_tag","embeddable":true,"href":"https:\/\/dicodusport.fr\/blog\/wp-json\/wp\/v2\/tags?post=55496"}],"curies":[{"name":"wp","href":"https:\/\/api.w.org\/{rel}","templated":true}]}}