{"id":554983,"date":"2025-02-12T14:21:20","date_gmt":"2025-02-12T13:21:20","guid":{"rendered":"https:\/\/dicodusport.fr\/blog\/?p=554983&#038;preview=true&#038;preview_id=554983"},"modified":"2025-02-12T16:01:01","modified_gmt":"2025-02-12T15:01:01","slug":"ski-alpin-championnats-du-monde-franjo-von-allmen-et-loic-meillard-menent-un-triple-suisse-en-combine-par-equipes","status":"publish","type":"post","link":"https:\/\/dicodusport.fr\/blog\/ski-alpin-championnats-du-monde-franjo-von-allmen-et-loic-meillard-menent-un-triple-suisse-en-combine-par-equipes\/","title":{"rendered":"Ski alpin Championnats du monde : Franjo von Allmen et Lo\u00efc Meillard m\u00e8nent un tripl\u00e9 suisse en combin\u00e9 par \u00e9quipes !"},"content":{"rendered":"<h4 style=\"text-align: justify;\"><em>CHAMPIONNATS DU MONDE DE SKI ALPIN 2025 \u2013 La Suisse a offert une v\u00e9ritable d\u00e9monstration de puissance sur le combin\u00e9 par \u00e9quipes hommes en r\u00e9alisant un incroyable tripl\u00e9 ! Lo\u00efc Meillard et Franjo von Allmen se sont empar\u00e9s de l&rsquo;or, prenant le dessus sur Tanguy Nef et Alexis Monney, qui pr\u00e9c\u00e8dent eux Marc Rochat et Stefan Rogentin. Victor Muffat-Jeandet et Matthieu Bailet signent le meilleur r\u00e9sultat tricolore du jour (10\u00e8me).<\/em><\/h4>\n<p style=\"text-align: justify;\">Au lendemain du combin\u00e9 par \u00e9quipes f\u00e9minin, place au <strong>combin\u00e9 par \u00e9quipes hommes <\/strong>du c\u00f4t\u00e9 de <strong>Saalbach<\/strong>. Toujours en qu\u00eate d&rsquo;une m\u00e9daille, la France faisait de nouveau face \u00e0 une concurrence f\u00e9roce pour le podium sur cette \u00e9preuve.<\/p>\n<ul>\n<li style=\"text-align: justify;\"><strong>\u00c0 ce sujet &#8211; <a href=\"https:\/\/dicodusport.fr\/blog\/mondiaux-ski-alpin-2025-classement-combine-par-equipes-hommes\/\">Mondiaux Ski alpin 2025 \u2013 Classement Combin\u00e9 par \u00e9quipes hommes<\/a><\/strong><\/li>\n<\/ul>\n<h2>Le Suisses vampirisent le haut du classement d\u00e8s la descente<\/h2>\n<p style=\"text-align: justify;\">Cela se confirmera rapidement puisque d\u00e8s la descente matinale, les diff\u00e9rents duos tricolores ont accus\u00e9 un d\u00e9bours important. Seuls <strong>Maxence Muzaton<\/strong> (+1.13) et <strong>Nils All\u00e8gre<\/strong> (+1.15) ont limit\u00e9 la casse, et laissaient encore un maigre espoir en cas de manche tonitruante de <strong>Steven Amiez<\/strong> pour le premier, et de <strong>Cl\u00e9ment No\u00ebl<\/strong> pour le second. En revanche, le rideau \u00e9tait d\u00e9j\u00e0 tir\u00e9 pour <strong>Matthieu Bailet<\/strong> (+1:78) et <strong>Nils Alphand<\/strong> (+2.24). Grands favoris, les Suisses vont s&#8217;emparer imm\u00e9diatement des deux premi\u00e8res places avec leurs deux premi\u00e8res \u00e9quipes, repr\u00e9sent\u00e9es par <strong>Alexis Monney <\/strong>et <strong>Franjo von Allmen<\/strong>. Les deux hommes se tiennent en seulement deux centi\u00e8mes et ont ouvert un boulevard \u00e0 leurs co\u00e9quipiers, <strong>Tanguy Nef<\/strong> et <strong>Lo\u00efc Meillard<\/strong>. En effet, seul l&rsquo;Italien <strong>Dominik Paris<\/strong> (+0.46) accusait un d\u00e9bours inf\u00e9rieur \u00e0 neuf dixi\u00e8mes !<\/p>\n<h2 style=\"text-align: justify;\">Les Fran\u00e7ais en retrait<\/h2>\n<p style=\"text-align: justify;\">La seconde manche va \u00eatre lanc\u00e9e en fanfare puisque<strong> Kristoffer Jakobsen<\/strong> va signer ce qui sera le chrono r\u00e9f\u00e9rence de l&rsquo;apr\u00e8s-midi en profitant d&rsquo;un terrain encore propre. Le Su\u00e9dois ne sera toutefois pas sur le podium, puisque <strong>Felix Monsen<\/strong> avait accus\u00e9 plus de quatre secondes de retard, mais s&rsquo;offre la plus grosse remont\u00e9e de l&rsquo;apr\u00e8s-midi (11\u00e8me, +16 places). Les dossards vont ensuite d\u00e9filer, d\u00e9gradant progressivement une piste fragilis\u00e9e par une temp\u00e9rature agr\u00e9able. \u00c0 mi-parcours, le duo <strong>Linus Strasser &#8211; Simon Jocher<\/strong> est en t\u00eate, juste devant les Fran\u00e7ais <strong>Victor Muffat-Jeandet<\/strong> et <strong>Matthieu Bailet<\/strong>, le premier cit\u00e9 ayant r\u00e9alis\u00e9 un bon slalom pour assurer une place honorable dans le Top 15. En effet, plusieurs abandons vont \u00e9mailler les dossards suivants, dont ceux de <strong>Filippo della Vite<\/strong> et <strong>Manuel Feller<\/strong>.<\/p>\n<ul>\n<li style=\"text-align: justify;\"><strong>\u00c0 ce sujet &#8211; <a href=\"https:\/\/dicodusport.fr\/blog\/programme-et-resultats-ski-alpin-championnats-du-monde-2025\/\">Programme et r\u00e9sultats Ski alpin Championnats du monde 2025<\/a><\/strong><\/li>\n<\/ul>\n<p style=\"text-align: justify;\">La lutte pour un potentiel podium s&rsquo;engage alors en attendant le trio fort de la matin\u00e9e. Mais elle se fera sans les Fran\u00e7ais, <strong>Cl\u00e9ment No\u00ebl <\/strong>et <strong>Steven Amiez<\/strong> n&rsquo;\u00e9tant pas parvenus \u00e0 sortir une manche folle. Parti sur un bon rythme, <strong>No\u00ebl<\/strong> a enfourch\u00e9 juste apr\u00e8s le deuxi\u00e8me interm\u00e9diaire, tandis qu&rsquo;<strong>Amiez<\/strong> a sign\u00e9 une manche anecdotique, passant proche de la chute juste avant la ligne. R\u00e9sultat, le bin\u00f4me <strong>Muffat-Jeandet &#8211; Bailet<\/strong> sera finalement le meilleur duo tricolore, terminant 10\u00e8me. La lutte s&rsquo;intensifie alors avec la prise de pouvoir de <strong>Marc Rochat<\/strong> (avec <strong>Stefan Rogentin<\/strong>) \u00e0 sept dossards de la fin. Dans la foul\u00e9e, les trois duos italiens, mais \u00e9galement la paire autrichienne <strong>Gstrein &#8211; Hemetsberger<\/strong>, \u00e9chouent \u00e0 surpasser les Suisses. En cons\u00e9quence, la nation helv\u00e9tique se dirige en grandes pompes vers un incroyable tripl\u00e9.<\/p>\n<blockquote class=\"twitter-tweet\">\n<p dir=\"ltr\" lang=\"fr\">\ud83c\uddeb\ud83c\uddf7 Cl\u00e9ment No\u00ebl enfourche ! Le champion olympique part \u00e0 la faute sur le slalom du combin\u00e9 par \u00e9quipes&#8230;<\/p>\n<p>Suivez les Mondiaux de ski alpin jusqu&rsquo;au 16 f\u00e9vrier sur Eurosport <a href=\"https:\/\/twitter.com\/hashtag\/ChaletClub?src=hash&amp;ref_src=twsrc%5Etfw\">#ChaletClub<\/a> <a href=\"https:\/\/twitter.com\/hashtag\/Saalbach2025?src=hash&amp;ref_src=twsrc%5Etfw\">#Saalbach2025<\/a> <a href=\"https:\/\/t.co\/35MZTCtSt2\">pic.twitter.com\/35MZTCtSt2<\/a><\/p>\n<p>\u2014 Eurosport France (@Eurosport_FR) <a href=\"https:\/\/twitter.com\/Eurosport_FR\/status\/1889660843836498351?ref_src=twsrc%5Etfw\">February 12, 2025<\/a><\/p><\/blockquote>\n<p><script async src=\"https:\/\/platform.twitter.com\/widgets.js\" charset=\"utf-8\"><\/script><\/p>\n<h2>La Suisse prend tout<\/h2>\n<p style=\"text-align: justify;\">Un tripl\u00e9 qui sera men\u00e9 par la paire <strong>Lo\u00efc Meillard &#8211; Franjo von Allmen<\/strong> devant<strong> Tanguy Nef <\/strong>et <strong>Alexis Monney<\/strong>. Plus exp\u00e9riment\u00e9, <strong>Meillard<\/strong> prend le dessus sur Nef en reprenant 29 dixi\u00e8mes pour s&rsquo;offrir la m\u00e9daille d&rsquo;or. Mais pour la Suisse, l&rsquo;essentiel est ailleurs. Grande favorite, cette derni\u00e8re a assum\u00e9 son statut de mani\u00e8re brillante en raflant tout sur son passage. Une d\u00e9monstration de force confirmant la sup\u00e9riorit\u00e9 totale des Helv\u00e8tes en ski alpin.<\/p>\n<ul>\n<li><strong>\u00c0 ce sujet &#8211; <a href=\"https:\/\/dicodusport.fr\/blog\/tableau-des-medailles-ski-alpin-championnats-du-monde-2025\/\">Tableau des m\u00e9dailles Ski alpin Championnats du monde 2025<\/a><\/strong><\/li>\n<\/ul>\n<blockquote class=\"twitter-tweet\">\n<p dir=\"ltr\" lang=\"fr\">\ud83c\udde8\ud83c\udded Tripl\u00e9 suisse sur le combin\u00e9 par \u00e9quipes !<br \/>\nLe titre revient \u00e0 Franjo Von Allmen et Lo\u00efc Meillard !<\/p>\n<p>Suivez les Championnats du monde de ski alpin en direct sur la chaine L&rsquo;\u00c9quipe <a href=\"https:\/\/twitter.com\/hashtag\/lequipeSKI?src=hash&amp;ref_src=twsrc%5Etfw\">#lequipeSKI<\/a> <a href=\"https:\/\/t.co\/sx5FUwjNcO\">pic.twitter.com\/sx5FUwjNcO<\/a><\/p>\n<p>\u2014 la chaine L&rsquo;\u00c9quipe (@lachainelequipe) <a href=\"https:\/\/twitter.com\/lachainelequipe\/status\/1889665411190231425?ref_src=twsrc%5Etfw\">February 12, 2025<\/a><\/p><\/blockquote>\n<p><script async src=\"https:\/\/platform.twitter.com\/widgets.js\" charset=\"utf-8\"><\/script><\/p>\n","protected":false},"excerpt":{"rendered":"<p>CHAMPIONNATS DU MONDE DE SKI ALPIN 2025 \u2013 La Suisse a offert une v\u00e9ritable d\u00e9monstration de puissance sur le combin\u00e9 par \u00e9quipes hommes en r\u00e9alisant un incroyable tripl\u00e9 ! Lo\u00efc Meillard et Franjo von Allmen se sont empar\u00e9s de l&rsquo;or, prenant le dessus sur Tanguy Nef et Alexis Monney, qui pr\u00e9c\u00e8dent eux Marc Rochat et Stefan Rogentin. Victor Muffat-Jeandet et Matthieu Bailet signent le meilleur r\u00e9sultat tricolore du jour (10\u00e8me).<\/p>\n","protected":false},"author":55,"featured_media":555075,"comment_status":"open","ping_status":"closed","sticky":false,"template":"","format":"standard","meta":{"_acf_changed":false,"_daextam_enable_autolinks":"1","footnotes":""},"categories":[47083],"tags":[16878,14301,24],"class_list":["post-554983","post","type-post","status-publish","format-standard","has-post-thumbnail","hentry","category-championnats-du-monde-ski-alpin","tag-breve","tag-championnats-du-monde-de-ski-alpin","tag-sport"],"acf":[],"yoast_head":"<!-- This site is optimized with the Yoast SEO Premium plugin v26.7 (Yoast SEO v26.7) - https:\/\/yoast.com\/wordpress\/plugins\/seo\/ -->\n<title>Ski alpin Championnats du monde : Franjo von Allmen et Lo\u00efc Meillard m\u00e8nent un tripl\u00e9 suisse en combin\u00e9 par \u00e9quipes !<\/title>\n<meta name=\"description\" content=\"CHAMPIONNATS DU MONDE DE SKI ALPIN 2025 \u2013 Lo\u00efc Meillard et Franjo von Allmen ont d\u00e9croch\u00e9 l&#039;or sur le combin\u00e9 par \u00e9quipes hommes.\" \/>\n<meta name=\"robots\" content=\"index, follow, max-snippet:-1, max-image-preview:large, max-video-preview:-1\" \/>\n<link rel=\"canonical\" href=\"https:\/\/dicodusport.fr\/blog\/ski-alpin-championnats-du-monde-franjo-von-allmen-et-loic-meillard-menent-un-triple-suisse-en-combine-par-equipes\/\" \/>\n<meta property=\"og:locale\" content=\"fr_FR\" \/>\n<meta property=\"og:type\" content=\"article\" \/>\n<meta property=\"og:title\" content=\"Ski alpin Championnats du monde : Franjo von Allmen et Lo\u00efc Meillard m\u00e8nent un tripl\u00e9 suisse en combin\u00e9 par \u00e9quipes !\" \/>\n<meta property=\"og:description\" content=\"CHAMPIONNATS DU MONDE DE SKI ALPIN 2025 \u2013 Lo\u00efc Meillard et Franjo von Allmen ont d\u00e9croch\u00e9 l&#039;or sur le combin\u00e9 par \u00e9quipes hommes.\" \/>\n<meta property=\"og:url\" content=\"https:\/\/dicodusport.fr\/blog\/ski-alpin-championnats-du-monde-franjo-von-allmen-et-loic-meillard-menent-un-triple-suisse-en-combine-par-equipes\/\" \/>\n<meta property=\"og:site_name\" content=\"Dicodusport\" \/>\n<meta property=\"article:publisher\" content=\"https:\/\/www.facebook.com\/dicodusport\" \/>\n<meta property=\"article:published_time\" content=\"2025-02-12T13:21:20+00:00\" \/>\n<meta property=\"article:modified_time\" content=\"2025-02-12T15:01:01+00:00\" \/>\n<meta property=\"og:image\" content=\"https:\/\/dicodusport.fr\/blog\/wp-content\/uploads\/2025\/02\/Ski-alpin-Championnats-du-monde-Franjo-von-Allmen-et-Loic-Meillard-menent-un-triple-suisse-en-combine-par-equipes-1-1.png\" \/>\n\t<meta property=\"og:image:width\" content=\"1200\" \/>\n\t<meta property=\"og:image:height\" content=\"674\" \/>\n\t<meta property=\"og:image:type\" content=\"image\/png\" \/>\n<meta name=\"author\" content=\"Maxime Cazenave\" \/>\n<meta name=\"twitter:card\" content=\"summary_large_image\" \/>\n<meta name=\"twitter:title\" content=\"Ski alpin Championnats du monde : Franjo von Allmen et Lo\u00efc Meillard m\u00e8nent un tripl\u00e9 suisse en combin\u00e9 par \u00e9quipes !\" \/>\n<meta name=\"twitter:creator\" content=\"@https:\/\/twitter.com\/Maxime_Caze\" \/>\n<meta name=\"twitter:site\" content=\"@dicodusport\" \/>\n<script type=\"application\/ld+json\" class=\"yoast-schema-graph\">{\"@context\":\"https:\/\/schema.org\",\"@graph\":[{\"@type\":\"NewsArticle\",\"@id\":\"https:\/\/dicodusport.fr\/blog\/ski-alpin-championnats-du-monde-franjo-von-allmen-et-loic-meillard-menent-un-triple-suisse-en-combine-par-equipes\/#article\",\"isPartOf\":{\"@id\":\"https:\/\/dicodusport.fr\/blog\/ski-alpin-championnats-du-monde-franjo-von-allmen-et-loic-meillard-menent-un-triple-suisse-en-combine-par-equipes\/\"},\"author\":{\"name\":\"Maxime Cazenave\",\"@id\":\"https:\/\/dicodusport.fr\/blog\/#\/schema\/person\/37def232098a7a5cbab3974a3690abb0\"},\"headline\":\"Ski alpin Championnats du monde : Franjo von Allmen et Lo\u00efc Meillard m\u00e8nent un tripl\u00e9 suisse en combin\u00e9 par \u00e9quipes !\",\"datePublished\":\"2025-02-12T13:21:20+00:00\",\"dateModified\":\"2025-02-12T15:01:01+00:00\",\"mainEntityOfPage\":{\"@id\":\"https:\/\/dicodusport.fr\/blog\/ski-alpin-championnats-du-monde-franjo-von-allmen-et-loic-meillard-menent-un-triple-suisse-en-combine-par-equipes\/\"},\"wordCount\":799,\"commentCount\":0,\"publisher\":{\"@id\":\"https:\/\/dicodusport.fr\/blog\/#organization\"},\"image\":{\"@id\":\"https:\/\/dicodusport.fr\/blog\/ski-alpin-championnats-du-monde-franjo-von-allmen-et-loic-meillard-menent-un-triple-suisse-en-combine-par-equipes\/#primaryimage\"},\"thumbnailUrl\":\"https:\/\/dicodusport.fr\/blog\/wp-content\/uploads\/2025\/02\/Ski-alpin-Championnats-du-monde-Franjo-von-Allmen-et-Loic-Meillard-menent-un-triple-suisse-en-combine-par-equipes-1-1.png\",\"keywords\":[\"br\u00e8ve\",\"Championnats du monde de ski alpin\",\"sport\"],\"articleSection\":[\"Championnats du monde de ski alpin\"],\"inLanguage\":\"fr-FR\",\"potentialAction\":[{\"@type\":\"CommentAction\",\"name\":\"Comment\",\"target\":[\"https:\/\/dicodusport.fr\/blog\/ski-alpin-championnats-du-monde-franjo-von-allmen-et-loic-meillard-menent-un-triple-suisse-en-combine-par-equipes\/#respond\"]}],\"copyrightYear\":\"2025\",\"copyrightHolder\":{\"@id\":\"https:\/\/dicodusport.fr\/blog\/#organization\"}},{\"@type\":\"WebPage\",\"@id\":\"https:\/\/dicodusport.fr\/blog\/ski-alpin-championnats-du-monde-franjo-von-allmen-et-loic-meillard-menent-un-triple-suisse-en-combine-par-equipes\/\",\"url\":\"https:\/\/dicodusport.fr\/blog\/ski-alpin-championnats-du-monde-franjo-von-allmen-et-loic-meillard-menent-un-triple-suisse-en-combine-par-equipes\/\",\"name\":\"Ski alpin Championnats du monde : Franjo von Allmen et Lo\u00efc Meillard m\u00e8nent un tripl\u00e9 suisse en combin\u00e9 par \u00e9quipes !\",\"isPartOf\":{\"@id\":\"https:\/\/dicodusport.fr\/blog\/#website\"},\"primaryImageOfPage\":{\"@id\":\"https:\/\/dicodusport.fr\/blog\/ski-alpin-championnats-du-monde-franjo-von-allmen-et-loic-meillard-menent-un-triple-suisse-en-combine-par-equipes\/#primaryimage\"},\"image\":{\"@id\":\"https:\/\/dicodusport.fr\/blog\/ski-alpin-championnats-du-monde-franjo-von-allmen-et-loic-meillard-menent-un-triple-suisse-en-combine-par-equipes\/#primaryimage\"},\"thumbnailUrl\":\"https:\/\/dicodusport.fr\/blog\/wp-content\/uploads\/2025\/02\/Ski-alpin-Championnats-du-monde-Franjo-von-Allmen-et-Loic-Meillard-menent-un-triple-suisse-en-combine-par-equipes-1-1.png\",\"datePublished\":\"2025-02-12T13:21:20+00:00\",\"dateModified\":\"2025-02-12T15:01:01+00:00\",\"description\":\"CHAMPIONNATS DU MONDE DE SKI ALPIN 2025 \u2013 Lo\u00efc Meillard et Franjo von Allmen ont d\u00e9croch\u00e9 l'or sur le combin\u00e9 par \u00e9quipes hommes.\",\"breadcrumb\":{\"@id\":\"https:\/\/dicodusport.fr\/blog\/ski-alpin-championnats-du-monde-franjo-von-allmen-et-loic-meillard-menent-un-triple-suisse-en-combine-par-equipes\/#breadcrumb\"},\"inLanguage\":\"fr-FR\",\"potentialAction\":[{\"@type\":\"ReadAction\",\"target\":[\"https:\/\/dicodusport.fr\/blog\/ski-alpin-championnats-du-monde-franjo-von-allmen-et-loic-meillard-menent-un-triple-suisse-en-combine-par-equipes\/\"]}]},{\"@type\":\"ImageObject\",\"inLanguage\":\"fr-FR\",\"@id\":\"https:\/\/dicodusport.fr\/blog\/ski-alpin-championnats-du-monde-franjo-von-allmen-et-loic-meillard-menent-un-triple-suisse-en-combine-par-equipes\/#primaryimage\",\"url\":\"https:\/\/dicodusport.fr\/blog\/wp-content\/uploads\/2025\/02\/Ski-alpin-Championnats-du-monde-Franjo-von-Allmen-et-Loic-Meillard-menent-un-triple-suisse-en-combine-par-equipes-1-1.png\",\"contentUrl\":\"https:\/\/dicodusport.fr\/blog\/wp-content\/uploads\/2025\/02\/Ski-alpin-Championnats-du-monde-Franjo-von-Allmen-et-Loic-Meillard-menent-un-triple-suisse-en-combine-par-equipes-1-1.png\",\"width\":1200,\"height\":674,\"caption\":\"Ski alpin Championnats du monde Franjo von Allmen et Lo\u00efc Meillard m\u00e8nent un tripl\u00e9 suisse en combin\u00e9 par \u00e9quipes !\"},{\"@type\":\"BreadcrumbList\",\"@id\":\"https:\/\/dicodusport.fr\/blog\/ski-alpin-championnats-du-monde-franjo-von-allmen-et-loic-meillard-menent-un-triple-suisse-en-combine-par-equipes\/#breadcrumb\",\"itemListElement\":[{\"@type\":\"ListItem\",\"position\":1,\"name\":\"Accueil\",\"item\":\"https:\/\/dicodusport.fr\/blog\/\"},{\"@type\":\"ListItem\",\"position\":2,\"name\":\"Ski alpin Championnats du monde : Franjo von Allmen et Lo\u00efc Meillard m\u00e8nent un tripl\u00e9 suisse en combin\u00e9 par \u00e9quipes !\"}]},{\"@type\":\"WebSite\",\"@id\":\"https:\/\/dicodusport.fr\/blog\/#website\",\"url\":\"https:\/\/dicodusport.fr\/blog\/\",\"name\":\"Dicodusport\",\"description\":\"L&#039;encyclop\u00e9die de l&#039;actualit\u00e9 sportive\",\"publisher\":{\"@id\":\"https:\/\/dicodusport.fr\/blog\/#organization\"},\"potentialAction\":[{\"@type\":\"SearchAction\",\"target\":{\"@type\":\"EntryPoint\",\"urlTemplate\":\"https:\/\/dicodusport.fr\/blog\/?s={search_term_string}\"},\"query-input\":{\"@type\":\"PropertyValueSpecification\",\"valueRequired\":true,\"valueName\":\"search_term_string\"}}],\"inLanguage\":\"fr-FR\"},{\"@type\":\"NewsMediaOrganization\",\"@id\":\"https:\/\/dicodusport.fr\/blog\/#organization\",\"name\":\"Dicodusport\",\"url\":\"https:\/\/dicodusport.fr\/blog\/\",\"logo\":{\"@type\":\"ImageObject\",\"inLanguage\":\"fr-FR\",\"@id\":\"https:\/\/dicodusport.fr\/blog\/#\/schema\/logo\/image\/\",\"url\":\"https:\/\/dicodusport.fr\/blog\/wp-content\/uploads\/2020\/06\/cropped-LOGO-DICODUSPORT-2020-SANS-FOND-SANS-TEXTE.png\",\"contentUrl\":\"https:\/\/dicodusport.fr\/blog\/wp-content\/uploads\/2020\/06\/cropped-LOGO-DICODUSPORT-2020-SANS-FOND-SANS-TEXTE.png\",\"width\":512,\"height\":512,\"caption\":\"Dicodusport\"},\"image\":{\"@id\":\"https:\/\/dicodusport.fr\/blog\/#\/schema\/logo\/image\/\"},\"sameAs\":[\"https:\/\/www.facebook.com\/dicodusport\",\"https:\/\/x.com\/dicodusport\",\"https:\/\/www.instagram.com\/dicodusport\/\",\"https:\/\/www.youtube.com\/channel\/UC7V2KZ5sd3htJivAbA4ZG3w\"],\"description\":\"Dicodusport est l'encyclop\u00e9die de l'actualit\u00e9 sportive.\",\"email\":\"bonjour@dicodusport.fr\",\"legalName\":\"DICODUSPORT\",\"foundingDate\":\"2018-01-14\",\"vatID\":\"FR71834470973\",\"taxID\":\"83447097300043\",\"numberOfEmployees\":{\"@type\":\"QuantitativeValue\",\"minValue\":\"1\",\"maxValue\":\"10\"}},{\"@type\":\"Person\",\"@id\":\"https:\/\/dicodusport.fr\/blog\/#\/schema\/person\/37def232098a7a5cbab3974a3690abb0\",\"name\":\"Maxime Cazenave\",\"image\":{\"@type\":\"ImageObject\",\"inLanguage\":\"fr-FR\",\"@id\":\"https:\/\/dicodusport.fr\/blog\/#\/schema\/person\/image\/\",\"url\":\"https:\/\/dicodusport.fr\/blog\/wp-content\/uploads\/2021\/05\/Maxime-Cazenave-150x150.jpg\",\"contentUrl\":\"https:\/\/dicodusport.fr\/blog\/wp-content\/uploads\/2021\/05\/Maxime-Cazenave-150x150.jpg\",\"caption\":\"Maxime Cazenave\"},\"description\":\"Journaliste\/R\u00e9dacteur depuis 2012 - Berc\u00e9 par l\u2019amour des Girondins de Bordeaux, les \u00e9checs de Christophe Moreau sur le Tour de France sous l'\u00e8re Lance Armstrong et le fade-away l\u00e9tal de Dirk Nowitzki, ma passion d\u00e9vorante pour le sport a toujours \u00e9t\u00e9 un pan incontournable de ma vie. Transmettre ma passion \u00e0 l\u2019\u00e9crit a \u00e9t\u00e9 une transition naturelle. Suiveur assidu de basket et de hockey sur glace, je garde toujours un peu de place pour suivre le cyclisme, le football et le maximum de performances fran\u00e7aises.\",\"sameAs\":[\"https:\/\/x.com\/https:\/\/twitter.com\/Maxime_Caze\"],\"url\":\"https:\/\/dicodusport.fr\/blog\/author\/maximec\/\"}]}<\/script>\n<!-- \/ Yoast SEO Premium plugin. -->","yoast_head_json":{"title":"Ski alpin Championnats du monde : Franjo von Allmen et Lo\u00efc Meillard m\u00e8nent un tripl\u00e9 suisse en combin\u00e9 par \u00e9quipes !","description":"CHAMPIONNATS DU MONDE DE SKI ALPIN 2025 \u2013 Lo\u00efc Meillard et Franjo von Allmen ont d\u00e9croch\u00e9 l'or sur le combin\u00e9 par \u00e9quipes hommes.","robots":{"index":"index","follow":"follow","max-snippet":"max-snippet:-1","max-image-preview":"max-image-preview:large","max-video-preview":"max-video-preview:-1"},"canonical":"https:\/\/dicodusport.fr\/blog\/ski-alpin-championnats-du-monde-franjo-von-allmen-et-loic-meillard-menent-un-triple-suisse-en-combine-par-equipes\/","og_locale":"fr_FR","og_type":"article","og_title":"Ski alpin Championnats du monde : Franjo von Allmen et Lo\u00efc Meillard m\u00e8nent un tripl\u00e9 suisse en combin\u00e9 par \u00e9quipes !","og_description":"CHAMPIONNATS DU MONDE DE SKI ALPIN 2025 \u2013 Lo\u00efc Meillard et Franjo von Allmen ont d\u00e9croch\u00e9 l'or sur le combin\u00e9 par \u00e9quipes hommes.","og_url":"https:\/\/dicodusport.fr\/blog\/ski-alpin-championnats-du-monde-franjo-von-allmen-et-loic-meillard-menent-un-triple-suisse-en-combine-par-equipes\/","og_site_name":"Dicodusport","article_publisher":"https:\/\/www.facebook.com\/dicodusport","article_published_time":"2025-02-12T13:21:20+00:00","article_modified_time":"2025-02-12T15:01:01+00:00","og_image":[{"width":1200,"height":674,"url":"https:\/\/dicodusport.fr\/blog\/wp-content\/uploads\/2025\/02\/Ski-alpin-Championnats-du-monde-Franjo-von-Allmen-et-Loic-Meillard-menent-un-triple-suisse-en-combine-par-equipes-1-1.png","type":"image\/png"}],"author":"Maxime Cazenave","twitter_card":"summary_large_image","twitter_title":"Ski alpin Championnats du monde : Franjo von Allmen et Lo\u00efc Meillard m\u00e8nent un tripl\u00e9 suisse en combin\u00e9 par \u00e9quipes !","twitter_creator":"@https:\/\/twitter.com\/Maxime_Caze","twitter_site":"@dicodusport","schema":{"@context":"https:\/\/schema.org","@graph":[{"@type":"NewsArticle","@id":"https:\/\/dicodusport.fr\/blog\/ski-alpin-championnats-du-monde-franjo-von-allmen-et-loic-meillard-menent-un-triple-suisse-en-combine-par-equipes\/#article","isPartOf":{"@id":"https:\/\/dicodusport.fr\/blog\/ski-alpin-championnats-du-monde-franjo-von-allmen-et-loic-meillard-menent-un-triple-suisse-en-combine-par-equipes\/"},"author":{"name":"Maxime Cazenave","@id":"https:\/\/dicodusport.fr\/blog\/#\/schema\/person\/37def232098a7a5cbab3974a3690abb0"},"headline":"Ski alpin Championnats du monde : Franjo von Allmen et Lo\u00efc Meillard m\u00e8nent un tripl\u00e9 suisse en combin\u00e9 par \u00e9quipes !","datePublished":"2025-02-12T13:21:20+00:00","dateModified":"2025-02-12T15:01:01+00:00","mainEntityOfPage":{"@id":"https:\/\/dicodusport.fr\/blog\/ski-alpin-championnats-du-monde-franjo-von-allmen-et-loic-meillard-menent-un-triple-suisse-en-combine-par-equipes\/"},"wordCount":799,"commentCount":0,"publisher":{"@id":"https:\/\/dicodusport.fr\/blog\/#organization"},"image":{"@id":"https:\/\/dicodusport.fr\/blog\/ski-alpin-championnats-du-monde-franjo-von-allmen-et-loic-meillard-menent-un-triple-suisse-en-combine-par-equipes\/#primaryimage"},"thumbnailUrl":"https:\/\/dicodusport.fr\/blog\/wp-content\/uploads\/2025\/02\/Ski-alpin-Championnats-du-monde-Franjo-von-Allmen-et-Loic-Meillard-menent-un-triple-suisse-en-combine-par-equipes-1-1.png","keywords":["br\u00e8ve","Championnats du monde de ski alpin","sport"],"articleSection":["Championnats du monde de ski alpin"],"inLanguage":"fr-FR","potentialAction":[{"@type":"CommentAction","name":"Comment","target":["https:\/\/dicodusport.fr\/blog\/ski-alpin-championnats-du-monde-franjo-von-allmen-et-loic-meillard-menent-un-triple-suisse-en-combine-par-equipes\/#respond"]}],"copyrightYear":"2025","copyrightHolder":{"@id":"https:\/\/dicodusport.fr\/blog\/#organization"}},{"@type":"WebPage","@id":"https:\/\/dicodusport.fr\/blog\/ski-alpin-championnats-du-monde-franjo-von-allmen-et-loic-meillard-menent-un-triple-suisse-en-combine-par-equipes\/","url":"https:\/\/dicodusport.fr\/blog\/ski-alpin-championnats-du-monde-franjo-von-allmen-et-loic-meillard-menent-un-triple-suisse-en-combine-par-equipes\/","name":"Ski alpin Championnats du monde : Franjo von Allmen et Lo\u00efc Meillard m\u00e8nent un tripl\u00e9 suisse en combin\u00e9 par \u00e9quipes !","isPartOf":{"@id":"https:\/\/dicodusport.fr\/blog\/#website"},"primaryImageOfPage":{"@id":"https:\/\/dicodusport.fr\/blog\/ski-alpin-championnats-du-monde-franjo-von-allmen-et-loic-meillard-menent-un-triple-suisse-en-combine-par-equipes\/#primaryimage"},"image":{"@id":"https:\/\/dicodusport.fr\/blog\/ski-alpin-championnats-du-monde-franjo-von-allmen-et-loic-meillard-menent-un-triple-suisse-en-combine-par-equipes\/#primaryimage"},"thumbnailUrl":"https:\/\/dicodusport.fr\/blog\/wp-content\/uploads\/2025\/02\/Ski-alpin-Championnats-du-monde-Franjo-von-Allmen-et-Loic-Meillard-menent-un-triple-suisse-en-combine-par-equipes-1-1.png","datePublished":"2025-02-12T13:21:20+00:00","dateModified":"2025-02-12T15:01:01+00:00","description":"CHAMPIONNATS DU MONDE DE SKI ALPIN 2025 \u2013 Lo\u00efc Meillard et Franjo von Allmen ont d\u00e9croch\u00e9 l'or sur le combin\u00e9 par \u00e9quipes hommes.","breadcrumb":{"@id":"https:\/\/dicodusport.fr\/blog\/ski-alpin-championnats-du-monde-franjo-von-allmen-et-loic-meillard-menent-un-triple-suisse-en-combine-par-equipes\/#breadcrumb"},"inLanguage":"fr-FR","potentialAction":[{"@type":"ReadAction","target":["https:\/\/dicodusport.fr\/blog\/ski-alpin-championnats-du-monde-franjo-von-allmen-et-loic-meillard-menent-un-triple-suisse-en-combine-par-equipes\/"]}]},{"@type":"ImageObject","inLanguage":"fr-FR","@id":"https:\/\/dicodusport.fr\/blog\/ski-alpin-championnats-du-monde-franjo-von-allmen-et-loic-meillard-menent-un-triple-suisse-en-combine-par-equipes\/#primaryimage","url":"https:\/\/dicodusport.fr\/blog\/wp-content\/uploads\/2025\/02\/Ski-alpin-Championnats-du-monde-Franjo-von-Allmen-et-Loic-Meillard-menent-un-triple-suisse-en-combine-par-equipes-1-1.png","contentUrl":"https:\/\/dicodusport.fr\/blog\/wp-content\/uploads\/2025\/02\/Ski-alpin-Championnats-du-monde-Franjo-von-Allmen-et-Loic-Meillard-menent-un-triple-suisse-en-combine-par-equipes-1-1.png","width":1200,"height":674,"caption":"Ski alpin Championnats du monde Franjo von Allmen et Lo\u00efc Meillard m\u00e8nent un tripl\u00e9 suisse en combin\u00e9 par \u00e9quipes !"},{"@type":"BreadcrumbList","@id":"https:\/\/dicodusport.fr\/blog\/ski-alpin-championnats-du-monde-franjo-von-allmen-et-loic-meillard-menent-un-triple-suisse-en-combine-par-equipes\/#breadcrumb","itemListElement":[{"@type":"ListItem","position":1,"name":"Accueil","item":"https:\/\/dicodusport.fr\/blog\/"},{"@type":"ListItem","position":2,"name":"Ski alpin Championnats du monde : Franjo von Allmen et Lo\u00efc Meillard m\u00e8nent un tripl\u00e9 suisse en combin\u00e9 par \u00e9quipes !"}]},{"@type":"WebSite","@id":"https:\/\/dicodusport.fr\/blog\/#website","url":"https:\/\/dicodusport.fr\/blog\/","name":"Dicodusport","description":"L&#039;encyclop\u00e9die de l&#039;actualit\u00e9 sportive","publisher":{"@id":"https:\/\/dicodusport.fr\/blog\/#organization"},"potentialAction":[{"@type":"SearchAction","target":{"@type":"EntryPoint","urlTemplate":"https:\/\/dicodusport.fr\/blog\/?s={search_term_string}"},"query-input":{"@type":"PropertyValueSpecification","valueRequired":true,"valueName":"search_term_string"}}],"inLanguage":"fr-FR"},{"@type":"NewsMediaOrganization","@id":"https:\/\/dicodusport.fr\/blog\/#organization","name":"Dicodusport","url":"https:\/\/dicodusport.fr\/blog\/","logo":{"@type":"ImageObject","inLanguage":"fr-FR","@id":"https:\/\/dicodusport.fr\/blog\/#\/schema\/logo\/image\/","url":"https:\/\/dicodusport.fr\/blog\/wp-content\/uploads\/2020\/06\/cropped-LOGO-DICODUSPORT-2020-SANS-FOND-SANS-TEXTE.png","contentUrl":"https:\/\/dicodusport.fr\/blog\/wp-content\/uploads\/2020\/06\/cropped-LOGO-DICODUSPORT-2020-SANS-FOND-SANS-TEXTE.png","width":512,"height":512,"caption":"Dicodusport"},"image":{"@id":"https:\/\/dicodusport.fr\/blog\/#\/schema\/logo\/image\/"},"sameAs":["https:\/\/www.facebook.com\/dicodusport","https:\/\/x.com\/dicodusport","https:\/\/www.instagram.com\/dicodusport\/","https:\/\/www.youtube.com\/channel\/UC7V2KZ5sd3htJivAbA4ZG3w"],"description":"Dicodusport est l'encyclop\u00e9die de l'actualit\u00e9 sportive.","email":"bonjour@dicodusport.fr","legalName":"DICODUSPORT","foundingDate":"2018-01-14","vatID":"FR71834470973","taxID":"83447097300043","numberOfEmployees":{"@type":"QuantitativeValue","minValue":"1","maxValue":"10"}},{"@type":"Person","@id":"https:\/\/dicodusport.fr\/blog\/#\/schema\/person\/37def232098a7a5cbab3974a3690abb0","name":"Maxime Cazenave","image":{"@type":"ImageObject","inLanguage":"fr-FR","@id":"https:\/\/dicodusport.fr\/blog\/#\/schema\/person\/image\/","url":"https:\/\/dicodusport.fr\/blog\/wp-content\/uploads\/2021\/05\/Maxime-Cazenave-150x150.jpg","contentUrl":"https:\/\/dicodusport.fr\/blog\/wp-content\/uploads\/2021\/05\/Maxime-Cazenave-150x150.jpg","caption":"Maxime Cazenave"},"description":"Journaliste\/R\u00e9dacteur depuis 2012 - Berc\u00e9 par l\u2019amour des Girondins de Bordeaux, les \u00e9checs de Christophe Moreau sur le Tour de France sous l'\u00e8re Lance Armstrong et le fade-away l\u00e9tal de Dirk Nowitzki, ma passion d\u00e9vorante pour le sport a toujours \u00e9t\u00e9 un pan incontournable de ma vie. Transmettre ma passion \u00e0 l\u2019\u00e9crit a \u00e9t\u00e9 une transition naturelle. Suiveur assidu de basket et de hockey sur glace, je garde toujours un peu de place pour suivre le cyclisme, le football et le maximum de performances fran\u00e7aises.","sameAs":["https:\/\/x.com\/https:\/\/twitter.com\/Maxime_Caze"],"url":"https:\/\/dicodusport.fr\/blog\/author\/maximec\/"}]}},"_links":{"self":[{"href":"https:\/\/dicodusport.fr\/blog\/wp-json\/wp\/v2\/posts\/554983","targetHints":{"allow":["GET"]}}],"collection":[{"href":"https:\/\/dicodusport.fr\/blog\/wp-json\/wp\/v2\/posts"}],"about":[{"href":"https:\/\/dicodusport.fr\/blog\/wp-json\/wp\/v2\/types\/post"}],"author":[{"embeddable":true,"href":"https:\/\/dicodusport.fr\/blog\/wp-json\/wp\/v2\/users\/55"}],"replies":[{"embeddable":true,"href":"https:\/\/dicodusport.fr\/blog\/wp-json\/wp\/v2\/comments?post=554983"}],"version-history":[{"count":5,"href":"https:\/\/dicodusport.fr\/blog\/wp-json\/wp\/v2\/posts\/554983\/revisions"}],"predecessor-version":[{"id":555054,"href":"https:\/\/dicodusport.fr\/blog\/wp-json\/wp\/v2\/posts\/554983\/revisions\/555054"}],"wp:featuredmedia":[{"embeddable":true,"href":"https:\/\/dicodusport.fr\/blog\/wp-json\/wp\/v2\/media\/555075"}],"wp:attachment":[{"href":"https:\/\/dicodusport.fr\/blog\/wp-json\/wp\/v2\/media?parent=554983"}],"wp:term":[{"taxonomy":"category","embeddable":true,"href":"https:\/\/dicodusport.fr\/blog\/wp-json\/wp\/v2\/categories?post=554983"},{"taxonomy":"post_tag","embeddable":true,"href":"https:\/\/dicodusport.fr\/blog\/wp-json\/wp\/v2\/tags?post=554983"}],"curies":[{"name":"wp","href":"https:\/\/api.w.org\/{rel}","templated":true}]}}