{"id":555013,"date":"2025-02-12T14:33:40","date_gmt":"2025-02-12T13:33:40","guid":{"rendered":"https:\/\/dicodusport.fr\/blog\/?p=555013&#038;preview=true&#038;preview_id=555013"},"modified":"2025-02-12T14:33:40","modified_gmt":"2025-02-12T13:33:40","slug":"badminton-euro-par-equipes-mixtes-les-bleus-demarrent-par-une-victoire-aisee-sur-lallemagne","status":"publish","type":"post","link":"https:\/\/dicodusport.fr\/blog\/badminton-euro-par-equipes-mixtes-les-bleus-demarrent-par-une-victoire-aisee-sur-lallemagne\/","title":{"rendered":"Badminton Euro par \u00e9quipes mixtes : Les Bleus d\u00e9marrent par une victoire ais\u00e9e sur l&rsquo;Allemagne"},"content":{"rendered":"<h4 style=\"text-align: justify;\"><em>CHAMPIONNATS D&rsquo;EUROPE PAR \u00c9QUIPES MIXTES DE BADMINTON 2025 &#8211; Pour la premi\u00e8re journ\u00e9e de la phase de poules, l&rsquo;\u00e9quipe de France a logiquement domin\u00e9 l&rsquo;Allemagne.\u00a0<\/em><\/h4>\n<p style=\"text-align: justify;\">Voil\u00e0 deux \u00e9ditions cons\u00e9cutives que la France \u00e9chouait en finale des Championnats d&rsquo;Europe par \u00e9quipes mixtes face au Danemark. Les deux nations \u00e9taient une fois encore grandissimes favorites de ce cru 2025, qui avait lieu en Azerba\u00efdjan. Les Bleus, qui ambitionnaient une fois encore la finale, entamaient leur phase de poule ce midi contre l&rsquo;Allemagne.<\/p>\n<blockquote class=\"twitter-tweet\">\n<p dir=\"ltr\" lang=\"fr\">D\u00e9couvrez la composition du premier match des Bleus \ud83c\uddeb\ud83c\uddf7<\/p>\n<p>L&rsquo;\u00c9quipe de France se pr\u00e9pare \u00e0 affronter l&rsquo;Allemagne \ud83c\udde9\ud83c\uddea \u00e0 12h pour son entr\u00e9e en lice au Championnat d&rsquo;Europe par \u00e9quipes mixtes \ud83d\ude80<\/p>\n<p>\ud83d\udcfaSuivez les matchs en direct sur <a href=\"https:\/\/t.co\/jBRvJt3yDc\">https:\/\/t.co\/jBRvJt3yDc<\/a><a href=\"https:\/\/twitter.com\/hashtag\/emtc2025?src=hash&amp;ref_src=twsrc%5Etfw\">#emtc2025<\/a> <a href=\"https:\/\/twitter.com\/hashtag\/ffbad?src=hash&amp;ref_src=twsrc%5Etfw\">#ffbad<\/a> <a href=\"https:\/\/twitter.com\/hashtag\/badminton?src=hash&amp;ref_src=twsrc%5Etfw\">#badminton<\/a> <a href=\"https:\/\/t.co\/9NqjXgwNEB\">pic.twitter.com\/9NqjXgwNEB<\/a><\/p>\n<p>\u2014 FFBaD (@FFBaD) <a href=\"https:\/\/twitter.com\/FFBaD\/status\/1889621134078824505?ref_src=twsrc%5Etfw\">February 12, 2025<\/a><\/p><\/blockquote>\n<p style=\"text-align: justify;\"><script async src=\"https:\/\/platform.twitter.com\/widgets.js\" charset=\"utf-8\"><\/script><\/p>\n<h2 style=\"text-align: justify;\">Les Bleus d\u00e9roulent<\/h2>\n<p style=\"text-align: justify;\">D\u00e9sormais meilleur Fran\u00e7ais au classement mondial, <strong>Alex Lanier<\/strong> ouvrait les hostilit\u00e9s contre <strong>Fabian Roth<\/strong>. Imp\u00e9rial en d\u00e9but de match, le Tricolore a ensuite parfaitement g\u00e9r\u00e9 son effort. S&rsquo;il a \u00e9t\u00e9 bouscul\u00e9 sur quelques points, notamment dans le deuxi\u00e8me set, il n&rsquo;a jamais \u00e9t\u00e9 r\u00e9ellement en danger et a assum\u00e9 son statut sans coup f\u00e9rir. <strong>L\u00e9onice Huet<\/strong> a pris le relais contre <strong>Gloria Poluektov<\/strong>. Un premier set ma\u00eetris\u00e9, mais un deuxi\u00e8me bien plus \u00e2prement disput\u00e9, dans lequel l&rsquo;Allemande a livr\u00e9 une bien meilleure partition, obtenant m\u00eame une balle de troisi\u00e8me manche avant que la Fran\u00e7ais ne donne le coup de reins d\u00e9cisif pour faire le break.<\/p>\n<p style=\"text-align: justify;\">Restait \u00e0 finir le travail sur le double messieurs. Une mission pour <strong>Toma Junior Popov<\/strong> et <strong>Christo Popov<\/strong>, favoris face \u00e0 <strong>Bjarne Geiss<\/strong> et <strong>Marvin Seidel<\/strong>. Apr\u00e8s une premi\u00e8re manche ais\u00e9e, on se disait que l&rsquo;affaire \u00e9tait pli\u00e9e, mais les Allemands contre-attaquaient, livraient un deuxi\u00e8me set de toute beaut\u00e9&#8230; conclu \u00e0 l&rsquo;aide du filet ! Heureusement, les Bleus allaient terminer en trombe, imposant leur puissance, pour conclure logiquement la partie et offrir une victoire<strong> 3-0<\/strong> attendue. Et logiquement, il devrait en \u00eatre de m\u00eame jusqu&rsquo;\u00e0 la finale.<\/p>\n<h2 style=\"text-align: justify;\">R\u00e9sultats<\/h2>\n<p style=\"text-align: justify;\">Alex Lanier <strong>21-15, 21-17<\/strong> Fabian Roth<\/p>\n<p style=\"text-align: justify;\">L\u00e9onice Huet <strong>21-14, 22-20<\/strong> Gloria Poluektov<\/p>\n<p style=\"text-align: justify;\">Toma Junior Popov &#8211; Christo Popov <strong>21-13, 19-21, 21-12<\/strong> Bjarne Geiss &#8211; Marvin Seidel<\/p>\n","protected":false},"excerpt":{"rendered":"<p>CHAMPIONNATS D&rsquo;EUROPE PAR \u00c9QUIPES MIXTES DE BADMINTON 2025 &#8211; Pour la premi\u00e8re journ\u00e9e de la phase de poules, l&rsquo;\u00e9quipe de France a logiquement domin\u00e9 l&rsquo;Allemagne.\u00a0<\/p>\n","protected":false},"author":59,"featured_media":555034,"comment_status":"open","ping_status":"closed","sticky":false,"template":"","format":"standard","meta":{"_acf_changed":false,"_daextam_enable_autolinks":"1","footnotes":""},"categories":[13604],"tags":[26088,16878],"class_list":["post-555013","post","type-post","status-publish","format-standard","has-post-thumbnail","hentry","category-badminton","tag-badminton-francais","tag-breve"],"acf":[],"yoast_head":"<!-- This site is optimized with the Yoast SEO Premium plugin v26.7 (Yoast SEO v26.7) - https:\/\/yoast.com\/wordpress\/plugins\/seo\/ -->\n<title>Badminton Euro par \u00e9quipes mixtes : Les Bleus d\u00e9marrent par une victoire ais\u00e9e sur l&#039;Allemagne<\/title>\n<meta name=\"description\" content=\"CHAMPIONNATS D&#039;EUROPE PAR \u00c9QUIPES MIXTES DE BADMINTON 2025 - Pour la premi\u00e8re journ\u00e9e, l&#039;\u00e9quipe de France a logiquement domin\u00e9 l&#039;Allemagne.\u00a0\" \/>\n<meta name=\"robots\" content=\"index, follow, max-snippet:-1, max-image-preview:large, max-video-preview:-1\" \/>\n<link rel=\"canonical\" href=\"https:\/\/dicodusport.fr\/blog\/badminton-euro-par-equipes-mixtes-les-bleus-demarrent-par-une-victoire-aisee-sur-lallemagne\/\" \/>\n<meta property=\"og:locale\" content=\"fr_FR\" \/>\n<meta property=\"og:type\" content=\"article\" \/>\n<meta property=\"og:title\" content=\"Badminton Euro par \u00e9quipes mixtes : Les Bleus d\u00e9marrent par une victoire ais\u00e9e sur l&#039;Allemagne\" \/>\n<meta property=\"og:description\" content=\"CHAMPIONNATS D&#039;EUROPE PAR \u00c9QUIPES MIXTES DE BADMINTON 2025 - Pour la premi\u00e8re journ\u00e9e, l&#039;\u00e9quipe de France a logiquement domin\u00e9 l&#039;Allemagne.\u00a0\" \/>\n<meta property=\"og:url\" content=\"https:\/\/dicodusport.fr\/blog\/badminton-euro-par-equipes-mixtes-les-bleus-demarrent-par-une-victoire-aisee-sur-lallemagne\/\" \/>\n<meta property=\"og:site_name\" content=\"Dicodusport\" \/>\n<meta property=\"article:publisher\" content=\"https:\/\/www.facebook.com\/dicodusport\" \/>\n<meta property=\"article:author\" content=\"https:\/\/www.facebook.com\/sebastien.gente\/\" \/>\n<meta property=\"article:published_time\" content=\"2025-02-12T13:33:40+00:00\" \/>\n<meta property=\"og:image\" content=\"https:\/\/dicodusport.fr\/blog\/wp-content\/uploads\/2025\/02\/Badminton-Euro-par-equipes-mixtes-Les-Bleus-demarrent-par-une-victoire-aisee-sur-lAllemagne.png\" \/>\n\t<meta property=\"og:image:width\" content=\"1200\" \/>\n\t<meta property=\"og:image:height\" content=\"674\" \/>\n\t<meta property=\"og:image:type\" content=\"image\/png\" \/>\n<meta name=\"author\" content=\"S\u00e9bastien Gente\" \/>\n<meta name=\"twitter:card\" content=\"summary_large_image\" \/>\n<meta name=\"twitter:title\" content=\"Badminton Euro par \u00e9quipes mixtes : Les Bleus d\u00e9marrent par une victoire ais\u00e9e sur l&#039;Allemagne\" \/>\n<meta name=\"twitter:creator\" content=\"@https:\/\/twitter.com\/globulo24\" \/>\n<meta name=\"twitter:site\" content=\"@dicodusport\" \/>\n<script type=\"application\/ld+json\" class=\"yoast-schema-graph\">{\"@context\":\"https:\/\/schema.org\",\"@graph\":[{\"@type\":\"NewsArticle\",\"@id\":\"https:\/\/dicodusport.fr\/blog\/badminton-euro-par-equipes-mixtes-les-bleus-demarrent-par-une-victoire-aisee-sur-lallemagne\/#article\",\"isPartOf\":{\"@id\":\"https:\/\/dicodusport.fr\/blog\/badminton-euro-par-equipes-mixtes-les-bleus-demarrent-par-une-victoire-aisee-sur-lallemagne\/\"},\"author\":{\"name\":\"S\u00e9bastien Gente\",\"@id\":\"https:\/\/dicodusport.fr\/blog\/#\/schema\/person\/627966a6cde45dbd8c5e36ac85d783da\"},\"headline\":\"Badminton Euro par \u00e9quipes mixtes : Les Bleus d\u00e9marrent par une victoire ais\u00e9e sur l&rsquo;Allemagne\",\"datePublished\":\"2025-02-12T13:33:40+00:00\",\"mainEntityOfPage\":{\"@id\":\"https:\/\/dicodusport.fr\/blog\/badminton-euro-par-equipes-mixtes-les-bleus-demarrent-par-une-victoire-aisee-sur-lallemagne\/\"},\"wordCount\":406,\"commentCount\":0,\"publisher\":{\"@id\":\"https:\/\/dicodusport.fr\/blog\/#organization\"},\"image\":{\"@id\":\"https:\/\/dicodusport.fr\/blog\/badminton-euro-par-equipes-mixtes-les-bleus-demarrent-par-une-victoire-aisee-sur-lallemagne\/#primaryimage\"},\"thumbnailUrl\":\"https:\/\/dicodusport.fr\/blog\/wp-content\/uploads\/2025\/02\/Badminton-Euro-par-equipes-mixtes-Les-Bleus-demarrent-par-une-victoire-aisee-sur-lAllemagne.png\",\"keywords\":[\"badminton fran\u00e7ais\",\"br\u00e8ve\"],\"articleSection\":[\"Badminton\"],\"inLanguage\":\"fr-FR\",\"potentialAction\":[{\"@type\":\"CommentAction\",\"name\":\"Comment\",\"target\":[\"https:\/\/dicodusport.fr\/blog\/badminton-euro-par-equipes-mixtes-les-bleus-demarrent-par-une-victoire-aisee-sur-lallemagne\/#respond\"]}],\"copyrightYear\":\"2025\",\"copyrightHolder\":{\"@id\":\"https:\/\/dicodusport.fr\/blog\/#organization\"}},{\"@type\":\"WebPage\",\"@id\":\"https:\/\/dicodusport.fr\/blog\/badminton-euro-par-equipes-mixtes-les-bleus-demarrent-par-une-victoire-aisee-sur-lallemagne\/\",\"url\":\"https:\/\/dicodusport.fr\/blog\/badminton-euro-par-equipes-mixtes-les-bleus-demarrent-par-une-victoire-aisee-sur-lallemagne\/\",\"name\":\"Badminton Euro par \u00e9quipes mixtes : Les Bleus d\u00e9marrent par une victoire ais\u00e9e sur l'Allemagne\",\"isPartOf\":{\"@id\":\"https:\/\/dicodusport.fr\/blog\/#website\"},\"primaryImageOfPage\":{\"@id\":\"https:\/\/dicodusport.fr\/blog\/badminton-euro-par-equipes-mixtes-les-bleus-demarrent-par-une-victoire-aisee-sur-lallemagne\/#primaryimage\"},\"image\":{\"@id\":\"https:\/\/dicodusport.fr\/blog\/badminton-euro-par-equipes-mixtes-les-bleus-demarrent-par-une-victoire-aisee-sur-lallemagne\/#primaryimage\"},\"thumbnailUrl\":\"https:\/\/dicodusport.fr\/blog\/wp-content\/uploads\/2025\/02\/Badminton-Euro-par-equipes-mixtes-Les-Bleus-demarrent-par-une-victoire-aisee-sur-lAllemagne.png\",\"datePublished\":\"2025-02-12T13:33:40+00:00\",\"description\":\"CHAMPIONNATS D'EUROPE PAR \u00c9QUIPES MIXTES DE BADMINTON 2025 - Pour la premi\u00e8re journ\u00e9e, l'\u00e9quipe de France a logiquement domin\u00e9 l'Allemagne.\u00a0\",\"breadcrumb\":{\"@id\":\"https:\/\/dicodusport.fr\/blog\/badminton-euro-par-equipes-mixtes-les-bleus-demarrent-par-une-victoire-aisee-sur-lallemagne\/#breadcrumb\"},\"inLanguage\":\"fr-FR\",\"potentialAction\":[{\"@type\":\"ReadAction\",\"target\":[\"https:\/\/dicodusport.fr\/blog\/badminton-euro-par-equipes-mixtes-les-bleus-demarrent-par-une-victoire-aisee-sur-lallemagne\/\"]}]},{\"@type\":\"ImageObject\",\"inLanguage\":\"fr-FR\",\"@id\":\"https:\/\/dicodusport.fr\/blog\/badminton-euro-par-equipes-mixtes-les-bleus-demarrent-par-une-victoire-aisee-sur-lallemagne\/#primaryimage\",\"url\":\"https:\/\/dicodusport.fr\/blog\/wp-content\/uploads\/2025\/02\/Badminton-Euro-par-equipes-mixtes-Les-Bleus-demarrent-par-une-victoire-aisee-sur-lAllemagne.png\",\"contentUrl\":\"https:\/\/dicodusport.fr\/blog\/wp-content\/uploads\/2025\/02\/Badminton-Euro-par-equipes-mixtes-Les-Bleus-demarrent-par-une-victoire-aisee-sur-lAllemagne.png\",\"width\":1200,\"height\":674,\"caption\":\"Badminton Euro par \u00e9quipes mixtes Les Bleus d\u00e9marrent par une victoire ais\u00e9e sur l'Allemagne\"},{\"@type\":\"BreadcrumbList\",\"@id\":\"https:\/\/dicodusport.fr\/blog\/badminton-euro-par-equipes-mixtes-les-bleus-demarrent-par-une-victoire-aisee-sur-lallemagne\/#breadcrumb\",\"itemListElement\":[{\"@type\":\"ListItem\",\"position\":1,\"name\":\"Accueil\",\"item\":\"https:\/\/dicodusport.fr\/blog\/\"},{\"@type\":\"ListItem\",\"position\":2,\"name\":\"Badminton Euro par \u00e9quipes mixtes : Les Bleus d\u00e9marrent par une victoire ais\u00e9e sur l&#8217;Allemagne\"}]},{\"@type\":\"WebSite\",\"@id\":\"https:\/\/dicodusport.fr\/blog\/#website\",\"url\":\"https:\/\/dicodusport.fr\/blog\/\",\"name\":\"Dicodusport\",\"description\":\"L&#039;encyclop\u00e9die de l&#039;actualit\u00e9 sportive\",\"publisher\":{\"@id\":\"https:\/\/dicodusport.fr\/blog\/#organization\"},\"potentialAction\":[{\"@type\":\"SearchAction\",\"target\":{\"@type\":\"EntryPoint\",\"urlTemplate\":\"https:\/\/dicodusport.fr\/blog\/?s={search_term_string}\"},\"query-input\":{\"@type\":\"PropertyValueSpecification\",\"valueRequired\":true,\"valueName\":\"search_term_string\"}}],\"inLanguage\":\"fr-FR\"},{\"@type\":\"NewsMediaOrganization\",\"@id\":\"https:\/\/dicodusport.fr\/blog\/#organization\",\"name\":\"Dicodusport\",\"url\":\"https:\/\/dicodusport.fr\/blog\/\",\"logo\":{\"@type\":\"ImageObject\",\"inLanguage\":\"fr-FR\",\"@id\":\"https:\/\/dicodusport.fr\/blog\/#\/schema\/logo\/image\/\",\"url\":\"https:\/\/dicodusport.fr\/blog\/wp-content\/uploads\/2020\/06\/cropped-LOGO-DICODUSPORT-2020-SANS-FOND-SANS-TEXTE.png\",\"contentUrl\":\"https:\/\/dicodusport.fr\/blog\/wp-content\/uploads\/2020\/06\/cropped-LOGO-DICODUSPORT-2020-SANS-FOND-SANS-TEXTE.png\",\"width\":512,\"height\":512,\"caption\":\"Dicodusport\"},\"image\":{\"@id\":\"https:\/\/dicodusport.fr\/blog\/#\/schema\/logo\/image\/\"},\"sameAs\":[\"https:\/\/www.facebook.com\/dicodusport\",\"https:\/\/x.com\/dicodusport\",\"https:\/\/www.instagram.com\/dicodusport\/\",\"https:\/\/www.youtube.com\/channel\/UC7V2KZ5sd3htJivAbA4ZG3w\"],\"description\":\"Dicodusport est l'encyclop\u00e9die de l'actualit\u00e9 sportive.\",\"email\":\"bonjour@dicodusport.fr\",\"legalName\":\"DICODUSPORT\",\"foundingDate\":\"2018-01-14\",\"vatID\":\"FR71834470973\",\"taxID\":\"83447097300043\",\"numberOfEmployees\":{\"@type\":\"QuantitativeValue\",\"minValue\":\"1\",\"maxValue\":\"10\"}},{\"@type\":\"Person\",\"@id\":\"https:\/\/dicodusport.fr\/blog\/#\/schema\/person\/627966a6cde45dbd8c5e36ac85d783da\",\"name\":\"S\u00e9bastien Gente\",\"image\":{\"@type\":\"ImageObject\",\"inLanguage\":\"fr-FR\",\"@id\":\"https:\/\/dicodusport.fr\/blog\/#\/schema\/person\/image\/\",\"url\":\"https:\/\/dicodusport.fr\/blog\/wp-content\/uploads\/2021\/09\/1510990_10205810251400683_4124423575079401707_n-150x150.jpg\",\"contentUrl\":\"https:\/\/dicodusport.fr\/blog\/wp-content\/uploads\/2021\/09\/1510990_10205810251400683_4124423575079401707_n-150x150.jpg\",\"caption\":\"S\u00e9bastien Gente\"},\"description\":\"John Stockton, Gianni Bugno, Zinedine Zidane, Steffi Graf, Frode Andresen, St\u00e9phane Stoecklin, Davis Kamoga, Primoz Peterka, Werner Schlager et Aur\u00e9lien Rougerie. Point commun entre ces sportifs? Ils m'ont fait r\u00eaver et ont berc\u00e9 mon adolescence. Je suis un fondu de sports et j'essaie de retranscrire ma passion \u00e0 travers mes articles. Originaire du P\u00e9rigord, ma passion pour les Girondins, les Jaunards et les Jazzmen transpire dans mes \u00e9crits. \u00c0 Dicodusport depuis 2021, je d\u00e9niche les sports m\u00e9connus dans lesquels la France brille, et il y en a !\",\"sameAs\":[\"https:\/\/www.facebook.com\/sebastien.gente\/\",\"https:\/\/www.instagram.com\/sebgente\/\",\"https:\/\/www.linkedin.com\/in\/sbastien-gente-a29583169\/\",\"https:\/\/x.com\/https:\/\/twitter.com\/globulo24\",\"SebastienGente\"],\"worksFor\":\"S\u00e9bastien GENTE\",\"url\":\"https:\/\/dicodusport.fr\/blog\/author\/sebastiengente\/\"}]}<\/script>\n<!-- \/ Yoast SEO Premium plugin. -->","yoast_head_json":{"title":"Badminton Euro par \u00e9quipes mixtes : Les Bleus d\u00e9marrent par une victoire ais\u00e9e sur l'Allemagne","description":"CHAMPIONNATS D'EUROPE PAR \u00c9QUIPES MIXTES DE BADMINTON 2025 - Pour la premi\u00e8re journ\u00e9e, l'\u00e9quipe de France a logiquement domin\u00e9 l'Allemagne.\u00a0","robots":{"index":"index","follow":"follow","max-snippet":"max-snippet:-1","max-image-preview":"max-image-preview:large","max-video-preview":"max-video-preview:-1"},"canonical":"https:\/\/dicodusport.fr\/blog\/badminton-euro-par-equipes-mixtes-les-bleus-demarrent-par-une-victoire-aisee-sur-lallemagne\/","og_locale":"fr_FR","og_type":"article","og_title":"Badminton Euro par \u00e9quipes mixtes : Les Bleus d\u00e9marrent par une victoire ais\u00e9e sur l'Allemagne","og_description":"CHAMPIONNATS D'EUROPE PAR \u00c9QUIPES MIXTES DE BADMINTON 2025 - Pour la premi\u00e8re journ\u00e9e, l'\u00e9quipe de France a logiquement domin\u00e9 l'Allemagne.\u00a0","og_url":"https:\/\/dicodusport.fr\/blog\/badminton-euro-par-equipes-mixtes-les-bleus-demarrent-par-une-victoire-aisee-sur-lallemagne\/","og_site_name":"Dicodusport","article_publisher":"https:\/\/www.facebook.com\/dicodusport","article_author":"https:\/\/www.facebook.com\/sebastien.gente\/","article_published_time":"2025-02-12T13:33:40+00:00","og_image":[{"width":1200,"height":674,"url":"https:\/\/dicodusport.fr\/blog\/wp-content\/uploads\/2025\/02\/Badminton-Euro-par-equipes-mixtes-Les-Bleus-demarrent-par-une-victoire-aisee-sur-lAllemagne.png","type":"image\/png"}],"author":"S\u00e9bastien Gente","twitter_card":"summary_large_image","twitter_title":"Badminton Euro par \u00e9quipes mixtes : Les Bleus d\u00e9marrent par une victoire ais\u00e9e sur l'Allemagne","twitter_creator":"@https:\/\/twitter.com\/globulo24","twitter_site":"@dicodusport","schema":{"@context":"https:\/\/schema.org","@graph":[{"@type":"NewsArticle","@id":"https:\/\/dicodusport.fr\/blog\/badminton-euro-par-equipes-mixtes-les-bleus-demarrent-par-une-victoire-aisee-sur-lallemagne\/#article","isPartOf":{"@id":"https:\/\/dicodusport.fr\/blog\/badminton-euro-par-equipes-mixtes-les-bleus-demarrent-par-une-victoire-aisee-sur-lallemagne\/"},"author":{"name":"S\u00e9bastien Gente","@id":"https:\/\/dicodusport.fr\/blog\/#\/schema\/person\/627966a6cde45dbd8c5e36ac85d783da"},"headline":"Badminton Euro par \u00e9quipes mixtes : Les Bleus d\u00e9marrent par une victoire ais\u00e9e sur l&rsquo;Allemagne","datePublished":"2025-02-12T13:33:40+00:00","mainEntityOfPage":{"@id":"https:\/\/dicodusport.fr\/blog\/badminton-euro-par-equipes-mixtes-les-bleus-demarrent-par-une-victoire-aisee-sur-lallemagne\/"},"wordCount":406,"commentCount":0,"publisher":{"@id":"https:\/\/dicodusport.fr\/blog\/#organization"},"image":{"@id":"https:\/\/dicodusport.fr\/blog\/badminton-euro-par-equipes-mixtes-les-bleus-demarrent-par-une-victoire-aisee-sur-lallemagne\/#primaryimage"},"thumbnailUrl":"https:\/\/dicodusport.fr\/blog\/wp-content\/uploads\/2025\/02\/Badminton-Euro-par-equipes-mixtes-Les-Bleus-demarrent-par-une-victoire-aisee-sur-lAllemagne.png","keywords":["badminton fran\u00e7ais","br\u00e8ve"],"articleSection":["Badminton"],"inLanguage":"fr-FR","potentialAction":[{"@type":"CommentAction","name":"Comment","target":["https:\/\/dicodusport.fr\/blog\/badminton-euro-par-equipes-mixtes-les-bleus-demarrent-par-une-victoire-aisee-sur-lallemagne\/#respond"]}],"copyrightYear":"2025","copyrightHolder":{"@id":"https:\/\/dicodusport.fr\/blog\/#organization"}},{"@type":"WebPage","@id":"https:\/\/dicodusport.fr\/blog\/badminton-euro-par-equipes-mixtes-les-bleus-demarrent-par-une-victoire-aisee-sur-lallemagne\/","url":"https:\/\/dicodusport.fr\/blog\/badminton-euro-par-equipes-mixtes-les-bleus-demarrent-par-une-victoire-aisee-sur-lallemagne\/","name":"Badminton Euro par \u00e9quipes mixtes : Les Bleus d\u00e9marrent par une victoire ais\u00e9e sur l'Allemagne","isPartOf":{"@id":"https:\/\/dicodusport.fr\/blog\/#website"},"primaryImageOfPage":{"@id":"https:\/\/dicodusport.fr\/blog\/badminton-euro-par-equipes-mixtes-les-bleus-demarrent-par-une-victoire-aisee-sur-lallemagne\/#primaryimage"},"image":{"@id":"https:\/\/dicodusport.fr\/blog\/badminton-euro-par-equipes-mixtes-les-bleus-demarrent-par-une-victoire-aisee-sur-lallemagne\/#primaryimage"},"thumbnailUrl":"https:\/\/dicodusport.fr\/blog\/wp-content\/uploads\/2025\/02\/Badminton-Euro-par-equipes-mixtes-Les-Bleus-demarrent-par-une-victoire-aisee-sur-lAllemagne.png","datePublished":"2025-02-12T13:33:40+00:00","description":"CHAMPIONNATS D'EUROPE PAR \u00c9QUIPES MIXTES DE BADMINTON 2025 - Pour la premi\u00e8re journ\u00e9e, l'\u00e9quipe de France a logiquement domin\u00e9 l'Allemagne.\u00a0","breadcrumb":{"@id":"https:\/\/dicodusport.fr\/blog\/badminton-euro-par-equipes-mixtes-les-bleus-demarrent-par-une-victoire-aisee-sur-lallemagne\/#breadcrumb"},"inLanguage":"fr-FR","potentialAction":[{"@type":"ReadAction","target":["https:\/\/dicodusport.fr\/blog\/badminton-euro-par-equipes-mixtes-les-bleus-demarrent-par-une-victoire-aisee-sur-lallemagne\/"]}]},{"@type":"ImageObject","inLanguage":"fr-FR","@id":"https:\/\/dicodusport.fr\/blog\/badminton-euro-par-equipes-mixtes-les-bleus-demarrent-par-une-victoire-aisee-sur-lallemagne\/#primaryimage","url":"https:\/\/dicodusport.fr\/blog\/wp-content\/uploads\/2025\/02\/Badminton-Euro-par-equipes-mixtes-Les-Bleus-demarrent-par-une-victoire-aisee-sur-lAllemagne.png","contentUrl":"https:\/\/dicodusport.fr\/blog\/wp-content\/uploads\/2025\/02\/Badminton-Euro-par-equipes-mixtes-Les-Bleus-demarrent-par-une-victoire-aisee-sur-lAllemagne.png","width":1200,"height":674,"caption":"Badminton Euro par \u00e9quipes mixtes Les Bleus d\u00e9marrent par une victoire ais\u00e9e sur l'Allemagne"},{"@type":"BreadcrumbList","@id":"https:\/\/dicodusport.fr\/blog\/badminton-euro-par-equipes-mixtes-les-bleus-demarrent-par-une-victoire-aisee-sur-lallemagne\/#breadcrumb","itemListElement":[{"@type":"ListItem","position":1,"name":"Accueil","item":"https:\/\/dicodusport.fr\/blog\/"},{"@type":"ListItem","position":2,"name":"Badminton Euro par \u00e9quipes mixtes : Les Bleus d\u00e9marrent par une victoire ais\u00e9e sur l&#8217;Allemagne"}]},{"@type":"WebSite","@id":"https:\/\/dicodusport.fr\/blog\/#website","url":"https:\/\/dicodusport.fr\/blog\/","name":"Dicodusport","description":"L&#039;encyclop\u00e9die de l&#039;actualit\u00e9 sportive","publisher":{"@id":"https:\/\/dicodusport.fr\/blog\/#organization"},"potentialAction":[{"@type":"SearchAction","target":{"@type":"EntryPoint","urlTemplate":"https:\/\/dicodusport.fr\/blog\/?s={search_term_string}"},"query-input":{"@type":"PropertyValueSpecification","valueRequired":true,"valueName":"search_term_string"}}],"inLanguage":"fr-FR"},{"@type":"NewsMediaOrganization","@id":"https:\/\/dicodusport.fr\/blog\/#organization","name":"Dicodusport","url":"https:\/\/dicodusport.fr\/blog\/","logo":{"@type":"ImageObject","inLanguage":"fr-FR","@id":"https:\/\/dicodusport.fr\/blog\/#\/schema\/logo\/image\/","url":"https:\/\/dicodusport.fr\/blog\/wp-content\/uploads\/2020\/06\/cropped-LOGO-DICODUSPORT-2020-SANS-FOND-SANS-TEXTE.png","contentUrl":"https:\/\/dicodusport.fr\/blog\/wp-content\/uploads\/2020\/06\/cropped-LOGO-DICODUSPORT-2020-SANS-FOND-SANS-TEXTE.png","width":512,"height":512,"caption":"Dicodusport"},"image":{"@id":"https:\/\/dicodusport.fr\/blog\/#\/schema\/logo\/image\/"},"sameAs":["https:\/\/www.facebook.com\/dicodusport","https:\/\/x.com\/dicodusport","https:\/\/www.instagram.com\/dicodusport\/","https:\/\/www.youtube.com\/channel\/UC7V2KZ5sd3htJivAbA4ZG3w"],"description":"Dicodusport est l'encyclop\u00e9die de l'actualit\u00e9 sportive.","email":"bonjour@dicodusport.fr","legalName":"DICODUSPORT","foundingDate":"2018-01-14","vatID":"FR71834470973","taxID":"83447097300043","numberOfEmployees":{"@type":"QuantitativeValue","minValue":"1","maxValue":"10"}},{"@type":"Person","@id":"https:\/\/dicodusport.fr\/blog\/#\/schema\/person\/627966a6cde45dbd8c5e36ac85d783da","name":"S\u00e9bastien Gente","image":{"@type":"ImageObject","inLanguage":"fr-FR","@id":"https:\/\/dicodusport.fr\/blog\/#\/schema\/person\/image\/","url":"https:\/\/dicodusport.fr\/blog\/wp-content\/uploads\/2021\/09\/1510990_10205810251400683_4124423575079401707_n-150x150.jpg","contentUrl":"https:\/\/dicodusport.fr\/blog\/wp-content\/uploads\/2021\/09\/1510990_10205810251400683_4124423575079401707_n-150x150.jpg","caption":"S\u00e9bastien Gente"},"description":"John Stockton, Gianni Bugno, Zinedine Zidane, Steffi Graf, Frode Andresen, St\u00e9phane Stoecklin, Davis Kamoga, Primoz Peterka, Werner Schlager et Aur\u00e9lien Rougerie. Point commun entre ces sportifs? Ils m'ont fait r\u00eaver et ont berc\u00e9 mon adolescence. Je suis un fondu de sports et j'essaie de retranscrire ma passion \u00e0 travers mes articles. Originaire du P\u00e9rigord, ma passion pour les Girondins, les Jaunards et les Jazzmen transpire dans mes \u00e9crits. \u00c0 Dicodusport depuis 2021, je d\u00e9niche les sports m\u00e9connus dans lesquels la France brille, et il y en a !","sameAs":["https:\/\/www.facebook.com\/sebastien.gente\/","https:\/\/www.instagram.com\/sebgente\/","https:\/\/www.linkedin.com\/in\/sbastien-gente-a29583169\/","https:\/\/x.com\/https:\/\/twitter.com\/globulo24","SebastienGente"],"worksFor":"S\u00e9bastien GENTE","url":"https:\/\/dicodusport.fr\/blog\/author\/sebastiengente\/"}]}},"_links":{"self":[{"href":"https:\/\/dicodusport.fr\/blog\/wp-json\/wp\/v2\/posts\/555013","targetHints":{"allow":["GET"]}}],"collection":[{"href":"https:\/\/dicodusport.fr\/blog\/wp-json\/wp\/v2\/posts"}],"about":[{"href":"https:\/\/dicodusport.fr\/blog\/wp-json\/wp\/v2\/types\/post"}],"author":[{"embeddable":true,"href":"https:\/\/dicodusport.fr\/blog\/wp-json\/wp\/v2\/users\/59"}],"replies":[{"embeddable":true,"href":"https:\/\/dicodusport.fr\/blog\/wp-json\/wp\/v2\/comments?post=555013"}],"version-history":[{"count":1,"href":"https:\/\/dicodusport.fr\/blog\/wp-json\/wp\/v2\/posts\/555013\/revisions"}],"predecessor-version":[{"id":555055,"href":"https:\/\/dicodusport.fr\/blog\/wp-json\/wp\/v2\/posts\/555013\/revisions\/555055"}],"wp:featuredmedia":[{"embeddable":true,"href":"https:\/\/dicodusport.fr\/blog\/wp-json\/wp\/v2\/media\/555034"}],"wp:attachment":[{"href":"https:\/\/dicodusport.fr\/blog\/wp-json\/wp\/v2\/media?parent=555013"}],"wp:term":[{"taxonomy":"category","embeddable":true,"href":"https:\/\/dicodusport.fr\/blog\/wp-json\/wp\/v2\/categories?post=555013"},{"taxonomy":"post_tag","embeddable":true,"href":"https:\/\/dicodusport.fr\/blog\/wp-json\/wp\/v2\/tags?post=555013"}],"curies":[{"name":"wp","href":"https:\/\/api.w.org\/{rel}","templated":true}]}}