{"id":55527,"date":"2019-12-23T09:52:36","date_gmt":"2019-12-23T08:52:36","guid":{"rendered":"http:\/\/dicodusport.fr\/blog\/?p=55527&#038;preview=true&#038;preview_id=55527"},"modified":"2019-12-23T09:52:36","modified_gmt":"2019-12-23T08:52:36","slug":"championne-francaise-2019-tess-ledeux-9eme-grand-saut-histoire","status":"publish","type":"post","link":"https:\/\/dicodusport.fr\/blog\/championne-francaise-2019-tess-ledeux-9eme-grand-saut-histoire\/","title":{"rendered":"Championne fran\u00e7aise 2019 : Tess Ledeux (9\u00e8me), le grand saut dans l&rsquo;histoire"},"content":{"rendered":"<p style=\"text-align: justify;\"><em><strong>Multisports &#8211; Vous avez plac\u00e9 Tess Ledeux (Big Air) au 9\u00e8me rang du classement de la Championne des Championnes fran\u00e7aises 2019.<br \/>\n<\/strong><\/em><\/p>\n<p style=\"text-align: justify;\">Dans l&rsquo;histoire, d\u00e9finitivement. Alors \u00e2g\u00e9e de 17 ans, la skieuse acrobatique <a href=\"https:\/\/www.redbull.com\/fr-fr\/athlete\/tess-ledeux\" target=\"_blank\" rel=\"noopener\"><strong>Tess Ledeux<\/strong><\/a> est devenue en f\u00e9vrier dernier, la premi\u00e8re championne du monde de l&rsquo;histoire en <strong>Big Air<\/strong>, sur le spot de <strong>Park City (USA)<\/strong>. Cinq runs ma\u00eetris\u00e9s, pour une victoire nette et sans bavure (184.75 points), avec 11 points d&rsquo;avance sur sa dauphine, l&rsquo;Am\u00e9ricaine <strong>Julia Krass<\/strong>.<\/p>\n<p style=\"text-align: justify;\">D\u00e9j\u00e0 en or dans la discipline du <strong>slopestyle<\/strong> deux ans plus t\u00f4t en <strong>Sierra Nevada (Espagne)<\/strong>, la skieuse de La Plagne a une nouvelle fois montr\u00e9 toute l&rsquo;\u00e9tendue de son talent. D\u00e9sormais, la native de Bourg-Saint-Maurice a les yeux riv\u00e9s sur 2022, et les <strong>Jeux Olympiques d&rsquo;hiver de P\u00e9kin<\/strong>, lors desquels le <strong>Big Air<\/strong> fera \u00e9galement son apparition.<\/p>\n<p><span class=\"3HQZusE2XBLQTjJgeO6Ol4W0EZcU58jUyGPqdId7KTBmtx5yprNKmRkLDM1b9YkX13Vs\"><iframe loading=\"lazy\" title=\"Ledeux \u00abC&#039;est juste incroyable\u00bb - Ski Freestyle - ChM (F) - Big Air\" width=\"740\" height=\"416\" src=\"https:\/\/www.youtube.com\/embed\/2sF-tJnnKjA?feature=oembed\" frameborder=\"0\" allow=\"accelerometer; autoplay; clipboard-write; encrypted-media; gyroscope; picture-in-picture; web-share\" allowfullscreen><\/iframe><\/span><\/p>\n<p><strong><em>Dicodusport<br \/>\n<a href=\"https:\/\/www.facebook.com\/dicodusport\/\" target=\"_blank\" rel=\"noopener\"><img loading=\"lazy\" decoding=\"async\" class=\"alignnone wp-image-2909\" src=\"http:\/\/dicodusport.fr\/blog\/wp-content\/uploads\/2017\/07\/logo-facebook-150x150.png\" alt=\"\" width=\"40\" height=\"40\" \/><\/a><a href=\"https:\/\/twitter.com\/dicodusport\" target=\"_blank\" rel=\"noopener\"><img loading=\"lazy\" decoding=\"async\" class=\"alignnone wp-image-2908\" src=\"http:\/\/dicodusport.fr\/blog\/wp-content\/uploads\/2017\/07\/logo-twitter-150x150.png\" alt=\"\" width=\"39\" height=\"39\" \/><\/a><\/em><\/strong><\/p>\n","protected":false},"excerpt":{"rendered":"<p>Multisports &#8211; Vous avez plac\u00e9 Tess Ledeux (Big Air) au 9\u00e8me rang du classement de la Championne des Championnes fran\u00e7aises 2019.<\/p>\n","protected":false},"author":4,"featured_media":55528,"comment_status":"open","ping_status":"closed","sticky":false,"template":"","format":"standard","meta":{"_acf_changed":false,"_daextam_enable_autolinks":"","footnotes":""},"categories":[2366],"tags":[7184,7183],"class_list":["post-55527","post","type-post","status-publish","format-standard","has-post-thumbnail","hentry","category-multisports","tag-big-air","tag-tess-ledeux"],"acf":[],"yoast_head":"<!-- This site is optimized with the Yoast SEO Premium plugin v26.7 (Yoast SEO v26.7) - https:\/\/yoast.com\/wordpress\/plugins\/seo\/ -->\n<title>Championne fran\u00e7aise 2019 : Tess Ledeux (9\u00e8me), le grand saut dans l&#039;histoire<\/title>\n<meta name=\"description\" content=\"Multisports - Vous avez plac\u00e9 Tess Ledeux (Big Air) au 9\u00e8me rang du classement de la Championne des Championnes fran\u00e7aises 2019.\" \/>\n<meta name=\"robots\" content=\"index, follow, max-snippet:-1, max-image-preview:large, max-video-preview:-1\" \/>\n<link rel=\"canonical\" href=\"https:\/\/dicodusport.fr\/blog\/championne-francaise-2019-tess-ledeux-9eme-grand-saut-histoire\/\" \/>\n<meta property=\"og:locale\" content=\"fr_FR\" \/>\n<meta property=\"og:type\" content=\"article\" \/>\n<meta property=\"og:title\" content=\"Championne fran\u00e7aise 2019 : Tess Ledeux (9\u00e8me), le grand saut dans l&#039;histoire\" \/>\n<meta property=\"og:description\" content=\"Multisports - Vous avez plac\u00e9 Tess Ledeux (Big Air) au 9\u00e8me rang du classement de la Championne des Championnes fran\u00e7aises 2019.\" \/>\n<meta property=\"og:url\" content=\"https:\/\/dicodusport.fr\/blog\/championne-francaise-2019-tess-ledeux-9eme-grand-saut-histoire\/\" \/>\n<meta property=\"og:site_name\" content=\"Dicodusport\" \/>\n<meta property=\"article:publisher\" content=\"https:\/\/www.facebook.com\/dicodusport\" \/>\n<meta property=\"article:author\" content=\"https:\/\/www.facebook.com\/florent.ostermann\" \/>\n<meta property=\"article:published_time\" content=\"2019-12-23T08:52:36+00:00\" \/>\n<meta property=\"og:image\" content=\"https:\/\/dicodusport.fr\/blog\/wp-content\/uploads\/2019\/12\/Championne-fran\u00e7aise-2019-Tess-Ledeux-9\u00e8me-le-grand-saut-dans-lhistoire.png\" \/>\n\t<meta property=\"og:image:width\" content=\"800\" \/>\n\t<meta property=\"og:image:height\" content=\"445\" \/>\n\t<meta property=\"og:image:type\" content=\"image\/png\" \/>\n<meta name=\"author\" content=\"Flo Ostermann\" \/>\n<meta name=\"twitter:card\" content=\"summary_large_image\" \/>\n<meta name=\"twitter:title\" content=\"Championne fran\u00e7aise 2019 : Tess Ledeux (9\u00e8me), le grand saut dans l&#039;histoire\" \/>\n<meta name=\"twitter:creator\" content=\"@https:\/\/twitter.com\/FlOstermann\" \/>\n<meta name=\"twitter:site\" content=\"@dicodusport\" \/>\n<script type=\"application\/ld+json\" class=\"yoast-schema-graph\">{\"@context\":\"https:\/\/schema.org\",\"@graph\":[{\"@type\":\"NewsArticle\",\"@id\":\"https:\/\/dicodusport.fr\/blog\/championne-francaise-2019-tess-ledeux-9eme-grand-saut-histoire\/#article\",\"isPartOf\":{\"@id\":\"https:\/\/dicodusport.fr\/blog\/championne-francaise-2019-tess-ledeux-9eme-grand-saut-histoire\/\"},\"author\":{\"name\":\"Flo Ostermann\",\"@id\":\"https:\/\/dicodusport.fr\/blog\/#\/schema\/person\/cb02af4c173ce4a653b55e9baf388d4a\"},\"headline\":\"Championne fran\u00e7aise 2019 : Tess Ledeux (9\u00e8me), le grand saut dans l&rsquo;histoire\",\"datePublished\":\"2019-12-23T08:52:36+00:00\",\"mainEntityOfPage\":{\"@id\":\"https:\/\/dicodusport.fr\/blog\/championne-francaise-2019-tess-ledeux-9eme-grand-saut-histoire\/\"},\"wordCount\":170,\"commentCount\":0,\"publisher\":{\"@id\":\"https:\/\/dicodusport.fr\/blog\/#organization\"},\"image\":{\"@id\":\"https:\/\/dicodusport.fr\/blog\/championne-francaise-2019-tess-ledeux-9eme-grand-saut-histoire\/#primaryimage\"},\"thumbnailUrl\":\"https:\/\/dicodusport.fr\/blog\/wp-content\/uploads\/2019\/12\/Championne-fran\u00e7aise-2019-Tess-Ledeux-9\u00e8me-le-grand-saut-dans-lhistoire.png\",\"keywords\":[\"Big Air\",\"Tess Ledeux\"],\"articleSection\":[\"Multisports\"],\"inLanguage\":\"fr-FR\",\"potentialAction\":[{\"@type\":\"CommentAction\",\"name\":\"Comment\",\"target\":[\"https:\/\/dicodusport.fr\/blog\/championne-francaise-2019-tess-ledeux-9eme-grand-saut-histoire\/#respond\"]}],\"copyrightYear\":\"2019\",\"copyrightHolder\":{\"@id\":\"https:\/\/dicodusport.fr\/blog\/#organization\"}},{\"@type\":\"WebPage\",\"@id\":\"https:\/\/dicodusport.fr\/blog\/championne-francaise-2019-tess-ledeux-9eme-grand-saut-histoire\/\",\"url\":\"https:\/\/dicodusport.fr\/blog\/championne-francaise-2019-tess-ledeux-9eme-grand-saut-histoire\/\",\"name\":\"Championne fran\u00e7aise 2019 : Tess Ledeux (9\u00e8me), le grand saut dans l'histoire\",\"isPartOf\":{\"@id\":\"https:\/\/dicodusport.fr\/blog\/#website\"},\"primaryImageOfPage\":{\"@id\":\"https:\/\/dicodusport.fr\/blog\/championne-francaise-2019-tess-ledeux-9eme-grand-saut-histoire\/#primaryimage\"},\"image\":{\"@id\":\"https:\/\/dicodusport.fr\/blog\/championne-francaise-2019-tess-ledeux-9eme-grand-saut-histoire\/#primaryimage\"},\"thumbnailUrl\":\"https:\/\/dicodusport.fr\/blog\/wp-content\/uploads\/2019\/12\/Championne-fran\u00e7aise-2019-Tess-Ledeux-9\u00e8me-le-grand-saut-dans-lhistoire.png\",\"datePublished\":\"2019-12-23T08:52:36+00:00\",\"description\":\"Multisports - Vous avez plac\u00e9 Tess Ledeux (Big Air) au 9\u00e8me rang du classement de la Championne des Championnes fran\u00e7aises 2019.\",\"breadcrumb\":{\"@id\":\"https:\/\/dicodusport.fr\/blog\/championne-francaise-2019-tess-ledeux-9eme-grand-saut-histoire\/#breadcrumb\"},\"inLanguage\":\"fr-FR\",\"potentialAction\":[{\"@type\":\"ReadAction\",\"target\":[\"https:\/\/dicodusport.fr\/blog\/championne-francaise-2019-tess-ledeux-9eme-grand-saut-histoire\/\"]}]},{\"@type\":\"ImageObject\",\"inLanguage\":\"fr-FR\",\"@id\":\"https:\/\/dicodusport.fr\/blog\/championne-francaise-2019-tess-ledeux-9eme-grand-saut-histoire\/#primaryimage\",\"url\":\"https:\/\/dicodusport.fr\/blog\/wp-content\/uploads\/2019\/12\/Championne-fran\u00e7aise-2019-Tess-Ledeux-9\u00e8me-le-grand-saut-dans-lhistoire.png\",\"contentUrl\":\"https:\/\/dicodusport.fr\/blog\/wp-content\/uploads\/2019\/12\/Championne-fran\u00e7aise-2019-Tess-Ledeux-9\u00e8me-le-grand-saut-dans-lhistoire.png\",\"width\":800,\"height\":445,\"caption\":\"Championne fran\u00e7aise 2019 - Tess Ledeux (9\u00e8me), le grand saut dans l'histoire\"},{\"@type\":\"BreadcrumbList\",\"@id\":\"https:\/\/dicodusport.fr\/blog\/championne-francaise-2019-tess-ledeux-9eme-grand-saut-histoire\/#breadcrumb\",\"itemListElement\":[{\"@type\":\"ListItem\",\"position\":1,\"name\":\"Accueil\",\"item\":\"https:\/\/dicodusport.fr\/blog\/\"},{\"@type\":\"ListItem\",\"position\":2,\"name\":\"Championne fran\u00e7aise 2019 : Tess Ledeux (9\u00e8me), le grand saut dans l&rsquo;histoire\"}]},{\"@type\":\"WebSite\",\"@id\":\"https:\/\/dicodusport.fr\/blog\/#website\",\"url\":\"https:\/\/dicodusport.fr\/blog\/\",\"name\":\"Dicodusport\",\"description\":\"L&#039;encyclop\u00e9die de l&#039;actualit\u00e9 sportive\",\"publisher\":{\"@id\":\"https:\/\/dicodusport.fr\/blog\/#organization\"},\"potentialAction\":[{\"@type\":\"SearchAction\",\"target\":{\"@type\":\"EntryPoint\",\"urlTemplate\":\"https:\/\/dicodusport.fr\/blog\/?s={search_term_string}\"},\"query-input\":{\"@type\":\"PropertyValueSpecification\",\"valueRequired\":true,\"valueName\":\"search_term_string\"}}],\"inLanguage\":\"fr-FR\"},{\"@type\":\"NewsMediaOrganization\",\"@id\":\"https:\/\/dicodusport.fr\/blog\/#organization\",\"name\":\"Dicodusport\",\"url\":\"https:\/\/dicodusport.fr\/blog\/\",\"logo\":{\"@type\":\"ImageObject\",\"inLanguage\":\"fr-FR\",\"@id\":\"https:\/\/dicodusport.fr\/blog\/#\/schema\/logo\/image\/\",\"url\":\"https:\/\/dicodusport.fr\/blog\/wp-content\/uploads\/2020\/06\/cropped-LOGO-DICODUSPORT-2020-SANS-FOND-SANS-TEXTE.png\",\"contentUrl\":\"https:\/\/dicodusport.fr\/blog\/wp-content\/uploads\/2020\/06\/cropped-LOGO-DICODUSPORT-2020-SANS-FOND-SANS-TEXTE.png\",\"width\":512,\"height\":512,\"caption\":\"Dicodusport\"},\"image\":{\"@id\":\"https:\/\/dicodusport.fr\/blog\/#\/schema\/logo\/image\/\"},\"sameAs\":[\"https:\/\/www.facebook.com\/dicodusport\",\"https:\/\/x.com\/dicodusport\",\"https:\/\/www.instagram.com\/dicodusport\/\",\"https:\/\/www.youtube.com\/channel\/UC7V2KZ5sd3htJivAbA4ZG3w\"],\"description\":\"Dicodusport est l'encyclop\u00e9die de l'actualit\u00e9 sportive.\",\"email\":\"bonjour@dicodusport.fr\",\"legalName\":\"DICODUSPORT\",\"foundingDate\":\"2018-01-14\",\"vatID\":\"FR71834470973\",\"taxID\":\"83447097300043\",\"numberOfEmployees\":{\"@type\":\"QuantitativeValue\",\"minValue\":\"1\",\"maxValue\":\"10\"}},{\"@type\":\"Person\",\"@id\":\"https:\/\/dicodusport.fr\/blog\/#\/schema\/person\/cb02af4c173ce4a653b55e9baf388d4a\",\"name\":\"Flo Ostermann\",\"image\":{\"@type\":\"ImageObject\",\"inLanguage\":\"fr-FR\",\"@id\":\"https:\/\/dicodusport.fr\/blog\/#\/schema\/person\/image\/\",\"url\":\"https:\/\/dicodusport.fr\/blog\/wp-content\/uploads\/2021\/05\/Flo-Ostermann-150x150.jpg\",\"contentUrl\":\"https:\/\/dicodusport.fr\/blog\/wp-content\/uploads\/2021\/05\/Flo-Ostermann-150x150.jpg\",\"caption\":\"Flo Ostermann\"},\"description\":\"Journaliste\/R\u00e9dacteur depuis septembre 2015 - Mes premiers souvenirs dans le sport ? Les envol\u00e9es du Stade Toulousain et les duels Villeneuve-Schumacher et H\u00e4kkinen-Schumacher \u00e0 la fin des ann\u00e9es 90, la Coupe du monde de football en 1998, l\u2019exploit du XV de France face aux All Blacks en 1999, mais aussi Richard C\u0153ur de Lion qui vole sur les montagnes du Tour de France. Bien parti pour devenir professeur d\u2019EPS, les \u00e9v\u00e9nements de la vie (et la flemme d\u2019animer des s\u00e9ances de 3x500 m\u00e8tres toute ma vie) m\u2019ont conduit \u00e0 revoir mes plans. Me voil\u00e0 depuis fin 2017 sur Dicodusport, m\u00e9dia gr\u00e2ce (et pour) lequel je partage ma passion : le sport dans tous ses \u00e9tats. Le tout accompagn\u00e9 par les fous furieux et folles furieuses cit\u00e9s sur cette page !\",\"sameAs\":[\"https:\/\/www.facebook.com\/florent.ostermann\",\"https:\/\/x.com\/https:\/\/twitter.com\/FlOstermann\",\"admin\"],\"url\":\"https:\/\/dicodusport.fr\/blog\/author\/flo\/\"}]}<\/script>\n<!-- \/ Yoast SEO Premium plugin. -->","yoast_head_json":{"title":"Championne fran\u00e7aise 2019 : Tess Ledeux (9\u00e8me), le grand saut dans l'histoire","description":"Multisports - Vous avez plac\u00e9 Tess Ledeux (Big Air) au 9\u00e8me rang du classement de la Championne des Championnes fran\u00e7aises 2019.","robots":{"index":"index","follow":"follow","max-snippet":"max-snippet:-1","max-image-preview":"max-image-preview:large","max-video-preview":"max-video-preview:-1"},"canonical":"https:\/\/dicodusport.fr\/blog\/championne-francaise-2019-tess-ledeux-9eme-grand-saut-histoire\/","og_locale":"fr_FR","og_type":"article","og_title":"Championne fran\u00e7aise 2019 : Tess Ledeux (9\u00e8me), le grand saut dans l'histoire","og_description":"Multisports - Vous avez plac\u00e9 Tess Ledeux (Big Air) au 9\u00e8me rang du classement de la Championne des Championnes fran\u00e7aises 2019.","og_url":"https:\/\/dicodusport.fr\/blog\/championne-francaise-2019-tess-ledeux-9eme-grand-saut-histoire\/","og_site_name":"Dicodusport","article_publisher":"https:\/\/www.facebook.com\/dicodusport","article_author":"https:\/\/www.facebook.com\/florent.ostermann","article_published_time":"2019-12-23T08:52:36+00:00","og_image":[{"width":800,"height":445,"url":"https:\/\/dicodusport.fr\/blog\/wp-content\/uploads\/2019\/12\/Championne-fran\u00e7aise-2019-Tess-Ledeux-9\u00e8me-le-grand-saut-dans-lhistoire.png","type":"image\/png"}],"author":"Flo Ostermann","twitter_card":"summary_large_image","twitter_title":"Championne fran\u00e7aise 2019 : Tess Ledeux (9\u00e8me), le grand saut dans l'histoire","twitter_creator":"@https:\/\/twitter.com\/FlOstermann","twitter_site":"@dicodusport","schema":{"@context":"https:\/\/schema.org","@graph":[{"@type":"NewsArticle","@id":"https:\/\/dicodusport.fr\/blog\/championne-francaise-2019-tess-ledeux-9eme-grand-saut-histoire\/#article","isPartOf":{"@id":"https:\/\/dicodusport.fr\/blog\/championne-francaise-2019-tess-ledeux-9eme-grand-saut-histoire\/"},"author":{"name":"Flo Ostermann","@id":"https:\/\/dicodusport.fr\/blog\/#\/schema\/person\/cb02af4c173ce4a653b55e9baf388d4a"},"headline":"Championne fran\u00e7aise 2019 : Tess Ledeux (9\u00e8me), le grand saut dans l&rsquo;histoire","datePublished":"2019-12-23T08:52:36+00:00","mainEntityOfPage":{"@id":"https:\/\/dicodusport.fr\/blog\/championne-francaise-2019-tess-ledeux-9eme-grand-saut-histoire\/"},"wordCount":170,"commentCount":0,"publisher":{"@id":"https:\/\/dicodusport.fr\/blog\/#organization"},"image":{"@id":"https:\/\/dicodusport.fr\/blog\/championne-francaise-2019-tess-ledeux-9eme-grand-saut-histoire\/#primaryimage"},"thumbnailUrl":"https:\/\/dicodusport.fr\/blog\/wp-content\/uploads\/2019\/12\/Championne-fran\u00e7aise-2019-Tess-Ledeux-9\u00e8me-le-grand-saut-dans-lhistoire.png","keywords":["Big Air","Tess Ledeux"],"articleSection":["Multisports"],"inLanguage":"fr-FR","potentialAction":[{"@type":"CommentAction","name":"Comment","target":["https:\/\/dicodusport.fr\/blog\/championne-francaise-2019-tess-ledeux-9eme-grand-saut-histoire\/#respond"]}],"copyrightYear":"2019","copyrightHolder":{"@id":"https:\/\/dicodusport.fr\/blog\/#organization"}},{"@type":"WebPage","@id":"https:\/\/dicodusport.fr\/blog\/championne-francaise-2019-tess-ledeux-9eme-grand-saut-histoire\/","url":"https:\/\/dicodusport.fr\/blog\/championne-francaise-2019-tess-ledeux-9eme-grand-saut-histoire\/","name":"Championne fran\u00e7aise 2019 : Tess Ledeux (9\u00e8me), le grand saut dans l'histoire","isPartOf":{"@id":"https:\/\/dicodusport.fr\/blog\/#website"},"primaryImageOfPage":{"@id":"https:\/\/dicodusport.fr\/blog\/championne-francaise-2019-tess-ledeux-9eme-grand-saut-histoire\/#primaryimage"},"image":{"@id":"https:\/\/dicodusport.fr\/blog\/championne-francaise-2019-tess-ledeux-9eme-grand-saut-histoire\/#primaryimage"},"thumbnailUrl":"https:\/\/dicodusport.fr\/blog\/wp-content\/uploads\/2019\/12\/Championne-fran\u00e7aise-2019-Tess-Ledeux-9\u00e8me-le-grand-saut-dans-lhistoire.png","datePublished":"2019-12-23T08:52:36+00:00","description":"Multisports - Vous avez plac\u00e9 Tess Ledeux (Big Air) au 9\u00e8me rang du classement de la Championne des Championnes fran\u00e7aises 2019.","breadcrumb":{"@id":"https:\/\/dicodusport.fr\/blog\/championne-francaise-2019-tess-ledeux-9eme-grand-saut-histoire\/#breadcrumb"},"inLanguage":"fr-FR","potentialAction":[{"@type":"ReadAction","target":["https:\/\/dicodusport.fr\/blog\/championne-francaise-2019-tess-ledeux-9eme-grand-saut-histoire\/"]}]},{"@type":"ImageObject","inLanguage":"fr-FR","@id":"https:\/\/dicodusport.fr\/blog\/championne-francaise-2019-tess-ledeux-9eme-grand-saut-histoire\/#primaryimage","url":"https:\/\/dicodusport.fr\/blog\/wp-content\/uploads\/2019\/12\/Championne-fran\u00e7aise-2019-Tess-Ledeux-9\u00e8me-le-grand-saut-dans-lhistoire.png","contentUrl":"https:\/\/dicodusport.fr\/blog\/wp-content\/uploads\/2019\/12\/Championne-fran\u00e7aise-2019-Tess-Ledeux-9\u00e8me-le-grand-saut-dans-lhistoire.png","width":800,"height":445,"caption":"Championne fran\u00e7aise 2019 - Tess Ledeux (9\u00e8me), le grand saut dans l'histoire"},{"@type":"BreadcrumbList","@id":"https:\/\/dicodusport.fr\/blog\/championne-francaise-2019-tess-ledeux-9eme-grand-saut-histoire\/#breadcrumb","itemListElement":[{"@type":"ListItem","position":1,"name":"Accueil","item":"https:\/\/dicodusport.fr\/blog\/"},{"@type":"ListItem","position":2,"name":"Championne fran\u00e7aise 2019 : Tess Ledeux (9\u00e8me), le grand saut dans l&rsquo;histoire"}]},{"@type":"WebSite","@id":"https:\/\/dicodusport.fr\/blog\/#website","url":"https:\/\/dicodusport.fr\/blog\/","name":"Dicodusport","description":"L&#039;encyclop\u00e9die de l&#039;actualit\u00e9 sportive","publisher":{"@id":"https:\/\/dicodusport.fr\/blog\/#organization"},"potentialAction":[{"@type":"SearchAction","target":{"@type":"EntryPoint","urlTemplate":"https:\/\/dicodusport.fr\/blog\/?s={search_term_string}"},"query-input":{"@type":"PropertyValueSpecification","valueRequired":true,"valueName":"search_term_string"}}],"inLanguage":"fr-FR"},{"@type":"NewsMediaOrganization","@id":"https:\/\/dicodusport.fr\/blog\/#organization","name":"Dicodusport","url":"https:\/\/dicodusport.fr\/blog\/","logo":{"@type":"ImageObject","inLanguage":"fr-FR","@id":"https:\/\/dicodusport.fr\/blog\/#\/schema\/logo\/image\/","url":"https:\/\/dicodusport.fr\/blog\/wp-content\/uploads\/2020\/06\/cropped-LOGO-DICODUSPORT-2020-SANS-FOND-SANS-TEXTE.png","contentUrl":"https:\/\/dicodusport.fr\/blog\/wp-content\/uploads\/2020\/06\/cropped-LOGO-DICODUSPORT-2020-SANS-FOND-SANS-TEXTE.png","width":512,"height":512,"caption":"Dicodusport"},"image":{"@id":"https:\/\/dicodusport.fr\/blog\/#\/schema\/logo\/image\/"},"sameAs":["https:\/\/www.facebook.com\/dicodusport","https:\/\/x.com\/dicodusport","https:\/\/www.instagram.com\/dicodusport\/","https:\/\/www.youtube.com\/channel\/UC7V2KZ5sd3htJivAbA4ZG3w"],"description":"Dicodusport est l'encyclop\u00e9die de l'actualit\u00e9 sportive.","email":"bonjour@dicodusport.fr","legalName":"DICODUSPORT","foundingDate":"2018-01-14","vatID":"FR71834470973","taxID":"83447097300043","numberOfEmployees":{"@type":"QuantitativeValue","minValue":"1","maxValue":"10"}},{"@type":"Person","@id":"https:\/\/dicodusport.fr\/blog\/#\/schema\/person\/cb02af4c173ce4a653b55e9baf388d4a","name":"Flo Ostermann","image":{"@type":"ImageObject","inLanguage":"fr-FR","@id":"https:\/\/dicodusport.fr\/blog\/#\/schema\/person\/image\/","url":"https:\/\/dicodusport.fr\/blog\/wp-content\/uploads\/2021\/05\/Flo-Ostermann-150x150.jpg","contentUrl":"https:\/\/dicodusport.fr\/blog\/wp-content\/uploads\/2021\/05\/Flo-Ostermann-150x150.jpg","caption":"Flo Ostermann"},"description":"Journaliste\/R\u00e9dacteur depuis septembre 2015 - Mes premiers souvenirs dans le sport ? Les envol\u00e9es du Stade Toulousain et les duels Villeneuve-Schumacher et H\u00e4kkinen-Schumacher \u00e0 la fin des ann\u00e9es 90, la Coupe du monde de football en 1998, l\u2019exploit du XV de France face aux All Blacks en 1999, mais aussi Richard C\u0153ur de Lion qui vole sur les montagnes du Tour de France. Bien parti pour devenir professeur d\u2019EPS, les \u00e9v\u00e9nements de la vie (et la flemme d\u2019animer des s\u00e9ances de 3x500 m\u00e8tres toute ma vie) m\u2019ont conduit \u00e0 revoir mes plans. Me voil\u00e0 depuis fin 2017 sur Dicodusport, m\u00e9dia gr\u00e2ce (et pour) lequel je partage ma passion : le sport dans tous ses \u00e9tats. Le tout accompagn\u00e9 par les fous furieux et folles furieuses cit\u00e9s sur cette page !","sameAs":["https:\/\/www.facebook.com\/florent.ostermann","https:\/\/x.com\/https:\/\/twitter.com\/FlOstermann","admin"],"url":"https:\/\/dicodusport.fr\/blog\/author\/flo\/"}]}},"_links":{"self":[{"href":"https:\/\/dicodusport.fr\/blog\/wp-json\/wp\/v2\/posts\/55527","targetHints":{"allow":["GET"]}}],"collection":[{"href":"https:\/\/dicodusport.fr\/blog\/wp-json\/wp\/v2\/posts"}],"about":[{"href":"https:\/\/dicodusport.fr\/blog\/wp-json\/wp\/v2\/types\/post"}],"author":[{"embeddable":true,"href":"https:\/\/dicodusport.fr\/blog\/wp-json\/wp\/v2\/users\/4"}],"replies":[{"embeddable":true,"href":"https:\/\/dicodusport.fr\/blog\/wp-json\/wp\/v2\/comments?post=55527"}],"version-history":[{"count":0,"href":"https:\/\/dicodusport.fr\/blog\/wp-json\/wp\/v2\/posts\/55527\/revisions"}],"wp:featuredmedia":[{"embeddable":true,"href":"https:\/\/dicodusport.fr\/blog\/wp-json\/wp\/v2\/media\/55528"}],"wp:attachment":[{"href":"https:\/\/dicodusport.fr\/blog\/wp-json\/wp\/v2\/media?parent=55527"}],"wp:term":[{"taxonomy":"category","embeddable":true,"href":"https:\/\/dicodusport.fr\/blog\/wp-json\/wp\/v2\/categories?post=55527"},{"taxonomy":"post_tag","embeddable":true,"href":"https:\/\/dicodusport.fr\/blog\/wp-json\/wp\/v2\/tags?post=55527"}],"curies":[{"name":"wp","href":"https:\/\/api.w.org\/{rel}","templated":true}]}}