{"id":555351,"date":"2025-02-13T22:51:54","date_gmt":"2025-02-13T21:51:54","guid":{"rendered":"https:\/\/dicodusport.fr\/blog\/?p=555351&#038;preview=true&#038;preview_id=555351"},"modified":"2025-02-16T08:35:15","modified_gmt":"2025-02-16T07:35:15","slug":"meeting-de-lievin-2025-double-record-du-monde-pour-jakob-ingebrigtsen-le-resume-complet","status":"publish","type":"post","link":"https:\/\/dicodusport.fr\/blog\/meeting-de-lievin-2025-double-record-du-monde-pour-jakob-ingebrigtsen-le-resume-complet\/","title":{"rendered":"Meeting de Li\u00e9vin 2025 : Double record du monde pour Jakob Ingebrigtsen, le r\u00e9sum\u00e9 complet"},"content":{"rendered":"<h4 style=\"text-align: justify;\"><em>ATHL\u00c9TISME &#8211; Jakob Ingebrigtsen a explos\u00e9 le record du monde du 1 500 m et du mile dans la m\u00eame course, ce jeudi, lors du Meeting de Li\u00e9vin. Le Norv\u00e9gien est devenu le premier homme \u00e0 passer sous les 3:30 au 15 00 m en salle (3:29.63). Dans la foul\u00e9e, il a r\u00e9alis\u00e9 un stratosph\u00e9rique 3:45.14 sur le mile.<\/em><\/h4>\n<ul>\n<li style=\"text-align: justify;\"><strong>\u00c0 ce sujet &#8211; <a href=\"https:\/\/dicodusport.fr\/blog\/meeting-de-lievin-2025-programme-et-resultats\/\">Tous les r\u00e9sultats du Meeting de Li\u00e9vin 2025<\/a><\/strong><\/li>\n<\/ul>\n<h2 style=\"text-align: justify;\">La performance : Double record du monde pour Jakob Ingebrigtsen<\/h2>\n<p style=\"text-align: justify;\">Un record du monde, c&rsquo;est bien trop peu pour <strong>Jakob Ingebrigtsen<\/strong>. Sur le mile, le Norv\u00e9gien a choisi de ne pas choisir ! Et s&rsquo;offre deux records du monde en une course. D&rsquo;abord, il est devenu le premier homme \u00e0 passer sous les 3:30 en salle au 1 500 m, avec un chrono de 3:29.63. Mais ce n&rsquo;\u00e9tait \u00ab\u00a0qu&rsquo;un\u00a0\u00bb temps de passage. Vers quelque chose d&rsquo;encore plus fou ! Le record du monde au mile ! En explosant la marque de <strong>Yared Nuguse<\/strong>, \u00e9tablie la semaine derni\u00e8re \u00e0 New York. Si l&rsquo;Am\u00e9ricain \u00e9tait le premier sous les 3:47, le Norv\u00e9gien est devenu le premier homme sous les 3:46. Et la barre des 3:45 a trembl\u00e9. Avec un invraisemblable 3:45.14. Un chrono d&rsquo;une autre plan\u00e8te. Et il avait encore les ressources pour aller faire un tour d&rsquo;honneur avec le public du nord de la France, venu acclamer la grande star.<\/p>\n<blockquote class=\"twitter-tweet\">\n<p dir=\"ltr\" lang=\"fr\">\ud83d\udea8 \ud835\udde5\ud835\uddd8\ud835\uddd6\ud835\udde2\ud835\udde5\ud835\uddd7\ud835\udde6 \ud835\uddd7\ud835\udde8 \ud835\udde0\ud835\udde2\ud835\udde1\ud835\uddd7\ud835\uddd8 ! \ud83e\udd29<\/p>\n<p>3\ufe0f\u20e3&rsquo;4\ufe0f\u20e35\ufe0f\u20e3\u00a0\u00bb1\ufe0f\u20e34\ufe0f\u20e3 SUR LE MILE<\/p>\n<p>3\ufe0f\u20e3&rsquo;2\ufe0f\u20e39\ufe0f\u20e3\u00a0\u00bb6\ufe0f\u20e33\ufe0f\u20e3 SUR LE 1500 M<\/p>\n<p>\ud83c\uddf3\ud83c\uddf4 Jakob Ingebrigtsen fait chavirer le public de l&rsquo;Arena Stade Couvert de Li\u00e9vin dans un intense bonheur en s&#8217;emparant du record du monde du Mile en 3&rsquo;45&Prime;14 \ud83d\udcaa <a href=\"https:\/\/t.co\/uTDMf2yeaz\">pic.twitter.com\/uTDMf2yeaz<\/a><\/p>\n<p>\u2014 FFAthl\u00e9tisme (@FFAthletisme) <a href=\"https:\/\/twitter.com\/FFAthletisme\/status\/1890138871209349125?ref_src=twsrc%5Etfw\">February 13, 2025<\/a><\/p><\/blockquote>\n<p><script async src=\"https:\/\/platform.twitter.com\/widgets.js\" charset=\"utf-8\"><\/script><\/p>\n<h2 style=\"text-align: justify;\">Sept meilleures performances mondiales de l&rsquo;ann\u00e9e au meeting de Li\u00e9vin 2025<\/h2>\n<p style=\"text-align: justify;\">Li\u00e9vin a \u00e9t\u00e9 le th\u00e9\u00e2tre de quelques meilleures performances mondiales de l&rsquo;ann\u00e9e. Dont celle de la Cubaine<strong> Leyanis P\u00e9rez Hernandez<\/strong>, qui s&rsquo;offre un bond \u00e0 14.62 m d\u00e8s son premier essai. Dans un concours dans lequel elle aura \u00e9t\u00e9 tr\u00e8s r\u00e9guli\u00e8re.<strong> Leonardo Fabbri<\/strong> a \u00e9t\u00e9 le premier \u00e0 enflammer Li\u00e9vin. En s&rsquo;imposant sur le concours de poids, avec un jet \u00e0 21.95 m, meilleure performance mondiale de l&rsquo;ann\u00e9e. <strong>Zane Weir<\/strong> revenu un temps \u00e0 quelques centim\u00e8tres de son compatriote, est deuxi\u00e8me avec un jet \u00e0 21.72 m.<\/p>\n<p style=\"text-align: justify;\"><strong>Grant Holloway<\/strong> n&rsquo;avait pas la meilleure performance mondiale de l&rsquo;ann\u00e9e sur 60 m haies. L&rsquo;anomalie est r\u00e9par\u00e9e ce soir, avec son chrono de 7.36, pour s&rsquo;imposer ! Une 66\u00e8me victoire pour lui et un 26\u00e8me chrono sous les 7.40. Stratosph\u00e9rique. Enfin, sur le concours de la perche femmes, sa compatriote<strong> Katie Moon<\/strong> a r\u00e9alis\u00e9 un bond \u00e0 4.83 m, am\u00e9liorant d&rsquo;un petit centim\u00e8tre sa performance \u00e9tablie \u00e0 New-York, le week-end dernier. Alors que la Jama\u00efcaine <strong>Ackera Nugent<\/strong> s&rsquo;offre la victoire sur 60 m haies, avec un superbe chrono de 7.75<\/p>\n<p style=\"text-align: justify;\">On attendait <strong>Gudaf Tsegay<\/strong> sur le 3000 m, pourquoi pas pour faire trembler le record du monde de <strong>Genzebe Dibaba<\/strong>, mais c&rsquo;est <strong>Freweyni Hailu<\/strong> qui s&rsquo;offre le scalp de sa compatriote. En \u00e9tablissant un chrono de 8:19.98, synonyme de meilleure performance mondiale de l&rsquo;ann\u00e9e. 8:25.12 \u00ab\u00a0seulement\u00a0\u00bb pour la recordwoman du monde du 1 500 m en salle. Un 1 500 m, justement, course sur laquelle s&rsquo;est impos\u00e9e <strong>Diribe Welteji<\/strong> en 3:58.80, premi\u00e8re femme sous les quatre minutes cet hiver.<\/p>\n<h3 style=\"text-align: justify;\">Niels Laros cr\u00e9\u00e9 la surprise sur 3 000 m<\/h3>\n<p style=\"text-align: justify;\">Le Belge <strong>Eliott Crestan<\/strong>, presque \u00e0 domicile, confirme sa grande forme cet hiver. En dominant tout le monde sur le 800 m. Avec un beau chrono de 1:44.81. <strong>Tsige Duguma<\/strong> a domin\u00e9 le 800 m femmes, avec un chrono de 1:59.02, tandis que Lieke Klaver a domin\u00e9 le 400 m, en \u00e9tablissant sa meilleure performance de sa saison. Avec un tr\u00e8s joli chrono de 50.77 m. Sur le 200 m, <strong>Erik Erlandsson<\/strong> a r\u00e9alis\u00e9 la surprise, avec le meilleur temps au scratch.<\/p>\n<p style=\"text-align: justify;\">Il a r\u00e9alis\u00e9 un chrono de 20.45.<strong> Ersu Sasma<\/strong> a r\u00e9alis\u00e9 le \u00ab\u00a0braquage\u00a0\u00bb parfait dans le concours de la perche. Dos au mur, apr\u00e8s deux \u00e9checs \u00e0 5.85 m, il a choisi de garder une tentative \u00e0 5.90 m. Qu&rsquo;il passe pour \u00e9galer son record de Turquie et s&rsquo;imposer dans le concours. <b>Niels Laros<\/b>\u00a0a cr\u00e9\u00e9 la surprise sur 3000 m. Le jeune prodige n\u00e9erlandais a domin\u00e9 tout le monde en passant pour la premi\u00e8re fois sous les 7:30. Avec un record des Pays-Bas en 7:29.49.<\/p>\n<h2 style=\"text-align: justify;\">Trois records de France ont trembl\u00e9 au Meeting de Li\u00e9vin<\/h2>\n<p style=\"text-align: justify;\"><strong>Azeddine Habz<\/strong> est pass\u00e9 tout pr\u00e8s de battre un record de France pour la troisi\u00e8me fois de son hiver. Le Fran\u00e7ais s&rsquo;est arrach\u00e9 jusqu&rsquo;\u00e0 la fin de son 1500 m. Il ne lui aura manqu\u00e9 que cinq petits centi\u00e8mes pour battre son propre record \u00e9tabli lors de son record d&rsquo;Europe du mile, le week-end dernier \u00e0 New York. Mais avec un chrono de 3:32.29, il remporte un meeting gold \u00e0 domicile et confirme sa grande forme, malgr\u00e9 le d\u00e9calage horaire \u00e0 encaisser. Tr\u00e8s fort.<\/p>\n<blockquote class=\"twitter-tweet\">\n<p dir=\"ltr\" lang=\"fr\">\ud83c\udfc6 \ud835\udddf\ud835\udddc\ud835\uddd8\u0301\ud835\udde9\ud835\udddc\ud835\udde1, \ud835\uddd6&rsquo;\ud835\uddd8\ud835\udde6\ud835\udde7 \ud835\udde6\ud835\uddd4 \ud835\udde0\ud835\uddd4\ud835\udddc\ud835\udde6\ud835\udde2\ud835\udde1 ! \ud83c\udfe1<\/p>\n<p>\ud83c\udf89 Deuxi\u00e8me victoire cons\u00e9cutive pour Azeddine Habz sur le 1500 m du Meeting de Li\u00e9vin en 3&rsquo;32&Prime;29, \u00e0 cinq centi\u00e8mes de son record de France \u00e9tabli samedi dernier \u00e0 New York \ud83d\udd25 <a href=\"https:\/\/t.co\/VVKgHlYQkF\">pic.twitter.com\/VVKgHlYQkF<\/a><\/p>\n<p>\u2014 FFAthl\u00e9tisme (@FFAthletisme) <a href=\"https:\/\/twitter.com\/FFAthletisme\/status\/1890133989056262211?ref_src=twsrc%5Etfw\">February 13, 2025<\/a><\/p><\/blockquote>\n<p><script async src=\"https:\/\/platform.twitter.com\/widgets.js\" charset=\"utf-8\"><\/script><\/p>\n<p style=\"text-align: justify;\"><strong>La\u00ebticia Bapt\u00e9<\/strong> apprend \u00e9norm\u00e9ment. Apr\u00e8s avoir battu son record en s\u00e9rie, avec un chrono de\u00a0 7.82, elle prend une tr\u00e8s solide 3\u00e8me place de la finale, au milieu de grandes championnes. Malgr\u00e9 une fin de course moins bonne qu&rsquo;en s\u00e9ries, le chrono est encore l\u00e0 pour elle, puisqu&rsquo;elle r\u00e9alise un temps de 7.85. Chez les hommes, superbe performance de <strong>Wilhem Belocian<\/strong>, qui prend la 2\u00e8me place en am\u00e9liorant sa meilleure maque de la saison. Il se rapproche de son record, avec ce 7.46.<strong> Just Kwaou-Mathey<\/strong> a eu plus de mal, en 7.66.<\/p>\n<p style=\"text-align: justify;\">Record personnel \u00e9galement pour <strong>Yanis Meziane<\/strong>, qui s&rsquo;offre un nouveau chrono de r\u00e9f\u00e9rence sur 800 m en salle. Le Fran\u00e7ais a pris la 5e place de la course, avec une marque \u00e0 1:45.80.<strong> Agathe Guillemot<\/strong> a but\u00e9 sur le record de France du 1500 m. Elle r\u00e9alise un chrono de 4:05.75, dans une course qui a vu <strong>B\u00e9r\u00e9nice Cleyet-Merle<\/strong> exploser son record de quatre secondes, pour l&rsquo;\u00e9tablir en 4:06.58.<\/p>\n<h3 style=\"text-align: justify;\">Marie-Julie Bonnin a encore tent\u00e9 le record de France<\/h3>\n<p style=\"text-align: justify;\"><strong>Ilionis Guillaume<\/strong> a encore des r\u00e9glages \u00e0 faire sur sa planche. En atteste celle-ci sur son bond \u00e0 13.98, o\u00f9 elle est entre 30 et 40 cm de la plasticine. Prometteur pour la suite de sa saison. Surtout, ce bond lui offre la 3e place d&rsquo;un meeting gold. Ce n&rsquo;est pas rien. Elle r\u00e9alise son meilleur saut de la saison. Du c\u00f4t\u00e9 de la perche hommes, <strong>Thibaut Collet<\/strong> a but\u00e9 sur une barre \u00e0 5.80 m. Le Fran\u00e7ais, 5e des mondiaux 2023, en reste \u00e0 un bond \u00e0 5.70 m.<\/p>\n<p style=\"text-align: justify;\"><strong>Marie-Julie Bonnin<\/strong>, comme \u00e0 Karlsruhe, il y a six jours, s&rsquo;est attaqu\u00e9e \u00e0 une barre \u00e0 4.75 m synonyme de record de France \u00e9gal\u00e9. Mais elle n&rsquo;est pas pass\u00e9e. Malgr\u00e9 tout, elle confirme une grosse r\u00e9gularit\u00e9, avec un bond \u00e0 4.65 m, son 3\u00e8me saut \u00e0 4.65 m ou plus de l&rsquo;hiver. <strong>Jules Pommery<\/strong> retombe \u00e0 7.82 m au concours de la longueur.<\/p>\n<p style=\"text-align: justify;\"><strong>Louise Maraval<\/strong> continue d&rsquo;acc\u00e9l\u00e9rer sur 400 m. Elle a pris la deuxi\u00e8me place de la derni\u00e8re course, avec un record personnel en salle port\u00e9 \u00e0 52.20. <strong>Amandine Brossier<\/strong> prend la 2\u00e8me place de sa course sur 400 m. Elle boucle sa course en 52.55, un chrono un peu en de\u00e7\u00e0 de Metz. Dans la m\u00eame course,<strong> Marjorie Veyssiere<\/strong> r\u00e9alise 53.33. <strong>Ryan Z\u00e9z\u00e9<\/strong> a r\u00e9alis\u00e9 un chrono de 20.74 sur 200 m, dans une configuration qui ne l&rsquo;avantage pas, lui et son grand gabarit.<strong>\u00a0<\/strong><\/p>\n<p style=\"text-align: justify;\"><strong>Ana\u00efs Bourgoin<\/strong> a profit\u00e9 de la densit\u00e9 du 800 m femmes, pour r\u00e9aliser un chrono de 2:01.00, qui lui ouvre la porte des minima FFA pour les championnats d&rsquo;Europe en salle. <strong>Louey Ouerrat<\/strong> a confirm\u00e9 sa grande forme. Apr\u00e8s son record personnel et de France espoir \u00e0 Metz (1:46.08), il a r\u00e9alis\u00e9 un chrono de 1:46.25. Et montre qu&rsquo;il sait \u00eatre r\u00e9gulier. <strong>Arthur Gervais<\/strong> a boucl\u00e9 son 3000 m en 7:44.66.<\/p>\n<p>&nbsp;<\/p>\n<p>&nbsp;<\/p>\n","protected":false},"excerpt":{"rendered":"<p>Double record du monde pour Jakob Ingebrigtsen, les r\u00e9sultats complets<\/p>\n","protected":false},"author":83,"featured_media":555426,"comment_status":"open","ping_status":"closed","sticky":false,"template":"","format":"standard","meta":{"_acf_changed":false,"_daextam_enable_autolinks":"1","footnotes":""},"categories":[2308],"tags":[32378,143,14955,16878,14237,5744,9979,24],"class_list":["post-555351","post","type-post","status-publish","format-standard","has-post-thumbnail","hentry","category-athletisme","tag-agathe-guillemot","tag-athletisme","tag-azeddine-habz","tag-breve","tag-grant-holloway","tag-jakob-ingebrigtsen","tag-meeting-de-lievin","tag-sport"],"acf":[],"yoast_head":"<!-- This site is optimized with the Yoast SEO Premium plugin v26.7 (Yoast SEO v26.7) - https:\/\/yoast.com\/wordpress\/plugins\/seo\/ -->\n<title>Meeting de Li\u00e9vin 2025 : Double record du monde pour Jakob Ingebrigtsen, le r\u00e9sum\u00e9 complet<\/title>\n<meta name=\"description\" content=\"ATHL\u00c9TISME - Jakob Ingebrigtsen a explos\u00e9 le record du monde du 1 500 m et du mile dans la m\u00eame course, ce jeudi, lors du Meeting de Li\u00e9vin.\" \/>\n<meta name=\"robots\" content=\"index, follow, max-snippet:-1, max-image-preview:large, max-video-preview:-1\" \/>\n<link rel=\"canonical\" href=\"https:\/\/dicodusport.fr\/blog\/meeting-de-lievin-2025-double-record-du-monde-pour-jakob-ingebrigtsen-le-resume-complet\/\" \/>\n<meta property=\"og:locale\" content=\"fr_FR\" \/>\n<meta property=\"og:type\" content=\"article\" \/>\n<meta property=\"og:title\" content=\"Meeting de Li\u00e9vin 2025 : Double record du monde pour Jakob Ingebrigtsen, le r\u00e9sum\u00e9 complet\" \/>\n<meta property=\"og:description\" content=\"ATHL\u00c9TISME - Jakob Ingebrigtsen a explos\u00e9 le record du monde du 1 500 m et du mile dans la m\u00eame course, ce jeudi, lors du Meeting de Li\u00e9vin.\" \/>\n<meta property=\"og:url\" content=\"https:\/\/dicodusport.fr\/blog\/meeting-de-lievin-2025-double-record-du-monde-pour-jakob-ingebrigtsen-le-resume-complet\/\" \/>\n<meta property=\"og:site_name\" content=\"Dicodusport\" \/>\n<meta property=\"article:publisher\" content=\"https:\/\/www.facebook.com\/dicodusport\" \/>\n<meta property=\"article:published_time\" content=\"2025-02-13T21:51:54+00:00\" \/>\n<meta property=\"article:modified_time\" content=\"2025-02-16T07:35:15+00:00\" \/>\n<meta property=\"og:image\" content=\"https:\/\/dicodusport.fr\/blog\/wp-content\/uploads\/2025\/02\/Meeting-de-Lievin-2025-Double-record-du-monde-pour-Jakob-Ingebrigtsen-les-resultats-complets.png\" \/>\n\t<meta property=\"og:image:width\" content=\"1200\" \/>\n\t<meta property=\"og:image:height\" content=\"674\" \/>\n\t<meta property=\"og:image:type\" content=\"image\/png\" \/>\n<meta name=\"author\" content=\"Etienne Goursaud\" \/>\n<meta name=\"twitter:card\" content=\"summary_large_image\" \/>\n<meta name=\"twitter:title\" content=\"Meeting de Li\u00e9vin 2025 : Double record du monde pour Jakob Ingebrigtsen, le r\u00e9sum\u00e9 complet\" \/>\n<meta name=\"twitter:creator\" content=\"@dicodusport\" \/>\n<meta name=\"twitter:site\" content=\"@dicodusport\" \/>\n<script type=\"application\/ld+json\" class=\"yoast-schema-graph\">{\"@context\":\"https:\/\/schema.org\",\"@graph\":[{\"@type\":\"NewsArticle\",\"@id\":\"https:\/\/dicodusport.fr\/blog\/meeting-de-lievin-2025-double-record-du-monde-pour-jakob-ingebrigtsen-le-resume-complet\/#article\",\"isPartOf\":{\"@id\":\"https:\/\/dicodusport.fr\/blog\/meeting-de-lievin-2025-double-record-du-monde-pour-jakob-ingebrigtsen-le-resume-complet\/\"},\"author\":{\"name\":\"Etienne Goursaud\",\"@id\":\"https:\/\/dicodusport.fr\/blog\/#\/schema\/person\/d603dd7da31fb2b46c82b9835a77ec13\"},\"headline\":\"Meeting de Li\u00e9vin 2025 : Double record du monde pour Jakob Ingebrigtsen, le r\u00e9sum\u00e9 complet\",\"datePublished\":\"2025-02-13T21:51:54+00:00\",\"dateModified\":\"2025-02-16T07:35:15+00:00\",\"mainEntityOfPage\":{\"@id\":\"https:\/\/dicodusport.fr\/blog\/meeting-de-lievin-2025-double-record-du-monde-pour-jakob-ingebrigtsen-le-resume-complet\/\"},\"wordCount\":1352,\"commentCount\":0,\"publisher\":{\"@id\":\"https:\/\/dicodusport.fr\/blog\/#organization\"},\"image\":{\"@id\":\"https:\/\/dicodusport.fr\/blog\/meeting-de-lievin-2025-double-record-du-monde-pour-jakob-ingebrigtsen-le-resume-complet\/#primaryimage\"},\"thumbnailUrl\":\"https:\/\/dicodusport.fr\/blog\/wp-content\/uploads\/2025\/02\/Meeting-de-Lievin-2025-Double-record-du-monde-pour-Jakob-Ingebrigtsen-les-resultats-complets.png\",\"keywords\":[\"Agathe Guillemot\",\"Athl\u00e9tisme\",\"Azeddine Habz\",\"br\u00e8ve\",\"Grant Holloway\",\"Jakob Ingebrigtsen\",\"Meeting de Li\u00e9vin\",\"sport\"],\"articleSection\":[\"Athl\u00e9tisme\"],\"inLanguage\":\"fr-FR\",\"potentialAction\":[{\"@type\":\"CommentAction\",\"name\":\"Comment\",\"target\":[\"https:\/\/dicodusport.fr\/blog\/meeting-de-lievin-2025-double-record-du-monde-pour-jakob-ingebrigtsen-le-resume-complet\/#respond\"]}],\"copyrightYear\":\"2025\",\"copyrightHolder\":{\"@id\":\"https:\/\/dicodusport.fr\/blog\/#organization\"}},{\"@type\":\"WebPage\",\"@id\":\"https:\/\/dicodusport.fr\/blog\/meeting-de-lievin-2025-double-record-du-monde-pour-jakob-ingebrigtsen-le-resume-complet\/\",\"url\":\"https:\/\/dicodusport.fr\/blog\/meeting-de-lievin-2025-double-record-du-monde-pour-jakob-ingebrigtsen-le-resume-complet\/\",\"name\":\"Meeting de Li\u00e9vin 2025 : Double record du monde pour Jakob Ingebrigtsen, le r\u00e9sum\u00e9 complet\",\"isPartOf\":{\"@id\":\"https:\/\/dicodusport.fr\/blog\/#website\"},\"primaryImageOfPage\":{\"@id\":\"https:\/\/dicodusport.fr\/blog\/meeting-de-lievin-2025-double-record-du-monde-pour-jakob-ingebrigtsen-le-resume-complet\/#primaryimage\"},\"image\":{\"@id\":\"https:\/\/dicodusport.fr\/blog\/meeting-de-lievin-2025-double-record-du-monde-pour-jakob-ingebrigtsen-le-resume-complet\/#primaryimage\"},\"thumbnailUrl\":\"https:\/\/dicodusport.fr\/blog\/wp-content\/uploads\/2025\/02\/Meeting-de-Lievin-2025-Double-record-du-monde-pour-Jakob-Ingebrigtsen-les-resultats-complets.png\",\"datePublished\":\"2025-02-13T21:51:54+00:00\",\"dateModified\":\"2025-02-16T07:35:15+00:00\",\"description\":\"ATHL\u00c9TISME - Jakob Ingebrigtsen a explos\u00e9 le record du monde du 1 500 m et du mile dans la m\u00eame course, ce jeudi, lors du Meeting de Li\u00e9vin.\",\"breadcrumb\":{\"@id\":\"https:\/\/dicodusport.fr\/blog\/meeting-de-lievin-2025-double-record-du-monde-pour-jakob-ingebrigtsen-le-resume-complet\/#breadcrumb\"},\"inLanguage\":\"fr-FR\",\"potentialAction\":[{\"@type\":\"ReadAction\",\"target\":[\"https:\/\/dicodusport.fr\/blog\/meeting-de-lievin-2025-double-record-du-monde-pour-jakob-ingebrigtsen-le-resume-complet\/\"]}]},{\"@type\":\"ImageObject\",\"inLanguage\":\"fr-FR\",\"@id\":\"https:\/\/dicodusport.fr\/blog\/meeting-de-lievin-2025-double-record-du-monde-pour-jakob-ingebrigtsen-le-resume-complet\/#primaryimage\",\"url\":\"https:\/\/dicodusport.fr\/blog\/wp-content\/uploads\/2025\/02\/Meeting-de-Lievin-2025-Double-record-du-monde-pour-Jakob-Ingebrigtsen-les-resultats-complets.png\",\"contentUrl\":\"https:\/\/dicodusport.fr\/blog\/wp-content\/uploads\/2025\/02\/Meeting-de-Lievin-2025-Double-record-du-monde-pour-Jakob-Ingebrigtsen-les-resultats-complets.png\",\"width\":1200,\"height\":674,\"caption\":\"Meeting de Li\u00e9vin 2025 Double record du monde pour Jakob Ingebrigtsen, les r\u00e9sultats complets\"},{\"@type\":\"BreadcrumbList\",\"@id\":\"https:\/\/dicodusport.fr\/blog\/meeting-de-lievin-2025-double-record-du-monde-pour-jakob-ingebrigtsen-le-resume-complet\/#breadcrumb\",\"itemListElement\":[{\"@type\":\"ListItem\",\"position\":1,\"name\":\"Accueil\",\"item\":\"https:\/\/dicodusport.fr\/blog\/\"},{\"@type\":\"ListItem\",\"position\":2,\"name\":\"Meeting de Li\u00e9vin 2025 : Double record du monde pour Jakob Ingebrigtsen, le r\u00e9sum\u00e9 complet\"}]},{\"@type\":\"WebSite\",\"@id\":\"https:\/\/dicodusport.fr\/blog\/#website\",\"url\":\"https:\/\/dicodusport.fr\/blog\/\",\"name\":\"Dicodusport\",\"description\":\"L&#039;encyclop\u00e9die de l&#039;actualit\u00e9 sportive\",\"publisher\":{\"@id\":\"https:\/\/dicodusport.fr\/blog\/#organization\"},\"potentialAction\":[{\"@type\":\"SearchAction\",\"target\":{\"@type\":\"EntryPoint\",\"urlTemplate\":\"https:\/\/dicodusport.fr\/blog\/?s={search_term_string}\"},\"query-input\":{\"@type\":\"PropertyValueSpecification\",\"valueRequired\":true,\"valueName\":\"search_term_string\"}}],\"inLanguage\":\"fr-FR\"},{\"@type\":\"NewsMediaOrganization\",\"@id\":\"https:\/\/dicodusport.fr\/blog\/#organization\",\"name\":\"Dicodusport\",\"url\":\"https:\/\/dicodusport.fr\/blog\/\",\"logo\":{\"@type\":\"ImageObject\",\"inLanguage\":\"fr-FR\",\"@id\":\"https:\/\/dicodusport.fr\/blog\/#\/schema\/logo\/image\/\",\"url\":\"https:\/\/dicodusport.fr\/blog\/wp-content\/uploads\/2020\/06\/cropped-LOGO-DICODUSPORT-2020-SANS-FOND-SANS-TEXTE.png\",\"contentUrl\":\"https:\/\/dicodusport.fr\/blog\/wp-content\/uploads\/2020\/06\/cropped-LOGO-DICODUSPORT-2020-SANS-FOND-SANS-TEXTE.png\",\"width\":512,\"height\":512,\"caption\":\"Dicodusport\"},\"image\":{\"@id\":\"https:\/\/dicodusport.fr\/blog\/#\/schema\/logo\/image\/\"},\"sameAs\":[\"https:\/\/www.facebook.com\/dicodusport\",\"https:\/\/x.com\/dicodusport\",\"https:\/\/www.instagram.com\/dicodusport\/\",\"https:\/\/www.youtube.com\/channel\/UC7V2KZ5sd3htJivAbA4ZG3w\"],\"description\":\"Dicodusport est l'encyclop\u00e9die de l'actualit\u00e9 sportive.\",\"email\":\"bonjour@dicodusport.fr\",\"legalName\":\"DICODUSPORT\",\"foundingDate\":\"2018-01-14\",\"vatID\":\"FR71834470973\",\"taxID\":\"83447097300043\",\"numberOfEmployees\":{\"@type\":\"QuantitativeValue\",\"minValue\":\"1\",\"maxValue\":\"10\"}},{\"@type\":\"Person\",\"@id\":\"https:\/\/dicodusport.fr\/blog\/#\/schema\/person\/d603dd7da31fb2b46c82b9835a77ec13\",\"name\":\"Etienne Goursaud\",\"image\":{\"@type\":\"ImageObject\",\"inLanguage\":\"fr-FR\",\"@id\":\"https:\/\/dicodusport.fr\/blog\/#\/schema\/person\/image\/\",\"url\":\"https:\/\/dicodusport.fr\/blog\/wp-content\/uploads\/2023\/12\/410122264_10231602061736049_5565839791558026645_n-150x150.jpg\",\"contentUrl\":\"https:\/\/dicodusport.fr\/blog\/wp-content\/uploads\/2023\/12\/410122264_10231602061736049_5565839791558026645_n-150x150.jpg\",\"caption\":\"Etienne Goursaud\"},\"description\":\"Journaliste et amoureux de sport. Ancien footballeur reconverti athl\u00e8te quand ses muscles le laissent tranquille. \u00c9lev\u00e9 \u00e0 la sauce des exploits de Thomas Voeckler en 2004, du dernier essai de l\u00e9gende de Eunice Barber \u00e0 la longueur lors des championnats du monde d'athl\u00e9tisme de 2003 mais aussi Zidane, Omeyer et Titou Lamaison.\",\"url\":\"https:\/\/dicodusport.fr\/blog\/author\/etienne-goursaud\/\"}]}<\/script>\n<!-- \/ Yoast SEO Premium plugin. -->","yoast_head_json":{"title":"Meeting de Li\u00e9vin 2025 : Double record du monde pour Jakob Ingebrigtsen, le r\u00e9sum\u00e9 complet","description":"ATHL\u00c9TISME - Jakob Ingebrigtsen a explos\u00e9 le record du monde du 1 500 m et du mile dans la m\u00eame course, ce jeudi, lors du Meeting de Li\u00e9vin.","robots":{"index":"index","follow":"follow","max-snippet":"max-snippet:-1","max-image-preview":"max-image-preview:large","max-video-preview":"max-video-preview:-1"},"canonical":"https:\/\/dicodusport.fr\/blog\/meeting-de-lievin-2025-double-record-du-monde-pour-jakob-ingebrigtsen-le-resume-complet\/","og_locale":"fr_FR","og_type":"article","og_title":"Meeting de Li\u00e9vin 2025 : Double record du monde pour Jakob Ingebrigtsen, le r\u00e9sum\u00e9 complet","og_description":"ATHL\u00c9TISME - Jakob Ingebrigtsen a explos\u00e9 le record du monde du 1 500 m et du mile dans la m\u00eame course, ce jeudi, lors du Meeting de Li\u00e9vin.","og_url":"https:\/\/dicodusport.fr\/blog\/meeting-de-lievin-2025-double-record-du-monde-pour-jakob-ingebrigtsen-le-resume-complet\/","og_site_name":"Dicodusport","article_publisher":"https:\/\/www.facebook.com\/dicodusport","article_published_time":"2025-02-13T21:51:54+00:00","article_modified_time":"2025-02-16T07:35:15+00:00","og_image":[{"width":1200,"height":674,"url":"https:\/\/dicodusport.fr\/blog\/wp-content\/uploads\/2025\/02\/Meeting-de-Lievin-2025-Double-record-du-monde-pour-Jakob-Ingebrigtsen-les-resultats-complets.png","type":"image\/png"}],"author":"Etienne Goursaud","twitter_card":"summary_large_image","twitter_title":"Meeting de Li\u00e9vin 2025 : Double record du monde pour Jakob Ingebrigtsen, le r\u00e9sum\u00e9 complet","twitter_creator":"@dicodusport","twitter_site":"@dicodusport","schema":{"@context":"https:\/\/schema.org","@graph":[{"@type":"NewsArticle","@id":"https:\/\/dicodusport.fr\/blog\/meeting-de-lievin-2025-double-record-du-monde-pour-jakob-ingebrigtsen-le-resume-complet\/#article","isPartOf":{"@id":"https:\/\/dicodusport.fr\/blog\/meeting-de-lievin-2025-double-record-du-monde-pour-jakob-ingebrigtsen-le-resume-complet\/"},"author":{"name":"Etienne Goursaud","@id":"https:\/\/dicodusport.fr\/blog\/#\/schema\/person\/d603dd7da31fb2b46c82b9835a77ec13"},"headline":"Meeting de Li\u00e9vin 2025 : Double record du monde pour Jakob Ingebrigtsen, le r\u00e9sum\u00e9 complet","datePublished":"2025-02-13T21:51:54+00:00","dateModified":"2025-02-16T07:35:15+00:00","mainEntityOfPage":{"@id":"https:\/\/dicodusport.fr\/blog\/meeting-de-lievin-2025-double-record-du-monde-pour-jakob-ingebrigtsen-le-resume-complet\/"},"wordCount":1352,"commentCount":0,"publisher":{"@id":"https:\/\/dicodusport.fr\/blog\/#organization"},"image":{"@id":"https:\/\/dicodusport.fr\/blog\/meeting-de-lievin-2025-double-record-du-monde-pour-jakob-ingebrigtsen-le-resume-complet\/#primaryimage"},"thumbnailUrl":"https:\/\/dicodusport.fr\/blog\/wp-content\/uploads\/2025\/02\/Meeting-de-Lievin-2025-Double-record-du-monde-pour-Jakob-Ingebrigtsen-les-resultats-complets.png","keywords":["Agathe Guillemot","Athl\u00e9tisme","Azeddine Habz","br\u00e8ve","Grant Holloway","Jakob Ingebrigtsen","Meeting de Li\u00e9vin","sport"],"articleSection":["Athl\u00e9tisme"],"inLanguage":"fr-FR","potentialAction":[{"@type":"CommentAction","name":"Comment","target":["https:\/\/dicodusport.fr\/blog\/meeting-de-lievin-2025-double-record-du-monde-pour-jakob-ingebrigtsen-le-resume-complet\/#respond"]}],"copyrightYear":"2025","copyrightHolder":{"@id":"https:\/\/dicodusport.fr\/blog\/#organization"}},{"@type":"WebPage","@id":"https:\/\/dicodusport.fr\/blog\/meeting-de-lievin-2025-double-record-du-monde-pour-jakob-ingebrigtsen-le-resume-complet\/","url":"https:\/\/dicodusport.fr\/blog\/meeting-de-lievin-2025-double-record-du-monde-pour-jakob-ingebrigtsen-le-resume-complet\/","name":"Meeting de Li\u00e9vin 2025 : Double record du monde pour Jakob Ingebrigtsen, le r\u00e9sum\u00e9 complet","isPartOf":{"@id":"https:\/\/dicodusport.fr\/blog\/#website"},"primaryImageOfPage":{"@id":"https:\/\/dicodusport.fr\/blog\/meeting-de-lievin-2025-double-record-du-monde-pour-jakob-ingebrigtsen-le-resume-complet\/#primaryimage"},"image":{"@id":"https:\/\/dicodusport.fr\/blog\/meeting-de-lievin-2025-double-record-du-monde-pour-jakob-ingebrigtsen-le-resume-complet\/#primaryimage"},"thumbnailUrl":"https:\/\/dicodusport.fr\/blog\/wp-content\/uploads\/2025\/02\/Meeting-de-Lievin-2025-Double-record-du-monde-pour-Jakob-Ingebrigtsen-les-resultats-complets.png","datePublished":"2025-02-13T21:51:54+00:00","dateModified":"2025-02-16T07:35:15+00:00","description":"ATHL\u00c9TISME - Jakob Ingebrigtsen a explos\u00e9 le record du monde du 1 500 m et du mile dans la m\u00eame course, ce jeudi, lors du Meeting de Li\u00e9vin.","breadcrumb":{"@id":"https:\/\/dicodusport.fr\/blog\/meeting-de-lievin-2025-double-record-du-monde-pour-jakob-ingebrigtsen-le-resume-complet\/#breadcrumb"},"inLanguage":"fr-FR","potentialAction":[{"@type":"ReadAction","target":["https:\/\/dicodusport.fr\/blog\/meeting-de-lievin-2025-double-record-du-monde-pour-jakob-ingebrigtsen-le-resume-complet\/"]}]},{"@type":"ImageObject","inLanguage":"fr-FR","@id":"https:\/\/dicodusport.fr\/blog\/meeting-de-lievin-2025-double-record-du-monde-pour-jakob-ingebrigtsen-le-resume-complet\/#primaryimage","url":"https:\/\/dicodusport.fr\/blog\/wp-content\/uploads\/2025\/02\/Meeting-de-Lievin-2025-Double-record-du-monde-pour-Jakob-Ingebrigtsen-les-resultats-complets.png","contentUrl":"https:\/\/dicodusport.fr\/blog\/wp-content\/uploads\/2025\/02\/Meeting-de-Lievin-2025-Double-record-du-monde-pour-Jakob-Ingebrigtsen-les-resultats-complets.png","width":1200,"height":674,"caption":"Meeting de Li\u00e9vin 2025 Double record du monde pour Jakob Ingebrigtsen, les r\u00e9sultats complets"},{"@type":"BreadcrumbList","@id":"https:\/\/dicodusport.fr\/blog\/meeting-de-lievin-2025-double-record-du-monde-pour-jakob-ingebrigtsen-le-resume-complet\/#breadcrumb","itemListElement":[{"@type":"ListItem","position":1,"name":"Accueil","item":"https:\/\/dicodusport.fr\/blog\/"},{"@type":"ListItem","position":2,"name":"Meeting de Li\u00e9vin 2025 : Double record du monde pour Jakob Ingebrigtsen, le r\u00e9sum\u00e9 complet"}]},{"@type":"WebSite","@id":"https:\/\/dicodusport.fr\/blog\/#website","url":"https:\/\/dicodusport.fr\/blog\/","name":"Dicodusport","description":"L&#039;encyclop\u00e9die de l&#039;actualit\u00e9 sportive","publisher":{"@id":"https:\/\/dicodusport.fr\/blog\/#organization"},"potentialAction":[{"@type":"SearchAction","target":{"@type":"EntryPoint","urlTemplate":"https:\/\/dicodusport.fr\/blog\/?s={search_term_string}"},"query-input":{"@type":"PropertyValueSpecification","valueRequired":true,"valueName":"search_term_string"}}],"inLanguage":"fr-FR"},{"@type":"NewsMediaOrganization","@id":"https:\/\/dicodusport.fr\/blog\/#organization","name":"Dicodusport","url":"https:\/\/dicodusport.fr\/blog\/","logo":{"@type":"ImageObject","inLanguage":"fr-FR","@id":"https:\/\/dicodusport.fr\/blog\/#\/schema\/logo\/image\/","url":"https:\/\/dicodusport.fr\/blog\/wp-content\/uploads\/2020\/06\/cropped-LOGO-DICODUSPORT-2020-SANS-FOND-SANS-TEXTE.png","contentUrl":"https:\/\/dicodusport.fr\/blog\/wp-content\/uploads\/2020\/06\/cropped-LOGO-DICODUSPORT-2020-SANS-FOND-SANS-TEXTE.png","width":512,"height":512,"caption":"Dicodusport"},"image":{"@id":"https:\/\/dicodusport.fr\/blog\/#\/schema\/logo\/image\/"},"sameAs":["https:\/\/www.facebook.com\/dicodusport","https:\/\/x.com\/dicodusport","https:\/\/www.instagram.com\/dicodusport\/","https:\/\/www.youtube.com\/channel\/UC7V2KZ5sd3htJivAbA4ZG3w"],"description":"Dicodusport est l'encyclop\u00e9die de l'actualit\u00e9 sportive.","email":"bonjour@dicodusport.fr","legalName":"DICODUSPORT","foundingDate":"2018-01-14","vatID":"FR71834470973","taxID":"83447097300043","numberOfEmployees":{"@type":"QuantitativeValue","minValue":"1","maxValue":"10"}},{"@type":"Person","@id":"https:\/\/dicodusport.fr\/blog\/#\/schema\/person\/d603dd7da31fb2b46c82b9835a77ec13","name":"Etienne Goursaud","image":{"@type":"ImageObject","inLanguage":"fr-FR","@id":"https:\/\/dicodusport.fr\/blog\/#\/schema\/person\/image\/","url":"https:\/\/dicodusport.fr\/blog\/wp-content\/uploads\/2023\/12\/410122264_10231602061736049_5565839791558026645_n-150x150.jpg","contentUrl":"https:\/\/dicodusport.fr\/blog\/wp-content\/uploads\/2023\/12\/410122264_10231602061736049_5565839791558026645_n-150x150.jpg","caption":"Etienne Goursaud"},"description":"Journaliste et amoureux de sport. Ancien footballeur reconverti athl\u00e8te quand ses muscles le laissent tranquille. \u00c9lev\u00e9 \u00e0 la sauce des exploits de Thomas Voeckler en 2004, du dernier essai de l\u00e9gende de Eunice Barber \u00e0 la longueur lors des championnats du monde d'athl\u00e9tisme de 2003 mais aussi Zidane, Omeyer et Titou Lamaison.","url":"https:\/\/dicodusport.fr\/blog\/author\/etienne-goursaud\/"}]}},"_links":{"self":[{"href":"https:\/\/dicodusport.fr\/blog\/wp-json\/wp\/v2\/posts\/555351","targetHints":{"allow":["GET"]}}],"collection":[{"href":"https:\/\/dicodusport.fr\/blog\/wp-json\/wp\/v2\/posts"}],"about":[{"href":"https:\/\/dicodusport.fr\/blog\/wp-json\/wp\/v2\/types\/post"}],"author":[{"embeddable":true,"href":"https:\/\/dicodusport.fr\/blog\/wp-json\/wp\/v2\/users\/83"}],"replies":[{"embeddable":true,"href":"https:\/\/dicodusport.fr\/blog\/wp-json\/wp\/v2\/comments?post=555351"}],"version-history":[{"count":5,"href":"https:\/\/dicodusport.fr\/blog\/wp-json\/wp\/v2\/posts\/555351\/revisions"}],"predecessor-version":[{"id":556191,"href":"https:\/\/dicodusport.fr\/blog\/wp-json\/wp\/v2\/posts\/555351\/revisions\/556191"}],"wp:featuredmedia":[{"embeddable":true,"href":"https:\/\/dicodusport.fr\/blog\/wp-json\/wp\/v2\/media\/555426"}],"wp:attachment":[{"href":"https:\/\/dicodusport.fr\/blog\/wp-json\/wp\/v2\/media?parent=555351"}],"wp:term":[{"taxonomy":"category","embeddable":true,"href":"https:\/\/dicodusport.fr\/blog\/wp-json\/wp\/v2\/categories?post=555351"},{"taxonomy":"post_tag","embeddable":true,"href":"https:\/\/dicodusport.fr\/blog\/wp-json\/wp\/v2\/tags?post=555351"}],"curies":[{"name":"wp","href":"https:\/\/api.w.org\/{rel}","templated":true}]}}