{"id":555815,"date":"2025-02-15T15:56:27","date_gmt":"2025-02-15T14:56:27","guid":{"rendered":"https:\/\/dicodusport.fr\/blog\/?p=555815&#038;preview=true&#038;preview_id=555815"},"modified":"2025-02-15T16:52:11","modified_gmt":"2025-02-15T15:52:11","slug":"tour-de-la-provence-2025-mads-pedersen-fait-coup-double-sur-la-2eme-etape","status":"publish","type":"post","link":"https:\/\/dicodusport.fr\/blog\/tour-de-la-provence-2025-mads-pedersen-fait-coup-double-sur-la-2eme-etape\/","title":{"rendered":"Tour de La Provence 2025 : Mads Pedersen fait coup double sur la 2\u00e8me \u00e9tape"},"content":{"rendered":"<p style=\"text-align: justify;\"><em><b>TOUR DE LA PROVENCE 2025 &#8211; Mads Pedersen (Lidl-Trek) s&rsquo;est adjug\u00e9 la 2\u00e8me \u00e9tape de la 9\u00e8me \u00e9dition du Tour de La Provence, samedi, \u00e0 Manosque. Le tenant du titre a pris les commandes du g\u00e9n\u00e9ral.\u00a0<\/b><\/em><\/p>\n<ul>\n<li style=\"text-align: justify;\"><strong>\u00c0 ce sujet &#8211; <a href=\"https:\/\/dicodusport.fr\/blog\/tour-de-la-provence-2025-engages-favoris-et-chaine-tv\/\">Tour de La Provence 2025 : Engag\u00e9s, Favoris et Chaine TV<\/a><\/strong><\/li>\n<\/ul>\n<p style=\"text-align: justify;\">La deuxi\u00e8me \u00e9tape a propos\u00e9 un profil assez vallonn\u00e9 de presque 170 kilom\u00e8tres avec 2 400 m\u00e8tres de d\u00e9nivel\u00e9, et avec comme principale difficult\u00e9 le<strong> Col d&rsquo;Aire dei Masco<\/strong> (6,5 km \u00e0 4,8 %), \u00e0 30 kilom\u00e8tres de l&rsquo;arriv\u00e9e.<\/p>\n<p style=\"text-align: justify;\">Apr\u00e8s un d\u00e9part marqu\u00e9 par une chute de sept coureurs, quatre concurrents ont form\u00e9 l&rsquo;\u00e9chapp\u00e9e matinale : <strong>Matis Louvel<\/strong> (Israel-Premier Tech), <strong>Matt\u00e9o Vercher<\/strong> (TotalEnergies), <strong>Daniel Smajkic Arnes<\/strong> (Van Rysel-Roubaix) et <strong>Damien Girard<\/strong> (Nice M\u00e9tropole C\u00f4te d&rsquo;Azur). Leur avance est mont\u00e9e jusqu&rsquo;\u00e0 4 minutes au sommet du Col de Buire, apr\u00e8s une quarantaine de kilom\u00e8tres, sur un peloton emmen\u00e9 par la D\u00e9cathlon AG2R La Mondiale.<\/p>\n<ul>\n<li><strong>\u00c0 ce sujet &#8211; <a href=\"https:\/\/dicodusport.fr\/blog\/actualites\/cyclisme\/cyclisme-sur-route-2025\/\">L\u2019actualit\u00e9 du cyclisme sur route<\/a><\/strong><\/li>\n<\/ul>\n<p style=\"text-align: justify;\">Puis, <strong>Matteo Vercher<\/strong> (TotalEnergies) s&rsquo;est isol\u00e9 \u00e0 l&rsquo;avant de la course \u00e0 35 kilom\u00e8tres du terme, mais les \u00e9quipes Bahrain Victorious et Ark\u00e9a-B&amp;B H\u00f4tels ont pris les commandes du peloton pour r\u00e9duire l&rsquo;\u00e9cart \u00e0 moins de 2 minutes, \u00e0 50 kilom\u00e8tres de l&rsquo;arriv\u00e9e. Puis, dans le Col de l&rsquo;Aire Dei Masco, la formation Lidl-Trek a pris s\u00e9rieusement les choses en main en reprenant l&rsquo;homme de t\u00eate, mais surtout en faisant exploser le peloton.<\/p>\n<ul>\n<li style=\"text-align: justify;\"><strong>\u00c0 ce sujet &#8211;\u00a0<a href=\"https:\/\/dicodusport.fr\/blog\/tour-de-la-provence-2025-classement-2eme-etape\/\">Tour de La Provence 2025 \u2013 Classement 2\u00e8me \u00e9tape<\/a><\/strong><\/li>\n<\/ul>\n<h2 style=\"text-align: justify;\">Pedersen, \u00e0 l&rsquo;attaque et \u00e0 la conclusion<\/h2>\n<p style=\"text-align: justify;\">Ensuite, <strong>Mads Pedersen<\/strong> (Lidl-Trek) a port\u00e9 une puissante acc\u00e9l\u00e9ration dans le milieu du col. Deux coureurs ont r\u00e9ussi \u00e0 suivre le coureur danois : <strong>Sander De Pestel<\/strong> (Decathlon AG2r La Mondiale) et <strong>Jefferson Cepeda<\/strong> (EF Education-EasyPost).<\/p>\n<p style=\"text-align: justify;\"><strong>Toms Sjukins<\/strong> (Lidl-Trek), <strong>Matej Mohoric, Fred Wright<\/strong> (Bahrain Victorious), <strong>Ewen Costiou<\/strong> (Ark\u00e9a-B&amp;B H\u00f4tels), <strong>Marco Tizza<\/strong> (Wagner Bazin WB) et <strong>Lukas Kubis<\/strong> (Unibet Tietema Rockets) ont fait la jonction avec le groupe de t\u00eate, au bas de la descente, \u00e0 18 kilom\u00e8tres de l&rsquo;arriv\u00e9e.<\/p>\n<p style=\"text-align: justify;\">Peu apr\u00e8s, <strong>Matej Mohoric<\/strong> (Bahrain Victorious) est sorti du groupe de t\u00eate avec <strong>Mads Pedersen<\/strong> (Lidl-Trek). Derri\u00e8re, le groupe de chasse a \u00e9t\u00e9 repris par un peloton principal, emmen\u00e9 par EF Education-EasyPost, alors que les deux hommes de t\u00eate ont augment\u00e9 leur avance \u00e0 45 secondes, \u00e0 sept kilom\u00e8tres de l&rsquo;arriv\u00e9e.<\/p>\n<ul>\n<li><strong>\u00c0 ce sujet &#8211;\u00a0<a href=\"https:\/\/dicodusport.fr\/blog\/tour-de-la-provence-2025-classement-general\/\">Tour de La Provence 2025 \u2013 Classement g\u00e9n\u00e9ral<\/a><\/strong><\/li>\n<\/ul>\n<p style=\"text-align: justify;\">Finalement, dans un dernier kilom\u00e8tre en mont\u00e9e, <strong>Mads Pedersen<\/strong> (Lidl-trek) a largement battu au sprint <strong>Matej Mohoric<\/strong> (Bahrain Victorious). Puis, \u00e0 15 secondes, <strong>Fred Wright<\/strong> (Bahrain Victorious) a compl\u00e9t\u00e9 le podium de l&rsquo;\u00e9tape du jour en devan\u00e7ant <strong>Dorian Godon<\/strong> (Decathlon AG2r La Mondiale) et <strong>Marijn van den Berg<\/strong> (EF Education-EasyPost).<\/p>\n<blockquote class=\"twitter-tweet\">\n<p dir=\"ltr\" lang=\"fr\">Mads Pedersen tient son premier succ\u00e8s de la saison, sur la 2e \u00e9tape du Tour de la Provence ! Apr\u00e8s avoir tent\u00e9 dans une difficult\u00e9 \u00e0 30km, le Danois (29 ans) est sorti avec Matej Mohoric (Bahrain-Victorious) \u00e0 17km, qu\u2019il a facilement battu au sprint. <a href=\"https:\/\/twitter.com\/hashtag\/TDLP2025?src=hash&amp;ref_src=twsrc%5Etfw\">#TDLP2025<\/a> <a href=\"https:\/\/t.co\/92y9ZYJR6z\">pic.twitter.com\/92y9ZYJR6z<\/a><\/p>\n<p>\u2014 Le Gruppetto (@LeGruppetto) <a href=\"https:\/\/twitter.com\/LeGruppetto\/status\/1890775604783468695?ref_src=twsrc%5Etfw\">February 15, 2025<\/a><\/p><\/blockquote>\n<p><script async src=\"https:\/\/platform.twitter.com\/widgets.js\" charset=\"utf-8\"><\/script><\/p>\n","protected":false},"excerpt":{"rendered":"<p>Mads Pedersen fait coup double sur la 2\u00e8me \u00e9tape<\/p>\n","protected":false},"author":48,"featured_media":555930,"comment_status":"open","ping_status":"closed","sticky":false,"template":"","format":"standard","meta":{"_acf_changed":false,"_daextam_enable_autolinks":"1","footnotes":""},"categories":[46994],"tags":[32415,16878,574,9916],"class_list":["post-555815","post","type-post","status-publish","format-standard","has-post-thumbnail","hentry","category-cyclisme-sur-route","tag-actu","tag-breve","tag-cyclisme","tag-tour-de-la-provence"],"acf":[],"yoast_head":"<!-- This site is optimized with the Yoast SEO Premium plugin v26.7 (Yoast SEO v26.7) - https:\/\/yoast.com\/wordpress\/plugins\/seo\/ -->\n<title>Tour de La Provence 2025 : Mads Pedersen fait coup double sur la 2\u00e8me \u00e9tape<\/title>\n<meta name=\"description\" content=\"TOUR DE LA PROVENCE 2025 - Mads Pedersen (Lidl-Trek) s&#039;est adjug\u00e9 la 2\u00e8me \u00e9tape de la 9\u00e8me \u00e9dition du Tour de La Provence.\" \/>\n<meta name=\"robots\" content=\"index, follow, max-snippet:-1, max-image-preview:large, max-video-preview:-1\" \/>\n<link rel=\"canonical\" href=\"https:\/\/dicodusport.fr\/blog\/tour-de-la-provence-2025-mads-pedersen-fait-coup-double-sur-la-2eme-etape\/\" \/>\n<meta property=\"og:locale\" content=\"fr_FR\" \/>\n<meta property=\"og:type\" content=\"article\" \/>\n<meta property=\"og:title\" content=\"Tour de La Provence 2025 : Mads Pedersen fait coup double sur la 2\u00e8me \u00e9tape\" \/>\n<meta property=\"og:description\" content=\"TOUR DE LA PROVENCE 2025 - Mads Pedersen (Lidl-Trek) s&#039;est adjug\u00e9 la 2\u00e8me \u00e9tape de la 9\u00e8me \u00e9dition du Tour de La Provence.\" \/>\n<meta property=\"og:url\" content=\"https:\/\/dicodusport.fr\/blog\/tour-de-la-provence-2025-mads-pedersen-fait-coup-double-sur-la-2eme-etape\/\" \/>\n<meta property=\"og:site_name\" content=\"Dicodusport\" \/>\n<meta property=\"article:publisher\" content=\"https:\/\/www.facebook.com\/dicodusport\" \/>\n<meta property=\"article:author\" content=\"https:\/\/www.facebook.com\/groups\/LesRoisDuPeloton\" \/>\n<meta property=\"article:published_time\" content=\"2025-02-15T14:56:27+00:00\" \/>\n<meta property=\"article:modified_time\" content=\"2025-02-15T15:52:11+00:00\" \/>\n<meta property=\"og:image\" content=\"https:\/\/dicodusport.fr\/blog\/wp-content\/uploads\/2025\/02\/Tour-de-La-Provence-2025-Mads-Pedersen-fait-coup-double-sur-la-2eme-etape.png\" \/>\n\t<meta property=\"og:image:width\" content=\"1200\" \/>\n\t<meta property=\"og:image:height\" content=\"674\" \/>\n\t<meta property=\"og:image:type\" content=\"image\/png\" \/>\n<meta name=\"author\" content=\"Emilien Descampiaux\" \/>\n<meta name=\"twitter:card\" content=\"summary_large_image\" \/>\n<meta name=\"twitter:title\" content=\"Tour de La Provence 2025 : Mads Pedersen fait coup double sur la 2\u00e8me \u00e9tape\" \/>\n<meta name=\"twitter:creator\" content=\"@https:\/\/twitter.com\/LRoisDuPeloton\" \/>\n<meta name=\"twitter:site\" content=\"@dicodusport\" \/>\n<script type=\"application\/ld+json\" class=\"yoast-schema-graph\">{\"@context\":\"https:\/\/schema.org\",\"@graph\":[{\"@type\":\"NewsArticle\",\"@id\":\"https:\/\/dicodusport.fr\/blog\/tour-de-la-provence-2025-mads-pedersen-fait-coup-double-sur-la-2eme-etape\/#article\",\"isPartOf\":{\"@id\":\"https:\/\/dicodusport.fr\/blog\/tour-de-la-provence-2025-mads-pedersen-fait-coup-double-sur-la-2eme-etape\/\"},\"author\":{\"name\":\"Emilien Descampiaux\",\"@id\":\"https:\/\/dicodusport.fr\/blog\/#\/schema\/person\/6db4bae06b171592211be385b32876a7\"},\"headline\":\"Tour de La Provence 2025 : Mads Pedersen fait coup double sur la 2\u00e8me \u00e9tape\",\"datePublished\":\"2025-02-15T14:56:27+00:00\",\"dateModified\":\"2025-02-15T15:52:11+00:00\",\"mainEntityOfPage\":{\"@id\":\"https:\/\/dicodusport.fr\/blog\/tour-de-la-provence-2025-mads-pedersen-fait-coup-double-sur-la-2eme-etape\/\"},\"wordCount\":545,\"commentCount\":0,\"publisher\":{\"@id\":\"https:\/\/dicodusport.fr\/blog\/#organization\"},\"image\":{\"@id\":\"https:\/\/dicodusport.fr\/blog\/tour-de-la-provence-2025-mads-pedersen-fait-coup-double-sur-la-2eme-etape\/#primaryimage\"},\"thumbnailUrl\":\"https:\/\/dicodusport.fr\/blog\/wp-content\/uploads\/2025\/02\/Tour-de-La-Provence-2025-Mads-Pedersen-fait-coup-double-sur-la-2eme-etape.png\",\"keywords\":[\"actu\",\"br\u00e8ve\",\"Cyclisme\",\"Tour de La Provence\"],\"articleSection\":[\"Cyclisme sur route\"],\"inLanguage\":\"fr-FR\",\"potentialAction\":[{\"@type\":\"CommentAction\",\"name\":\"Comment\",\"target\":[\"https:\/\/dicodusport.fr\/blog\/tour-de-la-provence-2025-mads-pedersen-fait-coup-double-sur-la-2eme-etape\/#respond\"]}],\"copyrightYear\":\"2025\",\"copyrightHolder\":{\"@id\":\"https:\/\/dicodusport.fr\/blog\/#organization\"}},{\"@type\":\"WebPage\",\"@id\":\"https:\/\/dicodusport.fr\/blog\/tour-de-la-provence-2025-mads-pedersen-fait-coup-double-sur-la-2eme-etape\/\",\"url\":\"https:\/\/dicodusport.fr\/blog\/tour-de-la-provence-2025-mads-pedersen-fait-coup-double-sur-la-2eme-etape\/\",\"name\":\"Tour de La Provence 2025 : Mads Pedersen fait coup double sur la 2\u00e8me \u00e9tape\",\"isPartOf\":{\"@id\":\"https:\/\/dicodusport.fr\/blog\/#website\"},\"primaryImageOfPage\":{\"@id\":\"https:\/\/dicodusport.fr\/blog\/tour-de-la-provence-2025-mads-pedersen-fait-coup-double-sur-la-2eme-etape\/#primaryimage\"},\"image\":{\"@id\":\"https:\/\/dicodusport.fr\/blog\/tour-de-la-provence-2025-mads-pedersen-fait-coup-double-sur-la-2eme-etape\/#primaryimage\"},\"thumbnailUrl\":\"https:\/\/dicodusport.fr\/blog\/wp-content\/uploads\/2025\/02\/Tour-de-La-Provence-2025-Mads-Pedersen-fait-coup-double-sur-la-2eme-etape.png\",\"datePublished\":\"2025-02-15T14:56:27+00:00\",\"dateModified\":\"2025-02-15T15:52:11+00:00\",\"description\":\"TOUR DE LA PROVENCE 2025 - Mads Pedersen (Lidl-Trek) s'est adjug\u00e9 la 2\u00e8me \u00e9tape de la 9\u00e8me \u00e9dition du Tour de La Provence.\",\"breadcrumb\":{\"@id\":\"https:\/\/dicodusport.fr\/blog\/tour-de-la-provence-2025-mads-pedersen-fait-coup-double-sur-la-2eme-etape\/#breadcrumb\"},\"inLanguage\":\"fr-FR\",\"potentialAction\":[{\"@type\":\"ReadAction\",\"target\":[\"https:\/\/dicodusport.fr\/blog\/tour-de-la-provence-2025-mads-pedersen-fait-coup-double-sur-la-2eme-etape\/\"]}]},{\"@type\":\"ImageObject\",\"inLanguage\":\"fr-FR\",\"@id\":\"https:\/\/dicodusport.fr\/blog\/tour-de-la-provence-2025-mads-pedersen-fait-coup-double-sur-la-2eme-etape\/#primaryimage\",\"url\":\"https:\/\/dicodusport.fr\/blog\/wp-content\/uploads\/2025\/02\/Tour-de-La-Provence-2025-Mads-Pedersen-fait-coup-double-sur-la-2eme-etape.png\",\"contentUrl\":\"https:\/\/dicodusport.fr\/blog\/wp-content\/uploads\/2025\/02\/Tour-de-La-Provence-2025-Mads-Pedersen-fait-coup-double-sur-la-2eme-etape.png\",\"width\":1200,\"height\":674,\"caption\":\"Tour de La Provence 2025 Mads Pedersen fait coup double sur la 2\u00e8me \u00e9tape\"},{\"@type\":\"BreadcrumbList\",\"@id\":\"https:\/\/dicodusport.fr\/blog\/tour-de-la-provence-2025-mads-pedersen-fait-coup-double-sur-la-2eme-etape\/#breadcrumb\",\"itemListElement\":[{\"@type\":\"ListItem\",\"position\":1,\"name\":\"Accueil\",\"item\":\"https:\/\/dicodusport.fr\/blog\/\"},{\"@type\":\"ListItem\",\"position\":2,\"name\":\"Tour de La Provence 2025 : Mads Pedersen fait coup double sur la 2\u00e8me \u00e9tape\"}]},{\"@type\":\"WebSite\",\"@id\":\"https:\/\/dicodusport.fr\/blog\/#website\",\"url\":\"https:\/\/dicodusport.fr\/blog\/\",\"name\":\"Dicodusport\",\"description\":\"L&#039;encyclop\u00e9die de l&#039;actualit\u00e9 sportive\",\"publisher\":{\"@id\":\"https:\/\/dicodusport.fr\/blog\/#organization\"},\"potentialAction\":[{\"@type\":\"SearchAction\",\"target\":{\"@type\":\"EntryPoint\",\"urlTemplate\":\"https:\/\/dicodusport.fr\/blog\/?s={search_term_string}\"},\"query-input\":{\"@type\":\"PropertyValueSpecification\",\"valueRequired\":true,\"valueName\":\"search_term_string\"}}],\"inLanguage\":\"fr-FR\"},{\"@type\":\"NewsMediaOrganization\",\"@id\":\"https:\/\/dicodusport.fr\/blog\/#organization\",\"name\":\"Dicodusport\",\"url\":\"https:\/\/dicodusport.fr\/blog\/\",\"logo\":{\"@type\":\"ImageObject\",\"inLanguage\":\"fr-FR\",\"@id\":\"https:\/\/dicodusport.fr\/blog\/#\/schema\/logo\/image\/\",\"url\":\"https:\/\/dicodusport.fr\/blog\/wp-content\/uploads\/2020\/06\/cropped-LOGO-DICODUSPORT-2020-SANS-FOND-SANS-TEXTE.png\",\"contentUrl\":\"https:\/\/dicodusport.fr\/blog\/wp-content\/uploads\/2020\/06\/cropped-LOGO-DICODUSPORT-2020-SANS-FOND-SANS-TEXTE.png\",\"width\":512,\"height\":512,\"caption\":\"Dicodusport\"},\"image\":{\"@id\":\"https:\/\/dicodusport.fr\/blog\/#\/schema\/logo\/image\/\"},\"sameAs\":[\"https:\/\/www.facebook.com\/dicodusport\",\"https:\/\/x.com\/dicodusport\",\"https:\/\/www.instagram.com\/dicodusport\/\",\"https:\/\/www.youtube.com\/channel\/UC7V2KZ5sd3htJivAbA4ZG3w\"],\"description\":\"Dicodusport est l'encyclop\u00e9die de l'actualit\u00e9 sportive.\",\"email\":\"bonjour@dicodusport.fr\",\"legalName\":\"DICODUSPORT\",\"foundingDate\":\"2018-01-14\",\"vatID\":\"FR71834470973\",\"taxID\":\"83447097300043\",\"numberOfEmployees\":{\"@type\":\"QuantitativeValue\",\"minValue\":\"1\",\"maxValue\":\"10\"}},{\"@type\":\"Person\",\"@id\":\"https:\/\/dicodusport.fr\/blog\/#\/schema\/person\/6db4bae06b171592211be385b32876a7\",\"name\":\"Emilien Descampiaux\",\"image\":{\"@type\":\"ImageObject\",\"inLanguage\":\"fr-FR\",\"@id\":\"https:\/\/dicodusport.fr\/blog\/#\/schema\/person\/image\/\",\"url\":\"https:\/\/dicodusport.fr\/blog\/wp-content\/uploads\/2021\/05\/Emilien-Descampiaux-150x150.jpg\",\"contentUrl\":\"https:\/\/dicodusport.fr\/blog\/wp-content\/uploads\/2021\/05\/Emilien-Descampiaux-150x150.jpg\",\"caption\":\"Emilien Descampiaux\"},\"description\":\"Journaliste\/r\u00e9dacteur depuis 2014 - Fan de la classe de Frank Vandenbroucke, je vis cyclisme (et de ses paysages) depuis plus de 20 ans. Je suis tr\u00e8s impliqu\u00e9 sur mes diff\u00e9rents r\u00e9seaux sociaux pour partager ma passion sur le monde et l'Histoire de la bicyclette avec ma voix sur les images en noir et blanc du succ\u00e8s de Rik Van Steenbergen lors du Ronde sur le V\u00e9lodrome de Gand.\",\"sameAs\":[\"https:\/\/www.facebook.com\/groups\/LesRoisDuPeloton\",\"https:\/\/x.com\/https:\/\/twitter.com\/LRoisDuPeloton\"],\"url\":\"https:\/\/dicodusport.fr\/blog\/author\/emiliend\/\"}]}<\/script>\n<!-- \/ Yoast SEO Premium plugin. -->","yoast_head_json":{"title":"Tour de La Provence 2025 : Mads Pedersen fait coup double sur la 2\u00e8me \u00e9tape","description":"TOUR DE LA PROVENCE 2025 - Mads Pedersen (Lidl-Trek) s'est adjug\u00e9 la 2\u00e8me \u00e9tape de la 9\u00e8me \u00e9dition du Tour de La Provence.","robots":{"index":"index","follow":"follow","max-snippet":"max-snippet:-1","max-image-preview":"max-image-preview:large","max-video-preview":"max-video-preview:-1"},"canonical":"https:\/\/dicodusport.fr\/blog\/tour-de-la-provence-2025-mads-pedersen-fait-coup-double-sur-la-2eme-etape\/","og_locale":"fr_FR","og_type":"article","og_title":"Tour de La Provence 2025 : Mads Pedersen fait coup double sur la 2\u00e8me \u00e9tape","og_description":"TOUR DE LA PROVENCE 2025 - Mads Pedersen (Lidl-Trek) s'est adjug\u00e9 la 2\u00e8me \u00e9tape de la 9\u00e8me \u00e9dition du Tour de La Provence.","og_url":"https:\/\/dicodusport.fr\/blog\/tour-de-la-provence-2025-mads-pedersen-fait-coup-double-sur-la-2eme-etape\/","og_site_name":"Dicodusport","article_publisher":"https:\/\/www.facebook.com\/dicodusport","article_author":"https:\/\/www.facebook.com\/groups\/LesRoisDuPeloton","article_published_time":"2025-02-15T14:56:27+00:00","article_modified_time":"2025-02-15T15:52:11+00:00","og_image":[{"width":1200,"height":674,"url":"https:\/\/dicodusport.fr\/blog\/wp-content\/uploads\/2025\/02\/Tour-de-La-Provence-2025-Mads-Pedersen-fait-coup-double-sur-la-2eme-etape.png","type":"image\/png"}],"author":"Emilien Descampiaux","twitter_card":"summary_large_image","twitter_title":"Tour de La Provence 2025 : Mads Pedersen fait coup double sur la 2\u00e8me \u00e9tape","twitter_creator":"@https:\/\/twitter.com\/LRoisDuPeloton","twitter_site":"@dicodusport","schema":{"@context":"https:\/\/schema.org","@graph":[{"@type":"NewsArticle","@id":"https:\/\/dicodusport.fr\/blog\/tour-de-la-provence-2025-mads-pedersen-fait-coup-double-sur-la-2eme-etape\/#article","isPartOf":{"@id":"https:\/\/dicodusport.fr\/blog\/tour-de-la-provence-2025-mads-pedersen-fait-coup-double-sur-la-2eme-etape\/"},"author":{"name":"Emilien Descampiaux","@id":"https:\/\/dicodusport.fr\/blog\/#\/schema\/person\/6db4bae06b171592211be385b32876a7"},"headline":"Tour de La Provence 2025 : Mads Pedersen fait coup double sur la 2\u00e8me \u00e9tape","datePublished":"2025-02-15T14:56:27+00:00","dateModified":"2025-02-15T15:52:11+00:00","mainEntityOfPage":{"@id":"https:\/\/dicodusport.fr\/blog\/tour-de-la-provence-2025-mads-pedersen-fait-coup-double-sur-la-2eme-etape\/"},"wordCount":545,"commentCount":0,"publisher":{"@id":"https:\/\/dicodusport.fr\/blog\/#organization"},"image":{"@id":"https:\/\/dicodusport.fr\/blog\/tour-de-la-provence-2025-mads-pedersen-fait-coup-double-sur-la-2eme-etape\/#primaryimage"},"thumbnailUrl":"https:\/\/dicodusport.fr\/blog\/wp-content\/uploads\/2025\/02\/Tour-de-La-Provence-2025-Mads-Pedersen-fait-coup-double-sur-la-2eme-etape.png","keywords":["actu","br\u00e8ve","Cyclisme","Tour de La Provence"],"articleSection":["Cyclisme sur route"],"inLanguage":"fr-FR","potentialAction":[{"@type":"CommentAction","name":"Comment","target":["https:\/\/dicodusport.fr\/blog\/tour-de-la-provence-2025-mads-pedersen-fait-coup-double-sur-la-2eme-etape\/#respond"]}],"copyrightYear":"2025","copyrightHolder":{"@id":"https:\/\/dicodusport.fr\/blog\/#organization"}},{"@type":"WebPage","@id":"https:\/\/dicodusport.fr\/blog\/tour-de-la-provence-2025-mads-pedersen-fait-coup-double-sur-la-2eme-etape\/","url":"https:\/\/dicodusport.fr\/blog\/tour-de-la-provence-2025-mads-pedersen-fait-coup-double-sur-la-2eme-etape\/","name":"Tour de La Provence 2025 : Mads Pedersen fait coup double sur la 2\u00e8me \u00e9tape","isPartOf":{"@id":"https:\/\/dicodusport.fr\/blog\/#website"},"primaryImageOfPage":{"@id":"https:\/\/dicodusport.fr\/blog\/tour-de-la-provence-2025-mads-pedersen-fait-coup-double-sur-la-2eme-etape\/#primaryimage"},"image":{"@id":"https:\/\/dicodusport.fr\/blog\/tour-de-la-provence-2025-mads-pedersen-fait-coup-double-sur-la-2eme-etape\/#primaryimage"},"thumbnailUrl":"https:\/\/dicodusport.fr\/blog\/wp-content\/uploads\/2025\/02\/Tour-de-La-Provence-2025-Mads-Pedersen-fait-coup-double-sur-la-2eme-etape.png","datePublished":"2025-02-15T14:56:27+00:00","dateModified":"2025-02-15T15:52:11+00:00","description":"TOUR DE LA PROVENCE 2025 - Mads Pedersen (Lidl-Trek) s'est adjug\u00e9 la 2\u00e8me \u00e9tape de la 9\u00e8me \u00e9dition du Tour de La Provence.","breadcrumb":{"@id":"https:\/\/dicodusport.fr\/blog\/tour-de-la-provence-2025-mads-pedersen-fait-coup-double-sur-la-2eme-etape\/#breadcrumb"},"inLanguage":"fr-FR","potentialAction":[{"@type":"ReadAction","target":["https:\/\/dicodusport.fr\/blog\/tour-de-la-provence-2025-mads-pedersen-fait-coup-double-sur-la-2eme-etape\/"]}]},{"@type":"ImageObject","inLanguage":"fr-FR","@id":"https:\/\/dicodusport.fr\/blog\/tour-de-la-provence-2025-mads-pedersen-fait-coup-double-sur-la-2eme-etape\/#primaryimage","url":"https:\/\/dicodusport.fr\/blog\/wp-content\/uploads\/2025\/02\/Tour-de-La-Provence-2025-Mads-Pedersen-fait-coup-double-sur-la-2eme-etape.png","contentUrl":"https:\/\/dicodusport.fr\/blog\/wp-content\/uploads\/2025\/02\/Tour-de-La-Provence-2025-Mads-Pedersen-fait-coup-double-sur-la-2eme-etape.png","width":1200,"height":674,"caption":"Tour de La Provence 2025 Mads Pedersen fait coup double sur la 2\u00e8me \u00e9tape"},{"@type":"BreadcrumbList","@id":"https:\/\/dicodusport.fr\/blog\/tour-de-la-provence-2025-mads-pedersen-fait-coup-double-sur-la-2eme-etape\/#breadcrumb","itemListElement":[{"@type":"ListItem","position":1,"name":"Accueil","item":"https:\/\/dicodusport.fr\/blog\/"},{"@type":"ListItem","position":2,"name":"Tour de La Provence 2025 : Mads Pedersen fait coup double sur la 2\u00e8me \u00e9tape"}]},{"@type":"WebSite","@id":"https:\/\/dicodusport.fr\/blog\/#website","url":"https:\/\/dicodusport.fr\/blog\/","name":"Dicodusport","description":"L&#039;encyclop\u00e9die de l&#039;actualit\u00e9 sportive","publisher":{"@id":"https:\/\/dicodusport.fr\/blog\/#organization"},"potentialAction":[{"@type":"SearchAction","target":{"@type":"EntryPoint","urlTemplate":"https:\/\/dicodusport.fr\/blog\/?s={search_term_string}"},"query-input":{"@type":"PropertyValueSpecification","valueRequired":true,"valueName":"search_term_string"}}],"inLanguage":"fr-FR"},{"@type":"NewsMediaOrganization","@id":"https:\/\/dicodusport.fr\/blog\/#organization","name":"Dicodusport","url":"https:\/\/dicodusport.fr\/blog\/","logo":{"@type":"ImageObject","inLanguage":"fr-FR","@id":"https:\/\/dicodusport.fr\/blog\/#\/schema\/logo\/image\/","url":"https:\/\/dicodusport.fr\/blog\/wp-content\/uploads\/2020\/06\/cropped-LOGO-DICODUSPORT-2020-SANS-FOND-SANS-TEXTE.png","contentUrl":"https:\/\/dicodusport.fr\/blog\/wp-content\/uploads\/2020\/06\/cropped-LOGO-DICODUSPORT-2020-SANS-FOND-SANS-TEXTE.png","width":512,"height":512,"caption":"Dicodusport"},"image":{"@id":"https:\/\/dicodusport.fr\/blog\/#\/schema\/logo\/image\/"},"sameAs":["https:\/\/www.facebook.com\/dicodusport","https:\/\/x.com\/dicodusport","https:\/\/www.instagram.com\/dicodusport\/","https:\/\/www.youtube.com\/channel\/UC7V2KZ5sd3htJivAbA4ZG3w"],"description":"Dicodusport est l'encyclop\u00e9die de l'actualit\u00e9 sportive.","email":"bonjour@dicodusport.fr","legalName":"DICODUSPORT","foundingDate":"2018-01-14","vatID":"FR71834470973","taxID":"83447097300043","numberOfEmployees":{"@type":"QuantitativeValue","minValue":"1","maxValue":"10"}},{"@type":"Person","@id":"https:\/\/dicodusport.fr\/blog\/#\/schema\/person\/6db4bae06b171592211be385b32876a7","name":"Emilien Descampiaux","image":{"@type":"ImageObject","inLanguage":"fr-FR","@id":"https:\/\/dicodusport.fr\/blog\/#\/schema\/person\/image\/","url":"https:\/\/dicodusport.fr\/blog\/wp-content\/uploads\/2021\/05\/Emilien-Descampiaux-150x150.jpg","contentUrl":"https:\/\/dicodusport.fr\/blog\/wp-content\/uploads\/2021\/05\/Emilien-Descampiaux-150x150.jpg","caption":"Emilien Descampiaux"},"description":"Journaliste\/r\u00e9dacteur depuis 2014 - Fan de la classe de Frank Vandenbroucke, je vis cyclisme (et de ses paysages) depuis plus de 20 ans. Je suis tr\u00e8s impliqu\u00e9 sur mes diff\u00e9rents r\u00e9seaux sociaux pour partager ma passion sur le monde et l'Histoire de la bicyclette avec ma voix sur les images en noir et blanc du succ\u00e8s de Rik Van Steenbergen lors du Ronde sur le V\u00e9lodrome de Gand.","sameAs":["https:\/\/www.facebook.com\/groups\/LesRoisDuPeloton","https:\/\/x.com\/https:\/\/twitter.com\/LRoisDuPeloton"],"url":"https:\/\/dicodusport.fr\/blog\/author\/emiliend\/"}]}},"_links":{"self":[{"href":"https:\/\/dicodusport.fr\/blog\/wp-json\/wp\/v2\/posts\/555815","targetHints":{"allow":["GET"]}}],"collection":[{"href":"https:\/\/dicodusport.fr\/blog\/wp-json\/wp\/v2\/posts"}],"about":[{"href":"https:\/\/dicodusport.fr\/blog\/wp-json\/wp\/v2\/types\/post"}],"author":[{"embeddable":true,"href":"https:\/\/dicodusport.fr\/blog\/wp-json\/wp\/v2\/users\/48"}],"replies":[{"embeddable":true,"href":"https:\/\/dicodusport.fr\/blog\/wp-json\/wp\/v2\/comments?post=555815"}],"version-history":[{"count":5,"href":"https:\/\/dicodusport.fr\/blog\/wp-json\/wp\/v2\/posts\/555815\/revisions"}],"predecessor-version":[{"id":555933,"href":"https:\/\/dicodusport.fr\/blog\/wp-json\/wp\/v2\/posts\/555815\/revisions\/555933"}],"wp:featuredmedia":[{"embeddable":true,"href":"https:\/\/dicodusport.fr\/blog\/wp-json\/wp\/v2\/media\/555930"}],"wp:attachment":[{"href":"https:\/\/dicodusport.fr\/blog\/wp-json\/wp\/v2\/media?parent=555815"}],"wp:term":[{"taxonomy":"category","embeddable":true,"href":"https:\/\/dicodusport.fr\/blog\/wp-json\/wp\/v2\/categories?post=555815"},{"taxonomy":"post_tag","embeddable":true,"href":"https:\/\/dicodusport.fr\/blog\/wp-json\/wp\/v2\/tags?post=555815"}],"curies":[{"name":"wp","href":"https:\/\/api.w.org\/{rel}","templated":true}]}}