{"id":556031,"date":"2025-02-15T22:47:22","date_gmt":"2025-02-15T21:47:22","guid":{"rendered":"https:\/\/dicodusport.fr\/blog\/?p=556031&#038;preview=true&#038;preview_id=556031"},"modified":"2025-03-22T06:59:17","modified_gmt":"2025-03-22T05:59:17","slug":"perche-en-or-2025-records-pour-marie-julie-bonnin-et-ersu-sasma","status":"publish","type":"post","link":"https:\/\/dicodusport.fr\/blog\/perche-en-or-2025-records-pour-marie-julie-bonnin-et-ersu-sasma\/","title":{"rendered":"Perche en Or 2025 : Records pour Marie-Julie Bonnin et Ersu Sasma"},"content":{"rendered":"<h4 style=\"text-align: justify;\"><em>ATHL\u00c9TISME &#8211; Avec des bonds respectivement \u00e0 5.90 m et 4.71 m, Ersu \u015ea\u015fma et Marie-Julie Bonnin ont domin\u00e9 le Perche en Or \u00e0 Roubaix. Le Turc n&rsquo;est pas pass\u00e9 loin de franchir les 6 m\u00e8tres, mais se \u00ab\u00a0contente\u00a0\u00bb d&rsquo;un record de Turquie \u00e9gal\u00e9, deux jours apr\u00e8s avoir franchi la m\u00eame barre \u00e0 Li\u00e9vin. La Fran\u00e7aise, elle, rejoint Margot Chevrier et Marion Fiack \u00e0 la 2e place des bilans de tous les temps de la perche femmes en France. Avant de tenter le record de France, sans succ\u00e8s.<\/em><\/h4>\n<h2 style=\"text-align: justify;\">Ersu Sasma a fait trembler la barre des 6 m\u00e8tres<\/h2>\n<p style=\"text-align: justify;\">Appelez-le, le roi de l&rsquo;impasse ! <strong>Ersu Sasma<\/strong> a encore jou\u00e9 avec les barres ce samedi. Le Turc a chang\u00e9 de statut avec sa victoire surprise sur le meeting de Li\u00e9vin ce jeudi. Comment a r\u00e9cup\u00e9r\u00e9 le Turc ? C&rsquo;\u00e9tait la question, deux jours apr\u00e8s et toujours dans le nord de la France. Il y avait des traces de fatigue. Mais il a fait une bonne entr\u00e9e dans le concours \u00e0 5.52 m. Avant de faire l&rsquo;impasse \u00e0 la barre suivante. Et \u00e0 5.72 m, il a montr\u00e9 de tr\u00e8s grandes choses. En survolant la barre. Comme \u00e0 Li\u00e9vin, il a fait le choix de l&rsquo;impasse. Cette fois-ci \u00e0 5.82 m. Pour s&rsquo;attaquer directement \u00e0 son record de Turquie, \u00e0 5.90 m, barre justement franchie deux jours plus t\u00f4t. Comme \u00e0 Li\u00e9vin, cette barre est effac\u00e9e au premier essai. Avant de tenter 6 m\u00e8tres. De tr\u00e8s belles tentatives mais sans succ\u00e8s.<\/p>\n<p style=\"text-align: justify;\">On a eu quelques surprises sur le podium. Si <strong>Li Chenyang<\/strong> a d\u00e9but\u00e9 plus bas que d&rsquo;autres athl\u00e8tes, \u00e0 5.32 m, il franchit 5.82 m \u00e0 sa deuxi\u00e8me tentative. Avec une immense facilit\u00e9. On pense alors \u00e0 un message envoy\u00e9 \u00e0 ses adversaires. Finalement, il d\u00e9cide d&rsquo;arr\u00eater son concours \u00e0 cette barre. \u00c0 trois centim\u00e8tres de son record de Chine. Il a \u00e9t\u00e9 victime de petites crampes sur son dernier saut. C&rsquo;est frustrant, mais il confirme sa grande forme. Le <strong>Perche en Or<\/strong> a \u00e9galement vu un autre record national tomber. <strong>Valters Kreiss<\/strong> s&rsquo;offre le record de Lettonie, avec un bond \u00e0 5.82 m. Et valide les minima pour les championnats du monde ext\u00e9rieurs \u00e0 Tokyo. Et prend une 3e place au nez et \u00e0 la barbe de deux autres cadors.<\/p>\n<h2 style=\"text-align: justify;\">Renaud Lavillenie confirme, deux nouveaux fran\u00e7ais r\u00e9alisent les minima<\/h2>\n<p style=\"text-align: justify;\"><strong>Renaud Lavillenie<\/strong> a effectu\u00e9 une magnifique entr\u00e9e dans le concours \u00e0 Roubaix. Il a effac\u00e9 une barre \u00e0 5.52 m. Et comme lors de ses belles \u00e9poques, il a fait l&rsquo;impasse \u00e0 la barre suivante. Il lui a fallu un essai de r\u00e9glage \u00e0 5.72 m, avant d&rsquo;effacer cette barre \u00e0 son deuxi\u00e8me essai. Pour lui, c&rsquo;est d&rsquo;ores et d\u00e9j\u00e0 une confirmation du concours \u00e0 Caen, o\u00f9 il avait franchi 5.80 m. Et il n&rsquo;a pas manqu\u00e9 grand-chose, sur sa troisi\u00e8me tentative \u00e0 5.82 m. <strong>Chris Nilsen\u00a0<\/strong>n&rsquo;arrive pas \u00e0 totalement confirmer, apr\u00e8s avoir \u00e9norm\u00e9ment saut\u00e9. Celui qui a saut\u00e9 \u00e0 6.01 m, il y a deux semaines, se contente d&rsquo;un bond \u00e0 5.72 m ce samedi soir.<\/p>\n<blockquote class=\"twitter-tweet\">\n<p dir=\"ltr\" lang=\"fr\">\u26a1 Renaud Lavillenie \u00e9choue \u00e0 5m82 ! Troisi\u00e8me essai manqu\u00e9, il reste bloqu\u00e9 \u00e0 5m72. Un m\u00e9lange de frustration et d\u2019espoir pour le champion.<a href=\"https:\/\/twitter.com\/hashtag\/lequipeATHLE?src=hash&amp;ref_src=twsrc%5Etfw\">#lequipeATHLE<\/a> <a href=\"https:\/\/t.co\/0CFUutQgZG\">pic.twitter.com\/0CFUutQgZG<\/a><\/p>\n<p>\u2014 la chaine L&rsquo;\u00c9quipe (@lachainelequipe) <a href=\"https:\/\/twitter.com\/lachainelequipe\/status\/1890878337960087735?ref_src=twsrc%5Etfw\">February 15, 2025<\/a><\/p><\/blockquote>\n<p><script async src=\"https:\/\/platform.twitter.com\/widgets.js\" charset=\"utf-8\"><\/script><\/p>\n<p style=\"text-align: justify;\">Il y a d\u00e9sormais cinq perchistes qui ont r\u00e9alis\u00e9 les mimina FFA pour les Europe.<strong> Mathieu Collet<\/strong> r\u00e9alise les minima pour les championnats d&rsquo;Europe en salle, avec un bond \u00e0 5.72 m, \u00e0 deux centim\u00e8tres de son record personnel. C&rsquo;est \u00e9galement le cas pour <strong>Anthony Ammirati.<\/strong> L&rsquo;athl\u00e8te qui a particip\u00e9 aux JO a consid\u00e9rablement pris de la hauteur, par rapport au meeting de Paris. Avec une barre \u00e0 5.72 m. Les deux athl\u00e8tes se sont attaqu\u00e9s sans succ\u00e8s \u00e0 une barre \u00e0 5.82 m. Il y a eu des tentatives prometteuses pour le premier cit\u00e9, qui a clairement les 5.80 m dans les jambes. <strong>Tristan Despres<\/strong> \u00e9gale son record personnel, avec un bond \u00e0 5.62 m. Il ne lui en a pas manqu\u00e9 beaucoup pour rejoindre le club des minima FFA. Notamment sur un deuxi\u00e8me essai tr\u00e8s probant \u00e0 5.72 m. <strong>Robin Emig<\/strong> se cherche encore, apr\u00e8s une pr\u00e9pa marqu\u00e9e par des petites blessures. L&rsquo;international en reste \u00e0 un bond \u00e0 5.42 m.<\/p>\n<h2 style=\"text-align: justify;\">Marie-Julie Bonnin, 2\u00e8me fran\u00e7aise de tous les temps<\/h2>\n<p style=\"text-align: justify;\"><strong>Marie-Julie Bonnin<\/strong> a rejoint <strong>Margot Chevrier<\/strong> et <strong>Marion Fiack<\/strong> \u00e0 la deuxi\u00e8me place des bilans tous temps \u00e0 la perche fran\u00e7aise. En franchissant 4.71 m. Une barre qu&rsquo;on savait qu&rsquo;elle avait dans les jambes, au vu de son d\u00e9but de saison absolument solide. Elle a fait le choix de d\u00e9marrer neuf centim\u00e8tres plus bas que jeudi, lors du meeting de Li\u00e9vin. Pas de frayeur, comme il y a deux jours, avec une barre franchie au premier essai \u00e0 4.46 m. Elle a d\u00fb s&rsquo;y reprendre \u00e0 deux fois pour effacer 4.55 m, mais l&rsquo;a fait avec \u00e9norm\u00e9ment de marge, malgr\u00e9 un saut perfectible. La meilleure fran\u00e7aise en 2025 est en grande forme en cet hiver. Sa facilit\u00e9 \u00e0 4.63 m ne fait que confirmer cette impression. Apr\u00e8s avoir franchi 4.71 m, elle a tent\u00e9 une barre \u00e0 4.76 m, synonyme de nouveau record de France. Mais sans succ\u00e8s.<\/p>\n<blockquote class=\"twitter-tweet\">\n<p dir=\"ltr\" lang=\"fr\">RECORD PERSONNEL POUR MARIE-JULIE BONNIN !!!<\/p>\n<p>4.71 m pour la Fran\u00e7aise ! Qui rejoint Margot Chevrier et Marion Fiack \u00e0 la 2e place des bilans toutes performances chez les Fran\u00e7aises !<\/p>\n<p>\u2014 Etienne Goursaud \uea00\ud83c\uddeb\ud83c\uddf7 (@EtienneGoursaud) <a href=\"https:\/\/twitter.com\/EtienneGoursaud\/status\/1890875509468266743?ref_src=twsrc%5Etfw\">February 15, 2025<\/a><\/p><\/blockquote>\n<p><script async src=\"https:\/\/platform.twitter.com\/widgets.js\" charset=\"utf-8\"><\/script><\/p>\n<p style=\"text-align: justify;\">Pourtant, il y a eu plus de concurrence que pr\u00e9vu pour la Fran\u00e7aise. On pouvait craindre que \u00ab\u00a0MJ\u00a0\u00bb se retrouve rapidement seule. Mais elle a \u00e9t\u00e9 challeng\u00e9e jusqu&rsquo;\u00e0 4.63 m (non inclus). Des challengeuses, \u00e0 l&rsquo;image de la Norv\u00e9gienne <strong>Kitty Faye<\/strong>, qui s&rsquo;offre par deux fois son record personnel. Pour le porter \u00e0 4.55 m. Un magnifique concours de l&rsquo;athl\u00e8te qui monte sur le podium \u00e0 Roubaix. 4.55 m, une barre \u00e9galement franchie par la Finlandaise<strong> Elina Lampela<\/strong>, qui \u00e9gale sa meilleure performance de la saison et confirme une tr\u00e8s belle r\u00e9gularit\u00e9. Les deux athl\u00e8tes du Nord ont \u00e9chou\u00e9 \u00e0 4.63 m, mais r\u00e9alise toutes deux un tr\u00e8s bon concours.<\/p>\n<h2 style=\"text-align: justify;\">Alix Dehaynain a trouv\u00e9 la cl\u00e9<\/h2>\n<p style=\"text-align: justify;\">Comme <strong>Alix Dehaynain<\/strong>,qui \u00e9voluait \u00e0 domicile et qui s&rsquo;est totalement retrouv\u00e9e apr\u00e8s un d\u00e9but d&rsquo;hiver compliqu\u00e9. Et s&rsquo;enl\u00e8ve une \u00e9pine du le pied, avec une barre franchie \u00e0 4.46 m, \u00e0 son deuxi\u00e8me essai. De loin son meilleur saut de sa saison. Et \u00e0 sept centim\u00e8tres de son record. Elle a retrouv\u00e9 \u00e9norm\u00e9ment de vitesse dans sa course d&rsquo;\u00e9lan. Ses tentatives \u00e0 4.55 m sont plut\u00f4t prometteuses. Elle s&rsquo;est remise sur les bons rails et on peut esp\u00e9rer qu&rsquo;elle retrouve les 4.50 m, assez rapidement.<strong> Louise Boulent<\/strong> s&rsquo;est arr\u00eat\u00e9e \u00e0 un bond \u00e0 4.27 m,<strong> \u00c9lise Russis<\/strong> et<strong> No\u00e9mie Dambry<\/strong> \u00e0 4.17 m.<\/p>\n<p style=\"text-align: justify;\">\n","protected":false},"excerpt":{"rendered":"<p>ATHL\u00c9TISME &#8211; Avec des bonds respectivement \u00e0 5.90 m et 4.71 m, Ersu Sasma et Marie-Julie Bonnin ont domin\u00e9 le Perche en Or \u00e0 Roubaix.<\/p>\n","protected":false},"author":83,"featured_media":556146,"comment_status":"open","ping_status":"closed","sticky":false,"template":"","format":"standard","meta":{"_acf_changed":false,"_daextam_enable_autolinks":"1","footnotes":""},"categories":[2308],"tags":[32415,143,16878,32833,1036],"class_list":["post-556031","post","type-post","status-publish","format-standard","has-post-thumbnail","hentry","category-athletisme","tag-actu","tag-athletisme","tag-breve","tag-marie-julie-bonnin","tag-renaud-lavillenie"],"acf":[],"yoast_head":"<!-- This site is optimized with the Yoast SEO Premium plugin v26.7 (Yoast SEO v26.7) - https:\/\/yoast.com\/wordpress\/plugins\/seo\/ -->\n<title>Perche en Or 2025 : Records pour Marie-Julie Bonnin et Ersu Sasma<\/title>\n<meta name=\"description\" content=\"ATHL\u00c9TISME - Avec des bonds respectivement \u00e0 5.90 m et 4.71 m, Ersu Sasma et Marie-Julie Bonnin ont domin\u00e9 le Perche en Or \u00e0 Roubaix.\" \/>\n<meta name=\"robots\" content=\"index, follow, max-snippet:-1, max-image-preview:large, max-video-preview:-1\" \/>\n<link rel=\"canonical\" href=\"https:\/\/dicodusport.fr\/blog\/perche-en-or-2025-records-pour-marie-julie-bonnin-et-ersu-sasma\/\" \/>\n<meta property=\"og:locale\" content=\"fr_FR\" \/>\n<meta property=\"og:type\" content=\"article\" \/>\n<meta property=\"og:title\" content=\"Perche en Or 2025 : Records pour Marie-Julie Bonnin et Ersu Sasma\" \/>\n<meta property=\"og:description\" content=\"ATHL\u00c9TISME - Avec des bonds respectivement \u00e0 5.90 m et 4.71 m, Ersu Sasma et Marie-Julie Bonnin ont domin\u00e9 le Perche en Or \u00e0 Roubaix.\" \/>\n<meta property=\"og:url\" content=\"https:\/\/dicodusport.fr\/blog\/perche-en-or-2025-records-pour-marie-julie-bonnin-et-ersu-sasma\/\" \/>\n<meta property=\"og:site_name\" content=\"Dicodusport\" \/>\n<meta property=\"article:publisher\" content=\"https:\/\/www.facebook.com\/dicodusport\" \/>\n<meta property=\"article:published_time\" content=\"2025-02-15T21:47:22+00:00\" \/>\n<meta property=\"article:modified_time\" content=\"2025-03-22T05:59:17+00:00\" \/>\n<meta property=\"og:image\" content=\"https:\/\/dicodusport.fr\/blog\/wp-content\/uploads\/2025\/02\/Perche-en-Or-2025-Records-pour-Marie-Julie-Bonnin-et-Ersu-Sasma.png\" \/>\n\t<meta property=\"og:image:width\" content=\"1200\" \/>\n\t<meta property=\"og:image:height\" content=\"674\" \/>\n\t<meta property=\"og:image:type\" content=\"image\/png\" \/>\n<meta name=\"author\" content=\"Etienne Goursaud\" \/>\n<meta name=\"twitter:card\" content=\"summary_large_image\" \/>\n<meta name=\"twitter:title\" content=\"Perche en Or 2025 : Records pour Marie-Julie Bonnin et Ersu Sasma\" \/>\n<meta name=\"twitter:creator\" content=\"@dicodusport\" \/>\n<meta name=\"twitter:site\" content=\"@dicodusport\" \/>\n<script type=\"application\/ld+json\" class=\"yoast-schema-graph\">{\"@context\":\"https:\/\/schema.org\",\"@graph\":[{\"@type\":\"NewsArticle\",\"@id\":\"https:\/\/dicodusport.fr\/blog\/perche-en-or-2025-records-pour-marie-julie-bonnin-et-ersu-sasma\/#article\",\"isPartOf\":{\"@id\":\"https:\/\/dicodusport.fr\/blog\/perche-en-or-2025-records-pour-marie-julie-bonnin-et-ersu-sasma\/\"},\"author\":{\"name\":\"Etienne Goursaud\",\"@id\":\"https:\/\/dicodusport.fr\/blog\/#\/schema\/person\/d603dd7da31fb2b46c82b9835a77ec13\"},\"headline\":\"Perche en Or 2025 : Records pour Marie-Julie Bonnin et Ersu Sasma\",\"datePublished\":\"2025-02-15T21:47:22+00:00\",\"dateModified\":\"2025-03-22T05:59:17+00:00\",\"mainEntityOfPage\":{\"@id\":\"https:\/\/dicodusport.fr\/blog\/perche-en-or-2025-records-pour-marie-julie-bonnin-et-ersu-sasma\/\"},\"wordCount\":1142,\"commentCount\":0,\"publisher\":{\"@id\":\"https:\/\/dicodusport.fr\/blog\/#organization\"},\"image\":{\"@id\":\"https:\/\/dicodusport.fr\/blog\/perche-en-or-2025-records-pour-marie-julie-bonnin-et-ersu-sasma\/#primaryimage\"},\"thumbnailUrl\":\"https:\/\/dicodusport.fr\/blog\/wp-content\/uploads\/2025\/02\/Perche-en-Or-2025-Records-pour-Marie-Julie-Bonnin-et-Ersu-Sasma.png\",\"keywords\":[\"actu\",\"Athl\u00e9tisme\",\"br\u00e8ve\",\"Marie-Julie Bonnin\",\"renaud lavillenie\"],\"articleSection\":[\"Athl\u00e9tisme\"],\"inLanguage\":\"fr-FR\",\"potentialAction\":[{\"@type\":\"CommentAction\",\"name\":\"Comment\",\"target\":[\"https:\/\/dicodusport.fr\/blog\/perche-en-or-2025-records-pour-marie-julie-bonnin-et-ersu-sasma\/#respond\"]}],\"copyrightYear\":\"2025\",\"copyrightHolder\":{\"@id\":\"https:\/\/dicodusport.fr\/blog\/#organization\"}},{\"@type\":\"WebPage\",\"@id\":\"https:\/\/dicodusport.fr\/blog\/perche-en-or-2025-records-pour-marie-julie-bonnin-et-ersu-sasma\/\",\"url\":\"https:\/\/dicodusport.fr\/blog\/perche-en-or-2025-records-pour-marie-julie-bonnin-et-ersu-sasma\/\",\"name\":\"Perche en Or 2025 : Records pour Marie-Julie Bonnin et Ersu Sasma\",\"isPartOf\":{\"@id\":\"https:\/\/dicodusport.fr\/blog\/#website\"},\"primaryImageOfPage\":{\"@id\":\"https:\/\/dicodusport.fr\/blog\/perche-en-or-2025-records-pour-marie-julie-bonnin-et-ersu-sasma\/#primaryimage\"},\"image\":{\"@id\":\"https:\/\/dicodusport.fr\/blog\/perche-en-or-2025-records-pour-marie-julie-bonnin-et-ersu-sasma\/#primaryimage\"},\"thumbnailUrl\":\"https:\/\/dicodusport.fr\/blog\/wp-content\/uploads\/2025\/02\/Perche-en-Or-2025-Records-pour-Marie-Julie-Bonnin-et-Ersu-Sasma.png\",\"datePublished\":\"2025-02-15T21:47:22+00:00\",\"dateModified\":\"2025-03-22T05:59:17+00:00\",\"description\":\"ATHL\u00c9TISME - Avec des bonds respectivement \u00e0 5.90 m et 4.71 m, Ersu Sasma et Marie-Julie Bonnin ont domin\u00e9 le Perche en Or \u00e0 Roubaix.\",\"breadcrumb\":{\"@id\":\"https:\/\/dicodusport.fr\/blog\/perche-en-or-2025-records-pour-marie-julie-bonnin-et-ersu-sasma\/#breadcrumb\"},\"inLanguage\":\"fr-FR\",\"potentialAction\":[{\"@type\":\"ReadAction\",\"target\":[\"https:\/\/dicodusport.fr\/blog\/perche-en-or-2025-records-pour-marie-julie-bonnin-et-ersu-sasma\/\"]}]},{\"@type\":\"ImageObject\",\"inLanguage\":\"fr-FR\",\"@id\":\"https:\/\/dicodusport.fr\/blog\/perche-en-or-2025-records-pour-marie-julie-bonnin-et-ersu-sasma\/#primaryimage\",\"url\":\"https:\/\/dicodusport.fr\/blog\/wp-content\/uploads\/2025\/02\/Perche-en-Or-2025-Records-pour-Marie-Julie-Bonnin-et-Ersu-Sasma.png\",\"contentUrl\":\"https:\/\/dicodusport.fr\/blog\/wp-content\/uploads\/2025\/02\/Perche-en-Or-2025-Records-pour-Marie-Julie-Bonnin-et-Ersu-Sasma.png\",\"width\":1200,\"height\":674,\"caption\":\"Perche en Or 2025 : Records pour Marie-Julie Bonnin et Ersu Sasma\"},{\"@type\":\"BreadcrumbList\",\"@id\":\"https:\/\/dicodusport.fr\/blog\/perche-en-or-2025-records-pour-marie-julie-bonnin-et-ersu-sasma\/#breadcrumb\",\"itemListElement\":[{\"@type\":\"ListItem\",\"position\":1,\"name\":\"Accueil\",\"item\":\"https:\/\/dicodusport.fr\/blog\/\"},{\"@type\":\"ListItem\",\"position\":2,\"name\":\"Perche en Or 2025 : Records pour Marie-Julie Bonnin et Ersu Sasma\"}]},{\"@type\":\"WebSite\",\"@id\":\"https:\/\/dicodusport.fr\/blog\/#website\",\"url\":\"https:\/\/dicodusport.fr\/blog\/\",\"name\":\"Dicodusport\",\"description\":\"L&#039;encyclop\u00e9die de l&#039;actualit\u00e9 sportive\",\"publisher\":{\"@id\":\"https:\/\/dicodusport.fr\/blog\/#organization\"},\"potentialAction\":[{\"@type\":\"SearchAction\",\"target\":{\"@type\":\"EntryPoint\",\"urlTemplate\":\"https:\/\/dicodusport.fr\/blog\/?s={search_term_string}\"},\"query-input\":{\"@type\":\"PropertyValueSpecification\",\"valueRequired\":true,\"valueName\":\"search_term_string\"}}],\"inLanguage\":\"fr-FR\"},{\"@type\":\"NewsMediaOrganization\",\"@id\":\"https:\/\/dicodusport.fr\/blog\/#organization\",\"name\":\"Dicodusport\",\"url\":\"https:\/\/dicodusport.fr\/blog\/\",\"logo\":{\"@type\":\"ImageObject\",\"inLanguage\":\"fr-FR\",\"@id\":\"https:\/\/dicodusport.fr\/blog\/#\/schema\/logo\/image\/\",\"url\":\"https:\/\/dicodusport.fr\/blog\/wp-content\/uploads\/2020\/06\/cropped-LOGO-DICODUSPORT-2020-SANS-FOND-SANS-TEXTE.png\",\"contentUrl\":\"https:\/\/dicodusport.fr\/blog\/wp-content\/uploads\/2020\/06\/cropped-LOGO-DICODUSPORT-2020-SANS-FOND-SANS-TEXTE.png\",\"width\":512,\"height\":512,\"caption\":\"Dicodusport\"},\"image\":{\"@id\":\"https:\/\/dicodusport.fr\/blog\/#\/schema\/logo\/image\/\"},\"sameAs\":[\"https:\/\/www.facebook.com\/dicodusport\",\"https:\/\/x.com\/dicodusport\",\"https:\/\/www.instagram.com\/dicodusport\/\",\"https:\/\/www.youtube.com\/channel\/UC7V2KZ5sd3htJivAbA4ZG3w\"],\"description\":\"Dicodusport est l'encyclop\u00e9die de l'actualit\u00e9 sportive.\",\"email\":\"bonjour@dicodusport.fr\",\"legalName\":\"DICODUSPORT\",\"foundingDate\":\"2018-01-14\",\"vatID\":\"FR71834470973\",\"taxID\":\"83447097300043\",\"numberOfEmployees\":{\"@type\":\"QuantitativeValue\",\"minValue\":\"1\",\"maxValue\":\"10\"}},{\"@type\":\"Person\",\"@id\":\"https:\/\/dicodusport.fr\/blog\/#\/schema\/person\/d603dd7da31fb2b46c82b9835a77ec13\",\"name\":\"Etienne Goursaud\",\"image\":{\"@type\":\"ImageObject\",\"inLanguage\":\"fr-FR\",\"@id\":\"https:\/\/dicodusport.fr\/blog\/#\/schema\/person\/image\/\",\"url\":\"https:\/\/dicodusport.fr\/blog\/wp-content\/uploads\/2023\/12\/410122264_10231602061736049_5565839791558026645_n-150x150.jpg\",\"contentUrl\":\"https:\/\/dicodusport.fr\/blog\/wp-content\/uploads\/2023\/12\/410122264_10231602061736049_5565839791558026645_n-150x150.jpg\",\"caption\":\"Etienne Goursaud\"},\"description\":\"Journaliste et amoureux de sport. Ancien footballeur reconverti athl\u00e8te quand ses muscles le laissent tranquille. \u00c9lev\u00e9 \u00e0 la sauce des exploits de Thomas Voeckler en 2004, du dernier essai de l\u00e9gende de Eunice Barber \u00e0 la longueur lors des championnats du monde d'athl\u00e9tisme de 2003 mais aussi Zidane, Omeyer et Titou Lamaison.\",\"url\":\"https:\/\/dicodusport.fr\/blog\/author\/etienne-goursaud\/\"}]}<\/script>\n<!-- \/ Yoast SEO Premium plugin. -->","yoast_head_json":{"title":"Perche en Or 2025 : Records pour Marie-Julie Bonnin et Ersu Sasma","description":"ATHL\u00c9TISME - Avec des bonds respectivement \u00e0 5.90 m et 4.71 m, Ersu Sasma et Marie-Julie Bonnin ont domin\u00e9 le Perche en Or \u00e0 Roubaix.","robots":{"index":"index","follow":"follow","max-snippet":"max-snippet:-1","max-image-preview":"max-image-preview:large","max-video-preview":"max-video-preview:-1"},"canonical":"https:\/\/dicodusport.fr\/blog\/perche-en-or-2025-records-pour-marie-julie-bonnin-et-ersu-sasma\/","og_locale":"fr_FR","og_type":"article","og_title":"Perche en Or 2025 : Records pour Marie-Julie Bonnin et Ersu Sasma","og_description":"ATHL\u00c9TISME - Avec des bonds respectivement \u00e0 5.90 m et 4.71 m, Ersu Sasma et Marie-Julie Bonnin ont domin\u00e9 le Perche en Or \u00e0 Roubaix.","og_url":"https:\/\/dicodusport.fr\/blog\/perche-en-or-2025-records-pour-marie-julie-bonnin-et-ersu-sasma\/","og_site_name":"Dicodusport","article_publisher":"https:\/\/www.facebook.com\/dicodusport","article_published_time":"2025-02-15T21:47:22+00:00","article_modified_time":"2025-03-22T05:59:17+00:00","og_image":[{"width":1200,"height":674,"url":"https:\/\/dicodusport.fr\/blog\/wp-content\/uploads\/2025\/02\/Perche-en-Or-2025-Records-pour-Marie-Julie-Bonnin-et-Ersu-Sasma.png","type":"image\/png"}],"author":"Etienne Goursaud","twitter_card":"summary_large_image","twitter_title":"Perche en Or 2025 : Records pour Marie-Julie Bonnin et Ersu Sasma","twitter_creator":"@dicodusport","twitter_site":"@dicodusport","schema":{"@context":"https:\/\/schema.org","@graph":[{"@type":"NewsArticle","@id":"https:\/\/dicodusport.fr\/blog\/perche-en-or-2025-records-pour-marie-julie-bonnin-et-ersu-sasma\/#article","isPartOf":{"@id":"https:\/\/dicodusport.fr\/blog\/perche-en-or-2025-records-pour-marie-julie-bonnin-et-ersu-sasma\/"},"author":{"name":"Etienne Goursaud","@id":"https:\/\/dicodusport.fr\/blog\/#\/schema\/person\/d603dd7da31fb2b46c82b9835a77ec13"},"headline":"Perche en Or 2025 : Records pour Marie-Julie Bonnin et Ersu Sasma","datePublished":"2025-02-15T21:47:22+00:00","dateModified":"2025-03-22T05:59:17+00:00","mainEntityOfPage":{"@id":"https:\/\/dicodusport.fr\/blog\/perche-en-or-2025-records-pour-marie-julie-bonnin-et-ersu-sasma\/"},"wordCount":1142,"commentCount":0,"publisher":{"@id":"https:\/\/dicodusport.fr\/blog\/#organization"},"image":{"@id":"https:\/\/dicodusport.fr\/blog\/perche-en-or-2025-records-pour-marie-julie-bonnin-et-ersu-sasma\/#primaryimage"},"thumbnailUrl":"https:\/\/dicodusport.fr\/blog\/wp-content\/uploads\/2025\/02\/Perche-en-Or-2025-Records-pour-Marie-Julie-Bonnin-et-Ersu-Sasma.png","keywords":["actu","Athl\u00e9tisme","br\u00e8ve","Marie-Julie Bonnin","renaud lavillenie"],"articleSection":["Athl\u00e9tisme"],"inLanguage":"fr-FR","potentialAction":[{"@type":"CommentAction","name":"Comment","target":["https:\/\/dicodusport.fr\/blog\/perche-en-or-2025-records-pour-marie-julie-bonnin-et-ersu-sasma\/#respond"]}],"copyrightYear":"2025","copyrightHolder":{"@id":"https:\/\/dicodusport.fr\/blog\/#organization"}},{"@type":"WebPage","@id":"https:\/\/dicodusport.fr\/blog\/perche-en-or-2025-records-pour-marie-julie-bonnin-et-ersu-sasma\/","url":"https:\/\/dicodusport.fr\/blog\/perche-en-or-2025-records-pour-marie-julie-bonnin-et-ersu-sasma\/","name":"Perche en Or 2025 : Records pour Marie-Julie Bonnin et Ersu Sasma","isPartOf":{"@id":"https:\/\/dicodusport.fr\/blog\/#website"},"primaryImageOfPage":{"@id":"https:\/\/dicodusport.fr\/blog\/perche-en-or-2025-records-pour-marie-julie-bonnin-et-ersu-sasma\/#primaryimage"},"image":{"@id":"https:\/\/dicodusport.fr\/blog\/perche-en-or-2025-records-pour-marie-julie-bonnin-et-ersu-sasma\/#primaryimage"},"thumbnailUrl":"https:\/\/dicodusport.fr\/blog\/wp-content\/uploads\/2025\/02\/Perche-en-Or-2025-Records-pour-Marie-Julie-Bonnin-et-Ersu-Sasma.png","datePublished":"2025-02-15T21:47:22+00:00","dateModified":"2025-03-22T05:59:17+00:00","description":"ATHL\u00c9TISME - Avec des bonds respectivement \u00e0 5.90 m et 4.71 m, Ersu Sasma et Marie-Julie Bonnin ont domin\u00e9 le Perche en Or \u00e0 Roubaix.","breadcrumb":{"@id":"https:\/\/dicodusport.fr\/blog\/perche-en-or-2025-records-pour-marie-julie-bonnin-et-ersu-sasma\/#breadcrumb"},"inLanguage":"fr-FR","potentialAction":[{"@type":"ReadAction","target":["https:\/\/dicodusport.fr\/blog\/perche-en-or-2025-records-pour-marie-julie-bonnin-et-ersu-sasma\/"]}]},{"@type":"ImageObject","inLanguage":"fr-FR","@id":"https:\/\/dicodusport.fr\/blog\/perche-en-or-2025-records-pour-marie-julie-bonnin-et-ersu-sasma\/#primaryimage","url":"https:\/\/dicodusport.fr\/blog\/wp-content\/uploads\/2025\/02\/Perche-en-Or-2025-Records-pour-Marie-Julie-Bonnin-et-Ersu-Sasma.png","contentUrl":"https:\/\/dicodusport.fr\/blog\/wp-content\/uploads\/2025\/02\/Perche-en-Or-2025-Records-pour-Marie-Julie-Bonnin-et-Ersu-Sasma.png","width":1200,"height":674,"caption":"Perche en Or 2025 : Records pour Marie-Julie Bonnin et Ersu Sasma"},{"@type":"BreadcrumbList","@id":"https:\/\/dicodusport.fr\/blog\/perche-en-or-2025-records-pour-marie-julie-bonnin-et-ersu-sasma\/#breadcrumb","itemListElement":[{"@type":"ListItem","position":1,"name":"Accueil","item":"https:\/\/dicodusport.fr\/blog\/"},{"@type":"ListItem","position":2,"name":"Perche en Or 2025 : Records pour Marie-Julie Bonnin et Ersu Sasma"}]},{"@type":"WebSite","@id":"https:\/\/dicodusport.fr\/blog\/#website","url":"https:\/\/dicodusport.fr\/blog\/","name":"Dicodusport","description":"L&#039;encyclop\u00e9die de l&#039;actualit\u00e9 sportive","publisher":{"@id":"https:\/\/dicodusport.fr\/blog\/#organization"},"potentialAction":[{"@type":"SearchAction","target":{"@type":"EntryPoint","urlTemplate":"https:\/\/dicodusport.fr\/blog\/?s={search_term_string}"},"query-input":{"@type":"PropertyValueSpecification","valueRequired":true,"valueName":"search_term_string"}}],"inLanguage":"fr-FR"},{"@type":"NewsMediaOrganization","@id":"https:\/\/dicodusport.fr\/blog\/#organization","name":"Dicodusport","url":"https:\/\/dicodusport.fr\/blog\/","logo":{"@type":"ImageObject","inLanguage":"fr-FR","@id":"https:\/\/dicodusport.fr\/blog\/#\/schema\/logo\/image\/","url":"https:\/\/dicodusport.fr\/blog\/wp-content\/uploads\/2020\/06\/cropped-LOGO-DICODUSPORT-2020-SANS-FOND-SANS-TEXTE.png","contentUrl":"https:\/\/dicodusport.fr\/blog\/wp-content\/uploads\/2020\/06\/cropped-LOGO-DICODUSPORT-2020-SANS-FOND-SANS-TEXTE.png","width":512,"height":512,"caption":"Dicodusport"},"image":{"@id":"https:\/\/dicodusport.fr\/blog\/#\/schema\/logo\/image\/"},"sameAs":["https:\/\/www.facebook.com\/dicodusport","https:\/\/x.com\/dicodusport","https:\/\/www.instagram.com\/dicodusport\/","https:\/\/www.youtube.com\/channel\/UC7V2KZ5sd3htJivAbA4ZG3w"],"description":"Dicodusport est l'encyclop\u00e9die de l'actualit\u00e9 sportive.","email":"bonjour@dicodusport.fr","legalName":"DICODUSPORT","foundingDate":"2018-01-14","vatID":"FR71834470973","taxID":"83447097300043","numberOfEmployees":{"@type":"QuantitativeValue","minValue":"1","maxValue":"10"}},{"@type":"Person","@id":"https:\/\/dicodusport.fr\/blog\/#\/schema\/person\/d603dd7da31fb2b46c82b9835a77ec13","name":"Etienne Goursaud","image":{"@type":"ImageObject","inLanguage":"fr-FR","@id":"https:\/\/dicodusport.fr\/blog\/#\/schema\/person\/image\/","url":"https:\/\/dicodusport.fr\/blog\/wp-content\/uploads\/2023\/12\/410122264_10231602061736049_5565839791558026645_n-150x150.jpg","contentUrl":"https:\/\/dicodusport.fr\/blog\/wp-content\/uploads\/2023\/12\/410122264_10231602061736049_5565839791558026645_n-150x150.jpg","caption":"Etienne Goursaud"},"description":"Journaliste et amoureux de sport. Ancien footballeur reconverti athl\u00e8te quand ses muscles le laissent tranquille. \u00c9lev\u00e9 \u00e0 la sauce des exploits de Thomas Voeckler en 2004, du dernier essai de l\u00e9gende de Eunice Barber \u00e0 la longueur lors des championnats du monde d'athl\u00e9tisme de 2003 mais aussi Zidane, Omeyer et Titou Lamaison.","url":"https:\/\/dicodusport.fr\/blog\/author\/etienne-goursaud\/"}]}},"_links":{"self":[{"href":"https:\/\/dicodusport.fr\/blog\/wp-json\/wp\/v2\/posts\/556031","targetHints":{"allow":["GET"]}}],"collection":[{"href":"https:\/\/dicodusport.fr\/blog\/wp-json\/wp\/v2\/posts"}],"about":[{"href":"https:\/\/dicodusport.fr\/blog\/wp-json\/wp\/v2\/types\/post"}],"author":[{"embeddable":true,"href":"https:\/\/dicodusport.fr\/blog\/wp-json\/wp\/v2\/users\/83"}],"replies":[{"embeddable":true,"href":"https:\/\/dicodusport.fr\/blog\/wp-json\/wp\/v2\/comments?post=556031"}],"version-history":[{"count":5,"href":"https:\/\/dicodusport.fr\/blog\/wp-json\/wp\/v2\/posts\/556031\/revisions"}],"predecessor-version":[{"id":566235,"href":"https:\/\/dicodusport.fr\/blog\/wp-json\/wp\/v2\/posts\/556031\/revisions\/566235"}],"wp:featuredmedia":[{"embeddable":true,"href":"https:\/\/dicodusport.fr\/blog\/wp-json\/wp\/v2\/media\/556146"}],"wp:attachment":[{"href":"https:\/\/dicodusport.fr\/blog\/wp-json\/wp\/v2\/media?parent=556031"}],"wp:term":[{"taxonomy":"category","embeddable":true,"href":"https:\/\/dicodusport.fr\/blog\/wp-json\/wp\/v2\/categories?post=556031"},{"taxonomy":"post_tag","embeddable":true,"href":"https:\/\/dicodusport.fr\/blog\/wp-json\/wp\/v2\/tags?post=556031"}],"curies":[{"name":"wp","href":"https:\/\/api.w.org\/{rel}","templated":true}]}}