{"id":556094,"date":"2025-03-09T19:00:41","date_gmt":"2025-03-09T18:00:41","guid":{"rendered":"https:\/\/dicodusport.fr\/blog\/?p=556094&#038;preview=true&#038;preview_id=556094"},"modified":"2025-03-23T14:44:54","modified_gmt":"2025-03-23T13:44:54","slug":"athletisme-programme-et-resultats-championnats-deurope-en-salle-2025","status":"publish","type":"post","link":"https:\/\/dicodusport.fr\/blog\/athletisme-programme-et-resultats-championnats-deurope-en-salle-2025\/","title":{"rendered":"Athl\u00e9tisme &#8211; Palmar\u00e8s complet et r\u00e9sultats Championnats d&rsquo;Europe en salle 2025"},"content":{"rendered":"<h4 style=\"text-align: justify;\"><em><i>ATHL\u00c9TISME &#8211; CHAMPIONNATS D&rsquo;EUROPE EN SALLE 2025 &#8211; <\/i>Les Championnats d&rsquo;Europe en salle d&rsquo;athl\u00e9tisme se d\u00e9roulent du 6 au 9 mars \u00e0 Apeldoorn (Pays-Bas). Voici le programme et les r\u00e9sultats de la comp\u00e9tition.<\/em><\/h4>\n<p style=\"text-align: justify;\">L&rsquo;int\u00e9gralit\u00e9 de la comp\u00e9tition est \u00e0 suivre sur <a href=\"https:\/\/eurovisionsport.com\/explore\/competition?id=Generic-Schedule-Landing-Page&amp;cId=20250306EAApeldoorn\" target=\"_blank\" rel=\"noopener\"><strong>Eurovision Sport<\/strong><\/a>.<\/p>\n<hr \/>\n<ul>\n<li><a href=\"https:\/\/dicodusport.fr\/blog\/athletisme-championnats-deurope-salle-2025-la-selection-francaise-devoilee\/\" target=\"_blank\" rel=\"noopener\"><strong>La s\u00e9lection fran\u00e7aise<\/strong><\/a><\/li>\n<\/ul>\n<hr \/>\n<h2 style=\"text-align: justify;\">Le programme complet<\/h2>\n<p style=\"text-align: justify;\"><div class=\"su-tabs su-tabs-style-default su-tabs-mobile-stack\" data-active=\"4\" data-scroll-offset=\"0\" data-anchor-in-url=\"no\"><div class=\"su-tabs-nav\"><span class=\"\" data-url=\"\" data-target=\"blank\" tabindex=\"0\" role=\"button\">Jeudi 6 mars<\/span><span class=\"\" data-url=\"\" data-target=\"blank\" tabindex=\"0\" role=\"button\">Vendredi 7 mars<\/span><span class=\"\" data-url=\"\" data-target=\"blank\" tabindex=\"0\" role=\"button\">Samedi 8 mars<\/span><span class=\"\" data-url=\"\" data-target=\"blank\" tabindex=\"0\" role=\"button\">Dimanche 9 mars<\/span><\/div><div class=\"su-tabs-panes\"><div class=\"su-tabs-pane su-u-clearfix su-u-trim\" data-title=\"Jeudi 6 mars\">\n<p style=\"text-align: justify;\"><strong>18h20 :<\/strong> <a href=\"https:\/\/worldathletics.org\/competition\/calendar-results\/results\/7173256?eventId=10229615&amp;gender=M\">qualifications saut en hauteur H<\/a><br \/>\n<strong>18h35 : <\/strong><a href=\"https:\/\/worldathletics.org\/competition\/calendar-results\/results\/7173256?eventId=10229529&amp;gender=W\" target=\"_blank\" rel=\"noopener\">qualifications triple saut F<\/a><br \/>\n<strong>19h05 : <\/strong><a href=\"https:\/\/worldathletics.org\/competition\/calendar-results\/results\/7173256?eventId=10229527&amp;gender=W\">qualifications saut \u00e0 la perche F<\/a><br \/>\n<strong>19h10 :<\/strong> <a href=\"https:\/\/live.european-athletics.com\/apeldoorn-2025\/timetable\/athw1500m\/results?phaseId=ATHW1500M-------------RND1--------&amp;status=Results&amp;unitId=ATHW1500M-------------RND1--------\" target=\"_blank\" rel=\"noopener\">s\u00e9ries 1500 m F<\/a><strong><br \/>\n<\/strong><strong>19h55 :<\/strong>\u00a0<a href=\"https:\/\/worldathletics.org\/competition\/calendar-results\/results\/7173256?eventId=10229558&amp;gender=M\">s\u00e9ries 1500 m H<\/a><strong><br \/>\n20h30 : <\/strong><a href=\"https:\/\/worldathletics.org\/competition\/calendar-results\/results\/7173256?eventId=10229617&amp;gender=M\">qualifications saut en longueur H<\/a><br \/>\n<strong>20h50 :<\/strong> <a href=\"https:\/\/worldathletics.org\/competition\/calendar-results\/results\/7173256?eventId=10230177&amp;gender=W\" target=\"_blank\" rel=\"noopener\">s\u00e9ries 60 m haies F<\/a><br \/>\n<strong>21h17 : <\/strong><a href=\"https:\/\/worldathletics.org\/competition\/calendar-results\/results\/7173256?eventId=10230176&amp;gender=M\">s\u00e9ries 60 m haies H<\/a><br \/>\n<strong>21h50 : finale relais 4X400 m mixte<\/strong><\/p>\n<ul>\n<li><a title=\"Athl\u00e9tisme Championnats d\u2019Europe (salle) 2025 : Jakob Ingebrigtsen et les Fran\u00e7ais convaincants, le r\u00e9sum\u00e9 de la soir\u00e9e du jeudi 6 mars\" href=\"https:\/\/dicodusport.fr\/blog\/athletisme-championnats-deurope-salle-2025-jakob-ingebrigtsen-et-les-francais-convaincants-le-resume-de-la-soiree-du-jeudi-6-mars\/\" target=\"_blank\" rel=\"noopener\"><strong>R\u00e9sum\u00e9 de la soir\u00e9e<\/strong><\/a><\/li>\n<\/ul>\n<p style=\"text-align: justify;\"><\/div>\n<div class=\"su-tabs-pane su-u-clearfix su-u-trim\" data-title=\"Vendredi 7 mars\">\n<p style=\"text-align: justify;\"><strong>9h30 : <\/strong><a href=\"https:\/\/dicodusport.fr\/blog\/wp-content\/uploads\/2025\/03\/Heptathlon-60-m-Europe-en-salle-athletisme-2025.pdf\">heptathlon &#8211; 60 m<\/a><strong><br \/>\n10h05 :\u00a0<\/strong><a href=\"https:\/\/dicodusport.fr\/blog\/wp-content\/uploads\/2025\/03\/Heptathlon-longueur-Europe-en-salle-athletisme-2025.pdf\">heptathlon &#8211; saut en longueur<\/a><br \/>\n<strong>10h15 :\u00a0<\/strong><a href=\"https:\/\/live.european-athletics.com\/apeldoorn-2025\/timetable\/athw800m\/results?phaseId=ATHW800M--------------RND1--------&amp;status=Results&amp;unitId=ATHW800M--------------RND1--------\">s\u00e9ries 800 m F<\/a><strong><br \/>\n11h :<\/strong>\u00a0<a href=\"https:\/\/worldathletics.org\/competition\/calendar-results\/results\/7173256?eventId=10229526&amp;gender=W\">qualifications saut en hauteur F<\/a><br \/>\n<strong>11h05 : <\/strong><a href=\"https:\/\/live.european-athletics.com\/apeldoorn-2025\/timetable\/athm800m\/results?phaseId=ATHM800M--------------RND1--------&amp;status=Results&amp;unitId=ATHM800M--------------RND1--------\">s\u00e9ries 800 m H<\/a><strong><br \/>\n11h42 :\u00a0<\/strong><a href=\"https:\/\/worldathletics.org\/competition\/calendar-results\/results\/7173256?eventId=10229528&amp;gender=W\">qualifications saut en longueur F<\/a><br \/>\n<strong>11h55 : <\/strong><a href=\"https:\/\/worldathletics.org\/competition\/calendar-results\/results\/7173256?eventId=10229577&amp;gender=W\">s\u00e9ries 400 m F<\/a><br \/>\n<strong>12h45 :\u00a0<\/strong><a href=\"https:\/\/live.european-athletics.com\/apeldoorn-2025\/timetable\/athm400m\/results?phaseId=ATHM400M--------------RND1--------&amp;status=Results&amp;unitId=ATHM400M--------------RND1--------\">s\u00e9ries 400 m H<\/a><br \/>\n<strong>12h58 :<\/strong> <a href=\"https:\/\/dicodusport.fr\/blog\/wp-content\/uploads\/2025\/03\/Heptathlon-poids-Europe-en-salle-athletisme-2025.pdf\">heptathlon &#8211; lancer du poids<\/a><br \/>\n<strong>13h40 :<\/strong>\u00a0<a href=\"https:\/\/worldathletics.org\/competition\/calendar-results\/results\/7173256?eventId=10229618&amp;gender=M\">qualifications triple saut H<\/a><br \/>\n<strong>13h45 :\u00a0<\/strong><a href=\"https:\/\/worldathletics.org\/competition\/calendar-results\/results\/7173256?eventId=10230177&amp;gender=W\">demi-finales 60 m haies F<\/a><br \/>\n<strong>14h05 :\u00a0<\/strong><a href=\"https:\/\/worldathletics.org\/competition\/calendar-results\/results\/7173256?eventId=10230176&amp;gender=M\">demi-finales 60 m haies H<\/a><\/p>\n<ul>\n<li><a href=\"https:\/\/dicodusport.fr\/blog\/athletisme-championnats-deurope-salle-2025-matinee-plus-contrastee-pour-les-tricolores-le-resume-du-vendredi-matin\/\" target=\"_blank\" rel=\"noopener\"><strong>R\u00e9sum\u00e9 de la matin\u00e9e<\/strong><\/a><\/li>\n<\/ul>\n<p style=\"text-align: justify;\"><strong>18h50 : finale triple saut F<\/strong><br \/>\n<strong>19h :<\/strong> <a href=\"https:\/\/dicodusport.fr\/blog\/wp-content\/uploads\/2025\/03\/Heptathlon-hauteur-Europe-en-salle-athletisme-2025.pdf\">heptathlon &#8211; saut en hauteur<\/a><br \/>\n<strong>19h05 :<\/strong>\u00a0<a href=\"https:\/\/live.european-athletics.com\/apeldoorn-2025\/timetable\/athmplevault\/results?phaseId=ATHMPLEVAULT----------QUAL--------&amp;status=Results&amp;unitId=ATHMPLEVAULT----------QUALA00100--\">qualifications saut \u00e0 la perche H<\/a><br \/>\n<strong>19h58 :\u00a0<\/strong><a href=\"https:\/\/live.european-athletics.com\/apeldoorn-2025\/timetable\/athw400m\/results?phaseId=ATHW400M--------------SFNL--------&amp;status=Results&amp;unitId=ATHW400M--------------SFNL--------\">demi-finales 400 m F<\/a><br \/>\n<strong>20h19 :\u00a0<\/strong><a href=\"https:\/\/live.european-athletics.com\/apeldoorn-2025\/timetable\/athm400m\/results?phaseId=ATHM400M--------------SFNL--------&amp;status=Results&amp;unitId=ATHM400M--------------SFNL000100--\">demi-finales 400 m H<\/a><br \/>\n<strong>20h34 : finale saut en longueur H<\/strong><br \/>\n<strong>21h : finale 1500 m F<br \/>\n21h15 : finale 1500 m H<br \/>\n21h43 : finale 60 m haies F<br \/>\n21h53 : finale 60 m haies H<br \/>\n<\/strong><\/p>\n<ul>\n<li><a title=\"Athl\u00e9tisme Championnats d\u2019Europe (salle) 2025 : Le titre pour Guillemot, la m\u00e9daille pour Habz, Kwaou-Mathey et Belocian, le r\u00e9sum\u00e9 du vendredi soir\" href=\"https:\/\/dicodusport.fr\/blog\/athletisme-championnats-deurope-salle-2025-le-titre-pour-guillemot-la-medaille-pour-habz-kwaou-mathey-et-belocian-le-resume-du-vendredi-soir\/\" target=\"_blank\" rel=\"noopener\"><strong>R\u00e9sum\u00e9 de la soir\u00e9e<\/strong><\/a><\/li>\n<\/ul>\n<\/div>\n<div class=\"su-tabs-pane su-u-clearfix su-u-trim\" data-title=\"Samedi 8 mars\">\n<p><strong>10h :<\/strong> <a href=\"https:\/\/dicodusport.fr\/blog\/wp-content\/uploads\/2025\/03\/Heptathlon-60-m-haies-Europe-en-salle-athletisme-2025.pdf\">heptathlon &#8211; 60 m haies<\/a><br \/>\n<strong>10h20 : <\/strong><a href=\"https:\/\/live.european-athletics.com\/apeldoorn-2025\/timetable\/athw3000m\/results?phaseId=ATHW3000M-------------RND1--------&amp;status=Results&amp;unitId=ATHW3000M-------------RND1--------\">s\u00e9ries 3000 m F<\/a><br \/>\n<strong>10h50 :\u00a0<\/strong><a href=\"https:\/\/live.european-athletics.com\/apeldoorn-2025\/timetable\/athwshotput\/results?phaseId=ATHWSHOTPUT-----------QUAL--------&amp;status=Results&amp;unitId=ATHWSHOTPUT-----------QUALA00100--\">qualifications lancer du poids F<\/a><br \/>\n<strong>11h :\u00a0<\/strong><a href=\"https:\/\/dicodusport.fr\/blog\/wp-content\/uploads\/2025\/03\/Heptathlon-perche-Europe-en-salle-athletisme-2025.pdf\">heptathlon &#8211; saut \u00e0 la perche<\/a><br \/>\n<strong>12h :<\/strong> <a href=\"https:\/\/worldathletics.org\/competition\/calendar-results\/results\/7173256?eventId=10229683&amp;gender=M\">s\u00e9ries 60 m H<\/a><br \/>\n<strong>12h40 : <\/strong>saut en longueur paralympique H<br \/>\n<strong>12h45 :\u00a0<\/strong><a href=\"https:\/\/live.european-athletics.com\/apeldoorn-2025\/timetable\/athm3000m\/results?phaseId=ATHM3000M-------------RND1--------&amp;status=Results&amp;unitId=ATHM3000M-------------RND1000100--\">s\u00e9ries 3000 m H<\/a><br \/>\n<strong>13h17 :\u00a0<\/strong>60 m paralympique F<\/p>\n<ul>\n<li><a title=\"Athl\u00e9tisme Championnats d\u2019Europe (salle) 2025 : Belle entr\u00e9e en mati\u00e8re pour Lagui, Madeleine et Mornet, le r\u00e9sum\u00e9 de la matin\u00e9e\" href=\"https:\/\/dicodusport.fr\/blog\/athletisme-championnats-deurope-salle-2025-belle-entree-en-matiere-pour-lagui-madeleine-et-mornet-le-resume-de-la-matinee\/\" target=\"_blank\" rel=\"noopener\"><strong>R\u00e9sum\u00e9 de la matin\u00e9e<\/strong><\/a><\/li>\n<\/ul>\n<p><strong>18h40 : finale triple saut H<\/strong><br \/>\n<strong>19h10 :\u00a0<\/strong><a href=\"https:\/\/worldathletics.org\/competition\/calendar-results\/results\/7173256?eventId=10229683&amp;gender=M\">demi-finales 60 m H<\/a><br \/>\n<strong>19h35 : finale saut \u00e0 la perche F<\/strong><br \/>\n<strong>19h53 :\u00a0<\/strong><a href=\"https:\/\/worldathletics.org\/competition\/calendar-results\/results\/7173256?eventId=10229579&amp;gender=W\">demi-finales 800 m F<\/a><strong><br \/>\n20h09 :\u00a0<\/strong><strong>finale saut en hauteur H<\/strong><br \/>\n<strong>20h13 :\u00a0<\/strong><a href=\"https:\/\/worldathletics.org\/competition\/calendar-results\/results\/7173256?eventId=10229556&amp;gender=M\">demi-finales 800 m H<\/a><br \/>\n<strong>20h29 : finale saut en longueur F<\/strong><br \/>\n<strong>20h45 : <a href=\"https:\/\/dicodusport.fr\/blog\/wp-content\/uploads\/2025\/03\/Heptathlon-1000-m-Europe-en-salle-athletisme-2025.pdf\">heptathlon &#8211; 1000 m<\/a><\/strong><br \/>\n<strong>21h10 : finale 400 m H<\/strong><br \/>\n<strong>21h40 : finale 60 m H<br \/>\n21h50 : finale 400 m F<br \/>\n<\/strong><\/p>\n<ul>\n<li><a title=\"Athl\u00e9tisme Championnats d\u2019Europe (salle) 2025 : Deux nouvelles m\u00e9dailles pour les Bleus, le r\u00e9sum\u00e9 du samedi soir\" href=\"https:\/\/dicodusport.fr\/blog\/athletisme-championnats-deurope-salle-2025-deux-nouvelles-medailles-pour-les-bleus-le-resume-du-samedi-soir\/\" target=\"_blank\" rel=\"noopener\"><strong>R\u00e9sum\u00e9 de la soir\u00e9e<\/strong><\/a><\/li>\n<\/ul>\n<p style=\"text-align: justify;\"><\/div>\n<div class=\"su-tabs-pane su-u-clearfix su-u-trim\" data-title=\"Dimanche 9 mars\">\n<p><strong>9h :\u00a0<\/strong><a href=\"https:\/\/dicodusport.fr\/blog\/wp-content\/uploads\/2025\/03\/Pentathlon-60-m-haies-Europe-en-salle-athletisme-2025.pdf\">pentathlon &#8211; 60 m haies<\/a><br \/>\n<strong>9<\/strong><strong>h50 :<\/strong> <a href=\"https:\/\/dicodusport.fr\/blog\/wp-content\/uploads\/2025\/03\/haut.pdf\">pentathlon &#8211; saut en hauteur<\/a><br \/>\n<strong>10h05 : <\/strong><a href=\"https:\/\/worldathletics.org\/competition\/calendar-results\/results\/7173256?eventId=10229619&amp;gender=M\">qualifications lancer du poids H<\/a><br \/>\n<strong>12h :<\/strong> <a href=\"https:\/\/worldathletics.org\/competition\/calendar-results\/results\/7173256?eventId=10229684&amp;gender=W\">s\u00e9ries 60 m F<\/a><br \/>\n<strong>12h21 : <\/strong><a href=\"https:\/\/dicodusport.fr\/blog\/wp-content\/uploads\/2025\/03\/poids.pdf\">pentathlon &#8211; lancer du poids<\/a><\/p>\n<ul>\n<li><a title=\"Athl\u00e9tisme Championnats d\u2019Europe (salle) 2025 : C\u00e9lia Perron et Carolle Zahi sur le pont, le r\u00e9sum\u00e9 du dimanche matin\" href=\"https:\/\/dicodusport.fr\/blog\/athletisme-championnats-deurope-salle-2025-celia-perron-et-carolle-zahi-sur-le-pont-le-resume-du-dimanche-matin\/\" target=\"_blank\" rel=\"noopener\"><strong>R\u00e9sum\u00e9 de la matin\u00e9e<\/strong><\/a><\/li>\n<\/ul>\n<p><strong>15h10 : <\/strong><a href=\"https:\/\/dicodusport.fr\/blog\/wp-content\/uploads\/2025\/03\/longueur.pdf\">pentathlon &#8211; saut en longueur<\/a><strong><br \/>\n16h05 :<\/strong> <a href=\"https:\/\/worldathletics.org\/competition\/calendar-results\/results\/7173256?eventId=10229684&amp;gender=W\">demi-finales 60 m F<\/a><br \/>\n<strong>16h28 : finale lancer du poids H<\/strong><br \/>\n<strong>16h33 : finale 800 m F<\/strong><br \/>\n<strong>16h42 : finale saut \u00e0 la perche H<\/strong><br \/>\n<strong>16h50 : finale 3000 m H<\/strong><br \/>\n<strong>17h05 : finale saut en hauteur F<\/strong><br \/>\n<strong>17h27 : finale 800 m H<br \/>\n17h36 : finale 3000 m F<br \/>\n17h52 : finale lancer du poids F<br \/>\n18h03 : <a href=\"https:\/\/dicodusport.fr\/blog\/wp-content\/uploads\/2025\/03\/800m.pdf\">pentathlon &#8211; 800 m<\/a><br \/>\n18h24 : finale relais 4&#215;400 m H<br \/>\n18h37 : finale 60 m F<br \/>\n18h50 : finale relais 4&#215;400 m F<br \/>\n<\/strong><\/p>\n<ul>\n<li><a href=\"https:\/\/dicodusport.fr\/blog\/athletisme-championnats-deurope-salle-2025-la-medaille-pour-liberman-et-habz-le-resume-de-la-derniere-soiree\/\"><strong>R\u00e9sum\u00e9 de la soir\u00e9e<\/strong><\/a><\/li>\n<\/ul>\n<p style=\"text-align: justify;\"><\/div><\/div><\/div>\n<p>&nbsp;<\/p>\n<h2>Les podiums<\/h2>\n<h3 style=\"text-align: justify;\">Femmes<\/h3>\n<div class=\"su-table su-table-alternate\">\n<table style=\"width: 800px;border-collapse: collapse\">\n<tbody>\n<tr>\n<td style=\"text-align: center;width: 200px;vertical-align: middle\"><strong>\u00c9preuves<\/strong><\/td>\n<td style=\"background-color: #fff242;text-align: center;width: 200px;vertical-align: middle\"><strong>\ud83e\udd47 Or<\/strong><\/td>\n<td style=\"background-color: #a8a8a8;text-align: center;width: 200px;vertical-align: middle\"><strong>\ud83e\udd48 Argent<\/strong><\/td>\n<td style=\"background-color: #c97159;text-align: center;width: 200px;vertical-align: middle\"><strong>\ud83e\udd49 Bronze<\/strong><\/td>\n<\/tr>\n<tr>\n<td style=\"text-align: center;width: 200px;vertical-align: middle\"><strong>60 m<br \/>\n<a href=\"https:\/\/worldathletics.org\/competition\/calendar-results\/results\/7173256?eventId=10229684&amp;gender=W\"><span style=\"font-size: 12px\"><em>Classement<\/em><\/span><\/a><br \/>\n<\/strong><\/td>\n<td style=\"text-align: center;width: 200px;vertical-align: middle\">\ud83c\uddee\ud83c\uddf9 <strong>Zaynab Dosso<br \/>\n7.01 WL NR<\/strong><\/td>\n<td style=\"text-align: center;width: 200px;vertical-align: middle\">\ud83c\udde8\ud83c\udded Mujinga Kambundji<br \/>\n7.02 <strong>SB<\/strong><\/td>\n<td style=\"text-align: center;width: 200px;vertical-align: middle\">\ud83c\uddf1\ud83c\uddfa Patrizia van der Weken<br \/>\n7.06 <strong>NR<\/strong><\/td>\n<\/tr>\n<tr>\n<td style=\"text-align: center;width: 200px;vertical-align: middle\"><strong>60 m paralympique<br \/>\n<a href=\"https:\/\/dicodusport.fr\/blog\/wp-content\/uploads\/2025\/03\/60-m-para.pdf\"><span style=\"font-size: 12px\"><em>Classement<\/em><\/span><\/a><br \/>\n<\/strong><\/td>\n<td style=\"text-align: center;width: 200px;vertical-align: middle\"><span id=\"copy-emoji\" class=\"efont\">\ud83c\uddee\ud83c\uddea<\/span> <strong>Orla Comerford<br \/>\n7.63 SB<\/strong><\/td>\n<td style=\"text-align: center;width: 200px;vertical-align: middle\"><span id=\"copy-emoji\" class=\"efont\">\ud83c\uddeb\ud83c\uddf7<\/span> Marie Ngoussou-Ngouyi<br \/>\n7.99<\/td>\n<td style=\"text-align: center;width: 200px;vertical-align: middle\">\ud83c\uddf3\ud83c\uddf1 Zara Temmink<br \/>\n8.07 <strong>PB<\/strong><\/td>\n<\/tr>\n<tr>\n<td style=\"text-align: center;width: 200px;vertical-align: middle\"><strong>400 m<br \/>\n<a href=\"https:\/\/worldathletics.org\/competition\/calendar-results\/results\/7173256?eventId=10229577&amp;gender=W\"><span style=\"font-size: 12px\"><em>Classement<\/em><\/span><\/a><br \/>\n<\/strong><\/td>\n<td style=\"text-align: center;width: 200px;vertical-align: middle\">\ud83c\uddf3\ud83c\uddf1 <strong>Lieke Klaver<br \/>\n50.38 EL<\/strong><\/td>\n<td style=\"text-align: center;width: 200px;vertical-align: middle\"><strong>\ud83c\uddf3\ud83c\uddf4<\/strong> Henriette Jaeger<br \/>\n50.45<\/td>\n<td style=\"text-align: center;width: 200px;vertical-align: middle\">\ud83c\uddea\ud83c\uddf8 Paula Sevilla<br \/>\n50.99 <strong>=NR<\/strong><\/td>\n<\/tr>\n<tr>\n<td style=\"text-align: center;width: 200px;vertical-align: middle\"><strong>800 m<br \/>\n<a href=\"https:\/\/worldathletics.org\/competition\/calendar-results\/results\/7173256?eventId=10229579&amp;gender=W\"><span style=\"font-size: 12px\"><em>Classement<\/em><\/span><\/a><br \/>\n<\/strong><\/td>\n<td style=\"text-align: center;width: 200px;vertical-align: middle\">\ud83c\uddf5\ud83c\uddf1 <strong>Anna Wielgosz<br \/>\n2:02.09<\/strong><\/td>\n<td style=\"text-align: center;width: 200px;vertical-align: middle\"><span id=\"copy-emoji\" class=\"efont\">\ud83c\uddeb\ud83c\uddf7<\/span> <a title=\"Athl\u00e9tisme Europe en salle : Clara Liberman se pare d\u2019argent sur le 800 m\" href=\"https:\/\/dicodusport.fr\/blog\/athletisme-championnats-deurope-salle-2025-clara-liberman-se-pare-dargent-sur-le-800-m\/\" target=\"_blank\" rel=\"noopener\">Clara Liberman<\/a><br \/>\n2:02.32<\/td>\n<td style=\"text-align: center;width: 200px;vertical-align: middle\">\ud83c\uddf8\ud83c\uddee Anita Horvat<br \/>\n2:02.52<\/td>\n<\/tr>\n<tr>\n<td style=\"text-align: center;width: 200px;vertical-align: middle\"><strong>1500 m<br \/>\n<a href=\"https:\/\/worldathletics.org\/competition\/calendar-results\/results\/7173256?eventId=10229581&amp;gender=W\"><span style=\"font-size: 12px\"><em>Classement<\/em><\/span><\/a><br \/>\n<\/strong><\/td>\n<td style=\"text-align: center;width: 200px;vertical-align: middle\"><span id=\"copy-emoji\" class=\"efont\">\ud83c\uddeb\ud83c\uddf7<\/span> <strong><a title=\"Athl\u00e9tisme Europe en salle : Agathe Guillemot m\u00e9daill\u00e9e d\u2019or sur 1500 m\u00e8tres\" href=\"https:\/\/dicodusport.fr\/blog\/athletisme-europe-en-salle-agathe-guillemot-medaillee-dor-sur-1500-metres\/\" target=\"_blank\" rel=\"noopener\">Agathe Guillemot<\/a><br \/>\n4:07.23<\/strong><\/td>\n<td style=\"text-align: center;width: 200px;vertical-align: middle\"><span id=\"copy-emoji\" class=\"efont\">\ud83c\uddf5\ud83c\uddf9<\/span> Salom\u00e9 Afonso<br \/>\n4:07.66<\/td>\n<td style=\"text-align: center;width: 200px;vertical-align: middle\">\ud83c\uddec\ud83c\udde7 Revee Walcott-Nolan<br \/>\n4:08.45<\/td>\n<\/tr>\n<tr>\n<td style=\"text-align: center;width: 200px;vertical-align: middle\"><strong>3000 m<br \/>\n<a href=\"https:\/\/worldathletics.org\/competition\/calendar-results\/results\/7173256?eventId=10229584&amp;gender=W\"><span style=\"font-size: 12px\"><em>Classement<\/em><\/span><\/a><br \/>\n<\/strong><\/td>\n<td style=\"text-align: center;width: 200px;vertical-align: middle\"><span id=\"copy-emoji\" class=\"efont\">\ud83c\uddee\ud83c\uddea<\/span> <strong>Sarah Healy<\/strong><br \/>\n<strong>8:52.86<\/strong><\/td>\n<td style=\"text-align: center;width: 200px;vertical-align: middle\">\ud83c\uddec\ud83c\udde7 Melissa Courtney-Bryant<br \/>\n8:52.92<\/td>\n<td style=\"text-align: center;width: 200px;vertical-align: middle\"><span id=\"copy-emoji\" class=\"efont\">\ud83c\uddf5\ud83c\uddf9<\/span> Salom\u00e9 Afonso<br \/>\n8:53.42<\/td>\n<\/tr>\n<tr>\n<td style=\"text-align: center;width: 200px;vertical-align: middle\"><strong>60 m haies<br \/>\n<a href=\"https:\/\/worldathletics.org\/competition\/calendar-results\/results\/7173256?eventId=10230177&amp;gender=W\"><span style=\"font-size: 12px\"><em>Classement<\/em><\/span><\/a><br \/>\n<\/strong><\/td>\n<td style=\"text-align: center;width: 200px;vertical-align: middle\">\ud83c\udde8\ud83c\udded <strong>Ditaji Kambundji<\/strong><br \/>\n<strong>7.67 <span style=\"color: #ff0000\">ER<\/span> CR WL<\/strong><\/td>\n<td style=\"text-align: center;width: 200px;vertical-align: middle\">\ud83c\uddf3\ud83c\uddf1 Nadine Visser<br \/>\n7.72 <strong>NR<\/strong><\/td>\n<td style=\"text-align: center;width: 200px;vertical-align: middle\">\ud83c\uddf5\ud83c\uddf1 Pia Skrzyszowska<br \/>\n7.83 <strong>SB<\/strong><\/td>\n<\/tr>\n<tr>\n<td style=\"text-align: center;width: 200px;vertical-align: middle\"><strong>Pentathlon<br \/>\n<a href=\"https:\/\/worldathletics.org\/competition\/calendar-results\/results\/7173256?eventId=10229595&amp;gender=W\"><span style=\"font-size: 12px\"><em>Classement<\/em><\/span><\/a><br \/>\n<\/strong><\/td>\n<td style=\"text-align: center;width: 200px;vertical-align: middle\">\ud83c\uddeb\ud83c\uddee <strong>Saga Vanninen<br \/>\n4922 pts EU23R WL NR<\/strong><\/td>\n<td style=\"text-align: center;width: 200px;vertical-align: middle\">\ud83c\uddf3\ud83c\uddf1 Sofie Dokter<br \/>\n4826 pts <strong>PB<\/strong><\/td>\n<td style=\"text-align: center;width: 200px;vertical-align: middle\"><span id=\"copy-emoji\" class=\"efont\">\ud83c\uddee\ud83c\uddea Kate O&rsquo;Connor<br \/>\n4781 pts <strong>NR<\/strong><\/span><\/td>\n<\/tr>\n<tr>\n<td style=\"text-align: center;width: 200px;vertical-align: middle\"><strong>Saut en hauteur<br \/>\n<a href=\"https:\/\/worldathletics.org\/competition\/calendar-results\/results\/7173256?eventId=10229526&amp;gender=W\"><span style=\"font-size: 12px\"><em>Classement<\/em><\/span><\/a><br \/>\n<\/strong><\/td>\n<td style=\"text-align: center;width: 200px;vertical-align: middle\">\ud83c\uddfa\ud83c\udde6 <strong>Yaroslava Mahuchikh<br \/>\n1.99 m<\/strong><\/td>\n<td style=\"text-align: center;width: 200px;vertical-align: middle\">\ud83c\uddf7\ud83c\uddf8 Angelina Topic<br \/>\n1.95 m<\/td>\n<td style=\"text-align: center;width: 200px;vertical-align: middle\"><span id=\"copy-emoji\" class=\"efont\">\ud83c\uddf8\ud83c\uddea<\/span> Engla Nilsson<br \/>\n1.92 m <strong>PB<\/strong><\/td>\n<\/tr>\n<tr>\n<td style=\"text-align: center;width: 200px;vertical-align: middle\"><strong>Saut \u00e0 la perche<br \/>\n<a href=\"https:\/\/worldathletics.org\/competition\/calendar-results\/results\/7173256?eventId=10230117&amp;gender=X\"><span style=\"font-size: 12px\"><em>Classement<\/em><\/span><\/a><br \/>\n<\/strong><\/td>\n<td style=\"text-align: center;width: 200px;vertical-align: middle\">\ud83c\udde8\ud83c\udded <strong>Angelica Moser<br \/>\n4.80 m SB<\/strong><\/td>\n<td style=\"text-align: center;width: 200px;vertical-align: middle\">\ud83c\uddf8\ud83c\uddee Tina Sutej<br \/>\n4.75 m <strong>SB<\/strong><\/td>\n<td style=\"text-align: center;width: 200px;vertical-align: middle\"><span id=\"copy-emoji\" class=\"efont\">\ud83c\uddeb\ud83c\uddf7<\/span> <a href=\"https:\/\/dicodusport.fr\/blog\/athletisme-europe-en-salle-marie-julie-bonnin-medaillee-de-bronze-au-saut-a-la-perche\/\" target=\"_blank\" rel=\"noopener\">Marie-Julie Bonnin<\/a><br \/>\n4.70 m<\/td>\n<\/tr>\n<tr>\n<td style=\"text-align: center;width: 200px;vertical-align: middle\"><strong>Saut en longueur<br \/>\n<a href=\"https:\/\/worldathletics.org\/competition\/calendar-results\/results\/7173256?eventId=10229528&amp;gender=W\"><span style=\"font-size: 12px\"><em>Classement<\/em><\/span><\/a><br \/>\n<\/strong><\/td>\n<td style=\"text-align: center;width: 200px;vertical-align: middle\">\ud83c\uddee\ud83c\uddf9 <strong>Larissa Iapichino<br \/>\n6.94 m SB<\/strong><\/td>\n<td style=\"text-align: center;width: 200px;vertical-align: middle\">\ud83c\udde8\ud83c\udded Annik K\u00e4lin<br \/>\n6.90 m <strong>NR<\/strong><\/td>\n<td style=\"text-align: center;width: 200px;vertical-align: middle\">\ud83c\udde9\ud83c\uddea Malaika Mihambo<br \/>\n6.88 m<\/td>\n<\/tr>\n<tr>\n<td style=\"text-align: center;width: 200px;vertical-align: middle\"><strong>Triple saut<br \/>\n<a href=\"https:\/\/worldathletics.org\/competition\/calendar-results\/results\/7173256?eventId=10229529&amp;gender=W\"><span style=\"font-size: 12px\"><em>Classement<\/em><\/span><\/a><br \/>\n<\/strong><\/td>\n<td style=\"text-align: center;width: 200px;vertical-align: middle\">\ud83c\uddea\ud83c\uddf8 <strong>Ana Peleteiro-Compaor\u00e9<br \/>\n14.37 m EL<\/strong><\/td>\n<td style=\"text-align: center;width: 200px;vertical-align: middle\">\ud83c\uddf7\ud83c\uddf4 Diana Ana Maria Ion<br \/>\n14.31 m <strong>PB<\/strong><\/td>\n<td style=\"text-align: center;width: 200px;vertical-align: middle\"><span id=\"copy-emoji\" class=\"efont\">\ud83c\uddeb\ud83c\uddee<\/span> Senni Salminen<br \/>\n13.99 m<\/td>\n<\/tr>\n<tr>\n<td style=\"text-align: center;width: 200px;vertical-align: middle\"><strong>Lancer du poids<br \/>\n<a href=\"https:\/\/worldathletics.org\/competition\/calendar-results\/results\/7173256?eventId=10229530&amp;gender=W\"><span style=\"font-size: 12px\"><em>Classement<\/em><\/span><\/a><br \/>\n<\/strong><\/td>\n<td style=\"text-align: center;width: 200px;vertical-align: middle\">\ud83c\uddf3\ud83c\uddf1 <strong>Jessica Schilder<br \/>\n20.69 m WL NR<\/strong><\/td>\n<td style=\"text-align: center;width: 200px;vertical-align: middle\">\ud83c\udde9\ud83c\uddea Yemisi Ogunleye<br \/>\n19.56 m<\/td>\n<td style=\"text-align: center;width: 200px;vertical-align: middle\">\ud83c\uddf5\ud83c\uddf9 Auriol Dongmo<br \/>\n19.26 m <strong>SB<\/strong><\/td>\n<\/tr>\n<tr>\n<td style=\"text-align: center;width: 200px;vertical-align: middle\"><strong>Relais 4X400 m<br \/>\n<a href=\"https:\/\/worldathletics.org\/competition\/calendar-results\/results\/7173256?eventId=204610&amp;gender=W\"><span style=\"font-size: 12px\"><em>Classement<\/em><\/span><\/a><\/strong><\/td>\n<td style=\"width: 200px;text-align: center\">\ud83c\uddf3\ud83c\uddf1 <strong>Pays-Bas<br \/>\n<span style=\"font-size: 12px\">Lieke Klaver<\/span><br \/>\n<span style=\"font-size: 12px\">Nina Franke<\/span><br \/>\n<span style=\"font-size: 12px\">Cathelijn Peeters<\/span><br \/>\n<span style=\"font-size: 12px\">Femke Bol<\/span><br \/>\n3:24.34 CR WL NR<\/strong><\/td>\n<td style=\"width: 200px;text-align: center\">\ud83c\uddec\ud83c\udde7 Grande-Bretagne<br \/>\n<span style=\"font-size: 12px\">Lina Nielsen<\/span><br \/>\n<span style=\"font-size: 12px\">Hannah Kelly<\/span><br \/>\n<span style=\"font-size: 12px\">Emily Newnham<\/span><br \/>\n<span style=\"font-size: 12px\">Amber Anning<\/span><br \/>\n3:24.89 <strong>NR<\/strong><\/td>\n<td style=\"width: 200px;text-align: center\">\ud83c\udde8\ud83c\uddff R\u00e9publique tch\u00e8que<br \/>\n<span style=\"font-size: 12px\">Lada Vondrova<\/span><br \/>\n<span style=\"font-size: 12px\">Nikoleta Jichova<\/span><br \/>\n<span style=\"font-size: 12px\">Tereza Petrzilkova<\/span><br \/>\n<span style=\"font-size: 12px\">Lurdes Gloria Manuel<\/span><br \/>\n3:25.31 <strong>NR<\/strong><\/td>\n<\/tr>\n<\/tbody>\n<\/table>\n<p><span style=\"font-size: 14px\"><em><span style=\"color: #ff0000\">ER : Record d&rsquo;Europe<\/span><br \/>\nEU23R : Record d&rsquo;Europe espoirs<br \/>\nCR : Record des championnats<br \/>\nNR : Record national<br \/>\nPB : Record personnel<br \/>\nWL : Meilleure performance mondiale de la saison<br \/>\nEL : Meilleure performance europ\u00e9enne de la saison<br \/>\n<span style=\"font-size: 14px\">SB : <\/span><\/em><em>Meilleure performance personnelle de la saison<\/em><\/span><\/p>\n<\/div>\n<p>&nbsp;<\/p>\n<h3 style=\"text-align: justify;\">Hommes<\/h3>\n<div class=\"su-table su-table-alternate\">\n<table style=\"width: 800px;border-collapse: collapse\">\n<tbody>\n<tr>\n<td style=\"text-align: center;width: 200px;vertical-align: middle\"><strong>\u00c9preuves<\/strong><\/td>\n<td style=\"background-color: #fff242;text-align: center;width: 200px;vertical-align: middle\"><strong>\ud83e\udd47 Or<\/strong><\/td>\n<td style=\"background-color: #a8a8a8;text-align: center;width: 200px;vertical-align: middle\"><strong>\ud83e\udd48 Argent<\/strong><\/td>\n<td style=\"background-color: #c97159;text-align: center;width: 200px;vertical-align: middle\"><strong>\ud83e\udd49 Bronze<\/strong><\/td>\n<\/tr>\n<tr>\n<td style=\"text-align: center;width: 200px;vertical-align: middle\"><strong>60 m<br \/>\n<a href=\"https:\/\/worldathletics.org\/competition\/calendar-results\/results\/7173256?eventId=10229683&amp;gender=M\"><span style=\"font-size: 12px\"><em>Classement<\/em><\/span><\/a><br \/>\n<\/strong><\/td>\n<td style=\"text-align: center;width: 200px;vertical-align: middle\">\ud83c\uddec\ud83c\udde7 <strong>Jeremiah Azu<br \/>\n6.49 EL PB<\/strong><\/td>\n<td style=\"text-align: center;width: 200px;vertical-align: middle\">\ud83c\uddf8\ud83c\uddea Henrik Larsson<br \/>\n6.52 <strong>NR<\/strong><\/td>\n<td style=\"text-align: center;width: 200px;vertical-align: middle\">\ud83c\uddec\ud83c\udde7 Andrew Robertson<br \/>\n6.55 <strong>SB<\/strong><\/td>\n<\/tr>\n<tr>\n<td style=\"text-align: center;width: 200px;vertical-align: middle\"><strong>400 m<br \/>\n<a href=\"https:\/\/worldathletics.org\/competition\/calendar-results\/results\/7173256?eventId=10229554&amp;gender=M\"><span style=\"font-size: 12px\"><em>Classement<\/em><\/span><\/a><br \/>\n<\/strong><\/td>\n<td style=\"text-align: center;width: 200px;vertical-align: middle\"><span id=\"copy-emoji\" class=\"efont\">\ud83c\udded\ud83c\uddfa<\/span> <strong>Attila Molnar<br \/>\n45.25<\/strong><\/td>\n<td style=\"text-align: center;width: 200px;vertical-align: middle\">\ud83c\uddf5\ud83c\uddf1 Maksymilian Szwed<br \/>\n45.31 <strong>EU23R NR<\/strong><\/td>\n<td style=\"text-align: center;width: 200px;vertical-align: middle\">\ud83c\uddeb\ud83c\uddf7 <a href=\"https:\/\/dicodusport.fr\/blog\/athletisme-europe-en-salle-la-medaille-de-bronze-sur-le-400-metres-pour-jimy-soudril\/\" target=\"_blank\" rel=\"noopener\">Jimy Soudril<\/a><br \/>\n45.59 <strong>PB<\/strong><\/td>\n<\/tr>\n<tr>\n<td style=\"text-align: center;width: 200px;vertical-align: middle\"><strong>800 m<br \/>\n<a href=\"https:\/\/worldathletics.org\/competition\/calendar-results\/results\/7173256?eventId=10229556&amp;gender=M\"><span style=\"font-size: 12px\"><em>Classement<\/em><\/span><\/a><br \/>\n<\/strong><\/td>\n<td style=\"text-align: center;width: 200px;vertical-align: middle\">\ud83c\uddf3\ud83c\uddf1 <strong>Samuel Chapple<br \/>\n1:44.88 NR<\/strong><\/td>\n<td style=\"text-align: center;width: 200px;vertical-align: middle\">\ud83c\udde7\ud83c\uddea\u00a0Eliott Crestan<br \/>\n1:44.92<\/td>\n<td style=\"text-align: center;width: 200px;vertical-align: middle\"><span id=\"copy-emoji\" class=\"efont\">\ud83c\uddee\ud83c\uddea<\/span> Mark English<br \/>\n1:45.56<\/td>\n<\/tr>\n<tr>\n<td style=\"text-align: center;width: 200px;vertical-align: middle\"><strong>1500 m<br \/>\n<a href=\"https:\/\/live.european-athletics.com\/apeldoorn-2025\/timetable\/athm1500m\/results?phaseId=ATHM1500M-------------FNL---------&amp;status=Results&amp;unitId=ATHM1500M-------------FNL-000100--\"><span style=\"font-size: 12px\"><em>Classement<\/em><\/span><\/a><br \/>\n<\/strong><\/td>\n<td style=\"text-align: center;width: 200px;vertical-align: middle\"><strong>\ud83c\uddf3\ud83c\uddf4 Jakob Ingebrigtsen<br \/>\n3:37.49<\/strong><\/td>\n<td style=\"text-align: center;width: 200px;vertical-align: middle\">\ud83c\uddeb\ud83c\uddf7 Azeddine Habz<br \/>\n3:36.92<\/td>\n<td style=\"text-align: center;width: 200px;vertical-align: middle\"><span id=\"copy-emoji\" class=\"efont\">\ud83c\uddf5\ud83c\uddf9<\/span> Isaac Nader<br \/>\n3:37.10<\/td>\n<\/tr>\n<tr>\n<td style=\"text-align: center;width: 200px;vertical-align: middle\"><strong>3000 m<br \/>\n<a href=\"https:\/\/worldathletics.org\/competition\/calendar-results\/results\/7173256?eventId=10229560&amp;gender=M\"><span style=\"font-size: 12px\"><em>Classement<\/em><\/span><\/a><br \/>\n<\/strong><\/td>\n<td style=\"text-align: center;width: 200px;vertical-align: middle\"><strong>\ud83c\uddf3\ud83c\uddf4 Jakob Ingebrigtsen<br \/>\n7:48.37 SB<\/strong><\/td>\n<td style=\"text-align: center;width: 200px;vertical-align: middle\">\ud83c\uddec\ud83c\udde7 George Mills<br \/>\n7:49.41<\/td>\n<td style=\"text-align: center;width: 200px;vertical-align: middle\">\ud83c\uddeb\ud83c\uddf7 <a title=\"Athl\u00e9tisme Europe en salle : Azeddine Habz en bronze sur 3000 m\u00e8tres\" href=\"https:\/\/dicodusport.fr\/blog\/athletisme-championnats-deurope-salle-2025-azeddine-habz-en-bronze-sur-3000-metres\/\" target=\"_blank\" rel=\"noopener\">Azeddine Habz<\/a><br \/>\n7:50.48<\/td>\n<\/tr>\n<tr>\n<td style=\"text-align: center;width: 200px;vertical-align: middle\"><strong>60 m haies<br \/>\n<a href=\"https:\/\/worldathletics.org\/competition\/calendar-results\/results\/7173256?eventId=10230176&amp;gender=M\"><span style=\"font-size: 12px\"><em>Classement<\/em><\/span><\/a><br \/>\n<\/strong><\/td>\n<td style=\"text-align: center;width: 200px;vertical-align: middle\">\ud83c\uddf5\ud83c\uddf1 <strong>Jakub Szymanski<br \/>\n7.43<\/strong><\/td>\n<td style=\"text-align: center;width: 200px;vertical-align: middle\">\ud83c\uddeb\ud83c\uddf7 <a title=\"Athl\u00e9tisme Europe en salle : Wilhem Belocian et Just Kwaou-Mathey sur le podium du 60 m haies\" href=\"https:\/\/dicodusport.fr\/blog\/athletisme-europe-en-salle-just-kwaou-mathey-et-wilhem-belocian-sur-le-podium-du-60-m-haies\/\" target=\"_blank\" rel=\"noopener\">Wilhem Belocian<\/a><br \/>\n7.45<\/td>\n<td style=\"text-align: center;width: 200px;vertical-align: middle\">\ud83c\uddeb\ud83c\uddf7 <a title=\"Athl\u00e9tisme Europe en salle : Wilhem Belocian et Just Kwaou-Mathey sur le podium du 60 m haies\" href=\"https:\/\/dicodusport.fr\/blog\/athletisme-europe-en-salle-just-kwaou-mathey-et-wilhem-belocian-sur-le-podium-du-60-m-haies\/\" target=\"_blank\" rel=\"noopener\">Just Kwaou-Mathey<\/a><br \/>\n7.50<\/td>\n<\/tr>\n<tr>\n<td style=\"text-align: center;width: 200px;vertical-align: middle\"><strong>Heptathlon<br \/>\n<a title=\"Athl\u00e9tisme Europe en salle 2025 : Classement de l\u2019heptathlon\" href=\"https:\/\/dicodusport.fr\/blog\/athletisme-europe-en-salle-2025-classement-de-lheptathlon\/\" target=\"_blank\" rel=\"noopener\"><span style=\"font-size: 12px\"><em>Classement<\/em><\/span><\/a><br \/>\n<\/strong><\/td>\n<td style=\"text-align: center;width: 200px;vertical-align: middle\">\ud83c\uddf3\ud83c\uddf4 <strong>Sander Skotheim<br \/>\n6558 pts <span style=\"color: #ff0000\">ER<\/span> CR WL<\/strong><\/td>\n<td style=\"text-align: center;width: 200px;vertical-align: middle\">\ud83c\udde8\ud83c\udded Simon Ehammer<br \/>\n6506 pts <strong>NR<\/strong><\/td>\n<td style=\"text-align: center;width: 200px;vertical-align: middle\">\ud83c\udde9\ud83c\uddea Till Steinforth<br \/>\n6388 pts <strong>NR<\/strong><\/td>\n<\/tr>\n<tr>\n<td style=\"text-align: center;width: 200px;vertical-align: middle\"><strong>Saut en hauteur<br \/>\n<a href=\"https:\/\/worldathletics.org\/competition\/calendar-results\/results\/7173256?eventId=10229615&amp;gender=M\"><span style=\"font-size: 12px\"><em>Classement<\/em><\/span><\/a><br \/>\n<\/strong><\/td>\n<td style=\"text-align: center;width: 200px;vertical-align: middle\">\ud83c\uddfa\ud83c\udde6 <strong>Oleh Doroshchuk<br \/>\n2.34 m WL PB<\/strong><\/td>\n<td style=\"text-align: center;width: 200px;vertical-align: middle\">\ud83c\udde8\ud83c\uddff Jan Stefela<br \/>\n2.29 m<\/td>\n<td style=\"text-align: center;width: 200px;vertical-align: middle\">\ud83c\uddee\ud83c\uddf9 Matteo Sioli<br \/>\n2.29 m <strong>PB<\/strong><\/td>\n<\/tr>\n<tr>\n<td style=\"text-align: center;width: 200px;vertical-align: middle\"><strong>Saut \u00e0 la perche<br \/>\n<a href=\"https:\/\/worldathletics.org\/competition\/calendar-results\/results\/7173256?eventId=10229616&amp;gender=M\"><span style=\"font-size: 12px\"><em>Classement<\/em><\/span><\/a><br \/>\n<\/strong><\/td>\n<td style=\"text-align: center;width: 200px;vertical-align: middle\">\ud83c\uddec\ud83c\uddf7 <strong>Emmanouil Karalis<\/strong><br \/>\n\ud83c\uddf3\ud83c\uddf1 <strong>Menno Vloon SB<\/strong><br \/>\n5.90 m<\/td>\n<td style=\"text-align: center;width: 200px;vertical-align: middle\">&#8211;<\/td>\n<td style=\"text-align: center;width: 200px;vertical-align: middle\"><strong>\ud83c\uddf3\ud83c\uddf4<\/strong> Sondre Guttormsen<br \/>\n5.90 m <strong>SB<\/strong><\/td>\n<\/tr>\n<tr>\n<td style=\"text-align: center;width: 200px;vertical-align: middle\"><strong>Saut en longueur<br \/>\n<a href=\"https:\/\/worldathletics.org\/competition\/calendar-results\/results\/7173256?eventId=10229617&amp;gender=M\"><span style=\"font-size: 12px\"><em>Classement<\/em><\/span><\/a><br \/>\n<\/strong><\/td>\n<td style=\"text-align: center;width: 200px;vertical-align: middle\"><span id=\"copy-emoji\" class=\"efont\">\ud83c\udde7\ud83c\uddec<\/span> <strong>Bozhidar Saraboyukov<\/strong><br \/>\n<strong>8.13 m<\/strong><\/td>\n<td style=\"text-align: center;width: 200px;vertical-align: middle\">\ud83c\uddee\ud83c\uddf9 Mattia Furlani<br \/>\n8.12 m<\/td>\n<td style=\"text-align: center;width: 200px;vertical-align: middle\">\ud83c\uddea\ud83c\uddf8 Lester Lescay<br \/>\n8.12 m <strong>SB<\/strong><\/td>\n<\/tr>\n<tr>\n<td style=\"text-align: center;width: 200px;vertical-align: middle\"><strong>Saut en longueur paralympique<br \/>\n<a href=\"https:\/\/live.european-athletics.com\/apeldoorn-2025\/timetable\/athmlongjumpparalympic\/results?phaseId=ATHMLONGJUMPPARALYMPICFNL---------&amp;status=Results&amp;unitId=ATHMLONGJUMPPARALYMPICFNL-000100--\"><span style=\"font-size: 12px\"><em>Classement<\/em><\/span><\/a><br \/>\n<\/strong><\/td>\n<td style=\"text-align: center;width: 200px;vertical-align: middle\">\ud83c\uddf3\ud83c\uddf1 <strong>Jo\u00ebl de Jong<br \/>\n7.36 m SB<\/strong><\/td>\n<td style=\"text-align: center;width: 200px;vertical-align: middle\">\ud83c\uddf3\ud83c\uddf1 Ranki Oberoi<br \/>\n6.84 m<\/td>\n<td style=\"text-align: center;width: 200px;vertical-align: middle\">\ud83c\udde9\ud83c\uddf0 Daniel Wagner<br \/>\n6.63 m<\/td>\n<\/tr>\n<tr>\n<td style=\"text-align: center;width: 200px;vertical-align: middle\"><strong>Triple saut<br \/>\n<a href=\"https:\/\/worldathletics.org\/competition\/calendar-results\/results\/7173256?eventId=10229618&amp;gender=M\"><span style=\"font-size: 12px\"><em>Classement<\/em><\/span><\/a><br \/>\n<\/strong><\/td>\n<td style=\"text-align: center;width: 200px;vertical-align: middle\">\ud83c\uddee\ud83c\uddf9 <strong>Andy Diaz Hernandez<br \/>\n17.71 m WL<\/strong><\/td>\n<td style=\"text-align: center;width: 200px;vertical-align: middle\">\ud83c\udde9\ud83c\uddea Max He\u00df<br \/>\n17.43 m <strong>SB<\/strong><\/td>\n<td style=\"text-align: center;width: 200px;vertical-align: middle\">\ud83c\uddee\ud83c\uddf9 Andrea Dallavalle<br \/>\n17.19 m<\/td>\n<\/tr>\n<tr>\n<td style=\"text-align: center;width: 200px;vertical-align: middle\"><strong>Lancer du poids<br \/>\n<a href=\"https:\/\/worldathletics.org\/competition\/calendar-results\/results\/7173256?eventId=10229619&amp;gender=M\"><span style=\"font-size: 12px\"><em>Classement<\/em><\/span><\/a><br \/>\n<\/strong><\/td>\n<td style=\"text-align: center;width: 200px;vertical-align: middle\"><span id=\"copy-emoji\" class=\"efont\">\ud83c\uddf7\ud83c\uddf4<\/span> <strong>Andrei Rares Toader<\/strong><br \/>\n<strong>21.27 m NR<\/strong><\/td>\n<td style=\"text-align: center;width: 200px;vertical-align: middle\"><span id=\"copy-emoji\" class=\"efont\">\ud83c\uddf8\ud83c\uddea<\/span> Wictor Petersson<br \/>\n21.04 m<\/td>\n<td style=\"text-align: center;width: 200px;vertical-align: middle\">\ud83c\udde8\ud83c\uddff Tomas Stanek<br \/>\n20.75 m<\/td>\n<\/tr>\n<tr>\n<td style=\"text-align: center;width: 200px;vertical-align: middle\"><strong>Relais 4X400 m<br \/>\n<a href=\"https:\/\/worldathletics.org\/competition\/calendar-results\/results\/7173256?eventId=204609&amp;gender=M\"><span style=\"font-size: 12px\"><em>Classement<\/em><\/span><\/a><\/strong><\/td>\n<td style=\"width: 200px;text-align: center\">\ud83c\uddf3\ud83c\uddf1 <strong>Pays-Bas<br \/>\n<span style=\"font-size: 12px\">Eugene Omalla<\/span><br \/>\n<span style=\"font-size: 12px\">Nick Smidt<\/span><br \/>\n<span style=\"font-size: 12px\">Isaya Klein Ikkink<\/span><br \/>\n<span style=\"font-size: 12px\">Tony van Diepen<\/span><br \/>\n3:04.95 EL<\/strong><\/td>\n<td style=\"width: 200px;text-align: center\">\ud83c\uddea\ud83c\uddf8 Espagne<br \/>\n<span style=\"font-size: 12px\">Markel Fernandez<\/span><br \/>\n<span style=\"font-size: 12px\">Manuel Guijarro<\/span><br \/>\n<span style=\"font-size: 12px\">Oscar Husillos<\/span><br \/>\n<span style=\"font-size: 12px\">Bernat Erta<\/span><br \/>\n3:05.18 (.174) <strong>NR<\/strong><\/td>\n<td style=\"width: 200px;text-align: center\">\ud83c\udde7\ud83c\uddea Belgique<br \/>\n<span style=\"font-size: 12px\">Julien Watrin<\/span><br \/>\n<span style=\"font-size: 12px\">Christian Iguacel<\/span><br \/>\n<span style=\"font-size: 12px\">Florent Mabille<br \/>\nJonathan Sacoor<\/span><br \/>\n3:05.18 (.176) <strong>SB<\/strong><\/td>\n<\/tr>\n<\/tbody>\n<\/table>\n<p><span style=\"font-size: 14px\"><em><span style=\"color: #ff0000\">ER : Record d&rsquo;Europe<\/span><br \/>\nEU23R : Record d&rsquo;Europe espoirs<br \/>\nCR : Record des championnats<br \/>\nNR : Record national<br \/>\nPB : Record personnel<br \/>\nWL : Meilleure performance mondiale de la saison<br \/>\nEL : Meilleure performance europ\u00e9enne de la saison<br \/>\nSB : Meilleure performance personnelle de la saison<\/em><\/span><\/p>\n<\/div>\n<p>&nbsp;<\/p>\n<h3 style=\"text-align: justify;\">Mixte<\/h3>\n<div class=\"su-table su-table-alternate\">\n<table style=\"width: 800px;border-collapse: collapse\">\n<tbody>\n<tr>\n<td style=\"text-align: center;width: 200px;vertical-align: middle\"><strong>\u00c9preuves<\/strong><\/td>\n<td style=\"background-color: #fff242;text-align: center;width: 200px;vertical-align: middle\"><strong>\ud83e\udd47 Or<\/strong><\/td>\n<td style=\"background-color: #a8a8a8;text-align: center;width: 200px;vertical-align: middle\"><strong>\ud83e\udd48 Argent<\/strong><\/td>\n<td style=\"background-color: #c97159;text-align: center;width: 200px;vertical-align: middle\"><strong>\ud83e\udd49 Bronze<\/strong><\/td>\n<\/tr>\n<tr>\n<td style=\"text-align: center;width: 200px;vertical-align: middle\"><strong>Relais 4X400 m<br \/>\n<a href=\"https:\/\/worldathletics.org\/competition\/calendar-results\/results\/7173256?eventId=10230117&amp;gender=X\"><span style=\"font-size: 12px\"><em>Classement<\/em><\/span><\/a><\/strong><\/td>\n<td style=\"width: 200px;text-align: center\">\ud83c\uddf3\ud83c\uddf1 <strong>Pays-Bas<br \/>\n<span style=\"font-size: 12px\">Nick Smidt<\/span><br \/>\n<span style=\"font-size: 12px\">Eveline Saalberg<\/span><br \/>\n<span style=\"font-size: 12px\">Tony van Diepen<\/span><br \/>\n<span style=\"font-size: 12px\">Femke Bol<\/span><br \/>\n3:15.63 CR SB<\/strong><\/td>\n<td style=\"width: 200px;text-align: center\">\ud83c\udde7\ud83c\uddea Belgique<br \/>\n<span style=\"font-size: 12px\">Julien Watrin<\/span><br \/>\n<span style=\"font-size: 12px\">Imke Vervaet<\/span><br \/>\n<span style=\"font-size: 12px\">Christian Iguacel<\/span><br \/>\n<span style=\"font-size: 12px\">Helena Ponette<\/span><br \/>\n3:16.19<\/td>\n<td style=\"width: 200px;text-align: center\">\ud83c\uddec\ud83c\udde7 Grande-Bretagne<br \/>\n<span style=\"font-size: 12px\">Alastair Chalmers<\/span><br \/>\n<span style=\"font-size: 12px\">Emily Newnham<\/span><br \/>\n<span style=\"font-size: 12px\">Joshua Faulds<\/span><br \/>\n<span style=\"font-size: 12px\">Lina Nielsen<\/span><br \/>\n3:16.49<\/td>\n<\/tr>\n<\/tbody>\n<\/table>\n<p><span style=\"font-size: 14px\"><em>CR : Record des championnats<\/em><\/span><br \/>\n<span style=\"font-size: 14px\"><em>SB : Meilleure performance personnelle de la saison<\/em><\/span><\/p>\n<\/div>\n<p>&nbsp;<\/p>\n","protected":false},"excerpt":{"rendered":"<p>Les Championnats d&rsquo;Europe en salle d&rsquo;athl\u00e9tisme 2023 se d\u00e9roulent du 2 au 5 mars. Voici le programme et les r\u00e9sultats de la comp\u00e9tition.<\/p>\n","protected":false},"author":12,"featured_media":559360,"comment_status":"open","ping_status":"closed","sticky":false,"template":"","format":"standard","meta":{"_acf_changed":false,"_daextam_enable_autolinks":"1","footnotes":""},"categories":[2308],"tags":[16878],"class_list":["post-556094","post","type-post","status-publish","format-standard","has-post-thumbnail","hentry","category-athletisme","tag-breve"],"acf":[],"yoast_head":"<!-- This site is optimized with the Yoast SEO Premium plugin v26.7 (Yoast SEO v26.7) - https:\/\/yoast.com\/wordpress\/plugins\/seo\/ -->\n<title>Athl\u00e9tisme - Palmar\u00e8s complet et r\u00e9sultats Championnats d&#039;Europe en salle 2025 - Dicodusport<\/title>\n<meta name=\"description\" content=\"Les Championnats d&#039;Europe en salle d&#039;athl\u00e9tisme 2023 se d\u00e9roulent du 2 au 5 mars. Voici le programme et les r\u00e9sultats de la comp\u00e9tition.\" \/>\n<meta name=\"robots\" content=\"index, follow, max-snippet:-1, max-image-preview:large, max-video-preview:-1\" \/>\n<link rel=\"canonical\" href=\"https:\/\/dicodusport.fr\/blog\/athletisme-programme-et-resultats-championnats-deurope-en-salle-2025\/\" \/>\n<meta property=\"og:locale\" content=\"fr_FR\" \/>\n<meta property=\"og:type\" content=\"article\" \/>\n<meta property=\"og:title\" content=\"Athl\u00e9tisme - Palmar\u00e8s complet et r\u00e9sultats Championnats d&#039;Europe en salle 2025\" \/>\n<meta property=\"og:description\" content=\"Les Championnats d&#039;Europe en salle d&#039;athl\u00e9tisme 2023 se d\u00e9roulent du 2 au 5 mars. Voici le programme et les r\u00e9sultats de la comp\u00e9tition.\" \/>\n<meta property=\"og:url\" content=\"https:\/\/dicodusport.fr\/blog\/athletisme-programme-et-resultats-championnats-deurope-en-salle-2025\/\" \/>\n<meta property=\"og:site_name\" content=\"Dicodusport\" \/>\n<meta property=\"article:publisher\" content=\"https:\/\/www.facebook.com\/dicodusport\" \/>\n<meta property=\"article:published_time\" content=\"2025-03-09T18:00:41+00:00\" \/>\n<meta property=\"article:modified_time\" content=\"2025-03-23T13:44:54+00:00\" \/>\n<meta property=\"og:image\" content=\"https:\/\/dicodusport.fr\/blog\/wp-content\/uploads\/2025\/02\/Athletisme-Programme-et-resultats-Championnats-dEurope-en-salle-2025.png\" \/>\n\t<meta property=\"og:image:width\" content=\"1200\" \/>\n\t<meta property=\"og:image:height\" content=\"674\" \/>\n\t<meta property=\"og:image:type\" content=\"image\/png\" \/>\n<meta name=\"author\" content=\"Arlette Yeye\" \/>\n<meta name=\"twitter:card\" content=\"summary_large_image\" \/>\n<meta name=\"twitter:title\" content=\"Athl\u00e9tisme - Palmar\u00e8s complet et r\u00e9sultats Championnats d&#039;Europe en salle 2025\" \/>\n<meta name=\"twitter:creator\" content=\"@https:\/\/twitter.com\/Shiclette94\" \/>\n<meta name=\"twitter:site\" content=\"@dicodusport\" \/>\n<script type=\"application\/ld+json\" class=\"yoast-schema-graph\">{\"@context\":\"https:\/\/schema.org\",\"@graph\":[{\"@type\":\"NewsArticle\",\"@id\":\"https:\/\/dicodusport.fr\/blog\/athletisme-programme-et-resultats-championnats-deurope-en-salle-2025\/#article\",\"isPartOf\":{\"@id\":\"https:\/\/dicodusport.fr\/blog\/athletisme-programme-et-resultats-championnats-deurope-en-salle-2025\/\"},\"author\":{\"name\":\"Arlette Yeye\",\"@id\":\"https:\/\/dicodusport.fr\/blog\/#\/schema\/person\/cce96fa88785bd8573e3d43078ac8c79\"},\"headline\":\"Athl\u00e9tisme &#8211; Palmar\u00e8s complet et r\u00e9sultats Championnats d&rsquo;Europe en salle 2025\",\"datePublished\":\"2025-03-09T18:00:41+00:00\",\"dateModified\":\"2025-03-23T13:44:54+00:00\",\"mainEntityOfPage\":{\"@id\":\"https:\/\/dicodusport.fr\/blog\/athletisme-programme-et-resultats-championnats-deurope-en-salle-2025\/\"},\"wordCount\":1106,\"commentCount\":0,\"publisher\":{\"@id\":\"https:\/\/dicodusport.fr\/blog\/#organization\"},\"image\":{\"@id\":\"https:\/\/dicodusport.fr\/blog\/athletisme-programme-et-resultats-championnats-deurope-en-salle-2025\/#primaryimage\"},\"thumbnailUrl\":\"https:\/\/dicodusport.fr\/blog\/wp-content\/uploads\/2025\/02\/Athletisme-Programme-et-resultats-Championnats-dEurope-en-salle-2025.png\",\"keywords\":[\"br\u00e8ve\"],\"articleSection\":[\"Athl\u00e9tisme\"],\"inLanguage\":\"fr-FR\",\"potentialAction\":[{\"@type\":\"CommentAction\",\"name\":\"Comment\",\"target\":[\"https:\/\/dicodusport.fr\/blog\/athletisme-programme-et-resultats-championnats-deurope-en-salle-2025\/#respond\"]}],\"copyrightYear\":\"2025\",\"copyrightHolder\":{\"@id\":\"https:\/\/dicodusport.fr\/blog\/#organization\"}},{\"@type\":\"WebPage\",\"@id\":\"https:\/\/dicodusport.fr\/blog\/athletisme-programme-et-resultats-championnats-deurope-en-salle-2025\/\",\"url\":\"https:\/\/dicodusport.fr\/blog\/athletisme-programme-et-resultats-championnats-deurope-en-salle-2025\/\",\"name\":\"Athl\u00e9tisme - Palmar\u00e8s complet et r\u00e9sultats Championnats d'Europe en salle 2025 - Dicodusport\",\"isPartOf\":{\"@id\":\"https:\/\/dicodusport.fr\/blog\/#website\"},\"primaryImageOfPage\":{\"@id\":\"https:\/\/dicodusport.fr\/blog\/athletisme-programme-et-resultats-championnats-deurope-en-salle-2025\/#primaryimage\"},\"image\":{\"@id\":\"https:\/\/dicodusport.fr\/blog\/athletisme-programme-et-resultats-championnats-deurope-en-salle-2025\/#primaryimage\"},\"thumbnailUrl\":\"https:\/\/dicodusport.fr\/blog\/wp-content\/uploads\/2025\/02\/Athletisme-Programme-et-resultats-Championnats-dEurope-en-salle-2025.png\",\"datePublished\":\"2025-03-09T18:00:41+00:00\",\"dateModified\":\"2025-03-23T13:44:54+00:00\",\"description\":\"Les Championnats d'Europe en salle d'athl\u00e9tisme 2023 se d\u00e9roulent du 2 au 5 mars. Voici le programme et les r\u00e9sultats de la comp\u00e9tition.\",\"breadcrumb\":{\"@id\":\"https:\/\/dicodusport.fr\/blog\/athletisme-programme-et-resultats-championnats-deurope-en-salle-2025\/#breadcrumb\"},\"inLanguage\":\"fr-FR\",\"potentialAction\":[{\"@type\":\"ReadAction\",\"target\":[\"https:\/\/dicodusport.fr\/blog\/athletisme-programme-et-resultats-championnats-deurope-en-salle-2025\/\"]}]},{\"@type\":\"ImageObject\",\"inLanguage\":\"fr-FR\",\"@id\":\"https:\/\/dicodusport.fr\/blog\/athletisme-programme-et-resultats-championnats-deurope-en-salle-2025\/#primaryimage\",\"url\":\"https:\/\/dicodusport.fr\/blog\/wp-content\/uploads\/2025\/02\/Athletisme-Programme-et-resultats-Championnats-dEurope-en-salle-2025.png\",\"contentUrl\":\"https:\/\/dicodusport.fr\/blog\/wp-content\/uploads\/2025\/02\/Athletisme-Programme-et-resultats-Championnats-dEurope-en-salle-2025.png\",\"width\":1200,\"height\":674,\"caption\":\"Athl\u00e9tisme - Programme et r\u00e9sultats Championnats d'Europe en salle 2025\"},{\"@type\":\"BreadcrumbList\",\"@id\":\"https:\/\/dicodusport.fr\/blog\/athletisme-programme-et-resultats-championnats-deurope-en-salle-2025\/#breadcrumb\",\"itemListElement\":[{\"@type\":\"ListItem\",\"position\":1,\"name\":\"Accueil\",\"item\":\"https:\/\/dicodusport.fr\/blog\/\"},{\"@type\":\"ListItem\",\"position\":2,\"name\":\"Athl\u00e9tisme &#8211; Palmar\u00e8s complet et r\u00e9sultats Championnats d&rsquo;Europe en salle 2025\"}]},{\"@type\":\"WebSite\",\"@id\":\"https:\/\/dicodusport.fr\/blog\/#website\",\"url\":\"https:\/\/dicodusport.fr\/blog\/\",\"name\":\"Dicodusport\",\"description\":\"L&#039;encyclop\u00e9die de l&#039;actualit\u00e9 sportive\",\"publisher\":{\"@id\":\"https:\/\/dicodusport.fr\/blog\/#organization\"},\"potentialAction\":[{\"@type\":\"SearchAction\",\"target\":{\"@type\":\"EntryPoint\",\"urlTemplate\":\"https:\/\/dicodusport.fr\/blog\/?s={search_term_string}\"},\"query-input\":{\"@type\":\"PropertyValueSpecification\",\"valueRequired\":true,\"valueName\":\"search_term_string\"}}],\"inLanguage\":\"fr-FR\"},{\"@type\":\"NewsMediaOrganization\",\"@id\":\"https:\/\/dicodusport.fr\/blog\/#organization\",\"name\":\"Dicodusport\",\"url\":\"https:\/\/dicodusport.fr\/blog\/\",\"logo\":{\"@type\":\"ImageObject\",\"inLanguage\":\"fr-FR\",\"@id\":\"https:\/\/dicodusport.fr\/blog\/#\/schema\/logo\/image\/\",\"url\":\"https:\/\/dicodusport.fr\/blog\/wp-content\/uploads\/2020\/06\/cropped-LOGO-DICODUSPORT-2020-SANS-FOND-SANS-TEXTE.png\",\"contentUrl\":\"https:\/\/dicodusport.fr\/blog\/wp-content\/uploads\/2020\/06\/cropped-LOGO-DICODUSPORT-2020-SANS-FOND-SANS-TEXTE.png\",\"width\":512,\"height\":512,\"caption\":\"Dicodusport\"},\"image\":{\"@id\":\"https:\/\/dicodusport.fr\/blog\/#\/schema\/logo\/image\/\"},\"sameAs\":[\"https:\/\/www.facebook.com\/dicodusport\",\"https:\/\/x.com\/dicodusport\",\"https:\/\/www.instagram.com\/dicodusport\/\",\"https:\/\/www.youtube.com\/channel\/UC7V2KZ5sd3htJivAbA4ZG3w\"],\"description\":\"Dicodusport est l'encyclop\u00e9die de l'actualit\u00e9 sportive.\",\"email\":\"bonjour@dicodusport.fr\",\"legalName\":\"DICODUSPORT\",\"foundingDate\":\"2018-01-14\",\"vatID\":\"FR71834470973\",\"taxID\":\"83447097300043\",\"numberOfEmployees\":{\"@type\":\"QuantitativeValue\",\"minValue\":\"1\",\"maxValue\":\"10\"}},{\"@type\":\"Person\",\"@id\":\"https:\/\/dicodusport.fr\/blog\/#\/schema\/person\/cce96fa88785bd8573e3d43078ac8c79\",\"name\":\"Arlette Yeye\",\"image\":{\"@type\":\"ImageObject\",\"inLanguage\":\"fr-FR\",\"@id\":\"https:\/\/dicodusport.fr\/blog\/#\/schema\/person\/image\/\",\"url\":\"https:\/\/secure.gravatar.com\/avatar\/dca4a6239e6d708e46c45d60e160de6c?s=96&d=wp_user_avatar&r=g\",\"contentUrl\":\"https:\/\/secure.gravatar.com\/avatar\/dca4a6239e6d708e46c45d60e160de6c?s=96&d=wp_user_avatar&r=g\",\"caption\":\"Arlette Yeye\"},\"description\":\"Journaliste\/r\u00e9dactrice depuis septembre 2015 - Supportrice de Chelsea, j'ai pour sports de pr\u00e9dilection le handball, l'athl\u00e9tisme et le tennis. Si je tweete plus vite que mon ombre, vous pouvez aussi me retrouver les week-ends sur les playgrounds de Bruxelles pour un petit foot ou basket entre potes. Parcourir la France, l'Europe et plus si affinit\u00e9s pour suivre mes sportifs pr\u00e9f\u00e9r\u00e9s ? Mon kif ! Et c'est avec plaisir que je partage les r\u00e9sultats des sports populaires mais \u00e9galement plus confidentiels pour Dicodusport.\",\"sameAs\":[\"https:\/\/x.com\/https:\/\/twitter.com\/Shiclette94\"],\"url\":\"https:\/\/dicodusport.fr\/blog\/author\/arlette\/\"}]}<\/script>\n<!-- \/ Yoast SEO Premium plugin. -->","yoast_head_json":{"title":"Athl\u00e9tisme - Palmar\u00e8s complet et r\u00e9sultats Championnats d'Europe en salle 2025 - Dicodusport","description":"Les Championnats d'Europe en salle d'athl\u00e9tisme 2023 se d\u00e9roulent du 2 au 5 mars. Voici le programme et les r\u00e9sultats de la comp\u00e9tition.","robots":{"index":"index","follow":"follow","max-snippet":"max-snippet:-1","max-image-preview":"max-image-preview:large","max-video-preview":"max-video-preview:-1"},"canonical":"https:\/\/dicodusport.fr\/blog\/athletisme-programme-et-resultats-championnats-deurope-en-salle-2025\/","og_locale":"fr_FR","og_type":"article","og_title":"Athl\u00e9tisme - Palmar\u00e8s complet et r\u00e9sultats Championnats d'Europe en salle 2025","og_description":"Les Championnats d'Europe en salle d'athl\u00e9tisme 2023 se d\u00e9roulent du 2 au 5 mars. Voici le programme et les r\u00e9sultats de la comp\u00e9tition.","og_url":"https:\/\/dicodusport.fr\/blog\/athletisme-programme-et-resultats-championnats-deurope-en-salle-2025\/","og_site_name":"Dicodusport","article_publisher":"https:\/\/www.facebook.com\/dicodusport","article_published_time":"2025-03-09T18:00:41+00:00","article_modified_time":"2025-03-23T13:44:54+00:00","og_image":[{"width":1200,"height":674,"url":"https:\/\/dicodusport.fr\/blog\/wp-content\/uploads\/2025\/02\/Athletisme-Programme-et-resultats-Championnats-dEurope-en-salle-2025.png","type":"image\/png"}],"author":"Arlette Yeye","twitter_card":"summary_large_image","twitter_title":"Athl\u00e9tisme - Palmar\u00e8s complet et r\u00e9sultats Championnats d'Europe en salle 2025","twitter_creator":"@https:\/\/twitter.com\/Shiclette94","twitter_site":"@dicodusport","schema":{"@context":"https:\/\/schema.org","@graph":[{"@type":"NewsArticle","@id":"https:\/\/dicodusport.fr\/blog\/athletisme-programme-et-resultats-championnats-deurope-en-salle-2025\/#article","isPartOf":{"@id":"https:\/\/dicodusport.fr\/blog\/athletisme-programme-et-resultats-championnats-deurope-en-salle-2025\/"},"author":{"name":"Arlette Yeye","@id":"https:\/\/dicodusport.fr\/blog\/#\/schema\/person\/cce96fa88785bd8573e3d43078ac8c79"},"headline":"Athl\u00e9tisme &#8211; Palmar\u00e8s complet et r\u00e9sultats Championnats d&rsquo;Europe en salle 2025","datePublished":"2025-03-09T18:00:41+00:00","dateModified":"2025-03-23T13:44:54+00:00","mainEntityOfPage":{"@id":"https:\/\/dicodusport.fr\/blog\/athletisme-programme-et-resultats-championnats-deurope-en-salle-2025\/"},"wordCount":1106,"commentCount":0,"publisher":{"@id":"https:\/\/dicodusport.fr\/blog\/#organization"},"image":{"@id":"https:\/\/dicodusport.fr\/blog\/athletisme-programme-et-resultats-championnats-deurope-en-salle-2025\/#primaryimage"},"thumbnailUrl":"https:\/\/dicodusport.fr\/blog\/wp-content\/uploads\/2025\/02\/Athletisme-Programme-et-resultats-Championnats-dEurope-en-salle-2025.png","keywords":["br\u00e8ve"],"articleSection":["Athl\u00e9tisme"],"inLanguage":"fr-FR","potentialAction":[{"@type":"CommentAction","name":"Comment","target":["https:\/\/dicodusport.fr\/blog\/athletisme-programme-et-resultats-championnats-deurope-en-salle-2025\/#respond"]}],"copyrightYear":"2025","copyrightHolder":{"@id":"https:\/\/dicodusport.fr\/blog\/#organization"}},{"@type":"WebPage","@id":"https:\/\/dicodusport.fr\/blog\/athletisme-programme-et-resultats-championnats-deurope-en-salle-2025\/","url":"https:\/\/dicodusport.fr\/blog\/athletisme-programme-et-resultats-championnats-deurope-en-salle-2025\/","name":"Athl\u00e9tisme - Palmar\u00e8s complet et r\u00e9sultats Championnats d'Europe en salle 2025 - Dicodusport","isPartOf":{"@id":"https:\/\/dicodusport.fr\/blog\/#website"},"primaryImageOfPage":{"@id":"https:\/\/dicodusport.fr\/blog\/athletisme-programme-et-resultats-championnats-deurope-en-salle-2025\/#primaryimage"},"image":{"@id":"https:\/\/dicodusport.fr\/blog\/athletisme-programme-et-resultats-championnats-deurope-en-salle-2025\/#primaryimage"},"thumbnailUrl":"https:\/\/dicodusport.fr\/blog\/wp-content\/uploads\/2025\/02\/Athletisme-Programme-et-resultats-Championnats-dEurope-en-salle-2025.png","datePublished":"2025-03-09T18:00:41+00:00","dateModified":"2025-03-23T13:44:54+00:00","description":"Les Championnats d'Europe en salle d'athl\u00e9tisme 2023 se d\u00e9roulent du 2 au 5 mars. Voici le programme et les r\u00e9sultats de la comp\u00e9tition.","breadcrumb":{"@id":"https:\/\/dicodusport.fr\/blog\/athletisme-programme-et-resultats-championnats-deurope-en-salle-2025\/#breadcrumb"},"inLanguage":"fr-FR","potentialAction":[{"@type":"ReadAction","target":["https:\/\/dicodusport.fr\/blog\/athletisme-programme-et-resultats-championnats-deurope-en-salle-2025\/"]}]},{"@type":"ImageObject","inLanguage":"fr-FR","@id":"https:\/\/dicodusport.fr\/blog\/athletisme-programme-et-resultats-championnats-deurope-en-salle-2025\/#primaryimage","url":"https:\/\/dicodusport.fr\/blog\/wp-content\/uploads\/2025\/02\/Athletisme-Programme-et-resultats-Championnats-dEurope-en-salle-2025.png","contentUrl":"https:\/\/dicodusport.fr\/blog\/wp-content\/uploads\/2025\/02\/Athletisme-Programme-et-resultats-Championnats-dEurope-en-salle-2025.png","width":1200,"height":674,"caption":"Athl\u00e9tisme - Programme et r\u00e9sultats Championnats d'Europe en salle 2025"},{"@type":"BreadcrumbList","@id":"https:\/\/dicodusport.fr\/blog\/athletisme-programme-et-resultats-championnats-deurope-en-salle-2025\/#breadcrumb","itemListElement":[{"@type":"ListItem","position":1,"name":"Accueil","item":"https:\/\/dicodusport.fr\/blog\/"},{"@type":"ListItem","position":2,"name":"Athl\u00e9tisme &#8211; Palmar\u00e8s complet et r\u00e9sultats Championnats d&rsquo;Europe en salle 2025"}]},{"@type":"WebSite","@id":"https:\/\/dicodusport.fr\/blog\/#website","url":"https:\/\/dicodusport.fr\/blog\/","name":"Dicodusport","description":"L&#039;encyclop\u00e9die de l&#039;actualit\u00e9 sportive","publisher":{"@id":"https:\/\/dicodusport.fr\/blog\/#organization"},"potentialAction":[{"@type":"SearchAction","target":{"@type":"EntryPoint","urlTemplate":"https:\/\/dicodusport.fr\/blog\/?s={search_term_string}"},"query-input":{"@type":"PropertyValueSpecification","valueRequired":true,"valueName":"search_term_string"}}],"inLanguage":"fr-FR"},{"@type":"NewsMediaOrganization","@id":"https:\/\/dicodusport.fr\/blog\/#organization","name":"Dicodusport","url":"https:\/\/dicodusport.fr\/blog\/","logo":{"@type":"ImageObject","inLanguage":"fr-FR","@id":"https:\/\/dicodusport.fr\/blog\/#\/schema\/logo\/image\/","url":"https:\/\/dicodusport.fr\/blog\/wp-content\/uploads\/2020\/06\/cropped-LOGO-DICODUSPORT-2020-SANS-FOND-SANS-TEXTE.png","contentUrl":"https:\/\/dicodusport.fr\/blog\/wp-content\/uploads\/2020\/06\/cropped-LOGO-DICODUSPORT-2020-SANS-FOND-SANS-TEXTE.png","width":512,"height":512,"caption":"Dicodusport"},"image":{"@id":"https:\/\/dicodusport.fr\/blog\/#\/schema\/logo\/image\/"},"sameAs":["https:\/\/www.facebook.com\/dicodusport","https:\/\/x.com\/dicodusport","https:\/\/www.instagram.com\/dicodusport\/","https:\/\/www.youtube.com\/channel\/UC7V2KZ5sd3htJivAbA4ZG3w"],"description":"Dicodusport est l'encyclop\u00e9die de l'actualit\u00e9 sportive.","email":"bonjour@dicodusport.fr","legalName":"DICODUSPORT","foundingDate":"2018-01-14","vatID":"FR71834470973","taxID":"83447097300043","numberOfEmployees":{"@type":"QuantitativeValue","minValue":"1","maxValue":"10"}},{"@type":"Person","@id":"https:\/\/dicodusport.fr\/blog\/#\/schema\/person\/cce96fa88785bd8573e3d43078ac8c79","name":"Arlette Yeye","image":{"@type":"ImageObject","inLanguage":"fr-FR","@id":"https:\/\/dicodusport.fr\/blog\/#\/schema\/person\/image\/","url":"https:\/\/secure.gravatar.com\/avatar\/dca4a6239e6d708e46c45d60e160de6c?s=96&d=wp_user_avatar&r=g","contentUrl":"https:\/\/secure.gravatar.com\/avatar\/dca4a6239e6d708e46c45d60e160de6c?s=96&d=wp_user_avatar&r=g","caption":"Arlette Yeye"},"description":"Journaliste\/r\u00e9dactrice depuis septembre 2015 - Supportrice de Chelsea, j'ai pour sports de pr\u00e9dilection le handball, l'athl\u00e9tisme et le tennis. Si je tweete plus vite que mon ombre, vous pouvez aussi me retrouver les week-ends sur les playgrounds de Bruxelles pour un petit foot ou basket entre potes. Parcourir la France, l'Europe et plus si affinit\u00e9s pour suivre mes sportifs pr\u00e9f\u00e9r\u00e9s ? Mon kif ! Et c'est avec plaisir que je partage les r\u00e9sultats des sports populaires mais \u00e9galement plus confidentiels pour Dicodusport.","sameAs":["https:\/\/x.com\/https:\/\/twitter.com\/Shiclette94"],"url":"https:\/\/dicodusport.fr\/blog\/author\/arlette\/"}]}},"_links":{"self":[{"href":"https:\/\/dicodusport.fr\/blog\/wp-json\/wp\/v2\/posts\/556094","targetHints":{"allow":["GET"]}}],"collection":[{"href":"https:\/\/dicodusport.fr\/blog\/wp-json\/wp\/v2\/posts"}],"about":[{"href":"https:\/\/dicodusport.fr\/blog\/wp-json\/wp\/v2\/types\/post"}],"author":[{"embeddable":true,"href":"https:\/\/dicodusport.fr\/blog\/wp-json\/wp\/v2\/users\/12"}],"replies":[{"embeddable":true,"href":"https:\/\/dicodusport.fr\/blog\/wp-json\/wp\/v2\/comments?post=556094"}],"version-history":[{"count":5,"href":"https:\/\/dicodusport.fr\/blog\/wp-json\/wp\/v2\/posts\/556094\/revisions"}],"predecessor-version":[{"id":566855,"href":"https:\/\/dicodusport.fr\/blog\/wp-json\/wp\/v2\/posts\/556094\/revisions\/566855"}],"wp:featuredmedia":[{"embeddable":true,"href":"https:\/\/dicodusport.fr\/blog\/wp-json\/wp\/v2\/media\/559360"}],"wp:attachment":[{"href":"https:\/\/dicodusport.fr\/blog\/wp-json\/wp\/v2\/media?parent=556094"}],"wp:term":[{"taxonomy":"category","embeddable":true,"href":"https:\/\/dicodusport.fr\/blog\/wp-json\/wp\/v2\/categories?post=556094"},{"taxonomy":"post_tag","embeddable":true,"href":"https:\/\/dicodusport.fr\/blog\/wp-json\/wp\/v2\/tags?post=556094"}],"curies":[{"name":"wp","href":"https:\/\/api.w.org\/{rel}","templated":true}]}}