{"id":556238,"date":"2025-02-16T16:46:38","date_gmt":"2025-02-16T15:46:38","guid":{"rendered":"https:\/\/dicodusport.fr\/blog\/?p=556238&#038;preview=true&#038;preview_id=556238"},"modified":"2025-02-16T17:28:50","modified_gmt":"2025-02-16T16:28:50","slug":"athletisme-championnats-de-france-jeunes-2025-record-de-france-u20-pour-milann-klemenic-sur-400-m","status":"publish","type":"post","link":"https:\/\/dicodusport.fr\/blog\/athletisme-championnats-de-france-jeunes-2025-record-de-france-u20-pour-milann-klemenic-sur-400-m\/","title":{"rendered":"Athl\u00e9tisme Championnats de France jeunes 2025 : Record de France U20 pour Milann Klemenic sur 400 m"},"content":{"rendered":"<h4 style=\"text-align: justify;\"><em>ATHL\u00c9TISME &#8211; Avec un chrono de 46.80, Milann Klemenic s&rsquo;offre la grosse performance de ces championnats de France jeunes 2025. Il bat le record de France U20. Au milieu d&rsquo;un week-end avec quelques grosses performances et un 60 m juniors hommes \u00e0 suspense.<\/em><\/h4>\n<ul style=\"text-align: justify;\">\n<li style=\"text-align: justify;\"><strong>\u00c0 ce sujet &#8211; <a href=\"https:\/\/dicodusport.fr\/blog\/palmares-et-resultats-championnats-de-france-en-salle-dathletisme-juniors-u20-et-cadets-u18-2025\/\">Athl\u00e9tisme : Palmar\u00e8s et r\u00e9sultats Championnats de France jeunes 2025<\/a><\/strong><\/li>\n<\/ul>\n<h2 style=\"text-align: justify;\">Milann Klemenic efface Thomas Jordier des tablettes<\/h2>\n<p style=\"text-align: justify;\">Il n&rsquo;est que junior premi\u00e8re ann\u00e9e. D\u00e9j\u00e0 recordman de France cadets du 400 m, <strong>Milann Klemenic<\/strong> est devenu recordman de France U20 en salle du 400 m. Devenant le deuxi\u00e8me fran\u00e7ais, apr\u00e8s <strong>Thomas Jordier<\/strong>, qui d\u00e9tenait le record, \u00e0 descendre sous les 47 secondes \u00e0 moins de 20 ans. Un chrono de <strong>46.80<\/strong> pour \u00eatre pr\u00e9cis. Le P\u00e9rigourdin a r\u00e9alis\u00e9 une fin de course de folie, dans une finale des championnats tr\u00e8s dense. Malheureusement, il s&rsquo;est bless\u00e9 aux ischio-jambiers, comme ce fut d\u00e9j\u00e0 le cas l&rsquo;\u00e9t\u00e9 dernier, lors de la finale des championnats d&rsquo;Europe cadets, course dans laquelle il avait pris la m\u00e9daille d&rsquo;argent, fauch\u00e9 pour l&rsquo;or \u00e0 cause de sa cuisse.<\/p>\n<blockquote class=\"twitter-tweet\">\n<p dir=\"ltr\" lang=\"fr\">\ud83d\udea8 \ud835\udde5\ud835\uddd8\ud835\uddd6\ud835\udde2\ud835\udde5\ud835\uddd7 \ud835\uddd7\ud835\uddd8 \ud835\uddd9\ud835\udde5\ud835\uddd4\ud835\udde1\ud835\uddd6\ud835\uddd8 \ud835\udde8\ud835\udfee\ud835\udfec \ud835\udddc\ud835\udde1\ud835\uddd7\ud835\udde2\ud835\udde2\ud835\udde5 !<\/p>\n<p>\ud83c\uddeb\ud83c\uddf7 Milann Klemenic d\u00e9croche le titre national sur le 400 m U20 en 46\u00a0\u00bb80 et am\u00e9liore de neuf centi\u00e8mes la marque de Thomas Jordier !<\/p>\n<p>Le sprinter de l&rsquo;Elan Sportif de Trelissac s&rsquo;est malheureusement bless\u00e9 juste apr\u00e8s avoir\u2026 <a href=\"https:\/\/t.co\/wkkqdHz1KT\">pic.twitter.com\/wkkqdHz1KT<\/a><\/p>\n<p>\u2014 FFAthl\u00e9tisme (@FFAthletisme) <a href=\"https:\/\/twitter.com\/FFAthletisme\/status\/1891095513975452132?ref_src=twsrc%5Etfw\">February 16, 2025<\/a><\/p><\/blockquote>\n<p style=\"text-align: justify;\"><script async src=\"https:\/\/platform.twitter.com\/widgets.js\" charset=\"utf-8\"><\/script><\/p>\n<h2 style=\"text-align: justify;\">Les autres grosses performances des championnats de France jeunes<\/h2>\n<h3 style=\"text-align: justify;\">Melissa Benfatah devant Cyr\u00e9na Samba-Mayela au m\u00eame \u00e2ge sur 60 m haies<\/h3>\n<p style=\"text-align: justify;\">On n&rsquo;est qu&rsquo;en juniors, mais \u00eatre devant <strong>Cyr\u00e9na Samba-Mayela<\/strong>, c&rsquo;est forc\u00e9ment parlant. <strong>Melissa Benfatah<\/strong>, en devenant championne de France du 60 m haies, a r\u00e9alis\u00e9 un nouveau record personnel sur la distance. Avec un chrono de <strong>8.19<\/strong>. Elle devient la deuxi\u00e8me performeuse fran\u00e7aise de tous les temps chez les juniors, derri\u00e8re l&#8217;embl\u00e9matique <strong>Monique Ewanj\u00e9-Ep\u00e9e<\/strong> (8.06). Mais devant les 8.24 de la vice-championne olympique 2024. La jeune fran\u00e7aise a r\u00e9alis\u00e9 une fin de course absolument \u00e9norme, pour aller chercher ce nouveau chrono de r\u00e9f\u00e9rence. Dans la foul\u00e9e d&rsquo;un \u00e9t\u00e9 d\u00e9j\u00e0 tr\u00e8s solide.<\/p>\n<blockquote class=\"twitter-tweet\">\n<p dir=\"ltr\" lang=\"fr\">\ud83c\uddeb\ud83c\uddf7 \ud835\udde5\ud835\uddd8\ud835\uddd6\ud835\udde2\ud835\udde5\ud835\uddd7 \ud835\uddd7\ud835\uddd8\ud835\udde6 \ud835\uddd6\ud835\udddb\ud835\uddd4\ud835\udde0\ud835\udde3\ud835\udddc\ud835\udde2\ud835\udde1\ud835\udde1\ud835\uddd4\ud835\udde7\ud835\udde6 !<\/p>\n<p>\ud83d\ude0d M\u00e9lissa Benfatah (Athl\u00e9 Provence Clubs) domine la finale du 60 m haies U20 en 8\u00a0\u00bb19 et am\u00e9liore de 6 centi\u00e8mes le record du rendez-vous national, qu&rsquo;elle d\u00e9tenait d\u00e9j\u00e0 !<\/p>\n<p>\ud83d\udcbb Suivez les <a href=\"https:\/\/twitter.com\/hashtag\/CFAthl%C3%A9?src=hash&amp;ref_src=twsrc%5Etfw\">#CFAthl\u00e9<\/a> en \ud835\uddd7\ud835\udddc\ud835\udde5\ud835\uddd8\ud835\uddd6\ud835\udde7 sur Athl\u00e9 TV et\u2026 <a href=\"https:\/\/t.co\/hPaoHZ5lvi\">pic.twitter.com\/hPaoHZ5lvi<\/a><\/p>\n<p>\u2014 FFAthl\u00e9tisme (@FFAthletisme) <a href=\"https:\/\/twitter.com\/FFAthletisme\/status\/1891113602959966278?ref_src=twsrc%5Etfw\">February 16, 2025<\/a><\/p><\/blockquote>\n<p style=\"text-align: justify;\"><script async src=\"https:\/\/platform.twitter.com\/widgets.js\" charset=\"utf-8\"><\/script><\/p>\n<h3 style=\"text-align: justify;\">Vanessa Lokuli impressionne sur 60 m<\/h3>\n<p style=\"text-align: justify;\">7.30 en demi-finale, 2e meilleure performance europ\u00e9enne U20 en 2025 et troisi\u00e8me performance juniors fran\u00e7aise de tous les temps. <strong>Vanessa Lokuli<\/strong> a frapp\u00e9 fort \u00e0 Li\u00e9vin, en acc\u00e9l\u00e9rant consid\u00e9rablement dans la ligne droite ce samedi. Un placement tr\u00e8s solide, et beaucoup de force dans ses foul\u00e9es, la panoplie de la bonne sprinteuse est bien l\u00e0. Elle a confirm\u00e9 en finale, avec un chrono de <strong>7.34<\/strong>. On a d\u00e9j\u00e0 h\u00e2te de voir ce que cela va donner cet \u00e9t\u00e9 sur 100 m. Son record de 11.63 (en 2023 !) pourrait voler en \u00e9clats. Il y a des championnats d&rsquo;Europe juniors qui peuvent \u00eatre tr\u00e8s int\u00e9ressants. En revanche, la longueur a \u00e9t\u00e9 moins fructueuse ce dimanche. Battue, elle perd son titre et doit se contenter d&rsquo;un bond \u00e0 6.13 m et l&rsquo;argent.<\/p>\n<blockquote class=\"twitter-tweet\">\n<p dir=\"ltr\" lang=\"fr\">\u23f1 L&rsquo;\u00e9norme chrono d\u00e8s les demi-finales !<\/p>\n<p>\ud83d\udca5 Vanessa Lokuli (Amiens UC) survole son 60 m en 7\u00a0\u00bb30 et grimpe au 3e rang des bilans tous temps U20 !<\/p>\n<p>\ud83d\udcbb Suivez les <a href=\"https:\/\/twitter.com\/hashtag\/CFAthl%C3%A9?src=hash&amp;ref_src=twsrc%5Etfw\">#CFAthl\u00e9<\/a> en \ud835\uddd7\ud835\udddc\ud835\udde5\ud835\uddd8\ud835\uddd6\ud835\udde7 sur Athl\u00e9 TV et l&rsquo;appli Athl\u00e9 TV ! <a href=\"https:\/\/t.co\/IctILW76SH\">pic.twitter.com\/IctILW76SH<\/a><\/p>\n<p>\u2014 FFAthl\u00e9tisme (@FFAthletisme) <a href=\"https:\/\/twitter.com\/FFAthletisme\/status\/1890767042187231736?ref_src=twsrc%5Etfw\">February 15, 2025<\/a><\/p><\/blockquote>\n<h3 style=\"text-align: justify;\"><script async src=\"https:\/\/platform.twitter.com\/widgets.js\" charset=\"utf-8\"><\/script><br \/>\nMa\u00ebl-Bephassou Lannurien \u00e0 l&rsquo;heure sur 60 m haies<\/h3>\n<p style=\"text-align: justify;\">On pouvait se poser la question de la r\u00e9cup\u00e9ration pour <strong>Ma\u00ebl-Bephassou Lannurien<\/strong>. Une semaine apr\u00e8s son record de France cadets de l&rsquo;heptathlon, il est devenu champion de France cadets du 60 m haies (91 cm). Il est devenu le quatri\u00e8me performeur cadets fran\u00e7ais de tous les temps sur la distance. Avec un chrono de <strong>7.64<\/strong>, apr\u00e8s avoir r\u00e9alis\u00e9 un chrono de 7.67 en s\u00e9rie. V\u00e9ritablement impressionnant sur les haies, qu&rsquo;il avale avec une grande facilit\u00e9, il a bien dig\u00e9r\u00e9 son nouveau statut.<\/p>\n<blockquote class=\"twitter-tweet\">\n<p dir=\"ltr\" lang=\"fr\">\ud83e\udd29 Brillant sur tous les terrains !<\/p>\n<p>\ud83e\udd47 Apr\u00e8s avoir battu le record national de l&rsquo;heptathlon U18 le week-end dernier, Ma\u00ebl-Bephassou Lannurien a \u00e9t\u00e9 sacr\u00e9 champion de France du 60 m haies en 7\u00a0\u00bb64, record personnel.<\/p>\n<p>\ud83c\uddeb\ud83c\uddf7 Il devient le 4e meilleur performeur fran\u00e7ais de tous les\u2026 <a href=\"https:\/\/t.co\/XptuOStmCa\">pic.twitter.com\/XptuOStmCa<\/a><\/p>\n<p>\u2014 FFAthl\u00e9tisme (@FFAthletisme) <a href=\"https:\/\/twitter.com\/FFAthletisme\/status\/1890795802886652356?ref_src=twsrc%5Etfw\">February 15, 2025<\/a><\/p><\/blockquote>\n<p style=\"text-align: justify;\"><script async src=\"https:\/\/platform.twitter.com\/widgets.js\" charset=\"utf-8\"><\/script><\/p>\n<h3 style=\"text-align: justify;\">Un 60 m de folie en juniors<\/h3>\n<p style=\"text-align: justify;\">Impossible de les d\u00e9partager ! <strong>Ga\u00ebl Delaumenie<\/strong> et <strong>Axel Romet<\/strong> ont r\u00e9alis\u00e9 le m\u00eame temps, au milli\u00e8me pr\u00e8s, en finale du 60 m U20. Les deux ont r\u00e9alis\u00e9 un chrono de<strong> 6.79<\/strong>. Dans ce qui est le moment le plus spectaculaire de ces championnats de France. Victoire partag\u00e9e entre deux hommes en grande forme cet hiver. Et un chrono probant pour un champion de France juniors. Le premier cit\u00e9, apr\u00e8s un d\u00e9part poussif, est revenu comme une balle sur son adversaire. Pour arracher l&rsquo;\u00e9galit\u00e9 sur un tr\u00e8s gros \u00ab\u00a0cass\u00e9\u00a0\u00bb.<\/p>\n","protected":false},"excerpt":{"rendered":"<p>Cinq athl\u00e8tes \u00e0 suivre ce weekend \u00e0 Li\u00e9vin pour les Championnats de France jeunes 2025 d&rsquo;athl\u00e9tisme<\/p>\n","protected":false},"author":83,"featured_media":501933,"comment_status":"open","ping_status":"closed","sticky":false,"template":"","format":"standard","meta":{"_acf_changed":false,"_daextam_enable_autolinks":"1","footnotes":""},"categories":[2308],"tags":[143,16878,29977,37255],"class_list":["post-556238","post","type-post","status-publish","format-standard","has-post-thumbnail","hentry","category-athletisme","tag-athletisme","tag-breve","tag-meta-tumba","tag-milann-klemenic"],"acf":[],"yoast_head":"<!-- This site is optimized with the Yoast SEO Premium plugin v26.7 (Yoast SEO v26.7) - https:\/\/yoast.com\/wordpress\/plugins\/seo\/ -->\n<title>Athl\u00e9tisme Championnats de France jeunes 2025 : Record de France U20 pour Milann Klemenic sur 400 m<\/title>\n<meta name=\"description\" content=\"ATHL\u00c9TISME - Avec un chrono de 46.80, Milann Klemenic s&#039;offre la grosse performance de ces championnats de France jeunes 2025.\" \/>\n<meta name=\"robots\" content=\"index, follow, max-snippet:-1, max-image-preview:large, max-video-preview:-1\" \/>\n<link rel=\"canonical\" href=\"https:\/\/dicodusport.fr\/blog\/athletisme-championnats-de-france-jeunes-2025-record-de-france-u20-pour-milann-klemenic-sur-400-m\/\" \/>\n<meta property=\"og:locale\" content=\"fr_FR\" \/>\n<meta property=\"og:type\" content=\"article\" \/>\n<meta property=\"og:title\" content=\"Athl\u00e9tisme Championnats de France jeunes 2025 : Record de France U20 pour Milann Klemenic sur 400 m\" \/>\n<meta property=\"og:description\" content=\"ATHL\u00c9TISME - Avec un chrono de 46.80, Milann Klemenic s&#039;offre la grosse performance de ces championnats de France jeunes 2025.\" \/>\n<meta property=\"og:url\" content=\"https:\/\/dicodusport.fr\/blog\/athletisme-championnats-de-france-jeunes-2025-record-de-france-u20-pour-milann-klemenic-sur-400-m\/\" \/>\n<meta property=\"og:site_name\" content=\"Dicodusport\" \/>\n<meta property=\"article:publisher\" content=\"https:\/\/www.facebook.com\/dicodusport\" \/>\n<meta property=\"article:published_time\" content=\"2025-02-16T15:46:38+00:00\" \/>\n<meta property=\"article:modified_time\" content=\"2025-02-16T16:28:50+00:00\" \/>\n<meta property=\"og:image\" content=\"https:\/\/dicodusport.fr\/blog\/wp-content\/uploads\/2024\/07\/Championnats-dEurope-U18-dathletisme-2024-Milann-Klemenic-en-argent-au-400-m-1.png\" \/>\n\t<meta property=\"og:image:width\" content=\"1200\" \/>\n\t<meta property=\"og:image:height\" content=\"674\" \/>\n\t<meta property=\"og:image:type\" content=\"image\/png\" \/>\n<meta name=\"author\" content=\"Etienne Goursaud\" \/>\n<meta name=\"twitter:card\" content=\"summary_large_image\" \/>\n<meta name=\"twitter:title\" content=\"Athl\u00e9tisme Championnats de France jeunes 2025 : Record de France U20 pour Milann Klemenic sur 400 m\" \/>\n<meta name=\"twitter:creator\" content=\"@dicodusport\" \/>\n<meta name=\"twitter:site\" content=\"@dicodusport\" \/>\n<script type=\"application\/ld+json\" class=\"yoast-schema-graph\">{\"@context\":\"https:\/\/schema.org\",\"@graph\":[{\"@type\":\"NewsArticle\",\"@id\":\"https:\/\/dicodusport.fr\/blog\/athletisme-championnats-de-france-jeunes-2025-record-de-france-u20-pour-milann-klemenic-sur-400-m\/#article\",\"isPartOf\":{\"@id\":\"https:\/\/dicodusport.fr\/blog\/athletisme-championnats-de-france-jeunes-2025-record-de-france-u20-pour-milann-klemenic-sur-400-m\/\"},\"author\":{\"name\":\"Etienne Goursaud\",\"@id\":\"https:\/\/dicodusport.fr\/blog\/#\/schema\/person\/d603dd7da31fb2b46c82b9835a77ec13\"},\"headline\":\"Athl\u00e9tisme Championnats de France jeunes 2025 : Record de France U20 pour Milann Klemenic sur 400 m\",\"datePublished\":\"2025-02-16T15:46:38+00:00\",\"dateModified\":\"2025-02-16T16:28:50+00:00\",\"mainEntityOfPage\":{\"@id\":\"https:\/\/dicodusport.fr\/blog\/athletisme-championnats-de-france-jeunes-2025-record-de-france-u20-pour-milann-klemenic-sur-400-m\/\"},\"wordCount\":870,\"commentCount\":0,\"publisher\":{\"@id\":\"https:\/\/dicodusport.fr\/blog\/#organization\"},\"image\":{\"@id\":\"https:\/\/dicodusport.fr\/blog\/athletisme-championnats-de-france-jeunes-2025-record-de-france-u20-pour-milann-klemenic-sur-400-m\/#primaryimage\"},\"thumbnailUrl\":\"https:\/\/dicodusport.fr\/blog\/wp-content\/uploads\/2024\/07\/Championnats-dEurope-U18-dathletisme-2024-Milann-Klemenic-en-argent-au-400-m-1.png\",\"keywords\":[\"Athl\u00e9tisme\",\"br\u00e8ve\",\"Meta Tumba\",\"Milann Klemenic\"],\"articleSection\":[\"Athl\u00e9tisme\"],\"inLanguage\":\"fr-FR\",\"potentialAction\":[{\"@type\":\"CommentAction\",\"name\":\"Comment\",\"target\":[\"https:\/\/dicodusport.fr\/blog\/athletisme-championnats-de-france-jeunes-2025-record-de-france-u20-pour-milann-klemenic-sur-400-m\/#respond\"]}],\"copyrightYear\":\"2025\",\"copyrightHolder\":{\"@id\":\"https:\/\/dicodusport.fr\/blog\/#organization\"}},{\"@type\":\"WebPage\",\"@id\":\"https:\/\/dicodusport.fr\/blog\/athletisme-championnats-de-france-jeunes-2025-record-de-france-u20-pour-milann-klemenic-sur-400-m\/\",\"url\":\"https:\/\/dicodusport.fr\/blog\/athletisme-championnats-de-france-jeunes-2025-record-de-france-u20-pour-milann-klemenic-sur-400-m\/\",\"name\":\"Athl\u00e9tisme Championnats de France jeunes 2025 : Record de France U20 pour Milann Klemenic sur 400 m\",\"isPartOf\":{\"@id\":\"https:\/\/dicodusport.fr\/blog\/#website\"},\"primaryImageOfPage\":{\"@id\":\"https:\/\/dicodusport.fr\/blog\/athletisme-championnats-de-france-jeunes-2025-record-de-france-u20-pour-milann-klemenic-sur-400-m\/#primaryimage\"},\"image\":{\"@id\":\"https:\/\/dicodusport.fr\/blog\/athletisme-championnats-de-france-jeunes-2025-record-de-france-u20-pour-milann-klemenic-sur-400-m\/#primaryimage\"},\"thumbnailUrl\":\"https:\/\/dicodusport.fr\/blog\/wp-content\/uploads\/2024\/07\/Championnats-dEurope-U18-dathletisme-2024-Milann-Klemenic-en-argent-au-400-m-1.png\",\"datePublished\":\"2025-02-16T15:46:38+00:00\",\"dateModified\":\"2025-02-16T16:28:50+00:00\",\"description\":\"ATHL\u00c9TISME - Avec un chrono de 46.80, Milann Klemenic s'offre la grosse performance de ces championnats de France jeunes 2025.\",\"breadcrumb\":{\"@id\":\"https:\/\/dicodusport.fr\/blog\/athletisme-championnats-de-france-jeunes-2025-record-de-france-u20-pour-milann-klemenic-sur-400-m\/#breadcrumb\"},\"inLanguage\":\"fr-FR\",\"potentialAction\":[{\"@type\":\"ReadAction\",\"target\":[\"https:\/\/dicodusport.fr\/blog\/athletisme-championnats-de-france-jeunes-2025-record-de-france-u20-pour-milann-klemenic-sur-400-m\/\"]}]},{\"@type\":\"ImageObject\",\"inLanguage\":\"fr-FR\",\"@id\":\"https:\/\/dicodusport.fr\/blog\/athletisme-championnats-de-france-jeunes-2025-record-de-france-u20-pour-milann-klemenic-sur-400-m\/#primaryimage\",\"url\":\"https:\/\/dicodusport.fr\/blog\/wp-content\/uploads\/2024\/07\/Championnats-dEurope-U18-dathletisme-2024-Milann-Klemenic-en-argent-au-400-m-1.png\",\"contentUrl\":\"https:\/\/dicodusport.fr\/blog\/wp-content\/uploads\/2024\/07\/Championnats-dEurope-U18-dathletisme-2024-Milann-Klemenic-en-argent-au-400-m-1.png\",\"width\":1200,\"height\":674,\"caption\":\"Athl\u00e9tisme Championnats de France jeunes 2025 : Record de France U20 pour Milann Klemenic sur 400 m\"},{\"@type\":\"BreadcrumbList\",\"@id\":\"https:\/\/dicodusport.fr\/blog\/athletisme-championnats-de-france-jeunes-2025-record-de-france-u20-pour-milann-klemenic-sur-400-m\/#breadcrumb\",\"itemListElement\":[{\"@type\":\"ListItem\",\"position\":1,\"name\":\"Accueil\",\"item\":\"https:\/\/dicodusport.fr\/blog\/\"},{\"@type\":\"ListItem\",\"position\":2,\"name\":\"Athl\u00e9tisme Championnats de France jeunes 2025 : Record de France U20 pour Milann Klemenic sur 400 m\"}]},{\"@type\":\"WebSite\",\"@id\":\"https:\/\/dicodusport.fr\/blog\/#website\",\"url\":\"https:\/\/dicodusport.fr\/blog\/\",\"name\":\"Dicodusport\",\"description\":\"L&#039;encyclop\u00e9die de l&#039;actualit\u00e9 sportive\",\"publisher\":{\"@id\":\"https:\/\/dicodusport.fr\/blog\/#organization\"},\"potentialAction\":[{\"@type\":\"SearchAction\",\"target\":{\"@type\":\"EntryPoint\",\"urlTemplate\":\"https:\/\/dicodusport.fr\/blog\/?s={search_term_string}\"},\"query-input\":{\"@type\":\"PropertyValueSpecification\",\"valueRequired\":true,\"valueName\":\"search_term_string\"}}],\"inLanguage\":\"fr-FR\"},{\"@type\":\"NewsMediaOrganization\",\"@id\":\"https:\/\/dicodusport.fr\/blog\/#organization\",\"name\":\"Dicodusport\",\"url\":\"https:\/\/dicodusport.fr\/blog\/\",\"logo\":{\"@type\":\"ImageObject\",\"inLanguage\":\"fr-FR\",\"@id\":\"https:\/\/dicodusport.fr\/blog\/#\/schema\/logo\/image\/\",\"url\":\"https:\/\/dicodusport.fr\/blog\/wp-content\/uploads\/2020\/06\/cropped-LOGO-DICODUSPORT-2020-SANS-FOND-SANS-TEXTE.png\",\"contentUrl\":\"https:\/\/dicodusport.fr\/blog\/wp-content\/uploads\/2020\/06\/cropped-LOGO-DICODUSPORT-2020-SANS-FOND-SANS-TEXTE.png\",\"width\":512,\"height\":512,\"caption\":\"Dicodusport\"},\"image\":{\"@id\":\"https:\/\/dicodusport.fr\/blog\/#\/schema\/logo\/image\/\"},\"sameAs\":[\"https:\/\/www.facebook.com\/dicodusport\",\"https:\/\/x.com\/dicodusport\",\"https:\/\/www.instagram.com\/dicodusport\/\",\"https:\/\/www.youtube.com\/channel\/UC7V2KZ5sd3htJivAbA4ZG3w\"],\"description\":\"Dicodusport est l'encyclop\u00e9die de l'actualit\u00e9 sportive.\",\"email\":\"bonjour@dicodusport.fr\",\"legalName\":\"DICODUSPORT\",\"foundingDate\":\"2018-01-14\",\"vatID\":\"FR71834470973\",\"taxID\":\"83447097300043\",\"numberOfEmployees\":{\"@type\":\"QuantitativeValue\",\"minValue\":\"1\",\"maxValue\":\"10\"}},{\"@type\":\"Person\",\"@id\":\"https:\/\/dicodusport.fr\/blog\/#\/schema\/person\/d603dd7da31fb2b46c82b9835a77ec13\",\"name\":\"Etienne Goursaud\",\"image\":{\"@type\":\"ImageObject\",\"inLanguage\":\"fr-FR\",\"@id\":\"https:\/\/dicodusport.fr\/blog\/#\/schema\/person\/image\/\",\"url\":\"https:\/\/dicodusport.fr\/blog\/wp-content\/uploads\/2023\/12\/410122264_10231602061736049_5565839791558026645_n-150x150.jpg\",\"contentUrl\":\"https:\/\/dicodusport.fr\/blog\/wp-content\/uploads\/2023\/12\/410122264_10231602061736049_5565839791558026645_n-150x150.jpg\",\"caption\":\"Etienne Goursaud\"},\"description\":\"Journaliste et amoureux de sport. Ancien footballeur reconverti athl\u00e8te quand ses muscles le laissent tranquille. \u00c9lev\u00e9 \u00e0 la sauce des exploits de Thomas Voeckler en 2004, du dernier essai de l\u00e9gende de Eunice Barber \u00e0 la longueur lors des championnats du monde d'athl\u00e9tisme de 2003 mais aussi Zidane, Omeyer et Titou Lamaison.\",\"url\":\"https:\/\/dicodusport.fr\/blog\/author\/etienne-goursaud\/\"}]}<\/script>\n<!-- \/ Yoast SEO Premium plugin. -->","yoast_head_json":{"title":"Athl\u00e9tisme Championnats de France jeunes 2025 : Record de France U20 pour Milann Klemenic sur 400 m","description":"ATHL\u00c9TISME - Avec un chrono de 46.80, Milann Klemenic s'offre la grosse performance de ces championnats de France jeunes 2025.","robots":{"index":"index","follow":"follow","max-snippet":"max-snippet:-1","max-image-preview":"max-image-preview:large","max-video-preview":"max-video-preview:-1"},"canonical":"https:\/\/dicodusport.fr\/blog\/athletisme-championnats-de-france-jeunes-2025-record-de-france-u20-pour-milann-klemenic-sur-400-m\/","og_locale":"fr_FR","og_type":"article","og_title":"Athl\u00e9tisme Championnats de France jeunes 2025 : Record de France U20 pour Milann Klemenic sur 400 m","og_description":"ATHL\u00c9TISME - Avec un chrono de 46.80, Milann Klemenic s'offre la grosse performance de ces championnats de France jeunes 2025.","og_url":"https:\/\/dicodusport.fr\/blog\/athletisme-championnats-de-france-jeunes-2025-record-de-france-u20-pour-milann-klemenic-sur-400-m\/","og_site_name":"Dicodusport","article_publisher":"https:\/\/www.facebook.com\/dicodusport","article_published_time":"2025-02-16T15:46:38+00:00","article_modified_time":"2025-02-16T16:28:50+00:00","og_image":[{"width":1200,"height":674,"url":"https:\/\/dicodusport.fr\/blog\/wp-content\/uploads\/2024\/07\/Championnats-dEurope-U18-dathletisme-2024-Milann-Klemenic-en-argent-au-400-m-1.png","type":"image\/png"}],"author":"Etienne Goursaud","twitter_card":"summary_large_image","twitter_title":"Athl\u00e9tisme Championnats de France jeunes 2025 : Record de France U20 pour Milann Klemenic sur 400 m","twitter_creator":"@dicodusport","twitter_site":"@dicodusport","schema":{"@context":"https:\/\/schema.org","@graph":[{"@type":"NewsArticle","@id":"https:\/\/dicodusport.fr\/blog\/athletisme-championnats-de-france-jeunes-2025-record-de-france-u20-pour-milann-klemenic-sur-400-m\/#article","isPartOf":{"@id":"https:\/\/dicodusport.fr\/blog\/athletisme-championnats-de-france-jeunes-2025-record-de-france-u20-pour-milann-klemenic-sur-400-m\/"},"author":{"name":"Etienne Goursaud","@id":"https:\/\/dicodusport.fr\/blog\/#\/schema\/person\/d603dd7da31fb2b46c82b9835a77ec13"},"headline":"Athl\u00e9tisme Championnats de France jeunes 2025 : Record de France U20 pour Milann Klemenic sur 400 m","datePublished":"2025-02-16T15:46:38+00:00","dateModified":"2025-02-16T16:28:50+00:00","mainEntityOfPage":{"@id":"https:\/\/dicodusport.fr\/blog\/athletisme-championnats-de-france-jeunes-2025-record-de-france-u20-pour-milann-klemenic-sur-400-m\/"},"wordCount":870,"commentCount":0,"publisher":{"@id":"https:\/\/dicodusport.fr\/blog\/#organization"},"image":{"@id":"https:\/\/dicodusport.fr\/blog\/athletisme-championnats-de-france-jeunes-2025-record-de-france-u20-pour-milann-klemenic-sur-400-m\/#primaryimage"},"thumbnailUrl":"https:\/\/dicodusport.fr\/blog\/wp-content\/uploads\/2024\/07\/Championnats-dEurope-U18-dathletisme-2024-Milann-Klemenic-en-argent-au-400-m-1.png","keywords":["Athl\u00e9tisme","br\u00e8ve","Meta Tumba","Milann Klemenic"],"articleSection":["Athl\u00e9tisme"],"inLanguage":"fr-FR","potentialAction":[{"@type":"CommentAction","name":"Comment","target":["https:\/\/dicodusport.fr\/blog\/athletisme-championnats-de-france-jeunes-2025-record-de-france-u20-pour-milann-klemenic-sur-400-m\/#respond"]}],"copyrightYear":"2025","copyrightHolder":{"@id":"https:\/\/dicodusport.fr\/blog\/#organization"}},{"@type":"WebPage","@id":"https:\/\/dicodusport.fr\/blog\/athletisme-championnats-de-france-jeunes-2025-record-de-france-u20-pour-milann-klemenic-sur-400-m\/","url":"https:\/\/dicodusport.fr\/blog\/athletisme-championnats-de-france-jeunes-2025-record-de-france-u20-pour-milann-klemenic-sur-400-m\/","name":"Athl\u00e9tisme Championnats de France jeunes 2025 : Record de France U20 pour Milann Klemenic sur 400 m","isPartOf":{"@id":"https:\/\/dicodusport.fr\/blog\/#website"},"primaryImageOfPage":{"@id":"https:\/\/dicodusport.fr\/blog\/athletisme-championnats-de-france-jeunes-2025-record-de-france-u20-pour-milann-klemenic-sur-400-m\/#primaryimage"},"image":{"@id":"https:\/\/dicodusport.fr\/blog\/athletisme-championnats-de-france-jeunes-2025-record-de-france-u20-pour-milann-klemenic-sur-400-m\/#primaryimage"},"thumbnailUrl":"https:\/\/dicodusport.fr\/blog\/wp-content\/uploads\/2024\/07\/Championnats-dEurope-U18-dathletisme-2024-Milann-Klemenic-en-argent-au-400-m-1.png","datePublished":"2025-02-16T15:46:38+00:00","dateModified":"2025-02-16T16:28:50+00:00","description":"ATHL\u00c9TISME - Avec un chrono de 46.80, Milann Klemenic s'offre la grosse performance de ces championnats de France jeunes 2025.","breadcrumb":{"@id":"https:\/\/dicodusport.fr\/blog\/athletisme-championnats-de-france-jeunes-2025-record-de-france-u20-pour-milann-klemenic-sur-400-m\/#breadcrumb"},"inLanguage":"fr-FR","potentialAction":[{"@type":"ReadAction","target":["https:\/\/dicodusport.fr\/blog\/athletisme-championnats-de-france-jeunes-2025-record-de-france-u20-pour-milann-klemenic-sur-400-m\/"]}]},{"@type":"ImageObject","inLanguage":"fr-FR","@id":"https:\/\/dicodusport.fr\/blog\/athletisme-championnats-de-france-jeunes-2025-record-de-france-u20-pour-milann-klemenic-sur-400-m\/#primaryimage","url":"https:\/\/dicodusport.fr\/blog\/wp-content\/uploads\/2024\/07\/Championnats-dEurope-U18-dathletisme-2024-Milann-Klemenic-en-argent-au-400-m-1.png","contentUrl":"https:\/\/dicodusport.fr\/blog\/wp-content\/uploads\/2024\/07\/Championnats-dEurope-U18-dathletisme-2024-Milann-Klemenic-en-argent-au-400-m-1.png","width":1200,"height":674,"caption":"Athl\u00e9tisme Championnats de France jeunes 2025 : Record de France U20 pour Milann Klemenic sur 400 m"},{"@type":"BreadcrumbList","@id":"https:\/\/dicodusport.fr\/blog\/athletisme-championnats-de-france-jeunes-2025-record-de-france-u20-pour-milann-klemenic-sur-400-m\/#breadcrumb","itemListElement":[{"@type":"ListItem","position":1,"name":"Accueil","item":"https:\/\/dicodusport.fr\/blog\/"},{"@type":"ListItem","position":2,"name":"Athl\u00e9tisme Championnats de France jeunes 2025 : Record de France U20 pour Milann Klemenic sur 400 m"}]},{"@type":"WebSite","@id":"https:\/\/dicodusport.fr\/blog\/#website","url":"https:\/\/dicodusport.fr\/blog\/","name":"Dicodusport","description":"L&#039;encyclop\u00e9die de l&#039;actualit\u00e9 sportive","publisher":{"@id":"https:\/\/dicodusport.fr\/blog\/#organization"},"potentialAction":[{"@type":"SearchAction","target":{"@type":"EntryPoint","urlTemplate":"https:\/\/dicodusport.fr\/blog\/?s={search_term_string}"},"query-input":{"@type":"PropertyValueSpecification","valueRequired":true,"valueName":"search_term_string"}}],"inLanguage":"fr-FR"},{"@type":"NewsMediaOrganization","@id":"https:\/\/dicodusport.fr\/blog\/#organization","name":"Dicodusport","url":"https:\/\/dicodusport.fr\/blog\/","logo":{"@type":"ImageObject","inLanguage":"fr-FR","@id":"https:\/\/dicodusport.fr\/blog\/#\/schema\/logo\/image\/","url":"https:\/\/dicodusport.fr\/blog\/wp-content\/uploads\/2020\/06\/cropped-LOGO-DICODUSPORT-2020-SANS-FOND-SANS-TEXTE.png","contentUrl":"https:\/\/dicodusport.fr\/blog\/wp-content\/uploads\/2020\/06\/cropped-LOGO-DICODUSPORT-2020-SANS-FOND-SANS-TEXTE.png","width":512,"height":512,"caption":"Dicodusport"},"image":{"@id":"https:\/\/dicodusport.fr\/blog\/#\/schema\/logo\/image\/"},"sameAs":["https:\/\/www.facebook.com\/dicodusport","https:\/\/x.com\/dicodusport","https:\/\/www.instagram.com\/dicodusport\/","https:\/\/www.youtube.com\/channel\/UC7V2KZ5sd3htJivAbA4ZG3w"],"description":"Dicodusport est l'encyclop\u00e9die de l'actualit\u00e9 sportive.","email":"bonjour@dicodusport.fr","legalName":"DICODUSPORT","foundingDate":"2018-01-14","vatID":"FR71834470973","taxID":"83447097300043","numberOfEmployees":{"@type":"QuantitativeValue","minValue":"1","maxValue":"10"}},{"@type":"Person","@id":"https:\/\/dicodusport.fr\/blog\/#\/schema\/person\/d603dd7da31fb2b46c82b9835a77ec13","name":"Etienne Goursaud","image":{"@type":"ImageObject","inLanguage":"fr-FR","@id":"https:\/\/dicodusport.fr\/blog\/#\/schema\/person\/image\/","url":"https:\/\/dicodusport.fr\/blog\/wp-content\/uploads\/2023\/12\/410122264_10231602061736049_5565839791558026645_n-150x150.jpg","contentUrl":"https:\/\/dicodusport.fr\/blog\/wp-content\/uploads\/2023\/12\/410122264_10231602061736049_5565839791558026645_n-150x150.jpg","caption":"Etienne Goursaud"},"description":"Journaliste et amoureux de sport. Ancien footballeur reconverti athl\u00e8te quand ses muscles le laissent tranquille. \u00c9lev\u00e9 \u00e0 la sauce des exploits de Thomas Voeckler en 2004, du dernier essai de l\u00e9gende de Eunice Barber \u00e0 la longueur lors des championnats du monde d'athl\u00e9tisme de 2003 mais aussi Zidane, Omeyer et Titou Lamaison.","url":"https:\/\/dicodusport.fr\/blog\/author\/etienne-goursaud\/"}]}},"_links":{"self":[{"href":"https:\/\/dicodusport.fr\/blog\/wp-json\/wp\/v2\/posts\/556238","targetHints":{"allow":["GET"]}}],"collection":[{"href":"https:\/\/dicodusport.fr\/blog\/wp-json\/wp\/v2\/posts"}],"about":[{"href":"https:\/\/dicodusport.fr\/blog\/wp-json\/wp\/v2\/types\/post"}],"author":[{"embeddable":true,"href":"https:\/\/dicodusport.fr\/blog\/wp-json\/wp\/v2\/users\/83"}],"replies":[{"embeddable":true,"href":"https:\/\/dicodusport.fr\/blog\/wp-json\/wp\/v2\/comments?post=556238"}],"version-history":[{"count":5,"href":"https:\/\/dicodusport.fr\/blog\/wp-json\/wp\/v2\/posts\/556238\/revisions"}],"predecessor-version":[{"id":556440,"href":"https:\/\/dicodusport.fr\/blog\/wp-json\/wp\/v2\/posts\/556238\/revisions\/556440"}],"wp:featuredmedia":[{"embeddable":true,"href":"https:\/\/dicodusport.fr\/blog\/wp-json\/wp\/v2\/media\/501933"}],"wp:attachment":[{"href":"https:\/\/dicodusport.fr\/blog\/wp-json\/wp\/v2\/media?parent=556238"}],"wp:term":[{"taxonomy":"category","embeddable":true,"href":"https:\/\/dicodusport.fr\/blog\/wp-json\/wp\/v2\/categories?post=556238"},{"taxonomy":"post_tag","embeddable":true,"href":"https:\/\/dicodusport.fr\/blog\/wp-json\/wp\/v2\/tags?post=556238"}],"curies":[{"name":"wp","href":"https:\/\/api.w.org\/{rel}","templated":true}]}}