{"id":556383,"date":"2025-02-16T16:33:09","date_gmt":"2025-02-16T15:33:09","guid":{"rendered":"https:\/\/dicodusport.fr\/blog\/?p=556383&#038;preview=true&#038;preview_id=556383"},"modified":"2025-02-16T17:04:14","modified_gmt":"2025-02-16T16:04:14","slug":"clasica-de-almeria-2025-victoire-de-milan-fretin-au-sprint","status":"publish","type":"post","link":"https:\/\/dicodusport.fr\/blog\/clasica-de-almeria-2025-victoire-de-milan-fretin-au-sprint\/","title":{"rendered":"Clasica de Almeria 2025 : Victoire de Milan Fretin au sprint"},"content":{"rendered":"<h4 style=\"text-align: justify;\"><em>CLASICA DE ALMERIA 2025 &#8211; Le Belge Milan Fretin (Cofidis Team) s&rsquo;offre une belle victoire sur la classique espagnole devant un beau plateau de sprinteurs.<\/em><\/h4>\n<p style=\"text-align: justify;\">Comme de tradition depuis 2017, la Clasica de Almeria a accouch\u00e9 du m\u00eame immuable sc\u00e9nario du sprint massif. Il faut dire que les \u00e9quipes pr\u00e9sentes s&rsquo;\u00e9taient arm\u00e9es en cons\u00e9quence en emmenant sprinteurs et trains d\u00e9di\u00e9s. Citons p\u00eale-m\u00eale la pr\u00e9sence d&rsquo;<strong>Alberto Dainese<\/strong> (Tudor Pro Cycling Team), <strong>Luca Mozzato<\/strong> (Arkea &#8211; B&amp;B H\u00f4tels) ou encore <strong>Bryan Coquard<\/strong> (Cofidis Team). N\u00e9anmoins, c&rsquo;est un autre Cofidis en la personne du Belge <strong>Milan Fretin<\/strong> qui a r\u00e9gl\u00e9 le sprint dans les rues d&rsquo;Almeria, s&rsquo;offrant ainsi sa troisi\u00e8me victoire professionnelle apr\u00e8s deux \u00e9tapes sur les 4 jours de Dunkerque et le Tour du Poitou &#8211; Charentes en Nouvelle Aquitaine l&rsquo;an pass\u00e9.<\/p>\n<p style=\"text-align: justify;\"><strong>Fretin<\/strong>, 23 ans seulement, a devanc\u00e9 un <strong>Max Kanter<\/strong> (XDS Astana Team) pourtant parfaitement d\u00e9pos\u00e9 par <strong>Gleb Syritsa<\/strong> \u00e0 200m de la ligne. L&rsquo;Allemand confirme cependant la bonne dynamique de l&rsquo;\u00e9quipe kazakh en ce d\u00e9but de saison. Premier Fran\u00e7ais, <strong>\u00c9milien Jeanni\u00e8re<\/strong> (Team TotalEnergies) compl\u00e8te le podium et lance sa saison. <strong>Arnaud De Lie<\/strong> (Lotto) doit se contenter de la quatri\u00e8me place et a sembl\u00e9 manqu\u00e9 de puissance dans le final.<\/p>\n<ul style=\"text-align: justify;\">\n<li><strong>\u00c0 ce sujet &#8211; <a href=\"https:\/\/dicodusport.fr\/blog\/classement-clasica-de-almeria-2025\/\">Classement Clasica de Almeria 2025<\/a><\/strong><\/li>\n<\/ul>\n<blockquote class=\"twitter-tweet\">\n<p dir=\"ltr\" lang=\"fr\">Milan Fretin d\u00e9croche au sprint la <a href=\"https:\/\/twitter.com\/hashtag\/ClasicadeAlmeria2025?src=hash&amp;ref_src=twsrc%5Etfw\">#ClasicadeAlmeria2025<\/a> ! Le Belge (23 ans) signe la 3e victoire de la Cofidis cette saison, devant le Fran\u00e7ais Emilien Jeanni\u00e8re (TotalEnergies) et l&rsquo;Allemand Max Kanter (XDS-Astana). Arnaud De Lie (Lotto) est au pied du podium. <a href=\"https:\/\/t.co\/zSj8EV3fNl\">pic.twitter.com\/zSj8EV3fNl<\/a><\/p>\n<p>\u2014 Le Gruppetto (@LeGruppetto) <a href=\"https:\/\/twitter.com\/LeGruppetto\/status\/1891147814123528266?ref_src=twsrc%5Etfw\">February 16, 2025<\/a><\/p><\/blockquote>\n<p style=\"text-align: justify;\"><script async src=\"https:\/\/platform.twitter.com\/widgets.js\" charset=\"utf-8\"><\/script><\/p>\n<h2 style=\"text-align: justify;\">Une \u00e9chapp\u00e9e \u00e0 six condamn\u00e9e<\/h2>\n<p style=\"text-align: justify;\">Auparavant, six hommes sont partis d\u00e8s les premiers kilom\u00e8tres de course pour former une \u00e9chapp\u00e9e au long cours. <strong>Ibai Azanza<\/strong> (Equipo Kern Pharma), <strong>Victor Vercouillie<\/strong> (Team Flanders Baloise), les Espagnols <strong>Edgar Curto<\/strong>, <strong>Joan Gamundi<\/strong> et <strong>Joan Albert Riera<\/strong> (Illes Balears Arabay) et <strong>Luca Paletti<\/strong> (VF Group &#8211; Bardiani CSF &#8211; Faizan\u00e8) ont compt\u00e9 2:30 d&rsquo;avance. L&rsquo;Italien, dernier cit\u00e9, a rapidement c\u00e9d\u00e9 apr\u00e8s \u00eatre pass\u00e9 en t\u00eate des premiers reliefs pour remporter le classement annexe d\u00e9di\u00e9. Ensuite, <strong>Curto<\/strong> et<strong> Gamundi<\/strong> ont craqu\u00e9 \u00e0 55 km de l&rsquo;arriv\u00e9e. <strong>Vercouillie<\/strong> et <strong>Riera<\/strong> ont fait de la r\u00e9sistance, en vain, repris \u00e0 16 km d&rsquo;Almeria. Il y avait beaucoup trop d&rsquo;\u00e9quipes int\u00e9ress\u00e9es par un sprint. Parmi les plus actives, les deux formations suisse Tudor Pro Cycling Team et Q36.5 Pro Cycling Team, tr\u00e8s en forme, ont fourni la majorit\u00e9 du travail, mais ne r\u00e9coltent donc pas les lauriers.<\/p>\n","protected":false},"excerpt":{"rendered":"<p>CLASICA DE ALMERIA 2025 &#8211; Le Belge Milan Fretin (Cofidis Team) s&rsquo;offre une belle victoire sur la classique espagnole devant un beau plateau de sprinteurs.<\/p>\n","protected":false},"author":92,"featured_media":556422,"comment_status":"open","ping_status":"closed","sticky":false,"template":"","format":"standard","meta":{"_acf_changed":false,"_daextam_enable_autolinks":"1","footnotes":""},"categories":[46994],"tags":[32415,3119,16878,14379,1186],"class_list":["post-556383","post","type-post","status-publish","format-standard","has-post-thumbnail","hentry","category-cyclisme-sur-route","tag-actu","tag-actualite-cyclisme","tag-breve","tag-clasica-de-almeria","tag-cofidis"],"acf":[],"yoast_head":"<!-- This site is optimized with the Yoast SEO Premium plugin v26.7 (Yoast SEO v26.7) - https:\/\/yoast.com\/wordpress\/plugins\/seo\/ -->\n<title>Clasica de Almeria 2025 : Victoire de Milan Fretin au sprint<\/title>\n<meta name=\"description\" content=\"CLASICA DE ALMERIA 2025 - Le Belge Milan Fretin (Cofidis Team) s&#039;offre une belle victoire sur la classique espagnole devant un beau plateau de sprinteurs.\" \/>\n<meta name=\"robots\" content=\"index, follow, max-snippet:-1, max-image-preview:large, max-video-preview:-1\" \/>\n<link rel=\"canonical\" href=\"https:\/\/dicodusport.fr\/blog\/clasica-de-almeria-2025-victoire-de-milan-fretin-au-sprint\/\" \/>\n<meta property=\"og:locale\" content=\"fr_FR\" \/>\n<meta property=\"og:type\" content=\"article\" \/>\n<meta property=\"og:title\" content=\"Clasica de Almeria 2025 : Victoire de Milan Fretin au sprint\" \/>\n<meta property=\"og:description\" content=\"CLASICA DE ALMERIA 2025 - Le Belge Milan Fretin (Cofidis Team) s&#039;offre une belle victoire sur la classique espagnole devant un beau plateau de sprinteurs.\" \/>\n<meta property=\"og:url\" content=\"https:\/\/dicodusport.fr\/blog\/clasica-de-almeria-2025-victoire-de-milan-fretin-au-sprint\/\" \/>\n<meta property=\"og:site_name\" content=\"Dicodusport\" \/>\n<meta property=\"article:publisher\" content=\"https:\/\/www.facebook.com\/dicodusport\" \/>\n<meta property=\"article:published_time\" content=\"2025-02-16T15:33:09+00:00\" \/>\n<meta property=\"article:modified_time\" content=\"2025-02-16T16:04:14+00:00\" \/>\n<meta property=\"og:image\" content=\"https:\/\/dicodusport.fr\/blog\/wp-content\/uploads\/2025\/02\/Clasica-de-Almeria-2025-Victoire-de-Milan-Fretin-au-sprint-1.png\" \/>\n\t<meta property=\"og:image:width\" content=\"1200\" \/>\n\t<meta property=\"og:image:height\" content=\"674\" \/>\n\t<meta property=\"og:image:type\" content=\"image\/png\" \/>\n<meta name=\"author\" content=\"Olivier Dobiezynski\" \/>\n<meta name=\"twitter:card\" content=\"summary_large_image\" \/>\n<meta name=\"twitter:title\" content=\"Clasica de Almeria 2025 : Victoire de Milan Fretin au sprint\" \/>\n<meta name=\"twitter:creator\" content=\"@https:\/\/x.com\/Olivier_Matros\" \/>\n<meta name=\"twitter:site\" content=\"@dicodusport\" \/>\n<script type=\"application\/ld+json\" class=\"yoast-schema-graph\">{\"@context\":\"https:\/\/schema.org\",\"@graph\":[{\"@type\":\"NewsArticle\",\"@id\":\"https:\/\/dicodusport.fr\/blog\/clasica-de-almeria-2025-victoire-de-milan-fretin-au-sprint\/#article\",\"isPartOf\":{\"@id\":\"https:\/\/dicodusport.fr\/blog\/clasica-de-almeria-2025-victoire-de-milan-fretin-au-sprint\/\"},\"author\":{\"name\":\"Olivier Dobiezynski\",\"@id\":\"https:\/\/dicodusport.fr\/blog\/#\/schema\/person\/fe500246414ca17ddf0c0312d7a792cc\"},\"headline\":\"Clasica de Almeria 2025 : Victoire de Milan Fretin au sprint\",\"datePublished\":\"2025-02-16T15:33:09+00:00\",\"dateModified\":\"2025-02-16T16:04:14+00:00\",\"mainEntityOfPage\":{\"@id\":\"https:\/\/dicodusport.fr\/blog\/clasica-de-almeria-2025-victoire-de-milan-fretin-au-sprint\/\"},\"wordCount\":459,\"commentCount\":0,\"publisher\":{\"@id\":\"https:\/\/dicodusport.fr\/blog\/#organization\"},\"image\":{\"@id\":\"https:\/\/dicodusport.fr\/blog\/clasica-de-almeria-2025-victoire-de-milan-fretin-au-sprint\/#primaryimage\"},\"thumbnailUrl\":\"https:\/\/dicodusport.fr\/blog\/wp-content\/uploads\/2025\/02\/Clasica-de-Almeria-2025-Victoire-de-Milan-Fretin-au-sprint-1.png\",\"keywords\":[\"actu\",\"Actualit\u00e9 Cyclisme\",\"br\u00e8ve\",\"Clasica de Almeria\",\"cofidis\"],\"articleSection\":[\"Cyclisme sur route\"],\"inLanguage\":\"fr-FR\",\"potentialAction\":[{\"@type\":\"CommentAction\",\"name\":\"Comment\",\"target\":[\"https:\/\/dicodusport.fr\/blog\/clasica-de-almeria-2025-victoire-de-milan-fretin-au-sprint\/#respond\"]}],\"copyrightYear\":\"2025\",\"copyrightHolder\":{\"@id\":\"https:\/\/dicodusport.fr\/blog\/#organization\"}},{\"@type\":\"WebPage\",\"@id\":\"https:\/\/dicodusport.fr\/blog\/clasica-de-almeria-2025-victoire-de-milan-fretin-au-sprint\/\",\"url\":\"https:\/\/dicodusport.fr\/blog\/clasica-de-almeria-2025-victoire-de-milan-fretin-au-sprint\/\",\"name\":\"Clasica de Almeria 2025 : Victoire de Milan Fretin au sprint\",\"isPartOf\":{\"@id\":\"https:\/\/dicodusport.fr\/blog\/#website\"},\"primaryImageOfPage\":{\"@id\":\"https:\/\/dicodusport.fr\/blog\/clasica-de-almeria-2025-victoire-de-milan-fretin-au-sprint\/#primaryimage\"},\"image\":{\"@id\":\"https:\/\/dicodusport.fr\/blog\/clasica-de-almeria-2025-victoire-de-milan-fretin-au-sprint\/#primaryimage\"},\"thumbnailUrl\":\"https:\/\/dicodusport.fr\/blog\/wp-content\/uploads\/2025\/02\/Clasica-de-Almeria-2025-Victoire-de-Milan-Fretin-au-sprint-1.png\",\"datePublished\":\"2025-02-16T15:33:09+00:00\",\"dateModified\":\"2025-02-16T16:04:14+00:00\",\"description\":\"CLASICA DE ALMERIA 2025 - Le Belge Milan Fretin (Cofidis Team) s'offre une belle victoire sur la classique espagnole devant un beau plateau de sprinteurs.\",\"breadcrumb\":{\"@id\":\"https:\/\/dicodusport.fr\/blog\/clasica-de-almeria-2025-victoire-de-milan-fretin-au-sprint\/#breadcrumb\"},\"inLanguage\":\"fr-FR\",\"potentialAction\":[{\"@type\":\"ReadAction\",\"target\":[\"https:\/\/dicodusport.fr\/blog\/clasica-de-almeria-2025-victoire-de-milan-fretin-au-sprint\/\"]}]},{\"@type\":\"ImageObject\",\"inLanguage\":\"fr-FR\",\"@id\":\"https:\/\/dicodusport.fr\/blog\/clasica-de-almeria-2025-victoire-de-milan-fretin-au-sprint\/#primaryimage\",\"url\":\"https:\/\/dicodusport.fr\/blog\/wp-content\/uploads\/2025\/02\/Clasica-de-Almeria-2025-Victoire-de-Milan-Fretin-au-sprint-1.png\",\"contentUrl\":\"https:\/\/dicodusport.fr\/blog\/wp-content\/uploads\/2025\/02\/Clasica-de-Almeria-2025-Victoire-de-Milan-Fretin-au-sprint-1.png\",\"width\":1200,\"height\":674,\"caption\":\"Clasica de Almeria 2025 Victoire de Milan Fretin au sprint\"},{\"@type\":\"BreadcrumbList\",\"@id\":\"https:\/\/dicodusport.fr\/blog\/clasica-de-almeria-2025-victoire-de-milan-fretin-au-sprint\/#breadcrumb\",\"itemListElement\":[{\"@type\":\"ListItem\",\"position\":1,\"name\":\"Accueil\",\"item\":\"https:\/\/dicodusport.fr\/blog\/\"},{\"@type\":\"ListItem\",\"position\":2,\"name\":\"Clasica de Almeria 2025 : Victoire de Milan Fretin au sprint\"}]},{\"@type\":\"WebSite\",\"@id\":\"https:\/\/dicodusport.fr\/blog\/#website\",\"url\":\"https:\/\/dicodusport.fr\/blog\/\",\"name\":\"Dicodusport\",\"description\":\"L&#039;encyclop\u00e9die de l&#039;actualit\u00e9 sportive\",\"publisher\":{\"@id\":\"https:\/\/dicodusport.fr\/blog\/#organization\"},\"potentialAction\":[{\"@type\":\"SearchAction\",\"target\":{\"@type\":\"EntryPoint\",\"urlTemplate\":\"https:\/\/dicodusport.fr\/blog\/?s={search_term_string}\"},\"query-input\":{\"@type\":\"PropertyValueSpecification\",\"valueRequired\":true,\"valueName\":\"search_term_string\"}}],\"inLanguage\":\"fr-FR\"},{\"@type\":\"NewsMediaOrganization\",\"@id\":\"https:\/\/dicodusport.fr\/blog\/#organization\",\"name\":\"Dicodusport\",\"url\":\"https:\/\/dicodusport.fr\/blog\/\",\"logo\":{\"@type\":\"ImageObject\",\"inLanguage\":\"fr-FR\",\"@id\":\"https:\/\/dicodusport.fr\/blog\/#\/schema\/logo\/image\/\",\"url\":\"https:\/\/dicodusport.fr\/blog\/wp-content\/uploads\/2020\/06\/cropped-LOGO-DICODUSPORT-2020-SANS-FOND-SANS-TEXTE.png\",\"contentUrl\":\"https:\/\/dicodusport.fr\/blog\/wp-content\/uploads\/2020\/06\/cropped-LOGO-DICODUSPORT-2020-SANS-FOND-SANS-TEXTE.png\",\"width\":512,\"height\":512,\"caption\":\"Dicodusport\"},\"image\":{\"@id\":\"https:\/\/dicodusport.fr\/blog\/#\/schema\/logo\/image\/\"},\"sameAs\":[\"https:\/\/www.facebook.com\/dicodusport\",\"https:\/\/x.com\/dicodusport\",\"https:\/\/www.instagram.com\/dicodusport\/\",\"https:\/\/www.youtube.com\/channel\/UC7V2KZ5sd3htJivAbA4ZG3w\"],\"description\":\"Dicodusport est l'encyclop\u00e9die de l'actualit\u00e9 sportive.\",\"email\":\"bonjour@dicodusport.fr\",\"legalName\":\"DICODUSPORT\",\"foundingDate\":\"2018-01-14\",\"vatID\":\"FR71834470973\",\"taxID\":\"83447097300043\",\"numberOfEmployees\":{\"@type\":\"QuantitativeValue\",\"minValue\":\"1\",\"maxValue\":\"10\"}},{\"@type\":\"Person\",\"@id\":\"https:\/\/dicodusport.fr\/blog\/#\/schema\/person\/fe500246414ca17ddf0c0312d7a792cc\",\"name\":\"Olivier Dobiezynski\",\"image\":{\"@type\":\"ImageObject\",\"inLanguage\":\"fr-FR\",\"@id\":\"https:\/\/dicodusport.fr\/blog\/#\/schema\/person\/image\/\",\"url\":\"https:\/\/dicodusport.fr\/blog\/wp-content\/uploads\/2024\/09\/5be8fe8d-9962-4f1e-ad06-d6f9dee30e6d-150x150.jpg\",\"contentUrl\":\"https:\/\/dicodusport.fr\/blog\/wp-content\/uploads\/2024\/09\/5be8fe8d-9962-4f1e-ad06-d6f9dee30e6d-150x150.jpg\",\"caption\":\"Olivier Dobiezynski\"},\"description\":\"Depuis le milieu des ann\u00e9es 90, la passion du cyclisme m'anime. Mes h\u00e9ros s'appellent Luc Leblanc, Piotr Ugrumov, Paolo Savoldelli, Peter Sagan et bien \u00e9videmment Romain Bardet. R\u00e9dacteur depuis 2023, je suis ici pour partager cet amour de la Petite Reine. Vous pourrez me lire \u00e9galement sur du trail, du ski de fond et tout autre sujet susceptible d'\u00e9veiller ma curiosit\u00e9 sportive.\",\"sameAs\":[\"https:\/\/x.com\/https:\/\/x.com\/Olivier_Matros\"],\"url\":\"https:\/\/dicodusport.fr\/blog\/author\/olivier-gh\/\"}]}<\/script>\n<!-- \/ Yoast SEO Premium plugin. -->","yoast_head_json":{"title":"Clasica de Almeria 2025 : Victoire de Milan Fretin au sprint","description":"CLASICA DE ALMERIA 2025 - Le Belge Milan Fretin (Cofidis Team) s'offre une belle victoire sur la classique espagnole devant un beau plateau de sprinteurs.","robots":{"index":"index","follow":"follow","max-snippet":"max-snippet:-1","max-image-preview":"max-image-preview:large","max-video-preview":"max-video-preview:-1"},"canonical":"https:\/\/dicodusport.fr\/blog\/clasica-de-almeria-2025-victoire-de-milan-fretin-au-sprint\/","og_locale":"fr_FR","og_type":"article","og_title":"Clasica de Almeria 2025 : Victoire de Milan Fretin au sprint","og_description":"CLASICA DE ALMERIA 2025 - Le Belge Milan Fretin (Cofidis Team) s'offre une belle victoire sur la classique espagnole devant un beau plateau de sprinteurs.","og_url":"https:\/\/dicodusport.fr\/blog\/clasica-de-almeria-2025-victoire-de-milan-fretin-au-sprint\/","og_site_name":"Dicodusport","article_publisher":"https:\/\/www.facebook.com\/dicodusport","article_published_time":"2025-02-16T15:33:09+00:00","article_modified_time":"2025-02-16T16:04:14+00:00","og_image":[{"width":1200,"height":674,"url":"https:\/\/dicodusport.fr\/blog\/wp-content\/uploads\/2025\/02\/Clasica-de-Almeria-2025-Victoire-de-Milan-Fretin-au-sprint-1.png","type":"image\/png"}],"author":"Olivier Dobiezynski","twitter_card":"summary_large_image","twitter_title":"Clasica de Almeria 2025 : Victoire de Milan Fretin au sprint","twitter_creator":"@https:\/\/x.com\/Olivier_Matros","twitter_site":"@dicodusport","schema":{"@context":"https:\/\/schema.org","@graph":[{"@type":"NewsArticle","@id":"https:\/\/dicodusport.fr\/blog\/clasica-de-almeria-2025-victoire-de-milan-fretin-au-sprint\/#article","isPartOf":{"@id":"https:\/\/dicodusport.fr\/blog\/clasica-de-almeria-2025-victoire-de-milan-fretin-au-sprint\/"},"author":{"name":"Olivier Dobiezynski","@id":"https:\/\/dicodusport.fr\/blog\/#\/schema\/person\/fe500246414ca17ddf0c0312d7a792cc"},"headline":"Clasica de Almeria 2025 : Victoire de Milan Fretin au sprint","datePublished":"2025-02-16T15:33:09+00:00","dateModified":"2025-02-16T16:04:14+00:00","mainEntityOfPage":{"@id":"https:\/\/dicodusport.fr\/blog\/clasica-de-almeria-2025-victoire-de-milan-fretin-au-sprint\/"},"wordCount":459,"commentCount":0,"publisher":{"@id":"https:\/\/dicodusport.fr\/blog\/#organization"},"image":{"@id":"https:\/\/dicodusport.fr\/blog\/clasica-de-almeria-2025-victoire-de-milan-fretin-au-sprint\/#primaryimage"},"thumbnailUrl":"https:\/\/dicodusport.fr\/blog\/wp-content\/uploads\/2025\/02\/Clasica-de-Almeria-2025-Victoire-de-Milan-Fretin-au-sprint-1.png","keywords":["actu","Actualit\u00e9 Cyclisme","br\u00e8ve","Clasica de Almeria","cofidis"],"articleSection":["Cyclisme sur route"],"inLanguage":"fr-FR","potentialAction":[{"@type":"CommentAction","name":"Comment","target":["https:\/\/dicodusport.fr\/blog\/clasica-de-almeria-2025-victoire-de-milan-fretin-au-sprint\/#respond"]}],"copyrightYear":"2025","copyrightHolder":{"@id":"https:\/\/dicodusport.fr\/blog\/#organization"}},{"@type":"WebPage","@id":"https:\/\/dicodusport.fr\/blog\/clasica-de-almeria-2025-victoire-de-milan-fretin-au-sprint\/","url":"https:\/\/dicodusport.fr\/blog\/clasica-de-almeria-2025-victoire-de-milan-fretin-au-sprint\/","name":"Clasica de Almeria 2025 : Victoire de Milan Fretin au sprint","isPartOf":{"@id":"https:\/\/dicodusport.fr\/blog\/#website"},"primaryImageOfPage":{"@id":"https:\/\/dicodusport.fr\/blog\/clasica-de-almeria-2025-victoire-de-milan-fretin-au-sprint\/#primaryimage"},"image":{"@id":"https:\/\/dicodusport.fr\/blog\/clasica-de-almeria-2025-victoire-de-milan-fretin-au-sprint\/#primaryimage"},"thumbnailUrl":"https:\/\/dicodusport.fr\/blog\/wp-content\/uploads\/2025\/02\/Clasica-de-Almeria-2025-Victoire-de-Milan-Fretin-au-sprint-1.png","datePublished":"2025-02-16T15:33:09+00:00","dateModified":"2025-02-16T16:04:14+00:00","description":"CLASICA DE ALMERIA 2025 - Le Belge Milan Fretin (Cofidis Team) s'offre une belle victoire sur la classique espagnole devant un beau plateau de sprinteurs.","breadcrumb":{"@id":"https:\/\/dicodusport.fr\/blog\/clasica-de-almeria-2025-victoire-de-milan-fretin-au-sprint\/#breadcrumb"},"inLanguage":"fr-FR","potentialAction":[{"@type":"ReadAction","target":["https:\/\/dicodusport.fr\/blog\/clasica-de-almeria-2025-victoire-de-milan-fretin-au-sprint\/"]}]},{"@type":"ImageObject","inLanguage":"fr-FR","@id":"https:\/\/dicodusport.fr\/blog\/clasica-de-almeria-2025-victoire-de-milan-fretin-au-sprint\/#primaryimage","url":"https:\/\/dicodusport.fr\/blog\/wp-content\/uploads\/2025\/02\/Clasica-de-Almeria-2025-Victoire-de-Milan-Fretin-au-sprint-1.png","contentUrl":"https:\/\/dicodusport.fr\/blog\/wp-content\/uploads\/2025\/02\/Clasica-de-Almeria-2025-Victoire-de-Milan-Fretin-au-sprint-1.png","width":1200,"height":674,"caption":"Clasica de Almeria 2025 Victoire de Milan Fretin au sprint"},{"@type":"BreadcrumbList","@id":"https:\/\/dicodusport.fr\/blog\/clasica-de-almeria-2025-victoire-de-milan-fretin-au-sprint\/#breadcrumb","itemListElement":[{"@type":"ListItem","position":1,"name":"Accueil","item":"https:\/\/dicodusport.fr\/blog\/"},{"@type":"ListItem","position":2,"name":"Clasica de Almeria 2025 : Victoire de Milan Fretin au sprint"}]},{"@type":"WebSite","@id":"https:\/\/dicodusport.fr\/blog\/#website","url":"https:\/\/dicodusport.fr\/blog\/","name":"Dicodusport","description":"L&#039;encyclop\u00e9die de l&#039;actualit\u00e9 sportive","publisher":{"@id":"https:\/\/dicodusport.fr\/blog\/#organization"},"potentialAction":[{"@type":"SearchAction","target":{"@type":"EntryPoint","urlTemplate":"https:\/\/dicodusport.fr\/blog\/?s={search_term_string}"},"query-input":{"@type":"PropertyValueSpecification","valueRequired":true,"valueName":"search_term_string"}}],"inLanguage":"fr-FR"},{"@type":"NewsMediaOrganization","@id":"https:\/\/dicodusport.fr\/blog\/#organization","name":"Dicodusport","url":"https:\/\/dicodusport.fr\/blog\/","logo":{"@type":"ImageObject","inLanguage":"fr-FR","@id":"https:\/\/dicodusport.fr\/blog\/#\/schema\/logo\/image\/","url":"https:\/\/dicodusport.fr\/blog\/wp-content\/uploads\/2020\/06\/cropped-LOGO-DICODUSPORT-2020-SANS-FOND-SANS-TEXTE.png","contentUrl":"https:\/\/dicodusport.fr\/blog\/wp-content\/uploads\/2020\/06\/cropped-LOGO-DICODUSPORT-2020-SANS-FOND-SANS-TEXTE.png","width":512,"height":512,"caption":"Dicodusport"},"image":{"@id":"https:\/\/dicodusport.fr\/blog\/#\/schema\/logo\/image\/"},"sameAs":["https:\/\/www.facebook.com\/dicodusport","https:\/\/x.com\/dicodusport","https:\/\/www.instagram.com\/dicodusport\/","https:\/\/www.youtube.com\/channel\/UC7V2KZ5sd3htJivAbA4ZG3w"],"description":"Dicodusport est l'encyclop\u00e9die de l'actualit\u00e9 sportive.","email":"bonjour@dicodusport.fr","legalName":"DICODUSPORT","foundingDate":"2018-01-14","vatID":"FR71834470973","taxID":"83447097300043","numberOfEmployees":{"@type":"QuantitativeValue","minValue":"1","maxValue":"10"}},{"@type":"Person","@id":"https:\/\/dicodusport.fr\/blog\/#\/schema\/person\/fe500246414ca17ddf0c0312d7a792cc","name":"Olivier Dobiezynski","image":{"@type":"ImageObject","inLanguage":"fr-FR","@id":"https:\/\/dicodusport.fr\/blog\/#\/schema\/person\/image\/","url":"https:\/\/dicodusport.fr\/blog\/wp-content\/uploads\/2024\/09\/5be8fe8d-9962-4f1e-ad06-d6f9dee30e6d-150x150.jpg","contentUrl":"https:\/\/dicodusport.fr\/blog\/wp-content\/uploads\/2024\/09\/5be8fe8d-9962-4f1e-ad06-d6f9dee30e6d-150x150.jpg","caption":"Olivier Dobiezynski"},"description":"Depuis le milieu des ann\u00e9es 90, la passion du cyclisme m'anime. Mes h\u00e9ros s'appellent Luc Leblanc, Piotr Ugrumov, Paolo Savoldelli, Peter Sagan et bien \u00e9videmment Romain Bardet. R\u00e9dacteur depuis 2023, je suis ici pour partager cet amour de la Petite Reine. Vous pourrez me lire \u00e9galement sur du trail, du ski de fond et tout autre sujet susceptible d'\u00e9veiller ma curiosit\u00e9 sportive.","sameAs":["https:\/\/x.com\/https:\/\/x.com\/Olivier_Matros"],"url":"https:\/\/dicodusport.fr\/blog\/author\/olivier-gh\/"}]}},"_links":{"self":[{"href":"https:\/\/dicodusport.fr\/blog\/wp-json\/wp\/v2\/posts\/556383","targetHints":{"allow":["GET"]}}],"collection":[{"href":"https:\/\/dicodusport.fr\/blog\/wp-json\/wp\/v2\/posts"}],"about":[{"href":"https:\/\/dicodusport.fr\/blog\/wp-json\/wp\/v2\/types\/post"}],"author":[{"embeddable":true,"href":"https:\/\/dicodusport.fr\/blog\/wp-json\/wp\/v2\/users\/92"}],"replies":[{"embeddable":true,"href":"https:\/\/dicodusport.fr\/blog\/wp-json\/wp\/v2\/comments?post=556383"}],"version-history":[{"count":5,"href":"https:\/\/dicodusport.fr\/blog\/wp-json\/wp\/v2\/posts\/556383\/revisions"}],"predecessor-version":[{"id":556421,"href":"https:\/\/dicodusport.fr\/blog\/wp-json\/wp\/v2\/posts\/556383\/revisions\/556421"}],"wp:featuredmedia":[{"embeddable":true,"href":"https:\/\/dicodusport.fr\/blog\/wp-json\/wp\/v2\/media\/556422"}],"wp:attachment":[{"href":"https:\/\/dicodusport.fr\/blog\/wp-json\/wp\/v2\/media?parent=556383"}],"wp:term":[{"taxonomy":"category","embeddable":true,"href":"https:\/\/dicodusport.fr\/blog\/wp-json\/wp\/v2\/categories?post=556383"},{"taxonomy":"post_tag","embeddable":true,"href":"https:\/\/dicodusport.fr\/blog\/wp-json\/wp\/v2\/tags?post=556383"}],"curies":[{"name":"wp","href":"https:\/\/api.w.org\/{rel}","templated":true}]}}