{"id":556507,"date":"2025-02-17T10:00:32","date_gmt":"2025-02-17T09:00:32","guid":{"rendered":"https:\/\/dicodusport.fr\/blog\/?p=556507&#038;preview=true&#038;preview_id=556507"},"modified":"2025-02-17T08:44:18","modified_gmt":"2025-02-17T07:44:18","slug":"athletisme-les-5-performances-francaises-a-retenir-du-week-end-du-14-au-16-fevrier","status":"publish","type":"post","link":"https:\/\/dicodusport.fr\/blog\/athletisme-les-5-performances-francaises-a-retenir-du-week-end-du-14-au-16-fevrier\/","title":{"rendered":"Athl\u00e9tisme : Les 5 performances fran\u00e7aises \u00e0 retenir du week-end du 14 au 16 f\u00e9vrier"},"content":{"rendered":"<h4 style=\"text-align: justify;\"><em>ATHL\u00c9TISME &#8211;\u00a0 Un record d&rsquo;Europe et un de France, ainsi que deux records de France chez les jeunes ce week-end. Les Tricolores continuent dans la foul\u00e9e de leur beau d\u00e9but de saison hivernale. On fait le point sur les principales performances.<\/em><\/h4>\n<ul style=\"text-align: justify;\">\n<li style=\"text-align: justify;\"><strong>\u00c0 ce sujet \u2013\u00a0<a href=\"https:\/\/dicodusport.fr\/blog\/actualites\/athletisme\/\">L\u2019actualit\u00e9 de l\u2019athl\u00e9tisme<\/a><\/strong><\/li>\n<\/ul>\n<h2 style=\"text-align: justify;\">Record d&rsquo;Europe pour Jimmy Gressier<\/h2>\n<p style=\"text-align: justify;\">Jimmy Gressier encore et toujours lui. Trois courses et trois records de France pour son ann\u00e9e 2025. Monsieur 100 % a encore frapp\u00e9 ce week-end, du c\u00f4t\u00e9 des \u00c9tats-Unis. \u00c0 ceci pr\u00e8s, qu&rsquo;en plus d&rsquo;un record de France, ses 12:54.92 constituent un nouveau record d&rsquo;Europe pour lui. Il entre \u00e9galement dans le Top 10 mondial de tous les temps en salle, \u00e0 la 7\u00e8me place. Pour la premi\u00e8re fois de sa carri\u00e8re, son nom apparait \u00e0 c\u00f4t\u00e9 d&rsquo;immenses champions comme <strong>Eliud Kipchoge<\/strong> (9\u00e8me) ou <strong>Haile Gebrselassie<\/strong> (3\u00e8me). Pour l&rsquo;anecdote, son chrono correspond aussi \u00e0 un nouveau record de France absolu. Il am\u00e9liore de cinq centi\u00e8mes son ancienne \u00e9tablie lors de la saison estivale 2024. Pour rappel, on est d\u00e9savantag\u00e9 en salle par rapport \u00e0 la piste.<\/p>\n<div class=\"vlp-link-container vlp-layout-article\"><a href=\"https:\/\/dicodusport.fr\/blog\/athletisme-jimmy-gressier-sempare-sur-record-deurope-du-5000-metres-en-salle\/\" class=\"vlp-link\" title=\"Athl\u00e9tisme : Jimmy Gressier s&#039;empare du record d\u2019Europe du 5000 m\u00e8tres en salle\"><\/a><div class=\"vlp-layout-zone-side\"><div class=\"vlp-block-4 vlp-link-image\"><img loading=\"lazy\" decoding=\"async\" style=\"max-width: 792px;\" width=\"792\" height=\"445\" src=\"https:\/\/dicodusport.fr\/blog\/wp-content\/uploads\/2025\/02\/Athletisme-Jimmy-Gressier-sempare-sur-record-dEurope-du-5000-metres-en-salle.png\" class=\"attachment-800x445 size-800x445\" alt=\"Athl\u00e9tisme Jimmy Gressier s&#039;empare sur record d\u2019Europe du 5000 m\u00e8tres en salle\" srcset=\"https:\/\/dicodusport.fr\/blog\/wp-content\/uploads\/2025\/02\/Athletisme-Jimmy-Gressier-sempare-sur-record-dEurope-du-5000-metres-en-salle.png 1200w, https:\/\/dicodusport.fr\/blog\/wp-content\/uploads\/2025\/02\/Athletisme-Jimmy-Gressier-sempare-sur-record-dEurope-du-5000-metres-en-salle-300x169.png 300w, https:\/\/dicodusport.fr\/blog\/wp-content\/uploads\/2025\/02\/Athletisme-Jimmy-Gressier-sempare-sur-record-dEurope-du-5000-metres-en-salle-1024x575.png 1024w, https:\/\/dicodusport.fr\/blog\/wp-content\/uploads\/2025\/02\/Athletisme-Jimmy-Gressier-sempare-sur-record-dEurope-du-5000-metres-en-salle-768x431.png 768w\" sizes=\"auto, (max-width: 792px) 100vw, 792px\" \/><\/div><\/div><div class=\"vlp-layout-zone-main\"><div class=\"vlp-block-0 vlp-link-title\">Athl\u00e9tisme : Jimmy Gressier s'empare du record d\u2019Europe du 5000 m\u00e8tres en salle<\/div><div class=\"vlp-block-1 vlp-link-summary\">ATHL\u00c9TISME - Jimmy Gressier a cass\u00e9 la barri\u00e8re des 13 minutes sur 5 000 m\u00e8tres en salle et a battu le record d\u2019Europe en 12:54.92 lors du Meeting de Boston, ce samedi.<\/div><div class=\"vlp-block-2 vlp-link-button\">Lire l'article<\/div><div class=\"vlp-block-3 vlp-link-url\">dicodusport.fr<\/div><\/div><\/div>\n<h2 style=\"text-align: justify;\">Record de France pour Fred Moudani-Likibi au poids<\/h2>\n<p style=\"text-align: justify;\">Il ne sera vraisemblablement pas homologu\u00e9, car il n&rsquo;\u00e9tait pas licenci\u00e9 au moment de sa performance. Comme cela l&rsquo;a \u00e9t\u00e9 rappel\u00e9 par quelques observateurs avis\u00e9s, mais c&rsquo;est presque un d\u00e9tail. Au vu du come-back r\u00e9alis\u00e9 ce week-end par <strong>Fred Moudani-Likibi<\/strong>. Qui repousse son record personnel en salle \u00e0 20.62 m. Touch\u00e9 au poignet fin 2023, il a \u00e9t\u00e9 contraint de renoncer rapidement \u00e0 la saison 2024 et son r\u00eave olympique. Alors qu&rsquo;il avait particip\u00e9 aux Championnats du monde \u00e0 Budapest en 2023. \u00c2g\u00e9 seulement de 25 ans, peut-il devenir le premier fran\u00e7ais \u00e0 franchir le cap des 21 m\u00e8tres ?<\/p>\n<div class=\"vlp-link-container vlp-layout-article\"><a href=\"https:\/\/dicodusport.fr\/blog\/athletisme-record-de-france-de-lancer-du-poids-en-salle-pour-fred-moudani-likibi\/\" class=\"vlp-link\" title=\"Athl\u00e9tisme : Record de France de lancer du poids en salle pour Fred Moudani-Likibi\"><\/a><div class=\"vlp-layout-zone-side\"><div class=\"vlp-block-4 vlp-link-image\"><img loading=\"lazy\" decoding=\"async\" style=\"max-width: 792px;\" width=\"792\" height=\"445\" src=\"https:\/\/dicodusport.fr\/blog\/wp-content\/uploads\/2025\/02\/Athletisme-Record-de-France-du-poids-indoor-pour-Fred-Moudani-Likibi.png\" class=\"attachment-800x445 size-800x445\" alt=\"Athl\u00e9tisme Record de France de lancer du poids en salle pour Fred Moudani-Likibi\" srcset=\"https:\/\/dicodusport.fr\/blog\/wp-content\/uploads\/2025\/02\/Athletisme-Record-de-France-du-poids-indoor-pour-Fred-Moudani-Likibi.png 1200w, https:\/\/dicodusport.fr\/blog\/wp-content\/uploads\/2025\/02\/Athletisme-Record-de-France-du-poids-indoor-pour-Fred-Moudani-Likibi-300x169.png 300w, https:\/\/dicodusport.fr\/blog\/wp-content\/uploads\/2025\/02\/Athletisme-Record-de-France-du-poids-indoor-pour-Fred-Moudani-Likibi-1024x575.png 1024w, https:\/\/dicodusport.fr\/blog\/wp-content\/uploads\/2025\/02\/Athletisme-Record-de-France-du-poids-indoor-pour-Fred-Moudani-Likibi-768x431.png 768w\" sizes=\"auto, (max-width: 792px) 100vw, 792px\" \/><\/div><\/div><div class=\"vlp-layout-zone-main\"><div class=\"vlp-block-0 vlp-link-title\">Athl\u00e9tisme : Record de France de lancer du poids en salle pour Fred Moudani-Likibi<\/div><div class=\"vlp-block-1 vlp-link-summary\">ATHL\u00c9TISME - Record de France du lancer de poids en salle pour Fred Moudani-Likibi, qui a r\u00e9alis\u00e9 un jet \u00e0 20.62 m \u00e0 Nashville (USA).<\/div><div class=\"vlp-block-2 vlp-link-button\">Lire l'article<\/div><div class=\"vlp-block-3 vlp-link-url\">dicodusport.fr<\/div><\/div><\/div>\n<h2 style=\"text-align: justify;\">Marie-Julie Bonnin se rapproche encore du record de France<\/h2>\n<p style=\"text-align: justify;\">Il n&rsquo;y a plus que quatre centim\u00e8tres entre <strong>Marie-Julie Bonnin<\/strong> et le record de France de la perche. En portant son record \u00e0 4.71 m \u00e0 Roubaix, au Perche en or, la perchiste bordelaise a montr\u00e9 sa grande forme ce week-end. C&rsquo;est d\u00e9j\u00e0 son quatri\u00e8me concours de l&rsquo;hiver \u00e0 plus de 4.60 m. Le premier \u00e0 plus de 4.70 m qui ne fait que confirmer le cap franchi cette saison. Il lui restera quelques comp\u00e9titions cet hiver, pour tenter de faire trembler les 4.75 m de <strong>Ninon Chapelle<\/strong>.<\/p>\n<div class=\"vlp-link-container vlp-layout-article\"><a href=\"https:\/\/dicodusport.fr\/blog\/perche-en-or-2025-records-pour-marie-julie-bonnin-et-ersu-sasma\/\" class=\"vlp-link\" title=\"Perche en Or 2025 : Records pour Marie-Julie Bonnin et Ersu Sasma\"><\/a><div class=\"vlp-layout-zone-side\"><div class=\"vlp-block-4 vlp-link-image\"><img loading=\"lazy\" decoding=\"async\" style=\"max-width: 792px;\" width=\"792\" height=\"445\" src=\"https:\/\/dicodusport.fr\/blog\/wp-content\/uploads\/2025\/02\/Perche-en-Or-2025-Records-pour-Marie-Julie-Bonnin-et-Ersu-Sasma.png\" class=\"attachment-800x445 size-800x445\" alt=\"Perche en Or 2025 : Records pour Marie-Julie Bonnin et Ersu Sasma\" srcset=\"https:\/\/dicodusport.fr\/blog\/wp-content\/uploads\/2025\/02\/Perche-en-Or-2025-Records-pour-Marie-Julie-Bonnin-et-Ersu-Sasma.png 1200w, https:\/\/dicodusport.fr\/blog\/wp-content\/uploads\/2025\/02\/Perche-en-Or-2025-Records-pour-Marie-Julie-Bonnin-et-Ersu-Sasma-300x169.png 300w, https:\/\/dicodusport.fr\/blog\/wp-content\/uploads\/2025\/02\/Perche-en-Or-2025-Records-pour-Marie-Julie-Bonnin-et-Ersu-Sasma-1024x575.png 1024w, https:\/\/dicodusport.fr\/blog\/wp-content\/uploads\/2025\/02\/Perche-en-Or-2025-Records-pour-Marie-Julie-Bonnin-et-Ersu-Sasma-768x431.png 768w\" sizes=\"auto, (max-width: 792px) 100vw, 792px\" \/><\/div><\/div><div class=\"vlp-layout-zone-main\"><div class=\"vlp-block-0 vlp-link-title\">Perche en Or 2025 : Records pour Marie-Julie Bonnin et Ersu Sasma<\/div><div class=\"vlp-block-1 vlp-link-summary\">ATHL\u00c9TISME - Avec des bonds respectivement \u00e0 5.90 m et 4.71 m, Ersu Sasma et Marie-Julie Bonnin ont domin\u00e9 le Perche en Or \u00e0 Roubaix.<\/div><div class=\"vlp-block-2 vlp-link-button\">Lire l'article<\/div><div class=\"vlp-block-3 vlp-link-url\">dicodusport.fr<\/div><\/div><\/div>\n<h2 style=\"text-align: justify;\">Encore des records de France chez les jeunes<\/h2>\n<p style=\"text-align: justify;\">Le 400 m fran\u00e7ais se porte pas trop mal en ce moment chez les jeunes. Deux records de France ont \u00e9t\u00e9 battus sur la distance ce week-end. Le premier par celle qui s&rsquo;entra\u00eene aux \u00c9tats-Unis <strong>Lou-Anne Pouzancre Hoyer<\/strong>. En r\u00e9alisant aux \u00c9tats-Unis un chrono de 52.39, elle bat de pr\u00e8s d&rsquo;une demi seconde, le record de France U23 qui \u00e9tait d\u00e9tenu par <strong>Sokhna Lacoste<\/strong>. Alors qu&rsquo;aux championnats de France jeunes, c&rsquo;est <strong>Milann Klemenic<\/strong> qui a repouss\u00e9 la marque chez les U20. En r\u00e9alisant un chrono de 46.80 et d\u00e9tr\u00f4nant <strong>Thomas Jordier<\/strong>, qui d\u00e9tenait ce record jusqu&rsquo;\u00e0 ce dimanche. Deux jeunes athl\u00e8tes \u00e0 suivre dans les ann\u00e9es futures et qu&rsquo;on pourrait, pourquoi pas, retrouver dans les prochaines ann\u00e9es, avec le maillot de l&rsquo;\u00e9quipe de France A.<\/p>\n<div class=\"vlp-link-container vlp-layout-article\"><a href=\"https:\/\/dicodusport.fr\/blog\/athletisme-championnats-de-france-jeunes-2025-record-de-france-u20-pour-milann-klemenic-sur-400-m\/\" class=\"vlp-link\" title=\"Athl\u00e9tisme Championnats de France jeunes 2025 : Record de France U20 pour Milann Klemenic sur 400 m\"><\/a><div class=\"vlp-layout-zone-side\"><div class=\"vlp-block-4 vlp-link-image\"><img loading=\"lazy\" decoding=\"async\" style=\"max-width: 792px;\" width=\"792\" height=\"445\" src=\"https:\/\/dicodusport.fr\/blog\/wp-content\/uploads\/2024\/07\/Championnats-dEurope-U18-dathletisme-2024-Milann-Klemenic-en-argent-au-400-m-1.png\" class=\"attachment-800x445 size-800x445\" alt=\"Athl\u00e9tisme Championnats de France jeunes 2025 : Record de France U20 pour Milann Klemenic sur 400 m\" srcset=\"https:\/\/dicodusport.fr\/blog\/wp-content\/uploads\/2024\/07\/Championnats-dEurope-U18-dathletisme-2024-Milann-Klemenic-en-argent-au-400-m-1.png 1200w, https:\/\/dicodusport.fr\/blog\/wp-content\/uploads\/2024\/07\/Championnats-dEurope-U18-dathletisme-2024-Milann-Klemenic-en-argent-au-400-m-1-300x169.png 300w, https:\/\/dicodusport.fr\/blog\/wp-content\/uploads\/2024\/07\/Championnats-dEurope-U18-dathletisme-2024-Milann-Klemenic-en-argent-au-400-m-1-1024x575.png 1024w, https:\/\/dicodusport.fr\/blog\/wp-content\/uploads\/2024\/07\/Championnats-dEurope-U18-dathletisme-2024-Milann-Klemenic-en-argent-au-400-m-1-768x431.png 768w\" sizes=\"auto, (max-width: 792px) 100vw, 792px\" \/><\/div><\/div><div class=\"vlp-layout-zone-main\"><div class=\"vlp-block-0 vlp-link-title\">Athl\u00e9tisme Championnats de France jeunes 2025 : Record de France U20 pour Milann Klemenic sur 400 m<\/div><div class=\"vlp-block-1 vlp-link-summary\">Cinq athl\u00e8tes \u00e0 suivre ce weekend \u00e0 Li\u00e9vin pour les Championnats de France jeunes 2025 d'athl\u00e9tisme<\/div><div class=\"vlp-block-2 vlp-link-button\">Lire l'article<\/div><div class=\"vlp-block-3 vlp-link-url\">dicodusport.fr<\/div><\/div><\/div>\n<p style=\"text-align: justify;\">\n","protected":false},"excerpt":{"rendered":"<p>Les 5 performances fran\u00e7aises \u00e0 retenir du week-end du 14 au 16 f\u00e9vrier<\/p>\n","protected":false},"author":83,"featured_media":556515,"comment_status":"open","ping_status":"closed","sticky":false,"template":"","format":"standard","meta":{"_acf_changed":false,"_daextam_enable_autolinks":"1","footnotes":""},"categories":[2308],"tags":[143,16878,6856,32833,37255],"class_list":["post-556507","post","type-post","status-publish","format-standard","has-post-thumbnail","hentry","category-athletisme","tag-athletisme","tag-breve","tag-jimmy-gressier","tag-marie-julie-bonnin","tag-milann-klemenic"],"acf":[],"yoast_head":"<!-- This site is optimized with the Yoast SEO Premium plugin v26.7 (Yoast SEO v26.7) - https:\/\/yoast.com\/wordpress\/plugins\/seo\/ -->\n<title>Athl\u00e9tisme : Les 5 performances fran\u00e7aises \u00e0 retenir du week-end du 14 au 16 f\u00e9vrier<\/title>\n<meta name=\"description\" content=\"ATHL\u00c9TISME -\u00a0 Les Fran\u00e7ais en feu, avec un record d&#039;Europe et un record de France et deux records de France chez les jeunes ce week-end.\" \/>\n<meta name=\"robots\" content=\"index, follow, max-snippet:-1, max-image-preview:large, max-video-preview:-1\" \/>\n<link rel=\"canonical\" href=\"https:\/\/dicodusport.fr\/blog\/athletisme-les-5-performances-francaises-a-retenir-du-week-end-du-14-au-16-fevrier\/\" \/>\n<meta property=\"og:locale\" content=\"fr_FR\" \/>\n<meta property=\"og:type\" content=\"article\" \/>\n<meta property=\"og:title\" content=\"Athl\u00e9tisme : Les 5 performances fran\u00e7aises \u00e0 retenir du week-end du 14 au 16 f\u00e9vrier\" \/>\n<meta property=\"og:description\" content=\"ATHL\u00c9TISME -\u00a0 Les Fran\u00e7ais en feu, avec un record d&#039;Europe et un record de France et deux records de France chez les jeunes ce week-end.\" \/>\n<meta property=\"og:url\" content=\"https:\/\/dicodusport.fr\/blog\/athletisme-les-5-performances-francaises-a-retenir-du-week-end-du-14-au-16-fevrier\/\" \/>\n<meta property=\"og:site_name\" content=\"Dicodusport\" \/>\n<meta property=\"article:publisher\" content=\"https:\/\/www.facebook.com\/dicodusport\" \/>\n<meta property=\"article:published_time\" content=\"2025-02-17T09:00:32+00:00\" \/>\n<meta property=\"og:image\" content=\"https:\/\/dicodusport.fr\/blog\/wp-content\/uploads\/2025\/02\/Athletisme-Les-5-performances-francaises-a-retenir-du-week-end-du-14-au-16-fevrier.png\" \/>\n\t<meta property=\"og:image:width\" content=\"1200\" \/>\n\t<meta property=\"og:image:height\" content=\"674\" \/>\n\t<meta property=\"og:image:type\" content=\"image\/png\" \/>\n<meta name=\"author\" content=\"Etienne Goursaud\" \/>\n<meta name=\"twitter:card\" content=\"summary_large_image\" \/>\n<meta name=\"twitter:title\" content=\"Athl\u00e9tisme : Les 5 performances fran\u00e7aises \u00e0 retenir du week-end du 14 au 16 f\u00e9vrier\" \/>\n<meta name=\"twitter:creator\" content=\"@dicodusport\" \/>\n<meta name=\"twitter:site\" content=\"@dicodusport\" \/>\n<script type=\"application\/ld+json\" class=\"yoast-schema-graph\">{\"@context\":\"https:\/\/schema.org\",\"@graph\":[{\"@type\":\"NewsArticle\",\"@id\":\"https:\/\/dicodusport.fr\/blog\/athletisme-les-5-performances-francaises-a-retenir-du-week-end-du-14-au-16-fevrier\/#article\",\"isPartOf\":{\"@id\":\"https:\/\/dicodusport.fr\/blog\/athletisme-les-5-performances-francaises-a-retenir-du-week-end-du-14-au-16-fevrier\/\"},\"author\":{\"name\":\"Etienne Goursaud\",\"@id\":\"https:\/\/dicodusport.fr\/blog\/#\/schema\/person\/d603dd7da31fb2b46c82b9835a77ec13\"},\"headline\":\"Athl\u00e9tisme : Les 5 performances fran\u00e7aises \u00e0 retenir du week-end du 14 au 16 f\u00e9vrier\",\"datePublished\":\"2025-02-17T09:00:32+00:00\",\"mainEntityOfPage\":{\"@id\":\"https:\/\/dicodusport.fr\/blog\/athletisme-les-5-performances-francaises-a-retenir-du-week-end-du-14-au-16-fevrier\/\"},\"wordCount\":864,\"commentCount\":0,\"publisher\":{\"@id\":\"https:\/\/dicodusport.fr\/blog\/#organization\"},\"image\":{\"@id\":\"https:\/\/dicodusport.fr\/blog\/athletisme-les-5-performances-francaises-a-retenir-du-week-end-du-14-au-16-fevrier\/#primaryimage\"},\"thumbnailUrl\":\"https:\/\/dicodusport.fr\/blog\/wp-content\/uploads\/2025\/02\/Athletisme-Les-5-performances-francaises-a-retenir-du-week-end-du-14-au-16-fevrier.png\",\"keywords\":[\"Athl\u00e9tisme\",\"br\u00e8ve\",\"Jimmy Gressier\",\"Marie-Julie Bonnin\",\"Milann Klemenic\"],\"articleSection\":[\"Athl\u00e9tisme\"],\"inLanguage\":\"fr-FR\",\"potentialAction\":[{\"@type\":\"CommentAction\",\"name\":\"Comment\",\"target\":[\"https:\/\/dicodusport.fr\/blog\/athletisme-les-5-performances-francaises-a-retenir-du-week-end-du-14-au-16-fevrier\/#respond\"]}],\"copyrightYear\":\"2025\",\"copyrightHolder\":{\"@id\":\"https:\/\/dicodusport.fr\/blog\/#organization\"}},{\"@type\":\"WebPage\",\"@id\":\"https:\/\/dicodusport.fr\/blog\/athletisme-les-5-performances-francaises-a-retenir-du-week-end-du-14-au-16-fevrier\/\",\"url\":\"https:\/\/dicodusport.fr\/blog\/athletisme-les-5-performances-francaises-a-retenir-du-week-end-du-14-au-16-fevrier\/\",\"name\":\"Athl\u00e9tisme : Les 5 performances fran\u00e7aises \u00e0 retenir du week-end du 14 au 16 f\u00e9vrier\",\"isPartOf\":{\"@id\":\"https:\/\/dicodusport.fr\/blog\/#website\"},\"primaryImageOfPage\":{\"@id\":\"https:\/\/dicodusport.fr\/blog\/athletisme-les-5-performances-francaises-a-retenir-du-week-end-du-14-au-16-fevrier\/#primaryimage\"},\"image\":{\"@id\":\"https:\/\/dicodusport.fr\/blog\/athletisme-les-5-performances-francaises-a-retenir-du-week-end-du-14-au-16-fevrier\/#primaryimage\"},\"thumbnailUrl\":\"https:\/\/dicodusport.fr\/blog\/wp-content\/uploads\/2025\/02\/Athletisme-Les-5-performances-francaises-a-retenir-du-week-end-du-14-au-16-fevrier.png\",\"datePublished\":\"2025-02-17T09:00:32+00:00\",\"description\":\"ATHL\u00c9TISME -\u00a0 Les Fran\u00e7ais en feu, avec un record d'Europe et un record de France et deux records de France chez les jeunes ce week-end.\",\"breadcrumb\":{\"@id\":\"https:\/\/dicodusport.fr\/blog\/athletisme-les-5-performances-francaises-a-retenir-du-week-end-du-14-au-16-fevrier\/#breadcrumb\"},\"inLanguage\":\"fr-FR\",\"potentialAction\":[{\"@type\":\"ReadAction\",\"target\":[\"https:\/\/dicodusport.fr\/blog\/athletisme-les-5-performances-francaises-a-retenir-du-week-end-du-14-au-16-fevrier\/\"]}]},{\"@type\":\"ImageObject\",\"inLanguage\":\"fr-FR\",\"@id\":\"https:\/\/dicodusport.fr\/blog\/athletisme-les-5-performances-francaises-a-retenir-du-week-end-du-14-au-16-fevrier\/#primaryimage\",\"url\":\"https:\/\/dicodusport.fr\/blog\/wp-content\/uploads\/2025\/02\/Athletisme-Les-5-performances-francaises-a-retenir-du-week-end-du-14-au-16-fevrier.png\",\"contentUrl\":\"https:\/\/dicodusport.fr\/blog\/wp-content\/uploads\/2025\/02\/Athletisme-Les-5-performances-francaises-a-retenir-du-week-end-du-14-au-16-fevrier.png\",\"width\":1200,\"height\":674,\"caption\":\"Athl\u00e9tisme : Les 5 performances fran\u00e7aises \u00e0 retenir du week-end du 14 au 16 f\u00e9vrier\"},{\"@type\":\"BreadcrumbList\",\"@id\":\"https:\/\/dicodusport.fr\/blog\/athletisme-les-5-performances-francaises-a-retenir-du-week-end-du-14-au-16-fevrier\/#breadcrumb\",\"itemListElement\":[{\"@type\":\"ListItem\",\"position\":1,\"name\":\"Accueil\",\"item\":\"https:\/\/dicodusport.fr\/blog\/\"},{\"@type\":\"ListItem\",\"position\":2,\"name\":\"Athl\u00e9tisme : Les 5 performances fran\u00e7aises \u00e0 retenir du week-end du 14 au 16 f\u00e9vrier\"}]},{\"@type\":\"WebSite\",\"@id\":\"https:\/\/dicodusport.fr\/blog\/#website\",\"url\":\"https:\/\/dicodusport.fr\/blog\/\",\"name\":\"Dicodusport\",\"description\":\"L&#039;encyclop\u00e9die de l&#039;actualit\u00e9 sportive\",\"publisher\":{\"@id\":\"https:\/\/dicodusport.fr\/blog\/#organization\"},\"potentialAction\":[{\"@type\":\"SearchAction\",\"target\":{\"@type\":\"EntryPoint\",\"urlTemplate\":\"https:\/\/dicodusport.fr\/blog\/?s={search_term_string}\"},\"query-input\":{\"@type\":\"PropertyValueSpecification\",\"valueRequired\":true,\"valueName\":\"search_term_string\"}}],\"inLanguage\":\"fr-FR\"},{\"@type\":\"NewsMediaOrganization\",\"@id\":\"https:\/\/dicodusport.fr\/blog\/#organization\",\"name\":\"Dicodusport\",\"url\":\"https:\/\/dicodusport.fr\/blog\/\",\"logo\":{\"@type\":\"ImageObject\",\"inLanguage\":\"fr-FR\",\"@id\":\"https:\/\/dicodusport.fr\/blog\/#\/schema\/logo\/image\/\",\"url\":\"https:\/\/dicodusport.fr\/blog\/wp-content\/uploads\/2020\/06\/cropped-LOGO-DICODUSPORT-2020-SANS-FOND-SANS-TEXTE.png\",\"contentUrl\":\"https:\/\/dicodusport.fr\/blog\/wp-content\/uploads\/2020\/06\/cropped-LOGO-DICODUSPORT-2020-SANS-FOND-SANS-TEXTE.png\",\"width\":512,\"height\":512,\"caption\":\"Dicodusport\"},\"image\":{\"@id\":\"https:\/\/dicodusport.fr\/blog\/#\/schema\/logo\/image\/\"},\"sameAs\":[\"https:\/\/www.facebook.com\/dicodusport\",\"https:\/\/x.com\/dicodusport\",\"https:\/\/www.instagram.com\/dicodusport\/\",\"https:\/\/www.youtube.com\/channel\/UC7V2KZ5sd3htJivAbA4ZG3w\"],\"description\":\"Dicodusport est l'encyclop\u00e9die de l'actualit\u00e9 sportive.\",\"email\":\"bonjour@dicodusport.fr\",\"legalName\":\"DICODUSPORT\",\"foundingDate\":\"2018-01-14\",\"vatID\":\"FR71834470973\",\"taxID\":\"83447097300043\",\"numberOfEmployees\":{\"@type\":\"QuantitativeValue\",\"minValue\":\"1\",\"maxValue\":\"10\"}},{\"@type\":\"Person\",\"@id\":\"https:\/\/dicodusport.fr\/blog\/#\/schema\/person\/d603dd7da31fb2b46c82b9835a77ec13\",\"name\":\"Etienne Goursaud\",\"image\":{\"@type\":\"ImageObject\",\"inLanguage\":\"fr-FR\",\"@id\":\"https:\/\/dicodusport.fr\/blog\/#\/schema\/person\/image\/\",\"url\":\"https:\/\/dicodusport.fr\/blog\/wp-content\/uploads\/2023\/12\/410122264_10231602061736049_5565839791558026645_n-150x150.jpg\",\"contentUrl\":\"https:\/\/dicodusport.fr\/blog\/wp-content\/uploads\/2023\/12\/410122264_10231602061736049_5565839791558026645_n-150x150.jpg\",\"caption\":\"Etienne Goursaud\"},\"description\":\"Journaliste et amoureux de sport. Ancien footballeur reconverti athl\u00e8te quand ses muscles le laissent tranquille. \u00c9lev\u00e9 \u00e0 la sauce des exploits de Thomas Voeckler en 2004, du dernier essai de l\u00e9gende de Eunice Barber \u00e0 la longueur lors des championnats du monde d'athl\u00e9tisme de 2003 mais aussi Zidane, Omeyer et Titou Lamaison.\",\"url\":\"https:\/\/dicodusport.fr\/blog\/author\/etienne-goursaud\/\"}]}<\/script>\n<!-- \/ Yoast SEO Premium plugin. -->","yoast_head_json":{"title":"Athl\u00e9tisme : Les 5 performances fran\u00e7aises \u00e0 retenir du week-end du 14 au 16 f\u00e9vrier","description":"ATHL\u00c9TISME -\u00a0 Les Fran\u00e7ais en feu, avec un record d'Europe et un record de France et deux records de France chez les jeunes ce week-end.","robots":{"index":"index","follow":"follow","max-snippet":"max-snippet:-1","max-image-preview":"max-image-preview:large","max-video-preview":"max-video-preview:-1"},"canonical":"https:\/\/dicodusport.fr\/blog\/athletisme-les-5-performances-francaises-a-retenir-du-week-end-du-14-au-16-fevrier\/","og_locale":"fr_FR","og_type":"article","og_title":"Athl\u00e9tisme : Les 5 performances fran\u00e7aises \u00e0 retenir du week-end du 14 au 16 f\u00e9vrier","og_description":"ATHL\u00c9TISME -\u00a0 Les Fran\u00e7ais en feu, avec un record d'Europe et un record de France et deux records de France chez les jeunes ce week-end.","og_url":"https:\/\/dicodusport.fr\/blog\/athletisme-les-5-performances-francaises-a-retenir-du-week-end-du-14-au-16-fevrier\/","og_site_name":"Dicodusport","article_publisher":"https:\/\/www.facebook.com\/dicodusport","article_published_time":"2025-02-17T09:00:32+00:00","og_image":[{"width":1200,"height":674,"url":"https:\/\/dicodusport.fr\/blog\/wp-content\/uploads\/2025\/02\/Athletisme-Les-5-performances-francaises-a-retenir-du-week-end-du-14-au-16-fevrier.png","type":"image\/png"}],"author":"Etienne Goursaud","twitter_card":"summary_large_image","twitter_title":"Athl\u00e9tisme : Les 5 performances fran\u00e7aises \u00e0 retenir du week-end du 14 au 16 f\u00e9vrier","twitter_creator":"@dicodusport","twitter_site":"@dicodusport","schema":{"@context":"https:\/\/schema.org","@graph":[{"@type":"NewsArticle","@id":"https:\/\/dicodusport.fr\/blog\/athletisme-les-5-performances-francaises-a-retenir-du-week-end-du-14-au-16-fevrier\/#article","isPartOf":{"@id":"https:\/\/dicodusport.fr\/blog\/athletisme-les-5-performances-francaises-a-retenir-du-week-end-du-14-au-16-fevrier\/"},"author":{"name":"Etienne Goursaud","@id":"https:\/\/dicodusport.fr\/blog\/#\/schema\/person\/d603dd7da31fb2b46c82b9835a77ec13"},"headline":"Athl\u00e9tisme : Les 5 performances fran\u00e7aises \u00e0 retenir du week-end du 14 au 16 f\u00e9vrier","datePublished":"2025-02-17T09:00:32+00:00","mainEntityOfPage":{"@id":"https:\/\/dicodusport.fr\/blog\/athletisme-les-5-performances-francaises-a-retenir-du-week-end-du-14-au-16-fevrier\/"},"wordCount":864,"commentCount":0,"publisher":{"@id":"https:\/\/dicodusport.fr\/blog\/#organization"},"image":{"@id":"https:\/\/dicodusport.fr\/blog\/athletisme-les-5-performances-francaises-a-retenir-du-week-end-du-14-au-16-fevrier\/#primaryimage"},"thumbnailUrl":"https:\/\/dicodusport.fr\/blog\/wp-content\/uploads\/2025\/02\/Athletisme-Les-5-performances-francaises-a-retenir-du-week-end-du-14-au-16-fevrier.png","keywords":["Athl\u00e9tisme","br\u00e8ve","Jimmy Gressier","Marie-Julie Bonnin","Milann Klemenic"],"articleSection":["Athl\u00e9tisme"],"inLanguage":"fr-FR","potentialAction":[{"@type":"CommentAction","name":"Comment","target":["https:\/\/dicodusport.fr\/blog\/athletisme-les-5-performances-francaises-a-retenir-du-week-end-du-14-au-16-fevrier\/#respond"]}],"copyrightYear":"2025","copyrightHolder":{"@id":"https:\/\/dicodusport.fr\/blog\/#organization"}},{"@type":"WebPage","@id":"https:\/\/dicodusport.fr\/blog\/athletisme-les-5-performances-francaises-a-retenir-du-week-end-du-14-au-16-fevrier\/","url":"https:\/\/dicodusport.fr\/blog\/athletisme-les-5-performances-francaises-a-retenir-du-week-end-du-14-au-16-fevrier\/","name":"Athl\u00e9tisme : Les 5 performances fran\u00e7aises \u00e0 retenir du week-end du 14 au 16 f\u00e9vrier","isPartOf":{"@id":"https:\/\/dicodusport.fr\/blog\/#website"},"primaryImageOfPage":{"@id":"https:\/\/dicodusport.fr\/blog\/athletisme-les-5-performances-francaises-a-retenir-du-week-end-du-14-au-16-fevrier\/#primaryimage"},"image":{"@id":"https:\/\/dicodusport.fr\/blog\/athletisme-les-5-performances-francaises-a-retenir-du-week-end-du-14-au-16-fevrier\/#primaryimage"},"thumbnailUrl":"https:\/\/dicodusport.fr\/blog\/wp-content\/uploads\/2025\/02\/Athletisme-Les-5-performances-francaises-a-retenir-du-week-end-du-14-au-16-fevrier.png","datePublished":"2025-02-17T09:00:32+00:00","description":"ATHL\u00c9TISME -\u00a0 Les Fran\u00e7ais en feu, avec un record d'Europe et un record de France et deux records de France chez les jeunes ce week-end.","breadcrumb":{"@id":"https:\/\/dicodusport.fr\/blog\/athletisme-les-5-performances-francaises-a-retenir-du-week-end-du-14-au-16-fevrier\/#breadcrumb"},"inLanguage":"fr-FR","potentialAction":[{"@type":"ReadAction","target":["https:\/\/dicodusport.fr\/blog\/athletisme-les-5-performances-francaises-a-retenir-du-week-end-du-14-au-16-fevrier\/"]}]},{"@type":"ImageObject","inLanguage":"fr-FR","@id":"https:\/\/dicodusport.fr\/blog\/athletisme-les-5-performances-francaises-a-retenir-du-week-end-du-14-au-16-fevrier\/#primaryimage","url":"https:\/\/dicodusport.fr\/blog\/wp-content\/uploads\/2025\/02\/Athletisme-Les-5-performances-francaises-a-retenir-du-week-end-du-14-au-16-fevrier.png","contentUrl":"https:\/\/dicodusport.fr\/blog\/wp-content\/uploads\/2025\/02\/Athletisme-Les-5-performances-francaises-a-retenir-du-week-end-du-14-au-16-fevrier.png","width":1200,"height":674,"caption":"Athl\u00e9tisme : Les 5 performances fran\u00e7aises \u00e0 retenir du week-end du 14 au 16 f\u00e9vrier"},{"@type":"BreadcrumbList","@id":"https:\/\/dicodusport.fr\/blog\/athletisme-les-5-performances-francaises-a-retenir-du-week-end-du-14-au-16-fevrier\/#breadcrumb","itemListElement":[{"@type":"ListItem","position":1,"name":"Accueil","item":"https:\/\/dicodusport.fr\/blog\/"},{"@type":"ListItem","position":2,"name":"Athl\u00e9tisme : Les 5 performances fran\u00e7aises \u00e0 retenir du week-end du 14 au 16 f\u00e9vrier"}]},{"@type":"WebSite","@id":"https:\/\/dicodusport.fr\/blog\/#website","url":"https:\/\/dicodusport.fr\/blog\/","name":"Dicodusport","description":"L&#039;encyclop\u00e9die de l&#039;actualit\u00e9 sportive","publisher":{"@id":"https:\/\/dicodusport.fr\/blog\/#organization"},"potentialAction":[{"@type":"SearchAction","target":{"@type":"EntryPoint","urlTemplate":"https:\/\/dicodusport.fr\/blog\/?s={search_term_string}"},"query-input":{"@type":"PropertyValueSpecification","valueRequired":true,"valueName":"search_term_string"}}],"inLanguage":"fr-FR"},{"@type":"NewsMediaOrganization","@id":"https:\/\/dicodusport.fr\/blog\/#organization","name":"Dicodusport","url":"https:\/\/dicodusport.fr\/blog\/","logo":{"@type":"ImageObject","inLanguage":"fr-FR","@id":"https:\/\/dicodusport.fr\/blog\/#\/schema\/logo\/image\/","url":"https:\/\/dicodusport.fr\/blog\/wp-content\/uploads\/2020\/06\/cropped-LOGO-DICODUSPORT-2020-SANS-FOND-SANS-TEXTE.png","contentUrl":"https:\/\/dicodusport.fr\/blog\/wp-content\/uploads\/2020\/06\/cropped-LOGO-DICODUSPORT-2020-SANS-FOND-SANS-TEXTE.png","width":512,"height":512,"caption":"Dicodusport"},"image":{"@id":"https:\/\/dicodusport.fr\/blog\/#\/schema\/logo\/image\/"},"sameAs":["https:\/\/www.facebook.com\/dicodusport","https:\/\/x.com\/dicodusport","https:\/\/www.instagram.com\/dicodusport\/","https:\/\/www.youtube.com\/channel\/UC7V2KZ5sd3htJivAbA4ZG3w"],"description":"Dicodusport est l'encyclop\u00e9die de l'actualit\u00e9 sportive.","email":"bonjour@dicodusport.fr","legalName":"DICODUSPORT","foundingDate":"2018-01-14","vatID":"FR71834470973","taxID":"83447097300043","numberOfEmployees":{"@type":"QuantitativeValue","minValue":"1","maxValue":"10"}},{"@type":"Person","@id":"https:\/\/dicodusport.fr\/blog\/#\/schema\/person\/d603dd7da31fb2b46c82b9835a77ec13","name":"Etienne Goursaud","image":{"@type":"ImageObject","inLanguage":"fr-FR","@id":"https:\/\/dicodusport.fr\/blog\/#\/schema\/person\/image\/","url":"https:\/\/dicodusport.fr\/blog\/wp-content\/uploads\/2023\/12\/410122264_10231602061736049_5565839791558026645_n-150x150.jpg","contentUrl":"https:\/\/dicodusport.fr\/blog\/wp-content\/uploads\/2023\/12\/410122264_10231602061736049_5565839791558026645_n-150x150.jpg","caption":"Etienne Goursaud"},"description":"Journaliste et amoureux de sport. Ancien footballeur reconverti athl\u00e8te quand ses muscles le laissent tranquille. \u00c9lev\u00e9 \u00e0 la sauce des exploits de Thomas Voeckler en 2004, du dernier essai de l\u00e9gende de Eunice Barber \u00e0 la longueur lors des championnats du monde d'athl\u00e9tisme de 2003 mais aussi Zidane, Omeyer et Titou Lamaison.","url":"https:\/\/dicodusport.fr\/blog\/author\/etienne-goursaud\/"}]}},"_links":{"self":[{"href":"https:\/\/dicodusport.fr\/blog\/wp-json\/wp\/v2\/posts\/556507","targetHints":{"allow":["GET"]}}],"collection":[{"href":"https:\/\/dicodusport.fr\/blog\/wp-json\/wp\/v2\/posts"}],"about":[{"href":"https:\/\/dicodusport.fr\/blog\/wp-json\/wp\/v2\/types\/post"}],"author":[{"embeddable":true,"href":"https:\/\/dicodusport.fr\/blog\/wp-json\/wp\/v2\/users\/83"}],"replies":[{"embeddable":true,"href":"https:\/\/dicodusport.fr\/blog\/wp-json\/wp\/v2\/comments?post=556507"}],"version-history":[{"count":3,"href":"https:\/\/dicodusport.fr\/blog\/wp-json\/wp\/v2\/posts\/556507\/revisions"}],"predecessor-version":[{"id":556562,"href":"https:\/\/dicodusport.fr\/blog\/wp-json\/wp\/v2\/posts\/556507\/revisions\/556562"}],"wp:featuredmedia":[{"embeddable":true,"href":"https:\/\/dicodusport.fr\/blog\/wp-json\/wp\/v2\/media\/556515"}],"wp:attachment":[{"href":"https:\/\/dicodusport.fr\/blog\/wp-json\/wp\/v2\/media?parent=556507"}],"wp:term":[{"taxonomy":"category","embeddable":true,"href":"https:\/\/dicodusport.fr\/blog\/wp-json\/wp\/v2\/categories?post=556507"},{"taxonomy":"post_tag","embeddable":true,"href":"https:\/\/dicodusport.fr\/blog\/wp-json\/wp\/v2\/tags?post=556507"}],"curies":[{"name":"wp","href":"https:\/\/api.w.org\/{rel}","templated":true}]}}