{"id":55762,"date":"2019-12-29T10:36:25","date_gmt":"2019-12-29T09:36:25","guid":{"rendered":"http:\/\/dicodusport.fr\/blog\/?p=55762&#038;preview=true&#038;preview_id=55762"},"modified":"2019-12-31T00:54:28","modified_gmt":"2019-12-30T23:54:28","slug":"championne-francaise-2019-clarisse-agbegnenou-3eme-annee-or","status":"publish","type":"post","link":"https:\/\/dicodusport.fr\/blog\/championne-francaise-2019-clarisse-agbegnenou-3eme-annee-or\/","title":{"rendered":"Championne fran\u00e7aise 2019 : Clarisse Agbegnenou (3\u00e8me), une ann\u00e9e en or"},"content":{"rendered":"<p style=\"text-align: justify;\"><em><strong>Multisports &#8211; Vous avez plac\u00e9 Clarisse Agbegnenou (Judo) au 3\u00e8me rang du classement de la Championne des Championnes fran\u00e7aises 2019.<br \/>\n<\/strong><\/em><\/p>\n<p style=\"text-align: justify;\">Ind\u00e9tr\u00f4nable <a href=\"https:\/\/www.ijf.org\/judoka\/2317\/overview\" target=\"_blank\" rel=\"noopener\"><strong>Clarisse Agbegnenou<\/strong><\/a>. Apr\u00e8s une quatri\u00e8me couronne europ\u00e9enne d\u00e9croch\u00e9e dans le cadre des <strong>Jeux Europ\u00e9ens \u00e0 Minsk<\/strong>, en juin dernier, la Rennaise s&rsquo;est attaqu\u00e9e \u00e0 un record, celui qui consistait \u00e0 devenir championne du monde dans la cat\u00e9gorie des moins de 63 kg pour la quatri\u00e8me fois, et devenir la seule judoka fran\u00e7aise quadruple m\u00e9daill\u00e9e d&rsquo;or aux Mondiaux, \u00e0 Tokyo, le pays du judo.<\/p>\n<p style=\"text-align: justify;\">Un exploit qu&rsquo;elle a r\u00e9alis\u00e9 avec la mani\u00e8re, et au bout du suspense. Imp\u00e9riale jusqu&rsquo;au dernier carr\u00e9, la judoka licenci\u00e9e au <strong>Red Star Club<\/strong> de Champigny-sur-Marne a \u00e9t\u00e9 pouss\u00e9e dans ses derniers retranchements par la Japonaise <strong>Miku Tashiro<\/strong>, et c&rsquo;est peu de le dire. Apr\u00e8s un combat de pr\u00e8s de 11 minutes et un golden score irrespirable, la Fran\u00e7aise faisait finalement flancher la Nipponne.<a href=\"https:\/\/dicodusport.fr\/blog\/judo-mondiaux-2019-clarisse-agbegnenou-remporte-un-quatrieme-titre-mondial\/\" target=\"_blank\" rel=\"noopener\"> L&rsquo;exploit est immense, en devenant la judoka tricolore la plus titr\u00e9e sur la sc\u00e8ne mondiale, avec quatre couronnes aux Mondiaux<\/a>.<\/p>\n<blockquote class=\"twitter-tweet\" data-lang=\"fr\">\n<p dir=\"ltr\" lang=\"fr\">Clarisse Agbegnenou est CHAMPIONNE DU MONDE&#x1f1eb;&#x1f1f7;&#x1f94b;<\/p>\n<p>Elle remporte son 4\u00e8me titre de championne du monde apr\u00e8s une finale d&rsquo;anthologie ! <a href=\"https:\/\/twitter.com\/hashtag\/lequipeJUDO?src=hash&amp;ref_src=twsrc%5Etfw\">#lequipeJUDO<\/a> <a href=\"https:\/\/t.co\/xwLic8uUJ8\">pic.twitter.com\/xwLic8uUJ8<\/a><\/p>\n<p>\u2014 la chaine L&rsquo;\u00c9quipe (@lachainelequipe) <a href=\"https:\/\/twitter.com\/lachainelequipe\/status\/1166675812101316608?ref_src=twsrc%5Etfw\">28 ao\u00fbt 2019<\/a><\/p><\/blockquote>\n<p><script async src=\"https:\/\/platform.twitter.com\/widgets.js\" charset=\"utf-8\"><\/script><\/p>\n<p style=\"text-align: justify;\">Si son invincibilit\u00e9 qui durait depuis deux ans et 50 combats s&rsquo;est termin\u00e9e le 13 d\u00e9cembre dernier au <strong>Masters de Qingdao (Chine)<\/strong>, <strong>Clarisse Agbegnenou<\/strong> reste la grande favorite pour le titre olympique l&rsquo;an prochain, \u00e0 Tokyo. La seule breloque en or manquant \u00e0 son immense palmar\u00e8s.<\/p>\n<p><strong><em>Dicodusport<br \/>\n<a href=\"https:\/\/www.facebook.com\/dicodusport\/\" target=\"_blank\" rel=\"noopener\"><img loading=\"lazy\" decoding=\"async\" class=\"alignnone wp-image-2909\" src=\"http:\/\/dicodusport.fr\/blog\/wp-content\/uploads\/2017\/07\/logo-facebook-150x150.png\" alt=\"\" width=\"40\" height=\"40\" \/><\/a><a href=\"https:\/\/twitter.com\/dicodusport\" target=\"_blank\" rel=\"noopener\"><img loading=\"lazy\" decoding=\"async\" class=\"alignnone wp-image-2908\" src=\"http:\/\/dicodusport.fr\/blog\/wp-content\/uploads\/2017\/07\/logo-twitter-150x150.png\" alt=\"\" width=\"39\" height=\"39\" \/><\/a><\/em><\/strong><\/p>\n","protected":false},"excerpt":{"rendered":"<p>Multisports &#8211; Vous avez plac\u00e9 Clarisse Agbegnenou (Judo) au 3\u00e8me rang du classement de la Championne des Championnes fran\u00e7aises 2019.<\/p>\n","protected":false},"author":4,"featured_media":55763,"comment_status":"open","ping_status":"closed","sticky":false,"template":"","format":"standard","meta":{"_acf_changed":false,"_daextam_enable_autolinks":"","footnotes":""},"categories":[2366],"tags":[1788,68],"class_list":["post-55762","post","type-post","status-publish","format-standard","has-post-thumbnail","hentry","category-multisports","tag-clarisse-agbegnenou","tag-judo"],"acf":[],"yoast_head":"<!-- This site is optimized with the Yoast SEO Premium plugin v26.7 (Yoast SEO v26.7) - https:\/\/yoast.com\/wordpress\/plugins\/seo\/ -->\n<title>Championne fran\u00e7aise 2019 : Clarisse Agbegnenou (3\u00e8me), une ann\u00e9e en or<\/title>\n<meta name=\"description\" content=\"Multisports - Vous avez plac\u00e9 Clarisse Agbegnenou (Judo) au 3\u00e8me rang du classement de la Championne des Championnes fran\u00e7aises 2019.\" \/>\n<meta name=\"robots\" content=\"index, follow, max-snippet:-1, max-image-preview:large, max-video-preview:-1\" \/>\n<link rel=\"canonical\" href=\"https:\/\/dicodusport.fr\/blog\/championne-francaise-2019-clarisse-agbegnenou-3eme-annee-or\/\" \/>\n<meta property=\"og:locale\" content=\"fr_FR\" \/>\n<meta property=\"og:type\" content=\"article\" \/>\n<meta property=\"og:title\" content=\"Championne fran\u00e7aise 2019 : Clarisse Agbegnenou (3\u00e8me), une ann\u00e9e en or\" \/>\n<meta property=\"og:description\" content=\"Multisports - Vous avez plac\u00e9 Clarisse Agbegnenou (Judo) au 3\u00e8me rang du classement de la Championne des Championnes fran\u00e7aises 2019.\" \/>\n<meta property=\"og:url\" content=\"https:\/\/dicodusport.fr\/blog\/championne-francaise-2019-clarisse-agbegnenou-3eme-annee-or\/\" \/>\n<meta property=\"og:site_name\" content=\"Dicodusport\" \/>\n<meta property=\"article:publisher\" content=\"https:\/\/www.facebook.com\/dicodusport\" \/>\n<meta property=\"article:author\" content=\"https:\/\/www.facebook.com\/florent.ostermann\" \/>\n<meta property=\"article:published_time\" content=\"2019-12-29T09:36:25+00:00\" \/>\n<meta property=\"article:modified_time\" content=\"2019-12-30T23:54:28+00:00\" \/>\n<meta property=\"og:image\" content=\"https:\/\/dicodusport.fr\/blog\/wp-content\/uploads\/2019\/12\/Championne-fran\u00e7aise-2019-Clarisse-Agbegnenou-3\u00e8me-une-ann\u00e9e-en-or.png\" \/>\n\t<meta property=\"og:image:width\" content=\"800\" \/>\n\t<meta property=\"og:image:height\" content=\"445\" \/>\n\t<meta property=\"og:image:type\" content=\"image\/png\" \/>\n<meta name=\"author\" content=\"Flo Ostermann\" \/>\n<meta name=\"twitter:card\" content=\"summary_large_image\" \/>\n<meta name=\"twitter:title\" content=\"Championne fran\u00e7aise 2019 : Clarisse Agbegnenou (3\u00e8me), une ann\u00e9e en or\" \/>\n<meta name=\"twitter:creator\" content=\"@https:\/\/twitter.com\/FlOstermann\" \/>\n<meta name=\"twitter:site\" content=\"@dicodusport\" \/>\n<script type=\"application\/ld+json\" class=\"yoast-schema-graph\">{\"@context\":\"https:\/\/schema.org\",\"@graph\":[{\"@type\":\"NewsArticle\",\"@id\":\"https:\/\/dicodusport.fr\/blog\/championne-francaise-2019-clarisse-agbegnenou-3eme-annee-or\/#article\",\"isPartOf\":{\"@id\":\"https:\/\/dicodusport.fr\/blog\/championne-francaise-2019-clarisse-agbegnenou-3eme-annee-or\/\"},\"author\":{\"name\":\"Flo Ostermann\",\"@id\":\"https:\/\/dicodusport.fr\/blog\/#\/schema\/person\/cb02af4c173ce4a653b55e9baf388d4a\"},\"headline\":\"Championne fran\u00e7aise 2019 : Clarisse Agbegnenou (3\u00e8me), une ann\u00e9e en or\",\"datePublished\":\"2019-12-29T09:36:25+00:00\",\"dateModified\":\"2019-12-30T23:54:28+00:00\",\"mainEntityOfPage\":{\"@id\":\"https:\/\/dicodusport.fr\/blog\/championne-francaise-2019-clarisse-agbegnenou-3eme-annee-or\/\"},\"wordCount\":294,\"commentCount\":0,\"publisher\":{\"@id\":\"https:\/\/dicodusport.fr\/blog\/#organization\"},\"image\":{\"@id\":\"https:\/\/dicodusport.fr\/blog\/championne-francaise-2019-clarisse-agbegnenou-3eme-annee-or\/#primaryimage\"},\"thumbnailUrl\":\"https:\/\/dicodusport.fr\/blog\/wp-content\/uploads\/2019\/12\/Championne-fran\u00e7aise-2019-Clarisse-Agbegnenou-3\u00e8me-une-ann\u00e9e-en-or.png\",\"keywords\":[\"Clarisse Agbegnenou\",\"Judo\"],\"articleSection\":[\"Multisports\"],\"inLanguage\":\"fr-FR\",\"potentialAction\":[{\"@type\":\"CommentAction\",\"name\":\"Comment\",\"target\":[\"https:\/\/dicodusport.fr\/blog\/championne-francaise-2019-clarisse-agbegnenou-3eme-annee-or\/#respond\"]}],\"copyrightYear\":\"2019\",\"copyrightHolder\":{\"@id\":\"https:\/\/dicodusport.fr\/blog\/#organization\"}},{\"@type\":\"WebPage\",\"@id\":\"https:\/\/dicodusport.fr\/blog\/championne-francaise-2019-clarisse-agbegnenou-3eme-annee-or\/\",\"url\":\"https:\/\/dicodusport.fr\/blog\/championne-francaise-2019-clarisse-agbegnenou-3eme-annee-or\/\",\"name\":\"Championne fran\u00e7aise 2019 : Clarisse Agbegnenou (3\u00e8me), une ann\u00e9e en or\",\"isPartOf\":{\"@id\":\"https:\/\/dicodusport.fr\/blog\/#website\"},\"primaryImageOfPage\":{\"@id\":\"https:\/\/dicodusport.fr\/blog\/championne-francaise-2019-clarisse-agbegnenou-3eme-annee-or\/#primaryimage\"},\"image\":{\"@id\":\"https:\/\/dicodusport.fr\/blog\/championne-francaise-2019-clarisse-agbegnenou-3eme-annee-or\/#primaryimage\"},\"thumbnailUrl\":\"https:\/\/dicodusport.fr\/blog\/wp-content\/uploads\/2019\/12\/Championne-fran\u00e7aise-2019-Clarisse-Agbegnenou-3\u00e8me-une-ann\u00e9e-en-or.png\",\"datePublished\":\"2019-12-29T09:36:25+00:00\",\"dateModified\":\"2019-12-30T23:54:28+00:00\",\"description\":\"Multisports - Vous avez plac\u00e9 Clarisse Agbegnenou (Judo) au 3\u00e8me rang du classement de la Championne des Championnes fran\u00e7aises 2019.\",\"breadcrumb\":{\"@id\":\"https:\/\/dicodusport.fr\/blog\/championne-francaise-2019-clarisse-agbegnenou-3eme-annee-or\/#breadcrumb\"},\"inLanguage\":\"fr-FR\",\"potentialAction\":[{\"@type\":\"ReadAction\",\"target\":[\"https:\/\/dicodusport.fr\/blog\/championne-francaise-2019-clarisse-agbegnenou-3eme-annee-or\/\"]}]},{\"@type\":\"ImageObject\",\"inLanguage\":\"fr-FR\",\"@id\":\"https:\/\/dicodusport.fr\/blog\/championne-francaise-2019-clarisse-agbegnenou-3eme-annee-or\/#primaryimage\",\"url\":\"https:\/\/dicodusport.fr\/blog\/wp-content\/uploads\/2019\/12\/Championne-fran\u00e7aise-2019-Clarisse-Agbegnenou-3\u00e8me-une-ann\u00e9e-en-or.png\",\"contentUrl\":\"https:\/\/dicodusport.fr\/blog\/wp-content\/uploads\/2019\/12\/Championne-fran\u00e7aise-2019-Clarisse-Agbegnenou-3\u00e8me-une-ann\u00e9e-en-or.png\",\"width\":800,\"height\":445,\"caption\":\"Championne fran\u00e7aise 2019 - Clarisse Agbegnenou (3\u00e8me), une ann\u00e9e en or\"},{\"@type\":\"BreadcrumbList\",\"@id\":\"https:\/\/dicodusport.fr\/blog\/championne-francaise-2019-clarisse-agbegnenou-3eme-annee-or\/#breadcrumb\",\"itemListElement\":[{\"@type\":\"ListItem\",\"position\":1,\"name\":\"Accueil\",\"item\":\"https:\/\/dicodusport.fr\/blog\/\"},{\"@type\":\"ListItem\",\"position\":2,\"name\":\"Championne fran\u00e7aise 2019 : Clarisse Agbegnenou (3\u00e8me), une ann\u00e9e en or\"}]},{\"@type\":\"WebSite\",\"@id\":\"https:\/\/dicodusport.fr\/blog\/#website\",\"url\":\"https:\/\/dicodusport.fr\/blog\/\",\"name\":\"Dicodusport\",\"description\":\"L&#039;encyclop\u00e9die de l&#039;actualit\u00e9 sportive\",\"publisher\":{\"@id\":\"https:\/\/dicodusport.fr\/blog\/#organization\"},\"potentialAction\":[{\"@type\":\"SearchAction\",\"target\":{\"@type\":\"EntryPoint\",\"urlTemplate\":\"https:\/\/dicodusport.fr\/blog\/?s={search_term_string}\"},\"query-input\":{\"@type\":\"PropertyValueSpecification\",\"valueRequired\":true,\"valueName\":\"search_term_string\"}}],\"inLanguage\":\"fr-FR\"},{\"@type\":\"NewsMediaOrganization\",\"@id\":\"https:\/\/dicodusport.fr\/blog\/#organization\",\"name\":\"Dicodusport\",\"url\":\"https:\/\/dicodusport.fr\/blog\/\",\"logo\":{\"@type\":\"ImageObject\",\"inLanguage\":\"fr-FR\",\"@id\":\"https:\/\/dicodusport.fr\/blog\/#\/schema\/logo\/image\/\",\"url\":\"https:\/\/dicodusport.fr\/blog\/wp-content\/uploads\/2020\/06\/cropped-LOGO-DICODUSPORT-2020-SANS-FOND-SANS-TEXTE.png\",\"contentUrl\":\"https:\/\/dicodusport.fr\/blog\/wp-content\/uploads\/2020\/06\/cropped-LOGO-DICODUSPORT-2020-SANS-FOND-SANS-TEXTE.png\",\"width\":512,\"height\":512,\"caption\":\"Dicodusport\"},\"image\":{\"@id\":\"https:\/\/dicodusport.fr\/blog\/#\/schema\/logo\/image\/\"},\"sameAs\":[\"https:\/\/www.facebook.com\/dicodusport\",\"https:\/\/x.com\/dicodusport\",\"https:\/\/www.instagram.com\/dicodusport\/\",\"https:\/\/www.youtube.com\/channel\/UC7V2KZ5sd3htJivAbA4ZG3w\"],\"description\":\"Dicodusport est l'encyclop\u00e9die de l'actualit\u00e9 sportive.\",\"email\":\"bonjour@dicodusport.fr\",\"legalName\":\"DICODUSPORT\",\"foundingDate\":\"2018-01-14\",\"vatID\":\"FR71834470973\",\"taxID\":\"83447097300043\",\"numberOfEmployees\":{\"@type\":\"QuantitativeValue\",\"minValue\":\"1\",\"maxValue\":\"10\"}},{\"@type\":\"Person\",\"@id\":\"https:\/\/dicodusport.fr\/blog\/#\/schema\/person\/cb02af4c173ce4a653b55e9baf388d4a\",\"name\":\"Flo Ostermann\",\"image\":{\"@type\":\"ImageObject\",\"inLanguage\":\"fr-FR\",\"@id\":\"https:\/\/dicodusport.fr\/blog\/#\/schema\/person\/image\/\",\"url\":\"https:\/\/dicodusport.fr\/blog\/wp-content\/uploads\/2021\/05\/Flo-Ostermann-150x150.jpg\",\"contentUrl\":\"https:\/\/dicodusport.fr\/blog\/wp-content\/uploads\/2021\/05\/Flo-Ostermann-150x150.jpg\",\"caption\":\"Flo Ostermann\"},\"description\":\"Journaliste\/R\u00e9dacteur depuis septembre 2015 - Mes premiers souvenirs dans le sport ? Les envol\u00e9es du Stade Toulousain et les duels Villeneuve-Schumacher et H\u00e4kkinen-Schumacher \u00e0 la fin des ann\u00e9es 90, la Coupe du monde de football en 1998, l\u2019exploit du XV de France face aux All Blacks en 1999, mais aussi Richard C\u0153ur de Lion qui vole sur les montagnes du Tour de France. Bien parti pour devenir professeur d\u2019EPS, les \u00e9v\u00e9nements de la vie (et la flemme d\u2019animer des s\u00e9ances de 3x500 m\u00e8tres toute ma vie) m\u2019ont conduit \u00e0 revoir mes plans. Me voil\u00e0 depuis fin 2017 sur Dicodusport, m\u00e9dia gr\u00e2ce (et pour) lequel je partage ma passion : le sport dans tous ses \u00e9tats. Le tout accompagn\u00e9 par les fous furieux et folles furieuses cit\u00e9s sur cette page !\",\"sameAs\":[\"https:\/\/www.facebook.com\/florent.ostermann\",\"https:\/\/x.com\/https:\/\/twitter.com\/FlOstermann\",\"admin\"],\"url\":\"https:\/\/dicodusport.fr\/blog\/author\/flo\/\"}]}<\/script>\n<!-- \/ Yoast SEO Premium plugin. -->","yoast_head_json":{"title":"Championne fran\u00e7aise 2019 : Clarisse Agbegnenou (3\u00e8me), une ann\u00e9e en or","description":"Multisports - Vous avez plac\u00e9 Clarisse Agbegnenou (Judo) au 3\u00e8me rang du classement de la Championne des Championnes fran\u00e7aises 2019.","robots":{"index":"index","follow":"follow","max-snippet":"max-snippet:-1","max-image-preview":"max-image-preview:large","max-video-preview":"max-video-preview:-1"},"canonical":"https:\/\/dicodusport.fr\/blog\/championne-francaise-2019-clarisse-agbegnenou-3eme-annee-or\/","og_locale":"fr_FR","og_type":"article","og_title":"Championne fran\u00e7aise 2019 : Clarisse Agbegnenou (3\u00e8me), une ann\u00e9e en or","og_description":"Multisports - Vous avez plac\u00e9 Clarisse Agbegnenou (Judo) au 3\u00e8me rang du classement de la Championne des Championnes fran\u00e7aises 2019.","og_url":"https:\/\/dicodusport.fr\/blog\/championne-francaise-2019-clarisse-agbegnenou-3eme-annee-or\/","og_site_name":"Dicodusport","article_publisher":"https:\/\/www.facebook.com\/dicodusport","article_author":"https:\/\/www.facebook.com\/florent.ostermann","article_published_time":"2019-12-29T09:36:25+00:00","article_modified_time":"2019-12-30T23:54:28+00:00","og_image":[{"width":800,"height":445,"url":"https:\/\/dicodusport.fr\/blog\/wp-content\/uploads\/2019\/12\/Championne-fran\u00e7aise-2019-Clarisse-Agbegnenou-3\u00e8me-une-ann\u00e9e-en-or.png","type":"image\/png"}],"author":"Flo Ostermann","twitter_card":"summary_large_image","twitter_title":"Championne fran\u00e7aise 2019 : Clarisse Agbegnenou (3\u00e8me), une ann\u00e9e en or","twitter_creator":"@https:\/\/twitter.com\/FlOstermann","twitter_site":"@dicodusport","schema":{"@context":"https:\/\/schema.org","@graph":[{"@type":"NewsArticle","@id":"https:\/\/dicodusport.fr\/blog\/championne-francaise-2019-clarisse-agbegnenou-3eme-annee-or\/#article","isPartOf":{"@id":"https:\/\/dicodusport.fr\/blog\/championne-francaise-2019-clarisse-agbegnenou-3eme-annee-or\/"},"author":{"name":"Flo Ostermann","@id":"https:\/\/dicodusport.fr\/blog\/#\/schema\/person\/cb02af4c173ce4a653b55e9baf388d4a"},"headline":"Championne fran\u00e7aise 2019 : Clarisse Agbegnenou (3\u00e8me), une ann\u00e9e en or","datePublished":"2019-12-29T09:36:25+00:00","dateModified":"2019-12-30T23:54:28+00:00","mainEntityOfPage":{"@id":"https:\/\/dicodusport.fr\/blog\/championne-francaise-2019-clarisse-agbegnenou-3eme-annee-or\/"},"wordCount":294,"commentCount":0,"publisher":{"@id":"https:\/\/dicodusport.fr\/blog\/#organization"},"image":{"@id":"https:\/\/dicodusport.fr\/blog\/championne-francaise-2019-clarisse-agbegnenou-3eme-annee-or\/#primaryimage"},"thumbnailUrl":"https:\/\/dicodusport.fr\/blog\/wp-content\/uploads\/2019\/12\/Championne-fran\u00e7aise-2019-Clarisse-Agbegnenou-3\u00e8me-une-ann\u00e9e-en-or.png","keywords":["Clarisse Agbegnenou","Judo"],"articleSection":["Multisports"],"inLanguage":"fr-FR","potentialAction":[{"@type":"CommentAction","name":"Comment","target":["https:\/\/dicodusport.fr\/blog\/championne-francaise-2019-clarisse-agbegnenou-3eme-annee-or\/#respond"]}],"copyrightYear":"2019","copyrightHolder":{"@id":"https:\/\/dicodusport.fr\/blog\/#organization"}},{"@type":"WebPage","@id":"https:\/\/dicodusport.fr\/blog\/championne-francaise-2019-clarisse-agbegnenou-3eme-annee-or\/","url":"https:\/\/dicodusport.fr\/blog\/championne-francaise-2019-clarisse-agbegnenou-3eme-annee-or\/","name":"Championne fran\u00e7aise 2019 : Clarisse Agbegnenou (3\u00e8me), une ann\u00e9e en or","isPartOf":{"@id":"https:\/\/dicodusport.fr\/blog\/#website"},"primaryImageOfPage":{"@id":"https:\/\/dicodusport.fr\/blog\/championne-francaise-2019-clarisse-agbegnenou-3eme-annee-or\/#primaryimage"},"image":{"@id":"https:\/\/dicodusport.fr\/blog\/championne-francaise-2019-clarisse-agbegnenou-3eme-annee-or\/#primaryimage"},"thumbnailUrl":"https:\/\/dicodusport.fr\/blog\/wp-content\/uploads\/2019\/12\/Championne-fran\u00e7aise-2019-Clarisse-Agbegnenou-3\u00e8me-une-ann\u00e9e-en-or.png","datePublished":"2019-12-29T09:36:25+00:00","dateModified":"2019-12-30T23:54:28+00:00","description":"Multisports - Vous avez plac\u00e9 Clarisse Agbegnenou (Judo) au 3\u00e8me rang du classement de la Championne des Championnes fran\u00e7aises 2019.","breadcrumb":{"@id":"https:\/\/dicodusport.fr\/blog\/championne-francaise-2019-clarisse-agbegnenou-3eme-annee-or\/#breadcrumb"},"inLanguage":"fr-FR","potentialAction":[{"@type":"ReadAction","target":["https:\/\/dicodusport.fr\/blog\/championne-francaise-2019-clarisse-agbegnenou-3eme-annee-or\/"]}]},{"@type":"ImageObject","inLanguage":"fr-FR","@id":"https:\/\/dicodusport.fr\/blog\/championne-francaise-2019-clarisse-agbegnenou-3eme-annee-or\/#primaryimage","url":"https:\/\/dicodusport.fr\/blog\/wp-content\/uploads\/2019\/12\/Championne-fran\u00e7aise-2019-Clarisse-Agbegnenou-3\u00e8me-une-ann\u00e9e-en-or.png","contentUrl":"https:\/\/dicodusport.fr\/blog\/wp-content\/uploads\/2019\/12\/Championne-fran\u00e7aise-2019-Clarisse-Agbegnenou-3\u00e8me-une-ann\u00e9e-en-or.png","width":800,"height":445,"caption":"Championne fran\u00e7aise 2019 - Clarisse Agbegnenou (3\u00e8me), une ann\u00e9e en or"},{"@type":"BreadcrumbList","@id":"https:\/\/dicodusport.fr\/blog\/championne-francaise-2019-clarisse-agbegnenou-3eme-annee-or\/#breadcrumb","itemListElement":[{"@type":"ListItem","position":1,"name":"Accueil","item":"https:\/\/dicodusport.fr\/blog\/"},{"@type":"ListItem","position":2,"name":"Championne fran\u00e7aise 2019 : Clarisse Agbegnenou (3\u00e8me), une ann\u00e9e en or"}]},{"@type":"WebSite","@id":"https:\/\/dicodusport.fr\/blog\/#website","url":"https:\/\/dicodusport.fr\/blog\/","name":"Dicodusport","description":"L&#039;encyclop\u00e9die de l&#039;actualit\u00e9 sportive","publisher":{"@id":"https:\/\/dicodusport.fr\/blog\/#organization"},"potentialAction":[{"@type":"SearchAction","target":{"@type":"EntryPoint","urlTemplate":"https:\/\/dicodusport.fr\/blog\/?s={search_term_string}"},"query-input":{"@type":"PropertyValueSpecification","valueRequired":true,"valueName":"search_term_string"}}],"inLanguage":"fr-FR"},{"@type":"NewsMediaOrganization","@id":"https:\/\/dicodusport.fr\/blog\/#organization","name":"Dicodusport","url":"https:\/\/dicodusport.fr\/blog\/","logo":{"@type":"ImageObject","inLanguage":"fr-FR","@id":"https:\/\/dicodusport.fr\/blog\/#\/schema\/logo\/image\/","url":"https:\/\/dicodusport.fr\/blog\/wp-content\/uploads\/2020\/06\/cropped-LOGO-DICODUSPORT-2020-SANS-FOND-SANS-TEXTE.png","contentUrl":"https:\/\/dicodusport.fr\/blog\/wp-content\/uploads\/2020\/06\/cropped-LOGO-DICODUSPORT-2020-SANS-FOND-SANS-TEXTE.png","width":512,"height":512,"caption":"Dicodusport"},"image":{"@id":"https:\/\/dicodusport.fr\/blog\/#\/schema\/logo\/image\/"},"sameAs":["https:\/\/www.facebook.com\/dicodusport","https:\/\/x.com\/dicodusport","https:\/\/www.instagram.com\/dicodusport\/","https:\/\/www.youtube.com\/channel\/UC7V2KZ5sd3htJivAbA4ZG3w"],"description":"Dicodusport est l'encyclop\u00e9die de l'actualit\u00e9 sportive.","email":"bonjour@dicodusport.fr","legalName":"DICODUSPORT","foundingDate":"2018-01-14","vatID":"FR71834470973","taxID":"83447097300043","numberOfEmployees":{"@type":"QuantitativeValue","minValue":"1","maxValue":"10"}},{"@type":"Person","@id":"https:\/\/dicodusport.fr\/blog\/#\/schema\/person\/cb02af4c173ce4a653b55e9baf388d4a","name":"Flo Ostermann","image":{"@type":"ImageObject","inLanguage":"fr-FR","@id":"https:\/\/dicodusport.fr\/blog\/#\/schema\/person\/image\/","url":"https:\/\/dicodusport.fr\/blog\/wp-content\/uploads\/2021\/05\/Flo-Ostermann-150x150.jpg","contentUrl":"https:\/\/dicodusport.fr\/blog\/wp-content\/uploads\/2021\/05\/Flo-Ostermann-150x150.jpg","caption":"Flo Ostermann"},"description":"Journaliste\/R\u00e9dacteur depuis septembre 2015 - Mes premiers souvenirs dans le sport ? Les envol\u00e9es du Stade Toulousain et les duels Villeneuve-Schumacher et H\u00e4kkinen-Schumacher \u00e0 la fin des ann\u00e9es 90, la Coupe du monde de football en 1998, l\u2019exploit du XV de France face aux All Blacks en 1999, mais aussi Richard C\u0153ur de Lion qui vole sur les montagnes du Tour de France. Bien parti pour devenir professeur d\u2019EPS, les \u00e9v\u00e9nements de la vie (et la flemme d\u2019animer des s\u00e9ances de 3x500 m\u00e8tres toute ma vie) m\u2019ont conduit \u00e0 revoir mes plans. Me voil\u00e0 depuis fin 2017 sur Dicodusport, m\u00e9dia gr\u00e2ce (et pour) lequel je partage ma passion : le sport dans tous ses \u00e9tats. Le tout accompagn\u00e9 par les fous furieux et folles furieuses cit\u00e9s sur cette page !","sameAs":["https:\/\/www.facebook.com\/florent.ostermann","https:\/\/x.com\/https:\/\/twitter.com\/FlOstermann","admin"],"url":"https:\/\/dicodusport.fr\/blog\/author\/flo\/"}]}},"_links":{"self":[{"href":"https:\/\/dicodusport.fr\/blog\/wp-json\/wp\/v2\/posts\/55762","targetHints":{"allow":["GET"]}}],"collection":[{"href":"https:\/\/dicodusport.fr\/blog\/wp-json\/wp\/v2\/posts"}],"about":[{"href":"https:\/\/dicodusport.fr\/blog\/wp-json\/wp\/v2\/types\/post"}],"author":[{"embeddable":true,"href":"https:\/\/dicodusport.fr\/blog\/wp-json\/wp\/v2\/users\/4"}],"replies":[{"embeddable":true,"href":"https:\/\/dicodusport.fr\/blog\/wp-json\/wp\/v2\/comments?post=55762"}],"version-history":[{"count":0,"href":"https:\/\/dicodusport.fr\/blog\/wp-json\/wp\/v2\/posts\/55762\/revisions"}],"wp:featuredmedia":[{"embeddable":true,"href":"https:\/\/dicodusport.fr\/blog\/wp-json\/wp\/v2\/media\/55763"}],"wp:attachment":[{"href":"https:\/\/dicodusport.fr\/blog\/wp-json\/wp\/v2\/media?parent=55762"}],"wp:term":[{"taxonomy":"category","embeddable":true,"href":"https:\/\/dicodusport.fr\/blog\/wp-json\/wp\/v2\/categories?post=55762"},{"taxonomy":"post_tag","embeddable":true,"href":"https:\/\/dicodusport.fr\/blog\/wp-json\/wp\/v2\/tags?post=55762"}],"curies":[{"name":"wp","href":"https:\/\/api.w.org\/{rel}","templated":true}]}}