{"id":558060,"date":"2025-02-22T20:30:23","date_gmt":"2025-02-22T19:30:23","guid":{"rendered":"https:\/\/dicodusport.fr\/blog\/?p=558060&#038;preview=true&#038;preview_id=558060"},"modified":"2025-02-22T20:59:41","modified_gmt":"2025-02-22T19:59:41","slug":"athletisme-championnats-de-france-en-salle-laeticia-bapte-marie-julie-bonnin-le-resume-de-la-1ere-journee","status":"publish","type":"post","link":"https:\/\/dicodusport.fr\/blog\/athletisme-championnats-de-france-en-salle-laeticia-bapte-marie-julie-bonnin-le-resume-de-la-1ere-journee\/","title":{"rendered":"Athl\u00e9tisme Championnats de France en salle : La\u00ebticia Bapt\u00e9, Marie-Julie Bonnin, le r\u00e9sum\u00e9 de la 1\u00e8re journ\u00e9e"},"content":{"rendered":"<h4 style=\"text-align: justify;\"><em>CHAMPIONNATS DE FRANCE D&rsquo;ATHL\u00c9TISME EN SALLE 2025 &#8211; La premi\u00e8re journ\u00e9e \u00e0 Miramas, a \u00e9t\u00e9 marqu\u00e9e par l&rsquo;\u00e9norme performance de La\u00ebticia Bapt\u00e9 sur 60m haies, et par la nouvelle tentative de record de France pour Marie-Julie Bonnin \u00e0 la perche. Voici le r\u00e9sum\u00e9 complet.\u00a0<\/em><\/h4>\n<ul style=\"text-align: justify;\">\n<li><strong>\u00c0 ce sujet \u2013\u00a0<a href=\"https:\/\/dicodusport.fr\/blog\/athletisme-programme-et-resultats-championnats-de-france-elite-en-salle-2025\/\">Athl\u00e9tisme : Programme et r\u00e9sultats Championnats de France \u00e9lite en salle 2025<\/a><\/strong><\/li>\n<\/ul>\n<p style=\"text-align: justify;\">Avant de s\u2019\u00e9lancer dans les grandes \u00e9ch\u00e9ances (championnats d\u2019Europe et du monde), les meilleurs athl\u00e8tes tricolores se retrouvent ce week-end pour les Championnats de France \u00e9lite, \u00e0 Miramas.<\/p>\n<h2 style=\"text-align: justify;\">Les favoris et favorites ont r\u00e9pondu pr\u00e9sent<\/h2>\n<p style=\"text-align: justify;\">Honneur aux dames aujourd\u2019hui puisque le premier titre d\u00e9cern\u00e9 est pour <a href=\"https:\/\/dicodusport.fr\/blog\/ilionis-guillaume-il-y-a-plein-de-fois-ou-jai-voulu-tout-arreter\/\"><strong>Ilionis Guillaume<\/strong><\/a>, au triple saut. La <a href=\"https:\/\/dicodusport.fr\/blog\/athletisme-championnats-deurope-2024-ilionis-guillaume-en-bronze-au-triple-saut\/\"><strong>m\u00e9daill\u00e9e europ\u00e9enne<\/strong><\/a> s\u2019est envol\u00e9e \u00e0 13m98 sur son 5\u00e8me essai, ce qui constitue par la m\u00eame occasion la meilleure performance fran\u00e7aise de l\u2019hiver. Elle remporte un 3\u00e8me titre de championne de France de rang. <strong>Cl\u00e9mence Rougier<\/strong> (13m41) et <strong>Oriane Le Coroller<\/strong> (13m12) compl\u00e8tent le podium.<\/p>\n<blockquote class=\"twitter-tweet\">\n<p dir=\"ltr\" lang=\"fr\">\u2728 On conna\u00eet la premi\u00e8re championne de France du week-end !<\/p>\n<p>\ud83e\udd47 Ilionis Guillaume (Grand Paris Seine &amp; Oise Athl\u00e9tisme) d\u00e9croche l&rsquo;or gr\u00e2ce \u00e0 un 5e essai \u00e0 13,98 m (=SB) au triple saut \u00e0 Miramas !<\/p>\n<p>\ud83d\udcbb Les <a href=\"https:\/\/twitter.com\/hashtag\/CFAthl%C3%A9?src=hash&amp;ref_src=twsrc%5Etfw\">#CFAthl\u00e9<\/a> sont \u00e0 suivre en DIRECT GRATUIT sur <a href=\"https:\/\/t.co\/xgXE6U6Tof\">https:\/\/t.co\/xgXE6U6Tof<\/a>. <a href=\"https:\/\/t.co\/wjKsGyJtng\">pic.twitter.com\/wjKsGyJtng<\/a><\/p>\n<p>\u2014 FFAthl\u00e9tisme (@FFAthletisme) <a href=\"https:\/\/twitter.com\/FFAthletisme\/status\/1893331938074603875?ref_src=twsrc%5Etfw\">February 22, 2025<\/a><\/p><\/blockquote>\n<p style=\"text-align: justify;\"><script async src=\"https:\/\/platform.twitter.com\/widgets.js\" charset=\"utf-8\"><\/script><\/p>\n<p style=\"text-align: justify;\">Chez les costaudes, <strong>Christine Gavarin<\/strong> glane l\u2019or au lancer du poids avec une performance de 15m93. C\u00f4t\u00e9 messieurs, c\u2019est <strong>Franck Elemba Owaka<\/strong> qui rafle le titre avec 19m54.<\/p>\n<p style=\"text-align: justify;\">Sur le 3000m, la favorite a fait ce qu&rsquo;il fallait. <a href=\"https:\/\/dicodusport.fr\/blog\/sarah-madeleine-je-veux-minscrire-dans-lhistoire-de-lathletisme-francais\/\"><strong>Sarah Madeleine<\/strong><\/a> a remport\u00e9 son premier titre de championne de France en salle, en 9:15.79 devant <strong>Philippine de La Bigne<\/strong> (9:18.52) et <strong>Flavie Renouard<\/strong> (9:20.11). Toute en ma\u00eetrise et s\u00e9r\u00e9nit\u00e9, <strong>Azeddine Habz<\/strong> a contr\u00f4l\u00e9 son 3000m comme il le souhaitait. Il a port\u00e9 son acc\u00e9l\u00e9ration \u00e0 deux tours de l\u2019arriv\u00e9e puis s\u2019est offert le titre dans le chrono anecdotique de 7:54.88.<\/p>\n<blockquote class=\"twitter-tweet\">\n<p dir=\"ltr\" lang=\"fr\">\ud83d\udd2b Elle a encore sorti les revolvers !<\/p>\n<p>\ud83e\udd47 Sarah Madeleine (Us Melun) remporte, sans trembler, le titre de championne de France Elite en salle du 3000 m en 9&rsquo;15\u00a0\u00bb79 \u00e0 Miramas !<\/p>\n<p>\ud83d\udcbb Les <a href=\"https:\/\/twitter.com\/hashtag\/CFAthl%C3%A9?src=hash&amp;ref_src=twsrc%5Etfw\">#CFAthl\u00e9<\/a> sont \u00e0 suivre en DIRECT GRATUIT sur <a href=\"https:\/\/t.co\/xgXE6U6Tof\">https:\/\/t.co\/xgXE6U6Tof<\/a>. <a href=\"https:\/\/t.co\/17rwqEEmTe\">pic.twitter.com\/17rwqEEmTe<\/a><\/p>\n<p>\u2014 FFAthl\u00e9tisme (@FFAthletisme) <a href=\"https:\/\/twitter.com\/FFAthletisme\/status\/1893361955622019475?ref_src=twsrc%5Etfw\">February 22, 2025<\/a><\/p><\/blockquote>\n<p style=\"text-align: justify;\"><script async src=\"https:\/\/platform.twitter.com\/widgets.js\" charset=\"utf-8\"><\/script><\/p>\n<p style=\"text-align: justify;\">\u00c0 la hauteur f\u00e9minine, <strong>Sol\u00e8ne Gicquel<\/strong> n\u2019a pas trembl\u00e9 et a conquis le titre avec une barre \u00e0 1m87. Malheureusement, nous n&rsquo;avons pas eu le droit au duel avec <strong>Nawal Meniker<\/strong>, qui s&rsquo;est tout r\u00e9cemment rompu le tendon d&rsquo;Achille.<\/p>\n<p style=\"text-align: justify;\">Les combinardes \u00e9taient \u00e9galement pr\u00e9sentes pour le pentathlon. En favorite, <strong>C\u00e9lia Perron<\/strong> s\u2019est offert la premi\u00e8re place. Elle r\u00e9alise son record personnel avec un total de 4471 points, ce qui est bien s\u00fbr, la meilleure performance fran\u00e7aise de la saison.<\/p>\n<p style=\"text-align: justify;\"><strong>Carolle Zahi<\/strong> rego\u00fbte au plaisir de devenir championne de France, sur le 60m. De retour de maternit\u00e9, elle a couru en 7.23 pour s\u2019imposer devant <strong>H\u00e9l\u00e8ne Parisot<\/strong> (7.28) et <strong>Vanessa Lokuli<\/strong>, la junior (7.33). Du c\u00f4t\u00e9 de leurs homologues masculins, c\u2019est <strong>Antoine Thoraval<\/strong> qui gagne. Il remporte son premier titre national en 6.62. Du haut de son m\u00e8tre 62, <strong>Thoraval<\/strong> a r\u00e9alis\u00e9 un excellent d\u00e9part et a r\u00e9sist\u00e9 au retour d\u2019<strong>Allan Lagui<\/strong> (6.63) qui avait r\u00e9alis\u00e9 la meilleure perf fran\u00e7aise de la saison en s\u00e9rie (6.58).<\/p>\n<h2 style=\"text-align: justify;\">La\u00ebticia Bapt\u00e9 impressionnante, toujours pas de record pour Marie-Julie Bonin<\/h2>\n<p style=\"text-align: justify;\">Elle s\u2019est qualifi\u00e9e pour la finale dans un record canon, j\u2019ai nomm\u00e9 <strong>La\u00ebticia Bapt\u00e9<\/strong>. 7.76 en s\u00e9rie, soit son record personnel, la meilleure perf europ\u00e9enne de la saison, la 2\u00e8me mondiale et le record de France de <strong>Cyr\u00e9na Samba-May\u00e9la<\/strong> (7.73) qui se rapproche. En finale, elle l\u2019emporte logiquement en 7.78, devant<strong> Sacha Alessandrini<\/strong> (8.03) et <strong>Solenn Compper<\/strong> (8.07).<\/p>\n<blockquote class=\"twitter-tweet\">\n<p dir=\"ltr\" lang=\"fr\">\ud83d\udd25 BOOM !<\/p>\n<p>\ud83c\uddf2\ud83c\uddeb Laeticia Bapt\u00e9 (Us Robert) survole sa s\u00e9rie du 60 m haies en 7\ufe0f\u20e3\u00a0\u00bb7\ufe0f\u20e36\ufe0f\u20e3 !<\/p>\n<p>\ud83d\udca5 Meilleure performance europ\u00e9enne de la saison !<br \/>\n\u2728 2e meilleure performeuse mondiale 2025 !<br \/>\n\ud83e\udd2f Le record de France (7\u00a0\u00bb73) en ligne de mire !<br \/>\n\ud83c\udfc6 Record des championnats !<br \/>\n\ud83d\udd1c Finale \u00e0 20h25\u2026 <a href=\"https:\/\/t.co\/ve66upXu6U\">pic.twitter.com\/ve66upXu6U<\/a><\/p>\n<p>\u2014 FFAthl\u00e9tisme (@FFAthletisme) <a href=\"https:\/\/twitter.com\/FFAthletisme\/status\/1893373880045076911?ref_src=twsrc%5Etfw\">February 22, 2025<\/a><\/p><\/blockquote>\n<p style=\"text-align: justify;\"><script async src=\"https:\/\/platform.twitter.com\/widgets.js\" charset=\"utf-8\"><\/script><\/p>\n<p style=\"text-align: justify;\">Au saut \u00e0 la perche, <strong>Marie-Julie Bonnin<\/strong> s\u2019est encore attaqu\u00e9e au record de France (4m76), sans succ\u00e8s. Elle remporte tout de m\u00eame le titre de championne de France avec un saut \u00e0 4m67, synonyme de record des championnats.<\/p>\n<h2 style=\"text-align: justify;\">Quelques surprises<\/h2>\n<p style=\"text-align: justify;\">La journ\u00e9e \u00e0 eu son petit lot de surprises, \u00e0 commencer par l\u2019\u00e9limination de <strong>Charlotte Pizzo<\/strong>, sur le 800m. La licenci\u00e9e du club de Pays de Fontainebleau ne termine que 4\u00e8me de sa s\u00e9rie en 2:07.47, et sort d\u2019entr\u00e9e.<br \/>\nDans la m\u00eame discipline mais cette fois chez les messieurs, c\u2019est <strong>Corentin Le Clezio<\/strong> qui s&rsquo;est fait surprendre. Olympien l\u2019ann\u00e9e derni\u00e8re, il termine 3\u00e8me de sa s\u00e9rie en 1:51.61 et ne verra pas la finale.<\/p>\n<p style=\"text-align: justify;\">M\u00eame sanction pour <strong>Louise Maraval<\/strong>. La vice-championne d\u2019Europe du 400m haies n\u2019est pas parvenue \u00e0 se hisser parmi les 6 meilleures, sur 400m avec son chrono de 54.60.<\/p>\n<p style=\"text-align: justify;\">Pour terminer, <strong>Jules Pommery<\/strong> a d\u00e9\u00e7u en ne terminant que 4\u00e8me de la longueur masculine, avec un saut mesur\u00e9 \u00e0 7m62. C\u2019est finalement l\u2019espoir <strong>Mathis Vaitulukina<\/strong> qui s\u2019impose (7m78).<\/p>\n","protected":false},"excerpt":{"rendered":"<p>CHAMPIONNATS DE FRANCE D&rsquo;ATHL\u00c9TISME EN SALLE 2025 &#8211; La premi\u00e8re journ\u00e9e \u00e0 Miramas, a \u00e9t\u00e9 marqu\u00e9e par l&rsquo;\u00e9norme performance de La\u00ebticia Bapt\u00e9 sur 60m haies, et par la nouvelle tentative de record de France pour Marie-Julie Bonnin \u00e0 la perche. Voici le r\u00e9sum\u00e9 complet.\u00a0<\/p>\n","protected":false},"author":89,"featured_media":558294,"comment_status":"open","ping_status":"closed","sticky":false,"template":"","format":"standard","meta":{"_acf_changed":false,"_daextam_enable_autolinks":"1","footnotes":""},"categories":[2308],"tags":[32415,143,10976,16878,15010],"class_list":["post-558060","post","type-post","status-publish","format-standard","has-post-thumbnail","hentry","category-athletisme","tag-actu","tag-athletisme","tag-athletisme-francais","tag-breve","tag-laeticia-bapte"],"acf":[],"yoast_head":"<!-- This site is optimized with the Yoast SEO Premium plugin v26.7 (Yoast SEO v26.7) - https:\/\/yoast.com\/wordpress\/plugins\/seo\/ -->\n<title>Athl\u00e9tisme Championnats de France en salle : La\u00ebticia Bapt\u00e9, Marie-Julie Bonnin, le r\u00e9sum\u00e9 de la 1\u00e8re journ\u00e9e<\/title>\n<meta name=\"description\" content=\"CHAMPIONNATS DE FRANCE D&#039;ATHL\u00c9TISME EN SALLE 2025 - \u00e9norme performance de La\u00ebticia Bapt\u00e9 sur 60m haies. Voici le r\u00e9sum\u00e9 complet.\u00a0\" \/>\n<meta name=\"robots\" content=\"index, follow, max-snippet:-1, max-image-preview:large, max-video-preview:-1\" \/>\n<link rel=\"canonical\" href=\"https:\/\/dicodusport.fr\/blog\/athletisme-championnats-de-france-en-salle-laeticia-bapte-marie-julie-bonnin-le-resume-de-la-1ere-journee\/\" \/>\n<meta property=\"og:locale\" content=\"fr_FR\" \/>\n<meta property=\"og:type\" content=\"article\" \/>\n<meta property=\"og:title\" content=\"Athl\u00e9tisme Championnats de France en salle : La\u00ebticia Bapt\u00e9, Marie-Julie Bonnin, le r\u00e9sum\u00e9 de la 1\u00e8re journ\u00e9e\" \/>\n<meta property=\"og:description\" content=\"CHAMPIONNATS DE FRANCE D&#039;ATHL\u00c9TISME EN SALLE 2025 - \u00e9norme performance de La\u00ebticia Bapt\u00e9 sur 60m haies. Voici le r\u00e9sum\u00e9 complet.\u00a0\" \/>\n<meta property=\"og:url\" content=\"https:\/\/dicodusport.fr\/blog\/athletisme-championnats-de-france-en-salle-laeticia-bapte-marie-julie-bonnin-le-resume-de-la-1ere-journee\/\" \/>\n<meta property=\"og:site_name\" content=\"Dicodusport\" \/>\n<meta property=\"article:publisher\" content=\"https:\/\/www.facebook.com\/dicodusport\" \/>\n<meta property=\"article:published_time\" content=\"2025-02-22T19:30:23+00:00\" \/>\n<meta property=\"article:modified_time\" content=\"2025-02-22T19:59:41+00:00\" \/>\n<meta property=\"og:image\" content=\"https:\/\/dicodusport.fr\/blog\/wp-content\/uploads\/2025\/02\/Athletisme-Championnats-de-France-en-salle-Laeticia-Bapte-Marie-Julie-Bonnin-le-resume-de-la-1ere-journee.png\" \/>\n\t<meta property=\"og:image:width\" content=\"1200\" \/>\n\t<meta property=\"og:image:height\" content=\"674\" \/>\n\t<meta property=\"og:image:type\" content=\"image\/png\" \/>\n<meta name=\"author\" content=\"Louka Lesueur\" \/>\n<meta name=\"twitter:card\" content=\"summary_large_image\" \/>\n<meta name=\"twitter:title\" content=\"Athl\u00e9tisme Championnats de France en salle : La\u00ebticia Bapt\u00e9, Marie-Julie Bonnin, le r\u00e9sum\u00e9 de la 1\u00e8re journ\u00e9e\" \/>\n<meta name=\"twitter:creator\" content=\"@https:\/\/twitter.com\/LNewsSF\" \/>\n<meta name=\"twitter:site\" content=\"@dicodusport\" \/>\n<script type=\"application\/ld+json\" class=\"yoast-schema-graph\">{\"@context\":\"https:\/\/schema.org\",\"@graph\":[{\"@type\":\"NewsArticle\",\"@id\":\"https:\/\/dicodusport.fr\/blog\/athletisme-championnats-de-france-en-salle-laeticia-bapte-marie-julie-bonnin-le-resume-de-la-1ere-journee\/#article\",\"isPartOf\":{\"@id\":\"https:\/\/dicodusport.fr\/blog\/athletisme-championnats-de-france-en-salle-laeticia-bapte-marie-julie-bonnin-le-resume-de-la-1ere-journee\/\"},\"author\":{\"name\":\"Louka Lesueur\",\"@id\":\"https:\/\/dicodusport.fr\/blog\/#\/schema\/person\/54b6cdccebdfcd5a1036c594aecffc2a\"},\"headline\":\"Athl\u00e9tisme Championnats de France en salle : La\u00ebticia Bapt\u00e9, Marie-Julie Bonnin, le r\u00e9sum\u00e9 de la 1\u00e8re journ\u00e9e\",\"datePublished\":\"2025-02-22T19:30:23+00:00\",\"dateModified\":\"2025-02-22T19:59:41+00:00\",\"mainEntityOfPage\":{\"@id\":\"https:\/\/dicodusport.fr\/blog\/athletisme-championnats-de-france-en-salle-laeticia-bapte-marie-julie-bonnin-le-resume-de-la-1ere-journee\/\"},\"wordCount\":896,\"commentCount\":0,\"publisher\":{\"@id\":\"https:\/\/dicodusport.fr\/blog\/#organization\"},\"image\":{\"@id\":\"https:\/\/dicodusport.fr\/blog\/athletisme-championnats-de-france-en-salle-laeticia-bapte-marie-julie-bonnin-le-resume-de-la-1ere-journee\/#primaryimage\"},\"thumbnailUrl\":\"https:\/\/dicodusport.fr\/blog\/wp-content\/uploads\/2025\/02\/Athletisme-Championnats-de-France-en-salle-Laeticia-Bapte-Marie-Julie-Bonnin-le-resume-de-la-1ere-journee.png\",\"keywords\":[\"actu\",\"Athl\u00e9tisme\",\"Athl\u00e9tisme fran\u00e7ais\",\"br\u00e8ve\",\"La\u00ebticia Bapt\u00e9\"],\"articleSection\":[\"Athl\u00e9tisme\"],\"inLanguage\":\"fr-FR\",\"potentialAction\":[{\"@type\":\"CommentAction\",\"name\":\"Comment\",\"target\":[\"https:\/\/dicodusport.fr\/blog\/athletisme-championnats-de-france-en-salle-laeticia-bapte-marie-julie-bonnin-le-resume-de-la-1ere-journee\/#respond\"]}],\"copyrightYear\":\"2025\",\"copyrightHolder\":{\"@id\":\"https:\/\/dicodusport.fr\/blog\/#organization\"}},{\"@type\":\"WebPage\",\"@id\":\"https:\/\/dicodusport.fr\/blog\/athletisme-championnats-de-france-en-salle-laeticia-bapte-marie-julie-bonnin-le-resume-de-la-1ere-journee\/\",\"url\":\"https:\/\/dicodusport.fr\/blog\/athletisme-championnats-de-france-en-salle-laeticia-bapte-marie-julie-bonnin-le-resume-de-la-1ere-journee\/\",\"name\":\"Athl\u00e9tisme Championnats de France en salle : La\u00ebticia Bapt\u00e9, Marie-Julie Bonnin, le r\u00e9sum\u00e9 de la 1\u00e8re journ\u00e9e\",\"isPartOf\":{\"@id\":\"https:\/\/dicodusport.fr\/blog\/#website\"},\"primaryImageOfPage\":{\"@id\":\"https:\/\/dicodusport.fr\/blog\/athletisme-championnats-de-france-en-salle-laeticia-bapte-marie-julie-bonnin-le-resume-de-la-1ere-journee\/#primaryimage\"},\"image\":{\"@id\":\"https:\/\/dicodusport.fr\/blog\/athletisme-championnats-de-france-en-salle-laeticia-bapte-marie-julie-bonnin-le-resume-de-la-1ere-journee\/#primaryimage\"},\"thumbnailUrl\":\"https:\/\/dicodusport.fr\/blog\/wp-content\/uploads\/2025\/02\/Athletisme-Championnats-de-France-en-salle-Laeticia-Bapte-Marie-Julie-Bonnin-le-resume-de-la-1ere-journee.png\",\"datePublished\":\"2025-02-22T19:30:23+00:00\",\"dateModified\":\"2025-02-22T19:59:41+00:00\",\"description\":\"CHAMPIONNATS DE FRANCE D'ATHL\u00c9TISME EN SALLE 2025 - \u00e9norme performance de La\u00ebticia Bapt\u00e9 sur 60m haies. Voici le r\u00e9sum\u00e9 complet.\u00a0\",\"breadcrumb\":{\"@id\":\"https:\/\/dicodusport.fr\/blog\/athletisme-championnats-de-france-en-salle-laeticia-bapte-marie-julie-bonnin-le-resume-de-la-1ere-journee\/#breadcrumb\"},\"inLanguage\":\"fr-FR\",\"potentialAction\":[{\"@type\":\"ReadAction\",\"target\":[\"https:\/\/dicodusport.fr\/blog\/athletisme-championnats-de-france-en-salle-laeticia-bapte-marie-julie-bonnin-le-resume-de-la-1ere-journee\/\"]}]},{\"@type\":\"ImageObject\",\"inLanguage\":\"fr-FR\",\"@id\":\"https:\/\/dicodusport.fr\/blog\/athletisme-championnats-de-france-en-salle-laeticia-bapte-marie-julie-bonnin-le-resume-de-la-1ere-journee\/#primaryimage\",\"url\":\"https:\/\/dicodusport.fr\/blog\/wp-content\/uploads\/2025\/02\/Athletisme-Championnats-de-France-en-salle-Laeticia-Bapte-Marie-Julie-Bonnin-le-resume-de-la-1ere-journee.png\",\"contentUrl\":\"https:\/\/dicodusport.fr\/blog\/wp-content\/uploads\/2025\/02\/Athletisme-Championnats-de-France-en-salle-Laeticia-Bapte-Marie-Julie-Bonnin-le-resume-de-la-1ere-journee.png\",\"width\":1200,\"height\":674,\"caption\":\"Athl\u00e9tisme Championnats de France en salle La\u00ebticia Bapt\u00e9, Marie-Julie Bonnin, le r\u00e9sum\u00e9 de la 1\u00e8re journ\u00e9e\"},{\"@type\":\"BreadcrumbList\",\"@id\":\"https:\/\/dicodusport.fr\/blog\/athletisme-championnats-de-france-en-salle-laeticia-bapte-marie-julie-bonnin-le-resume-de-la-1ere-journee\/#breadcrumb\",\"itemListElement\":[{\"@type\":\"ListItem\",\"position\":1,\"name\":\"Accueil\",\"item\":\"https:\/\/dicodusport.fr\/blog\/\"},{\"@type\":\"ListItem\",\"position\":2,\"name\":\"Athl\u00e9tisme Championnats de France en salle : La\u00ebticia Bapt\u00e9, Marie-Julie Bonnin, le r\u00e9sum\u00e9 de la 1\u00e8re journ\u00e9e\"}]},{\"@type\":\"WebSite\",\"@id\":\"https:\/\/dicodusport.fr\/blog\/#website\",\"url\":\"https:\/\/dicodusport.fr\/blog\/\",\"name\":\"Dicodusport\",\"description\":\"L&#039;encyclop\u00e9die de l&#039;actualit\u00e9 sportive\",\"publisher\":{\"@id\":\"https:\/\/dicodusport.fr\/blog\/#organization\"},\"potentialAction\":[{\"@type\":\"SearchAction\",\"target\":{\"@type\":\"EntryPoint\",\"urlTemplate\":\"https:\/\/dicodusport.fr\/blog\/?s={search_term_string}\"},\"query-input\":{\"@type\":\"PropertyValueSpecification\",\"valueRequired\":true,\"valueName\":\"search_term_string\"}}],\"inLanguage\":\"fr-FR\"},{\"@type\":\"NewsMediaOrganization\",\"@id\":\"https:\/\/dicodusport.fr\/blog\/#organization\",\"name\":\"Dicodusport\",\"url\":\"https:\/\/dicodusport.fr\/blog\/\",\"logo\":{\"@type\":\"ImageObject\",\"inLanguage\":\"fr-FR\",\"@id\":\"https:\/\/dicodusport.fr\/blog\/#\/schema\/logo\/image\/\",\"url\":\"https:\/\/dicodusport.fr\/blog\/wp-content\/uploads\/2020\/06\/cropped-LOGO-DICODUSPORT-2020-SANS-FOND-SANS-TEXTE.png\",\"contentUrl\":\"https:\/\/dicodusport.fr\/blog\/wp-content\/uploads\/2020\/06\/cropped-LOGO-DICODUSPORT-2020-SANS-FOND-SANS-TEXTE.png\",\"width\":512,\"height\":512,\"caption\":\"Dicodusport\"},\"image\":{\"@id\":\"https:\/\/dicodusport.fr\/blog\/#\/schema\/logo\/image\/\"},\"sameAs\":[\"https:\/\/www.facebook.com\/dicodusport\",\"https:\/\/x.com\/dicodusport\",\"https:\/\/www.instagram.com\/dicodusport\/\",\"https:\/\/www.youtube.com\/channel\/UC7V2KZ5sd3htJivAbA4ZG3w\"],\"description\":\"Dicodusport est l'encyclop\u00e9die de l'actualit\u00e9 sportive.\",\"email\":\"bonjour@dicodusport.fr\",\"legalName\":\"DICODUSPORT\",\"foundingDate\":\"2018-01-14\",\"vatID\":\"FR71834470973\",\"taxID\":\"83447097300043\",\"numberOfEmployees\":{\"@type\":\"QuantitativeValue\",\"minValue\":\"1\",\"maxValue\":\"10\"}},{\"@type\":\"Person\",\"@id\":\"https:\/\/dicodusport.fr\/blog\/#\/schema\/person\/54b6cdccebdfcd5a1036c594aecffc2a\",\"name\":\"Louka Lesueur\",\"image\":{\"@type\":\"ImageObject\",\"inLanguage\":\"fr-FR\",\"@id\":\"https:\/\/dicodusport.fr\/blog\/#\/schema\/person\/image\/\",\"url\":\"https:\/\/dicodusport.fr\/blog\/wp-content\/uploads\/2023\/09\/IMG_2783-150x150.jpeg\",\"contentUrl\":\"https:\/\/dicodusport.fr\/blog\/wp-content\/uploads\/2023\/09\/IMG_2783-150x150.jpeg\",\"caption\":\"Louka Lesueur\"},\"description\":\"Passionn\u00e9 depuis tout petit par les exploits de Bolt, Fourcade, Riner, Lavillenie, Wilkinson, Hirscher. Les \u00e9motions provoqu\u00e9es par le sport ont berc\u00e9 mon enfance et continuent de le faire aujourd'hui. C'est ainsi qu'il m'est arriv\u00e9 de pleurer devant la d\u00e9faite des Bleus face aux Blacks en 2011, ou encore devant le titre olympique de Florent Manaudou \u00e0 Londres. Bien loin de ce milieu professionnel, j'ai os\u00e9 tenter ma chance pour rejoindre l'\u00e9quipe de r\u00e9daction de Dicodusport, et depuis septembre 2023, je tente de retransmettre au mieux les exploits des athl\u00e8tes, tous sports confondus. Grand chauvin, c'est bel et bien sur les sportifs tricolores que je pr\u00e9f\u00e8re \u00e9crire.\",\"sameAs\":[\"https:\/\/x.com\/https:\/\/twitter.com\/LNewsSF\"],\"gender\":\"Homme\",\"worksFor\":\"Louka LESUEUR\",\"url\":\"https:\/\/dicodusport.fr\/blog\/author\/louka-lesueur\/\"}]}<\/script>\n<!-- \/ Yoast SEO Premium plugin. -->","yoast_head_json":{"title":"Athl\u00e9tisme Championnats de France en salle : La\u00ebticia Bapt\u00e9, Marie-Julie Bonnin, le r\u00e9sum\u00e9 de la 1\u00e8re journ\u00e9e","description":"CHAMPIONNATS DE FRANCE D'ATHL\u00c9TISME EN SALLE 2025 - \u00e9norme performance de La\u00ebticia Bapt\u00e9 sur 60m haies. Voici le r\u00e9sum\u00e9 complet.\u00a0","robots":{"index":"index","follow":"follow","max-snippet":"max-snippet:-1","max-image-preview":"max-image-preview:large","max-video-preview":"max-video-preview:-1"},"canonical":"https:\/\/dicodusport.fr\/blog\/athletisme-championnats-de-france-en-salle-laeticia-bapte-marie-julie-bonnin-le-resume-de-la-1ere-journee\/","og_locale":"fr_FR","og_type":"article","og_title":"Athl\u00e9tisme Championnats de France en salle : La\u00ebticia Bapt\u00e9, Marie-Julie Bonnin, le r\u00e9sum\u00e9 de la 1\u00e8re journ\u00e9e","og_description":"CHAMPIONNATS DE FRANCE D'ATHL\u00c9TISME EN SALLE 2025 - \u00e9norme performance de La\u00ebticia Bapt\u00e9 sur 60m haies. Voici le r\u00e9sum\u00e9 complet.\u00a0","og_url":"https:\/\/dicodusport.fr\/blog\/athletisme-championnats-de-france-en-salle-laeticia-bapte-marie-julie-bonnin-le-resume-de-la-1ere-journee\/","og_site_name":"Dicodusport","article_publisher":"https:\/\/www.facebook.com\/dicodusport","article_published_time":"2025-02-22T19:30:23+00:00","article_modified_time":"2025-02-22T19:59:41+00:00","og_image":[{"width":1200,"height":674,"url":"https:\/\/dicodusport.fr\/blog\/wp-content\/uploads\/2025\/02\/Athletisme-Championnats-de-France-en-salle-Laeticia-Bapte-Marie-Julie-Bonnin-le-resume-de-la-1ere-journee.png","type":"image\/png"}],"author":"Louka Lesueur","twitter_card":"summary_large_image","twitter_title":"Athl\u00e9tisme Championnats de France en salle : La\u00ebticia Bapt\u00e9, Marie-Julie Bonnin, le r\u00e9sum\u00e9 de la 1\u00e8re journ\u00e9e","twitter_creator":"@https:\/\/twitter.com\/LNewsSF","twitter_site":"@dicodusport","schema":{"@context":"https:\/\/schema.org","@graph":[{"@type":"NewsArticle","@id":"https:\/\/dicodusport.fr\/blog\/athletisme-championnats-de-france-en-salle-laeticia-bapte-marie-julie-bonnin-le-resume-de-la-1ere-journee\/#article","isPartOf":{"@id":"https:\/\/dicodusport.fr\/blog\/athletisme-championnats-de-france-en-salle-laeticia-bapte-marie-julie-bonnin-le-resume-de-la-1ere-journee\/"},"author":{"name":"Louka Lesueur","@id":"https:\/\/dicodusport.fr\/blog\/#\/schema\/person\/54b6cdccebdfcd5a1036c594aecffc2a"},"headline":"Athl\u00e9tisme Championnats de France en salle : La\u00ebticia Bapt\u00e9, Marie-Julie Bonnin, le r\u00e9sum\u00e9 de la 1\u00e8re journ\u00e9e","datePublished":"2025-02-22T19:30:23+00:00","dateModified":"2025-02-22T19:59:41+00:00","mainEntityOfPage":{"@id":"https:\/\/dicodusport.fr\/blog\/athletisme-championnats-de-france-en-salle-laeticia-bapte-marie-julie-bonnin-le-resume-de-la-1ere-journee\/"},"wordCount":896,"commentCount":0,"publisher":{"@id":"https:\/\/dicodusport.fr\/blog\/#organization"},"image":{"@id":"https:\/\/dicodusport.fr\/blog\/athletisme-championnats-de-france-en-salle-laeticia-bapte-marie-julie-bonnin-le-resume-de-la-1ere-journee\/#primaryimage"},"thumbnailUrl":"https:\/\/dicodusport.fr\/blog\/wp-content\/uploads\/2025\/02\/Athletisme-Championnats-de-France-en-salle-Laeticia-Bapte-Marie-Julie-Bonnin-le-resume-de-la-1ere-journee.png","keywords":["actu","Athl\u00e9tisme","Athl\u00e9tisme fran\u00e7ais","br\u00e8ve","La\u00ebticia Bapt\u00e9"],"articleSection":["Athl\u00e9tisme"],"inLanguage":"fr-FR","potentialAction":[{"@type":"CommentAction","name":"Comment","target":["https:\/\/dicodusport.fr\/blog\/athletisme-championnats-de-france-en-salle-laeticia-bapte-marie-julie-bonnin-le-resume-de-la-1ere-journee\/#respond"]}],"copyrightYear":"2025","copyrightHolder":{"@id":"https:\/\/dicodusport.fr\/blog\/#organization"}},{"@type":"WebPage","@id":"https:\/\/dicodusport.fr\/blog\/athletisme-championnats-de-france-en-salle-laeticia-bapte-marie-julie-bonnin-le-resume-de-la-1ere-journee\/","url":"https:\/\/dicodusport.fr\/blog\/athletisme-championnats-de-france-en-salle-laeticia-bapte-marie-julie-bonnin-le-resume-de-la-1ere-journee\/","name":"Athl\u00e9tisme Championnats de France en salle : La\u00ebticia Bapt\u00e9, Marie-Julie Bonnin, le r\u00e9sum\u00e9 de la 1\u00e8re journ\u00e9e","isPartOf":{"@id":"https:\/\/dicodusport.fr\/blog\/#website"},"primaryImageOfPage":{"@id":"https:\/\/dicodusport.fr\/blog\/athletisme-championnats-de-france-en-salle-laeticia-bapte-marie-julie-bonnin-le-resume-de-la-1ere-journee\/#primaryimage"},"image":{"@id":"https:\/\/dicodusport.fr\/blog\/athletisme-championnats-de-france-en-salle-laeticia-bapte-marie-julie-bonnin-le-resume-de-la-1ere-journee\/#primaryimage"},"thumbnailUrl":"https:\/\/dicodusport.fr\/blog\/wp-content\/uploads\/2025\/02\/Athletisme-Championnats-de-France-en-salle-Laeticia-Bapte-Marie-Julie-Bonnin-le-resume-de-la-1ere-journee.png","datePublished":"2025-02-22T19:30:23+00:00","dateModified":"2025-02-22T19:59:41+00:00","description":"CHAMPIONNATS DE FRANCE D'ATHL\u00c9TISME EN SALLE 2025 - \u00e9norme performance de La\u00ebticia Bapt\u00e9 sur 60m haies. Voici le r\u00e9sum\u00e9 complet.\u00a0","breadcrumb":{"@id":"https:\/\/dicodusport.fr\/blog\/athletisme-championnats-de-france-en-salle-laeticia-bapte-marie-julie-bonnin-le-resume-de-la-1ere-journee\/#breadcrumb"},"inLanguage":"fr-FR","potentialAction":[{"@type":"ReadAction","target":["https:\/\/dicodusport.fr\/blog\/athletisme-championnats-de-france-en-salle-laeticia-bapte-marie-julie-bonnin-le-resume-de-la-1ere-journee\/"]}]},{"@type":"ImageObject","inLanguage":"fr-FR","@id":"https:\/\/dicodusport.fr\/blog\/athletisme-championnats-de-france-en-salle-laeticia-bapte-marie-julie-bonnin-le-resume-de-la-1ere-journee\/#primaryimage","url":"https:\/\/dicodusport.fr\/blog\/wp-content\/uploads\/2025\/02\/Athletisme-Championnats-de-France-en-salle-Laeticia-Bapte-Marie-Julie-Bonnin-le-resume-de-la-1ere-journee.png","contentUrl":"https:\/\/dicodusport.fr\/blog\/wp-content\/uploads\/2025\/02\/Athletisme-Championnats-de-France-en-salle-Laeticia-Bapte-Marie-Julie-Bonnin-le-resume-de-la-1ere-journee.png","width":1200,"height":674,"caption":"Athl\u00e9tisme Championnats de France en salle La\u00ebticia Bapt\u00e9, Marie-Julie Bonnin, le r\u00e9sum\u00e9 de la 1\u00e8re journ\u00e9e"},{"@type":"BreadcrumbList","@id":"https:\/\/dicodusport.fr\/blog\/athletisme-championnats-de-france-en-salle-laeticia-bapte-marie-julie-bonnin-le-resume-de-la-1ere-journee\/#breadcrumb","itemListElement":[{"@type":"ListItem","position":1,"name":"Accueil","item":"https:\/\/dicodusport.fr\/blog\/"},{"@type":"ListItem","position":2,"name":"Athl\u00e9tisme Championnats de France en salle : La\u00ebticia Bapt\u00e9, Marie-Julie Bonnin, le r\u00e9sum\u00e9 de la 1\u00e8re journ\u00e9e"}]},{"@type":"WebSite","@id":"https:\/\/dicodusport.fr\/blog\/#website","url":"https:\/\/dicodusport.fr\/blog\/","name":"Dicodusport","description":"L&#039;encyclop\u00e9die de l&#039;actualit\u00e9 sportive","publisher":{"@id":"https:\/\/dicodusport.fr\/blog\/#organization"},"potentialAction":[{"@type":"SearchAction","target":{"@type":"EntryPoint","urlTemplate":"https:\/\/dicodusport.fr\/blog\/?s={search_term_string}"},"query-input":{"@type":"PropertyValueSpecification","valueRequired":true,"valueName":"search_term_string"}}],"inLanguage":"fr-FR"},{"@type":"NewsMediaOrganization","@id":"https:\/\/dicodusport.fr\/blog\/#organization","name":"Dicodusport","url":"https:\/\/dicodusport.fr\/blog\/","logo":{"@type":"ImageObject","inLanguage":"fr-FR","@id":"https:\/\/dicodusport.fr\/blog\/#\/schema\/logo\/image\/","url":"https:\/\/dicodusport.fr\/blog\/wp-content\/uploads\/2020\/06\/cropped-LOGO-DICODUSPORT-2020-SANS-FOND-SANS-TEXTE.png","contentUrl":"https:\/\/dicodusport.fr\/blog\/wp-content\/uploads\/2020\/06\/cropped-LOGO-DICODUSPORT-2020-SANS-FOND-SANS-TEXTE.png","width":512,"height":512,"caption":"Dicodusport"},"image":{"@id":"https:\/\/dicodusport.fr\/blog\/#\/schema\/logo\/image\/"},"sameAs":["https:\/\/www.facebook.com\/dicodusport","https:\/\/x.com\/dicodusport","https:\/\/www.instagram.com\/dicodusport\/","https:\/\/www.youtube.com\/channel\/UC7V2KZ5sd3htJivAbA4ZG3w"],"description":"Dicodusport est l'encyclop\u00e9die de l'actualit\u00e9 sportive.","email":"bonjour@dicodusport.fr","legalName":"DICODUSPORT","foundingDate":"2018-01-14","vatID":"FR71834470973","taxID":"83447097300043","numberOfEmployees":{"@type":"QuantitativeValue","minValue":"1","maxValue":"10"}},{"@type":"Person","@id":"https:\/\/dicodusport.fr\/blog\/#\/schema\/person\/54b6cdccebdfcd5a1036c594aecffc2a","name":"Louka Lesueur","image":{"@type":"ImageObject","inLanguage":"fr-FR","@id":"https:\/\/dicodusport.fr\/blog\/#\/schema\/person\/image\/","url":"https:\/\/dicodusport.fr\/blog\/wp-content\/uploads\/2023\/09\/IMG_2783-150x150.jpeg","contentUrl":"https:\/\/dicodusport.fr\/blog\/wp-content\/uploads\/2023\/09\/IMG_2783-150x150.jpeg","caption":"Louka Lesueur"},"description":"Passionn\u00e9 depuis tout petit par les exploits de Bolt, Fourcade, Riner, Lavillenie, Wilkinson, Hirscher. Les \u00e9motions provoqu\u00e9es par le sport ont berc\u00e9 mon enfance et continuent de le faire aujourd'hui. C'est ainsi qu'il m'est arriv\u00e9 de pleurer devant la d\u00e9faite des Bleus face aux Blacks en 2011, ou encore devant le titre olympique de Florent Manaudou \u00e0 Londres. Bien loin de ce milieu professionnel, j'ai os\u00e9 tenter ma chance pour rejoindre l'\u00e9quipe de r\u00e9daction de Dicodusport, et depuis septembre 2023, je tente de retransmettre au mieux les exploits des athl\u00e8tes, tous sports confondus. Grand chauvin, c'est bel et bien sur les sportifs tricolores que je pr\u00e9f\u00e8re \u00e9crire.","sameAs":["https:\/\/x.com\/https:\/\/twitter.com\/LNewsSF"],"gender":"Homme","worksFor":"Louka LESUEUR","url":"https:\/\/dicodusport.fr\/blog\/author\/louka-lesueur\/"}]}},"_links":{"self":[{"href":"https:\/\/dicodusport.fr\/blog\/wp-json\/wp\/v2\/posts\/558060","targetHints":{"allow":["GET"]}}],"collection":[{"href":"https:\/\/dicodusport.fr\/blog\/wp-json\/wp\/v2\/posts"}],"about":[{"href":"https:\/\/dicodusport.fr\/blog\/wp-json\/wp\/v2\/types\/post"}],"author":[{"embeddable":true,"href":"https:\/\/dicodusport.fr\/blog\/wp-json\/wp\/v2\/users\/89"}],"replies":[{"embeddable":true,"href":"https:\/\/dicodusport.fr\/blog\/wp-json\/wp\/v2\/comments?post=558060"}],"version-history":[{"count":5,"href":"https:\/\/dicodusport.fr\/blog\/wp-json\/wp\/v2\/posts\/558060\/revisions"}],"predecessor-version":[{"id":558315,"href":"https:\/\/dicodusport.fr\/blog\/wp-json\/wp\/v2\/posts\/558060\/revisions\/558315"}],"wp:featuredmedia":[{"embeddable":true,"href":"https:\/\/dicodusport.fr\/blog\/wp-json\/wp\/v2\/media\/558294"}],"wp:attachment":[{"href":"https:\/\/dicodusport.fr\/blog\/wp-json\/wp\/v2\/media?parent=558060"}],"wp:term":[{"taxonomy":"category","embeddable":true,"href":"https:\/\/dicodusport.fr\/blog\/wp-json\/wp\/v2\/categories?post=558060"},{"taxonomy":"post_tag","embeddable":true,"href":"https:\/\/dicodusport.fr\/blog\/wp-json\/wp\/v2\/tags?post=558060"}],"curies":[{"name":"wp","href":"https:\/\/api.w.org\/{rel}","templated":true}]}}