{"id":55807,"date":"2019-12-30T09:45:53","date_gmt":"2019-12-30T08:45:53","guid":{"rendered":"http:\/\/dicodusport.fr\/blog\/?p=55807&#038;preview=true&#038;preview_id=55807"},"modified":"2019-12-31T01:01:55","modified_gmt":"2019-12-31T00:01:55","slug":"championne-francaise-2019-melanie-de-jesus-dos-santos-2eme-reine-europe","status":"publish","type":"post","link":"https:\/\/dicodusport.fr\/blog\/championne-francaise-2019-melanie-de-jesus-dos-santos-2eme-reine-europe\/","title":{"rendered":"Championne fran\u00e7aise 2019 : M\u00e9lanie De Jesus Dos Santos (2\u00e8me), Reine d&rsquo;Europe"},"content":{"rendered":"<p style=\"text-align: justify;\"><em><strong>Multisports &#8211; Vous avez plac\u00e9 M\u00e9lanie De Jesus Dos Santos (Gymnastique) au 2\u00e8me rang du classement de la Championne des Championnes fran\u00e7aises 2019.<br \/>\n<\/strong><\/em><\/p>\n<p style=\"text-align: justify;\">\u00c0 19 ans, <strong>M\u00e9lanie De Jesus Dos Santos<\/strong> continue d&rsquo;apprendre, et de se forger un palmar\u00e8s. Sur la sc\u00e8ne europ\u00e9enne, la Martiniquaise a marqu\u00e9 les esprits en avril dernier, lors des <strong>championnats d&rsquo;Europe<\/strong> qui se sont d\u00e9roul\u00e9s \u00e0 Szczecin, en Pologne. Pensionnaire du <strong>P\u00f4le France de Saint-\u00c9tienne<\/strong>, elle est devenue <a href=\"https:\/\/dicodusport.fr\/blog\/melanie-de-jesus-dos-santos-sur-le-toit-de-europe\/\" target=\"_blank\" rel=\"noopener\">championne d&rsquo;Europe du concours g\u00e9n\u00e9ral<\/a>, devenant ainsi la deuxi\u00e8me gymnaste fran\u00e7aise \u00e0 r\u00e9aliser cet exploit apr\u00e8s Marine Debauve, sacr\u00e9e en 2005. Mieux encore, <a href=\"https:\/\/dicodusport.fr\/blog\/melanie-de-jesus-dos-santos-sacree-championne-d-europe-au-sol\/\" target=\"_blank\" rel=\"noopener\">M\u00e9lanie DJDS a conserv\u00e9 son titre continental au sol<\/a>. La grande madame de ces championnats.<\/p>\n<p style=\"text-align: justify;\">Attendue lors des <strong>Mondiaux \u00e0 Stuttgart (Allemagne)<\/strong>, en octobre dernier, la Tricolore n&rsquo;est pas parvenue \u00e0 confirmer sur le sc\u00e8ne mondiale, avec des cinqui\u00e8mes places au sol et \u00e0 la poutre, et une 20\u00e8me place au concours g\u00e9n\u00e9ral. Mais le talent est l\u00e0, et \u00e0 un peu plus de 7 mois des <strong>JO de Tokyo<\/strong>, les espoirs sont grands.<\/p>\n<div id=\"attachment_55821\" style=\"width: 473px\" class=\"wp-caption aligncenter\"><a href=\"http:\/\/dicodusport.fr\/blog\/wp-content\/uploads\/2019\/12\/M\u00e9lanie-De-Jesus-Dos-Santos-est-2\u00e8me-du-classement-de-la-Championne-des-Championnes-fran\u00e7aises-2019.png\"><img loading=\"lazy\" decoding=\"async\" aria-describedby=\"caption-attachment-55821\" class=\" wp-image-55821\" src=\"http:\/\/dicodusport.fr\/blog\/wp-content\/uploads\/2019\/12\/M\u00e9lanie-De-Jesus-Dos-Santos-est-2\u00e8me-du-classement-de-la-Championne-des-Championnes-fran\u00e7aises-2019.png\" alt=\"M\u00e9lanie De Jesus Dos Santos est 2\u00e8me du classement de la Championne des Championnes fran\u00e7aises 2019\" width=\"463\" height=\"463\" srcset=\"https:\/\/dicodusport.fr\/blog\/wp-content\/uploads\/2019\/12\/M\u00e9lanie-De-Jesus-Dos-Santos-est-2\u00e8me-du-classement-de-la-Championne-des-Championnes-fran\u00e7aises-2019.png 960w, https:\/\/dicodusport.fr\/blog\/wp-content\/uploads\/2019\/12\/M\u00e9lanie-De-Jesus-Dos-Santos-est-2\u00e8me-du-classement-de-la-Championne-des-Championnes-fran\u00e7aises-2019-150x150.png 150w, https:\/\/dicodusport.fr\/blog\/wp-content\/uploads\/2019\/12\/M\u00e9lanie-De-Jesus-Dos-Santos-est-2\u00e8me-du-classement-de-la-Championne-des-Championnes-fran\u00e7aises-2019-300x300.png 300w, https:\/\/dicodusport.fr\/blog\/wp-content\/uploads\/2019\/12\/M\u00e9lanie-De-Jesus-Dos-Santos-est-2\u00e8me-du-classement-de-la-Championne-des-Championnes-fran\u00e7aises-2019-768x768.png 768w, https:\/\/dicodusport.fr\/blog\/wp-content\/uploads\/2019\/12\/M\u00e9lanie-De-Jesus-Dos-Santos-est-2\u00e8me-du-classement-de-la-Championne-des-Championnes-fran\u00e7aises-2019-80x80.png 80w\" sizes=\"auto, (max-width: 463px) 100vw, 463px\" \/><\/a><p id=\"caption-attachment-55821\" class=\"wp-caption-text\">M\u00e9lanie De Jesus Dos Santos est 2\u00e8me du classement de la Championne des Championnes fran\u00e7aises 2019<\/p><\/div>\n<p><strong><em>Dicodusport<br \/>\n<a href=\"https:\/\/www.facebook.com\/dicodusport\/\" target=\"_blank\" rel=\"noopener\"><img loading=\"lazy\" decoding=\"async\" class=\"alignnone wp-image-2909\" src=\"http:\/\/dicodusport.fr\/blog\/wp-content\/uploads\/2017\/07\/logo-facebook-150x150.png\" alt=\"\" width=\"40\" height=\"40\" \/><\/a><a href=\"https:\/\/twitter.com\/dicodusport\" target=\"_blank\" rel=\"noopener\"><img loading=\"lazy\" decoding=\"async\" class=\"alignnone wp-image-2908\" src=\"http:\/\/dicodusport.fr\/blog\/wp-content\/uploads\/2017\/07\/logo-twitter-150x150.png\" alt=\"\" width=\"39\" height=\"39\" \/><\/a><\/em><\/strong><\/p>\n","protected":false},"excerpt":{"rendered":"<p>Multisports &#8211; Vous avez plac\u00e9 M\u00e9lanie De Jesus Dos Santos (Gymnastique) au 2\u00e8me rang du classement de la Championne des Championnes fran\u00e7aises 2019.<\/p>\n","protected":false},"author":4,"featured_media":55808,"comment_status":"open","ping_status":"closed","sticky":false,"template":"","format":"standard","meta":{"_acf_changed":false,"_daextam_enable_autolinks":"","footnotes":""},"categories":[2366],"tags":[391,5696],"class_list":["post-55807","post","type-post","status-publish","format-standard","has-post-thumbnail","hentry","category-multisports","tag-gymnastique","tag-melanie-de-jesus-dos-santos"],"acf":[],"yoast_head":"<!-- This site is optimized with the Yoast SEO Premium plugin v26.7 (Yoast SEO v26.7) - https:\/\/yoast.com\/wordpress\/plugins\/seo\/ -->\n<title>Championne fran\u00e7aise 2019 : M\u00e9lanie De Jesus Dos Santos (2\u00e8me), Reine d&#039;Europe<\/title>\n<meta name=\"description\" content=\"Multisports - Vous avez plac\u00e9 M\u00e9lanie De Jesus Dos Santos (Gymnastique) au 2\u00e8me rang du classement de la Championne des Championnes fran\u00e7aises 2019.\" \/>\n<meta name=\"robots\" content=\"index, follow, max-snippet:-1, max-image-preview:large, max-video-preview:-1\" \/>\n<link rel=\"canonical\" href=\"https:\/\/dicodusport.fr\/blog\/championne-francaise-2019-melanie-de-jesus-dos-santos-2eme-reine-europe\/\" \/>\n<meta property=\"og:locale\" content=\"fr_FR\" \/>\n<meta property=\"og:type\" content=\"article\" \/>\n<meta property=\"og:title\" content=\"Championne fran\u00e7aise 2019 : M\u00e9lanie De Jesus Dos Santos (2\u00e8me), Reine d&#039;Europe\" \/>\n<meta property=\"og:description\" content=\"Multisports - Vous avez plac\u00e9 M\u00e9lanie De Jesus Dos Santos (Gymnastique) au 2\u00e8me rang du classement de la Championne des Championnes fran\u00e7aises 2019.\" \/>\n<meta property=\"og:url\" content=\"https:\/\/dicodusport.fr\/blog\/championne-francaise-2019-melanie-de-jesus-dos-santos-2eme-reine-europe\/\" \/>\n<meta property=\"og:site_name\" content=\"Dicodusport\" \/>\n<meta property=\"article:publisher\" content=\"https:\/\/www.facebook.com\/dicodusport\" \/>\n<meta property=\"article:author\" content=\"https:\/\/www.facebook.com\/florent.ostermann\" \/>\n<meta property=\"article:published_time\" content=\"2019-12-30T08:45:53+00:00\" \/>\n<meta property=\"article:modified_time\" content=\"2019-12-31T00:01:55+00:00\" \/>\n<meta property=\"og:image\" content=\"https:\/\/dicodusport.fr\/blog\/wp-content\/uploads\/2019\/12\/Championne-fran\u00e7aise-2019-M\u00e9lanie-De-Jesus-Dos-Santos-2\u00e8me-Reine-dEurope.png\" \/>\n\t<meta property=\"og:image:width\" content=\"800\" \/>\n\t<meta property=\"og:image:height\" content=\"445\" \/>\n\t<meta property=\"og:image:type\" content=\"image\/png\" \/>\n<meta name=\"author\" content=\"Flo Ostermann\" \/>\n<meta name=\"twitter:card\" content=\"summary_large_image\" \/>\n<meta name=\"twitter:title\" content=\"Championne fran\u00e7aise 2019 : M\u00e9lanie De Jesus Dos Santos (2\u00e8me), Reine d&#039;Europe\" \/>\n<meta name=\"twitter:creator\" content=\"@https:\/\/twitter.com\/FlOstermann\" \/>\n<meta name=\"twitter:site\" content=\"@dicodusport\" \/>\n<script type=\"application\/ld+json\" class=\"yoast-schema-graph\">{\"@context\":\"https:\/\/schema.org\",\"@graph\":[{\"@type\":\"NewsArticle\",\"@id\":\"https:\/\/dicodusport.fr\/blog\/championne-francaise-2019-melanie-de-jesus-dos-santos-2eme-reine-europe\/#article\",\"isPartOf\":{\"@id\":\"https:\/\/dicodusport.fr\/blog\/championne-francaise-2019-melanie-de-jesus-dos-santos-2eme-reine-europe\/\"},\"author\":{\"name\":\"Flo Ostermann\",\"@id\":\"https:\/\/dicodusport.fr\/blog\/#\/schema\/person\/cb02af4c173ce4a653b55e9baf388d4a\"},\"headline\":\"Championne fran\u00e7aise 2019 : M\u00e9lanie De Jesus Dos Santos (2\u00e8me), Reine d&rsquo;Europe\",\"datePublished\":\"2019-12-30T08:45:53+00:00\",\"dateModified\":\"2019-12-31T00:01:55+00:00\",\"mainEntityOfPage\":{\"@id\":\"https:\/\/dicodusport.fr\/blog\/championne-francaise-2019-melanie-de-jesus-dos-santos-2eme-reine-europe\/\"},\"wordCount\":223,\"commentCount\":0,\"publisher\":{\"@id\":\"https:\/\/dicodusport.fr\/blog\/#organization\"},\"image\":{\"@id\":\"https:\/\/dicodusport.fr\/blog\/championne-francaise-2019-melanie-de-jesus-dos-santos-2eme-reine-europe\/#primaryimage\"},\"thumbnailUrl\":\"https:\/\/dicodusport.fr\/blog\/wp-content\/uploads\/2019\/12\/Championne-fran\u00e7aise-2019-M\u00e9lanie-De-Jesus-Dos-Santos-2\u00e8me-Reine-dEurope.png\",\"keywords\":[\"gymnastique\",\"M\u00e9lanie De Jesus Dos Santos\"],\"articleSection\":[\"Multisports\"],\"inLanguage\":\"fr-FR\",\"potentialAction\":[{\"@type\":\"CommentAction\",\"name\":\"Comment\",\"target\":[\"https:\/\/dicodusport.fr\/blog\/championne-francaise-2019-melanie-de-jesus-dos-santos-2eme-reine-europe\/#respond\"]}],\"copyrightYear\":\"2019\",\"copyrightHolder\":{\"@id\":\"https:\/\/dicodusport.fr\/blog\/#organization\"}},{\"@type\":\"WebPage\",\"@id\":\"https:\/\/dicodusport.fr\/blog\/championne-francaise-2019-melanie-de-jesus-dos-santos-2eme-reine-europe\/\",\"url\":\"https:\/\/dicodusport.fr\/blog\/championne-francaise-2019-melanie-de-jesus-dos-santos-2eme-reine-europe\/\",\"name\":\"Championne fran\u00e7aise 2019 : M\u00e9lanie De Jesus Dos Santos (2\u00e8me), Reine d'Europe\",\"isPartOf\":{\"@id\":\"https:\/\/dicodusport.fr\/blog\/#website\"},\"primaryImageOfPage\":{\"@id\":\"https:\/\/dicodusport.fr\/blog\/championne-francaise-2019-melanie-de-jesus-dos-santos-2eme-reine-europe\/#primaryimage\"},\"image\":{\"@id\":\"https:\/\/dicodusport.fr\/blog\/championne-francaise-2019-melanie-de-jesus-dos-santos-2eme-reine-europe\/#primaryimage\"},\"thumbnailUrl\":\"https:\/\/dicodusport.fr\/blog\/wp-content\/uploads\/2019\/12\/Championne-fran\u00e7aise-2019-M\u00e9lanie-De-Jesus-Dos-Santos-2\u00e8me-Reine-dEurope.png\",\"datePublished\":\"2019-12-30T08:45:53+00:00\",\"dateModified\":\"2019-12-31T00:01:55+00:00\",\"description\":\"Multisports - Vous avez plac\u00e9 M\u00e9lanie De Jesus Dos Santos (Gymnastique) au 2\u00e8me rang du classement de la Championne des Championnes fran\u00e7aises 2019.\",\"breadcrumb\":{\"@id\":\"https:\/\/dicodusport.fr\/blog\/championne-francaise-2019-melanie-de-jesus-dos-santos-2eme-reine-europe\/#breadcrumb\"},\"inLanguage\":\"fr-FR\",\"potentialAction\":[{\"@type\":\"ReadAction\",\"target\":[\"https:\/\/dicodusport.fr\/blog\/championne-francaise-2019-melanie-de-jesus-dos-santos-2eme-reine-europe\/\"]}]},{\"@type\":\"ImageObject\",\"inLanguage\":\"fr-FR\",\"@id\":\"https:\/\/dicodusport.fr\/blog\/championne-francaise-2019-melanie-de-jesus-dos-santos-2eme-reine-europe\/#primaryimage\",\"url\":\"https:\/\/dicodusport.fr\/blog\/wp-content\/uploads\/2019\/12\/Championne-fran\u00e7aise-2019-M\u00e9lanie-De-Jesus-Dos-Santos-2\u00e8me-Reine-dEurope.png\",\"contentUrl\":\"https:\/\/dicodusport.fr\/blog\/wp-content\/uploads\/2019\/12\/Championne-fran\u00e7aise-2019-M\u00e9lanie-De-Jesus-Dos-Santos-2\u00e8me-Reine-dEurope.png\",\"width\":800,\"height\":445,\"caption\":\"Championne fran\u00e7aise 2019 - M\u00e9lanie De Jesus Dos Santos (2\u00e8me), Reine d'Europe\"},{\"@type\":\"BreadcrumbList\",\"@id\":\"https:\/\/dicodusport.fr\/blog\/championne-francaise-2019-melanie-de-jesus-dos-santos-2eme-reine-europe\/#breadcrumb\",\"itemListElement\":[{\"@type\":\"ListItem\",\"position\":1,\"name\":\"Accueil\",\"item\":\"https:\/\/dicodusport.fr\/blog\/\"},{\"@type\":\"ListItem\",\"position\":2,\"name\":\"Championne fran\u00e7aise 2019 : M\u00e9lanie De Jesus Dos Santos (2\u00e8me), Reine d&rsquo;Europe\"}]},{\"@type\":\"WebSite\",\"@id\":\"https:\/\/dicodusport.fr\/blog\/#website\",\"url\":\"https:\/\/dicodusport.fr\/blog\/\",\"name\":\"Dicodusport\",\"description\":\"L&#039;encyclop\u00e9die de l&#039;actualit\u00e9 sportive\",\"publisher\":{\"@id\":\"https:\/\/dicodusport.fr\/blog\/#organization\"},\"potentialAction\":[{\"@type\":\"SearchAction\",\"target\":{\"@type\":\"EntryPoint\",\"urlTemplate\":\"https:\/\/dicodusport.fr\/blog\/?s={search_term_string}\"},\"query-input\":{\"@type\":\"PropertyValueSpecification\",\"valueRequired\":true,\"valueName\":\"search_term_string\"}}],\"inLanguage\":\"fr-FR\"},{\"@type\":\"NewsMediaOrganization\",\"@id\":\"https:\/\/dicodusport.fr\/blog\/#organization\",\"name\":\"Dicodusport\",\"url\":\"https:\/\/dicodusport.fr\/blog\/\",\"logo\":{\"@type\":\"ImageObject\",\"inLanguage\":\"fr-FR\",\"@id\":\"https:\/\/dicodusport.fr\/blog\/#\/schema\/logo\/image\/\",\"url\":\"https:\/\/dicodusport.fr\/blog\/wp-content\/uploads\/2020\/06\/cropped-LOGO-DICODUSPORT-2020-SANS-FOND-SANS-TEXTE.png\",\"contentUrl\":\"https:\/\/dicodusport.fr\/blog\/wp-content\/uploads\/2020\/06\/cropped-LOGO-DICODUSPORT-2020-SANS-FOND-SANS-TEXTE.png\",\"width\":512,\"height\":512,\"caption\":\"Dicodusport\"},\"image\":{\"@id\":\"https:\/\/dicodusport.fr\/blog\/#\/schema\/logo\/image\/\"},\"sameAs\":[\"https:\/\/www.facebook.com\/dicodusport\",\"https:\/\/x.com\/dicodusport\",\"https:\/\/www.instagram.com\/dicodusport\/\",\"https:\/\/www.youtube.com\/channel\/UC7V2KZ5sd3htJivAbA4ZG3w\"],\"description\":\"Dicodusport est l'encyclop\u00e9die de l'actualit\u00e9 sportive.\",\"email\":\"bonjour@dicodusport.fr\",\"legalName\":\"DICODUSPORT\",\"foundingDate\":\"2018-01-14\",\"vatID\":\"FR71834470973\",\"taxID\":\"83447097300043\",\"numberOfEmployees\":{\"@type\":\"QuantitativeValue\",\"minValue\":\"1\",\"maxValue\":\"10\"}},{\"@type\":\"Person\",\"@id\":\"https:\/\/dicodusport.fr\/blog\/#\/schema\/person\/cb02af4c173ce4a653b55e9baf388d4a\",\"name\":\"Flo Ostermann\",\"image\":{\"@type\":\"ImageObject\",\"inLanguage\":\"fr-FR\",\"@id\":\"https:\/\/dicodusport.fr\/blog\/#\/schema\/person\/image\/\",\"url\":\"https:\/\/dicodusport.fr\/blog\/wp-content\/uploads\/2021\/05\/Flo-Ostermann-150x150.jpg\",\"contentUrl\":\"https:\/\/dicodusport.fr\/blog\/wp-content\/uploads\/2021\/05\/Flo-Ostermann-150x150.jpg\",\"caption\":\"Flo Ostermann\"},\"description\":\"Journaliste\/R\u00e9dacteur depuis septembre 2015 - Mes premiers souvenirs dans le sport ? Les envol\u00e9es du Stade Toulousain et les duels Villeneuve-Schumacher et H\u00e4kkinen-Schumacher \u00e0 la fin des ann\u00e9es 90, la Coupe du monde de football en 1998, l\u2019exploit du XV de France face aux All Blacks en 1999, mais aussi Richard C\u0153ur de Lion qui vole sur les montagnes du Tour de France. Bien parti pour devenir professeur d\u2019EPS, les \u00e9v\u00e9nements de la vie (et la flemme d\u2019animer des s\u00e9ances de 3x500 m\u00e8tres toute ma vie) m\u2019ont conduit \u00e0 revoir mes plans. Me voil\u00e0 depuis fin 2017 sur Dicodusport, m\u00e9dia gr\u00e2ce (et pour) lequel je partage ma passion : le sport dans tous ses \u00e9tats. Le tout accompagn\u00e9 par les fous furieux et folles furieuses cit\u00e9s sur cette page !\",\"sameAs\":[\"https:\/\/www.facebook.com\/florent.ostermann\",\"https:\/\/x.com\/https:\/\/twitter.com\/FlOstermann\",\"admin\"],\"url\":\"https:\/\/dicodusport.fr\/blog\/author\/flo\/\"}]}<\/script>\n<!-- \/ Yoast SEO Premium plugin. -->","yoast_head_json":{"title":"Championne fran\u00e7aise 2019 : M\u00e9lanie De Jesus Dos Santos (2\u00e8me), Reine d'Europe","description":"Multisports - Vous avez plac\u00e9 M\u00e9lanie De Jesus Dos Santos (Gymnastique) au 2\u00e8me rang du classement de la Championne des Championnes fran\u00e7aises 2019.","robots":{"index":"index","follow":"follow","max-snippet":"max-snippet:-1","max-image-preview":"max-image-preview:large","max-video-preview":"max-video-preview:-1"},"canonical":"https:\/\/dicodusport.fr\/blog\/championne-francaise-2019-melanie-de-jesus-dos-santos-2eme-reine-europe\/","og_locale":"fr_FR","og_type":"article","og_title":"Championne fran\u00e7aise 2019 : M\u00e9lanie De Jesus Dos Santos (2\u00e8me), Reine d'Europe","og_description":"Multisports - Vous avez plac\u00e9 M\u00e9lanie De Jesus Dos Santos (Gymnastique) au 2\u00e8me rang du classement de la Championne des Championnes fran\u00e7aises 2019.","og_url":"https:\/\/dicodusport.fr\/blog\/championne-francaise-2019-melanie-de-jesus-dos-santos-2eme-reine-europe\/","og_site_name":"Dicodusport","article_publisher":"https:\/\/www.facebook.com\/dicodusport","article_author":"https:\/\/www.facebook.com\/florent.ostermann","article_published_time":"2019-12-30T08:45:53+00:00","article_modified_time":"2019-12-31T00:01:55+00:00","og_image":[{"width":800,"height":445,"url":"https:\/\/dicodusport.fr\/blog\/wp-content\/uploads\/2019\/12\/Championne-fran\u00e7aise-2019-M\u00e9lanie-De-Jesus-Dos-Santos-2\u00e8me-Reine-dEurope.png","type":"image\/png"}],"author":"Flo Ostermann","twitter_card":"summary_large_image","twitter_title":"Championne fran\u00e7aise 2019 : M\u00e9lanie De Jesus Dos Santos (2\u00e8me), Reine d'Europe","twitter_creator":"@https:\/\/twitter.com\/FlOstermann","twitter_site":"@dicodusport","schema":{"@context":"https:\/\/schema.org","@graph":[{"@type":"NewsArticle","@id":"https:\/\/dicodusport.fr\/blog\/championne-francaise-2019-melanie-de-jesus-dos-santos-2eme-reine-europe\/#article","isPartOf":{"@id":"https:\/\/dicodusport.fr\/blog\/championne-francaise-2019-melanie-de-jesus-dos-santos-2eme-reine-europe\/"},"author":{"name":"Flo Ostermann","@id":"https:\/\/dicodusport.fr\/blog\/#\/schema\/person\/cb02af4c173ce4a653b55e9baf388d4a"},"headline":"Championne fran\u00e7aise 2019 : M\u00e9lanie De Jesus Dos Santos (2\u00e8me), Reine d&rsquo;Europe","datePublished":"2019-12-30T08:45:53+00:00","dateModified":"2019-12-31T00:01:55+00:00","mainEntityOfPage":{"@id":"https:\/\/dicodusport.fr\/blog\/championne-francaise-2019-melanie-de-jesus-dos-santos-2eme-reine-europe\/"},"wordCount":223,"commentCount":0,"publisher":{"@id":"https:\/\/dicodusport.fr\/blog\/#organization"},"image":{"@id":"https:\/\/dicodusport.fr\/blog\/championne-francaise-2019-melanie-de-jesus-dos-santos-2eme-reine-europe\/#primaryimage"},"thumbnailUrl":"https:\/\/dicodusport.fr\/blog\/wp-content\/uploads\/2019\/12\/Championne-fran\u00e7aise-2019-M\u00e9lanie-De-Jesus-Dos-Santos-2\u00e8me-Reine-dEurope.png","keywords":["gymnastique","M\u00e9lanie De Jesus Dos Santos"],"articleSection":["Multisports"],"inLanguage":"fr-FR","potentialAction":[{"@type":"CommentAction","name":"Comment","target":["https:\/\/dicodusport.fr\/blog\/championne-francaise-2019-melanie-de-jesus-dos-santos-2eme-reine-europe\/#respond"]}],"copyrightYear":"2019","copyrightHolder":{"@id":"https:\/\/dicodusport.fr\/blog\/#organization"}},{"@type":"WebPage","@id":"https:\/\/dicodusport.fr\/blog\/championne-francaise-2019-melanie-de-jesus-dos-santos-2eme-reine-europe\/","url":"https:\/\/dicodusport.fr\/blog\/championne-francaise-2019-melanie-de-jesus-dos-santos-2eme-reine-europe\/","name":"Championne fran\u00e7aise 2019 : M\u00e9lanie De Jesus Dos Santos (2\u00e8me), Reine d'Europe","isPartOf":{"@id":"https:\/\/dicodusport.fr\/blog\/#website"},"primaryImageOfPage":{"@id":"https:\/\/dicodusport.fr\/blog\/championne-francaise-2019-melanie-de-jesus-dos-santos-2eme-reine-europe\/#primaryimage"},"image":{"@id":"https:\/\/dicodusport.fr\/blog\/championne-francaise-2019-melanie-de-jesus-dos-santos-2eme-reine-europe\/#primaryimage"},"thumbnailUrl":"https:\/\/dicodusport.fr\/blog\/wp-content\/uploads\/2019\/12\/Championne-fran\u00e7aise-2019-M\u00e9lanie-De-Jesus-Dos-Santos-2\u00e8me-Reine-dEurope.png","datePublished":"2019-12-30T08:45:53+00:00","dateModified":"2019-12-31T00:01:55+00:00","description":"Multisports - Vous avez plac\u00e9 M\u00e9lanie De Jesus Dos Santos (Gymnastique) au 2\u00e8me rang du classement de la Championne des Championnes fran\u00e7aises 2019.","breadcrumb":{"@id":"https:\/\/dicodusport.fr\/blog\/championne-francaise-2019-melanie-de-jesus-dos-santos-2eme-reine-europe\/#breadcrumb"},"inLanguage":"fr-FR","potentialAction":[{"@type":"ReadAction","target":["https:\/\/dicodusport.fr\/blog\/championne-francaise-2019-melanie-de-jesus-dos-santos-2eme-reine-europe\/"]}]},{"@type":"ImageObject","inLanguage":"fr-FR","@id":"https:\/\/dicodusport.fr\/blog\/championne-francaise-2019-melanie-de-jesus-dos-santos-2eme-reine-europe\/#primaryimage","url":"https:\/\/dicodusport.fr\/blog\/wp-content\/uploads\/2019\/12\/Championne-fran\u00e7aise-2019-M\u00e9lanie-De-Jesus-Dos-Santos-2\u00e8me-Reine-dEurope.png","contentUrl":"https:\/\/dicodusport.fr\/blog\/wp-content\/uploads\/2019\/12\/Championne-fran\u00e7aise-2019-M\u00e9lanie-De-Jesus-Dos-Santos-2\u00e8me-Reine-dEurope.png","width":800,"height":445,"caption":"Championne fran\u00e7aise 2019 - M\u00e9lanie De Jesus Dos Santos (2\u00e8me), Reine d'Europe"},{"@type":"BreadcrumbList","@id":"https:\/\/dicodusport.fr\/blog\/championne-francaise-2019-melanie-de-jesus-dos-santos-2eme-reine-europe\/#breadcrumb","itemListElement":[{"@type":"ListItem","position":1,"name":"Accueil","item":"https:\/\/dicodusport.fr\/blog\/"},{"@type":"ListItem","position":2,"name":"Championne fran\u00e7aise 2019 : M\u00e9lanie De Jesus Dos Santos (2\u00e8me), Reine d&rsquo;Europe"}]},{"@type":"WebSite","@id":"https:\/\/dicodusport.fr\/blog\/#website","url":"https:\/\/dicodusport.fr\/blog\/","name":"Dicodusport","description":"L&#039;encyclop\u00e9die de l&#039;actualit\u00e9 sportive","publisher":{"@id":"https:\/\/dicodusport.fr\/blog\/#organization"},"potentialAction":[{"@type":"SearchAction","target":{"@type":"EntryPoint","urlTemplate":"https:\/\/dicodusport.fr\/blog\/?s={search_term_string}"},"query-input":{"@type":"PropertyValueSpecification","valueRequired":true,"valueName":"search_term_string"}}],"inLanguage":"fr-FR"},{"@type":"NewsMediaOrganization","@id":"https:\/\/dicodusport.fr\/blog\/#organization","name":"Dicodusport","url":"https:\/\/dicodusport.fr\/blog\/","logo":{"@type":"ImageObject","inLanguage":"fr-FR","@id":"https:\/\/dicodusport.fr\/blog\/#\/schema\/logo\/image\/","url":"https:\/\/dicodusport.fr\/blog\/wp-content\/uploads\/2020\/06\/cropped-LOGO-DICODUSPORT-2020-SANS-FOND-SANS-TEXTE.png","contentUrl":"https:\/\/dicodusport.fr\/blog\/wp-content\/uploads\/2020\/06\/cropped-LOGO-DICODUSPORT-2020-SANS-FOND-SANS-TEXTE.png","width":512,"height":512,"caption":"Dicodusport"},"image":{"@id":"https:\/\/dicodusport.fr\/blog\/#\/schema\/logo\/image\/"},"sameAs":["https:\/\/www.facebook.com\/dicodusport","https:\/\/x.com\/dicodusport","https:\/\/www.instagram.com\/dicodusport\/","https:\/\/www.youtube.com\/channel\/UC7V2KZ5sd3htJivAbA4ZG3w"],"description":"Dicodusport est l'encyclop\u00e9die de l'actualit\u00e9 sportive.","email":"bonjour@dicodusport.fr","legalName":"DICODUSPORT","foundingDate":"2018-01-14","vatID":"FR71834470973","taxID":"83447097300043","numberOfEmployees":{"@type":"QuantitativeValue","minValue":"1","maxValue":"10"}},{"@type":"Person","@id":"https:\/\/dicodusport.fr\/blog\/#\/schema\/person\/cb02af4c173ce4a653b55e9baf388d4a","name":"Flo Ostermann","image":{"@type":"ImageObject","inLanguage":"fr-FR","@id":"https:\/\/dicodusport.fr\/blog\/#\/schema\/person\/image\/","url":"https:\/\/dicodusport.fr\/blog\/wp-content\/uploads\/2021\/05\/Flo-Ostermann-150x150.jpg","contentUrl":"https:\/\/dicodusport.fr\/blog\/wp-content\/uploads\/2021\/05\/Flo-Ostermann-150x150.jpg","caption":"Flo Ostermann"},"description":"Journaliste\/R\u00e9dacteur depuis septembre 2015 - Mes premiers souvenirs dans le sport ? Les envol\u00e9es du Stade Toulousain et les duels Villeneuve-Schumacher et H\u00e4kkinen-Schumacher \u00e0 la fin des ann\u00e9es 90, la Coupe du monde de football en 1998, l\u2019exploit du XV de France face aux All Blacks en 1999, mais aussi Richard C\u0153ur de Lion qui vole sur les montagnes du Tour de France. Bien parti pour devenir professeur d\u2019EPS, les \u00e9v\u00e9nements de la vie (et la flemme d\u2019animer des s\u00e9ances de 3x500 m\u00e8tres toute ma vie) m\u2019ont conduit \u00e0 revoir mes plans. Me voil\u00e0 depuis fin 2017 sur Dicodusport, m\u00e9dia gr\u00e2ce (et pour) lequel je partage ma passion : le sport dans tous ses \u00e9tats. Le tout accompagn\u00e9 par les fous furieux et folles furieuses cit\u00e9s sur cette page !","sameAs":["https:\/\/www.facebook.com\/florent.ostermann","https:\/\/x.com\/https:\/\/twitter.com\/FlOstermann","admin"],"url":"https:\/\/dicodusport.fr\/blog\/author\/flo\/"}]}},"_links":{"self":[{"href":"https:\/\/dicodusport.fr\/blog\/wp-json\/wp\/v2\/posts\/55807","targetHints":{"allow":["GET"]}}],"collection":[{"href":"https:\/\/dicodusport.fr\/blog\/wp-json\/wp\/v2\/posts"}],"about":[{"href":"https:\/\/dicodusport.fr\/blog\/wp-json\/wp\/v2\/types\/post"}],"author":[{"embeddable":true,"href":"https:\/\/dicodusport.fr\/blog\/wp-json\/wp\/v2\/users\/4"}],"replies":[{"embeddable":true,"href":"https:\/\/dicodusport.fr\/blog\/wp-json\/wp\/v2\/comments?post=55807"}],"version-history":[{"count":0,"href":"https:\/\/dicodusport.fr\/blog\/wp-json\/wp\/v2\/posts\/55807\/revisions"}],"wp:featuredmedia":[{"embeddable":true,"href":"https:\/\/dicodusport.fr\/blog\/wp-json\/wp\/v2\/media\/55808"}],"wp:attachment":[{"href":"https:\/\/dicodusport.fr\/blog\/wp-json\/wp\/v2\/media?parent=55807"}],"wp:term":[{"taxonomy":"category","embeddable":true,"href":"https:\/\/dicodusport.fr\/blog\/wp-json\/wp\/v2\/categories?post=55807"},{"taxonomy":"post_tag","embeddable":true,"href":"https:\/\/dicodusport.fr\/blog\/wp-json\/wp\/v2\/tags?post=55807"}],"curies":[{"name":"wp","href":"https:\/\/api.w.org\/{rel}","templated":true}]}}