{"id":558387,"date":"2025-02-23T07:41:55","date_gmt":"2025-02-23T06:41:55","guid":{"rendered":"https:\/\/dicodusport.fr\/blog\/?p=558387&#038;preview=true&#038;preview_id=558387"},"modified":"2025-02-23T07:47:09","modified_gmt":"2025-02-23T06:47:09","slug":"tennis-rio-2025-alexandre-muller-decroche-sa-premiere-finale-en-atp-500","status":"publish","type":"post","link":"https:\/\/dicodusport.fr\/blog\/tennis-rio-2025-alexandre-muller-decroche-sa-premiere-finale-en-atp-500\/","title":{"rendered":"Tennis Rio 2025 : Alexandre M\u00fcller d\u00e9croche sa premi\u00e8re finale en ATP 500"},"content":{"rendered":"<h4 style=\"text-align: justify;\"><em>TOURNOI ATP 500 DE RIO DE JANEIRO 2025 &#8211; Gros d\u00e9but d&rsquo;ann\u00e9e pour Alexandre M\u00fcller, qui a remport\u00e9 un long combat face \u00e0 Francisco Comesa\u00f1a, et disputera ce soir sa plus grosse finale au Br\u00e9sil.\u00a0<\/em><\/h4>\n<p style=\"text-align: justify;\">Au lieu de la saison en salle europ\u00e9enne, <strong>Alexandre M\u00fcller<\/strong> a choisi la terre battue sud-am\u00e9ricaine pour passer son mois de f\u00e9vrier. Si les d\u00e9buts n&rsquo;\u00e9taient que peu enthousiasmants, avec des d\u00e9faites au premier tour en Challenger puis \u00e0 Buenos Aires, <a href=\"https:\/\/dicodusport.fr\/blog\/tennis-rio-2025-en-forme-alexandre-muller-rejoint-le-dernier-carre\/\"><strong>sa campagne \u00e0 Rio de Janeiro<\/strong><\/a> vient \u00e0 elle seule valider ce choix. Toute la semaine, il a battu des joueurs de renom, comme la nouvelle star <strong>Jo\u00e3o Fonseca<\/strong>, et les sp\u00e9cialistes de terre <strong>Tom\u00e1s Mart\u00edn Etcheverry<\/strong> et\u00a0<strong>Francisco Cer\u00fandolo\u00a0<\/strong>pour se hisser en demi-finale.<\/p>\n<p style=\"text-align: justify;\">L&rsquo;y attendait <strong>Francisco Comesa\u00f1a<\/strong>, un joueur moins bien class\u00e9 mais lui aussi \u00e0 l&rsquo;aise sur cette surface, le pi\u00e8ge parfait apr\u00e8s une s\u00e9rie de grosses performances. Un pi\u00e8ge dans lequel le Fran\u00e7ais aurait pu tomber. Apr\u00e8s avoir eu un mal fou \u00e0 conclure une premi\u00e8re manche qu&rsquo;il avait pourtant domin\u00e9, il s&rsquo;est fait entra\u00eener au tiebreak dans la deuxi\u00e8me, et finalement dans un troisi\u00e8me set de tous les dangers. Heureusement, le Tricolore allait porter l&rsquo;estocade en breakant lors du huiti\u00e8me jeu, se donnant une chance de servir pour le match qu&rsquo;il allait saisir sans coup f\u00e9rir. Victoire <strong>7-5, 6-7 (3), 6-3<\/strong>, le voil\u00e0 en finale pour la troisi\u00e8me fois sur le circuit principal, mais pour la premi\u00e8re en ATP 500. Il sera au pire 41e mondial lundi (32e s&rsquo;il gagne), le meilleur classement de sa carri\u00e8re. C&rsquo;est le plus grand titre de sa carri\u00e8re qu&rsquo;il visera ce soir (21h30), mais pour cela, il devra vaincre nul autre que le tenant du titre, et grand sp\u00e9cialiste de terre, <strong>Sebasti\u00e1n B\u00e1ez<\/strong>.<\/p>\n<blockquote class=\"twitter-tweet\">\n<p dir=\"ltr\" lang=\"en\">Massive from Muller \ud83d\ude4c<a href=\"https:\/\/twitter.com\/Alex2Mumu?ref_src=twsrc%5Etfw\">@Alex2Mumu<\/a> fends off Comesana 7-5 6-7 6-3 to book his spot in the <a href=\"https:\/\/twitter.com\/RioOpenOficial?ref_src=twsrc%5Etfw\">@RioOpenOficial<\/a> final! <a href=\"https:\/\/t.co\/QaAzgosoCn\">pic.twitter.com\/QaAzgosoCn<\/a><\/p>\n<p>\u2014 Tennis TV (@TennisTV) <a href=\"https:\/\/twitter.com\/TennisTV\/status\/1893469923566825741?ref_src=twsrc%5Etfw\">February 23, 2025<\/a><\/p><\/blockquote>\n<p style=\"text-align: justify;\"><script async src=\"https:\/\/platform.twitter.com\/widgets.js\" charset=\"utf-8\"><\/script><\/p>\n<h2 style=\"text-align: justify;\">\u00c0 lire aussi<\/h2>\n<div class=\"vlp-link-container vlp-layout-article\"><a href=\"https:\/\/dicodusport.fr\/blog\/tennis-hong-kong-2025-alexandre-muller-remporte-son-premier-titre-sur-le-circuit-atp\/\" class=\"vlp-link\" title=\"Tennis Hong Kong 2025 : Alexandre M\u00fcller remporte son premier titre sur le circuit ATP\"><\/a><div class=\"vlp-layout-zone-side\"><div class=\"vlp-block-4 vlp-link-image\"><img loading=\"lazy\" decoding=\"async\" style=\"max-width: 792px;\" width=\"792\" height=\"445\" src=\"https:\/\/dicodusport.fr\/blog\/wp-content\/uploads\/2025\/01\/Tennis-Hong-Kong-2025-Alexandre-Muller-remporte-son-premier-titre-sur-le-circuit-ATP.png\" class=\"attachment-800x445 size-800x445\" alt=\"Tennis Hong Kong 2025 Alexandre M\u00fcller remporte son premier titre sur le circuit ATP\" srcset=\"https:\/\/dicodusport.fr\/blog\/wp-content\/uploads\/2025\/01\/Tennis-Hong-Kong-2025-Alexandre-Muller-remporte-son-premier-titre-sur-le-circuit-ATP.png 1200w, https:\/\/dicodusport.fr\/blog\/wp-content\/uploads\/2025\/01\/Tennis-Hong-Kong-2025-Alexandre-Muller-remporte-son-premier-titre-sur-le-circuit-ATP-300x169.png 300w, https:\/\/dicodusport.fr\/blog\/wp-content\/uploads\/2025\/01\/Tennis-Hong-Kong-2025-Alexandre-Muller-remporte-son-premier-titre-sur-le-circuit-ATP-1024x575.png 1024w, https:\/\/dicodusport.fr\/blog\/wp-content\/uploads\/2025\/01\/Tennis-Hong-Kong-2025-Alexandre-Muller-remporte-son-premier-titre-sur-le-circuit-ATP-768x431.png 768w\" sizes=\"auto, (max-width: 792px) 100vw, 792px\" \/><\/div><\/div><div class=\"vlp-layout-zone-main\"><div class=\"vlp-block-0 vlp-link-title\">Tennis Hong Kong 2025 : Alexandre M\u00fcller remporte son premier titre sur le circuit ATP<\/div><div class=\"vlp-block-1 vlp-link-summary\">Alexandre M\u00fcller remporte son premier titre sur le circuit ATP<\/div><div class=\"vlp-block-2 vlp-link-button\">Lire l'article<\/div><div class=\"vlp-block-3 vlp-link-url\">dicodusport.fr<\/div><\/div><\/div>\n","protected":false},"excerpt":{"rendered":"<p>TOURNOI ATP 500 DE RIO DE JANEIRO 2025 &#8211; Gros d\u00e9but d&rsquo;ann\u00e9e pour Alexandre M\u00fcller, qui a remport\u00e9 un long combat face \u00e0 Francisco Comesa\u00f1a, et disputera ce soir sa plus grosse finale au Br\u00e9sil.\u00a0<\/p>\n","protected":false},"author":59,"featured_media":558388,"comment_status":"open","ping_status":"closed","sticky":false,"template":"","format":"standard","meta":{"_acf_changed":false,"_daextam_enable_autolinks":"1","footnotes":""},"categories":[2302],"tags":[32415,7930,16878],"class_list":["post-558387","post","type-post","status-publish","format-standard","has-post-thumbnail","hentry","category-tennis","tag-actu","tag-alexandre-muller","tag-breve"],"acf":[],"yoast_head":"<!-- This site is optimized with the Yoast SEO Premium plugin v26.7 (Yoast SEO v26.7) - https:\/\/yoast.com\/wordpress\/plugins\/seo\/ -->\n<title>Tennis Rio 2025 : Alexandre M\u00fcller d\u00e9croche sa premi\u00e8re finale en ATP 500<\/title>\n<meta name=\"description\" content=\"TOURNOI ATP 500 DE RIO DE JANEIRO 2025 - Gros d\u00e9but d&#039;ann\u00e9e pour Alexandre M\u00fcller, qui disputera ce soir sa plus grosse finale au Br\u00e9sil.\u00a0\" \/>\n<meta name=\"robots\" content=\"index, follow, max-snippet:-1, max-image-preview:large, max-video-preview:-1\" \/>\n<link rel=\"canonical\" href=\"https:\/\/dicodusport.fr\/blog\/tennis-rio-2025-alexandre-muller-decroche-sa-premiere-finale-en-atp-500\/\" \/>\n<meta property=\"og:locale\" content=\"fr_FR\" \/>\n<meta property=\"og:type\" content=\"article\" \/>\n<meta property=\"og:title\" content=\"Tennis Rio 2025 : Alexandre M\u00fcller d\u00e9croche sa premi\u00e8re finale en ATP 500\" \/>\n<meta property=\"og:description\" content=\"TOURNOI ATP 500 DE RIO DE JANEIRO 2025 - Gros d\u00e9but d&#039;ann\u00e9e pour Alexandre M\u00fcller, qui disputera ce soir sa plus grosse finale au Br\u00e9sil.\u00a0\" \/>\n<meta property=\"og:url\" content=\"https:\/\/dicodusport.fr\/blog\/tennis-rio-2025-alexandre-muller-decroche-sa-premiere-finale-en-atp-500\/\" \/>\n<meta property=\"og:site_name\" content=\"Dicodusport\" \/>\n<meta property=\"article:publisher\" content=\"https:\/\/www.facebook.com\/dicodusport\" \/>\n<meta property=\"article:author\" content=\"https:\/\/www.facebook.com\/sebastien.gente\/\" \/>\n<meta property=\"article:published_time\" content=\"2025-02-23T06:41:55+00:00\" \/>\n<meta property=\"article:modified_time\" content=\"2025-02-23T06:47:09+00:00\" \/>\n<meta property=\"og:image\" content=\"https:\/\/dicodusport.fr\/blog\/wp-content\/uploads\/2025\/02\/Tennis-Rio-2025-Alexandre-Muller-decroche-sa-premiere-finale-en-ATP-500.png\" \/>\n\t<meta property=\"og:image:width\" content=\"1200\" \/>\n\t<meta property=\"og:image:height\" content=\"674\" \/>\n\t<meta property=\"og:image:type\" content=\"image\/png\" \/>\n<meta name=\"author\" content=\"S\u00e9bastien Gente\" \/>\n<meta name=\"twitter:card\" content=\"summary_large_image\" \/>\n<meta name=\"twitter:title\" content=\"Tennis Rio 2025 : Alexandre M\u00fcller d\u00e9croche sa premi\u00e8re finale en ATP 500\" \/>\n<meta name=\"twitter:creator\" content=\"@https:\/\/twitter.com\/globulo24\" \/>\n<meta name=\"twitter:site\" content=\"@dicodusport\" \/>\n<script type=\"application\/ld+json\" class=\"yoast-schema-graph\">{\"@context\":\"https:\/\/schema.org\",\"@graph\":[{\"@type\":\"NewsArticle\",\"@id\":\"https:\/\/dicodusport.fr\/blog\/tennis-rio-2025-alexandre-muller-decroche-sa-premiere-finale-en-atp-500\/#article\",\"isPartOf\":{\"@id\":\"https:\/\/dicodusport.fr\/blog\/tennis-rio-2025-alexandre-muller-decroche-sa-premiere-finale-en-atp-500\/\"},\"author\":{\"name\":\"S\u00e9bastien Gente\",\"@id\":\"https:\/\/dicodusport.fr\/blog\/#\/schema\/person\/627966a6cde45dbd8c5e36ac85d783da\"},\"headline\":\"Tennis Rio 2025 : Alexandre M\u00fcller d\u00e9croche sa premi\u00e8re finale en ATP 500\",\"datePublished\":\"2025-02-23T06:41:55+00:00\",\"dateModified\":\"2025-02-23T06:47:09+00:00\",\"mainEntityOfPage\":{\"@id\":\"https:\/\/dicodusport.fr\/blog\/tennis-rio-2025-alexandre-muller-decroche-sa-premiere-finale-en-atp-500\/\"},\"wordCount\":452,\"commentCount\":0,\"publisher\":{\"@id\":\"https:\/\/dicodusport.fr\/blog\/#organization\"},\"image\":{\"@id\":\"https:\/\/dicodusport.fr\/blog\/tennis-rio-2025-alexandre-muller-decroche-sa-premiere-finale-en-atp-500\/#primaryimage\"},\"thumbnailUrl\":\"https:\/\/dicodusport.fr\/blog\/wp-content\/uploads\/2025\/02\/Tennis-Rio-2025-Alexandre-Muller-decroche-sa-premiere-finale-en-ATP-500.png\",\"keywords\":[\"actu\",\"Alexandre M\u00fcller\",\"br\u00e8ve\"],\"articleSection\":[\"Tennis\"],\"inLanguage\":\"fr-FR\",\"potentialAction\":[{\"@type\":\"CommentAction\",\"name\":\"Comment\",\"target\":[\"https:\/\/dicodusport.fr\/blog\/tennis-rio-2025-alexandre-muller-decroche-sa-premiere-finale-en-atp-500\/#respond\"]}],\"copyrightYear\":\"2025\",\"copyrightHolder\":{\"@id\":\"https:\/\/dicodusport.fr\/blog\/#organization\"}},{\"@type\":\"WebPage\",\"@id\":\"https:\/\/dicodusport.fr\/blog\/tennis-rio-2025-alexandre-muller-decroche-sa-premiere-finale-en-atp-500\/\",\"url\":\"https:\/\/dicodusport.fr\/blog\/tennis-rio-2025-alexandre-muller-decroche-sa-premiere-finale-en-atp-500\/\",\"name\":\"Tennis Rio 2025 : Alexandre M\u00fcller d\u00e9croche sa premi\u00e8re finale en ATP 500\",\"isPartOf\":{\"@id\":\"https:\/\/dicodusport.fr\/blog\/#website\"},\"primaryImageOfPage\":{\"@id\":\"https:\/\/dicodusport.fr\/blog\/tennis-rio-2025-alexandre-muller-decroche-sa-premiere-finale-en-atp-500\/#primaryimage\"},\"image\":{\"@id\":\"https:\/\/dicodusport.fr\/blog\/tennis-rio-2025-alexandre-muller-decroche-sa-premiere-finale-en-atp-500\/#primaryimage\"},\"thumbnailUrl\":\"https:\/\/dicodusport.fr\/blog\/wp-content\/uploads\/2025\/02\/Tennis-Rio-2025-Alexandre-Muller-decroche-sa-premiere-finale-en-ATP-500.png\",\"datePublished\":\"2025-02-23T06:41:55+00:00\",\"dateModified\":\"2025-02-23T06:47:09+00:00\",\"description\":\"TOURNOI ATP 500 DE RIO DE JANEIRO 2025 - Gros d\u00e9but d'ann\u00e9e pour Alexandre M\u00fcller, qui disputera ce soir sa plus grosse finale au Br\u00e9sil.\u00a0\",\"breadcrumb\":{\"@id\":\"https:\/\/dicodusport.fr\/blog\/tennis-rio-2025-alexandre-muller-decroche-sa-premiere-finale-en-atp-500\/#breadcrumb\"},\"inLanguage\":\"fr-FR\",\"potentialAction\":[{\"@type\":\"ReadAction\",\"target\":[\"https:\/\/dicodusport.fr\/blog\/tennis-rio-2025-alexandre-muller-decroche-sa-premiere-finale-en-atp-500\/\"]}]},{\"@type\":\"ImageObject\",\"inLanguage\":\"fr-FR\",\"@id\":\"https:\/\/dicodusport.fr\/blog\/tennis-rio-2025-alexandre-muller-decroche-sa-premiere-finale-en-atp-500\/#primaryimage\",\"url\":\"https:\/\/dicodusport.fr\/blog\/wp-content\/uploads\/2025\/02\/Tennis-Rio-2025-Alexandre-Muller-decroche-sa-premiere-finale-en-ATP-500.png\",\"contentUrl\":\"https:\/\/dicodusport.fr\/blog\/wp-content\/uploads\/2025\/02\/Tennis-Rio-2025-Alexandre-Muller-decroche-sa-premiere-finale-en-ATP-500.png\",\"width\":1200,\"height\":674,\"caption\":\"Tennis Rio 2025 Alexandre M\u00fcller d\u00e9croche sa premi\u00e8re finale en ATP 500\"},{\"@type\":\"BreadcrumbList\",\"@id\":\"https:\/\/dicodusport.fr\/blog\/tennis-rio-2025-alexandre-muller-decroche-sa-premiere-finale-en-atp-500\/#breadcrumb\",\"itemListElement\":[{\"@type\":\"ListItem\",\"position\":1,\"name\":\"Accueil\",\"item\":\"https:\/\/dicodusport.fr\/blog\/\"},{\"@type\":\"ListItem\",\"position\":2,\"name\":\"Tennis Rio 2025 : Alexandre M\u00fcller d\u00e9croche sa premi\u00e8re finale en ATP 500\"}]},{\"@type\":\"WebSite\",\"@id\":\"https:\/\/dicodusport.fr\/blog\/#website\",\"url\":\"https:\/\/dicodusport.fr\/blog\/\",\"name\":\"Dicodusport\",\"description\":\"L&#039;encyclop\u00e9die de l&#039;actualit\u00e9 sportive\",\"publisher\":{\"@id\":\"https:\/\/dicodusport.fr\/blog\/#organization\"},\"potentialAction\":[{\"@type\":\"SearchAction\",\"target\":{\"@type\":\"EntryPoint\",\"urlTemplate\":\"https:\/\/dicodusport.fr\/blog\/?s={search_term_string}\"},\"query-input\":{\"@type\":\"PropertyValueSpecification\",\"valueRequired\":true,\"valueName\":\"search_term_string\"}}],\"inLanguage\":\"fr-FR\"},{\"@type\":\"NewsMediaOrganization\",\"@id\":\"https:\/\/dicodusport.fr\/blog\/#organization\",\"name\":\"Dicodusport\",\"url\":\"https:\/\/dicodusport.fr\/blog\/\",\"logo\":{\"@type\":\"ImageObject\",\"inLanguage\":\"fr-FR\",\"@id\":\"https:\/\/dicodusport.fr\/blog\/#\/schema\/logo\/image\/\",\"url\":\"https:\/\/dicodusport.fr\/blog\/wp-content\/uploads\/2020\/06\/cropped-LOGO-DICODUSPORT-2020-SANS-FOND-SANS-TEXTE.png\",\"contentUrl\":\"https:\/\/dicodusport.fr\/blog\/wp-content\/uploads\/2020\/06\/cropped-LOGO-DICODUSPORT-2020-SANS-FOND-SANS-TEXTE.png\",\"width\":512,\"height\":512,\"caption\":\"Dicodusport\"},\"image\":{\"@id\":\"https:\/\/dicodusport.fr\/blog\/#\/schema\/logo\/image\/\"},\"sameAs\":[\"https:\/\/www.facebook.com\/dicodusport\",\"https:\/\/x.com\/dicodusport\",\"https:\/\/www.instagram.com\/dicodusport\/\",\"https:\/\/www.youtube.com\/channel\/UC7V2KZ5sd3htJivAbA4ZG3w\"],\"description\":\"Dicodusport est l'encyclop\u00e9die de l'actualit\u00e9 sportive.\",\"email\":\"bonjour@dicodusport.fr\",\"legalName\":\"DICODUSPORT\",\"foundingDate\":\"2018-01-14\",\"vatID\":\"FR71834470973\",\"taxID\":\"83447097300043\",\"numberOfEmployees\":{\"@type\":\"QuantitativeValue\",\"minValue\":\"1\",\"maxValue\":\"10\"}},{\"@type\":\"Person\",\"@id\":\"https:\/\/dicodusport.fr\/blog\/#\/schema\/person\/627966a6cde45dbd8c5e36ac85d783da\",\"name\":\"S\u00e9bastien Gente\",\"image\":{\"@type\":\"ImageObject\",\"inLanguage\":\"fr-FR\",\"@id\":\"https:\/\/dicodusport.fr\/blog\/#\/schema\/person\/image\/\",\"url\":\"https:\/\/dicodusport.fr\/blog\/wp-content\/uploads\/2021\/09\/1510990_10205810251400683_4124423575079401707_n-150x150.jpg\",\"contentUrl\":\"https:\/\/dicodusport.fr\/blog\/wp-content\/uploads\/2021\/09\/1510990_10205810251400683_4124423575079401707_n-150x150.jpg\",\"caption\":\"S\u00e9bastien Gente\"},\"description\":\"John Stockton, Gianni Bugno, Zinedine Zidane, Steffi Graf, Frode Andresen, St\u00e9phane Stoecklin, Davis Kamoga, Primoz Peterka, Werner Schlager et Aur\u00e9lien Rougerie. Point commun entre ces sportifs? Ils m'ont fait r\u00eaver et ont berc\u00e9 mon adolescence. Je suis un fondu de sports et j'essaie de retranscrire ma passion \u00e0 travers mes articles. Originaire du P\u00e9rigord, ma passion pour les Girondins, les Jaunards et les Jazzmen transpire dans mes \u00e9crits. \u00c0 Dicodusport depuis 2021, je d\u00e9niche les sports m\u00e9connus dans lesquels la France brille, et il y en a !\",\"sameAs\":[\"https:\/\/www.facebook.com\/sebastien.gente\/\",\"https:\/\/www.instagram.com\/sebgente\/\",\"https:\/\/www.linkedin.com\/in\/sbastien-gente-a29583169\/\",\"https:\/\/x.com\/https:\/\/twitter.com\/globulo24\",\"SebastienGente\"],\"worksFor\":\"S\u00e9bastien GENTE\",\"url\":\"https:\/\/dicodusport.fr\/blog\/author\/sebastiengente\/\"}]}<\/script>\n<!-- \/ Yoast SEO Premium plugin. -->","yoast_head_json":{"title":"Tennis Rio 2025 : Alexandre M\u00fcller d\u00e9croche sa premi\u00e8re finale en ATP 500","description":"TOURNOI ATP 500 DE RIO DE JANEIRO 2025 - Gros d\u00e9but d'ann\u00e9e pour Alexandre M\u00fcller, qui disputera ce soir sa plus grosse finale au Br\u00e9sil.\u00a0","robots":{"index":"index","follow":"follow","max-snippet":"max-snippet:-1","max-image-preview":"max-image-preview:large","max-video-preview":"max-video-preview:-1"},"canonical":"https:\/\/dicodusport.fr\/blog\/tennis-rio-2025-alexandre-muller-decroche-sa-premiere-finale-en-atp-500\/","og_locale":"fr_FR","og_type":"article","og_title":"Tennis Rio 2025 : Alexandre M\u00fcller d\u00e9croche sa premi\u00e8re finale en ATP 500","og_description":"TOURNOI ATP 500 DE RIO DE JANEIRO 2025 - Gros d\u00e9but d'ann\u00e9e pour Alexandre M\u00fcller, qui disputera ce soir sa plus grosse finale au Br\u00e9sil.\u00a0","og_url":"https:\/\/dicodusport.fr\/blog\/tennis-rio-2025-alexandre-muller-decroche-sa-premiere-finale-en-atp-500\/","og_site_name":"Dicodusport","article_publisher":"https:\/\/www.facebook.com\/dicodusport","article_author":"https:\/\/www.facebook.com\/sebastien.gente\/","article_published_time":"2025-02-23T06:41:55+00:00","article_modified_time":"2025-02-23T06:47:09+00:00","og_image":[{"width":1200,"height":674,"url":"https:\/\/dicodusport.fr\/blog\/wp-content\/uploads\/2025\/02\/Tennis-Rio-2025-Alexandre-Muller-decroche-sa-premiere-finale-en-ATP-500.png","type":"image\/png"}],"author":"S\u00e9bastien Gente","twitter_card":"summary_large_image","twitter_title":"Tennis Rio 2025 : Alexandre M\u00fcller d\u00e9croche sa premi\u00e8re finale en ATP 500","twitter_creator":"@https:\/\/twitter.com\/globulo24","twitter_site":"@dicodusport","schema":{"@context":"https:\/\/schema.org","@graph":[{"@type":"NewsArticle","@id":"https:\/\/dicodusport.fr\/blog\/tennis-rio-2025-alexandre-muller-decroche-sa-premiere-finale-en-atp-500\/#article","isPartOf":{"@id":"https:\/\/dicodusport.fr\/blog\/tennis-rio-2025-alexandre-muller-decroche-sa-premiere-finale-en-atp-500\/"},"author":{"name":"S\u00e9bastien Gente","@id":"https:\/\/dicodusport.fr\/blog\/#\/schema\/person\/627966a6cde45dbd8c5e36ac85d783da"},"headline":"Tennis Rio 2025 : Alexandre M\u00fcller d\u00e9croche sa premi\u00e8re finale en ATP 500","datePublished":"2025-02-23T06:41:55+00:00","dateModified":"2025-02-23T06:47:09+00:00","mainEntityOfPage":{"@id":"https:\/\/dicodusport.fr\/blog\/tennis-rio-2025-alexandre-muller-decroche-sa-premiere-finale-en-atp-500\/"},"wordCount":452,"commentCount":0,"publisher":{"@id":"https:\/\/dicodusport.fr\/blog\/#organization"},"image":{"@id":"https:\/\/dicodusport.fr\/blog\/tennis-rio-2025-alexandre-muller-decroche-sa-premiere-finale-en-atp-500\/#primaryimage"},"thumbnailUrl":"https:\/\/dicodusport.fr\/blog\/wp-content\/uploads\/2025\/02\/Tennis-Rio-2025-Alexandre-Muller-decroche-sa-premiere-finale-en-ATP-500.png","keywords":["actu","Alexandre M\u00fcller","br\u00e8ve"],"articleSection":["Tennis"],"inLanguage":"fr-FR","potentialAction":[{"@type":"CommentAction","name":"Comment","target":["https:\/\/dicodusport.fr\/blog\/tennis-rio-2025-alexandre-muller-decroche-sa-premiere-finale-en-atp-500\/#respond"]}],"copyrightYear":"2025","copyrightHolder":{"@id":"https:\/\/dicodusport.fr\/blog\/#organization"}},{"@type":"WebPage","@id":"https:\/\/dicodusport.fr\/blog\/tennis-rio-2025-alexandre-muller-decroche-sa-premiere-finale-en-atp-500\/","url":"https:\/\/dicodusport.fr\/blog\/tennis-rio-2025-alexandre-muller-decroche-sa-premiere-finale-en-atp-500\/","name":"Tennis Rio 2025 : Alexandre M\u00fcller d\u00e9croche sa premi\u00e8re finale en ATP 500","isPartOf":{"@id":"https:\/\/dicodusport.fr\/blog\/#website"},"primaryImageOfPage":{"@id":"https:\/\/dicodusport.fr\/blog\/tennis-rio-2025-alexandre-muller-decroche-sa-premiere-finale-en-atp-500\/#primaryimage"},"image":{"@id":"https:\/\/dicodusport.fr\/blog\/tennis-rio-2025-alexandre-muller-decroche-sa-premiere-finale-en-atp-500\/#primaryimage"},"thumbnailUrl":"https:\/\/dicodusport.fr\/blog\/wp-content\/uploads\/2025\/02\/Tennis-Rio-2025-Alexandre-Muller-decroche-sa-premiere-finale-en-ATP-500.png","datePublished":"2025-02-23T06:41:55+00:00","dateModified":"2025-02-23T06:47:09+00:00","description":"TOURNOI ATP 500 DE RIO DE JANEIRO 2025 - Gros d\u00e9but d'ann\u00e9e pour Alexandre M\u00fcller, qui disputera ce soir sa plus grosse finale au Br\u00e9sil.\u00a0","breadcrumb":{"@id":"https:\/\/dicodusport.fr\/blog\/tennis-rio-2025-alexandre-muller-decroche-sa-premiere-finale-en-atp-500\/#breadcrumb"},"inLanguage":"fr-FR","potentialAction":[{"@type":"ReadAction","target":["https:\/\/dicodusport.fr\/blog\/tennis-rio-2025-alexandre-muller-decroche-sa-premiere-finale-en-atp-500\/"]}]},{"@type":"ImageObject","inLanguage":"fr-FR","@id":"https:\/\/dicodusport.fr\/blog\/tennis-rio-2025-alexandre-muller-decroche-sa-premiere-finale-en-atp-500\/#primaryimage","url":"https:\/\/dicodusport.fr\/blog\/wp-content\/uploads\/2025\/02\/Tennis-Rio-2025-Alexandre-Muller-decroche-sa-premiere-finale-en-ATP-500.png","contentUrl":"https:\/\/dicodusport.fr\/blog\/wp-content\/uploads\/2025\/02\/Tennis-Rio-2025-Alexandre-Muller-decroche-sa-premiere-finale-en-ATP-500.png","width":1200,"height":674,"caption":"Tennis Rio 2025 Alexandre M\u00fcller d\u00e9croche sa premi\u00e8re finale en ATP 500"},{"@type":"BreadcrumbList","@id":"https:\/\/dicodusport.fr\/blog\/tennis-rio-2025-alexandre-muller-decroche-sa-premiere-finale-en-atp-500\/#breadcrumb","itemListElement":[{"@type":"ListItem","position":1,"name":"Accueil","item":"https:\/\/dicodusport.fr\/blog\/"},{"@type":"ListItem","position":2,"name":"Tennis Rio 2025 : Alexandre M\u00fcller d\u00e9croche sa premi\u00e8re finale en ATP 500"}]},{"@type":"WebSite","@id":"https:\/\/dicodusport.fr\/blog\/#website","url":"https:\/\/dicodusport.fr\/blog\/","name":"Dicodusport","description":"L&#039;encyclop\u00e9die de l&#039;actualit\u00e9 sportive","publisher":{"@id":"https:\/\/dicodusport.fr\/blog\/#organization"},"potentialAction":[{"@type":"SearchAction","target":{"@type":"EntryPoint","urlTemplate":"https:\/\/dicodusport.fr\/blog\/?s={search_term_string}"},"query-input":{"@type":"PropertyValueSpecification","valueRequired":true,"valueName":"search_term_string"}}],"inLanguage":"fr-FR"},{"@type":"NewsMediaOrganization","@id":"https:\/\/dicodusport.fr\/blog\/#organization","name":"Dicodusport","url":"https:\/\/dicodusport.fr\/blog\/","logo":{"@type":"ImageObject","inLanguage":"fr-FR","@id":"https:\/\/dicodusport.fr\/blog\/#\/schema\/logo\/image\/","url":"https:\/\/dicodusport.fr\/blog\/wp-content\/uploads\/2020\/06\/cropped-LOGO-DICODUSPORT-2020-SANS-FOND-SANS-TEXTE.png","contentUrl":"https:\/\/dicodusport.fr\/blog\/wp-content\/uploads\/2020\/06\/cropped-LOGO-DICODUSPORT-2020-SANS-FOND-SANS-TEXTE.png","width":512,"height":512,"caption":"Dicodusport"},"image":{"@id":"https:\/\/dicodusport.fr\/blog\/#\/schema\/logo\/image\/"},"sameAs":["https:\/\/www.facebook.com\/dicodusport","https:\/\/x.com\/dicodusport","https:\/\/www.instagram.com\/dicodusport\/","https:\/\/www.youtube.com\/channel\/UC7V2KZ5sd3htJivAbA4ZG3w"],"description":"Dicodusport est l'encyclop\u00e9die de l'actualit\u00e9 sportive.","email":"bonjour@dicodusport.fr","legalName":"DICODUSPORT","foundingDate":"2018-01-14","vatID":"FR71834470973","taxID":"83447097300043","numberOfEmployees":{"@type":"QuantitativeValue","minValue":"1","maxValue":"10"}},{"@type":"Person","@id":"https:\/\/dicodusport.fr\/blog\/#\/schema\/person\/627966a6cde45dbd8c5e36ac85d783da","name":"S\u00e9bastien Gente","image":{"@type":"ImageObject","inLanguage":"fr-FR","@id":"https:\/\/dicodusport.fr\/blog\/#\/schema\/person\/image\/","url":"https:\/\/dicodusport.fr\/blog\/wp-content\/uploads\/2021\/09\/1510990_10205810251400683_4124423575079401707_n-150x150.jpg","contentUrl":"https:\/\/dicodusport.fr\/blog\/wp-content\/uploads\/2021\/09\/1510990_10205810251400683_4124423575079401707_n-150x150.jpg","caption":"S\u00e9bastien Gente"},"description":"John Stockton, Gianni Bugno, Zinedine Zidane, Steffi Graf, Frode Andresen, St\u00e9phane Stoecklin, Davis Kamoga, Primoz Peterka, Werner Schlager et Aur\u00e9lien Rougerie. Point commun entre ces sportifs? Ils m'ont fait r\u00eaver et ont berc\u00e9 mon adolescence. Je suis un fondu de sports et j'essaie de retranscrire ma passion \u00e0 travers mes articles. Originaire du P\u00e9rigord, ma passion pour les Girondins, les Jaunards et les Jazzmen transpire dans mes \u00e9crits. \u00c0 Dicodusport depuis 2021, je d\u00e9niche les sports m\u00e9connus dans lesquels la France brille, et il y en a !","sameAs":["https:\/\/www.facebook.com\/sebastien.gente\/","https:\/\/www.instagram.com\/sebgente\/","https:\/\/www.linkedin.com\/in\/sbastien-gente-a29583169\/","https:\/\/x.com\/https:\/\/twitter.com\/globulo24","SebastienGente"],"worksFor":"S\u00e9bastien GENTE","url":"https:\/\/dicodusport.fr\/blog\/author\/sebastiengente\/"}]}},"_links":{"self":[{"href":"https:\/\/dicodusport.fr\/blog\/wp-json\/wp\/v2\/posts\/558387","targetHints":{"allow":["GET"]}}],"collection":[{"href":"https:\/\/dicodusport.fr\/blog\/wp-json\/wp\/v2\/posts"}],"about":[{"href":"https:\/\/dicodusport.fr\/blog\/wp-json\/wp\/v2\/types\/post"}],"author":[{"embeddable":true,"href":"https:\/\/dicodusport.fr\/blog\/wp-json\/wp\/v2\/users\/59"}],"replies":[{"embeddable":true,"href":"https:\/\/dicodusport.fr\/blog\/wp-json\/wp\/v2\/comments?post=558387"}],"version-history":[{"count":2,"href":"https:\/\/dicodusport.fr\/blog\/wp-json\/wp\/v2\/posts\/558387\/revisions"}],"predecessor-version":[{"id":558392,"href":"https:\/\/dicodusport.fr\/blog\/wp-json\/wp\/v2\/posts\/558387\/revisions\/558392"}],"wp:featuredmedia":[{"embeddable":true,"href":"https:\/\/dicodusport.fr\/blog\/wp-json\/wp\/v2\/media\/558388"}],"wp:attachment":[{"href":"https:\/\/dicodusport.fr\/blog\/wp-json\/wp\/v2\/media?parent=558387"}],"wp:term":[{"taxonomy":"category","embeddable":true,"href":"https:\/\/dicodusport.fr\/blog\/wp-json\/wp\/v2\/categories?post=558387"},{"taxonomy":"post_tag","embeddable":true,"href":"https:\/\/dicodusport.fr\/blog\/wp-json\/wp\/v2\/tags?post=558387"}],"curies":[{"name":"wp","href":"https:\/\/api.w.org\/{rel}","templated":true}]}}