{"id":558409,"date":"2025-03-02T14:29:17","date_gmt":"2025-03-02T13:29:17","guid":{"rendered":"https:\/\/dicodusport.fr\/blog\/?p=558409&#038;preview=true&#038;preview_id=558409"},"modified":"2025-03-02T15:10:33","modified_gmt":"2025-03-02T14:10:33","slug":"judo-grand-slam-de-tachkent-2025-programme-et-resultats","status":"publish","type":"post","link":"https:\/\/dicodusport.fr\/blog\/judo-grand-slam-de-tachkent-2025-programme-et-resultats\/","title":{"rendered":"Judo &#8211; Grand Slam de Tachkent 2025 : Programme et r\u00e9sultats"},"content":{"rendered":"<h4 style=\"text-align: justify;\"><em>JUDO &#8211; Le Grand Slam de Tachkent se d\u00e9roule du vendredi 28 f\u00e9vrier au dimanche 2 mars. Programme et r\u00e9sultats de la comp\u00e9tition.<\/em><\/h4>\n<ul>\n<li style=\"text-align: justify;\"><strong>\u00c0 ce sujet &#8211; <a href=\"https:\/\/dicodusport.fr\/blog\/judo-grand-slam-de-tachkent-2025-la-selection-francaise\/\" target=\"_blank\" rel=\"noopener\">La s\u00e9lection fran\u00e7aise pour le Grand Slam de Tachkent 2025<\/a><\/strong><\/li>\n<\/ul>\n<h3>Vendredi 28 f\u00e9vrier<\/h3>\n<p><strong>6h30 : \u00e9liminatoires<\/strong><br \/>\n<strong>13h : finales\u00a0<\/strong><\/p>\n<p><strong>Femmes<\/strong><br \/>\n<a href=\"https:\/\/judobase.ijf.org\/#\/competition\/profile\/2871\/contest_sheets\/8\" target=\"_blank\" rel=\"noopener\">-48 kg<\/a>, <a href=\"https:\/\/judobase.ijf.org\/#\/competition\/profile\/2871\/contest_sheets\/9\" target=\"_blank\" rel=\"noopener\">-52 kg<\/a>, <a href=\"https:\/\/judobase.ijf.org\/#\/competition\/profile\/2871\/contest_sheets\/10\" target=\"_blank\" rel=\"noopener\">-57 kg<\/a><\/p>\n<p><strong>Hommes<\/strong><br \/>\n<a href=\"https:\/\/judobase.ijf.org\/#\/competition\/profile\/2871\/contest_sheets\/1\" target=\"_blank\" rel=\"noopener\">-60 kg<\/a>, <a href=\"https:\/\/judobase.ijf.org\/#\/competition\/profile\/2871\/contest_sheets\/2\" target=\"_blank\" rel=\"noopener\">-66 kg<\/a><\/p>\n<hr \/>\n<h3 style=\"text-align: justify;\">Samedi 1er mars<\/h3>\n<p style=\"text-align: justify;\"><strong>8h : \u00e9liminatoires<\/strong><br \/>\n<strong>13h : finales\u00a0<\/strong><\/p>\n<p style=\"text-align: justify;\"><strong>Femmes<\/strong><br \/>\n<a href=\"https:\/\/judobase.ijf.org\/#\/competition\/profile\/2871\/contest_sheets\/11\" target=\"_blank\" rel=\"noopener\">-63 kg<\/a>, <a href=\"https:\/\/judobase.ijf.org\/#\/competition\/profile\/2871\/contest_sheets\/12\" target=\"_blank\" rel=\"noopener\">-70 kg<\/a><\/p>\n<p style=\"text-align: justify;\"><strong>Hommes<\/strong><br \/>\n<a href=\"https:\/\/judobase.ijf.org\/#\/competition\/profile\/2871\/contest_sheets\/3\" target=\"_blank\" rel=\"noopener\">-73 kg<\/a>, <a href=\"https:\/\/judobase.ijf.org\/#\/competition\/profile\/2871\/contest_sheets\/4\" target=\"_blank\" rel=\"noopener\">-81 kg<\/a><\/p>\n<hr \/>\n<h3>Dimanche 2 mars<\/h3>\n<p style=\"text-align: justify;\"><strong>8h : \u00e9liminatoires<\/strong><br \/>\n<strong>13h : finales<\/strong><\/p>\n<p style=\"text-align: justify;\"><strong>Femmes<\/strong><br \/>\n<a href=\"https:\/\/judobase.ijf.org\/#\/competition\/profile\/2871\/contest_sheets\/13\" target=\"_blank\" rel=\"noopener\">-78 kg<\/a>, <a href=\"https:\/\/judobase.ijf.org\/#\/competition\/profile\/2871\/contest_sheets\/14\" target=\"_blank\" rel=\"noopener\">+78 kg<\/a><\/p>\n<p style=\"text-align: justify;\"><strong>Hommes<\/strong><br \/>\n<a href=\"https:\/\/judobase.ijf.org\/#\/competition\/profile\/2871\/contest_sheets\/5\" target=\"_blank\" rel=\"noopener\">-90 kg<\/a>, <a href=\"https:\/\/judobase.ijf.org\/#\/competition\/profile\/2871\/contest_sheets\/6\" target=\"_blank\" rel=\"noopener\">-100 kg<\/a>, <a href=\"https:\/\/judobase.ijf.org\/#\/competition\/profile\/2871\/contest_sheets\/7\" target=\"_blank\" rel=\"noopener\">+100 kg<\/a><\/p>\n<hr \/>\n<p style=\"text-align: justify;\">Tous les combats sont \u00e0 suivre sur <strong><a href=\"https:\/\/judotv.com\/competitions\/gs_uzb2025\/live\" target=\"_blank\" rel=\"noopener\">Judo TV<\/a><\/strong> (compte payant en France).<\/p>\n<p style=\"text-align: justify;\">Les finales sont \u00e0 suivre en int\u00e9gralit\u00e9 sur <strong>RMC Sport 1<\/strong>.<\/p>\n<p>&nbsp;<\/p>\n<h2>Les m\u00e9daill\u00e9es f\u00e9minines<\/h2>\n<div class=\"su-table su-table-alternate\">\n<table style=\"width: 724px;border-collapse: collapse\">\n<tbody>\n<tr>\n<td style=\"text-align: center;border-color: #d9d9d9;border-style: solid;width: 91px;vertical-align: middle\"><strong>Cat\u00e9gorie<\/strong><\/td>\n<td style=\"text-align: center;border-color: #d9d9d9;border-style: solid;width: 211px;vertical-align: middle;background-color: #ffffff\"><strong>\ud83e\udd47 Or<\/strong><\/td>\n<td style=\"text-align: center;border-color: #d9d9d9;border-style: solid;width: 211px;vertical-align: middle;background-color: #ffffff\"><strong>\ud83e\udd48 Argent<\/strong><\/td>\n<td style=\"text-align: center;border-color: #d9d9d9;border-style: solid;width: 211px;vertical-align: middle;background-color: #ffffff\"><strong>\ud83e\udd49 Bronze<\/strong><\/td>\n<\/tr>\n<tr>\n<td style=\"text-align: center;border-color: #d9d9d9;border-style: solid;width: 91px;vertical-align: middle\"><strong>-48 kg<\/strong><\/td>\n<td style=\"text-align: center;border-color: #d9d9d9;border-style: solid;width: 211px;vertical-align: middle\"><span id=\"copy-emoji\" class=\"efont\">\ud83c\uddef\ud83c\uddf5 <strong>Kano Miyaki<\/strong><\/span><\/td>\n<td style=\"text-align: center;border-color: #d9d9d9;border-style: solid;width: 211px;vertical-align: middle\"><span id=\"copy-emoji\" class=\"efont\">\ud83c\uddef\ud83c\uddf5<\/span> Hikari Yoshioka<\/td>\n<td style=\"text-align: center;border-color: #d9d9d9;border-style: solid;width: 211px;vertical-align: middle\"><img loading=\"lazy\" decoding=\"async\" class=\"alignnone\" src=\"https:\/\/judotv.com\/cdn-cgi\/image\/w=80,h=60\/https:\/\/78884ca60822a34fb0e6-082b8fd5551e97bc65e327988b444396.ssl.cf3.rackcdn.com\/flags\/80x60\/ijf.png\" alt=\"https:\/\/judotv.com\/cdn-cgi\/image\/w=80,h=60\/https:\/\/78884ca60822a34fb0e6-082b8fd5551e97bc65e327988b444396.ssl.cf3.rackcdn.com\/flags\/80x60\/ijf.png\" width=\"20\" height=\"15\" data-src=\"https:\/\/judotv.com\/cdn-cgi\/image\/w=80,h=60\/https:\/\/78884ca60822a34fb0e6-082b8fd5551e97bc65e327988b444396.ssl.cf3.rackcdn.com\/flags\/80x60\/ijf.png\" data-ll-status=\"loaded\" \/> Sabina Giliazova<br \/>\n<span id=\"copy-emoji\" class=\"efont\">\ud83c\udde8\ud83c\uddf3 Xinran Hui<\/span><\/td>\n<\/tr>\n<tr>\n<td style=\"text-align: center;border-color: #d9d9d9;border-style: solid;width: 91px;vertical-align: middle\"><strong>-52 kg<\/strong><\/td>\n<td style=\"text-align: center;border-color: #d9d9d9;border-style: solid;width: 211px;vertical-align: middle\"><span id=\"copy-emoji\" class=\"efont\">\ud83c\uddef\ud83c\uddf5<\/span> <strong>Nanako Tsubone<\/strong><\/td>\n<td style=\"text-align: center;border-color: #d9d9d9;border-style: solid;width: 211px;vertical-align: middle\">\ud83c\uddea\ud83c\uddf8 Ayumi Leiva Sanchez<\/td>\n<td style=\"text-align: center;border-color: #d9d9d9;border-style: solid;width: 211px;vertical-align: middle\">\ud83c\uddea\ud83c\uddf8 Mireia Lapuerta Comas<br \/>\n<span id=\"copy-emoji\" class=\"efont\">\ud83c\uddef\ud83c\uddf5<\/span> Rin Takeuchi<\/td>\n<\/tr>\n<tr>\n<td style=\"text-align: center;border-color: #d9d9d9;border-style: solid;width: 91px;vertical-align: middle\"><strong>-57 kg<\/strong><\/td>\n<td style=\"text-align: center;border-color: #d9d9d9;border-style: solid;width: 211px;vertical-align: middle\"><span id=\"copy-emoji\" class=\"efont\">\ud83c\uddef\ud83c\uddf5<\/span> <strong>Akari Omori<\/strong><\/td>\n<td style=\"text-align: center;border-color: #d9d9d9;border-style: solid;width: 211px;vertical-align: middle\"><span id=\"copy-emoji\" class=\"efont\">\ud83c\uddef\ud83c\uddf5<\/span> Moa Ono<\/td>\n<td style=\"text-align: center;border-color: #d9d9d9;border-style: solid;width: 211px;vertical-align: middle\"><span id=\"copy-emoji\" class=\"efont\">\ud83c\uddee\ud83c\uddf1 Timna Nelson Levy<\/span><br \/>\n<span id=\"copy-emoji\" class=\"efont\"><img loading=\"lazy\" decoding=\"async\" class=\"transparent perfmatters-lazy entered pmloaded\" src=\"https:\/\/judotv.com\/cdn-cgi\/image\/w=80,h=60\/https:\/\/78884ca60822a34fb0e6-082b8fd5551e97bc65e327988b444396.ssl.cf3.rackcdn.com\/flags\/80x60\/ijf.png\" alt=\"https:\/\/judotv.com\/cdn-cgi\/image\/w=80,h=60\/https:\/\/78884ca60822a34fb0e6-082b8fd5551e97bc65e327988b444396.ssl.cf3.rackcdn.com\/flags\/80x60\/ijf.png\" width=\"20\" height=\"15\" data-src=\"https:\/\/judotv.com\/cdn-cgi\/image\/w=80,h=60\/https:\/\/78884ca60822a34fb0e6-082b8fd5551e97bc65e327988b444396.ssl.cf3.rackcdn.com\/flags\/80x60\/ijf.png\" data-ll-status=\"loaded\" \/> Irina Zueva<\/span><\/td>\n<\/tr>\n<tr>\n<td style=\"text-align: center;border-color: #d9d9d9;border-style: solid;width: 91px;vertical-align: middle\"><strong>-63 kg<\/strong><\/td>\n<td style=\"text-align: center;border-color: #d9d9d9;border-style: solid;width: 211px;vertical-align: middle\"><span id=\"copy-emoji\" class=\"efont\">\ud83c\uddef\ud83c\uddf5<\/span> <strong>Kirari Yamaguchi<\/strong><\/td>\n<td style=\"text-align: center;border-color: #d9d9d9;border-style: solid;width: 211px;vertical-align: middle\"><span id=\"copy-emoji\" class=\"efont\">\ud83c\uddee\ud83c\uddf1<\/span> Inbal SHemesh<\/td>\n<td style=\"text-align: center;border-color: #d9d9d9;border-style: solid;width: 211px;vertical-align: middle\"><span id=\"copy-emoji\" class=\"efont\">\ud83c\uddef\ud83c\uddf5<\/span> Momo Tatsukawa<br \/>\n\ud83c\udded\ud83c\uddf7 Iva Oberan<\/td>\n<\/tr>\n<tr>\n<td style=\"text-align: center;border-color: #d9d9d9;border-style: solid;width: 91px;vertical-align: middle\"><strong>-70 kg<\/strong><\/td>\n<td style=\"text-align: center;border-color: #d9d9d9;border-style: solid;width: 211px;vertical-align: middle\"><span id=\"copy-emoji\" class=\"efont\">\ud83c\uddef\ud83c\uddf5<\/span> <strong>Rin Maeda<\/strong><\/td>\n<td style=\"text-align: center;border-color: #d9d9d9;border-style: solid;width: 211px;vertical-align: middle\"><span id=\"copy-emoji\" class=\"efont\">\ud83c\uddfa\ud83c\uddff<\/span> Kurshida Razzokberdieva<\/td>\n<td style=\"text-align: center;border-color: #d9d9d9;border-style: solid;width: 211px;vertical-align: middle\">\ud83c\udde9\ud83c\uddea\u00a0Giovanna Scoccimarro<br \/>\n<strong><img loading=\"lazy\" decoding=\"async\" class=\"alignnone wp-image-149317\" src=\"https:\/\/dicodusport.fr\/blog\/wp-content\/uploads\/2021\/07\/Drapeau-Taipei-Chinois.png\" alt=\"\" width=\"13\" height=\"13\" srcset=\"https:\/\/dicodusport.fr\/blog\/wp-content\/uploads\/2021\/07\/Drapeau-Taipei-Chinois.png 1598w, https:\/\/dicodusport.fr\/blog\/wp-content\/uploads\/2021\/07\/Drapeau-Taipei-Chinois-300x296.png 300w, https:\/\/dicodusport.fr\/blog\/wp-content\/uploads\/2021\/07\/Drapeau-Taipei-Chinois-1024x1011.png 1024w, https:\/\/dicodusport.fr\/blog\/wp-content\/uploads\/2021\/07\/Drapeau-Taipei-Chinois-150x150.png 150w, https:\/\/dicodusport.fr\/blog\/wp-content\/uploads\/2021\/07\/Drapeau-Taipei-Chinois-768x758.png 768w, https:\/\/dicodusport.fr\/blog\/wp-content\/uploads\/2021\/07\/Drapeau-Taipei-Chinois-1536x1517.png 1536w, https:\/\/dicodusport.fr\/blog\/wp-content\/uploads\/2021\/07\/Drapeau-Taipei-Chinois-560x600.png 560w, https:\/\/dicodusport.fr\/blog\/wp-content\/uploads\/2021\/07\/Drapeau-Taipei-Chinois-80x80.png 80w\" sizes=\"auto, (max-width: 13px) 100vw, 13px\" \/><\/strong> Yu-Jung Liao<\/td>\n<\/tr>\n<tr>\n<td style=\"text-align: center;border-color: #d9d9d9;border-style: solid;width: 91px;vertical-align: middle\"><strong>-78 kg<\/strong><\/td>\n<td style=\"text-align: center;border-color: #d9d9d9;border-style: solid;width: 211px;vertical-align: middle\">\ud83c\udde8\ud83c\uddf3 <strong>Zhenzhao Ma<\/strong><\/td>\n<td style=\"text-align: center;border-color: #d9d9d9;border-style: solid;width: 211px;vertical-align: middle\">\ud83c\udde9\ud83c\uddea Alina Boehm<\/td>\n<td style=\"text-align: center;border-color: #d9d9d9;border-style: solid;width: 211px;vertical-align: middle\">\ud83c\udde9\ud83c\uddea Anna Monta Olek<br \/>\n<span id=\"copy-emoji\" class=\"efont\">\ud83c\uddee\ud83c\uddf1<\/span> Inbar Lanir<\/td>\n<\/tr>\n<tr>\n<td style=\"text-align: center;border-color: #d9d9d9;border-style: solid;width: 91px;vertical-align: middle\"><strong>+78 kg<\/strong><\/td>\n<td style=\"text-align: center;border-color: #d9d9d9;border-style: solid;width: 211px;vertical-align: middle\"><span id=\"copy-emoji\" class=\"efont\">\ud83c\udde8\ud83c\uddf3\u00a0<strong>Xinran Niu<\/strong><br \/>\n<\/span><\/td>\n<td style=\"text-align: center;border-color: #d9d9d9;border-style: solid;width: 211px;vertical-align: middle\"><span id=\"copy-emoji\" class=\"efont\">\ud83c\uddef\ud83c\uddf5<\/span> Chihiro Yamaguchi<\/td>\n<td style=\"text-align: center;border-color: #d9d9d9;border-style: solid;width: 211px;vertical-align: middle\">\ud83c\udde8\ud83c\uddf3 Jinesinuer Ayiman<br \/>\n\ud83c\uddeb\ud83c\uddf7 <a title=\"Judo \u2013 Grand Slam de Tachkent 2025 : Retour gagnant pour Julia Tolofua qui glane le bronze (+78 kg)\" href=\"https:\/\/dicodusport.fr\/blog\/judo-grand-slam-de-tachkent-2025-retour-gagnant-pour-julia-tolofua-qui-glane-le-bronze-78-kg\/\" target=\"_blank\" rel=\"noopener\">Julia Tolofua<\/a><\/td>\n<\/tr>\n<\/tbody>\n<\/table>\n<\/div>\n<p>&nbsp;<\/p>\n<h2>Les m\u00e9daill\u00e9s masculins<\/h2>\n<div class=\"su-table su-table-alternate\">\n<table style=\"width: 724px;border-collapse: collapse\">\n<tbody>\n<tr>\n<td style=\"text-align: center;border-color: #d9d9d9;border-style: solid;width: 91px;vertical-align: middle\"><strong>Cat\u00e9gorie<\/strong><\/td>\n<td style=\"text-align: center;border-color: #d9d9d9;border-style: solid;width: 211px;vertical-align: middle;background-color: #ffffff\">\ud83e\udd47<br \/>\n<strong>Or<\/strong><\/td>\n<td style=\"text-align: center;border-color: #d9d9d9;border-style: solid;width: 211px;vertical-align: middle;background-color: #ffffff\">\ud83e\udd48 <strong>Argent<\/strong><\/td>\n<td style=\"text-align: center;border-color: #d9d9d9;border-style: solid;width: 211px;vertical-align: middle;background-color: #ffffff\">\ud83e\udd49 <strong>Bronze<\/strong><\/td>\n<\/tr>\n<tr>\n<td style=\"text-align: center;border-color: #d9d9d9;border-style: solid;width: 91px;vertical-align: middle\"><strong>-60 kg<\/strong><\/td>\n<td style=\"text-align: center;border-color: #d9d9d9;border-style: solid;width: 211px;vertical-align: middle\"><span id=\"copy-emoji\" class=\"efont\"><img loading=\"lazy\" decoding=\"async\" class=\"transparent perfmatters-lazy entered pmloaded\" src=\"https:\/\/judotv.com\/cdn-cgi\/image\/w=80,h=60\/https:\/\/78884ca60822a34fb0e6-082b8fd5551e97bc65e327988b444396.ssl.cf3.rackcdn.com\/flags\/80x60\/ijf.png\" alt=\"https:\/\/judotv.com\/cdn-cgi\/image\/w=80,h=60\/https:\/\/78884ca60822a34fb0e6-082b8fd5551e97bc65e327988b444396.ssl.cf3.rackcdn.com\/flags\/80x60\/ijf.png\" width=\"20\" height=\"15\" data-src=\"https:\/\/judotv.com\/cdn-cgi\/image\/w=80,h=60\/https:\/\/78884ca60822a34fb0e6-082b8fd5551e97bc65e327988b444396.ssl.cf3.rackcdn.com\/flags\/80x60\/ijf.png\" data-ll-status=\"loaded\" \/> <\/span><strong><span id=\"copy-emoji\" class=\"efont\">Ayub Bliev<\/span><\/strong><\/td>\n<td style=\"text-align: center;border-color: #d9d9d9;border-style: solid;width: 211px;vertical-align: middle\">\ud83c\udde6\ud83c\uddff Turan Bayramov<\/td>\n<td style=\"text-align: center;border-color: #d9d9d9;border-style: solid;width: 211px;vertical-align: middle\">\ud83c\uddfa\ud83c\uddff Kamoliddin Bakhtiyorov<br \/>\n<span id=\"copy-emoji\" class=\"efont\">\ud83c\uddfa\ud83c\uddff Anvarjon Ibrohimov<\/span><\/td>\n<\/tr>\n<tr>\n<td style=\"text-align: center;border-color: #d9d9d9;border-style: solid;width: 91px;vertical-align: middle\"><strong>-66 kg<\/strong><\/td>\n<td style=\"text-align: center;border-color: #d9d9d9;border-style: solid;width: 211px;vertical-align: middle\"><img loading=\"lazy\" decoding=\"async\" class=\"transparent perfmatters-lazy entered pmloaded\" src=\"https:\/\/judotv.com\/cdn-cgi\/image\/w=80,h=60\/https:\/\/78884ca60822a34fb0e6-082b8fd5551e97bc65e327988b444396.ssl.cf3.rackcdn.com\/flags\/80x60\/ijf.png\" alt=\"https:\/\/judotv.com\/cdn-cgi\/image\/w=80,h=60\/https:\/\/78884ca60822a34fb0e6-082b8fd5551e97bc65e327988b444396.ssl.cf3.rackcdn.com\/flags\/80x60\/ijf.png\" width=\"20\" height=\"15\" data-src=\"https:\/\/judotv.com\/cdn-cgi\/image\/w=80,h=60\/https:\/\/78884ca60822a34fb0e6-082b8fd5551e97bc65e327988b444396.ssl.cf3.rackcdn.com\/flags\/80x60\/ijf.png\" data-ll-status=\"loaded\" \/> <strong>Ramazan Abdulaev<\/strong><\/td>\n<td style=\"text-align: center;border-color: #d9d9d9;border-style: solid;width: 211px;vertical-align: middle\">\ud83c\uddfa\ud83c\uddff Zamohshari Bekmurodov<\/td>\n<td style=\"text-align: center;border-color: #d9d9d9;border-style: solid;width: 211px;vertical-align: middle\">\ud83c\uddfa\ud83c\uddff Mukhriddin Tilovov<br \/>\n\ud83c\uddfa\ud83c\uddff Artyom Shturbabin<\/td>\n<\/tr>\n<tr>\n<td style=\"text-align: center;border-color: #d9d9d9;border-style: solid;width: 91px;vertical-align: middle\"><strong>-73 kg<\/strong><\/td>\n<td style=\"text-align: center;border-color: #d9d9d9;border-style: solid;width: 211px;vertical-align: middle\"><img loading=\"lazy\" decoding=\"async\" class=\"transparent perfmatters-lazy entered pmloaded\" src=\"https:\/\/judotv.com\/cdn-cgi\/image\/w=80,h=60\/https:\/\/78884ca60822a34fb0e6-082b8fd5551e97bc65e327988b444396.ssl.cf3.rackcdn.com\/flags\/80x60\/ijf.png\" alt=\"https:\/\/judotv.com\/cdn-cgi\/image\/w=80,h=60\/https:\/\/78884ca60822a34fb0e6-082b8fd5551e97bc65e327988b444396.ssl.cf3.rackcdn.com\/flags\/80x60\/ijf.png\" width=\"20\" height=\"15\" data-src=\"https:\/\/judotv.com\/cdn-cgi\/image\/w=80,h=60\/https:\/\/78884ca60822a34fb0e6-082b8fd5551e97bc65e327988b444396.ssl.cf3.rackcdn.com\/flags\/80x60\/ijf.png\" data-ll-status=\"loaded\" \/> <strong>Karen Galstian<\/strong><\/td>\n<td style=\"text-align: center;border-color: #d9d9d9;border-style: solid;width: 211px;vertical-align: middle\"><img loading=\"lazy\" decoding=\"async\" class=\"transparent perfmatters-lazy entered pmloaded\" src=\"https:\/\/judotv.com\/cdn-cgi\/image\/w=80,h=60\/https:\/\/78884ca60822a34fb0e6-082b8fd5551e97bc65e327988b444396.ssl.cf3.rackcdn.com\/flags\/80x60\/ijf.png\" alt=\"https:\/\/judotv.com\/cdn-cgi\/image\/w=80,h=60\/https:\/\/78884ca60822a34fb0e6-082b8fd5551e97bc65e327988b444396.ssl.cf3.rackcdn.com\/flags\/80x60\/ijf.png\" width=\"20\" height=\"15\" data-src=\"https:\/\/judotv.com\/cdn-cgi\/image\/w=80,h=60\/https:\/\/78884ca60822a34fb0e6-082b8fd5551e97bc65e327988b444396.ssl.cf3.rackcdn.com\/flags\/80x60\/ijf.png\" data-ll-status=\"loaded\" \/> Danil Lavrentev<\/td>\n<td style=\"text-align: center;border-color: #d9d9d9;border-style: solid;width: 211px;vertical-align: middle\">\ud83c\uddeb\ud83c\uddf7 <a title=\"Judo \u2013 Grand Slam de Tachkent 2025 : Maxime Gobert (-73 kg) remporte la m\u00e9daille de bronze\" href=\"https:\/\/dicodusport.fr\/blog\/judo-grand-slam-de-tachkent-2025-maxime-gobert-73-kg-remporte-la-medaille-de-bronze\/\" target=\"_blank\" rel=\"noopener\">Maxime Gobert<\/a><br \/>\n<span id=\"copy-emoji\" class=\"efont\"> \ud83c\uddfa\ud83c\uddff <\/span>Shakhram Ahadov<\/td>\n<\/tr>\n<tr>\n<td style=\"text-align: center;border-color: #d9d9d9;border-style: solid;width: 91px;vertical-align: middle\"><strong>-81 kg<\/strong><\/td>\n<td style=\"text-align: center;border-color: #d9d9d9;border-style: solid;width: 211px;vertical-align: middle\"><img loading=\"lazy\" decoding=\"async\" class=\"transparent perfmatters-lazy entered pmloaded\" src=\"https:\/\/judotv.com\/cdn-cgi\/image\/w=80,h=60\/https:\/\/78884ca60822a34fb0e6-082b8fd5551e97bc65e327988b444396.ssl.cf3.rackcdn.com\/flags\/80x60\/ijf.png\" alt=\"https:\/\/judotv.com\/cdn-cgi\/image\/w=80,h=60\/https:\/\/78884ca60822a34fb0e6-082b8fd5551e97bc65e327988b444396.ssl.cf3.rackcdn.com\/flags\/80x60\/ijf.png\" width=\"20\" height=\"15\" data-src=\"https:\/\/judotv.com\/cdn-cgi\/image\/w=80,h=60\/https:\/\/78884ca60822a34fb0e6-082b8fd5551e97bc65e327988b444396.ssl.cf3.rackcdn.com\/flags\/80x60\/ijf.png\" data-ll-status=\"loaded\" \/> <strong>Timur Arbuzov<\/strong><\/td>\n<td style=\"text-align: center;border-color: #d9d9d9;border-style: solid;width: 211px;vertical-align: middle\">\ud83c\uddfa\ud83c\uddff Arslonbek Tojiev<\/td>\n<td style=\"text-align: center;border-color: #d9d9d9;border-style: solid;width: 211px;vertical-align: middle\">\ud83c\udde6\ud83c\uddea Gadzhimurad Omarov<br \/>\n\ud83c\uddf0\ud83c\uddff Abylaikhan Zhubanazar<\/td>\n<\/tr>\n<tr>\n<td style=\"text-align: center;border-color: #d9d9d9;border-style: solid;width: 91px;vertical-align: middle\"><strong>-90 kg<\/strong><\/td>\n<td style=\"text-align: center;border-color: #d9d9d9;border-style: solid;width: 211px;vertical-align: middle\">\ud83c\uddfa\ud83c\uddff <strong>Shakhzodxujua Sharipov<\/strong><\/td>\n<td style=\"text-align: center;border-color: #d9d9d9;border-style: solid;width: 211px;vertical-align: middle\"><span id=\"copy-emoji\" class=\"efont\">\ud83c\uddef\ud83c\uddf5 Komei Kawabata<\/span><\/td>\n<td style=\"text-align: center;border-color: #d9d9d9;border-style: solid;width: 211px;vertical-align: middle\"><img loading=\"lazy\" decoding=\"async\" class=\"transparent perfmatters-lazy entered pmloaded\" src=\"https:\/\/judotv.com\/cdn-cgi\/image\/w=80,h=60\/https:\/\/78884ca60822a34fb0e6-082b8fd5551e97bc65e327988b444396.ssl.cf3.rackcdn.com\/flags\/80x60\/ijf.png\" alt=\"https:\/\/judotv.com\/cdn-cgi\/image\/w=80,h=60\/https:\/\/78884ca60822a34fb0e6-082b8fd5551e97bc65e327988b444396.ssl.cf3.rackcdn.com\/flags\/80x60\/ijf.png\" width=\"20\" height=\"15\" data-src=\"https:\/\/judotv.com\/cdn-cgi\/image\/w=80,h=60\/https:\/\/78884ca60822a34fb0e6-082b8fd5551e97bc65e327988b444396.ssl.cf3.rackcdn.com\/flags\/80x60\/ijf.png\" data-ll-status=\"loaded\" \/> Eldar Allakhverdiev<br \/>\n\ud83c\uddfa\ud83c\uddff Nurbek Murtozoev<\/td>\n<\/tr>\n<tr>\n<td style=\"text-align: center;border-color: #d9d9d9;border-style: solid;width: 91px;vertical-align: middle\"><strong>-100 kg<\/strong><\/td>\n<td style=\"text-align: center;border-color: #d9d9d9;border-style: solid;width: 211px;vertical-align: middle\"><img loading=\"lazy\" decoding=\"async\" class=\"transparent perfmatters-lazy entered pmloaded\" src=\"https:\/\/judotv.com\/cdn-cgi\/image\/w=80,h=60\/https:\/\/78884ca60822a34fb0e6-082b8fd5551e97bc65e327988b444396.ssl.cf3.rackcdn.com\/flags\/80x60\/ijf.png\" alt=\"https:\/\/judotv.com\/cdn-cgi\/image\/w=80,h=60\/https:\/\/78884ca60822a34fb0e6-082b8fd5551e97bc65e327988b444396.ssl.cf3.rackcdn.com\/flags\/80x60\/ijf.png\" width=\"20\" height=\"15\" data-src=\"https:\/\/judotv.com\/cdn-cgi\/image\/w=80,h=60\/https:\/\/78884ca60822a34fb0e6-082b8fd5551e97bc65e327988b444396.ssl.cf3.rackcdn.com\/flags\/80x60\/ijf.png\" data-ll-status=\"loaded\" \/> <strong>Matvey Kanikovskiy<\/strong><\/td>\n<td style=\"text-align: center;border-color: #d9d9d9;border-style: solid;width: 211px;vertical-align: middle\"><img loading=\"lazy\" decoding=\"async\" class=\"transparent perfmatters-lazy entered pmloaded\" src=\"https:\/\/judotv.com\/cdn-cgi\/image\/w=80,h=60\/https:\/\/78884ca60822a34fb0e6-082b8fd5551e97bc65e327988b444396.ssl.cf3.rackcdn.com\/flags\/80x60\/ijf.png\" alt=\"https:\/\/judotv.com\/cdn-cgi\/image\/w=80,h=60\/https:\/\/78884ca60822a34fb0e6-082b8fd5551e97bc65e327988b444396.ssl.cf3.rackcdn.com\/flags\/80x60\/ijf.png\" width=\"20\" height=\"15\" data-src=\"https:\/\/judotv.com\/cdn-cgi\/image\/w=80,h=60\/https:\/\/78884ca60822a34fb0e6-082b8fd5551e97bc65e327988b444396.ssl.cf3.rackcdn.com\/flags\/80x60\/ijf.png\" data-ll-status=\"loaded\" \/> Adam Sangariev<\/td>\n<td style=\"width: 211px;text-align: center\">\ud83c\uddfa\ud83c\uddff Ernazar Sarsenbaev<br \/>\n\ud83c\udde8\ud83c\uddfa Ivan Felipe Silva Morales<\/td>\n<\/tr>\n<tr>\n<td style=\"text-align: center;border-color: #d9d9d9;border-style: solid;width: 91px;vertical-align: middle\"><strong>+100 kg<\/strong><\/td>\n<td style=\"text-align: center;border-color: #d9d9d9;border-style: solid;width: 211px;vertical-align: middle\"><img loading=\"lazy\" decoding=\"async\" class=\"transparent perfmatters-lazy entered pmloaded\" src=\"https:\/\/judotv.com\/cdn-cgi\/image\/w=80,h=60\/https:\/\/78884ca60822a34fb0e6-082b8fd5551e97bc65e327988b444396.ssl.cf3.rackcdn.com\/flags\/80x60\/ijf.png\" alt=\"https:\/\/judotv.com\/cdn-cgi\/image\/w=80,h=60\/https:\/\/78884ca60822a34fb0e6-082b8fd5551e97bc65e327988b444396.ssl.cf3.rackcdn.com\/flags\/80x60\/ijf.png\" width=\"20\" height=\"15\" data-src=\"https:\/\/judotv.com\/cdn-cgi\/image\/w=80,h=60\/https:\/\/78884ca60822a34fb0e6-082b8fd5551e97bc65e327988b444396.ssl.cf3.rackcdn.com\/flags\/80x60\/ijf.png\" data-ll-status=\"loaded\" \/> <strong>Denis Batchaev<\/strong><\/td>\n<td style=\"width: 211px;text-align: center\"><img loading=\"lazy\" decoding=\"async\" class=\"transparent perfmatters-lazy entered pmloaded\" src=\"https:\/\/judotv.com\/cdn-cgi\/image\/w=80,h=60\/https:\/\/78884ca60822a34fb0e6-082b8fd5551e97bc65e327988b444396.ssl.cf3.rackcdn.com\/flags\/80x60\/ijf.png\" alt=\"https:\/\/judotv.com\/cdn-cgi\/image\/w=80,h=60\/https:\/\/78884ca60822a34fb0e6-082b8fd5551e97bc65e327988b444396.ssl.cf3.rackcdn.com\/flags\/80x60\/ijf.png\" width=\"20\" height=\"15\" data-src=\"https:\/\/judotv.com\/cdn-cgi\/image\/w=80,h=60\/https:\/\/78884ca60822a34fb0e6-082b8fd5551e97bc65e327988b444396.ssl.cf3.rackcdn.com\/flags\/80x60\/ijf.png\" data-ll-status=\"loaded\" \/> Valerii Endovitskii<\/td>\n<td style=\"width: 211px;text-align: center\">\ud83c\uddfa\ud83c\uddff Alisher Yusupov<br \/>\n\ud83c\udde8\ud83c\uddfa Andy Granda<\/td>\n<\/tr>\n<\/tbody>\n<\/table>\n<\/div>\n<p>&nbsp;<\/p>\n","protected":false},"excerpt":{"rendered":"<p>JUDO &#8211; Le Grand Slam de Tachkent se d\u00e9roule du vendredi 28 f\u00e9vrier au dimanche 2 mars. Programme et r\u00e9sultats de la comp\u00e9tition.<\/p>\n","protected":false},"author":12,"featured_media":558761,"comment_status":"open","ping_status":"closed","sticky":false,"template":"","format":"standard","meta":{"_acf_changed":false,"_daextam_enable_autolinks":"1","footnotes":""},"categories":[8651],"tags":[16878,68],"class_list":["post-558409","post","type-post","status-publish","format-standard","has-post-thumbnail","hentry","category-judo","tag-breve","tag-judo"],"acf":[],"yoast_head":"<!-- This site is optimized with the Yoast SEO Premium plugin v26.7 (Yoast SEO v26.7) - https:\/\/yoast.com\/wordpress\/plugins\/seo\/ -->\n<title>Judo - Grand Slam de Tachkent 2025 : Programme et r\u00e9sultats<\/title>\n<meta name=\"description\" content=\"JUDO - Le Grand Slam de Tachkent se d\u00e9roule du vendredi 28 f\u00e9vrier au dimanche 2 mars. Programme et r\u00e9sultats de la comp\u00e9tition.\" \/>\n<meta name=\"robots\" content=\"index, follow, max-snippet:-1, max-image-preview:large, max-video-preview:-1\" \/>\n<link rel=\"canonical\" href=\"https:\/\/dicodusport.fr\/blog\/judo-grand-slam-de-tachkent-2025-programme-et-resultats\/\" \/>\n<meta property=\"og:locale\" content=\"fr_FR\" \/>\n<meta property=\"og:type\" content=\"article\" \/>\n<meta property=\"og:title\" content=\"Judo - Grand Slam de Tachkent 2025 : Programme et r\u00e9sultats\" \/>\n<meta property=\"og:description\" content=\"JUDO - Le Grand Slam de Tachkent se d\u00e9roule du vendredi 28 f\u00e9vrier au dimanche 2 mars. Programme et r\u00e9sultats de la comp\u00e9tition.\" \/>\n<meta property=\"og:url\" content=\"https:\/\/dicodusport.fr\/blog\/judo-grand-slam-de-tachkent-2025-programme-et-resultats\/\" \/>\n<meta property=\"og:site_name\" content=\"Dicodusport\" \/>\n<meta property=\"article:publisher\" content=\"https:\/\/www.facebook.com\/dicodusport\" \/>\n<meta property=\"article:published_time\" content=\"2025-03-02T13:29:17+00:00\" \/>\n<meta property=\"article:modified_time\" content=\"2025-03-02T14:10:33+00:00\" \/>\n<meta property=\"og:image\" content=\"https:\/\/dicodusport.fr\/blog\/wp-content\/uploads\/2025\/02\/Judo-Grand-Slam-de-Tachkent-2025-Programme-et-resultats.png\" \/>\n\t<meta property=\"og:image:width\" content=\"1200\" \/>\n\t<meta property=\"og:image:height\" content=\"674\" \/>\n\t<meta property=\"og:image:type\" content=\"image\/png\" \/>\n<meta name=\"author\" content=\"Arlette Yeye\" \/>\n<meta name=\"twitter:card\" content=\"summary_large_image\" \/>\n<meta name=\"twitter:creator\" content=\"@https:\/\/twitter.com\/Shiclette94\" \/>\n<meta name=\"twitter:site\" content=\"@dicodusport\" \/>\n<script type=\"application\/ld+json\" class=\"yoast-schema-graph\">{\"@context\":\"https:\/\/schema.org\",\"@graph\":[{\"@type\":\"NewsArticle\",\"@id\":\"https:\/\/dicodusport.fr\/blog\/judo-grand-slam-de-tachkent-2025-programme-et-resultats\/#article\",\"isPartOf\":{\"@id\":\"https:\/\/dicodusport.fr\/blog\/judo-grand-slam-de-tachkent-2025-programme-et-resultats\/\"},\"author\":{\"name\":\"Arlette Yeye\",\"@id\":\"https:\/\/dicodusport.fr\/blog\/#\/schema\/person\/cce96fa88785bd8573e3d43078ac8c79\"},\"headline\":\"Judo &#8211; Grand Slam de Tachkent 2025 : Programme et r\u00e9sultats\",\"datePublished\":\"2025-03-02T13:29:17+00:00\",\"dateModified\":\"2025-03-02T14:10:33+00:00\",\"mainEntityOfPage\":{\"@id\":\"https:\/\/dicodusport.fr\/blog\/judo-grand-slam-de-tachkent-2025-programme-et-resultats\/\"},\"wordCount\":299,\"commentCount\":0,\"publisher\":{\"@id\":\"https:\/\/dicodusport.fr\/blog\/#organization\"},\"image\":{\"@id\":\"https:\/\/dicodusport.fr\/blog\/judo-grand-slam-de-tachkent-2025-programme-et-resultats\/#primaryimage\"},\"thumbnailUrl\":\"https:\/\/dicodusport.fr\/blog\/wp-content\/uploads\/2025\/02\/Judo-Grand-Slam-de-Tachkent-2025-Programme-et-resultats.png\",\"keywords\":[\"br\u00e8ve\",\"Judo\"],\"articleSection\":[\"Judo\"],\"inLanguage\":\"fr-FR\",\"potentialAction\":[{\"@type\":\"CommentAction\",\"name\":\"Comment\",\"target\":[\"https:\/\/dicodusport.fr\/blog\/judo-grand-slam-de-tachkent-2025-programme-et-resultats\/#respond\"]}],\"copyrightYear\":\"2025\",\"copyrightHolder\":{\"@id\":\"https:\/\/dicodusport.fr\/blog\/#organization\"}},{\"@type\":\"WebPage\",\"@id\":\"https:\/\/dicodusport.fr\/blog\/judo-grand-slam-de-tachkent-2025-programme-et-resultats\/\",\"url\":\"https:\/\/dicodusport.fr\/blog\/judo-grand-slam-de-tachkent-2025-programme-et-resultats\/\",\"name\":\"Judo - Grand Slam de Tachkent 2025 : Programme et r\u00e9sultats\",\"isPartOf\":{\"@id\":\"https:\/\/dicodusport.fr\/blog\/#website\"},\"primaryImageOfPage\":{\"@id\":\"https:\/\/dicodusport.fr\/blog\/judo-grand-slam-de-tachkent-2025-programme-et-resultats\/#primaryimage\"},\"image\":{\"@id\":\"https:\/\/dicodusport.fr\/blog\/judo-grand-slam-de-tachkent-2025-programme-et-resultats\/#primaryimage\"},\"thumbnailUrl\":\"https:\/\/dicodusport.fr\/blog\/wp-content\/uploads\/2025\/02\/Judo-Grand-Slam-de-Tachkent-2025-Programme-et-resultats.png\",\"datePublished\":\"2025-03-02T13:29:17+00:00\",\"dateModified\":\"2025-03-02T14:10:33+00:00\",\"description\":\"JUDO - Le Grand Slam de Tachkent se d\u00e9roule du vendredi 28 f\u00e9vrier au dimanche 2 mars. Programme et r\u00e9sultats de la comp\u00e9tition.\",\"breadcrumb\":{\"@id\":\"https:\/\/dicodusport.fr\/blog\/judo-grand-slam-de-tachkent-2025-programme-et-resultats\/#breadcrumb\"},\"inLanguage\":\"fr-FR\",\"potentialAction\":[{\"@type\":\"ReadAction\",\"target\":[\"https:\/\/dicodusport.fr\/blog\/judo-grand-slam-de-tachkent-2025-programme-et-resultats\/\"]}]},{\"@type\":\"ImageObject\",\"inLanguage\":\"fr-FR\",\"@id\":\"https:\/\/dicodusport.fr\/blog\/judo-grand-slam-de-tachkent-2025-programme-et-resultats\/#primaryimage\",\"url\":\"https:\/\/dicodusport.fr\/blog\/wp-content\/uploads\/2025\/02\/Judo-Grand-Slam-de-Tachkent-2025-Programme-et-resultats.png\",\"contentUrl\":\"https:\/\/dicodusport.fr\/blog\/wp-content\/uploads\/2025\/02\/Judo-Grand-Slam-de-Tachkent-2025-Programme-et-resultats.png\",\"width\":1200,\"height\":674,\"caption\":\"Judo - Grand Slam de Tachkent 2025 Programme et r\u00e9sultats\"},{\"@type\":\"BreadcrumbList\",\"@id\":\"https:\/\/dicodusport.fr\/blog\/judo-grand-slam-de-tachkent-2025-programme-et-resultats\/#breadcrumb\",\"itemListElement\":[{\"@type\":\"ListItem\",\"position\":1,\"name\":\"Accueil\",\"item\":\"https:\/\/dicodusport.fr\/blog\/\"},{\"@type\":\"ListItem\",\"position\":2,\"name\":\"Judo &#8211; Grand Slam de Tachkent 2025 : Programme et r\u00e9sultats\"}]},{\"@type\":\"WebSite\",\"@id\":\"https:\/\/dicodusport.fr\/blog\/#website\",\"url\":\"https:\/\/dicodusport.fr\/blog\/\",\"name\":\"Dicodusport\",\"description\":\"L&#039;encyclop\u00e9die de l&#039;actualit\u00e9 sportive\",\"publisher\":{\"@id\":\"https:\/\/dicodusport.fr\/blog\/#organization\"},\"potentialAction\":[{\"@type\":\"SearchAction\",\"target\":{\"@type\":\"EntryPoint\",\"urlTemplate\":\"https:\/\/dicodusport.fr\/blog\/?s={search_term_string}\"},\"query-input\":{\"@type\":\"PropertyValueSpecification\",\"valueRequired\":true,\"valueName\":\"search_term_string\"}}],\"inLanguage\":\"fr-FR\"},{\"@type\":\"NewsMediaOrganization\",\"@id\":\"https:\/\/dicodusport.fr\/blog\/#organization\",\"name\":\"Dicodusport\",\"url\":\"https:\/\/dicodusport.fr\/blog\/\",\"logo\":{\"@type\":\"ImageObject\",\"inLanguage\":\"fr-FR\",\"@id\":\"https:\/\/dicodusport.fr\/blog\/#\/schema\/logo\/image\/\",\"url\":\"https:\/\/dicodusport.fr\/blog\/wp-content\/uploads\/2020\/06\/cropped-LOGO-DICODUSPORT-2020-SANS-FOND-SANS-TEXTE.png\",\"contentUrl\":\"https:\/\/dicodusport.fr\/blog\/wp-content\/uploads\/2020\/06\/cropped-LOGO-DICODUSPORT-2020-SANS-FOND-SANS-TEXTE.png\",\"width\":512,\"height\":512,\"caption\":\"Dicodusport\"},\"image\":{\"@id\":\"https:\/\/dicodusport.fr\/blog\/#\/schema\/logo\/image\/\"},\"sameAs\":[\"https:\/\/www.facebook.com\/dicodusport\",\"https:\/\/x.com\/dicodusport\",\"https:\/\/www.instagram.com\/dicodusport\/\",\"https:\/\/www.youtube.com\/channel\/UC7V2KZ5sd3htJivAbA4ZG3w\"],\"description\":\"Dicodusport est l'encyclop\u00e9die de l'actualit\u00e9 sportive.\",\"email\":\"bonjour@dicodusport.fr\",\"legalName\":\"DICODUSPORT\",\"foundingDate\":\"2018-01-14\",\"vatID\":\"FR71834470973\",\"taxID\":\"83447097300043\",\"numberOfEmployees\":{\"@type\":\"QuantitativeValue\",\"minValue\":\"1\",\"maxValue\":\"10\"}},{\"@type\":\"Person\",\"@id\":\"https:\/\/dicodusport.fr\/blog\/#\/schema\/person\/cce96fa88785bd8573e3d43078ac8c79\",\"name\":\"Arlette Yeye\",\"image\":{\"@type\":\"ImageObject\",\"inLanguage\":\"fr-FR\",\"@id\":\"https:\/\/dicodusport.fr\/blog\/#\/schema\/person\/image\/\",\"url\":\"https:\/\/secure.gravatar.com\/avatar\/dca4a6239e6d708e46c45d60e160de6c?s=96&d=wp_user_avatar&r=g\",\"contentUrl\":\"https:\/\/secure.gravatar.com\/avatar\/dca4a6239e6d708e46c45d60e160de6c?s=96&d=wp_user_avatar&r=g\",\"caption\":\"Arlette Yeye\"},\"description\":\"Journaliste\/r\u00e9dactrice depuis septembre 2015 - Supportrice de Chelsea, j'ai pour sports de pr\u00e9dilection le handball, l'athl\u00e9tisme et le tennis. Si je tweete plus vite que mon ombre, vous pouvez aussi me retrouver les week-ends sur les playgrounds de Bruxelles pour un petit foot ou basket entre potes. Parcourir la France, l'Europe et plus si affinit\u00e9s pour suivre mes sportifs pr\u00e9f\u00e9r\u00e9s ? Mon kif ! Et c'est avec plaisir que je partage les r\u00e9sultats des sports populaires mais \u00e9galement plus confidentiels pour Dicodusport.\",\"sameAs\":[\"https:\/\/x.com\/https:\/\/twitter.com\/Shiclette94\"],\"url\":\"https:\/\/dicodusport.fr\/blog\/author\/arlette\/\"}]}<\/script>\n<!-- \/ Yoast SEO Premium plugin. -->","yoast_head_json":{"title":"Judo - Grand Slam de Tachkent 2025 : Programme et r\u00e9sultats","description":"JUDO - Le Grand Slam de Tachkent se d\u00e9roule du vendredi 28 f\u00e9vrier au dimanche 2 mars. Programme et r\u00e9sultats de la comp\u00e9tition.","robots":{"index":"index","follow":"follow","max-snippet":"max-snippet:-1","max-image-preview":"max-image-preview:large","max-video-preview":"max-video-preview:-1"},"canonical":"https:\/\/dicodusport.fr\/blog\/judo-grand-slam-de-tachkent-2025-programme-et-resultats\/","og_locale":"fr_FR","og_type":"article","og_title":"Judo - Grand Slam de Tachkent 2025 : Programme et r\u00e9sultats","og_description":"JUDO - Le Grand Slam de Tachkent se d\u00e9roule du vendredi 28 f\u00e9vrier au dimanche 2 mars. Programme et r\u00e9sultats de la comp\u00e9tition.","og_url":"https:\/\/dicodusport.fr\/blog\/judo-grand-slam-de-tachkent-2025-programme-et-resultats\/","og_site_name":"Dicodusport","article_publisher":"https:\/\/www.facebook.com\/dicodusport","article_published_time":"2025-03-02T13:29:17+00:00","article_modified_time":"2025-03-02T14:10:33+00:00","og_image":[{"width":1200,"height":674,"url":"https:\/\/dicodusport.fr\/blog\/wp-content\/uploads\/2025\/02\/Judo-Grand-Slam-de-Tachkent-2025-Programme-et-resultats.png","type":"image\/png"}],"author":"Arlette Yeye","twitter_card":"summary_large_image","twitter_creator":"@https:\/\/twitter.com\/Shiclette94","twitter_site":"@dicodusport","schema":{"@context":"https:\/\/schema.org","@graph":[{"@type":"NewsArticle","@id":"https:\/\/dicodusport.fr\/blog\/judo-grand-slam-de-tachkent-2025-programme-et-resultats\/#article","isPartOf":{"@id":"https:\/\/dicodusport.fr\/blog\/judo-grand-slam-de-tachkent-2025-programme-et-resultats\/"},"author":{"name":"Arlette Yeye","@id":"https:\/\/dicodusport.fr\/blog\/#\/schema\/person\/cce96fa88785bd8573e3d43078ac8c79"},"headline":"Judo &#8211; Grand Slam de Tachkent 2025 : Programme et r\u00e9sultats","datePublished":"2025-03-02T13:29:17+00:00","dateModified":"2025-03-02T14:10:33+00:00","mainEntityOfPage":{"@id":"https:\/\/dicodusport.fr\/blog\/judo-grand-slam-de-tachkent-2025-programme-et-resultats\/"},"wordCount":299,"commentCount":0,"publisher":{"@id":"https:\/\/dicodusport.fr\/blog\/#organization"},"image":{"@id":"https:\/\/dicodusport.fr\/blog\/judo-grand-slam-de-tachkent-2025-programme-et-resultats\/#primaryimage"},"thumbnailUrl":"https:\/\/dicodusport.fr\/blog\/wp-content\/uploads\/2025\/02\/Judo-Grand-Slam-de-Tachkent-2025-Programme-et-resultats.png","keywords":["br\u00e8ve","Judo"],"articleSection":["Judo"],"inLanguage":"fr-FR","potentialAction":[{"@type":"CommentAction","name":"Comment","target":["https:\/\/dicodusport.fr\/blog\/judo-grand-slam-de-tachkent-2025-programme-et-resultats\/#respond"]}],"copyrightYear":"2025","copyrightHolder":{"@id":"https:\/\/dicodusport.fr\/blog\/#organization"}},{"@type":"WebPage","@id":"https:\/\/dicodusport.fr\/blog\/judo-grand-slam-de-tachkent-2025-programme-et-resultats\/","url":"https:\/\/dicodusport.fr\/blog\/judo-grand-slam-de-tachkent-2025-programme-et-resultats\/","name":"Judo - Grand Slam de Tachkent 2025 : Programme et r\u00e9sultats","isPartOf":{"@id":"https:\/\/dicodusport.fr\/blog\/#website"},"primaryImageOfPage":{"@id":"https:\/\/dicodusport.fr\/blog\/judo-grand-slam-de-tachkent-2025-programme-et-resultats\/#primaryimage"},"image":{"@id":"https:\/\/dicodusport.fr\/blog\/judo-grand-slam-de-tachkent-2025-programme-et-resultats\/#primaryimage"},"thumbnailUrl":"https:\/\/dicodusport.fr\/blog\/wp-content\/uploads\/2025\/02\/Judo-Grand-Slam-de-Tachkent-2025-Programme-et-resultats.png","datePublished":"2025-03-02T13:29:17+00:00","dateModified":"2025-03-02T14:10:33+00:00","description":"JUDO - Le Grand Slam de Tachkent se d\u00e9roule du vendredi 28 f\u00e9vrier au dimanche 2 mars. Programme et r\u00e9sultats de la comp\u00e9tition.","breadcrumb":{"@id":"https:\/\/dicodusport.fr\/blog\/judo-grand-slam-de-tachkent-2025-programme-et-resultats\/#breadcrumb"},"inLanguage":"fr-FR","potentialAction":[{"@type":"ReadAction","target":["https:\/\/dicodusport.fr\/blog\/judo-grand-slam-de-tachkent-2025-programme-et-resultats\/"]}]},{"@type":"ImageObject","inLanguage":"fr-FR","@id":"https:\/\/dicodusport.fr\/blog\/judo-grand-slam-de-tachkent-2025-programme-et-resultats\/#primaryimage","url":"https:\/\/dicodusport.fr\/blog\/wp-content\/uploads\/2025\/02\/Judo-Grand-Slam-de-Tachkent-2025-Programme-et-resultats.png","contentUrl":"https:\/\/dicodusport.fr\/blog\/wp-content\/uploads\/2025\/02\/Judo-Grand-Slam-de-Tachkent-2025-Programme-et-resultats.png","width":1200,"height":674,"caption":"Judo - Grand Slam de Tachkent 2025 Programme et r\u00e9sultats"},{"@type":"BreadcrumbList","@id":"https:\/\/dicodusport.fr\/blog\/judo-grand-slam-de-tachkent-2025-programme-et-resultats\/#breadcrumb","itemListElement":[{"@type":"ListItem","position":1,"name":"Accueil","item":"https:\/\/dicodusport.fr\/blog\/"},{"@type":"ListItem","position":2,"name":"Judo &#8211; Grand Slam de Tachkent 2025 : Programme et r\u00e9sultats"}]},{"@type":"WebSite","@id":"https:\/\/dicodusport.fr\/blog\/#website","url":"https:\/\/dicodusport.fr\/blog\/","name":"Dicodusport","description":"L&#039;encyclop\u00e9die de l&#039;actualit\u00e9 sportive","publisher":{"@id":"https:\/\/dicodusport.fr\/blog\/#organization"},"potentialAction":[{"@type":"SearchAction","target":{"@type":"EntryPoint","urlTemplate":"https:\/\/dicodusport.fr\/blog\/?s={search_term_string}"},"query-input":{"@type":"PropertyValueSpecification","valueRequired":true,"valueName":"search_term_string"}}],"inLanguage":"fr-FR"},{"@type":"NewsMediaOrganization","@id":"https:\/\/dicodusport.fr\/blog\/#organization","name":"Dicodusport","url":"https:\/\/dicodusport.fr\/blog\/","logo":{"@type":"ImageObject","inLanguage":"fr-FR","@id":"https:\/\/dicodusport.fr\/blog\/#\/schema\/logo\/image\/","url":"https:\/\/dicodusport.fr\/blog\/wp-content\/uploads\/2020\/06\/cropped-LOGO-DICODUSPORT-2020-SANS-FOND-SANS-TEXTE.png","contentUrl":"https:\/\/dicodusport.fr\/blog\/wp-content\/uploads\/2020\/06\/cropped-LOGO-DICODUSPORT-2020-SANS-FOND-SANS-TEXTE.png","width":512,"height":512,"caption":"Dicodusport"},"image":{"@id":"https:\/\/dicodusport.fr\/blog\/#\/schema\/logo\/image\/"},"sameAs":["https:\/\/www.facebook.com\/dicodusport","https:\/\/x.com\/dicodusport","https:\/\/www.instagram.com\/dicodusport\/","https:\/\/www.youtube.com\/channel\/UC7V2KZ5sd3htJivAbA4ZG3w"],"description":"Dicodusport est l'encyclop\u00e9die de l'actualit\u00e9 sportive.","email":"bonjour@dicodusport.fr","legalName":"DICODUSPORT","foundingDate":"2018-01-14","vatID":"FR71834470973","taxID":"83447097300043","numberOfEmployees":{"@type":"QuantitativeValue","minValue":"1","maxValue":"10"}},{"@type":"Person","@id":"https:\/\/dicodusport.fr\/blog\/#\/schema\/person\/cce96fa88785bd8573e3d43078ac8c79","name":"Arlette Yeye","image":{"@type":"ImageObject","inLanguage":"fr-FR","@id":"https:\/\/dicodusport.fr\/blog\/#\/schema\/person\/image\/","url":"https:\/\/secure.gravatar.com\/avatar\/dca4a6239e6d708e46c45d60e160de6c?s=96&d=wp_user_avatar&r=g","contentUrl":"https:\/\/secure.gravatar.com\/avatar\/dca4a6239e6d708e46c45d60e160de6c?s=96&d=wp_user_avatar&r=g","caption":"Arlette Yeye"},"description":"Journaliste\/r\u00e9dactrice depuis septembre 2015 - Supportrice de Chelsea, j'ai pour sports de pr\u00e9dilection le handball, l'athl\u00e9tisme et le tennis. Si je tweete plus vite que mon ombre, vous pouvez aussi me retrouver les week-ends sur les playgrounds de Bruxelles pour un petit foot ou basket entre potes. Parcourir la France, l'Europe et plus si affinit\u00e9s pour suivre mes sportifs pr\u00e9f\u00e9r\u00e9s ? Mon kif ! Et c'est avec plaisir que je partage les r\u00e9sultats des sports populaires mais \u00e9galement plus confidentiels pour Dicodusport.","sameAs":["https:\/\/x.com\/https:\/\/twitter.com\/Shiclette94"],"url":"https:\/\/dicodusport.fr\/blog\/author\/arlette\/"}]}},"_links":{"self":[{"href":"https:\/\/dicodusport.fr\/blog\/wp-json\/wp\/v2\/posts\/558409","targetHints":{"allow":["GET"]}}],"collection":[{"href":"https:\/\/dicodusport.fr\/blog\/wp-json\/wp\/v2\/posts"}],"about":[{"href":"https:\/\/dicodusport.fr\/blog\/wp-json\/wp\/v2\/types\/post"}],"author":[{"embeddable":true,"href":"https:\/\/dicodusport.fr\/blog\/wp-json\/wp\/v2\/users\/12"}],"replies":[{"embeddable":true,"href":"https:\/\/dicodusport.fr\/blog\/wp-json\/wp\/v2\/comments?post=558409"}],"version-history":[{"count":5,"href":"https:\/\/dicodusport.fr\/blog\/wp-json\/wp\/v2\/posts\/558409\/revisions"}],"predecessor-version":[{"id":560650,"href":"https:\/\/dicodusport.fr\/blog\/wp-json\/wp\/v2\/posts\/558409\/revisions\/560650"}],"wp:featuredmedia":[{"embeddable":true,"href":"https:\/\/dicodusport.fr\/blog\/wp-json\/wp\/v2\/media\/558761"}],"wp:attachment":[{"href":"https:\/\/dicodusport.fr\/blog\/wp-json\/wp\/v2\/media?parent=558409"}],"wp:term":[{"taxonomy":"category","embeddable":true,"href":"https:\/\/dicodusport.fr\/blog\/wp-json\/wp\/v2\/categories?post=558409"},{"taxonomy":"post_tag","embeddable":true,"href":"https:\/\/dicodusport.fr\/blog\/wp-json\/wp\/v2\/tags?post=558409"}],"curies":[{"name":"wp","href":"https:\/\/api.w.org\/{rel}","templated":true}]}}