{"id":558492,"date":"2025-02-23T18:23:31","date_gmt":"2025-02-23T17:23:31","guid":{"rendered":"https:\/\/dicodusport.fr\/blog\/?p=558492&#038;preview=true&#038;preview_id=558492"},"modified":"2025-02-23T18:24:41","modified_gmt":"2025-02-23T17:24:41","slug":"tour-dalgarve-2025-jonas-vingegaard-rafle-la-derniere-etape-et-le-general","status":"publish","type":"post","link":"https:\/\/dicodusport.fr\/blog\/tour-dalgarve-2025-jonas-vingegaard-rafle-la-derniere-etape-et-le-general\/","title":{"rendered":"Tour d&rsquo;Algarve 2025 : Jonas Vingegaard rafle la derni\u00e8re \u00e9tape et le g\u00e9n\u00e9ral"},"content":{"rendered":"<h4 style=\"text-align: justify;\"><em>TOUR D&rsquo;ALGARVE 2025 &#8211; Jonas Vingegaard (Visma Lease a Bike) a remport\u00e9 la derni\u00e8re \u00e9tape et le classement g\u00e9n\u00e9ral du 51\u00e8me Tour d&rsquo;Algarve, dimanche.\u00a0<\/em><\/h4>\n<p style=\"text-align: justify;\">La cinqui\u00e8me \u00e9tape \u00e9tait un contre-la-montre individuel de 19,6 km entre <strong>Salir<\/strong> et <strong>Malh\u00e3o <\/strong>avec la mont\u00e9e finale du Alto do Malh\u00e3o, 2,1 km \u00e0 9,3 %.<\/p>\n<ul style=\"text-align: justify;\">\n<li><strong>\u00c0 ce sujet &#8211; <a href=\"https:\/\/dicodusport.fr\/blog\/tour-dalgarve-2025-parcours-detaille-et-profil-des-etapes\/\">Tour d&rsquo;Algarve\u00a02025 : Engag\u00e9s, favoris et Cha\u00eene TV<\/a><\/strong><\/li>\n<\/ul>\n<p style=\"text-align: justify;\">Tout d&rsquo;abord, au premier temps interm\u00e9diaire apr\u00e8s 8,1 kilom\u00e8tre, le champion d&rsquo;Italie <strong>Filippo Ganna<\/strong> (INEOS Grenadiers) \u00e9tait en t\u00eate avec seulement 29 centi\u00e8mes d&rsquo;avance sur <strong>Mathias Vacek<\/strong> (Lidl-Trek) et 67 centi\u00e8mes sur <strong>Wout Van Aert<\/strong> (Visma Lease a Bike). Sur cette portion la plus plate de ce chrono, <strong>Jonas Vingegaard<\/strong> (Visma Lease a Bike) a fort bien limit\u00e9 la casse avec le cinqui\u00e8me temps \u00e0 5 secondes.<\/p>\n<ul style=\"text-align: justify;\">\n<li><strong>\u00c0 ce sujet &#8211;\u00a0<a href=\"https:\/\/dicodusport.fr\/blog\/tour-dalgarve-2025-resultats-et-classement-5eme-etape\/\">Classement de la cinqui\u00e8me \u00e9tape Tour d&rsquo;Algarve 2025<\/a><\/strong><\/li>\n<\/ul>\n<p style=\"text-align: justify;\">Ensuite, au second temps interm\u00e9diaire, <strong>Wout Van Aert <\/strong>a pris les commandes avec 5 secondes d&rsquo;avance sur <strong>Jakob S\u00f6derqvist<\/strong> (Lidl-Trek) et 8 secondes sur <strong>Filippo Ganna<\/strong>. Avec une portion un peu plus vallonn\u00e9e, <strong>Jonas Vingegaard <\/strong>est remont\u00e9 au quatri\u00e8me rang \u00e0 16 secondes. Parti fort avec le 8\u00e8me temps au premier temps interm\u00e9diaire, le leader du classement g\u00e9n\u00e9ral au d\u00e9part de ce chrono <strong>Jan Christen<\/strong> (UAE Team Emirates XRG) a commenc\u00e9 \u00e0 c\u00e9der du terrain en \u00e9tant 17\u00e8me du second interm\u00e9diaire avant de finir difficilement cette \u00e9trape avec le 27 temps temps final.<\/p>\n<h2>Vingegaard le plus fort<\/h2>\n<p style=\"text-align: justify;\">Enfin, avec les rampes abruptes du Alto do Malh\u00e3o, <strong>Jonas Vingegaard <\/strong>a fait une \u00e9norme diff\u00e9rence pour remporter ce contre-la-montre en 28 minutes 25 secondes et 60 centi\u00e8mes et s&rsquo;est adjug\u00e9 pour la m\u00eame occasion le classement g\u00e9n\u00e9ral. En effet, son dauphin <strong>Jo\u00e3o Almeida<\/strong> (UAE Team Emirates XRG) a c\u00e9d\u00e9 31 secondes sur ce chrono. <strong>Jonas Vingegaard <\/strong>a devanc\u00e9 de 11 secondes <strong>Wout Van Aert<\/strong>, qui a rassur\u00e9 les observateurs \u00e0 une semaine du d\u00e9but de saison en Belgique. <strong>Antonio Tiberi<\/strong> (Bahrain Victorious) a compl\u00e9t\u00e9 le podium de l&rsquo;\u00e9tape \u00e0 14 secondes.<\/p>\n<p style=\"text-align: justify;\">R\u00e9gulier tout au long du chrono, <strong>Romain Gr\u00e9goire<\/strong> (Groupama FDJ) a fait parler son punch dans le final pour terminer quatri\u00e8me \u00e0 29 secondes et remonter au quatri\u00e8me rang du classement g\u00e9n\u00e9ral final, derri\u00e8re <strong>Laurens De Plus<\/strong> (INEOS Grenadiers), huiti\u00e8me de l&rsquo;\u00e9tape du jour \u00e0 37 secondes. Du c\u00f4t\u00e9 de <strong>Primoz Roglic<\/strong> (Red Bull Bora Hansgrohe), le Slov\u00e8ne n&rsquo;a jamais \u00e9t\u00e9 dans la bataille, a termin\u00e9 12e de l&rsquo;\u00e9tape \u00e0 49 secondes et a fini huiti\u00e8me du g\u00e9n\u00e9ral \u00e0 53 secondes.<\/p>\n<ul style=\"text-align: justify;\">\n<li><strong>\u00c0 ce sujet &#8211;\u00a0<a href=\"https:\/\/dicodusport.fr\/blog\/classement-classic-var-2025\/\">Classement g\u00e9n\u00e9ral Tour d&rsquo;Algarve 2025<\/a><\/strong><\/li>\n<\/ul>\n","protected":false},"excerpt":{"rendered":"<p>TOUR D&rsquo;ALGARVE 2025 &#8211; Jonas Vinegaard (Visma Lease a Bike) a remport\u00e9 la derni\u00e8re \u00e9tape et le classement g\u00e9n\u00e9ral du 51\u00e8me Tour d&rsquo;Algarve, dimanche.\u00a0<\/p>\n","protected":false},"author":48,"featured_media":558722,"comment_status":"open","ping_status":"closed","sticky":false,"template":"","format":"standard","meta":{"_acf_changed":false,"_daextam_enable_autolinks":"1","footnotes":""},"categories":[46994],"tags":[32415,16878,574,17721,9973],"class_list":["post-558492","post","type-post","status-publish","format-standard","has-post-thumbnail","hentry","category-cyclisme-sur-route","tag-actu","tag-breve","tag-cyclisme","tag-jonas-vingegaard","tag-tour-dalgarve"],"acf":[],"yoast_head":"<!-- This site is optimized with the Yoast SEO Premium plugin v26.7 (Yoast SEO v26.7) - https:\/\/yoast.com\/wordpress\/plugins\/seo\/ -->\n<title>Tour d&#039;Algarve 2025 : Jonas Vingegaard rafle la derni\u00e8re \u00e9tape et le g\u00e9n\u00e9ral<\/title>\n<meta name=\"description\" content=\"TOUR D&#039;ALGARVE 2025 - Jonas Vinegaard (Visma Lease a Bike) a remport\u00e9 la derni\u00e8re \u00e9tape et le classement g\u00e9n\u00e9ral du 51\u00e8me Tour d&#039;Algarve, dimanche.\u00a0\" \/>\n<meta name=\"robots\" content=\"index, follow, max-snippet:-1, max-image-preview:large, max-video-preview:-1\" \/>\n<link rel=\"canonical\" href=\"https:\/\/dicodusport.fr\/blog\/tour-dalgarve-2025-jonas-vingegaard-rafle-la-derniere-etape-et-le-general\/\" \/>\n<meta property=\"og:locale\" content=\"fr_FR\" \/>\n<meta property=\"og:type\" content=\"article\" \/>\n<meta property=\"og:title\" content=\"Tour d&#039;Algarve 2025 : Jonas Vingegaard rafle la derni\u00e8re \u00e9tape et le g\u00e9n\u00e9ral\" \/>\n<meta property=\"og:description\" content=\"TOUR D&#039;ALGARVE 2025 - Jonas Vinegaard (Visma Lease a Bike) a remport\u00e9 la derni\u00e8re \u00e9tape et le classement g\u00e9n\u00e9ral du 51\u00e8me Tour d&#039;Algarve, dimanche.\u00a0\" \/>\n<meta property=\"og:url\" content=\"https:\/\/dicodusport.fr\/blog\/tour-dalgarve-2025-jonas-vingegaard-rafle-la-derniere-etape-et-le-general\/\" \/>\n<meta property=\"og:site_name\" content=\"Dicodusport\" \/>\n<meta property=\"article:publisher\" content=\"https:\/\/www.facebook.com\/dicodusport\" \/>\n<meta property=\"article:author\" content=\"https:\/\/www.facebook.com\/groups\/LesRoisDuPeloton\" \/>\n<meta property=\"article:published_time\" content=\"2025-02-23T17:23:31+00:00\" \/>\n<meta property=\"article:modified_time\" content=\"2025-02-23T17:24:41+00:00\" \/>\n<meta property=\"og:image\" content=\"https:\/\/dicodusport.fr\/blog\/wp-content\/uploads\/2025\/02\/Tour-dAlgarve-2025-Jonas-Vinegaard-rafle-la-derniere-etape-et-le-general.png\" \/>\n\t<meta property=\"og:image:width\" content=\"1200\" \/>\n\t<meta property=\"og:image:height\" content=\"674\" \/>\n\t<meta property=\"og:image:type\" content=\"image\/png\" \/>\n<meta name=\"author\" content=\"Emilien Descampiaux\" \/>\n<meta name=\"twitter:card\" content=\"summary_large_image\" \/>\n<meta name=\"twitter:title\" content=\"Tour d&#039;Algarve 2025 : Jonas Vingegaard rafle la derni\u00e8re \u00e9tape et le g\u00e9n\u00e9ral\" \/>\n<meta name=\"twitter:creator\" content=\"@https:\/\/twitter.com\/LRoisDuPeloton\" \/>\n<meta name=\"twitter:site\" content=\"@dicodusport\" \/>\n<script type=\"application\/ld+json\" class=\"yoast-schema-graph\">{\"@context\":\"https:\/\/schema.org\",\"@graph\":[{\"@type\":\"NewsArticle\",\"@id\":\"https:\/\/dicodusport.fr\/blog\/tour-dalgarve-2025-jonas-vingegaard-rafle-la-derniere-etape-et-le-general\/#article\",\"isPartOf\":{\"@id\":\"https:\/\/dicodusport.fr\/blog\/tour-dalgarve-2025-jonas-vingegaard-rafle-la-derniere-etape-et-le-general\/\"},\"author\":{\"name\":\"Emilien Descampiaux\",\"@id\":\"https:\/\/dicodusport.fr\/blog\/#\/schema\/person\/6db4bae06b171592211be385b32876a7\"},\"headline\":\"Tour d&rsquo;Algarve 2025 : Jonas Vingegaard rafle la derni\u00e8re \u00e9tape et le g\u00e9n\u00e9ral\",\"datePublished\":\"2025-02-23T17:23:31+00:00\",\"dateModified\":\"2025-02-23T17:24:41+00:00\",\"mainEntityOfPage\":{\"@id\":\"https:\/\/dicodusport.fr\/blog\/tour-dalgarve-2025-jonas-vingegaard-rafle-la-derniere-etape-et-le-general\/\"},\"wordCount\":463,\"commentCount\":0,\"publisher\":{\"@id\":\"https:\/\/dicodusport.fr\/blog\/#organization\"},\"image\":{\"@id\":\"https:\/\/dicodusport.fr\/blog\/tour-dalgarve-2025-jonas-vingegaard-rafle-la-derniere-etape-et-le-general\/#primaryimage\"},\"thumbnailUrl\":\"https:\/\/dicodusport.fr\/blog\/wp-content\/uploads\/2025\/02\/Tour-dAlgarve-2025-Jonas-Vinegaard-rafle-la-derniere-etape-et-le-general.png\",\"keywords\":[\"actu\",\"br\u00e8ve\",\"Cyclisme\",\"Jonas Vingegaard\",\"Tour d'Algarve\"],\"articleSection\":[\"Cyclisme sur route\"],\"inLanguage\":\"fr-FR\",\"potentialAction\":[{\"@type\":\"CommentAction\",\"name\":\"Comment\",\"target\":[\"https:\/\/dicodusport.fr\/blog\/tour-dalgarve-2025-jonas-vingegaard-rafle-la-derniere-etape-et-le-general\/#respond\"]}],\"copyrightYear\":\"2025\",\"copyrightHolder\":{\"@id\":\"https:\/\/dicodusport.fr\/blog\/#organization\"}},{\"@type\":\"WebPage\",\"@id\":\"https:\/\/dicodusport.fr\/blog\/tour-dalgarve-2025-jonas-vingegaard-rafle-la-derniere-etape-et-le-general\/\",\"url\":\"https:\/\/dicodusport.fr\/blog\/tour-dalgarve-2025-jonas-vingegaard-rafle-la-derniere-etape-et-le-general\/\",\"name\":\"Tour d'Algarve 2025 : Jonas Vingegaard rafle la derni\u00e8re \u00e9tape et le g\u00e9n\u00e9ral\",\"isPartOf\":{\"@id\":\"https:\/\/dicodusport.fr\/blog\/#website\"},\"primaryImageOfPage\":{\"@id\":\"https:\/\/dicodusport.fr\/blog\/tour-dalgarve-2025-jonas-vingegaard-rafle-la-derniere-etape-et-le-general\/#primaryimage\"},\"image\":{\"@id\":\"https:\/\/dicodusport.fr\/blog\/tour-dalgarve-2025-jonas-vingegaard-rafle-la-derniere-etape-et-le-general\/#primaryimage\"},\"thumbnailUrl\":\"https:\/\/dicodusport.fr\/blog\/wp-content\/uploads\/2025\/02\/Tour-dAlgarve-2025-Jonas-Vinegaard-rafle-la-derniere-etape-et-le-general.png\",\"datePublished\":\"2025-02-23T17:23:31+00:00\",\"dateModified\":\"2025-02-23T17:24:41+00:00\",\"description\":\"TOUR D'ALGARVE 2025 - Jonas Vinegaard (Visma Lease a Bike) a remport\u00e9 la derni\u00e8re \u00e9tape et le classement g\u00e9n\u00e9ral du 51\u00e8me Tour d'Algarve, dimanche.\u00a0\",\"breadcrumb\":{\"@id\":\"https:\/\/dicodusport.fr\/blog\/tour-dalgarve-2025-jonas-vingegaard-rafle-la-derniere-etape-et-le-general\/#breadcrumb\"},\"inLanguage\":\"fr-FR\",\"potentialAction\":[{\"@type\":\"ReadAction\",\"target\":[\"https:\/\/dicodusport.fr\/blog\/tour-dalgarve-2025-jonas-vingegaard-rafle-la-derniere-etape-et-le-general\/\"]}]},{\"@type\":\"ImageObject\",\"inLanguage\":\"fr-FR\",\"@id\":\"https:\/\/dicodusport.fr\/blog\/tour-dalgarve-2025-jonas-vingegaard-rafle-la-derniere-etape-et-le-general\/#primaryimage\",\"url\":\"https:\/\/dicodusport.fr\/blog\/wp-content\/uploads\/2025\/02\/Tour-dAlgarve-2025-Jonas-Vinegaard-rafle-la-derniere-etape-et-le-general.png\",\"contentUrl\":\"https:\/\/dicodusport.fr\/blog\/wp-content\/uploads\/2025\/02\/Tour-dAlgarve-2025-Jonas-Vinegaard-rafle-la-derniere-etape-et-le-general.png\",\"width\":1200,\"height\":674,\"caption\":\"Tour d'Algarve 2025 Jonas Vinegaard rafle la derni\u00e8re \u00e9tape et le g\u00e9n\u00e9ral\"},{\"@type\":\"BreadcrumbList\",\"@id\":\"https:\/\/dicodusport.fr\/blog\/tour-dalgarve-2025-jonas-vingegaard-rafle-la-derniere-etape-et-le-general\/#breadcrumb\",\"itemListElement\":[{\"@type\":\"ListItem\",\"position\":1,\"name\":\"Accueil\",\"item\":\"https:\/\/dicodusport.fr\/blog\/\"},{\"@type\":\"ListItem\",\"position\":2,\"name\":\"Tour d&#8217;Algarve 2025 : Jonas Vingegaard rafle la derni\u00e8re \u00e9tape et le g\u00e9n\u00e9ral\"}]},{\"@type\":\"WebSite\",\"@id\":\"https:\/\/dicodusport.fr\/blog\/#website\",\"url\":\"https:\/\/dicodusport.fr\/blog\/\",\"name\":\"Dicodusport\",\"description\":\"L&#039;encyclop\u00e9die de l&#039;actualit\u00e9 sportive\",\"publisher\":{\"@id\":\"https:\/\/dicodusport.fr\/blog\/#organization\"},\"potentialAction\":[{\"@type\":\"SearchAction\",\"target\":{\"@type\":\"EntryPoint\",\"urlTemplate\":\"https:\/\/dicodusport.fr\/blog\/?s={search_term_string}\"},\"query-input\":{\"@type\":\"PropertyValueSpecification\",\"valueRequired\":true,\"valueName\":\"search_term_string\"}}],\"inLanguage\":\"fr-FR\"},{\"@type\":\"NewsMediaOrganization\",\"@id\":\"https:\/\/dicodusport.fr\/blog\/#organization\",\"name\":\"Dicodusport\",\"url\":\"https:\/\/dicodusport.fr\/blog\/\",\"logo\":{\"@type\":\"ImageObject\",\"inLanguage\":\"fr-FR\",\"@id\":\"https:\/\/dicodusport.fr\/blog\/#\/schema\/logo\/image\/\",\"url\":\"https:\/\/dicodusport.fr\/blog\/wp-content\/uploads\/2020\/06\/cropped-LOGO-DICODUSPORT-2020-SANS-FOND-SANS-TEXTE.png\",\"contentUrl\":\"https:\/\/dicodusport.fr\/blog\/wp-content\/uploads\/2020\/06\/cropped-LOGO-DICODUSPORT-2020-SANS-FOND-SANS-TEXTE.png\",\"width\":512,\"height\":512,\"caption\":\"Dicodusport\"},\"image\":{\"@id\":\"https:\/\/dicodusport.fr\/blog\/#\/schema\/logo\/image\/\"},\"sameAs\":[\"https:\/\/www.facebook.com\/dicodusport\",\"https:\/\/x.com\/dicodusport\",\"https:\/\/www.instagram.com\/dicodusport\/\",\"https:\/\/www.youtube.com\/channel\/UC7V2KZ5sd3htJivAbA4ZG3w\"],\"description\":\"Dicodusport est l'encyclop\u00e9die de l'actualit\u00e9 sportive.\",\"email\":\"bonjour@dicodusport.fr\",\"legalName\":\"DICODUSPORT\",\"foundingDate\":\"2018-01-14\",\"vatID\":\"FR71834470973\",\"taxID\":\"83447097300043\",\"numberOfEmployees\":{\"@type\":\"QuantitativeValue\",\"minValue\":\"1\",\"maxValue\":\"10\"}},{\"@type\":\"Person\",\"@id\":\"https:\/\/dicodusport.fr\/blog\/#\/schema\/person\/6db4bae06b171592211be385b32876a7\",\"name\":\"Emilien Descampiaux\",\"image\":{\"@type\":\"ImageObject\",\"inLanguage\":\"fr-FR\",\"@id\":\"https:\/\/dicodusport.fr\/blog\/#\/schema\/person\/image\/\",\"url\":\"https:\/\/dicodusport.fr\/blog\/wp-content\/uploads\/2021\/05\/Emilien-Descampiaux-150x150.jpg\",\"contentUrl\":\"https:\/\/dicodusport.fr\/blog\/wp-content\/uploads\/2021\/05\/Emilien-Descampiaux-150x150.jpg\",\"caption\":\"Emilien Descampiaux\"},\"description\":\"Journaliste\/r\u00e9dacteur depuis 2014 - Fan de la classe de Frank Vandenbroucke, je vis cyclisme (et de ses paysages) depuis plus de 20 ans. Je suis tr\u00e8s impliqu\u00e9 sur mes diff\u00e9rents r\u00e9seaux sociaux pour partager ma passion sur le monde et l'Histoire de la bicyclette avec ma voix sur les images en noir et blanc du succ\u00e8s de Rik Van Steenbergen lors du Ronde sur le V\u00e9lodrome de Gand.\",\"sameAs\":[\"https:\/\/www.facebook.com\/groups\/LesRoisDuPeloton\",\"https:\/\/x.com\/https:\/\/twitter.com\/LRoisDuPeloton\"],\"url\":\"https:\/\/dicodusport.fr\/blog\/author\/emiliend\/\"}]}<\/script>\n<!-- \/ Yoast SEO Premium plugin. -->","yoast_head_json":{"title":"Tour d'Algarve 2025 : Jonas Vingegaard rafle la derni\u00e8re \u00e9tape et le g\u00e9n\u00e9ral","description":"TOUR D'ALGARVE 2025 - Jonas Vinegaard (Visma Lease a Bike) a remport\u00e9 la derni\u00e8re \u00e9tape et le classement g\u00e9n\u00e9ral du 51\u00e8me Tour d'Algarve, dimanche.\u00a0","robots":{"index":"index","follow":"follow","max-snippet":"max-snippet:-1","max-image-preview":"max-image-preview:large","max-video-preview":"max-video-preview:-1"},"canonical":"https:\/\/dicodusport.fr\/blog\/tour-dalgarve-2025-jonas-vingegaard-rafle-la-derniere-etape-et-le-general\/","og_locale":"fr_FR","og_type":"article","og_title":"Tour d'Algarve 2025 : Jonas Vingegaard rafle la derni\u00e8re \u00e9tape et le g\u00e9n\u00e9ral","og_description":"TOUR D'ALGARVE 2025 - Jonas Vinegaard (Visma Lease a Bike) a remport\u00e9 la derni\u00e8re \u00e9tape et le classement g\u00e9n\u00e9ral du 51\u00e8me Tour d'Algarve, dimanche.\u00a0","og_url":"https:\/\/dicodusport.fr\/blog\/tour-dalgarve-2025-jonas-vingegaard-rafle-la-derniere-etape-et-le-general\/","og_site_name":"Dicodusport","article_publisher":"https:\/\/www.facebook.com\/dicodusport","article_author":"https:\/\/www.facebook.com\/groups\/LesRoisDuPeloton","article_published_time":"2025-02-23T17:23:31+00:00","article_modified_time":"2025-02-23T17:24:41+00:00","og_image":[{"width":1200,"height":674,"url":"https:\/\/dicodusport.fr\/blog\/wp-content\/uploads\/2025\/02\/Tour-dAlgarve-2025-Jonas-Vinegaard-rafle-la-derniere-etape-et-le-general.png","type":"image\/png"}],"author":"Emilien Descampiaux","twitter_card":"summary_large_image","twitter_title":"Tour d'Algarve 2025 : Jonas Vingegaard rafle la derni\u00e8re \u00e9tape et le g\u00e9n\u00e9ral","twitter_creator":"@https:\/\/twitter.com\/LRoisDuPeloton","twitter_site":"@dicodusport","schema":{"@context":"https:\/\/schema.org","@graph":[{"@type":"NewsArticle","@id":"https:\/\/dicodusport.fr\/blog\/tour-dalgarve-2025-jonas-vingegaard-rafle-la-derniere-etape-et-le-general\/#article","isPartOf":{"@id":"https:\/\/dicodusport.fr\/blog\/tour-dalgarve-2025-jonas-vingegaard-rafle-la-derniere-etape-et-le-general\/"},"author":{"name":"Emilien Descampiaux","@id":"https:\/\/dicodusport.fr\/blog\/#\/schema\/person\/6db4bae06b171592211be385b32876a7"},"headline":"Tour d&rsquo;Algarve 2025 : Jonas Vingegaard rafle la derni\u00e8re \u00e9tape et le g\u00e9n\u00e9ral","datePublished":"2025-02-23T17:23:31+00:00","dateModified":"2025-02-23T17:24:41+00:00","mainEntityOfPage":{"@id":"https:\/\/dicodusport.fr\/blog\/tour-dalgarve-2025-jonas-vingegaard-rafle-la-derniere-etape-et-le-general\/"},"wordCount":463,"commentCount":0,"publisher":{"@id":"https:\/\/dicodusport.fr\/blog\/#organization"},"image":{"@id":"https:\/\/dicodusport.fr\/blog\/tour-dalgarve-2025-jonas-vingegaard-rafle-la-derniere-etape-et-le-general\/#primaryimage"},"thumbnailUrl":"https:\/\/dicodusport.fr\/blog\/wp-content\/uploads\/2025\/02\/Tour-dAlgarve-2025-Jonas-Vinegaard-rafle-la-derniere-etape-et-le-general.png","keywords":["actu","br\u00e8ve","Cyclisme","Jonas Vingegaard","Tour d'Algarve"],"articleSection":["Cyclisme sur route"],"inLanguage":"fr-FR","potentialAction":[{"@type":"CommentAction","name":"Comment","target":["https:\/\/dicodusport.fr\/blog\/tour-dalgarve-2025-jonas-vingegaard-rafle-la-derniere-etape-et-le-general\/#respond"]}],"copyrightYear":"2025","copyrightHolder":{"@id":"https:\/\/dicodusport.fr\/blog\/#organization"}},{"@type":"WebPage","@id":"https:\/\/dicodusport.fr\/blog\/tour-dalgarve-2025-jonas-vingegaard-rafle-la-derniere-etape-et-le-general\/","url":"https:\/\/dicodusport.fr\/blog\/tour-dalgarve-2025-jonas-vingegaard-rafle-la-derniere-etape-et-le-general\/","name":"Tour d'Algarve 2025 : Jonas Vingegaard rafle la derni\u00e8re \u00e9tape et le g\u00e9n\u00e9ral","isPartOf":{"@id":"https:\/\/dicodusport.fr\/blog\/#website"},"primaryImageOfPage":{"@id":"https:\/\/dicodusport.fr\/blog\/tour-dalgarve-2025-jonas-vingegaard-rafle-la-derniere-etape-et-le-general\/#primaryimage"},"image":{"@id":"https:\/\/dicodusport.fr\/blog\/tour-dalgarve-2025-jonas-vingegaard-rafle-la-derniere-etape-et-le-general\/#primaryimage"},"thumbnailUrl":"https:\/\/dicodusport.fr\/blog\/wp-content\/uploads\/2025\/02\/Tour-dAlgarve-2025-Jonas-Vinegaard-rafle-la-derniere-etape-et-le-general.png","datePublished":"2025-02-23T17:23:31+00:00","dateModified":"2025-02-23T17:24:41+00:00","description":"TOUR D'ALGARVE 2025 - Jonas Vinegaard (Visma Lease a Bike) a remport\u00e9 la derni\u00e8re \u00e9tape et le classement g\u00e9n\u00e9ral du 51\u00e8me Tour d'Algarve, dimanche.\u00a0","breadcrumb":{"@id":"https:\/\/dicodusport.fr\/blog\/tour-dalgarve-2025-jonas-vingegaard-rafle-la-derniere-etape-et-le-general\/#breadcrumb"},"inLanguage":"fr-FR","potentialAction":[{"@type":"ReadAction","target":["https:\/\/dicodusport.fr\/blog\/tour-dalgarve-2025-jonas-vingegaard-rafle-la-derniere-etape-et-le-general\/"]}]},{"@type":"ImageObject","inLanguage":"fr-FR","@id":"https:\/\/dicodusport.fr\/blog\/tour-dalgarve-2025-jonas-vingegaard-rafle-la-derniere-etape-et-le-general\/#primaryimage","url":"https:\/\/dicodusport.fr\/blog\/wp-content\/uploads\/2025\/02\/Tour-dAlgarve-2025-Jonas-Vinegaard-rafle-la-derniere-etape-et-le-general.png","contentUrl":"https:\/\/dicodusport.fr\/blog\/wp-content\/uploads\/2025\/02\/Tour-dAlgarve-2025-Jonas-Vinegaard-rafle-la-derniere-etape-et-le-general.png","width":1200,"height":674,"caption":"Tour d'Algarve 2025 Jonas Vinegaard rafle la derni\u00e8re \u00e9tape et le g\u00e9n\u00e9ral"},{"@type":"BreadcrumbList","@id":"https:\/\/dicodusport.fr\/blog\/tour-dalgarve-2025-jonas-vingegaard-rafle-la-derniere-etape-et-le-general\/#breadcrumb","itemListElement":[{"@type":"ListItem","position":1,"name":"Accueil","item":"https:\/\/dicodusport.fr\/blog\/"},{"@type":"ListItem","position":2,"name":"Tour d&#8217;Algarve 2025 : Jonas Vingegaard rafle la derni\u00e8re \u00e9tape et le g\u00e9n\u00e9ral"}]},{"@type":"WebSite","@id":"https:\/\/dicodusport.fr\/blog\/#website","url":"https:\/\/dicodusport.fr\/blog\/","name":"Dicodusport","description":"L&#039;encyclop\u00e9die de l&#039;actualit\u00e9 sportive","publisher":{"@id":"https:\/\/dicodusport.fr\/blog\/#organization"},"potentialAction":[{"@type":"SearchAction","target":{"@type":"EntryPoint","urlTemplate":"https:\/\/dicodusport.fr\/blog\/?s={search_term_string}"},"query-input":{"@type":"PropertyValueSpecification","valueRequired":true,"valueName":"search_term_string"}}],"inLanguage":"fr-FR"},{"@type":"NewsMediaOrganization","@id":"https:\/\/dicodusport.fr\/blog\/#organization","name":"Dicodusport","url":"https:\/\/dicodusport.fr\/blog\/","logo":{"@type":"ImageObject","inLanguage":"fr-FR","@id":"https:\/\/dicodusport.fr\/blog\/#\/schema\/logo\/image\/","url":"https:\/\/dicodusport.fr\/blog\/wp-content\/uploads\/2020\/06\/cropped-LOGO-DICODUSPORT-2020-SANS-FOND-SANS-TEXTE.png","contentUrl":"https:\/\/dicodusport.fr\/blog\/wp-content\/uploads\/2020\/06\/cropped-LOGO-DICODUSPORT-2020-SANS-FOND-SANS-TEXTE.png","width":512,"height":512,"caption":"Dicodusport"},"image":{"@id":"https:\/\/dicodusport.fr\/blog\/#\/schema\/logo\/image\/"},"sameAs":["https:\/\/www.facebook.com\/dicodusport","https:\/\/x.com\/dicodusport","https:\/\/www.instagram.com\/dicodusport\/","https:\/\/www.youtube.com\/channel\/UC7V2KZ5sd3htJivAbA4ZG3w"],"description":"Dicodusport est l'encyclop\u00e9die de l'actualit\u00e9 sportive.","email":"bonjour@dicodusport.fr","legalName":"DICODUSPORT","foundingDate":"2018-01-14","vatID":"FR71834470973","taxID":"83447097300043","numberOfEmployees":{"@type":"QuantitativeValue","minValue":"1","maxValue":"10"}},{"@type":"Person","@id":"https:\/\/dicodusport.fr\/blog\/#\/schema\/person\/6db4bae06b171592211be385b32876a7","name":"Emilien Descampiaux","image":{"@type":"ImageObject","inLanguage":"fr-FR","@id":"https:\/\/dicodusport.fr\/blog\/#\/schema\/person\/image\/","url":"https:\/\/dicodusport.fr\/blog\/wp-content\/uploads\/2021\/05\/Emilien-Descampiaux-150x150.jpg","contentUrl":"https:\/\/dicodusport.fr\/blog\/wp-content\/uploads\/2021\/05\/Emilien-Descampiaux-150x150.jpg","caption":"Emilien Descampiaux"},"description":"Journaliste\/r\u00e9dacteur depuis 2014 - Fan de la classe de Frank Vandenbroucke, je vis cyclisme (et de ses paysages) depuis plus de 20 ans. Je suis tr\u00e8s impliqu\u00e9 sur mes diff\u00e9rents r\u00e9seaux sociaux pour partager ma passion sur le monde et l'Histoire de la bicyclette avec ma voix sur les images en noir et blanc du succ\u00e8s de Rik Van Steenbergen lors du Ronde sur le V\u00e9lodrome de Gand.","sameAs":["https:\/\/www.facebook.com\/groups\/LesRoisDuPeloton","https:\/\/x.com\/https:\/\/twitter.com\/LRoisDuPeloton"],"url":"https:\/\/dicodusport.fr\/blog\/author\/emiliend\/"}]}},"_links":{"self":[{"href":"https:\/\/dicodusport.fr\/blog\/wp-json\/wp\/v2\/posts\/558492","targetHints":{"allow":["GET"]}}],"collection":[{"href":"https:\/\/dicodusport.fr\/blog\/wp-json\/wp\/v2\/posts"}],"about":[{"href":"https:\/\/dicodusport.fr\/blog\/wp-json\/wp\/v2\/types\/post"}],"author":[{"embeddable":true,"href":"https:\/\/dicodusport.fr\/blog\/wp-json\/wp\/v2\/users\/48"}],"replies":[{"embeddable":true,"href":"https:\/\/dicodusport.fr\/blog\/wp-json\/wp\/v2\/comments?post=558492"}],"version-history":[{"count":5,"href":"https:\/\/dicodusport.fr\/blog\/wp-json\/wp\/v2\/posts\/558492\/revisions"}],"predecessor-version":[{"id":558727,"href":"https:\/\/dicodusport.fr\/blog\/wp-json\/wp\/v2\/posts\/558492\/revisions\/558727"}],"wp:featuredmedia":[{"embeddable":true,"href":"https:\/\/dicodusport.fr\/blog\/wp-json\/wp\/v2\/media\/558722"}],"wp:attachment":[{"href":"https:\/\/dicodusport.fr\/blog\/wp-json\/wp\/v2\/media?parent=558492"}],"wp:term":[{"taxonomy":"category","embeddable":true,"href":"https:\/\/dicodusport.fr\/blog\/wp-json\/wp\/v2\/categories?post=558492"},{"taxonomy":"post_tag","embeddable":true,"href":"https:\/\/dicodusport.fr\/blog\/wp-json\/wp\/v2\/tags?post=558492"}],"curies":[{"name":"wp","href":"https:\/\/api.w.org\/{rel}","templated":true}]}}