{"id":558830,"date":"2025-02-24T15:00:32","date_gmt":"2025-02-24T14:00:32","guid":{"rendered":"https:\/\/dicodusport.fr\/blog\/?p=558830&#038;preview=true&#038;preview_id=558830"},"modified":"2025-07-09T18:34:35","modified_gmt":"2025-07-09T16:34:35","slug":"championnats-du-monde-de-biathlon-2025-les-chiffres-cles-a-retenir","status":"publish","type":"post","link":"https:\/\/dicodusport.fr\/blog\/championnats-du-monde-de-biathlon-2025-les-chiffres-cles-a-retenir\/","title":{"rendered":"Championnats du Monde de Biathlon 2025 : Les Chiffres Cl\u00e9s \u00e0 retenir"},"content":{"rendered":"<h4 style=\"text-align: justify;\"><em>CHAMPIONNATS DU MONDE DE BIATHLON 2025 &#8211; Retour, en chiffres, sur la comp\u00e9tition qui s&rsquo;est d\u00e9roul\u00e9e \u00e0 Lenzerheide (Suisse).<\/em><\/h4>\n<ul style=\"text-align: justify;\">\n<li style=\"text-align: justify;\"><strong>\u00c0 ce sujet &#8211; <\/strong><strong><a href=\"https:\/\/dicodusport.fr\/blog\/biathlon-championnats-du-monde-programme-complet-et-resultats\/\">Palmar\u00e8s et r\u00e9sultats Biathlon championnats du monde 2025<\/a><\/strong><\/li>\n<\/ul>\n<h2 style=\"text-align: justify;\">3<\/h2>\n<p style=\"text-align: justify;\">En remportant le relais mixte simple, la France rejoint la Norv\u00e8ge au rang des nations les plus titr\u00e9es de cette jeune \u00e9preuve arriv\u00e9e en 2019 aux Championnats du monde. Ce sont les deux seules nations titr\u00e9es.<\/p>\n<h2 style=\"text-align: justify;\">4 et 5<\/h2>\n<p style=\"text-align: justify;\">Le Roi et la Reine de ces Mondiaux se nomment <strong>Johannes Boe<\/strong> et <strong>Julia Simon<\/strong>, ils ont remport\u00e9 respectivement cinq et quatre m\u00e9dailles. Trois titres pour le Norv\u00e9gien (sprint, poursuite et relais hommes) l&rsquo;argent sur le relais mixte simple et le bronze sur la mass start. Mais la Fran\u00e7aise peut s&rsquo;enorgueillir de faire mieux que la l\u00e9gende du biathlon. Toutes ses m\u00e9dailles gagn\u00e9es sont en or. Quatre titres, sur le relais mixte, le relais femmes, l&rsquo;individuel et le relais mixte simple. Comment on dit d\u00e9j\u00e0 en fran\u00e7ais ? Chapeau.<\/p>\n<div class=\"vlp-link-container vlp-layout-article\"><a href=\"https:\/\/dicodusport.fr\/blog\/biathlon-championnats-du-monde-julia-simon-triomphe-sur-lindividuel-lou-jeanmonnot-en-bronze\/\" class=\"vlp-link\" title=\"Biathlon Championnats du monde : Julia Simon triomphe sur l\u2019individuel, Lou Jeanmonnot en bronze\"><\/a><div class=\"vlp-layout-zone-side\"><div class=\"vlp-block-4 vlp-link-image\"><img loading=\"lazy\" decoding=\"async\" style=\"max-width: 792px;\" width=\"792\" height=\"445\" src=\"https:\/\/dicodusport.fr\/blog\/wp-content\/uploads\/2025\/02\/Biathlon-Championnats-du-monde-Julia-Simon-triomphe-sur-lindividuel-Lou-Jeanmonnot-en-bronze-1.png\" class=\"attachment-800x445 size-800x445\" alt=\"Biathlon Championnats du monde Julia Simon triomphe sur l\u2019individuel, Lou Jeanmonnot en bronze\" srcset=\"https:\/\/dicodusport.fr\/blog\/wp-content\/uploads\/2025\/02\/Biathlon-Championnats-du-monde-Julia-Simon-triomphe-sur-lindividuel-Lou-Jeanmonnot-en-bronze-1.png 1200w, https:\/\/dicodusport.fr\/blog\/wp-content\/uploads\/2025\/02\/Biathlon-Championnats-du-monde-Julia-Simon-triomphe-sur-lindividuel-Lou-Jeanmonnot-en-bronze-1-300x169.png 300w, https:\/\/dicodusport.fr\/blog\/wp-content\/uploads\/2025\/02\/Biathlon-Championnats-du-monde-Julia-Simon-triomphe-sur-lindividuel-Lou-Jeanmonnot-en-bronze-1-1024x575.png 1024w, https:\/\/dicodusport.fr\/blog\/wp-content\/uploads\/2025\/02\/Biathlon-Championnats-du-monde-Julia-Simon-triomphe-sur-lindividuel-Lou-Jeanmonnot-en-bronze-1-768x431.png 768w\" sizes=\"auto, (max-width: 792px) 100vw, 792px\" \/><\/div><\/div><div class=\"vlp-layout-zone-main\"><div class=\"vlp-block-0 vlp-link-title\">Biathlon Championnats du monde : Julia Simon triomphe sur l\u2019individuel, Lou Jeanmonnot en bronze<\/div><div class=\"vlp-block-1 vlp-link-summary\">CHAMPIONNATS DU MONDE DE BIATHLON 2025 - La moisson de m\u00e9dailles continue pour la d\u00e9l\u00e9gation tricolore. Apr\u00e8s l'or et le bronze de Justine Braisaz-Bouchet, Julia Simon s\u2019impose sur l\u2019individuel et fait retentir une nouvelle Marseillaise. 3\u00e8me, Lou Jeanmonnot grimpe sur le podium.<\/div><div class=\"vlp-block-2 vlp-link-button\">Lire l'article<\/div><div class=\"vlp-block-3 vlp-link-url\">dicodusport.fr<\/div><\/div><\/div>\n<h2 style=\"text-align: justify;\">12<\/h2>\n<p style=\"text-align: justify;\">Comme le nombre de titres remport\u00e9s en individuel aux championnats du monde par <strong>Johannes Boe<\/strong>. Le Norv\u00e9gien est devenu, \u00e0 Lenzerheide, le biathl\u00e8te le plus titr\u00e9 de l&rsquo;histoire de la comp\u00e9tition. Il d\u00e9passe son compatriote <strong>Ole Einar Bjorndalen<\/strong> et le Fran\u00e7ais <strong>Martin Fourcade<\/strong>. Il a rajout\u00e9 \u00e0 son incroyable collection le titre du sprint et de la poursuite cette ann\u00e9e. Chapeau monsieur, votre retraite sera bien m\u00e9rit\u00e9e. Au total, il a remport\u00e9 21 m\u00e9dailles en individuel, d\u00e9passant l\u00e0 aussi <strong>Martin Fourcade<\/strong>, alors qu&rsquo;ils \u00e9taient tous les deux \u00e0 18, avant ces championnats du monde. Mais il reste derri\u00e8re les 26 d&rsquo;<strong>Ole Einar Bjoerndalen<\/strong>.<\/p>\n<h2 style=\"text-align: justify;\">13<\/h2>\n<p style=\"text-align: justify;\">Comme le nombre de m\u00e9dailles de l&rsquo;\u00e9quipe de France, qui \u00e9gale son meilleur total historique dans un championnat du monde. \u00c0 une petite m\u00e9daille du record absolu de m\u00e9dailles, pour une nation. \u00c0 noter que, \u00e0 l&rsquo;exception de la mass start hommes, toutes les \u00e9preuves ont vu au moins un Fran\u00e7ais remporter une m\u00e9daille. La France a termin\u00e9 premi\u00e8re au classement des m\u00e9dailles, devant la Norv\u00e8ge. C&rsquo;est la deuxi\u00e8me ann\u00e9e cons\u00e9cutive pour la France (et la 5e fois de l&rsquo;histoire).<\/p>\n<h2 style=\"text-align: justify;\">16<\/h2>\n<p style=\"text-align: justify;\">Seize biathl\u00e8tes ont remport\u00e9 une m\u00e9daille, lors des courses individuelles de ces championnats du monde, sur les 24 possibles. Preuve qu&rsquo;il n&rsquo;y a pas eu une ultra domination de deux ou trois biathl\u00e8tes sur cette \u00e9dition. Parmi les biathl\u00e8tes qui ont eu le privil\u00e8ge de remporter une m\u00e9daille, six Fran\u00e7ais. <strong>Justine Braisaz-Bouchet, Lou Jeanmonnot, Julia Simon, Oc\u00e9ane Michelon, Quentin Fillon-Maillet<\/strong> et <strong>\u00c9ric Perrot<\/strong> ne repartiront pas de Suisse les mains vides. Les Bleus se sont bien r\u00e9partis les m\u00e9dailles. C&rsquo;est m\u00eame un record pour un seul pays dans l&rsquo;histoire des championnats du monde.<\/p>\n<blockquote class=\"twitter-tweet\">\n<p dir=\"ltr\" lang=\"fr\">PREMIERE MEDAILLE MONDIALE POUR OCEANE MICHELON EN ARGEEEEENT \ud83e\udd48<\/p>\n<p>6 Bleus diff\u00e9rents m\u00e9daill\u00e9s en indiv : record historique toutes nations (5) battu ! \u2705<\/p>\n<p>13e m\u00e9daille fran\u00e7aise : record historique de la Norv\u00e8ge (2013) dans le viseur! <a href=\"https:\/\/twitter.com\/hashtag\/Biathlon?src=hash&amp;ref_src=twsrc%5Etfw\">#Biathlon<\/a> <a href=\"https:\/\/twitter.com\/hashtag\/LequipeBiathlon?src=hash&amp;ref_src=twsrc%5Etfw\">#LequipeBiathlon<\/a> <a href=\"https:\/\/twitter.com\/hashtag\/Lenzerheide2025?src=hash&amp;ref_src=twsrc%5Etfw\">#Lenzerheide2025<\/a><\/p>\n<p>\u2014 Victor CLOT-AMIOT (@VictorClotAmiot) <a href=\"https:\/\/twitter.com\/VictorClotAmiot\/status\/1893653424635310352?ref_src=twsrc%5Etfw\">February 23, 2025<\/a><\/p><\/blockquote>\n<p style=\"text-align: justify;\"><script async src=\"https:\/\/platform.twitter.com\/widgets.js\" charset=\"utf-8\"><\/script><\/p>\n<h2 style=\"text-align: justify;\">24<\/h2>\n<p style=\"text-align: justify;\">Comme le nombre de pioches de l&rsquo;\u00e9quipe de France, sur l&rsquo;ensemble des cinq relais disput\u00e9s. Soit six pioches en moyenne (1,5 par relayeur). La France n&rsquo;a effectu\u00e9 qu&rsquo;un tour de p\u00e9nalit\u00e9, lors du relais mixte. Mention sp\u00e9ciale aux femmes qui, lors de leur sacre, ont fait une course \u00e0 quatre pioches. Pour rappel, la France a remport\u00e9 le relais mixte, le relais mixte simple et le relais femmes, avant de prendre l&rsquo;argent sur le relais hommes.<\/p>\n<div class=\"vlp-link-container vlp-layout-article\"><a href=\"https:\/\/dicodusport.fr\/blog\/biathlon-championnats-du-monde-les-francaises-ecrasent-le-relais-et-conservent-leur-titre\/\" class=\"vlp-link\" title=\"Biathlon Championnats du monde : Les Fran\u00e7aises \u00e9crasent le relais et conservent leur titre !\"><\/a><div class=\"vlp-layout-zone-side\"><div class=\"vlp-block-4 vlp-link-image\"><img loading=\"lazy\" decoding=\"async\" style=\"max-width: 792px;\" width=\"792\" height=\"445\" src=\"https:\/\/dicodusport.fr\/blog\/wp-content\/uploads\/2025\/02\/Biathlon-Championnats-du-monde-Les-Francaises-ecrasent-le-relais-et-conservent-leur-titre-1-1.png\" class=\"attachment-800x445 size-800x445\" alt=\"Biathlon Championnats du monde Les Fran\u00e7aises \u00e9crasent le relais et conservent leur titre !\" srcset=\"https:\/\/dicodusport.fr\/blog\/wp-content\/uploads\/2025\/02\/Biathlon-Championnats-du-monde-Les-Francaises-ecrasent-le-relais-et-conservent-leur-titre-1-1.png 1200w, https:\/\/dicodusport.fr\/blog\/wp-content\/uploads\/2025\/02\/Biathlon-Championnats-du-monde-Les-Francaises-ecrasent-le-relais-et-conservent-leur-titre-1-1-300x169.png 300w, https:\/\/dicodusport.fr\/blog\/wp-content\/uploads\/2025\/02\/Biathlon-Championnats-du-monde-Les-Francaises-ecrasent-le-relais-et-conservent-leur-titre-1-1-1024x575.png 1024w, https:\/\/dicodusport.fr\/blog\/wp-content\/uploads\/2025\/02\/Biathlon-Championnats-du-monde-Les-Francaises-ecrasent-le-relais-et-conservent-leur-titre-1-1-768x431.png 768w\" sizes=\"auto, (max-width: 792px) 100vw, 792px\" \/><\/div><\/div><div class=\"vlp-layout-zone-main\"><div class=\"vlp-block-0 vlp-link-title\">Biathlon Championnats du monde : Les Fran\u00e7aises \u00e9crasent le relais et conservent leur titre !<\/div><div class=\"vlp-block-1 vlp-link-summary\">CHAMPIONNATS DU MONDE DE BIATHLON 2025 - Apr\u00e8s une v\u00e9ritable d\u00e9monstration durant laquelle elles n'ont utilis\u00e9 que 4 pioches, les Fran\u00e7aises ont \u00e9cras\u00e9 le relais pour aller conserver leur titre mondial. Elles devancent de plus d'une minute la Norv\u00e8ge et de pr\u00e8s de 2 minutes la Su\u00e8de.\u00a0<\/div><div class=\"vlp-block-2 vlp-link-button\">Lire l'article<\/div><div class=\"vlp-block-3 vlp-link-url\">dicodusport.fr<\/div><\/div><\/div>\n<h2 style=\"text-align: justify;\">40<\/h2>\n<p style=\"text-align: justify;\">Comme le total du nombre de m\u00e9dailles aux championnats du monde, remport\u00e9es par <strong>Johannes Boe<\/strong>. Il en aura ajout\u00e9 cinq lors de cette \u00e9dition. Il a remport\u00e9 22 titres (relais compris), ce qui est l\u00e0 aussi le record absolu. Cette \u00e9dition lui a permis de d\u00e9passer le nombre de titres d&rsquo;<strong>Ole Einar Bjoerndalen<\/strong>. En revanche, ce dernier reste le biathl\u00e8te le plus m\u00e9daill\u00e9 de l&rsquo;histoire des Mondiaux, avec 45 breloques. Un record qui ne sera pas pr\u00e8s d&rsquo;\u00eatre battu, dans la mesure o\u00f9 <strong>Johannes Boe<\/strong> prend sa retraite et qu&rsquo;aucun autre biathl\u00e8te en activit\u00e9 n&rsquo;est dans le Top 11.<\/p>\n<p style=\"text-align: justify;\">Cependant, l&rsquo;ain\u00e9 des deux Norv\u00e9giens a remport\u00e9 sa premi\u00e8re m\u00e9daille en 1997 et sa derni\u00e8re en 2017, et n&rsquo;a jamais d\u00e9pass\u00e9 les quatre m\u00e9dailles en une \u00e9dition. Le Norv\u00e9gien en a remport\u00e9 40 en 10 Mondiaux, dont 7 en 2023 (5 titres) et 7 en 2024 (3 titres). Absolument hallucinant, m\u00eame si <strong>Bjoerndalen<\/strong> n&rsquo;a pas connu le relais mixte simple, qui lui aurait sans doute permis de d\u00e9passer les 50 m\u00e9dailles.<\/p>\n<ul style=\"text-align: justify;\">\n<li style=\"text-align: justify;\"><strong>\u00c0 ce sujet &#8211; <\/strong><strong><a href=\"https:\/\/dicodusport.fr\/blog\/tableau-des-medailles-biathlon-championnats-du-monde-2025\/\">Biathlon : Tableau des m\u00e9dailles des championnats du monde 2025<\/a><\/strong><\/li>\n<\/ul>\n<h2 style=\"text-align: justify;\">92.9<\/h2>\n<p style=\"text-align: justify;\">En pourcentage, le taux de r\u00e9ussite au tir de<strong> Franziska Preuss <\/strong>sur ces championnats du monde. En d\u00e9tail, 9\/10 sur le sprint, 19\/20 sur la poursuite (qu&rsquo;elle remporte haut la main), 18\/20 sur l&rsquo;individuel et 19\/20 sur la mass start. Et si on se penche encore plus sur les d\u00e9tails, elle n&rsquo;a rat\u00e9 aucune balle sur son tir couch\u00e9 sur les \u00e9preuves individuelles (35\/35). La carabine a un peu plus trembl\u00e9 sur le debout. Cela lui co\u00fbte sans doute le titre sur l&rsquo;individuel et une m\u00e9daille sur la mass start.<\/p>\n<h2 style=\"text-align: justify;\">117<\/h2>\n<p style=\"text-align: justify;\">La France \u00ab\u00a0remporte\u00a0\u00bb \u00e9galement la <em>placing table<\/em>, le classement des finalistes (Top 8), \u00e0 raison de 8 points pour une premi\u00e8re place, 7 points pour une seconde, etc. L&rsquo;\u00e9quipe de France a \u00e9t\u00e9 port\u00e9e par les femmes. Avec 61 points (le relais mixte compte dans la <em>placing table<\/em> g\u00e9n\u00e9rale, mais ni dans celle des femmes ni des hommes, donc 61 points sur 101 possibles pour les femmes, les Bleus ayant remport\u00e9 le relais mixte et le relais mixte simple et ont donc marqu\u00e9 16 points).<\/p>\n<blockquote class=\"twitter-tweet\">\n<p dir=\"ltr\" lang=\"fr\">Mondiaux biathlon &#8211; Placing table<\/p>\n<p>1 \ud83c\uddeb\ud83c\uddf7 117 points<br \/>\n2\ud83c\uddf3\ud83c\uddf4 89 points<br \/>\n3 \ud83c\uddf8\ud83c\uddea 50 points<br \/>\n4 \ud83c\udde9\ud83c\uddea 42 points<br \/>\n5 \ud83c\uddee\ud83c\uddf9 30 points<br \/>\n6 \ud83c\udde8\ud83c\udded23 points<br \/>\n7\ud83c\uddfa\ud83c\uddf8 19 points<br \/>\n8 \ud83c\uddeb\ud83c\uddee 15 points<br \/>\n9 \ud83c\udde8\ud83c\uddff 12 points<br \/>\n10 \ud83c\uddf8\ud83c\uddee 10 points<br \/>\n11 \ud83c\udde6\ud83c\uddf9 6 points<br \/>\n11 \ud83c\uddfa\ud83c\udde6 6 points<br \/>\n12\ud83c\udde7\ud83c\uddec 4pts<br \/>\n14\ud83c\uddf8\ud83c\uddf0 3 points<br \/>\n14\ud83c\uddea\ud83c\uddea 2 pts<br \/>\n16 \ud83c\udde7\ud83c\uddea 1 pt<a href=\"https:\/\/twitter.com\/hashtag\/lequipebiathlon?src=hash&amp;ref_src=twsrc%5Etfw\">#lequipebiathlon<\/a><\/p>\n<p>\u2014 Etienne Goursaud \uea00\ud83c\uddeb\ud83c\uddf7 (@EtienneGoursaud) <a href=\"https:\/\/twitter.com\/EtienneGoursaud\/status\/1893973399866585192?ref_src=twsrc%5Etfw\">February 24, 2025<\/a><\/p><\/blockquote>\n<p style=\"text-align: justify;\"><script async src=\"https:\/\/platform.twitter.com\/widgets.js\" charset=\"utf-8\"><\/script><\/p>\n<h2 style=\"text-align: justify;\">143<\/h2>\n<p style=\"text-align: justify;\">La France compte d\u00e9sormais 143 m\u00e9dailles dans les championnats du monde de biathlon (51 titres, 40 m\u00e9dailles d&rsquo;argent et 52 m\u00e9dailles de bronze).<\/p>\n<h2 style=\"text-align: justify;\">256<\/h2>\n<p style=\"text-align: justify;\">Bien que domin\u00e9e par la France, lors de ces championnats du monde, la Norv\u00e8ge a ajout\u00e9 neuf m\u00e9dailles \u00e0 sa collection. Et reste de loin la nation la plus titr\u00e9e de l&rsquo;histoire des championnats du monde. 97 m\u00e9dailles d&rsquo;or, 85 m\u00e9dailles d&rsquo;argent et 74 m\u00e9dailles de bronze.<\/p>\n<h2 style=\"text-align: justify;\">1 934 000<\/h2>\n<p style=\"text-align: justify;\">La mass start femmes et la m\u00e9daille d&rsquo;argent d&rsquo;<strong>Oc\u00e9ane Michelon<\/strong> ont \u00e9t\u00e9 suivies par presque 2 millions de t\u00e9l\u00e9spectateurs sur La Cha\u00eene L&rsquo;\u00c9quipe. Pr\u00e8s de 17 % de part d&rsquo;audience dans un grand week-end de sport. Et la preuve que le biathlon s&rsquo;est install\u00e9 au sein des foyers fran\u00e7ais<\/p>\n<blockquote class=\"twitter-tweet\">\n<p dir=\"ltr\" lang=\"fr\">AUDIENCE &#8211; Score stratosph\u00e9rique pour la Mass Start f\u00e9minine avec 1.934.000 t\u00e9l\u00e9spectateurs (16.8% de PdA) hier \u00e0 13h45 sur <a href=\"https:\/\/twitter.com\/lachainelequipe?ref_src=twsrc%5Etfw\">@lachainelequipe<\/a> !!! \ud83d\udca5\ud83d\udca5\ud83d\udca5<a href=\"https:\/\/twitter.com\/hashtag\/lequipeBIATHLON?src=hash&amp;ref_src=twsrc%5Etfw\">#lequipeBIATHLON<\/a> <a href=\"https:\/\/t.co\/bo3Cwtm4yL\">pic.twitter.com\/bo3Cwtm4yL<\/a><\/p>\n<p>\u2014 \ud835\udc11\ud835\udc1e\ud835\udc26\ud835\udc2c_\ud835\udc0d\ud835\udc1a\ud835\udc1d\ud835\udc1e\ud835\udc2e\ud835\udc20\ud835\udc1e (@REMS_NADEUGE) <a href=\"https:\/\/twitter.com\/REMS_NADEUGE\/status\/1893969038096646285?ref_src=twsrc%5Etfw\">February 24, 2025<\/a><\/p><\/blockquote>\n<p style=\"text-align: justify;\"><script async src=\"https:\/\/platform.twitter.com\/widgets.js\" charset=\"utf-8\"><\/script><\/p>\n","protected":false},"excerpt":{"rendered":"<p>CHAMPIONNATS DU MONDE DE BIATHLON 2025 &#8211; Retour, en chiffres, sur la comp\u00e9tition qui s&rsquo;est d\u00e9roul\u00e9e \u00e0 Lenzerheide (Suisse).<\/p>\n","protected":false},"author":83,"featured_media":558840,"comment_status":"open","ping_status":"closed","sticky":false,"template":"","format":"standard","meta":{"_acf_changed":false,"_daextam_enable_autolinks":"1","footnotes":""},"categories":[47039],"tags":[32415,2427,16878,6740,24],"class_list":["post-558830","post","type-post","status-publish","format-standard","has-post-thumbnail","hentry","category-championnats-du-monde-de-biathlon","tag-actu","tag-biathlon","tag-breve","tag-lenzerheide","tag-sport"],"acf":[],"yoast_head":"<!-- This site is optimized with the Yoast SEO Premium plugin v26.7 (Yoast SEO v26.7) - https:\/\/yoast.com\/wordpress\/plugins\/seo\/ -->\n<title>Championnats du Monde de Biathlon 2025 : Les Chiffres Cl\u00e9s \u00e0 retenir<\/title>\n<meta name=\"description\" content=\"CHAMPIONNATS DU MONDE DE BIATHLON 2025 - Retour, en chiffres, sur la comp\u00e9tition qui s&#039;est d\u00e9roul\u00e9e \u00e0 Lenzerheide (Suisse).\" \/>\n<meta name=\"robots\" content=\"index, follow, max-snippet:-1, max-image-preview:large, max-video-preview:-1\" \/>\n<link rel=\"canonical\" href=\"https:\/\/dicodusport.fr\/blog\/championnats-du-monde-de-biathlon-2025-les-chiffres-cles-a-retenir\/\" \/>\n<meta property=\"og:locale\" content=\"fr_FR\" \/>\n<meta property=\"og:type\" content=\"article\" \/>\n<meta property=\"og:title\" content=\"Championnats du Monde de Biathlon 2025 : Les Chiffres Cl\u00e9s \u00e0 retenir\" \/>\n<meta property=\"og:description\" content=\"CHAMPIONNATS DU MONDE DE BIATHLON 2025 - Retour, en chiffres, sur la comp\u00e9tition qui s&#039;est d\u00e9roul\u00e9e \u00e0 Lenzerheide (Suisse).\" \/>\n<meta property=\"og:url\" content=\"https:\/\/dicodusport.fr\/blog\/championnats-du-monde-de-biathlon-2025-les-chiffres-cles-a-retenir\/\" \/>\n<meta property=\"og:site_name\" content=\"Dicodusport\" \/>\n<meta property=\"article:publisher\" content=\"https:\/\/www.facebook.com\/dicodusport\" \/>\n<meta property=\"article:published_time\" content=\"2025-02-24T14:00:32+00:00\" \/>\n<meta property=\"article:modified_time\" content=\"2025-07-09T16:34:35+00:00\" \/>\n<meta property=\"og:image\" content=\"https:\/\/dicodusport.fr\/blog\/wp-content\/uploads\/2025\/02\/Championnats-du-Monde-de-Biathlon-2025-Les-Chiffres-Cles-a-retenir.png\" \/>\n\t<meta property=\"og:image:width\" content=\"1200\" \/>\n\t<meta property=\"og:image:height\" content=\"674\" \/>\n\t<meta property=\"og:image:type\" content=\"image\/png\" \/>\n<meta name=\"author\" content=\"Etienne Goursaud\" \/>\n<meta name=\"twitter:card\" content=\"summary_large_image\" \/>\n<meta name=\"twitter:title\" content=\"Championnats du Monde de Biathlon 2025 : Les Chiffres Cl\u00e9s \u00e0 retenir\" \/>\n<meta name=\"twitter:creator\" content=\"@dicodusport\" \/>\n<meta name=\"twitter:site\" content=\"@dicodusport\" \/>\n<script type=\"application\/ld+json\" class=\"yoast-schema-graph\">{\"@context\":\"https:\/\/schema.org\",\"@graph\":[{\"@type\":\"NewsArticle\",\"@id\":\"https:\/\/dicodusport.fr\/blog\/championnats-du-monde-de-biathlon-2025-les-chiffres-cles-a-retenir\/#article\",\"isPartOf\":{\"@id\":\"https:\/\/dicodusport.fr\/blog\/championnats-du-monde-de-biathlon-2025-les-chiffres-cles-a-retenir\/\"},\"author\":{\"name\":\"Etienne Goursaud\",\"@id\":\"https:\/\/dicodusport.fr\/blog\/#\/schema\/person\/d603dd7da31fb2b46c82b9835a77ec13\"},\"headline\":\"Championnats du Monde de Biathlon 2025 : Les Chiffres Cl\u00e9s \u00e0 retenir\",\"datePublished\":\"2025-02-24T14:00:32+00:00\",\"dateModified\":\"2025-07-09T16:34:35+00:00\",\"mainEntityOfPage\":{\"@id\":\"https:\/\/dicodusport.fr\/blog\/championnats-du-monde-de-biathlon-2025-les-chiffres-cles-a-retenir\/\"},\"wordCount\":1409,\"commentCount\":0,\"publisher\":{\"@id\":\"https:\/\/dicodusport.fr\/blog\/#organization\"},\"image\":{\"@id\":\"https:\/\/dicodusport.fr\/blog\/championnats-du-monde-de-biathlon-2025-les-chiffres-cles-a-retenir\/#primaryimage\"},\"thumbnailUrl\":\"https:\/\/dicodusport.fr\/blog\/wp-content\/uploads\/2025\/02\/Championnats-du-Monde-de-Biathlon-2025-Les-Chiffres-Cles-a-retenir.png\",\"keywords\":[\"actu\",\"Biathlon\",\"br\u00e8ve\",\"Lenzerheide\",\"sport\"],\"articleSection\":[\"Championnats du monde de biathlon\"],\"inLanguage\":\"fr-FR\",\"potentialAction\":[{\"@type\":\"CommentAction\",\"name\":\"Comment\",\"target\":[\"https:\/\/dicodusport.fr\/blog\/championnats-du-monde-de-biathlon-2025-les-chiffres-cles-a-retenir\/#respond\"]}],\"copyrightYear\":\"2025\",\"copyrightHolder\":{\"@id\":\"https:\/\/dicodusport.fr\/blog\/#organization\"}},{\"@type\":\"WebPage\",\"@id\":\"https:\/\/dicodusport.fr\/blog\/championnats-du-monde-de-biathlon-2025-les-chiffres-cles-a-retenir\/\",\"url\":\"https:\/\/dicodusport.fr\/blog\/championnats-du-monde-de-biathlon-2025-les-chiffres-cles-a-retenir\/\",\"name\":\"Championnats du Monde de Biathlon 2025 : Les Chiffres Cl\u00e9s \u00e0 retenir\",\"isPartOf\":{\"@id\":\"https:\/\/dicodusport.fr\/blog\/#website\"},\"primaryImageOfPage\":{\"@id\":\"https:\/\/dicodusport.fr\/blog\/championnats-du-monde-de-biathlon-2025-les-chiffres-cles-a-retenir\/#primaryimage\"},\"image\":{\"@id\":\"https:\/\/dicodusport.fr\/blog\/championnats-du-monde-de-biathlon-2025-les-chiffres-cles-a-retenir\/#primaryimage\"},\"thumbnailUrl\":\"https:\/\/dicodusport.fr\/blog\/wp-content\/uploads\/2025\/02\/Championnats-du-Monde-de-Biathlon-2025-Les-Chiffres-Cles-a-retenir.png\",\"datePublished\":\"2025-02-24T14:00:32+00:00\",\"dateModified\":\"2025-07-09T16:34:35+00:00\",\"description\":\"CHAMPIONNATS DU MONDE DE BIATHLON 2025 - Retour, en chiffres, sur la comp\u00e9tition qui s'est d\u00e9roul\u00e9e \u00e0 Lenzerheide (Suisse).\",\"breadcrumb\":{\"@id\":\"https:\/\/dicodusport.fr\/blog\/championnats-du-monde-de-biathlon-2025-les-chiffres-cles-a-retenir\/#breadcrumb\"},\"inLanguage\":\"fr-FR\",\"potentialAction\":[{\"@type\":\"ReadAction\",\"target\":[\"https:\/\/dicodusport.fr\/blog\/championnats-du-monde-de-biathlon-2025-les-chiffres-cles-a-retenir\/\"]}]},{\"@type\":\"ImageObject\",\"inLanguage\":\"fr-FR\",\"@id\":\"https:\/\/dicodusport.fr\/blog\/championnats-du-monde-de-biathlon-2025-les-chiffres-cles-a-retenir\/#primaryimage\",\"url\":\"https:\/\/dicodusport.fr\/blog\/wp-content\/uploads\/2025\/02\/Championnats-du-Monde-de-Biathlon-2025-Les-Chiffres-Cles-a-retenir.png\",\"contentUrl\":\"https:\/\/dicodusport.fr\/blog\/wp-content\/uploads\/2025\/02\/Championnats-du-Monde-de-Biathlon-2025-Les-Chiffres-Cles-a-retenir.png\",\"width\":1200,\"height\":674,\"caption\":\"Championnats du Monde de Biathlon 2025 Les Chiffres Cl\u00e9s \u00e0 retenir\"},{\"@type\":\"BreadcrumbList\",\"@id\":\"https:\/\/dicodusport.fr\/blog\/championnats-du-monde-de-biathlon-2025-les-chiffres-cles-a-retenir\/#breadcrumb\",\"itemListElement\":[{\"@type\":\"ListItem\",\"position\":1,\"name\":\"Accueil\",\"item\":\"https:\/\/dicodusport.fr\/blog\/\"},{\"@type\":\"ListItem\",\"position\":2,\"name\":\"Championnats du Monde de Biathlon 2025 : Les Chiffres Cl\u00e9s \u00e0 retenir\"}]},{\"@type\":\"WebSite\",\"@id\":\"https:\/\/dicodusport.fr\/blog\/#website\",\"url\":\"https:\/\/dicodusport.fr\/blog\/\",\"name\":\"Dicodusport\",\"description\":\"L&#039;encyclop\u00e9die de l&#039;actualit\u00e9 sportive\",\"publisher\":{\"@id\":\"https:\/\/dicodusport.fr\/blog\/#organization\"},\"potentialAction\":[{\"@type\":\"SearchAction\",\"target\":{\"@type\":\"EntryPoint\",\"urlTemplate\":\"https:\/\/dicodusport.fr\/blog\/?s={search_term_string}\"},\"query-input\":{\"@type\":\"PropertyValueSpecification\",\"valueRequired\":true,\"valueName\":\"search_term_string\"}}],\"inLanguage\":\"fr-FR\"},{\"@type\":\"NewsMediaOrganization\",\"@id\":\"https:\/\/dicodusport.fr\/blog\/#organization\",\"name\":\"Dicodusport\",\"url\":\"https:\/\/dicodusport.fr\/blog\/\",\"logo\":{\"@type\":\"ImageObject\",\"inLanguage\":\"fr-FR\",\"@id\":\"https:\/\/dicodusport.fr\/blog\/#\/schema\/logo\/image\/\",\"url\":\"https:\/\/dicodusport.fr\/blog\/wp-content\/uploads\/2020\/06\/cropped-LOGO-DICODUSPORT-2020-SANS-FOND-SANS-TEXTE.png\",\"contentUrl\":\"https:\/\/dicodusport.fr\/blog\/wp-content\/uploads\/2020\/06\/cropped-LOGO-DICODUSPORT-2020-SANS-FOND-SANS-TEXTE.png\",\"width\":512,\"height\":512,\"caption\":\"Dicodusport\"},\"image\":{\"@id\":\"https:\/\/dicodusport.fr\/blog\/#\/schema\/logo\/image\/\"},\"sameAs\":[\"https:\/\/www.facebook.com\/dicodusport\",\"https:\/\/x.com\/dicodusport\",\"https:\/\/www.instagram.com\/dicodusport\/\",\"https:\/\/www.youtube.com\/channel\/UC7V2KZ5sd3htJivAbA4ZG3w\"],\"description\":\"Dicodusport est l'encyclop\u00e9die de l'actualit\u00e9 sportive.\",\"email\":\"bonjour@dicodusport.fr\",\"legalName\":\"DICODUSPORT\",\"foundingDate\":\"2018-01-14\",\"vatID\":\"FR71834470973\",\"taxID\":\"83447097300043\",\"numberOfEmployees\":{\"@type\":\"QuantitativeValue\",\"minValue\":\"1\",\"maxValue\":\"10\"}},{\"@type\":\"Person\",\"@id\":\"https:\/\/dicodusport.fr\/blog\/#\/schema\/person\/d603dd7da31fb2b46c82b9835a77ec13\",\"name\":\"Etienne Goursaud\",\"image\":{\"@type\":\"ImageObject\",\"inLanguage\":\"fr-FR\",\"@id\":\"https:\/\/dicodusport.fr\/blog\/#\/schema\/person\/image\/\",\"url\":\"https:\/\/dicodusport.fr\/blog\/wp-content\/uploads\/2023\/12\/410122264_10231602061736049_5565839791558026645_n-150x150.jpg\",\"contentUrl\":\"https:\/\/dicodusport.fr\/blog\/wp-content\/uploads\/2023\/12\/410122264_10231602061736049_5565839791558026645_n-150x150.jpg\",\"caption\":\"Etienne Goursaud\"},\"description\":\"Journaliste et amoureux de sport. Ancien footballeur reconverti athl\u00e8te quand ses muscles le laissent tranquille. \u00c9lev\u00e9 \u00e0 la sauce des exploits de Thomas Voeckler en 2004, du dernier essai de l\u00e9gende de Eunice Barber \u00e0 la longueur lors des championnats du monde d'athl\u00e9tisme de 2003 mais aussi Zidane, Omeyer et Titou Lamaison.\",\"url\":\"https:\/\/dicodusport.fr\/blog\/author\/etienne-goursaud\/\"}]}<\/script>\n<!-- \/ Yoast SEO Premium plugin. -->","yoast_head_json":{"title":"Championnats du Monde de Biathlon 2025 : Les Chiffres Cl\u00e9s \u00e0 retenir","description":"CHAMPIONNATS DU MONDE DE BIATHLON 2025 - Retour, en chiffres, sur la comp\u00e9tition qui s'est d\u00e9roul\u00e9e \u00e0 Lenzerheide (Suisse).","robots":{"index":"index","follow":"follow","max-snippet":"max-snippet:-1","max-image-preview":"max-image-preview:large","max-video-preview":"max-video-preview:-1"},"canonical":"https:\/\/dicodusport.fr\/blog\/championnats-du-monde-de-biathlon-2025-les-chiffres-cles-a-retenir\/","og_locale":"fr_FR","og_type":"article","og_title":"Championnats du Monde de Biathlon 2025 : Les Chiffres Cl\u00e9s \u00e0 retenir","og_description":"CHAMPIONNATS DU MONDE DE BIATHLON 2025 - Retour, en chiffres, sur la comp\u00e9tition qui s'est d\u00e9roul\u00e9e \u00e0 Lenzerheide (Suisse).","og_url":"https:\/\/dicodusport.fr\/blog\/championnats-du-monde-de-biathlon-2025-les-chiffres-cles-a-retenir\/","og_site_name":"Dicodusport","article_publisher":"https:\/\/www.facebook.com\/dicodusport","article_published_time":"2025-02-24T14:00:32+00:00","article_modified_time":"2025-07-09T16:34:35+00:00","og_image":[{"width":1200,"height":674,"url":"https:\/\/dicodusport.fr\/blog\/wp-content\/uploads\/2025\/02\/Championnats-du-Monde-de-Biathlon-2025-Les-Chiffres-Cles-a-retenir.png","type":"image\/png"}],"author":"Etienne Goursaud","twitter_card":"summary_large_image","twitter_title":"Championnats du Monde de Biathlon 2025 : Les Chiffres Cl\u00e9s \u00e0 retenir","twitter_creator":"@dicodusport","twitter_site":"@dicodusport","schema":{"@context":"https:\/\/schema.org","@graph":[{"@type":"NewsArticle","@id":"https:\/\/dicodusport.fr\/blog\/championnats-du-monde-de-biathlon-2025-les-chiffres-cles-a-retenir\/#article","isPartOf":{"@id":"https:\/\/dicodusport.fr\/blog\/championnats-du-monde-de-biathlon-2025-les-chiffres-cles-a-retenir\/"},"author":{"name":"Etienne Goursaud","@id":"https:\/\/dicodusport.fr\/blog\/#\/schema\/person\/d603dd7da31fb2b46c82b9835a77ec13"},"headline":"Championnats du Monde de Biathlon 2025 : Les Chiffres Cl\u00e9s \u00e0 retenir","datePublished":"2025-02-24T14:00:32+00:00","dateModified":"2025-07-09T16:34:35+00:00","mainEntityOfPage":{"@id":"https:\/\/dicodusport.fr\/blog\/championnats-du-monde-de-biathlon-2025-les-chiffres-cles-a-retenir\/"},"wordCount":1409,"commentCount":0,"publisher":{"@id":"https:\/\/dicodusport.fr\/blog\/#organization"},"image":{"@id":"https:\/\/dicodusport.fr\/blog\/championnats-du-monde-de-biathlon-2025-les-chiffres-cles-a-retenir\/#primaryimage"},"thumbnailUrl":"https:\/\/dicodusport.fr\/blog\/wp-content\/uploads\/2025\/02\/Championnats-du-Monde-de-Biathlon-2025-Les-Chiffres-Cles-a-retenir.png","keywords":["actu","Biathlon","br\u00e8ve","Lenzerheide","sport"],"articleSection":["Championnats du monde de biathlon"],"inLanguage":"fr-FR","potentialAction":[{"@type":"CommentAction","name":"Comment","target":["https:\/\/dicodusport.fr\/blog\/championnats-du-monde-de-biathlon-2025-les-chiffres-cles-a-retenir\/#respond"]}],"copyrightYear":"2025","copyrightHolder":{"@id":"https:\/\/dicodusport.fr\/blog\/#organization"}},{"@type":"WebPage","@id":"https:\/\/dicodusport.fr\/blog\/championnats-du-monde-de-biathlon-2025-les-chiffres-cles-a-retenir\/","url":"https:\/\/dicodusport.fr\/blog\/championnats-du-monde-de-biathlon-2025-les-chiffres-cles-a-retenir\/","name":"Championnats du Monde de Biathlon 2025 : Les Chiffres Cl\u00e9s \u00e0 retenir","isPartOf":{"@id":"https:\/\/dicodusport.fr\/blog\/#website"},"primaryImageOfPage":{"@id":"https:\/\/dicodusport.fr\/blog\/championnats-du-monde-de-biathlon-2025-les-chiffres-cles-a-retenir\/#primaryimage"},"image":{"@id":"https:\/\/dicodusport.fr\/blog\/championnats-du-monde-de-biathlon-2025-les-chiffres-cles-a-retenir\/#primaryimage"},"thumbnailUrl":"https:\/\/dicodusport.fr\/blog\/wp-content\/uploads\/2025\/02\/Championnats-du-Monde-de-Biathlon-2025-Les-Chiffres-Cles-a-retenir.png","datePublished":"2025-02-24T14:00:32+00:00","dateModified":"2025-07-09T16:34:35+00:00","description":"CHAMPIONNATS DU MONDE DE BIATHLON 2025 - Retour, en chiffres, sur la comp\u00e9tition qui s'est d\u00e9roul\u00e9e \u00e0 Lenzerheide (Suisse).","breadcrumb":{"@id":"https:\/\/dicodusport.fr\/blog\/championnats-du-monde-de-biathlon-2025-les-chiffres-cles-a-retenir\/#breadcrumb"},"inLanguage":"fr-FR","potentialAction":[{"@type":"ReadAction","target":["https:\/\/dicodusport.fr\/blog\/championnats-du-monde-de-biathlon-2025-les-chiffres-cles-a-retenir\/"]}]},{"@type":"ImageObject","inLanguage":"fr-FR","@id":"https:\/\/dicodusport.fr\/blog\/championnats-du-monde-de-biathlon-2025-les-chiffres-cles-a-retenir\/#primaryimage","url":"https:\/\/dicodusport.fr\/blog\/wp-content\/uploads\/2025\/02\/Championnats-du-Monde-de-Biathlon-2025-Les-Chiffres-Cles-a-retenir.png","contentUrl":"https:\/\/dicodusport.fr\/blog\/wp-content\/uploads\/2025\/02\/Championnats-du-Monde-de-Biathlon-2025-Les-Chiffres-Cles-a-retenir.png","width":1200,"height":674,"caption":"Championnats du Monde de Biathlon 2025 Les Chiffres Cl\u00e9s \u00e0 retenir"},{"@type":"BreadcrumbList","@id":"https:\/\/dicodusport.fr\/blog\/championnats-du-monde-de-biathlon-2025-les-chiffres-cles-a-retenir\/#breadcrumb","itemListElement":[{"@type":"ListItem","position":1,"name":"Accueil","item":"https:\/\/dicodusport.fr\/blog\/"},{"@type":"ListItem","position":2,"name":"Championnats du Monde de Biathlon 2025 : Les Chiffres Cl\u00e9s \u00e0 retenir"}]},{"@type":"WebSite","@id":"https:\/\/dicodusport.fr\/blog\/#website","url":"https:\/\/dicodusport.fr\/blog\/","name":"Dicodusport","description":"L&#039;encyclop\u00e9die de l&#039;actualit\u00e9 sportive","publisher":{"@id":"https:\/\/dicodusport.fr\/blog\/#organization"},"potentialAction":[{"@type":"SearchAction","target":{"@type":"EntryPoint","urlTemplate":"https:\/\/dicodusport.fr\/blog\/?s={search_term_string}"},"query-input":{"@type":"PropertyValueSpecification","valueRequired":true,"valueName":"search_term_string"}}],"inLanguage":"fr-FR"},{"@type":"NewsMediaOrganization","@id":"https:\/\/dicodusport.fr\/blog\/#organization","name":"Dicodusport","url":"https:\/\/dicodusport.fr\/blog\/","logo":{"@type":"ImageObject","inLanguage":"fr-FR","@id":"https:\/\/dicodusport.fr\/blog\/#\/schema\/logo\/image\/","url":"https:\/\/dicodusport.fr\/blog\/wp-content\/uploads\/2020\/06\/cropped-LOGO-DICODUSPORT-2020-SANS-FOND-SANS-TEXTE.png","contentUrl":"https:\/\/dicodusport.fr\/blog\/wp-content\/uploads\/2020\/06\/cropped-LOGO-DICODUSPORT-2020-SANS-FOND-SANS-TEXTE.png","width":512,"height":512,"caption":"Dicodusport"},"image":{"@id":"https:\/\/dicodusport.fr\/blog\/#\/schema\/logo\/image\/"},"sameAs":["https:\/\/www.facebook.com\/dicodusport","https:\/\/x.com\/dicodusport","https:\/\/www.instagram.com\/dicodusport\/","https:\/\/www.youtube.com\/channel\/UC7V2KZ5sd3htJivAbA4ZG3w"],"description":"Dicodusport est l'encyclop\u00e9die de l'actualit\u00e9 sportive.","email":"bonjour@dicodusport.fr","legalName":"DICODUSPORT","foundingDate":"2018-01-14","vatID":"FR71834470973","taxID":"83447097300043","numberOfEmployees":{"@type":"QuantitativeValue","minValue":"1","maxValue":"10"}},{"@type":"Person","@id":"https:\/\/dicodusport.fr\/blog\/#\/schema\/person\/d603dd7da31fb2b46c82b9835a77ec13","name":"Etienne Goursaud","image":{"@type":"ImageObject","inLanguage":"fr-FR","@id":"https:\/\/dicodusport.fr\/blog\/#\/schema\/person\/image\/","url":"https:\/\/dicodusport.fr\/blog\/wp-content\/uploads\/2023\/12\/410122264_10231602061736049_5565839791558026645_n-150x150.jpg","contentUrl":"https:\/\/dicodusport.fr\/blog\/wp-content\/uploads\/2023\/12\/410122264_10231602061736049_5565839791558026645_n-150x150.jpg","caption":"Etienne Goursaud"},"description":"Journaliste et amoureux de sport. Ancien footballeur reconverti athl\u00e8te quand ses muscles le laissent tranquille. \u00c9lev\u00e9 \u00e0 la sauce des exploits de Thomas Voeckler en 2004, du dernier essai de l\u00e9gende de Eunice Barber \u00e0 la longueur lors des championnats du monde d'athl\u00e9tisme de 2003 mais aussi Zidane, Omeyer et Titou Lamaison.","url":"https:\/\/dicodusport.fr\/blog\/author\/etienne-goursaud\/"}]}},"_links":{"self":[{"href":"https:\/\/dicodusport.fr\/blog\/wp-json\/wp\/v2\/posts\/558830","targetHints":{"allow":["GET"]}}],"collection":[{"href":"https:\/\/dicodusport.fr\/blog\/wp-json\/wp\/v2\/posts"}],"about":[{"href":"https:\/\/dicodusport.fr\/blog\/wp-json\/wp\/v2\/types\/post"}],"author":[{"embeddable":true,"href":"https:\/\/dicodusport.fr\/blog\/wp-json\/wp\/v2\/users\/83"}],"replies":[{"embeddable":true,"href":"https:\/\/dicodusport.fr\/blog\/wp-json\/wp\/v2\/comments?post=558830"}],"version-history":[{"count":6,"href":"https:\/\/dicodusport.fr\/blog\/wp-json\/wp\/v2\/posts\/558830\/revisions"}],"predecessor-version":[{"id":559394,"href":"https:\/\/dicodusport.fr\/blog\/wp-json\/wp\/v2\/posts\/558830\/revisions\/559394"}],"wp:featuredmedia":[{"embeddable":true,"href":"https:\/\/dicodusport.fr\/blog\/wp-json\/wp\/v2\/media\/558840"}],"wp:attachment":[{"href":"https:\/\/dicodusport.fr\/blog\/wp-json\/wp\/v2\/media?parent=558830"}],"wp:term":[{"taxonomy":"category","embeddable":true,"href":"https:\/\/dicodusport.fr\/blog\/wp-json\/wp\/v2\/categories?post=558830"},{"taxonomy":"post_tag","embeddable":true,"href":"https:\/\/dicodusport.fr\/blog\/wp-json\/wp\/v2\/tags?post=558830"}],"curies":[{"name":"wp","href":"https:\/\/api.w.org\/{rel}","templated":true}]}}