{"id":558882,"date":"2025-02-24T18:37:00","date_gmt":"2025-02-24T17:37:00","guid":{"rendered":"https:\/\/dicodusport.fr\/blog\/?p=558882&#038;preview=true&#038;preview_id=558882"},"modified":"2025-02-24T21:49:05","modified_gmt":"2025-02-24T20:49:05","slug":"athletisme-championnats-deurope-salle-2025-la-selection-francaise-devoilee","status":"publish","type":"post","link":"https:\/\/dicodusport.fr\/blog\/athletisme-championnats-deurope-salle-2025-la-selection-francaise-devoilee\/","title":{"rendered":"Athl\u00e9tisme Championnats d&rsquo;Europe (salle) 2025 : La s\u00e9lection fran\u00e7aise d\u00e9voil\u00e9e"},"content":{"rendered":"<h4 style=\"text-align: justify;\"><em>CHAMPIONNATS D&rsquo;EUROPE D&rsquo;ATHL\u00c9TISME EN SALLE 2025 &#8211; \u00c0 une dizaine de jours du d\u00e9but des hostilit\u00e9s, la FFA a d\u00e9voil\u00e9 la liste des athl\u00e8tes s\u00e9lectionn\u00e9s pour d\u00e9fendre les couleurs tricolores \u00e0 Apeldoorn.<\/em><\/h4>\n<p style=\"text-align: justify;\">Suite \u00e0 une grosse r\u00e9p\u00e9tition g\u00e9n\u00e9rale \u00e0 l&rsquo;occasion des <a href=\"https:\/\/dicodusport.fr\/blog\/athletisme-championnats-de-france-salle-liberman-collet-belocian-le-resume-de-la-2eme-journee\/\">championnats de France<\/a> disput\u00e9s ce weekend, les meilleurs athl\u00e8tes tricolores seront de retour en salle du 6 au 9 mars prochain pour en d\u00e9coudre \u00e0 l&rsquo;occasion des <strong>championnats d&rsquo;Europe d&rsquo;Apeldoorn<\/strong> (Pays-Bas). Les Bleus tenteront de faire au moins aussi bien qu&rsquo;\u00e0 Istanbul il y a deux ans, o\u00f9 six m\u00e9dailles avaient \u00e9t\u00e9 accroch\u00e9es, dont une en or.<\/p>\n<p style=\"text-align: justify;\">Ce lundi, la FFA a d\u00e9voil\u00e9 une liste de 43 athl\u00e8tes dans cette qu\u00eate, avec plusieurs tout frais champions de France. Auteure d&rsquo;une performance remarquable sur le 60m haies, <strong>La\u00ebticia Bapt\u00e9<\/strong> fera partie des filles particuli\u00e8rement scrut\u00e9es, au m\u00eame titre que <strong>Clara Liberman<\/strong> sur le 60m. C\u00f4t\u00e9 hommes, <strong>Wilhem Belocian<\/strong> aura une carte \u00e0 jouer, tandis que le v\u00e9t\u00e9ran <strong>Renaud Lavillenie<\/strong> est encore une fois au rendez-vous du haut de ses 38 ans, dans un concours de perche o\u00f9 sera attendu <strong>Thibaud Collet<\/strong>.<\/p>\n<h3 style=\"text-align: justify;\">La liste des s\u00e9lectionn\u00e9s :<\/h3>\n<p style=\"text-align: justify;\">Femmes : Sacha ALESSANDRINI (60m haies), La\u00ebticia BAPTE (60m haies), Marie-Julie BONNIN (Perche), Amandine BROSSIER (400m, 4X400m), B\u00e9r\u00e9nice CLEYET-MERLE (1500m), Alix DEHAYNAIN (Perche), Charlotte DUMAS (800m), Ilonis GUILLAUME (Triple saut), Agathe GUILLEMOT (1500m), Lena KANDISSOUNON (800m, 4X400m), Benedetta KOUAKOU (4X400m), Clara LIBERMAN (800m), Sarah MADELEINE (3000m), Louise MARAVAL (4X400m), C\u00e9lia PERRON (Pentathlon), Camille SERI (4X400m), Marjorie VEYSSIERE (4X400m), Carolle ZAHI (60m).<\/p>\n<p style=\"text-align: justify;\">Hommes : T\u00e9o ANDANT (400m, 4X400m), Paul ANSELMINI (1500m), Bastien AUGUSTO (3000m), T\u00e9o BASTIEN (Heptathlon), Wilhem BELOCIAN (60m haies), Luc BREWIN (Heptathlon), Melvyn CAVAGNOUX (4X400m), Thibaut COLLET (Perche), Louis GILAVERT (1500m), Thomas GOGOIS (Triple saut), Azeddine HABZ (1500m, 3000m), Just KWAOU-MATHEY (60m haies), Allan LAGUI (60m), Renaud LAVILLENIE (Perche), Corentin LE CLEZIO (800m), F\u00e9lix LEVASSEUR (4X400m), Louis GILAVERT (1500m), Predea MANOUNOU (4X400m) Yanis MEZIANE (800m), Romain MORNET (3000m), Louey OUERRAT (800m), Th\u00e9o PEDRE (60m haies), Melvyn RAFFIN (Triple saut), Jimy SOUDRIL (400m), Yann SPILLMANN (400m, 4X400m), Baptiste THIERY (Perche)<\/p>\n<blockquote class=\"instagram-media\" style=\"background: #FFF; border: 0; border-radius: 3px; box-shadow: 0 0 1px 0 rgba(0,0,0,0.5),0 1px 10px 0 rgba(0,0,0,0.15); margin: 1px; max-width: 540px; min-width: 326px; padding: 0; width: calc(100% - 2px);\" data-instgrm-captioned=\"\" data-instgrm-permalink=\"https:\/\/www.instagram.com\/p\/DGdoVdEMby2\/?utm_source=ig_embed&amp;utm_campaign=loading\" data-instgrm-version=\"14\">\n<div style=\"padding: 16px;\">\n<p>&nbsp;<\/p>\n<div style=\"display: flex; flex-direction: row; align-items: center;\">\n<div style=\"background-color: #f4f4f4; border-radius: 50%; flex-grow: 0; height: 40px; margin-right: 14px; width: 40px;\"><\/div>\n<div style=\"display: flex; flex-direction: column; flex-grow: 1; justify-content: center;\">\n<div style=\"background-color: #f4f4f4; border-radius: 4px; flex-grow: 0; height: 14px; margin-bottom: 6px; width: 100px;\"><\/div>\n<div style=\"background-color: #f4f4f4; border-radius: 4px; flex-grow: 0; height: 14px; width: 60px;\"><\/div>\n<\/div>\n<\/div>\n<div style=\"padding: 19% 0;\"><\/div>\n<div style=\"display: block; height: 50px; margin: 0 auto 12px; width: 50px;\"><\/div>\n<div style=\"padding-top: 8px;\">\n<div style=\"color: #3897f0; font-family: Arial,sans-serif; font-size: 14px; font-style: normal; font-weight: 550; line-height: 18px;\">Voir cette publication sur Instagram<\/div>\n<\/div>\n<div style=\"padding: 12.5% 0;\"><\/div>\n<div style=\"display: flex; flex-direction: row; margin-bottom: 14px; align-items: center;\">\n<div>\n<div style=\"background-color: #f4f4f4; border-radius: 50%; height: 12.5px; width: 12.5px; transform: translateX(0px) translateY(7px);\"><\/div>\n<div style=\"background-color: #f4f4f4; height: 12.5px; transform: rotate(-45deg) translateX(3px) translateY(1px); width: 12.5px; flex-grow: 0; margin-right: 14px; margin-left: 2px;\"><\/div>\n<div style=\"background-color: #f4f4f4; border-radius: 50%; height: 12.5px; width: 12.5px; transform: translateX(9px) translateY(-18px);\"><\/div>\n<\/div>\n<div style=\"margin-left: 8px;\">\n<div style=\"background-color: #f4f4f4; border-radius: 50%; flex-grow: 0; height: 20px; width: 20px;\"><\/div>\n<div style=\"width: 0; height: 0; border-top: 2px solid transparent; border-left: 6px solid #f4f4f4; border-bottom: 2px solid transparent; transform: translateX(16px) translateY(-4px) rotate(30deg);\"><\/div>\n<\/div>\n<div style=\"margin-left: auto;\">\n<div style=\"width: 0px; border-top: 8px solid #F4F4F4; border-right: 8px solid transparent; transform: translateY(16px);\"><\/div>\n<div style=\"background-color: #f4f4f4; flex-grow: 0; height: 12px; width: 16px; transform: translateY(-4px);\"><\/div>\n<div style=\"width: 0; height: 0; border-top: 8px solid #F4F4F4; border-left: 8px solid transparent; transform: translateY(-4px) translateX(8px);\"><\/div>\n<\/div>\n<\/div>\n<div style=\"display: flex; flex-direction: column; flex-grow: 1; justify-content: center; margin-bottom: 24px;\">\n<div style=\"background-color: #f4f4f4; border-radius: 4px; flex-grow: 0; height: 14px; margin-bottom: 6px; width: 224px;\"><\/div>\n<div style=\"background-color: #f4f4f4; border-radius: 4px; flex-grow: 0; height: 14px; width: 144px;\"><\/div>\n<\/div>\n<p>&nbsp;<\/p>\n<p style=\"color: #c9c8cd; font-family: Arial,sans-serif; font-size: 14px; line-height: 17px; margin-bottom: 0; margin-top: 8px; overflow: hidden; padding: 8px 0 7px; text-align: center; text-overflow: ellipsis; white-space: nowrap;\"><a style=\"color: #c9c8cd; font-family: Arial,sans-serif; font-size: 14px; font-style: normal; font-weight: normal; line-height: 17px; text-decoration: none;\" href=\"https:\/\/www.instagram.com\/p\/DGdoVdEMby2\/?utm_source=ig_embed&amp;utm_campaign=loading\" target=\"_blank\" rel=\"noopener\">Une publication partag\u00e9e par FFAthle\u0301tisme (@ffathletisme)<\/a><\/p>\n<\/div>\n<\/blockquote>\n<p><script async src=\"\/\/www.instagram.com\/embed.js\"><\/script><\/p>\n","protected":false},"excerpt":{"rendered":"<p>CHAMPIONNATS D&rsquo;EUROPE D&rsquo;ATHL\u00c9TISME EN SALLE 2025 &#8211; \u00c0 une dizaine de jours du d\u00e9but des hostilit\u00e9s, la FFA a d\u00e9voil\u00e9 la liste des athl\u00e8tes s\u00e9lectionn\u00e9s pour d\u00e9fendre les couleurs tricolores \u00e0 Apeldoorn.<\/p>\n","protected":false},"author":55,"featured_media":558886,"comment_status":"open","ping_status":"closed","sticky":false,"template":"","format":"standard","meta":{"_acf_changed":false,"_daextam_enable_autolinks":"1","footnotes":""},"categories":[2308],"tags":[143,16878],"class_list":["post-558882","post","type-post","status-publish","format-standard","has-post-thumbnail","hentry","category-athletisme","tag-athletisme","tag-breve"],"acf":[],"yoast_head":"<!-- This site is optimized with the Yoast SEO Premium plugin v26.7 (Yoast SEO v26.7) - https:\/\/yoast.com\/wordpress\/plugins\/seo\/ -->\n<title>Athl\u00e9tisme Championnats d&#039;Europe (salle) 2025 : La s\u00e9lection fran\u00e7aise d\u00e9voil\u00e9e<\/title>\n<meta name=\"description\" content=\"CHAMPIONNATS D&#039;EUROPE D&#039;ATHL\u00c9TISME EN SALLE 2025 - La France se pr\u00e9sentera \u00e0 Apeldoorn avec 43 athl\u00e8tes du 6 au 9 mars prochain.\" \/>\n<meta name=\"robots\" content=\"index, follow, max-snippet:-1, max-image-preview:large, max-video-preview:-1\" \/>\n<link rel=\"canonical\" href=\"https:\/\/dicodusport.fr\/blog\/athletisme-championnats-deurope-salle-2025-la-selection-francaise-devoilee\/\" \/>\n<meta property=\"og:locale\" content=\"fr_FR\" \/>\n<meta property=\"og:type\" content=\"article\" \/>\n<meta property=\"og:title\" content=\"Athl\u00e9tisme Championnats d&#039;Europe (salle) 2025 : La s\u00e9lection fran\u00e7aise d\u00e9voil\u00e9e\" \/>\n<meta property=\"og:description\" content=\"CHAMPIONNATS D&#039;EUROPE D&#039;ATHL\u00c9TISME EN SALLE 2025 - La France se pr\u00e9sentera \u00e0 Apeldoorn avec 43 athl\u00e8tes du 6 au 9 mars prochain.\" \/>\n<meta property=\"og:url\" content=\"https:\/\/dicodusport.fr\/blog\/athletisme-championnats-deurope-salle-2025-la-selection-francaise-devoilee\/\" \/>\n<meta property=\"og:site_name\" content=\"Dicodusport\" \/>\n<meta property=\"article:publisher\" content=\"https:\/\/www.facebook.com\/dicodusport\" \/>\n<meta property=\"article:published_time\" content=\"2025-02-24T17:37:00+00:00\" \/>\n<meta property=\"article:modified_time\" content=\"2025-02-24T20:49:05+00:00\" \/>\n<meta property=\"og:image\" content=\"https:\/\/dicodusport.fr\/blog\/wp-content\/uploads\/2025\/02\/Athletisme-Championnats-dEurope-salle-2025-La-selection-francaise-devoilee.png\" \/>\n\t<meta property=\"og:image:width\" content=\"1200\" \/>\n\t<meta property=\"og:image:height\" content=\"674\" \/>\n\t<meta property=\"og:image:type\" content=\"image\/png\" \/>\n<meta name=\"author\" content=\"Maxime Cazenave\" \/>\n<meta name=\"twitter:card\" content=\"summary_large_image\" \/>\n<meta name=\"twitter:title\" content=\"Athl\u00e9tisme Championnats d&#039;Europe (salle) 2025 : La s\u00e9lection fran\u00e7aise d\u00e9voil\u00e9e\" \/>\n<meta name=\"twitter:creator\" content=\"@https:\/\/twitter.com\/Maxime_Caze\" \/>\n<meta name=\"twitter:site\" content=\"@dicodusport\" \/>\n<script type=\"application\/ld+json\" class=\"yoast-schema-graph\">{\"@context\":\"https:\/\/schema.org\",\"@graph\":[{\"@type\":\"NewsArticle\",\"@id\":\"https:\/\/dicodusport.fr\/blog\/athletisme-championnats-deurope-salle-2025-la-selection-francaise-devoilee\/#article\",\"isPartOf\":{\"@id\":\"https:\/\/dicodusport.fr\/blog\/athletisme-championnats-deurope-salle-2025-la-selection-francaise-devoilee\/\"},\"author\":{\"name\":\"Maxime Cazenave\",\"@id\":\"https:\/\/dicodusport.fr\/blog\/#\/schema\/person\/37def232098a7a5cbab3974a3690abb0\"},\"headline\":\"Athl\u00e9tisme Championnats d&rsquo;Europe (salle) 2025 : La s\u00e9lection fran\u00e7aise d\u00e9voil\u00e9e\",\"datePublished\":\"2025-02-24T17:37:00+00:00\",\"dateModified\":\"2025-02-24T20:49:05+00:00\",\"mainEntityOfPage\":{\"@id\":\"https:\/\/dicodusport.fr\/blog\/athletisme-championnats-deurope-salle-2025-la-selection-francaise-devoilee\/\"},\"wordCount\":406,\"commentCount\":0,\"publisher\":{\"@id\":\"https:\/\/dicodusport.fr\/blog\/#organization\"},\"image\":{\"@id\":\"https:\/\/dicodusport.fr\/blog\/athletisme-championnats-deurope-salle-2025-la-selection-francaise-devoilee\/#primaryimage\"},\"thumbnailUrl\":\"https:\/\/dicodusport.fr\/blog\/wp-content\/uploads\/2025\/02\/Athletisme-Championnats-dEurope-salle-2025-La-selection-francaise-devoilee.png\",\"keywords\":[\"Athl\u00e9tisme\",\"br\u00e8ve\"],\"articleSection\":[\"Athl\u00e9tisme\"],\"inLanguage\":\"fr-FR\",\"potentialAction\":[{\"@type\":\"CommentAction\",\"name\":\"Comment\",\"target\":[\"https:\/\/dicodusport.fr\/blog\/athletisme-championnats-deurope-salle-2025-la-selection-francaise-devoilee\/#respond\"]}],\"copyrightYear\":\"2025\",\"copyrightHolder\":{\"@id\":\"https:\/\/dicodusport.fr\/blog\/#organization\"}},{\"@type\":\"WebPage\",\"@id\":\"https:\/\/dicodusport.fr\/blog\/athletisme-championnats-deurope-salle-2025-la-selection-francaise-devoilee\/\",\"url\":\"https:\/\/dicodusport.fr\/blog\/athletisme-championnats-deurope-salle-2025-la-selection-francaise-devoilee\/\",\"name\":\"Athl\u00e9tisme Championnats d'Europe (salle) 2025 : La s\u00e9lection fran\u00e7aise d\u00e9voil\u00e9e\",\"isPartOf\":{\"@id\":\"https:\/\/dicodusport.fr\/blog\/#website\"},\"primaryImageOfPage\":{\"@id\":\"https:\/\/dicodusport.fr\/blog\/athletisme-championnats-deurope-salle-2025-la-selection-francaise-devoilee\/#primaryimage\"},\"image\":{\"@id\":\"https:\/\/dicodusport.fr\/blog\/athletisme-championnats-deurope-salle-2025-la-selection-francaise-devoilee\/#primaryimage\"},\"thumbnailUrl\":\"https:\/\/dicodusport.fr\/blog\/wp-content\/uploads\/2025\/02\/Athletisme-Championnats-dEurope-salle-2025-La-selection-francaise-devoilee.png\",\"datePublished\":\"2025-02-24T17:37:00+00:00\",\"dateModified\":\"2025-02-24T20:49:05+00:00\",\"description\":\"CHAMPIONNATS D'EUROPE D'ATHL\u00c9TISME EN SALLE 2025 - La France se pr\u00e9sentera \u00e0 Apeldoorn avec 43 athl\u00e8tes du 6 au 9 mars prochain.\",\"breadcrumb\":{\"@id\":\"https:\/\/dicodusport.fr\/blog\/athletisme-championnats-deurope-salle-2025-la-selection-francaise-devoilee\/#breadcrumb\"},\"inLanguage\":\"fr-FR\",\"potentialAction\":[{\"@type\":\"ReadAction\",\"target\":[\"https:\/\/dicodusport.fr\/blog\/athletisme-championnats-deurope-salle-2025-la-selection-francaise-devoilee\/\"]}]},{\"@type\":\"ImageObject\",\"inLanguage\":\"fr-FR\",\"@id\":\"https:\/\/dicodusport.fr\/blog\/athletisme-championnats-deurope-salle-2025-la-selection-francaise-devoilee\/#primaryimage\",\"url\":\"https:\/\/dicodusport.fr\/blog\/wp-content\/uploads\/2025\/02\/Athletisme-Championnats-dEurope-salle-2025-La-selection-francaise-devoilee.png\",\"contentUrl\":\"https:\/\/dicodusport.fr\/blog\/wp-content\/uploads\/2025\/02\/Athletisme-Championnats-dEurope-salle-2025-La-selection-francaise-devoilee.png\",\"width\":1200,\"height\":674,\"caption\":\"Athl\u00e9tisme Championnats d'Europe (salle) 2025 : La s\u00e9lection fran\u00e7aise d\u00e9voil\u00e9e\"},{\"@type\":\"BreadcrumbList\",\"@id\":\"https:\/\/dicodusport.fr\/blog\/athletisme-championnats-deurope-salle-2025-la-selection-francaise-devoilee\/#breadcrumb\",\"itemListElement\":[{\"@type\":\"ListItem\",\"position\":1,\"name\":\"Accueil\",\"item\":\"https:\/\/dicodusport.fr\/blog\/\"},{\"@type\":\"ListItem\",\"position\":2,\"name\":\"Athl\u00e9tisme Championnats d&#8217;Europe (salle) 2025 : La s\u00e9lection fran\u00e7aise d\u00e9voil\u00e9e\"}]},{\"@type\":\"WebSite\",\"@id\":\"https:\/\/dicodusport.fr\/blog\/#website\",\"url\":\"https:\/\/dicodusport.fr\/blog\/\",\"name\":\"Dicodusport\",\"description\":\"L&#039;encyclop\u00e9die de l&#039;actualit\u00e9 sportive\",\"publisher\":{\"@id\":\"https:\/\/dicodusport.fr\/blog\/#organization\"},\"potentialAction\":[{\"@type\":\"SearchAction\",\"target\":{\"@type\":\"EntryPoint\",\"urlTemplate\":\"https:\/\/dicodusport.fr\/blog\/?s={search_term_string}\"},\"query-input\":{\"@type\":\"PropertyValueSpecification\",\"valueRequired\":true,\"valueName\":\"search_term_string\"}}],\"inLanguage\":\"fr-FR\"},{\"@type\":\"NewsMediaOrganization\",\"@id\":\"https:\/\/dicodusport.fr\/blog\/#organization\",\"name\":\"Dicodusport\",\"url\":\"https:\/\/dicodusport.fr\/blog\/\",\"logo\":{\"@type\":\"ImageObject\",\"inLanguage\":\"fr-FR\",\"@id\":\"https:\/\/dicodusport.fr\/blog\/#\/schema\/logo\/image\/\",\"url\":\"https:\/\/dicodusport.fr\/blog\/wp-content\/uploads\/2020\/06\/cropped-LOGO-DICODUSPORT-2020-SANS-FOND-SANS-TEXTE.png\",\"contentUrl\":\"https:\/\/dicodusport.fr\/blog\/wp-content\/uploads\/2020\/06\/cropped-LOGO-DICODUSPORT-2020-SANS-FOND-SANS-TEXTE.png\",\"width\":512,\"height\":512,\"caption\":\"Dicodusport\"},\"image\":{\"@id\":\"https:\/\/dicodusport.fr\/blog\/#\/schema\/logo\/image\/\"},\"sameAs\":[\"https:\/\/www.facebook.com\/dicodusport\",\"https:\/\/x.com\/dicodusport\",\"https:\/\/www.instagram.com\/dicodusport\/\",\"https:\/\/www.youtube.com\/channel\/UC7V2KZ5sd3htJivAbA4ZG3w\"],\"description\":\"Dicodusport est l'encyclop\u00e9die de l'actualit\u00e9 sportive.\",\"email\":\"bonjour@dicodusport.fr\",\"legalName\":\"DICODUSPORT\",\"foundingDate\":\"2018-01-14\",\"vatID\":\"FR71834470973\",\"taxID\":\"83447097300043\",\"numberOfEmployees\":{\"@type\":\"QuantitativeValue\",\"minValue\":\"1\",\"maxValue\":\"10\"}},{\"@type\":\"Person\",\"@id\":\"https:\/\/dicodusport.fr\/blog\/#\/schema\/person\/37def232098a7a5cbab3974a3690abb0\",\"name\":\"Maxime Cazenave\",\"image\":{\"@type\":\"ImageObject\",\"inLanguage\":\"fr-FR\",\"@id\":\"https:\/\/dicodusport.fr\/blog\/#\/schema\/person\/image\/\",\"url\":\"https:\/\/dicodusport.fr\/blog\/wp-content\/uploads\/2021\/05\/Maxime-Cazenave-150x150.jpg\",\"contentUrl\":\"https:\/\/dicodusport.fr\/blog\/wp-content\/uploads\/2021\/05\/Maxime-Cazenave-150x150.jpg\",\"caption\":\"Maxime Cazenave\"},\"description\":\"Journaliste\/R\u00e9dacteur depuis 2012 - Berc\u00e9 par l\u2019amour des Girondins de Bordeaux, les \u00e9checs de Christophe Moreau sur le Tour de France sous l'\u00e8re Lance Armstrong et le fade-away l\u00e9tal de Dirk Nowitzki, ma passion d\u00e9vorante pour le sport a toujours \u00e9t\u00e9 un pan incontournable de ma vie. Transmettre ma passion \u00e0 l\u2019\u00e9crit a \u00e9t\u00e9 une transition naturelle. Suiveur assidu de basket et de hockey sur glace, je garde toujours un peu de place pour suivre le cyclisme, le football et le maximum de performances fran\u00e7aises.\",\"sameAs\":[\"https:\/\/x.com\/https:\/\/twitter.com\/Maxime_Caze\"],\"url\":\"https:\/\/dicodusport.fr\/blog\/author\/maximec\/\"}]}<\/script>\n<!-- \/ Yoast SEO Premium plugin. -->","yoast_head_json":{"title":"Athl\u00e9tisme Championnats d'Europe (salle) 2025 : La s\u00e9lection fran\u00e7aise d\u00e9voil\u00e9e","description":"CHAMPIONNATS D'EUROPE D'ATHL\u00c9TISME EN SALLE 2025 - La France se pr\u00e9sentera \u00e0 Apeldoorn avec 43 athl\u00e8tes du 6 au 9 mars prochain.","robots":{"index":"index","follow":"follow","max-snippet":"max-snippet:-1","max-image-preview":"max-image-preview:large","max-video-preview":"max-video-preview:-1"},"canonical":"https:\/\/dicodusport.fr\/blog\/athletisme-championnats-deurope-salle-2025-la-selection-francaise-devoilee\/","og_locale":"fr_FR","og_type":"article","og_title":"Athl\u00e9tisme Championnats d'Europe (salle) 2025 : La s\u00e9lection fran\u00e7aise d\u00e9voil\u00e9e","og_description":"CHAMPIONNATS D'EUROPE D'ATHL\u00c9TISME EN SALLE 2025 - La France se pr\u00e9sentera \u00e0 Apeldoorn avec 43 athl\u00e8tes du 6 au 9 mars prochain.","og_url":"https:\/\/dicodusport.fr\/blog\/athletisme-championnats-deurope-salle-2025-la-selection-francaise-devoilee\/","og_site_name":"Dicodusport","article_publisher":"https:\/\/www.facebook.com\/dicodusport","article_published_time":"2025-02-24T17:37:00+00:00","article_modified_time":"2025-02-24T20:49:05+00:00","og_image":[{"width":1200,"height":674,"url":"https:\/\/dicodusport.fr\/blog\/wp-content\/uploads\/2025\/02\/Athletisme-Championnats-dEurope-salle-2025-La-selection-francaise-devoilee.png","type":"image\/png"}],"author":"Maxime Cazenave","twitter_card":"summary_large_image","twitter_title":"Athl\u00e9tisme Championnats d'Europe (salle) 2025 : La s\u00e9lection fran\u00e7aise d\u00e9voil\u00e9e","twitter_creator":"@https:\/\/twitter.com\/Maxime_Caze","twitter_site":"@dicodusport","schema":{"@context":"https:\/\/schema.org","@graph":[{"@type":"NewsArticle","@id":"https:\/\/dicodusport.fr\/blog\/athletisme-championnats-deurope-salle-2025-la-selection-francaise-devoilee\/#article","isPartOf":{"@id":"https:\/\/dicodusport.fr\/blog\/athletisme-championnats-deurope-salle-2025-la-selection-francaise-devoilee\/"},"author":{"name":"Maxime Cazenave","@id":"https:\/\/dicodusport.fr\/blog\/#\/schema\/person\/37def232098a7a5cbab3974a3690abb0"},"headline":"Athl\u00e9tisme Championnats d&rsquo;Europe (salle) 2025 : La s\u00e9lection fran\u00e7aise d\u00e9voil\u00e9e","datePublished":"2025-02-24T17:37:00+00:00","dateModified":"2025-02-24T20:49:05+00:00","mainEntityOfPage":{"@id":"https:\/\/dicodusport.fr\/blog\/athletisme-championnats-deurope-salle-2025-la-selection-francaise-devoilee\/"},"wordCount":406,"commentCount":0,"publisher":{"@id":"https:\/\/dicodusport.fr\/blog\/#organization"},"image":{"@id":"https:\/\/dicodusport.fr\/blog\/athletisme-championnats-deurope-salle-2025-la-selection-francaise-devoilee\/#primaryimage"},"thumbnailUrl":"https:\/\/dicodusport.fr\/blog\/wp-content\/uploads\/2025\/02\/Athletisme-Championnats-dEurope-salle-2025-La-selection-francaise-devoilee.png","keywords":["Athl\u00e9tisme","br\u00e8ve"],"articleSection":["Athl\u00e9tisme"],"inLanguage":"fr-FR","potentialAction":[{"@type":"CommentAction","name":"Comment","target":["https:\/\/dicodusport.fr\/blog\/athletisme-championnats-deurope-salle-2025-la-selection-francaise-devoilee\/#respond"]}],"copyrightYear":"2025","copyrightHolder":{"@id":"https:\/\/dicodusport.fr\/blog\/#organization"}},{"@type":"WebPage","@id":"https:\/\/dicodusport.fr\/blog\/athletisme-championnats-deurope-salle-2025-la-selection-francaise-devoilee\/","url":"https:\/\/dicodusport.fr\/blog\/athletisme-championnats-deurope-salle-2025-la-selection-francaise-devoilee\/","name":"Athl\u00e9tisme Championnats d'Europe (salle) 2025 : La s\u00e9lection fran\u00e7aise d\u00e9voil\u00e9e","isPartOf":{"@id":"https:\/\/dicodusport.fr\/blog\/#website"},"primaryImageOfPage":{"@id":"https:\/\/dicodusport.fr\/blog\/athletisme-championnats-deurope-salle-2025-la-selection-francaise-devoilee\/#primaryimage"},"image":{"@id":"https:\/\/dicodusport.fr\/blog\/athletisme-championnats-deurope-salle-2025-la-selection-francaise-devoilee\/#primaryimage"},"thumbnailUrl":"https:\/\/dicodusport.fr\/blog\/wp-content\/uploads\/2025\/02\/Athletisme-Championnats-dEurope-salle-2025-La-selection-francaise-devoilee.png","datePublished":"2025-02-24T17:37:00+00:00","dateModified":"2025-02-24T20:49:05+00:00","description":"CHAMPIONNATS D'EUROPE D'ATHL\u00c9TISME EN SALLE 2025 - La France se pr\u00e9sentera \u00e0 Apeldoorn avec 43 athl\u00e8tes du 6 au 9 mars prochain.","breadcrumb":{"@id":"https:\/\/dicodusport.fr\/blog\/athletisme-championnats-deurope-salle-2025-la-selection-francaise-devoilee\/#breadcrumb"},"inLanguage":"fr-FR","potentialAction":[{"@type":"ReadAction","target":["https:\/\/dicodusport.fr\/blog\/athletisme-championnats-deurope-salle-2025-la-selection-francaise-devoilee\/"]}]},{"@type":"ImageObject","inLanguage":"fr-FR","@id":"https:\/\/dicodusport.fr\/blog\/athletisme-championnats-deurope-salle-2025-la-selection-francaise-devoilee\/#primaryimage","url":"https:\/\/dicodusport.fr\/blog\/wp-content\/uploads\/2025\/02\/Athletisme-Championnats-dEurope-salle-2025-La-selection-francaise-devoilee.png","contentUrl":"https:\/\/dicodusport.fr\/blog\/wp-content\/uploads\/2025\/02\/Athletisme-Championnats-dEurope-salle-2025-La-selection-francaise-devoilee.png","width":1200,"height":674,"caption":"Athl\u00e9tisme Championnats d'Europe (salle) 2025 : La s\u00e9lection fran\u00e7aise d\u00e9voil\u00e9e"},{"@type":"BreadcrumbList","@id":"https:\/\/dicodusport.fr\/blog\/athletisme-championnats-deurope-salle-2025-la-selection-francaise-devoilee\/#breadcrumb","itemListElement":[{"@type":"ListItem","position":1,"name":"Accueil","item":"https:\/\/dicodusport.fr\/blog\/"},{"@type":"ListItem","position":2,"name":"Athl\u00e9tisme Championnats d&#8217;Europe (salle) 2025 : La s\u00e9lection fran\u00e7aise d\u00e9voil\u00e9e"}]},{"@type":"WebSite","@id":"https:\/\/dicodusport.fr\/blog\/#website","url":"https:\/\/dicodusport.fr\/blog\/","name":"Dicodusport","description":"L&#039;encyclop\u00e9die de l&#039;actualit\u00e9 sportive","publisher":{"@id":"https:\/\/dicodusport.fr\/blog\/#organization"},"potentialAction":[{"@type":"SearchAction","target":{"@type":"EntryPoint","urlTemplate":"https:\/\/dicodusport.fr\/blog\/?s={search_term_string}"},"query-input":{"@type":"PropertyValueSpecification","valueRequired":true,"valueName":"search_term_string"}}],"inLanguage":"fr-FR"},{"@type":"NewsMediaOrganization","@id":"https:\/\/dicodusport.fr\/blog\/#organization","name":"Dicodusport","url":"https:\/\/dicodusport.fr\/blog\/","logo":{"@type":"ImageObject","inLanguage":"fr-FR","@id":"https:\/\/dicodusport.fr\/blog\/#\/schema\/logo\/image\/","url":"https:\/\/dicodusport.fr\/blog\/wp-content\/uploads\/2020\/06\/cropped-LOGO-DICODUSPORT-2020-SANS-FOND-SANS-TEXTE.png","contentUrl":"https:\/\/dicodusport.fr\/blog\/wp-content\/uploads\/2020\/06\/cropped-LOGO-DICODUSPORT-2020-SANS-FOND-SANS-TEXTE.png","width":512,"height":512,"caption":"Dicodusport"},"image":{"@id":"https:\/\/dicodusport.fr\/blog\/#\/schema\/logo\/image\/"},"sameAs":["https:\/\/www.facebook.com\/dicodusport","https:\/\/x.com\/dicodusport","https:\/\/www.instagram.com\/dicodusport\/","https:\/\/www.youtube.com\/channel\/UC7V2KZ5sd3htJivAbA4ZG3w"],"description":"Dicodusport est l'encyclop\u00e9die de l'actualit\u00e9 sportive.","email":"bonjour@dicodusport.fr","legalName":"DICODUSPORT","foundingDate":"2018-01-14","vatID":"FR71834470973","taxID":"83447097300043","numberOfEmployees":{"@type":"QuantitativeValue","minValue":"1","maxValue":"10"}},{"@type":"Person","@id":"https:\/\/dicodusport.fr\/blog\/#\/schema\/person\/37def232098a7a5cbab3974a3690abb0","name":"Maxime Cazenave","image":{"@type":"ImageObject","inLanguage":"fr-FR","@id":"https:\/\/dicodusport.fr\/blog\/#\/schema\/person\/image\/","url":"https:\/\/dicodusport.fr\/blog\/wp-content\/uploads\/2021\/05\/Maxime-Cazenave-150x150.jpg","contentUrl":"https:\/\/dicodusport.fr\/blog\/wp-content\/uploads\/2021\/05\/Maxime-Cazenave-150x150.jpg","caption":"Maxime Cazenave"},"description":"Journaliste\/R\u00e9dacteur depuis 2012 - Berc\u00e9 par l\u2019amour des Girondins de Bordeaux, les \u00e9checs de Christophe Moreau sur le Tour de France sous l'\u00e8re Lance Armstrong et le fade-away l\u00e9tal de Dirk Nowitzki, ma passion d\u00e9vorante pour le sport a toujours \u00e9t\u00e9 un pan incontournable de ma vie. Transmettre ma passion \u00e0 l\u2019\u00e9crit a \u00e9t\u00e9 une transition naturelle. Suiveur assidu de basket et de hockey sur glace, je garde toujours un peu de place pour suivre le cyclisme, le football et le maximum de performances fran\u00e7aises.","sameAs":["https:\/\/x.com\/https:\/\/twitter.com\/Maxime_Caze"],"url":"https:\/\/dicodusport.fr\/blog\/author\/maximec\/"}]}},"_links":{"self":[{"href":"https:\/\/dicodusport.fr\/blog\/wp-json\/wp\/v2\/posts\/558882","targetHints":{"allow":["GET"]}}],"collection":[{"href":"https:\/\/dicodusport.fr\/blog\/wp-json\/wp\/v2\/posts"}],"about":[{"href":"https:\/\/dicodusport.fr\/blog\/wp-json\/wp\/v2\/types\/post"}],"author":[{"embeddable":true,"href":"https:\/\/dicodusport.fr\/blog\/wp-json\/wp\/v2\/users\/55"}],"replies":[{"embeddable":true,"href":"https:\/\/dicodusport.fr\/blog\/wp-json\/wp\/v2\/comments?post=558882"}],"version-history":[{"count":5,"href":"https:\/\/dicodusport.fr\/blog\/wp-json\/wp\/v2\/posts\/558882\/revisions"}],"predecessor-version":[{"id":558907,"href":"https:\/\/dicodusport.fr\/blog\/wp-json\/wp\/v2\/posts\/558882\/revisions\/558907"}],"wp:featuredmedia":[{"embeddable":true,"href":"https:\/\/dicodusport.fr\/blog\/wp-json\/wp\/v2\/media\/558886"}],"wp:attachment":[{"href":"https:\/\/dicodusport.fr\/blog\/wp-json\/wp\/v2\/media?parent=558882"}],"wp:term":[{"taxonomy":"category","embeddable":true,"href":"https:\/\/dicodusport.fr\/blog\/wp-json\/wp\/v2\/categories?post=558882"},{"taxonomy":"post_tag","embeddable":true,"href":"https:\/\/dicodusport.fr\/blog\/wp-json\/wp\/v2\/tags?post=558882"}],"curies":[{"name":"wp","href":"https:\/\/api.w.org\/{rel}","templated":true}]}}