{"id":558905,"date":"2025-02-27T11:00:48","date_gmt":"2025-02-27T10:00:48","guid":{"rendered":"https:\/\/dicodusport.fr\/blog\/?p=558905&#038;preview=true&#038;preview_id=558905"},"modified":"2025-02-26T22:10:57","modified_gmt":"2025-02-26T21:10:57","slug":"etienne-daguinos-jai-pris-conscience-que-je-pouvais-me-battre-au-plus-haut-niveau","status":"publish","type":"post","link":"https:\/\/dicodusport.fr\/blog\/etienne-daguinos-jai-pris-conscience-que-je-pouvais-me-battre-au-plus-haut-niveau\/","title":{"rendered":"\u00c9tienne Daguinos : \u00ab\u00a0J&rsquo;ai pris conscience que je pouvais me battre au plus haut niveau\u00a0\u00bb"},"content":{"rendered":"<h4 style=\"text-align: justify;\"><em>ATHL\u00c9TISME &#8211; Entretien avec le fondeur \u00c9tienne Daguinos, qui a un temps d\u00e9tenu le record d&rsquo;Europe du 10 km. Si ce record a \u00e9t\u00e9 depuis battu, le Girondin a franchi un grand cap, en battant une marque de Jimmy Gressier et en se hissant dans le top fran\u00e7ais. Alors qu&rsquo;il vise le 5 km et Lille et le 10 km de Bruxelles, il passe par la case championnats de France de cross ce dimanche. \u00c9tienne Daguinos se confie sur son changement de statut post record. Mais aussi sur la suite de sa saison estivale. Il s&rsquo;est \u00e9galement livr\u00e9 sur son entra\u00eenement et les nouvelles m\u00e9thodes qui r\u00e9volutionnent le fond au niveau fran\u00e7ais et mondial.<\/em><\/h4>\n<h2 style=\"text-align: justify;\">Etienne Daguinos : \u00ab\u00a0Mes entra\u00eeneurs sont confiants\u00a0\u00bb<\/h2>\n<h3 style=\"text-align: justify;\">Tu as le 5 kilom\u00e8tres de Lille dans le viseur, comment te sens-tu actuellement ?<\/h3>\n<p style=\"text-align: justify;\"><strong>Etienne Daguinos<\/strong> : \u00ab\u00a0Physiquement, \u00e7a va, je suis sorti d&rsquo;une petite maladie, qui a dur\u00e9 24-48 heures (<em>interview r\u00e9alis\u00e9e le mercredi 19 f\u00e9vrier, NLDR)<\/em>. Mais qui m&rsquo;a bien s\u00e9ch\u00e9 et oblig\u00e9 de faire deux jours de coupure. Chose que j&rsquo;avais d\u00e9j\u00e0 faite apr\u00e8s les championnats de Nouvelle-Aquitaine de cross. Cela retarde un peu la pr\u00e9paration. Mais j&rsquo;ai pu reprendre tranquillement et normalement cela devrait le faire. Je vais aller aux championnats de France de cross, pour faire monter la forme.<\/p>\n<p style=\"text-align: justify;\">Les sensations vont vite revenir, ce n&rsquo;est pas en 24 heures qu&rsquo;on perd tout. Je me sens bien et j&rsquo;ai h\u00e2te de voir dans une comp\u00e9tition o\u00f9 je serai \u00e0 100 %. C&rsquo;est la premi\u00e8re fois que je fais un aussi gros bloc de travail, avec de la fatigue durant l&rsquo;entra\u00eenement. Forc\u00e9ment, il y a un peu de flou. Mes entra\u00eeneurs sont confiants et voient que j&rsquo;ai encore pass\u00e9 des caps. Je leur fais confiance l\u00e0-dessus et je me dis que je suis encore plus fort qu&rsquo;\u00e0 la fin de l&rsquo;ann\u00e9e 2024.<\/p>\n<h2 style=\"text-align: justify;\">\u00c9tienne Daguinos : \u00ab\u00a0Le titre de champion de France du cross long est \u00e0 prendre au moins une fois dans sa vie\u00a0\u00bb<\/h2>\n<h3 style=\"text-align: justify;\">Ces championnats de France de cross restent un objectif majeur ? \u00c0 Limoges, tu as \u00e9voqu\u00e9 l&rsquo;importance du titre en cross long.<\/h3>\n<p style=\"text-align: justify;\">Le titre, c&rsquo;est quelque chose \u00e0 prendre au moins une fois dans sa vie. Si je m&rsquo;y aligne, ce sera pour jouer la gagne. Mais ce n&rsquo;est pas un objectif majeur en soi. Mes objectifs sont plus lointains et sont d&rsquo;abord sur la route. On a rajout\u00e9 le cross pour le plaisir.<\/p>\n<h3 style=\"text-align: justify;\">Ta pr\u00e9paration est ax\u00e9e sur la route ?<\/h3>\n<p style=\"text-align: justify;\">Oui. Hormis une sortie longue dans des c\u00f4tes et Limoges, qui sont les deux \u00ab\u00a0entorses\u00a0\u00bb \u00e0 ma pr\u00e9pa.<\/p>\n<h3 style=\"text-align: justify;\">C&rsquo;est compliqu\u00e9 d&rsquo;adapter entre un effort lin\u00e9aire sur route et un effort plus irr\u00e9gulier sur le cross.<\/h3>\n<p style=\"text-align: justify;\">Ce n&rsquo;est pas le m\u00eame effort. J&rsquo;ai d\u00e9j\u00e0 fait un semi ou un 10 km en m\u00eame temps que le cross. Ce sont des efforts plus longs, m\u00eame s&rsquo;il y a les changements de rythme du cross et les efforts musculaires. On a ax\u00e9 toute la pr\u00e9paration hivernale sur le long. J&rsquo;aurai le foncier pour les cross. On est en train de tester une nouveaut\u00e9, en incorporant des s\u00e9ances plus lactiques. Voir ce que donne ce m\u00e9lange. Je n&rsquo;oublie pas que l&rsquo;objectif final reste Bruxelles.<\/p>\n<div class=\"vlp-link-container vlp-layout-article\"><a href=\"https:\/\/dicodusport.fr\/blog\/athletisme-etienne-daguinos-nouveau-recordman-deurope-du-10-km\/\" class=\"vlp-link\" title=\"Athl\u00e9tisme : \u00c9tienne Daguinos nouveau recordman d&#039;Europe du 10 km\"><\/a><div class=\"vlp-layout-zone-side\"><div class=\"vlp-block-4 vlp-link-image\"><img loading=\"lazy\" decoding=\"async\" style=\"max-width: 792px;\" width=\"792\" height=\"445\" src=\"https:\/\/dicodusport.fr\/blog\/wp-content\/uploads\/2024\/11\/Athletisme-Etienne-Daguinos-nouveau-recordman-dEurope-du-10-km.png\" class=\"attachment-800x445 size-800x445\" alt=\"Athl\u00e9tisme \u00c9tienne Daguinos nouveau recordman d&#039;Europe du 10 km\" srcset=\"https:\/\/dicodusport.fr\/blog\/wp-content\/uploads\/2024\/11\/Athletisme-Etienne-Daguinos-nouveau-recordman-dEurope-du-10-km.png 1200w, https:\/\/dicodusport.fr\/blog\/wp-content\/uploads\/2024\/11\/Athletisme-Etienne-Daguinos-nouveau-recordman-dEurope-du-10-km-300x169.png 300w, https:\/\/dicodusport.fr\/blog\/wp-content\/uploads\/2024\/11\/Athletisme-Etienne-Daguinos-nouveau-recordman-dEurope-du-10-km-1024x575.png 1024w, https:\/\/dicodusport.fr\/blog\/wp-content\/uploads\/2024\/11\/Athletisme-Etienne-Daguinos-nouveau-recordman-dEurope-du-10-km-768x431.png 768w\" sizes=\"auto, (max-width: 792px) 100vw, 792px\" \/><\/div><\/div><div class=\"vlp-layout-zone-main\"><div class=\"vlp-block-0 vlp-link-title\">Athl\u00e9tisme : \u00c9tienne Daguinos nouveau recordman d'Europe du 10 km<\/div><div class=\"vlp-block-1 vlp-link-summary\">\u00c9tienne Daguinos nouveau recordman d'Europe du 10 km<\/div><div class=\"vlp-block-2 vlp-link-button\">Lire l'article<\/div><div class=\"vlp-block-3 vlp-link-url\">dicodusport.fr<\/div><\/div><\/div>\n<h2 style=\"text-align: justify;\">\u00c9tienne Daguinos : \u00ab\u00a0Quand j&rsquo;arrive sur une course, c&rsquo;est pour tenter d&rsquo;\u00eatre le meilleur fran\u00e7ais\u00a0\u00bb<\/h2>\n<h3 style=\"text-align: justify;\">Tu as chang\u00e9 de statut, avec ce record d&rsquo;Europe, certes battu depuis. \u00c7a change quelque chose pour toi ?<\/h3>\n<p style=\"text-align: justify;\">Franchement cela change beaucoup de choses, notamment mentalement. J&rsquo;ai pris conscience que je pouvais me battre au plus haut niveau europ\u00e9en, dans un premier temps. Cela m&rsquo;a permis, dans ma t\u00eate, de confirmer mes objectifs et mes ambitions. M\u00eame si je vois d&rsquo;autres personnes performer, je me dis que je peux \u00eatre \u00e0 ce niveau-l\u00e0. Aller vite sur la piste, vite sur la route. Cela a fait un d\u00e9blocage. M\u00eame si cela am\u00e8ne une petite pression. Je n&rsquo;ai pas recouru en comp\u00e9tition majeure et j&rsquo;ai h\u00e2te de voir.<\/p>\n<p style=\"text-align: justify;\">Tu te dis qu&rsquo;il faut confirmer sur la premi\u00e8re comp\u00e9tition. Et c&rsquo;est l\u00e0 qu&rsquo;il faut \u00eatre fort mentalement, car tu n&rsquo;as pas besoin de confirmer. Je vaux \u00e7a, donc il faut continuer et montrer que j&rsquo;ai progress\u00e9. Cela me motive \u00e0 avoir de nouveaux challenges. Si je fais un 10 km, ce sera pour faire moins de 27 minutes. Ce n&rsquo;\u00e9tait pas forc\u00e9ment un palier que je m&rsquo;\u00e9tais fix\u00e9 d\u00e8s cette ann\u00e9e. Cela a chang\u00e9 mes objectifs tout en cr\u00e9ant des d\u00e9blocages dans ma t\u00eate.<\/p>\n<div id=\"attachment_559051\" style=\"width: 1930px\" class=\"wp-caption aligncenter\"><img loading=\"lazy\" decoding=\"async\" aria-describedby=\"caption-attachment-559051\" class=\"wp-image-559051 size-full\" src=\"https:\/\/dicodusport.fr\/blog\/wp-content\/uploads\/2025\/02\/IMG_6594-scaled.jpg\" alt=\"Etienne Daguinos lors de la tempo run league de Bordeaux\" width=\"1920\" height=\"2560\" srcset=\"https:\/\/dicodusport.fr\/blog\/wp-content\/uploads\/2025\/02\/IMG_6594-scaled.jpg 1920w, https:\/\/dicodusport.fr\/blog\/wp-content\/uploads\/2025\/02\/IMG_6594-225x300.jpg 225w, https:\/\/dicodusport.fr\/blog\/wp-content\/uploads\/2025\/02\/IMG_6594-768x1024.jpg 768w, https:\/\/dicodusport.fr\/blog\/wp-content\/uploads\/2025\/02\/IMG_6594-1152x1536.jpg 1152w, https:\/\/dicodusport.fr\/blog\/wp-content\/uploads\/2025\/02\/IMG_6594-1536x2048.jpg 1536w\" sizes=\"auto, (max-width: 1920px) 100vw, 1920px\" \/><p id=\"caption-attachment-559051\" class=\"wp-caption-text\">Etienne Daguinos lors de la tempo run league de Bordeaux &#8211; Photo Corentin Baudry<\/p><\/div>\n<h3 style=\"text-align: justify;\">Il y a une grosse g\u00e9n\u00e9ration fran\u00e7aise en fond et demi fond. Malgr\u00e9 tes progr\u00e8s, tu \u00e9tais dans l&rsquo;ombre de certains athl\u00e8tes. Cette fois-ci, c&rsquo;\u00e9tait toi le num\u00e9ro 1.<\/h3>\n<p style=\"text-align: justify;\">D&rsquo;\u00eatre le num\u00e9ro 1, cela cr\u00e9e ce d\u00e9blocage, dans le sens o\u00f9 il y a<strong> Jimmy Gressier<\/strong> et les autres. Des athl\u00e8tes qui \u00e9taient une marche au-dessus. Je me dis d\u00e9sormais que je n&rsquo;ai plus \u00e0 rougir devant eux, m\u00eame s&rsquo;ils font des trucs encore \u00e9normes cet hiver. Bon, je n&rsquo;ai pas la pr\u00e9tention de dire que je vaux 12:54 en salle sur 5000 m. Par contre, je sais que si je m&rsquo;aligne sur un 5000 m, c&rsquo;est pour avoir l&rsquo;ambition d&rsquo;aller vite et faire moins de 13 minutes. J&rsquo;aurais pu avoir peur, me dire qu&rsquo;il est un cran au-dessus. Maintenant, quand j&rsquo;arrive sur une course, c&rsquo;est pour tenter d&rsquo;\u00eatre le meilleur Fran\u00e7ais, au moins me battre avec les meilleurs. Cela change beaucoup de choses. J&rsquo;ai plus d&rsquo;ambitions.<\/p>\n<h2 style=\"text-align: justify;\">\u00c9tienne Daguinos : \u00ab\u00a0Cela me fait bizarre ce nouveau statut\u00a0\u00bb<\/h2>\n<h3 style=\"text-align: justify;\">As-tu mis du temps pour dig\u00e9rer ce chrono et tout ce qu&rsquo;il y a eu autour ?<\/h3>\n<p style=\"text-align: justify;\">J&rsquo;avoue avoir pris une semaine de coupure directement. Pour les sollicitations qui ont \u00e9t\u00e9 tr\u00e8s fatigantes. Notamment mentalement et nerveusement. Je n&rsquo;arrivais pas \u00e0 me rendre compte du chrono que je venais de sortir.<\/p>\n<h3 style=\"text-align: justify;\">C&rsquo;\u00e9tait attendu ce record d&rsquo;Europe ?<\/h3>\n<p style=\"text-align: justify;\">Non. On s&rsquo;attendait dans un grand jour \u00e0 un 27:15, mais pas \u00e0 ce record. C&rsquo;est aussi cela qui a rajout\u00e9 au fait que je ne me rendais pas compte de cela.<\/p>\n<h3 style=\"text-align: justify;\">D&rsquo;autant que tu le prends \u00e0 Jimmy Gressier&#8230;<\/h3>\n<p style=\"text-align: justify;\">J&rsquo;ai eu du mal \u00e0 me dire 27:04. Mais je me suis fait \u00e0 ces sollicitations. J&rsquo;ai remis les pieds en comp\u00e9tition \u00e0 Limoges. C&rsquo;est une autre approche, il y a des moments de partage, avec le public. C&rsquo;est la premi\u00e8re fois que je signais autant d&rsquo;autographes. J&rsquo;avais dit \u00e0 mes coachs que j&rsquo;avais h\u00e2te de recourir en comp\u00e9tition, pour voir s&rsquo;il y avait quelque chose de nouveau. La r\u00e9ponse est oui (rires). C&rsquo;est quelque chose qui me plait, si je peux faire plaisir \u00e0 des gens, cela me fait plaisir.<\/p>\n<p style=\"text-align: justify;\">J&rsquo;en rigole avec mes amis et ma coach, cela fait bizarre de se dire que des gens viennent vers nous, pour demander une photo et un autographe. Cela me surprend tout le temps. C&rsquo;est l\u00e0 o\u00f9 ce statut, j&rsquo;ai encore du mal \u00e0 m&rsquo;en rendre compte. Notamment sur le changement. Mais ce n&rsquo;est pas n\u00e9gatif et je reste comme je suis. En continuant de m&rsquo;entra\u00eener.<\/p>\n<h2 style=\"text-align: justify;\">\u00c9tienne Daguinos : \u00ab\u00a0J&rsquo;ai fait un choix de ne pas faire de salle, il faut l&rsquo;assumer\u00a0\u00bb<\/h2>\n<h3 style=\"text-align: justify;\">Il y a eu les JO en France, qui ont peut-\u00eatre amen\u00e9 un engouement autour du sport et des Fran\u00e7ais ?<\/h3>\n<p style=\"text-align: justify;\">Je ne sais pas. Je sais que beaucoup m&rsquo;ont dit que c&rsquo;\u00e9tait dommage que je ne sois pas all\u00e9 aux Jeux. Et qui \u00e9taient limite d\u00e9\u00e7us pour moi. Pour l&rsquo;engouement, je ne sais pas. Il ne faut pas oublier qu&rsquo;\u00e0 Limoges, on est dans un cadre athl\u00e9, avec un public majoritairement d&rsquo;athl\u00e8tes, qui ont suivi mon \u00e9volution pour certains et qui me voient en cross depuis longtemps. Et qui me disent que \u00e7a leur fait plaisir de me voir \u00e0 ce niveau-l\u00e0.<\/p>\n<h3 style=\"text-align: justify;\">On a vu pas mal de Fran\u00e7ais performer sur 3000 m et 5000 m, est-ce qu&rsquo;il n&rsquo;y a pas une pointe de regrets de ne pas avoir fait une sortie en salle ?<\/h3>\n<p style=\"text-align: justify;\">Non, car on voulait tester une pr\u00e9pa et un gros bloc d&rsquo;entra\u00eenement. Mais quand on est \u00e0 la maison et qu&rsquo;on voit les autres avec des perfs \u00e9normes. On parle de Jimmy, mais il y a eu Romain Legendre de mon club, qui a \u00e9t\u00e9 \u00e9norme sur 3000 m et 5000 m. <strong>Yann Schrub<\/strong>. Bref, il y a des performances \u00e9normes de concurrents directs. Je ne pourrais m\u00eame pas citer tout le monde. C&rsquo;est vrai que c&rsquo;est dur quand toi, tu es \u00e0 l&rsquo;entra\u00eenement avec des jours bien et d&rsquo;autres moins bien, tu en \u00ab\u00a0chies\u00a0\u00bb.<\/p>\n<p style=\"text-align: justify;\">Et tu vois les performances. Ce n&rsquo;est pas toujours facile, mais cela fait partie du jeu. \u00catre capable de se concentrer sur soi. Je suis content pour tout le monde. Cela se trouve, eux \u00e9taient \u00e0 ma place lors de mon 10 km. C&rsquo;est ce qu&rsquo;il faut se dire. J&rsquo;ai fait un choix de ne pas faire de saison en salle et il faut l&rsquo;assumer. On ne sait m\u00eame pas si la salle va servir \u00e0 quelque chose, si la F\u00e9d\u00e9ration va prendre en compte les minima faits sur 5000 m.<\/p>\n<h2 style=\"text-align: justify;\">Etienne Daguinos : \u00ab\u00a0On progresse, mais la marche du niveau mondial monte aussi\u00a0\u00bb<\/h2>\n<h3 style=\"text-align: justify;\">Il y a des informations contradictoires effectivement<\/h3>\n<p style=\"text-align: justify;\">Cela parle du mois d&rsquo;avril en ouverture, d&rsquo;autres infos disent que non. J&rsquo;ai h\u00e2te de faire de la comp\u00e9tition.<\/p>\n<h3 style=\"text-align: justify;\">Depuis deux ou trois ans, tu fais partie des acteurs du demi-fond et fond fran\u00e7ais. Pour toi, est-ce que les Fran\u00e7ais sont en train de rattraper leur retard sur les meilleurs mondiaux ? Voir un Fran\u00e7ais se bagarrer pour une m\u00e9daille, c&rsquo;est possible ?<\/h3>\n<p style=\"text-align: justify;\">J&rsquo;aurais aim\u00e9 te dire oui. Mais le semi-marathon m&rsquo;a mis un coup (rires) (il \u00e9voque le record du monde de Jacob Kiplimo).<\/p>\n<div class=\"vlp-link-container vlp-layout-article\"><a href=\"https:\/\/dicodusport.fr\/blog\/athletisme-lougandais-jacob-kiplimo-detruit-le-record-du-monde-du-semi-marathon\/\" class=\"vlp-link\" title=\"Athl\u00e9tisme : L&#039;Ougandais Jacob Kiplimo d\u00e9truit le record du monde du semi-marathon\"><\/a><div class=\"vlp-layout-zone-side\"><div class=\"vlp-block-4 vlp-link-image\"><img loading=\"lazy\" decoding=\"async\" style=\"max-width: 792px;\" width=\"792\" height=\"445\" src=\"https:\/\/dicodusport.fr\/blog\/wp-content\/uploads\/2025\/02\/Athletisme-LOugandais-Jacob-Kiplimo-detruit-le-record-du-monde-du-semi-marathon.png\" class=\"attachment-800x445 size-800x445\" alt=\"Athl\u00e9tisme L&#039;Ougandais Jacob Kiplimo d\u00e9truit le record du monde du semi-marathon\" srcset=\"https:\/\/dicodusport.fr\/blog\/wp-content\/uploads\/2025\/02\/Athletisme-LOugandais-Jacob-Kiplimo-detruit-le-record-du-monde-du-semi-marathon.png 1200w, https:\/\/dicodusport.fr\/blog\/wp-content\/uploads\/2025\/02\/Athletisme-LOugandais-Jacob-Kiplimo-detruit-le-record-du-monde-du-semi-marathon-300x169.png 300w, https:\/\/dicodusport.fr\/blog\/wp-content\/uploads\/2025\/02\/Athletisme-LOugandais-Jacob-Kiplimo-detruit-le-record-du-monde-du-semi-marathon-1024x575.png 1024w, https:\/\/dicodusport.fr\/blog\/wp-content\/uploads\/2025\/02\/Athletisme-LOugandais-Jacob-Kiplimo-detruit-le-record-du-monde-du-semi-marathon-768x431.png 768w\" sizes=\"auto, (max-width: 792px) 100vw, 792px\" \/><\/div><\/div><div class=\"vlp-layout-zone-main\"><div class=\"vlp-block-0 vlp-link-title\">Athl\u00e9tisme : L'Ougandais Jacob Kiplimo d\u00e9truit le record du monde du semi-marathon<\/div><div class=\"vlp-block-1 vlp-link-summary\">Jacob Kiplimo d\u00e9truit le record du monde du semi-marathon en 56:42.<\/div><div class=\"vlp-block-2 vlp-link-button\">Lire l'article<\/div><div class=\"vlp-block-3 vlp-link-url\">dicodusport.fr<\/div><\/div><\/div>\n<p style=\"text-align: justify;\">\n<h3 style=\"text-align: justify;\">C&rsquo;est vrai qu&rsquo;en 58 minutes, tu es loin&#8230;<\/h3>\n<p style=\"text-align: justify;\">Je me remets sur mon semi-marathon, pour moi, ma performance \u00e9tait \u00e9norme (59:46). Tout le monde me disait que c&rsquo;\u00e9tait une grosse performance. Et j&rsquo;avais d\u00e9j\u00e0 pris 2:15 par le vainqueur. Et l\u00e0, je prends quasiment une minute de plus. Nous, les Fran\u00e7ais, on a progress\u00e9, mais la marche se creuse. Regarde <strong>Jimmy Gressier<\/strong>. Il fait 7:30 au 3000 m. C&rsquo;est une performance, il y a quelque temps, c&rsquo;\u00e9tait top 8 au niveau mondial. Et dans la course de Jimmy, ils sont deux \u00e0 faire le record du monde. On progresse, mais la marche monte et on se retrouve \u00e0 la m\u00eame distance.<\/p>\n<h3 style=\"text-align: justify;\">Cela peut devenir une frustration ?<\/h3>\n<p style=\"text-align: justify;\">Je me concentre sur moi-m\u00eame et j&rsquo;ai envie de donner ce que j&rsquo;ai de mieux. Si je me fais battre par meilleur, c&rsquo;est ok et je repars \u00e0 l&rsquo;entra\u00eenement. Mais avec le sentiment d&rsquo;avoir tout donn\u00e9. Je pr\u00e9f\u00e8re \u00e7a que me faire battre en n&rsquo;ayant pas tout donn\u00e9. \u00c0 moi d&rsquo;essayer de continuer de progresser et optimiser l&rsquo;entra\u00eenement. Mais je ne m&rsquo;entra\u00eene pas en me disant \u00ab\u00a0je veux un untel\u00a0\u00bb.<\/p>\n<h2 style=\"text-align: justify;\">Etienne Daguinos : \u00ab\u00a0L&rsquo;id\u00e9e serait de faire les minima assez rapidement\u00a0\u00bb<\/h2>\n<h3 style=\"text-align: justify;\">As-tu d\u00e9j\u00e0 planifi\u00e9 toute ta saison estivale ?<\/h3>\n<p style=\"text-align: justify;\">Pour le moment, ma saison \u00ab\u00a0s&rsquo;arr\u00eate\u00a0\u00bb au 10 km de Bruxelles. Je n&rsquo;ai pas encore cal\u00e9 la piste et je pense ne faire ma rentr\u00e9e sur piste qu&rsquo;aux interclubs. Pour une premi\u00e8re s\u00e9ance sp\u00e9. Avant de faire un 5000 fin mai ou d\u00e9but juin.<\/p>\n<ul>\n<li style=\"text-align: justify;\"><strong>\u00c0 ce sujet &#8211; <\/strong><a href=\"https:\/\/dicodusport.fr\/blog\/athletisme-les-minima-pour-les-championnats-du-monde-2025-de-tokyo\/\"><strong>Les minima World Athletics pour les championnats du monde 2025 de Tokyo<\/strong><\/a><\/li>\n<\/ul>\n<h3 style=\"text-align: justify;\">C&rsquo;est une saison qui se finit tard, mais qui laisse du temps pour se pr\u00e9parer, contrairement \u00e0 2024.<\/h3>\n<p style=\"text-align: justify;\">Cela me laisse le temps de faire ce bloc sur route, avec les championnats d&rsquo;Europe sur route qui seront une d\u00e9couverte. L&rsquo;id\u00e9e, tout de m\u00eame, sera de faire les minima pour les championnats du monde le plus rapidement possible. Avant de repasser sur du 1500 m et travailler la vitesse. Mais cela laisse du temps, avec les \u00c9lites au mois d&rsquo;aout. Il ne faudra pas se tromper sur les pics de forme. Et \u00eatre pr\u00eat aux France. Car je ne serais pas s\u00fbr d&rsquo;\u00eatre pris si je fais les minima. Il suffit que quatre athl\u00e8tes ou plus les fassent.<\/p>\n<h3 style=\"text-align: justify;\">La probabilit\u00e9 est assez forte<\/h3>\n<p style=\"text-align: justify;\">Exactement.<\/p>\n<h2 style=\"text-align: justify;\">Etienne Daguinos : \u00ab\u00a0Je me pr\u00e9pare pour performer aux Mondiaux\u00a0\u00bb<\/h2>\n<h3 style=\"text-align: justify;\">C&rsquo;est une motivation de voir les Fran\u00e7ais performer ?<\/h3>\n<p style=\"text-align: justify;\">Clairement. Je me dis qu&rsquo;il ne faut pas juste faire les minima, mais faire plus. Il ne faut pas se satisfaire de cela, m\u00eame si, attention, courir 13 minutes sur 5000 m, c&rsquo;est d\u00e9j\u00e0 un truc de fou et Top 3 de tous les temps, au niveau fran\u00e7ais. Mais pour esp\u00e9rer aller en grand championnat, il faut faire. Je pense que c&rsquo;est cela qui va nous tirer vers le haut. Si on veut s&rsquo;approcher des m\u00e9dailles internationales, cela va passer par de la densit\u00e9 au niveau fran\u00e7ais. Pour \u00e9viter de se reposer sur ses acquis, \u00eatre bon dans des championnats de France. Dans des configurations de course tactique.<\/p>\n<h3 style=\"text-align: justify;\">C&rsquo;est plus dur de se qualifier aux Mondiaux que d&rsquo;y performer ?<\/h3>\n<p style=\"text-align: justify;\">(Il r\u00e9fl\u00e9chit) Non quand m\u00eame pas. Pas sur le demi-fond en tout cas. Il n&rsquo;y a que trois athl\u00e8tes qui aient fait les minima pour les Jeux sur 5000 m. Tant qu&rsquo;on n&rsquo;est pas cinq \u00e0 le faire, on n&rsquo;est pas au stade de la perche ou des haies.<\/p>\n<h3 style=\"text-align: justify;\">Cette s\u00e9lection sur piste, c&rsquo;est un peu la derni\u00e8re qui te manque en A. C&rsquo;est un r\u00eave ou un but pour toi ?<\/h3>\n<p style=\"text-align: justify;\">Ce n&rsquo;est plus un r\u00eave, dans le sens o\u00f9 j&rsquo;ai pass\u00e9 les paliers. Il faut \u00ab\u00a0juste\u00a0\u00bb concr\u00e9tiser mes progr\u00e8s et les valider pour ce grand championnat. J&rsquo;essaye de me d\u00e9tacher de cette pression. C&rsquo;est la derni\u00e8re s\u00e9lection qui me manque, dans un grand championnat s\u00e9nior. J&rsquo;ai eu des ann\u00e9es compliqu\u00e9es en juniors sur la piste, avant de mieux revenir. J&rsquo;ai eu de la malchance sur les p\u00e9pins physiques, la m\u00e9t\u00e9o. Je n&rsquo;ai pas eu les conditions ad\u00e9quates pour tenter les minima. C&rsquo;est une pression que je me rajoute, c&rsquo;est un objectif et un passage. Car si je suis s\u00e9lectionn\u00e9, ce ne serait pas une fin en soi. J&rsquo;y vais pour performer et je me pr\u00e9pare pour y performer. Si je n&rsquo;y vais pas, ce sera comme cela.<\/p>\n<h2 style=\"text-align: justify;\">Etienne Daguinos : \u00ab\u00a0Les lactates sont un indicateur pour \u00e9viter un seuil de souffrance\u00a0\u00bb<\/h2>\n<h3 style=\"text-align: justify;\">Tu as franchi un cap il y a deux ans. As-tu chang\u00e9 de m\u00e9thode d&rsquo;entra\u00eenement derni\u00e8rement ?<\/h3>\n<p style=\"text-align: justify;\">J&rsquo;ai chang\u00e9 de m\u00e9thode il y a deux ans justement. Mais j&rsquo;ai pass\u00e9 un cap et chang\u00e9 depuis l&rsquo;\u00e9t\u00e9 dernier. On utilise beaucoup plus la prise de lactates, on l&rsquo;utilisait avant, mais on l&rsquo;a davantage contr\u00f4l\u00e9. J&rsquo;ai int\u00e9gr\u00e9 le double seuil, mais pas que.<\/p>\n<h3 style=\"text-align: justify;\">Qu&rsquo;est-ce que tu appelles le double seuil ?<\/h3>\n<p style=\"text-align: justify;\">Seuil le matin, une s\u00e9ance au \u00ab\u00a0S1\u00a0\u00bb, une intensit\u00e9 autour de deux de taux de lactate, assez facile. Et le soir, au S2, autour de 3 et 4 de lactate selon les personnes. Cela fait un gros volume, avec des journ\u00e9es \u00e0 30-34 km. Pour d&rsquo;autres, cela peut monter \u00e0 40 km. Cela d\u00e9pend de la personne. Je ne fais pas que cela, cela entre dans une premi\u00e8re partie de pr\u00e9paration. Je peux couper avec \u00e7a, reprendre quelque chose de plus classique.<\/p>\n<div id=\"attachment_559052\" style=\"width: 1932px\" class=\"wp-caption aligncenter\"><img loading=\"lazy\" decoding=\"async\" aria-describedby=\"caption-attachment-559052\" class=\"wp-image-559052 size-full\" src=\"https:\/\/dicodusport.fr\/blog\/wp-content\/uploads\/2025\/02\/IMG_8319-scaled.jpg\" alt=\"Etienne Daguinos sur le 800 m du meeting de Pessac - Photo Corentin Baudry\" width=\"1922\" height=\"2560\" srcset=\"https:\/\/dicodusport.fr\/blog\/wp-content\/uploads\/2025\/02\/IMG_8319-scaled.jpg 1922w, https:\/\/dicodusport.fr\/blog\/wp-content\/uploads\/2025\/02\/IMG_8319-225x300.jpg 225w, https:\/\/dicodusport.fr\/blog\/wp-content\/uploads\/2025\/02\/IMG_8319-769x1024.jpg 769w, https:\/\/dicodusport.fr\/blog\/wp-content\/uploads\/2025\/02\/IMG_8319-768x1023.jpg 768w, https:\/\/dicodusport.fr\/blog\/wp-content\/uploads\/2025\/02\/IMG_8319-1153x1536.jpg 1153w, https:\/\/dicodusport.fr\/blog\/wp-content\/uploads\/2025\/02\/IMG_8319-1538x2048.jpg 1538w\" sizes=\"auto, (max-width: 1922px) 100vw, 1922px\" \/><p id=\"caption-attachment-559052\" class=\"wp-caption-text\">Etienne Daguinos sur le 800 m du meeting de Pessac &#8211; Photo Corentin Baudry<\/p><\/div>\n<h3 style=\"text-align: justify;\">Tu n&rsquo;es pas tout le temps dans le contr\u00f4le.<\/h3>\n<p style=\"text-align: justify;\">J&rsquo;essaie de plus en plus contr\u00f4ler et \u00e9viter d&rsquo;\u00eatre \u00e0 200 % sur une s\u00e9ance.<\/p>\n<h3 style=\"text-align: justify;\">Qu&rsquo;est-ce que cela t&rsquo;apporte d&rsquo;avoir ces donn\u00e9es en fin de s\u00e9ance ?<\/h3>\n<p style=\"text-align: justify;\">C&rsquo;est un indicateur pour \u00e9viter de passer un cap de souffrance. Cela permet de meiux encha\u00eener les semaines, mieux assimiler les kilom\u00e8tres et les entra\u00eenements. Et m&rsquo;a permis de mieux g\u00e9rer mes pics de forme et mes \u00e9tats de fatigue qui peuvent en d\u00e9couler. Cela permet de voir l&rsquo;\u00e9tat de forme g\u00e9n\u00e9ral. Je sais o\u00f9 est mon S2. Et s&rsquo;il est mieux, je sais que je suis plus en forme. S&rsquo;il est moins bien, je sais que je dois baisser de pied ou que je suis un peu fatigu\u00e9.<\/p>\n<h3 style=\"text-align: justify;\">Tu te rends compte de choses dont tu ne te serais pas rendu compte en temps normal ?<\/h3>\n<p style=\"text-align: justify;\">Cela m&rsquo;est arriv\u00e9 d&rsquo;avoir des mauvaises sensations \u00e0 l&rsquo;entra\u00eenement et de voir que les lactates \u00e9taient super bien. R\u00e9cemment, j&rsquo;ai eu le cas de figure inverse (rires). Je pensais que je n&rsquo;\u00e9tais pas trop mal, et le taux de lactate est assez haut. Ceci dit, il faut \u00eatre capable de s&rsquo;\u00e9couter et prendre en compte les deux param\u00e8tres. Si on se sent facile, trouver le juste milieu. Mais j&rsquo;avoue que cela m&rsquo;a fait du bien mentalement de ne plus toujours \u00eatre au carton sur chaque s\u00e9ance. Mentalement, quand tu fais de grosses s\u00e9ances, avec des lactates int\u00e9ressants, tu arrives en confiance avant une comp\u00e9tition. Avant le semi de Valence, j&rsquo;avais un taux de lactate qui \u00e9tait bon pour moi, dans cette configuration. J&rsquo;\u00e9tais satisfait de mon stage en altitude.<\/p>\n<h2 style=\"text-align: justify;\">Etienne Daguinos : \u00ab\u00a0L&rsquo;optimisation de la performance est importante\u00a0\u00bb<\/h2>\n<h3 style=\"text-align: justify;\">Comment as-tu d\u00e9couvert ces m\u00e9thodes d&rsquo;entra\u00eenement ?<\/h3>\n<p style=\"text-align: justify;\">Les r\u00e9seaux sociaux. Les performances de <strong>Jakob Ingebrigtsen<\/strong> ont forc\u00e9ment fait parler. C&rsquo;est sorti via des articles sur lui, je ne sais pas si c&rsquo;est le pionnier, mais il est tellement connu et ses performances sont tellement \u00e9normes que c&rsquo;est sorti gr\u00e2ce \u00e0 lui. J&rsquo;ai vu que beaucoup s&rsquo;y mettaient au niveau international et progressaient. Cela m&rsquo;a int\u00e9ress\u00e9 et j&rsquo;aime bien casser la monotonie de l&rsquo;entra\u00eenement. On n&rsquo;a pas voulu tester \u00e7a \u00e0 un an des JO. Par contre, on s&rsquo;y est mis, avec ma coach, apr\u00e8s. Ce sont des m\u00e9thodes qui sont adapt\u00e9es \u00e0 chacun et on ne fait pas tout le temps cela.<\/p>\n<h3 style=\"text-align: justify;\">C&rsquo;est important de ne pas tomber dans le pi\u00e8ge du tout chiffr\u00e9.<\/h3>\n<p style=\"text-align: justify;\">Et de rester dans du personnalis\u00e9. Ce n&rsquo;est pas parce qu&rsquo;untel fait \u00e7a, fait tant de kilom\u00e8tres, qu&rsquo;il faut faire exactement pareil. Je trouve int\u00e9ressant de discuter avec des coachs, voir ce que les autres font. Mais je ne vais pas tout prendre \u00e0 la lettre.<\/p>\n<h3 style=\"text-align: justify;\">C&rsquo;est aussi ce qui explique les progr\u00e8s actuellement, apr\u00e8s ceux li\u00e9s aux chaussures ?<\/h3>\n<p style=\"text-align: justify;\">Le double seuil est une des m\u00e9thodes mises en place par tous ceux qui progressent actuellement. L&rsquo;entra\u00eenement plus contr\u00f4l\u00e9 et moins comp\u00e9tition est un truc important. L&rsquo;optimisation de la performance est importante, avec des choses comme le bicarbonate. Des choses qui arrivent. J&rsquo;ai test\u00e9 une fois sur un 5000 m, je n&rsquo;ai pas vu un effet imm\u00e9diat. J&rsquo;ai aussi test\u00e9 sur un 800 m et l\u00e0, j&rsquo;ai \u00e9t\u00e9 tr\u00e8s surpris. Soit, j&rsquo;\u00e9tais bien ce jour-l\u00e0 et c&rsquo;est toujours le truc avec \u00e7a. Mais il ne faut pas se leurrer. On voit l&rsquo;explosion du niveau sur 800 et 1500 m, avec des optimisations comme celle-l\u00e0 qui rentrent en jeu. Et d&rsquo;autres choses dont je serais incapable d&rsquo;\u00e9voquer. Je ne suis pas assez pouss\u00e9 l\u00e0-dedans.<\/p>\n<h3 style=\"text-align: justify;\">On avait du retard en France ?<\/h3>\n<p style=\"text-align: justify;\">Oui sans doute. Et il n&rsquo;y a pas que sur le bicarbonate, mais aussi sur les m\u00e9thodes d&rsquo;entra\u00eenement. Il y a d\u00e9bat sur le bicarbonate, sur le fait que ce soit une conduite dopante. Dans des pays comme les \u00c9tats-Unis ou la Norv\u00e8ge, ils sont plus avanc\u00e9s que nous. Il faudrait aussi voir ce qu&rsquo;il se fait dans le cyclisme o\u00f9 le bicarbonate est r\u00e9pandu. C&rsquo;est autoris\u00e9 et \u00e0 partir du moment o\u00f9 c&rsquo;est autoris\u00e9, oui, c&rsquo;est bizarre et je peux comprendre qu&rsquo;on dise que ce soit une conduite dopante.<\/p>\n<p style=\"text-align: justify;\">Mais cela reste une pratique autoris\u00e9e, et malheureusement, il faut passer par l\u00e0 si les autres le font. Ce n&rsquo;est pas non plus comme la ventoline o\u00f9 c&rsquo;est autoris\u00e9 sous AUT et sous une certaine dose. L\u00e0, on est dans une optimisation, mais en allant au maximum de la dose, alors que s&rsquo;ils d\u00e9passent, cela devient dopant. Pour le coup, prendre de la ventoline, on est dans une pratique dopante.<\/p>\n","protected":false},"excerpt":{"rendered":"<p>\u00ab\u00a0J&rsquo;ai pris conscience que je pouvais me battre au plus haut niveau\u00a0\u00bb<\/p>\n","protected":false},"author":83,"featured_media":559053,"comment_status":"open","ping_status":"closed","sticky":false,"template":"","format":"standard","meta":{"_acf_changed":false,"_daextam_enable_autolinks":"1","footnotes":""},"categories":[2308],"tags":[143,16878,36766,24],"class_list":["post-558905","post","type-post","status-publish","format-standard","has-post-thumbnail","hentry","category-athletisme","tag-athletisme","tag-breve","tag-etienne-daguinos","tag-sport"],"acf":[],"yoast_head":"<!-- This site is optimized with the Yoast SEO Premium plugin v26.7 (Yoast SEO v26.7) - https:\/\/yoast.com\/wordpress\/plugins\/seo\/ -->\n<title>\u00c9tienne Daguinos : &quot;J&#039;ai pris conscience que je pouvais me battre au plus haut niveau&quot;<\/title>\n<meta name=\"description\" content=\"ATHL\u00c9TISME - Entretien avec le fondeur Etienne Daguinos, qui a un temps d\u00e9tenu le record d&#039;Europe du 10 km.\" \/>\n<meta name=\"robots\" content=\"index, follow, max-snippet:-1, max-image-preview:large, max-video-preview:-1\" \/>\n<link rel=\"canonical\" href=\"https:\/\/dicodusport.fr\/blog\/etienne-daguinos-jai-pris-conscience-que-je-pouvais-me-battre-au-plus-haut-niveau\/\" \/>\n<meta property=\"og:locale\" content=\"fr_FR\" \/>\n<meta property=\"og:type\" content=\"article\" \/>\n<meta property=\"og:title\" content=\"\u00c9tienne Daguinos : &quot;J&#039;ai pris conscience que je pouvais me battre au plus haut niveau&quot;\" \/>\n<meta property=\"og:description\" content=\"ATHL\u00c9TISME - Entretien avec le fondeur Etienne Daguinos, qui a un temps d\u00e9tenu le record d&#039;Europe du 10 km.\" \/>\n<meta property=\"og:url\" content=\"https:\/\/dicodusport.fr\/blog\/etienne-daguinos-jai-pris-conscience-que-je-pouvais-me-battre-au-plus-haut-niveau\/\" \/>\n<meta property=\"og:site_name\" content=\"Dicodusport\" \/>\n<meta property=\"article:publisher\" content=\"https:\/\/www.facebook.com\/dicodusport\" \/>\n<meta property=\"article:published_time\" content=\"2025-02-27T10:00:48+00:00\" \/>\n<meta property=\"og:image\" content=\"https:\/\/dicodusport.fr\/blog\/wp-content\/uploads\/2025\/02\/Etienne-Daguinos-Jai-pris-conscience-que-je-pouvais-me-battre-au-plus-haut-niveau.png\" \/>\n\t<meta property=\"og:image:width\" content=\"1200\" \/>\n\t<meta property=\"og:image:height\" content=\"674\" \/>\n\t<meta property=\"og:image:type\" content=\"image\/png\" \/>\n<meta name=\"author\" content=\"Etienne Goursaud\" \/>\n<meta name=\"twitter:card\" content=\"summary_large_image\" \/>\n<meta name=\"twitter:title\" content=\"\u00c9tienne Daguinos : &quot;J&#039;ai pris conscience que je pouvais me battre au plus haut niveau&quot;\" \/>\n<meta name=\"twitter:creator\" content=\"@dicodusport\" \/>\n<meta name=\"twitter:site\" content=\"@dicodusport\" \/>\n<script type=\"application\/ld+json\" class=\"yoast-schema-graph\">{\"@context\":\"https:\/\/schema.org\",\"@graph\":[{\"@type\":\"NewsArticle\",\"@id\":\"https:\/\/dicodusport.fr\/blog\/etienne-daguinos-jai-pris-conscience-que-je-pouvais-me-battre-au-plus-haut-niveau\/#article\",\"isPartOf\":{\"@id\":\"https:\/\/dicodusport.fr\/blog\/etienne-daguinos-jai-pris-conscience-que-je-pouvais-me-battre-au-plus-haut-niveau\/\"},\"author\":{\"name\":\"Etienne Goursaud\",\"@id\":\"https:\/\/dicodusport.fr\/blog\/#\/schema\/person\/d603dd7da31fb2b46c82b9835a77ec13\"},\"headline\":\"\u00c9tienne Daguinos : \u00ab\u00a0J&rsquo;ai pris conscience que je pouvais me battre au plus haut niveau\u00a0\u00bb\",\"datePublished\":\"2025-02-27T10:00:48+00:00\",\"mainEntityOfPage\":{\"@id\":\"https:\/\/dicodusport.fr\/blog\/etienne-daguinos-jai-pris-conscience-que-je-pouvais-me-battre-au-plus-haut-niveau\/\"},\"wordCount\":3766,\"commentCount\":0,\"publisher\":{\"@id\":\"https:\/\/dicodusport.fr\/blog\/#organization\"},\"image\":{\"@id\":\"https:\/\/dicodusport.fr\/blog\/etienne-daguinos-jai-pris-conscience-que-je-pouvais-me-battre-au-plus-haut-niveau\/#primaryimage\"},\"thumbnailUrl\":\"https:\/\/dicodusport.fr\/blog\/wp-content\/uploads\/2025\/02\/Etienne-Daguinos-Jai-pris-conscience-que-je-pouvais-me-battre-au-plus-haut-niveau.png\",\"keywords\":[\"Athl\u00e9tisme\",\"br\u00e8ve\",\"Etienne Daguinos\",\"sport\"],\"articleSection\":[\"Athl\u00e9tisme\"],\"inLanguage\":\"fr-FR\",\"potentialAction\":[{\"@type\":\"CommentAction\",\"name\":\"Comment\",\"target\":[\"https:\/\/dicodusport.fr\/blog\/etienne-daguinos-jai-pris-conscience-que-je-pouvais-me-battre-au-plus-haut-niveau\/#respond\"]}],\"copyrightYear\":\"2025\",\"copyrightHolder\":{\"@id\":\"https:\/\/dicodusport.fr\/blog\/#organization\"}},{\"@type\":\"WebPage\",\"@id\":\"https:\/\/dicodusport.fr\/blog\/etienne-daguinos-jai-pris-conscience-que-je-pouvais-me-battre-au-plus-haut-niveau\/\",\"url\":\"https:\/\/dicodusport.fr\/blog\/etienne-daguinos-jai-pris-conscience-que-je-pouvais-me-battre-au-plus-haut-niveau\/\",\"name\":\"\u00c9tienne Daguinos : \\\"J'ai pris conscience que je pouvais me battre au plus haut niveau\\\"\",\"isPartOf\":{\"@id\":\"https:\/\/dicodusport.fr\/blog\/#website\"},\"primaryImageOfPage\":{\"@id\":\"https:\/\/dicodusport.fr\/blog\/etienne-daguinos-jai-pris-conscience-que-je-pouvais-me-battre-au-plus-haut-niveau\/#primaryimage\"},\"image\":{\"@id\":\"https:\/\/dicodusport.fr\/blog\/etienne-daguinos-jai-pris-conscience-que-je-pouvais-me-battre-au-plus-haut-niveau\/#primaryimage\"},\"thumbnailUrl\":\"https:\/\/dicodusport.fr\/blog\/wp-content\/uploads\/2025\/02\/Etienne-Daguinos-Jai-pris-conscience-que-je-pouvais-me-battre-au-plus-haut-niveau.png\",\"datePublished\":\"2025-02-27T10:00:48+00:00\",\"description\":\"ATHL\u00c9TISME - Entretien avec le fondeur Etienne Daguinos, qui a un temps d\u00e9tenu le record d'Europe du 10 km.\",\"breadcrumb\":{\"@id\":\"https:\/\/dicodusport.fr\/blog\/etienne-daguinos-jai-pris-conscience-que-je-pouvais-me-battre-au-plus-haut-niveau\/#breadcrumb\"},\"inLanguage\":\"fr-FR\",\"potentialAction\":[{\"@type\":\"ReadAction\",\"target\":[\"https:\/\/dicodusport.fr\/blog\/etienne-daguinos-jai-pris-conscience-que-je-pouvais-me-battre-au-plus-haut-niveau\/\"]}]},{\"@type\":\"ImageObject\",\"inLanguage\":\"fr-FR\",\"@id\":\"https:\/\/dicodusport.fr\/blog\/etienne-daguinos-jai-pris-conscience-que-je-pouvais-me-battre-au-plus-haut-niveau\/#primaryimage\",\"url\":\"https:\/\/dicodusport.fr\/blog\/wp-content\/uploads\/2025\/02\/Etienne-Daguinos-Jai-pris-conscience-que-je-pouvais-me-battre-au-plus-haut-niveau.png\",\"contentUrl\":\"https:\/\/dicodusport.fr\/blog\/wp-content\/uploads\/2025\/02\/Etienne-Daguinos-Jai-pris-conscience-que-je-pouvais-me-battre-au-plus-haut-niveau.png\",\"width\":1200,\"height\":674,\"caption\":\"Etienne Daguinos : \\\"J'ai pris conscience que je pouvais me battre au plus haut niveau\\\"\"},{\"@type\":\"BreadcrumbList\",\"@id\":\"https:\/\/dicodusport.fr\/blog\/etienne-daguinos-jai-pris-conscience-que-je-pouvais-me-battre-au-plus-haut-niveau\/#breadcrumb\",\"itemListElement\":[{\"@type\":\"ListItem\",\"position\":1,\"name\":\"Accueil\",\"item\":\"https:\/\/dicodusport.fr\/blog\/\"},{\"@type\":\"ListItem\",\"position\":2,\"name\":\"\u00c9tienne Daguinos : \u00ab\u00a0J&rsquo;ai pris conscience que je pouvais me battre au plus haut niveau\u00a0\u00bb\"}]},{\"@type\":\"WebSite\",\"@id\":\"https:\/\/dicodusport.fr\/blog\/#website\",\"url\":\"https:\/\/dicodusport.fr\/blog\/\",\"name\":\"Dicodusport\",\"description\":\"L&#039;encyclop\u00e9die de l&#039;actualit\u00e9 sportive\",\"publisher\":{\"@id\":\"https:\/\/dicodusport.fr\/blog\/#organization\"},\"potentialAction\":[{\"@type\":\"SearchAction\",\"target\":{\"@type\":\"EntryPoint\",\"urlTemplate\":\"https:\/\/dicodusport.fr\/blog\/?s={search_term_string}\"},\"query-input\":{\"@type\":\"PropertyValueSpecification\",\"valueRequired\":true,\"valueName\":\"search_term_string\"}}],\"inLanguage\":\"fr-FR\"},{\"@type\":\"NewsMediaOrganization\",\"@id\":\"https:\/\/dicodusport.fr\/blog\/#organization\",\"name\":\"Dicodusport\",\"url\":\"https:\/\/dicodusport.fr\/blog\/\",\"logo\":{\"@type\":\"ImageObject\",\"inLanguage\":\"fr-FR\",\"@id\":\"https:\/\/dicodusport.fr\/blog\/#\/schema\/logo\/image\/\",\"url\":\"https:\/\/dicodusport.fr\/blog\/wp-content\/uploads\/2020\/06\/cropped-LOGO-DICODUSPORT-2020-SANS-FOND-SANS-TEXTE.png\",\"contentUrl\":\"https:\/\/dicodusport.fr\/blog\/wp-content\/uploads\/2020\/06\/cropped-LOGO-DICODUSPORT-2020-SANS-FOND-SANS-TEXTE.png\",\"width\":512,\"height\":512,\"caption\":\"Dicodusport\"},\"image\":{\"@id\":\"https:\/\/dicodusport.fr\/blog\/#\/schema\/logo\/image\/\"},\"sameAs\":[\"https:\/\/www.facebook.com\/dicodusport\",\"https:\/\/x.com\/dicodusport\",\"https:\/\/www.instagram.com\/dicodusport\/\",\"https:\/\/www.youtube.com\/channel\/UC7V2KZ5sd3htJivAbA4ZG3w\"],\"description\":\"Dicodusport est l'encyclop\u00e9die de l'actualit\u00e9 sportive.\",\"email\":\"bonjour@dicodusport.fr\",\"legalName\":\"DICODUSPORT\",\"foundingDate\":\"2018-01-14\",\"vatID\":\"FR71834470973\",\"taxID\":\"83447097300043\",\"numberOfEmployees\":{\"@type\":\"QuantitativeValue\",\"minValue\":\"1\",\"maxValue\":\"10\"}},{\"@type\":\"Person\",\"@id\":\"https:\/\/dicodusport.fr\/blog\/#\/schema\/person\/d603dd7da31fb2b46c82b9835a77ec13\",\"name\":\"Etienne Goursaud\",\"image\":{\"@type\":\"ImageObject\",\"inLanguage\":\"fr-FR\",\"@id\":\"https:\/\/dicodusport.fr\/blog\/#\/schema\/person\/image\/\",\"url\":\"https:\/\/dicodusport.fr\/blog\/wp-content\/uploads\/2023\/12\/410122264_10231602061736049_5565839791558026645_n-150x150.jpg\",\"contentUrl\":\"https:\/\/dicodusport.fr\/blog\/wp-content\/uploads\/2023\/12\/410122264_10231602061736049_5565839791558026645_n-150x150.jpg\",\"caption\":\"Etienne Goursaud\"},\"description\":\"Journaliste et amoureux de sport. Ancien footballeur reconverti athl\u00e8te quand ses muscles le laissent tranquille. \u00c9lev\u00e9 \u00e0 la sauce des exploits de Thomas Voeckler en 2004, du dernier essai de l\u00e9gende de Eunice Barber \u00e0 la longueur lors des championnats du monde d'athl\u00e9tisme de 2003 mais aussi Zidane, Omeyer et Titou Lamaison.\",\"url\":\"https:\/\/dicodusport.fr\/blog\/author\/etienne-goursaud\/\"}]}<\/script>\n<!-- \/ Yoast SEO Premium plugin. -->","yoast_head_json":{"title":"\u00c9tienne Daguinos : \"J'ai pris conscience que je pouvais me battre au plus haut niveau\"","description":"ATHL\u00c9TISME - Entretien avec le fondeur Etienne Daguinos, qui a un temps d\u00e9tenu le record d'Europe du 10 km.","robots":{"index":"index","follow":"follow","max-snippet":"max-snippet:-1","max-image-preview":"max-image-preview:large","max-video-preview":"max-video-preview:-1"},"canonical":"https:\/\/dicodusport.fr\/blog\/etienne-daguinos-jai-pris-conscience-que-je-pouvais-me-battre-au-plus-haut-niveau\/","og_locale":"fr_FR","og_type":"article","og_title":"\u00c9tienne Daguinos : \"J'ai pris conscience que je pouvais me battre au plus haut niveau\"","og_description":"ATHL\u00c9TISME - Entretien avec le fondeur Etienne Daguinos, qui a un temps d\u00e9tenu le record d'Europe du 10 km.","og_url":"https:\/\/dicodusport.fr\/blog\/etienne-daguinos-jai-pris-conscience-que-je-pouvais-me-battre-au-plus-haut-niveau\/","og_site_name":"Dicodusport","article_publisher":"https:\/\/www.facebook.com\/dicodusport","article_published_time":"2025-02-27T10:00:48+00:00","og_image":[{"width":1200,"height":674,"url":"https:\/\/dicodusport.fr\/blog\/wp-content\/uploads\/2025\/02\/Etienne-Daguinos-Jai-pris-conscience-que-je-pouvais-me-battre-au-plus-haut-niveau.png","type":"image\/png"}],"author":"Etienne Goursaud","twitter_card":"summary_large_image","twitter_title":"\u00c9tienne Daguinos : \"J'ai pris conscience que je pouvais me battre au plus haut niveau\"","twitter_creator":"@dicodusport","twitter_site":"@dicodusport","schema":{"@context":"https:\/\/schema.org","@graph":[{"@type":"NewsArticle","@id":"https:\/\/dicodusport.fr\/blog\/etienne-daguinos-jai-pris-conscience-que-je-pouvais-me-battre-au-plus-haut-niveau\/#article","isPartOf":{"@id":"https:\/\/dicodusport.fr\/blog\/etienne-daguinos-jai-pris-conscience-que-je-pouvais-me-battre-au-plus-haut-niveau\/"},"author":{"name":"Etienne Goursaud","@id":"https:\/\/dicodusport.fr\/blog\/#\/schema\/person\/d603dd7da31fb2b46c82b9835a77ec13"},"headline":"\u00c9tienne Daguinos : \u00ab\u00a0J&rsquo;ai pris conscience que je pouvais me battre au plus haut niveau\u00a0\u00bb","datePublished":"2025-02-27T10:00:48+00:00","mainEntityOfPage":{"@id":"https:\/\/dicodusport.fr\/blog\/etienne-daguinos-jai-pris-conscience-que-je-pouvais-me-battre-au-plus-haut-niveau\/"},"wordCount":3766,"commentCount":0,"publisher":{"@id":"https:\/\/dicodusport.fr\/blog\/#organization"},"image":{"@id":"https:\/\/dicodusport.fr\/blog\/etienne-daguinos-jai-pris-conscience-que-je-pouvais-me-battre-au-plus-haut-niveau\/#primaryimage"},"thumbnailUrl":"https:\/\/dicodusport.fr\/blog\/wp-content\/uploads\/2025\/02\/Etienne-Daguinos-Jai-pris-conscience-que-je-pouvais-me-battre-au-plus-haut-niveau.png","keywords":["Athl\u00e9tisme","br\u00e8ve","Etienne Daguinos","sport"],"articleSection":["Athl\u00e9tisme"],"inLanguage":"fr-FR","potentialAction":[{"@type":"CommentAction","name":"Comment","target":["https:\/\/dicodusport.fr\/blog\/etienne-daguinos-jai-pris-conscience-que-je-pouvais-me-battre-au-plus-haut-niveau\/#respond"]}],"copyrightYear":"2025","copyrightHolder":{"@id":"https:\/\/dicodusport.fr\/blog\/#organization"}},{"@type":"WebPage","@id":"https:\/\/dicodusport.fr\/blog\/etienne-daguinos-jai-pris-conscience-que-je-pouvais-me-battre-au-plus-haut-niveau\/","url":"https:\/\/dicodusport.fr\/blog\/etienne-daguinos-jai-pris-conscience-que-je-pouvais-me-battre-au-plus-haut-niveau\/","name":"\u00c9tienne Daguinos : \"J'ai pris conscience que je pouvais me battre au plus haut niveau\"","isPartOf":{"@id":"https:\/\/dicodusport.fr\/blog\/#website"},"primaryImageOfPage":{"@id":"https:\/\/dicodusport.fr\/blog\/etienne-daguinos-jai-pris-conscience-que-je-pouvais-me-battre-au-plus-haut-niveau\/#primaryimage"},"image":{"@id":"https:\/\/dicodusport.fr\/blog\/etienne-daguinos-jai-pris-conscience-que-je-pouvais-me-battre-au-plus-haut-niveau\/#primaryimage"},"thumbnailUrl":"https:\/\/dicodusport.fr\/blog\/wp-content\/uploads\/2025\/02\/Etienne-Daguinos-Jai-pris-conscience-que-je-pouvais-me-battre-au-plus-haut-niveau.png","datePublished":"2025-02-27T10:00:48+00:00","description":"ATHL\u00c9TISME - Entretien avec le fondeur Etienne Daguinos, qui a un temps d\u00e9tenu le record d'Europe du 10 km.","breadcrumb":{"@id":"https:\/\/dicodusport.fr\/blog\/etienne-daguinos-jai-pris-conscience-que-je-pouvais-me-battre-au-plus-haut-niveau\/#breadcrumb"},"inLanguage":"fr-FR","potentialAction":[{"@type":"ReadAction","target":["https:\/\/dicodusport.fr\/blog\/etienne-daguinos-jai-pris-conscience-que-je-pouvais-me-battre-au-plus-haut-niveau\/"]}]},{"@type":"ImageObject","inLanguage":"fr-FR","@id":"https:\/\/dicodusport.fr\/blog\/etienne-daguinos-jai-pris-conscience-que-je-pouvais-me-battre-au-plus-haut-niveau\/#primaryimage","url":"https:\/\/dicodusport.fr\/blog\/wp-content\/uploads\/2025\/02\/Etienne-Daguinos-Jai-pris-conscience-que-je-pouvais-me-battre-au-plus-haut-niveau.png","contentUrl":"https:\/\/dicodusport.fr\/blog\/wp-content\/uploads\/2025\/02\/Etienne-Daguinos-Jai-pris-conscience-que-je-pouvais-me-battre-au-plus-haut-niveau.png","width":1200,"height":674,"caption":"Etienne Daguinos : \"J'ai pris conscience que je pouvais me battre au plus haut niveau\""},{"@type":"BreadcrumbList","@id":"https:\/\/dicodusport.fr\/blog\/etienne-daguinos-jai-pris-conscience-que-je-pouvais-me-battre-au-plus-haut-niveau\/#breadcrumb","itemListElement":[{"@type":"ListItem","position":1,"name":"Accueil","item":"https:\/\/dicodusport.fr\/blog\/"},{"@type":"ListItem","position":2,"name":"\u00c9tienne Daguinos : \u00ab\u00a0J&rsquo;ai pris conscience que je pouvais me battre au plus haut niveau\u00a0\u00bb"}]},{"@type":"WebSite","@id":"https:\/\/dicodusport.fr\/blog\/#website","url":"https:\/\/dicodusport.fr\/blog\/","name":"Dicodusport","description":"L&#039;encyclop\u00e9die de l&#039;actualit\u00e9 sportive","publisher":{"@id":"https:\/\/dicodusport.fr\/blog\/#organization"},"potentialAction":[{"@type":"SearchAction","target":{"@type":"EntryPoint","urlTemplate":"https:\/\/dicodusport.fr\/blog\/?s={search_term_string}"},"query-input":{"@type":"PropertyValueSpecification","valueRequired":true,"valueName":"search_term_string"}}],"inLanguage":"fr-FR"},{"@type":"NewsMediaOrganization","@id":"https:\/\/dicodusport.fr\/blog\/#organization","name":"Dicodusport","url":"https:\/\/dicodusport.fr\/blog\/","logo":{"@type":"ImageObject","inLanguage":"fr-FR","@id":"https:\/\/dicodusport.fr\/blog\/#\/schema\/logo\/image\/","url":"https:\/\/dicodusport.fr\/blog\/wp-content\/uploads\/2020\/06\/cropped-LOGO-DICODUSPORT-2020-SANS-FOND-SANS-TEXTE.png","contentUrl":"https:\/\/dicodusport.fr\/blog\/wp-content\/uploads\/2020\/06\/cropped-LOGO-DICODUSPORT-2020-SANS-FOND-SANS-TEXTE.png","width":512,"height":512,"caption":"Dicodusport"},"image":{"@id":"https:\/\/dicodusport.fr\/blog\/#\/schema\/logo\/image\/"},"sameAs":["https:\/\/www.facebook.com\/dicodusport","https:\/\/x.com\/dicodusport","https:\/\/www.instagram.com\/dicodusport\/","https:\/\/www.youtube.com\/channel\/UC7V2KZ5sd3htJivAbA4ZG3w"],"description":"Dicodusport est l'encyclop\u00e9die de l'actualit\u00e9 sportive.","email":"bonjour@dicodusport.fr","legalName":"DICODUSPORT","foundingDate":"2018-01-14","vatID":"FR71834470973","taxID":"83447097300043","numberOfEmployees":{"@type":"QuantitativeValue","minValue":"1","maxValue":"10"}},{"@type":"Person","@id":"https:\/\/dicodusport.fr\/blog\/#\/schema\/person\/d603dd7da31fb2b46c82b9835a77ec13","name":"Etienne Goursaud","image":{"@type":"ImageObject","inLanguage":"fr-FR","@id":"https:\/\/dicodusport.fr\/blog\/#\/schema\/person\/image\/","url":"https:\/\/dicodusport.fr\/blog\/wp-content\/uploads\/2023\/12\/410122264_10231602061736049_5565839791558026645_n-150x150.jpg","contentUrl":"https:\/\/dicodusport.fr\/blog\/wp-content\/uploads\/2023\/12\/410122264_10231602061736049_5565839791558026645_n-150x150.jpg","caption":"Etienne Goursaud"},"description":"Journaliste et amoureux de sport. Ancien footballeur reconverti athl\u00e8te quand ses muscles le laissent tranquille. \u00c9lev\u00e9 \u00e0 la sauce des exploits de Thomas Voeckler en 2004, du dernier essai de l\u00e9gende de Eunice Barber \u00e0 la longueur lors des championnats du monde d'athl\u00e9tisme de 2003 mais aussi Zidane, Omeyer et Titou Lamaison.","url":"https:\/\/dicodusport.fr\/blog\/author\/etienne-goursaud\/"}]}},"_links":{"self":[{"href":"https:\/\/dicodusport.fr\/blog\/wp-json\/wp\/v2\/posts\/558905","targetHints":{"allow":["GET"]}}],"collection":[{"href":"https:\/\/dicodusport.fr\/blog\/wp-json\/wp\/v2\/posts"}],"about":[{"href":"https:\/\/dicodusport.fr\/blog\/wp-json\/wp\/v2\/types\/post"}],"author":[{"embeddable":true,"href":"https:\/\/dicodusport.fr\/blog\/wp-json\/wp\/v2\/users\/83"}],"replies":[{"embeddable":true,"href":"https:\/\/dicodusport.fr\/blog\/wp-json\/wp\/v2\/comments?post=558905"}],"version-history":[{"count":5,"href":"https:\/\/dicodusport.fr\/blog\/wp-json\/wp\/v2\/posts\/558905\/revisions"}],"predecessor-version":[{"id":559403,"href":"https:\/\/dicodusport.fr\/blog\/wp-json\/wp\/v2\/posts\/558905\/revisions\/559403"}],"wp:featuredmedia":[{"embeddable":true,"href":"https:\/\/dicodusport.fr\/blog\/wp-json\/wp\/v2\/media\/559053"}],"wp:attachment":[{"href":"https:\/\/dicodusport.fr\/blog\/wp-json\/wp\/v2\/media?parent=558905"}],"wp:term":[{"taxonomy":"category","embeddable":true,"href":"https:\/\/dicodusport.fr\/blog\/wp-json\/wp\/v2\/categories?post=558905"},{"taxonomy":"post_tag","embeddable":true,"href":"https:\/\/dicodusport.fr\/blog\/wp-json\/wp\/v2\/tags?post=558905"}],"curies":[{"name":"wp","href":"https:\/\/api.w.org\/{rel}","templated":true}]}}