{"id":558990,"date":"2025-03-05T09:00:30","date_gmt":"2025-03-05T08:00:30","guid":{"rendered":"https:\/\/dicodusport.fr\/blog\/?p=558990&#038;preview=true&#038;preview_id=558990"},"modified":"2025-03-05T12:29:18","modified_gmt":"2025-03-05T11:29:18","slug":"athletisme-championnats-deurope-salle-quattendre-de-lequipe-de-france","status":"publish","type":"post","link":"https:\/\/dicodusport.fr\/blog\/athletisme-championnats-deurope-salle-quattendre-de-lequipe-de-france\/","title":{"rendered":"Athl\u00e9tisme Championnats d&rsquo;Europe (salle) : Qu&rsquo;attendre de l&rsquo;\u00e9quipe de France ?"},"content":{"rendered":"<h4 style=\"text-align: justify;\"><em>Championnats D&rsquo;EUROPE D&rsquo;ATHL\u00c9TISME EN SALLE 2025 &#8211; Du 6 au 9 mars prochain, les meilleurs athl\u00e8tes europ\u00e9ens vont se confronter, du c\u00f4t\u00e9 d&rsquo;Apeldoorn (Pays-Bas). L&rsquo;\u00e9quipe de France se pr\u00e9sente avec une \u00e9quipe prometteuse de 43 athl\u00e8tes, dont on vous pr\u00e9sente les chances.<\/em><\/h4>\n<ul style=\"text-align: justify;\">\n<li style=\"text-align: justify;\"><strong>\u00c0 ce sujet \u2013\u00a0<span style=\"color: #000080;\"><a style=\"color: #000080;\" href=\"https:\/\/dicodusport.fr\/blog\/athletisme-programme-et-resultats-championnats-deurope-en-salle-2025\/\">Athl\u00e9tisme : Programme et r\u00e9sultats Championnats d&rsquo;Europe en salle 2025<\/a><\/span><\/strong><\/li>\n<\/ul>\n<h2 style=\"text-align: justify;\">Le demi-fond en \u00e9bullition<\/h2>\n<p style=\"text-align: justify;\">S&rsquo;il y a des \u00e9preuves qu&rsquo;il faudra bien surveiller, ce sont celles de demi-fond. Sur les 14 athl\u00e8tes engag\u00e9s (de 800m \u00e0 3000m), seule <strong>Agathe Guillemot<\/strong> (align\u00e9e sur 1500m) n&rsquo;a pas battu son record. Ce n&rsquo;est pas pour autant qu&rsquo;elle est en m\u00e9forme, au contraire. Lors des Championnats de France, Guillemot nous a offert un r\u00e9cital. Si la concurrence n&rsquo;\u00e9tait pas des plus f\u00e9roces, elle s&rsquo;est plac\u00e9e en t\u00eate d\u00e8s le d\u00e9but de la course, en imposant un gros rythme pour venir s&rsquo;imposer en patronne. Avec des filles d&rsquo;un niveau sup\u00e9rieur, nul doute que le chrono descendra et qu&rsquo;elle sera l\u00e0 pour jouer devant, elle qui a remport\u00e9 <a href=\"https:\/\/dicodusport.fr\/blog\/athletisme-championnats-deurope-2024-agathe-guillemot-en-bronze-sur-1500-m\/\"><strong>le bronze lors des Championnats d&rsquo;Europe de Rome<\/strong><\/a>, l&rsquo;ann\u00e9e pass\u00e9e sur la distance.<\/p>\n<p style=\"text-align: justify;\">Pour les autres, cette pluie de records montre que l&rsquo;entra\u00eenement a port\u00e9 ses fruits et qu&rsquo;il faudra compter sur eux. Le plus attendu sera certainement <strong>Azeddine Habz<\/strong>, sur 1500 et 3000m. \u00c0 Boston, il a battu le record de France du 3000m en 7:31.50 (ancien 7:33.73), avant que <a href=\"https:\/\/dicodusport.fr\/blog\/athletisme-jimmy-gressier-sempare-du-record-de-france-du-3-000-m-grant-fisher-du-record-du-monde\/\"><strong>Jimmy Gressier<\/strong><\/a> (absent ici) n&rsquo;abaisse encore cette marque. Puis \u00e0 New York, il a battu son record sur 1500m avec un chrono de 3:32.24, synonyme de record de France, en battant par la m\u00eame occasion le record d&rsquo;Europe du mile (3:47.56). Une forme qui le place 2\u00e8me au bilan europ\u00e9en sur 1500m cet hiver, derri\u00e8re un certain <strong>Jakob Ingebrigtsen<\/strong>.<\/p>\n<blockquote class=\"twitter-tweet\">\n<p dir=\"ltr\" lang=\"fr\">\ud83d\uddfd\ud83c\uddfa\ud83c\uddf8 L&rsquo;escapade outre-Atlantique aura \u00e9t\u00e9 fructueuse pour Azeddine Habz \ud83e\udee1<\/p>\n<p>\u27a1\ufe0f 2 f\u00e9vrier \u00e0 Boston : \ud83c\udde8\ud83c\uddf5 Record de France du 3000 m indoor en 7&rsquo;31&Prime;50 (battu depuis par Jimmy Gressier en 7&rsquo;30&Prime;18)<\/p>\n<p>\u27a1\ufe0f 8 f\u00e9vrier \u00e0 New York : \ud83c\uddea\ud83c\uddfa Record d&rsquo;Europe du Mile en salle en 3&rsquo;47&Prime;56 et \ud83c\udde8\ud83c\uddf5 record\u2026 <a href=\"https:\/\/t.co\/6pmbeD6ouc\">pic.twitter.com\/6pmbeD6ouc<\/a><\/p>\n<p>\u2014 STADION (@stadion_actu) <a href=\"https:\/\/twitter.com\/stadion_actu\/status\/1888514259983683983?ref_src=twsrc%5Etfw\">February 9, 2025<\/a><\/p><\/blockquote>\n<p style=\"text-align: justify;\"><script async src=\"https:\/\/platform.twitter.com\/widgets.js\" charset=\"utf-8\"><\/script><\/p>\n<p style=\"text-align: justify;\">Ce qui est encore plus encourageant, c&rsquo;est que la jeunesse sera pr\u00e9sente, et va tenter de se faire une place. On retrouvera notamment <strong>Louey Ouerrat<\/strong> (20 ans), <strong>Paul Anselmini<\/strong> (21 ans), <strong>Yanis Meziane<\/strong> (23 ans) ou m\u00eame <strong>Clara Liberman<\/strong> (24 ans). Pour <strong>Ouerrat<\/strong> et <strong>Liberman,<\/strong> c&rsquo;est d&rsquo;ailleurs la premi\u00e8re s\u00e9lection en \u00e9quipe de France chez les seniors.<\/p>\n<h2 style=\"text-align: justify;\">Des disciplines dans lequelles la France a l&rsquo;habitude de briller<\/h2>\n<p style=\"text-align: justify;\">En dehors du demi-fond, il y a des disciplines dans lesquelles il est r\u00e9current de voir les Tricolores briller, et \u00e0 nouveau, ils devraient jouer devant cette ann\u00e9e. C&rsquo;est notamment le cas sur le 60m haies, masculin comme f\u00e9minin. Chez les dames, <strong>La\u00ebticia Bapt\u00e9<\/strong> s&rsquo;avance m\u00eame en favorite \u00e0 la m\u00e9daille d&rsquo;or. Avec un chrono de 7.76 r\u00e9alis\u00e9 en s\u00e9rie des <a href=\"https:\/\/dicodusport.fr\/blog\/athletisme-programme-et-resultats-championnats-de-france-elite-en-salle-2025\/\"><strong>Championnats de France,<\/strong><\/a> elle se place au 2\u00e8me rang fran\u00e7ais de tous les temps, et surtout, en t\u00eate du bilan europ\u00e9en cette saison.<\/p>\n<ul style=\"text-align: justify;\">\n<li><strong>\u00c0 ce sujet \u2013<span style=\"color: #3366ff;\">\u00a0<span style=\"color: #000080;\"><a style=\"color: #000080;\" href=\"https:\/\/dicodusport.fr\/blog\/athletisme-championnats-deurope-salle-2025-la-selection-francaise-devoilee\/\">Athl\u00e9tisme Championnats d&rsquo;Europe (salle) 2025 : La s\u00e9lection fran\u00e7aise d\u00e9voil\u00e9e<\/a><\/span><\/span><\/strong><\/li>\n<\/ul>\n<p style=\"text-align: justify;\">Chez les messieurs, les haies sont une vraie tradition. Pour ne pas d\u00e9loger \u00e0 la r\u00e8gle, les Championnats de France nous ont livr\u00e9 une belle bataille entre <strong>Wilhem Belocian<\/strong> et <strong>Just Kwaou-Mathey<\/strong>. C&rsquo;est le premier qui l&rsquo;a emport\u00e9, et qui sera la meilleure carte du c\u00f4t\u00e9 d&rsquo;Apeldoorn, lui qui est le troisi\u00e8me Europ\u00e9en cette saison (7.46). Il ne faudra pas enterrer <em>JKM<\/em>, qui revient d&rsquo;une grosse blessure (<a href=\"https:\/\/dicodusport.fr\/blog\/athletisme-jo-2024-just-kwaou-mathey-gravement-blesse-et-forfait-pour-paris\/\"><strong>rupture du tendon d&rsquo;Achille<\/strong><\/a>) qui l&rsquo;avait emp\u00each\u00e9 de participer aux Jeux Olympiques de Paris, et qui semble retrouver son meilleur niveau.<\/p>\n<blockquote class=\"twitter-tweet\">\n<p dir=\"ltr\" lang=\"fr\">\ud83e\udd2f M\u00eame d\u00e9nouement que l&rsquo;an pass\u00e9 !<\/p>\n<p>\ud83e\udd47 Wilhem Belocian (Lille MA) conserve son titre de champion de France Elite du 60 m haies en 7\u00a0\u00bb52, d&rsquo;une courte t\u00eate devant \ud83e\udd48 Just Kwaou-Mathey (Evreux Ac), 2e en 7\u00a0\u00bb53 !<\/p>\n<p>\ud83d\udcbb Les <a href=\"https:\/\/twitter.com\/hashtag\/CFAthl%C3%A9?src=hash&amp;ref_src=twsrc%5Etfw\">#CFAthl\u00e9<\/a> sont \u00e0 revivre sur <a href=\"https:\/\/t.co\/xgXE6U6Tof\">https:\/\/t.co\/xgXE6U6Tof<\/a>. <a href=\"https:\/\/t.co\/pBAmxTqOr5\">pic.twitter.com\/pBAmxTqOr5<\/a><\/p>\n<p>\u2014 FFAthl\u00e9tisme (@FFAthletisme) <a href=\"https:\/\/twitter.com\/FFAthletisme\/status\/1893705551101509940?ref_src=twsrc%5Etfw\">February 23, 2025<\/a><\/p><\/blockquote>\n<p style=\"text-align: justify;\"><script async src=\"https:\/\/platform.twitter.com\/widgets.js\" charset=\"utf-8\"><\/script><\/p>\n<p style=\"text-align: justify;\">Il faudra avoir un \u0153il avis\u00e9 sur les sautoirs pour le saut \u00e0 la perche. L\u00e0 aussi, ce sera plaisant, car les chances sont chez les dames comme les chez les hommes. <strong>Marie-Julie Bonnin<\/strong> reste sur une r\u00e9gularit\u00e9 remarquable \u00e0 4,65 m et plus. Le record de France, qu&rsquo;elle a tent\u00e9 plusieurs fois cet hiver, lui r\u00e9siste encore, mais on l&rsquo;esp\u00e8re plus pour longtemps. Au niveau europ\u00e9en, elle se classe dans le haut du gratin, et pourrait profiter de l&rsquo;absence de la favorite, <strong>Molly Caudery<\/strong>.<\/p>\n<p style=\"text-align: justify;\">Du c\u00f4t\u00e9 de leurs homologues masculins, c&rsquo;est sur les \u00e9paules de <strong>Baptiste Thierry,<\/strong> <strong>Thibaut Collet<\/strong> et <strong>Renaud Lavillenie<\/strong> que seront les espoirs fran\u00e7ais. Eux qui ont tous les trois pass\u00e9 une barre \u00e0 5,91 m, \u00e0 Clermont-Ferrand lors du All Star Perche, et semblent en grande forme. En l&rsquo;absence du recordman du monde (et r\u00e9cemment nouvelle star de la pop), <strong>Mondo Duplantis<\/strong>, les Bleus auront une belle carte \u00e0 jouer. Mais en face, le Grec <strong>Emmanouil Karalis\u00a0<\/strong>semble quand m\u00eame au-dessus du lot apr\u00e8s avoir pass\u00e9 6,02 m, \u00e9galement du c\u00f4t\u00e9 de Clermont, lors du concours le plus relev\u00e9 de l&rsquo;histoire.<\/p>\n<ul style=\"text-align: justify;\">\n<li><strong>\u00c0 ce sujet \u2013\u00a0<a href=\"https:\/\/dicodusport.fr\/blog\/all-star-perche-2025-la-victoire-et-le-record-du-monde-pour-armand-duplantis\/\">All Star Perche 2025 : La victoire et le record du monde pour Armand Duplantis !<\/a><\/strong><\/li>\n<\/ul>\n<h2 style=\"text-align: justify;\">Des surprises envisageables ?<\/h2>\n<p style=\"text-align: justify;\">Hormis tout cela, pourquoi ne pas voir des surprises tomber. Les relais 4x400m tricolores semblent, sur le papier, avoir des \u00e9quipes solides pour viser le podium. Surtout que d\u00e9sormais, nos relais sont bien install\u00e9s au niveau mondial. Ensuite, <strong>C\u00e9lia Perron<\/strong> a de quoi jouer sur le pentathlon. Avec un meilleur 60m haies, et de meilleures sensations au poids, son tout r\u00e9cent record est largement am\u00e9liorable.\u00a0 Les hommes ont aussi de tr\u00e8s belles cartes \u00e0 jouer sur l&rsquo;heptathlon, en particulier<strong> Luc Brewin<\/strong> (5\u00e8me performeur fran\u00e7ais de l&rsquo;histoire).<\/p>\n<p style=\"text-align: justify;\">Du c\u00f4t\u00e9 des sprinteurs, <strong>Allan Lagui<\/strong> (60m), qui a obtenu sa premi\u00e8re cape en \u00e9quipe de France, a r\u00e9alis\u00e9 un beau 6.58, devenant le 6\u00e8me meilleur performeur fran\u00e7ais de tous les temps, ce qui le place en outsider pour ces Championnats d&rsquo;Europe. Tout comme <strong>Melvin Raffin<\/strong> qui a retrouv\u00e9 les 17m (17,05 m \u00e0 Miramas) au triple saut.<\/p>\n","protected":false},"excerpt":{"rendered":"<p>Les chances de l&rsquo;\u00e9quipe de France aux championnats d&rsquo;Europe d&rsquo;athl\u00e9tisme en salle. <\/p>\n","protected":false},"author":89,"featured_media":561034,"comment_status":"open","ping_status":"closed","sticky":false,"template":"","format":"standard","meta":{"_acf_changed":false,"_daextam_enable_autolinks":"1","footnotes":""},"categories":[2308],"tags":[32415,37023,143,10976,16878,14714,24],"class_list":["post-558990","post","type-post","status-publish","format-standard","has-post-thumbnail","hentry","category-athletisme","tag-actu","tag-apeldoorn","tag-athletisme","tag-athletisme-francais","tag-breve","tag-equipe-de-france-dathletisme","tag-sport"],"acf":[],"yoast_head":"<!-- This site is optimized with the Yoast SEO Premium plugin v26.7 (Yoast SEO v26.7) - https:\/\/yoast.com\/wordpress\/plugins\/seo\/ -->\n<title>Athl\u00e9tisme Championnats d&#039;Europe (salle) : Qu&#039;attendre de l&#039;\u00e9quipe de France ?<\/title>\n<meta name=\"description\" content=\"CHAMPIONNATS D&#039;EUROPE D&#039;ATHL\u00c9TISME EN SALLE 2025 - L&#039;\u00e9quipe de France se pr\u00e9sente avec une \u00e9quipe prometteuse de 43 athl\u00e8tes.\" \/>\n<meta name=\"robots\" content=\"index, follow, max-snippet:-1, max-image-preview:large, max-video-preview:-1\" \/>\n<link rel=\"canonical\" href=\"https:\/\/dicodusport.fr\/blog\/athletisme-championnats-deurope-salle-quattendre-de-lequipe-de-france\/\" \/>\n<meta property=\"og:locale\" content=\"fr_FR\" \/>\n<meta property=\"og:type\" content=\"article\" \/>\n<meta property=\"og:title\" content=\"Athl\u00e9tisme Championnats d&#039;Europe (salle) : Qu&#039;attendre de l&#039;\u00e9quipe de France ?\" \/>\n<meta property=\"og:description\" content=\"CHAMPIONNATS D&#039;EUROPE D&#039;ATHL\u00c9TISME EN SALLE 2025 - L&#039;\u00e9quipe de France se pr\u00e9sente avec une \u00e9quipe prometteuse de 43 athl\u00e8tes.\" \/>\n<meta property=\"og:url\" content=\"https:\/\/dicodusport.fr\/blog\/athletisme-championnats-deurope-salle-quattendre-de-lequipe-de-france\/\" \/>\n<meta property=\"og:site_name\" content=\"Dicodusport\" \/>\n<meta property=\"article:publisher\" content=\"https:\/\/www.facebook.com\/dicodusport\" \/>\n<meta property=\"article:published_time\" content=\"2025-03-05T08:00:30+00:00\" \/>\n<meta property=\"article:modified_time\" content=\"2025-03-05T11:29:18+00:00\" \/>\n<meta property=\"og:image\" content=\"https:\/\/dicodusport.fr\/blog\/wp-content\/uploads\/2025\/03\/Athletisme-Championnats-dEurope-salle-Quattendre-de-lequipe-de-France.png\" \/>\n\t<meta property=\"og:image:width\" content=\"1200\" \/>\n\t<meta property=\"og:image:height\" content=\"674\" \/>\n\t<meta property=\"og:image:type\" content=\"image\/png\" \/>\n<meta name=\"author\" content=\"Louka Lesueur\" \/>\n<meta name=\"twitter:card\" content=\"summary_large_image\" \/>\n<meta name=\"twitter:title\" content=\"Athl\u00e9tisme Championnats d&#039;Europe (salle) : Qu&#039;attendre de l&#039;\u00e9quipe de France ?\" \/>\n<meta name=\"twitter:creator\" content=\"@https:\/\/twitter.com\/LNewsSF\" \/>\n<meta name=\"twitter:site\" content=\"@dicodusport\" \/>\n<script type=\"application\/ld+json\" class=\"yoast-schema-graph\">{\"@context\":\"https:\/\/schema.org\",\"@graph\":[{\"@type\":\"NewsArticle\",\"@id\":\"https:\/\/dicodusport.fr\/blog\/athletisme-championnats-deurope-salle-quattendre-de-lequipe-de-france\/#article\",\"isPartOf\":{\"@id\":\"https:\/\/dicodusport.fr\/blog\/athletisme-championnats-deurope-salle-quattendre-de-lequipe-de-france\/\"},\"author\":{\"name\":\"Louka Lesueur\",\"@id\":\"https:\/\/dicodusport.fr\/blog\/#\/schema\/person\/54b6cdccebdfcd5a1036c594aecffc2a\"},\"headline\":\"Athl\u00e9tisme Championnats d&rsquo;Europe (salle) : Qu&rsquo;attendre de l&rsquo;\u00e9quipe de France ?\",\"datePublished\":\"2025-03-05T08:00:30+00:00\",\"dateModified\":\"2025-03-05T11:29:18+00:00\",\"mainEntityOfPage\":{\"@id\":\"https:\/\/dicodusport.fr\/blog\/athletisme-championnats-deurope-salle-quattendre-de-lequipe-de-france\/\"},\"wordCount\":1081,\"commentCount\":0,\"publisher\":{\"@id\":\"https:\/\/dicodusport.fr\/blog\/#organization\"},\"image\":{\"@id\":\"https:\/\/dicodusport.fr\/blog\/athletisme-championnats-deurope-salle-quattendre-de-lequipe-de-france\/#primaryimage\"},\"thumbnailUrl\":\"https:\/\/dicodusport.fr\/blog\/wp-content\/uploads\/2025\/03\/Athletisme-Championnats-dEurope-salle-Quattendre-de-lequipe-de-France.png\",\"keywords\":[\"actu\",\"Apeldoorn\",\"Athl\u00e9tisme\",\"Athl\u00e9tisme fran\u00e7ais\",\"br\u00e8ve\",\"\u00e9quipe de France d'athl\u00e9tisme\",\"sport\"],\"articleSection\":[\"Athl\u00e9tisme\"],\"inLanguage\":\"fr-FR\",\"potentialAction\":[{\"@type\":\"CommentAction\",\"name\":\"Comment\",\"target\":[\"https:\/\/dicodusport.fr\/blog\/athletisme-championnats-deurope-salle-quattendre-de-lequipe-de-france\/#respond\"]}],\"copyrightYear\":\"2025\",\"copyrightHolder\":{\"@id\":\"https:\/\/dicodusport.fr\/blog\/#organization\"}},{\"@type\":\"WebPage\",\"@id\":\"https:\/\/dicodusport.fr\/blog\/athletisme-championnats-deurope-salle-quattendre-de-lequipe-de-france\/\",\"url\":\"https:\/\/dicodusport.fr\/blog\/athletisme-championnats-deurope-salle-quattendre-de-lequipe-de-france\/\",\"name\":\"Athl\u00e9tisme Championnats d'Europe (salle) : Qu'attendre de l'\u00e9quipe de France ?\",\"isPartOf\":{\"@id\":\"https:\/\/dicodusport.fr\/blog\/#website\"},\"primaryImageOfPage\":{\"@id\":\"https:\/\/dicodusport.fr\/blog\/athletisme-championnats-deurope-salle-quattendre-de-lequipe-de-france\/#primaryimage\"},\"image\":{\"@id\":\"https:\/\/dicodusport.fr\/blog\/athletisme-championnats-deurope-salle-quattendre-de-lequipe-de-france\/#primaryimage\"},\"thumbnailUrl\":\"https:\/\/dicodusport.fr\/blog\/wp-content\/uploads\/2025\/03\/Athletisme-Championnats-dEurope-salle-Quattendre-de-lequipe-de-France.png\",\"datePublished\":\"2025-03-05T08:00:30+00:00\",\"dateModified\":\"2025-03-05T11:29:18+00:00\",\"description\":\"CHAMPIONNATS D'EUROPE D'ATHL\u00c9TISME EN SALLE 2025 - L'\u00e9quipe de France se pr\u00e9sente avec une \u00e9quipe prometteuse de 43 athl\u00e8tes.\",\"breadcrumb\":{\"@id\":\"https:\/\/dicodusport.fr\/blog\/athletisme-championnats-deurope-salle-quattendre-de-lequipe-de-france\/#breadcrumb\"},\"inLanguage\":\"fr-FR\",\"potentialAction\":[{\"@type\":\"ReadAction\",\"target\":[\"https:\/\/dicodusport.fr\/blog\/athletisme-championnats-deurope-salle-quattendre-de-lequipe-de-france\/\"]}]},{\"@type\":\"ImageObject\",\"inLanguage\":\"fr-FR\",\"@id\":\"https:\/\/dicodusport.fr\/blog\/athletisme-championnats-deurope-salle-quattendre-de-lequipe-de-france\/#primaryimage\",\"url\":\"https:\/\/dicodusport.fr\/blog\/wp-content\/uploads\/2025\/03\/Athletisme-Championnats-dEurope-salle-Quattendre-de-lequipe-de-France.png\",\"contentUrl\":\"https:\/\/dicodusport.fr\/blog\/wp-content\/uploads\/2025\/03\/Athletisme-Championnats-dEurope-salle-Quattendre-de-lequipe-de-France.png\",\"width\":1200,\"height\":674,\"caption\":\"Athl\u00e9tisme Championnats d'Europe (salle) Qu'attendre de l'\u00e9quipe de France\"},{\"@type\":\"BreadcrumbList\",\"@id\":\"https:\/\/dicodusport.fr\/blog\/athletisme-championnats-deurope-salle-quattendre-de-lequipe-de-france\/#breadcrumb\",\"itemListElement\":[{\"@type\":\"ListItem\",\"position\":1,\"name\":\"Accueil\",\"item\":\"https:\/\/dicodusport.fr\/blog\/\"},{\"@type\":\"ListItem\",\"position\":2,\"name\":\"Athl\u00e9tisme Championnats d&rsquo;Europe (salle) : Qu&rsquo;attendre de l&rsquo;\u00e9quipe de France ?\"}]},{\"@type\":\"WebSite\",\"@id\":\"https:\/\/dicodusport.fr\/blog\/#website\",\"url\":\"https:\/\/dicodusport.fr\/blog\/\",\"name\":\"Dicodusport\",\"description\":\"L&#039;encyclop\u00e9die de l&#039;actualit\u00e9 sportive\",\"publisher\":{\"@id\":\"https:\/\/dicodusport.fr\/blog\/#organization\"},\"potentialAction\":[{\"@type\":\"SearchAction\",\"target\":{\"@type\":\"EntryPoint\",\"urlTemplate\":\"https:\/\/dicodusport.fr\/blog\/?s={search_term_string}\"},\"query-input\":{\"@type\":\"PropertyValueSpecification\",\"valueRequired\":true,\"valueName\":\"search_term_string\"}}],\"inLanguage\":\"fr-FR\"},{\"@type\":\"NewsMediaOrganization\",\"@id\":\"https:\/\/dicodusport.fr\/blog\/#organization\",\"name\":\"Dicodusport\",\"url\":\"https:\/\/dicodusport.fr\/blog\/\",\"logo\":{\"@type\":\"ImageObject\",\"inLanguage\":\"fr-FR\",\"@id\":\"https:\/\/dicodusport.fr\/blog\/#\/schema\/logo\/image\/\",\"url\":\"https:\/\/dicodusport.fr\/blog\/wp-content\/uploads\/2020\/06\/cropped-LOGO-DICODUSPORT-2020-SANS-FOND-SANS-TEXTE.png\",\"contentUrl\":\"https:\/\/dicodusport.fr\/blog\/wp-content\/uploads\/2020\/06\/cropped-LOGO-DICODUSPORT-2020-SANS-FOND-SANS-TEXTE.png\",\"width\":512,\"height\":512,\"caption\":\"Dicodusport\"},\"image\":{\"@id\":\"https:\/\/dicodusport.fr\/blog\/#\/schema\/logo\/image\/\"},\"sameAs\":[\"https:\/\/www.facebook.com\/dicodusport\",\"https:\/\/x.com\/dicodusport\",\"https:\/\/www.instagram.com\/dicodusport\/\",\"https:\/\/www.youtube.com\/channel\/UC7V2KZ5sd3htJivAbA4ZG3w\"],\"description\":\"Dicodusport est l'encyclop\u00e9die de l'actualit\u00e9 sportive.\",\"email\":\"bonjour@dicodusport.fr\",\"legalName\":\"DICODUSPORT\",\"foundingDate\":\"2018-01-14\",\"vatID\":\"FR71834470973\",\"taxID\":\"83447097300043\",\"numberOfEmployees\":{\"@type\":\"QuantitativeValue\",\"minValue\":\"1\",\"maxValue\":\"10\"}},{\"@type\":\"Person\",\"@id\":\"https:\/\/dicodusport.fr\/blog\/#\/schema\/person\/54b6cdccebdfcd5a1036c594aecffc2a\",\"name\":\"Louka Lesueur\",\"image\":{\"@type\":\"ImageObject\",\"inLanguage\":\"fr-FR\",\"@id\":\"https:\/\/dicodusport.fr\/blog\/#\/schema\/person\/image\/\",\"url\":\"https:\/\/dicodusport.fr\/blog\/wp-content\/uploads\/2023\/09\/IMG_2783-150x150.jpeg\",\"contentUrl\":\"https:\/\/dicodusport.fr\/blog\/wp-content\/uploads\/2023\/09\/IMG_2783-150x150.jpeg\",\"caption\":\"Louka Lesueur\"},\"description\":\"Passionn\u00e9 depuis tout petit par les exploits de Bolt, Fourcade, Riner, Lavillenie, Wilkinson, Hirscher. Les \u00e9motions provoqu\u00e9es par le sport ont berc\u00e9 mon enfance et continuent de le faire aujourd'hui. C'est ainsi qu'il m'est arriv\u00e9 de pleurer devant la d\u00e9faite des Bleus face aux Blacks en 2011, ou encore devant le titre olympique de Florent Manaudou \u00e0 Londres. Bien loin de ce milieu professionnel, j'ai os\u00e9 tenter ma chance pour rejoindre l'\u00e9quipe de r\u00e9daction de Dicodusport, et depuis septembre 2023, je tente de retransmettre au mieux les exploits des athl\u00e8tes, tous sports confondus. Grand chauvin, c'est bel et bien sur les sportifs tricolores que je pr\u00e9f\u00e8re \u00e9crire.\",\"sameAs\":[\"https:\/\/x.com\/https:\/\/twitter.com\/LNewsSF\"],\"gender\":\"Homme\",\"worksFor\":\"Louka LESUEUR\",\"url\":\"https:\/\/dicodusport.fr\/blog\/author\/louka-lesueur\/\"}]}<\/script>\n<!-- \/ Yoast SEO Premium plugin. -->","yoast_head_json":{"title":"Athl\u00e9tisme Championnats d'Europe (salle) : Qu'attendre de l'\u00e9quipe de France ?","description":"CHAMPIONNATS D'EUROPE D'ATHL\u00c9TISME EN SALLE 2025 - L'\u00e9quipe de France se pr\u00e9sente avec une \u00e9quipe prometteuse de 43 athl\u00e8tes.","robots":{"index":"index","follow":"follow","max-snippet":"max-snippet:-1","max-image-preview":"max-image-preview:large","max-video-preview":"max-video-preview:-1"},"canonical":"https:\/\/dicodusport.fr\/blog\/athletisme-championnats-deurope-salle-quattendre-de-lequipe-de-france\/","og_locale":"fr_FR","og_type":"article","og_title":"Athl\u00e9tisme Championnats d'Europe (salle) : Qu'attendre de l'\u00e9quipe de France ?","og_description":"CHAMPIONNATS D'EUROPE D'ATHL\u00c9TISME EN SALLE 2025 - L'\u00e9quipe de France se pr\u00e9sente avec une \u00e9quipe prometteuse de 43 athl\u00e8tes.","og_url":"https:\/\/dicodusport.fr\/blog\/athletisme-championnats-deurope-salle-quattendre-de-lequipe-de-france\/","og_site_name":"Dicodusport","article_publisher":"https:\/\/www.facebook.com\/dicodusport","article_published_time":"2025-03-05T08:00:30+00:00","article_modified_time":"2025-03-05T11:29:18+00:00","og_image":[{"width":1200,"height":674,"url":"https:\/\/dicodusport.fr\/blog\/wp-content\/uploads\/2025\/03\/Athletisme-Championnats-dEurope-salle-Quattendre-de-lequipe-de-France.png","type":"image\/png"}],"author":"Louka Lesueur","twitter_card":"summary_large_image","twitter_title":"Athl\u00e9tisme Championnats d'Europe (salle) : Qu'attendre de l'\u00e9quipe de France ?","twitter_creator":"@https:\/\/twitter.com\/LNewsSF","twitter_site":"@dicodusport","schema":{"@context":"https:\/\/schema.org","@graph":[{"@type":"NewsArticle","@id":"https:\/\/dicodusport.fr\/blog\/athletisme-championnats-deurope-salle-quattendre-de-lequipe-de-france\/#article","isPartOf":{"@id":"https:\/\/dicodusport.fr\/blog\/athletisme-championnats-deurope-salle-quattendre-de-lequipe-de-france\/"},"author":{"name":"Louka Lesueur","@id":"https:\/\/dicodusport.fr\/blog\/#\/schema\/person\/54b6cdccebdfcd5a1036c594aecffc2a"},"headline":"Athl\u00e9tisme Championnats d&rsquo;Europe (salle) : Qu&rsquo;attendre de l&rsquo;\u00e9quipe de France ?","datePublished":"2025-03-05T08:00:30+00:00","dateModified":"2025-03-05T11:29:18+00:00","mainEntityOfPage":{"@id":"https:\/\/dicodusport.fr\/blog\/athletisme-championnats-deurope-salle-quattendre-de-lequipe-de-france\/"},"wordCount":1081,"commentCount":0,"publisher":{"@id":"https:\/\/dicodusport.fr\/blog\/#organization"},"image":{"@id":"https:\/\/dicodusport.fr\/blog\/athletisme-championnats-deurope-salle-quattendre-de-lequipe-de-france\/#primaryimage"},"thumbnailUrl":"https:\/\/dicodusport.fr\/blog\/wp-content\/uploads\/2025\/03\/Athletisme-Championnats-dEurope-salle-Quattendre-de-lequipe-de-France.png","keywords":["actu","Apeldoorn","Athl\u00e9tisme","Athl\u00e9tisme fran\u00e7ais","br\u00e8ve","\u00e9quipe de France d'athl\u00e9tisme","sport"],"articleSection":["Athl\u00e9tisme"],"inLanguage":"fr-FR","potentialAction":[{"@type":"CommentAction","name":"Comment","target":["https:\/\/dicodusport.fr\/blog\/athletisme-championnats-deurope-salle-quattendre-de-lequipe-de-france\/#respond"]}],"copyrightYear":"2025","copyrightHolder":{"@id":"https:\/\/dicodusport.fr\/blog\/#organization"}},{"@type":"WebPage","@id":"https:\/\/dicodusport.fr\/blog\/athletisme-championnats-deurope-salle-quattendre-de-lequipe-de-france\/","url":"https:\/\/dicodusport.fr\/blog\/athletisme-championnats-deurope-salle-quattendre-de-lequipe-de-france\/","name":"Athl\u00e9tisme Championnats d'Europe (salle) : Qu'attendre de l'\u00e9quipe de France ?","isPartOf":{"@id":"https:\/\/dicodusport.fr\/blog\/#website"},"primaryImageOfPage":{"@id":"https:\/\/dicodusport.fr\/blog\/athletisme-championnats-deurope-salle-quattendre-de-lequipe-de-france\/#primaryimage"},"image":{"@id":"https:\/\/dicodusport.fr\/blog\/athletisme-championnats-deurope-salle-quattendre-de-lequipe-de-france\/#primaryimage"},"thumbnailUrl":"https:\/\/dicodusport.fr\/blog\/wp-content\/uploads\/2025\/03\/Athletisme-Championnats-dEurope-salle-Quattendre-de-lequipe-de-France.png","datePublished":"2025-03-05T08:00:30+00:00","dateModified":"2025-03-05T11:29:18+00:00","description":"CHAMPIONNATS D'EUROPE D'ATHL\u00c9TISME EN SALLE 2025 - L'\u00e9quipe de France se pr\u00e9sente avec une \u00e9quipe prometteuse de 43 athl\u00e8tes.","breadcrumb":{"@id":"https:\/\/dicodusport.fr\/blog\/athletisme-championnats-deurope-salle-quattendre-de-lequipe-de-france\/#breadcrumb"},"inLanguage":"fr-FR","potentialAction":[{"@type":"ReadAction","target":["https:\/\/dicodusport.fr\/blog\/athletisme-championnats-deurope-salle-quattendre-de-lequipe-de-france\/"]}]},{"@type":"ImageObject","inLanguage":"fr-FR","@id":"https:\/\/dicodusport.fr\/blog\/athletisme-championnats-deurope-salle-quattendre-de-lequipe-de-france\/#primaryimage","url":"https:\/\/dicodusport.fr\/blog\/wp-content\/uploads\/2025\/03\/Athletisme-Championnats-dEurope-salle-Quattendre-de-lequipe-de-France.png","contentUrl":"https:\/\/dicodusport.fr\/blog\/wp-content\/uploads\/2025\/03\/Athletisme-Championnats-dEurope-salle-Quattendre-de-lequipe-de-France.png","width":1200,"height":674,"caption":"Athl\u00e9tisme Championnats d'Europe (salle) Qu'attendre de l'\u00e9quipe de France"},{"@type":"BreadcrumbList","@id":"https:\/\/dicodusport.fr\/blog\/athletisme-championnats-deurope-salle-quattendre-de-lequipe-de-france\/#breadcrumb","itemListElement":[{"@type":"ListItem","position":1,"name":"Accueil","item":"https:\/\/dicodusport.fr\/blog\/"},{"@type":"ListItem","position":2,"name":"Athl\u00e9tisme Championnats d&rsquo;Europe (salle) : Qu&rsquo;attendre de l&rsquo;\u00e9quipe de France ?"}]},{"@type":"WebSite","@id":"https:\/\/dicodusport.fr\/blog\/#website","url":"https:\/\/dicodusport.fr\/blog\/","name":"Dicodusport","description":"L&#039;encyclop\u00e9die de l&#039;actualit\u00e9 sportive","publisher":{"@id":"https:\/\/dicodusport.fr\/blog\/#organization"},"potentialAction":[{"@type":"SearchAction","target":{"@type":"EntryPoint","urlTemplate":"https:\/\/dicodusport.fr\/blog\/?s={search_term_string}"},"query-input":{"@type":"PropertyValueSpecification","valueRequired":true,"valueName":"search_term_string"}}],"inLanguage":"fr-FR"},{"@type":"NewsMediaOrganization","@id":"https:\/\/dicodusport.fr\/blog\/#organization","name":"Dicodusport","url":"https:\/\/dicodusport.fr\/blog\/","logo":{"@type":"ImageObject","inLanguage":"fr-FR","@id":"https:\/\/dicodusport.fr\/blog\/#\/schema\/logo\/image\/","url":"https:\/\/dicodusport.fr\/blog\/wp-content\/uploads\/2020\/06\/cropped-LOGO-DICODUSPORT-2020-SANS-FOND-SANS-TEXTE.png","contentUrl":"https:\/\/dicodusport.fr\/blog\/wp-content\/uploads\/2020\/06\/cropped-LOGO-DICODUSPORT-2020-SANS-FOND-SANS-TEXTE.png","width":512,"height":512,"caption":"Dicodusport"},"image":{"@id":"https:\/\/dicodusport.fr\/blog\/#\/schema\/logo\/image\/"},"sameAs":["https:\/\/www.facebook.com\/dicodusport","https:\/\/x.com\/dicodusport","https:\/\/www.instagram.com\/dicodusport\/","https:\/\/www.youtube.com\/channel\/UC7V2KZ5sd3htJivAbA4ZG3w"],"description":"Dicodusport est l'encyclop\u00e9die de l'actualit\u00e9 sportive.","email":"bonjour@dicodusport.fr","legalName":"DICODUSPORT","foundingDate":"2018-01-14","vatID":"FR71834470973","taxID":"83447097300043","numberOfEmployees":{"@type":"QuantitativeValue","minValue":"1","maxValue":"10"}},{"@type":"Person","@id":"https:\/\/dicodusport.fr\/blog\/#\/schema\/person\/54b6cdccebdfcd5a1036c594aecffc2a","name":"Louka Lesueur","image":{"@type":"ImageObject","inLanguage":"fr-FR","@id":"https:\/\/dicodusport.fr\/blog\/#\/schema\/person\/image\/","url":"https:\/\/dicodusport.fr\/blog\/wp-content\/uploads\/2023\/09\/IMG_2783-150x150.jpeg","contentUrl":"https:\/\/dicodusport.fr\/blog\/wp-content\/uploads\/2023\/09\/IMG_2783-150x150.jpeg","caption":"Louka Lesueur"},"description":"Passionn\u00e9 depuis tout petit par les exploits de Bolt, Fourcade, Riner, Lavillenie, Wilkinson, Hirscher. Les \u00e9motions provoqu\u00e9es par le sport ont berc\u00e9 mon enfance et continuent de le faire aujourd'hui. C'est ainsi qu'il m'est arriv\u00e9 de pleurer devant la d\u00e9faite des Bleus face aux Blacks en 2011, ou encore devant le titre olympique de Florent Manaudou \u00e0 Londres. Bien loin de ce milieu professionnel, j'ai os\u00e9 tenter ma chance pour rejoindre l'\u00e9quipe de r\u00e9daction de Dicodusport, et depuis septembre 2023, je tente de retransmettre au mieux les exploits des athl\u00e8tes, tous sports confondus. Grand chauvin, c'est bel et bien sur les sportifs tricolores que je pr\u00e9f\u00e8re \u00e9crire.","sameAs":["https:\/\/x.com\/https:\/\/twitter.com\/LNewsSF"],"gender":"Homme","worksFor":"Louka LESUEUR","url":"https:\/\/dicodusport.fr\/blog\/author\/louka-lesueur\/"}]}},"_links":{"self":[{"href":"https:\/\/dicodusport.fr\/blog\/wp-json\/wp\/v2\/posts\/558990","targetHints":{"allow":["GET"]}}],"collection":[{"href":"https:\/\/dicodusport.fr\/blog\/wp-json\/wp\/v2\/posts"}],"about":[{"href":"https:\/\/dicodusport.fr\/blog\/wp-json\/wp\/v2\/types\/post"}],"author":[{"embeddable":true,"href":"https:\/\/dicodusport.fr\/blog\/wp-json\/wp\/v2\/users\/89"}],"replies":[{"embeddable":true,"href":"https:\/\/dicodusport.fr\/blog\/wp-json\/wp\/v2\/comments?post=558990"}],"version-history":[{"count":5,"href":"https:\/\/dicodusport.fr\/blog\/wp-json\/wp\/v2\/posts\/558990\/revisions"}],"predecessor-version":[{"id":561351,"href":"https:\/\/dicodusport.fr\/blog\/wp-json\/wp\/v2\/posts\/558990\/revisions\/561351"}],"wp:featuredmedia":[{"embeddable":true,"href":"https:\/\/dicodusport.fr\/blog\/wp-json\/wp\/v2\/media\/561034"}],"wp:attachment":[{"href":"https:\/\/dicodusport.fr\/blog\/wp-json\/wp\/v2\/media?parent=558990"}],"wp:term":[{"taxonomy":"category","embeddable":true,"href":"https:\/\/dicodusport.fr\/blog\/wp-json\/wp\/v2\/categories?post=558990"},{"taxonomy":"post_tag","embeddable":true,"href":"https:\/\/dicodusport.fr\/blog\/wp-json\/wp\/v2\/tags?post=558990"}],"curies":[{"name":"wp","href":"https:\/\/api.w.org\/{rel}","templated":true}]}}