{"id":559026,"date":"2025-02-28T09:00:11","date_gmt":"2025-02-28T08:00:11","guid":{"rendered":"https:\/\/dicodusport.fr\/blog\/?p=559026&#038;preview=true&#038;preview_id=559026"},"modified":"2025-02-27T20:26:09","modified_gmt":"2025-02-27T19:26:09","slug":"all-star-perche-2025-armand-duplantis-chez-renaud-lavillenie","status":"publish","type":"post","link":"https:\/\/dicodusport.fr\/blog\/all-star-perche-2025-armand-duplantis-chez-renaud-lavillenie\/","title":{"rendered":"All Star Perche 2025 : Armand Duplantis chez Renaud Lavillenie"},"content":{"rendered":"<h4 style=\"text-align: justify;\"><em>ATHL\u00c9TISME &#8211; Le All Star Perche 2025 verra les deux stars Renaud Lavillenie et Armand Duplantis se retrouver \u00e0 Clermont. Mais aussi un tr\u00e8s beau concours chez les femmes, qui pourrait voir Marie-Julie Bonnin s&#8217;emparer du record de France.<\/em><\/h4>\n<h2 style=\"text-align: justify;\">Renaud Lavillenie et Mondo Duplantis dans le m\u00eame concours<\/h2>\n<p style=\"text-align: justify;\">C&rsquo;est l&rsquo;\u00e9v\u00e8nement perche de l&rsquo;ann\u00e9e 2025. <strong>Armand Duplantis<\/strong> et <strong>Renaud Lavillenie<\/strong> qui sautent dans le m\u00eame concours. Le recordman du monde (6.26 m) et l&rsquo;ancien recordman du monde (6.16 m) r\u00e9unis ce vendredi soir. Et c&rsquo;est chez le Fran\u00e7ais, au All Star Perche 2025, que cela va se passer. \u00c9videmment, sauf immense exploit du Clermontois ou contre-performance du Su\u00e9dois, le champion olympique 2012 ne gagnera pas ce concours. Mais cela reste un \u00e9v\u00e8nement, car les deux perchistes sont proches. <strong>Renaud Lavillenie<\/strong> a \u00e9t\u00e9 l&rsquo;idole du Su\u00e9dois. Mine de rien, c&rsquo;est aussi la premi\u00e8re ann\u00e9e depuis 2022, o\u00f9 le Fran\u00e7ais, organisateur du concours, s&rsquo;y pr\u00e9sente en \u00e9tat d&rsquo;\u00eatre tr\u00e8s comp\u00e9titif.<\/p>\n<p style=\"text-align: justify;\">Une comp\u00e9titivit\u00e9 n\u00e9e d&rsquo;un bon d\u00e9but de saison. Trois concours \u00e0 5.70 m ou plus, avec cette rentr\u00e9e \u00e0 5.80 m \u00e0 Caen. Et une deuxi\u00e8me place aux championnats de France, le week-end dernier, qui lui assure de retrouver le maillot de l&rsquo;\u00e9quipe de France, pour les championnats d&rsquo;Europe en salle. Et qui peut esp\u00e9rer aller chercher une grosse barre \u00e0 domicile. Face \u00e0 <em>Mondo<\/em>, auteur d&rsquo;un seul concours en 2025. Mais quel concours le 14 f\u00e9vrier dernier, avec une rentr\u00e9e \u00e0 6.10 m. La meilleure de sa carri\u00e8re. Grand favori du concours, il ne participera pas aux championnats d&rsquo;Europe en salle. Mais \u00e0 Clermont, il revient sur un concours auquel il est habitu\u00e9 et dans lequel il avait \u00e9tabli en 2023 un record du monde, avec un bond \u00e0 6.22 m. Pourquoi ne pas de nouveau \u00e9tablir un record du monde ce vendredi ?<\/p>\n<div class=\"vlp-link-container vlp-layout-article\"><a href=\"https:\/\/dicodusport.fr\/blog\/perchxtrem-caen-2025-renaud-lavillenie-attendu-pour-sa-rentree\/\" class=\"vlp-link\" title=\"Perch&#039;Xtrem Caen 2025 : Renaud Lavillenie attendu pour sa rentr\u00e9e\"><\/a><div class=\"vlp-layout-zone-side\"><div class=\"vlp-block-4 vlp-link-image\"><img loading=\"lazy\" decoding=\"async\" style=\"max-width: 792px;\" width=\"792\" height=\"445\" src=\"https:\/\/dicodusport.fr\/blog\/wp-content\/uploads\/2025\/01\/PerchXtrem-Caen-2025-Renaud-Lavillenie-attendu-pour-sa-rentree.png\" class=\"attachment-800x445 size-800x445\" alt=\"Perch&#039;Xtrem Caen 2025 - Renaud Lavillenie attendu pour sa rentr\u00e9e\" srcset=\"https:\/\/dicodusport.fr\/blog\/wp-content\/uploads\/2025\/01\/PerchXtrem-Caen-2025-Renaud-Lavillenie-attendu-pour-sa-rentree.png 1200w, https:\/\/dicodusport.fr\/blog\/wp-content\/uploads\/2025\/01\/PerchXtrem-Caen-2025-Renaud-Lavillenie-attendu-pour-sa-rentree-300x169.png 300w, https:\/\/dicodusport.fr\/blog\/wp-content\/uploads\/2025\/01\/PerchXtrem-Caen-2025-Renaud-Lavillenie-attendu-pour-sa-rentree-1024x575.png 1024w, https:\/\/dicodusport.fr\/blog\/wp-content\/uploads\/2025\/01\/PerchXtrem-Caen-2025-Renaud-Lavillenie-attendu-pour-sa-rentree-768x431.png 768w\" sizes=\"auto, (max-width: 792px) 100vw, 792px\" \/><\/div><\/div><div class=\"vlp-layout-zone-main\"><div class=\"vlp-block-0 vlp-link-title\">Perch'Xtrem Caen 2025 : Renaud Lavillenie attendu pour sa rentr\u00e9e<\/div><div class=\"vlp-block-1 vlp-link-summary\">Renaud Lavillenie attendu pour sa rentr\u00e9e<\/div><div class=\"vlp-block-2 vlp-link-button\">Lire l'article<\/div><div class=\"vlp-block-3 vlp-link-url\">dicodusport.fr<\/div><\/div><\/div>\n<h3>Emmanouil Karalis pour contrarier Mondo ?<\/h3>\n<p style=\"text-align: justify;\">Et si on avait un peu de suspense dans ce concours ? Dit comme cela, cela peut para\u00eetre bizarre. Mais le Grec <strong>Emmanouil Karalis<\/strong> pourrait pousser <strong>Armand Duplantis<\/strong> dans quelques retranchements. Le m\u00e9daill\u00e9 de bronze aux derniers JO franchit les caps les uns apr\u00e8s les autres. Un premier bond \u00e0 6 m\u00e8tres post JO. Un second, le week-end dernier, pour porter son record \u00e0 6.01 m. Au-del\u00e0 de sa performance de pointe, c&rsquo;est surtout sa r\u00e9gularit\u00e9 qui est exceptionnelle. Cinq concours, le moins bon \u00e0 5.85 m pour sa rentr\u00e9e \u00e0 Caen. On sent qu&rsquo;il ma\u00eetrise d\u00e9sormais son sujet sur de hautes altitudes. Pouss\u00e9 par l&rsquo;\u00e9mulation et avec une forme grimpante, cela peut l&rsquo;amener \u00e0 aller chercher plus loin, plus haut. Une barre \u00e0 6.05 m ? Pourquoi pas mieux. Les caps sont franchis.<\/p>\n<p style=\"text-align: justify;\">On retrouvera \u00e9galement <strong>Ersu Sasma<\/strong>, en grande forme \u00e9galement et qui s&rsquo;est attaqu\u00e9 \u00e0 plusieurs reprises \u00e0 6 m\u00e8tres. Mais aussi <strong>Menno Vloon<\/strong>, <b>Kurtis Marschall<\/b>. Et d&rsquo;autres Fran\u00e7ais. Dont le champion de France \u00c9lite en salle <strong>Thibaut Collet.<\/strong> Qui a retrouv\u00e9 les joies des 5.80 m et plus \u00e0 Miramas, avec un bond \u00e0 5.82 m. Il retrouve aussi la salle qui l&rsquo;a vu franchir plus de 5.90 m pour la premi\u00e8re fois de sa carri\u00e8re. C&rsquo;\u00e9tait l&rsquo;an pass\u00e9. Troisi\u00e8me des championnats de France,<strong> Baptiste Thiery<\/strong> peut aussi renouer avec une barre de 5.80 m franchie \u00e0 Caen. Apr\u00e8s une p\u00e9riode plus d\u00e9licate, il a \u00e9t\u00e9 performant \u00e0 Miramas, avec un bond \u00e0 5.70 m. \u00c0 l&rsquo;inverse d&rsquo;<strong>Anthony Ammirati<\/strong>, pass\u00e9 \u00e0 c\u00f4t\u00e9 de ses championnats et qui aura \u00e0 c\u0153ur de prendre sa revanche.<\/p>\n<h2>Jour de record de France pour Marie-Julie Bonnin ?<\/h2>\n<p style=\"text-align: justify;\">Elle tourne autour de ce record de France (4.75 m), sans que la barre reste sur les taquets. Des tentatives parfois tr\u00e8s probantes, mais qui ont pour l&rsquo;heure toutes \u00e9chou\u00e9es pour <strong>Marie-Julie Bonnin<\/strong>, engag\u00e9e au All Star Perche 2025. Sur sept concours, elle a franchi par cinq fois une barre de 4.63 m ou plus. Pour un pire concours \u00e0 4.51 m, quatre centim\u00e8tres au-dessus de son record avant la saison 2024. <a href=\"https:\/\/dicodusport.fr\/blog\/perche-en-or-2025-records-pour-marie-julie-bonnin-et-ersu-sasma\/\">Pour une performance de pointe \u00e0 4.71 m, lors du Perche en Or de Roubaix<\/a>, le 15 f\u00e9vrier dernier. Synonyme de nouveau record personnel. \u00ab\u00a0MJ\u00a0\u00bb s&rsquo;est invit\u00e9 \u00e0 la table des meilleures perchistes europ\u00e9ennes.<\/p>\n<p style=\"text-align: justify;\">Pour elle, Clermont peut devenir le dernier lieu pour aller capitaliser les derniers d\u00e9tails, avant les championnats d&rsquo;Europe. Dont elle peut devenir une s\u00e9rieuse cliente \u00e0 la m\u00e9daille, avec une exp\u00e9rience internationale qui s&rsquo;accumule malgr\u00e9 son jeune \u00e2ge (23 ans). Des d\u00e9tails sous la forme de record de France ? Le dicton dit que quand un perchiste est r\u00e9gulier \u00e0 une barre, c&rsquo;est qu&rsquo;il vaut 10 cm de plus. <a href=\"https:\/\/dicodusport.fr\/blog\/baptiste-thiery-je-me-suis-vite-remotive-apres-les-jo\/\"><strong>Baptiste Thiery<\/strong> nous l&rsquo;a d&rsquo;ailleurs confirm\u00e9<\/a> il y a quelques jours dans l&rsquo;interview que nous lui avons consacr\u00e9e. On l&rsquo;a vu, le Bordelais ne manque pas de r\u00e9gularit\u00e9 en ce moment.<\/p>\n<div class=\"vlp-link-container vlp-layout-article\"><a href=\"https:\/\/dicodusport.fr\/blog\/athletisme-championnats-de-france-en-salle-laeticia-bapte-marie-julie-bonnin-le-resume-de-la-1ere-journee\/\" class=\"vlp-link\" title=\"Athl\u00e9tisme Championnats de France en salle : La\u00ebticia Bapt\u00e9, Marie-Julie Bonnin, le r\u00e9sum\u00e9 de la 1\u00e8re journ\u00e9e\"><\/a><div class=\"vlp-layout-zone-side\"><div class=\"vlp-block-4 vlp-link-image\"><img loading=\"lazy\" decoding=\"async\" style=\"max-width: 792px;\" width=\"792\" height=\"445\" src=\"https:\/\/dicodusport.fr\/blog\/wp-content\/uploads\/2025\/02\/Athletisme-Championnats-de-France-en-salle-Laeticia-Bapte-Marie-Julie-Bonnin-le-resume-de-la-1ere-journee.png\" class=\"attachment-800x445 size-800x445\" alt=\"Athl\u00e9tisme Championnats de France en salle La\u00ebticia Bapt\u00e9, Marie-Julie Bonnin, le r\u00e9sum\u00e9 de la 1\u00e8re journ\u00e9e\" srcset=\"https:\/\/dicodusport.fr\/blog\/wp-content\/uploads\/2025\/02\/Athletisme-Championnats-de-France-en-salle-Laeticia-Bapte-Marie-Julie-Bonnin-le-resume-de-la-1ere-journee.png 1200w, https:\/\/dicodusport.fr\/blog\/wp-content\/uploads\/2025\/02\/Athletisme-Championnats-de-France-en-salle-Laeticia-Bapte-Marie-Julie-Bonnin-le-resume-de-la-1ere-journee-300x169.png 300w, https:\/\/dicodusport.fr\/blog\/wp-content\/uploads\/2025\/02\/Athletisme-Championnats-de-France-en-salle-Laeticia-Bapte-Marie-Julie-Bonnin-le-resume-de-la-1ere-journee-1024x575.png 1024w, https:\/\/dicodusport.fr\/blog\/wp-content\/uploads\/2025\/02\/Athletisme-Championnats-de-France-en-salle-Laeticia-Bapte-Marie-Julie-Bonnin-le-resume-de-la-1ere-journee-768x431.png 768w\" sizes=\"auto, (max-width: 792px) 100vw, 792px\" \/><\/div><\/div><div class=\"vlp-layout-zone-main\"><div class=\"vlp-block-0 vlp-link-title\">Athl\u00e9tisme Championnats de France en salle : La\u00ebticia Bapt\u00e9, Marie-Julie Bonnin, le r\u00e9sum\u00e9 de la 1\u00e8re journ\u00e9e<\/div><div class=\"vlp-block-1 vlp-link-summary\">CHAMPIONNATS DE FRANCE D'ATHL\u00c9TISME EN SALLE 2025 - La premi\u00e8re journ\u00e9e \u00e0 Miramas, a \u00e9t\u00e9 marqu\u00e9e par l'\u00e9norme performance de La\u00ebticia Bapt\u00e9 sur 60m haies, et par la nouvelle tentative de record de France pour Marie-Julie Bonnin \u00e0 la perche. Voici le r\u00e9sum\u00e9 complet.\u00a0<\/div><div class=\"vlp-block-2 vlp-link-button\">Lire l'article<\/div><div class=\"vlp-block-3 vlp-link-url\">dicodusport.fr<\/div><\/div><\/div>\n<h3>Angelica Moser en l\u00e9g\u00e8re favorite<\/h3>\n<p style=\"text-align: justify;\">Et elle ne manquera pas de concurrence, avec la championne d&rsquo;Europe 2024 <strong>Angelica Moser.<\/strong> Qui monte tranquillement en pression dans sa saison. Une rentr\u00e9e \u00e0 4.56 m, le 12 janvier dernier. Puis 4.65 m une semaine plus tard et d\u00e9j\u00e0 4.71 m, le 31 janvier. Une seule sortie en f\u00e9vrier, lors des championnats de Suisse, avec un bond \u00e0 4.72 m. Ce ne serait pas si surprenant de la voir approcher, voire franchir 4.80 m \u00e0 Clermont. L&rsquo;exp\u00e9rience des gros concours parle en sa faveur, comme sa grande progression en 2024. O\u00f9 elle est devenue une perchiste capable d&rsquo;approcher les 4.90 m (4.88 m \u00e0 Monaco).<\/p>\n<p style=\"text-align: justify;\">On se rappelle que le concours femmes 2024 avait \u00e9t\u00e9 tr\u00e8s costaud. <strong>Alysha Newman<\/strong> et <strong>Bridget Williams<\/strong> ayant franchi toutes deux 4.83 m. <strong>Amalie Svabikova<\/strong> a d\u00e9j\u00e0 franchi 4.80 m en carri\u00e8re. La Tch\u00e8que sera \u00e9galement une outsider \u00e0 battre pour \u00ab\u00a0MJ\u00a0\u00bb. Deux europ\u00e9ennes sur sa route ce vendredi soir, comme lors des prochains championnats d&rsquo;Europe. Dont participera <strong>Alix Dehaynain,<\/strong> aussi engag\u00e9e sur le concours.<\/p>\n","protected":false},"excerpt":{"rendered":"<p>Armand Duplantis chez Renaud Lavillenie<\/p>\n","protected":false},"author":83,"featured_media":559680,"comment_status":"open","ping_status":"closed","sticky":false,"template":"","format":"standard","meta":{"_acf_changed":false,"_daextam_enable_autolinks":"1","footnotes":""},"categories":[2308],"tags":[32415,5220,143,16878,32833,1036],"class_list":["post-559026","post","type-post","status-publish","format-standard","has-post-thumbnail","hentry","category-athletisme","tag-actu","tag-armand-duplantis","tag-athletisme","tag-breve","tag-marie-julie-bonnin","tag-renaud-lavillenie"],"acf":[],"yoast_head":"<!-- This site is optimized with the Yoast SEO Premium plugin v26.7 (Yoast SEO v26.7) - https:\/\/yoast.com\/wordpress\/plugins\/seo\/ -->\n<title>All Star Perche 2025 : Armand Duplantis chez Renaud Lavillenie<\/title>\n<meta name=\"description\" content=\"ATHL\u00c9TISME - Le All Star Perche 2025 verra les deux stars Renaud Lavillenie et Armand Duplantis se retrouver \u00e0 Clermont.\" \/>\n<meta name=\"robots\" content=\"index, follow, max-snippet:-1, max-image-preview:large, max-video-preview:-1\" \/>\n<link rel=\"canonical\" href=\"https:\/\/dicodusport.fr\/blog\/all-star-perche-2025-armand-duplantis-chez-renaud-lavillenie\/\" \/>\n<meta property=\"og:locale\" content=\"fr_FR\" \/>\n<meta property=\"og:type\" content=\"article\" \/>\n<meta property=\"og:title\" content=\"All Star Perche 2025 : Armand Duplantis chez Renaud Lavillenie\" \/>\n<meta property=\"og:description\" content=\"ATHL\u00c9TISME - Le All Star Perche 2025 verra les deux stars Renaud Lavillenie et Armand Duplantis se retrouver \u00e0 Clermont.\" \/>\n<meta property=\"og:url\" content=\"https:\/\/dicodusport.fr\/blog\/all-star-perche-2025-armand-duplantis-chez-renaud-lavillenie\/\" \/>\n<meta property=\"og:site_name\" content=\"Dicodusport\" \/>\n<meta property=\"article:publisher\" content=\"https:\/\/www.facebook.com\/dicodusport\" \/>\n<meta property=\"article:published_time\" content=\"2025-02-28T08:00:11+00:00\" \/>\n<meta property=\"og:image\" content=\"https:\/\/dicodusport.fr\/blog\/wp-content\/uploads\/2025\/02\/All-Star-Perche-2025-Armand-Duplantis-chez-Renaud-Lavillenie.png\" \/>\n\t<meta property=\"og:image:width\" content=\"1200\" \/>\n\t<meta property=\"og:image:height\" content=\"674\" \/>\n\t<meta property=\"og:image:type\" content=\"image\/png\" \/>\n<meta name=\"author\" content=\"Etienne Goursaud\" \/>\n<meta name=\"twitter:card\" content=\"summary_large_image\" \/>\n<meta name=\"twitter:title\" content=\"All Star Perche 2025 : Armand Duplantis chez Renaud Lavillenie\" \/>\n<meta name=\"twitter:creator\" content=\"@dicodusport\" \/>\n<meta name=\"twitter:site\" content=\"@dicodusport\" \/>\n<script type=\"application\/ld+json\" class=\"yoast-schema-graph\">{\"@context\":\"https:\/\/schema.org\",\"@graph\":[{\"@type\":\"NewsArticle\",\"@id\":\"https:\/\/dicodusport.fr\/blog\/all-star-perche-2025-armand-duplantis-chez-renaud-lavillenie\/#article\",\"isPartOf\":{\"@id\":\"https:\/\/dicodusport.fr\/blog\/all-star-perche-2025-armand-duplantis-chez-renaud-lavillenie\/\"},\"author\":{\"name\":\"Etienne Goursaud\",\"@id\":\"https:\/\/dicodusport.fr\/blog\/#\/schema\/person\/d603dd7da31fb2b46c82b9835a77ec13\"},\"headline\":\"All Star Perche 2025 : Armand Duplantis chez Renaud Lavillenie\",\"datePublished\":\"2025-02-28T08:00:11+00:00\",\"mainEntityOfPage\":{\"@id\":\"https:\/\/dicodusport.fr\/blog\/all-star-perche-2025-armand-duplantis-chez-renaud-lavillenie\/\"},\"wordCount\":1196,\"commentCount\":0,\"publisher\":{\"@id\":\"https:\/\/dicodusport.fr\/blog\/#organization\"},\"image\":{\"@id\":\"https:\/\/dicodusport.fr\/blog\/all-star-perche-2025-armand-duplantis-chez-renaud-lavillenie\/#primaryimage\"},\"thumbnailUrl\":\"https:\/\/dicodusport.fr\/blog\/wp-content\/uploads\/2025\/02\/All-Star-Perche-2025-Armand-Duplantis-chez-Renaud-Lavillenie.png\",\"keywords\":[\"actu\",\"Armand Duplantis\",\"Athl\u00e9tisme\",\"br\u00e8ve\",\"Marie-Julie Bonnin\",\"renaud lavillenie\"],\"articleSection\":[\"Athl\u00e9tisme\"],\"inLanguage\":\"fr-FR\",\"potentialAction\":[{\"@type\":\"CommentAction\",\"name\":\"Comment\",\"target\":[\"https:\/\/dicodusport.fr\/blog\/all-star-perche-2025-armand-duplantis-chez-renaud-lavillenie\/#respond\"]}],\"copyrightYear\":\"2025\",\"copyrightHolder\":{\"@id\":\"https:\/\/dicodusport.fr\/blog\/#organization\"}},{\"@type\":\"WebPage\",\"@id\":\"https:\/\/dicodusport.fr\/blog\/all-star-perche-2025-armand-duplantis-chez-renaud-lavillenie\/\",\"url\":\"https:\/\/dicodusport.fr\/blog\/all-star-perche-2025-armand-duplantis-chez-renaud-lavillenie\/\",\"name\":\"All Star Perche 2025 : Armand Duplantis chez Renaud Lavillenie\",\"isPartOf\":{\"@id\":\"https:\/\/dicodusport.fr\/blog\/#website\"},\"primaryImageOfPage\":{\"@id\":\"https:\/\/dicodusport.fr\/blog\/all-star-perche-2025-armand-duplantis-chez-renaud-lavillenie\/#primaryimage\"},\"image\":{\"@id\":\"https:\/\/dicodusport.fr\/blog\/all-star-perche-2025-armand-duplantis-chez-renaud-lavillenie\/#primaryimage\"},\"thumbnailUrl\":\"https:\/\/dicodusport.fr\/blog\/wp-content\/uploads\/2025\/02\/All-Star-Perche-2025-Armand-Duplantis-chez-Renaud-Lavillenie.png\",\"datePublished\":\"2025-02-28T08:00:11+00:00\",\"description\":\"ATHL\u00c9TISME - Le All Star Perche 2025 verra les deux stars Renaud Lavillenie et Armand Duplantis se retrouver \u00e0 Clermont.\",\"breadcrumb\":{\"@id\":\"https:\/\/dicodusport.fr\/blog\/all-star-perche-2025-armand-duplantis-chez-renaud-lavillenie\/#breadcrumb\"},\"inLanguage\":\"fr-FR\",\"potentialAction\":[{\"@type\":\"ReadAction\",\"target\":[\"https:\/\/dicodusport.fr\/blog\/all-star-perche-2025-armand-duplantis-chez-renaud-lavillenie\/\"]}]},{\"@type\":\"ImageObject\",\"inLanguage\":\"fr-FR\",\"@id\":\"https:\/\/dicodusport.fr\/blog\/all-star-perche-2025-armand-duplantis-chez-renaud-lavillenie\/#primaryimage\",\"url\":\"https:\/\/dicodusport.fr\/blog\/wp-content\/uploads\/2025\/02\/All-Star-Perche-2025-Armand-Duplantis-chez-Renaud-Lavillenie.png\",\"contentUrl\":\"https:\/\/dicodusport.fr\/blog\/wp-content\/uploads\/2025\/02\/All-Star-Perche-2025-Armand-Duplantis-chez-Renaud-Lavillenie.png\",\"width\":1200,\"height\":674,\"caption\":\"All Star Perche 2025 Armand Duplantis chez Renaud Lavillenie\"},{\"@type\":\"BreadcrumbList\",\"@id\":\"https:\/\/dicodusport.fr\/blog\/all-star-perche-2025-armand-duplantis-chez-renaud-lavillenie\/#breadcrumb\",\"itemListElement\":[{\"@type\":\"ListItem\",\"position\":1,\"name\":\"Accueil\",\"item\":\"https:\/\/dicodusport.fr\/blog\/\"},{\"@type\":\"ListItem\",\"position\":2,\"name\":\"All Star Perche 2025 : Armand Duplantis chez Renaud Lavillenie\"}]},{\"@type\":\"WebSite\",\"@id\":\"https:\/\/dicodusport.fr\/blog\/#website\",\"url\":\"https:\/\/dicodusport.fr\/blog\/\",\"name\":\"Dicodusport\",\"description\":\"L&#039;encyclop\u00e9die de l&#039;actualit\u00e9 sportive\",\"publisher\":{\"@id\":\"https:\/\/dicodusport.fr\/blog\/#organization\"},\"potentialAction\":[{\"@type\":\"SearchAction\",\"target\":{\"@type\":\"EntryPoint\",\"urlTemplate\":\"https:\/\/dicodusport.fr\/blog\/?s={search_term_string}\"},\"query-input\":{\"@type\":\"PropertyValueSpecification\",\"valueRequired\":true,\"valueName\":\"search_term_string\"}}],\"inLanguage\":\"fr-FR\"},{\"@type\":\"NewsMediaOrganization\",\"@id\":\"https:\/\/dicodusport.fr\/blog\/#organization\",\"name\":\"Dicodusport\",\"url\":\"https:\/\/dicodusport.fr\/blog\/\",\"logo\":{\"@type\":\"ImageObject\",\"inLanguage\":\"fr-FR\",\"@id\":\"https:\/\/dicodusport.fr\/blog\/#\/schema\/logo\/image\/\",\"url\":\"https:\/\/dicodusport.fr\/blog\/wp-content\/uploads\/2020\/06\/cropped-LOGO-DICODUSPORT-2020-SANS-FOND-SANS-TEXTE.png\",\"contentUrl\":\"https:\/\/dicodusport.fr\/blog\/wp-content\/uploads\/2020\/06\/cropped-LOGO-DICODUSPORT-2020-SANS-FOND-SANS-TEXTE.png\",\"width\":512,\"height\":512,\"caption\":\"Dicodusport\"},\"image\":{\"@id\":\"https:\/\/dicodusport.fr\/blog\/#\/schema\/logo\/image\/\"},\"sameAs\":[\"https:\/\/www.facebook.com\/dicodusport\",\"https:\/\/x.com\/dicodusport\",\"https:\/\/www.instagram.com\/dicodusport\/\",\"https:\/\/www.youtube.com\/channel\/UC7V2KZ5sd3htJivAbA4ZG3w\"],\"description\":\"Dicodusport est l'encyclop\u00e9die de l'actualit\u00e9 sportive.\",\"email\":\"bonjour@dicodusport.fr\",\"legalName\":\"DICODUSPORT\",\"foundingDate\":\"2018-01-14\",\"vatID\":\"FR71834470973\",\"taxID\":\"83447097300043\",\"numberOfEmployees\":{\"@type\":\"QuantitativeValue\",\"minValue\":\"1\",\"maxValue\":\"10\"}},{\"@type\":\"Person\",\"@id\":\"https:\/\/dicodusport.fr\/blog\/#\/schema\/person\/d603dd7da31fb2b46c82b9835a77ec13\",\"name\":\"Etienne Goursaud\",\"image\":{\"@type\":\"ImageObject\",\"inLanguage\":\"fr-FR\",\"@id\":\"https:\/\/dicodusport.fr\/blog\/#\/schema\/person\/image\/\",\"url\":\"https:\/\/dicodusport.fr\/blog\/wp-content\/uploads\/2023\/12\/410122264_10231602061736049_5565839791558026645_n-150x150.jpg\",\"contentUrl\":\"https:\/\/dicodusport.fr\/blog\/wp-content\/uploads\/2023\/12\/410122264_10231602061736049_5565839791558026645_n-150x150.jpg\",\"caption\":\"Etienne Goursaud\"},\"description\":\"Journaliste et amoureux de sport. Ancien footballeur reconverti athl\u00e8te quand ses muscles le laissent tranquille. \u00c9lev\u00e9 \u00e0 la sauce des exploits de Thomas Voeckler en 2004, du dernier essai de l\u00e9gende de Eunice Barber \u00e0 la longueur lors des championnats du monde d'athl\u00e9tisme de 2003 mais aussi Zidane, Omeyer et Titou Lamaison.\",\"url\":\"https:\/\/dicodusport.fr\/blog\/author\/etienne-goursaud\/\"}]}<\/script>\n<!-- \/ Yoast SEO Premium plugin. -->","yoast_head_json":{"title":"All Star Perche 2025 : Armand Duplantis chez Renaud Lavillenie","description":"ATHL\u00c9TISME - Le All Star Perche 2025 verra les deux stars Renaud Lavillenie et Armand Duplantis se retrouver \u00e0 Clermont.","robots":{"index":"index","follow":"follow","max-snippet":"max-snippet:-1","max-image-preview":"max-image-preview:large","max-video-preview":"max-video-preview:-1"},"canonical":"https:\/\/dicodusport.fr\/blog\/all-star-perche-2025-armand-duplantis-chez-renaud-lavillenie\/","og_locale":"fr_FR","og_type":"article","og_title":"All Star Perche 2025 : Armand Duplantis chez Renaud Lavillenie","og_description":"ATHL\u00c9TISME - Le All Star Perche 2025 verra les deux stars Renaud Lavillenie et Armand Duplantis se retrouver \u00e0 Clermont.","og_url":"https:\/\/dicodusport.fr\/blog\/all-star-perche-2025-armand-duplantis-chez-renaud-lavillenie\/","og_site_name":"Dicodusport","article_publisher":"https:\/\/www.facebook.com\/dicodusport","article_published_time":"2025-02-28T08:00:11+00:00","og_image":[{"width":1200,"height":674,"url":"https:\/\/dicodusport.fr\/blog\/wp-content\/uploads\/2025\/02\/All-Star-Perche-2025-Armand-Duplantis-chez-Renaud-Lavillenie.png","type":"image\/png"}],"author":"Etienne Goursaud","twitter_card":"summary_large_image","twitter_title":"All Star Perche 2025 : Armand Duplantis chez Renaud Lavillenie","twitter_creator":"@dicodusport","twitter_site":"@dicodusport","schema":{"@context":"https:\/\/schema.org","@graph":[{"@type":"NewsArticle","@id":"https:\/\/dicodusport.fr\/blog\/all-star-perche-2025-armand-duplantis-chez-renaud-lavillenie\/#article","isPartOf":{"@id":"https:\/\/dicodusport.fr\/blog\/all-star-perche-2025-armand-duplantis-chez-renaud-lavillenie\/"},"author":{"name":"Etienne Goursaud","@id":"https:\/\/dicodusport.fr\/blog\/#\/schema\/person\/d603dd7da31fb2b46c82b9835a77ec13"},"headline":"All Star Perche 2025 : Armand Duplantis chez Renaud Lavillenie","datePublished":"2025-02-28T08:00:11+00:00","mainEntityOfPage":{"@id":"https:\/\/dicodusport.fr\/blog\/all-star-perche-2025-armand-duplantis-chez-renaud-lavillenie\/"},"wordCount":1196,"commentCount":0,"publisher":{"@id":"https:\/\/dicodusport.fr\/blog\/#organization"},"image":{"@id":"https:\/\/dicodusport.fr\/blog\/all-star-perche-2025-armand-duplantis-chez-renaud-lavillenie\/#primaryimage"},"thumbnailUrl":"https:\/\/dicodusport.fr\/blog\/wp-content\/uploads\/2025\/02\/All-Star-Perche-2025-Armand-Duplantis-chez-Renaud-Lavillenie.png","keywords":["actu","Armand Duplantis","Athl\u00e9tisme","br\u00e8ve","Marie-Julie Bonnin","renaud lavillenie"],"articleSection":["Athl\u00e9tisme"],"inLanguage":"fr-FR","potentialAction":[{"@type":"CommentAction","name":"Comment","target":["https:\/\/dicodusport.fr\/blog\/all-star-perche-2025-armand-duplantis-chez-renaud-lavillenie\/#respond"]}],"copyrightYear":"2025","copyrightHolder":{"@id":"https:\/\/dicodusport.fr\/blog\/#organization"}},{"@type":"WebPage","@id":"https:\/\/dicodusport.fr\/blog\/all-star-perche-2025-armand-duplantis-chez-renaud-lavillenie\/","url":"https:\/\/dicodusport.fr\/blog\/all-star-perche-2025-armand-duplantis-chez-renaud-lavillenie\/","name":"All Star Perche 2025 : Armand Duplantis chez Renaud Lavillenie","isPartOf":{"@id":"https:\/\/dicodusport.fr\/blog\/#website"},"primaryImageOfPage":{"@id":"https:\/\/dicodusport.fr\/blog\/all-star-perche-2025-armand-duplantis-chez-renaud-lavillenie\/#primaryimage"},"image":{"@id":"https:\/\/dicodusport.fr\/blog\/all-star-perche-2025-armand-duplantis-chez-renaud-lavillenie\/#primaryimage"},"thumbnailUrl":"https:\/\/dicodusport.fr\/blog\/wp-content\/uploads\/2025\/02\/All-Star-Perche-2025-Armand-Duplantis-chez-Renaud-Lavillenie.png","datePublished":"2025-02-28T08:00:11+00:00","description":"ATHL\u00c9TISME - Le All Star Perche 2025 verra les deux stars Renaud Lavillenie et Armand Duplantis se retrouver \u00e0 Clermont.","breadcrumb":{"@id":"https:\/\/dicodusport.fr\/blog\/all-star-perche-2025-armand-duplantis-chez-renaud-lavillenie\/#breadcrumb"},"inLanguage":"fr-FR","potentialAction":[{"@type":"ReadAction","target":["https:\/\/dicodusport.fr\/blog\/all-star-perche-2025-armand-duplantis-chez-renaud-lavillenie\/"]}]},{"@type":"ImageObject","inLanguage":"fr-FR","@id":"https:\/\/dicodusport.fr\/blog\/all-star-perche-2025-armand-duplantis-chez-renaud-lavillenie\/#primaryimage","url":"https:\/\/dicodusport.fr\/blog\/wp-content\/uploads\/2025\/02\/All-Star-Perche-2025-Armand-Duplantis-chez-Renaud-Lavillenie.png","contentUrl":"https:\/\/dicodusport.fr\/blog\/wp-content\/uploads\/2025\/02\/All-Star-Perche-2025-Armand-Duplantis-chez-Renaud-Lavillenie.png","width":1200,"height":674,"caption":"All Star Perche 2025 Armand Duplantis chez Renaud Lavillenie"},{"@type":"BreadcrumbList","@id":"https:\/\/dicodusport.fr\/blog\/all-star-perche-2025-armand-duplantis-chez-renaud-lavillenie\/#breadcrumb","itemListElement":[{"@type":"ListItem","position":1,"name":"Accueil","item":"https:\/\/dicodusport.fr\/blog\/"},{"@type":"ListItem","position":2,"name":"All Star Perche 2025 : Armand Duplantis chez Renaud Lavillenie"}]},{"@type":"WebSite","@id":"https:\/\/dicodusport.fr\/blog\/#website","url":"https:\/\/dicodusport.fr\/blog\/","name":"Dicodusport","description":"L&#039;encyclop\u00e9die de l&#039;actualit\u00e9 sportive","publisher":{"@id":"https:\/\/dicodusport.fr\/blog\/#organization"},"potentialAction":[{"@type":"SearchAction","target":{"@type":"EntryPoint","urlTemplate":"https:\/\/dicodusport.fr\/blog\/?s={search_term_string}"},"query-input":{"@type":"PropertyValueSpecification","valueRequired":true,"valueName":"search_term_string"}}],"inLanguage":"fr-FR"},{"@type":"NewsMediaOrganization","@id":"https:\/\/dicodusport.fr\/blog\/#organization","name":"Dicodusport","url":"https:\/\/dicodusport.fr\/blog\/","logo":{"@type":"ImageObject","inLanguage":"fr-FR","@id":"https:\/\/dicodusport.fr\/blog\/#\/schema\/logo\/image\/","url":"https:\/\/dicodusport.fr\/blog\/wp-content\/uploads\/2020\/06\/cropped-LOGO-DICODUSPORT-2020-SANS-FOND-SANS-TEXTE.png","contentUrl":"https:\/\/dicodusport.fr\/blog\/wp-content\/uploads\/2020\/06\/cropped-LOGO-DICODUSPORT-2020-SANS-FOND-SANS-TEXTE.png","width":512,"height":512,"caption":"Dicodusport"},"image":{"@id":"https:\/\/dicodusport.fr\/blog\/#\/schema\/logo\/image\/"},"sameAs":["https:\/\/www.facebook.com\/dicodusport","https:\/\/x.com\/dicodusport","https:\/\/www.instagram.com\/dicodusport\/","https:\/\/www.youtube.com\/channel\/UC7V2KZ5sd3htJivAbA4ZG3w"],"description":"Dicodusport est l'encyclop\u00e9die de l'actualit\u00e9 sportive.","email":"bonjour@dicodusport.fr","legalName":"DICODUSPORT","foundingDate":"2018-01-14","vatID":"FR71834470973","taxID":"83447097300043","numberOfEmployees":{"@type":"QuantitativeValue","minValue":"1","maxValue":"10"}},{"@type":"Person","@id":"https:\/\/dicodusport.fr\/blog\/#\/schema\/person\/d603dd7da31fb2b46c82b9835a77ec13","name":"Etienne Goursaud","image":{"@type":"ImageObject","inLanguage":"fr-FR","@id":"https:\/\/dicodusport.fr\/blog\/#\/schema\/person\/image\/","url":"https:\/\/dicodusport.fr\/blog\/wp-content\/uploads\/2023\/12\/410122264_10231602061736049_5565839791558026645_n-150x150.jpg","contentUrl":"https:\/\/dicodusport.fr\/blog\/wp-content\/uploads\/2023\/12\/410122264_10231602061736049_5565839791558026645_n-150x150.jpg","caption":"Etienne Goursaud"},"description":"Journaliste et amoureux de sport. Ancien footballeur reconverti athl\u00e8te quand ses muscles le laissent tranquille. \u00c9lev\u00e9 \u00e0 la sauce des exploits de Thomas Voeckler en 2004, du dernier essai de l\u00e9gende de Eunice Barber \u00e0 la longueur lors des championnats du monde d'athl\u00e9tisme de 2003 mais aussi Zidane, Omeyer et Titou Lamaison.","url":"https:\/\/dicodusport.fr\/blog\/author\/etienne-goursaud\/"}]}},"_links":{"self":[{"href":"https:\/\/dicodusport.fr\/blog\/wp-json\/wp\/v2\/posts\/559026","targetHints":{"allow":["GET"]}}],"collection":[{"href":"https:\/\/dicodusport.fr\/blog\/wp-json\/wp\/v2\/posts"}],"about":[{"href":"https:\/\/dicodusport.fr\/blog\/wp-json\/wp\/v2\/types\/post"}],"author":[{"embeddable":true,"href":"https:\/\/dicodusport.fr\/blog\/wp-json\/wp\/v2\/users\/83"}],"replies":[{"embeddable":true,"href":"https:\/\/dicodusport.fr\/blog\/wp-json\/wp\/v2\/comments?post=559026"}],"version-history":[{"count":3,"href":"https:\/\/dicodusport.fr\/blog\/wp-json\/wp\/v2\/posts\/559026\/revisions"}],"predecessor-version":[{"id":559681,"href":"https:\/\/dicodusport.fr\/blog\/wp-json\/wp\/v2\/posts\/559026\/revisions\/559681"}],"wp:featuredmedia":[{"embeddable":true,"href":"https:\/\/dicodusport.fr\/blog\/wp-json\/wp\/v2\/media\/559680"}],"wp:attachment":[{"href":"https:\/\/dicodusport.fr\/blog\/wp-json\/wp\/v2\/media?parent=559026"}],"wp:term":[{"taxonomy":"category","embeddable":true,"href":"https:\/\/dicodusport.fr\/blog\/wp-json\/wp\/v2\/categories?post=559026"},{"taxonomy":"post_tag","embeddable":true,"href":"https:\/\/dicodusport.fr\/blog\/wp-json\/wp\/v2\/tags?post=559026"}],"curies":[{"name":"wp","href":"https:\/\/api.w.org\/{rel}","templated":true}]}}