{"id":559027,"date":"2025-02-25T13:53:31","date_gmt":"2025-02-25T12:53:31","guid":{"rendered":"https:\/\/dicodusport.fr\/blog\/?p=559027&#038;preview=true&#038;preview_id=559027"},"modified":"2025-02-25T14:04:53","modified_gmt":"2025-02-25T13:04:53","slug":"xv-de-france-6-nations-la-composition-probable-face-a-lirlande","status":"publish","type":"post","link":"https:\/\/dicodusport.fr\/blog\/xv-de-france-6-nations-la-composition-probable-face-a-lirlande\/","title":{"rendered":"XV de France 6 Nations : La composition probable face \u00e0 l&rsquo;Irlande"},"content":{"rendered":"<h4 style=\"text-align: justify;\"><em>XV DE FRANCE &#8211; Pour le quatri\u00e8me match et le difficile d\u00e9placement en Irlande, le staff des Bleus ajuste sa composition, selon <a href=\"https:\/\/www.rugbyrama.fr\/2025\/02\/25\/6-nations-2025-xv-de-france-romain-ntamack-et-damian-penaud-vers-une-titularisation-en-irlande-les-tendances-de-la-compo-en-irlande-12534172.php\">Rugbyrama<\/a>.<\/em><\/h4>\n<ul style=\"text-align: justify;\">\n<li style=\"text-align: justify;\"><strong>\u00c0 ce sujet\u00a0&#8211; <a href=\"https:\/\/dicodusport.fr\/blog\/classement-tournoi-des-6-nations-2025-hommes\/\">Classement Tournoi des 6 Nations 2025 hommes<\/a><\/strong><\/li>\n<\/ul>\n<p style=\"text-align: justify;\">C&rsquo;est le match crucial des Bleus, s&rsquo;ils veulent conserver une chance de remporter le Tournoi des 6 Nations. Alors que le d\u00e9placement en Irlande se profile dans moins de deux semaines, le staff du XV de France est actuellement en pleine r\u00e9flexion pour la composition, pour affronter le XV du Tr\u00e8fle \u00e0 l&rsquo;Aviva Stadium. Il faut dire que la prestation de certains, lors du <a href=\"https:\/\/dicodusport.fr\/blog\/6-nations-j3-le-xv-de-france-demolit-litalie\/\">tr\u00e8s large succ\u00e8s sur la pelouse de l&rsquo;Italie (73-24)<\/a>, a donn\u00e9 sans doute quelques n\u0153uds au cerveau \u00e0 <strong>Fabien Galthi\u00e9<\/strong>, le s\u00e9lectionneur de cette \u00e9quipe de France.\u00a0 Mais aussi l&rsquo;\u00e9tat de forme de certains.<\/p>\n<ul style=\"text-align: justify;\">\n<li style=\"text-align: justify;\"><strong>\u00c0 ce sujet &#8211; <a href=\"https:\/\/dicodusport.fr\/blog\/calendrier-programme-et-resultats-tournoi-des-6-nations-2025-hommes\/\">Calendrier, programme et r\u00e9sultats Tournoi des 6 Nations 2025 hommes<\/a><\/strong><\/li>\n<\/ul>\n<h2 style=\"text-align: justify;\">Penaud de retour, Meafou dans l&rsquo;attente<\/h2>\n<p style=\"text-align: justify;\">En premier lieu, celui du deuxi\u00e8me ligne toulousain <strong>Emmanuel Meafou<\/strong>. Malade et forfait depuis le deuxi\u00e8me match, il reste le choix prioritaire du s\u00e9lectionneur, toujours selon les informations de nos confr\u00e8res de <em>Rugbyrama<\/em>. Il devrait passer des examens compl\u00e9mentaires en fin de semaine, pour savoir s&rsquo;il est apte \u00e0 jouer. S&rsquo;il n&rsquo;est pas r\u00e9tabli \u00e0 temps,<strong> Micka\u00ebl Guillard<\/strong> pourrait tenir la corde pour une seconde titularisation cons\u00e9cutive, apr\u00e8s <a href=\"https:\/\/dicodusport.fr\/blog\/xv-de-france-dupont-attissogbe-barre-les-notes-des-bleus-face-a-l-italie\/\">un tr\u00e8s bon match contre l&rsquo;Italie<\/a>.<\/p>\n<p style=\"text-align: justify;\">Figurant parmi la liste des joueurs prot\u00e9g\u00e9s par le<strong> XV de France<\/strong> et qui n&rsquo;\u00e9voluera pas le week-end prochain en Top 14, <strong>Romain Ntamack,<\/strong> de retour de suspension, devrait d\u00e9buter au poste d&rsquo;ouvreur. Ce qui devrait renvoyer<strong> Thomas Ramos,<\/strong> titulaire en Italie \u00e0 ce poste, \u00e0 son r\u00f4le d&rsquo;arri\u00e8re. Mis \u00e0 l&rsquo;\u00e9cart lors du d\u00e9placement italien, <strong>Damian Penaud<\/strong> devrait retrouver son aile droite, malgr\u00e9 une bonne prestation de <strong>Th\u00e9o Attissogb\u00e9<\/strong>. En revanche, le flou demeure sur le poste de centre et de num\u00e9ro 13. Le retour <strong>de Ga\u00ebl Fickou<\/strong>, qui n&rsquo;a pas \u00e9t\u00e9 titularis\u00e9 une fois dans le tournoi, pourrait pousser sur le banc un <strong>Pierre-Louis Barassi<\/strong>, quelque peu d\u00e9cevant depuis le d\u00e9but du tournoi. En particulier lors du dernier match.<\/p>\n<h2 style=\"text-align: justify;\">La composition probable du XV de France face \u00e0 l&rsquo;Irlande<\/h2>\n<p style=\"text-align: justify;\">15. Ramos ; 14. Penaud, 13. Barassi ou Fickou, 12. Moefana, 11. Bielle-Biarrey ; 10. Ntamack, 9. Dupont (cap.) ; 7. Boudehent, 8. Alldritt, 6. Cros, 5. Guillard, 4. Flament ; 3. Atonio, 2. Mauvaka, 1. Gros.<\/p>\n<p style=\"text-align: justify;\"><strong>Rempla\u00e7ants :<\/strong> 16. Marchand, 17. Baille, 18. Aldegheri, 19. Roumat, 20. R. Taofifenua, 21. Jegou, 22. Jelonch 23. Le Garrec ou Lucu.<\/p>\n<h2 style=\"text-align: justify;\">\u00c0 ce sujet<\/h2>\n<div class=\"vlp-link-container vlp-layout-article\"><a href=\"https:\/\/dicodusport.fr\/blog\/xv-de-france-top-10-des-joueurs-avec-plus-grand-nombre-points-inscrits\/\" class=\"vlp-link\" title=\"XV de France : Top 10 des joueurs avec le plus grand nombre de points inscrits\"><\/a><div class=\"vlp-layout-zone-side\"><div class=\"vlp-block-4 vlp-link-image\"><img loading=\"lazy\" decoding=\"async\" style=\"max-width: 792px;\" width=\"792\" height=\"445\" src=\"https:\/\/dicodusport.fr\/blog\/wp-content\/uploads\/2025\/02\/XV-de-France-Top-10-des-joueurs-avec-le-plus-grand-nombre-de-points-inscrits.png\" class=\"attachment-800x445 size-800x445\" alt=\"XV de France Top 10 des joueurs avec le plus grand nombre de points inscrits\" srcset=\"https:\/\/dicodusport.fr\/blog\/wp-content\/uploads\/2025\/02\/XV-de-France-Top-10-des-joueurs-avec-le-plus-grand-nombre-de-points-inscrits.png 1200w, https:\/\/dicodusport.fr\/blog\/wp-content\/uploads\/2025\/02\/XV-de-France-Top-10-des-joueurs-avec-le-plus-grand-nombre-de-points-inscrits-300x169.png 300w, https:\/\/dicodusport.fr\/blog\/wp-content\/uploads\/2025\/02\/XV-de-France-Top-10-des-joueurs-avec-le-plus-grand-nombre-de-points-inscrits-1024x575.png 1024w, https:\/\/dicodusport.fr\/blog\/wp-content\/uploads\/2025\/02\/XV-de-France-Top-10-des-joueurs-avec-le-plus-grand-nombre-de-points-inscrits-768x431.png 768w\" sizes=\"auto, (max-width: 792px) 100vw, 792px\" \/><\/div><\/div><div class=\"vlp-layout-zone-main\"><div class=\"vlp-block-0 vlp-link-title\">XV de France : Top 10 des joueurs avec le plus grand nombre de points inscrits<\/div><div class=\"vlp-block-1 vlp-link-summary\">RUGBY - D\u00e9couvrez les 10 joueurs ayant inscrit le plus grand nombre de points avec le XV de France masculin.<\/div><div class=\"vlp-block-2 vlp-link-button\">Lire l'article<\/div><div class=\"vlp-block-3 vlp-link-url\">dicodusport.fr<\/div><\/div><\/div>\n","protected":false},"excerpt":{"rendered":"<p>La composition probable face \u00e0 l&rsquo;Irlande<\/p>\n","protected":false},"author":83,"featured_media":559032,"comment_status":"open","ping_status":"closed","sticky":false,"template":"","format":"standard","meta":{"_acf_changed":false,"_daextam_enable_autolinks":"1","footnotes":""},"categories":[9129,47048,19951],"tags":[32415,16878,7689,23053,1638],"class_list":["post-559027","post","type-post","status-publish","format-standard","has-post-thumbnail","hentry","category-rugby-a-xv","category-tournoi-des-6-nations","category-xv-de-france","tag-actu","tag-breve","tag-damian-penaud","tag-emmanuel-meafou","tag-xv-de-france"],"acf":[],"yoast_head":"<!-- This site is optimized with the Yoast SEO Premium plugin v26.7 (Yoast SEO v26.7) - https:\/\/yoast.com\/wordpress\/plugins\/seo\/ -->\n<title>XV de France 6 Nations : La composition probable face \u00e0 l&#039;Irlande<\/title>\n<meta name=\"description\" content=\"XV DE FRANCE - Pour le quatri\u00e8me match et le difficile d\u00e9placement en Irlande, le staff des Bleus ajuste sa composition, selon Rugbyrama.\" \/>\n<meta name=\"robots\" content=\"index, follow, max-snippet:-1, max-image-preview:large, max-video-preview:-1\" \/>\n<link rel=\"canonical\" href=\"https:\/\/dicodusport.fr\/blog\/xv-de-france-6-nations-la-composition-probable-face-a-lirlande\/\" \/>\n<meta property=\"og:locale\" content=\"fr_FR\" \/>\n<meta property=\"og:type\" content=\"article\" \/>\n<meta property=\"og:title\" content=\"XV de France 6 Nations : La composition probable face \u00e0 l&#039;Irlande\" \/>\n<meta property=\"og:description\" content=\"XV DE FRANCE - Pour le quatri\u00e8me match et le difficile d\u00e9placement en Irlande, le staff des Bleus ajuste sa composition, selon Rugbyrama.\" \/>\n<meta property=\"og:url\" content=\"https:\/\/dicodusport.fr\/blog\/xv-de-france-6-nations-la-composition-probable-face-a-lirlande\/\" \/>\n<meta property=\"og:site_name\" content=\"Dicodusport\" \/>\n<meta property=\"article:publisher\" content=\"https:\/\/www.facebook.com\/dicodusport\" \/>\n<meta property=\"article:published_time\" content=\"2025-02-25T12:53:31+00:00\" \/>\n<meta property=\"article:modified_time\" content=\"2025-02-25T13:04:53+00:00\" \/>\n<meta property=\"og:image\" content=\"https:\/\/dicodusport.fr\/blog\/wp-content\/uploads\/2025\/02\/XV-de-France-6-Nations-La-composition-probable-face-a-lIrlande.png\" \/>\n\t<meta property=\"og:image:width\" content=\"1200\" \/>\n\t<meta property=\"og:image:height\" content=\"674\" \/>\n\t<meta property=\"og:image:type\" content=\"image\/png\" \/>\n<meta name=\"author\" content=\"Etienne Goursaud\" \/>\n<meta name=\"twitter:card\" content=\"summary_large_image\" \/>\n<meta name=\"twitter:title\" content=\"XV de France 6 Nations : La composition probable face \u00e0 l&#039;Irlande\" \/>\n<meta name=\"twitter:creator\" content=\"@dicodusport\" \/>\n<meta name=\"twitter:site\" content=\"@dicodusport\" \/>\n<script type=\"application\/ld+json\" class=\"yoast-schema-graph\">{\"@context\":\"https:\/\/schema.org\",\"@graph\":[{\"@type\":\"NewsArticle\",\"@id\":\"https:\/\/dicodusport.fr\/blog\/xv-de-france-6-nations-la-composition-probable-face-a-lirlande\/#article\",\"isPartOf\":{\"@id\":\"https:\/\/dicodusport.fr\/blog\/xv-de-france-6-nations-la-composition-probable-face-a-lirlande\/\"},\"author\":{\"name\":\"Etienne Goursaud\",\"@id\":\"https:\/\/dicodusport.fr\/blog\/#\/schema\/person\/d603dd7da31fb2b46c82b9835a77ec13\"},\"headline\":\"XV de France 6 Nations : La composition probable face \u00e0 l&rsquo;Irlande\",\"datePublished\":\"2025-02-25T12:53:31+00:00\",\"dateModified\":\"2025-02-25T13:04:53+00:00\",\"mainEntityOfPage\":{\"@id\":\"https:\/\/dicodusport.fr\/blog\/xv-de-france-6-nations-la-composition-probable-face-a-lirlande\/\"},\"wordCount\":502,\"commentCount\":0,\"publisher\":{\"@id\":\"https:\/\/dicodusport.fr\/blog\/#organization\"},\"image\":{\"@id\":\"https:\/\/dicodusport.fr\/blog\/xv-de-france-6-nations-la-composition-probable-face-a-lirlande\/#primaryimage\"},\"thumbnailUrl\":\"https:\/\/dicodusport.fr\/blog\/wp-content\/uploads\/2025\/02\/XV-de-France-6-Nations-La-composition-probable-face-a-lIrlande.png\",\"keywords\":[\"actu\",\"br\u00e8ve\",\"Damian Penaud\",\"Emmanuel Meafou\",\"XV de France\"],\"articleSection\":[\"Rugby \u00e0 XV\",\"Tournoi des 6 Nations\",\"XV de France\"],\"inLanguage\":\"fr-FR\",\"potentialAction\":[{\"@type\":\"CommentAction\",\"name\":\"Comment\",\"target\":[\"https:\/\/dicodusport.fr\/blog\/xv-de-france-6-nations-la-composition-probable-face-a-lirlande\/#respond\"]}],\"copyrightYear\":\"2025\",\"copyrightHolder\":{\"@id\":\"https:\/\/dicodusport.fr\/blog\/#organization\"}},{\"@type\":\"WebPage\",\"@id\":\"https:\/\/dicodusport.fr\/blog\/xv-de-france-6-nations-la-composition-probable-face-a-lirlande\/\",\"url\":\"https:\/\/dicodusport.fr\/blog\/xv-de-france-6-nations-la-composition-probable-face-a-lirlande\/\",\"name\":\"XV de France 6 Nations : La composition probable face \u00e0 l'Irlande\",\"isPartOf\":{\"@id\":\"https:\/\/dicodusport.fr\/blog\/#website\"},\"primaryImageOfPage\":{\"@id\":\"https:\/\/dicodusport.fr\/blog\/xv-de-france-6-nations-la-composition-probable-face-a-lirlande\/#primaryimage\"},\"image\":{\"@id\":\"https:\/\/dicodusport.fr\/blog\/xv-de-france-6-nations-la-composition-probable-face-a-lirlande\/#primaryimage\"},\"thumbnailUrl\":\"https:\/\/dicodusport.fr\/blog\/wp-content\/uploads\/2025\/02\/XV-de-France-6-Nations-La-composition-probable-face-a-lIrlande.png\",\"datePublished\":\"2025-02-25T12:53:31+00:00\",\"dateModified\":\"2025-02-25T13:04:53+00:00\",\"description\":\"XV DE FRANCE - Pour le quatri\u00e8me match et le difficile d\u00e9placement en Irlande, le staff des Bleus ajuste sa composition, selon Rugbyrama.\",\"breadcrumb\":{\"@id\":\"https:\/\/dicodusport.fr\/blog\/xv-de-france-6-nations-la-composition-probable-face-a-lirlande\/#breadcrumb\"},\"inLanguage\":\"fr-FR\",\"potentialAction\":[{\"@type\":\"ReadAction\",\"target\":[\"https:\/\/dicodusport.fr\/blog\/xv-de-france-6-nations-la-composition-probable-face-a-lirlande\/\"]}]},{\"@type\":\"ImageObject\",\"inLanguage\":\"fr-FR\",\"@id\":\"https:\/\/dicodusport.fr\/blog\/xv-de-france-6-nations-la-composition-probable-face-a-lirlande\/#primaryimage\",\"url\":\"https:\/\/dicodusport.fr\/blog\/wp-content\/uploads\/2025\/02\/XV-de-France-6-Nations-La-composition-probable-face-a-lIrlande.png\",\"contentUrl\":\"https:\/\/dicodusport.fr\/blog\/wp-content\/uploads\/2025\/02\/XV-de-France-6-Nations-La-composition-probable-face-a-lIrlande.png\",\"width\":1200,\"height\":674,\"caption\":\"XV de France 6 Nations La composition probable face \u00e0 l'Irlande\"},{\"@type\":\"BreadcrumbList\",\"@id\":\"https:\/\/dicodusport.fr\/blog\/xv-de-france-6-nations-la-composition-probable-face-a-lirlande\/#breadcrumb\",\"itemListElement\":[{\"@type\":\"ListItem\",\"position\":1,\"name\":\"Accueil\",\"item\":\"https:\/\/dicodusport.fr\/blog\/\"},{\"@type\":\"ListItem\",\"position\":2,\"name\":\"XV de France 6 Nations : La composition probable face \u00e0 l&rsquo;Irlande\"}]},{\"@type\":\"WebSite\",\"@id\":\"https:\/\/dicodusport.fr\/blog\/#website\",\"url\":\"https:\/\/dicodusport.fr\/blog\/\",\"name\":\"Dicodusport\",\"description\":\"L&#039;encyclop\u00e9die de l&#039;actualit\u00e9 sportive\",\"publisher\":{\"@id\":\"https:\/\/dicodusport.fr\/blog\/#organization\"},\"potentialAction\":[{\"@type\":\"SearchAction\",\"target\":{\"@type\":\"EntryPoint\",\"urlTemplate\":\"https:\/\/dicodusport.fr\/blog\/?s={search_term_string}\"},\"query-input\":{\"@type\":\"PropertyValueSpecification\",\"valueRequired\":true,\"valueName\":\"search_term_string\"}}],\"inLanguage\":\"fr-FR\"},{\"@type\":\"NewsMediaOrganization\",\"@id\":\"https:\/\/dicodusport.fr\/blog\/#organization\",\"name\":\"Dicodusport\",\"url\":\"https:\/\/dicodusport.fr\/blog\/\",\"logo\":{\"@type\":\"ImageObject\",\"inLanguage\":\"fr-FR\",\"@id\":\"https:\/\/dicodusport.fr\/blog\/#\/schema\/logo\/image\/\",\"url\":\"https:\/\/dicodusport.fr\/blog\/wp-content\/uploads\/2020\/06\/cropped-LOGO-DICODUSPORT-2020-SANS-FOND-SANS-TEXTE.png\",\"contentUrl\":\"https:\/\/dicodusport.fr\/blog\/wp-content\/uploads\/2020\/06\/cropped-LOGO-DICODUSPORT-2020-SANS-FOND-SANS-TEXTE.png\",\"width\":512,\"height\":512,\"caption\":\"Dicodusport\"},\"image\":{\"@id\":\"https:\/\/dicodusport.fr\/blog\/#\/schema\/logo\/image\/\"},\"sameAs\":[\"https:\/\/www.facebook.com\/dicodusport\",\"https:\/\/x.com\/dicodusport\",\"https:\/\/www.instagram.com\/dicodusport\/\",\"https:\/\/www.youtube.com\/channel\/UC7V2KZ5sd3htJivAbA4ZG3w\"],\"description\":\"Dicodusport est l'encyclop\u00e9die de l'actualit\u00e9 sportive.\",\"email\":\"bonjour@dicodusport.fr\",\"legalName\":\"DICODUSPORT\",\"foundingDate\":\"2018-01-14\",\"vatID\":\"FR71834470973\",\"taxID\":\"83447097300043\",\"numberOfEmployees\":{\"@type\":\"QuantitativeValue\",\"minValue\":\"1\",\"maxValue\":\"10\"}},{\"@type\":\"Person\",\"@id\":\"https:\/\/dicodusport.fr\/blog\/#\/schema\/person\/d603dd7da31fb2b46c82b9835a77ec13\",\"name\":\"Etienne Goursaud\",\"image\":{\"@type\":\"ImageObject\",\"inLanguage\":\"fr-FR\",\"@id\":\"https:\/\/dicodusport.fr\/blog\/#\/schema\/person\/image\/\",\"url\":\"https:\/\/dicodusport.fr\/blog\/wp-content\/uploads\/2023\/12\/410122264_10231602061736049_5565839791558026645_n-150x150.jpg\",\"contentUrl\":\"https:\/\/dicodusport.fr\/blog\/wp-content\/uploads\/2023\/12\/410122264_10231602061736049_5565839791558026645_n-150x150.jpg\",\"caption\":\"Etienne Goursaud\"},\"description\":\"Journaliste et amoureux de sport. Ancien footballeur reconverti athl\u00e8te quand ses muscles le laissent tranquille. \u00c9lev\u00e9 \u00e0 la sauce des exploits de Thomas Voeckler en 2004, du dernier essai de l\u00e9gende de Eunice Barber \u00e0 la longueur lors des championnats du monde d'athl\u00e9tisme de 2003 mais aussi Zidane, Omeyer et Titou Lamaison.\",\"url\":\"https:\/\/dicodusport.fr\/blog\/author\/etienne-goursaud\/\"}]}<\/script>\n<!-- \/ Yoast SEO Premium plugin. -->","yoast_head_json":{"title":"XV de France 6 Nations : La composition probable face \u00e0 l'Irlande","description":"XV DE FRANCE - Pour le quatri\u00e8me match et le difficile d\u00e9placement en Irlande, le staff des Bleus ajuste sa composition, selon Rugbyrama.","robots":{"index":"index","follow":"follow","max-snippet":"max-snippet:-1","max-image-preview":"max-image-preview:large","max-video-preview":"max-video-preview:-1"},"canonical":"https:\/\/dicodusport.fr\/blog\/xv-de-france-6-nations-la-composition-probable-face-a-lirlande\/","og_locale":"fr_FR","og_type":"article","og_title":"XV de France 6 Nations : La composition probable face \u00e0 l'Irlande","og_description":"XV DE FRANCE - Pour le quatri\u00e8me match et le difficile d\u00e9placement en Irlande, le staff des Bleus ajuste sa composition, selon Rugbyrama.","og_url":"https:\/\/dicodusport.fr\/blog\/xv-de-france-6-nations-la-composition-probable-face-a-lirlande\/","og_site_name":"Dicodusport","article_publisher":"https:\/\/www.facebook.com\/dicodusport","article_published_time":"2025-02-25T12:53:31+00:00","article_modified_time":"2025-02-25T13:04:53+00:00","og_image":[{"width":1200,"height":674,"url":"https:\/\/dicodusport.fr\/blog\/wp-content\/uploads\/2025\/02\/XV-de-France-6-Nations-La-composition-probable-face-a-lIrlande.png","type":"image\/png"}],"author":"Etienne Goursaud","twitter_card":"summary_large_image","twitter_title":"XV de France 6 Nations : La composition probable face \u00e0 l'Irlande","twitter_creator":"@dicodusport","twitter_site":"@dicodusport","schema":{"@context":"https:\/\/schema.org","@graph":[{"@type":"NewsArticle","@id":"https:\/\/dicodusport.fr\/blog\/xv-de-france-6-nations-la-composition-probable-face-a-lirlande\/#article","isPartOf":{"@id":"https:\/\/dicodusport.fr\/blog\/xv-de-france-6-nations-la-composition-probable-face-a-lirlande\/"},"author":{"name":"Etienne Goursaud","@id":"https:\/\/dicodusport.fr\/blog\/#\/schema\/person\/d603dd7da31fb2b46c82b9835a77ec13"},"headline":"XV de France 6 Nations : La composition probable face \u00e0 l&rsquo;Irlande","datePublished":"2025-02-25T12:53:31+00:00","dateModified":"2025-02-25T13:04:53+00:00","mainEntityOfPage":{"@id":"https:\/\/dicodusport.fr\/blog\/xv-de-france-6-nations-la-composition-probable-face-a-lirlande\/"},"wordCount":502,"commentCount":0,"publisher":{"@id":"https:\/\/dicodusport.fr\/blog\/#organization"},"image":{"@id":"https:\/\/dicodusport.fr\/blog\/xv-de-france-6-nations-la-composition-probable-face-a-lirlande\/#primaryimage"},"thumbnailUrl":"https:\/\/dicodusport.fr\/blog\/wp-content\/uploads\/2025\/02\/XV-de-France-6-Nations-La-composition-probable-face-a-lIrlande.png","keywords":["actu","br\u00e8ve","Damian Penaud","Emmanuel Meafou","XV de France"],"articleSection":["Rugby \u00e0 XV","Tournoi des 6 Nations","XV de France"],"inLanguage":"fr-FR","potentialAction":[{"@type":"CommentAction","name":"Comment","target":["https:\/\/dicodusport.fr\/blog\/xv-de-france-6-nations-la-composition-probable-face-a-lirlande\/#respond"]}],"copyrightYear":"2025","copyrightHolder":{"@id":"https:\/\/dicodusport.fr\/blog\/#organization"}},{"@type":"WebPage","@id":"https:\/\/dicodusport.fr\/blog\/xv-de-france-6-nations-la-composition-probable-face-a-lirlande\/","url":"https:\/\/dicodusport.fr\/blog\/xv-de-france-6-nations-la-composition-probable-face-a-lirlande\/","name":"XV de France 6 Nations : La composition probable face \u00e0 l'Irlande","isPartOf":{"@id":"https:\/\/dicodusport.fr\/blog\/#website"},"primaryImageOfPage":{"@id":"https:\/\/dicodusport.fr\/blog\/xv-de-france-6-nations-la-composition-probable-face-a-lirlande\/#primaryimage"},"image":{"@id":"https:\/\/dicodusport.fr\/blog\/xv-de-france-6-nations-la-composition-probable-face-a-lirlande\/#primaryimage"},"thumbnailUrl":"https:\/\/dicodusport.fr\/blog\/wp-content\/uploads\/2025\/02\/XV-de-France-6-Nations-La-composition-probable-face-a-lIrlande.png","datePublished":"2025-02-25T12:53:31+00:00","dateModified":"2025-02-25T13:04:53+00:00","description":"XV DE FRANCE - Pour le quatri\u00e8me match et le difficile d\u00e9placement en Irlande, le staff des Bleus ajuste sa composition, selon Rugbyrama.","breadcrumb":{"@id":"https:\/\/dicodusport.fr\/blog\/xv-de-france-6-nations-la-composition-probable-face-a-lirlande\/#breadcrumb"},"inLanguage":"fr-FR","potentialAction":[{"@type":"ReadAction","target":["https:\/\/dicodusport.fr\/blog\/xv-de-france-6-nations-la-composition-probable-face-a-lirlande\/"]}]},{"@type":"ImageObject","inLanguage":"fr-FR","@id":"https:\/\/dicodusport.fr\/blog\/xv-de-france-6-nations-la-composition-probable-face-a-lirlande\/#primaryimage","url":"https:\/\/dicodusport.fr\/blog\/wp-content\/uploads\/2025\/02\/XV-de-France-6-Nations-La-composition-probable-face-a-lIrlande.png","contentUrl":"https:\/\/dicodusport.fr\/blog\/wp-content\/uploads\/2025\/02\/XV-de-France-6-Nations-La-composition-probable-face-a-lIrlande.png","width":1200,"height":674,"caption":"XV de France 6 Nations La composition probable face \u00e0 l'Irlande"},{"@type":"BreadcrumbList","@id":"https:\/\/dicodusport.fr\/blog\/xv-de-france-6-nations-la-composition-probable-face-a-lirlande\/#breadcrumb","itemListElement":[{"@type":"ListItem","position":1,"name":"Accueil","item":"https:\/\/dicodusport.fr\/blog\/"},{"@type":"ListItem","position":2,"name":"XV de France 6 Nations : La composition probable face \u00e0 l&rsquo;Irlande"}]},{"@type":"WebSite","@id":"https:\/\/dicodusport.fr\/blog\/#website","url":"https:\/\/dicodusport.fr\/blog\/","name":"Dicodusport","description":"L&#039;encyclop\u00e9die de l&#039;actualit\u00e9 sportive","publisher":{"@id":"https:\/\/dicodusport.fr\/blog\/#organization"},"potentialAction":[{"@type":"SearchAction","target":{"@type":"EntryPoint","urlTemplate":"https:\/\/dicodusport.fr\/blog\/?s={search_term_string}"},"query-input":{"@type":"PropertyValueSpecification","valueRequired":true,"valueName":"search_term_string"}}],"inLanguage":"fr-FR"},{"@type":"NewsMediaOrganization","@id":"https:\/\/dicodusport.fr\/blog\/#organization","name":"Dicodusport","url":"https:\/\/dicodusport.fr\/blog\/","logo":{"@type":"ImageObject","inLanguage":"fr-FR","@id":"https:\/\/dicodusport.fr\/blog\/#\/schema\/logo\/image\/","url":"https:\/\/dicodusport.fr\/blog\/wp-content\/uploads\/2020\/06\/cropped-LOGO-DICODUSPORT-2020-SANS-FOND-SANS-TEXTE.png","contentUrl":"https:\/\/dicodusport.fr\/blog\/wp-content\/uploads\/2020\/06\/cropped-LOGO-DICODUSPORT-2020-SANS-FOND-SANS-TEXTE.png","width":512,"height":512,"caption":"Dicodusport"},"image":{"@id":"https:\/\/dicodusport.fr\/blog\/#\/schema\/logo\/image\/"},"sameAs":["https:\/\/www.facebook.com\/dicodusport","https:\/\/x.com\/dicodusport","https:\/\/www.instagram.com\/dicodusport\/","https:\/\/www.youtube.com\/channel\/UC7V2KZ5sd3htJivAbA4ZG3w"],"description":"Dicodusport est l'encyclop\u00e9die de l'actualit\u00e9 sportive.","email":"bonjour@dicodusport.fr","legalName":"DICODUSPORT","foundingDate":"2018-01-14","vatID":"FR71834470973","taxID":"83447097300043","numberOfEmployees":{"@type":"QuantitativeValue","minValue":"1","maxValue":"10"}},{"@type":"Person","@id":"https:\/\/dicodusport.fr\/blog\/#\/schema\/person\/d603dd7da31fb2b46c82b9835a77ec13","name":"Etienne Goursaud","image":{"@type":"ImageObject","inLanguage":"fr-FR","@id":"https:\/\/dicodusport.fr\/blog\/#\/schema\/person\/image\/","url":"https:\/\/dicodusport.fr\/blog\/wp-content\/uploads\/2023\/12\/410122264_10231602061736049_5565839791558026645_n-150x150.jpg","contentUrl":"https:\/\/dicodusport.fr\/blog\/wp-content\/uploads\/2023\/12\/410122264_10231602061736049_5565839791558026645_n-150x150.jpg","caption":"Etienne Goursaud"},"description":"Journaliste et amoureux de sport. Ancien footballeur reconverti athl\u00e8te quand ses muscles le laissent tranquille. \u00c9lev\u00e9 \u00e0 la sauce des exploits de Thomas Voeckler en 2004, du dernier essai de l\u00e9gende de Eunice Barber \u00e0 la longueur lors des championnats du monde d'athl\u00e9tisme de 2003 mais aussi Zidane, Omeyer et Titou Lamaison.","url":"https:\/\/dicodusport.fr\/blog\/author\/etienne-goursaud\/"}]}},"_links":{"self":[{"href":"https:\/\/dicodusport.fr\/blog\/wp-json\/wp\/v2\/posts\/559027","targetHints":{"allow":["GET"]}}],"collection":[{"href":"https:\/\/dicodusport.fr\/blog\/wp-json\/wp\/v2\/posts"}],"about":[{"href":"https:\/\/dicodusport.fr\/blog\/wp-json\/wp\/v2\/types\/post"}],"author":[{"embeddable":true,"href":"https:\/\/dicodusport.fr\/blog\/wp-json\/wp\/v2\/users\/83"}],"replies":[{"embeddable":true,"href":"https:\/\/dicodusport.fr\/blog\/wp-json\/wp\/v2\/comments?post=559027"}],"version-history":[{"count":4,"href":"https:\/\/dicodusport.fr\/blog\/wp-json\/wp\/v2\/posts\/559027\/revisions"}],"predecessor-version":[{"id":559035,"href":"https:\/\/dicodusport.fr\/blog\/wp-json\/wp\/v2\/posts\/559027\/revisions\/559035"}],"wp:featuredmedia":[{"embeddable":true,"href":"https:\/\/dicodusport.fr\/blog\/wp-json\/wp\/v2\/media\/559032"}],"wp:attachment":[{"href":"https:\/\/dicodusport.fr\/blog\/wp-json\/wp\/v2\/media?parent=559027"}],"wp:term":[{"taxonomy":"category","embeddable":true,"href":"https:\/\/dicodusport.fr\/blog\/wp-json\/wp\/v2\/categories?post=559027"},{"taxonomy":"post_tag","embeddable":true,"href":"https:\/\/dicodusport.fr\/blog\/wp-json\/wp\/v2\/tags?post=559027"}],"curies":[{"name":"wp","href":"https:\/\/api.w.org\/{rel}","templated":true}]}}