{"id":559041,"date":"2025-02-25T15:23:11","date_gmt":"2025-02-25T14:23:11","guid":{"rendered":"https:\/\/dicodusport.fr\/blog\/?p=559041&#038;preview=true&#038;preview_id=559041"},"modified":"2025-02-25T15:23:11","modified_gmt":"2025-02-25T14:23:11","slug":"transferts-josh-tyrell-va-quitter-provence-rugby-pour-un-autre-club-de-pro-d2","status":"publish","type":"post","link":"https:\/\/dicodusport.fr\/blog\/transferts-josh-tyrell-va-quitter-provence-rugby-pour-un-autre-club-de-pro-d2\/","title":{"rendered":"Transferts : Josh Tyrell va quitter Provence Rugby pour un autre club de Pro D2"},"content":{"rendered":"<h4 style=\"text-align: justify;\"><em>TRANSFERTS RUGBY &#8211; Nice continue de se renforcer. Malgr\u00e9 sa probable rel\u00e9gation en fin de saison, le club azur\u00e9en r\u00e9cup\u00e8re l&rsquo;un des meilleurs deuxi\u00e8me ligne de Pro D2, en la personne de Josh Tyrell.\u00a0<\/em><\/h4>\n<p style=\"text-align: justify;\">Amoncellement de talents \u00e0 <strong>Nice<\/strong>. Bons derniers de Pro D2 avec seulement 3 victoires en 21 rencontres, les Azur\u00e9ens vont retrouver le championnat de Nationale dans quelques mois. Mais d&rsquo;ici l\u00e0, les annonces de recrues ne manquent pas. Et le prestige de ces derni\u00e8res non plus. Dernier nom en date : <strong>Josh Tyrell,<\/strong> un des meilleurs deuxi\u00e8me ligne du championnat. \u00c0 34 ans, l&rsquo;international samoan (11 s\u00e9lections), membre de Provence Rugby (2e de Pro D2) et <a href=\"https:\/\/dicodusport.fr\/blog\/transferts-josh-tyrell-quitte-biarritz-mais-reste-en-pro-d2\/\">ancien biarrot<\/a>, va donc rejoindre Nice, selon <em>Rugbyrama<\/em>.<\/p>\n<blockquote class=\"twitter-tweet\">\n<p dir=\"ltr\" lang=\"fr\">Stade Ni\u00e7ois : Josh Tyrell (International Samoan) va s\u2019engager \u00e0 Nice la saison prochaine.<a href=\"https:\/\/t.co\/mf05zaqJYq\">https:\/\/t.co\/mf05zaqJYq<\/a> <a href=\"https:\/\/t.co\/bnumaaGlXo\">pic.twitter.com\/bnumaaGlXo<\/a><\/p>\n<p>\u2014 Infos Prod2 (@InfosProd2) <a href=\"https:\/\/twitter.com\/InfosProd2\/status\/1894383081412300959?ref_src=twsrc%5Etfw\">February 25, 2025<\/a><\/p><\/blockquote>\n<p style=\"text-align: justify;\"><script async src=\"https:\/\/platform.twitter.com\/widgets.js\" charset=\"utf-8\"><\/script><\/p>\n<p style=\"text-align: justify;\">Le capitaine des Fidji <a href=\"https:\/\/dicodusport.fr\/blog\/transferts-waisea-nayacalevu-change-de-club-avant-de-rejoindre-nice\/\"><strong>Waisea Nayacalevu<\/strong><\/a>\u00a0(34 ans, 40 s\u00e9lections) et l\u2019ouvreur gallois <a href=\"https:\/\/dicodusport.fr\/blog\/transferts-le-gallois-owen-williams-signe-en-france\/\"><strong>Owen Williams<\/strong><\/a> (32 ans, 8 s\u00e9lections) se sont d\u00e9j\u00e0 engag\u00e9s pour le <strong>Stade Ni\u00e7ois Rugby<\/strong> la saison prochaine. Des renforts d&rsquo;exp\u00e9rience, qui donnent une \u00e9paisseur suppl\u00e9mentaire au projet ni\u00e7ois.<\/p>\n","protected":false},"excerpt":{"rendered":"<p>TRANSFERTS RUGBY &#8211; Nice continue de se renforcer. Malgr\u00e9 sa probable rel\u00e9gation en fin de saison, le club azur\u00e9en r\u00e9cup\u00e8re l&rsquo;un des meilleurs deuxi\u00e8me ligne de Pro D2, en la personne de Josh Tyrell.\u00a0<\/p>\n","protected":false},"author":88,"featured_media":559048,"comment_status":"open","ping_status":"closed","sticky":false,"template":"","format":"standard","meta":{"_acf_changed":false,"_daextam_enable_autolinks":"1","footnotes":""},"categories":[9129],"tags":[32415,16878,28226,10237],"class_list":["post-559041","post","type-post","status-publish","format-standard","has-post-thumbnail","hentry","category-rugby-a-xv","tag-actu","tag-breve","tag-mercato-rugby","tag-provence-rugby"],"acf":[],"yoast_head":"<!-- This site is optimized with the Yoast SEO Premium plugin v26.7 (Yoast SEO v26.7) - https:\/\/yoast.com\/wordpress\/plugins\/seo\/ -->\n<title>Transferts : Josh Tyrell va quitter Provence Rugby pour un autre club de Pro D2<\/title>\n<meta name=\"description\" content=\"TRANSFERTS RUGBY - Malgr\u00e9 sa probable rel\u00e9gation en fin de saison, Nice r\u00e9cup\u00e8re l&#039;un des meilleurs deuxi\u00e8me ligne de Pro D2, en la personne de Josh Tyrell.\u00a0\" \/>\n<meta name=\"robots\" content=\"index, follow, max-snippet:-1, max-image-preview:large, max-video-preview:-1\" \/>\n<link rel=\"canonical\" href=\"https:\/\/dicodusport.fr\/blog\/transferts-josh-tyrell-va-quitter-provence-rugby-pour-un-autre-club-de-pro-d2\/\" \/>\n<meta property=\"og:locale\" content=\"fr_FR\" \/>\n<meta property=\"og:type\" content=\"article\" \/>\n<meta property=\"og:title\" content=\"Transferts : Josh Tyrell va quitter Provence Rugby pour un autre club de Pro D2\" \/>\n<meta property=\"og:description\" content=\"TRANSFERTS RUGBY - Malgr\u00e9 sa probable rel\u00e9gation en fin de saison, Nice r\u00e9cup\u00e8re l&#039;un des meilleurs deuxi\u00e8me ligne de Pro D2, en la personne de Josh Tyrell.\u00a0\" \/>\n<meta property=\"og:url\" content=\"https:\/\/dicodusport.fr\/blog\/transferts-josh-tyrell-va-quitter-provence-rugby-pour-un-autre-club-de-pro-d2\/\" \/>\n<meta property=\"og:site_name\" content=\"Dicodusport\" \/>\n<meta property=\"article:publisher\" content=\"https:\/\/www.facebook.com\/dicodusport\" \/>\n<meta property=\"article:published_time\" content=\"2025-02-25T14:23:11+00:00\" \/>\n<meta property=\"og:image\" content=\"https:\/\/dicodusport.fr\/blog\/wp-content\/uploads\/2025\/02\/Transferts-Josh-Tyrell-va-quitter-Provence-Rugby-pour-un-autre-club-de-Pro-D2.png\" \/>\n\t<meta property=\"og:image:width\" content=\"1200\" \/>\n\t<meta property=\"og:image:height\" content=\"674\" \/>\n\t<meta property=\"og:image:type\" content=\"image\/png\" \/>\n<meta name=\"author\" content=\"Paul Lalevee\" \/>\n<meta name=\"twitter:card\" content=\"summary_large_image\" \/>\n<meta name=\"twitter:title\" content=\"Transferts : Josh Tyrell va quitter Provence Rugby pour un autre club de Pro D2\" \/>\n<meta name=\"twitter:creator\" content=\"@dicodusport\" \/>\n<meta name=\"twitter:site\" content=\"@dicodusport\" \/>\n<script type=\"application\/ld+json\" class=\"yoast-schema-graph\">{\"@context\":\"https:\/\/schema.org\",\"@graph\":[{\"@type\":\"NewsArticle\",\"@id\":\"https:\/\/dicodusport.fr\/blog\/transferts-josh-tyrell-va-quitter-provence-rugby-pour-un-autre-club-de-pro-d2\/#article\",\"isPartOf\":{\"@id\":\"https:\/\/dicodusport.fr\/blog\/transferts-josh-tyrell-va-quitter-provence-rugby-pour-un-autre-club-de-pro-d2\/\"},\"author\":{\"name\":\"Paul Lalevee\",\"@id\":\"https:\/\/dicodusport.fr\/blog\/#\/schema\/person\/1eaa63dfac40b5e5c47f03a71920c1cd\"},\"headline\":\"Transferts : Josh Tyrell va quitter Provence Rugby pour un autre club de Pro D2\",\"datePublished\":\"2025-02-25T14:23:11+00:00\",\"mainEntityOfPage\":{\"@id\":\"https:\/\/dicodusport.fr\/blog\/transferts-josh-tyrell-va-quitter-provence-rugby-pour-un-autre-club-de-pro-d2\/\"},\"wordCount\":212,\"commentCount\":0,\"publisher\":{\"@id\":\"https:\/\/dicodusport.fr\/blog\/#organization\"},\"image\":{\"@id\":\"https:\/\/dicodusport.fr\/blog\/transferts-josh-tyrell-va-quitter-provence-rugby-pour-un-autre-club-de-pro-d2\/#primaryimage\"},\"thumbnailUrl\":\"https:\/\/dicodusport.fr\/blog\/wp-content\/uploads\/2025\/02\/Transferts-Josh-Tyrell-va-quitter-Provence-Rugby-pour-un-autre-club-de-Pro-D2.png\",\"keywords\":[\"actu\",\"br\u00e8ve\",\"Mercato Rugby\",\"Provence Rugby\"],\"articleSection\":[\"Rugby \u00e0 XV\"],\"inLanguage\":\"fr-FR\",\"potentialAction\":[{\"@type\":\"CommentAction\",\"name\":\"Comment\",\"target\":[\"https:\/\/dicodusport.fr\/blog\/transferts-josh-tyrell-va-quitter-provence-rugby-pour-un-autre-club-de-pro-d2\/#respond\"]}],\"copyrightYear\":\"2025\",\"copyrightHolder\":{\"@id\":\"https:\/\/dicodusport.fr\/blog\/#organization\"}},{\"@type\":\"WebPage\",\"@id\":\"https:\/\/dicodusport.fr\/blog\/transferts-josh-tyrell-va-quitter-provence-rugby-pour-un-autre-club-de-pro-d2\/\",\"url\":\"https:\/\/dicodusport.fr\/blog\/transferts-josh-tyrell-va-quitter-provence-rugby-pour-un-autre-club-de-pro-d2\/\",\"name\":\"Transferts : Josh Tyrell va quitter Provence Rugby pour un autre club de Pro D2\",\"isPartOf\":{\"@id\":\"https:\/\/dicodusport.fr\/blog\/#website\"},\"primaryImageOfPage\":{\"@id\":\"https:\/\/dicodusport.fr\/blog\/transferts-josh-tyrell-va-quitter-provence-rugby-pour-un-autre-club-de-pro-d2\/#primaryimage\"},\"image\":{\"@id\":\"https:\/\/dicodusport.fr\/blog\/transferts-josh-tyrell-va-quitter-provence-rugby-pour-un-autre-club-de-pro-d2\/#primaryimage\"},\"thumbnailUrl\":\"https:\/\/dicodusport.fr\/blog\/wp-content\/uploads\/2025\/02\/Transferts-Josh-Tyrell-va-quitter-Provence-Rugby-pour-un-autre-club-de-Pro-D2.png\",\"datePublished\":\"2025-02-25T14:23:11+00:00\",\"description\":\"TRANSFERTS RUGBY - Malgr\u00e9 sa probable rel\u00e9gation en fin de saison, Nice r\u00e9cup\u00e8re l'un des meilleurs deuxi\u00e8me ligne de Pro D2, en la personne de Josh Tyrell.\u00a0\",\"breadcrumb\":{\"@id\":\"https:\/\/dicodusport.fr\/blog\/transferts-josh-tyrell-va-quitter-provence-rugby-pour-un-autre-club-de-pro-d2\/#breadcrumb\"},\"inLanguage\":\"fr-FR\",\"potentialAction\":[{\"@type\":\"ReadAction\",\"target\":[\"https:\/\/dicodusport.fr\/blog\/transferts-josh-tyrell-va-quitter-provence-rugby-pour-un-autre-club-de-pro-d2\/\"]}]},{\"@type\":\"ImageObject\",\"inLanguage\":\"fr-FR\",\"@id\":\"https:\/\/dicodusport.fr\/blog\/transferts-josh-tyrell-va-quitter-provence-rugby-pour-un-autre-club-de-pro-d2\/#primaryimage\",\"url\":\"https:\/\/dicodusport.fr\/blog\/wp-content\/uploads\/2025\/02\/Transferts-Josh-Tyrell-va-quitter-Provence-Rugby-pour-un-autre-club-de-Pro-D2.png\",\"contentUrl\":\"https:\/\/dicodusport.fr\/blog\/wp-content\/uploads\/2025\/02\/Transferts-Josh-Tyrell-va-quitter-Provence-Rugby-pour-un-autre-club-de-Pro-D2.png\",\"width\":1200,\"height\":674,\"caption\":\"Transferts Josh Tyrell va quitter Provence Rugby pour un autre club de Pro D2\"},{\"@type\":\"BreadcrumbList\",\"@id\":\"https:\/\/dicodusport.fr\/blog\/transferts-josh-tyrell-va-quitter-provence-rugby-pour-un-autre-club-de-pro-d2\/#breadcrumb\",\"itemListElement\":[{\"@type\":\"ListItem\",\"position\":1,\"name\":\"Accueil\",\"item\":\"https:\/\/dicodusport.fr\/blog\/\"},{\"@type\":\"ListItem\",\"position\":2,\"name\":\"Transferts : Josh Tyrell va quitter Provence Rugby pour un autre club de Pro D2\"}]},{\"@type\":\"WebSite\",\"@id\":\"https:\/\/dicodusport.fr\/blog\/#website\",\"url\":\"https:\/\/dicodusport.fr\/blog\/\",\"name\":\"Dicodusport\",\"description\":\"L&#039;encyclop\u00e9die de l&#039;actualit\u00e9 sportive\",\"publisher\":{\"@id\":\"https:\/\/dicodusport.fr\/blog\/#organization\"},\"potentialAction\":[{\"@type\":\"SearchAction\",\"target\":{\"@type\":\"EntryPoint\",\"urlTemplate\":\"https:\/\/dicodusport.fr\/blog\/?s={search_term_string}\"},\"query-input\":{\"@type\":\"PropertyValueSpecification\",\"valueRequired\":true,\"valueName\":\"search_term_string\"}}],\"inLanguage\":\"fr-FR\"},{\"@type\":\"NewsMediaOrganization\",\"@id\":\"https:\/\/dicodusport.fr\/blog\/#organization\",\"name\":\"Dicodusport\",\"url\":\"https:\/\/dicodusport.fr\/blog\/\",\"logo\":{\"@type\":\"ImageObject\",\"inLanguage\":\"fr-FR\",\"@id\":\"https:\/\/dicodusport.fr\/blog\/#\/schema\/logo\/image\/\",\"url\":\"https:\/\/dicodusport.fr\/blog\/wp-content\/uploads\/2020\/06\/cropped-LOGO-DICODUSPORT-2020-SANS-FOND-SANS-TEXTE.png\",\"contentUrl\":\"https:\/\/dicodusport.fr\/blog\/wp-content\/uploads\/2020\/06\/cropped-LOGO-DICODUSPORT-2020-SANS-FOND-SANS-TEXTE.png\",\"width\":512,\"height\":512,\"caption\":\"Dicodusport\"},\"image\":{\"@id\":\"https:\/\/dicodusport.fr\/blog\/#\/schema\/logo\/image\/\"},\"sameAs\":[\"https:\/\/www.facebook.com\/dicodusport\",\"https:\/\/x.com\/dicodusport\",\"https:\/\/www.instagram.com\/dicodusport\/\",\"https:\/\/www.youtube.com\/channel\/UC7V2KZ5sd3htJivAbA4ZG3w\"],\"description\":\"Dicodusport est l'encyclop\u00e9die de l'actualit\u00e9 sportive.\",\"email\":\"bonjour@dicodusport.fr\",\"legalName\":\"DICODUSPORT\",\"foundingDate\":\"2018-01-14\",\"vatID\":\"FR71834470973\",\"taxID\":\"83447097300043\",\"numberOfEmployees\":{\"@type\":\"QuantitativeValue\",\"minValue\":\"1\",\"maxValue\":\"10\"}},{\"@type\":\"Person\",\"@id\":\"https:\/\/dicodusport.fr\/blog\/#\/schema\/person\/1eaa63dfac40b5e5c47f03a71920c1cd\",\"name\":\"Paul Lalevee\",\"image\":{\"@type\":\"ImageObject\",\"inLanguage\":\"fr-FR\",\"@id\":\"https:\/\/dicodusport.fr\/blog\/#\/schema\/person\/image\/\",\"url\":\"https:\/\/dicodusport.fr\/blog\/wp-content\/uploads\/2023\/10\/291154246_1690604071293245_3118259335115946499_n-150x150.jpg\",\"contentUrl\":\"https:\/\/dicodusport.fr\/blog\/wp-content\/uploads\/2023\/10\/291154246_1690604071293245_3118259335115946499_n-150x150.jpg\",\"caption\":\"Paul Lalevee\"},\"description\":\"La bulle Disney pendant le Covid, le Tour 2019, la Coupe du monde 2018. Ces trois \u00e9v\u00e9nements majeurs sont ancr\u00e9s dans ma t\u00eate de fan de sport, n\u00e9gativement ou positivement. Passionn\u00e9 de sport depuis l'enfance, j'ai d\u00e9cid\u00e9 de mettre ma passion de l'\u00e9criture au service de cette premi\u00e8re passion.\",\"url\":\"https:\/\/dicodusport.fr\/blog\/author\/paul-lalevee\/\"}]}<\/script>\n<!-- \/ Yoast SEO Premium plugin. -->","yoast_head_json":{"title":"Transferts : Josh Tyrell va quitter Provence Rugby pour un autre club de Pro D2","description":"TRANSFERTS RUGBY - Malgr\u00e9 sa probable rel\u00e9gation en fin de saison, Nice r\u00e9cup\u00e8re l'un des meilleurs deuxi\u00e8me ligne de Pro D2, en la personne de Josh Tyrell.\u00a0","robots":{"index":"index","follow":"follow","max-snippet":"max-snippet:-1","max-image-preview":"max-image-preview:large","max-video-preview":"max-video-preview:-1"},"canonical":"https:\/\/dicodusport.fr\/blog\/transferts-josh-tyrell-va-quitter-provence-rugby-pour-un-autre-club-de-pro-d2\/","og_locale":"fr_FR","og_type":"article","og_title":"Transferts : Josh Tyrell va quitter Provence Rugby pour un autre club de Pro D2","og_description":"TRANSFERTS RUGBY - Malgr\u00e9 sa probable rel\u00e9gation en fin de saison, Nice r\u00e9cup\u00e8re l'un des meilleurs deuxi\u00e8me ligne de Pro D2, en la personne de Josh Tyrell.\u00a0","og_url":"https:\/\/dicodusport.fr\/blog\/transferts-josh-tyrell-va-quitter-provence-rugby-pour-un-autre-club-de-pro-d2\/","og_site_name":"Dicodusport","article_publisher":"https:\/\/www.facebook.com\/dicodusport","article_published_time":"2025-02-25T14:23:11+00:00","og_image":[{"width":1200,"height":674,"url":"https:\/\/dicodusport.fr\/blog\/wp-content\/uploads\/2025\/02\/Transferts-Josh-Tyrell-va-quitter-Provence-Rugby-pour-un-autre-club-de-Pro-D2.png","type":"image\/png"}],"author":"Paul Lalevee","twitter_card":"summary_large_image","twitter_title":"Transferts : Josh Tyrell va quitter Provence Rugby pour un autre club de Pro D2","twitter_creator":"@dicodusport","twitter_site":"@dicodusport","schema":{"@context":"https:\/\/schema.org","@graph":[{"@type":"NewsArticle","@id":"https:\/\/dicodusport.fr\/blog\/transferts-josh-tyrell-va-quitter-provence-rugby-pour-un-autre-club-de-pro-d2\/#article","isPartOf":{"@id":"https:\/\/dicodusport.fr\/blog\/transferts-josh-tyrell-va-quitter-provence-rugby-pour-un-autre-club-de-pro-d2\/"},"author":{"name":"Paul Lalevee","@id":"https:\/\/dicodusport.fr\/blog\/#\/schema\/person\/1eaa63dfac40b5e5c47f03a71920c1cd"},"headline":"Transferts : Josh Tyrell va quitter Provence Rugby pour un autre club de Pro D2","datePublished":"2025-02-25T14:23:11+00:00","mainEntityOfPage":{"@id":"https:\/\/dicodusport.fr\/blog\/transferts-josh-tyrell-va-quitter-provence-rugby-pour-un-autre-club-de-pro-d2\/"},"wordCount":212,"commentCount":0,"publisher":{"@id":"https:\/\/dicodusport.fr\/blog\/#organization"},"image":{"@id":"https:\/\/dicodusport.fr\/blog\/transferts-josh-tyrell-va-quitter-provence-rugby-pour-un-autre-club-de-pro-d2\/#primaryimage"},"thumbnailUrl":"https:\/\/dicodusport.fr\/blog\/wp-content\/uploads\/2025\/02\/Transferts-Josh-Tyrell-va-quitter-Provence-Rugby-pour-un-autre-club-de-Pro-D2.png","keywords":["actu","br\u00e8ve","Mercato Rugby","Provence Rugby"],"articleSection":["Rugby \u00e0 XV"],"inLanguage":"fr-FR","potentialAction":[{"@type":"CommentAction","name":"Comment","target":["https:\/\/dicodusport.fr\/blog\/transferts-josh-tyrell-va-quitter-provence-rugby-pour-un-autre-club-de-pro-d2\/#respond"]}],"copyrightYear":"2025","copyrightHolder":{"@id":"https:\/\/dicodusport.fr\/blog\/#organization"}},{"@type":"WebPage","@id":"https:\/\/dicodusport.fr\/blog\/transferts-josh-tyrell-va-quitter-provence-rugby-pour-un-autre-club-de-pro-d2\/","url":"https:\/\/dicodusport.fr\/blog\/transferts-josh-tyrell-va-quitter-provence-rugby-pour-un-autre-club-de-pro-d2\/","name":"Transferts : Josh Tyrell va quitter Provence Rugby pour un autre club de Pro D2","isPartOf":{"@id":"https:\/\/dicodusport.fr\/blog\/#website"},"primaryImageOfPage":{"@id":"https:\/\/dicodusport.fr\/blog\/transferts-josh-tyrell-va-quitter-provence-rugby-pour-un-autre-club-de-pro-d2\/#primaryimage"},"image":{"@id":"https:\/\/dicodusport.fr\/blog\/transferts-josh-tyrell-va-quitter-provence-rugby-pour-un-autre-club-de-pro-d2\/#primaryimage"},"thumbnailUrl":"https:\/\/dicodusport.fr\/blog\/wp-content\/uploads\/2025\/02\/Transferts-Josh-Tyrell-va-quitter-Provence-Rugby-pour-un-autre-club-de-Pro-D2.png","datePublished":"2025-02-25T14:23:11+00:00","description":"TRANSFERTS RUGBY - Malgr\u00e9 sa probable rel\u00e9gation en fin de saison, Nice r\u00e9cup\u00e8re l'un des meilleurs deuxi\u00e8me ligne de Pro D2, en la personne de Josh Tyrell.\u00a0","breadcrumb":{"@id":"https:\/\/dicodusport.fr\/blog\/transferts-josh-tyrell-va-quitter-provence-rugby-pour-un-autre-club-de-pro-d2\/#breadcrumb"},"inLanguage":"fr-FR","potentialAction":[{"@type":"ReadAction","target":["https:\/\/dicodusport.fr\/blog\/transferts-josh-tyrell-va-quitter-provence-rugby-pour-un-autre-club-de-pro-d2\/"]}]},{"@type":"ImageObject","inLanguage":"fr-FR","@id":"https:\/\/dicodusport.fr\/blog\/transferts-josh-tyrell-va-quitter-provence-rugby-pour-un-autre-club-de-pro-d2\/#primaryimage","url":"https:\/\/dicodusport.fr\/blog\/wp-content\/uploads\/2025\/02\/Transferts-Josh-Tyrell-va-quitter-Provence-Rugby-pour-un-autre-club-de-Pro-D2.png","contentUrl":"https:\/\/dicodusport.fr\/blog\/wp-content\/uploads\/2025\/02\/Transferts-Josh-Tyrell-va-quitter-Provence-Rugby-pour-un-autre-club-de-Pro-D2.png","width":1200,"height":674,"caption":"Transferts Josh Tyrell va quitter Provence Rugby pour un autre club de Pro D2"},{"@type":"BreadcrumbList","@id":"https:\/\/dicodusport.fr\/blog\/transferts-josh-tyrell-va-quitter-provence-rugby-pour-un-autre-club-de-pro-d2\/#breadcrumb","itemListElement":[{"@type":"ListItem","position":1,"name":"Accueil","item":"https:\/\/dicodusport.fr\/blog\/"},{"@type":"ListItem","position":2,"name":"Transferts : Josh Tyrell va quitter Provence Rugby pour un autre club de Pro D2"}]},{"@type":"WebSite","@id":"https:\/\/dicodusport.fr\/blog\/#website","url":"https:\/\/dicodusport.fr\/blog\/","name":"Dicodusport","description":"L&#039;encyclop\u00e9die de l&#039;actualit\u00e9 sportive","publisher":{"@id":"https:\/\/dicodusport.fr\/blog\/#organization"},"potentialAction":[{"@type":"SearchAction","target":{"@type":"EntryPoint","urlTemplate":"https:\/\/dicodusport.fr\/blog\/?s={search_term_string}"},"query-input":{"@type":"PropertyValueSpecification","valueRequired":true,"valueName":"search_term_string"}}],"inLanguage":"fr-FR"},{"@type":"NewsMediaOrganization","@id":"https:\/\/dicodusport.fr\/blog\/#organization","name":"Dicodusport","url":"https:\/\/dicodusport.fr\/blog\/","logo":{"@type":"ImageObject","inLanguage":"fr-FR","@id":"https:\/\/dicodusport.fr\/blog\/#\/schema\/logo\/image\/","url":"https:\/\/dicodusport.fr\/blog\/wp-content\/uploads\/2020\/06\/cropped-LOGO-DICODUSPORT-2020-SANS-FOND-SANS-TEXTE.png","contentUrl":"https:\/\/dicodusport.fr\/blog\/wp-content\/uploads\/2020\/06\/cropped-LOGO-DICODUSPORT-2020-SANS-FOND-SANS-TEXTE.png","width":512,"height":512,"caption":"Dicodusport"},"image":{"@id":"https:\/\/dicodusport.fr\/blog\/#\/schema\/logo\/image\/"},"sameAs":["https:\/\/www.facebook.com\/dicodusport","https:\/\/x.com\/dicodusport","https:\/\/www.instagram.com\/dicodusport\/","https:\/\/www.youtube.com\/channel\/UC7V2KZ5sd3htJivAbA4ZG3w"],"description":"Dicodusport est l'encyclop\u00e9die de l'actualit\u00e9 sportive.","email":"bonjour@dicodusport.fr","legalName":"DICODUSPORT","foundingDate":"2018-01-14","vatID":"FR71834470973","taxID":"83447097300043","numberOfEmployees":{"@type":"QuantitativeValue","minValue":"1","maxValue":"10"}},{"@type":"Person","@id":"https:\/\/dicodusport.fr\/blog\/#\/schema\/person\/1eaa63dfac40b5e5c47f03a71920c1cd","name":"Paul Lalevee","image":{"@type":"ImageObject","inLanguage":"fr-FR","@id":"https:\/\/dicodusport.fr\/blog\/#\/schema\/person\/image\/","url":"https:\/\/dicodusport.fr\/blog\/wp-content\/uploads\/2023\/10\/291154246_1690604071293245_3118259335115946499_n-150x150.jpg","contentUrl":"https:\/\/dicodusport.fr\/blog\/wp-content\/uploads\/2023\/10\/291154246_1690604071293245_3118259335115946499_n-150x150.jpg","caption":"Paul Lalevee"},"description":"La bulle Disney pendant le Covid, le Tour 2019, la Coupe du monde 2018. Ces trois \u00e9v\u00e9nements majeurs sont ancr\u00e9s dans ma t\u00eate de fan de sport, n\u00e9gativement ou positivement. Passionn\u00e9 de sport depuis l'enfance, j'ai d\u00e9cid\u00e9 de mettre ma passion de l'\u00e9criture au service de cette premi\u00e8re passion.","url":"https:\/\/dicodusport.fr\/blog\/author\/paul-lalevee\/"}]}},"_links":{"self":[{"href":"https:\/\/dicodusport.fr\/blog\/wp-json\/wp\/v2\/posts\/559041","targetHints":{"allow":["GET"]}}],"collection":[{"href":"https:\/\/dicodusport.fr\/blog\/wp-json\/wp\/v2\/posts"}],"about":[{"href":"https:\/\/dicodusport.fr\/blog\/wp-json\/wp\/v2\/types\/post"}],"author":[{"embeddable":true,"href":"https:\/\/dicodusport.fr\/blog\/wp-json\/wp\/v2\/users\/88"}],"replies":[{"embeddable":true,"href":"https:\/\/dicodusport.fr\/blog\/wp-json\/wp\/v2\/comments?post=559041"}],"version-history":[{"count":4,"href":"https:\/\/dicodusport.fr\/blog\/wp-json\/wp\/v2\/posts\/559041\/revisions"}],"predecessor-version":[{"id":559050,"href":"https:\/\/dicodusport.fr\/blog\/wp-json\/wp\/v2\/posts\/559041\/revisions\/559050"}],"wp:featuredmedia":[{"embeddable":true,"href":"https:\/\/dicodusport.fr\/blog\/wp-json\/wp\/v2\/media\/559048"}],"wp:attachment":[{"href":"https:\/\/dicodusport.fr\/blog\/wp-json\/wp\/v2\/media?parent=559041"}],"wp:term":[{"taxonomy":"category","embeddable":true,"href":"https:\/\/dicodusport.fr\/blog\/wp-json\/wp\/v2\/categories?post=559041"},{"taxonomy":"post_tag","embeddable":true,"href":"https:\/\/dicodusport.fr\/blog\/wp-json\/wp\/v2\/tags?post=559041"}],"curies":[{"name":"wp","href":"https:\/\/api.w.org\/{rel}","templated":true}]}}