{"id":559131,"date":"2025-02-25T23:07:55","date_gmt":"2025-02-25T22:07:55","guid":{"rendered":"https:\/\/dicodusport.fr\/blog\/?p=559131&#038;preview=true&#038;preview_id=559131"},"modified":"2025-02-25T23:30:04","modified_gmt":"2025-02-25T22:30:04","slug":"ligue-des-nations-f-la-france-en-tete-de-son-groupe-apres-sa-victoire-contre-lislande","status":"publish","type":"post","link":"https:\/\/dicodusport.fr\/blog\/ligue-des-nations-f-la-france-en-tete-de-son-groupe-apres-sa-victoire-contre-lislande\/","title":{"rendered":"Ligue des Nations (F) : La France en t\u00eate de son groupe apr\u00e8s sa victoire contre l&rsquo;Islande"},"content":{"rendered":"<h4 style=\"text-align: justify;\"><em>LIGUE DES NATIONS F\u00c9MININE DE FOOTBALL &#8211; \u00c0 l\u2019abri avec le break en poche \u00e0 la demi-heure de jeu, les Bleues se sont compliqu\u00e9es les choses, payant parfois leur rel\u00e2chement. Malgr\u00e9 tout, l\u2019\u00e9quipe de France s\u2019impose 3-2 contre l\u2019Islande pour cette 2<sup>\u00e8me<\/sup> journ\u00e9e et prend, seule, la t\u00eate de son groupe. Eug\u00e9nie Le Sommer devient, de son c\u00f4t\u00e9, la joueuse la plus cap\u00e9e de la s\u00e9lection nationale.<\/em><\/h4>\n<p style=\"text-align: justify;\">Pour cette 2<sup>\u00e8me<\/sup> journ\u00e9e de Ligue des Nations, <strong>Laurent Bonadei<\/strong> remettait dans le onze de d\u00e9part quelques joueuses cadres comme <strong>Wendie Renard<\/strong> ou encore <strong>Marie-Antoinette Katoto<\/strong>. <strong>Eug\u00e9nie Le Sommer <\/strong>devait quant \u00e0 elle patienter encore un peu pour devenir seule d\u00e9tentrice du plus grand nombre de s\u00e9lections sous le maillot tricolore. La 199<sup>\u00e8me<\/sup> est arriv\u00e9e \u00e0 une dizaine de minutes du coup de sifflet final, brassard de capitaine au bras.<\/p>\n<blockquote class=\"twitter-tweet\">\n<p dir=\"ltr\" lang=\"fr\">\ud835\udc00\ud835\udc14 \ud835\udc12\ud835\udc0e\ud835\udc0c\ud835\udc0c\ud835\udc04\ud835\udc13 ! \ud83c\udfd4\ufe0f\ud83d\udd1d<br \/>\nAvec sa 1\ufe0f\u20e39\ufe0f\u20e39\ufe0f\u20e3\u00e8me s\u00e9lection ce soir, <a href=\"https:\/\/twitter.com\/ELS_9_FRANCE?ref_src=twsrc%5Etfw\">@ELS_9_FRANCE<\/a> devient \ud835\udddf\ud835\uddd4 \ud835\udddd\ud835\udde2\ud835\udde8\ud835\uddd8\ud835\udde8\ud835\udde6\ud835\uddd8 \ud835\udddf\ud835\uddd4 \ud835\udde3\ud835\udddf\ud835\udde8\ud835\udde6 \ud835\uddd6\ud835\uddd4\ud835\udde3\ud835\uddd8\u0301\ud835\uddd8 \ud835\uddd7\ud835\uddd8 \ud835\udddf\u2019\ud835\udddb\ud835\udddc\ud835\udde6\ud835\udde7\ud835\udde2\ud835\udddc\ud835\udde5\ud835\uddd8 \ud835\uddd7\ud835\udde8 \ud835\uddd9\ud835\udde2\ud835\udde2\ud835\udde7 \ud835\uddd9\ud835\udde5\ud835\uddd4\ud835\udde1\ud835\uddd6\u0327\ud835\uddd4\ud835\udddc\ud835\udde6 ! \ud83c\uddeb\ud83c\uddf7<\/p>\n<p>Exceptionnelle \u2728<a href=\"https:\/\/twitter.com\/hashtag\/FiersdetreBleues?src=hash&amp;ref_src=twsrc%5Etfw\">#FiersdetreBleues<\/a> <a href=\"https:\/\/twitter.com\/hashtag\/FRAISL?src=hash&amp;ref_src=twsrc%5Etfw\">#FRAISL<\/a> <a href=\"https:\/\/t.co\/LpeoXEfUBB\">pic.twitter.com\/LpeoXEfUBB<\/a><\/p>\n<p>\u2014 Equipe de France F\u00e9minine (@equipedefranceF) <a href=\"https:\/\/twitter.com\/equipedefranceF\/status\/1894506209102770539?ref_src=twsrc%5Etfw\">February 25, 2025<\/a><\/p><\/blockquote>\n<p><script async src=\"https:\/\/platform.twitter.com\/widgets.js\" charset=\"utf-8\"><\/script><\/p>\n<h2 style=\"text-align: justify;\">Un avantage bienvenu<\/h2>\n<p style=\"text-align: justify;\">Malgr\u00e9 une nette domination fran\u00e7aise, le verrou adverse reste longtemps ferm\u00e9. Le bloc d\u00e9fensif islandais tient le coup, mais l\u2019attaque ne voit en revanche, pas la couleur du cuir. Celui-ci vit dans les pieds tricolores qui le r\u00e9cup\u00e8rent rapidement gr\u00e2ce \u00e0 un pressing intense. C\u2019est cette agressivit\u00e9 qui permet \u00e0 <strong>Sakina Karchaoui<\/strong> de tenter sa chance d\u00e8s la 2<sup>\u00e8me<\/sup> minute, sans r\u00e9ussite, ou encore \u00e0 <strong>Kadidiatou Diani<\/strong> d\u2019ouvrir la marque. Sous pression, <strong>Runarsdottir<\/strong> relance dans les pieds de <strong>Geyoro<\/strong>. La frappe de la Parisienne est repouss\u00e9e par la gardienne islandaise sur l\u2019attaquante lyonnaise qui croch\u00e8te la d\u00e9fense et ouvre parfaitement son pied (24\u2032).<\/p>\n<p style=\"text-align: justify;\">Diani porte ainsi son compteur \u00e0 30 buts en \u00e9quipe de France. Comptez-en 7 de plus pour <strong>Marie-Antoinette Katoto<\/strong> qui n\u2019a pas tard\u00e9 \u00e0 doubler la mise. Sur un magnifique mouvement collectif et une passe d\u00e9cisive tout aussi belle de Karchaoui, Katoto ne laisse aucune chance \u00e0 Runarsdottir. La fra\u00eecheur s\u2019installe cependant au Mans peu avant la pause. <strong>Selma Bacha<\/strong> d\u00e9vie dans ses buts un coup franc de <strong>Vilhjalmsdottir<\/strong>, qui se rattrape apr\u00e8s avoir manqu\u00e9 une grosse occasion quelques instants plus t\u00f4t sur un contre islandais.<\/p>\n<blockquote class=\"twitter-tweet\">\n<p dir=\"ltr\" lang=\"fr\">\ud835\udddf\ud835\uddf2\ud835\ude00 \ud835\uddd5\ud835\uddf9\ud835\uddf2\ud835\ude02\ud835\uddf2\ud835\ude00 \ud835\uddfa\ud835\uddf2\u0300\ud835\uddfb\ud835\uddf2\ud835\uddfb\ud835\ude01 \ud835\uddee\u0300 \ud835\uddf9\ud835\uddee \ud835\uddfd\ud835\uddee\ud835\ude02\ud835\ude00\ud835\uddf2 \u23f8\ufe0f\ud83d\udcaa<\/p>\n<p>On revient avec la m\u00eame determination dans 15min !<a href=\"https:\/\/twitter.com\/hashtag\/FRAISL?src=hash&amp;ref_src=twsrc%5Etfw\">#FRAISL<\/a> I <a href=\"https:\/\/twitter.com\/hashtag\/FiersdetreBleues?src=hash&amp;ref_src=twsrc%5Etfw\">#FiersdetreBleues<\/a> <a href=\"https:\/\/t.co\/Y0ftGRdkRz\">pic.twitter.com\/Y0ftGRdkRz<\/a><\/p>\n<p>\u2014 Equipe de France F\u00e9minine (@equipedefranceF) <a href=\"https:\/\/twitter.com\/equipedefranceF\/status\/1894492942837960952?ref_src=twsrc%5Etfw\">February 25, 2025<\/a><\/p><\/blockquote>\n<p><script async src=\"https:\/\/platform.twitter.com\/widgets.js\" charset=\"utf-8\"><\/script><\/p>\n<h2 style=\"text-align: justify;\">\u00a0Les Bleues en t\u00eate de leur groupe, Eug\u00e9nie Le Sommer au sommet<\/h2>\n<p style=\"text-align: justify;\">Plus entreprenantes, les Islandaises font tourner la gonfle, mais \u00e7a reste st\u00e9rile. <strong>Jonsdottir<\/strong> est id\u00e9alement couverte par <strong>Wendie Renard<\/strong> dans la profondeur, et ce sont encore les Bleues qui se montrent les plus dangereuses devant les cages. <strong>Kadidiatou Diani<\/strong> se heurte \u00e0 une transversale du doubl\u00e9 \u00e0 l\u2019heure de jeu, mais moins de cinq minutes plus tard, <strong>Sandy Baltimore<\/strong> refait le break. Une bonne action entach\u00e9e n\u00e9anmoins par la r\u00e9duction du score imm\u00e9diate de <strong>Sigurdardottir<\/strong>. Comme souvent, les Bleues paient une baisse de concentration.<\/p>\n<p style=\"text-align: justify;\">Pas de quoi ternir l\u2019entr\u00e9e d\u2019<strong>Eug\u00e9nie Le Sommer, <\/strong>mais de quoi laisser des espoirs aux Islandaises qui forcent pour \u00e9galiser. En vain, les Bleues assurent <a href=\"https:\/\/dicodusport.fr\/blog\/ligue-des-nations-f-minimum-syndical-pour-la-france-contre-la-norvege\/\">un deuxi\u00e8me succ\u00e8s en autant de journ\u00e9es<\/a> (3-2) et prennent, seules, la t\u00eate de leur groupe. Les deux prochaines \u00e9ch\u00e9ances auront lieu au mois d\u2019avril. L\u2019\u00e9quipe de France se d\u00e9placera alors en Suisse et en Norv\u00e8ge.<\/p>\n","protected":false},"excerpt":{"rendered":"<p>LIGUE DES NATIONS F\u00c9MININE DE FOOTBALL &#8211; \u00c0 l\u2019abri avec le break en poche \u00e0 la demi-heure de jeu, les Bleues se sont compliqu\u00e9es les choses, payant parfois leur rel\u00e2chement. Malgr\u00e9 tout, l\u2019\u00e9quipe de France s\u2019impose 3-2 contre l\u2019Islande pour cette 2\u00e8me journ\u00e9e et prend, seule, la t\u00eate de son groupe. Eug\u00e9nie Le Sommer devient, de son c\u00f4t\u00e9, la joueuse la plus cap\u00e9e de la s\u00e9lection nationale.<\/p>\n","protected":false},"author":18,"featured_media":559139,"comment_status":"open","ping_status":"closed","sticky":false,"template":"","format":"standard","meta":{"_acf_changed":false,"_daextam_enable_autolinks":"1","footnotes":""},"categories":[2301],"tags":[16878,75,30,377,4370,34631,6894,24],"class_list":["post-559131","post","type-post","status-publish","format-standard","has-post-thumbnail","hentry","category-football","tag-breve","tag-football","tag-france","tag-islande","tag-kadidiatou-diani","tag-ligue-des-nations-feminine","tag-marie-antoinette-katoto","tag-sport"],"acf":[],"yoast_head":"<!-- This site is optimized with the Yoast SEO Premium plugin v26.7 (Yoast SEO v26.7) - https:\/\/yoast.com\/wordpress\/plugins\/seo\/ -->\n<title>Ligue des Nations (F) : La France en t\u00eate de son groupe apr\u00e8s sa victoire contre l&#039;Islande<\/title>\n<meta name=\"description\" content=\"LIGUE DES NATIONS F\u00c9MININE DE FOOTBALL - L\u00e9quipe de France s\u2019impose 3-2 contre l\u2019Islande pour cette 2\u00e8me journ\u00e9e.\" \/>\n<meta name=\"robots\" content=\"index, follow, max-snippet:-1, max-image-preview:large, max-video-preview:-1\" \/>\n<link rel=\"canonical\" href=\"https:\/\/dicodusport.fr\/blog\/ligue-des-nations-f-la-france-en-tete-de-son-groupe-apres-sa-victoire-contre-lislande\/\" \/>\n<meta property=\"og:locale\" content=\"fr_FR\" \/>\n<meta property=\"og:type\" content=\"article\" \/>\n<meta property=\"og:title\" content=\"Ligue des Nations (F) : La France en t\u00eate de son groupe apr\u00e8s sa victoire contre l&#039;Islande\" \/>\n<meta property=\"og:description\" content=\"LIGUE DES NATIONS F\u00c9MININE DE FOOTBALL - L\u00e9quipe de France s\u2019impose 3-2 contre l\u2019Islande pour cette 2\u00e8me journ\u00e9e.\" \/>\n<meta property=\"og:url\" content=\"https:\/\/dicodusport.fr\/blog\/ligue-des-nations-f-la-france-en-tete-de-son-groupe-apres-sa-victoire-contre-lislande\/\" \/>\n<meta property=\"og:site_name\" content=\"Dicodusport\" \/>\n<meta property=\"article:publisher\" content=\"https:\/\/www.facebook.com\/dicodusport\" \/>\n<meta property=\"article:author\" content=\"https:\/\/www.facebook.com\/soocube\" \/>\n<meta property=\"article:published_time\" content=\"2025-02-25T22:07:55+00:00\" \/>\n<meta property=\"article:modified_time\" content=\"2025-02-25T22:30:04+00:00\" \/>\n<meta property=\"og:image\" content=\"https:\/\/dicodusport.fr\/blog\/wp-content\/uploads\/2025\/02\/Ligue-des-Nations-F-La-France-en-tete-de-son-groupe-apres-sa-victoire-contre-lIslande.png\" \/>\n\t<meta property=\"og:image:width\" content=\"1200\" \/>\n\t<meta property=\"og:image:height\" content=\"674\" \/>\n\t<meta property=\"og:image:type\" content=\"image\/png\" \/>\n<meta name=\"author\" content=\"Sophie Clapier\" \/>\n<meta name=\"twitter:card\" content=\"summary_large_image\" \/>\n<meta name=\"twitter:title\" content=\"Ligue des Nations (F) : La France en t\u00eate de son groupe apr\u00e8s sa victoire contre l&#039;Islande\" \/>\n<meta name=\"twitter:creator\" content=\"@https:\/\/twitter.com\/soocube\" \/>\n<meta name=\"twitter:site\" content=\"@dicodusport\" \/>\n<script type=\"application\/ld+json\" class=\"yoast-schema-graph\">{\"@context\":\"https:\/\/schema.org\",\"@graph\":[{\"@type\":\"NewsArticle\",\"@id\":\"https:\/\/dicodusport.fr\/blog\/ligue-des-nations-f-la-france-en-tete-de-son-groupe-apres-sa-victoire-contre-lislande\/#article\",\"isPartOf\":{\"@id\":\"https:\/\/dicodusport.fr\/blog\/ligue-des-nations-f-la-france-en-tete-de-son-groupe-apres-sa-victoire-contre-lislande\/\"},\"author\":{\"name\":\"Sophie Clapier\",\"@id\":\"https:\/\/dicodusport.fr\/blog\/#\/schema\/person\/416c975648aca9da8839bdfe333a21c9\"},\"headline\":\"Ligue des Nations (F) : La France en t\u00eate de son groupe apr\u00e8s sa victoire contre l&rsquo;Islande\",\"datePublished\":\"2025-02-25T22:07:55+00:00\",\"dateModified\":\"2025-02-25T22:30:04+00:00\",\"mainEntityOfPage\":{\"@id\":\"https:\/\/dicodusport.fr\/blog\/ligue-des-nations-f-la-france-en-tete-de-son-groupe-apres-sa-victoire-contre-lislande\/\"},\"wordCount\":600,\"commentCount\":0,\"publisher\":{\"@id\":\"https:\/\/dicodusport.fr\/blog\/#organization\"},\"image\":{\"@id\":\"https:\/\/dicodusport.fr\/blog\/ligue-des-nations-f-la-france-en-tete-de-son-groupe-apres-sa-victoire-contre-lislande\/#primaryimage\"},\"thumbnailUrl\":\"https:\/\/dicodusport.fr\/blog\/wp-content\/uploads\/2025\/02\/Ligue-des-Nations-F-La-France-en-tete-de-son-groupe-apres-sa-victoire-contre-lIslande.png\",\"keywords\":[\"br\u00e8ve\",\"Football\",\"France\",\"Islande\",\"Kadidiatou Diani\",\"Ligue des Nations f\u00e9minine\",\"Marie-Antoinette Katoto\",\"sport\"],\"articleSection\":[\"Football\"],\"inLanguage\":\"fr-FR\",\"potentialAction\":[{\"@type\":\"CommentAction\",\"name\":\"Comment\",\"target\":[\"https:\/\/dicodusport.fr\/blog\/ligue-des-nations-f-la-france-en-tete-de-son-groupe-apres-sa-victoire-contre-lislande\/#respond\"]}],\"copyrightYear\":\"2025\",\"copyrightHolder\":{\"@id\":\"https:\/\/dicodusport.fr\/blog\/#organization\"}},{\"@type\":\"WebPage\",\"@id\":\"https:\/\/dicodusport.fr\/blog\/ligue-des-nations-f-la-france-en-tete-de-son-groupe-apres-sa-victoire-contre-lislande\/\",\"url\":\"https:\/\/dicodusport.fr\/blog\/ligue-des-nations-f-la-france-en-tete-de-son-groupe-apres-sa-victoire-contre-lislande\/\",\"name\":\"Ligue des Nations (F) : La France en t\u00eate de son groupe apr\u00e8s sa victoire contre l'Islande\",\"isPartOf\":{\"@id\":\"https:\/\/dicodusport.fr\/blog\/#website\"},\"primaryImageOfPage\":{\"@id\":\"https:\/\/dicodusport.fr\/blog\/ligue-des-nations-f-la-france-en-tete-de-son-groupe-apres-sa-victoire-contre-lislande\/#primaryimage\"},\"image\":{\"@id\":\"https:\/\/dicodusport.fr\/blog\/ligue-des-nations-f-la-france-en-tete-de-son-groupe-apres-sa-victoire-contre-lislande\/#primaryimage\"},\"thumbnailUrl\":\"https:\/\/dicodusport.fr\/blog\/wp-content\/uploads\/2025\/02\/Ligue-des-Nations-F-La-France-en-tete-de-son-groupe-apres-sa-victoire-contre-lIslande.png\",\"datePublished\":\"2025-02-25T22:07:55+00:00\",\"dateModified\":\"2025-02-25T22:30:04+00:00\",\"description\":\"LIGUE DES NATIONS F\u00c9MININE DE FOOTBALL - L\u00e9quipe de France s\u2019impose 3-2 contre l\u2019Islande pour cette 2\u00e8me journ\u00e9e.\",\"breadcrumb\":{\"@id\":\"https:\/\/dicodusport.fr\/blog\/ligue-des-nations-f-la-france-en-tete-de-son-groupe-apres-sa-victoire-contre-lislande\/#breadcrumb\"},\"inLanguage\":\"fr-FR\",\"potentialAction\":[{\"@type\":\"ReadAction\",\"target\":[\"https:\/\/dicodusport.fr\/blog\/ligue-des-nations-f-la-france-en-tete-de-son-groupe-apres-sa-victoire-contre-lislande\/\"]}]},{\"@type\":\"ImageObject\",\"inLanguage\":\"fr-FR\",\"@id\":\"https:\/\/dicodusport.fr\/blog\/ligue-des-nations-f-la-france-en-tete-de-son-groupe-apres-sa-victoire-contre-lislande\/#primaryimage\",\"url\":\"https:\/\/dicodusport.fr\/blog\/wp-content\/uploads\/2025\/02\/Ligue-des-Nations-F-La-France-en-tete-de-son-groupe-apres-sa-victoire-contre-lIslande.png\",\"contentUrl\":\"https:\/\/dicodusport.fr\/blog\/wp-content\/uploads\/2025\/02\/Ligue-des-Nations-F-La-France-en-tete-de-son-groupe-apres-sa-victoire-contre-lIslande.png\",\"width\":1200,\"height\":674,\"caption\":\"Ligue des Nations (F) La France en t\u00eate de son groupe apr\u00e8s sa victoire contre l'Islande\"},{\"@type\":\"BreadcrumbList\",\"@id\":\"https:\/\/dicodusport.fr\/blog\/ligue-des-nations-f-la-france-en-tete-de-son-groupe-apres-sa-victoire-contre-lislande\/#breadcrumb\",\"itemListElement\":[{\"@type\":\"ListItem\",\"position\":1,\"name\":\"Accueil\",\"item\":\"https:\/\/dicodusport.fr\/blog\/\"},{\"@type\":\"ListItem\",\"position\":2,\"name\":\"Ligue des Nations (F) : La France en t\u00eate de son groupe apr\u00e8s sa victoire contre l&rsquo;Islande\"}]},{\"@type\":\"WebSite\",\"@id\":\"https:\/\/dicodusport.fr\/blog\/#website\",\"url\":\"https:\/\/dicodusport.fr\/blog\/\",\"name\":\"Dicodusport\",\"description\":\"L&#039;encyclop\u00e9die de l&#039;actualit\u00e9 sportive\",\"publisher\":{\"@id\":\"https:\/\/dicodusport.fr\/blog\/#organization\"},\"potentialAction\":[{\"@type\":\"SearchAction\",\"target\":{\"@type\":\"EntryPoint\",\"urlTemplate\":\"https:\/\/dicodusport.fr\/blog\/?s={search_term_string}\"},\"query-input\":{\"@type\":\"PropertyValueSpecification\",\"valueRequired\":true,\"valueName\":\"search_term_string\"}}],\"inLanguage\":\"fr-FR\"},{\"@type\":\"NewsMediaOrganization\",\"@id\":\"https:\/\/dicodusport.fr\/blog\/#organization\",\"name\":\"Dicodusport\",\"url\":\"https:\/\/dicodusport.fr\/blog\/\",\"logo\":{\"@type\":\"ImageObject\",\"inLanguage\":\"fr-FR\",\"@id\":\"https:\/\/dicodusport.fr\/blog\/#\/schema\/logo\/image\/\",\"url\":\"https:\/\/dicodusport.fr\/blog\/wp-content\/uploads\/2020\/06\/cropped-LOGO-DICODUSPORT-2020-SANS-FOND-SANS-TEXTE.png\",\"contentUrl\":\"https:\/\/dicodusport.fr\/blog\/wp-content\/uploads\/2020\/06\/cropped-LOGO-DICODUSPORT-2020-SANS-FOND-SANS-TEXTE.png\",\"width\":512,\"height\":512,\"caption\":\"Dicodusport\"},\"image\":{\"@id\":\"https:\/\/dicodusport.fr\/blog\/#\/schema\/logo\/image\/\"},\"sameAs\":[\"https:\/\/www.facebook.com\/dicodusport\",\"https:\/\/x.com\/dicodusport\",\"https:\/\/www.instagram.com\/dicodusport\/\",\"https:\/\/www.youtube.com\/channel\/UC7V2KZ5sd3htJivAbA4ZG3w\"],\"description\":\"Dicodusport est l'encyclop\u00e9die de l'actualit\u00e9 sportive.\",\"email\":\"bonjour@dicodusport.fr\",\"legalName\":\"DICODUSPORT\",\"foundingDate\":\"2018-01-14\",\"vatID\":\"FR71834470973\",\"taxID\":\"83447097300043\",\"numberOfEmployees\":{\"@type\":\"QuantitativeValue\",\"minValue\":\"1\",\"maxValue\":\"10\"}},{\"@type\":\"Person\",\"@id\":\"https:\/\/dicodusport.fr\/blog\/#\/schema\/person\/416c975648aca9da8839bdfe333a21c9\",\"name\":\"Sophie Clapier\",\"image\":{\"@type\":\"ImageObject\",\"inLanguage\":\"fr-FR\",\"@id\":\"https:\/\/dicodusport.fr\/blog\/#\/schema\/person\/image\/\",\"url\":\"https:\/\/dicodusport.fr\/blog\/wp-content\/uploads\/2021\/05\/Sophie-Clapier-150x150.jpg\",\"contentUrl\":\"https:\/\/dicodusport.fr\/blog\/wp-content\/uploads\/2021\/05\/Sophie-Clapier-150x150.jpg\",\"caption\":\"Sophie Clapier\"},\"description\":\"Journaliste\/r\u00e9dactrice depuis janvier 2016 - Passionn\u00e9e de sport depuis toujours, j\u2019en ai pratiqu\u00e9 quelques-uns. Judo, football, handball ou encore tennis, je n\u2019ai jamais pu me mettre d\u2019accord sur un en particulier. Mais \u00e7a, c\u2019\u00e9tait avant de d\u00e9couvrir le basket, devenu mon sport de pr\u00e9dilection. Les actions NBA, le All-Star Week-end, la fureur des Game 7 pendant les playoffs ou mieux, lors des Finals, this is why we play. Team Spurs T.P, je m\u2019accroche encore \u00e0 Gregg Popovich (don\u2019t leave !). Team chef Curry, je souhaite qu\u2019il finisse aux Warriors (staaaay !). Non, il n\u2019y a pas qu\u2019eux, des petits nouveaux -et des petites nouvelles \u00e9videmment- arrivent chaque jour dans toutes les disciplines et cr\u00e9ent de nouveaux exploits. Alors pour les grands \u00e9v\u00e9nements et comp\u00e9titions internationales, vive les pulsations 240\/minutes et le d\u00e9fibrillateur pas loin, et allez les Bleu(e)s ! C\u2019est s\u00fbr, j\u2019aurai plus vu ma vie sur un terrain de sport, mais \u00e0 d\u00e9faut d\u2019en faire en haut niveau, je le partage avec vous.\",\"sameAs\":[\"https:\/\/www.facebook.com\/soocube\",\"https:\/\/x.com\/https:\/\/twitter.com\/soocube\",\"admin\"],\"url\":\"https:\/\/dicodusport.fr\/blog\/author\/sophie\/\"}]}<\/script>\n<!-- \/ Yoast SEO Premium plugin. -->","yoast_head_json":{"title":"Ligue des Nations (F) : La France en t\u00eate de son groupe apr\u00e8s sa victoire contre l'Islande","description":"LIGUE DES NATIONS F\u00c9MININE DE FOOTBALL - L\u00e9quipe de France s\u2019impose 3-2 contre l\u2019Islande pour cette 2\u00e8me journ\u00e9e.","robots":{"index":"index","follow":"follow","max-snippet":"max-snippet:-1","max-image-preview":"max-image-preview:large","max-video-preview":"max-video-preview:-1"},"canonical":"https:\/\/dicodusport.fr\/blog\/ligue-des-nations-f-la-france-en-tete-de-son-groupe-apres-sa-victoire-contre-lislande\/","og_locale":"fr_FR","og_type":"article","og_title":"Ligue des Nations (F) : La France en t\u00eate de son groupe apr\u00e8s sa victoire contre l'Islande","og_description":"LIGUE DES NATIONS F\u00c9MININE DE FOOTBALL - L\u00e9quipe de France s\u2019impose 3-2 contre l\u2019Islande pour cette 2\u00e8me journ\u00e9e.","og_url":"https:\/\/dicodusport.fr\/blog\/ligue-des-nations-f-la-france-en-tete-de-son-groupe-apres-sa-victoire-contre-lislande\/","og_site_name":"Dicodusport","article_publisher":"https:\/\/www.facebook.com\/dicodusport","article_author":"https:\/\/www.facebook.com\/soocube","article_published_time":"2025-02-25T22:07:55+00:00","article_modified_time":"2025-02-25T22:30:04+00:00","og_image":[{"width":1200,"height":674,"url":"https:\/\/dicodusport.fr\/blog\/wp-content\/uploads\/2025\/02\/Ligue-des-Nations-F-La-France-en-tete-de-son-groupe-apres-sa-victoire-contre-lIslande.png","type":"image\/png"}],"author":"Sophie Clapier","twitter_card":"summary_large_image","twitter_title":"Ligue des Nations (F) : La France en t\u00eate de son groupe apr\u00e8s sa victoire contre l'Islande","twitter_creator":"@https:\/\/twitter.com\/soocube","twitter_site":"@dicodusport","schema":{"@context":"https:\/\/schema.org","@graph":[{"@type":"NewsArticle","@id":"https:\/\/dicodusport.fr\/blog\/ligue-des-nations-f-la-france-en-tete-de-son-groupe-apres-sa-victoire-contre-lislande\/#article","isPartOf":{"@id":"https:\/\/dicodusport.fr\/blog\/ligue-des-nations-f-la-france-en-tete-de-son-groupe-apres-sa-victoire-contre-lislande\/"},"author":{"name":"Sophie Clapier","@id":"https:\/\/dicodusport.fr\/blog\/#\/schema\/person\/416c975648aca9da8839bdfe333a21c9"},"headline":"Ligue des Nations (F) : La France en t\u00eate de son groupe apr\u00e8s sa victoire contre l&rsquo;Islande","datePublished":"2025-02-25T22:07:55+00:00","dateModified":"2025-02-25T22:30:04+00:00","mainEntityOfPage":{"@id":"https:\/\/dicodusport.fr\/blog\/ligue-des-nations-f-la-france-en-tete-de-son-groupe-apres-sa-victoire-contre-lislande\/"},"wordCount":600,"commentCount":0,"publisher":{"@id":"https:\/\/dicodusport.fr\/blog\/#organization"},"image":{"@id":"https:\/\/dicodusport.fr\/blog\/ligue-des-nations-f-la-france-en-tete-de-son-groupe-apres-sa-victoire-contre-lislande\/#primaryimage"},"thumbnailUrl":"https:\/\/dicodusport.fr\/blog\/wp-content\/uploads\/2025\/02\/Ligue-des-Nations-F-La-France-en-tete-de-son-groupe-apres-sa-victoire-contre-lIslande.png","keywords":["br\u00e8ve","Football","France","Islande","Kadidiatou Diani","Ligue des Nations f\u00e9minine","Marie-Antoinette Katoto","sport"],"articleSection":["Football"],"inLanguage":"fr-FR","potentialAction":[{"@type":"CommentAction","name":"Comment","target":["https:\/\/dicodusport.fr\/blog\/ligue-des-nations-f-la-france-en-tete-de-son-groupe-apres-sa-victoire-contre-lislande\/#respond"]}],"copyrightYear":"2025","copyrightHolder":{"@id":"https:\/\/dicodusport.fr\/blog\/#organization"}},{"@type":"WebPage","@id":"https:\/\/dicodusport.fr\/blog\/ligue-des-nations-f-la-france-en-tete-de-son-groupe-apres-sa-victoire-contre-lislande\/","url":"https:\/\/dicodusport.fr\/blog\/ligue-des-nations-f-la-france-en-tete-de-son-groupe-apres-sa-victoire-contre-lislande\/","name":"Ligue des Nations (F) : La France en t\u00eate de son groupe apr\u00e8s sa victoire contre l'Islande","isPartOf":{"@id":"https:\/\/dicodusport.fr\/blog\/#website"},"primaryImageOfPage":{"@id":"https:\/\/dicodusport.fr\/blog\/ligue-des-nations-f-la-france-en-tete-de-son-groupe-apres-sa-victoire-contre-lislande\/#primaryimage"},"image":{"@id":"https:\/\/dicodusport.fr\/blog\/ligue-des-nations-f-la-france-en-tete-de-son-groupe-apres-sa-victoire-contre-lislande\/#primaryimage"},"thumbnailUrl":"https:\/\/dicodusport.fr\/blog\/wp-content\/uploads\/2025\/02\/Ligue-des-Nations-F-La-France-en-tete-de-son-groupe-apres-sa-victoire-contre-lIslande.png","datePublished":"2025-02-25T22:07:55+00:00","dateModified":"2025-02-25T22:30:04+00:00","description":"LIGUE DES NATIONS F\u00c9MININE DE FOOTBALL - L\u00e9quipe de France s\u2019impose 3-2 contre l\u2019Islande pour cette 2\u00e8me journ\u00e9e.","breadcrumb":{"@id":"https:\/\/dicodusport.fr\/blog\/ligue-des-nations-f-la-france-en-tete-de-son-groupe-apres-sa-victoire-contre-lislande\/#breadcrumb"},"inLanguage":"fr-FR","potentialAction":[{"@type":"ReadAction","target":["https:\/\/dicodusport.fr\/blog\/ligue-des-nations-f-la-france-en-tete-de-son-groupe-apres-sa-victoire-contre-lislande\/"]}]},{"@type":"ImageObject","inLanguage":"fr-FR","@id":"https:\/\/dicodusport.fr\/blog\/ligue-des-nations-f-la-france-en-tete-de-son-groupe-apres-sa-victoire-contre-lislande\/#primaryimage","url":"https:\/\/dicodusport.fr\/blog\/wp-content\/uploads\/2025\/02\/Ligue-des-Nations-F-La-France-en-tete-de-son-groupe-apres-sa-victoire-contre-lIslande.png","contentUrl":"https:\/\/dicodusport.fr\/blog\/wp-content\/uploads\/2025\/02\/Ligue-des-Nations-F-La-France-en-tete-de-son-groupe-apres-sa-victoire-contre-lIslande.png","width":1200,"height":674,"caption":"Ligue des Nations (F) La France en t\u00eate de son groupe apr\u00e8s sa victoire contre l'Islande"},{"@type":"BreadcrumbList","@id":"https:\/\/dicodusport.fr\/blog\/ligue-des-nations-f-la-france-en-tete-de-son-groupe-apres-sa-victoire-contre-lislande\/#breadcrumb","itemListElement":[{"@type":"ListItem","position":1,"name":"Accueil","item":"https:\/\/dicodusport.fr\/blog\/"},{"@type":"ListItem","position":2,"name":"Ligue des Nations (F) : La France en t\u00eate de son groupe apr\u00e8s sa victoire contre l&rsquo;Islande"}]},{"@type":"WebSite","@id":"https:\/\/dicodusport.fr\/blog\/#website","url":"https:\/\/dicodusport.fr\/blog\/","name":"Dicodusport","description":"L&#039;encyclop\u00e9die de l&#039;actualit\u00e9 sportive","publisher":{"@id":"https:\/\/dicodusport.fr\/blog\/#organization"},"potentialAction":[{"@type":"SearchAction","target":{"@type":"EntryPoint","urlTemplate":"https:\/\/dicodusport.fr\/blog\/?s={search_term_string}"},"query-input":{"@type":"PropertyValueSpecification","valueRequired":true,"valueName":"search_term_string"}}],"inLanguage":"fr-FR"},{"@type":"NewsMediaOrganization","@id":"https:\/\/dicodusport.fr\/blog\/#organization","name":"Dicodusport","url":"https:\/\/dicodusport.fr\/blog\/","logo":{"@type":"ImageObject","inLanguage":"fr-FR","@id":"https:\/\/dicodusport.fr\/blog\/#\/schema\/logo\/image\/","url":"https:\/\/dicodusport.fr\/blog\/wp-content\/uploads\/2020\/06\/cropped-LOGO-DICODUSPORT-2020-SANS-FOND-SANS-TEXTE.png","contentUrl":"https:\/\/dicodusport.fr\/blog\/wp-content\/uploads\/2020\/06\/cropped-LOGO-DICODUSPORT-2020-SANS-FOND-SANS-TEXTE.png","width":512,"height":512,"caption":"Dicodusport"},"image":{"@id":"https:\/\/dicodusport.fr\/blog\/#\/schema\/logo\/image\/"},"sameAs":["https:\/\/www.facebook.com\/dicodusport","https:\/\/x.com\/dicodusport","https:\/\/www.instagram.com\/dicodusport\/","https:\/\/www.youtube.com\/channel\/UC7V2KZ5sd3htJivAbA4ZG3w"],"description":"Dicodusport est l'encyclop\u00e9die de l'actualit\u00e9 sportive.","email":"bonjour@dicodusport.fr","legalName":"DICODUSPORT","foundingDate":"2018-01-14","vatID":"FR71834470973","taxID":"83447097300043","numberOfEmployees":{"@type":"QuantitativeValue","minValue":"1","maxValue":"10"}},{"@type":"Person","@id":"https:\/\/dicodusport.fr\/blog\/#\/schema\/person\/416c975648aca9da8839bdfe333a21c9","name":"Sophie Clapier","image":{"@type":"ImageObject","inLanguage":"fr-FR","@id":"https:\/\/dicodusport.fr\/blog\/#\/schema\/person\/image\/","url":"https:\/\/dicodusport.fr\/blog\/wp-content\/uploads\/2021\/05\/Sophie-Clapier-150x150.jpg","contentUrl":"https:\/\/dicodusport.fr\/blog\/wp-content\/uploads\/2021\/05\/Sophie-Clapier-150x150.jpg","caption":"Sophie Clapier"},"description":"Journaliste\/r\u00e9dactrice depuis janvier 2016 - Passionn\u00e9e de sport depuis toujours, j\u2019en ai pratiqu\u00e9 quelques-uns. Judo, football, handball ou encore tennis, je n\u2019ai jamais pu me mettre d\u2019accord sur un en particulier. Mais \u00e7a, c\u2019\u00e9tait avant de d\u00e9couvrir le basket, devenu mon sport de pr\u00e9dilection. Les actions NBA, le All-Star Week-end, la fureur des Game 7 pendant les playoffs ou mieux, lors des Finals, this is why we play. Team Spurs T.P, je m\u2019accroche encore \u00e0 Gregg Popovich (don\u2019t leave !). Team chef Curry, je souhaite qu\u2019il finisse aux Warriors (staaaay !). Non, il n\u2019y a pas qu\u2019eux, des petits nouveaux -et des petites nouvelles \u00e9videmment- arrivent chaque jour dans toutes les disciplines et cr\u00e9ent de nouveaux exploits. Alors pour les grands \u00e9v\u00e9nements et comp\u00e9titions internationales, vive les pulsations 240\/minutes et le d\u00e9fibrillateur pas loin, et allez les Bleu(e)s ! C\u2019est s\u00fbr, j\u2019aurai plus vu ma vie sur un terrain de sport, mais \u00e0 d\u00e9faut d\u2019en faire en haut niveau, je le partage avec vous.","sameAs":["https:\/\/www.facebook.com\/soocube","https:\/\/x.com\/https:\/\/twitter.com\/soocube","admin"],"url":"https:\/\/dicodusport.fr\/blog\/author\/sophie\/"}]}},"_links":{"self":[{"href":"https:\/\/dicodusport.fr\/blog\/wp-json\/wp\/v2\/posts\/559131","targetHints":{"allow":["GET"]}}],"collection":[{"href":"https:\/\/dicodusport.fr\/blog\/wp-json\/wp\/v2\/posts"}],"about":[{"href":"https:\/\/dicodusport.fr\/blog\/wp-json\/wp\/v2\/types\/post"}],"author":[{"embeddable":true,"href":"https:\/\/dicodusport.fr\/blog\/wp-json\/wp\/v2\/users\/18"}],"replies":[{"embeddable":true,"href":"https:\/\/dicodusport.fr\/blog\/wp-json\/wp\/v2\/comments?post=559131"}],"version-history":[{"count":5,"href":"https:\/\/dicodusport.fr\/blog\/wp-json\/wp\/v2\/posts\/559131\/revisions"}],"predecessor-version":[{"id":559148,"href":"https:\/\/dicodusport.fr\/blog\/wp-json\/wp\/v2\/posts\/559131\/revisions\/559148"}],"wp:featuredmedia":[{"embeddable":true,"href":"https:\/\/dicodusport.fr\/blog\/wp-json\/wp\/v2\/media\/559139"}],"wp:attachment":[{"href":"https:\/\/dicodusport.fr\/blog\/wp-json\/wp\/v2\/media?parent=559131"}],"wp:term":[{"taxonomy":"category","embeddable":true,"href":"https:\/\/dicodusport.fr\/blog\/wp-json\/wp\/v2\/categories?post=559131"},{"taxonomy":"post_tag","embeddable":true,"href":"https:\/\/dicodusport.fr\/blog\/wp-json\/wp\/v2\/tags?post=559131"}],"curies":[{"name":"wp","href":"https:\/\/api.w.org\/{rel}","templated":true}]}}