{"id":559215,"date":"2025-02-26T14:30:17","date_gmt":"2025-02-26T13:30:17","guid":{"rendered":"https:\/\/dicodusport.fr\/blog\/?p=559215&#038;preview=true&#038;preview_id=559215"},"modified":"2025-07-09T18:34:30","modified_gmt":"2025-07-09T16:34:30","slug":"mondiaux-jeunes-juniors-de-biathlon-2025-ilona-plechacova-remporte-lindividuel-jeunes","status":"publish","type":"post","link":"https:\/\/dicodusport.fr\/blog\/mondiaux-jeunes-juniors-de-biathlon-2025-ilona-plechacova-remporte-lindividuel-jeunes\/","title":{"rendered":"Mondiaux Jeunes\/Juniors de biathlon 2025 : Ilona Plechacova remporte l&rsquo;individuel jeunes"},"content":{"rendered":"<h4 style=\"text-align: justify;\"><em>CHAMPIONNATS DU MONDE DE BIATHLON JEUNES ET JUNIORS 2025 &#8211; La premi\u00e8re championne de la comp\u00e9tition est donc Th\u00e8que. Ilona Plechacova a \u00e9cras\u00e9 la concurrence sur la piste. Malgr\u00e9 3 erreurs, elle s\u2019impose sur cet individuel jeunes devant l\u2019Italienne Carlotta Gautero et la Slov\u00e8ne Manca Caserman. Lola Bugeaud, premi\u00e8re Fran\u00e7aise, termine 6<sup>\u00e8me<\/sup>.<\/em><\/h4>\n<ul>\n<li><strong>\u00c0 ce sujet \u2013\u00a0<a href=\"https:\/\/dicodusport.fr\/blog\/championnats-du-monde-de-biathlon-jeunes-et-juniors-2025-le-programme-complet-des-epreuves\/\">Championnats du Monde de Biathlon Jeunes et Juniors 2025 : Le Programme Complet des \u00c9preuves<\/a><\/strong><\/li>\n<\/ul>\n<p style=\"text-align: justify;\">Apr\u00e8s une comp\u00e9tition plus que r\u00e9ussie pour l\u2019\u00e9quipe de France \u00e9lite, la jeunesse prend le pouvoir du 26 f\u00e9vrier au 4 mars \u00e0 \u00d6stersund pour les Mondiaux jeunes\/juniors. Au programme, pas moins de 18 \u00e9preuves r\u00e9parties pour les 16 repr\u00e9sentants tricolores. Et ce sont les U19 f\u00e9minines qui lan\u00e7aient les hostilit\u00e9s avec l\u2019individuel.<\/p>\n<div class=\"vlp-link-container vlp-layout-article\"><a href=\"https:\/\/dicodusport.fr\/blog\/biathlon-mondiaux-jeunes-juniors-la-selection-francaise\/\" class=\"vlp-link\" title=\"Biathlon Mondiaux Jeunes\/Juniors : La s\u00e9lection fran\u00e7aise\"><\/a><div class=\"vlp-layout-zone-side\"><div class=\"vlp-block-4 vlp-link-image\"><img loading=\"lazy\" decoding=\"async\" style=\"max-width: 792px;\" width=\"792\" height=\"445\" src=\"https:\/\/dicodusport.fr\/blog\/wp-content\/uploads\/2025\/02\/Biathlon-Mondiaux-Jeunes-Juniors-La-selection-francaise.png\" class=\"attachment-800x445 size-800x445\" alt=\"Biathlon Mondiaux Jeunes\/Juniors : La s\u00e9lection fran\u00e7aise\" srcset=\"https:\/\/dicodusport.fr\/blog\/wp-content\/uploads\/2025\/02\/Biathlon-Mondiaux-Jeunes-Juniors-La-selection-francaise.png 1200w, https:\/\/dicodusport.fr\/blog\/wp-content\/uploads\/2025\/02\/Biathlon-Mondiaux-Jeunes-Juniors-La-selection-francaise-300x169.png 300w, https:\/\/dicodusport.fr\/blog\/wp-content\/uploads\/2025\/02\/Biathlon-Mondiaux-Jeunes-Juniors-La-selection-francaise-1024x575.png 1024w, https:\/\/dicodusport.fr\/blog\/wp-content\/uploads\/2025\/02\/Biathlon-Mondiaux-Jeunes-Juniors-La-selection-francaise-768x431.png 768w\" sizes=\"auto, (max-width: 792px) 100vw, 792px\" \/><\/div><\/div><div class=\"vlp-layout-zone-main\"><div class=\"vlp-block-0 vlp-link-title\">Biathlon Mondiaux Jeunes\/Juniors : La s\u00e9lection fran\u00e7aise<\/div><div class=\"vlp-block-1 vlp-link-summary\">BIATHLON MONDIAUX JEUNES\/JUNIORS 2025 - Ce lundi, le staff de l'\u00c9quipe de France a d\u00e9voil\u00e9 la composition des Bleus pour d\u00e9fendre les couleurs tricolores \u00e0 \u00d6stersund. Une \u00e9quipe dont fera partie l'actuelle leader du classement g\u00e9n\u00e9ral de l'IBU Cup, Voldiya Galmace Paulin.<\/div><div class=\"vlp-block-2 vlp-link-button\">Lire l'article<\/div><div class=\"vlp-block-3 vlp-link-url\">dicodusport.fr<\/div><\/div><\/div>\n<h2 style=\"text-align: justify;\">Plechacova imbattable<\/h2>\n<p style=\"text-align: justify;\">Partie avec le dossard 1, <strong>Manca Caserman<\/strong> tient la t\u00eate de course un moment. Si <strong>Elsa T\u00e4nglander<\/strong> file sur la piste, elle commet d\u00e9j\u00e0 deux erreurs sur le 1<sup>er<\/sup> couch\u00e9. Avec 45 secondes suppl\u00e9mentaires au compteur sur la salve suivante, debout cette fois, la Su\u00e9doise, recule davantage. Pas mieux pour la premi\u00e8re Fran\u00e7aise \u00e0 s\u2019\u00e9lancer. En manque de forme sur les skis et avec deux \u00e9checs au tir pour d\u00e9marrer, <strong>Coralie Perrin<\/strong> ressort \u00e0 plus de 2 minutes de la leader provisoire.<\/p>\n<p style=\"text-align: justify;\">Loin des pr\u00e9occupations de ses adversaires, <strong>Carlotta Gautero<\/strong> d\u00e9roule derri\u00e8re la carabine. \u00c0 15\/15 avant l\u2019ultime debout, l\u2019Italienne part cependant deux fois \u00e0 la faute et doit finalement courir apr\u00e8s le temps r\u00e9f\u00e9rence d\u00e9tenu alors par Liszka, de son c\u00f4t\u00e9 \u00e0 19\/20. La Polonaise, dans un duel \u00e0 distance avec Caserman \u00e9galement, perd du temps sur la Slov\u00e8ne et l\u2019Italienne. Cette derni\u00e8re coupera m\u00eame la ligne devant. Mais les trois jeunes femmes sont vite rel\u00e9gu\u00e9es au second plan dans le sillage de la fus\u00e9e du jour, <strong>Ilona Plechacova<\/strong>. Malgr\u00e9 une faute de plus que l\u2019Italienne, la Tch\u00e8que termine loin devant (-47.5).<\/p>\n<ul>\n<li><a href=\"https:\/\/www.biathlonworld.com\/results\/BT2425SWRLCH__SWIN\"><strong>Le classement complet de l&rsquo;individuel femmes des championnats du monde 2025<\/strong><\/a><\/li>\n<\/ul>\n<h2 style=\"text-align: justify;\">Tir group\u00e9 pour les Bleuettes<\/h2>\n<p style=\"text-align: justify;\">Il y avait quatre chances fran\u00e7aises aujourd\u2019hui. <strong>Coralie<\/strong> <strong>Perrin<\/strong> n\u2019a pas r\u00e9ussi \u00e0 faire jeu \u00e9gal sur les spatules. 6<sup>\u00e8me<\/sup> provisoire au moment de couper la ligne avec son 17\/20, elle a peu \u00e0 peu recul\u00e9 mais pas bien loin non plus (top 20). En difficult\u00e9 sur les couch\u00e9s \u00e0 l\u2019image de sa compatriote, <strong>Lola Bugeaud<\/strong> n\u2019a pas non plus pu jouer le podium jusqu\u2019au bout. Elle termine n\u00e9anmoins meilleure fran\u00e7aise et d\u00e9croche son ticket pour la c\u00e9r\u00e9monie des fleurs.<\/p>\n<blockquote class=\"twitter-tweet\">\n<p dir=\"ltr\" lang=\"fr\">Championnats du Monde Jeunes (U19)- Individuel Femmes:<\/p>\n<p>\ud83e\udd47\ud83c\udde8\ud83c\uddffI.Plechacova (17\/20)<br \/>\n\ud83e\udd48\ud83c\uddee\ud83c\uddf9C.Gautero (18\/20)<br \/>\n\ud83e\udd49\ud83c\uddf8\ud83c\uddeeM.Caserman (17\/20)<\/p>\n<p>Les places des fran\u00e7aises:<br \/>\n6.\ud83c\uddeb\ud83c\uddf7Lola Bugeaud (17\/20)<br \/>\n7.\ud83c\uddeb\ud83c\uddf7Louise Roguet (18\/20)<br \/>\n10.\ud83c\uddeb\ud83c\uddf7Alice Dusserre (18\/20)<br \/>\n17.\ud83c\uddeb\ud83c\uddf7Coralie Perrin (17\/20)<a href=\"https:\/\/twitter.com\/hashtag\/biathlon?src=hash&amp;ref_src=twsrc%5Etfw\">#biathlon<\/a> <a href=\"https:\/\/t.co\/6dKGoKPPfC\">pic.twitter.com\/6dKGoKPPfC<\/a><\/p>\n<p>\u2014 Lebiathlonfr (@Lebiathlonfr) <a href=\"https:\/\/twitter.com\/Lebiathlonfr\/status\/1894741924780642664?ref_src=twsrc%5Etfw\">February 26, 2025<\/a><\/p><\/blockquote>\n<p><script async src=\"https:\/\/platform.twitter.com\/widgets.js\" charset=\"utf-8\"><\/script><\/p>\n<p style=\"text-align: justify;\">Juste derri\u00e8re elle, <strong>Louise Roguet<\/strong> prend la 7<sup>\u00e8me<\/sup> place. La plus rapide des Bleuettes a id\u00e9alement d\u00e9roul\u00e9 jusqu\u2019\u00e0 la mi-course. Puis \u00e7a s\u2019est g\u00e2t\u00e9. Beaucoup de temps perdu sur le pas de tir et 2 fautes au total qui l\u2019ont \u00e9loign\u00e9e du top 3, mais pas du top 10. Avec un 18\/20, <strong>Alice Dusserre<\/strong> cl\u00f4ture justement ce top 10 pour un beau tir group\u00e9 tricolore. De quoi esp\u00e9rer de belles choses sur les prochaines courses.<\/p>\n<ul>\n<li style=\"text-align: justify;\"><strong>\u00c0 ce sujet \u2013\u00a0<a href=\"https:\/\/dicodusport.fr\/blog\/biathlon-mondiaux-jeunes-et-juniors-2025-tous-les-resultats-et-classements\/\">Biathlon \u2013 Mondiaux Jeunes et Juniors 2025 : Tous les R\u00e9sultats et Classements<\/a><\/strong><\/li>\n<\/ul>\n","protected":false},"excerpt":{"rendered":"<p>CHAMPIONNATS DU MONDE DE BIATHLON JEUNES ET JUNIORS 2025 &#8211; La premi\u00e8re championne de ces Mondiaux est donc Th\u00e8que. Ilona Plechacova a \u00e9cras\u00e9 la concurrence sur la piste. Malgr\u00e9 3 erreurs, elle s\u2019impose sur cet individuel jeunes devant l\u2019Italienne Carlotta Gautero et la Slov\u00e8ne Manca Caserman. Lola Bugeaud, premi\u00e8re Fran\u00e7aise, termine 6\u00e8me.<\/p>\n","protected":false},"author":18,"featured_media":559332,"comment_status":"open","ping_status":"closed","sticky":false,"template":"","format":"standard","meta":{"_acf_changed":false,"_daextam_enable_autolinks":"1","footnotes":""},"categories":[47039],"tags":[2427,16878,21319],"class_list":["post-559215","post","type-post","status-publish","format-standard","has-post-thumbnail","hentry","category-championnats-du-monde-de-biathlon","tag-biathlon","tag-breve","tag-championnats-du-monde-juniors-de-biathlon"],"acf":[],"yoast_head":"<!-- This site is optimized with the Yoast SEO Premium plugin v26.7 (Yoast SEO v26.7) - https:\/\/yoast.com\/wordpress\/plugins\/seo\/ -->\n<title>Mondiaux Jeunes\/Juniors de biathlon 2025 : Ilona Plechacova remporte l&#039;individuel jeunes<\/title>\n<meta name=\"description\" content=\"CHAMPIONNATS DU MONDE DE BIATHLON JEUNES ET JUNIORS 2025 - Ilona Plechacova \u00e9crase la concurrence sur la piste de cet individuel jeunes.\" \/>\n<meta name=\"robots\" content=\"index, follow, max-snippet:-1, max-image-preview:large, max-video-preview:-1\" \/>\n<link rel=\"canonical\" href=\"https:\/\/dicodusport.fr\/blog\/mondiaux-jeunes-juniors-de-biathlon-2025-ilona-plechacova-remporte-lindividuel-jeunes\/\" \/>\n<meta property=\"og:locale\" content=\"fr_FR\" \/>\n<meta property=\"og:type\" content=\"article\" \/>\n<meta property=\"og:title\" content=\"Mondiaux Jeunes\/Juniors de biathlon 2025 : Ilona Plechacova remporte l&#039;individuel jeunes\" \/>\n<meta property=\"og:description\" content=\"CHAMPIONNATS DU MONDE DE BIATHLON JEUNES ET JUNIORS 2025 - Ilona Plechacova \u00e9crase la concurrence sur la piste de cet individuel jeunes.\" \/>\n<meta property=\"og:url\" content=\"https:\/\/dicodusport.fr\/blog\/mondiaux-jeunes-juniors-de-biathlon-2025-ilona-plechacova-remporte-lindividuel-jeunes\/\" \/>\n<meta property=\"og:site_name\" content=\"Dicodusport\" \/>\n<meta property=\"article:publisher\" content=\"https:\/\/www.facebook.com\/dicodusport\" \/>\n<meta property=\"article:author\" content=\"https:\/\/www.facebook.com\/soocube\" \/>\n<meta property=\"article:published_time\" content=\"2025-02-26T13:30:17+00:00\" \/>\n<meta property=\"article:modified_time\" content=\"2025-07-09T16:34:30+00:00\" \/>\n<meta property=\"og:image\" content=\"https:\/\/dicodusport.fr\/blog\/wp-content\/uploads\/2025\/02\/Mondiaux-JeunesJuniors-de-biathlon-2025-Ilona-Plechacova-remporte-lindividuel-jeunes.png\" \/>\n\t<meta property=\"og:image:width\" content=\"1200\" \/>\n\t<meta property=\"og:image:height\" content=\"674\" \/>\n\t<meta property=\"og:image:type\" content=\"image\/png\" \/>\n<meta name=\"author\" content=\"Sophie Clapier\" \/>\n<meta name=\"twitter:card\" content=\"summary_large_image\" \/>\n<meta name=\"twitter:title\" content=\"Mondiaux Jeunes\/Juniors de biathlon 2025 : Ilona Plechacova remporte l&#039;individuel jeunes\" \/>\n<meta name=\"twitter:creator\" content=\"@https:\/\/twitter.com\/soocube\" \/>\n<meta name=\"twitter:site\" content=\"@dicodusport\" \/>\n<script type=\"application\/ld+json\" class=\"yoast-schema-graph\">{\"@context\":\"https:\/\/schema.org\",\"@graph\":[{\"@type\":\"NewsArticle\",\"@id\":\"https:\/\/dicodusport.fr\/blog\/mondiaux-jeunes-juniors-de-biathlon-2025-ilona-plechacova-remporte-lindividuel-jeunes\/#article\",\"isPartOf\":{\"@id\":\"https:\/\/dicodusport.fr\/blog\/mondiaux-jeunes-juniors-de-biathlon-2025-ilona-plechacova-remporte-lindividuel-jeunes\/\"},\"author\":{\"name\":\"Sophie Clapier\",\"@id\":\"https:\/\/dicodusport.fr\/blog\/#\/schema\/person\/416c975648aca9da8839bdfe333a21c9\"},\"headline\":\"Mondiaux Jeunes\/Juniors de biathlon 2025 : Ilona Plechacova remporte l&rsquo;individuel jeunes\",\"datePublished\":\"2025-02-26T13:30:17+00:00\",\"dateModified\":\"2025-07-09T16:34:30+00:00\",\"mainEntityOfPage\":{\"@id\":\"https:\/\/dicodusport.fr\/blog\/mondiaux-jeunes-juniors-de-biathlon-2025-ilona-plechacova-remporte-lindividuel-jeunes\/\"},\"wordCount\":675,\"commentCount\":0,\"publisher\":{\"@id\":\"https:\/\/dicodusport.fr\/blog\/#organization\"},\"image\":{\"@id\":\"https:\/\/dicodusport.fr\/blog\/mondiaux-jeunes-juniors-de-biathlon-2025-ilona-plechacova-remporte-lindividuel-jeunes\/#primaryimage\"},\"thumbnailUrl\":\"https:\/\/dicodusport.fr\/blog\/wp-content\/uploads\/2025\/02\/Mondiaux-JeunesJuniors-de-biathlon-2025-Ilona-Plechacova-remporte-lindividuel-jeunes.png\",\"keywords\":[\"Biathlon\",\"br\u00e8ve\",\"Championnats du monde juniors de biathlon\"],\"articleSection\":[\"Championnats du monde de biathlon\"],\"inLanguage\":\"fr-FR\",\"potentialAction\":[{\"@type\":\"CommentAction\",\"name\":\"Comment\",\"target\":[\"https:\/\/dicodusport.fr\/blog\/mondiaux-jeunes-juniors-de-biathlon-2025-ilona-plechacova-remporte-lindividuel-jeunes\/#respond\"]}],\"copyrightYear\":\"2025\",\"copyrightHolder\":{\"@id\":\"https:\/\/dicodusport.fr\/blog\/#organization\"}},{\"@type\":\"WebPage\",\"@id\":\"https:\/\/dicodusport.fr\/blog\/mondiaux-jeunes-juniors-de-biathlon-2025-ilona-plechacova-remporte-lindividuel-jeunes\/\",\"url\":\"https:\/\/dicodusport.fr\/blog\/mondiaux-jeunes-juniors-de-biathlon-2025-ilona-plechacova-remporte-lindividuel-jeunes\/\",\"name\":\"Mondiaux Jeunes\/Juniors de biathlon 2025 : Ilona Plechacova remporte l'individuel jeunes\",\"isPartOf\":{\"@id\":\"https:\/\/dicodusport.fr\/blog\/#website\"},\"primaryImageOfPage\":{\"@id\":\"https:\/\/dicodusport.fr\/blog\/mondiaux-jeunes-juniors-de-biathlon-2025-ilona-plechacova-remporte-lindividuel-jeunes\/#primaryimage\"},\"image\":{\"@id\":\"https:\/\/dicodusport.fr\/blog\/mondiaux-jeunes-juniors-de-biathlon-2025-ilona-plechacova-remporte-lindividuel-jeunes\/#primaryimage\"},\"thumbnailUrl\":\"https:\/\/dicodusport.fr\/blog\/wp-content\/uploads\/2025\/02\/Mondiaux-JeunesJuniors-de-biathlon-2025-Ilona-Plechacova-remporte-lindividuel-jeunes.png\",\"datePublished\":\"2025-02-26T13:30:17+00:00\",\"dateModified\":\"2025-07-09T16:34:30+00:00\",\"description\":\"CHAMPIONNATS DU MONDE DE BIATHLON JEUNES ET JUNIORS 2025 - Ilona Plechacova \u00e9crase la concurrence sur la piste de cet individuel jeunes.\",\"breadcrumb\":{\"@id\":\"https:\/\/dicodusport.fr\/blog\/mondiaux-jeunes-juniors-de-biathlon-2025-ilona-plechacova-remporte-lindividuel-jeunes\/#breadcrumb\"},\"inLanguage\":\"fr-FR\",\"potentialAction\":[{\"@type\":\"ReadAction\",\"target\":[\"https:\/\/dicodusport.fr\/blog\/mondiaux-jeunes-juniors-de-biathlon-2025-ilona-plechacova-remporte-lindividuel-jeunes\/\"]}]},{\"@type\":\"ImageObject\",\"inLanguage\":\"fr-FR\",\"@id\":\"https:\/\/dicodusport.fr\/blog\/mondiaux-jeunes-juniors-de-biathlon-2025-ilona-plechacova-remporte-lindividuel-jeunes\/#primaryimage\",\"url\":\"https:\/\/dicodusport.fr\/blog\/wp-content\/uploads\/2025\/02\/Mondiaux-JeunesJuniors-de-biathlon-2025-Ilona-Plechacova-remporte-lindividuel-jeunes.png\",\"contentUrl\":\"https:\/\/dicodusport.fr\/blog\/wp-content\/uploads\/2025\/02\/Mondiaux-JeunesJuniors-de-biathlon-2025-Ilona-Plechacova-remporte-lindividuel-jeunes.png\",\"width\":1200,\"height\":674,\"caption\":\"Mondiaux JeunesJuniors de biathlon 2025 Ilona Plechacova remporte l'individuel jeunes\"},{\"@type\":\"BreadcrumbList\",\"@id\":\"https:\/\/dicodusport.fr\/blog\/mondiaux-jeunes-juniors-de-biathlon-2025-ilona-plechacova-remporte-lindividuel-jeunes\/#breadcrumb\",\"itemListElement\":[{\"@type\":\"ListItem\",\"position\":1,\"name\":\"Accueil\",\"item\":\"https:\/\/dicodusport.fr\/blog\/\"},{\"@type\":\"ListItem\",\"position\":2,\"name\":\"Mondiaux Jeunes\/Juniors de biathlon 2025 : Ilona Plechacova remporte l&rsquo;individuel jeunes\"}]},{\"@type\":\"WebSite\",\"@id\":\"https:\/\/dicodusport.fr\/blog\/#website\",\"url\":\"https:\/\/dicodusport.fr\/blog\/\",\"name\":\"Dicodusport\",\"description\":\"L&#039;encyclop\u00e9die de l&#039;actualit\u00e9 sportive\",\"publisher\":{\"@id\":\"https:\/\/dicodusport.fr\/blog\/#organization\"},\"potentialAction\":[{\"@type\":\"SearchAction\",\"target\":{\"@type\":\"EntryPoint\",\"urlTemplate\":\"https:\/\/dicodusport.fr\/blog\/?s={search_term_string}\"},\"query-input\":{\"@type\":\"PropertyValueSpecification\",\"valueRequired\":true,\"valueName\":\"search_term_string\"}}],\"inLanguage\":\"fr-FR\"},{\"@type\":\"NewsMediaOrganization\",\"@id\":\"https:\/\/dicodusport.fr\/blog\/#organization\",\"name\":\"Dicodusport\",\"url\":\"https:\/\/dicodusport.fr\/blog\/\",\"logo\":{\"@type\":\"ImageObject\",\"inLanguage\":\"fr-FR\",\"@id\":\"https:\/\/dicodusport.fr\/blog\/#\/schema\/logo\/image\/\",\"url\":\"https:\/\/dicodusport.fr\/blog\/wp-content\/uploads\/2020\/06\/cropped-LOGO-DICODUSPORT-2020-SANS-FOND-SANS-TEXTE.png\",\"contentUrl\":\"https:\/\/dicodusport.fr\/blog\/wp-content\/uploads\/2020\/06\/cropped-LOGO-DICODUSPORT-2020-SANS-FOND-SANS-TEXTE.png\",\"width\":512,\"height\":512,\"caption\":\"Dicodusport\"},\"image\":{\"@id\":\"https:\/\/dicodusport.fr\/blog\/#\/schema\/logo\/image\/\"},\"sameAs\":[\"https:\/\/www.facebook.com\/dicodusport\",\"https:\/\/x.com\/dicodusport\",\"https:\/\/www.instagram.com\/dicodusport\/\",\"https:\/\/www.youtube.com\/channel\/UC7V2KZ5sd3htJivAbA4ZG3w\"],\"description\":\"Dicodusport est l'encyclop\u00e9die de l'actualit\u00e9 sportive.\",\"email\":\"bonjour@dicodusport.fr\",\"legalName\":\"DICODUSPORT\",\"foundingDate\":\"2018-01-14\",\"vatID\":\"FR71834470973\",\"taxID\":\"83447097300043\",\"numberOfEmployees\":{\"@type\":\"QuantitativeValue\",\"minValue\":\"1\",\"maxValue\":\"10\"}},{\"@type\":\"Person\",\"@id\":\"https:\/\/dicodusport.fr\/blog\/#\/schema\/person\/416c975648aca9da8839bdfe333a21c9\",\"name\":\"Sophie Clapier\",\"image\":{\"@type\":\"ImageObject\",\"inLanguage\":\"fr-FR\",\"@id\":\"https:\/\/dicodusport.fr\/blog\/#\/schema\/person\/image\/\",\"url\":\"https:\/\/dicodusport.fr\/blog\/wp-content\/uploads\/2021\/05\/Sophie-Clapier-150x150.jpg\",\"contentUrl\":\"https:\/\/dicodusport.fr\/blog\/wp-content\/uploads\/2021\/05\/Sophie-Clapier-150x150.jpg\",\"caption\":\"Sophie Clapier\"},\"description\":\"Journaliste\/r\u00e9dactrice depuis janvier 2016 - Passionn\u00e9e de sport depuis toujours, j\u2019en ai pratiqu\u00e9 quelques-uns. Judo, football, handball ou encore tennis, je n\u2019ai jamais pu me mettre d\u2019accord sur un en particulier. Mais \u00e7a, c\u2019\u00e9tait avant de d\u00e9couvrir le basket, devenu mon sport de pr\u00e9dilection. Les actions NBA, le All-Star Week-end, la fureur des Game 7 pendant les playoffs ou mieux, lors des Finals, this is why we play. Team Spurs T.P, je m\u2019accroche encore \u00e0 Gregg Popovich (don\u2019t leave !). Team chef Curry, je souhaite qu\u2019il finisse aux Warriors (staaaay !). Non, il n\u2019y a pas qu\u2019eux, des petits nouveaux -et des petites nouvelles \u00e9videmment- arrivent chaque jour dans toutes les disciplines et cr\u00e9ent de nouveaux exploits. Alors pour les grands \u00e9v\u00e9nements et comp\u00e9titions internationales, vive les pulsations 240\/minutes et le d\u00e9fibrillateur pas loin, et allez les Bleu(e)s ! C\u2019est s\u00fbr, j\u2019aurai plus vu ma vie sur un terrain de sport, mais \u00e0 d\u00e9faut d\u2019en faire en haut niveau, je le partage avec vous.\",\"sameAs\":[\"https:\/\/www.facebook.com\/soocube\",\"https:\/\/x.com\/https:\/\/twitter.com\/soocube\",\"admin\"],\"url\":\"https:\/\/dicodusport.fr\/blog\/author\/sophie\/\"}]}<\/script>\n<!-- \/ Yoast SEO Premium plugin. -->","yoast_head_json":{"title":"Mondiaux Jeunes\/Juniors de biathlon 2025 : Ilona Plechacova remporte l'individuel jeunes","description":"CHAMPIONNATS DU MONDE DE BIATHLON JEUNES ET JUNIORS 2025 - Ilona Plechacova \u00e9crase la concurrence sur la piste de cet individuel jeunes.","robots":{"index":"index","follow":"follow","max-snippet":"max-snippet:-1","max-image-preview":"max-image-preview:large","max-video-preview":"max-video-preview:-1"},"canonical":"https:\/\/dicodusport.fr\/blog\/mondiaux-jeunes-juniors-de-biathlon-2025-ilona-plechacova-remporte-lindividuel-jeunes\/","og_locale":"fr_FR","og_type":"article","og_title":"Mondiaux Jeunes\/Juniors de biathlon 2025 : Ilona Plechacova remporte l'individuel jeunes","og_description":"CHAMPIONNATS DU MONDE DE BIATHLON JEUNES ET JUNIORS 2025 - Ilona Plechacova \u00e9crase la concurrence sur la piste de cet individuel jeunes.","og_url":"https:\/\/dicodusport.fr\/blog\/mondiaux-jeunes-juniors-de-biathlon-2025-ilona-plechacova-remporte-lindividuel-jeunes\/","og_site_name":"Dicodusport","article_publisher":"https:\/\/www.facebook.com\/dicodusport","article_author":"https:\/\/www.facebook.com\/soocube","article_published_time":"2025-02-26T13:30:17+00:00","article_modified_time":"2025-07-09T16:34:30+00:00","og_image":[{"width":1200,"height":674,"url":"https:\/\/dicodusport.fr\/blog\/wp-content\/uploads\/2025\/02\/Mondiaux-JeunesJuniors-de-biathlon-2025-Ilona-Plechacova-remporte-lindividuel-jeunes.png","type":"image\/png"}],"author":"Sophie Clapier","twitter_card":"summary_large_image","twitter_title":"Mondiaux Jeunes\/Juniors de biathlon 2025 : Ilona Plechacova remporte l'individuel jeunes","twitter_creator":"@https:\/\/twitter.com\/soocube","twitter_site":"@dicodusport","schema":{"@context":"https:\/\/schema.org","@graph":[{"@type":"NewsArticle","@id":"https:\/\/dicodusport.fr\/blog\/mondiaux-jeunes-juniors-de-biathlon-2025-ilona-plechacova-remporte-lindividuel-jeunes\/#article","isPartOf":{"@id":"https:\/\/dicodusport.fr\/blog\/mondiaux-jeunes-juniors-de-biathlon-2025-ilona-plechacova-remporte-lindividuel-jeunes\/"},"author":{"name":"Sophie Clapier","@id":"https:\/\/dicodusport.fr\/blog\/#\/schema\/person\/416c975648aca9da8839bdfe333a21c9"},"headline":"Mondiaux Jeunes\/Juniors de biathlon 2025 : Ilona Plechacova remporte l&rsquo;individuel jeunes","datePublished":"2025-02-26T13:30:17+00:00","dateModified":"2025-07-09T16:34:30+00:00","mainEntityOfPage":{"@id":"https:\/\/dicodusport.fr\/blog\/mondiaux-jeunes-juniors-de-biathlon-2025-ilona-plechacova-remporte-lindividuel-jeunes\/"},"wordCount":675,"commentCount":0,"publisher":{"@id":"https:\/\/dicodusport.fr\/blog\/#organization"},"image":{"@id":"https:\/\/dicodusport.fr\/blog\/mondiaux-jeunes-juniors-de-biathlon-2025-ilona-plechacova-remporte-lindividuel-jeunes\/#primaryimage"},"thumbnailUrl":"https:\/\/dicodusport.fr\/blog\/wp-content\/uploads\/2025\/02\/Mondiaux-JeunesJuniors-de-biathlon-2025-Ilona-Plechacova-remporte-lindividuel-jeunes.png","keywords":["Biathlon","br\u00e8ve","Championnats du monde juniors de biathlon"],"articleSection":["Championnats du monde de biathlon"],"inLanguage":"fr-FR","potentialAction":[{"@type":"CommentAction","name":"Comment","target":["https:\/\/dicodusport.fr\/blog\/mondiaux-jeunes-juniors-de-biathlon-2025-ilona-plechacova-remporte-lindividuel-jeunes\/#respond"]}],"copyrightYear":"2025","copyrightHolder":{"@id":"https:\/\/dicodusport.fr\/blog\/#organization"}},{"@type":"WebPage","@id":"https:\/\/dicodusport.fr\/blog\/mondiaux-jeunes-juniors-de-biathlon-2025-ilona-plechacova-remporte-lindividuel-jeunes\/","url":"https:\/\/dicodusport.fr\/blog\/mondiaux-jeunes-juniors-de-biathlon-2025-ilona-plechacova-remporte-lindividuel-jeunes\/","name":"Mondiaux Jeunes\/Juniors de biathlon 2025 : Ilona Plechacova remporte l'individuel jeunes","isPartOf":{"@id":"https:\/\/dicodusport.fr\/blog\/#website"},"primaryImageOfPage":{"@id":"https:\/\/dicodusport.fr\/blog\/mondiaux-jeunes-juniors-de-biathlon-2025-ilona-plechacova-remporte-lindividuel-jeunes\/#primaryimage"},"image":{"@id":"https:\/\/dicodusport.fr\/blog\/mondiaux-jeunes-juniors-de-biathlon-2025-ilona-plechacova-remporte-lindividuel-jeunes\/#primaryimage"},"thumbnailUrl":"https:\/\/dicodusport.fr\/blog\/wp-content\/uploads\/2025\/02\/Mondiaux-JeunesJuniors-de-biathlon-2025-Ilona-Plechacova-remporte-lindividuel-jeunes.png","datePublished":"2025-02-26T13:30:17+00:00","dateModified":"2025-07-09T16:34:30+00:00","description":"CHAMPIONNATS DU MONDE DE BIATHLON JEUNES ET JUNIORS 2025 - Ilona Plechacova \u00e9crase la concurrence sur la piste de cet individuel jeunes.","breadcrumb":{"@id":"https:\/\/dicodusport.fr\/blog\/mondiaux-jeunes-juniors-de-biathlon-2025-ilona-plechacova-remporte-lindividuel-jeunes\/#breadcrumb"},"inLanguage":"fr-FR","potentialAction":[{"@type":"ReadAction","target":["https:\/\/dicodusport.fr\/blog\/mondiaux-jeunes-juniors-de-biathlon-2025-ilona-plechacova-remporte-lindividuel-jeunes\/"]}]},{"@type":"ImageObject","inLanguage":"fr-FR","@id":"https:\/\/dicodusport.fr\/blog\/mondiaux-jeunes-juniors-de-biathlon-2025-ilona-plechacova-remporte-lindividuel-jeunes\/#primaryimage","url":"https:\/\/dicodusport.fr\/blog\/wp-content\/uploads\/2025\/02\/Mondiaux-JeunesJuniors-de-biathlon-2025-Ilona-Plechacova-remporte-lindividuel-jeunes.png","contentUrl":"https:\/\/dicodusport.fr\/blog\/wp-content\/uploads\/2025\/02\/Mondiaux-JeunesJuniors-de-biathlon-2025-Ilona-Plechacova-remporte-lindividuel-jeunes.png","width":1200,"height":674,"caption":"Mondiaux JeunesJuniors de biathlon 2025 Ilona Plechacova remporte l'individuel jeunes"},{"@type":"BreadcrumbList","@id":"https:\/\/dicodusport.fr\/blog\/mondiaux-jeunes-juniors-de-biathlon-2025-ilona-plechacova-remporte-lindividuel-jeunes\/#breadcrumb","itemListElement":[{"@type":"ListItem","position":1,"name":"Accueil","item":"https:\/\/dicodusport.fr\/blog\/"},{"@type":"ListItem","position":2,"name":"Mondiaux Jeunes\/Juniors de biathlon 2025 : Ilona Plechacova remporte l&rsquo;individuel jeunes"}]},{"@type":"WebSite","@id":"https:\/\/dicodusport.fr\/blog\/#website","url":"https:\/\/dicodusport.fr\/blog\/","name":"Dicodusport","description":"L&#039;encyclop\u00e9die de l&#039;actualit\u00e9 sportive","publisher":{"@id":"https:\/\/dicodusport.fr\/blog\/#organization"},"potentialAction":[{"@type":"SearchAction","target":{"@type":"EntryPoint","urlTemplate":"https:\/\/dicodusport.fr\/blog\/?s={search_term_string}"},"query-input":{"@type":"PropertyValueSpecification","valueRequired":true,"valueName":"search_term_string"}}],"inLanguage":"fr-FR"},{"@type":"NewsMediaOrganization","@id":"https:\/\/dicodusport.fr\/blog\/#organization","name":"Dicodusport","url":"https:\/\/dicodusport.fr\/blog\/","logo":{"@type":"ImageObject","inLanguage":"fr-FR","@id":"https:\/\/dicodusport.fr\/blog\/#\/schema\/logo\/image\/","url":"https:\/\/dicodusport.fr\/blog\/wp-content\/uploads\/2020\/06\/cropped-LOGO-DICODUSPORT-2020-SANS-FOND-SANS-TEXTE.png","contentUrl":"https:\/\/dicodusport.fr\/blog\/wp-content\/uploads\/2020\/06\/cropped-LOGO-DICODUSPORT-2020-SANS-FOND-SANS-TEXTE.png","width":512,"height":512,"caption":"Dicodusport"},"image":{"@id":"https:\/\/dicodusport.fr\/blog\/#\/schema\/logo\/image\/"},"sameAs":["https:\/\/www.facebook.com\/dicodusport","https:\/\/x.com\/dicodusport","https:\/\/www.instagram.com\/dicodusport\/","https:\/\/www.youtube.com\/channel\/UC7V2KZ5sd3htJivAbA4ZG3w"],"description":"Dicodusport est l'encyclop\u00e9die de l'actualit\u00e9 sportive.","email":"bonjour@dicodusport.fr","legalName":"DICODUSPORT","foundingDate":"2018-01-14","vatID":"FR71834470973","taxID":"83447097300043","numberOfEmployees":{"@type":"QuantitativeValue","minValue":"1","maxValue":"10"}},{"@type":"Person","@id":"https:\/\/dicodusport.fr\/blog\/#\/schema\/person\/416c975648aca9da8839bdfe333a21c9","name":"Sophie Clapier","image":{"@type":"ImageObject","inLanguage":"fr-FR","@id":"https:\/\/dicodusport.fr\/blog\/#\/schema\/person\/image\/","url":"https:\/\/dicodusport.fr\/blog\/wp-content\/uploads\/2021\/05\/Sophie-Clapier-150x150.jpg","contentUrl":"https:\/\/dicodusport.fr\/blog\/wp-content\/uploads\/2021\/05\/Sophie-Clapier-150x150.jpg","caption":"Sophie Clapier"},"description":"Journaliste\/r\u00e9dactrice depuis janvier 2016 - Passionn\u00e9e de sport depuis toujours, j\u2019en ai pratiqu\u00e9 quelques-uns. Judo, football, handball ou encore tennis, je n\u2019ai jamais pu me mettre d\u2019accord sur un en particulier. Mais \u00e7a, c\u2019\u00e9tait avant de d\u00e9couvrir le basket, devenu mon sport de pr\u00e9dilection. Les actions NBA, le All-Star Week-end, la fureur des Game 7 pendant les playoffs ou mieux, lors des Finals, this is why we play. Team Spurs T.P, je m\u2019accroche encore \u00e0 Gregg Popovich (don\u2019t leave !). Team chef Curry, je souhaite qu\u2019il finisse aux Warriors (staaaay !). Non, il n\u2019y a pas qu\u2019eux, des petits nouveaux -et des petites nouvelles \u00e9videmment- arrivent chaque jour dans toutes les disciplines et cr\u00e9ent de nouveaux exploits. Alors pour les grands \u00e9v\u00e9nements et comp\u00e9titions internationales, vive les pulsations 240\/minutes et le d\u00e9fibrillateur pas loin, et allez les Bleu(e)s ! C\u2019est s\u00fbr, j\u2019aurai plus vu ma vie sur un terrain de sport, mais \u00e0 d\u00e9faut d\u2019en faire en haut niveau, je le partage avec vous.","sameAs":["https:\/\/www.facebook.com\/soocube","https:\/\/x.com\/https:\/\/twitter.com\/soocube","admin"],"url":"https:\/\/dicodusport.fr\/blog\/author\/sophie\/"}]}},"_links":{"self":[{"href":"https:\/\/dicodusport.fr\/blog\/wp-json\/wp\/v2\/posts\/559215","targetHints":{"allow":["GET"]}}],"collection":[{"href":"https:\/\/dicodusport.fr\/blog\/wp-json\/wp\/v2\/posts"}],"about":[{"href":"https:\/\/dicodusport.fr\/blog\/wp-json\/wp\/v2\/types\/post"}],"author":[{"embeddable":true,"href":"https:\/\/dicodusport.fr\/blog\/wp-json\/wp\/v2\/users\/18"}],"replies":[{"embeddable":true,"href":"https:\/\/dicodusport.fr\/blog\/wp-json\/wp\/v2\/comments?post=559215"}],"version-history":[{"count":5,"href":"https:\/\/dicodusport.fr\/blog\/wp-json\/wp\/v2\/posts\/559215\/revisions"}],"predecessor-version":[{"id":559247,"href":"https:\/\/dicodusport.fr\/blog\/wp-json\/wp\/v2\/posts\/559215\/revisions\/559247"}],"wp:featuredmedia":[{"embeddable":true,"href":"https:\/\/dicodusport.fr\/blog\/wp-json\/wp\/v2\/media\/559332"}],"wp:attachment":[{"href":"https:\/\/dicodusport.fr\/blog\/wp-json\/wp\/v2\/media?parent=559215"}],"wp:term":[{"taxonomy":"category","embeddable":true,"href":"https:\/\/dicodusport.fr\/blog\/wp-json\/wp\/v2\/categories?post=559215"},{"taxonomy":"post_tag","embeddable":true,"href":"https:\/\/dicodusport.fr\/blog\/wp-json\/wp\/v2\/tags?post=559215"}],"curies":[{"name":"wp","href":"https:\/\/api.w.org\/{rel}","templated":true}]}}