{"id":559445,"date":"2025-02-27T14:07:26","date_gmt":"2025-02-27T13:07:26","guid":{"rendered":"https:\/\/dicodusport.fr\/blog\/?p=559445&#038;preview=true&#038;preview_id=559445"},"modified":"2025-02-27T16:51:55","modified_gmt":"2025-02-27T15:51:55","slug":"mondiaux-ski-de-fond-2025-troisieme-titre-mondial-daffilee-en-sprint-pour-jonna-sundling","status":"publish","type":"post","link":"https:\/\/dicodusport.fr\/blog\/mondiaux-ski-de-fond-2025-troisieme-titre-mondial-daffilee-en-sprint-pour-jonna-sundling\/","title":{"rendered":"Mondiaux Ski de fond 2025 : Troisi\u00e8me titre mondial d&rsquo;affil\u00e9e en sprint pour Jonna Sundling"},"content":{"rendered":"<h4 style=\"text-align: justify;\"><em>CHAMPIONNATS DU MONDE DE SKI DE FOND 2025 &#8211; Impressionnante toute la journ\u00e9e, <strong>Jonna Sundling a confirm\u00e9 son statut de sp\u00e9cialiste de la discipline et rafle un troisi\u00e8me titre mondial d&rsquo;affil\u00e9e.<\/strong><\/em><\/h4>\n<p style=\"text-align: justify;\">Le sprint libre femmes \u00e9tait la toute premi\u00e8re \u00e9preuve \u00e0 distribuer des m\u00e9dailles dans ces Championnats du monde de ski de fond. N\u00e9anmoins, contrairement \u00e0 l&rsquo;\u00e9preuve masculine, les chances de m\u00e9dailles tricolores \u00e9taient inexistantes. Le premier \u00e9cueil consistait \u00e0 sortir de la qualification, et seule <strong>M\u00e9lissa Gal<\/strong> y est parvenue, et encore, elle a arrach\u00e9 sa place de justesse avec une 28e place, alors que <strong>L\u00e9na Quintin<\/strong> \u00e9chouait pour 16 malheureux centi\u00e8mes dans une qualification survol\u00e9e par la tenante du titre, <strong>Jonna Sundling<\/strong>.<\/p>\n<blockquote class=\"twitter-tweet\">\n<p dir=\"ltr\" lang=\"fr\">\u00c7a passe pour M\u00e9lissa Gal qui rejoint les quarts du sprint femmes des Mondiaux ! \ud83d\udcaa\ud83c\uddeb\ud83c\uddf7<a href=\"https:\/\/twitter.com\/hashtag\/lequipeSKI?src=hash&amp;ref_src=twsrc%5Etfw\">#lequipeSKI<\/a> <a href=\"https:\/\/t.co\/t7b97H3K8x\">pic.twitter.com\/t7b97H3K8x<\/a><\/p>\n<p>\u2014 la chaine L&rsquo;\u00c9quipe (@lachainelequipe) <a href=\"https:\/\/twitter.com\/lachainelequipe\/status\/1895049719522418909?ref_src=twsrc%5Etfw\">February 27, 2025<\/a><\/p><\/blockquote>\n<p style=\"text-align: justify;\"><script async src=\"https:\/\/platform.twitter.com\/widgets.js\" charset=\"utf-8\"><\/script><\/p>\n<h2 style=\"text-align: justify;\">Imbattable Sundling<\/h2>\n<p style=\"text-align: justify;\">Positionn\u00e9 dans le premier des cinq quarts de finale, <strong>M\u00e9lissa Gal<\/strong> n&rsquo;a malheureusement rien pu faire et a quitt\u00e9 logiquement la comp\u00e9tition. L&rsquo;\u00e9cr\u00e9mage commen\u00e7ait alors, quelques gros noms passant \u00e0 c\u00f4t\u00e9 comme<strong> Victoria Carl<\/strong> ou <strong>Jessie Diggins<\/strong> (m\u00eame si le sprint n&rsquo;est pas la sp\u00e9cialit\u00e9 de l&rsquo;Am\u00e9ricaine). Les demi-finales semblaient parties pour respecter la hi\u00e9rarchie, mais dans la seconde, <strong>Johanna Hagstroem<\/strong> a chut\u00e9 dans le dernier virage, abandonnant ses illusions.<\/p>\n<p style=\"text-align: justify;\">Au vu de l&rsquo;impression qu&rsquo;elle avait d\u00e9gag\u00e9 toute la matin\u00e9e, <strong>Jonna Sundling\u00a0<\/strong>\u00e9tait logiquement la favorite de la finale. Sa principale rivale, <strong>Kristine Skistad<\/strong>, tentait de partir fort, mais la Su\u00e9doise contrait pour s&rsquo;installer en t\u00eate. Les deux s&rsquo;isolaient, mais <strong>Jonna Sundling\u00a0<\/strong>envoyait des banderilles incessantes dans chaque bosse, et finissait par faire craquer la Norv\u00e9gienne pour aller s&rsquo;imposer largement devant <strong>Skistad<\/strong> et <strong>Nadine Faehndrich<\/strong>. Championne olympique et d\u00e9sormais triple championne du monde, la Su\u00e9doise est la Reine du sprint !<\/p>\n<blockquote class=\"twitter-tweet\">\n<p dir=\"ltr\" lang=\"sv\">JONNA SUNDLING \ud83e\udd47\ud83c\uddf8\ud83c\uddea<\/p>\n<p>Svenskan tog sitt tredje sprint VM-guld i rad i \u00f6verl\u00e4gsen stil \ud83c\udf1f <a href=\"https:\/\/t.co\/rMnIyk4hYT\">pic.twitter.com\/rMnIyk4hYT<\/a><\/p>\n<p>\u2014 Viaplay Vinter (@ViaplayVinter) <a href=\"https:\/\/twitter.com\/ViaplayVinter\/status\/1895099593920332124?ref_src=twsrc%5Etfw\">February 27, 2025<\/a><\/p><\/blockquote>\n<p><script async src=\"https:\/\/platform.twitter.com\/widgets.js\" charset=\"utf-8\"><\/script><\/p>\n<p style=\"text-align: justify;\">\n","protected":false},"excerpt":{"rendered":"<p>CHAMPIONNATS DU MONDE DE SKI DE FOND 2025 &#8211; Impressionnante toute la journ\u00e9e, Jonna Sundling a confirm\u00e9 son statut de sp\u00e9cialiste de la discipline et rafle un troisi\u00e8me titre mondial d&rsquo;affil\u00e9e.<\/p>\n","protected":false},"author":59,"featured_media":559612,"comment_status":"open","ping_status":"closed","sticky":false,"template":"","format":"standard","meta":{"_acf_changed":false,"_daextam_enable_autolinks":"1","footnotes":""},"categories":[9217],"tags":[16878,2819],"class_list":["post-559445","post","type-post","status-publish","format-standard","has-post-thumbnail","hentry","category-ski","tag-breve","tag-ski-de-fond"],"acf":[],"yoast_head":"<!-- This site is optimized with the Yoast SEO Premium plugin v26.7 (Yoast SEO v26.7) - https:\/\/yoast.com\/wordpress\/plugins\/seo\/ -->\n<title>Mondiaux Ski de fond 2025 : Troisi\u00e8me titre mondial d&#039;affil\u00e9e en sprint pour Jonna Sundling<\/title>\n<meta name=\"description\" content=\"CHAMPIONNATS DU MONDE DE SKI DE FOND 2025 - Jonna Sundling a confirm\u00e9 son statut de sp\u00e9cialiste de la discipline et rafle un troisi\u00e8me titre mondial d&#039;affil\u00e9e.\" \/>\n<meta name=\"robots\" content=\"index, follow, max-snippet:-1, max-image-preview:large, max-video-preview:-1\" \/>\n<link rel=\"canonical\" href=\"https:\/\/dicodusport.fr\/blog\/mondiaux-ski-de-fond-2025-troisieme-titre-mondial-daffilee-en-sprint-pour-jonna-sundling\/\" \/>\n<meta property=\"og:locale\" content=\"fr_FR\" \/>\n<meta property=\"og:type\" content=\"article\" \/>\n<meta property=\"og:title\" content=\"Mondiaux Ski de fond 2025 : Troisi\u00e8me titre mondial d&#039;affil\u00e9e en sprint pour Jonna Sundling\" \/>\n<meta property=\"og:description\" content=\"CHAMPIONNATS DU MONDE DE SKI DE FOND 2025 - Jonna Sundling a confirm\u00e9 son statut de sp\u00e9cialiste de la discipline et rafle un troisi\u00e8me titre mondial d&#039;affil\u00e9e.\" \/>\n<meta property=\"og:url\" content=\"https:\/\/dicodusport.fr\/blog\/mondiaux-ski-de-fond-2025-troisieme-titre-mondial-daffilee-en-sprint-pour-jonna-sundling\/\" \/>\n<meta property=\"og:site_name\" content=\"Dicodusport\" \/>\n<meta property=\"article:publisher\" content=\"https:\/\/www.facebook.com\/dicodusport\" \/>\n<meta property=\"article:author\" content=\"https:\/\/www.facebook.com\/sebastien.gente\/\" \/>\n<meta property=\"article:published_time\" content=\"2025-02-27T13:07:26+00:00\" \/>\n<meta property=\"article:modified_time\" content=\"2025-02-27T15:51:55+00:00\" \/>\n<meta property=\"og:image\" content=\"https:\/\/dicodusport.fr\/blog\/wp-content\/uploads\/2025\/02\/Mondiaux-Ski-de-fond-2025-Troisieme-titre-mondial-daffilee-en-sprint-pour-Jonna-Sundling-1.png\" \/>\n\t<meta property=\"og:image:width\" content=\"1200\" \/>\n\t<meta property=\"og:image:height\" content=\"674\" \/>\n\t<meta property=\"og:image:type\" content=\"image\/png\" \/>\n<meta name=\"author\" content=\"S\u00e9bastien Gente\" \/>\n<meta name=\"twitter:card\" content=\"summary_large_image\" \/>\n<meta name=\"twitter:title\" content=\"Mondiaux Ski de fond 2025 : Troisi\u00e8me titre mondial d&#039;affil\u00e9e en sprint pour Jonna Sundling\" \/>\n<meta name=\"twitter:creator\" content=\"@https:\/\/twitter.com\/globulo24\" \/>\n<meta name=\"twitter:site\" content=\"@dicodusport\" \/>\n<script type=\"application\/ld+json\" class=\"yoast-schema-graph\">{\"@context\":\"https:\/\/schema.org\",\"@graph\":[{\"@type\":\"NewsArticle\",\"@id\":\"https:\/\/dicodusport.fr\/blog\/mondiaux-ski-de-fond-2025-troisieme-titre-mondial-daffilee-en-sprint-pour-jonna-sundling\/#article\",\"isPartOf\":{\"@id\":\"https:\/\/dicodusport.fr\/blog\/mondiaux-ski-de-fond-2025-troisieme-titre-mondial-daffilee-en-sprint-pour-jonna-sundling\/\"},\"author\":{\"name\":\"S\u00e9bastien Gente\",\"@id\":\"https:\/\/dicodusport.fr\/blog\/#\/schema\/person\/627966a6cde45dbd8c5e36ac85d783da\"},\"headline\":\"Mondiaux Ski de fond 2025 : Troisi\u00e8me titre mondial d&rsquo;affil\u00e9e en sprint pour Jonna Sundling\",\"datePublished\":\"2025-02-27T13:07:26+00:00\",\"dateModified\":\"2025-02-27T15:51:55+00:00\",\"mainEntityOfPage\":{\"@id\":\"https:\/\/dicodusport.fr\/blog\/mondiaux-ski-de-fond-2025-troisieme-titre-mondial-daffilee-en-sprint-pour-jonna-sundling\/\"},\"wordCount\":368,\"commentCount\":0,\"publisher\":{\"@id\":\"https:\/\/dicodusport.fr\/blog\/#organization\"},\"image\":{\"@id\":\"https:\/\/dicodusport.fr\/blog\/mondiaux-ski-de-fond-2025-troisieme-titre-mondial-daffilee-en-sprint-pour-jonna-sundling\/#primaryimage\"},\"thumbnailUrl\":\"https:\/\/dicodusport.fr\/blog\/wp-content\/uploads\/2025\/02\/Mondiaux-Ski-de-fond-2025-Troisieme-titre-mondial-daffilee-en-sprint-pour-Jonna-Sundling-1.png\",\"keywords\":[\"br\u00e8ve\",\"Ski de fond\"],\"articleSection\":[\"Ski\"],\"inLanguage\":\"fr-FR\",\"potentialAction\":[{\"@type\":\"CommentAction\",\"name\":\"Comment\",\"target\":[\"https:\/\/dicodusport.fr\/blog\/mondiaux-ski-de-fond-2025-troisieme-titre-mondial-daffilee-en-sprint-pour-jonna-sundling\/#respond\"]}],\"copyrightYear\":\"2025\",\"copyrightHolder\":{\"@id\":\"https:\/\/dicodusport.fr\/blog\/#organization\"}},{\"@type\":\"WebPage\",\"@id\":\"https:\/\/dicodusport.fr\/blog\/mondiaux-ski-de-fond-2025-troisieme-titre-mondial-daffilee-en-sprint-pour-jonna-sundling\/\",\"url\":\"https:\/\/dicodusport.fr\/blog\/mondiaux-ski-de-fond-2025-troisieme-titre-mondial-daffilee-en-sprint-pour-jonna-sundling\/\",\"name\":\"Mondiaux Ski de fond 2025 : Troisi\u00e8me titre mondial d'affil\u00e9e en sprint pour Jonna Sundling\",\"isPartOf\":{\"@id\":\"https:\/\/dicodusport.fr\/blog\/#website\"},\"primaryImageOfPage\":{\"@id\":\"https:\/\/dicodusport.fr\/blog\/mondiaux-ski-de-fond-2025-troisieme-titre-mondial-daffilee-en-sprint-pour-jonna-sundling\/#primaryimage\"},\"image\":{\"@id\":\"https:\/\/dicodusport.fr\/blog\/mondiaux-ski-de-fond-2025-troisieme-titre-mondial-daffilee-en-sprint-pour-jonna-sundling\/#primaryimage\"},\"thumbnailUrl\":\"https:\/\/dicodusport.fr\/blog\/wp-content\/uploads\/2025\/02\/Mondiaux-Ski-de-fond-2025-Troisieme-titre-mondial-daffilee-en-sprint-pour-Jonna-Sundling-1.png\",\"datePublished\":\"2025-02-27T13:07:26+00:00\",\"dateModified\":\"2025-02-27T15:51:55+00:00\",\"description\":\"CHAMPIONNATS DU MONDE DE SKI DE FOND 2025 - Jonna Sundling a confirm\u00e9 son statut de sp\u00e9cialiste de la discipline et rafle un troisi\u00e8me titre mondial d'affil\u00e9e.\",\"breadcrumb\":{\"@id\":\"https:\/\/dicodusport.fr\/blog\/mondiaux-ski-de-fond-2025-troisieme-titre-mondial-daffilee-en-sprint-pour-jonna-sundling\/#breadcrumb\"},\"inLanguage\":\"fr-FR\",\"potentialAction\":[{\"@type\":\"ReadAction\",\"target\":[\"https:\/\/dicodusport.fr\/blog\/mondiaux-ski-de-fond-2025-troisieme-titre-mondial-daffilee-en-sprint-pour-jonna-sundling\/\"]}]},{\"@type\":\"ImageObject\",\"inLanguage\":\"fr-FR\",\"@id\":\"https:\/\/dicodusport.fr\/blog\/mondiaux-ski-de-fond-2025-troisieme-titre-mondial-daffilee-en-sprint-pour-jonna-sundling\/#primaryimage\",\"url\":\"https:\/\/dicodusport.fr\/blog\/wp-content\/uploads\/2025\/02\/Mondiaux-Ski-de-fond-2025-Troisieme-titre-mondial-daffilee-en-sprint-pour-Jonna-Sundling-1.png\",\"contentUrl\":\"https:\/\/dicodusport.fr\/blog\/wp-content\/uploads\/2025\/02\/Mondiaux-Ski-de-fond-2025-Troisieme-titre-mondial-daffilee-en-sprint-pour-Jonna-Sundling-1.png\",\"width\":1200,\"height\":674,\"caption\":\"Mondiaux Ski de fond 2025 Troisi\u00e8me titre mondial d'affil\u00e9e en sprint pour Jonna Sundling\"},{\"@type\":\"BreadcrumbList\",\"@id\":\"https:\/\/dicodusport.fr\/blog\/mondiaux-ski-de-fond-2025-troisieme-titre-mondial-daffilee-en-sprint-pour-jonna-sundling\/#breadcrumb\",\"itemListElement\":[{\"@type\":\"ListItem\",\"position\":1,\"name\":\"Accueil\",\"item\":\"https:\/\/dicodusport.fr\/blog\/\"},{\"@type\":\"ListItem\",\"position\":2,\"name\":\"Mondiaux Ski de fond 2025 : Troisi\u00e8me titre mondial d&rsquo;affil\u00e9e en sprint pour Jonna Sundling\"}]},{\"@type\":\"WebSite\",\"@id\":\"https:\/\/dicodusport.fr\/blog\/#website\",\"url\":\"https:\/\/dicodusport.fr\/blog\/\",\"name\":\"Dicodusport\",\"description\":\"L&#039;encyclop\u00e9die de l&#039;actualit\u00e9 sportive\",\"publisher\":{\"@id\":\"https:\/\/dicodusport.fr\/blog\/#organization\"},\"potentialAction\":[{\"@type\":\"SearchAction\",\"target\":{\"@type\":\"EntryPoint\",\"urlTemplate\":\"https:\/\/dicodusport.fr\/blog\/?s={search_term_string}\"},\"query-input\":{\"@type\":\"PropertyValueSpecification\",\"valueRequired\":true,\"valueName\":\"search_term_string\"}}],\"inLanguage\":\"fr-FR\"},{\"@type\":\"NewsMediaOrganization\",\"@id\":\"https:\/\/dicodusport.fr\/blog\/#organization\",\"name\":\"Dicodusport\",\"url\":\"https:\/\/dicodusport.fr\/blog\/\",\"logo\":{\"@type\":\"ImageObject\",\"inLanguage\":\"fr-FR\",\"@id\":\"https:\/\/dicodusport.fr\/blog\/#\/schema\/logo\/image\/\",\"url\":\"https:\/\/dicodusport.fr\/blog\/wp-content\/uploads\/2020\/06\/cropped-LOGO-DICODUSPORT-2020-SANS-FOND-SANS-TEXTE.png\",\"contentUrl\":\"https:\/\/dicodusport.fr\/blog\/wp-content\/uploads\/2020\/06\/cropped-LOGO-DICODUSPORT-2020-SANS-FOND-SANS-TEXTE.png\",\"width\":512,\"height\":512,\"caption\":\"Dicodusport\"},\"image\":{\"@id\":\"https:\/\/dicodusport.fr\/blog\/#\/schema\/logo\/image\/\"},\"sameAs\":[\"https:\/\/www.facebook.com\/dicodusport\",\"https:\/\/x.com\/dicodusport\",\"https:\/\/www.instagram.com\/dicodusport\/\",\"https:\/\/www.youtube.com\/channel\/UC7V2KZ5sd3htJivAbA4ZG3w\"],\"description\":\"Dicodusport est l'encyclop\u00e9die de l'actualit\u00e9 sportive.\",\"email\":\"bonjour@dicodusport.fr\",\"legalName\":\"DICODUSPORT\",\"foundingDate\":\"2018-01-14\",\"vatID\":\"FR71834470973\",\"taxID\":\"83447097300043\",\"numberOfEmployees\":{\"@type\":\"QuantitativeValue\",\"minValue\":\"1\",\"maxValue\":\"10\"}},{\"@type\":\"Person\",\"@id\":\"https:\/\/dicodusport.fr\/blog\/#\/schema\/person\/627966a6cde45dbd8c5e36ac85d783da\",\"name\":\"S\u00e9bastien Gente\",\"image\":{\"@type\":\"ImageObject\",\"inLanguage\":\"fr-FR\",\"@id\":\"https:\/\/dicodusport.fr\/blog\/#\/schema\/person\/image\/\",\"url\":\"https:\/\/dicodusport.fr\/blog\/wp-content\/uploads\/2021\/09\/1510990_10205810251400683_4124423575079401707_n-150x150.jpg\",\"contentUrl\":\"https:\/\/dicodusport.fr\/blog\/wp-content\/uploads\/2021\/09\/1510990_10205810251400683_4124423575079401707_n-150x150.jpg\",\"caption\":\"S\u00e9bastien Gente\"},\"description\":\"John Stockton, Gianni Bugno, Zinedine Zidane, Steffi Graf, Frode Andresen, St\u00e9phane Stoecklin, Davis Kamoga, Primoz Peterka, Werner Schlager et Aur\u00e9lien Rougerie. Point commun entre ces sportifs? Ils m'ont fait r\u00eaver et ont berc\u00e9 mon adolescence. Je suis un fondu de sports et j'essaie de retranscrire ma passion \u00e0 travers mes articles. Originaire du P\u00e9rigord, ma passion pour les Girondins, les Jaunards et les Jazzmen transpire dans mes \u00e9crits. \u00c0 Dicodusport depuis 2021, je d\u00e9niche les sports m\u00e9connus dans lesquels la France brille, et il y en a !\",\"sameAs\":[\"https:\/\/www.facebook.com\/sebastien.gente\/\",\"https:\/\/www.instagram.com\/sebgente\/\",\"https:\/\/www.linkedin.com\/in\/sbastien-gente-a29583169\/\",\"https:\/\/x.com\/https:\/\/twitter.com\/globulo24\",\"SebastienGente\"],\"worksFor\":\"S\u00e9bastien GENTE\",\"url\":\"https:\/\/dicodusport.fr\/blog\/author\/sebastiengente\/\"}]}<\/script>\n<!-- \/ Yoast SEO Premium plugin. -->","yoast_head_json":{"title":"Mondiaux Ski de fond 2025 : Troisi\u00e8me titre mondial d'affil\u00e9e en sprint pour Jonna Sundling","description":"CHAMPIONNATS DU MONDE DE SKI DE FOND 2025 - Jonna Sundling a confirm\u00e9 son statut de sp\u00e9cialiste de la discipline et rafle un troisi\u00e8me titre mondial d'affil\u00e9e.","robots":{"index":"index","follow":"follow","max-snippet":"max-snippet:-1","max-image-preview":"max-image-preview:large","max-video-preview":"max-video-preview:-1"},"canonical":"https:\/\/dicodusport.fr\/blog\/mondiaux-ski-de-fond-2025-troisieme-titre-mondial-daffilee-en-sprint-pour-jonna-sundling\/","og_locale":"fr_FR","og_type":"article","og_title":"Mondiaux Ski de fond 2025 : Troisi\u00e8me titre mondial d'affil\u00e9e en sprint pour Jonna Sundling","og_description":"CHAMPIONNATS DU MONDE DE SKI DE FOND 2025 - Jonna Sundling a confirm\u00e9 son statut de sp\u00e9cialiste de la discipline et rafle un troisi\u00e8me titre mondial d'affil\u00e9e.","og_url":"https:\/\/dicodusport.fr\/blog\/mondiaux-ski-de-fond-2025-troisieme-titre-mondial-daffilee-en-sprint-pour-jonna-sundling\/","og_site_name":"Dicodusport","article_publisher":"https:\/\/www.facebook.com\/dicodusport","article_author":"https:\/\/www.facebook.com\/sebastien.gente\/","article_published_time":"2025-02-27T13:07:26+00:00","article_modified_time":"2025-02-27T15:51:55+00:00","og_image":[{"width":1200,"height":674,"url":"https:\/\/dicodusport.fr\/blog\/wp-content\/uploads\/2025\/02\/Mondiaux-Ski-de-fond-2025-Troisieme-titre-mondial-daffilee-en-sprint-pour-Jonna-Sundling-1.png","type":"image\/png"}],"author":"S\u00e9bastien Gente","twitter_card":"summary_large_image","twitter_title":"Mondiaux Ski de fond 2025 : Troisi\u00e8me titre mondial d'affil\u00e9e en sprint pour Jonna Sundling","twitter_creator":"@https:\/\/twitter.com\/globulo24","twitter_site":"@dicodusport","schema":{"@context":"https:\/\/schema.org","@graph":[{"@type":"NewsArticle","@id":"https:\/\/dicodusport.fr\/blog\/mondiaux-ski-de-fond-2025-troisieme-titre-mondial-daffilee-en-sprint-pour-jonna-sundling\/#article","isPartOf":{"@id":"https:\/\/dicodusport.fr\/blog\/mondiaux-ski-de-fond-2025-troisieme-titre-mondial-daffilee-en-sprint-pour-jonna-sundling\/"},"author":{"name":"S\u00e9bastien Gente","@id":"https:\/\/dicodusport.fr\/blog\/#\/schema\/person\/627966a6cde45dbd8c5e36ac85d783da"},"headline":"Mondiaux Ski de fond 2025 : Troisi\u00e8me titre mondial d&rsquo;affil\u00e9e en sprint pour Jonna Sundling","datePublished":"2025-02-27T13:07:26+00:00","dateModified":"2025-02-27T15:51:55+00:00","mainEntityOfPage":{"@id":"https:\/\/dicodusport.fr\/blog\/mondiaux-ski-de-fond-2025-troisieme-titre-mondial-daffilee-en-sprint-pour-jonna-sundling\/"},"wordCount":368,"commentCount":0,"publisher":{"@id":"https:\/\/dicodusport.fr\/blog\/#organization"},"image":{"@id":"https:\/\/dicodusport.fr\/blog\/mondiaux-ski-de-fond-2025-troisieme-titre-mondial-daffilee-en-sprint-pour-jonna-sundling\/#primaryimage"},"thumbnailUrl":"https:\/\/dicodusport.fr\/blog\/wp-content\/uploads\/2025\/02\/Mondiaux-Ski-de-fond-2025-Troisieme-titre-mondial-daffilee-en-sprint-pour-Jonna-Sundling-1.png","keywords":["br\u00e8ve","Ski de fond"],"articleSection":["Ski"],"inLanguage":"fr-FR","potentialAction":[{"@type":"CommentAction","name":"Comment","target":["https:\/\/dicodusport.fr\/blog\/mondiaux-ski-de-fond-2025-troisieme-titre-mondial-daffilee-en-sprint-pour-jonna-sundling\/#respond"]}],"copyrightYear":"2025","copyrightHolder":{"@id":"https:\/\/dicodusport.fr\/blog\/#organization"}},{"@type":"WebPage","@id":"https:\/\/dicodusport.fr\/blog\/mondiaux-ski-de-fond-2025-troisieme-titre-mondial-daffilee-en-sprint-pour-jonna-sundling\/","url":"https:\/\/dicodusport.fr\/blog\/mondiaux-ski-de-fond-2025-troisieme-titre-mondial-daffilee-en-sprint-pour-jonna-sundling\/","name":"Mondiaux Ski de fond 2025 : Troisi\u00e8me titre mondial d'affil\u00e9e en sprint pour Jonna Sundling","isPartOf":{"@id":"https:\/\/dicodusport.fr\/blog\/#website"},"primaryImageOfPage":{"@id":"https:\/\/dicodusport.fr\/blog\/mondiaux-ski-de-fond-2025-troisieme-titre-mondial-daffilee-en-sprint-pour-jonna-sundling\/#primaryimage"},"image":{"@id":"https:\/\/dicodusport.fr\/blog\/mondiaux-ski-de-fond-2025-troisieme-titre-mondial-daffilee-en-sprint-pour-jonna-sundling\/#primaryimage"},"thumbnailUrl":"https:\/\/dicodusport.fr\/blog\/wp-content\/uploads\/2025\/02\/Mondiaux-Ski-de-fond-2025-Troisieme-titre-mondial-daffilee-en-sprint-pour-Jonna-Sundling-1.png","datePublished":"2025-02-27T13:07:26+00:00","dateModified":"2025-02-27T15:51:55+00:00","description":"CHAMPIONNATS DU MONDE DE SKI DE FOND 2025 - Jonna Sundling a confirm\u00e9 son statut de sp\u00e9cialiste de la discipline et rafle un troisi\u00e8me titre mondial d'affil\u00e9e.","breadcrumb":{"@id":"https:\/\/dicodusport.fr\/blog\/mondiaux-ski-de-fond-2025-troisieme-titre-mondial-daffilee-en-sprint-pour-jonna-sundling\/#breadcrumb"},"inLanguage":"fr-FR","potentialAction":[{"@type":"ReadAction","target":["https:\/\/dicodusport.fr\/blog\/mondiaux-ski-de-fond-2025-troisieme-titre-mondial-daffilee-en-sprint-pour-jonna-sundling\/"]}]},{"@type":"ImageObject","inLanguage":"fr-FR","@id":"https:\/\/dicodusport.fr\/blog\/mondiaux-ski-de-fond-2025-troisieme-titre-mondial-daffilee-en-sprint-pour-jonna-sundling\/#primaryimage","url":"https:\/\/dicodusport.fr\/blog\/wp-content\/uploads\/2025\/02\/Mondiaux-Ski-de-fond-2025-Troisieme-titre-mondial-daffilee-en-sprint-pour-Jonna-Sundling-1.png","contentUrl":"https:\/\/dicodusport.fr\/blog\/wp-content\/uploads\/2025\/02\/Mondiaux-Ski-de-fond-2025-Troisieme-titre-mondial-daffilee-en-sprint-pour-Jonna-Sundling-1.png","width":1200,"height":674,"caption":"Mondiaux Ski de fond 2025 Troisi\u00e8me titre mondial d'affil\u00e9e en sprint pour Jonna Sundling"},{"@type":"BreadcrumbList","@id":"https:\/\/dicodusport.fr\/blog\/mondiaux-ski-de-fond-2025-troisieme-titre-mondial-daffilee-en-sprint-pour-jonna-sundling\/#breadcrumb","itemListElement":[{"@type":"ListItem","position":1,"name":"Accueil","item":"https:\/\/dicodusport.fr\/blog\/"},{"@type":"ListItem","position":2,"name":"Mondiaux Ski de fond 2025 : Troisi\u00e8me titre mondial d&rsquo;affil\u00e9e en sprint pour Jonna Sundling"}]},{"@type":"WebSite","@id":"https:\/\/dicodusport.fr\/blog\/#website","url":"https:\/\/dicodusport.fr\/blog\/","name":"Dicodusport","description":"L&#039;encyclop\u00e9die de l&#039;actualit\u00e9 sportive","publisher":{"@id":"https:\/\/dicodusport.fr\/blog\/#organization"},"potentialAction":[{"@type":"SearchAction","target":{"@type":"EntryPoint","urlTemplate":"https:\/\/dicodusport.fr\/blog\/?s={search_term_string}"},"query-input":{"@type":"PropertyValueSpecification","valueRequired":true,"valueName":"search_term_string"}}],"inLanguage":"fr-FR"},{"@type":"NewsMediaOrganization","@id":"https:\/\/dicodusport.fr\/blog\/#organization","name":"Dicodusport","url":"https:\/\/dicodusport.fr\/blog\/","logo":{"@type":"ImageObject","inLanguage":"fr-FR","@id":"https:\/\/dicodusport.fr\/blog\/#\/schema\/logo\/image\/","url":"https:\/\/dicodusport.fr\/blog\/wp-content\/uploads\/2020\/06\/cropped-LOGO-DICODUSPORT-2020-SANS-FOND-SANS-TEXTE.png","contentUrl":"https:\/\/dicodusport.fr\/blog\/wp-content\/uploads\/2020\/06\/cropped-LOGO-DICODUSPORT-2020-SANS-FOND-SANS-TEXTE.png","width":512,"height":512,"caption":"Dicodusport"},"image":{"@id":"https:\/\/dicodusport.fr\/blog\/#\/schema\/logo\/image\/"},"sameAs":["https:\/\/www.facebook.com\/dicodusport","https:\/\/x.com\/dicodusport","https:\/\/www.instagram.com\/dicodusport\/","https:\/\/www.youtube.com\/channel\/UC7V2KZ5sd3htJivAbA4ZG3w"],"description":"Dicodusport est l'encyclop\u00e9die de l'actualit\u00e9 sportive.","email":"bonjour@dicodusport.fr","legalName":"DICODUSPORT","foundingDate":"2018-01-14","vatID":"FR71834470973","taxID":"83447097300043","numberOfEmployees":{"@type":"QuantitativeValue","minValue":"1","maxValue":"10"}},{"@type":"Person","@id":"https:\/\/dicodusport.fr\/blog\/#\/schema\/person\/627966a6cde45dbd8c5e36ac85d783da","name":"S\u00e9bastien Gente","image":{"@type":"ImageObject","inLanguage":"fr-FR","@id":"https:\/\/dicodusport.fr\/blog\/#\/schema\/person\/image\/","url":"https:\/\/dicodusport.fr\/blog\/wp-content\/uploads\/2021\/09\/1510990_10205810251400683_4124423575079401707_n-150x150.jpg","contentUrl":"https:\/\/dicodusport.fr\/blog\/wp-content\/uploads\/2021\/09\/1510990_10205810251400683_4124423575079401707_n-150x150.jpg","caption":"S\u00e9bastien Gente"},"description":"John Stockton, Gianni Bugno, Zinedine Zidane, Steffi Graf, Frode Andresen, St\u00e9phane Stoecklin, Davis Kamoga, Primoz Peterka, Werner Schlager et Aur\u00e9lien Rougerie. Point commun entre ces sportifs? Ils m'ont fait r\u00eaver et ont berc\u00e9 mon adolescence. Je suis un fondu de sports et j'essaie de retranscrire ma passion \u00e0 travers mes articles. Originaire du P\u00e9rigord, ma passion pour les Girondins, les Jaunards et les Jazzmen transpire dans mes \u00e9crits. \u00c0 Dicodusport depuis 2021, je d\u00e9niche les sports m\u00e9connus dans lesquels la France brille, et il y en a !","sameAs":["https:\/\/www.facebook.com\/sebastien.gente\/","https:\/\/www.instagram.com\/sebgente\/","https:\/\/www.linkedin.com\/in\/sbastien-gente-a29583169\/","https:\/\/x.com\/https:\/\/twitter.com\/globulo24","SebastienGente"],"worksFor":"S\u00e9bastien GENTE","url":"https:\/\/dicodusport.fr\/blog\/author\/sebastiengente\/"}]}},"_links":{"self":[{"href":"https:\/\/dicodusport.fr\/blog\/wp-json\/wp\/v2\/posts\/559445","targetHints":{"allow":["GET"]}}],"collection":[{"href":"https:\/\/dicodusport.fr\/blog\/wp-json\/wp\/v2\/posts"}],"about":[{"href":"https:\/\/dicodusport.fr\/blog\/wp-json\/wp\/v2\/types\/post"}],"author":[{"embeddable":true,"href":"https:\/\/dicodusport.fr\/blog\/wp-json\/wp\/v2\/users\/59"}],"replies":[{"embeddable":true,"href":"https:\/\/dicodusport.fr\/blog\/wp-json\/wp\/v2\/comments?post=559445"}],"version-history":[{"count":3,"href":"https:\/\/dicodusport.fr\/blog\/wp-json\/wp\/v2\/posts\/559445\/revisions"}],"predecessor-version":[{"id":559613,"href":"https:\/\/dicodusport.fr\/blog\/wp-json\/wp\/v2\/posts\/559445\/revisions\/559613"}],"wp:featuredmedia":[{"embeddable":true,"href":"https:\/\/dicodusport.fr\/blog\/wp-json\/wp\/v2\/media\/559612"}],"wp:attachment":[{"href":"https:\/\/dicodusport.fr\/blog\/wp-json\/wp\/v2\/media?parent=559445"}],"wp:term":[{"taxonomy":"category","embeddable":true,"href":"https:\/\/dicodusport.fr\/blog\/wp-json\/wp\/v2\/categories?post=559445"},{"taxonomy":"post_tag","embeddable":true,"href":"https:\/\/dicodusport.fr\/blog\/wp-json\/wp\/v2\/tags?post=559445"}],"curies":[{"name":"wp","href":"https:\/\/api.w.org\/{rel}","templated":true}]}}