{"id":559475,"date":"2025-02-27T14:21:23","date_gmt":"2025-02-27T13:21:23","guid":{"rendered":"https:\/\/dicodusport.fr\/blog\/?p=559475&#038;preview=true&#038;preview_id=559475"},"modified":"2025-02-27T16:48:11","modified_gmt":"2025-02-27T15:48:11","slug":"mondiaux-ski-de-fond-2025-johannes-klaebo-conserve-sa-couronne-sur-le-sprint","status":"publish","type":"post","link":"https:\/\/dicodusport.fr\/blog\/mondiaux-ski-de-fond-2025-johannes-klaebo-conserve-sa-couronne-sur-le-sprint\/","title":{"rendered":"Mondiaux Ski de Fond 2025 : Johannes Klaebo conserve sa couronne sur le sprint"},"content":{"rendered":"<h4 style=\"text-align: justify;\"><em>MONDIAUX SKI DE FOND 2025 &#8211; Devant le public norv\u00e9gien, Johannes Klaebo a d\u00e9croch\u00e9 son dixi\u00e8me titre mondial en remportant le sprint ce jeudi. Federico Pellegrini et Lauri Vuorinen compl\u00e8tent un podium duquel Jules Chappaz (4\u00e8me) est exclu de peu.<\/em><\/h4>\n<p style=\"text-align: justify;\">Suite \u00e0 deux premi\u00e8res journ\u00e9es d&rsquo;entra\u00eenement, le coup d&rsquo;envoi des <strong>Mondiaux de ski de fond<\/strong> a \u00e9t\u00e9 donn\u00e9 ce jeudi \u00e0 <strong>Trondheim<\/strong> ! Avec les sprints au programme, les Bleus \u00e9taient particuli\u00e8rement attendus dans une \u00e9preuve o\u00f9 ils \u00e9taient plusieurs \u00e0 pouvoir r\u00eaver d&rsquo;un podium. D&rsquo;autant qu&rsquo;en l&rsquo;absence de l&rsquo;actuel 2\u00e8me du g\u00e9n\u00e9ral de la Coupe du monde de la sp\u00e9cialit\u00e9, <strong>Erik Valnes<\/strong>, une possibilit\u00e9 suppl\u00e9mentaire de briller s&rsquo;offrait.<\/p>\n<h2 style=\"text-align: justify;\">Chanavat, Chappaz et Jouve en demis<\/h2>\n<p style=\"text-align: justify;\">D\u00e8s les qualifications, les membres du quatuor tricolore n&rsquo;ont pas failli en s\u00e9curisant facilement leur place dans le tableau final. <strong>Lucas Chanavat<\/strong> (6\u00e8me), <strong>Jules Chappaz<\/strong> (8\u00e8me) et <strong>R\u00e9mi Bourdin<\/strong> (11\u00e8me) ont r\u00e9alis\u00e9 un joli tir group\u00e9 en haut de classement, tandis <strong>Richard Jouve<\/strong> (24\u00e8me) a \u00e9t\u00e9 l\u00e9g\u00e8rement plus en retrait. \u00c9pouvantail de ces mondiaux disput\u00e9s \u00e0 domicile pour lui, <strong>Johannes Klaebo<\/strong> a impos\u00e9 sa griffe imm\u00e9diatement en r\u00e9alisant le meilleur chrono, devant son principal adversaire, le Su\u00e9dois <strong>Edvin Anger<\/strong>.<\/p>\n<ul style=\"text-align: justify;\">\n<li style=\"text-align: justify;\"><strong>\u00c0 ce sujet &#8211; <a href=\"https:\/\/dicodusport.fr\/blog\/championnats-du-monde-de-ski-de-fond-programme-resultats-et-infos\/\">Championnats du Monde de Ski de Fond : Programme, R\u00e9sultats et Infos<\/a><\/strong><\/li>\n<\/ul>\n<p style=\"text-align: justify;\">En quarts de finale, le Norv\u00e9gien s&rsquo;est alors retrouv\u00e9 sur la route de <strong>Lucas Chanavat <\/strong>et <strong>Richard Jouve<\/strong>, tous trois positionn\u00e9s dans la m\u00eame s\u00e9rie. Naturellement, Klaebo va prendre la 1\u00e8re place devant Jouve, qui se qualifie imm\u00e9diatement. Malgr\u00e9 tout, cette s\u00e9rie relev\u00e9e a \u00e9t\u00e9, permettant \u00e0 Chanavat d&rsquo;\u00eatre l&rsquo;un des deux rep\u00each\u00e9s pour les demi-finales. Un statut partag\u00e9 avec l&rsquo;autre grand favori de ce sprint, <strong>Edvin Anger<\/strong>. Pi\u00e9g\u00e9 dans la derni\u00e8re ligne droite, le Su\u00e9dois a \u00e9t\u00e9 battu par <strong>Federico Pellegrini <\/strong>et <strong>Ansgar Evensen<\/strong>. En sursis jusqu&rsquo;au bout, il va \u00eatre sauv\u00e9 au dernier moment par une chute dans le dernier virage de l&rsquo;ultime s\u00e9rie, alors que son chrono \u00e9tait s\u00e9riseument menac\u00e9.<\/p>\n<p style=\"text-align: justify;\">En revanche, <strong>R\u00e9mi Bourdin <\/strong>n&rsquo;a pas connu ce bonheur malgr\u00e9 sa 3\u00e8me place. <strong>Jules Chappaz<\/strong> a lui tir\u00e9 son \u00e9pingle du jeu en \u00e9vitant une chute pour remporter son quart de finale. Forts d&rsquo;un 3\/4, les Bleus s&rsquo;avancent alors en force en demi-finales.<\/p>\n<blockquote class=\"twitter-tweet\">\n<p dir=\"ltr\" lang=\"fr\">Richard Jouve deuxi\u00e8me de son quart de finale derri\u00e8re Johannes Klaebo, Lucas Chanavat va devoir attendre pour savoir s&rsquo;il passe en demi-finale.<\/p>\n<p>Suivez le sprint libre des Championnats du monde de ski nordique sur la chaine L&rsquo;\u00c9quipe : <a href=\"https:\/\/t.co\/bZzATUPkNL\">https:\/\/t.co\/bZzATUPkNL<\/a> <a href=\"https:\/\/twitter.com\/hashtag\/lequipeSKI?src=hash&amp;ref_src=twsrc%5Etfw\">#lequipeSKI<\/a> <a href=\"https:\/\/t.co\/uRRBVixSKi\">pic.twitter.com\/uRRBVixSKi<\/a><\/p>\n<p>\u2014 la chaine L&rsquo;\u00c9quipe (@lachainelequipe) <a href=\"https:\/\/twitter.com\/lachainelequipe\/status\/1895083167939281033?ref_src=twsrc%5Etfw\">February 27, 2025<\/a><\/p><\/blockquote>\n<p><script async src=\"https:\/\/platform.twitter.com\/widgets.js\" charset=\"utf-8\"><\/script><\/p>\n<h2>Johannes Klaebo imp\u00e9rial, Jules Chappaz tout proche<\/h2>\n<p style=\"text-align: justify;\">Positionn\u00e9 dans la premi\u00e8re demi-finale avec les deux cadors, Richard Jouve va r\u00e9aliser une premi\u00e8re partie prudente dans le sillage de <strong>Johannes Klaebo<\/strong> et de <strong>Federico Pellegrini<\/strong>. Pendant qu&rsquo;<strong>Edvin Anger<\/strong> va confirmer ses difficult\u00e9s du jour en terminant bon dernier, le Fran\u00e7ais va tenter d&rsquo;anticiper pour arracher la 2\u00e8me place. Cela ne sera pas payant, et il va m\u00eame glisser au 4\u00e8me rang en \u00e9tant surpass\u00e9 d&rsquo;un rien par <strong>Ansgar Evensen<\/strong>, signant la fin de son aventure . Dans l&rsquo;autre s\u00e9rie, <strong>Lucas Chanavat<\/strong> a pris les commandes de la course d\u00e8s le d\u00e9part, au coude \u00e0 coude avec <strong>Ben Ogden<\/strong>. L&rsquo;effort des deux hommes a permis de pulv\u00e9riser le chrono de la s\u00e9rie pr\u00e9c\u00e9dente. En tant que 2\u00e8me, Chanavat est automatiquement qualifi\u00e9, tandis que <strong>Jules Chappaz<\/strong> et le Tch\u00e8que <strong>Michal Novak<\/strong> s&#8217;emparent des deux derniers billets au temps.<\/p>\n<p style=\"text-align: justify;\">En finale, la France est la seule nation \u00e0 disposer de deux repr\u00e9sentants, m\u00eame face \u00e0 la surpuissante Norv\u00e8ge, qui ne compte d\u00e9j\u00e0 plus que sur l&rsquo;intouchable <strong>Johannes Klaebo<\/strong>. Et sans surprise, le cador de la discipline a permis \u00e0 Trondheim de vibrer en faisant \u00e9talage de sa puissance pour rafler son <strong>quatri\u00e8me titre de rang sur le sprint<\/strong> ! Le Norv\u00e9gien a jou\u00e9 avec les nerfs de ses adversaires, laissant notamment la t\u00eate \u00e0 <strong>Federico Pellegrino<\/strong> avant d&rsquo;acc\u00e9l\u00e9rer pour cr\u00e9er rapidement la diff\u00e9rence. Les deux hommes creusent un gouffre avec le reste de la concurrence, et Pellegrino va assurer l&rsquo;argent.<\/p>\n<p style=\"text-align: justify;\">Pour le bronze, <strong>Lucas Chanavat<\/strong> n&rsquo;avait plus d&rsquo;essence dans le moteur, et \u00e9choue en derni\u00e8re position. En revanche, <strong>Jules Chappaz<\/strong> s&rsquo;est retrouv\u00e9 \u00e0 la lutte avec <strong>Lauri Vuorinen<\/strong>, mais doit s&rsquo;incliner pour deux minuscules dixi\u00e8mes face au Finlandais. Les Bleus quittent donc la journ\u00e9e frustr\u00e9s, avec un go\u00fbt d&rsquo;inachev\u00e9.<\/p>\n<blockquote class=\"twitter-tweet\">\n<p dir=\"ltr\" lang=\"fr\">Johannes Klaebo au dessus du lot \u00e0 Trondheim ! Le Norv\u00e9gien remporte un nouveau titre mondial devant son public sur le sprint. Jules Chappaz \ud83c\uddeb\ud83c\uddf7 prend la quatri\u00e8me place<\/p>\n<p>Suivez les Mondiaux de ski de fond sur Eurosport et Max <a href=\"https:\/\/t.co\/2vWcATb4G2\">pic.twitter.com\/2vWcATb4G2<\/a><\/p>\n<p>\u2014 Eurosport France (@Eurosport_FR) <a href=\"https:\/\/twitter.com\/Eurosport_FR\/status\/1895102715211977011?ref_src=twsrc%5Etfw\">February 27, 2025<\/a><\/p><\/blockquote>\n<p><script async src=\"https:\/\/platform.twitter.com\/widgets.js\" charset=\"utf-8\"><\/script><\/p>\n","protected":false},"excerpt":{"rendered":"<p>MONDIAUX SKI DE FOND 2025 &#8211; Devant le public norv\u00e9gien, Johannes Klaebo a d\u00e9croch\u00e9 son dixi\u00e8me titre mondial en remportant le sprint ce jeudi. Federico Pellegrini et Lauri Vuorinen compl\u00e8tent un podium duquel Jules Chappaz (4\u00e8me) est exclu de peu.<\/p>\n","protected":false},"author":55,"featured_media":559609,"comment_status":"open","ping_status":"closed","sticky":false,"template":"","format":"standard","meta":{"_acf_changed":false,"_daextam_enable_autolinks":"1","footnotes":""},"categories":[9217],"tags":[32415,16878,30338,29914,3779,3895,2819],"class_list":["post-559475","post","type-post","status-publish","format-standard","has-post-thumbnail","hentry","category-ski","tag-actu","tag-breve","tag-johannes-klaebo","tag-jules-chappaz","tag-lucas-chanavat","tag-richard-jouve","tag-ski-de-fond"],"acf":[],"yoast_head":"<!-- This site is optimized with the Yoast SEO Premium plugin v26.7 (Yoast SEO v26.7) - https:\/\/yoast.com\/wordpress\/plugins\/seo\/ -->\n<title>Mondiaux Ski de Fond 2025 : Johannes Klaebo conserve sa couronne sur le sprint<\/title>\n<meta name=\"description\" content=\"MONDIAUX SKI DE FOND 2025 - Johannes Klaebo a \u00e9t\u00e9 sacr\u00e9 sur le sprint ce jeudi pour la quatri\u00e8me de fois de rang. Jules Chappaz termine 4\u00e8me.\" \/>\n<meta name=\"robots\" content=\"index, follow, max-snippet:-1, max-image-preview:large, max-video-preview:-1\" \/>\n<link rel=\"canonical\" href=\"https:\/\/dicodusport.fr\/blog\/mondiaux-ski-de-fond-2025-johannes-klaebo-conserve-sa-couronne-sur-le-sprint\/\" \/>\n<meta property=\"og:locale\" content=\"fr_FR\" \/>\n<meta property=\"og:type\" content=\"article\" \/>\n<meta property=\"og:title\" content=\"Mondiaux Ski de Fond 2025 : Johannes Klaebo conserve sa couronne sur le sprint\" \/>\n<meta property=\"og:description\" content=\"MONDIAUX SKI DE FOND 2025 - Johannes Klaebo a \u00e9t\u00e9 sacr\u00e9 sur le sprint ce jeudi pour la quatri\u00e8me de fois de rang. Jules Chappaz termine 4\u00e8me.\" \/>\n<meta property=\"og:url\" content=\"https:\/\/dicodusport.fr\/blog\/mondiaux-ski-de-fond-2025-johannes-klaebo-conserve-sa-couronne-sur-le-sprint\/\" \/>\n<meta property=\"og:site_name\" content=\"Dicodusport\" \/>\n<meta property=\"article:publisher\" content=\"https:\/\/www.facebook.com\/dicodusport\" \/>\n<meta property=\"article:published_time\" content=\"2025-02-27T13:21:23+00:00\" \/>\n<meta property=\"article:modified_time\" content=\"2025-02-27T15:48:11+00:00\" \/>\n<meta property=\"og:image\" content=\"https:\/\/dicodusport.fr\/blog\/wp-content\/uploads\/2025\/02\/Mondiaux-Ski-de-Fond-2025-Johannes-Klaebo-conserve-sa-couronne-sur-le-sprint-1.png\" \/>\n\t<meta property=\"og:image:width\" content=\"1200\" \/>\n\t<meta property=\"og:image:height\" content=\"674\" \/>\n\t<meta property=\"og:image:type\" content=\"image\/png\" \/>\n<meta name=\"author\" content=\"Maxime Cazenave\" \/>\n<meta name=\"twitter:card\" content=\"summary_large_image\" \/>\n<meta name=\"twitter:title\" content=\"Mondiaux Ski de Fond 2025 : Johannes Klaebo conserve sa couronne sur le sprint\" \/>\n<meta name=\"twitter:creator\" content=\"@https:\/\/twitter.com\/Maxime_Caze\" \/>\n<meta name=\"twitter:site\" content=\"@dicodusport\" \/>\n<script type=\"application\/ld+json\" class=\"yoast-schema-graph\">{\"@context\":\"https:\/\/schema.org\",\"@graph\":[{\"@type\":\"NewsArticle\",\"@id\":\"https:\/\/dicodusport.fr\/blog\/mondiaux-ski-de-fond-2025-johannes-klaebo-conserve-sa-couronne-sur-le-sprint\/#article\",\"isPartOf\":{\"@id\":\"https:\/\/dicodusport.fr\/blog\/mondiaux-ski-de-fond-2025-johannes-klaebo-conserve-sa-couronne-sur-le-sprint\/\"},\"author\":{\"name\":\"Maxime Cazenave\",\"@id\":\"https:\/\/dicodusport.fr\/blog\/#\/schema\/person\/37def232098a7a5cbab3974a3690abb0\"},\"headline\":\"Mondiaux Ski de Fond 2025 : Johannes Klaebo conserve sa couronne sur le sprint\",\"datePublished\":\"2025-02-27T13:21:23+00:00\",\"dateModified\":\"2025-02-27T15:48:11+00:00\",\"mainEntityOfPage\":{\"@id\":\"https:\/\/dicodusport.fr\/blog\/mondiaux-ski-de-fond-2025-johannes-klaebo-conserve-sa-couronne-sur-le-sprint\/\"},\"wordCount\":862,\"commentCount\":0,\"publisher\":{\"@id\":\"https:\/\/dicodusport.fr\/blog\/#organization\"},\"image\":{\"@id\":\"https:\/\/dicodusport.fr\/blog\/mondiaux-ski-de-fond-2025-johannes-klaebo-conserve-sa-couronne-sur-le-sprint\/#primaryimage\"},\"thumbnailUrl\":\"https:\/\/dicodusport.fr\/blog\/wp-content\/uploads\/2025\/02\/Mondiaux-Ski-de-Fond-2025-Johannes-Klaebo-conserve-sa-couronne-sur-le-sprint-1.png\",\"keywords\":[\"actu\",\"br\u00e8ve\",\"Johannes Kl\u00e6bo\",\"Jules Chappaz\",\"Lucas Chanavat\",\"Richard Jouve\",\"Ski de fond\"],\"articleSection\":[\"Ski\"],\"inLanguage\":\"fr-FR\",\"potentialAction\":[{\"@type\":\"CommentAction\",\"name\":\"Comment\",\"target\":[\"https:\/\/dicodusport.fr\/blog\/mondiaux-ski-de-fond-2025-johannes-klaebo-conserve-sa-couronne-sur-le-sprint\/#respond\"]}],\"copyrightYear\":\"2025\",\"copyrightHolder\":{\"@id\":\"https:\/\/dicodusport.fr\/blog\/#organization\"}},{\"@type\":\"WebPage\",\"@id\":\"https:\/\/dicodusport.fr\/blog\/mondiaux-ski-de-fond-2025-johannes-klaebo-conserve-sa-couronne-sur-le-sprint\/\",\"url\":\"https:\/\/dicodusport.fr\/blog\/mondiaux-ski-de-fond-2025-johannes-klaebo-conserve-sa-couronne-sur-le-sprint\/\",\"name\":\"Mondiaux Ski de Fond 2025 : Johannes Klaebo conserve sa couronne sur le sprint\",\"isPartOf\":{\"@id\":\"https:\/\/dicodusport.fr\/blog\/#website\"},\"primaryImageOfPage\":{\"@id\":\"https:\/\/dicodusport.fr\/blog\/mondiaux-ski-de-fond-2025-johannes-klaebo-conserve-sa-couronne-sur-le-sprint\/#primaryimage\"},\"image\":{\"@id\":\"https:\/\/dicodusport.fr\/blog\/mondiaux-ski-de-fond-2025-johannes-klaebo-conserve-sa-couronne-sur-le-sprint\/#primaryimage\"},\"thumbnailUrl\":\"https:\/\/dicodusport.fr\/blog\/wp-content\/uploads\/2025\/02\/Mondiaux-Ski-de-Fond-2025-Johannes-Klaebo-conserve-sa-couronne-sur-le-sprint-1.png\",\"datePublished\":\"2025-02-27T13:21:23+00:00\",\"dateModified\":\"2025-02-27T15:48:11+00:00\",\"description\":\"MONDIAUX SKI DE FOND 2025 - Johannes Klaebo a \u00e9t\u00e9 sacr\u00e9 sur le sprint ce jeudi pour la quatri\u00e8me de fois de rang. Jules Chappaz termine 4\u00e8me.\",\"breadcrumb\":{\"@id\":\"https:\/\/dicodusport.fr\/blog\/mondiaux-ski-de-fond-2025-johannes-klaebo-conserve-sa-couronne-sur-le-sprint\/#breadcrumb\"},\"inLanguage\":\"fr-FR\",\"potentialAction\":[{\"@type\":\"ReadAction\",\"target\":[\"https:\/\/dicodusport.fr\/blog\/mondiaux-ski-de-fond-2025-johannes-klaebo-conserve-sa-couronne-sur-le-sprint\/\"]}]},{\"@type\":\"ImageObject\",\"inLanguage\":\"fr-FR\",\"@id\":\"https:\/\/dicodusport.fr\/blog\/mondiaux-ski-de-fond-2025-johannes-klaebo-conserve-sa-couronne-sur-le-sprint\/#primaryimage\",\"url\":\"https:\/\/dicodusport.fr\/blog\/wp-content\/uploads\/2025\/02\/Mondiaux-Ski-de-Fond-2025-Johannes-Klaebo-conserve-sa-couronne-sur-le-sprint-1.png\",\"contentUrl\":\"https:\/\/dicodusport.fr\/blog\/wp-content\/uploads\/2025\/02\/Mondiaux-Ski-de-Fond-2025-Johannes-Klaebo-conserve-sa-couronne-sur-le-sprint-1.png\",\"width\":1200,\"height\":674,\"caption\":\"Mondiaux Ski de Fond 2025 Johannes Klaebo conserve sa couronne sur le sprint\"},{\"@type\":\"BreadcrumbList\",\"@id\":\"https:\/\/dicodusport.fr\/blog\/mondiaux-ski-de-fond-2025-johannes-klaebo-conserve-sa-couronne-sur-le-sprint\/#breadcrumb\",\"itemListElement\":[{\"@type\":\"ListItem\",\"position\":1,\"name\":\"Accueil\",\"item\":\"https:\/\/dicodusport.fr\/blog\/\"},{\"@type\":\"ListItem\",\"position\":2,\"name\":\"Mondiaux Ski de Fond 2025 : Johannes Klaebo conserve sa couronne sur le sprint\"}]},{\"@type\":\"WebSite\",\"@id\":\"https:\/\/dicodusport.fr\/blog\/#website\",\"url\":\"https:\/\/dicodusport.fr\/blog\/\",\"name\":\"Dicodusport\",\"description\":\"L&#039;encyclop\u00e9die de l&#039;actualit\u00e9 sportive\",\"publisher\":{\"@id\":\"https:\/\/dicodusport.fr\/blog\/#organization\"},\"potentialAction\":[{\"@type\":\"SearchAction\",\"target\":{\"@type\":\"EntryPoint\",\"urlTemplate\":\"https:\/\/dicodusport.fr\/blog\/?s={search_term_string}\"},\"query-input\":{\"@type\":\"PropertyValueSpecification\",\"valueRequired\":true,\"valueName\":\"search_term_string\"}}],\"inLanguage\":\"fr-FR\"},{\"@type\":\"NewsMediaOrganization\",\"@id\":\"https:\/\/dicodusport.fr\/blog\/#organization\",\"name\":\"Dicodusport\",\"url\":\"https:\/\/dicodusport.fr\/blog\/\",\"logo\":{\"@type\":\"ImageObject\",\"inLanguage\":\"fr-FR\",\"@id\":\"https:\/\/dicodusport.fr\/blog\/#\/schema\/logo\/image\/\",\"url\":\"https:\/\/dicodusport.fr\/blog\/wp-content\/uploads\/2020\/06\/cropped-LOGO-DICODUSPORT-2020-SANS-FOND-SANS-TEXTE.png\",\"contentUrl\":\"https:\/\/dicodusport.fr\/blog\/wp-content\/uploads\/2020\/06\/cropped-LOGO-DICODUSPORT-2020-SANS-FOND-SANS-TEXTE.png\",\"width\":512,\"height\":512,\"caption\":\"Dicodusport\"},\"image\":{\"@id\":\"https:\/\/dicodusport.fr\/blog\/#\/schema\/logo\/image\/\"},\"sameAs\":[\"https:\/\/www.facebook.com\/dicodusport\",\"https:\/\/x.com\/dicodusport\",\"https:\/\/www.instagram.com\/dicodusport\/\",\"https:\/\/www.youtube.com\/channel\/UC7V2KZ5sd3htJivAbA4ZG3w\"],\"description\":\"Dicodusport est l'encyclop\u00e9die de l'actualit\u00e9 sportive.\",\"email\":\"bonjour@dicodusport.fr\",\"legalName\":\"DICODUSPORT\",\"foundingDate\":\"2018-01-14\",\"vatID\":\"FR71834470973\",\"taxID\":\"83447097300043\",\"numberOfEmployees\":{\"@type\":\"QuantitativeValue\",\"minValue\":\"1\",\"maxValue\":\"10\"}},{\"@type\":\"Person\",\"@id\":\"https:\/\/dicodusport.fr\/blog\/#\/schema\/person\/37def232098a7a5cbab3974a3690abb0\",\"name\":\"Maxime Cazenave\",\"image\":{\"@type\":\"ImageObject\",\"inLanguage\":\"fr-FR\",\"@id\":\"https:\/\/dicodusport.fr\/blog\/#\/schema\/person\/image\/\",\"url\":\"https:\/\/dicodusport.fr\/blog\/wp-content\/uploads\/2021\/05\/Maxime-Cazenave-150x150.jpg\",\"contentUrl\":\"https:\/\/dicodusport.fr\/blog\/wp-content\/uploads\/2021\/05\/Maxime-Cazenave-150x150.jpg\",\"caption\":\"Maxime Cazenave\"},\"description\":\"Journaliste\/R\u00e9dacteur depuis 2012 - Berc\u00e9 par l\u2019amour des Girondins de Bordeaux, les \u00e9checs de Christophe Moreau sur le Tour de France sous l'\u00e8re Lance Armstrong et le fade-away l\u00e9tal de Dirk Nowitzki, ma passion d\u00e9vorante pour le sport a toujours \u00e9t\u00e9 un pan incontournable de ma vie. Transmettre ma passion \u00e0 l\u2019\u00e9crit a \u00e9t\u00e9 une transition naturelle. Suiveur assidu de basket et de hockey sur glace, je garde toujours un peu de place pour suivre le cyclisme, le football et le maximum de performances fran\u00e7aises.\",\"sameAs\":[\"https:\/\/x.com\/https:\/\/twitter.com\/Maxime_Caze\"],\"url\":\"https:\/\/dicodusport.fr\/blog\/author\/maximec\/\"}]}<\/script>\n<!-- \/ Yoast SEO Premium plugin. -->","yoast_head_json":{"title":"Mondiaux Ski de Fond 2025 : Johannes Klaebo conserve sa couronne sur le sprint","description":"MONDIAUX SKI DE FOND 2025 - Johannes Klaebo a \u00e9t\u00e9 sacr\u00e9 sur le sprint ce jeudi pour la quatri\u00e8me de fois de rang. Jules Chappaz termine 4\u00e8me.","robots":{"index":"index","follow":"follow","max-snippet":"max-snippet:-1","max-image-preview":"max-image-preview:large","max-video-preview":"max-video-preview:-1"},"canonical":"https:\/\/dicodusport.fr\/blog\/mondiaux-ski-de-fond-2025-johannes-klaebo-conserve-sa-couronne-sur-le-sprint\/","og_locale":"fr_FR","og_type":"article","og_title":"Mondiaux Ski de Fond 2025 : Johannes Klaebo conserve sa couronne sur le sprint","og_description":"MONDIAUX SKI DE FOND 2025 - Johannes Klaebo a \u00e9t\u00e9 sacr\u00e9 sur le sprint ce jeudi pour la quatri\u00e8me de fois de rang. Jules Chappaz termine 4\u00e8me.","og_url":"https:\/\/dicodusport.fr\/blog\/mondiaux-ski-de-fond-2025-johannes-klaebo-conserve-sa-couronne-sur-le-sprint\/","og_site_name":"Dicodusport","article_publisher":"https:\/\/www.facebook.com\/dicodusport","article_published_time":"2025-02-27T13:21:23+00:00","article_modified_time":"2025-02-27T15:48:11+00:00","og_image":[{"width":1200,"height":674,"url":"https:\/\/dicodusport.fr\/blog\/wp-content\/uploads\/2025\/02\/Mondiaux-Ski-de-Fond-2025-Johannes-Klaebo-conserve-sa-couronne-sur-le-sprint-1.png","type":"image\/png"}],"author":"Maxime Cazenave","twitter_card":"summary_large_image","twitter_title":"Mondiaux Ski de Fond 2025 : Johannes Klaebo conserve sa couronne sur le sprint","twitter_creator":"@https:\/\/twitter.com\/Maxime_Caze","twitter_site":"@dicodusport","schema":{"@context":"https:\/\/schema.org","@graph":[{"@type":"NewsArticle","@id":"https:\/\/dicodusport.fr\/blog\/mondiaux-ski-de-fond-2025-johannes-klaebo-conserve-sa-couronne-sur-le-sprint\/#article","isPartOf":{"@id":"https:\/\/dicodusport.fr\/blog\/mondiaux-ski-de-fond-2025-johannes-klaebo-conserve-sa-couronne-sur-le-sprint\/"},"author":{"name":"Maxime Cazenave","@id":"https:\/\/dicodusport.fr\/blog\/#\/schema\/person\/37def232098a7a5cbab3974a3690abb0"},"headline":"Mondiaux Ski de Fond 2025 : Johannes Klaebo conserve sa couronne sur le sprint","datePublished":"2025-02-27T13:21:23+00:00","dateModified":"2025-02-27T15:48:11+00:00","mainEntityOfPage":{"@id":"https:\/\/dicodusport.fr\/blog\/mondiaux-ski-de-fond-2025-johannes-klaebo-conserve-sa-couronne-sur-le-sprint\/"},"wordCount":862,"commentCount":0,"publisher":{"@id":"https:\/\/dicodusport.fr\/blog\/#organization"},"image":{"@id":"https:\/\/dicodusport.fr\/blog\/mondiaux-ski-de-fond-2025-johannes-klaebo-conserve-sa-couronne-sur-le-sprint\/#primaryimage"},"thumbnailUrl":"https:\/\/dicodusport.fr\/blog\/wp-content\/uploads\/2025\/02\/Mondiaux-Ski-de-Fond-2025-Johannes-Klaebo-conserve-sa-couronne-sur-le-sprint-1.png","keywords":["actu","br\u00e8ve","Johannes Kl\u00e6bo","Jules Chappaz","Lucas Chanavat","Richard Jouve","Ski de fond"],"articleSection":["Ski"],"inLanguage":"fr-FR","potentialAction":[{"@type":"CommentAction","name":"Comment","target":["https:\/\/dicodusport.fr\/blog\/mondiaux-ski-de-fond-2025-johannes-klaebo-conserve-sa-couronne-sur-le-sprint\/#respond"]}],"copyrightYear":"2025","copyrightHolder":{"@id":"https:\/\/dicodusport.fr\/blog\/#organization"}},{"@type":"WebPage","@id":"https:\/\/dicodusport.fr\/blog\/mondiaux-ski-de-fond-2025-johannes-klaebo-conserve-sa-couronne-sur-le-sprint\/","url":"https:\/\/dicodusport.fr\/blog\/mondiaux-ski-de-fond-2025-johannes-klaebo-conserve-sa-couronne-sur-le-sprint\/","name":"Mondiaux Ski de Fond 2025 : Johannes Klaebo conserve sa couronne sur le sprint","isPartOf":{"@id":"https:\/\/dicodusport.fr\/blog\/#website"},"primaryImageOfPage":{"@id":"https:\/\/dicodusport.fr\/blog\/mondiaux-ski-de-fond-2025-johannes-klaebo-conserve-sa-couronne-sur-le-sprint\/#primaryimage"},"image":{"@id":"https:\/\/dicodusport.fr\/blog\/mondiaux-ski-de-fond-2025-johannes-klaebo-conserve-sa-couronne-sur-le-sprint\/#primaryimage"},"thumbnailUrl":"https:\/\/dicodusport.fr\/blog\/wp-content\/uploads\/2025\/02\/Mondiaux-Ski-de-Fond-2025-Johannes-Klaebo-conserve-sa-couronne-sur-le-sprint-1.png","datePublished":"2025-02-27T13:21:23+00:00","dateModified":"2025-02-27T15:48:11+00:00","description":"MONDIAUX SKI DE FOND 2025 - Johannes Klaebo a \u00e9t\u00e9 sacr\u00e9 sur le sprint ce jeudi pour la quatri\u00e8me de fois de rang. Jules Chappaz termine 4\u00e8me.","breadcrumb":{"@id":"https:\/\/dicodusport.fr\/blog\/mondiaux-ski-de-fond-2025-johannes-klaebo-conserve-sa-couronne-sur-le-sprint\/#breadcrumb"},"inLanguage":"fr-FR","potentialAction":[{"@type":"ReadAction","target":["https:\/\/dicodusport.fr\/blog\/mondiaux-ski-de-fond-2025-johannes-klaebo-conserve-sa-couronne-sur-le-sprint\/"]}]},{"@type":"ImageObject","inLanguage":"fr-FR","@id":"https:\/\/dicodusport.fr\/blog\/mondiaux-ski-de-fond-2025-johannes-klaebo-conserve-sa-couronne-sur-le-sprint\/#primaryimage","url":"https:\/\/dicodusport.fr\/blog\/wp-content\/uploads\/2025\/02\/Mondiaux-Ski-de-Fond-2025-Johannes-Klaebo-conserve-sa-couronne-sur-le-sprint-1.png","contentUrl":"https:\/\/dicodusport.fr\/blog\/wp-content\/uploads\/2025\/02\/Mondiaux-Ski-de-Fond-2025-Johannes-Klaebo-conserve-sa-couronne-sur-le-sprint-1.png","width":1200,"height":674,"caption":"Mondiaux Ski de Fond 2025 Johannes Klaebo conserve sa couronne sur le sprint"},{"@type":"BreadcrumbList","@id":"https:\/\/dicodusport.fr\/blog\/mondiaux-ski-de-fond-2025-johannes-klaebo-conserve-sa-couronne-sur-le-sprint\/#breadcrumb","itemListElement":[{"@type":"ListItem","position":1,"name":"Accueil","item":"https:\/\/dicodusport.fr\/blog\/"},{"@type":"ListItem","position":2,"name":"Mondiaux Ski de Fond 2025 : Johannes Klaebo conserve sa couronne sur le sprint"}]},{"@type":"WebSite","@id":"https:\/\/dicodusport.fr\/blog\/#website","url":"https:\/\/dicodusport.fr\/blog\/","name":"Dicodusport","description":"L&#039;encyclop\u00e9die de l&#039;actualit\u00e9 sportive","publisher":{"@id":"https:\/\/dicodusport.fr\/blog\/#organization"},"potentialAction":[{"@type":"SearchAction","target":{"@type":"EntryPoint","urlTemplate":"https:\/\/dicodusport.fr\/blog\/?s={search_term_string}"},"query-input":{"@type":"PropertyValueSpecification","valueRequired":true,"valueName":"search_term_string"}}],"inLanguage":"fr-FR"},{"@type":"NewsMediaOrganization","@id":"https:\/\/dicodusport.fr\/blog\/#organization","name":"Dicodusport","url":"https:\/\/dicodusport.fr\/blog\/","logo":{"@type":"ImageObject","inLanguage":"fr-FR","@id":"https:\/\/dicodusport.fr\/blog\/#\/schema\/logo\/image\/","url":"https:\/\/dicodusport.fr\/blog\/wp-content\/uploads\/2020\/06\/cropped-LOGO-DICODUSPORT-2020-SANS-FOND-SANS-TEXTE.png","contentUrl":"https:\/\/dicodusport.fr\/blog\/wp-content\/uploads\/2020\/06\/cropped-LOGO-DICODUSPORT-2020-SANS-FOND-SANS-TEXTE.png","width":512,"height":512,"caption":"Dicodusport"},"image":{"@id":"https:\/\/dicodusport.fr\/blog\/#\/schema\/logo\/image\/"},"sameAs":["https:\/\/www.facebook.com\/dicodusport","https:\/\/x.com\/dicodusport","https:\/\/www.instagram.com\/dicodusport\/","https:\/\/www.youtube.com\/channel\/UC7V2KZ5sd3htJivAbA4ZG3w"],"description":"Dicodusport est l'encyclop\u00e9die de l'actualit\u00e9 sportive.","email":"bonjour@dicodusport.fr","legalName":"DICODUSPORT","foundingDate":"2018-01-14","vatID":"FR71834470973","taxID":"83447097300043","numberOfEmployees":{"@type":"QuantitativeValue","minValue":"1","maxValue":"10"}},{"@type":"Person","@id":"https:\/\/dicodusport.fr\/blog\/#\/schema\/person\/37def232098a7a5cbab3974a3690abb0","name":"Maxime Cazenave","image":{"@type":"ImageObject","inLanguage":"fr-FR","@id":"https:\/\/dicodusport.fr\/blog\/#\/schema\/person\/image\/","url":"https:\/\/dicodusport.fr\/blog\/wp-content\/uploads\/2021\/05\/Maxime-Cazenave-150x150.jpg","contentUrl":"https:\/\/dicodusport.fr\/blog\/wp-content\/uploads\/2021\/05\/Maxime-Cazenave-150x150.jpg","caption":"Maxime Cazenave"},"description":"Journaliste\/R\u00e9dacteur depuis 2012 - Berc\u00e9 par l\u2019amour des Girondins de Bordeaux, les \u00e9checs de Christophe Moreau sur le Tour de France sous l'\u00e8re Lance Armstrong et le fade-away l\u00e9tal de Dirk Nowitzki, ma passion d\u00e9vorante pour le sport a toujours \u00e9t\u00e9 un pan incontournable de ma vie. Transmettre ma passion \u00e0 l\u2019\u00e9crit a \u00e9t\u00e9 une transition naturelle. Suiveur assidu de basket et de hockey sur glace, je garde toujours un peu de place pour suivre le cyclisme, le football et le maximum de performances fran\u00e7aises.","sameAs":["https:\/\/x.com\/https:\/\/twitter.com\/Maxime_Caze"],"url":"https:\/\/dicodusport.fr\/blog\/author\/maximec\/"}]}},"_links":{"self":[{"href":"https:\/\/dicodusport.fr\/blog\/wp-json\/wp\/v2\/posts\/559475","targetHints":{"allow":["GET"]}}],"collection":[{"href":"https:\/\/dicodusport.fr\/blog\/wp-json\/wp\/v2\/posts"}],"about":[{"href":"https:\/\/dicodusport.fr\/blog\/wp-json\/wp\/v2\/types\/post"}],"author":[{"embeddable":true,"href":"https:\/\/dicodusport.fr\/blog\/wp-json\/wp\/v2\/users\/55"}],"replies":[{"embeddable":true,"href":"https:\/\/dicodusport.fr\/blog\/wp-json\/wp\/v2\/comments?post=559475"}],"version-history":[{"count":5,"href":"https:\/\/dicodusport.fr\/blog\/wp-json\/wp\/v2\/posts\/559475\/revisions"}],"predecessor-version":[{"id":559611,"href":"https:\/\/dicodusport.fr\/blog\/wp-json\/wp\/v2\/posts\/559475\/revisions\/559611"}],"wp:featuredmedia":[{"embeddable":true,"href":"https:\/\/dicodusport.fr\/blog\/wp-json\/wp\/v2\/media\/559609"}],"wp:attachment":[{"href":"https:\/\/dicodusport.fr\/blog\/wp-json\/wp\/v2\/media?parent=559475"}],"wp:term":[{"taxonomy":"category","embeddable":true,"href":"https:\/\/dicodusport.fr\/blog\/wp-json\/wp\/v2\/categories?post=559475"},{"taxonomy":"post_tag","embeddable":true,"href":"https:\/\/dicodusport.fr\/blog\/wp-json\/wp\/v2\/tags?post=559475"}],"curies":[{"name":"wp","href":"https:\/\/api.w.org\/{rel}","templated":true}]}}