{"id":559496,"date":"2025-02-27T15:59:13","date_gmt":"2025-02-27T14:59:13","guid":{"rendered":"https:\/\/dicodusport.fr\/blog\/?p=559496&#038;preview=true&#038;preview_id=559496"},"modified":"2025-07-09T18:34:25","modified_gmt":"2025-07-09T16:34:25","slug":"mondiaux-jeunes-juniors-de-biathlon-2025-sivert-gerhardsen-triomphe-sur-lindividuel-hommes-juniors-double-norvegien","status":"publish","type":"post","link":"https:\/\/dicodusport.fr\/blog\/mondiaux-jeunes-juniors-de-biathlon-2025-sivert-gerhardsen-triomphe-sur-lindividuel-hommes-juniors-double-norvegien\/","title":{"rendered":"Mondiaux Jeunes\/Juniors de biathlon 2025 : Sivert Gerhardsen triomphe sur l&rsquo;individuel hommes juniors, doubl\u00e9 norv\u00e9gien"},"content":{"rendered":"<h4 style=\"text-align: justify;\"><em>CHAMPIONNATS DU MONDE DE BIATHLON JEUNES ET JUNIORS 2025 &#8211; Les Norv\u00e9giens ont frapp\u00e9 fort aujourd\u2019hui sur l\u2019individuel hommes juniors. Sivert Gerhardsen s\u2019impose largement et d\u00e9croche l\u2019or, tandis que son compatriote Kasper Kalkenberg repart avec l\u2019argent. La surprise du jour vient du Suisse James Pacal, qui s\u2019invite sur le podium en d\u00e9crochant le bronze. C\u00f4t\u00e9 fran\u00e7ais, en revanche, cette course est \u00e0 oublier.<\/em><\/h4>\n<p style=\"text-align: justify;\">Apr\u00e8s la superbe performance des Bleues lors de l\u2019\u00e9preuve individuelle femmes, couronn\u00e9e par <a href=\"https:\/\/dicodusport.fr\/blog\/mondiaux-jeunes-juniors-de-biathlon-2025-celia-henaff-rafle-lor-sur-lindividuel-juniors-amandine-mengin-en-argent\/\">les m\u00e9dailles de <strong>C\u00e9lia Henaff<\/strong> (en or) et <strong>Amandine Mengin<\/strong> (argent)<\/a>, place d\u00e9sormais \u00e0 l\u2019individuel hommes aux Championnats du monde jeunes\/juniors de biathlon \u00e0 \u00d6stersund (Su\u00e8de). Tandis que l\u2019Allemand <strong>Linus Kesper<\/strong> et la p\u00e9pite croate <strong>Matija Legovi\u0107<\/strong> mettaient la pression sur leurs concurrents avec un tir parfait d\u00e8s le premier tir couch\u00e9 parmi les 20 premiers dossards, il a fallu attendre le dossard 35, port\u00e9 par <strong>Corentin Jacob<\/strong>, pour voir le premier Fran\u00e7ais s\u2019\u00e9lancer.<\/p>\n<ul>\n<li style=\"text-align: justify;\"><strong>\u00c0 ce sujet &#8211; <a href=\"https:\/\/dicodusport.fr\/blog\/biathlon-mondiaux-jeunes-juniors-2025-classement-individuel-hommes-juniors\/\">Biathlon Mondiaux Jeunes\/Juniors 2025 : Classement Individuel Hommes juniors<\/a><\/strong><\/li>\n<\/ul>\n<h2 style=\"text-align: justify;\">Vers un duel Matija Legovic-James Pacal<\/h2>\n<p style=\"text-align: justify;\">Pr\u00e9sent parmi les meilleurs temps interm\u00e9diaires depuis le d\u00e9but de la course, le Suisse <strong>James Pacal<\/strong> met la pression sur le Croate <strong>Matija Legovi\u0107<\/strong>. Tous deux affichent un sans-faute avec un 15\/15 apr\u00e8s le troisi\u00e8me tir et semblent en mesure de jouer quelque chose aujourd&rsquo;hui. Mais de nombreux biathl\u00e8tes doivent encore s\u2019\u00e9lancer, <strong>Pacal<\/strong> et <strong>Legovic<\/strong> \u00e9tant respectivement les dossards 10 et 11. Les deux skieurs arrivent ensemble sur le dernier pas de tir, et le sc\u00e9nario bascule : <strong>Legovi\u0107<\/strong> craque et manque ses deux derni\u00e8res balles, tandis que <strong>Pacal<\/strong> r\u00e9alise un sans-faute avec un magnifique 20\/20. Parfait aujourd&rsquo;hui, le Suisse s\u2019envole pour prendre la t\u00eate provisoire.<\/p>\n<ul>\n<li style=\"text-align: justify;\"><strong>\u00c0 ce sujet &#8211; <a href=\"https:\/\/dicodusport.fr\/blog\/championnats-du-monde-de-biathlon-jeunes-et-juniors-2025-le-programme-complet-des-epreuves\/\">Championnats du Monde de Biathlon Jeunes et Juniors 2025 : Le Programme Complet des \u00c9preuves<\/a><\/strong><\/li>\n<\/ul>\n<h2 style=\"text-align: justify;\">Mais Sivert Gerhardsen \u00e9tait sur une autre plan\u00e8te<\/h2>\n<p style=\"text-align: justify;\">Mais c\u2019est le Norv\u00e9gien <strong>Sivert Gerhardsen<\/strong> qui frappe fort ! Auteur d\u2019un 20\/20 au tir, il skie bien plus vite que <strong>James Pacal<\/strong>. Apr\u00e8s le dernier pas de tir, il repart avec plus d\u2019une minute d\u2019avance et ne cesse d\u2019accro\u00eetre son avance dans le dernier tour. Il franchit la ligne d\u2019arriv\u00e9e avec 1 minute 35 d\u2019avance sur le Suisse, il met un terme au suspense et va s&rsquo;imposer avec autorit\u00e9. Un deuxi\u00e8me Norv\u00e9gien vient bousculer la lutte pour le podium : <strong>Kasper Kalkenberg<\/strong>. Auteur d\u2019un solide 19\/20 au tir, il affiche lui aussi une vitesse de ski sup\u00e9rieure \u00e0 celle de <strong>James Pacal<\/strong>. Il parvient \u00e0 s\u2019emparer de la deuxi\u00e8me place et d\u00e9croche la m\u00e9daille d\u2019argent.<\/p>\n<p style=\"text-align: justify;\"><strong data-start=\"50\" data-end=\"92\">James Pacal <\/strong>va pr\u00e9server sa m\u00e9daille de bronze. La surprise du jour est r\u00e9compens\u00e9e par un solide 20\/20 au tir et s\u2019offre donc une place sur le podium. C\u00f4t\u00e9 fran\u00e7ais, <strong>Edgar G\u00e9ny<\/strong> r\u00e9alise la meilleure performance tricolore avec une 8\u1d49 place. <strong>Axel Garnier<\/strong> prend la 24\u00e8me place, <strong>Gaetan<\/strong> <strong>Paturel<\/strong> est 26\u00e8me, <strong>Corentin Jacob<\/strong> termine lui \u00e0 la 29\u00e8me place.<\/p>\n<blockquote class=\"twitter-tweet\">\n<p dir=\"ltr\" lang=\"fi\">Junior World Championship Men\u2019s Individual<br \/>\n\ud83e\udd47Sivert Gerhardsen \ud83c\uddf3\ud83c\uddf404<br \/>\n\ud83e\udd48Kasper Kalkenberg \ud83c\uddf3\ud83c\uddf405<br \/>\n\ud83e\udd49James Pacal \ud83c\udde8\ud83c\udded03<br \/>\n4) Jakob Kulbin \ud83c\uddea\ud83c\uddea05<br \/>\n5) Arttu Heikkinen \ud83c\uddeb\ud83c\uddee04<br \/>\n6) Matija Legovic \ud83c\udded\ud83c\uddf705<br \/>\n7) Fabian Kaskel \ud83c\udde9\ud83c\uddea03<br \/>\n8) Edgar Geny \ud83c\uddeb\ud83c\uddf703<br \/>\n9) Jakub Borgula \ud83c\uddf8\ud83c\uddf004<br \/>\n10) Bohdan Borkovskyi \ud83c\uddfa\ud83c\udde604<a href=\"https:\/\/twitter.com\/hashtag\/biathlon?src=hash&amp;ref_src=twsrc%5Etfw\">#biathlon<\/a><\/p>\n<p>\u2014 Penalty Loop (@penaltyloop) <a href=\"https:\/\/twitter.com\/penaltyloop\/status\/1895125768692461583?ref_src=twsrc%5Etfw\">February 27, 2025<\/a><\/p><\/blockquote>\n<p><script async src=\"https:\/\/platform.twitter.com\/widgets.js\" charset=\"utf-8\"><\/script><\/p>\n","protected":false},"excerpt":{"rendered":"<p>Sivert Gerhardsen triomphe sur l&rsquo;individuel hommes juniors, doubl\u00e9 norv\u00e9gien<\/p>\n","protected":false},"author":111,"featured_media":559630,"comment_status":"open","ping_status":"closed","sticky":false,"template":"","format":"standard","meta":{"_acf_changed":false,"_daextam_enable_autolinks":"1","footnotes":""},"categories":[2426],"tags":[32415,2427,16878,21319],"class_list":["post-559496","post","type-post","status-publish","format-standard","has-post-thumbnail","hentry","category-biathlon","tag-actu","tag-biathlon","tag-breve","tag-championnats-du-monde-juniors-de-biathlon"],"acf":[],"yoast_head":"<!-- This site is optimized with the Yoast SEO Premium plugin v26.7 (Yoast SEO v26.7) - https:\/\/yoast.com\/wordpress\/plugins\/seo\/ -->\n<title>Mondiaux Jeunes\/Juniors de biathlon 2025 : Sivert Gerhardsen triomphe sur l&#039;individuel hommes juniors, doubl\u00e9 norv\u00e9gien<\/title>\n<meta name=\"description\" content=\"CHAMPIONNATS DU MONDE DE BIATHLON JEUNES ET JUNIORS 2025 - Les Norv\u00e9giens ont frapp\u00e9 fort aujourd\u2019hui sur l\u2019individuel hommes juniors.\" \/>\n<meta name=\"robots\" content=\"index, follow, max-snippet:-1, max-image-preview:large, max-video-preview:-1\" \/>\n<link rel=\"canonical\" href=\"https:\/\/dicodusport.fr\/blog\/mondiaux-jeunes-juniors-de-biathlon-2025-sivert-gerhardsen-triomphe-sur-lindividuel-hommes-juniors-double-norvegien\/\" \/>\n<meta property=\"og:locale\" content=\"fr_FR\" \/>\n<meta property=\"og:type\" content=\"article\" \/>\n<meta property=\"og:title\" content=\"Mondiaux Jeunes\/Juniors de biathlon 2025 : Sivert Gerhardsen triomphe sur l&#039;individuel hommes juniors, doubl\u00e9 norv\u00e9gien\" \/>\n<meta property=\"og:description\" content=\"CHAMPIONNATS DU MONDE DE BIATHLON JEUNES ET JUNIORS 2025 - Les Norv\u00e9giens ont frapp\u00e9 fort aujourd\u2019hui sur l\u2019individuel hommes juniors.\" \/>\n<meta property=\"og:url\" content=\"https:\/\/dicodusport.fr\/blog\/mondiaux-jeunes-juniors-de-biathlon-2025-sivert-gerhardsen-triomphe-sur-lindividuel-hommes-juniors-double-norvegien\/\" \/>\n<meta property=\"og:site_name\" content=\"Dicodusport\" \/>\n<meta property=\"article:publisher\" content=\"https:\/\/www.facebook.com\/dicodusport\" \/>\n<meta property=\"article:published_time\" content=\"2025-02-27T14:59:13+00:00\" \/>\n<meta property=\"article:modified_time\" content=\"2025-07-09T16:34:25+00:00\" \/>\n<meta property=\"og:image\" content=\"https:\/\/dicodusport.fr\/blog\/wp-content\/uploads\/2025\/02\/Mondiaux-JeunesJuniors-de-biathlon-2025-Sivert-Gerhardsen-triomphe-sur-lindividuel-hommes-juniors-double-norvegien-1.png\" \/>\n\t<meta property=\"og:image:width\" content=\"1200\" \/>\n\t<meta property=\"og:image:height\" content=\"674\" \/>\n\t<meta property=\"og:image:type\" content=\"image\/png\" \/>\n<meta name=\"author\" content=\"L\u00e9o Derambure\" \/>\n<meta name=\"twitter:card\" content=\"summary_large_image\" \/>\n<meta name=\"twitter:title\" content=\"Mondiaux Jeunes\/Juniors de biathlon 2025 : Sivert Gerhardsen triomphe sur l&#039;individuel hommes juniors, doubl\u00e9 norv\u00e9gien\" \/>\n<meta name=\"twitter:creator\" content=\"@dicodusport\" \/>\n<meta name=\"twitter:site\" content=\"@dicodusport\" \/>\n<script type=\"application\/ld+json\" class=\"yoast-schema-graph\">{\"@context\":\"https:\/\/schema.org\",\"@graph\":[{\"@type\":\"NewsArticle\",\"@id\":\"https:\/\/dicodusport.fr\/blog\/mondiaux-jeunes-juniors-de-biathlon-2025-sivert-gerhardsen-triomphe-sur-lindividuel-hommes-juniors-double-norvegien\/#article\",\"isPartOf\":{\"@id\":\"https:\/\/dicodusport.fr\/blog\/mondiaux-jeunes-juniors-de-biathlon-2025-sivert-gerhardsen-triomphe-sur-lindividuel-hommes-juniors-double-norvegien\/\"},\"author\":{\"name\":\"L\u00e9o Derambure\",\"@id\":\"https:\/\/dicodusport.fr\/blog\/#\/schema\/person\/93f03e222ed8da203c940d17ef257295\"},\"headline\":\"Mondiaux Jeunes\/Juniors de biathlon 2025 : Sivert Gerhardsen triomphe sur l&rsquo;individuel hommes juniors, doubl\u00e9 norv\u00e9gien\",\"datePublished\":\"2025-02-27T14:59:13+00:00\",\"dateModified\":\"2025-07-09T16:34:25+00:00\",\"mainEntityOfPage\":{\"@id\":\"https:\/\/dicodusport.fr\/blog\/mondiaux-jeunes-juniors-de-biathlon-2025-sivert-gerhardsen-triomphe-sur-lindividuel-hommes-juniors-double-norvegien\/\"},\"wordCount\":567,\"commentCount\":0,\"publisher\":{\"@id\":\"https:\/\/dicodusport.fr\/blog\/#organization\"},\"image\":{\"@id\":\"https:\/\/dicodusport.fr\/blog\/mondiaux-jeunes-juniors-de-biathlon-2025-sivert-gerhardsen-triomphe-sur-lindividuel-hommes-juniors-double-norvegien\/#primaryimage\"},\"thumbnailUrl\":\"https:\/\/dicodusport.fr\/blog\/wp-content\/uploads\/2025\/02\/Mondiaux-JeunesJuniors-de-biathlon-2025-Sivert-Gerhardsen-triomphe-sur-lindividuel-hommes-juniors-double-norvegien-1.png\",\"keywords\":[\"actu\",\"Biathlon\",\"br\u00e8ve\",\"Championnats du monde juniors de biathlon\"],\"articleSection\":[\"Biathlon\"],\"inLanguage\":\"fr-FR\",\"potentialAction\":[{\"@type\":\"CommentAction\",\"name\":\"Comment\",\"target\":[\"https:\/\/dicodusport.fr\/blog\/mondiaux-jeunes-juniors-de-biathlon-2025-sivert-gerhardsen-triomphe-sur-lindividuel-hommes-juniors-double-norvegien\/#respond\"]}],\"copyrightYear\":\"2025\",\"copyrightHolder\":{\"@id\":\"https:\/\/dicodusport.fr\/blog\/#organization\"}},{\"@type\":\"WebPage\",\"@id\":\"https:\/\/dicodusport.fr\/blog\/mondiaux-jeunes-juniors-de-biathlon-2025-sivert-gerhardsen-triomphe-sur-lindividuel-hommes-juniors-double-norvegien\/\",\"url\":\"https:\/\/dicodusport.fr\/blog\/mondiaux-jeunes-juniors-de-biathlon-2025-sivert-gerhardsen-triomphe-sur-lindividuel-hommes-juniors-double-norvegien\/\",\"name\":\"Mondiaux Jeunes\/Juniors de biathlon 2025 : Sivert Gerhardsen triomphe sur l'individuel hommes juniors, doubl\u00e9 norv\u00e9gien\",\"isPartOf\":{\"@id\":\"https:\/\/dicodusport.fr\/blog\/#website\"},\"primaryImageOfPage\":{\"@id\":\"https:\/\/dicodusport.fr\/blog\/mondiaux-jeunes-juniors-de-biathlon-2025-sivert-gerhardsen-triomphe-sur-lindividuel-hommes-juniors-double-norvegien\/#primaryimage\"},\"image\":{\"@id\":\"https:\/\/dicodusport.fr\/blog\/mondiaux-jeunes-juniors-de-biathlon-2025-sivert-gerhardsen-triomphe-sur-lindividuel-hommes-juniors-double-norvegien\/#primaryimage\"},\"thumbnailUrl\":\"https:\/\/dicodusport.fr\/blog\/wp-content\/uploads\/2025\/02\/Mondiaux-JeunesJuniors-de-biathlon-2025-Sivert-Gerhardsen-triomphe-sur-lindividuel-hommes-juniors-double-norvegien-1.png\",\"datePublished\":\"2025-02-27T14:59:13+00:00\",\"dateModified\":\"2025-07-09T16:34:25+00:00\",\"description\":\"CHAMPIONNATS DU MONDE DE BIATHLON JEUNES ET JUNIORS 2025 - Les Norv\u00e9giens ont frapp\u00e9 fort aujourd\u2019hui sur l\u2019individuel hommes juniors.\",\"breadcrumb\":{\"@id\":\"https:\/\/dicodusport.fr\/blog\/mondiaux-jeunes-juniors-de-biathlon-2025-sivert-gerhardsen-triomphe-sur-lindividuel-hommes-juniors-double-norvegien\/#breadcrumb\"},\"inLanguage\":\"fr-FR\",\"potentialAction\":[{\"@type\":\"ReadAction\",\"target\":[\"https:\/\/dicodusport.fr\/blog\/mondiaux-jeunes-juniors-de-biathlon-2025-sivert-gerhardsen-triomphe-sur-lindividuel-hommes-juniors-double-norvegien\/\"]}]},{\"@type\":\"ImageObject\",\"inLanguage\":\"fr-FR\",\"@id\":\"https:\/\/dicodusport.fr\/blog\/mondiaux-jeunes-juniors-de-biathlon-2025-sivert-gerhardsen-triomphe-sur-lindividuel-hommes-juniors-double-norvegien\/#primaryimage\",\"url\":\"https:\/\/dicodusport.fr\/blog\/wp-content\/uploads\/2025\/02\/Mondiaux-JeunesJuniors-de-biathlon-2025-Sivert-Gerhardsen-triomphe-sur-lindividuel-hommes-juniors-double-norvegien-1.png\",\"contentUrl\":\"https:\/\/dicodusport.fr\/blog\/wp-content\/uploads\/2025\/02\/Mondiaux-JeunesJuniors-de-biathlon-2025-Sivert-Gerhardsen-triomphe-sur-lindividuel-hommes-juniors-double-norvegien-1.png\",\"width\":1200,\"height\":674,\"caption\":\"Mondiaux JeunesJuniors de biathlon 2025 Sivert Gerhardsen triomphe sur l'individuel hommes juniors, doubl\u00e9 norv\u00e9gien (1)\"},{\"@type\":\"BreadcrumbList\",\"@id\":\"https:\/\/dicodusport.fr\/blog\/mondiaux-jeunes-juniors-de-biathlon-2025-sivert-gerhardsen-triomphe-sur-lindividuel-hommes-juniors-double-norvegien\/#breadcrumb\",\"itemListElement\":[{\"@type\":\"ListItem\",\"position\":1,\"name\":\"Accueil\",\"item\":\"https:\/\/dicodusport.fr\/blog\/\"},{\"@type\":\"ListItem\",\"position\":2,\"name\":\"Mondiaux Jeunes\/Juniors de biathlon 2025 : Sivert Gerhardsen triomphe sur l&rsquo;individuel hommes juniors, doubl\u00e9 norv\u00e9gien\"}]},{\"@type\":\"WebSite\",\"@id\":\"https:\/\/dicodusport.fr\/blog\/#website\",\"url\":\"https:\/\/dicodusport.fr\/blog\/\",\"name\":\"Dicodusport\",\"description\":\"L&#039;encyclop\u00e9die de l&#039;actualit\u00e9 sportive\",\"publisher\":{\"@id\":\"https:\/\/dicodusport.fr\/blog\/#organization\"},\"potentialAction\":[{\"@type\":\"SearchAction\",\"target\":{\"@type\":\"EntryPoint\",\"urlTemplate\":\"https:\/\/dicodusport.fr\/blog\/?s={search_term_string}\"},\"query-input\":{\"@type\":\"PropertyValueSpecification\",\"valueRequired\":true,\"valueName\":\"search_term_string\"}}],\"inLanguage\":\"fr-FR\"},{\"@type\":\"NewsMediaOrganization\",\"@id\":\"https:\/\/dicodusport.fr\/blog\/#organization\",\"name\":\"Dicodusport\",\"url\":\"https:\/\/dicodusport.fr\/blog\/\",\"logo\":{\"@type\":\"ImageObject\",\"inLanguage\":\"fr-FR\",\"@id\":\"https:\/\/dicodusport.fr\/blog\/#\/schema\/logo\/image\/\",\"url\":\"https:\/\/dicodusport.fr\/blog\/wp-content\/uploads\/2020\/06\/cropped-LOGO-DICODUSPORT-2020-SANS-FOND-SANS-TEXTE.png\",\"contentUrl\":\"https:\/\/dicodusport.fr\/blog\/wp-content\/uploads\/2020\/06\/cropped-LOGO-DICODUSPORT-2020-SANS-FOND-SANS-TEXTE.png\",\"width\":512,\"height\":512,\"caption\":\"Dicodusport\"},\"image\":{\"@id\":\"https:\/\/dicodusport.fr\/blog\/#\/schema\/logo\/image\/\"},\"sameAs\":[\"https:\/\/www.facebook.com\/dicodusport\",\"https:\/\/x.com\/dicodusport\",\"https:\/\/www.instagram.com\/dicodusport\/\",\"https:\/\/www.youtube.com\/channel\/UC7V2KZ5sd3htJivAbA4ZG3w\"],\"description\":\"Dicodusport est l'encyclop\u00e9die de l'actualit\u00e9 sportive.\",\"email\":\"bonjour@dicodusport.fr\",\"legalName\":\"DICODUSPORT\",\"foundingDate\":\"2018-01-14\",\"vatID\":\"FR71834470973\",\"taxID\":\"83447097300043\",\"numberOfEmployees\":{\"@type\":\"QuantitativeValue\",\"minValue\":\"1\",\"maxValue\":\"10\"}},{\"@type\":\"Person\",\"@id\":\"https:\/\/dicodusport.fr\/blog\/#\/schema\/person\/93f03e222ed8da203c940d17ef257295\",\"name\":\"L\u00e9o Derambure\",\"image\":{\"@type\":\"ImageObject\",\"inLanguage\":\"fr-FR\",\"@id\":\"https:\/\/dicodusport.fr\/blog\/#\/schema\/person\/image\/\",\"url\":\"https:\/\/dicodusport.fr\/blog\/wp-content\/uploads\/2025\/02\/Maillot-Dicodusport-Lele-150x150.png\",\"contentUrl\":\"https:\/\/dicodusport.fr\/blog\/wp-content\/uploads\/2025\/02\/Maillot-Dicodusport-Lele-150x150.png\",\"caption\":\"L\u00e9o Derambure\"},\"description\":\"Passionn\u00e9 de sport depuis l\u2019enfance, j\u2019ai grandi au rythme des grands \u00e9v\u00e9nements comme les Jeux Olympiques, les championnats du monde d\u2019athl\u00e9tisme et de natation, ou encore le Tour de France sur France T\u00e9l\u00e9visions. Abonn\u00e9 au RC Lens depuis 2008, cette ferveur m\u2019a \u00e9t\u00e9 transmise d\u00e8s l\u2019\u00e2ge de 5 ans par mon grand-p\u00e8re et mon p\u00e8re. Avec Rafael Nadal ou encore Aruna Dindane comme idole, j\u2019ai toujours ressenti l\u2019envie de partager cette passion \u00e0 travers l\u2019\u00e9criture. Apr\u00e8s les Jeux Olympiques de Paris 2024, j\u2019ai franchi le pas en rejoignant l\u2019\u00e9quipe de r\u00e9daction de Dicodusport. Aujourd\u2019hui, je couvre le biathlon, le ski alpin ainsi que les rencontres des clubs fran\u00e7ais en comp\u00e9titions europ\u00e9ennes, avec l'envie de faire vivre chaque instant sportif et de transmettre ces \u00e9motions au lecteur, comme s\u2019il \u00e9tait au c\u0153ur de l\u2019\u00e9v\u00e9nement.\",\"worksFor\":\"L\u00e9o Derambure\",\"url\":\"https:\/\/dicodusport.fr\/blog\/author\/leo-derambure\/\"}]}<\/script>\n<!-- \/ Yoast SEO Premium plugin. -->","yoast_head_json":{"title":"Mondiaux Jeunes\/Juniors de biathlon 2025 : Sivert Gerhardsen triomphe sur l'individuel hommes juniors, doubl\u00e9 norv\u00e9gien","description":"CHAMPIONNATS DU MONDE DE BIATHLON JEUNES ET JUNIORS 2025 - Les Norv\u00e9giens ont frapp\u00e9 fort aujourd\u2019hui sur l\u2019individuel hommes juniors.","robots":{"index":"index","follow":"follow","max-snippet":"max-snippet:-1","max-image-preview":"max-image-preview:large","max-video-preview":"max-video-preview:-1"},"canonical":"https:\/\/dicodusport.fr\/blog\/mondiaux-jeunes-juniors-de-biathlon-2025-sivert-gerhardsen-triomphe-sur-lindividuel-hommes-juniors-double-norvegien\/","og_locale":"fr_FR","og_type":"article","og_title":"Mondiaux Jeunes\/Juniors de biathlon 2025 : Sivert Gerhardsen triomphe sur l'individuel hommes juniors, doubl\u00e9 norv\u00e9gien","og_description":"CHAMPIONNATS DU MONDE DE BIATHLON JEUNES ET JUNIORS 2025 - Les Norv\u00e9giens ont frapp\u00e9 fort aujourd\u2019hui sur l\u2019individuel hommes juniors.","og_url":"https:\/\/dicodusport.fr\/blog\/mondiaux-jeunes-juniors-de-biathlon-2025-sivert-gerhardsen-triomphe-sur-lindividuel-hommes-juniors-double-norvegien\/","og_site_name":"Dicodusport","article_publisher":"https:\/\/www.facebook.com\/dicodusport","article_published_time":"2025-02-27T14:59:13+00:00","article_modified_time":"2025-07-09T16:34:25+00:00","og_image":[{"width":1200,"height":674,"url":"https:\/\/dicodusport.fr\/blog\/wp-content\/uploads\/2025\/02\/Mondiaux-JeunesJuniors-de-biathlon-2025-Sivert-Gerhardsen-triomphe-sur-lindividuel-hommes-juniors-double-norvegien-1.png","type":"image\/png"}],"author":"L\u00e9o Derambure","twitter_card":"summary_large_image","twitter_title":"Mondiaux Jeunes\/Juniors de biathlon 2025 : Sivert Gerhardsen triomphe sur l'individuel hommes juniors, doubl\u00e9 norv\u00e9gien","twitter_creator":"@dicodusport","twitter_site":"@dicodusport","schema":{"@context":"https:\/\/schema.org","@graph":[{"@type":"NewsArticle","@id":"https:\/\/dicodusport.fr\/blog\/mondiaux-jeunes-juniors-de-biathlon-2025-sivert-gerhardsen-triomphe-sur-lindividuel-hommes-juniors-double-norvegien\/#article","isPartOf":{"@id":"https:\/\/dicodusport.fr\/blog\/mondiaux-jeunes-juniors-de-biathlon-2025-sivert-gerhardsen-triomphe-sur-lindividuel-hommes-juniors-double-norvegien\/"},"author":{"name":"L\u00e9o Derambure","@id":"https:\/\/dicodusport.fr\/blog\/#\/schema\/person\/93f03e222ed8da203c940d17ef257295"},"headline":"Mondiaux Jeunes\/Juniors de biathlon 2025 : Sivert Gerhardsen triomphe sur l&rsquo;individuel hommes juniors, doubl\u00e9 norv\u00e9gien","datePublished":"2025-02-27T14:59:13+00:00","dateModified":"2025-07-09T16:34:25+00:00","mainEntityOfPage":{"@id":"https:\/\/dicodusport.fr\/blog\/mondiaux-jeunes-juniors-de-biathlon-2025-sivert-gerhardsen-triomphe-sur-lindividuel-hommes-juniors-double-norvegien\/"},"wordCount":567,"commentCount":0,"publisher":{"@id":"https:\/\/dicodusport.fr\/blog\/#organization"},"image":{"@id":"https:\/\/dicodusport.fr\/blog\/mondiaux-jeunes-juniors-de-biathlon-2025-sivert-gerhardsen-triomphe-sur-lindividuel-hommes-juniors-double-norvegien\/#primaryimage"},"thumbnailUrl":"https:\/\/dicodusport.fr\/blog\/wp-content\/uploads\/2025\/02\/Mondiaux-JeunesJuniors-de-biathlon-2025-Sivert-Gerhardsen-triomphe-sur-lindividuel-hommes-juniors-double-norvegien-1.png","keywords":["actu","Biathlon","br\u00e8ve","Championnats du monde juniors de biathlon"],"articleSection":["Biathlon"],"inLanguage":"fr-FR","potentialAction":[{"@type":"CommentAction","name":"Comment","target":["https:\/\/dicodusport.fr\/blog\/mondiaux-jeunes-juniors-de-biathlon-2025-sivert-gerhardsen-triomphe-sur-lindividuel-hommes-juniors-double-norvegien\/#respond"]}],"copyrightYear":"2025","copyrightHolder":{"@id":"https:\/\/dicodusport.fr\/blog\/#organization"}},{"@type":"WebPage","@id":"https:\/\/dicodusport.fr\/blog\/mondiaux-jeunes-juniors-de-biathlon-2025-sivert-gerhardsen-triomphe-sur-lindividuel-hommes-juniors-double-norvegien\/","url":"https:\/\/dicodusport.fr\/blog\/mondiaux-jeunes-juniors-de-biathlon-2025-sivert-gerhardsen-triomphe-sur-lindividuel-hommes-juniors-double-norvegien\/","name":"Mondiaux Jeunes\/Juniors de biathlon 2025 : Sivert Gerhardsen triomphe sur l'individuel hommes juniors, doubl\u00e9 norv\u00e9gien","isPartOf":{"@id":"https:\/\/dicodusport.fr\/blog\/#website"},"primaryImageOfPage":{"@id":"https:\/\/dicodusport.fr\/blog\/mondiaux-jeunes-juniors-de-biathlon-2025-sivert-gerhardsen-triomphe-sur-lindividuel-hommes-juniors-double-norvegien\/#primaryimage"},"image":{"@id":"https:\/\/dicodusport.fr\/blog\/mondiaux-jeunes-juniors-de-biathlon-2025-sivert-gerhardsen-triomphe-sur-lindividuel-hommes-juniors-double-norvegien\/#primaryimage"},"thumbnailUrl":"https:\/\/dicodusport.fr\/blog\/wp-content\/uploads\/2025\/02\/Mondiaux-JeunesJuniors-de-biathlon-2025-Sivert-Gerhardsen-triomphe-sur-lindividuel-hommes-juniors-double-norvegien-1.png","datePublished":"2025-02-27T14:59:13+00:00","dateModified":"2025-07-09T16:34:25+00:00","description":"CHAMPIONNATS DU MONDE DE BIATHLON JEUNES ET JUNIORS 2025 - Les Norv\u00e9giens ont frapp\u00e9 fort aujourd\u2019hui sur l\u2019individuel hommes juniors.","breadcrumb":{"@id":"https:\/\/dicodusport.fr\/blog\/mondiaux-jeunes-juniors-de-biathlon-2025-sivert-gerhardsen-triomphe-sur-lindividuel-hommes-juniors-double-norvegien\/#breadcrumb"},"inLanguage":"fr-FR","potentialAction":[{"@type":"ReadAction","target":["https:\/\/dicodusport.fr\/blog\/mondiaux-jeunes-juniors-de-biathlon-2025-sivert-gerhardsen-triomphe-sur-lindividuel-hommes-juniors-double-norvegien\/"]}]},{"@type":"ImageObject","inLanguage":"fr-FR","@id":"https:\/\/dicodusport.fr\/blog\/mondiaux-jeunes-juniors-de-biathlon-2025-sivert-gerhardsen-triomphe-sur-lindividuel-hommes-juniors-double-norvegien\/#primaryimage","url":"https:\/\/dicodusport.fr\/blog\/wp-content\/uploads\/2025\/02\/Mondiaux-JeunesJuniors-de-biathlon-2025-Sivert-Gerhardsen-triomphe-sur-lindividuel-hommes-juniors-double-norvegien-1.png","contentUrl":"https:\/\/dicodusport.fr\/blog\/wp-content\/uploads\/2025\/02\/Mondiaux-JeunesJuniors-de-biathlon-2025-Sivert-Gerhardsen-triomphe-sur-lindividuel-hommes-juniors-double-norvegien-1.png","width":1200,"height":674,"caption":"Mondiaux JeunesJuniors de biathlon 2025 Sivert Gerhardsen triomphe sur l'individuel hommes juniors, doubl\u00e9 norv\u00e9gien (1)"},{"@type":"BreadcrumbList","@id":"https:\/\/dicodusport.fr\/blog\/mondiaux-jeunes-juniors-de-biathlon-2025-sivert-gerhardsen-triomphe-sur-lindividuel-hommes-juniors-double-norvegien\/#breadcrumb","itemListElement":[{"@type":"ListItem","position":1,"name":"Accueil","item":"https:\/\/dicodusport.fr\/blog\/"},{"@type":"ListItem","position":2,"name":"Mondiaux Jeunes\/Juniors de biathlon 2025 : Sivert Gerhardsen triomphe sur l&rsquo;individuel hommes juniors, doubl\u00e9 norv\u00e9gien"}]},{"@type":"WebSite","@id":"https:\/\/dicodusport.fr\/blog\/#website","url":"https:\/\/dicodusport.fr\/blog\/","name":"Dicodusport","description":"L&#039;encyclop\u00e9die de l&#039;actualit\u00e9 sportive","publisher":{"@id":"https:\/\/dicodusport.fr\/blog\/#organization"},"potentialAction":[{"@type":"SearchAction","target":{"@type":"EntryPoint","urlTemplate":"https:\/\/dicodusport.fr\/blog\/?s={search_term_string}"},"query-input":{"@type":"PropertyValueSpecification","valueRequired":true,"valueName":"search_term_string"}}],"inLanguage":"fr-FR"},{"@type":"NewsMediaOrganization","@id":"https:\/\/dicodusport.fr\/blog\/#organization","name":"Dicodusport","url":"https:\/\/dicodusport.fr\/blog\/","logo":{"@type":"ImageObject","inLanguage":"fr-FR","@id":"https:\/\/dicodusport.fr\/blog\/#\/schema\/logo\/image\/","url":"https:\/\/dicodusport.fr\/blog\/wp-content\/uploads\/2020\/06\/cropped-LOGO-DICODUSPORT-2020-SANS-FOND-SANS-TEXTE.png","contentUrl":"https:\/\/dicodusport.fr\/blog\/wp-content\/uploads\/2020\/06\/cropped-LOGO-DICODUSPORT-2020-SANS-FOND-SANS-TEXTE.png","width":512,"height":512,"caption":"Dicodusport"},"image":{"@id":"https:\/\/dicodusport.fr\/blog\/#\/schema\/logo\/image\/"},"sameAs":["https:\/\/www.facebook.com\/dicodusport","https:\/\/x.com\/dicodusport","https:\/\/www.instagram.com\/dicodusport\/","https:\/\/www.youtube.com\/channel\/UC7V2KZ5sd3htJivAbA4ZG3w"],"description":"Dicodusport est l'encyclop\u00e9die de l'actualit\u00e9 sportive.","email":"bonjour@dicodusport.fr","legalName":"DICODUSPORT","foundingDate":"2018-01-14","vatID":"FR71834470973","taxID":"83447097300043","numberOfEmployees":{"@type":"QuantitativeValue","minValue":"1","maxValue":"10"}},{"@type":"Person","@id":"https:\/\/dicodusport.fr\/blog\/#\/schema\/person\/93f03e222ed8da203c940d17ef257295","name":"L\u00e9o Derambure","image":{"@type":"ImageObject","inLanguage":"fr-FR","@id":"https:\/\/dicodusport.fr\/blog\/#\/schema\/person\/image\/","url":"https:\/\/dicodusport.fr\/blog\/wp-content\/uploads\/2025\/02\/Maillot-Dicodusport-Lele-150x150.png","contentUrl":"https:\/\/dicodusport.fr\/blog\/wp-content\/uploads\/2025\/02\/Maillot-Dicodusport-Lele-150x150.png","caption":"L\u00e9o Derambure"},"description":"Passionn\u00e9 de sport depuis l\u2019enfance, j\u2019ai grandi au rythme des grands \u00e9v\u00e9nements comme les Jeux Olympiques, les championnats du monde d\u2019athl\u00e9tisme et de natation, ou encore le Tour de France sur France T\u00e9l\u00e9visions. Abonn\u00e9 au RC Lens depuis 2008, cette ferveur m\u2019a \u00e9t\u00e9 transmise d\u00e8s l\u2019\u00e2ge de 5 ans par mon grand-p\u00e8re et mon p\u00e8re. Avec Rafael Nadal ou encore Aruna Dindane comme idole, j\u2019ai toujours ressenti l\u2019envie de partager cette passion \u00e0 travers l\u2019\u00e9criture. Apr\u00e8s les Jeux Olympiques de Paris 2024, j\u2019ai franchi le pas en rejoignant l\u2019\u00e9quipe de r\u00e9daction de Dicodusport. Aujourd\u2019hui, je couvre le biathlon, le ski alpin ainsi que les rencontres des clubs fran\u00e7ais en comp\u00e9titions europ\u00e9ennes, avec l'envie de faire vivre chaque instant sportif et de transmettre ces \u00e9motions au lecteur, comme s\u2019il \u00e9tait au c\u0153ur de l\u2019\u00e9v\u00e9nement.","worksFor":"L\u00e9o Derambure","url":"https:\/\/dicodusport.fr\/blog\/author\/leo-derambure\/"}]}},"_links":{"self":[{"href":"https:\/\/dicodusport.fr\/blog\/wp-json\/wp\/v2\/posts\/559496","targetHints":{"allow":["GET"]}}],"collection":[{"href":"https:\/\/dicodusport.fr\/blog\/wp-json\/wp\/v2\/posts"}],"about":[{"href":"https:\/\/dicodusport.fr\/blog\/wp-json\/wp\/v2\/types\/post"}],"author":[{"embeddable":true,"href":"https:\/\/dicodusport.fr\/blog\/wp-json\/wp\/v2\/users\/111"}],"replies":[{"embeddable":true,"href":"https:\/\/dicodusport.fr\/blog\/wp-json\/wp\/v2\/comments?post=559496"}],"version-history":[{"count":5,"href":"https:\/\/dicodusport.fr\/blog\/wp-json\/wp\/v2\/posts\/559496\/revisions"}],"predecessor-version":[{"id":559606,"href":"https:\/\/dicodusport.fr\/blog\/wp-json\/wp\/v2\/posts\/559496\/revisions\/559606"}],"wp:featuredmedia":[{"embeddable":true,"href":"https:\/\/dicodusport.fr\/blog\/wp-json\/wp\/v2\/media\/559630"}],"wp:attachment":[{"href":"https:\/\/dicodusport.fr\/blog\/wp-json\/wp\/v2\/media?parent=559496"}],"wp:term":[{"taxonomy":"category","embeddable":true,"href":"https:\/\/dicodusport.fr\/blog\/wp-json\/wp\/v2\/categories?post=559496"},{"taxonomy":"post_tag","embeddable":true,"href":"https:\/\/dicodusport.fr\/blog\/wp-json\/wp\/v2\/tags?post=559496"}],"curies":[{"name":"wp","href":"https:\/\/api.w.org\/{rel}","templated":true}]}}