{"id":559562,"date":"2025-02-27T17:19:18","date_gmt":"2025-02-27T16:19:18","guid":{"rendered":"https:\/\/dicodusport.fr\/blog\/?p=559562&#038;preview=true&#038;preview_id=559562"},"modified":"2025-02-27T18:01:56","modified_gmt":"2025-02-27T17:01:56","slug":"o-gran-camino-2025-magnus-cort-nielsen-double-la-mise-sur-la-2eme-etape","status":"publish","type":"post","link":"https:\/\/dicodusport.fr\/blog\/o-gran-camino-2025-magnus-cort-nielsen-double-la-mise-sur-la-2eme-etape\/","title":{"rendered":"O Gran Cami\u00f1o 2025 : Magnus Cort Nielsen double la mise sur la 2\u00e8me \u00e9tape"},"content":{"rendered":"<h4 style=\"text-align: justify;\"><strong><em>O GRAN CAMINO 2025 \u2013 <\/em><em>Gr\u00e2ce \u00e0 un superbe travail de sa formation tout au long de la journ\u00e9e, Magnus Cort Nielsen (Uno-X) a pris le meilleur sur ses adversaires au terme d&rsquo;une deuxi\u00e8me \u00e9tape casse-pattes sur les routes galiciennes. Deuxi\u00e8me victoire d\u2019\u00e9tape cons\u00e9cutive pour le Danois, qui conserve donc son maillot de leader.\u00a0<\/em><\/strong><\/h4>\n<ul>\n<li style=\"text-align: justify;\"><strong>\u00c0 ce sujet \u2013 <a href=\"https:\/\/dicodusport.fr\/blog\/2eme-etape-o-gran-camino-2025-classement-et-resultats\/\">O Gran Cami\u00f1o 2025 : Classement de la 2\u00e8me \u00e9tape<\/a><\/strong><\/li>\n<\/ul>\n<h2 style=\"text-align: justify;\"><b>Etape 2 &#8211; Mar\u00edn \u203a A Estrada (133.1km)<\/b><\/h2>\n<p style=\"text-align: justify;\"><span style=\"font-weight: 400;\">Au lendemain d\u2019une premi\u00e8re \u00e9tape relativement plate, remport\u00e9e par<\/span><b> Magnus Cort Nielsen <\/b><span style=\"font-weight: 400;\">(Uno-X Mobility) au sprint, les coureurs devaient cette fois faire face \u00e0 un parcours beaucoup plus sinueux avec pas moins de 2500 m\u00e8tres de d\u00e9nivel\u00e9 positif. Compte rendu de cette journ\u00e9e mouvement\u00e9e.<\/span><\/p>\n<h3 style=\"text-align: justify;\"><strong>Israel <\/strong><b>\u2013 Premier Tech aux commandes<\/b><\/h3>\n<p style=\"text-align: justify;\"><span style=\"font-weight: 400;\">\u00c0 l\u2019avant, seuls trois hommes parvenaient \u00e0 se glisser dans l\u2019\u00e9chapp\u00e9e matinale. Le jeune Tricolore de 18 ans, <\/span><b>R\u00e9mi Daumas<\/b><span style=\"font-weight: 400;\"> (Groupama-FDJ), accompagn\u00e9 des Espagnols<\/span><b> Ander Okamika <\/b><span style=\"font-weight: 400;\">(Burgos Burpellet BH) et <\/span><b>Alvaro Sagrado<\/b><span style=\"font-weight: 400;\"> (Illes Balears Arabay), entraient dans le circuit final (60 km) avec trois minutes d\u2019avance sur un peloton conduit par la formation <\/span><b>Israel<\/b><b>\u00a0\u2013 Premier Tech<\/b><span style=\"font-weight: 400;\"> de <\/span><b>Derek Gee<\/b><span style=\"font-weight: 400;\">.\u00a0<\/span><\/p>\n<ul>\n<li style=\"text-align: justify;\"><strong>\u00c0 ce sujet \u2013\u00a0<a href=\"https:\/\/dicodusport.fr\/blog\/o-gran-camino-2025-decouvrez-le-parcours-et-le-profil-des-etapes-en-detail\/\">O Gran Cami\u00f1o 2025 : Parcours et profil des \u00e9tapes en d\u00e9tail<\/a><\/strong><\/li>\n<\/ul>\n<p style=\"text-align: justify;\"><span style=\"font-weight: 400;\">Au programme : <\/span><span style=\"font-weight: 400;\">deux fois l\u2019<\/span><b>Alto de San Vicenzo<\/b><span style=\"font-weight: 400;\"> (2,6 km \u00e0 6,9 %) et deux fois la mont\u00e9e finale de <\/span><b>A.Estrada<\/b><span style=\"font-weight: 400;\"> (1,9 km \u00e0 5,6 %), un d\u00e9cor id\u00e9al pour les puncheurs-grimpeurs. D\u00e8s la premi\u00e8re difficult\u00e9, le rythme soutenu impos\u00e9 par <\/span><b>Israel<\/b><b>\u00a0\u2013 Premier Tech <\/b><span style=\"font-weight: 400;\">faisait des d\u00e9g\u00e2ts \u00e0 l\u2019arri\u00e8re du peloton, bien que l\u2019id\u00e9e principale de la man\u0153uvre \u00e9tait de fatiguer le leader danois \u00e0 la moustache dor\u00e9e, <\/span><b>Magnus Cort Nielsen<\/b><span style=\"font-weight: 400;\">, jusque-l\u00e0 impassible.<\/span><\/p>\n<p style=\"text-align: justify;\"><span style=\"font-weight: 400;\">L\u2019\u00e9quipe isra\u00e9lienne continuait son travail de sape, ce qui condamnait le trio de t\u00eate, repris \u00e0 20 kilom\u00e8tres du terme. C\u2019\u00e9tait donc un peloton group\u00e9, lanc\u00e9 \u00e0 vive allure, qui s&rsquo;\u00e9lan\u00e7ait dans le second passage de<\/span><b> l\u2019alto de San Vincenzo. <\/b><span style=\"font-weight: 400;\">Les meilleurs grimpeurs pointaient le bout de leur nez \u00e0 l\u2019avant et la premi\u00e8re attaque venait de<\/span><b> Derek Gee. <\/b><span style=\"font-weight: 400;\">Seule une poign\u00e9e de coureurs parvenait \u00e0 suivre l\u2019acc\u00e9l\u00e9ration du Canadien, dont ne faisait pas partie le leader de la course, rel\u00e9gu\u00e9 \u00e0 un deuxi\u00e8me \u00e9chelon.<\/span><\/p>\n<ul>\n<li style=\"text-align: justify;\"><strong>\u00c0 ce sujet \u2013\u00a0<a href=\"https:\/\/dicodusport.fr\/blog\/o-gran-camino-2025-le-point-sur-le-classement-general\/\">O Gran Cami\u00f1o 2025 : Classement g\u00e9n\u00e9ral<\/a><\/strong><\/li>\n<\/ul>\n<h2 style=\"text-align: justify;\"><strong>Magnus Cort Nielsen \u00e9crase la concurrence<\/strong><\/h2>\n<p style=\"text-align: justify;\"><span style=\"font-weight: 400;\">Au sommet, un groupe de six costauds compos\u00e9 de <\/span><b>R\u00e9my Rochas <\/b><span style=\"font-weight: 400;\">(Groupama-FDJ), <\/span><b>Jefferson Cepeda <\/b><span style=\"font-weight: 400;\">(Movistar Team), <\/span><b>Andr\u00e9as Kron<\/b><span style=\"font-weight: 400;\"> (Uno-X Mobility), <\/span><b>Mauri Vansevenant<\/b><span style=\"font-weight: 400;\"> (Soudal Quick-Step), <\/span><b>Davide Piganzoli<\/b><span style=\"font-weight: 400;\"> (Team Polti VisitMalta) et donc de <\/span><b>Derek Gee<\/b><span style=\"font-weight: 400;\"> (<\/span><span style=\"font-weight: 400;\">Israel<\/span><span style=\"font-weight: 400;\"> \u2013 Premier Tech) basculait en t\u00eate avec une grosse dizaine de secondes d\u2019avance sur le reste du peloton.<\/span><\/p>\n<p style=\"text-align: justify;\"><span style=\"font-weight: 400;\">Mais la formation norv\u00e9gienne du leader, \u00e0 la planche, remettait tout le monde dans le rang. Un groupe d\u2019une petite trentaine d&rsquo;\u00e9l\u00e9ments allait finalement se disputer la victoire dans ce final tortueux. C\u2019\u00e9tait sans compter sur le panache du jeune Fran\u00e7ais<\/span><b> Maxime Decomble <\/b><span style=\"font-weight: 400;\">(Groupama-FDJ), qui sortait de ce petit peloton \u00e0 six bornes de l\u2019arriv\u00e9e, avant de finalement buter dans les derniers hectom\u00e8tres (repris sous la flamme rouge).<\/span><\/p>\n<h4 style=\"text-align: justify;\"><span style=\"font-weight: 400;\">Le final en faux-plat montant \u00e9tait id\u00e9al pour <\/span><b>Magnus Cort Nielsen<\/b><span style=\"font-weight: 400;\">, qui \u00e9teignait tout suspense rapidement en se dressant sur ses p\u00e9dales \u00e0 250 m\u00e8tres de la ligne. Personne ne pouvait concurrencer le Danois, qui s&rsquo;adjugeait facilement une nouvelle victoire d\u2019\u00e9tape et confortait au passage son maillot de leader. L\u2019Italien <\/span><b>Martin Marcellusi<\/b><span style=\"font-weight: 400;\"> (VF Group \u2013 Bardiani CSF \u2013 Faizan\u00e8) montait sur la deuxi\u00e8me marche tandis que <\/span><b>Carlos Cana<\/b><span style=\"font-weight: 400;\"><strong>l<\/strong> (Movistar Team) compl\u00e9tait le podium.<\/span><b>\u00a0<\/b><\/h4>\n<p style=\"text-align: justify;\"><span style=\"font-weight: 400;\">Demain, les coureurs auront rendez-vous avec un contre-la-montre individuel. <\/span><\/p>\n<blockquote class=\"twitter-tweet\">\n<p dir=\"ltr\" lang=\"en\">MAGNUS CORT MAKES IT BACK-TO-BACK WINS! \ud83e\udd47\ud83e\udd47<\/p>\n<p>The Uno-X Mobility rider is victorious once again at O Gran Camino as he dominates the sprint! \ud83d\udeb4\u200d\u2642\ufe0f\ud83d\udca8<a href=\"https:\/\/twitter.com\/hashtag\/OGC25?src=hash&amp;ref_src=twsrc%5Etfw\">#OGC25<\/a> <a href=\"https:\/\/t.co\/B0iq8Ngsdx\">pic.twitter.com\/B0iq8Ngsdx<\/a><\/p>\n<p>\u2014 Eurosport (@eurosport) <a href=\"https:\/\/twitter.com\/eurosport\/status\/1895146272283132384?ref_src=twsrc%5Etfw\">February 27, 2025<\/a><\/p><\/blockquote>\n<p><script async src=\"https:\/\/platform.twitter.com\/widgets.js\" charset=\"utf-8\"><\/script><\/p>\n","protected":false},"excerpt":{"rendered":"<p>Magnus Cort Nielsen double la mise sur la 2\u00e8me \u00e9tape<\/p>\n","protected":false},"author":97,"featured_media":559622,"comment_status":"open","ping_status":"closed","sticky":false,"template":"","format":"standard","meta":{"_acf_changed":false,"_daextam_enable_autolinks":"1","footnotes":""},"categories":[46994],"tags":[32415,16878,37991],"class_list":["post-559562","post","type-post","status-publish","format-standard","has-post-thumbnail","hentry","category-cyclisme-sur-route","tag-actu","tag-breve","tag-o-gran-camino"],"acf":[],"yoast_head":"<!-- This site is optimized with the Yoast SEO Premium plugin v26.7 (Yoast SEO v26.7) - https:\/\/yoast.com\/wordpress\/plugins\/seo\/ -->\n<title>O Gran Cami\u00f1o 2025 : Magnus Cort Nielsen double la mise sur la 2\u00e8me \u00e9tape<\/title>\n<meta name=\"description\" content=\"Magnus Cort Nielsen (Uno-X) a pris le meilleur sur ses adversaires au terme d&#039;une deuxi\u00e8me \u00e9tape casse-pattes sur les routes galiciennes.\" \/>\n<meta name=\"robots\" content=\"index, follow, max-snippet:-1, max-image-preview:large, max-video-preview:-1\" \/>\n<link rel=\"canonical\" href=\"https:\/\/dicodusport.fr\/blog\/o-gran-camino-2025-magnus-cort-nielsen-double-la-mise-sur-la-2eme-etape\/\" \/>\n<meta property=\"og:locale\" content=\"fr_FR\" \/>\n<meta property=\"og:type\" content=\"article\" \/>\n<meta property=\"og:title\" content=\"O Gran Cami\u00f1o 2025 : Magnus Cort Nielsen double la mise sur la 2\u00e8me \u00e9tape\" \/>\n<meta property=\"og:description\" content=\"Magnus Cort Nielsen (Uno-X) a pris le meilleur sur ses adversaires au terme d&#039;une deuxi\u00e8me \u00e9tape casse-pattes sur les routes galiciennes.\" \/>\n<meta property=\"og:url\" content=\"https:\/\/dicodusport.fr\/blog\/o-gran-camino-2025-magnus-cort-nielsen-double-la-mise-sur-la-2eme-etape\/\" \/>\n<meta property=\"og:site_name\" content=\"Dicodusport\" \/>\n<meta property=\"article:publisher\" content=\"https:\/\/www.facebook.com\/dicodusport\" \/>\n<meta property=\"article:published_time\" content=\"2025-02-27T16:19:18+00:00\" \/>\n<meta property=\"article:modified_time\" content=\"2025-02-27T17:01:56+00:00\" \/>\n<meta property=\"og:image\" content=\"https:\/\/dicodusport.fr\/blog\/wp-content\/uploads\/2025\/02\/O-Gran-Camino-2025-Magnus-Cort-Nielsen-double-la-mise-sur-la-2eme-etape.png\" \/>\n\t<meta property=\"og:image:width\" content=\"1200\" \/>\n\t<meta property=\"og:image:height\" content=\"674\" \/>\n\t<meta property=\"og:image:type\" content=\"image\/png\" \/>\n<meta name=\"author\" content=\"Louis Bouchardon\" \/>\n<meta name=\"twitter:card\" content=\"summary_large_image\" \/>\n<meta name=\"twitter:title\" content=\"O Gran Cami\u00f1o 2025 : Magnus Cort Nielsen double la mise sur la 2\u00e8me \u00e9tape\" \/>\n<meta name=\"twitter:creator\" content=\"@dicodusport\" \/>\n<meta name=\"twitter:site\" content=\"@dicodusport\" \/>\n<script type=\"application\/ld+json\" class=\"yoast-schema-graph\">{\"@context\":\"https:\/\/schema.org\",\"@graph\":[{\"@type\":\"NewsArticle\",\"@id\":\"https:\/\/dicodusport.fr\/blog\/o-gran-camino-2025-magnus-cort-nielsen-double-la-mise-sur-la-2eme-etape\/#article\",\"isPartOf\":{\"@id\":\"https:\/\/dicodusport.fr\/blog\/o-gran-camino-2025-magnus-cort-nielsen-double-la-mise-sur-la-2eme-etape\/\"},\"author\":{\"name\":\"Louis Bouchardon\",\"@id\":\"https:\/\/dicodusport.fr\/blog\/#\/schema\/person\/2d00cb7edce22380129fc3141987a97f\"},\"headline\":\"O Gran Cami\u00f1o 2025 : Magnus Cort Nielsen double la mise sur la 2\u00e8me \u00e9tape\",\"datePublished\":\"2025-02-27T16:19:18+00:00\",\"dateModified\":\"2025-02-27T17:01:56+00:00\",\"mainEntityOfPage\":{\"@id\":\"https:\/\/dicodusport.fr\/blog\/o-gran-camino-2025-magnus-cort-nielsen-double-la-mise-sur-la-2eme-etape\/\"},\"wordCount\":658,\"commentCount\":0,\"publisher\":{\"@id\":\"https:\/\/dicodusport.fr\/blog\/#organization\"},\"image\":{\"@id\":\"https:\/\/dicodusport.fr\/blog\/o-gran-camino-2025-magnus-cort-nielsen-double-la-mise-sur-la-2eme-etape\/#primaryimage\"},\"thumbnailUrl\":\"https:\/\/dicodusport.fr\/blog\/wp-content\/uploads\/2025\/02\/O-Gran-Camino-2025-Magnus-Cort-Nielsen-double-la-mise-sur-la-2eme-etape.png\",\"keywords\":[\"actu\",\"br\u00e8ve\",\"O Gran Camino\"],\"articleSection\":[\"Cyclisme sur route\"],\"inLanguage\":\"fr-FR\",\"potentialAction\":[{\"@type\":\"CommentAction\",\"name\":\"Comment\",\"target\":[\"https:\/\/dicodusport.fr\/blog\/o-gran-camino-2025-magnus-cort-nielsen-double-la-mise-sur-la-2eme-etape\/#respond\"]}],\"copyrightYear\":\"2025\",\"copyrightHolder\":{\"@id\":\"https:\/\/dicodusport.fr\/blog\/#organization\"}},{\"@type\":\"WebPage\",\"@id\":\"https:\/\/dicodusport.fr\/blog\/o-gran-camino-2025-magnus-cort-nielsen-double-la-mise-sur-la-2eme-etape\/\",\"url\":\"https:\/\/dicodusport.fr\/blog\/o-gran-camino-2025-magnus-cort-nielsen-double-la-mise-sur-la-2eme-etape\/\",\"name\":\"O Gran Cami\u00f1o 2025 : Magnus Cort Nielsen double la mise sur la 2\u00e8me \u00e9tape\",\"isPartOf\":{\"@id\":\"https:\/\/dicodusport.fr\/blog\/#website\"},\"primaryImageOfPage\":{\"@id\":\"https:\/\/dicodusport.fr\/blog\/o-gran-camino-2025-magnus-cort-nielsen-double-la-mise-sur-la-2eme-etape\/#primaryimage\"},\"image\":{\"@id\":\"https:\/\/dicodusport.fr\/blog\/o-gran-camino-2025-magnus-cort-nielsen-double-la-mise-sur-la-2eme-etape\/#primaryimage\"},\"thumbnailUrl\":\"https:\/\/dicodusport.fr\/blog\/wp-content\/uploads\/2025\/02\/O-Gran-Camino-2025-Magnus-Cort-Nielsen-double-la-mise-sur-la-2eme-etape.png\",\"datePublished\":\"2025-02-27T16:19:18+00:00\",\"dateModified\":\"2025-02-27T17:01:56+00:00\",\"description\":\"Magnus Cort Nielsen (Uno-X) a pris le meilleur sur ses adversaires au terme d'une deuxi\u00e8me \u00e9tape casse-pattes sur les routes galiciennes.\",\"breadcrumb\":{\"@id\":\"https:\/\/dicodusport.fr\/blog\/o-gran-camino-2025-magnus-cort-nielsen-double-la-mise-sur-la-2eme-etape\/#breadcrumb\"},\"inLanguage\":\"fr-FR\",\"potentialAction\":[{\"@type\":\"ReadAction\",\"target\":[\"https:\/\/dicodusport.fr\/blog\/o-gran-camino-2025-magnus-cort-nielsen-double-la-mise-sur-la-2eme-etape\/\"]}]},{\"@type\":\"ImageObject\",\"inLanguage\":\"fr-FR\",\"@id\":\"https:\/\/dicodusport.fr\/blog\/o-gran-camino-2025-magnus-cort-nielsen-double-la-mise-sur-la-2eme-etape\/#primaryimage\",\"url\":\"https:\/\/dicodusport.fr\/blog\/wp-content\/uploads\/2025\/02\/O-Gran-Camino-2025-Magnus-Cort-Nielsen-double-la-mise-sur-la-2eme-etape.png\",\"contentUrl\":\"https:\/\/dicodusport.fr\/blog\/wp-content\/uploads\/2025\/02\/O-Gran-Camino-2025-Magnus-Cort-Nielsen-double-la-mise-sur-la-2eme-etape.png\",\"width\":1200,\"height\":674,\"caption\":\"O Gran Cami\u00f1o 2025 Magnus Cort Nielsen double la mise sur la 2\u00e8me \u00e9tape\"},{\"@type\":\"BreadcrumbList\",\"@id\":\"https:\/\/dicodusport.fr\/blog\/o-gran-camino-2025-magnus-cort-nielsen-double-la-mise-sur-la-2eme-etape\/#breadcrumb\",\"itemListElement\":[{\"@type\":\"ListItem\",\"position\":1,\"name\":\"Accueil\",\"item\":\"https:\/\/dicodusport.fr\/blog\/\"},{\"@type\":\"ListItem\",\"position\":2,\"name\":\"O Gran Cami\u00f1o 2025 : Magnus Cort Nielsen double la mise sur la 2\u00e8me \u00e9tape\"}]},{\"@type\":\"WebSite\",\"@id\":\"https:\/\/dicodusport.fr\/blog\/#website\",\"url\":\"https:\/\/dicodusport.fr\/blog\/\",\"name\":\"Dicodusport\",\"description\":\"L&#039;encyclop\u00e9die de l&#039;actualit\u00e9 sportive\",\"publisher\":{\"@id\":\"https:\/\/dicodusport.fr\/blog\/#organization\"},\"potentialAction\":[{\"@type\":\"SearchAction\",\"target\":{\"@type\":\"EntryPoint\",\"urlTemplate\":\"https:\/\/dicodusport.fr\/blog\/?s={search_term_string}\"},\"query-input\":{\"@type\":\"PropertyValueSpecification\",\"valueRequired\":true,\"valueName\":\"search_term_string\"}}],\"inLanguage\":\"fr-FR\"},{\"@type\":\"NewsMediaOrganization\",\"@id\":\"https:\/\/dicodusport.fr\/blog\/#organization\",\"name\":\"Dicodusport\",\"url\":\"https:\/\/dicodusport.fr\/blog\/\",\"logo\":{\"@type\":\"ImageObject\",\"inLanguage\":\"fr-FR\",\"@id\":\"https:\/\/dicodusport.fr\/blog\/#\/schema\/logo\/image\/\",\"url\":\"https:\/\/dicodusport.fr\/blog\/wp-content\/uploads\/2020\/06\/cropped-LOGO-DICODUSPORT-2020-SANS-FOND-SANS-TEXTE.png\",\"contentUrl\":\"https:\/\/dicodusport.fr\/blog\/wp-content\/uploads\/2020\/06\/cropped-LOGO-DICODUSPORT-2020-SANS-FOND-SANS-TEXTE.png\",\"width\":512,\"height\":512,\"caption\":\"Dicodusport\"},\"image\":{\"@id\":\"https:\/\/dicodusport.fr\/blog\/#\/schema\/logo\/image\/\"},\"sameAs\":[\"https:\/\/www.facebook.com\/dicodusport\",\"https:\/\/x.com\/dicodusport\",\"https:\/\/www.instagram.com\/dicodusport\/\",\"https:\/\/www.youtube.com\/channel\/UC7V2KZ5sd3htJivAbA4ZG3w\"],\"description\":\"Dicodusport est l'encyclop\u00e9die de l'actualit\u00e9 sportive.\",\"email\":\"bonjour@dicodusport.fr\",\"legalName\":\"DICODUSPORT\",\"foundingDate\":\"2018-01-14\",\"vatID\":\"FR71834470973\",\"taxID\":\"83447097300043\",\"numberOfEmployees\":{\"@type\":\"QuantitativeValue\",\"minValue\":\"1\",\"maxValue\":\"10\"}},{\"@type\":\"Person\",\"@id\":\"https:\/\/dicodusport.fr\/blog\/#\/schema\/person\/2d00cb7edce22380129fc3141987a97f\",\"name\":\"Louis Bouchardon\",\"image\":{\"@type\":\"ImageObject\",\"inLanguage\":\"fr-FR\",\"@id\":\"https:\/\/dicodusport.fr\/blog\/#\/schema\/person\/image\/\",\"url\":\"https:\/\/dicodusport.fr\/blog\/wp-content\/uploads\/2025\/02\/Maillot-Dicodusport-Loulou-49-150x150.png\",\"contentUrl\":\"https:\/\/dicodusport.fr\/blog\/wp-content\/uploads\/2025\/02\/Maillot-Dicodusport-Loulou-49-150x150.png\",\"caption\":\"Louis Bouchardon\"},\"description\":\"Berc\u00e9 dans la fin des ann\u00e9es 90 au son des rayons de v\u00e9lo d\u2019un p\u00e8re cycliste amateur, le sport n\u2019a depuis plus jamais quitt\u00e9 mon quotidien. Sp\u00e9cialiste du ballon rond comme du ballon ovale, je suis r\u00e9dacteur chez Dicodusport depuis d\u00e9cembre 2023.\",\"url\":\"https:\/\/dicodusport.fr\/blog\/author\/louis-bouchardon\/\"}]}<\/script>\n<!-- \/ Yoast SEO Premium plugin. -->","yoast_head_json":{"title":"O Gran Cami\u00f1o 2025 : Magnus Cort Nielsen double la mise sur la 2\u00e8me \u00e9tape","description":"Magnus Cort Nielsen (Uno-X) a pris le meilleur sur ses adversaires au terme d'une deuxi\u00e8me \u00e9tape casse-pattes sur les routes galiciennes.","robots":{"index":"index","follow":"follow","max-snippet":"max-snippet:-1","max-image-preview":"max-image-preview:large","max-video-preview":"max-video-preview:-1"},"canonical":"https:\/\/dicodusport.fr\/blog\/o-gran-camino-2025-magnus-cort-nielsen-double-la-mise-sur-la-2eme-etape\/","og_locale":"fr_FR","og_type":"article","og_title":"O Gran Cami\u00f1o 2025 : Magnus Cort Nielsen double la mise sur la 2\u00e8me \u00e9tape","og_description":"Magnus Cort Nielsen (Uno-X) a pris le meilleur sur ses adversaires au terme d'une deuxi\u00e8me \u00e9tape casse-pattes sur les routes galiciennes.","og_url":"https:\/\/dicodusport.fr\/blog\/o-gran-camino-2025-magnus-cort-nielsen-double-la-mise-sur-la-2eme-etape\/","og_site_name":"Dicodusport","article_publisher":"https:\/\/www.facebook.com\/dicodusport","article_published_time":"2025-02-27T16:19:18+00:00","article_modified_time":"2025-02-27T17:01:56+00:00","og_image":[{"width":1200,"height":674,"url":"https:\/\/dicodusport.fr\/blog\/wp-content\/uploads\/2025\/02\/O-Gran-Camino-2025-Magnus-Cort-Nielsen-double-la-mise-sur-la-2eme-etape.png","type":"image\/png"}],"author":"Louis Bouchardon","twitter_card":"summary_large_image","twitter_title":"O Gran Cami\u00f1o 2025 : Magnus Cort Nielsen double la mise sur la 2\u00e8me \u00e9tape","twitter_creator":"@dicodusport","twitter_site":"@dicodusport","schema":{"@context":"https:\/\/schema.org","@graph":[{"@type":"NewsArticle","@id":"https:\/\/dicodusport.fr\/blog\/o-gran-camino-2025-magnus-cort-nielsen-double-la-mise-sur-la-2eme-etape\/#article","isPartOf":{"@id":"https:\/\/dicodusport.fr\/blog\/o-gran-camino-2025-magnus-cort-nielsen-double-la-mise-sur-la-2eme-etape\/"},"author":{"name":"Louis Bouchardon","@id":"https:\/\/dicodusport.fr\/blog\/#\/schema\/person\/2d00cb7edce22380129fc3141987a97f"},"headline":"O Gran Cami\u00f1o 2025 : Magnus Cort Nielsen double la mise sur la 2\u00e8me \u00e9tape","datePublished":"2025-02-27T16:19:18+00:00","dateModified":"2025-02-27T17:01:56+00:00","mainEntityOfPage":{"@id":"https:\/\/dicodusport.fr\/blog\/o-gran-camino-2025-magnus-cort-nielsen-double-la-mise-sur-la-2eme-etape\/"},"wordCount":658,"commentCount":0,"publisher":{"@id":"https:\/\/dicodusport.fr\/blog\/#organization"},"image":{"@id":"https:\/\/dicodusport.fr\/blog\/o-gran-camino-2025-magnus-cort-nielsen-double-la-mise-sur-la-2eme-etape\/#primaryimage"},"thumbnailUrl":"https:\/\/dicodusport.fr\/blog\/wp-content\/uploads\/2025\/02\/O-Gran-Camino-2025-Magnus-Cort-Nielsen-double-la-mise-sur-la-2eme-etape.png","keywords":["actu","br\u00e8ve","O Gran Camino"],"articleSection":["Cyclisme sur route"],"inLanguage":"fr-FR","potentialAction":[{"@type":"CommentAction","name":"Comment","target":["https:\/\/dicodusport.fr\/blog\/o-gran-camino-2025-magnus-cort-nielsen-double-la-mise-sur-la-2eme-etape\/#respond"]}],"copyrightYear":"2025","copyrightHolder":{"@id":"https:\/\/dicodusport.fr\/blog\/#organization"}},{"@type":"WebPage","@id":"https:\/\/dicodusport.fr\/blog\/o-gran-camino-2025-magnus-cort-nielsen-double-la-mise-sur-la-2eme-etape\/","url":"https:\/\/dicodusport.fr\/blog\/o-gran-camino-2025-magnus-cort-nielsen-double-la-mise-sur-la-2eme-etape\/","name":"O Gran Cami\u00f1o 2025 : Magnus Cort Nielsen double la mise sur la 2\u00e8me \u00e9tape","isPartOf":{"@id":"https:\/\/dicodusport.fr\/blog\/#website"},"primaryImageOfPage":{"@id":"https:\/\/dicodusport.fr\/blog\/o-gran-camino-2025-magnus-cort-nielsen-double-la-mise-sur-la-2eme-etape\/#primaryimage"},"image":{"@id":"https:\/\/dicodusport.fr\/blog\/o-gran-camino-2025-magnus-cort-nielsen-double-la-mise-sur-la-2eme-etape\/#primaryimage"},"thumbnailUrl":"https:\/\/dicodusport.fr\/blog\/wp-content\/uploads\/2025\/02\/O-Gran-Camino-2025-Magnus-Cort-Nielsen-double-la-mise-sur-la-2eme-etape.png","datePublished":"2025-02-27T16:19:18+00:00","dateModified":"2025-02-27T17:01:56+00:00","description":"Magnus Cort Nielsen (Uno-X) a pris le meilleur sur ses adversaires au terme d'une deuxi\u00e8me \u00e9tape casse-pattes sur les routes galiciennes.","breadcrumb":{"@id":"https:\/\/dicodusport.fr\/blog\/o-gran-camino-2025-magnus-cort-nielsen-double-la-mise-sur-la-2eme-etape\/#breadcrumb"},"inLanguage":"fr-FR","potentialAction":[{"@type":"ReadAction","target":["https:\/\/dicodusport.fr\/blog\/o-gran-camino-2025-magnus-cort-nielsen-double-la-mise-sur-la-2eme-etape\/"]}]},{"@type":"ImageObject","inLanguage":"fr-FR","@id":"https:\/\/dicodusport.fr\/blog\/o-gran-camino-2025-magnus-cort-nielsen-double-la-mise-sur-la-2eme-etape\/#primaryimage","url":"https:\/\/dicodusport.fr\/blog\/wp-content\/uploads\/2025\/02\/O-Gran-Camino-2025-Magnus-Cort-Nielsen-double-la-mise-sur-la-2eme-etape.png","contentUrl":"https:\/\/dicodusport.fr\/blog\/wp-content\/uploads\/2025\/02\/O-Gran-Camino-2025-Magnus-Cort-Nielsen-double-la-mise-sur-la-2eme-etape.png","width":1200,"height":674,"caption":"O Gran Cami\u00f1o 2025 Magnus Cort Nielsen double la mise sur la 2\u00e8me \u00e9tape"},{"@type":"BreadcrumbList","@id":"https:\/\/dicodusport.fr\/blog\/o-gran-camino-2025-magnus-cort-nielsen-double-la-mise-sur-la-2eme-etape\/#breadcrumb","itemListElement":[{"@type":"ListItem","position":1,"name":"Accueil","item":"https:\/\/dicodusport.fr\/blog\/"},{"@type":"ListItem","position":2,"name":"O Gran Cami\u00f1o 2025 : Magnus Cort Nielsen double la mise sur la 2\u00e8me \u00e9tape"}]},{"@type":"WebSite","@id":"https:\/\/dicodusport.fr\/blog\/#website","url":"https:\/\/dicodusport.fr\/blog\/","name":"Dicodusport","description":"L&#039;encyclop\u00e9die de l&#039;actualit\u00e9 sportive","publisher":{"@id":"https:\/\/dicodusport.fr\/blog\/#organization"},"potentialAction":[{"@type":"SearchAction","target":{"@type":"EntryPoint","urlTemplate":"https:\/\/dicodusport.fr\/blog\/?s={search_term_string}"},"query-input":{"@type":"PropertyValueSpecification","valueRequired":true,"valueName":"search_term_string"}}],"inLanguage":"fr-FR"},{"@type":"NewsMediaOrganization","@id":"https:\/\/dicodusport.fr\/blog\/#organization","name":"Dicodusport","url":"https:\/\/dicodusport.fr\/blog\/","logo":{"@type":"ImageObject","inLanguage":"fr-FR","@id":"https:\/\/dicodusport.fr\/blog\/#\/schema\/logo\/image\/","url":"https:\/\/dicodusport.fr\/blog\/wp-content\/uploads\/2020\/06\/cropped-LOGO-DICODUSPORT-2020-SANS-FOND-SANS-TEXTE.png","contentUrl":"https:\/\/dicodusport.fr\/blog\/wp-content\/uploads\/2020\/06\/cropped-LOGO-DICODUSPORT-2020-SANS-FOND-SANS-TEXTE.png","width":512,"height":512,"caption":"Dicodusport"},"image":{"@id":"https:\/\/dicodusport.fr\/blog\/#\/schema\/logo\/image\/"},"sameAs":["https:\/\/www.facebook.com\/dicodusport","https:\/\/x.com\/dicodusport","https:\/\/www.instagram.com\/dicodusport\/","https:\/\/www.youtube.com\/channel\/UC7V2KZ5sd3htJivAbA4ZG3w"],"description":"Dicodusport est l'encyclop\u00e9die de l'actualit\u00e9 sportive.","email":"bonjour@dicodusport.fr","legalName":"DICODUSPORT","foundingDate":"2018-01-14","vatID":"FR71834470973","taxID":"83447097300043","numberOfEmployees":{"@type":"QuantitativeValue","minValue":"1","maxValue":"10"}},{"@type":"Person","@id":"https:\/\/dicodusport.fr\/blog\/#\/schema\/person\/2d00cb7edce22380129fc3141987a97f","name":"Louis Bouchardon","image":{"@type":"ImageObject","inLanguage":"fr-FR","@id":"https:\/\/dicodusport.fr\/blog\/#\/schema\/person\/image\/","url":"https:\/\/dicodusport.fr\/blog\/wp-content\/uploads\/2025\/02\/Maillot-Dicodusport-Loulou-49-150x150.png","contentUrl":"https:\/\/dicodusport.fr\/blog\/wp-content\/uploads\/2025\/02\/Maillot-Dicodusport-Loulou-49-150x150.png","caption":"Louis Bouchardon"},"description":"Berc\u00e9 dans la fin des ann\u00e9es 90 au son des rayons de v\u00e9lo d\u2019un p\u00e8re cycliste amateur, le sport n\u2019a depuis plus jamais quitt\u00e9 mon quotidien. Sp\u00e9cialiste du ballon rond comme du ballon ovale, je suis r\u00e9dacteur chez Dicodusport depuis d\u00e9cembre 2023.","url":"https:\/\/dicodusport.fr\/blog\/author\/louis-bouchardon\/"}]}},"_links":{"self":[{"href":"https:\/\/dicodusport.fr\/blog\/wp-json\/wp\/v2\/posts\/559562","targetHints":{"allow":["GET"]}}],"collection":[{"href":"https:\/\/dicodusport.fr\/blog\/wp-json\/wp\/v2\/posts"}],"about":[{"href":"https:\/\/dicodusport.fr\/blog\/wp-json\/wp\/v2\/types\/post"}],"author":[{"embeddable":true,"href":"https:\/\/dicodusport.fr\/blog\/wp-json\/wp\/v2\/users\/97"}],"replies":[{"embeddable":true,"href":"https:\/\/dicodusport.fr\/blog\/wp-json\/wp\/v2\/comments?post=559562"}],"version-history":[{"count":5,"href":"https:\/\/dicodusport.fr\/blog\/wp-json\/wp\/v2\/posts\/559562\/revisions"}],"predecessor-version":[{"id":559642,"href":"https:\/\/dicodusport.fr\/blog\/wp-json\/wp\/v2\/posts\/559562\/revisions\/559642"}],"wp:featuredmedia":[{"embeddable":true,"href":"https:\/\/dicodusport.fr\/blog\/wp-json\/wp\/v2\/media\/559622"}],"wp:attachment":[{"href":"https:\/\/dicodusport.fr\/blog\/wp-json\/wp\/v2\/media?parent=559562"}],"wp:term":[{"taxonomy":"category","embeddable":true,"href":"https:\/\/dicodusport.fr\/blog\/wp-json\/wp\/v2\/categories?post=559562"},{"taxonomy":"post_tag","embeddable":true,"href":"https:\/\/dicodusport.fr\/blog\/wp-json\/wp\/v2\/tags?post=559562"}],"curies":[{"name":"wp","href":"https:\/\/api.w.org\/{rel}","templated":true}]}}