{"id":559978,"date":"2025-03-03T16:00:59","date_gmt":"2025-03-03T15:00:59","guid":{"rendered":"https:\/\/dicodusport.fr\/blog\/?p=559978&#038;preview=true&#038;preview_id=559978"},"modified":"2025-04-03T14:19:06","modified_gmt":"2025-04-03T12:19:06","slug":"laly-chaucheprat-telemark-on-manque-de-visibilite-alors-que-cest-un-sport-tres-televisuel","status":"publish","type":"post","link":"https:\/\/dicodusport.fr\/blog\/laly-chaucheprat-telemark-on-manque-de-visibilite-alors-que-cest-un-sport-tres-televisuel\/","title":{"rendered":"Laly Chaucheprat (T\u00e9l\u00e9mark)\u00a0: \u00ab\u00a0On manque de visibilit\u00e9 alors que c&rsquo;est un sport tr\u00e8s t\u00e9l\u00e9visuel\u00a0\u00bb"},"content":{"rendered":"<p style=\"text-align: justify;\"><em><strong>T\u00c9L\u00c9MARK \u2013 Membre de l\u2019\u00c9quipe de France de t\u00e9l\u00e9mark depuis de longues ann\u00e9es, Laly Chaucheprat s\u2019est illustr\u00e9e au d\u00e9but du mois de f\u00e9vrier en remportant deux \u00e9tapes de Coupe du monde en 24h, \u00e0 Trillevallen. Avant d\u2019entamer une fin de saison dantesque marqu\u00e9e par les championnats du monde en France, l\u2019actuelle 5\u00e8me du classement g\u00e9n\u00e9ral s\u2019est confi\u00e9e en longueur sur sa saison, mais aussi les coulisses d\u2019une discipline pr\u00e9caire, souffrant d\u2019un \u00e9vident manque de visibilit\u00e9.<\/strong><\/em><\/p>\n<ul style=\"text-align: justify;\">\n<li><strong>\u00c0 ce sujet &#8211; <a href=\"https:\/\/dicodusport.fr\/blog\/?s=telemark\">Toute l&rsquo;actualit\u00e9 du t\u00e9l\u00e9mark<\/a><\/strong><\/li>\n<\/ul>\n<h3 style=\"text-align: justify;\">\u00c0 Trillevallen, tu as frapp\u00e9 un grand coup en raflant les deux victoires en l\u2019espace de 24h. Comment as-tu v\u00e9cu ce week-end si sp\u00e9cial qui t\u2019as permis de tripler ton total de victoires en carri\u00e8re\u00a0?<\/h3>\n<p style=\"text-align: justify;\">C\u2019\u00e9tait un objectif cette saison de remporter des victoires. L\u2019ann\u00e9e derni\u00e8re, j\u2019ai termin\u00e9 3\u00e8me de la Coupe du monde, donc <strong>j\u2019\u00e9tais tr\u00e8s r\u00e9guli\u00e8re, mais sans parvenir \u00e0 gagner<\/strong>. Je skiais bien \u00e0 l\u2019entra\u00eenement et il ne manquait pas grand-chose en d\u00e9but de saison. Apr\u00e8s, il faut \u00eatre pr\u00eat le jour J. J\u2019avais fait un<strong> <a href=\"https:\/\/dicodusport.fr\/blog\/telemark-carezza-2025-charly-petex-rafle-le-premier-sprint-laly-chaucheprat-sur-le-podium\/\">podium \u00e0 Carezza<\/a><\/strong>, puis j\u2019ai \u00e9t\u00e9 frustr\u00e9e \u00e0 Melchsee-Frutt parce que j\u2019\u00e9tais fatigu\u00e9e, et je n\u2019ai pas r\u00e9ussi \u00e0 mettre en place mon ski. La semaine de break suivante \u00e9tait compliqu\u00e9e, entre la fatigue et le doute d\u00e9coulant des r\u00e9sultats. Beaucoup d\u2019objectifs sont en fin de saison, dont le classement g\u00e9n\u00e9ral, donc il faut mettre des points. <strong>Il fallait que je gagne \u00e0 Trillevallen <\/strong>pour pouvoir atteindre mes objectifs de fin de saison. J\u2019ai vu mon pr\u00e9parateur mental, et c\u2019\u00e9tait ensuite \u00e0 moi de faire le reste.<\/p>\n<p style=\"text-align: justify;\">C\u2019\u00e9tait la premi\u00e8re fois depuis une dizaine d\u2019ann\u00e9es qu\u2019il y avait une \u00e9tape en Su\u00e8de. J\u2019aime bien quand il y a de la pente et un bon saut avec une belle r\u00e9ception, ce qui \u00e9tait le cas avec cette piste. Le premier jour, je ne m\u2019attendais pas \u00e0 gagner puisqu\u2019il y a eu pas mal de faits de course. Je ne fais pas une bonne premi\u00e8re manche (5\u00e8me) et j\u2019aborde la seconde en l\u00e2chant les chevaux. Au final, <strong>j\u2019arrive en bas 1\u00e8re, et les filles qui \u00e9taient devant moi ont pris des p\u00e9nalit\u00e9s ou sont tomb\u00e9es, ce qui m\u2019a permis de gagner la course<\/strong>. Je n\u2019\u00e9tais pas loin en temps, donc j\u2019esp\u00e9rais un podium, mais c\u2019\u00e9tait inconcevable d&rsquo;aller aussi haut !<\/p>\n<p style=\"text-align: justify;\">Au t\u00e9l\u00e9mark, on ne sait pas tout de suite qui a gagn\u00e9, puisque les p\u00e9nalit\u00e9s peuvent remettre en cause le classement. Finalement, je me suis retrouv\u00e9e sur le podium avec <strong>Camille<\/strong> (<strong>Bourbon<\/strong>, 3\u00e8me ce jour-l\u00e0) donc on \u00e9tait contentes. Alors que j\u2019avais envie de rentrer chez moi entre les deux manches (<em>rires<\/em>). Mais \u00e7a m\u2019a donn\u00e9 de la confiance sur ma capacit\u00e9 \u00e0 l\u2019emporter malgr\u00e9 une mauvaise premi\u00e8re manche, et pour le deuxi\u00e8me jour. J\u2019ai vraiment bien ski\u00e9 sur la deuxi\u00e8me manche, et je pouvais vraiment me dire que <strong>je n&rsquo;avais pas vol\u00e9 la victoire <\/strong>! \u00ab\u00a0<\/p>\n<div class=\"vlp-link-container vlp-layout-article\"><a href=\"https:\/\/dicodusport.fr\/blog\/telemark-trillevallen-2025-laly-chaucheprat-double-la-mise-des-podiums-en-pagaille-pour-les-bleus\/\" class=\"vlp-link\" title=\"T\u00e9l\u00e9mark Trillevallen 2025 : Laly Chaucheprat double la mise, des podiums en pagaille pour les Bleus\"><\/a><div class=\"vlp-layout-zone-side\"><div class=\"vlp-block-4 vlp-link-image\"><img loading=\"lazy\" decoding=\"async\" style=\"max-width: 792px;\" width=\"792\" height=\"445\" src=\"https:\/\/dicodusport.fr\/blog\/wp-content\/uploads\/2025\/02\/Telemark-Trillevallen-2025-Laly-Chaucheprat-double-la-mise-des-podiums-en-pagaille-pour-les-Bleus.png\" class=\"attachment-800x445 size-800x445\" alt=\"T\u00e9l\u00e9mark Trillevallen 2025 : Laly Chaucheprat double la mise, des podiums en pagaille pour les Bleus\" srcset=\"https:\/\/dicodusport.fr\/blog\/wp-content\/uploads\/2025\/02\/Telemark-Trillevallen-2025-Laly-Chaucheprat-double-la-mise-des-podiums-en-pagaille-pour-les-Bleus.png 1200w, https:\/\/dicodusport.fr\/blog\/wp-content\/uploads\/2025\/02\/Telemark-Trillevallen-2025-Laly-Chaucheprat-double-la-mise-des-podiums-en-pagaille-pour-les-Bleus-300x169.png 300w, https:\/\/dicodusport.fr\/blog\/wp-content\/uploads\/2025\/02\/Telemark-Trillevallen-2025-Laly-Chaucheprat-double-la-mise-des-podiums-en-pagaille-pour-les-Bleus-1024x575.png 1024w, https:\/\/dicodusport.fr\/blog\/wp-content\/uploads\/2025\/02\/Telemark-Trillevallen-2025-Laly-Chaucheprat-double-la-mise-des-podiums-en-pagaille-pour-les-Bleus-768x431.png 768w\" sizes=\"auto, (max-width: 792px) 100vw, 792px\" \/><\/div><\/div><div class=\"vlp-layout-zone-main\"><div class=\"vlp-block-0 vlp-link-title\">T\u00e9l\u00e9mark Trillevallen 2025 : Laly Chaucheprat double la mise, des podiums en pagaille pour les Bleus<\/div><div class=\"vlp-block-1 vlp-link-summary\">COUPE DU MONDE DE T\u00c9L\u00c9MARK 2024\/2025 - La deuxi\u00e8me manche de l'\u00e9tape de Trillevallen a \u00e9t\u00e9 un v\u00e9ritable festival pour les Bleus. D\u00e9j\u00e0 vainqueure la veille, Laly Chaucheprat s'est de nouveau impos\u00e9e, tandis qu'Argeline Tan-Bouquet, Alexis Page et Charly Petex ont \u00e9galement pris place sur le podium.<\/div><div class=\"vlp-block-2 vlp-link-button\">Lire l'article<\/div><div class=\"vlp-block-3 vlp-link-url\">dicodusport.fr<\/div><\/div><\/div>\n<h3 style=\"text-align: justify;\">Le weekend suivant a en revanche \u00e9t\u00e9 plus compliqu\u00e9 \u00e0 Al, la faute \u00e0 un accident de motoneige intervenu entre-temps. Est-ce que cela te frustre de ne pas avoir pu lutter \u00e0 100 % sur ce weekend de trois courses ?<\/h3>\n<p style=\"text-align: justify;\">C\u2019est tr\u00e8s frustrant parce que c\u2019\u00e9tait une activit\u00e9 qu\u2019on avait d\u00e9cid\u00e9 de faire en \u00e9quipe, mais j\u2019aurais d\u00fb \u00e9couter mon corps et ne pas y aller. Malheureusement j\u2019ai eu un accident. Au moment o\u00f9 je suis bless\u00e9e, j\u2019ouvre mon t\u00e9l\u00e9phone et je vois le classement g\u00e9n\u00e9ral o\u00f9 je suis remont\u00e9e 3\u00e8me, et 2\u00e8me \u00e0 celui du sprint, donc j\u2019\u00e9tais d\u00e9go\u00fbt\u00e9e. Je ne savais pas ce que j\u2019avais et je pensais que \u00e7a pouvait \u00eatre la fin de la saison. Mais les examens ont r\u00e9v\u00e9l\u00e9 que rien n\u2019\u00e9tait cass\u00e9. C\u2019\u00e9tait le lundi et on courait vendredi, samedi et dimanche en Norv\u00e8ge. On a pris l\u2019avion le lendemain et <strong>je boitais en raison de contusions au genou, je n\u2019arrivais pas \u00e0 monter les escaliers<\/strong>\u2026<\/p>\n<p style=\"text-align: justify;\">Je savais qu\u2019il n\u2019y avait rien de grave, donc c\u2019\u00e9tait \u00e0 moi de me faire violence, m\u00eame s\u2019il n\u2019y avait pas de kin\u00e9 sur place. On avait un jour de rab d\u2019entra\u00eenement mais j\u2019ai juste essay\u00e9 de skier pour tester. Il fallait que je skie bien pour \u00e9viter de me faire mal en raison des secousses et sur les phases de d\u00e9rapage. J\u2019ai eue la chance que le bleu sur le tibia soit juste au-dessus de la chaussure de ski, du coup la douleur n\u2019\u00e9tait pas trop intense. Avec les entra\u00eenements de saut le jeudi, j\u2019ai vu que j\u2019\u00e9tais en capacit\u00e9 de me pr\u00e9senter donc je n\u2019ai jamais \u00e9t\u00e9 aussi contente.<\/p>\n<p style=\"text-align: justify;\">C\u2019est <strong>difficile de viser un r\u00e9sultat sans \u00eatre \u00e0 100 %<\/strong>, mais tu le gardes dans un petit coin de ta t\u00eate. Je fais des petites erreurs dans la premi\u00e8re manche le vendredi et je termine 12\u00e8me. Mais je sais que je suis capable de retrouver le ski du weekend d\u2019avant en d\u00e9pit des douleurs. J\u2019ai pris le 2\u00e8me temps de la seconde manche en \u00e9tant en t\u00eate de l\u2019interm\u00e9diaire en G\u00e9ant. \u00c7a n\u2019a pas suffi pour le podium (5\u00e8me), mais c\u2019\u00e9tait d\u00e9j\u00e0 une victoire au vu de la semaine \u00e9coul\u00e9e. On a encha\u00een\u00e9 avec le parall\u00e8le le samedi, sur une piste assez plate o\u00f9 j\u2019ai eu du mal \u00e0 exprimer mon ski. En plus, suite aux qualifications, je me suis retrouv\u00e9e face \u00e0 une compatriote (<strong>Camille Bourbon<\/strong>) en 8\u00e8me, et je me fais \u00e9liminer.<\/p>\n<p style=\"text-align: justify;\">Enfin, j\u2019avais envie de faire une bonne Classic puisque j\u2019avais fait deux podiums en deux jours l\u2019ann\u00e9e derni\u00e8re. <strong>L\u2019envie \u00e9tait l\u00e0, mais la fatigue et la blessure, ainsi qu\u2019un d\u00e9but de maladie, ont rendu l\u2019\u00e9preuve plus compliqu\u00e9e<\/strong>. Je suis bien partie, mais \u00e0 mi-course je n\u2019avais plus de jambes et j\u2019ai souffert dans le skating. M\u00eame apr\u00e8s la course, j\u2019ai eu du mal \u00e0 m\u2019en remettre. L\u2019encha\u00eenement des deux semaines a entra\u00een\u00e9 beaucoup de fatigue.<\/p>\n<h3 style=\"text-align: justify;\">L\u2019an dernier, tu avais cumul\u00e9 7 podiums pour une 3e place finale au g\u00e9n\u00e9ral. Si Jasmin Taylor a d\u00e9j\u00e0 creus\u00e9 l\u2019\u00e9cart en t\u00eate du classement g\u00e9n\u00e9ral, tu es dans la course pour le classement du sprint, voire de la Classic. Est-ce qu\u2019aller chercher un petit globe est un de tes objectifs ?<\/h3>\n<p style=\"text-align: justify;\"><strong>Je le garde dans un coin de la t\u00eate mais ce n\u2019est pas la priorit\u00e9<\/strong>. J\u2019avais fait 3\u00e8me du g\u00e9n\u00e9ral l\u2019ann\u00e9e derni\u00e8re donc je vise le Top 2. Tout peut encore bouger, il reste beaucoup de courses. Si je peux faire un petit globe de discipline cette ann\u00e9e c\u2019est bien, mais <strong>l\u2019objectif principal sera sur les championnats du monde<\/strong> qui sont disput\u00e9s \u00e0 domicile, \u00e0 la station \u00e0 c\u00f4t\u00e9 de chez moi. \u00c7a fait deux ans que je pr\u00e9pare l\u2019\u00e9v\u00e8nement.<\/p>\n<blockquote class=\"instagram-media\" style=\"background: #FFF; border: 0; border-radius: 3px; box-shadow: 0 0 1px 0 rgba(0,0,0,0.5),0 1px 10px 0 rgba(0,0,0,0.15); margin: 1px; max-width: 540px; min-width: 326px; padding: 0; width: calc(100% - 2px);\" data-instgrm-permalink=\"https:\/\/www.instagram.com\/p\/DGLZ0PbxbSB\/?utm_source=ig_embed&amp;utm_campaign=loading\" data-instgrm-version=\"14\">\n<div style=\"padding: 16px;\">\n<div style=\"display: flex; flex-direction: row; align-items: center;\">\n<div style=\"background-color: #f4f4f4; border-radius: 50%; flex-grow: 0; height: 40px; margin-right: 14px; width: 40px;\"><\/div>\n<div style=\"display: flex; flex-direction: column; flex-grow: 1; justify-content: center;\">\n<div style=\"background-color: #f4f4f4; border-radius: 4px; flex-grow: 0; height: 14px; margin-bottom: 6px; width: 100px;\"><\/div>\n<div style=\"background-color: #f4f4f4; border-radius: 4px; flex-grow: 0; height: 14px; width: 60px;\"><\/div>\n<\/div>\n<\/div>\n<div style=\"padding: 19% 0;\"><\/div>\n<div style=\"display: block; height: 50px; margin: 0 auto 12px; width: 50px;\"><\/div>\n<div style=\"padding-top: 8px;\">\n<div style=\"color: #3897f0; font-family: Arial,sans-serif; font-size: 14px; font-style: normal; font-weight: 550; line-height: 18px;\">Voir cette publication sur Instagram<\/div>\n<\/div>\n<div style=\"padding: 12.5% 0;\"><\/div>\n<div style=\"display: flex; flex-direction: row; margin-bottom: 14px; align-items: center;\">\n<div>\n<div style=\"background-color: #f4f4f4; border-radius: 50%; height: 12.5px; width: 12.5px; transform: translateX(0px) translateY(7px);\"><\/div>\n<div style=\"background-color: #f4f4f4; height: 12.5px; transform: rotate(-45deg) translateX(3px) translateY(1px); width: 12.5px; flex-grow: 0; margin-right: 14px; margin-left: 2px;\"><\/div>\n<div style=\"background-color: #f4f4f4; border-radius: 50%; height: 12.5px; width: 12.5px; transform: translateX(9px) translateY(-18px);\"><\/div>\n<\/div>\n<div style=\"margin-left: 8px;\">\n<div style=\"background-color: #f4f4f4; border-radius: 50%; flex-grow: 0; height: 20px; width: 20px;\"><\/div>\n<div style=\"width: 0; height: 0; border-top: 2px solid transparent; border-left: 6px solid #f4f4f4; border-bottom: 2px solid transparent; transform: translateX(16px) translateY(-4px) rotate(30deg);\"><\/div>\n<\/div>\n<div style=\"margin-left: auto;\">\n<div style=\"width: 0px; border-top: 8px solid #F4F4F4; border-right: 8px solid transparent; transform: translateY(16px);\"><\/div>\n<div style=\"background-color: #f4f4f4; flex-grow: 0; height: 12px; width: 16px; transform: translateY(-4px);\"><\/div>\n<div style=\"width: 0; height: 0; border-top: 8px solid #F4F4F4; border-left: 8px solid transparent; transform: translateY(-4px) translateX(8px);\"><\/div>\n<\/div>\n<\/div>\n<div style=\"display: flex; flex-direction: column; flex-grow: 1; justify-content: center; margin-bottom: 24px;\">\n<div style=\"background-color: #f4f4f4; border-radius: 4px; flex-grow: 0; height: 14px; margin-bottom: 6px; width: 224px;\"><\/div>\n<div style=\"background-color: #f4f4f4; border-radius: 4px; flex-grow: 0; height: 14px; width: 144px;\"><\/div>\n<\/div>\n<p style=\"color: #c9c8cd; font-family: Arial,sans-serif; font-size: 14px; line-height: 17px; margin-bottom: 0; margin-top: 8px; overflow: hidden; padding: 8px 0 7px; text-align: center; text-overflow: ellipsis; white-space: nowrap;\"><a style=\"color: #c9c8cd; font-family: Arial,sans-serif; font-size: 14px; font-style: normal; font-weight: normal; line-height: 17px; text-decoration: none;\" href=\"https:\/\/www.instagram.com\/p\/DGLZ0PbxbSB\/?utm_source=ig_embed&amp;utm_campaign=loading\" target=\"_blank\" rel=\"noopener\">Une publication partag\u00e9e par FIS Telemark (@fis_telemark)<\/a><\/p>\n<\/div>\n<\/blockquote>\n<p><script async src=\"\/\/www.instagram.com\/embed.js\"><\/script><\/p>\n<h3 style=\"text-align: justify;\">Dans un mois et demi, les mondiaux vont se disputer en France, aux Contamines-Montjoie, dans ton d\u00e9partement, la Haute-Savoie. Qu\u2019est-ce que repr\u00e9sente ce rendez-vous pour toi\u00a0?<\/h3>\n<p style=\"text-align: justify;\">J\u2019adore courir en France, j\u2019y suis plus performante. J\u2019aime bien quand ma famille peut venir me voir. C\u2019est s\u00fbr qu\u2019il y a une pression suppl\u00e9mentaire mais en m\u00eame temps c\u2019est vraiment cool. Les championnats du monde sont tous les deux ans, et en France, \u00e7a n\u2019arrive pas tout le temps. C\u2019est une \u00e9norme opportunit\u00e9 de pouvoir les disputer ici !<\/p>\n<h3 style=\"text-align: justify;\">Penses-tu que ces mondiaux peuvent permettre de jouer un r\u00f4le favorable \u00e0 l\u2019int\u00e9gration du t\u00e9l\u00e9mark aux JO 2030, en plus des r\u00e9sultats brillants ramen\u00e9s par le collectif\u00a0?<\/h3>\n<p style=\"text-align: justify;\">C\u2019est toujours un espoir, mais on n&rsquo;a pas encore eu cette chance. Il y a plusieurs moyens pour rentrer, on avait fait la demande en 2026 et on y avait cru, mais c\u2019est toujours plus simple quand le pays organisateur ajoute des sports o\u00f9 il y a des chances de m\u00e9daille. <strong>Le t\u00e9l\u00e9mark a la chance d\u2019avoir une \u00e9quipe cons\u00e9quente avec des r\u00e9sultats<\/strong>. On esp\u00e8re qu\u2019il rentrera aux JO en 2030 m\u00eame s\u2019il y aura de la concurrence, et qu\u2019il n\u2019est pas m\u00e9diatis\u00e9 \u00e0 sa juste valeur. J\u2019aimerais juste qu\u2019on le sache afin de pouvoir s\u2019y pr\u00e9parer, mais bien s\u00fbr j\u2019adorerais y participer si on rentre au programme.<\/p>\n<h3 style=\"text-align: justify;\">Le t\u00e9l\u00e9mark est encore une discipline de niche, tr\u00e8s peu m\u00e9diatis\u00e9e, et en cons\u00e9quence peu r\u00e9mun\u00e9ratrice. Entre les d\u00e9placements, les entra\u00eenements ou tout simplement le train de vie quotidien, comment arrives-tu \u00e0 trouver un \u00e9quilibre apr\u00e8s toutes ces ann\u00e9es\u00a0?<\/h3>\n<p style=\"text-align: justify;\"><strong>Globalement c\u2019est une grosse gal\u00e8re !<\/strong> J\u2019ai arr\u00eat\u00e9 mes \u00e9tudes pour me lancer dans ce sport \u00e0 haut niveau, en sachant que je ne gagnerais pas ma vie avec. La premi\u00e8re ann\u00e9e, j\u2019ai cherch\u00e9 des sponsors et un job. Mais c\u2019est compliqu\u00e9 de travailler en parall\u00e8le puisqu\u2019on est tr\u00e8s sollicit\u00e9. Toutes les deux semaines on n\u2019est pas l\u00e0. Comment je m\u2019organise ? Concr\u00e8tement, cet \u00e9t\u00e9 j\u2019ai travaill\u00e9 cinq mois \u00e0 Intersport en tant que vendeuse de produits sportifs, et l\u2019hiver je suis monitrice de ski entre mes courses. J\u2019essaye de caler trois semaines dans mon calendrier mais \u00e7a demande \u00e9norm\u00e9ment d\u2019\u00e9nergie physique. Il faut bien donc bien g\u00e9rer.<\/p>\n<p style=\"text-align: justify;\">Cet hiver j\u2019avais cal\u00e9 deux semaines \u00e0 No\u00ebl et une en f\u00e9vrier puisque j\u2019ai un mois de mars complet. Ensuite, <strong>chaque ann\u00e9e je recherche des sponsors pour m\u2019auto-financer. Cette ann\u00e9e, mon budget \u00e9tait de 20 000\u20ac, afin de ne pas avoir \u00e0 sortir d\u2019argent personnel<\/strong>. Il faut aussi vivre \u00e0 c\u00f4t\u00e9, et payer les choses de la vie quotidienne comme le loyer ou les d\u00e9placements.<\/p>\n<p style=\"text-align: justify;\">On ne gagne pas notre vie avec puisqu\u2019<strong>avant chaque course, on ne sait pas s\u2019il y aura un prize money<\/strong>. <strong>Pour ma victoire en Su\u00e8de, j\u2019ai eu en r\u00e9compense une bo\u00eete \u00e0 outils et une peau de b\u00eate<\/strong>, mais je n\u2019ai pas gagn\u00e9 d\u2019argent. Je ne fais pas du t\u00e9l\u00e9mark pour \u00e7a donc ce n\u2019est pas grave. Mais c\u2019est compliqu\u00e9 d\u2019\u00eatre reconnu parce que l\u2019<strong>on ne fait pas partie de la liste minist\u00e9rielle des sportifs de haut niveau<\/strong>. En cons\u00e9quence, on ne peut pas toucher d\u2019argent du gouvernement. Par ailleurs, le budget de la f\u00e9d\u00e9ration ne nous est pas forc\u00e9ment allou\u00e9. Il vient payer notre coach, mais ensuite la f\u00e9d\u00e9ration nous facture tous les d\u00e9placements.<\/p>\n<p style=\"text-align: justify;\">On a un plafond de la FIS qui est \u00e0 110\u20ac par jour environ. D\u00e8s que je pars , \u00e7a a un co\u00fbt. L\u00e0, j\u2019ai fait deux Coupes du monde en deux semaines, \u00e7a m\u2019est revenu \u00e0 1000\u20ac. J\u2019ai fait un stage en Autriche durant l\u2019automne, \u00e7a m\u2019a co\u00fbt\u00e9 3000\u20ac. C\u2019est toute une gestion financi\u00e8re \u00e0 avoir, comme une auto-entreprise. J\u2019essaye de faire en sorte que \u00e7a me revienne \u00e0 z\u00e9ro avant tout.<\/p>\n<h3 style=\"text-align: justify;\">Le t\u00e9l\u00e9mark souffre d&rsquo;un \u00e9vident manque de visibilit\u00e9, se traduisant par des diffusions rares des \u00e9preuves de Coupe du monde. Quelles sont les raisons de ces difficult\u00e9s ?<\/h3>\n<p style=\"text-align: justify;\">La <strong>couverture en live d\u2019une \u00e9preuve co\u00fbte 60 000\u20ac par jour<\/strong>. Les organisateurs ne peuvent donc pas forc\u00e9ment couvrir cette somme. De mon c\u00f4t\u00e9, j\u2019ai cr\u00e9\u00e9 un fan club avec mes amis, ma famille. Ils suivent les live timing, mais c\u2019est difficile de retranscrire notre sport par un temps, sans savoir ce qu\u2019il s\u2019est pass\u00e9. J\u2019\u00e9tais contente qu\u2019ils aient r\u00e9ussi \u00e0 en mettre un en Su\u00e8de parce que c\u2018\u00e9tait la premi\u00e8re fois qu\u2019ils me voyaient de la saison ! Les gens peuvent comprendre notre sport comme \u00e7a. Il y a aussi un photographe allou\u00e9 par la FIS, qui r\u00e9alise un boulot de dingue tout seul. On a toujours une photo de nous gr\u00e2ce \u00e0 lui. On manque de visibilit\u00e9 et il travaille dessus, mais les moyens financiers sont limit\u00e9s. Alors que c\u2019est un <strong>sport tr\u00e8s t\u00e9l\u00e9visuel<\/strong> s\u2019il est bien film\u00e9.<\/p>\n<p style=\"text-align: justify;\">En Norv\u00e8ge, il passe en clair sur les principales cha\u00eenes du pays, parce que c\u2019est un sport ancestral. Mais nous on n&rsquo;a pas eu ce d\u00e9clic. J\u2019ai fait des demandes aupr\u00e8s de banques et autres entreprises, mais il y a toujours les m\u00eames crit\u00e8res qui cassent tout espoir (liste minist\u00e9rielle et sport olympique). Si le t\u00e9l\u00e9mark devient un sport olympique, on serait automatiquement sur la liste minist\u00e9rielle, ce qui nous ouvrirait bien plus d\u2019aides. <strong>En ce moment, on a tous quelque chose \u00e0 c\u00f4t\u00e9, que ce soit un travail ou des \u00e9tudes.<\/strong><\/p>\n<p><span class=\"VaTl6yO82pHieQ7YjvJgWIALzvB4XUEZf6rlJdB0cwsFfP23FYpIwTnQhyDcPohom7XxqsL1NeCiZbD3RkWxR1\"><iframe loading=\"lazy\" title=\"LIVE | FIS Telemark World Cup \u00c5l (NOR)\" width=\"740\" height=\"416\" src=\"https:\/\/www.youtube.com\/embed\/CguZofeU28Y?feature=oembed\" frameborder=\"0\" allow=\"accelerometer; autoplay; clipboard-write; encrypted-media; gyroscope; picture-in-picture; web-share\" referrerpolicy=\"strict-origin-when-cross-origin\" allowfullscreen><\/iframe><\/span><\/p>\n<h3 style=\"text-align: justify;\">Comment as-tu d\u00e9couvert le t\u00e9l\u00e9mark, et qu\u2019est-ce qui t\u2019as pouss\u00e9 \u00e0 vouloir aller au plus haut en d\u00e9pit des difficult\u00e9s que cela comporte\u00a0?<\/h3>\n<p style=\"text-align: justify;\">J\u2019ai fait du ski \u00e0 la <strong>station de Plaine Joux<\/strong>, au <strong>Ski Club de Passy-Varan<\/strong>. Mon coach nous faisait essayer d\u2019autres disciplines afin de tester la dissociation ou l\u2019\u00e9quilibre. J\u2019avais bien aim\u00e9 ces initiations au t\u00e9l\u00e9mark, puis mon p\u00e8re a achet\u00e9 des skis \u00e0 ma m\u00e8re. On faisait \u00e0 peu pr\u00e8s la m\u00eame pointure donc j\u2019avais l\u2019occasion de lui piquer, jusqu\u2019au moment o\u00f9 je suis pass\u00e9 en \u00e9tudes sup\u00e9rieures. Je ne souhaitais pas arr\u00eater, donc je me suis dirig\u00e9 vers le t\u00e9l\u00e9mark. Je l\u2019ai d\u2019abord commenc\u00e9 en loisir, aux Contamines, \u00e0 l\u2019association <strong>Val Montjoie T\u00e9l\u00e9mark<\/strong>. Le coach m\u2019a ensuite lanc\u00e9 sur une course sans que je sache \u00e0 quoi m\u2019en tenir, mais j\u2019ai bien aim\u00e9 ! Puis, il m\u2019a propos\u00e9 les championnats de France, et j\u2019ai vraiment accroch\u00e9.<\/p>\n<p style=\"text-align: justify;\">Petit \u00e0 petit, j\u2019ai gravi les \u00e9chelons et je me suis mis \u00e0 r\u00eaver des \u00e9tapes de Coupe du monde. J\u2019ai boss\u00e9 physiquement pour arriver \u00e0 atteindre le niveau m\u00eame si j\u2019ai commenc\u00e9 tard. Je ne pouvais plus \u00eatre junior. J\u2019avais une copine qui avait gagn\u00e9 une m\u00e9daille en cristal et je voulais la m\u00eame, elle \u00e9tait magnifique, mais je ne pouvais plus ! Donc je me suis dit que je l\u2019aurais en s\u00e9nior. <strong>Cette m\u00e9daille, je l\u2019ai eue l\u2019ann\u00e9e derni\u00e8re en \u00e9tant 3\u00e8me mondiale<\/strong>, et c\u2019est cool d\u2019avoir la petite bo\u00eete rouge avec cette m\u00e9daille en cristal !<\/p>\n<p style=\"text-align: justify;\">M\u00eame si j\u2019ai arr\u00eat\u00e9 mes \u00e9tudes, je ne le regrette pas, \u00e7a a \u00e9t\u00e9 une <strong>\u00e9cole de la vie<\/strong>, et \u00e7a m\u2019a permis d\u2019apprendre tellement de choses par moi-m\u00eame : les sponsors, la communication\u2026 Je me suis m\u00eame retrouv\u00e9e aux Chronos d\u2019Or, o\u00f9 j\u2019\u00e9tais assise \u00e0 c\u00f4t\u00e9 des idoles de mes d\u00e9buts donc c\u2019est incroyable. Puis, c\u2019est tous simplement <strong>devenu une passion<\/strong>. La sensation est vraiment diff\u00e9rente du ski classique, elle est m\u00eame plus plaisante et plus physique au niveau des cuisses. L\u2019effort est vraiment complet, il y a du saut, du G\u00e9ant et du skating, donc <strong>il faut \u00eatre polyvalent pour remporter les courses<\/strong>. En plus, les p\u00e9nalit\u00e9s obligent \u00e0 \u00eatre propre, donc il faut \u00eatre au top partout.<\/p>\n","protected":false},"excerpt":{"rendered":"<p>T\u00c9L\u00c9MARK \u2013 Membre de l\u2019\u00c9quipe de France de t\u00e9l\u00e9mark depuis de longues ann\u00e9es, Laly Chaucheprat s\u2019est illustr\u00e9e au d\u00e9but du mois de f\u00e9vrier en remportant deux \u00e9tapes de Coupe du monde en 24h, \u00e0 Trillevallen. Avant d\u2019entamer une fin de saison dantesque marqu\u00e9e par les championnats du monde en France, l\u2019actuelle 5\u00e8me du classement g\u00e9n\u00e9ral s\u2019est confi\u00e9e en longueur sur sa saison, mais aussi les coulisses d\u2019une discipline qui souffre d\u2019un \u00e9vident manque de visibilit\u00e9.<\/p>\n","protected":false},"author":55,"featured_media":559996,"comment_status":"open","ping_status":"closed","sticky":false,"template":"","format":"standard","meta":{"_acf_changed":false,"_daextam_enable_autolinks":"1","footnotes":""},"categories":[45756],"tags":[16878,45038,13759,38374,45037,24,675],"class_list":["post-559978","post","type-post","status-publish","format-standard","has-post-thumbnail","hentry","category-telemark","tag-breve","tag-championnats-du-monde-telemark","tag-coupe-du-monde-de-telemark","tag-laly-chaucheprat","tag-mondiaux-telemark","tag-sport","tag-telemark"],"acf":[],"yoast_head":"<!-- This site is optimized with the Yoast SEO Premium plugin v26.7 (Yoast SEO v26.7) - https:\/\/yoast.com\/wordpress\/plugins\/seo\/ -->\n<title>Laly Chaucheprat (T\u00e9l\u00e9mark)\u00a0: &quot;On manque de visibilit\u00e9 alors que c&#039;est un sport tr\u00e8s t\u00e9l\u00e9visuel&quot;<\/title>\n<meta name=\"description\" content=\"T\u00e9l\u00e9mark - Membre de l&#039;\u00c9quipe de France, Laly Chaucheprat s&#039;est confi\u00e9e sur sa saison, mais aussi diff\u00e9rents aspects de son sport.\" \/>\n<meta name=\"robots\" content=\"index, follow, max-snippet:-1, max-image-preview:large, max-video-preview:-1\" \/>\n<link rel=\"canonical\" href=\"https:\/\/dicodusport.fr\/blog\/laly-chaucheprat-telemark-on-manque-de-visibilite-alors-que-cest-un-sport-tres-televisuel\/\" \/>\n<meta property=\"og:locale\" content=\"fr_FR\" \/>\n<meta property=\"og:type\" content=\"article\" \/>\n<meta property=\"og:title\" content=\"Laly Chaucheprat (T\u00e9l\u00e9mark)\u00a0: &quot;On manque de visibilit\u00e9 alors que c&#039;est un sport tr\u00e8s t\u00e9l\u00e9visuel&quot;\" \/>\n<meta property=\"og:description\" content=\"T\u00e9l\u00e9mark - Membre de l&#039;\u00c9quipe de France, Laly Chaucheprat s&#039;est confi\u00e9e sur sa saison, mais aussi diff\u00e9rents aspects de son sport.\" \/>\n<meta property=\"og:url\" content=\"https:\/\/dicodusport.fr\/blog\/laly-chaucheprat-telemark-on-manque-de-visibilite-alors-que-cest-un-sport-tres-televisuel\/\" \/>\n<meta property=\"og:site_name\" content=\"Dicodusport\" \/>\n<meta property=\"article:publisher\" content=\"https:\/\/www.facebook.com\/dicodusport\" \/>\n<meta property=\"article:published_time\" content=\"2025-03-03T15:00:59+00:00\" \/>\n<meta property=\"article:modified_time\" content=\"2025-04-03T12:19:06+00:00\" \/>\n<meta property=\"og:image\" content=\"https:\/\/dicodusport.fr\/blog\/wp-content\/uploads\/2025\/02\/Laly-Chaucheprat-Telemark-On-manque-de-visibilite-alors-que-cest-un-sport-tres-televisuel.png\" \/>\n\t<meta property=\"og:image:width\" content=\"1200\" \/>\n\t<meta property=\"og:image:height\" content=\"674\" \/>\n\t<meta property=\"og:image:type\" content=\"image\/png\" \/>\n<meta name=\"author\" content=\"Maxime Cazenave\" \/>\n<meta name=\"twitter:card\" content=\"summary_large_image\" \/>\n<meta name=\"twitter:title\" content=\"Laly Chaucheprat (T\u00e9l\u00e9mark)\u00a0: &quot;On manque de visibilit\u00e9 alors que c&#039;est un sport tr\u00e8s t\u00e9l\u00e9visuel&quot;\" \/>\n<meta name=\"twitter:creator\" content=\"@https:\/\/twitter.com\/Maxime_Caze\" \/>\n<meta name=\"twitter:site\" content=\"@dicodusport\" \/>\n<script type=\"application\/ld+json\" class=\"yoast-schema-graph\">{\"@context\":\"https:\/\/schema.org\",\"@graph\":[{\"@type\":\"NewsArticle\",\"@id\":\"https:\/\/dicodusport.fr\/blog\/laly-chaucheprat-telemark-on-manque-de-visibilite-alors-que-cest-un-sport-tres-televisuel\/#article\",\"isPartOf\":{\"@id\":\"https:\/\/dicodusport.fr\/blog\/laly-chaucheprat-telemark-on-manque-de-visibilite-alors-que-cest-un-sport-tres-televisuel\/\"},\"author\":{\"name\":\"Maxime Cazenave\",\"@id\":\"https:\/\/dicodusport.fr\/blog\/#\/schema\/person\/37def232098a7a5cbab3974a3690abb0\"},\"headline\":\"Laly Chaucheprat (T\u00e9l\u00e9mark)\u00a0: \u00ab\u00a0On manque de visibilit\u00e9 alors que c&rsquo;est un sport tr\u00e8s t\u00e9l\u00e9visuel\u00a0\u00bb\",\"datePublished\":\"2025-03-03T15:00:59+00:00\",\"dateModified\":\"2025-04-03T12:19:06+00:00\",\"mainEntityOfPage\":{\"@id\":\"https:\/\/dicodusport.fr\/blog\/laly-chaucheprat-telemark-on-manque-de-visibilite-alors-que-cest-un-sport-tres-televisuel\/\"},\"wordCount\":2840,\"commentCount\":0,\"publisher\":{\"@id\":\"https:\/\/dicodusport.fr\/blog\/#organization\"},\"image\":{\"@id\":\"https:\/\/dicodusport.fr\/blog\/laly-chaucheprat-telemark-on-manque-de-visibilite-alors-que-cest-un-sport-tres-televisuel\/#primaryimage\"},\"thumbnailUrl\":\"https:\/\/dicodusport.fr\/blog\/wp-content\/uploads\/2025\/02\/Laly-Chaucheprat-Telemark-On-manque-de-visibilite-alors-que-cest-un-sport-tres-televisuel.png\",\"keywords\":[\"br\u00e8ve\",\"championnats du monde t\u00e9l\u00e9mark\",\"Coupe du monde de t\u00e9l\u00e9mark\",\"Laly Chaucheprat\",\"mondiaux T\u00e9l\u00e9mark\",\"sport\",\"T\u00e9l\u00e9mark\"],\"articleSection\":[\"T\u00e9l\u00e9mark\"],\"inLanguage\":\"fr-FR\",\"potentialAction\":[{\"@type\":\"CommentAction\",\"name\":\"Comment\",\"target\":[\"https:\/\/dicodusport.fr\/blog\/laly-chaucheprat-telemark-on-manque-de-visibilite-alors-que-cest-un-sport-tres-televisuel\/#respond\"]}],\"copyrightYear\":\"2025\",\"copyrightHolder\":{\"@id\":\"https:\/\/dicodusport.fr\/blog\/#organization\"}},{\"@type\":\"WebPage\",\"@id\":\"https:\/\/dicodusport.fr\/blog\/laly-chaucheprat-telemark-on-manque-de-visibilite-alors-que-cest-un-sport-tres-televisuel\/\",\"url\":\"https:\/\/dicodusport.fr\/blog\/laly-chaucheprat-telemark-on-manque-de-visibilite-alors-que-cest-un-sport-tres-televisuel\/\",\"name\":\"Laly Chaucheprat (T\u00e9l\u00e9mark)\u00a0: \\\"On manque de visibilit\u00e9 alors que c'est un sport tr\u00e8s t\u00e9l\u00e9visuel\\\"\",\"isPartOf\":{\"@id\":\"https:\/\/dicodusport.fr\/blog\/#website\"},\"primaryImageOfPage\":{\"@id\":\"https:\/\/dicodusport.fr\/blog\/laly-chaucheprat-telemark-on-manque-de-visibilite-alors-que-cest-un-sport-tres-televisuel\/#primaryimage\"},\"image\":{\"@id\":\"https:\/\/dicodusport.fr\/blog\/laly-chaucheprat-telemark-on-manque-de-visibilite-alors-que-cest-un-sport-tres-televisuel\/#primaryimage\"},\"thumbnailUrl\":\"https:\/\/dicodusport.fr\/blog\/wp-content\/uploads\/2025\/02\/Laly-Chaucheprat-Telemark-On-manque-de-visibilite-alors-que-cest-un-sport-tres-televisuel.png\",\"datePublished\":\"2025-03-03T15:00:59+00:00\",\"dateModified\":\"2025-04-03T12:19:06+00:00\",\"description\":\"T\u00e9l\u00e9mark - Membre de l'\u00c9quipe de France, Laly Chaucheprat s'est confi\u00e9e sur sa saison, mais aussi diff\u00e9rents aspects de son sport.\",\"breadcrumb\":{\"@id\":\"https:\/\/dicodusport.fr\/blog\/laly-chaucheprat-telemark-on-manque-de-visibilite-alors-que-cest-un-sport-tres-televisuel\/#breadcrumb\"},\"inLanguage\":\"fr-FR\",\"potentialAction\":[{\"@type\":\"ReadAction\",\"target\":[\"https:\/\/dicodusport.fr\/blog\/laly-chaucheprat-telemark-on-manque-de-visibilite-alors-que-cest-un-sport-tres-televisuel\/\"]}]},{\"@type\":\"ImageObject\",\"inLanguage\":\"fr-FR\",\"@id\":\"https:\/\/dicodusport.fr\/blog\/laly-chaucheprat-telemark-on-manque-de-visibilite-alors-que-cest-un-sport-tres-televisuel\/#primaryimage\",\"url\":\"https:\/\/dicodusport.fr\/blog\/wp-content\/uploads\/2025\/02\/Laly-Chaucheprat-Telemark-On-manque-de-visibilite-alors-que-cest-un-sport-tres-televisuel.png\",\"contentUrl\":\"https:\/\/dicodusport.fr\/blog\/wp-content\/uploads\/2025\/02\/Laly-Chaucheprat-Telemark-On-manque-de-visibilite-alors-que-cest-un-sport-tres-televisuel.png\",\"width\":1200,\"height\":674,\"caption\":\"Laly Chaucheprat (T\u00e9l\u00e9mark)\u00a0: \u00ab\u00a0On manque de visibilit\u00e9 alors que c'est un sport tr\u00e8s t\u00e9l\u00e9visuel \\\"\"},{\"@type\":\"BreadcrumbList\",\"@id\":\"https:\/\/dicodusport.fr\/blog\/laly-chaucheprat-telemark-on-manque-de-visibilite-alors-que-cest-un-sport-tres-televisuel\/#breadcrumb\",\"itemListElement\":[{\"@type\":\"ListItem\",\"position\":1,\"name\":\"Accueil\",\"item\":\"https:\/\/dicodusport.fr\/blog\/\"},{\"@type\":\"ListItem\",\"position\":2,\"name\":\"Laly Chaucheprat (T\u00e9l\u00e9mark)\u00a0: \u00ab\u00a0On manque de visibilit\u00e9 alors que c&rsquo;est un sport tr\u00e8s t\u00e9l\u00e9visuel\u00a0\u00bb\"}]},{\"@type\":\"WebSite\",\"@id\":\"https:\/\/dicodusport.fr\/blog\/#website\",\"url\":\"https:\/\/dicodusport.fr\/blog\/\",\"name\":\"Dicodusport\",\"description\":\"L&#039;encyclop\u00e9die de l&#039;actualit\u00e9 sportive\",\"publisher\":{\"@id\":\"https:\/\/dicodusport.fr\/blog\/#organization\"},\"potentialAction\":[{\"@type\":\"SearchAction\",\"target\":{\"@type\":\"EntryPoint\",\"urlTemplate\":\"https:\/\/dicodusport.fr\/blog\/?s={search_term_string}\"},\"query-input\":{\"@type\":\"PropertyValueSpecification\",\"valueRequired\":true,\"valueName\":\"search_term_string\"}}],\"inLanguage\":\"fr-FR\"},{\"@type\":\"NewsMediaOrganization\",\"@id\":\"https:\/\/dicodusport.fr\/blog\/#organization\",\"name\":\"Dicodusport\",\"url\":\"https:\/\/dicodusport.fr\/blog\/\",\"logo\":{\"@type\":\"ImageObject\",\"inLanguage\":\"fr-FR\",\"@id\":\"https:\/\/dicodusport.fr\/blog\/#\/schema\/logo\/image\/\",\"url\":\"https:\/\/dicodusport.fr\/blog\/wp-content\/uploads\/2020\/06\/cropped-LOGO-DICODUSPORT-2020-SANS-FOND-SANS-TEXTE.png\",\"contentUrl\":\"https:\/\/dicodusport.fr\/blog\/wp-content\/uploads\/2020\/06\/cropped-LOGO-DICODUSPORT-2020-SANS-FOND-SANS-TEXTE.png\",\"width\":512,\"height\":512,\"caption\":\"Dicodusport\"},\"image\":{\"@id\":\"https:\/\/dicodusport.fr\/blog\/#\/schema\/logo\/image\/\"},\"sameAs\":[\"https:\/\/www.facebook.com\/dicodusport\",\"https:\/\/x.com\/dicodusport\",\"https:\/\/www.instagram.com\/dicodusport\/\",\"https:\/\/www.youtube.com\/channel\/UC7V2KZ5sd3htJivAbA4ZG3w\"],\"description\":\"Dicodusport est l'encyclop\u00e9die de l'actualit\u00e9 sportive.\",\"email\":\"bonjour@dicodusport.fr\",\"legalName\":\"DICODUSPORT\",\"foundingDate\":\"2018-01-14\",\"vatID\":\"FR71834470973\",\"taxID\":\"83447097300043\",\"numberOfEmployees\":{\"@type\":\"QuantitativeValue\",\"minValue\":\"1\",\"maxValue\":\"10\"}},{\"@type\":\"Person\",\"@id\":\"https:\/\/dicodusport.fr\/blog\/#\/schema\/person\/37def232098a7a5cbab3974a3690abb0\",\"name\":\"Maxime Cazenave\",\"image\":{\"@type\":\"ImageObject\",\"inLanguage\":\"fr-FR\",\"@id\":\"https:\/\/dicodusport.fr\/blog\/#\/schema\/person\/image\/\",\"url\":\"https:\/\/dicodusport.fr\/blog\/wp-content\/uploads\/2021\/05\/Maxime-Cazenave-150x150.jpg\",\"contentUrl\":\"https:\/\/dicodusport.fr\/blog\/wp-content\/uploads\/2021\/05\/Maxime-Cazenave-150x150.jpg\",\"caption\":\"Maxime Cazenave\"},\"description\":\"Journaliste\/R\u00e9dacteur depuis 2012 - Berc\u00e9 par l\u2019amour des Girondins de Bordeaux, les \u00e9checs de Christophe Moreau sur le Tour de France sous l'\u00e8re Lance Armstrong et le fade-away l\u00e9tal de Dirk Nowitzki, ma passion d\u00e9vorante pour le sport a toujours \u00e9t\u00e9 un pan incontournable de ma vie. Transmettre ma passion \u00e0 l\u2019\u00e9crit a \u00e9t\u00e9 une transition naturelle. Suiveur assidu de basket et de hockey sur glace, je garde toujours un peu de place pour suivre le cyclisme, le football et le maximum de performances fran\u00e7aises.\",\"sameAs\":[\"https:\/\/x.com\/https:\/\/twitter.com\/Maxime_Caze\"],\"url\":\"https:\/\/dicodusport.fr\/blog\/author\/maximec\/\"}]}<\/script>\n<!-- \/ Yoast SEO Premium plugin. -->","yoast_head_json":{"title":"Laly Chaucheprat (T\u00e9l\u00e9mark)\u00a0: \"On manque de visibilit\u00e9 alors que c'est un sport tr\u00e8s t\u00e9l\u00e9visuel\"","description":"T\u00e9l\u00e9mark - Membre de l'\u00c9quipe de France, Laly Chaucheprat s'est confi\u00e9e sur sa saison, mais aussi diff\u00e9rents aspects de son sport.","robots":{"index":"index","follow":"follow","max-snippet":"max-snippet:-1","max-image-preview":"max-image-preview:large","max-video-preview":"max-video-preview:-1"},"canonical":"https:\/\/dicodusport.fr\/blog\/laly-chaucheprat-telemark-on-manque-de-visibilite-alors-que-cest-un-sport-tres-televisuel\/","og_locale":"fr_FR","og_type":"article","og_title":"Laly Chaucheprat (T\u00e9l\u00e9mark)\u00a0: \"On manque de visibilit\u00e9 alors que c'est un sport tr\u00e8s t\u00e9l\u00e9visuel\"","og_description":"T\u00e9l\u00e9mark - Membre de l'\u00c9quipe de France, Laly Chaucheprat s'est confi\u00e9e sur sa saison, mais aussi diff\u00e9rents aspects de son sport.","og_url":"https:\/\/dicodusport.fr\/blog\/laly-chaucheprat-telemark-on-manque-de-visibilite-alors-que-cest-un-sport-tres-televisuel\/","og_site_name":"Dicodusport","article_publisher":"https:\/\/www.facebook.com\/dicodusport","article_published_time":"2025-03-03T15:00:59+00:00","article_modified_time":"2025-04-03T12:19:06+00:00","og_image":[{"width":1200,"height":674,"url":"https:\/\/dicodusport.fr\/blog\/wp-content\/uploads\/2025\/02\/Laly-Chaucheprat-Telemark-On-manque-de-visibilite-alors-que-cest-un-sport-tres-televisuel.png","type":"image\/png"}],"author":"Maxime Cazenave","twitter_card":"summary_large_image","twitter_title":"Laly Chaucheprat (T\u00e9l\u00e9mark)\u00a0: \"On manque de visibilit\u00e9 alors que c'est un sport tr\u00e8s t\u00e9l\u00e9visuel\"","twitter_creator":"@https:\/\/twitter.com\/Maxime_Caze","twitter_site":"@dicodusport","schema":{"@context":"https:\/\/schema.org","@graph":[{"@type":"NewsArticle","@id":"https:\/\/dicodusport.fr\/blog\/laly-chaucheprat-telemark-on-manque-de-visibilite-alors-que-cest-un-sport-tres-televisuel\/#article","isPartOf":{"@id":"https:\/\/dicodusport.fr\/blog\/laly-chaucheprat-telemark-on-manque-de-visibilite-alors-que-cest-un-sport-tres-televisuel\/"},"author":{"name":"Maxime Cazenave","@id":"https:\/\/dicodusport.fr\/blog\/#\/schema\/person\/37def232098a7a5cbab3974a3690abb0"},"headline":"Laly Chaucheprat (T\u00e9l\u00e9mark)\u00a0: \u00ab\u00a0On manque de visibilit\u00e9 alors que c&rsquo;est un sport tr\u00e8s t\u00e9l\u00e9visuel\u00a0\u00bb","datePublished":"2025-03-03T15:00:59+00:00","dateModified":"2025-04-03T12:19:06+00:00","mainEntityOfPage":{"@id":"https:\/\/dicodusport.fr\/blog\/laly-chaucheprat-telemark-on-manque-de-visibilite-alors-que-cest-un-sport-tres-televisuel\/"},"wordCount":2840,"commentCount":0,"publisher":{"@id":"https:\/\/dicodusport.fr\/blog\/#organization"},"image":{"@id":"https:\/\/dicodusport.fr\/blog\/laly-chaucheprat-telemark-on-manque-de-visibilite-alors-que-cest-un-sport-tres-televisuel\/#primaryimage"},"thumbnailUrl":"https:\/\/dicodusport.fr\/blog\/wp-content\/uploads\/2025\/02\/Laly-Chaucheprat-Telemark-On-manque-de-visibilite-alors-que-cest-un-sport-tres-televisuel.png","keywords":["br\u00e8ve","championnats du monde t\u00e9l\u00e9mark","Coupe du monde de t\u00e9l\u00e9mark","Laly Chaucheprat","mondiaux T\u00e9l\u00e9mark","sport","T\u00e9l\u00e9mark"],"articleSection":["T\u00e9l\u00e9mark"],"inLanguage":"fr-FR","potentialAction":[{"@type":"CommentAction","name":"Comment","target":["https:\/\/dicodusport.fr\/blog\/laly-chaucheprat-telemark-on-manque-de-visibilite-alors-que-cest-un-sport-tres-televisuel\/#respond"]}],"copyrightYear":"2025","copyrightHolder":{"@id":"https:\/\/dicodusport.fr\/blog\/#organization"}},{"@type":"WebPage","@id":"https:\/\/dicodusport.fr\/blog\/laly-chaucheprat-telemark-on-manque-de-visibilite-alors-que-cest-un-sport-tres-televisuel\/","url":"https:\/\/dicodusport.fr\/blog\/laly-chaucheprat-telemark-on-manque-de-visibilite-alors-que-cest-un-sport-tres-televisuel\/","name":"Laly Chaucheprat (T\u00e9l\u00e9mark)\u00a0: \"On manque de visibilit\u00e9 alors que c'est un sport tr\u00e8s t\u00e9l\u00e9visuel\"","isPartOf":{"@id":"https:\/\/dicodusport.fr\/blog\/#website"},"primaryImageOfPage":{"@id":"https:\/\/dicodusport.fr\/blog\/laly-chaucheprat-telemark-on-manque-de-visibilite-alors-que-cest-un-sport-tres-televisuel\/#primaryimage"},"image":{"@id":"https:\/\/dicodusport.fr\/blog\/laly-chaucheprat-telemark-on-manque-de-visibilite-alors-que-cest-un-sport-tres-televisuel\/#primaryimage"},"thumbnailUrl":"https:\/\/dicodusport.fr\/blog\/wp-content\/uploads\/2025\/02\/Laly-Chaucheprat-Telemark-On-manque-de-visibilite-alors-que-cest-un-sport-tres-televisuel.png","datePublished":"2025-03-03T15:00:59+00:00","dateModified":"2025-04-03T12:19:06+00:00","description":"T\u00e9l\u00e9mark - Membre de l'\u00c9quipe de France, Laly Chaucheprat s'est confi\u00e9e sur sa saison, mais aussi diff\u00e9rents aspects de son sport.","breadcrumb":{"@id":"https:\/\/dicodusport.fr\/blog\/laly-chaucheprat-telemark-on-manque-de-visibilite-alors-que-cest-un-sport-tres-televisuel\/#breadcrumb"},"inLanguage":"fr-FR","potentialAction":[{"@type":"ReadAction","target":["https:\/\/dicodusport.fr\/blog\/laly-chaucheprat-telemark-on-manque-de-visibilite-alors-que-cest-un-sport-tres-televisuel\/"]}]},{"@type":"ImageObject","inLanguage":"fr-FR","@id":"https:\/\/dicodusport.fr\/blog\/laly-chaucheprat-telemark-on-manque-de-visibilite-alors-que-cest-un-sport-tres-televisuel\/#primaryimage","url":"https:\/\/dicodusport.fr\/blog\/wp-content\/uploads\/2025\/02\/Laly-Chaucheprat-Telemark-On-manque-de-visibilite-alors-que-cest-un-sport-tres-televisuel.png","contentUrl":"https:\/\/dicodusport.fr\/blog\/wp-content\/uploads\/2025\/02\/Laly-Chaucheprat-Telemark-On-manque-de-visibilite-alors-que-cest-un-sport-tres-televisuel.png","width":1200,"height":674,"caption":"Laly Chaucheprat (T\u00e9l\u00e9mark)\u00a0: \u00ab\u00a0On manque de visibilit\u00e9 alors que c'est un sport tr\u00e8s t\u00e9l\u00e9visuel \""},{"@type":"BreadcrumbList","@id":"https:\/\/dicodusport.fr\/blog\/laly-chaucheprat-telemark-on-manque-de-visibilite-alors-que-cest-un-sport-tres-televisuel\/#breadcrumb","itemListElement":[{"@type":"ListItem","position":1,"name":"Accueil","item":"https:\/\/dicodusport.fr\/blog\/"},{"@type":"ListItem","position":2,"name":"Laly Chaucheprat (T\u00e9l\u00e9mark)\u00a0: \u00ab\u00a0On manque de visibilit\u00e9 alors que c&rsquo;est un sport tr\u00e8s t\u00e9l\u00e9visuel\u00a0\u00bb"}]},{"@type":"WebSite","@id":"https:\/\/dicodusport.fr\/blog\/#website","url":"https:\/\/dicodusport.fr\/blog\/","name":"Dicodusport","description":"L&#039;encyclop\u00e9die de l&#039;actualit\u00e9 sportive","publisher":{"@id":"https:\/\/dicodusport.fr\/blog\/#organization"},"potentialAction":[{"@type":"SearchAction","target":{"@type":"EntryPoint","urlTemplate":"https:\/\/dicodusport.fr\/blog\/?s={search_term_string}"},"query-input":{"@type":"PropertyValueSpecification","valueRequired":true,"valueName":"search_term_string"}}],"inLanguage":"fr-FR"},{"@type":"NewsMediaOrganization","@id":"https:\/\/dicodusport.fr\/blog\/#organization","name":"Dicodusport","url":"https:\/\/dicodusport.fr\/blog\/","logo":{"@type":"ImageObject","inLanguage":"fr-FR","@id":"https:\/\/dicodusport.fr\/blog\/#\/schema\/logo\/image\/","url":"https:\/\/dicodusport.fr\/blog\/wp-content\/uploads\/2020\/06\/cropped-LOGO-DICODUSPORT-2020-SANS-FOND-SANS-TEXTE.png","contentUrl":"https:\/\/dicodusport.fr\/blog\/wp-content\/uploads\/2020\/06\/cropped-LOGO-DICODUSPORT-2020-SANS-FOND-SANS-TEXTE.png","width":512,"height":512,"caption":"Dicodusport"},"image":{"@id":"https:\/\/dicodusport.fr\/blog\/#\/schema\/logo\/image\/"},"sameAs":["https:\/\/www.facebook.com\/dicodusport","https:\/\/x.com\/dicodusport","https:\/\/www.instagram.com\/dicodusport\/","https:\/\/www.youtube.com\/channel\/UC7V2KZ5sd3htJivAbA4ZG3w"],"description":"Dicodusport est l'encyclop\u00e9die de l'actualit\u00e9 sportive.","email":"bonjour@dicodusport.fr","legalName":"DICODUSPORT","foundingDate":"2018-01-14","vatID":"FR71834470973","taxID":"83447097300043","numberOfEmployees":{"@type":"QuantitativeValue","minValue":"1","maxValue":"10"}},{"@type":"Person","@id":"https:\/\/dicodusport.fr\/blog\/#\/schema\/person\/37def232098a7a5cbab3974a3690abb0","name":"Maxime Cazenave","image":{"@type":"ImageObject","inLanguage":"fr-FR","@id":"https:\/\/dicodusport.fr\/blog\/#\/schema\/person\/image\/","url":"https:\/\/dicodusport.fr\/blog\/wp-content\/uploads\/2021\/05\/Maxime-Cazenave-150x150.jpg","contentUrl":"https:\/\/dicodusport.fr\/blog\/wp-content\/uploads\/2021\/05\/Maxime-Cazenave-150x150.jpg","caption":"Maxime Cazenave"},"description":"Journaliste\/R\u00e9dacteur depuis 2012 - Berc\u00e9 par l\u2019amour des Girondins de Bordeaux, les \u00e9checs de Christophe Moreau sur le Tour de France sous l'\u00e8re Lance Armstrong et le fade-away l\u00e9tal de Dirk Nowitzki, ma passion d\u00e9vorante pour le sport a toujours \u00e9t\u00e9 un pan incontournable de ma vie. Transmettre ma passion \u00e0 l\u2019\u00e9crit a \u00e9t\u00e9 une transition naturelle. Suiveur assidu de basket et de hockey sur glace, je garde toujours un peu de place pour suivre le cyclisme, le football et le maximum de performances fran\u00e7aises.","sameAs":["https:\/\/x.com\/https:\/\/twitter.com\/Maxime_Caze"],"url":"https:\/\/dicodusport.fr\/blog\/author\/maximec\/"}]}},"_links":{"self":[{"href":"https:\/\/dicodusport.fr\/blog\/wp-json\/wp\/v2\/posts\/559978","targetHints":{"allow":["GET"]}}],"collection":[{"href":"https:\/\/dicodusport.fr\/blog\/wp-json\/wp\/v2\/posts"}],"about":[{"href":"https:\/\/dicodusport.fr\/blog\/wp-json\/wp\/v2\/types\/post"}],"author":[{"embeddable":true,"href":"https:\/\/dicodusport.fr\/blog\/wp-json\/wp\/v2\/users\/55"}],"replies":[{"embeddable":true,"href":"https:\/\/dicodusport.fr\/blog\/wp-json\/wp\/v2\/comments?post=559978"}],"version-history":[{"count":5,"href":"https:\/\/dicodusport.fr\/blog\/wp-json\/wp\/v2\/posts\/559978\/revisions"}],"predecessor-version":[{"id":560033,"href":"https:\/\/dicodusport.fr\/blog\/wp-json\/wp\/v2\/posts\/559978\/revisions\/560033"}],"wp:featuredmedia":[{"embeddable":true,"href":"https:\/\/dicodusport.fr\/blog\/wp-json\/wp\/v2\/media\/559996"}],"wp:attachment":[{"href":"https:\/\/dicodusport.fr\/blog\/wp-json\/wp\/v2\/media?parent=559978"}],"wp:term":[{"taxonomy":"category","embeddable":true,"href":"https:\/\/dicodusport.fr\/blog\/wp-json\/wp\/v2\/categories?post=559978"},{"taxonomy":"post_tag","embeddable":true,"href":"https:\/\/dicodusport.fr\/blog\/wp-json\/wp\/v2\/tags?post=559978"}],"curies":[{"name":"wp","href":"https:\/\/api.w.org\/{rel}","templated":true}]}}